{"id":11084,"date":"2019-09-10T12:32:16","date_gmt":"2019-09-10T15:32:16","guid":{"rendered":"https:\/\/beduka.com\/blog\/?p=11084"},"modified":"2019-10-09T15:18:54","modified_gmt":"2019-10-09T18:18:54","slug":"o-que-e-aliteracao","status":"publish","type":"post","link":"https:\/\/beduka.com\/blog\/materias\/portugues\/o-que-e-aliteracao\/","title":{"rendered":"O que \u00e9 Alitera\u00e7\u00e3o?"},"content":{"rendered":"\n<blockquote class=\"wp-block-quote\"><p><strong><em>A alitera\u00e7\u00e3o \u00e9 uma figura de linguagem de som que consiste na repeti\u00e7\u00e3o consonantal, isto \u00e9, a repeti\u00e7\u00e3o de consoantes em uma frase, texto ou enunciado.<\/em><\/strong><br><\/p><\/blockquote>\n\n\n\n<p>O Beduka preparou esse artigo para tirar suas d\u00favidas sobre o que \u00e9 Alitera\u00e7\u00e3o e te ajudar a se preparar para o ENEM e outros vestibulares.<br><\/p>\n\n\n\n<p>Aproveite e veja o <a href=\"https:\/\/beduka.com\/blog\/materias\/redacao\/redacao-dissertativa-argumentativa\/\" target=\"_blank\" rel=\"noreferrer noopener\" aria-label=\" (abre numa nova aba)\">Guia Completo da Reda\u00e7\u00e3o Dissertativa Argumentativa<\/a>, onde explicamos tudo que voc\u00ea precisa saber para fazer um bom texto na hora da prova.<br><\/p>\n\n\n\n<p>Confira o artigo completo sobre <a href=\"https:\/\/beduka.com\/blog\/materias\/portugues\/principais-figuras-linguagem\/\" target=\"_blank\" rel=\"noreferrer noopener\" aria-label=\" (abre numa nova aba)\">Figuras de Linguagem<\/a>.<br><\/p>\n\n\n\n<p>Nesse artigo vamos falar sobre:<br><\/p>\n\n\n\n<ul><li>O que \u00e9 Alitera\u00e7\u00e3o;<\/li><li>Alitera\u00e7\u00e3o e Asson\u00e2ncia;<\/li><li>Exemplos de Alitera\u00e7\u00e3o.<\/li><\/ul>\n\n\n\n<h2 class=\"wp-block-heading\">O que \u00e9 Figura de Linguagem?<\/h2>\n\n\n\n<p><strong>Figuras de linguagem<\/strong> s\u00e3o estrat\u00e9gias que o orador ou escritor usa para<strong> tornar a mensagem que ele transmite mais expressiva<\/strong>. As figuras de linguagem s\u00e3o importantes pois, sabendo identific\u00e1-las, \u00e9 poss\u00edvel interpretar melhor as diversas variedades de texto.<br><\/p>\n\n\n\n<p>Compreender e saber usar as figuras de linguagem possibilita o <strong>uso mais eficiente da linguagem como fen\u00f4meno social<\/strong>, ajudando a perceber o simbolismo de alguns textos e obras liter\u00e1rias, por exemplo.<br><\/p>\n\n\n\n<p>As figuras de linguagem podem ser divididas em quatro tipos:<br><\/p>\n\n\n\n<ul><li>Figuras de som;<\/li><li>Figuras de constru\u00e7\u00e3o (ou Sintaxe);<\/li><li>Figuras de pensamento;<\/li><li>Figuras de palavras.<\/li><\/ul>\n\n\n\n<p>N\u00e3o deixe de conferir nossos <a href=\"https:\/\/beduka.com\/blog\/exercicios\/portugues-exercicios\/exercicios-de-figuras-de-linguagem\/\" target=\"_blank\" rel=\"noreferrer noopener\" aria-label=\" (abre numa nova aba)\">exerc\u00edcios de Figuras de Linguagem<\/a>.<br><\/p>\n\n\n\n<h2 class=\"wp-block-heading\">O que \u00e9 Alitera\u00e7\u00e3o?<\/h2>\n\n\n\n<p>A <strong>alitera\u00e7\u00e3o <\/strong>\u00e9 uma figura de linguagem de som que \u00e9 definida como a <strong>repeti\u00e7\u00e3o de sons consonantais em uma frase<\/strong>, texto ou enunciado. Podemos dizer que esses sons s\u00e3o semelhantes ou iguais e, normalmente, est\u00e3o presentes no come\u00e7o da palavra, mas podem estar localizados no meio ou no fim da palavra.<br><\/p>\n\n\n\n<p>A alitera\u00e7\u00e3o \u00e9 fundamentada na <strong>sonoridade que as consoantes posicionadas<\/strong> proporcionam. Ela diz respeito \u00e0 <strong>alternativa lingu\u00edstica<\/strong> que \u00e9 utilizada estrategicamente para tornar o ritmo mais intenso e <strong>dar \u00eanfase ao texto<\/strong> atrav\u00e9s do efeito sonoro.<br><\/p>\n\n\n\n<p>Portanto, podemos definir a alitera\u00e7\u00e3o como sendo um recurso utilizado, principalmente, em textos po\u00e9ticos para dar \u00eanfase e expressividade a eles.<br><\/p>\n\n\n\n<h2 class=\"wp-block-heading\">Alitera\u00e7\u00e3o e Asson\u00e2ncia<\/h2>\n\n\n\n<p>A <strong>alitera\u00e7\u00e3o <\/strong>pode ser comumente confundida com a <strong>asson\u00e2ncia<\/strong>. Contudo, estas apresentam diferen\u00e7as cruciais: enquanto a alitera\u00e7\u00e3o consiste na <strong>repeti\u00e7\u00e3o de consoantes<\/strong>, a asson\u00e2ncia \u00e9 a <strong>repeti\u00e7\u00e3o de sons voc\u00e1licos<\/strong> (vogais).<br><\/p>\n\n\n\n<p><strong>Exemplos:<\/strong><br><\/p>\n\n\n\n<ul><li><strong>Alitera\u00e7\u00e3o:<\/strong> \u201cChove chuva\u201d (repeti\u00e7\u00e3o das consoantes \u201cch\u201d);<\/li><\/ul>\n\n\n\n<ul><li><strong>Asson\u00e2ncia:<\/strong> \u201c\u00c9 a paix\u00e3o do meu cora\u00e7\u00e3o\u201d (repeti\u00e7\u00e3o das vogais \u201c\u00e3o\u201d).<\/li><\/ul>\n\n\n\n<p>N\u00e3o deixe de conferir o artigo completo sobre <a href=\"https:\/\/beduka.com\/blog\/materias\/portugues\/vicios-de-linguagem\/\" target=\"_blank\" rel=\"noreferrer noopener\" aria-label=\" (abre numa nova aba)\">V\u00edcios de Linguagem<\/a>.<br><\/p>\n\n\n\n<h2 class=\"wp-block-heading\">Exemplos de Alitera\u00e7\u00e3o<\/h2>\n\n\n\n<ul><li>\u201cQuem com ferro fere com ferro ser\u00e1 ferido.\u201d &#8211; repeti\u00e7\u00e3o da consoante \u201cf\u201d.<\/li><\/ul>\n\n\n\n<ul><li>\u201cO sabi\u00e1 n\u00e3o sabia que o s\u00e1bio sabia que o sabi\u00e1 n\u00e3o sabia assobiar.\u201d &#8211; repeti\u00e7\u00e3o da consoante \u201cs\u201d.<\/li><\/ul>\n\n\n\n<ul><li>\u201cVoou o vento, \u00e9 a voz do vulc\u00e3o vivo\u201d &#8211; repeti\u00e7\u00e3o da consoante \u201cv\u201d.<\/li><\/ul>\n\n\n\n<ul><li>\u201cO rato roeu a roupa do rei de Roma.\u201d &#8211; repeti\u00e7\u00e3o da consoante \u201cr\u201d.<\/li><\/ul>\n\n\n\n<p>Al\u00e9m de aprender sobre o que \u00e9 Alitera\u00e7\u00e3o voc\u00ea pode testar seus conhecimentos de outras mat\u00e9rias respondendo algumas quest\u00f5es que ca\u00edram em edi\u00e7\u00f5es antigas do Exame em nosso <a href=\"https:\/\/beduka.com\/simulado\/#\/\" target=\"_blank\" rel=\"noreferrer noopener\" aria-label=\" (abre numa nova aba)\">simulado<\/a> gratuito.<br><\/p>\n\n\n\n<p>Queremos te ajudar tamb\u00e9m a encontrar a <strong>FACULDADE IDEAL<\/strong>! Logo abaixo, fa\u00e7a uma pesquisa por curso e cidade que te mostraremos todas as faculdades que podem te atender. Informamos <strong>a nota de corte, valor de mensalidade, nota do MEC, avalia\u00e7\u00e3o dos alunos, modalidades de ensino e muito mais<\/strong>.<br><\/p>\n\n\n\n<p>Experimente agora!<br><\/p>\n","protected":false},"excerpt":{"rendered":"<p>A alitera\u00e7\u00e3o \u00e9 uma figura de linguagem de som que consiste na repeti\u00e7\u00e3o consonantal, isto \u00e9, a repeti\u00e7\u00e3o de consoantes em uma frase, texto ou enunciado. O Beduka preparou esse artigo para tirar suas d\u00favidas sobre o que \u00e9 Alitera\u00e7\u00e3o e te ajudar a se preparar para o ENEM e outros vestibulares. Aproveite e veja [&hellip;]<\/p>\n","protected":false},"author":1,"featured_media":11087,"comment_status":"open","ping_status":"closed","sticky":false,"template":"","format":"standard","meta":{"_mi_skip_tracking":false,"_monsterinsights_sitenote_active":false,"_monsterinsights_sitenote_note":"","_monsterinsights_sitenote_category":0},"categories":[488],"tags":[1331,1334,1333,636,1332],"yoast_head":"<!-- This site is optimized with the Yoast SEO plugin v20.10 - https:\/\/yoast.com\/wordpress\/plugins\/seo\/ -->\n<title>\u25b7 O que \u00e9 ALITERA\u00c7\u00c3O? - Defini\u00e7\u00e3o, Exemplos de Alitera\u00e7\u00e3o e mais!<\/title>\n<meta name=\"description\" content=\"Aprenda tudo sobre o que \u00e9 Alitera\u00e7\u00e3o! Saiba o que \u00e9 essa figura de linguagem e confira os principais exemplos! Se prepare com o Beduka para o ENEM e outros vestibulares.\" \/>\n<meta name=\"robots\" content=\"index, follow, max-snippet:-1, max-image-preview:large, max-video-preview:-1\" \/>\n<link rel=\"canonical\" href=\"https:\/\/beduka.com\/blog\/materias\/portugues\/o-que-e-aliteracao\/\" \/>\n<meta property=\"og:locale\" content=\"pt_BR\" \/>\n<meta property=\"og:type\" content=\"article\" \/>\n<meta property=\"og:title\" content=\"\u25b7 O que \u00e9 ALITERA\u00c7\u00c3O? - Defini\u00e7\u00e3o, Exemplos de Alitera\u00e7\u00e3o e mais!\" \/>\n<meta property=\"og:description\" content=\"Aprenda tudo sobre o que \u00e9 Alitera\u00e7\u00e3o! Saiba o que \u00e9 essa figura de linguagem e confira os principais exemplos! Se prepare com o Beduka para o ENEM e outros vestibulares.\" \/>\n<meta property=\"og:url\" content=\"https:\/\/beduka.com\/blog\/materias\/portugues\/o-que-e-aliteracao\/\" \/>\n<meta property=\"og:site_name\" content=\"Blog do Beduka | Mat\u00e9rias resumidas, Dicas e Exerc\u00edcios Enem\" \/>\n<meta property=\"article:publisher\" content=\"https:\/\/www.facebook.com\/beduka.buscadordefaculdades\/\" \/>\n<meta property=\"article:author\" content=\"https:\/\/www.facebook.com\/beduka.buscadordefaculdades\" \/>\n<meta property=\"article:published_time\" content=\"2019-09-10T15:32:16+00:00\" \/>\n<meta property=\"article:modified_time\" content=\"2019-10-09T18:18:54+00:00\" \/>\n<meta property=\"og:image\" content=\"https:\/\/beduka.com\/blog\/wp-content\/uploads\/2019\/09\/alitera\u00e7\u00e3o.jpg\" \/>\n\t<meta property=\"og:image:width\" content=\"600\" \/>\n\t<meta property=\"og:image:height\" content=\"300\" \/>\n\t<meta property=\"og:image:type\" content=\"image\/jpeg\" \/>\n<meta name=\"author\" content=\"Reda\u00e7\u00e3o Beduka (a)\" \/>\n<meta name=\"twitter:card\" content=\"summary_large_image\" \/>\n<meta name=\"twitter:label1\" content=\"Escrito por\" \/>\n\t<meta name=\"twitter:data1\" content=\"Reda\u00e7\u00e3o Beduka (a)\" \/>\n\t<meta name=\"twitter:label2\" content=\"Est. tempo de leitura\" \/>\n\t<meta name=\"twitter:data2\" content=\"3 minutos\" \/>\n<script type=\"application\/ld+json\" class=\"yoast-schema-graph\">{\"@context\":\"https:\/\/schema.org\",\"@graph\":[{\"@type\":\"Article\",\"@id\":\"https:\/\/beduka.com\/blog\/materias\/portugues\/o-que-e-aliteracao\/#article\",\"isPartOf\":{\"@id\":\"https:\/\/beduka.com\/blog\/materias\/portugues\/o-que-e-aliteracao\/\"},\"author\":{\"name\":\"Reda\u00e7\u00e3o Beduka (a)\",\"@id\":\"https:\/\/beduka.com\/blog\/#\/schema\/person\/325d912d2cb8dd9ede8ab291427d2b8a\"},\"headline\":\"O que \u00e9 Alitera\u00e7\u00e3o?\",\"datePublished\":\"2019-09-10T15:32:16+00:00\",\"dateModified\":\"2019-10-09T18:18:54+00:00\",\"mainEntityOfPage\":{\"@id\":\"https:\/\/beduka.com\/blog\/materias\/portugues\/o-que-e-aliteracao\/\"},\"wordCount\":585,\"commentCount\":0,\"publisher\":{\"@id\":\"https:\/\/beduka.com\/blog\/#organization\"},\"keywords\":[\"alitera\u00e7\u00e3o\",\"alitera\u00e7\u00e3o figuras de linguagem\",\"exemplos de alitera\u00e7\u00e3o\",\"figuras de linguagem\",\"o que \u00e9 alitera\u00e7\u00e3o\"],\"articleSection\":[\"Portugu\u00eas\"],\"inLanguage\":\"pt-BR\",\"potentialAction\":[{\"@type\":\"CommentAction\",\"name\":\"Comment\",\"target\":[\"https:\/\/beduka.com\/blog\/materias\/portugues\/o-que-e-aliteracao\/#respond\"]}]},{\"@type\":\"WebPage\",\"@id\":\"https:\/\/beduka.com\/blog\/materias\/portugues\/o-que-e-aliteracao\/\",\"url\":\"https:\/\/beduka.com\/blog\/materias\/portugues\/o-que-e-aliteracao\/\",\"name\":\"\u25b7 O que \u00e9 ALITERA\u00c7\u00c3O? - Defini\u00e7\u00e3o, Exemplos de Alitera\u00e7\u00e3o e mais!\",\"isPartOf\":{\"@id\":\"https:\/\/beduka.com\/blog\/#website\"},\"datePublished\":\"2019-09-10T15:32:16+00:00\",\"dateModified\":\"2019-10-09T18:18:54+00:00\",\"description\":\"Aprenda tudo sobre o que \u00e9 Alitera\u00e7\u00e3o! Saiba o que \u00e9 essa figura de linguagem e confira os principais exemplos! Se prepare com o Beduka para o ENEM e outros vestibulares.\",\"breadcrumb\":{\"@id\":\"https:\/\/beduka.com\/blog\/materias\/portugues\/o-que-e-aliteracao\/#breadcrumb\"},\"inLanguage\":\"pt-BR\",\"potentialAction\":[{\"@type\":\"ReadAction\",\"target\":[\"https:\/\/beduka.com\/blog\/materias\/portugues\/o-que-e-aliteracao\/\"]}]},{\"@type\":\"BreadcrumbList\",\"@id\":\"https:\/\/beduka.com\/blog\/materias\/portugues\/o-que-e-aliteracao\/#breadcrumb\",\"itemListElement\":[{\"@type\":\"ListItem\",\"position\":1,\"name\":\"Home\",\"item\":\"https:\/\/beduka.com\/blog\/\"},{\"@type\":\"ListItem\",\"position\":2,\"name\":\"O que \u00e9 Alitera\u00e7\u00e3o?\"}]},{\"@type\":\"WebSite\",\"@id\":\"https:\/\/beduka.com\/blog\/#website\",\"url\":\"https:\/\/beduka.com\/blog\/\",\"name\":\"Blog do Beduka | Mat\u00e9rias resumidas, Dicas e Exerc\u00edcios Enem\",\"description\":\"O Blog do Beduka tem os conte\u00fados que mais caem no Enem, exerc\u00edcios de vestibular com gabarito, resumos, dicas e informa\u00e7\u00f5es Sisu, Prouni e Fies.Encontre dicas para o ENEM, resumos, exerc\u00edcios e informa\u00e7\u00f5es sobre os vestibulares. Acesse agora!\",\"publisher\":{\"@id\":\"https:\/\/beduka.com\/blog\/#organization\"},\"potentialAction\":[{\"@type\":\"SearchAction\",\"target\":{\"@type\":\"EntryPoint\",\"urlTemplate\":\"https:\/\/beduka.com\/blog\/?s={search_term_string}\"},\"query-input\":\"required name=search_term_string\"}],\"inLanguage\":\"pt-BR\"},{\"@type\":\"Organization\",\"@id\":\"https:\/\/beduka.com\/blog\/#organization\",\"name\":\"Beduka\",\"url\":\"https:\/\/beduka.com\/blog\/\",\"logo\":{\"@type\":\"ImageObject\",\"inLanguage\":\"pt-BR\",\"@id\":\"https:\/\/beduka.com\/blog\/#\/schema\/logo\/image\/\",\"url\":\"https:\/\/beduka.com\/blog\/wp-content\/uploads\/2020\/06\/marca-beduka.png\",\"contentUrl\":\"https:\/\/beduka.com\/blog\/wp-content\/uploads\/2020\/06\/marca-beduka.png\",\"width\":1077,\"height\":368,\"caption\":\"Beduka\"},\"image\":{\"@id\":\"https:\/\/beduka.com\/blog\/#\/schema\/logo\/image\/\"},\"sameAs\":[\"https:\/\/www.facebook.com\/beduka.buscadordefaculdades\/\",\"https:\/\/www.instagram.com\/beduka_oficial\/\",\"https:\/\/www.linkedin.com\/company\/beduka\",\"https:\/\/br.pinterest.com\/bedukaoficial\/\",\"https:\/\/www.youtube.com\/beduka\"]},{\"@type\":\"Person\",\"@id\":\"https:\/\/beduka.com\/blog\/#\/schema\/person\/325d912d2cb8dd9ede8ab291427d2b8a\",\"name\":\"Reda\u00e7\u00e3o Beduka (a)\",\"image\":{\"@type\":\"ImageObject\",\"inLanguage\":\"pt-BR\",\"@id\":\"https:\/\/beduka.com\/blog\/#\/schema\/person\/image\/\",\"url\":\"https:\/\/secure.gravatar.com\/avatar\/6f58a181ef24e0dc0bb73f096aa0f8b5?s=96&d=mm&r=g\",\"contentUrl\":\"https:\/\/secure.gravatar.com\/avatar\/6f58a181ef24e0dc0bb73f096aa0f8b5?s=96&d=mm&r=g\",\"caption\":\"Reda\u00e7\u00e3o Beduka (a)\"},\"description\":\"Este conte\u00fado foi criado e validado por uma equipe multidisciplinar, formada por especialistas em cada \u00e1rea do conhecimento. O Beduka est\u00e1 presente no Instagram, YouTube, LinkedIn e em diversos outros ambientes digitais. O site foi criado em 2017 e, desde a sua funda\u00e7\u00e3o, atua para fornecer materiais de qualidade para facilitar a vida de estudantes de todo o Brasil, ajudando-os a se preparar para os principais vestibulares e o Enem.\",\"sameAs\":[\"https:\/\/www.facebook.com\/beduka.buscadordefaculdades\",\"https:\/\/www.instagram.com\/beduka_oficial\/\",\"https:\/\/br.pinterest.com\/bedukaoficial\/\"],\"url\":\"https:\/\/beduka.com\/blog\/author\/admin\/\"}]}<\/script>\n<!-- \/ Yoast SEO plugin. -->","yoast_head_json":{"title":"\u25b7 O que \u00e9 ALITERA\u00c7\u00c3O? - Defini\u00e7\u00e3o, Exemplos de Alitera\u00e7\u00e3o e mais!","description":"Aprenda tudo sobre o que \u00e9 Alitera\u00e7\u00e3o! Saiba o que \u00e9 essa figura de linguagem e confira os principais exemplos! Se prepare com o Beduka para o ENEM e outros vestibulares.","robots":{"index":"index","follow":"follow","max-snippet":"max-snippet:-1","max-image-preview":"max-image-preview:large","max-video-preview":"max-video-preview:-1"},"canonical":"https:\/\/beduka.com\/blog\/materias\/portugues\/o-que-e-aliteracao\/","og_locale":"pt_BR","og_type":"article","og_title":"\u25b7 O que \u00e9 ALITERA\u00c7\u00c3O? - Defini\u00e7\u00e3o, Exemplos de Alitera\u00e7\u00e3o e mais!","og_description":"Aprenda tudo sobre o que \u00e9 Alitera\u00e7\u00e3o! Saiba o que \u00e9 essa figura de linguagem e confira os principais exemplos! Se prepare com o Beduka para o ENEM e outros vestibulares.","og_url":"https:\/\/beduka.com\/blog\/materias\/portugues\/o-que-e-aliteracao\/","og_site_name":"Blog do Beduka | Mat\u00e9rias resumidas, Dicas e Exerc\u00edcios Enem","article_publisher":"https:\/\/www.facebook.com\/beduka.buscadordefaculdades\/","article_author":"https:\/\/www.facebook.com\/beduka.buscadordefaculdades","article_published_time":"2019-09-10T15:32:16+00:00","article_modified_time":"2019-10-09T18:18:54+00:00","og_image":[{"width":600,"height":300,"url":"https:\/\/beduka.com\/blog\/wp-content\/uploads\/2019\/09\/alitera\u00e7\u00e3o.jpg","type":"image\/jpeg"}],"author":"Reda\u00e7\u00e3o Beduka (a)","twitter_card":"summary_large_image","twitter_misc":{"Escrito por":"Reda\u00e7\u00e3o Beduka (a)","Est. tempo de leitura":"3 minutos"},"schema":{"@context":"https:\/\/schema.org","@graph":[{"@type":"Article","@id":"https:\/\/beduka.com\/blog\/materias\/portugues\/o-que-e-aliteracao\/#article","isPartOf":{"@id":"https:\/\/beduka.com\/blog\/materias\/portugues\/o-que-e-aliteracao\/"},"author":{"name":"Reda\u00e7\u00e3o Beduka (a)","@id":"https:\/\/beduka.com\/blog\/#\/schema\/person\/325d912d2cb8dd9ede8ab291427d2b8a"},"headline":"O que \u00e9 Alitera\u00e7\u00e3o?","datePublished":"2019-09-10T15:32:16+00:00","dateModified":"2019-10-09T18:18:54+00:00","mainEntityOfPage":{"@id":"https:\/\/beduka.com\/blog\/materias\/portugues\/o-que-e-aliteracao\/"},"wordCount":585,"commentCount":0,"publisher":{"@id":"https:\/\/beduka.com\/blog\/#organization"},"keywords":["alitera\u00e7\u00e3o","alitera\u00e7\u00e3o figuras de linguagem","exemplos de alitera\u00e7\u00e3o","figuras de linguagem","o que \u00e9 alitera\u00e7\u00e3o"],"articleSection":["Portugu\u00eas"],"inLanguage":"pt-BR","potentialAction":[{"@type":"CommentAction","name":"Comment","target":["https:\/\/beduka.com\/blog\/materias\/portugues\/o-que-e-aliteracao\/#respond"]}]},{"@type":"WebPage","@id":"https:\/\/beduka.com\/blog\/materias\/portugues\/o-que-e-aliteracao\/","url":"https:\/\/beduka.com\/blog\/materias\/portugues\/o-que-e-aliteracao\/","name":"\u25b7 O que \u00e9 ALITERA\u00c7\u00c3O? - Defini\u00e7\u00e3o, Exemplos de Alitera\u00e7\u00e3o e mais!","isPartOf":{"@id":"https:\/\/beduka.com\/blog\/#website"},"datePublished":"2019-09-10T15:32:16+00:00","dateModified":"2019-10-09T18:18:54+00:00","description":"Aprenda tudo sobre o que \u00e9 Alitera\u00e7\u00e3o! Saiba o que \u00e9 essa figura de linguagem e confira os principais exemplos! Se prepare com o Beduka para o ENEM e outros vestibulares.","breadcrumb":{"@id":"https:\/\/beduka.com\/blog\/materias\/portugues\/o-que-e-aliteracao\/#breadcrumb"},"inLanguage":"pt-BR","potentialAction":[{"@type":"ReadAction","target":["https:\/\/beduka.com\/blog\/materias\/portugues\/o-que-e-aliteracao\/"]}]},{"@type":"BreadcrumbList","@id":"https:\/\/beduka.com\/blog\/materias\/portugues\/o-que-e-aliteracao\/#breadcrumb","itemListElement":[{"@type":"ListItem","position":1,"name":"Home","item":"https:\/\/beduka.com\/blog\/"},{"@type":"ListItem","position":2,"name":"O que \u00e9 Alitera\u00e7\u00e3o?"}]},{"@type":"WebSite","@id":"https:\/\/beduka.com\/blog\/#website","url":"https:\/\/beduka.com\/blog\/","name":"Blog do Beduka | Mat\u00e9rias resumidas, Dicas e Exerc\u00edcios Enem","description":"O Blog do Beduka tem os conte\u00fados que mais caem no Enem, exerc\u00edcios de vestibular com gabarito, resumos, dicas e informa\u00e7\u00f5es Sisu, Prouni e Fies.Encontre dicas para o ENEM, resumos, exerc\u00edcios e informa\u00e7\u00f5es sobre os vestibulares. Acesse agora!","publisher":{"@id":"https:\/\/beduka.com\/blog\/#organization"},"potentialAction":[{"@type":"SearchAction","target":{"@type":"EntryPoint","urlTemplate":"https:\/\/beduka.com\/blog\/?s={search_term_string}"},"query-input":"required name=search_term_string"}],"inLanguage":"pt-BR"},{"@type":"Organization","@id":"https:\/\/beduka.com\/blog\/#organization","name":"Beduka","url":"https:\/\/beduka.com\/blog\/","logo":{"@type":"ImageObject","inLanguage":"pt-BR","@id":"https:\/\/beduka.com\/blog\/#\/schema\/logo\/image\/","url":"https:\/\/beduka.com\/blog\/wp-content\/uploads\/2020\/06\/marca-beduka.png","contentUrl":"https:\/\/beduka.com\/blog\/wp-content\/uploads\/2020\/06\/marca-beduka.png","width":1077,"height":368,"caption":"Beduka"},"image":{"@id":"https:\/\/beduka.com\/blog\/#\/schema\/logo\/image\/"},"sameAs":["https:\/\/www.facebook.com\/beduka.buscadordefaculdades\/","https:\/\/www.instagram.com\/beduka_oficial\/","https:\/\/www.linkedin.com\/company\/beduka","https:\/\/br.pinterest.com\/bedukaoficial\/","https:\/\/www.youtube.com\/beduka"]},{"@type":"Person","@id":"https:\/\/beduka.com\/blog\/#\/schema\/person\/325d912d2cb8dd9ede8ab291427d2b8a","name":"Reda\u00e7\u00e3o Beduka (a)","image":{"@type":"ImageObject","inLanguage":"pt-BR","@id":"https:\/\/beduka.com\/blog\/#\/schema\/person\/image\/","url":"https:\/\/secure.gravatar.com\/avatar\/6f58a181ef24e0dc0bb73f096aa0f8b5?s=96&d=mm&r=g","contentUrl":"https:\/\/secure.gravatar.com\/avatar\/6f58a181ef24e0dc0bb73f096aa0f8b5?s=96&d=mm&r=g","caption":"Reda\u00e7\u00e3o Beduka (a)"},"description":"Este conte\u00fado foi criado e validado por uma equipe multidisciplinar, formada por especialistas em cada \u00e1rea do conhecimento. O Beduka est\u00e1 presente no Instagram, YouTube, LinkedIn e em diversos outros ambientes digitais. O site foi criado em 2017 e, desde a sua funda\u00e7\u00e3o, atua para fornecer materiais de qualidade para facilitar a vida de estudantes de todo o Brasil, ajudando-os a se preparar para os principais vestibulares e o Enem.","sameAs":["https:\/\/www.facebook.com\/beduka.buscadordefaculdades","https:\/\/www.instagram.com\/beduka_oficial\/","https:\/\/br.pinterest.com\/bedukaoficial\/"],"url":"https:\/\/beduka.com\/blog\/author\/admin\/"}]}},"_links":{"self":[{"href":"https:\/\/beduka.com\/blog\/wp-json\/wp\/v2\/posts\/11084"}],"collection":[{"href":"https:\/\/beduka.com\/blog\/wp-json\/wp\/v2\/posts"}],"about":[{"href":"https:\/\/beduka.com\/blog\/wp-json\/wp\/v2\/types\/post"}],"author":[{"embeddable":true,"href":"https:\/\/beduka.com\/blog\/wp-json\/wp\/v2\/users\/1"}],"replies":[{"embeddable":true,"href":"https:\/\/beduka.com\/blog\/wp-json\/wp\/v2\/comments?post=11084"}],"version-history":[{"count":3,"href":"https:\/\/beduka.com\/blog\/wp-json\/wp\/v2\/posts\/11084\/revisions"}],"predecessor-version":[{"id":12831,"href":"https:\/\/beduka.com\/blog\/wp-json\/wp\/v2\/posts\/11084\/revisions\/12831"}],"wp:featuredmedia":[{"embeddable":true,"href":"https:\/\/beduka.com\/blog\/wp-json\/wp\/v2\/media\/11087"}],"wp:attachment":[{"href":"https:\/\/beduka.com\/blog\/wp-json\/wp\/v2\/media?parent=11084"}],"wp:term":[{"taxonomy":"category","embeddable":true,"href":"https:\/\/beduka.com\/blog\/wp-json\/wp\/v2\/categories?post=11084"},{"taxonomy":"post_tag","embeddable":true,"href":"https:\/\/beduka.com\/blog\/wp-json\/wp\/v2\/tags?post=11084"}],"curies":[{"name":"wp","href":"https:\/\/api.w.org\/{rel}","templated":true}]}}