{"id":11959,"date":"2019-09-25T15:43:53","date_gmt":"2019-09-25T18:43:53","guid":{"rendered":"https:\/\/beduka.com\/blog\/?p=11959"},"modified":"2021-09-14T20:35:17","modified_gmt":"2021-09-14T23:35:17","slug":"exercicios-resumo-das-escolas-literarias","status":"publish","type":"post","link":"https:\/\/beduka.com\/blog\/exercicios\/literatura-exercicios\/exercicios-resumo-das-escolas-literarias\/","title":{"rendered":"Os 10 melhores Exerc\u00edcios e Resumo das Escolas Liter\u00e1rias + Gabarito!"},"content":{"rendered":"\n<blockquote class=\"wp-block-quote\"><p><strong><em>Quinhentismo, Barroco, Romantismo, Simbolismo e Modernismo s\u00e3o comuns pra voc\u00ea? Esses movimentos s\u00e3o alguns dos exemplos das Escolas Liter\u00e1rias. Leia nosso artigo Resumo e Exerc\u00edcios das Escolas Liter\u00e1rias e fa\u00e7a os exerc\u00edcios da mat\u00e9ria.<\/em><\/strong><br><\/p><\/blockquote>\n\n\n\n<p>Neste resumo, voc\u00ea encontrar\u00e1 os t\u00f3picos abaixo. <strong>Se quiser, clique em um deles para ir diretamente ao conte\u00fado:<\/strong><\/p>\n\n\n\n<ol><li><a href=\"#o-que-s\u00e3o-escolas-liter\u00e1rias\" data-type=\"internal\" data-id=\"#o-que-s\u00e3o-escolas-liter\u00e1rias\">O que s\u00e3o Escolas Liter\u00e1rias?<\/a><\/li><li><a href=\"#escolas-da-era-colonial\" data-type=\"internal\" data-id=\"#escolas-da-era-colonial\">Quais as escolas liter\u00e1rias da era colonial?<\/a><\/li><li><a href=\"#da-era-nacional\" data-type=\"internal\" data-id=\"#da-era-nacional\">Quais as escolas liter\u00e1rias da era nacional?<\/a><\/li><li><a href=\"#exerc\u00edcios-sobre-as-escolas-liter\u00e1rias\" data-type=\"internal\" data-id=\"#exerc\u00edcios-sobre-as-escolas-liter\u00e1rias\">Os dez melhores exerc\u00edcios sobre as Escolas Liter\u00e1rias!<\/a><\/li><li><a href=\"#gabarito-dos-exerc\u00edcios\" data-type=\"internal\" data-id=\"#gabarito-dos-exerc\u00edcios\">Gabarito dos exerc\u00edcios sobre Escolas Liter\u00e1rias.<\/a><\/li><\/ol>\n\n\n\n<p>Preparemos um<strong> Resumo das Escolas Liter\u00e1rias<\/strong> para te preparar ainda mais para o Exame Nacional do Ensino M\u00e9dio (ENEM) e para outros dos principais vestibulares. Al\u00e9m disso, tamb\u00e9m separamos alguns exerc\u00edcios para testar os seus conhecimentos.<\/p>\n\n\n\n<h2 class=\"wp-block-heading\" id=\"o-que-s\u00e3o-escolas-liter\u00e1rias\">O que s\u00e3o Escolas Liter\u00e1rias?<\/h2>\n\n\n\n<p>As<a rel=\"noreferrer noopener\" aria-label=\" (abre numa nova aba)\" href=\"https:\/\/beduka.com\/blog\/materias\/literatura\/escolas-literarias\/\" target=\"_blank\"> Escolas Liter\u00e1rias <\/a>s\u00e3o separadas de acordo com a caracter\u00edstica e com o momento hist\u00f3rico de cada uma, sendo elas respons\u00e1veis pela <strong>divis\u00e3o da literatura.<\/strong><\/p>\n\n\n\n<p>Os movimentos liter\u00e1rios, ou tamb\u00e9m denominados escolas liter\u00e1rias, s\u00e3o separados em era colonial e era nacional. Vamos entender cada uma delas separadamente.<\/p>\n\n\n\n<p>Confira nossos exerc\u00edcios e resumo sobre Escolas Liter\u00e1rias!<\/p>\n\n\n\n<h2 class=\"wp-block-heading\" id=\"escolas-da-era-colonial\">Quais as Escolas da Era Colonial?<\/h2>\n\n\n\n<div class=\"wp-block-image\"><figure class=\"aligncenter\"><img decoding=\"async\" loading=\"lazy\" width=\"452\" height=\"300\" src=\"https:\/\/beduka.com\/blog\/wp-content\/uploads\/2019\/09\/quinhentismo_e_barroco.jpg\" alt=\"Escolas liter\u00e1rias da era colonial - barraco e quinhentismo\" class=\"wp-image-11962\" srcset=\"https:\/\/beduka.com\/blog\/wp-content\/uploads\/2019\/09\/quinhentismo_e_barroco.jpg 452w, https:\/\/beduka.com\/blog\/wp-content\/uploads\/2019\/09\/quinhentismo_e_barroco-300x199.jpg 300w, https:\/\/beduka.com\/blog\/wp-content\/uploads\/2019\/09\/quinhentismo_e_barroco-320x212.jpg 320w\" sizes=\"(max-width: 452px) 100vw, 452px\" \/><\/figure><\/div>\n\n\n\n<p><strong>Essa escola pensava na influ\u00eancia da literatura portuguesa<\/strong>, pois nessa fase os portugueses tinham encontrado recentemente o Brasil e durou at\u00e9 a independ\u00eancia brasileira.<\/p>\n\n\n\n<p>Os movimentos liter\u00e1rios da era colonial foram:<\/p>\n\n\n\n<h3 class=\"wp-block-heading\"><strong>Quinhentismo (1500 a 1601)<\/strong>.<\/h3>\n\n\n\n<p>Os textos eram escritos de maneira informativa e pedag\u00f3gica, com o<strong> intuito de ensinar.&nbsp;&nbsp;<\/strong><\/p>\n\n\n\n<p><strong>Principais autores:<\/strong><\/p>\n\n\n\n<ul><li>Pero Vaz de Caminha;<\/li><li>G\u00e2ndavo;<\/li><li>Jos\u00e9 de Anchieta.<\/li><\/ul>\n\n\n\n<p><a href=\"https:\/\/beduka.com\/blog\/materias\/literatura\/resumo-do-quinhentismo-no-brasil\/\" target=\"_blank\" rel=\"noreferrer noopener\" aria-label=\" (abre numa nova aba)\">Leia o resumo completo sobre o Quinhentismo<\/a><\/p>\n\n\n\n<h3 class=\"wp-block-heading\" id=\"informa\u00e7\u00f5es-sobre-o-barroco-\"><strong>Barroco (1601 a 1768)<\/strong>.<\/h3>\n\n\n\n<p>O<strong> cultismo e o conceptismo<\/strong> foram as principais caracter\u00edsticas que marcaram esse movimento, que tamb\u00e9m \u00e9 se caracterizado por ser exagerado e bastante requintado.<\/p>\n\n\n\n<p><strong>Principais autores:<\/strong><\/p>\n\n\n\n<ul><li>Greg\u00f3rio de Matos;<\/li><li>Bento Teixeira;<\/li><li>Botelho de Oliveira.<\/li><\/ul>\n\n\n\n<p><a href=\"https:\/\/beduka.com\/blog\/materias\/literatura\/o-que-foi-o-barroco\/\" target=\"_blank\" rel=\"noreferrer noopener\" aria-label=\" (abre numa nova aba)\">Leia o resumo completo sobre o Barroco<\/a><\/p>\n\n\n\n<h3 class=\"wp-block-heading\"><strong>Arcadismo (1768 a 1808)<\/strong><\/h3>\n\n\n\n<p>O<a rel=\"noreferrer noopener\" aria-label=\" (abre numa nova aba)\" href=\"https:\/\/beduka.com\/blog\/exercicios\/literatura-exercicios\/exercicios-sobre-arcadismo\/\" target=\"_blank\"> arcadismo <\/a>\u00e9 a linguagem marcada por ser mais <strong>simples<\/strong>. Havia <strong>exalta\u00e7\u00e3o da natureza<\/strong> e os temas eram considerados menos complexos e com mais simplicidade.<\/p>\n\n\n\n<p><strong>Principais autores:<\/strong><\/p>\n\n\n\n<ul><li>Cl\u00e1udio Manuel da Costa &#8211; Obras Po\u00e9ticas<\/li><li>Santa Rita Dur\u00e3o &#8211; Caramuru<\/li><li>Tom\u00e1s Ant\u00f4nio Gonzaga &#8211; Mar\u00edlia de Dirceu<\/li><\/ul>\n\n\n\n<p><a href=\"https:\/\/beduka.com\/blog\/materias\/literatura\/resumo-do-arcadismo\/\" target=\"_blank\" rel=\"noreferrer noopener\" aria-label=\" (abre numa nova aba)\">Leia o resumo completo sobre o Arcadismo<\/a><\/p>\n\n\n\n<h2 class=\"wp-block-heading\" id=\"da-era-nacional\">Quais as escolas liter\u00e1rias da Era Nacional?<\/h2>\n\n\n\n<div class=\"wp-block-image\"><figure class=\"aligncenter\"><img decoding=\"async\" loading=\"lazy\" width=\"600\" height=\"300\" src=\"https:\/\/beduka.com\/blog\/wp-content\/uploads\/2019\/09\/romantismo_realismo_modernismo.jpg\" alt=\"Escolas liter\u00e1rias da era nacional - realismo, modernismo, romantismo\" class=\"wp-image-11963\" srcset=\"https:\/\/beduka.com\/blog\/wp-content\/uploads\/2019\/09\/romantismo_realismo_modernismo.jpg 600w, https:\/\/beduka.com\/blog\/wp-content\/uploads\/2019\/09\/romantismo_realismo_modernismo-300x150.jpg 300w, https:\/\/beduka.com\/blog\/wp-content\/uploads\/2019\/09\/romantismo_realismo_modernismo-320x160.jpg 320w\" sizes=\"(max-width: 600px) 100vw, 600px\" \/><\/figure><\/div>\n\n\n\n<p>A era nacional caracteriza-se pela <strong>independ\u00eancia brasileira, <\/strong>consequentemente a literatura tamb\u00e9m adquire autonomia textual.<\/p>\n\n\n\n<h3 class=\"wp-block-heading\"><strong>Romantismo (1836 a 1881)<\/strong><\/h3>\n\n\n\n<p>O <a href=\"https:\/\/beduka.com\/blog\/materias\/literatura\/o-que-foi-o-romantismo\/\" data-type=\"URL\" data-id=\"https:\/\/beduka.com\/blog\/materias\/literatura\/o-que-foi-o-romantismo\/\" target=\"_blank\" rel=\"noreferrer noopener\">Romantismo<\/a> diferente dos outros movimentos \u00e9 separado em tr\u00eas fases:<\/p>\n\n\n\n<ul><li><strong>Primeira Fase<\/strong>: as principais caracter\u00edsticas marcantes foram o nacionalismo e o indianismo, que tinham como um dos autores principais Gon\u00e7alves Dias;<\/li><li><strong>Segunda Fase:<\/strong> as principais caracter\u00edsticas marcantes foram o egocentrismo e o pessimismo, que tinham como um dos autores principais \u00c1lvares de Azevedo;<\/li><li><strong>Terceira Fase: <\/strong>essa fase tem como auge a liberdade,&nbsp; que tinha como um dos autores principais Castro Alves.<\/li><\/ul>\n\n\n\n<p><a href=\"https:\/\/beduka.com\/blog\/materias\/literatura\/o-que-foi-o-romantismo\/\" target=\"_blank\" rel=\"noreferrer noopener\" aria-label=\" (abre numa nova aba)\">Resumo completo sobre o Romantismo<\/a><\/p>\n\n\n\n<h3 class=\"wp-block-heading\"><strong>Realismo, Naturalismo, Parnasianismo (1881 &#8211; 1893)<\/strong><\/h3>\n\n\n\n<p>Esses tr\u00eas movimentos ocorreram em um mesmo momento hist\u00f3rico, sendo o <a rel=\"noreferrer noopener\" aria-label=\" (abre numa nova aba)\" href=\"https:\/\/beduka.com\/blog\/exercicios\/literatura-exercicios\/exercicios-sobre-naturalismo-e-realismo\/\" target=\"_blank\">Realismo<\/a>, como o pr\u00f3prio nome j\u00e1 diz, mostrava o real, a o<strong>bjetividade, tem\u00e1tica social e linguagem objetiva<\/strong>.<\/p>\n\n\n\n<p>O <a rel=\"noreferrer noopener\" aria-label=\" (abre numa nova aba)\" href=\"https:\/\/beduka.com\/blog\/exercicios\/literatura-exercicios\/exercicios-sobre-naturalismo-e-realismo\/\" target=\"_blank\">naturalismo<\/a> possui uma <strong>linguagem coloquial e com tem\u00e1tica pol\u00eamica<\/strong>, j\u00e1 o parnasianismo \u00e9 culto \u00e0 forma, a frase que define esse movimento \u00e9 arte pela arte.<\/p>\n\n\n\n<p><a rel=\"noreferrer noopener\" aria-label=\" (abre numa nova aba)\" href=\"https:\/\/beduka.com\/blog\/materias\/literatura\/resumo-do-realismo\/\" target=\"_blank\">Resumo completo sobre Realismo<\/a><\/p>\n\n\n\n<p><strong>Principais autores:<\/strong><\/p>\n\n\n\n<ul><li>Machado de Assis (Realismo);<\/li><li>Alu\u00edsio de Azevedo (Naturalismo);<\/li><li>Olavo Bilac (Parnasianismo).<\/li><\/ul>\n\n\n\n<p><a href=\"https:\/\/beduka.com\/blog\/materias\/literatura\/resumo-do-parnasianismo\/\" target=\"_blank\" rel=\"noreferrer noopener\" aria-label=\" (abre numa nova aba)\">Resumo completo do Parnasianismo<\/a><\/p>\n\n\n\n<h3 class=\"wp-block-heading\"><strong>Simbolismo (1893-1910)<\/strong><\/h3>\n\n\n\n<p>O <a rel=\"noreferrer noopener\" aria-label=\" (abre numa nova aba)\" href=\"https:\/\/beduka.com\/blog\/exercicios\/literatura-exercicios\/exercicios-sobre-simbolismo\/\" target=\"_blank\">simbolismo <\/a>\u00e9 marcado pelo <strong>subjetivismo<\/strong>, pela <strong>espiritualidade<\/strong>, <strong>misticismo <\/strong>e se inspirava principalmente nos ideais rom\u00e2nticos.<\/p>\n\n\n\n<p><strong>Principais autores:<\/strong><\/p>\n\n\n\n<ul><li>Cruz e Sousa;<\/li><li>Alphonsus de Guimar\u00e3es;<\/li><li>Augusto dos Anjos.<\/li><\/ul>\n\n\n\n<p><a href=\"https:\/\/beduka.com\/blog\/materias\/literatura\/resumo-do-simbolismo\/\" target=\"_blank\" rel=\"noreferrer noopener\" aria-label=\" (abre numa nova aba)\">Veja o resumo completo do Simbolismo<\/a><\/p>\n\n\n\n<h3 class=\"wp-block-heading\"><strong>Pr\u00e9 &#8211; Modernismo (1910-1922)<\/strong><\/h3>\n\n\n\n<p>O pr\u00e9-modernismo \u00e9 marcado pela <strong>marginalidade dos personagens<\/strong> e marca o rompimento com o academicismo.&nbsp;&nbsp;<\/p>\n\n\n\n<p><strong>Principais autores:<\/strong><\/p>\n\n\n\n<ul><li>Euclides da Cunha;<\/li><li>Lima Barreto;<\/li><li>Gra\u00e7a Aranha.<\/li><\/ul>\n\n\n\n<p><a href=\"https:\/\/beduka.com\/blog\/materias\/literatura\/resumo-do-pre-modernismo\/\" target=\"_blank\" rel=\"noreferrer noopener\" aria-label=\" (abre numa nova aba)\">Veja o resumo completo do Pr\u00e9-Modernismo<\/a><\/p>\n\n\n\n<h3 class=\"wp-block-heading\"><strong>Modernismo<\/strong><\/h3>\n\n\n\n<p>O<a rel=\"noreferrer noopener\" aria-label=\" (abre numa nova aba)\" href=\"https:\/\/beduka.com\/blog\/exercicios\/literatura-exercicios\/exercicios-sobre-modernismo\/\" target=\"_blank\"> modernismo <\/a>\u00e9 dividido em tr\u00eas momentos:<\/p>\n\n\n\n<ul><li><strong>Primeira Fase<\/strong>: as principais caracter\u00edsticas marcantes foram o radicalismo e a renova\u00e7\u00e3o est\u00e9tica, que tinha como um dos autores principais <a href=\"https:\/\/beduka.com\/blog\/exercicios\/exercicios-sobre-manuel-bandeira\/\" data-type=\"URL\" data-id=\"https:\/\/beduka.com\/blog\/exercicios\/exercicios-sobre-manuel-bandeira\/\" target=\"_blank\" rel=\"noreferrer noopener\">Manuel Bandeira<\/a>;<\/li><li><strong>Segunda Fase:<\/strong> as principais caracter\u00edsticas eram as tem\u00e1ticas nacionalistas, que tinham como um dos autores principais Graciliano Ramos;<\/li><li><strong>Terceira Fase: <\/strong>essa fase possui v\u00e1rias inova\u00e7\u00f5es lingu\u00edsticas e art\u00edsticas, que tinha como um dos autores principais <a href=\"https:\/\/beduka.com\/blog\/materias\/quem-foi-clarice-lispector\/\" data-type=\"URL\" data-id=\"https:\/\/beduka.com\/blog\/materias\/quem-foi-clarice-lispector\/\" target=\"_blank\" rel=\"noreferrer noopener\">Clarice Lispector<\/a>.<\/li><\/ul>\n\n\n\n<p><a href=\"https:\/\/beduka.com\/blog\/materias\/literatura\/resumo-do-modernismo\/\" target=\"_blank\" rel=\"noreferrer noopener\" aria-label=\" (abre numa nova aba)\">Veja o resumo completo do Modernismo<\/a><\/p>\n\n\n\n<h3 class=\"wp-block-heading\"><strong>P\u00f3s-Modernismo (1950 at\u00e9 os dias de hoje)<\/strong><\/h3>\n\n\n\n<p>A liberdade art\u00edstica, o <strong>estilo mais espont\u00e2neo e a inova\u00e7\u00e3o<\/strong> s\u00e3o as principais caracter\u00edsticas que marcam esse movimento.<\/p>\n\n\n\n<p><strong>Principais autores:<\/strong><\/p>\n\n\n\n<ul><li>Ariano Suassuna;<\/li><li>Mill\u00f4r Fernandes;<\/li><li>Paulo Leminski.<\/li><\/ul>\n\n\n\n<p>Fa\u00e7a os Exerc\u00edcios sobre Escolas Liter\u00e1rias para testar todos seus conhecimentos.<\/p>\n\n\n\n<h2 class=\"wp-block-heading\" id=\"exerc\u00edcios-sobre-as-escolas-liter\u00e1rias\">Os 10 melhores Exerc\u00edcios sobre as Escolas Liter\u00e1rias<\/h2>\n\n\n\n<p>Ap\u00f3s ter lido nosso artigo Exerc\u00edcios e Resumo sobre Escolas Liter\u00e1rias, \u00e9 hora de praticar!<\/p>\n\n\n\n<p>Baixe o melhor <a rel=\"noreferrer noopener\" aria-label=\" (abre numa nova aba)\" href=\"https:\/\/beduka.com\/blog\/enem\/plano-de-estudos-gratuito\/\" target=\"_blank\">plano de estudos gratuito<\/a> que voc\u00ea encontrar\u00e1 na internet.<\/p>\n\n\n\n<p><strong>Quest\u00e3o 1 &#8211; <a rel=\"noreferrer noopener\" aria-label=\"(FUVEST) (abre numa nova aba)\" href=\"https:\/\/www.fuvest.br\" target=\"_blank\">(FUVEST)<\/a> <\/strong><br><\/p>\n\n\n\n<p><strong>I \u2013<\/strong>\u201cAh! enquanto os Destinos impiedosos<\/p>\n\n\n\n<p>N\u00e3o voltam contra n\u00f3s a face irada,<\/p>\n\n\n\n<p>Fa\u00e7amos, sim fa\u00e7amos, doce amada,<\/p>\n\n\n\n<p>Os nossos breves dias mais ditosos\u201d.<br><\/p>\n\n\n\n<p><strong>II <\/strong>\u2013 \u201c\u00c9 a vaidade, F\u00e1bio, nesta vida,<\/p>\n\n\n\n<p>Rosa, que da manh\u00e3 lisonjeada,<\/p>\n\n\n\n<p>P\u00farpuras mil, com ambi\u00e7\u00e3o dourada,<\/p>\n\n\n\n<p>Airosa rompe, arrasta presumida\u201d.<br><\/p>\n\n\n\n<p><strong>III <\/strong>\u2013 \u201cE quando eu durmo&#8230; e o cora\u00e7\u00e3o ainda<\/p>\n\n\n\n<p>Procura na ilus\u00e3o tua lembran\u00e7a,<\/p>\n\n\n\n<p>Anjo da vida passa nos meus sonhos<\/p>\n\n\n\n<p>E meus l\u00e1bios orvalha d&#8217;esperan\u00e7a!\u201d<br><\/p>\n\n\n\n<p>Associe os trechos acima com os respectivos movimentos liter\u00e1rios, cujas caracter\u00edsticas est\u00e3o enumeradas abaixo:<br><\/p>\n\n\n\n<p>Romantismo: evas\u00e3o e devaneio na realiza\u00e7\u00e3o de um erotismo difuso.<br><\/p>\n\n\n\n<p>Arcadismo: aproveitamento do momento presente (\u201ccarpe diem\u201d).<br><\/p>\n\n\n\n<p>Barroco: efemeridade da beleza f\u00edsica, brevidade enganosa da vida.<br><\/p>\n\n\n\n<p><strong>a)<\/strong> I \u2013 Romantismo; II \u2013 Arcadismo; III \u2013 Barroco<\/p>\n\n\n\n<p><strong>b)<\/strong> I \u2013 Barroco; II \u2013 Arcadismo; III \u2013 Romantismo<\/p>\n\n\n\n<p><strong>c)<\/strong> I \u2013 Arcadismo; II \u2013 Romantismo; III \u2013 Barroco<\/p>\n\n\n\n<p><strong>d)<\/strong> I \u2013 Arcadismo; II \u2013 Barroco; III \u2013 Romantismo<\/p>\n\n\n\n<p><strong>e)<\/strong> I \u2013 Barroco; II \u2013 Romantismo; III \u2013 Arcadismo&nbsp;<br><\/p>\n\n\n\n<p><strong>Quest\u00e3o 2 &#8211; <a rel=\"noreferrer noopener\" aria-label=\"(UFSM) (abre numa nova aba)\" href=\"https:\/\/www.ufms.br\/\" target=\"_blank\">(UFSM)<\/a> <\/strong><\/p>\n\n\n\n<p>Numere a primeira coluna de acordo com a segunda:<br><\/p>\n\n\n\n<p>(&nbsp; ) Compensa\u00e7\u00e3o de frustra\u00e7\u00f5es sentimentais na fuga da realidade atrav\u00e9s da imagina\u00e7\u00e3o.<\/p>\n\n\n\n<p>(&nbsp; ) Literatura de informa\u00e7\u00e3o que resgata as origens da nacionalidade brasileira, refletindo um certo didatismo.<\/p>\n\n\n\n<p>(&nbsp; ) Reconhecimento da realidade atrav\u00e9s dos sentidos, revelando uma preocupa\u00e7\u00e3o com aspectos religiosos.<\/p>\n\n\n\n<p>(&nbsp; ) Utiliza\u00e7\u00e3o de linguagem simb\u00f3lica para a express\u00e3o da fugacidade das coisas, marcadas pelo paradoxo e pela grada\u00e7\u00e3o.<\/p>\n\n\n\n<p>(&nbsp; ) Utiliza\u00e7\u00e3o de linguagem metaf\u00f3rica para expressar sentimentos individuais e de culto \u00e0 nacionalidade.<br><\/p>\n\n\n\n<p>(1) Romantismo<\/p>\n\n\n\n<p>(2) Barroco<\/p>\n\n\n\n<p>(3) Quinhentismo<br><\/p>\n\n\n\n<p>A sequ\u00eancia correta \u00e9:<br><\/p>\n\n\n\n<p><strong>a)<\/strong> 3, 2, 2, 1, 1<\/p>\n\n\n\n<p><strong>b)<\/strong> 3, 1, 3, 1, 2<\/p>\n\n\n\n<p><strong>c)<\/strong> 1, 3, 2, 2, 1<\/p>\n\n\n\n<p><strong>d)<\/strong> 1, 3, 2, 1, 2<\/p>\n\n\n\n<p><strong>e)<\/strong> 2, 1, 3, 1, 3<br><\/p>\n\n\n\n<p><strong>Quest\u00e3o 3 &#8211; <a rel=\"noreferrer noopener\" aria-label=\"ENEM \u2013 2012 (abre numa nova aba)\" href=\"https:\/\/enem.inep.gov.br\" target=\"_blank\">ENEM \u2013 2012<\/a> (Quest\u00e3o 131)<\/strong><br><\/p>\n\n\n\n<div class=\"wp-block-image\"><figure class=\"aligncenter\"><img decoding=\"async\" loading=\"lazy\" width=\"223\" height=\"350\" src=\"https:\/\/beduka.com\/blog\/wp-content\/uploads\/2019\/09\/escultura-de-aleijadinho-Exerc\u00edcios-e-Resumo-das-Escolas-Liter\u00e1rias.jpg\" alt=\"escultura-de-aleijadinho-Exerc\u00edcios e Resumo das Escolas Liter\u00e1rias\" class=\"wp-image-11960\" srcset=\"https:\/\/beduka.com\/blog\/wp-content\/uploads\/2019\/09\/escultura-de-aleijadinho-Exerc\u00edcios-e-Resumo-das-Escolas-Liter\u00e1rias.jpg 223w, https:\/\/beduka.com\/blog\/wp-content\/uploads\/2019\/09\/escultura-de-aleijadinho-Exerc\u00edcios-e-Resumo-das-Escolas-Liter\u00e1rias-191x300.jpg 191w\" sizes=\"(max-width: 223px) 100vw, 223px\" \/><\/figure><\/div>\n\n\n\n<p>BARDI, P. M. Em torno da escultura no Brasil. S\u00e3o Paulo: Banco Sudameris Brasil, 1989.<\/p>\n\n\n\n<p>Com contornos assim\u00e9tricos, riqueza de detalhes nas vestes e nas fei\u00e7\u00f5es, a escultura barroca no Brasil tem forte influ\u00eancia do rococ\u00f3 europeu e est\u00e1 representada aqui por um dos profetas do p\u00e1tio do Santu\u00e1rio do Bom Jesus de Matosinho, em Congonhas (MG), esculpido em pedra-sab\u00e3o por Aleijadinho. Profundamente religiosa, sua obra revela<br><\/p>\n\n\n\n<p><strong>a)<\/strong> liberdade, representando a vida de mineiros \u00e0 procura da salva\u00e7\u00e3o.<\/p>\n\n\n\n<p><strong>b)<\/strong> credibilidade, atendendo a encomendas dos nobres de Minas Gerais.<\/p>\n\n\n\n<p><strong>c) <\/strong>simplicidade, demonstrando compromisso com a contempla\u00e7\u00e3o do divino.<\/p>\n\n\n\n<p><strong>d)<\/strong> personalidade, modelando uma imagem sacra com fei\u00e7\u00f5es populares.<\/p>\n\n\n\n<p><strong>e) <\/strong>singularidade, esculpindo personalidades do reinado nas obras divinas.<br><\/p>\n\n\n\n<p><strong>Quest\u00e3o 4 &#8211; <a rel=\"noreferrer noopener\" aria-label=\"(VUNESP) (abre numa nova aba)\" href=\"https:\/\/www.vunesp.com.br\/\" target=\"_blank\">(VUNESP)<\/a> <\/strong><\/p>\n\n\n\n<p>Assinale a alternativa INCORRETA com rela\u00e7\u00e3o \u00e0 Literatura Portuguesa:<\/p>\n\n\n\n<p><strong>a) <\/strong>O ambiente das cantigas de amor \u00e9 sempre o pal\u00e1cio, com o trovador declarando seu amor por uma dama (tratada de \u201csenhor\u201d, isto \u00e9, senhora). Da\u00ed o relacionamento respeitoso, cort\u00eas, dentro dos mais puros padr\u00f5es medievais que caracterizam a vassalagem, a servid\u00e3o amorosa.&nbsp;<\/p>\n\n\n\n<p><strong>b) <\/strong>o teatro vicentino \u00e9 basicamente caracterizado pela s\u00e1tira, criticando o comportamento de todas as camadas sociais: a nobreza, o clero e o povo. Gil Vicente n\u00e3o tem preocupa\u00e7\u00e3o de fixar tipos psicol\u00f3gicos, e sim a de fixar tipos sociais.&nbsp;<\/p>\n\n\n\n<p><strong>c) <\/strong>o marco inicial do Romantismo em Portugal \u00e9 a publica\u00e7\u00e3o do poema \u201cCam\u00f5es\u201d. Todavia, a nova est\u00e9tica liter\u00e1ria s\u00f3 viria a se firmar uma d\u00e9cada depois com a Quest\u00e3o Coimbr\u00e3, quando se aceitou o papel revolucion\u00e1rio da nova poesia e a independ\u00eancia dos novos poetas em rela\u00e7\u00e3o aos velhos mestres.&nbsp;<\/p>\n\n\n\n<p><strong>d)<\/strong> E\u00e7a de Queir\u00f3s, em sua obra, dedica-se a montar um vasto painel da sociedade portuguesa, retratada em seus m\u00faltiplos aspectos: a cidade provinciana; a influ\u00eancia do clero; a m\u00e9dia e a alta burguesia de Lisboa; os intelectuais e a aristocracia.&nbsp;<\/p>\n\n\n\n<p><strong>e) <\/strong>A mais rica, densa e intrigante faceta da obra de Fernando Pessoa diz respeito ao fen\u00f4meno da heteron\u00edmia que deu aos poetas Alberto Caeiro, Ricardo Reis e \u00c1lvaro de Campos biografias, caracter\u00edsticas, tra\u00e7os de personalidade e forma\u00e7\u00e3o cultural diferentes.<br><\/p>\n\n\n\n<p><strong>Quest\u00e3o 5 &#8211;<a rel=\"noreferrer noopener\" aria-label=\" (UFES) (abre numa nova aba)\" href=\"http:\/\/www.ufes.br\/\" target=\"_blank\"> (UFES)<\/a> <\/strong><\/p>\n\n\n\n<p>A imagem do \u201cHomem Vitruviano\u201d \u00e9 uma representa\u00e7\u00e3o elaborada no final do s\u00e9culo XV por Leonardo da Vinci e exprime o antropocentrismo e a harmonia das formas que caracterizaram as obras art\u00edsticas do per\u00edodo renascentista. Sobre o renascimento, n\u00e3o \u00e9 correto afirmar que:<br><\/p>\n\n\n\n<p><strong>a)<\/strong> um dos seus principais fundamentos intelectuais foi o Humanismo, concep\u00e7\u00e3o segundo a qual o homem deveria ser valorizado como o epicentro do mundo e da hist\u00f3ria, como havia ocorrido na Antiguidade Cl\u00e1ssica.<\/p>\n\n\n\n<p><strong>b)<\/strong> o estudo do homem e da natureza, nesse per\u00edodo, fundamentava-se no esp\u00edrito cr\u00edtico, o que possibilitou o desenvolvimento do pensamento cient\u00edfico, como se comprova na defesa da teoria helioc\u00eantrica por Nicolau de Cusa e Nicolau Cop\u00e9rnico.<\/p>\n\n\n\n<p><strong>c)<\/strong> os homens da \u00e9poca tenderam a valorizar a produ\u00e7\u00e3o art\u00edstica e intelectual das civiliza\u00e7\u00f5es do Oriente M\u00e9dio, especialmente a eg\u00edpcia e a mesopot\u00e2mica, pela conex\u00e3o que estas guardavam com a hist\u00f3ria hebraica descrita na B\u00edblia.<\/p>\n\n\n\n<p><strong>d) <\/strong>um dos seus maiores expoentes foi Leonardo da Vinci, um modelo do intelectual renascentista, pelo fato de se ter dedicado a m\u00faltiplas \u00e1reas do conhecimento, como, por exemplo, \u00e0 Anatomia, \u00e0 F\u00edsica e \u00e0 Bot\u00e2nica, al\u00e9m de \u00e0 Pintura.<\/p>\n\n\n\n<p><strong>e) <\/strong>o termo \u201cRenascimento\u201d designa uma modalidade de express\u00e3o intelectual urbana e burguesa origin\u00e1ria da Pen\u00ednsula It\u00e1lica, que se constituiu a partir do sincretismo entre a Cultura Cl\u00e1ssica e a tradi\u00e7\u00e3o judaico-crit\u00e3.<br><\/p>\n\n\n\n<p><strong>Quest\u00e3o 6 &#8211;<a rel=\"noreferrer noopener\" aria-label=\" (UNAMA\/PA)  (abre numa nova aba)\" href=\"http:\/\/www.unama.br\/\" target=\"_blank\"> (UNAMA\/PA) <\/a><\/strong><\/p>\n\n\n\n<p>\u201cHumanismo \u00e9 uma palavra inventada no s\u00e9culo XIX para descrever o programa de estudos, e seu condicionamento de pensamento e express\u00e3o, que era conhecido desde o final do s\u00e9culo XV\u201d. HALE, John. Dicion\u00e1rio do renascimento italiano. Rio de Janeiro: Jorge Zahar Editor, 1988. p. 187. De acordo com o trecho anterior, e por meio de seus estudos hist\u00f3ricos, \u00e9 correto afirmar que o programa humanista:<br><\/p>\n\n\n\n<p><strong>a) <\/strong>Era encabe\u00e7ado por reis e papas (os mecenas), os quais auxiliavam, humanitariamente, os artistas do s\u00e9culo XIX a compreender as formas art\u00edsticas do Renascimento.<\/p>\n\n\n\n<p><strong>b)<\/strong> Atrelava-se ao modo de pensar renascentista, no qual o homem e a natureza passavam a ser valorizados na constru\u00e7\u00e3o do conhecimento mundano.<\/p>\n\n\n\n<p><strong>c) <\/strong>Era marcado por uma valoriza\u00e7\u00e3o de temas naturalistas, opondo-se aos temas religiosos e sua liga\u00e7\u00e3o e proximidade com a Igreja cat\u00f3lica e a protestante do s\u00e9culo XIX.<\/p>\n\n\n\n<p><strong>d) <\/strong>Constitu\u00eda-se por uma aproxima\u00e7\u00e3o com o mundo grego e romano, valorizando o equil\u00edbrio das formas e propor\u00e7\u00f5es, num exemplo de arte barroca (humanista) do s\u00e9culo XV.<\/p>\n\n\n\n<p><strong>e) <\/strong>A valoriza\u00e7\u00e3o de ideias como a coletividade e a expropria\u00e7\u00e3o da propriedade privada.<br><\/p>\n\n\n\n<p><strong>Quest\u00e3o 7 &#8211; <a rel=\"noreferrer noopener\" aria-label=\"(FAU-SP) (abre numa nova aba)\" href=\"http:\/\/www.fau.usp.br\/\" target=\"_blank\">(FAU-SP)<\/a> <\/strong><\/p>\n\n\n\n<p> O indianismo de nossos poetas rom\u00e2nticos \u00e9:<br><\/p>\n\n\n\n<p><strong>a)<\/strong>uma forma de apresentar o \u00edndio em toda a sua realidade objetiva; o \u00edndio como elemento \u00e9tnico da futura ra\u00e7a brasileira.<\/p>\n\n\n\n<p><strong>b)<\/strong>um meio de reconstruir o grave perigo que o \u00edndio representava durante a instala\u00e7\u00e3o da capitania de S\u00e3o Vicente.<\/p>\n\n\n\n<p><strong>c)<\/strong> um modelo franc\u00eas seguido no Brasil; uma necessidade de exotismo que em nada difere do modelo europeu.<\/p>\n\n\n\n<p><strong>d)<\/strong> um meio de eternizar liricamente a aceita\u00e7\u00e3o, pelo \u00edndio, da nova civiliza\u00e7\u00e3o que se instalava.<\/p>\n\n\n\n<p><strong>e)<\/strong> uma forma de apresentar o \u00edndio como motivo est\u00e9tico; idealiza\u00e7\u00e3o com simpatia e piedade; exalta\u00e7\u00e3o da bravura, do hero\u00edsmo e de todas as qualidades morais superiores.<br><\/p>\n\n\n\n<p><strong>Quest\u00e3o 8 &#8211;<a rel=\"noreferrer noopener\" aria-label=\" (Unifesp-2003) (abre numa nova aba)\" href=\"https:\/\/www.unifesp.br\/\" target=\"_blank\"> (Unifesp-2003)<\/a><\/strong><\/p>\n\n\n\n<p><strong>O corti\u00e7o<\/strong><\/p>\n\n\n\n<p>Fechou-se um entra-e-sai de marimbondos defronte daquelas cem casinhas amea\u00e7adas pelo fogo. Homens e mulheres corriam de c\u00e1 para l\u00e1 com os tarecos ao ombro, numa balb\u00fardia de doidos. O p\u00e1tio e a rua enchiam-se agora de camas velhas e colch\u00f5es espocados. Ningu\u00e9m se conhecia naquela zumba de gritos sem nexo, e choro de crian\u00e7as esmagadas, e pragas arrancadas pela dor e pelo desespero. Da casa do Bar\u00e3o sa\u00edam clamores apopl\u00e9ticos; ouviam-se os guinchos de Zulmira que se espolinhava com um ataque. E come\u00e7ou a aparecer \u00e1gua. Quem a trouxe? Ningu\u00e9m sabia diz\u00ea-lo; mas viam-se baldes e baldes que se despejavam sobre as chamas.<\/p>\n\n\n\n<p>Os sinos da vizinhan\u00e7a come\u00e7aram a badalar.<\/p>\n\n\n\n<p>E tudo era um clamor.<\/p>\n\n\n\n<p>A Bruxa surgiu \u00e0 janela da sua casa, como \u00e0 boca de uma fornalha acesa. Estava horr\u00edvel; nunca fora t\u00e3o bruxa. O seu moreno trigueiro, de cabocla velha, reluzia que nem metal em brasa; a sua crina preta, desgrenhada, escorrida e abundante como as das \u00e9guas selvagens, dava-lhe um car\u00e1ter fant\u00e1stico de f\u00faria sa\u00edda do inferno. E ela ria-se, \u00e9bria de satisfa\u00e7\u00e3o, sem sentir as queimaduras e as feridas, vitoriosa no meio daquela orgia de fogo, com que ultimamente vivia a sonhar em segredo a sua alma extravagante de maluca.<\/p>\n\n\n\n<p>Ia atirar-se c\u00e1 para fora, quando se ouviu estalar o madeiramento da casa incendiada, que abateu rapidamente, sepultando a louca num mont\u00e3o de brasas.<\/p>\n\n\n\n<p>(Alu\u00edsio Azevedo. O corti\u00e7o)<\/p>\n\n\n\n<p>O car\u00e1ter naturalista nessa obra de Alu\u00edsio Azevedo oferece, de maneira figurada, um retrato de nosso pa\u00eds, no final do s\u00e9culo XIX. P\u00f5e em evid\u00eancia a competi\u00e7\u00e3o dos mais fortes, entre si, e estes, esmagando as camadas de baixo, compostas de brancos pobres, mesti\u00e7os e escravos africanos. No ambiente de degrada\u00e7\u00e3o de um corti\u00e7o, o autor exp\u00f5e um quadro tenso de mis\u00e9rias materiais e humanas. No fragmento, h\u00e1 v\u00e1rias outras caracter\u00edsticas do Naturalismo. Aponte a alternativa em que as duas caracter\u00edsticas apresentadas s\u00e3o corretas.<br><\/p>\n\n\n\n<p><strong>a) <\/strong>Explora\u00e7\u00e3o do comportamento anormal e dos instintos baixos; enfoque da vida e dos fatos sociais contempor\u00e2neos ao escritor.<\/p>\n\n\n\n<p><strong>b)<\/strong> Vis\u00e3o subjetivista dada pelo foco narrativo; tens\u00e3o conflitiva entre o ser humano e o meio ambiente.<\/p>\n\n\n\n<p><strong>c) <\/strong>Prefer\u00eancia pelos temas do passado, propiciando uma vis\u00e3o objetiva dos fatos; cr\u00edtica aos valores burgueses e predile\u00e7\u00e3o pelos mais pobres.<\/p>\n\n\n\n<p><strong>d) <\/strong>A onisci\u00eancia do narrador imprime-lhe o papel de criador, e se confunde com a ideia de Deus; utiliza\u00e7\u00e3o de preciosismos vocabulares, para enfatizar o distanciamento entre a enuncia\u00e7\u00e3o e os fatos enunciados.<\/p>\n\n\n\n<p><strong>e) <\/strong>Explora\u00e7\u00e3o de um tema em que o ser humano \u00e9 aviltado pelo mais forte; predomin\u00e2ncia de elementos anticient\u00edficos, para ajustar a narra\u00e7\u00e3o ao ambiente degradante dos personagens.<br><\/p>\n\n\n\n<p><strong>Quest\u00e3o 9 \u2013 <a rel=\"noreferrer noopener\" aria-label=\"(PUC \u2013 PR\/2007) (abre numa nova aba)\" href=\"https:\/\/www.pucpr.br\/\" target=\"_blank\">(PUC \u2013 PR\/2007)<\/a> <\/strong><\/p>\n\n\n\n<p><strong> <\/strong>Assinale a alternativa que cont\u00e9m a afirma\u00e7\u00e3o correta sobre o Naturalismo no Brasil.<br><\/p>\n\n\n\n<p><strong>a) <\/strong>O Naturalismo, por seus princ\u00edpios cient\u00edficos, considerava as narrativas liter\u00e1rias exemplos de demonstra\u00e7\u00e3o de teses e ideias sobre a sociedade e o homem.<\/p>\n\n\n\n<p><strong>b) <\/strong>O Naturalismo usou elementos da natureza selvagem do Brasil do s\u00e9culo XIX para defender teses sobre os defeitos da cultura primitiva.<\/p>\n\n\n\n<p><strong>c) <\/strong>A valoriza\u00e7\u00e3o da natureza rude verificada nos poetas \u00e1rcades se prolonga na vis\u00e3o naturalista do s\u00e9culo XIX, que toma a natureza decadente dos corti\u00e7os para provar os malef\u00edcios da mesti\u00e7agem.<\/p>\n\n\n\n<p><strong>d)<\/strong> O Naturalismo no Brasil esteve sempre ligado \u00e0 beleza das paisagens das cidades e do interior do Brasil.<\/p>\n\n\n\n<p><strong>e)<\/strong> O Naturalismo do s\u00e9culo XIX no Brasil difundiu na literatura uma linguagem cient\u00edfica e herm\u00e9tica, fazendo com que os textos liter\u00e1rios fossem lidos apenas por intelectuais.<br><\/p>\n\n\n\n<p><strong>Quest\u00e3o 10 \u2013<a rel=\"noreferrer noopener\" aria-label=\" (ENEM 2001) (abre numa nova aba)\" href=\"https:\/\/enem.inep.gov.br\" target=\"_blank\"> (ENEM 2001)<\/a> <\/strong><\/p>\n\n\n\n<p>No trecho abaixo, o narrador, ao descrever a personagem, critica sutilmente um outro estilo de \u00e9poca: o romantismo.<br><\/p>\n\n\n\n<p>\u201cNaquele tempo contava apenas uns quinze ou dezesseis anos; era talvez a mais atrevida criatura da nossa ra\u00e7a, e, com certeza, a mais voluntariosa. N\u00e3o digo que j\u00e1 lhe coubesse a primazia da beleza, entre as mocinhas do tempo, porque isto n\u00e3o \u00e9 romance, em que o autor sobredoura a realidade e fecha os olhos \u00e0s sardas e espinhas; mas tamb\u00e9m n\u00e3o digo que lhe maculasse o rosto nenhuma sarda ou espinha, n\u00e3o. Era bonita, fresca, sa\u00eda das m\u00e3os da natureza, cheia daquele feiti\u00e7o, prec\u00e1rio e eterno, que o indiv\u00edduo passa a outro indiv\u00edduo, para os fins secretos da cria\u00e7\u00e3o.\u201d<br><\/p>\n\n\n\n<p>ASSIS, Machado de. Mem\u00f3rias P\u00f3stumas de Br\u00e1s Cubas.<\/p>\n\n\n\n<p>Rio de Janeiro: Jackson, 1957.<br><\/p>\n\n\n\n<p>A frase do texto em que se percebe a cr\u00edtica do narrador ao romantismo est\u00e1 transcrita na alternativa:<br><\/p>\n\n\n\n<p><strong>a) <\/strong>\u2026 o autor sobredoura a realidade e fecha os olhos \u00e0s sardas e espinhas\u2026<\/p>\n\n\n\n<p><strong>b) <\/strong>\u2026 era talvez a mais atrevida criatura da nossa ra\u00e7a\u2026<\/p>\n\n\n\n<p><strong>c)<\/strong> Era bonita, fresca, sa\u00eda das m\u00e3os da natureza, cheia daquele feiti\u00e7o, prec\u00e1rio e eterno, \u2026<\/p>\n\n\n\n<p><strong>d)<\/strong> Naquele tempo contava apenas uns quinze ou dezesseis anos\u2026<\/p>\n\n\n\n<p><strong>e) <\/strong>\u2026 o indiv\u00edduo passa a outro indiv\u00edduo, para os fins secretos da cria\u00e7\u00e3o.<\/p>\n\n\n\n<h2 class=\"wp-block-heading\" id=\"gabarito-dos-exerc\u00edcios\">Gabarito dos Exerc\u00edcios sobre Escolas Liter\u00e1rias<\/h2>\n\n\n\n<p><strong>Exerc\u00edcio resolvido da quest\u00e3o 1 &#8211;<\/strong><\/p>\n\n\n\n<p>Alternativa correta:<strong> d) <\/strong>I \u2013 Arcadismo; II \u2013 Barroco; III \u2013 Romantismo<br><\/p>\n\n\n\n<p><strong>Exerc\u00edcio resolvido da quest\u00e3o 2 &#8211;<\/strong><\/p>\n\n\n\n<p>Alternativa correta: <strong>c) <\/strong>1, 3, 2, 2, 1<br><\/p>\n\n\n\n<p><strong>Exerc\u00edcio resolvido da quest\u00e3o 3 &#8211;<\/strong><\/p>\n\n\n\n<p>Alternativa correta: <strong>d)<\/strong> personalidade, modelando uma imagem sacra com fei\u00e7\u00f5es populares.<br><\/p>\n\n\n\n<p><strong>Exerc\u00edcio resolvido da quest\u00e3o 4 &#8211;<\/strong><\/p>\n\n\n\n<p>Alternativa correta: <strong>c) <\/strong>o marco inicial do Romantismo em Portugal \u00e9 a publica\u00e7\u00e3o do poema \u201cCam\u00f5es\u201d. Todavia, a nova est\u00e9tica liter\u00e1ria s\u00f3 viria a se firmar uma d\u00e9cada depois com a Quest\u00e3o Coimbr\u00e3, quando se aceitou o papel revolucion\u00e1rio da nova poesia e a independ\u00eancia dos novos poetas em rela\u00e7\u00e3o aos velhos mestres.\u00a0<br><\/p>\n\n\n\n<p><strong>Exerc\u00edcio resolvido da quest\u00e3o 5 &#8211;<\/strong><\/p>\n\n\n\n<p>Alternativa correta: <strong>c) <\/strong>os homens da \u00e9poca tenderam a valorizar a produ\u00e7\u00e3o art\u00edstica e intelectual das civiliza\u00e7\u00f5es do Oriente M\u00e9dio, especialmente a eg\u00edpcia e a mesopot\u00e2mica, pela conex\u00e3o que estas guardavam com a hist\u00f3ria hebraica descrita na B\u00edblia.<br><\/p>\n\n\n\n<p><strong>Exerc\u00edcio resolvido da quest\u00e3o 6 &#8211;<\/strong><\/p>\n\n\n\n<p>Alternativa correta:<strong> b) <\/strong>Atrelava-se ao modo de pensar renascentista, no qual o homem e a natureza passavam a ser valorizados na constru\u00e7\u00e3o do conhecimento mundano.<br><\/p>\n\n\n\n<p><strong>Exerc\u00edcio resolvido da quest\u00e3o 7 &#8211;<\/strong><\/p>\n\n\n\n<p>Alternativa correta: <strong>e)<\/strong> uma forma de apresentar o \u00edndio como motivo est\u00e9tico; idealiza\u00e7\u00e3o com simpatia e piedade; exalta\u00e7\u00e3o da bravura, do hero\u00edsmo e de todas as qualidades morais superiores.<br><\/p>\n\n\n\n<p><strong>Exerc\u00edcio resolvido da quest\u00e3o 8 &#8211;<\/strong><\/p>\n\n\n\n<p>Alternativa correta:<strong> a)<\/strong> Explora\u00e7\u00e3o do comportamento anormal e dos instintos baixos; enfoque da vida e dos fatos sociais contempor\u00e2neos ao escritor.<br><\/p>\n\n\n\n<p><strong>Exerc\u00edcio resolvido da quest\u00e3o 9 &#8211;<\/strong><\/p>\n\n\n\n<p>Alternativa correta: <strong>a) <\/strong>O Naturalismo, por seus princ\u00edpios cient\u00edficos, considerava as narrativas liter\u00e1rias exemplos de demonstra\u00e7\u00e3o de teses e ideias sobre a sociedade e o homem.<br><\/p>\n\n\n\n<p><strong>Exerc\u00edcio resolvido da quest\u00e3o 10 &#8211;<\/strong><\/p>\n\n\n\n<p>Alternativa correta: <strong>a) <\/strong>\u2026 o autor sobredoura a realidade e fecha os olhos \u00e0s sardas e espinhas\u2026<br><\/p>\n\n\n\n<p>Estude para o Enem com o<a href=\"https:\/\/beduka.com\/simulado\" target=\"_blank\" rel=\"noreferrer noopener\" aria-label=\" (abre numa nova aba)\"> Simulado Beduka.<\/a> <strong>\u00c9 gratuito!<\/strong><br><\/p>\n\n\n\n<p><strong>Gostou dos nossos Exerc\u00edcios e Resumo das Escolas Liter\u00e1rias? <\/strong>Compartilhe com os seus amigos e comente abaixo sobre \u00e1reas que voc\u00ea deseja mais explica\u00e7\u00f5es.<br><\/p>\n\n\n\n<p><strong>Queremos te ajudar a encontrar a FACULDADE IDEAL! <\/strong>Logo abaixo, fa\u00e7a uma pesquisa por curso e cidade que te mostraremos todas as faculdades que podem te atender. <strong>Informamos a nota de corte, valor de mensalidade, nota do MEC, avalia\u00e7\u00e3o dos alunos, modalidades de ensino e muito mais.<\/strong><br><\/p>\n\n\n\n<p><strong>Experimente agora!<\/strong><br><\/p>\n","protected":false},"excerpt":{"rendered":"<p>Voc\u00ea sabe quais s\u00e3o as escolas liter\u00e1rias? Leia nosso artigo Exerc\u00edcios e Resumo das Escolas Liter\u00e1rias, aprenda e pratique para arrasar na prova do Enem!<\/p>\n","protected":false},"author":1,"featured_media":22347,"comment_status":"open","ping_status":"closed","sticky":false,"template":"","format":"standard","meta":{"_mi_skip_tracking":false,"_monsterinsights_sitenote_active":false,"_monsterinsights_sitenote_note":"","_monsterinsights_sitenote_category":0},"categories":[568,609],"tags":[548,1459],"yoast_head":"<!-- This site is optimized with the Yoast SEO plugin v20.10 - https:\/\/yoast.com\/wordpress\/plugins\/seo\/ -->\n<title>Os 10 melhores Exerc\u00edcios e Resumo das Escolas Liter\u00e1rias + Gabarito!<\/title>\n<meta name=\"description\" content=\"Voc\u00ea sabe quais s\u00e3o as escolas liter\u00e1rias? Leia nosso artigo Exerc\u00edcios e Resumo das Escolas Liter\u00e1rias, aprenda e pratique para arrasar na prova do Enem!\" \/>\n<meta name=\"robots\" content=\"index, follow, max-snippet:-1, max-image-preview:large, max-video-preview:-1\" \/>\n<link rel=\"canonical\" href=\"https:\/\/beduka.com\/blog\/exercicios\/literatura-exercicios\/exercicios-resumo-das-escolas-literarias\/\" \/>\n<meta property=\"og:locale\" content=\"pt_BR\" \/>\n<meta property=\"og:type\" content=\"article\" \/>\n<meta property=\"og:title\" content=\"Os 10 melhores Exerc\u00edcios e Resumo das Escolas Liter\u00e1rias + Gabarito!\" \/>\n<meta property=\"og:description\" content=\"Voc\u00ea sabe quais s\u00e3o as escolas liter\u00e1rias? Leia nosso artigo Exerc\u00edcios e Resumo das Escolas Liter\u00e1rias, aprenda e pratique para arrasar na prova do Enem!\" \/>\n<meta property=\"og:url\" content=\"https:\/\/beduka.com\/blog\/exercicios\/literatura-exercicios\/exercicios-resumo-das-escolas-literarias\/\" \/>\n<meta property=\"og:site_name\" content=\"Blog do Beduka | Mat\u00e9rias resumidas, Dicas e Exerc\u00edcios Enem\" \/>\n<meta property=\"article:publisher\" content=\"https:\/\/www.facebook.com\/beduka.buscadordefaculdades\/\" \/>\n<meta property=\"article:author\" content=\"https:\/\/www.facebook.com\/beduka.buscadordefaculdades\" \/>\n<meta property=\"article:published_time\" content=\"2019-09-25T18:43:53+00:00\" \/>\n<meta property=\"article:modified_time\" content=\"2021-09-14T23:35:17+00:00\" \/>\n<meta property=\"og:image\" content=\"https:\/\/beduka.com\/blog\/wp-content\/uploads\/2019\/09\/Os-10-melhores-exercicios-sobre-as-Escolas-Literarias-com-Gabarito.jpg\" \/>\n\t<meta property=\"og:image:width\" content=\"609\" \/>\n\t<meta property=\"og:image:height\" content=\"342\" \/>\n\t<meta property=\"og:image:type\" content=\"image\/jpeg\" \/>\n<meta name=\"author\" content=\"Reda\u00e7\u00e3o Beduka (a)\" \/>\n<meta name=\"twitter:card\" content=\"summary_large_image\" \/>\n<meta name=\"twitter:label1\" content=\"Escrito por\" \/>\n\t<meta name=\"twitter:data1\" content=\"Reda\u00e7\u00e3o Beduka (a)\" \/>\n\t<meta name=\"twitter:label2\" content=\"Est. tempo de leitura\" \/>\n\t<meta name=\"twitter:data2\" content=\"17 minutos\" \/>\n<script type=\"application\/ld+json\" class=\"yoast-schema-graph\">{\"@context\":\"https:\/\/schema.org\",\"@graph\":[{\"@type\":\"Article\",\"@id\":\"https:\/\/beduka.com\/blog\/exercicios\/literatura-exercicios\/exercicios-resumo-das-escolas-literarias\/#article\",\"isPartOf\":{\"@id\":\"https:\/\/beduka.com\/blog\/exercicios\/literatura-exercicios\/exercicios-resumo-das-escolas-literarias\/\"},\"author\":{\"name\":\"Reda\u00e7\u00e3o Beduka (a)\",\"@id\":\"https:\/\/beduka.com\/blog\/#\/schema\/person\/325d912d2cb8dd9ede8ab291427d2b8a\"},\"headline\":\"Os 10 melhores Exerc\u00edcios e Resumo das Escolas Liter\u00e1rias + Gabarito!\",\"datePublished\":\"2019-09-25T18:43:53+00:00\",\"dateModified\":\"2021-09-14T23:35:17+00:00\",\"mainEntityOfPage\":{\"@id\":\"https:\/\/beduka.com\/blog\/exercicios\/literatura-exercicios\/exercicios-resumo-das-escolas-literarias\/\"},\"wordCount\":3404,\"commentCount\":2,\"publisher\":{\"@id\":\"https:\/\/beduka.com\/blog\/#organization\"},\"keywords\":[\"exerc\u00edcios\",\"Resumo das Escolas Liter\u00e1rias\"],\"articleSection\":[\"Exerc\u00edcios\",\"Literatura\"],\"inLanguage\":\"pt-BR\",\"potentialAction\":[{\"@type\":\"CommentAction\",\"name\":\"Comment\",\"target\":[\"https:\/\/beduka.com\/blog\/exercicios\/literatura-exercicios\/exercicios-resumo-das-escolas-literarias\/#respond\"]}]},{\"@type\":\"WebPage\",\"@id\":\"https:\/\/beduka.com\/blog\/exercicios\/literatura-exercicios\/exercicios-resumo-das-escolas-literarias\/\",\"url\":\"https:\/\/beduka.com\/blog\/exercicios\/literatura-exercicios\/exercicios-resumo-das-escolas-literarias\/\",\"name\":\"Os 10 melhores Exerc\u00edcios e Resumo das Escolas Liter\u00e1rias + Gabarito!\",\"isPartOf\":{\"@id\":\"https:\/\/beduka.com\/blog\/#website\"},\"datePublished\":\"2019-09-25T18:43:53+00:00\",\"dateModified\":\"2021-09-14T23:35:17+00:00\",\"description\":\"Voc\u00ea sabe quais s\u00e3o as escolas liter\u00e1rias? Leia nosso artigo Exerc\u00edcios e Resumo das Escolas Liter\u00e1rias, aprenda e pratique para arrasar na prova do Enem!\",\"breadcrumb\":{\"@id\":\"https:\/\/beduka.com\/blog\/exercicios\/literatura-exercicios\/exercicios-resumo-das-escolas-literarias\/#breadcrumb\"},\"inLanguage\":\"pt-BR\",\"potentialAction\":[{\"@type\":\"ReadAction\",\"target\":[\"https:\/\/beduka.com\/blog\/exercicios\/literatura-exercicios\/exercicios-resumo-das-escolas-literarias\/\"]}]},{\"@type\":\"BreadcrumbList\",\"@id\":\"https:\/\/beduka.com\/blog\/exercicios\/literatura-exercicios\/exercicios-resumo-das-escolas-literarias\/#breadcrumb\",\"itemListElement\":[{\"@type\":\"ListItem\",\"position\":1,\"name\":\"Home\",\"item\":\"https:\/\/beduka.com\/blog\/\"},{\"@type\":\"ListItem\",\"position\":2,\"name\":\"Os 10 melhores Exerc\u00edcios e Resumo das Escolas Liter\u00e1rias + Gabarito!\"}]},{\"@type\":\"WebSite\",\"@id\":\"https:\/\/beduka.com\/blog\/#website\",\"url\":\"https:\/\/beduka.com\/blog\/\",\"name\":\"Blog do Beduka | Mat\u00e9rias resumidas, Dicas e Exerc\u00edcios Enem\",\"description\":\"O Blog do Beduka tem os conte\u00fados que mais caem no Enem, exerc\u00edcios de vestibular com gabarito, resumos, dicas e informa\u00e7\u00f5es Sisu, Prouni e Fies.Encontre dicas para o ENEM, resumos, exerc\u00edcios e informa\u00e7\u00f5es sobre os vestibulares. Acesse agora!\",\"publisher\":{\"@id\":\"https:\/\/beduka.com\/blog\/#organization\"},\"potentialAction\":[{\"@type\":\"SearchAction\",\"target\":{\"@type\":\"EntryPoint\",\"urlTemplate\":\"https:\/\/beduka.com\/blog\/?s={search_term_string}\"},\"query-input\":\"required name=search_term_string\"}],\"inLanguage\":\"pt-BR\"},{\"@type\":\"Organization\",\"@id\":\"https:\/\/beduka.com\/blog\/#organization\",\"name\":\"Beduka\",\"url\":\"https:\/\/beduka.com\/blog\/\",\"logo\":{\"@type\":\"ImageObject\",\"inLanguage\":\"pt-BR\",\"@id\":\"https:\/\/beduka.com\/blog\/#\/schema\/logo\/image\/\",\"url\":\"https:\/\/beduka.com\/blog\/wp-content\/uploads\/2020\/06\/marca-beduka.png\",\"contentUrl\":\"https:\/\/beduka.com\/blog\/wp-content\/uploads\/2020\/06\/marca-beduka.png\",\"width\":1077,\"height\":368,\"caption\":\"Beduka\"},\"image\":{\"@id\":\"https:\/\/beduka.com\/blog\/#\/schema\/logo\/image\/\"},\"sameAs\":[\"https:\/\/www.facebook.com\/beduka.buscadordefaculdades\/\",\"https:\/\/www.instagram.com\/beduka_oficial\/\",\"https:\/\/www.linkedin.com\/company\/beduka\",\"https:\/\/br.pinterest.com\/bedukaoficial\/\",\"https:\/\/www.youtube.com\/beduka\"]},{\"@type\":\"Person\",\"@id\":\"https:\/\/beduka.com\/blog\/#\/schema\/person\/325d912d2cb8dd9ede8ab291427d2b8a\",\"name\":\"Reda\u00e7\u00e3o Beduka (a)\",\"image\":{\"@type\":\"ImageObject\",\"inLanguage\":\"pt-BR\",\"@id\":\"https:\/\/beduka.com\/blog\/#\/schema\/person\/image\/\",\"url\":\"https:\/\/secure.gravatar.com\/avatar\/6f58a181ef24e0dc0bb73f096aa0f8b5?s=96&d=mm&r=g\",\"contentUrl\":\"https:\/\/secure.gravatar.com\/avatar\/6f58a181ef24e0dc0bb73f096aa0f8b5?s=96&d=mm&r=g\",\"caption\":\"Reda\u00e7\u00e3o Beduka (a)\"},\"description\":\"Este conte\u00fado foi criado e validado por uma equipe multidisciplinar, formada por especialistas em cada \u00e1rea do conhecimento. O Beduka est\u00e1 presente no Instagram, YouTube, LinkedIn e em diversos outros ambientes digitais. O site foi criado em 2017 e, desde a sua funda\u00e7\u00e3o, atua para fornecer materiais de qualidade para facilitar a vida de estudantes de todo o Brasil, ajudando-os a se preparar para os principais vestibulares e o Enem.\",\"sameAs\":[\"https:\/\/www.facebook.com\/beduka.buscadordefaculdades\",\"https:\/\/www.instagram.com\/beduka_oficial\/\",\"https:\/\/br.pinterest.com\/bedukaoficial\/\"],\"url\":\"https:\/\/beduka.com\/blog\/author\/admin\/\"}]}<\/script>\n<!-- \/ Yoast SEO plugin. -->","yoast_head_json":{"title":"Os 10 melhores Exerc\u00edcios e Resumo das Escolas Liter\u00e1rias + Gabarito!","description":"Voc\u00ea sabe quais s\u00e3o as escolas liter\u00e1rias? Leia nosso artigo Exerc\u00edcios e Resumo das Escolas Liter\u00e1rias, aprenda e pratique para arrasar na prova do Enem!","robots":{"index":"index","follow":"follow","max-snippet":"max-snippet:-1","max-image-preview":"max-image-preview:large","max-video-preview":"max-video-preview:-1"},"canonical":"https:\/\/beduka.com\/blog\/exercicios\/literatura-exercicios\/exercicios-resumo-das-escolas-literarias\/","og_locale":"pt_BR","og_type":"article","og_title":"Os 10 melhores Exerc\u00edcios e Resumo das Escolas Liter\u00e1rias + Gabarito!","og_description":"Voc\u00ea sabe quais s\u00e3o as escolas liter\u00e1rias? Leia nosso artigo Exerc\u00edcios e Resumo das Escolas Liter\u00e1rias, aprenda e pratique para arrasar na prova do Enem!","og_url":"https:\/\/beduka.com\/blog\/exercicios\/literatura-exercicios\/exercicios-resumo-das-escolas-literarias\/","og_site_name":"Blog do Beduka | Mat\u00e9rias resumidas, Dicas e Exerc\u00edcios Enem","article_publisher":"https:\/\/www.facebook.com\/beduka.buscadordefaculdades\/","article_author":"https:\/\/www.facebook.com\/beduka.buscadordefaculdades","article_published_time":"2019-09-25T18:43:53+00:00","article_modified_time":"2021-09-14T23:35:17+00:00","og_image":[{"width":609,"height":342,"url":"https:\/\/beduka.com\/blog\/wp-content\/uploads\/2019\/09\/Os-10-melhores-exercicios-sobre-as-Escolas-Literarias-com-Gabarito.jpg","type":"image\/jpeg"}],"author":"Reda\u00e7\u00e3o Beduka (a)","twitter_card":"summary_large_image","twitter_misc":{"Escrito por":"Reda\u00e7\u00e3o Beduka (a)","Est. tempo de leitura":"17 minutos"},"schema":{"@context":"https:\/\/schema.org","@graph":[{"@type":"Article","@id":"https:\/\/beduka.com\/blog\/exercicios\/literatura-exercicios\/exercicios-resumo-das-escolas-literarias\/#article","isPartOf":{"@id":"https:\/\/beduka.com\/blog\/exercicios\/literatura-exercicios\/exercicios-resumo-das-escolas-literarias\/"},"author":{"name":"Reda\u00e7\u00e3o Beduka (a)","@id":"https:\/\/beduka.com\/blog\/#\/schema\/person\/325d912d2cb8dd9ede8ab291427d2b8a"},"headline":"Os 10 melhores Exerc\u00edcios e Resumo das Escolas Liter\u00e1rias + Gabarito!","datePublished":"2019-09-25T18:43:53+00:00","dateModified":"2021-09-14T23:35:17+00:00","mainEntityOfPage":{"@id":"https:\/\/beduka.com\/blog\/exercicios\/literatura-exercicios\/exercicios-resumo-das-escolas-literarias\/"},"wordCount":3404,"commentCount":2,"publisher":{"@id":"https:\/\/beduka.com\/blog\/#organization"},"keywords":["exerc\u00edcios","Resumo das Escolas Liter\u00e1rias"],"articleSection":["Exerc\u00edcios","Literatura"],"inLanguage":"pt-BR","potentialAction":[{"@type":"CommentAction","name":"Comment","target":["https:\/\/beduka.com\/blog\/exercicios\/literatura-exercicios\/exercicios-resumo-das-escolas-literarias\/#respond"]}]},{"@type":"WebPage","@id":"https:\/\/beduka.com\/blog\/exercicios\/literatura-exercicios\/exercicios-resumo-das-escolas-literarias\/","url":"https:\/\/beduka.com\/blog\/exercicios\/literatura-exercicios\/exercicios-resumo-das-escolas-literarias\/","name":"Os 10 melhores Exerc\u00edcios e Resumo das Escolas Liter\u00e1rias + Gabarito!","isPartOf":{"@id":"https:\/\/beduka.com\/blog\/#website"},"datePublished":"2019-09-25T18:43:53+00:00","dateModified":"2021-09-14T23:35:17+00:00","description":"Voc\u00ea sabe quais s\u00e3o as escolas liter\u00e1rias? Leia nosso artigo Exerc\u00edcios e Resumo das Escolas Liter\u00e1rias, aprenda e pratique para arrasar na prova do Enem!","breadcrumb":{"@id":"https:\/\/beduka.com\/blog\/exercicios\/literatura-exercicios\/exercicios-resumo-das-escolas-literarias\/#breadcrumb"},"inLanguage":"pt-BR","potentialAction":[{"@type":"ReadAction","target":["https:\/\/beduka.com\/blog\/exercicios\/literatura-exercicios\/exercicios-resumo-das-escolas-literarias\/"]}]},{"@type":"BreadcrumbList","@id":"https:\/\/beduka.com\/blog\/exercicios\/literatura-exercicios\/exercicios-resumo-das-escolas-literarias\/#breadcrumb","itemListElement":[{"@type":"ListItem","position":1,"name":"Home","item":"https:\/\/beduka.com\/blog\/"},{"@type":"ListItem","position":2,"name":"Os 10 melhores Exerc\u00edcios e Resumo das Escolas Liter\u00e1rias + Gabarito!"}]},{"@type":"WebSite","@id":"https:\/\/beduka.com\/blog\/#website","url":"https:\/\/beduka.com\/blog\/","name":"Blog do Beduka | Mat\u00e9rias resumidas, Dicas e Exerc\u00edcios Enem","description":"O Blog do Beduka tem os conte\u00fados que mais caem no Enem, exerc\u00edcios de vestibular com gabarito, resumos, dicas e informa\u00e7\u00f5es Sisu, Prouni e Fies.Encontre dicas para o ENEM, resumos, exerc\u00edcios e informa\u00e7\u00f5es sobre os vestibulares. Acesse agora!","publisher":{"@id":"https:\/\/beduka.com\/blog\/#organization"},"potentialAction":[{"@type":"SearchAction","target":{"@type":"EntryPoint","urlTemplate":"https:\/\/beduka.com\/blog\/?s={search_term_string}"},"query-input":"required name=search_term_string"}],"inLanguage":"pt-BR"},{"@type":"Organization","@id":"https:\/\/beduka.com\/blog\/#organization","name":"Beduka","url":"https:\/\/beduka.com\/blog\/","logo":{"@type":"ImageObject","inLanguage":"pt-BR","@id":"https:\/\/beduka.com\/blog\/#\/schema\/logo\/image\/","url":"https:\/\/beduka.com\/blog\/wp-content\/uploads\/2020\/06\/marca-beduka.png","contentUrl":"https:\/\/beduka.com\/blog\/wp-content\/uploads\/2020\/06\/marca-beduka.png","width":1077,"height":368,"caption":"Beduka"},"image":{"@id":"https:\/\/beduka.com\/blog\/#\/schema\/logo\/image\/"},"sameAs":["https:\/\/www.facebook.com\/beduka.buscadordefaculdades\/","https:\/\/www.instagram.com\/beduka_oficial\/","https:\/\/www.linkedin.com\/company\/beduka","https:\/\/br.pinterest.com\/bedukaoficial\/","https:\/\/www.youtube.com\/beduka"]},{"@type":"Person","@id":"https:\/\/beduka.com\/blog\/#\/schema\/person\/325d912d2cb8dd9ede8ab291427d2b8a","name":"Reda\u00e7\u00e3o Beduka (a)","image":{"@type":"ImageObject","inLanguage":"pt-BR","@id":"https:\/\/beduka.com\/blog\/#\/schema\/person\/image\/","url":"https:\/\/secure.gravatar.com\/avatar\/6f58a181ef24e0dc0bb73f096aa0f8b5?s=96&d=mm&r=g","contentUrl":"https:\/\/secure.gravatar.com\/avatar\/6f58a181ef24e0dc0bb73f096aa0f8b5?s=96&d=mm&r=g","caption":"Reda\u00e7\u00e3o Beduka (a)"},"description":"Este conte\u00fado foi criado e validado por uma equipe multidisciplinar, formada por especialistas em cada \u00e1rea do conhecimento. O Beduka est\u00e1 presente no Instagram, YouTube, LinkedIn e em diversos outros ambientes digitais. O site foi criado em 2017 e, desde a sua funda\u00e7\u00e3o, atua para fornecer materiais de qualidade para facilitar a vida de estudantes de todo o Brasil, ajudando-os a se preparar para os principais vestibulares e o Enem.","sameAs":["https:\/\/www.facebook.com\/beduka.buscadordefaculdades","https:\/\/www.instagram.com\/beduka_oficial\/","https:\/\/br.pinterest.com\/bedukaoficial\/"],"url":"https:\/\/beduka.com\/blog\/author\/admin\/"}]}},"_links":{"self":[{"href":"https:\/\/beduka.com\/blog\/wp-json\/wp\/v2\/posts\/11959"}],"collection":[{"href":"https:\/\/beduka.com\/blog\/wp-json\/wp\/v2\/posts"}],"about":[{"href":"https:\/\/beduka.com\/blog\/wp-json\/wp\/v2\/types\/post"}],"author":[{"embeddable":true,"href":"https:\/\/beduka.com\/blog\/wp-json\/wp\/v2\/users\/1"}],"replies":[{"embeddable":true,"href":"https:\/\/beduka.com\/blog\/wp-json\/wp\/v2\/comments?post=11959"}],"version-history":[{"count":11,"href":"https:\/\/beduka.com\/blog\/wp-json\/wp\/v2\/posts\/11959\/revisions"}],"predecessor-version":[{"id":23189,"href":"https:\/\/beduka.com\/blog\/wp-json\/wp\/v2\/posts\/11959\/revisions\/23189"}],"wp:featuredmedia":[{"embeddable":true,"href":"https:\/\/beduka.com\/blog\/wp-json\/wp\/v2\/media\/22347"}],"wp:attachment":[{"href":"https:\/\/beduka.com\/blog\/wp-json\/wp\/v2\/media?parent=11959"}],"wp:term":[{"taxonomy":"category","embeddable":true,"href":"https:\/\/beduka.com\/blog\/wp-json\/wp\/v2\/categories?post=11959"},{"taxonomy":"post_tag","embeddable":true,"href":"https:\/\/beduka.com\/blog\/wp-json\/wp\/v2\/tags?post=11959"}],"curies":[{"name":"wp","href":"https:\/\/api.w.org\/{rel}","templated":true}]}}