{"id":12970,"date":"2019-10-11T14:30:17","date_gmt":"2019-10-11T17:30:17","guid":{"rendered":"https:\/\/beduka.com\/blog\/?p=12970"},"modified":"2019-10-24T15:24:30","modified_gmt":"2019-10-24T18:24:30","slug":"exercicios-sobre-relacoes-ecologicas","status":"publish","type":"post","link":"https:\/\/beduka.com\/blog\/exercicios\/biologia-exercicios\/exercicios-sobre-relacoes-ecologicas\/","title":{"rendered":"Exerc\u00edcios sobre Rela\u00e7\u00f5es Ecol\u00f3gicas com gabarito"},"content":{"rendered":"\n<blockquote class=\"wp-block-quote\"><p><strong><em>\u00c9 preciso fazer exerc\u00edcios sobre rela\u00e7\u00f5es ecol\u00f3gicas para testar seus conhecimentos sobre o funcionamento e organiza\u00e7\u00e3odas popula\u00e7\u00f5es e comunidades existentes.&nbsp;<\/em><\/strong><br><\/p><\/blockquote>\n\n\n\n<p>Na prova do<a href=\"https:\/\/beduka.com\/blog\/enem\/\" target=\"_blank\" rel=\"noreferrer noopener\" aria-label=\" (abre numa nova aba)\"> ENEM <\/a>a mat\u00e9ria de rela\u00e7\u00f5es ecol\u00f3gicas costuma ser cobrada no caderno de <strong>Ci\u00eancias Humanas e suas tecnologias,<\/strong> ent\u00e3o fa\u00e7a os exerc\u00edcios e confira as respostas no gabarito para se preparar ainda mais.<br><\/p>\n\n\n\n<ul><li>Prepare-se com o nosso artigo completo sobre<a href=\"https:\/\/beduka.com\/blog\/materias\/biologia\/o-que-sao-relacoes-ecologicas\/\" target=\"_blank\" rel=\"noreferrer noopener\" aria-label=\" (abre numa nova aba)\"> rela\u00e7\u00f5es ecol\u00f3gicas!<\/a><\/li><\/ul>\n\n\n\n<h2 class=\"wp-block-heading\">Exerc\u00edcios sobre Rela\u00e7\u00f5es Ecol\u00f3gicas<\/h2>\n\n\n\n<p><strong>1 &#8211; <a href=\"http:\/\/www.ufc.br\/\" target=\"_blank\" rel=\"noreferrer noopener\" aria-label=\" (abre numa nova aba)\">(UFC-CE)<\/a> &#8211; <\/strong>As esponjas desempenham pap\u00e9is importantes em muitos habitat marinhos. A natureza porosa das esponjas as torna uma habita\u00e7\u00e3o ideal para v\u00e1rios crust\u00e1ceos, equinodermos e vermes marinhos. Al\u00e9m disso, alguns caramujos e crust\u00e1ceos t\u00eam, tipicamente, esponjas grudadas em suas conchas e carapa\u00e7as, tornando-os impercept\u00edveis aos predadores. Nesse caso, a esponja se beneficia por se nutrir de part\u00edculas de alimento liberadas durante a alimenta\u00e7\u00e3o de seu hospedeiro. As rela\u00e7\u00f5es ecol\u00f3gicas presentes no texto s\u00e3o<br><\/p>\n\n\n\n<p>a) protocoopera\u00e7\u00e3o e competi\u00e7\u00e3o.<\/p>\n\n\n\n<p>b) inquilinismo e protocoopera\u00e7\u00e3o.<\/p>\n\n\n\n<p>c) inquilinismo e parasitismo.<\/p>\n\n\n\n<p>d) competi\u00e7\u00e3o e preda\u00e7\u00e3o.<\/p>\n\n\n\n<p>e) parasitismo e preda\u00e7\u00e3o.<br><\/p>\n\n\n\n<p><strong>2 &#8211; <a href=\"http:\/\/www.unama.br\/\" target=\"_blank\" rel=\"noreferrer noopener\" aria-label=\" (abre numa nova aba)\">(Unama-PA)<\/a> &#8211;<\/strong> Os casos locais de raiva humana no Par\u00e1 ocorrem, basicamente, por transmiss\u00e3o de morcegos hemat\u00f3fagos, os quais transmitem os agentes causadores da doen\u00e7a ao homem. A situa\u00e7\u00e3o que existe entre os referidos seres e o homem \u00e9 um t\u00edpico exemplo de rela\u00e7\u00e3o<br><\/p>\n\n\n\n<p>a) interespec\u00edfica do tipo predatismo.<\/p>\n\n\n\n<p>b) interespec\u00edfica do tipo parasitismo.<\/p>\n\n\n\n<p>c) intraespec\u00edfica do tipo canibalismo.<\/p>\n\n\n\n<p>d) intraespec\u00edfica do tipo competi\u00e7\u00e3o.<br><\/p>\n\n\n\n<p><strong>3 &#8211; (<a href=\"https:\/\/www.ufpi.br\/\" target=\"_blank\" rel=\"noreferrer noopener\" aria-label=\" (abre numa nova aba)\">UFPI<\/a>-adaptada) &#8211; <\/strong>Dos tipos de rela\u00e7\u00f5es ecol\u00f3gicas seguintes, o \u00fanico que ocorre exclusivamente entre organismos da mesma esp\u00e9cie \u00e9:<br><\/p>\n\n\n\n<p>a) Inquilinismo;<\/p>\n\n\n\n<p>b) Herbivoria;<\/p>\n\n\n\n<p>c) Mutualismo;<\/p>\n\n\n\n<p>d) Sociedade;<\/p>\n\n\n\n<p>e) Parasitismo.<br><\/p>\n\n\n\n<p><strong>4 &#8211; <a href=\"http:\/\/www.fatecsp.br\/\" target=\"_blank\" rel=\"noreferrer noopener\" aria-label=\" (abre numa nova aba)\">(Fatec-SP)<\/a> &#8211; <\/strong>Abelhas apresentam tr\u00eas castas sociais: as oper\u00e1rias, f\u00eameas est\u00e9reis que realizam o trabalho da colmeia, a rainha e o zang\u00e3o, encarregados da reprodu\u00e7\u00e3o. Essa divis\u00e3o de trabalho caracteriza:<br><\/p>\n\n\n\n<p>a) Sociedade isomorfa com rela\u00e7\u00f5es intraespec\u00edficas harm\u00f4nicas;<\/p>\n\n\n\n<p>b) Sociedade heteromorfa com rela\u00e7\u00f5es intraespec\u00edficas harm\u00f4nicas;<\/p>\n\n\n\n<p>c) Col\u00f4nia heteromorfa com rela\u00e7\u00f5es interespec\u00edficas harm\u00f4nicas;<\/p>\n\n\n\n<p>d) Col\u00f4nia isomorfa com rela\u00e7\u00f5es interespec\u00edficas harm\u00f4nicas;<\/p>\n\n\n\n<p>e) Col\u00f4nia heteromorfa com rela\u00e7\u00f5es intraespec\u00edficas harm\u00f4nicas.<br><\/p>\n\n\n\n<p><strong>5 &#8211; <a href=\"https:\/\/www.puc-campinas.edu.br\/\" target=\"_blank\" rel=\"noreferrer noopener\" aria-label=\" (abre numa nova aba)\">(PUCCAMP-SP)<\/a> &#8211; <\/strong>Considere as afirma\u00e7\u00f5es abaixo relativas a fatores de crescimento populacional.<br><\/p>\n\n\n\n<p>I. A competi\u00e7\u00e3o intraespec\u00edfica interfere na densidade da popula\u00e7\u00e3o.<\/p>\n\n\n\n<p>II. A competi\u00e7\u00e3o interespec\u00edfica n\u00e3o influi no crescimento das popula\u00e7\u00f5es.<\/p>\n\n\n\n<p>III. Um dos fatores limitantes do crescimento populacional \u00e9 a disponibilidade de alimentos, que diminui quando a densidade da popula\u00e7\u00e3o aumenta.<\/p>\n\n\n\n<p>IV. Fatores clim\u00e1ticos influem no crescimento da popula\u00e7\u00e3o independentemente de sua densidade.<br><\/p>\n\n\n\n<p>S\u00e3o verdadeiras apenas:<br><\/p>\n\n\n\n<p>a) I e II.<\/p>\n\n\n\n<p>b) I e IV.<\/p>\n\n\n\n<p>c) II e III.<\/p>\n\n\n\n<p>d) I, III e IV.<\/p>\n\n\n\n<p>e) II, III e IV.<br><\/p>\n\n\n\n<p><strong>6 &#8211; <a href=\"http:\/\/www.cesgranrio.org.br\/\" target=\"_blank\" rel=\"noreferrer noopener\" aria-label=\" (abre numa nova aba)\">(Cesgranrio- RJ)<\/a> &#8211; <\/strong>Se duas esp\u00e9cies diferentes ocuparem num mesmo ecossistema o mesmo nicho ecol\u00f3gico, \u00e9 prov\u00e1vel que:<br><\/p>\n\n\n\n<p>a) se estabele\u00e7a entre elas uma rela\u00e7\u00e3o harm\u00f4nica.<\/p>\n\n\n\n<p>b) se estabele\u00e7a uma competi\u00e7\u00e3o interespec\u00edfica.<\/p>\n\n\n\n<p>c) se estabele\u00e7a uma competi\u00e7\u00e3o intraespec\u00edfica.<\/p>\n\n\n\n<p>d) uma das esp\u00e9cies seja produtora e a outra, consumidora.<\/p>\n\n\n\n<p>e) uma das esp\u00e9cies ocupe um n\u00edvel tr\u00f3fico elevado.<br><\/p>\n\n\n\n<p><strong>7 &#8211; <a href=\"http:\/\/www.uece.br\/\" target=\"_blank\" rel=\"noreferrer noopener\" aria-label=\" (abre numa nova aba)\">(UECE)<\/a> &#8211; <\/strong>A avoante, tamb\u00e9m conhecida como arriba\u00e7\u00e3 (Zenaida auriculata noronha) \u00e9 uma ave migrat\u00f3ria que se desloca no nordeste, acompanhando o ritmo das chuvas, encontrando-se amea\u00e7ada de extin\u00e7\u00e3o, e decorr\u00eancia da ca\u00e7a indiscriminada. A rela\u00e7\u00e3o do homem com esta ave \u00e9:<br><\/p>\n\n\n\n<p>a) harm\u00f4nica, intra-espec\u00edfica e de preda\u00e7\u00e3o<\/p>\n\n\n\n<p>b) desarm\u00f4nica, intra-espec\u00edfica e de comensalismo<\/p>\n\n\n\n<p>c) harm\u00f4nica, inter-espec\u00edfica e de parasitismo<\/p>\n\n\n\n<p>d) desarm\u00f4nica, inter-espec\u00edfica e de preda\u00e7\u00e3o<br><\/p>\n\n\n\n<p><strong>8 &#8211; <a href=\"http:\/\/www.ufc.br\/\" target=\"_blank\" rel=\"noreferrer noopener\" aria-label=\" (abre numa nova aba)\">(UFC-2002)<\/a> &#8211; <\/strong>A erva-de-passarinho e algumas brom\u00e9lias s\u00e3o plantas que fazem <a rel=\"noreferrer noopener\" aria-label=\" (abre numa nova aba)\" href=\"https:\/\/beduka.com\/blog\/materias\/biologia\/o-que-e-fotossintese\/\" target=\"_blank\">fotoss\u00edntese<\/a> e vivem sobre outras. No entanto, a erva-de-passarinho retira \u00e1gua e sais minerais da planta hospedeira enquanto as brom\u00e9lias apenas se ap\u00f3iam sobre ela. As rela\u00e7\u00f5es da erva-de-passarinho e das brom\u00e9lias com as plantas hospedeiras s\u00e3o, respectivamente, exemplos de: <br><\/p>\n\n\n\n<p>a) parasitismo e epifitismo.&nbsp;<\/p>\n\n\n\n<p>b) epifitismo e holoparasitismo.&nbsp;<\/p>\n\n\n\n<p>c) epifitismo e predatismo.&nbsp;<\/p>\n\n\n\n<p>d) parasitismo e protocoopera\u00e7\u00e3o.&nbsp;<\/p>\n\n\n\n<p>e) inquilinismo e epifitismo.<br><\/p>\n\n\n\n<p><strong>9 &#8211; (<a href=\"https:\/\/fagoc.br\/\" target=\"_blank\" rel=\"noreferrer noopener\" aria-label=\" (abre numa nova aba)\">Fagoc<\/a>\/2015) &#8211; <\/strong>Acerca das intera\u00e7\u00f5es ecol\u00f3gicas, analise as afirmativas.<br><\/p>\n\n\n\n<p>I. O fato de protozo\u00e1rios viverem no intestino dos cupins, realizando a digest\u00e3o da celulose, representa uma rela\u00e7\u00e3o interespec\u00edfica denominada mutualismo.<\/p>\n\n\n\n<p>II. No parasitismo, os parasitas se beneficiam, mas o hospedeiro \u00e9 prejudicado, porque sua energia \u00e9 desviada para o parasita.<\/p>\n\n\n\n<p>III. A protocoopera\u00e7\u00e3o \u00e9 um tipo de rela\u00e7\u00e3o intraespec\u00edfica em que n\u00e3o h\u00e1 preju\u00edzo para nenhum participante.<\/p>\n\n\n\n<p>IV. A associa\u00e7\u00e3o entre certos <a href=\"https:\/\/beduka.com\/blog\/exercicios\/biologia-exercicios\/exercicios-sobre-fungos\/\" target=\"_blank\" rel=\"noreferrer noopener\" aria-label=\" (abre numa nova aba)\">fungos<\/a> e algas clorof\u00edceas forma o l\u00edquen, representando um tipo de rela\u00e7\u00e3o intra-espec\u00edfica denominada parasitismo.<\/p>\n\n\n\n<p>V. Nas sociedades, numerosos organismos da mesma esp\u00e9cie vivem associados, ganhando efici\u00eancia na capta\u00e7\u00e3o de alimento e garantindo vantagens reprodutivas, como \u00e9 o caso das abelhas.<br><\/p>\n\n\n\n<p>Est\u00e3o corretas as afirmativas<br><\/p>\n\n\n\n<p>a) II e V, apenas.<\/p>\n\n\n\n<p>b) I, II, III, IV e V.<\/p>\n\n\n\n<p>c) I, II e V, apenas.<\/p>\n\n\n\n<p>d) III, IV e V, apenas.<br><\/p>\n\n\n\n<p><strong>10 &#8211; (<a href=\"http:\/\/www.puc-rio.br\/\" target=\"_blank\" rel=\"noreferrer noopener\" aria-label=\" (abre numa nova aba)\">PUC-RJ<\/a>\/2016) &#8211; <\/strong>Corais em todo o mundo est\u00e3o sofrendo de um fen\u00f4meno conhecido como branqueamento, que consiste na perda de algas unicelulares que vivem no interior dos tecidos, podendo ocasionar a morte desses animais. Sobre o tipo de intera\u00e7\u00e3o entre os corais e as algas \u00e9 correto afirmar que:<br><\/p>\n\n\n\n<p>a) \u00e9 uma intera\u00e7\u00e3o de parasitismo, pois as algas vivem no interior dos corais.<\/p>\n\n\n\n<p>b) \u00e9 uma rela\u00e7\u00e3o desarm\u00f4nica interespec\u00edfica pois os corais predam as algas.<\/p>\n\n\n\n<p>c) \u00e9 uma rela\u00e7\u00e3o harm\u00f4nica intraespec\u00edfica pois animais e algas formam col\u00f4nias.<\/p>\n\n\n\n<p>d) \u00e9 uma intera\u00e7\u00e3o de mutualismo onde as algas fornecem g\u00e1s carb\u00f4nico para os corais e estes fornecem glicose para as algas.<\/p>\n\n\n\n<p>e) \u00e9 uma intera\u00e7\u00e3o de mutualismo, onde as algas fornecem boa parte do alimento para os corais e estes fornecem sais minerais e g\u00e1s carb\u00f4nico.<br><\/p>\n\n\n\n<p><strong>11 &#8211; <a href=\"https:\/\/ufop.br\/\" target=\"_blank\" rel=\"noreferrer noopener\" aria-label=\" (abre numa nova aba)\">(UFOP)<\/a> &#8211;<\/strong> Abaixo est\u00e3o descritas rela\u00e7\u00f5es ecol\u00f3gicas entre as larvas da mosca do berne e as moscas ou mosquitos hemat\u00f3fagos (situa\u00e7\u00e3o 1), entre o paguro (crust\u00e1ceo de corpo mole) e as an\u00eamonas-do-mar (situa\u00e7\u00e3o 2).<br><\/p>\n\n\n\n<p>Situa\u00e7\u00e3o 1:<\/p>\n\n\n\n<p>A mosca do berne captura em voo moscas ou mosquitos hemat\u00f3fagos, depositando sobre o abdome deles seus ovos. As larvas, presentes nos ovos, aproveitam as ocasi\u00f5es em que o inseto hemat\u00f3fago vai picar o gado ou o homem e implantam-se na sua pele.<br><\/p>\n\n\n\n<p>Situa\u00e7\u00e3o 2:<br><\/p>\n\n\n\n<p>O paguro se protege ocupando as conchas vazias de moluscos gastr\u00f3podes. As an\u00eamonas-do-mar instalam-se sobre as conchas habitadas pelo paguro, aproveitando-se do alimento que esse rejeita ou dispersa, bem como de seu deslocamento.<br><\/p>\n\n\n\n<p>As rela\u00e7\u00f5es ecol\u00f3gicas, desenvolvidas nas situa\u00e7\u00f5es 1 e 2, podem ser denominadas, respectivamente:<br><\/p>\n\n\n\n<p>a) foresia, comensalismo<\/p>\n\n\n\n<p>b) protocoopera\u00e7\u00e3o, comensalismo<\/p>\n\n\n\n<p>c) comensalismo, simbiose<\/p>\n\n\n\n<p>d) comensalismo, foresia<\/p>\n\n\n\n<p>e) foresia, foresia.<br><\/p>\n\n\n\n<p><strong>12 &#8211; (<a href=\"http:\/\/www.uece.br\/\" target=\"_blank\" rel=\"noreferrer noopener\" aria-label=\" (abre numa nova aba)\">UECE<\/a>\/2016) &#8211;<\/strong>&nbsp; S\u00e3o exemplos de rela\u00e7\u00f5es ecol\u00f3gicas harm\u00f4nicas entre indiv\u00edduos de esp\u00e9cies diferentes:<br><\/p>\n\n\n\n<p>a) comensalismo, inquilinismo, col\u00f4nia.<\/p>\n\n\n\n<p>b) sociedade, col\u00f4nia, protocoopera\u00e7\u00e3o.<\/p>\n\n\n\n<p>c) mutualismo, competi\u00e7\u00e3o, sociedade.<\/p>\n\n\n\n<p>d) protocoopera\u00e7\u00e3o, mutualismo, comensalismo.<br><\/p>\n\n\n\n<p>Baixe o melhor <a href=\"https:\/\/beduka.com\/blog\/enem\/plano-de-estudos-gratuito\/\" target=\"_blank\" rel=\"noreferrer noopener\" aria-label=\" (abre numa nova aba)\">plano de estudos gratuito<\/a> que voc\u00ea encontrar\u00e1 na internet.<\/p>\n\n\n\n<h2 class=\"wp-block-heading\">Respostas dos Exerc\u00edcios sobre Rela\u00e7\u00f5es Ecol\u00f3gicas<\/h2>\n\n\n\n<p>Confira agora o gabarito. Tomara que tenha acertado todas!<br><\/p>\n\n\n\n<p><strong>Exerc\u00edcio resolvido da quest\u00e3o 1 &#8211;<\/strong><\/p>\n\n\n\n<p>b) inquilinismo e protocoopera\u00e7\u00e3o.<br><\/p>\n\n\n\n<p><strong>Exerc\u00edcio resolvido da quest\u00e3o 2 &#8211;<\/strong><\/p>\n\n\n\n<p>b) interespec\u00edfica do tipo parasitismo.<br><\/p>\n\n\n\n<p><strong>Exerc\u00edcio resolvido da quest\u00e3o 3 &#8211;<\/strong><\/p>\n\n\n\n<p>d) Sociedade;<br><\/p>\n\n\n\n<p><strong>Exerc\u00edcio resolvido da quest\u00e3o 4 &#8211;<\/strong><\/p>\n\n\n\n<p>b) Sociedade heteromorfa com rela\u00e7\u00f5es intraespec\u00edficas harm\u00f4nicas;<br><\/p>\n\n\n\n<p><strong>Exerc\u00edcio resolvido da quest\u00e3o 5 &#8211;<\/strong><\/p>\n\n\n\n<p>d) I, III e IV.<br><\/p>\n\n\n\n<p><strong>Exerc\u00edcio resolvido da quest\u00e3o 6 &#8211;<\/strong><\/p>\n\n\n\n<p>b) se estabele\u00e7a uma competi\u00e7\u00e3o interespec\u00edfica.<br><\/p>\n\n\n\n<p><strong>Exerc\u00edcio resolvido da quest\u00e3o 7 &#8211;<\/strong><\/p>\n\n\n\n<p>d) desarm\u00f4nica, inter-espec\u00edfica e de preda\u00e7\u00e3o<br><\/p>\n\n\n\n<p><strong>Exerc\u00edcio resolvido da quest\u00e3o 8 &#8211;<\/strong><\/p>\n\n\n\n<p>a) parasitismo e epifitismo.&nbsp;<br><\/p>\n\n\n\n<p><strong>Exerc\u00edcio resolvido da quest\u00e3o 9 &#8211;<\/strong><\/p>\n\n\n\n<p>c) I, II e V, apenas.<br><\/p>\n\n\n\n<p><strong>Exerc\u00edcio resolvido da quest\u00e3o 10 &#8211;<\/strong><\/p>\n\n\n\n<p>e) \u00e9 uma intera\u00e7\u00e3o de mutualismo, onde as algas fornecem boa parte do alimento para os corais e estes fornecem sais minerais e g\u00e1s carb\u00f4nico.<br><\/p>\n\n\n\n<p><strong>Exerc\u00edcio resolvido da quest\u00e3o 11 &#8211;<\/strong><\/p>\n\n\n\n<p>a) foresia, comensalismo<br><\/p>\n\n\n\n<p><strong>Exerc\u00edcio resolvido da quest\u00e3o 12 &#8211;<\/strong><\/p>\n\n\n\n<p>d) protocoopera\u00e7\u00e3o, mutualismo, comensalismo.<br><\/p>\n\n\n\n<p>Estude para o Enem com o<a href=\"https:\/\/beduka.com\/simulado\" target=\"_blank\" rel=\"noreferrer noopener\" aria-label=\" (abre numa nova aba)\"> Simulado Beduka.<\/a> <strong>\u00c9 gratuito!<\/strong><br><\/p>\n\n\n\n<p>Gostou dos nossos <strong>Exerc\u00edcios sobre Rela\u00e7\u00f5es Ecol\u00f3gicas<\/strong>? Compartilhe com os seus amigos e comente abaixo sobre \u00e1reas que voc\u00ea deseja mais explica\u00e7\u00f5es.<br><\/p>\n\n\n\n<p>Queremos te ajudar a encontrar a <strong>FACULDADE IDEAL! <\/strong>Logo abaixo, fa\u00e7a uma pesquisa por curso e cidade que te mostraremos todas as faculdades que podem te atender. <strong>Informamos a nota de corte, valor de mensalidade, nota do MEC, avalia\u00e7\u00e3o dos alunos, modalidades de ensino e muito mais.<\/strong><br><\/p>\n\n\n\n<p>Experimente agora!<br><\/p>\n","protected":false},"excerpt":{"rendered":"<p>\u00c9 preciso fazer exerc\u00edcios sobre rela\u00e7\u00f5es ecol\u00f3gicas para testar seus conhecimentos sobre o funcionamento e organiza\u00e7\u00e3odas popula\u00e7\u00f5es e comunidades existentes.&nbsp; Na prova do ENEM a mat\u00e9ria de rela\u00e7\u00f5es ecol\u00f3gicas costuma ser cobrada no caderno de Ci\u00eancias Humanas e suas tecnologias, ent\u00e3o fa\u00e7a os exerc\u00edcios e confira as respostas no gabarito para se preparar ainda mais. [&hellip;]<\/p>\n","protected":false},"author":1,"featured_media":13355,"comment_status":"open","ping_status":"closed","sticky":false,"template":"","format":"standard","meta":{"_mi_skip_tracking":false,"_monsterinsights_sitenote_active":false,"_monsterinsights_sitenote_note":"","_monsterinsights_sitenote_category":0},"categories":[603],"tags":[1485],"yoast_head":"<!-- This site is optimized with the Yoast SEO plugin v20.10 - https:\/\/yoast.com\/wordpress\/plugins\/seo\/ -->\n<title>\u25b7 EXERC\u00cdCIOS sobre RELA\u00c7\u00d5ES ECOL\u00d3GICAS com GABARITO \u2713<\/title>\n<meta name=\"description\" content=\"Teste seus conhecimentos com os nossos exerc\u00edcios sobre rela\u00e7\u00f5es ecol\u00f3gicas e confira as respostas no gabarito! Se prepare para a prova de Ci\u00eancias da Natureza e suas tecnologias do ENEM.\" \/>\n<meta name=\"robots\" content=\"index, follow, max-snippet:-1, max-image-preview:large, max-video-preview:-1\" \/>\n<link rel=\"canonical\" href=\"https:\/\/beduka.com\/blog\/exercicios\/biologia-exercicios\/exercicios-sobre-relacoes-ecologicas\/\" \/>\n<meta property=\"og:locale\" content=\"pt_BR\" \/>\n<meta property=\"og:type\" content=\"article\" \/>\n<meta property=\"og:title\" content=\"\u25b7 EXERC\u00cdCIOS sobre RELA\u00c7\u00d5ES ECOL\u00d3GICAS com GABARITO \u2713\" \/>\n<meta property=\"og:description\" content=\"Teste seus conhecimentos com os nossos exerc\u00edcios sobre rela\u00e7\u00f5es ecol\u00f3gicas e confira as respostas no gabarito! Se prepare para a prova de Ci\u00eancias da Natureza e suas tecnologias do ENEM.\" \/>\n<meta property=\"og:url\" content=\"https:\/\/beduka.com\/blog\/exercicios\/biologia-exercicios\/exercicios-sobre-relacoes-ecologicas\/\" \/>\n<meta property=\"og:site_name\" content=\"Blog do Beduka | Mat\u00e9rias resumidas, Dicas e Exerc\u00edcios Enem\" \/>\n<meta property=\"article:publisher\" content=\"https:\/\/www.facebook.com\/beduka.buscadordefaculdades\/\" \/>\n<meta property=\"article:author\" content=\"https:\/\/www.facebook.com\/beduka.buscadordefaculdades\" \/>\n<meta property=\"article:published_time\" content=\"2019-10-11T17:30:17+00:00\" \/>\n<meta property=\"article:modified_time\" content=\"2019-10-24T18:24:30+00:00\" \/>\n<meta property=\"og:image\" content=\"https:\/\/beduka.com\/blog\/wp-content\/uploads\/2019\/10\/EXERC\u00cdCIOS-SOBRE-RELA\u00c7\u00d5ES-ECOL\u00d3GICAS-COM-GABARITO.jpg\" \/>\n\t<meta property=\"og:image:width\" content=\"600\" \/>\n\t<meta property=\"og:image:height\" content=\"300\" \/>\n\t<meta property=\"og:image:type\" content=\"image\/jpeg\" \/>\n<meta name=\"author\" content=\"Reda\u00e7\u00e3o Beduka (a)\" \/>\n<meta name=\"twitter:card\" content=\"summary_large_image\" \/>\n<meta name=\"twitter:label1\" content=\"Escrito por\" \/>\n\t<meta name=\"twitter:data1\" content=\"Reda\u00e7\u00e3o Beduka (a)\" \/>\n\t<meta name=\"twitter:label2\" content=\"Est. tempo de leitura\" \/>\n\t<meta name=\"twitter:data2\" content=\"8 minutos\" \/>\n<script type=\"application\/ld+json\" class=\"yoast-schema-graph\">{\"@context\":\"https:\/\/schema.org\",\"@graph\":[{\"@type\":\"Article\",\"@id\":\"https:\/\/beduka.com\/blog\/exercicios\/biologia-exercicios\/exercicios-sobre-relacoes-ecologicas\/#article\",\"isPartOf\":{\"@id\":\"https:\/\/beduka.com\/blog\/exercicios\/biologia-exercicios\/exercicios-sobre-relacoes-ecologicas\/\"},\"author\":{\"name\":\"Reda\u00e7\u00e3o Beduka (a)\",\"@id\":\"https:\/\/beduka.com\/blog\/#\/schema\/person\/325d912d2cb8dd9ede8ab291427d2b8a\"},\"headline\":\"Exerc\u00edcios sobre Rela\u00e7\u00f5es Ecol\u00f3gicas com gabarito\",\"datePublished\":\"2019-10-11T17:30:17+00:00\",\"dateModified\":\"2019-10-24T18:24:30+00:00\",\"mainEntityOfPage\":{\"@id\":\"https:\/\/beduka.com\/blog\/exercicios\/biologia-exercicios\/exercicios-sobre-relacoes-ecologicas\/\"},\"wordCount\":1542,\"commentCount\":4,\"publisher\":{\"@id\":\"https:\/\/beduka.com\/blog\/#organization\"},\"keywords\":[\"Exerc\u00edcios sobre Rela\u00e7\u00f5es Ecol\u00f3gicas\"],\"articleSection\":[\"Biologia\"],\"inLanguage\":\"pt-BR\",\"potentialAction\":[{\"@type\":\"CommentAction\",\"name\":\"Comment\",\"target\":[\"https:\/\/beduka.com\/blog\/exercicios\/biologia-exercicios\/exercicios-sobre-relacoes-ecologicas\/#respond\"]}]},{\"@type\":\"WebPage\",\"@id\":\"https:\/\/beduka.com\/blog\/exercicios\/biologia-exercicios\/exercicios-sobre-relacoes-ecologicas\/\",\"url\":\"https:\/\/beduka.com\/blog\/exercicios\/biologia-exercicios\/exercicios-sobre-relacoes-ecologicas\/\",\"name\":\"\u25b7 EXERC\u00cdCIOS sobre RELA\u00c7\u00d5ES ECOL\u00d3GICAS com GABARITO \u2713\",\"isPartOf\":{\"@id\":\"https:\/\/beduka.com\/blog\/#website\"},\"datePublished\":\"2019-10-11T17:30:17+00:00\",\"dateModified\":\"2019-10-24T18:24:30+00:00\",\"description\":\"Teste seus conhecimentos com os nossos exerc\u00edcios sobre rela\u00e7\u00f5es ecol\u00f3gicas e confira as respostas no gabarito! Se prepare para a prova de Ci\u00eancias da Natureza e suas tecnologias do ENEM.\",\"breadcrumb\":{\"@id\":\"https:\/\/beduka.com\/blog\/exercicios\/biologia-exercicios\/exercicios-sobre-relacoes-ecologicas\/#breadcrumb\"},\"inLanguage\":\"pt-BR\",\"potentialAction\":[{\"@type\":\"ReadAction\",\"target\":[\"https:\/\/beduka.com\/blog\/exercicios\/biologia-exercicios\/exercicios-sobre-relacoes-ecologicas\/\"]}]},{\"@type\":\"BreadcrumbList\",\"@id\":\"https:\/\/beduka.com\/blog\/exercicios\/biologia-exercicios\/exercicios-sobre-relacoes-ecologicas\/#breadcrumb\",\"itemListElement\":[{\"@type\":\"ListItem\",\"position\":1,\"name\":\"Home\",\"item\":\"https:\/\/beduka.com\/blog\/\"},{\"@type\":\"ListItem\",\"position\":2,\"name\":\"Exerc\u00edcios sobre Rela\u00e7\u00f5es Ecol\u00f3gicas com gabarito\"}]},{\"@type\":\"WebSite\",\"@id\":\"https:\/\/beduka.com\/blog\/#website\",\"url\":\"https:\/\/beduka.com\/blog\/\",\"name\":\"Blog do Beduka | Mat\u00e9rias resumidas, Dicas e Exerc\u00edcios Enem\",\"description\":\"O Blog do Beduka tem os conte\u00fados que mais caem no Enem, exerc\u00edcios de vestibular com gabarito, resumos, dicas e informa\u00e7\u00f5es Sisu, Prouni e Fies.Encontre dicas para o ENEM, resumos, exerc\u00edcios e informa\u00e7\u00f5es sobre os vestibulares. Acesse agora!\",\"publisher\":{\"@id\":\"https:\/\/beduka.com\/blog\/#organization\"},\"potentialAction\":[{\"@type\":\"SearchAction\",\"target\":{\"@type\":\"EntryPoint\",\"urlTemplate\":\"https:\/\/beduka.com\/blog\/?s={search_term_string}\"},\"query-input\":\"required name=search_term_string\"}],\"inLanguage\":\"pt-BR\"},{\"@type\":\"Organization\",\"@id\":\"https:\/\/beduka.com\/blog\/#organization\",\"name\":\"Beduka\",\"url\":\"https:\/\/beduka.com\/blog\/\",\"logo\":{\"@type\":\"ImageObject\",\"inLanguage\":\"pt-BR\",\"@id\":\"https:\/\/beduka.com\/blog\/#\/schema\/logo\/image\/\",\"url\":\"https:\/\/beduka.com\/blog\/wp-content\/uploads\/2020\/06\/marca-beduka.png\",\"contentUrl\":\"https:\/\/beduka.com\/blog\/wp-content\/uploads\/2020\/06\/marca-beduka.png\",\"width\":1077,\"height\":368,\"caption\":\"Beduka\"},\"image\":{\"@id\":\"https:\/\/beduka.com\/blog\/#\/schema\/logo\/image\/\"},\"sameAs\":[\"https:\/\/www.facebook.com\/beduka.buscadordefaculdades\/\",\"https:\/\/www.instagram.com\/beduka_oficial\/\",\"https:\/\/www.linkedin.com\/company\/beduka\",\"https:\/\/br.pinterest.com\/bedukaoficial\/\",\"https:\/\/www.youtube.com\/beduka\"]},{\"@type\":\"Person\",\"@id\":\"https:\/\/beduka.com\/blog\/#\/schema\/person\/325d912d2cb8dd9ede8ab291427d2b8a\",\"name\":\"Reda\u00e7\u00e3o Beduka (a)\",\"image\":{\"@type\":\"ImageObject\",\"inLanguage\":\"pt-BR\",\"@id\":\"https:\/\/beduka.com\/blog\/#\/schema\/person\/image\/\",\"url\":\"https:\/\/secure.gravatar.com\/avatar\/6f58a181ef24e0dc0bb73f096aa0f8b5?s=96&d=mm&r=g\",\"contentUrl\":\"https:\/\/secure.gravatar.com\/avatar\/6f58a181ef24e0dc0bb73f096aa0f8b5?s=96&d=mm&r=g\",\"caption\":\"Reda\u00e7\u00e3o Beduka (a)\"},\"description\":\"Este conte\u00fado foi criado e validado por uma equipe multidisciplinar, formada por especialistas em cada \u00e1rea do conhecimento. O Beduka est\u00e1 presente no Instagram, YouTube, LinkedIn e em diversos outros ambientes digitais. O site foi criado em 2017 e, desde a sua funda\u00e7\u00e3o, atua para fornecer materiais de qualidade para facilitar a vida de estudantes de todo o Brasil, ajudando-os a se preparar para os principais vestibulares e o Enem.\",\"sameAs\":[\"https:\/\/www.facebook.com\/beduka.buscadordefaculdades\",\"https:\/\/www.instagram.com\/beduka_oficial\/\",\"https:\/\/br.pinterest.com\/bedukaoficial\/\"],\"url\":\"https:\/\/beduka.com\/blog\/author\/admin\/\"}]}<\/script>\n<!-- \/ Yoast SEO plugin. -->","yoast_head_json":{"title":"\u25b7 EXERC\u00cdCIOS sobre RELA\u00c7\u00d5ES ECOL\u00d3GICAS com GABARITO \u2713","description":"Teste seus conhecimentos com os nossos exerc\u00edcios sobre rela\u00e7\u00f5es ecol\u00f3gicas e confira as respostas no gabarito! Se prepare para a prova de Ci\u00eancias da Natureza e suas tecnologias do ENEM.","robots":{"index":"index","follow":"follow","max-snippet":"max-snippet:-1","max-image-preview":"max-image-preview:large","max-video-preview":"max-video-preview:-1"},"canonical":"https:\/\/beduka.com\/blog\/exercicios\/biologia-exercicios\/exercicios-sobre-relacoes-ecologicas\/","og_locale":"pt_BR","og_type":"article","og_title":"\u25b7 EXERC\u00cdCIOS sobre RELA\u00c7\u00d5ES ECOL\u00d3GICAS com GABARITO \u2713","og_description":"Teste seus conhecimentos com os nossos exerc\u00edcios sobre rela\u00e7\u00f5es ecol\u00f3gicas e confira as respostas no gabarito! Se prepare para a prova de Ci\u00eancias da Natureza e suas tecnologias do ENEM.","og_url":"https:\/\/beduka.com\/blog\/exercicios\/biologia-exercicios\/exercicios-sobre-relacoes-ecologicas\/","og_site_name":"Blog do Beduka | Mat\u00e9rias resumidas, Dicas e Exerc\u00edcios Enem","article_publisher":"https:\/\/www.facebook.com\/beduka.buscadordefaculdades\/","article_author":"https:\/\/www.facebook.com\/beduka.buscadordefaculdades","article_published_time":"2019-10-11T17:30:17+00:00","article_modified_time":"2019-10-24T18:24:30+00:00","og_image":[{"width":600,"height":300,"url":"https:\/\/beduka.com\/blog\/wp-content\/uploads\/2019\/10\/EXERC\u00cdCIOS-SOBRE-RELA\u00c7\u00d5ES-ECOL\u00d3GICAS-COM-GABARITO.jpg","type":"image\/jpeg"}],"author":"Reda\u00e7\u00e3o Beduka (a)","twitter_card":"summary_large_image","twitter_misc":{"Escrito por":"Reda\u00e7\u00e3o Beduka (a)","Est. tempo de leitura":"8 minutos"},"schema":{"@context":"https:\/\/schema.org","@graph":[{"@type":"Article","@id":"https:\/\/beduka.com\/blog\/exercicios\/biologia-exercicios\/exercicios-sobre-relacoes-ecologicas\/#article","isPartOf":{"@id":"https:\/\/beduka.com\/blog\/exercicios\/biologia-exercicios\/exercicios-sobre-relacoes-ecologicas\/"},"author":{"name":"Reda\u00e7\u00e3o Beduka (a)","@id":"https:\/\/beduka.com\/blog\/#\/schema\/person\/325d912d2cb8dd9ede8ab291427d2b8a"},"headline":"Exerc\u00edcios sobre Rela\u00e7\u00f5es Ecol\u00f3gicas com gabarito","datePublished":"2019-10-11T17:30:17+00:00","dateModified":"2019-10-24T18:24:30+00:00","mainEntityOfPage":{"@id":"https:\/\/beduka.com\/blog\/exercicios\/biologia-exercicios\/exercicios-sobre-relacoes-ecologicas\/"},"wordCount":1542,"commentCount":4,"publisher":{"@id":"https:\/\/beduka.com\/blog\/#organization"},"keywords":["Exerc\u00edcios sobre Rela\u00e7\u00f5es Ecol\u00f3gicas"],"articleSection":["Biologia"],"inLanguage":"pt-BR","potentialAction":[{"@type":"CommentAction","name":"Comment","target":["https:\/\/beduka.com\/blog\/exercicios\/biologia-exercicios\/exercicios-sobre-relacoes-ecologicas\/#respond"]}]},{"@type":"WebPage","@id":"https:\/\/beduka.com\/blog\/exercicios\/biologia-exercicios\/exercicios-sobre-relacoes-ecologicas\/","url":"https:\/\/beduka.com\/blog\/exercicios\/biologia-exercicios\/exercicios-sobre-relacoes-ecologicas\/","name":"\u25b7 EXERC\u00cdCIOS sobre RELA\u00c7\u00d5ES ECOL\u00d3GICAS com GABARITO \u2713","isPartOf":{"@id":"https:\/\/beduka.com\/blog\/#website"},"datePublished":"2019-10-11T17:30:17+00:00","dateModified":"2019-10-24T18:24:30+00:00","description":"Teste seus conhecimentos com os nossos exerc\u00edcios sobre rela\u00e7\u00f5es ecol\u00f3gicas e confira as respostas no gabarito! Se prepare para a prova de Ci\u00eancias da Natureza e suas tecnologias do ENEM.","breadcrumb":{"@id":"https:\/\/beduka.com\/blog\/exercicios\/biologia-exercicios\/exercicios-sobre-relacoes-ecologicas\/#breadcrumb"},"inLanguage":"pt-BR","potentialAction":[{"@type":"ReadAction","target":["https:\/\/beduka.com\/blog\/exercicios\/biologia-exercicios\/exercicios-sobre-relacoes-ecologicas\/"]}]},{"@type":"BreadcrumbList","@id":"https:\/\/beduka.com\/blog\/exercicios\/biologia-exercicios\/exercicios-sobre-relacoes-ecologicas\/#breadcrumb","itemListElement":[{"@type":"ListItem","position":1,"name":"Home","item":"https:\/\/beduka.com\/blog\/"},{"@type":"ListItem","position":2,"name":"Exerc\u00edcios sobre Rela\u00e7\u00f5es Ecol\u00f3gicas com gabarito"}]},{"@type":"WebSite","@id":"https:\/\/beduka.com\/blog\/#website","url":"https:\/\/beduka.com\/blog\/","name":"Blog do Beduka | Mat\u00e9rias resumidas, Dicas e Exerc\u00edcios Enem","description":"O Blog do Beduka tem os conte\u00fados que mais caem no Enem, exerc\u00edcios de vestibular com gabarito, resumos, dicas e informa\u00e7\u00f5es Sisu, Prouni e Fies.Encontre dicas para o ENEM, resumos, exerc\u00edcios e informa\u00e7\u00f5es sobre os vestibulares. Acesse agora!","publisher":{"@id":"https:\/\/beduka.com\/blog\/#organization"},"potentialAction":[{"@type":"SearchAction","target":{"@type":"EntryPoint","urlTemplate":"https:\/\/beduka.com\/blog\/?s={search_term_string}"},"query-input":"required name=search_term_string"}],"inLanguage":"pt-BR"},{"@type":"Organization","@id":"https:\/\/beduka.com\/blog\/#organization","name":"Beduka","url":"https:\/\/beduka.com\/blog\/","logo":{"@type":"ImageObject","inLanguage":"pt-BR","@id":"https:\/\/beduka.com\/blog\/#\/schema\/logo\/image\/","url":"https:\/\/beduka.com\/blog\/wp-content\/uploads\/2020\/06\/marca-beduka.png","contentUrl":"https:\/\/beduka.com\/blog\/wp-content\/uploads\/2020\/06\/marca-beduka.png","width":1077,"height":368,"caption":"Beduka"},"image":{"@id":"https:\/\/beduka.com\/blog\/#\/schema\/logo\/image\/"},"sameAs":["https:\/\/www.facebook.com\/beduka.buscadordefaculdades\/","https:\/\/www.instagram.com\/beduka_oficial\/","https:\/\/www.linkedin.com\/company\/beduka","https:\/\/br.pinterest.com\/bedukaoficial\/","https:\/\/www.youtube.com\/beduka"]},{"@type":"Person","@id":"https:\/\/beduka.com\/blog\/#\/schema\/person\/325d912d2cb8dd9ede8ab291427d2b8a","name":"Reda\u00e7\u00e3o Beduka (a)","image":{"@type":"ImageObject","inLanguage":"pt-BR","@id":"https:\/\/beduka.com\/blog\/#\/schema\/person\/image\/","url":"https:\/\/secure.gravatar.com\/avatar\/6f58a181ef24e0dc0bb73f096aa0f8b5?s=96&d=mm&r=g","contentUrl":"https:\/\/secure.gravatar.com\/avatar\/6f58a181ef24e0dc0bb73f096aa0f8b5?s=96&d=mm&r=g","caption":"Reda\u00e7\u00e3o Beduka (a)"},"description":"Este conte\u00fado foi criado e validado por uma equipe multidisciplinar, formada por especialistas em cada \u00e1rea do conhecimento. O Beduka est\u00e1 presente no Instagram, YouTube, LinkedIn e em diversos outros ambientes digitais. O site foi criado em 2017 e, desde a sua funda\u00e7\u00e3o, atua para fornecer materiais de qualidade para facilitar a vida de estudantes de todo o Brasil, ajudando-os a se preparar para os principais vestibulares e o Enem.","sameAs":["https:\/\/www.facebook.com\/beduka.buscadordefaculdades","https:\/\/www.instagram.com\/beduka_oficial\/","https:\/\/br.pinterest.com\/bedukaoficial\/"],"url":"https:\/\/beduka.com\/blog\/author\/admin\/"}]}},"_links":{"self":[{"href":"https:\/\/beduka.com\/blog\/wp-json\/wp\/v2\/posts\/12970"}],"collection":[{"href":"https:\/\/beduka.com\/blog\/wp-json\/wp\/v2\/posts"}],"about":[{"href":"https:\/\/beduka.com\/blog\/wp-json\/wp\/v2\/types\/post"}],"author":[{"embeddable":true,"href":"https:\/\/beduka.com\/blog\/wp-json\/wp\/v2\/users\/1"}],"replies":[{"embeddable":true,"href":"https:\/\/beduka.com\/blog\/wp-json\/wp\/v2\/comments?post=12970"}],"version-history":[{"count":3,"href":"https:\/\/beduka.com\/blog\/wp-json\/wp\/v2\/posts\/12970\/revisions"}],"predecessor-version":[{"id":25141,"href":"https:\/\/beduka.com\/blog\/wp-json\/wp\/v2\/posts\/12970\/revisions\/25141"}],"wp:featuredmedia":[{"embeddable":true,"href":"https:\/\/beduka.com\/blog\/wp-json\/wp\/v2\/media\/13355"}],"wp:attachment":[{"href":"https:\/\/beduka.com\/blog\/wp-json\/wp\/v2\/media?parent=12970"}],"wp:term":[{"taxonomy":"category","embeddable":true,"href":"https:\/\/beduka.com\/blog\/wp-json\/wp\/v2\/categories?post=12970"},{"taxonomy":"post_tag","embeddable":true,"href":"https:\/\/beduka.com\/blog\/wp-json\/wp\/v2\/tags?post=12970"}],"curies":[{"name":"wp","href":"https:\/\/api.w.org\/{rel}","templated":true}]}}