{"id":1368,"date":"2018-09-10T19:14:50","date_gmt":"2018-09-10T22:14:50","guid":{"rendered":"https:\/\/beduka.com\/blog\/?p=1368"},"modified":"2023-10-30T15:18:09","modified_gmt":"2023-10-30T18:18:09","slug":"questoes-vestibular-sobre-meio-ambiente","status":"publish","type":"post","link":"https:\/\/beduka.com\/blog\/exercicios\/geografia-exercicios\/questoes-vestibular-sobre-meio-ambiente\/","title":{"rendered":"Quest\u00f5es sobre meio ambiente com Gabarito | Consegue resolver?"},"content":{"rendered":"\n<blockquote class=\"wp-block-quote\">\n<p>Efeito estufa, aquecimento global, desmatamento s\u00e3o s\u00f3 alguns das diversas quest\u00f5es ambientais recorrentes nas provas de vestibulares e do Enem. Por isso, Leia nosso resumo e treine com<strong> as melhores quest\u00f5es sobre Meio Ambiente com gabarito!<\/strong><\/p>\n<\/blockquote>\n\n\n\n<p>Se quiser ir diretamente para alguma parte do texto, <strong>clique em algum dos t\u00f3picos abaixo<\/strong>:<\/p>\n\n\n\n<ul>\n<li><a href=\"#como-o-meio-ambiente-cai-no-enem\" data-type=\"internal\" data-id=\"#como-o-meio-ambiente-cai-no-enem\">Como o Meio Ambiente cai no Enem?<\/a><\/li>\n\n\n\n<li><a href=\"#quest\u00f5es-sobre-meio-ambiente\" data-type=\"internal\" data-id=\"#quest\u00f5es-sobre-meio-ambiente\">Quest\u00f5es sobre Meio Ambiente<\/a><\/li>\n\n\n\n<li><a href=\"#gabarito\" data-type=\"internal\" data-id=\"#gabarito\">Gabarito das quest\u00f5es sobre o Meio Ambiente <\/a><\/li>\n<\/ul>\n\n\n\n<p>Quando voc\u00ea terminar de responder \u00e0s quest\u00f5es sobre o Meio Ambiente, <strong>que tal organizar seus estudos com o<\/strong><a href=\"https:\/\/beduka.com\/blog\/dicas\/enem-dicas\/plano-de-estudos-gratuito\/\" target=\"_blank\" rel=\"noreferrer noopener\"><strong> plano de estudos Beduka<\/strong><\/a><strong>?<\/strong><\/p>\n\n\n\n<h2 class=\"wp-block-heading\" id=\"como-o-meio-ambiente-cai-no-enem\">Como o Meio Ambiente cai no Enem?<\/h2>\n\n\n\n<p>O meio ambiente \u00e9 um assunto que costuma ser exigido nos vestibulares. Faz sentido, pois as mudan\u00e7as clim\u00e1ticas e os efeitos da a\u00e7\u00e3o do ser humano na natureza s\u00e3o cada vez mais evidenciados.<\/p>\n\n\n\n<p>N\u00e3o \u00e9 \u00e0 toa que grandes universidades costumam colocar algumas quest\u00f5es no vestibular sobre meio ambiente para avaliar se o candidato est\u00e1 afiado e atualizado sobre o assunto. \u00c9 muito importante estar sempre atento \u00e0s \u00faltimas not\u00edcias sobre o t\u00f3pico.<\/p>\n\n\n\n<p>Entre alguns dos principais problemas ambientais que t\u00eam boas chances de serem abordados em vestibulares (e at\u00e9 no Enem), est\u00e3o:<\/p>\n\n\n\n<h3 class=\"wp-block-heading\" id=\"aquecimento-global\">O que \u00e9 o Aquecimento Global?<\/h3>\n\n\n\n<p>Este \u00e9 um tema controverso. Existem cientistas com argumentos favor\u00e1veis e outros que negam a exist\u00eancia do aquecimento global. Fato \u00e9 que o assunto \u00e9 tema constante nas salas de aulas e tem presen\u00e7a cativa nas provas dos mais diversos vestibulares.<\/p>\n\n\n\n<ul>\n<li>S\u00e3o mais de 200 resumos no <a href=\"https:\/\/www.instagram.com\/beduka_oficial\/\" target=\"_blank\" rel=\"noreferrer noopener\">Instagram do Beduka<\/a>!<\/li>\n<\/ul>\n\n\n\n<h3 class=\"wp-block-heading\" id=\"efeito-estufa\">O que \u00e9 o Efeito Estufa?<\/h3>\n\n\n\n<p>Este \u00e9 outro efeito natural, que existe para manter a temperatura est\u00e1vel, s\u00f3 que est\u00e1 sendo prejudicado pelas atitudes humanas, em especial as queimadas das florestas e a emiss\u00e3o de gases t\u00f3xicos.<\/p>\n\n\n\n<h3 class=\"wp-block-heading\" id=\"desmatamento\">O que \u00e9 Desmatamento?<\/h3>\n\n\n\n<p>A destrui\u00e7\u00e3o de \u00e1reas verdes para a constru\u00e7\u00e3o de ind\u00fastrias e a expans\u00e3o da agricultura e pecu\u00e1ria n\u00e3o apenas mata diversos animais, como tamb\u00e9m causa efeitos terr\u00edveis \u00e0 atmosfera.<\/p>\n\n\n\n<p>Outros assuntos que podem cair nas quest\u00f5es de vestibular sobre meio ambiente e que voc\u00ea deve prestar aten\u00e7\u00e3o s\u00e3o as chuvas \u00e1cidas e a destrui\u00e7\u00e3o da camada de oz\u00f4nio. Coloque no <a href=\"https:\/\/beduka.com\/blog\/enem\/plano-de-estudos-para-enem\/\" target=\"_blank\" rel=\"noreferrer noopener\" aria-label=\" (abre numa nova aba)\">seu plano de estudo<\/a> os assuntos de biologia, geografia e atualidades.<\/p>\n\n\n\n<p>Saiba mais sobre <a rel=\"noreferrer noopener\" href=\"https:\/\/beduka.com\/blog\/materias\/biologia\/ecologia-e-meio-ambiente\/\" data-type=\"URL\" data-id=\"https:\/\/beduka.com\/blog\/materias\/biologia\/ecologia-e-meio-ambiente\/\" target=\"_blank\"><strong>ecologia e meio ambiente<\/strong> <\/a>e fique por dentro de toda a mat\u00e9ria.<\/p>\n\n\n\n<p>Para te ajudar a avaliar os seus conhecimentos, n\u00f3s separamos algumas quest\u00f5es de vestibular sobre meio ambiente, tema tamb\u00e9m recorrente no Enem.<\/p>\n\n\n\n<p>Voc\u00ea pode tamb\u00e9m aprofundar os conhecimentos em:<\/p>\n\n\n\n<ul>\n<li><a rel=\"noreferrer noopener\" aria-label=\" (abre numa nova aba)\" href=\"https:\/\/beduka.com\/blog\/dicas\/questoes-vestibular-sobre-platao\/\" target=\"_blank\">Quest\u00f5es de vestibular sobre Plat\u00e3o<\/a><\/li>\n\n\n\n<li><a rel=\"noreferrer noopener\" aria-label=\" (abre numa nova aba)\" href=\"https:\/\/beduka.com\/blog\/dicas\/questoes-sobre-idade-media\/\" target=\"_blank\">Quest\u00f5es de vestibular sobre a Idade M\u00e9dia<\/a><\/li>\n<\/ul>\n\n\n\n<h2 class=\"wp-block-heading\" id=\"quest\u00f5es-sobre-meio-ambiente\">Quest\u00f5es sobre Meio Ambiente<\/h2>\n\n\n\n<p>Esperamos que, com esse resumo, <strong>tudo tenha ficado mais claro para voc\u00ea.&nbsp;<\/strong><\/p>\n\n\n\n<p><strong>Obrigado<\/strong> por ter lido at\u00e9 aqui!<\/p>\n\n\n\n<p><strong>Quest\u00e3o 1 &#8211; <\/strong>(<strong>UEA 2014<\/strong>)- A quest\u00e3o colocada em debate pela charge \u00e9: <\/p>\n\n\n<div class=\"wp-block-image\">\n<figure class=\"aligncenter\"><img decoding=\"async\" loading=\"lazy\" width=\"450\" height=\"375\" src=\"https:\/\/beduka.com\/blog\/wp-content\/uploads\/2018\/09\/questoes-vestibular-sobre-meio-ambiente-charge.png\" alt=\"Quest\u00f5es de vestibular sobre meio ambiente\" class=\"wp-image-1370\" srcset=\"https:\/\/beduka.com\/blog\/wp-content\/uploads\/2018\/09\/questoes-vestibular-sobre-meio-ambiente-charge.png 450w, https:\/\/beduka.com\/blog\/wp-content\/uploads\/2018\/09\/questoes-vestibular-sobre-meio-ambiente-charge-300x250.png 300w\" sizes=\"(max-width: 450px) 100vw, 450px\" \/><\/figure><\/div>\n\n\n<p><strong>a)<\/strong> o desenvolvimento que n\u00e3o pode ser alcan\u00e7ado com a presen\u00e7a de \u00e1reas verdes<\/p>\n\n\n\n<p><strong>b)<\/strong> a falta de materiais de prote\u00e7\u00e3o individual para as pessoas pr\u00f3ximas \u00e0s ca\u00e7ambas<\/p>\n\n\n\n<p><strong>c)<\/strong> o car\u00e1ter ef\u00eamero das constru\u00e7\u00f5es civis que um dia ser\u00e3o destru\u00eddas<\/p>\n\n\n\n<p><strong>d)<\/strong> a situa\u00e7\u00e3o prec\u00e1ria dos trabalhadores ligados ao transporte de carga no Brasil<\/p>\n\n\n\n<p><strong>e)<\/strong> o descarte irregular de lixo e os impactos ambientais e sociais implicados<\/p>\n\n\n\n<p><strong>Quest\u00e3o 2 &#8211; <\/strong>(<span style=\"color: #1c609a;\">Enem 2015<\/span>)A quest\u00e3o ambiental, uma das principais pautas contempor\u00e2neas, possibilitou o surgimento de concep\u00e7\u00f5es pol\u00edticas diversas, dentre as quais se destaca a preserva\u00e7\u00e3o ambiental, que sugere uma ideia de intocabilidade da natureza e impede o seu aproveitamento econ\u00f4mico sob qualquer justificativa.<\/p>\n\n\n\n<p>PORTO-GON\u00c7ALVES, C. W. <em>A globaliza\u00e7\u00e3o da natureza e a natureza da globaliza\u00e7\u00e3o<\/em>. Rio de Janeiro: Civiliza\u00e7\u00e3o Brasileira, 2006 (adaptado).<\/p>\n\n\n\n<p>Considerando as atuais concep\u00e7\u00f5es pol\u00edticas sobre a quest\u00e3o ambiental, a din\u00e2mica caracterizada no texto quanto \u00e0 prote\u00e7\u00e3o do meio ambiente est\u00e1 baseada na<\/p>\n\n\n\n<p><strong>a)<\/strong> pr\u00e1tica econ\u00f4mica sustent\u00e1vel<\/p>\n\n\n\n<p><strong>b) <\/strong>conten\u00e7\u00e3o de impactos ambientais<\/p>\n\n\n\n<p><strong>c)<\/strong> utiliza\u00e7\u00e3o progressiva dos recursos naturais<\/p>\n\n\n\n<p><strong>d)<\/strong> proibi\u00e7\u00e3o permanente da explora\u00e7\u00e3o da natureza<\/p>\n\n\n\n<p><strong>e)<\/strong> defini\u00e7\u00e3o de \u00e1reas priorit\u00e1rias para a explora\u00e7\u00e3o econ\u00f4mica<\/p>\n\n\n\n<p><strong>Quest\u00e3o 3 &#8211; <\/strong>(<span style=\"color: #1c609a;\">UFPA 2012<\/span>) Se considerarmos que existe uma rela\u00e7\u00e3o direta entre a crise ambiental que o planeta enfrenta atualmente e a l\u00f3gica da acumula\u00e7\u00e3o capitalista, qual das afirma\u00e7\u00f5es abaixo N\u00c3O JUSTIFICA esta afirma\u00e7\u00e3o?<\/p>\n\n\n\n<p><strong>a)<\/strong> as estruturas de poder que controlam o uso dos recursos naturais e do meio ambiente comum est\u00e3o baseadas no c\u00e1lculo econ\u00f4mico privado das empresas, e este c\u00e1lculo n\u00e3o considera as condi\u00e7\u00f5es globais do meio ambiente, mas apenas os elementos mercantis<\/p>\n\n\n\n<p><strong>b)<\/strong> vivemos o risco de ruptura do equil\u00edbrio ecol\u00f3gico do planeta pela incapacidade de os agentes econ\u00f4micos se ajustarem \u00e0s capacidades limitadas de suporte do meio ambiente<\/p>\n\n\n\n<p><strong>c)<\/strong> existem dois fatores de extrema import\u00e2ncia que atuam simultaneamente no sentido do agravamento da crise ambiental: a concentra\u00e7\u00e3o crescente do controle sobre os recursos naturais e a privatiza\u00e7\u00e3o do uso do meio ambiente comum<\/p>\n\n\n\n<p><strong>d) <\/strong>a solu\u00e7\u00e3o da crise ambiental passa pela democratiza\u00e7\u00e3o do controle sobre os recursos naturais e pela desprivatiza\u00e7\u00e3o do meio ambiente comum, de tal forma que o acesso aos recursos naturais expressa uma viv\u00eancia democr\u00e1tica efetiva<\/p>\n\n\n\n<p><strong>e)<\/strong> as proposi\u00e7\u00f5es relativas \u00e0 determina\u00e7\u00e3o de um elemento da sociedade por outro, como, por exemplo, a crise ambiental decorrente da forma como se d\u00e1 a explora\u00e7\u00e3o econ\u00f4mica, n\u00e3o devem ser seriamente consideradas, pois h\u00e1 uma infinidade de outras causas n\u00e3o econ\u00f4micas para a crise ambiental<\/p>\n\n\n\n<ul>\n<li>Muito bem, chegamos \u00e0 metade dos Exerc\u00edcios sobre Meio Ambiente. <strong>Continue aumentando seu conhecimento.<\/strong><\/li>\n<\/ul>\n\n\n\n<p><strong>Quest\u00e3o 4 &#8211;<\/strong> (<span style=\"color: #1c609a;\">Enem 2016<\/span>) A linhagem dos primeiros cr\u00edticos ambientais brasileiros n\u00e3o praticou o elogio laudat\u00f3rio da beleza e da grandeza do meio natural brasileiro. O meio natural foi elogiado por sua riqueza e potencial econ\u00f4mico, sendo sua destrui\u00e7\u00e3o interpretada como um signo de atraso, ignor\u00e2ncia e falta de cuidado.<\/p>\n\n\n\n<p>PADUA, J. A. <em>Um sopro de destrui\u00e7\u00e3o: pensamento pol\u00edtico e cr\u00edtica ambiental no Brasil escravista<\/em> (1786-1888). Rio de Janeiro: Zahar, 2002 (adaptado).<\/p>\n\n\n\n<p>Descrevendo a posi\u00e7\u00e3o dos cr\u00edticos ambientais brasileiros dos s\u00e9culos XVIII e XIX, o autor demonstra que, via de regra, eles viam o meio natural como<\/p>\n\n\n\n<p><strong>a)<\/strong> ferramenta essencial para o avan\u00e7o da na\u00e7\u00e3o<\/p>\n\n\n\n<p><strong>b)<\/strong> d\u00e1diva divina para o desenvolvimento industrial<\/p>\n\n\n\n<p><strong>c) <\/strong>paisagem privilegiada para a valoriza\u00e7\u00e3o fundi\u00e1ria<\/p>\n\n\n\n<p><strong>d)<\/strong> limita\u00e7\u00e3o topogr\u00e1fica para a promo\u00e7\u00e3o da urbaniza\u00e7\u00e3o<\/p>\n\n\n\n<p><strong>e)<\/strong> obst\u00e1culo clim\u00e1tico para o estabelecimento da civiliza\u00e7\u00e3o<\/p>\n\n\n\n<p><strong>Quest\u00e3o 5 &#8211; (UEPA)<\/strong> O crescimento precipitado das cidades em decorr\u00eancia do acelerado desenvolvimento tecnol\u00f3gico da segunda metade do s\u00e9culo XX produziu um espa\u00e7o urbano cada vez mais fragmentado, caracterizado pelas desigualdades e segrega\u00e7\u00e3o espacial, subemprego e submoradia, viol\u00eancia urbana e graves problemas ambientais.<\/p>\n\n\n\n<p>Sobre os problemas socioambientais nos espa\u00e7os urbano-industriais, \u00e9 correto afirmar que:<\/p>\n\n\n\n<p><strong>a)<\/strong> os res\u00edduos dom\u00e9sticos e industriais aliados aos numerosos espa\u00e7os marginalizados, problemas de transportes, polui\u00e7\u00e3o da \u00e1gua e do solo, bem como os conflitos sociais, s\u00e3o grandes desafios das cidades na atualidade.<\/p>\n\n\n\n<p><strong>b)<\/strong> as a\u00e7\u00f5es antr\u00f3picas, em particular, as atividades ligadas ao desenvolvimento industrial e urbano, t\u00eam comprometido a qualidade das \u00e1guas superficiais, sem, contudo, alcan\u00e7ar os dep\u00f3sitos subterr\u00e2neos.<\/p>\n\n\n\n<p><strong>c)<\/strong> os conflitos sociais existentes no espa\u00e7o urbano mundial est\u00e3o associados \u00e0 amplia\u00e7\u00e3o de pol\u00edticas p\u00fablicas para melhoria de infraestrutura que provocou o deslocamento de milh\u00f5es de pessoas do campo para a cidade.<\/p>\n\n\n\n<p><strong>d)<\/strong> a viol\u00eancia urbana, problema agravado nos \u00faltimos anos, est\u00e1 associada \u00e0 m\u00e1 distribui\u00e7\u00e3o de renda, \u00e0 livre comercializa\u00e7\u00e3o de armas de fogo e \u00e0 cultura armamentista existente na maioria dos pa\u00edses europeus.<\/p>\n\n\n\n<p><strong>e)<\/strong> a chuva \u00e1cida ocorrida nos pa\u00edses ricos industrializados apresenta como consequ\u00eancias a destrui\u00e7\u00e3o da cobertura vegetal e a altera\u00e7\u00e3o das \u00e1guas, embora favore\u00e7a a fertiliza\u00e7\u00e3o dos solos agricult\u00e1veis.<\/p>\n\n\n\n<ul>\n<li><strong>Ufa, estamos quase no fim. <\/strong>Fa\u00e7a as 2 \u00faltimas quest\u00f5es de Meio Ambiente.<\/li>\n<\/ul>\n\n\n\n<p><strong>Quest\u00e3o 6 &#8211; (Mackenzie-SP)<\/strong> Seathl, chefe ind\u00edgena americano, em seu famoso discurso, discorre a respeito dos sentimentos e dos cuidados que o homem branco deveria ter para com a Terra, \u00e0 semelhan\u00e7a com os \u00edndios, ao se assenhorear das novas regi\u00f5es. E ao final, diz: \u201cNunca esque\u00e7as como era a terra quando dela tomaste posse. Conserva-a para os teus filhos e ama-a como Deus nos ama a todos. Uma coisa sabemos: o nosso Deus \u00e9 o mesmo Deus. Nem mesmo o homem branco pode evitar nosso destino comum\u201d.<\/p>\n\n\n\n<p>O discurso adaptado, publicado na revista Norsk Natur, Oslo, em 1974, nunca esteve t\u00e3o atual. O homem, procurando tornar sua vida mais \u201cconfort\u00e1vel\u201d, vem destruindo e contaminando tudo ao seu redor, sem se preocupar com os efeitos desastrosos posteriores.<\/p>\n\n\n\n<p>Esses efeitos podem ser causados por<\/p>\n\n\n\n<p><strong>I.<\/strong> libera\u00e7\u00e3o desenfreada de gases-estufa;<\/p>\n\n\n\n<p><strong>II. <\/strong>destrui\u00e7\u00e3o da camada de oz\u00f4nio;<\/p>\n\n\n\n<p><strong>III<\/strong>. uso descontrolado de agrot\u00f3xicos e inseticidas;<\/p>\n\n\n\n<p><strong>IV.<\/strong> desmatamento e queimadas.<\/p>\n\n\n\n<p>\u00c9 correto afirmar que contribuem para o agravamento dos problemas as causas citadas em:<\/p>\n\n\n\n<p><strong>a)<\/strong> I, II e III, apenas.<\/p>\n\n\n\n<p><strong>b) <\/strong>II e III, apenas.<\/p>\n\n\n\n<p><strong>c)<\/strong> I e IV, apenas.<\/p>\n\n\n\n<p><strong>d)<\/strong> I, II, III e IV.<\/p>\n\n\n\n<p><strong>e)<\/strong> II e IV, apenas.<\/p>\n\n\n\n<p><strong>Quest\u00e3o 7 &#8211; (UEFS)<\/strong> Em Salvador e na regi\u00e3o metropolitana, s\u00e3o descartados, por ano, cerca de dois milh\u00f5es de toneladas de res\u00edduos s\u00f3lidos. Se n\u00e3o forem tomadas provid\u00eancias, em pouco tempo, os aterros sanit\u00e1rios n\u00e3o ser\u00e3o suficientes para manter tanto lixo.<\/p>\n\n\n\n<p>Considerando-se a problem\u00e1tica do lixo das grandes regi\u00f5es metropolitanas do pa\u00eds, entre as solu\u00e7\u00f5es corretas para reduzir o ac\u00famulo desse material nos aterros sanit\u00e1rios, pode-se incluir<\/p>\n\n\n\n<p><strong>a)<\/strong> a incinera\u00e7\u00e3o de res\u00edduos s\u00f3lidos descartados nos aterros sanit\u00e1rios.<\/p>\n\n\n\n<p><strong>b)<\/strong> o incentivo \u00e0s cooperativas de catadores e aos artes\u00f5es para transformar os res\u00edduos s\u00f3lidos em material reciclado.<\/p>\n\n\n\n<p><strong>c)<\/strong> o reaproveitamento de res\u00edduos com objetivo de requalific\u00e1-los e introduzi-los na economia.<\/p>\n\n\n\n<p><strong>d)<\/strong> a amplia\u00e7\u00e3o de aterros sanit\u00e1rios para aproveitar a energia gerada na biodecomposi\u00e7\u00e3o de res\u00edduos s\u00f3lidos.<\/p>\n\n\n\n<p><strong>e)<\/strong> a moderniza\u00e7\u00e3o da frota de caminh\u00f5es, que utilize \u00f3leo diesel isento de enxofre, para manter os grandes centros urbanos limpos.<\/p>\n\n\n\n<ul>\n<li><strong>Parab\u00e9ns,<\/strong> voc\u00ea fez todos os Exerc\u00edcios sobre Meio Ambiente, Confira agora o Gabarito: <\/li>\n<\/ul>\n\n\n\n<h3 class=\"wp-block-heading\" id=\"gabarito\">Gabarito das Quest\u00f5es sobre Meio Ambiente<\/h3>\n\n\n\n<p>Confira as respostas das quest\u00f5es sobre meio ambiente.<\/p>\n\n\n\n<p><strong>Exerc\u00edcio resolvido da quest\u00e3o 1<\/strong>: letra <strong>e)<\/strong> o descarte irregular de lixo e os impactos ambientais e sociais implicados<\/p>\n\n\n\n<p><strong>Exerc\u00edcio resolvido da quest\u00e3o 2<\/strong>: letra <strong>d)<\/strong> proibi\u00e7\u00e3o permanente da explora\u00e7\u00e3o da natureza<\/p>\n\n\n\n<p><strong>Exerc\u00edcio resolvido da quest\u00e3o 3<\/strong>: letra <strong>e)<\/strong> as proposi\u00e7\u00f5es relativas \u00e0 determina\u00e7\u00e3o de um elemento da sociedade por outro, como, por exemplo, a crise ambiental decorrente da forma como se d\u00e1 a explora\u00e7\u00e3o econ\u00f4mica, n\u00e3o devem ser seriamente consideradas, pois h\u00e1 uma infinidade de outras causas n\u00e3o econ\u00f4micas para a crise ambiental<\/p>\n\n\n\n<p><strong>Exerc\u00edcio resolvido da quest\u00e3o 4<\/strong>: letra <strong>a)<\/strong> ferramenta essencial para o avan\u00e7o da na\u00e7\u00e3o<\/p>\n\n\n\n<p><strong>Exerc\u00edcio resolvido da quest\u00e3o 5<\/strong>: letra <strong>a)<\/strong> os res\u00edduos dom\u00e9sticos e industriais aliados aos numerosos espa\u00e7os marginalizados, problemas de transportes, polui\u00e7\u00e3o da \u00e1gua e do solo, bem como os conflitos sociais, s\u00e3o grandes desafios das cidades na atualidade.<\/p>\n\n\n\n<p><strong>Exerc\u00edcio resolvido da quest\u00e3o 6<\/strong>: letra<strong> d)<\/strong> I, II, III e IV.<\/p>\n\n\n\n<p><strong>Exerc\u00edcio resolvido da quest\u00e3o 7<\/strong>: letra<strong> c)<\/strong> o reaproveitamento de res\u00edduos com objetivo de requalific\u00e1-los e introduzi-los na economia.<\/p>\n\n\n\n<p><strong>Gostou das nossas quest\u00f5es sobre Meio Ambiente? <\/strong>Confira outros artigos do nosso blog e se prepare para o Enem da melhor maneira!<\/p>\n\n\n\n<p>Queremos te ajudar a encontrar a <strong>FACULDADE IDEAL<\/strong>! Logo abaixo, fa\u00e7a uma pesquisa por curso e cidade que te mostraremos todas as faculdades que podem te atender. <strong>Informamos a nota de corte, valor de mensalidade, nota do MEC, avalia\u00e7\u00e3o dos alunos, modalidades de ensino e muito mais.<\/strong><\/p>\n\n\n\n<p>Experimente agora!<\/p>\n","protected":false},"excerpt":{"rendered":"<p>Efeito estufa, aquecimento global, desmatamento s\u00e3o s\u00f3 alguns das diversas quest\u00f5es ambientais recorrentes nas provas de vestibulares e do Enem. Por isso, Leia nosso resumo e treine com as melhores quest\u00f5es sobre Meio Ambiente com gabarito! Se quiser ir diretamente para alguma parte do texto, clique em algum dos t\u00f3picos abaixo: Quando voc\u00ea terminar de [&hellip;]<\/p>\n","protected":false},"author":1,"featured_media":1369,"comment_status":"open","ping_status":"open","sticky":false,"template":"","format":"standard","meta":{"_mi_skip_tracking":false,"_monsterinsights_sitenote_active":false,"_monsterinsights_sitenote_note":"","_monsterinsights_sitenote_category":0},"categories":[607],"tags":[576,540],"yoast_head":"<!-- This site is optimized with the Yoast SEO plugin v20.10 - https:\/\/yoast.com\/wordpress\/plugins\/seo\/ -->\n<title>As 7 Melhores Quest\u00f5es sobre Meio Ambiente (GABARITO)<\/title>\n<meta name=\"description\" content=\"Leia o nosso Resumo e coloque o seu conhecimento em pr\u00e1tica com As Melhores Quest\u00f5es sobre Meio Ambiente selecionados para voc\u00ea.\" \/>\n<meta name=\"robots\" content=\"index, follow, max-snippet:-1, max-image-preview:large, max-video-preview:-1\" \/>\n<link rel=\"canonical\" href=\"https:\/\/beduka.com\/blog\/exercicios\/geografia-exercicios\/questoes-vestibular-sobre-meio-ambiente\/\" \/>\n<meta property=\"og:locale\" content=\"pt_BR\" \/>\n<meta property=\"og:type\" content=\"article\" \/>\n<meta property=\"og:title\" content=\"As 7 Melhores Quest\u00f5es sobre Meio Ambiente (GABARITO)\" \/>\n<meta property=\"og:description\" content=\"Leia o nosso Resumo e coloque o seu conhecimento em pr\u00e1tica com As Melhores Quest\u00f5es sobre Meio Ambiente selecionados para voc\u00ea.\" \/>\n<meta property=\"og:url\" content=\"https:\/\/beduka.com\/blog\/exercicios\/geografia-exercicios\/questoes-vestibular-sobre-meio-ambiente\/\" \/>\n<meta property=\"og:site_name\" content=\"Blog do Beduka | Mat\u00e9rias resumidas, Dicas e Exerc\u00edcios Enem\" \/>\n<meta property=\"article:publisher\" content=\"https:\/\/www.facebook.com\/beduka.buscadordefaculdades\/\" \/>\n<meta property=\"article:author\" content=\"https:\/\/www.facebook.com\/beduka.buscadordefaculdades\" \/>\n<meta property=\"article:published_time\" content=\"2018-09-10T22:14:50+00:00\" \/>\n<meta property=\"article:modified_time\" content=\"2023-10-30T18:18:09+00:00\" \/>\n<meta property=\"og:image\" content=\"https:\/\/beduka.com\/blog\/wp-content\/uploads\/2018\/09\/questoes-vestibular-sobre-meio-ambiente.jpg\" \/>\n\t<meta property=\"og:image:width\" content=\"600\" \/>\n\t<meta property=\"og:image:height\" content=\"300\" \/>\n\t<meta property=\"og:image:type\" content=\"image\/jpeg\" \/>\n<meta name=\"author\" content=\"Reda\u00e7\u00e3o Beduka (a)\" \/>\n<meta name=\"twitter:card\" content=\"summary_large_image\" \/>\n<meta name=\"twitter:label1\" content=\"Escrito por\" \/>\n\t<meta name=\"twitter:data1\" content=\"Reda\u00e7\u00e3o Beduka (a)\" \/>\n\t<meta name=\"twitter:label2\" content=\"Est. tempo de leitura\" \/>\n\t<meta name=\"twitter:data2\" content=\"11 minutos\" \/>\n<script type=\"application\/ld+json\" class=\"yoast-schema-graph\">{\"@context\":\"https:\/\/schema.org\",\"@graph\":[{\"@type\":\"Article\",\"@id\":\"https:\/\/beduka.com\/blog\/exercicios\/geografia-exercicios\/questoes-vestibular-sobre-meio-ambiente\/#article\",\"isPartOf\":{\"@id\":\"https:\/\/beduka.com\/blog\/exercicios\/geografia-exercicios\/questoes-vestibular-sobre-meio-ambiente\/\"},\"author\":{\"name\":\"Reda\u00e7\u00e3o Beduka (a)\",\"@id\":\"https:\/\/beduka.com\/blog\/#\/schema\/person\/325d912d2cb8dd9ede8ab291427d2b8a\"},\"headline\":\"Quest\u00f5es sobre meio ambiente com Gabarito | Consegue resolver?\",\"datePublished\":\"2018-09-10T22:14:50+00:00\",\"dateModified\":\"2023-10-30T18:18:09+00:00\",\"mainEntityOfPage\":{\"@id\":\"https:\/\/beduka.com\/blog\/exercicios\/geografia-exercicios\/questoes-vestibular-sobre-meio-ambiente\/\"},\"wordCount\":2063,\"commentCount\":0,\"publisher\":{\"@id\":\"https:\/\/beduka.com\/blog\/#organization\"},\"keywords\":[\"biologia\",\"geografia\"],\"articleSection\":[\"Geografia\"],\"inLanguage\":\"pt-BR\",\"potentialAction\":[{\"@type\":\"CommentAction\",\"name\":\"Comment\",\"target\":[\"https:\/\/beduka.com\/blog\/exercicios\/geografia-exercicios\/questoes-vestibular-sobre-meio-ambiente\/#respond\"]}]},{\"@type\":\"WebPage\",\"@id\":\"https:\/\/beduka.com\/blog\/exercicios\/geografia-exercicios\/questoes-vestibular-sobre-meio-ambiente\/\",\"url\":\"https:\/\/beduka.com\/blog\/exercicios\/geografia-exercicios\/questoes-vestibular-sobre-meio-ambiente\/\",\"name\":\"As 7 Melhores Quest\u00f5es sobre Meio Ambiente (GABARITO)\",\"isPartOf\":{\"@id\":\"https:\/\/beduka.com\/blog\/#website\"},\"datePublished\":\"2018-09-10T22:14:50+00:00\",\"dateModified\":\"2023-10-30T18:18:09+00:00\",\"description\":\"Leia o nosso Resumo e coloque o seu conhecimento em pr\u00e1tica com As Melhores Quest\u00f5es sobre Meio Ambiente selecionados para voc\u00ea.\",\"breadcrumb\":{\"@id\":\"https:\/\/beduka.com\/blog\/exercicios\/geografia-exercicios\/questoes-vestibular-sobre-meio-ambiente\/#breadcrumb\"},\"inLanguage\":\"pt-BR\",\"potentialAction\":[{\"@type\":\"ReadAction\",\"target\":[\"https:\/\/beduka.com\/blog\/exercicios\/geografia-exercicios\/questoes-vestibular-sobre-meio-ambiente\/\"]}]},{\"@type\":\"BreadcrumbList\",\"@id\":\"https:\/\/beduka.com\/blog\/exercicios\/geografia-exercicios\/questoes-vestibular-sobre-meio-ambiente\/#breadcrumb\",\"itemListElement\":[{\"@type\":\"ListItem\",\"position\":1,\"name\":\"Home\",\"item\":\"https:\/\/beduka.com\/blog\/\"},{\"@type\":\"ListItem\",\"position\":2,\"name\":\"Quest\u00f5es sobre meio ambiente com Gabarito | Consegue resolver?\"}]},{\"@type\":\"WebSite\",\"@id\":\"https:\/\/beduka.com\/blog\/#website\",\"url\":\"https:\/\/beduka.com\/blog\/\",\"name\":\"Blog do Beduka | Mat\u00e9rias resumidas, Dicas e Exerc\u00edcios Enem\",\"description\":\"O Blog do Beduka tem os conte\u00fados que mais caem no Enem, exerc\u00edcios de vestibular com gabarito, resumos, dicas e informa\u00e7\u00f5es Sisu, Prouni e Fies.Encontre dicas para o ENEM, resumos, exerc\u00edcios e informa\u00e7\u00f5es sobre os vestibulares. Acesse agora!\",\"publisher\":{\"@id\":\"https:\/\/beduka.com\/blog\/#organization\"},\"potentialAction\":[{\"@type\":\"SearchAction\",\"target\":{\"@type\":\"EntryPoint\",\"urlTemplate\":\"https:\/\/beduka.com\/blog\/?s={search_term_string}\"},\"query-input\":\"required name=search_term_string\"}],\"inLanguage\":\"pt-BR\"},{\"@type\":\"Organization\",\"@id\":\"https:\/\/beduka.com\/blog\/#organization\",\"name\":\"Beduka\",\"url\":\"https:\/\/beduka.com\/blog\/\",\"logo\":{\"@type\":\"ImageObject\",\"inLanguage\":\"pt-BR\",\"@id\":\"https:\/\/beduka.com\/blog\/#\/schema\/logo\/image\/\",\"url\":\"https:\/\/beduka.com\/blog\/wp-content\/uploads\/2020\/06\/marca-beduka.png\",\"contentUrl\":\"https:\/\/beduka.com\/blog\/wp-content\/uploads\/2020\/06\/marca-beduka.png\",\"width\":1077,\"height\":368,\"caption\":\"Beduka\"},\"image\":{\"@id\":\"https:\/\/beduka.com\/blog\/#\/schema\/logo\/image\/\"},\"sameAs\":[\"https:\/\/www.facebook.com\/beduka.buscadordefaculdades\/\",\"https:\/\/www.instagram.com\/beduka_oficial\/\",\"https:\/\/www.linkedin.com\/company\/beduka\",\"https:\/\/br.pinterest.com\/bedukaoficial\/\",\"https:\/\/www.youtube.com\/beduka\"]},{\"@type\":\"Person\",\"@id\":\"https:\/\/beduka.com\/blog\/#\/schema\/person\/325d912d2cb8dd9ede8ab291427d2b8a\",\"name\":\"Reda\u00e7\u00e3o Beduka (a)\",\"image\":{\"@type\":\"ImageObject\",\"inLanguage\":\"pt-BR\",\"@id\":\"https:\/\/beduka.com\/blog\/#\/schema\/person\/image\/\",\"url\":\"https:\/\/secure.gravatar.com\/avatar\/6f58a181ef24e0dc0bb73f096aa0f8b5?s=96&d=mm&r=g\",\"contentUrl\":\"https:\/\/secure.gravatar.com\/avatar\/6f58a181ef24e0dc0bb73f096aa0f8b5?s=96&d=mm&r=g\",\"caption\":\"Reda\u00e7\u00e3o Beduka (a)\"},\"description\":\"Este conte\u00fado foi criado e validado por uma equipe multidisciplinar, formada por especialistas em cada \u00e1rea do conhecimento. O Beduka est\u00e1 presente no Instagram, YouTube, LinkedIn e em diversos outros ambientes digitais. O site foi criado em 2017 e, desde a sua funda\u00e7\u00e3o, atua para fornecer materiais de qualidade para facilitar a vida de estudantes de todo o Brasil, ajudando-os a se preparar para os principais vestibulares e o Enem.\",\"sameAs\":[\"https:\/\/www.facebook.com\/beduka.buscadordefaculdades\",\"https:\/\/www.instagram.com\/beduka_oficial\/\",\"https:\/\/br.pinterest.com\/bedukaoficial\/\"],\"url\":\"https:\/\/beduka.com\/blog\/author\/admin\/\"}]}<\/script>\n<!-- \/ Yoast SEO plugin. -->","yoast_head_json":{"title":"As 7 Melhores Quest\u00f5es sobre Meio Ambiente (GABARITO)","description":"Leia o nosso Resumo e coloque o seu conhecimento em pr\u00e1tica com As Melhores Quest\u00f5es sobre Meio Ambiente selecionados para voc\u00ea.","robots":{"index":"index","follow":"follow","max-snippet":"max-snippet:-1","max-image-preview":"max-image-preview:large","max-video-preview":"max-video-preview:-1"},"canonical":"https:\/\/beduka.com\/blog\/exercicios\/geografia-exercicios\/questoes-vestibular-sobre-meio-ambiente\/","og_locale":"pt_BR","og_type":"article","og_title":"As 7 Melhores Quest\u00f5es sobre Meio Ambiente (GABARITO)","og_description":"Leia o nosso Resumo e coloque o seu conhecimento em pr\u00e1tica com As Melhores Quest\u00f5es sobre Meio Ambiente selecionados para voc\u00ea.","og_url":"https:\/\/beduka.com\/blog\/exercicios\/geografia-exercicios\/questoes-vestibular-sobre-meio-ambiente\/","og_site_name":"Blog do Beduka | Mat\u00e9rias resumidas, Dicas e Exerc\u00edcios Enem","article_publisher":"https:\/\/www.facebook.com\/beduka.buscadordefaculdades\/","article_author":"https:\/\/www.facebook.com\/beduka.buscadordefaculdades","article_published_time":"2018-09-10T22:14:50+00:00","article_modified_time":"2023-10-30T18:18:09+00:00","og_image":[{"width":600,"height":300,"url":"https:\/\/beduka.com\/blog\/wp-content\/uploads\/2018\/09\/questoes-vestibular-sobre-meio-ambiente.jpg","type":"image\/jpeg"}],"author":"Reda\u00e7\u00e3o Beduka (a)","twitter_card":"summary_large_image","twitter_misc":{"Escrito por":"Reda\u00e7\u00e3o Beduka (a)","Est. tempo de leitura":"11 minutos"},"schema":{"@context":"https:\/\/schema.org","@graph":[{"@type":"Article","@id":"https:\/\/beduka.com\/blog\/exercicios\/geografia-exercicios\/questoes-vestibular-sobre-meio-ambiente\/#article","isPartOf":{"@id":"https:\/\/beduka.com\/blog\/exercicios\/geografia-exercicios\/questoes-vestibular-sobre-meio-ambiente\/"},"author":{"name":"Reda\u00e7\u00e3o Beduka (a)","@id":"https:\/\/beduka.com\/blog\/#\/schema\/person\/325d912d2cb8dd9ede8ab291427d2b8a"},"headline":"Quest\u00f5es sobre meio ambiente com Gabarito | Consegue resolver?","datePublished":"2018-09-10T22:14:50+00:00","dateModified":"2023-10-30T18:18:09+00:00","mainEntityOfPage":{"@id":"https:\/\/beduka.com\/blog\/exercicios\/geografia-exercicios\/questoes-vestibular-sobre-meio-ambiente\/"},"wordCount":2063,"commentCount":0,"publisher":{"@id":"https:\/\/beduka.com\/blog\/#organization"},"keywords":["biologia","geografia"],"articleSection":["Geografia"],"inLanguage":"pt-BR","potentialAction":[{"@type":"CommentAction","name":"Comment","target":["https:\/\/beduka.com\/blog\/exercicios\/geografia-exercicios\/questoes-vestibular-sobre-meio-ambiente\/#respond"]}]},{"@type":"WebPage","@id":"https:\/\/beduka.com\/blog\/exercicios\/geografia-exercicios\/questoes-vestibular-sobre-meio-ambiente\/","url":"https:\/\/beduka.com\/blog\/exercicios\/geografia-exercicios\/questoes-vestibular-sobre-meio-ambiente\/","name":"As 7 Melhores Quest\u00f5es sobre Meio Ambiente (GABARITO)","isPartOf":{"@id":"https:\/\/beduka.com\/blog\/#website"},"datePublished":"2018-09-10T22:14:50+00:00","dateModified":"2023-10-30T18:18:09+00:00","description":"Leia o nosso Resumo e coloque o seu conhecimento em pr\u00e1tica com As Melhores Quest\u00f5es sobre Meio Ambiente selecionados para voc\u00ea.","breadcrumb":{"@id":"https:\/\/beduka.com\/blog\/exercicios\/geografia-exercicios\/questoes-vestibular-sobre-meio-ambiente\/#breadcrumb"},"inLanguage":"pt-BR","potentialAction":[{"@type":"ReadAction","target":["https:\/\/beduka.com\/blog\/exercicios\/geografia-exercicios\/questoes-vestibular-sobre-meio-ambiente\/"]}]},{"@type":"BreadcrumbList","@id":"https:\/\/beduka.com\/blog\/exercicios\/geografia-exercicios\/questoes-vestibular-sobre-meio-ambiente\/#breadcrumb","itemListElement":[{"@type":"ListItem","position":1,"name":"Home","item":"https:\/\/beduka.com\/blog\/"},{"@type":"ListItem","position":2,"name":"Quest\u00f5es sobre meio ambiente com Gabarito | Consegue resolver?"}]},{"@type":"WebSite","@id":"https:\/\/beduka.com\/blog\/#website","url":"https:\/\/beduka.com\/blog\/","name":"Blog do Beduka | Mat\u00e9rias resumidas, Dicas e Exerc\u00edcios Enem","description":"O Blog do Beduka tem os conte\u00fados que mais caem no Enem, exerc\u00edcios de vestibular com gabarito, resumos, dicas e informa\u00e7\u00f5es Sisu, Prouni e Fies.Encontre dicas para o ENEM, resumos, exerc\u00edcios e informa\u00e7\u00f5es sobre os vestibulares. Acesse agora!","publisher":{"@id":"https:\/\/beduka.com\/blog\/#organization"},"potentialAction":[{"@type":"SearchAction","target":{"@type":"EntryPoint","urlTemplate":"https:\/\/beduka.com\/blog\/?s={search_term_string}"},"query-input":"required name=search_term_string"}],"inLanguage":"pt-BR"},{"@type":"Organization","@id":"https:\/\/beduka.com\/blog\/#organization","name":"Beduka","url":"https:\/\/beduka.com\/blog\/","logo":{"@type":"ImageObject","inLanguage":"pt-BR","@id":"https:\/\/beduka.com\/blog\/#\/schema\/logo\/image\/","url":"https:\/\/beduka.com\/blog\/wp-content\/uploads\/2020\/06\/marca-beduka.png","contentUrl":"https:\/\/beduka.com\/blog\/wp-content\/uploads\/2020\/06\/marca-beduka.png","width":1077,"height":368,"caption":"Beduka"},"image":{"@id":"https:\/\/beduka.com\/blog\/#\/schema\/logo\/image\/"},"sameAs":["https:\/\/www.facebook.com\/beduka.buscadordefaculdades\/","https:\/\/www.instagram.com\/beduka_oficial\/","https:\/\/www.linkedin.com\/company\/beduka","https:\/\/br.pinterest.com\/bedukaoficial\/","https:\/\/www.youtube.com\/beduka"]},{"@type":"Person","@id":"https:\/\/beduka.com\/blog\/#\/schema\/person\/325d912d2cb8dd9ede8ab291427d2b8a","name":"Reda\u00e7\u00e3o Beduka (a)","image":{"@type":"ImageObject","inLanguage":"pt-BR","@id":"https:\/\/beduka.com\/blog\/#\/schema\/person\/image\/","url":"https:\/\/secure.gravatar.com\/avatar\/6f58a181ef24e0dc0bb73f096aa0f8b5?s=96&d=mm&r=g","contentUrl":"https:\/\/secure.gravatar.com\/avatar\/6f58a181ef24e0dc0bb73f096aa0f8b5?s=96&d=mm&r=g","caption":"Reda\u00e7\u00e3o Beduka (a)"},"description":"Este conte\u00fado foi criado e validado por uma equipe multidisciplinar, formada por especialistas em cada \u00e1rea do conhecimento. O Beduka est\u00e1 presente no Instagram, YouTube, LinkedIn e em diversos outros ambientes digitais. O site foi criado em 2017 e, desde a sua funda\u00e7\u00e3o, atua para fornecer materiais de qualidade para facilitar a vida de estudantes de todo o Brasil, ajudando-os a se preparar para os principais vestibulares e o Enem.","sameAs":["https:\/\/www.facebook.com\/beduka.buscadordefaculdades","https:\/\/www.instagram.com\/beduka_oficial\/","https:\/\/br.pinterest.com\/bedukaoficial\/"],"url":"https:\/\/beduka.com\/blog\/author\/admin\/"}]}},"_links":{"self":[{"href":"https:\/\/beduka.com\/blog\/wp-json\/wp\/v2\/posts\/1368"}],"collection":[{"href":"https:\/\/beduka.com\/blog\/wp-json\/wp\/v2\/posts"}],"about":[{"href":"https:\/\/beduka.com\/blog\/wp-json\/wp\/v2\/types\/post"}],"author":[{"embeddable":true,"href":"https:\/\/beduka.com\/blog\/wp-json\/wp\/v2\/users\/1"}],"replies":[{"embeddable":true,"href":"https:\/\/beduka.com\/blog\/wp-json\/wp\/v2\/comments?post=1368"}],"version-history":[{"count":24,"href":"https:\/\/beduka.com\/blog\/wp-json\/wp\/v2\/posts\/1368\/revisions"}],"predecessor-version":[{"id":31997,"href":"https:\/\/beduka.com\/blog\/wp-json\/wp\/v2\/posts\/1368\/revisions\/31997"}],"wp:featuredmedia":[{"embeddable":true,"href":"https:\/\/beduka.com\/blog\/wp-json\/wp\/v2\/media\/1369"}],"wp:attachment":[{"href":"https:\/\/beduka.com\/blog\/wp-json\/wp\/v2\/media?parent=1368"}],"wp:term":[{"taxonomy":"category","embeddable":true,"href":"https:\/\/beduka.com\/blog\/wp-json\/wp\/v2\/categories?post=1368"},{"taxonomy":"post_tag","embeddable":true,"href":"https:\/\/beduka.com\/blog\/wp-json\/wp\/v2\/tags?post=1368"}],"curies":[{"name":"wp","href":"https:\/\/api.w.org\/{rel}","templated":true}]}}