{"id":14372,"date":"2019-12-20T15:42:26","date_gmt":"2019-12-20T18:42:26","guid":{"rendered":"https:\/\/beduka.com\/blog\/?p=14372"},"modified":"2021-11-09T15:09:57","modified_gmt":"2021-11-09T18:09:57","slug":"exercicios-sobre-primeiro-reinado","status":"publish","type":"post","link":"https:\/\/beduka.com\/blog\/exercicios\/historia-exercicios\/exercicios-sobre-primeiro-reinado\/","title":{"rendered":"Os 6 Melhores Exerc\u00edcios sobre o Primeiro Reinado com Gabarito"},"content":{"rendered":"\n<blockquote class=\"wp-block-quote\"><p><strong><em>Primeiro Reinado \u00e9 o per\u00edodo brasileiro que teve seu in\u00edcio a partir da Independ\u00eancia do Brasil, em 1822, e seu fim ocorreu em 1831. Durante essa fase, o pa\u00eds foi governado por D. Pedro I e foi marcado por v\u00e1rios conflitos. Leia o resumo e fa\u00e7a os 6 Melhores Exerc\u00edcios sobre o Primeiro Reinado.<\/em><\/strong><\/p><\/blockquote>\n\n\n\n<p>Se quiser ir diretamente para alguma parte do texto, <strong>clique em algum dos t\u00f3picos abaixo<\/strong>:<\/p>\n\n\n\n<ul><li><a href=\"#foi-\">O que foi o Primeiro Reinado?<\/a><\/li><li><a href=\"#independ\u00eancia-\">Como a Independ\u00eancia do Brasil ocorreu?<\/a><\/li><li><a href=\"#monarquia-brasileira-\">Monarquia brasileira<\/a><\/li><li><a href=\"#caracter\u00edsticas-\">Principais caracter\u00edsticas da Constitui\u00e7\u00e3o de 1824<\/a><\/li><li><a href=\"#fim-\">Como foi o fim do Primeiro Reinado?<\/a><\/li><li><a href=\"#exerc\u00edcios-\">Exerc\u00edcios sobre o Primeiro Reinado<\/a><\/li><li><a href=\"#gabarito-\">Gabarito dos exerc\u00edcios sobre o Primeiro Reinado<\/a><\/li><\/ul>\n\n\n\n<p>Est\u00e1 com dificuldades para descobrir qual profiss\u00e3o se encaixa melhor na sua personalidade? Resolva isso com o<strong> <\/strong><a href=\"https:\/\/beduka.com\/blog\/dicas\/profissoes\/raiox-beduka-teste-vocacional-personalidade\/\" target=\"_blank\" rel=\"noreferrer noopener\"><strong>Raio-X Beduka<\/strong><\/a>, o melhor teste vocacional da internet!<\/p>\n\n\n\n<p>Relembre a mat\u00e9ria com o nosso resumo, pois ela costuma cair com frequ\u00eancia no caderno de Ci\u00eancias Humanas e suas tecnologias do ENEM e de outros principais vestibulares. Aproveite e fa\u00e7a os <strong>Exerc\u00edcios sobre o Primeiro Reinado!<\/strong><\/p>\n\n\n\n<h2 class=\"wp-block-heading\" id=\"foi-\">O que foi o Primeiro Reinado?<\/h2>\n\n\n\n<p>O Primeiro Reinado foi uma fase da hist\u00f3ria brasileira que teve seu <strong>in\u00edcio no ano de 1822 e seu fim em 1831<\/strong>, ap\u00f3s o imperador D. Pedro I abdicar o trono em favor de seu filho, que futuramente seria D. Pedro II.&nbsp;<\/p>\n\n\n\n<h2 class=\"wp-block-heading\" id=\"independ\u00eancia-\">Como a Independ\u00eancia do Brasil ocorreu?<\/h2>\n\n\n\n<div class=\"wp-block-image\"><figure class=\"aligncenter\"><img decoding=\"async\" loading=\"lazy\" width=\"600\" height=\"300\" src=\"https:\/\/beduka.com\/blog\/wp-content\/uploads\/2019\/12\/Resumo-Primeiro-Reinado-INDEPEND\u00caNCIA.jpg\" alt=\"Resumo-Primeiro-Reinado-INDEPEND\u00caNCIA\" class=\"wp-image-14374\" srcset=\"https:\/\/beduka.com\/blog\/wp-content\/uploads\/2019\/12\/Resumo-Primeiro-Reinado-INDEPEND\u00caNCIA.jpg 600w, https:\/\/beduka.com\/blog\/wp-content\/uploads\/2019\/12\/Resumo-Primeiro-Reinado-INDEPEND\u00caNCIA-300x150.jpg 300w, https:\/\/beduka.com\/blog\/wp-content\/uploads\/2019\/12\/Resumo-Primeiro-Reinado-INDEPEND\u00caNCIA-320x160.jpg 320w\" sizes=\"(max-width: 600px) 100vw, 600px\" \/><\/figure><\/div>\n\n\n\n<p> O <strong>Primeiro Reinado<\/strong> foi uma consequ\u00eancia da<strong> <a rel=\"noreferrer noopener\" href=\"https:\/\/beduka.com\/blog\/materias\/historia\/como-aconteceu-a-independencia-do-brasil\/\" data-type=\"URL\" data-id=\"https:\/\/beduka.com\/blog\/materias\/historia\/como-aconteceu-a-independencia-do-brasil\/\" target=\"_blank\">independ\u00eancia do Brasil<\/a><\/strong>,  que ocorreu logo ap\u00f3s<strong> Coroa Portuguesa foi transferida para o Rio de Janeiro.<\/strong> <\/p>\n\n\n\n<p>Essa transfer\u00eancia gerou um crescimento na cidade, como nos portos e nos com\u00e9rcios. Com essas mudan\u00e7as, o Brasil passou a ser parte do Reino de Portugal e n\u00e3o apenas uma col\u00f4nia. <\/p>\n\n\n\n<p>Por\u00e9m, nem todos estavam satisfeitos com essas mudan\u00e7as. A <strong>burguesia portuguesa <\/strong>organizou uma um revolu\u00e7\u00e3o, que foi denominada <strong>Revolu\u00e7\u00e3o Liberal do Porto<\/strong>, no qual pediam que o rei portugu\u00eas voltasse para Lisboa e que as medidas implantadas no Brasil fossem revogadas. <\/p>\n\n\n\n<p>Contudo, essa revolu\u00e7\u00e3o n\u00e3o foi bem recebida pelas elites econ\u00f4micas brasileiras, pois viam&nbsp; nisso uma amea\u00e7a de recoloniza\u00e7\u00e3o do pa\u00eds.<\/p>\n\n\n\n<p>Ap\u00f3s esses ocorridos, o processo pela independ\u00eancia do Brasil foi colocado em pr\u00e1tica pelo pr\u00edncipe Pedro de Alc\u00e2ntara (filho de D. Jo\u00e3o VI) que foi o l\u00edder do movimento. <\/p>\n\n\n\n<p>Por isso, em<strong> 7 de setembro de 1822,<\/strong> ocorreu o <strong>grito do Ipiranga,<\/strong> quando o regente declarou a independ\u00eancia do Brasil, foi coroado e passou a ser D. Pedro I.<\/p>\n\n\n\n<div class=\"wp-block-image\"><figure class=\"aligncenter\"><img decoding=\"async\" loading=\"lazy\" width=\"600\" height=\"300\" src=\"https:\/\/beduka.com\/blog\/wp-content\/uploads\/2020\/10\/D.-PEDRO-I.jpg\" alt=\"Imagem de Dom Pedro I\" class=\"wp-image-18470\" srcset=\"https:\/\/beduka.com\/blog\/wp-content\/uploads\/2020\/10\/D.-PEDRO-I.jpg 600w, https:\/\/beduka.com\/blog\/wp-content\/uploads\/2020\/10\/D.-PEDRO-I-300x150.jpg 300w, https:\/\/beduka.com\/blog\/wp-content\/uploads\/2020\/10\/D.-PEDRO-I-320x160.jpg 320w\" sizes=\"(max-width: 600px) 100vw, 600px\" \/><\/figure><\/div>\n\n\n\n<p>Importante ressaltar que a Independ\u00eancia do Brasil, <strong>n\u00e3o foi um movimento sem conflitos<\/strong>, pois existiam prov\u00edncias que eram leais aos portugueses e n\u00e3o queriam se tornar independentes. <\/p>\n\n\n\n<p>Dessa forma, ocorreram lutas entre os portugueses divididos entre os partidos do Brasil e de Portugal e seus aliados no territ\u00f3rio brasileiro.<\/p>\n\n\n\n<h2 class=\"wp-block-heading\" id=\"monarquia-brasileira-\">Monarquia brasileira <\/h2>\n\n\n\n<p>A <strong>monarquia brasileira<\/strong> foi instaurada como forma de governo do pa\u00eds, sendo o \u00fanico da Am\u00e9rica do Sul a adotar esse sistema.&nbsp;<\/p>\n\n\n\n<p>Algumas hip\u00f3teses surgiram sobre o motivo do Brasil ter se tornado uma monarquia enquanto todos os vizinhos eram rep\u00fablicas, que seriam:<\/p>\n\n\n\n<ul><li>Medo da fragmenta\u00e7\u00e3o do territ\u00f3rio brasileiro, caso uma rep\u00fablica fosse instaurada no pa\u00eds;<\/li><li>N\u00e3o havia a possibilidade de ocorrer transforma\u00e7\u00f5es no status quo por meio da monarquia;<\/li><li>A elite do Brasil havia sido letrada de acordo com as tradi\u00e7\u00f5es mon\u00e1rquicas de Portugal.<\/li><\/ul>\n\n\n\n<h2 class=\"wp-block-heading\" id=\"caracter\u00edsticas-\">Principais caracter\u00edsticas da Constitui\u00e7\u00e3o de 1824<\/h2>\n\n\n\n<p>A <strong>constitui\u00e7\u00e3o de 1824 <\/strong>foi criada por meio da Assembleia Constituinte, que teve seu in\u00edcio em maio de 1823. <\/p>\n\n\n\n<p>Os parlamentares, defendiam a exist\u00eancia de maiores liberdades individuais e a limita\u00e7\u00e3o do poder real, com a ado\u00e7\u00e3o da divis\u00e3o de poderes entre legislativo, executivo e judici\u00e1rio. Por\u00e9m, D. Pedro I n\u00e3o queria defender essa ideia, e sim ter poderes para governar o Brasil, sem que houvesse empecilhos para isso.<\/p>\n\n\n\n<p>Em <strong>12 de novembro de 1823,<\/strong> em um evento chamado Noite da Agonia, houve a veta\u00e7\u00e3o do documento que ficou conhecido como Constitui\u00e7\u00e3o da Mandioca por D. Pedro I. <\/p>\n\n\n\n<p>Ele ordenou que as tropas cercassem a Assembleia Nacional Constituinte e  prendessem alguns parlamentares que lhe faziam oposi\u00e7\u00e3o. <\/p>\n\n\n\n<p>Ap\u00f3s o ocorrido, uma nova Constitui\u00e7\u00e3o foi elaborada por uma junta organizada pelo imperador. Nela afirmava-se a exist\u00eancia de quatro poderes. Al\u00e9m dos j\u00e1 ditos acima, e<strong>stabelecera-se o poder moderador, que era inviol\u00e1vel e concedia o poder de dissolu\u00e7\u00e3o do legislativo, caso houvesse necessidade<\/strong>.<\/p>\n\n\n\n<p>Al\u00e9m disso, imp\u00f4s o voto censit\u00e1rio (que \u00e9 o direito de voto concedido para um&nbsp; grupo espec\u00edfico de pessoas que possuem certos requisitos econ\u00f4micos). Os libertos tamb\u00e9m n\u00e3o poderiam ser eleitos, demonstrando <strong><a rel=\"noreferrer noopener\" href=\"https:\/\/beduka.com\/blog\/materias\/o-que-e-estratificacao-social\/\" data-type=\"URL\" data-id=\"https:\/\/beduka.com\/blog\/materias\/o-que-e-estratificacao-social\/\" target=\"_blank\">estratifica\u00e7\u00e3o<\/a><\/strong> por origem.<\/p>\n\n\n\n<h2 class=\"wp-block-heading\" id=\"fim-\">Como foi o fim do Primeiro Reinado?<\/h2>\n\n\n\n<p>Alguns fatores fizeram com que essa fase chegasse ao fim, sendo as principais:<\/p>\n\n\n\n<ul><li>Insatisfa\u00e7\u00e3o popular;<\/li><li>Desaven\u00e7as entre D. Pedro e a elite brasileira;<\/li><li>Dissolu\u00e7\u00e3o da Assembleia Constituinte;<\/li><li>Acontecimento da Guerra do Equador e da Guerra da Cisplatina;<\/li><li>Autoritarismo em excesso.<\/li><\/ul>\n\n\n\n<p>Por isso em 1831, o Primeiro Reinado chegou ao fim.<\/p>\n\n\n\n<h2 class=\"wp-block-heading\" id=\"exerc\u00edcios-\">Exerc\u00edcios sobre o Primeiro Reinado <\/h2>\n\n\n\n<p id=\"exerc\u00edcios-\">Baixe o melhor <a rel=\"noreferrer noopener\" aria-label=\" (abre numa nova aba)\" href=\"https:\/\/beduka.com\/blog\/enem\/plano-de-estudos-gratuito\/\" target=\"_blank\">Plano de Estudos Gratuito<\/a> que voc\u00ea encontrar\u00e1 na internet.<\/p>\n\n\n\n<p><strong>Quest\u00e3o 1 &#8211; <\/strong><a href=\"https:\/\/www.ufes.br\/\" target=\"_blank\" rel=\"noreferrer noopener\" aria-label=\" (abre numa nova aba)\">(UFES)<\/a><strong> <\/strong>&#8220;Confedera\u00e7\u00e3o do Equador: Manifesto Revolucion\u00e1rio:<\/p>\n\n\n\n<p>Brasileiros do Norte! Pedro de Alc\u00e2ntara, filho de D. Jo\u00e3o VI, rei de Portugal, a quem v\u00f3s, ap\u00f3s uma est\u00fapida condescend\u00eancia com os Brasileiros do Sul, aclamastes vosso imperador, quer descaradamente escravizar-vos. Que desaforado atrevimento de um europeu no Brasil. Acaso pensar\u00e1 esse estrangeiro ingrato e sem costumes que tem algum direito \u00e0 Coroa, por descender da casa de Bragan\u00e7a na Europa, de quem j\u00e1 somos independentes de fato e de direito? N\u00e3o h\u00e1 del\u00edrio igual (&#8230; ).&#8221;<\/p>\n\n\n\n<p>(Ulysses de Carvalho Brand\u00e3o. A CONFEDERA\u00c7\u00c3O DO EQUADOR. Pernambuco: Publica\u00e7\u00f5es Oficiais, 1924).<\/p>\n\n\n\n<p>O texto dos Confederados de 1824 revela um momento de insatisfa\u00e7\u00e3o pol\u00edtica contra a:<\/p>\n\n\n\n<p><strong>a)<\/strong> extin\u00e7\u00e3o do Poder Legislativo pela Constitui\u00e7\u00e3o de 1824 e sua substitui\u00e7\u00e3o pelo Poder Moderador.<\/p>\n\n\n\n<p><strong>b)<\/strong> mudan\u00e7a do sistema eleitoral na Constitui\u00e7\u00e3o de 1824, que vedava aos brasileiros o direito de se candidatar ao Parlamento, o que s\u00f3 era poss\u00edvel aos portugueses.<\/p>\n\n\n\n<p><strong>c) <\/strong>atitude absolutista de D. Pedro I, ao dissolver a Constituinte de 1823 e outorgar uma Constitui\u00e7\u00e3o que conferia amplos poderes ao Imperador.<\/p>\n\n\n\n<p><strong>d) <\/strong>liberaliza\u00e7\u00e3o do sistema de m\u00e3o de obra nas disposi\u00e7\u00f5es constitucionais, por press\u00e3o do grupo portugu\u00eas, que j\u00e1 n\u00e3o detinha o controle das grandes fazendas e da produ\u00e7\u00e3o de a\u00e7\u00facar.<\/p>\n\n\n\n<p><strong>e)<\/strong> restri\u00e7\u00e3o \u00e0s vantagens do com\u00e9rcio do a\u00e7\u00facar pelo refor\u00e7o do monop\u00f3lio portugu\u00eas e aumento dos tributos contidos na Carta Constitucional.<\/p>\n\n\n\n<p><strong>Quest\u00e3o 2 &#8211; <\/strong><a href=\"https:\/\/www.mackenzie.br\/\" target=\"_blank\" rel=\"noreferrer noopener\" aria-label=\" (abre numa nova aba)\">(Mackenzie)<\/a><strong>  <\/strong>O epis\u00f3dio conhecido como &#8220;A Noite das Garrafadas&#8221;, briga entre portugueses e brasileiros, relaciona-se com:<\/p>\n\n\n\n<p><strong>a) <\/strong>a promulga\u00e7\u00e3o da Constitui\u00e7\u00e3o da Mandioca pela Assembleia Constituinte.<\/p>\n\n\n\n<p><strong>b)<\/strong> a institui\u00e7\u00e3o da Tarifa Alves Branco, que aumentava as taxas de alf\u00e2ndega, acirrando as disputas entre portugueses e brasileiros.<\/p>\n\n\n\n<p><strong>c) <\/strong>o descontentamento da popula\u00e7\u00e3o do Rio de Janeiro contra as medidas saneadoras de Oswaldo Cruz.<\/p>\n\n\n\n<p><strong>d)<\/strong> a manifesta\u00e7\u00e3o dos brasileiros contra os portugueses ligados \u00e0 sociedade &#8220;Colunas do Trono&#8221; que apoiavam Dom Pedro I.<\/p>\n\n\n\n<p><strong>e)<\/strong> a vinda da Corte Portuguesa e o confisco de propriedades residenciais para aloj\u00e1-la no Brasil.<\/p>\n\n\n\n<p><strong>Quest\u00e3o 3 &#8211; <\/strong><a href=\"https:\/\/www.unifor.br\/\" target=\"_blank\" rel=\"noreferrer noopener\" aria-label=\" (abre numa nova aba)\">(UNIFOR\/CE)<\/a><strong>  <\/strong>Termos da abdica\u00e7\u00e3o de Dom Pedro I:<\/p>\n\n\n\n<p>Usando do direito que a Constitui\u00e7\u00e3o me concede, declaro que hei muito voluntariamente abdicado na pessoa do meu mui amado e prezado filho o Sr. Pedro de Alc\u00e2ntara. Boa Vista \u2013 7 de abril de 1831, d\u00e9cimo de Independ\u00eancia e do Imp\u00e9rio \u2013 D. Pedro I. Antonio Mendes Jr. Et al. Brasil-Hist\u00f3ria, Texto e Consulta. Imp\u00e9rio. S\u00e3o Paulo: Brasiliense, 1977. p. 200.<\/p>\n\n\n\n<p>Os fatos que conduziram \u00e0 abdica\u00e7\u00e3o foram:<\/p>\n\n\n\n<p><strong>a)<\/strong> repress\u00e3o aos revolucion\u00e1rios da Confedera\u00e7\u00e3o do Equador, incorpora\u00e7\u00e3o da Guiana Francesa e outorga da Constitui\u00e7\u00e3o;<\/p>\n\n\n\n<p><strong>b) <\/strong>favorecimento aos comerciantes brasileiros em detrimento dos portugueses, d\u00edvida externa elevada com a Guerra da Cisplatina e fal\u00eancia do Banco do Brasil;<\/p>\n\n\n\n<p><strong>c) <\/strong>repress\u00e3o aos revolucion\u00e1rios da Confedera\u00e7\u00e3o do Equador, perda da Prov\u00edncia Cisplatina e fal\u00eancia do Banco do Brasil;<\/p>\n\n\n\n<p><strong>d) <\/strong>perda da prov\u00edncia Cisplatina, dissolu\u00e7\u00e3o da Assembleia Constituinte e puni\u00e7\u00e3o exemplar aos pistoleiros que executaram o jornalista L\u00edbero Badar\u00f3;<\/p>\n\n\n\n<p><strong>e)<\/strong> controle das finan\u00e7as nacionais, respeito aos constituintes que elaboraram a primeira constitui\u00e7\u00e3o e favorecimento aos comerciantes brasileiros.<\/p>\n\n\n\n<ul><li><strong>Voc\u00ea est\u00e1 indo muito bem! <\/strong>Chegamos \u00e0 metade <strong>dos Exerc\u00edcios sobre o Primeiro Reinado<\/strong><\/li><\/ul>\n\n\n\n<p><strong>Quest\u00e3o 4 &#8211; <\/strong><a href=\"https:\/\/www.ufpr.br\/portalufpr\/\" target=\"_blank\" rel=\"noreferrer noopener\" aria-label=\" (abre numa nova aba)\">(UFPR)<\/a><strong> <\/strong>Com a abdica\u00e7\u00e3o do imperador D. Pedro I em 1831, o fracasso do primeiro reinado tomou corpo. Com rela\u00e7\u00e3o a isso, considere os fatos abaixo:<\/p>\n\n\n\n<p><strong>I.<\/strong> A imigra\u00e7\u00e3o europeia para o Brasil ocorrida nesse per\u00edodo.<\/p>\n\n\n\n<p><strong>II. <\/strong>A eclos\u00e3o da guerra na Prov\u00edncia Cisplatina (1825-1828) contra as Prov\u00edncias Argentinas, a qual consumiu recursos do Estado em forma\u00e7\u00e3o e cujo principal resultado foi a cria\u00e7\u00e3o da Rep\u00fablica Oriental do Uruguai, em 1828.<\/p>\n\n\n\n<p><strong>III.<\/strong> A indisposi\u00e7\u00e3o do Imperador nas negocia\u00e7\u00f5es com os deputados das prov\u00edncias do Brasil, que levou ao fechamento da Assembleia Constituinte, em 12 de novembro de 1823, e \u00e0 imposi\u00e7\u00e3o de uma carta constitucional em 1824.<\/p>\n\n\n\n<p>IV. A queda do gabinete dos Andradas, que levou o Imperador a se cercar de in\u00fameros portugueses, egressos de Portugal ainda ao tempo do governo de D. Jo\u00e3o VI.<\/p>\n\n\n\n<p>Tiveram influ\u00eancia direta no desfecho do primeiro reinado os fatos apresentados em:<\/p>\n\n\n\n<p><strong>a)<\/strong> II, III e IV somente.<\/p>\n\n\n\n<p><strong>b)<\/strong> I, III e IV somente.<\/p>\n\n\n\n<p><strong>c)<\/strong> III e IV somente.<\/p>\n\n\n\n<p><strong>d) <\/strong>I, II e III somente.<\/p>\n\n\n\n<p><strong>e)<\/strong> I e II somente.<\/p>\n\n\n\n<p><strong>Quest\u00e3o 5 &#8211; <\/strong><a rel=\"noreferrer noopener\" aria-label=\" (abre numa nova aba)\" href=\"https:\/\/www.fuvest.br\/\" target=\"_blank\">(FUVEST)<\/a><strong>  <\/strong>O sistema eleitoral adotado no Imp\u00e9rio Brasileiro estabelecia o voto censit\u00e1rio. Esta afirma\u00e7\u00e3o significa que:<\/p>\n\n\n\n<p><strong>a)<\/strong> o sufr\u00e1gio era indireto no que se referia \u00e0s elei\u00e7\u00f5es gerais<\/p>\n\n\n\n<p><strong>b)<\/strong> para ser eleitor era necess\u00e1rio possuir uma determinada renda anual<\/p>\n\n\n\n<p><strong>c)<\/strong> as elei\u00e7\u00f5es eram efetuadas em dois turnos sucessivos<\/p>\n\n\n\n<p><strong>d)<\/strong> o voto n\u00e3o era extensivo aos analfabetos e \u00e0s mulheres<\/p>\n\n\n\n<p><strong>e) <\/strong>por ocasi\u00e3o das elei\u00e7\u00f5es, realizava-se o recenseamento geral da popula\u00e7\u00e3o.<\/p>\n\n\n\n<p><strong>Quest\u00e3o 6 &#8211; <\/strong><a rel=\"noreferrer noopener\" aria-label=\" (abre numa nova aba)\" href=\"https:\/\/ufop.br\/\" target=\"_blank\">(UFOP-MG)<\/a><strong> &#8211;<\/strong> O Ato Adicional \u00e0 Constitui\u00e7\u00e3o brasileira de 1824, aprovado em 12 de agosto de 1834, suprimiu:<\/p>\n\n\n\n<p><strong>a)<\/strong> as assembl\u00e9ias provinciais<\/p>\n\n\n\n<p><strong>b) <\/strong>o Senado vital\u00edcio<\/p>\n\n\n\n<p><strong>c) <\/strong>o Conselho de Estado<\/p>\n\n\n\n<p><strong>d)<\/strong> o munic\u00edpio neutro<\/p>\n\n\n\n<p><strong>e) <\/strong>o poder Moderador<\/p>\n\n\n\n<ul><li><strong>Parab\u00e9ns<\/strong>, chegou ao fim dos Exerc\u00edcios sobre o Primeiro Reinado. <strong>Confira agora o Gabarito:<\/strong><\/li><\/ul>\n\n\n\n<h2 class=\"wp-block-heading\" id=\"gabarito-\">Gabarito dos Exerc\u00edcios sobre o Primeiro Reinado<\/h2>\n\n\n\n<p><strong>Exerc\u00edcio resolvido da quest\u00e3o 1 &#8211;<\/strong><\/p>\n\n\n\n<p>Alternativa correta: letra <strong>c)<\/strong> atitude absolutista de D. Pedro I, ao dissolver a Constituinte de 1823 e outorgar uma Constitui\u00e7\u00e3o que conferia amplos poderes ao Imperador.<\/p>\n\n\n\n<p><strong>Exerc\u00edcio resolvido da quest\u00e3o 2 &#8211;<\/strong><\/p>\n\n\n\n<p>Alternativa correta: letra <strong>d)<\/strong> a manifesta\u00e7\u00e3o dos brasileiros contra os portugueses ligados \u00e0 sociedade &#8220;Colunas do Trono&#8221; que apoiavam Dom Pedro I.<\/p>\n\n\n\n<p><strong>Exerc\u00edcio resolvido da quest\u00e3o 3 &#8211;<\/strong><\/p>\n\n\n\n<p>Alternativa correta: letra <strong>c)<\/strong> repress\u00e3o aos revolucion\u00e1rios da Confedera\u00e7\u00e3o do Equador, perda da Prov\u00edncia Cisplatina e fal\u00eancia do Banco do Brasil;<\/p>\n\n\n\n<p><strong>Exerc\u00edcio resolvido da quest\u00e3o 4 &#8211;<\/strong><\/p>\n\n\n\n<p>Alternativa correta: letra <strong>a)<\/strong> II, III e IV somente.<\/p>\n\n\n\n<p><strong>Exerc\u00edcio resolvido da quest\u00e3o 5 &#8211;<\/strong><\/p>\n\n\n\n<p>Alternativa correta: letra <strong>b)<\/strong> para ser eleitor era necess\u00e1rio possuir uma determinada renda anual<\/p>\n\n\n\n<p><strong>Exerc\u00edcio resolvido da quest\u00e3o 6 &#8211;<\/strong><\/p>\n\n\n\n<p>Alternativa correta: letra <strong>c)<\/strong> o Conselho de Estado<\/p>\n\n\n\n<p>Estude para o Enem com o<a href=\"https:\/\/beduka.com\/simulado\" target=\"_blank\" rel=\"noreferrer noopener\" aria-label=\" (abre numa nova aba)\"> Simulado Beduka.<\/a> <strong>\u00c9 gratuito!<\/strong><\/p>\n\n\n\n<p>Gostou dos nossos Exerc\u00edcios sobre o Primeiro Reinado? Compartilhe com os seus amigos e comente abaixo sobre \u00e1reas que voc\u00ea deseja mais explica\u00e7\u00f5es.<\/p>\n\n\n\n<p>Queremos te ajudar a encontrar a <strong>FACULDADE IDEAL! <\/strong>Logo abaixo, fa\u00e7a uma pesquisa por curso e cidade que te mostraremos todas as faculdades que podem te atender. <strong>Informamos a nota de corte, valor de mensalidade, nota do MEC, avalia\u00e7\u00e3o dos alunos, modalidades de ensino e muito mais.<\/strong><\/p>\n\n\n\n<p>Experimente agora!<\/p>\n","protected":false},"excerpt":{"rendered":"<p>Primeiro Reinado \u00e9 o per\u00edodo brasileiro que teve seu in\u00edcio a partir da Independ\u00eancia do Brasil, em 1822, e seu fim ocorreu em 1831. Durante essa fase, o pa\u00eds foi governado por D. Pedro I e foi marcado por v\u00e1rios conflitos. Leia o resumo e fa\u00e7a os 6 Melhores Exerc\u00edcios sobre o Primeiro Reinado. Se [&hellip;]<\/p>\n","protected":false},"author":1,"featured_media":23754,"comment_status":"open","ping_status":"closed","sticky":false,"template":"","format":"standard","meta":{"_mi_skip_tracking":false,"_monsterinsights_sitenote_active":false,"_monsterinsights_sitenote_note":"","_monsterinsights_sitenote_category":0},"categories":[604],"tags":[1565],"yoast_head":"<!-- This site is optimized with the Yoast SEO plugin v20.10 - https:\/\/yoast.com\/wordpress\/plugins\/seo\/ -->\n<title>Exerc\u00edcios sobre o Primeiro Reinado com Gabarito<\/title>\n<meta name=\"description\" content=\"Leia nosso resumo completo e fa\u00e7a nossa lista com os 6 Melhores Exerc\u00edcios sobre O Primeiro Reinado selecionados para voc\u00ea!\" \/>\n<meta name=\"robots\" content=\"index, follow, max-snippet:-1, max-image-preview:large, max-video-preview:-1\" \/>\n<link rel=\"canonical\" href=\"https:\/\/beduka.com\/blog\/exercicios\/historia-exercicios\/exercicios-sobre-primeiro-reinado\/\" \/>\n<meta property=\"og:locale\" content=\"pt_BR\" \/>\n<meta property=\"og:type\" content=\"article\" \/>\n<meta property=\"og:title\" content=\"Exerc\u00edcios sobre o Primeiro Reinado com Gabarito\" \/>\n<meta property=\"og:description\" content=\"Leia nosso resumo completo e fa\u00e7a nossa lista com os 6 Melhores Exerc\u00edcios sobre O Primeiro Reinado selecionados para voc\u00ea!\" \/>\n<meta property=\"og:url\" content=\"https:\/\/beduka.com\/blog\/exercicios\/historia-exercicios\/exercicios-sobre-primeiro-reinado\/\" \/>\n<meta property=\"og:site_name\" content=\"Blog do Beduka | Mat\u00e9rias resumidas, Dicas e Exerc\u00edcios Enem\" \/>\n<meta property=\"article:publisher\" content=\"https:\/\/www.facebook.com\/beduka.buscadordefaculdades\/\" \/>\n<meta property=\"article:author\" content=\"https:\/\/www.facebook.com\/beduka.buscadordefaculdades\" \/>\n<meta property=\"article:published_time\" content=\"2019-12-20T18:42:26+00:00\" \/>\n<meta property=\"article:modified_time\" content=\"2021-11-09T18:09:57+00:00\" \/>\n<meta property=\"og:image\" content=\"https:\/\/beduka.com\/blog\/wp-content\/uploads\/2019\/12\/Exercicios-sobre-o-Primeiro-Reinado.jpg\" \/>\n\t<meta property=\"og:image:width\" content=\"609\" \/>\n\t<meta property=\"og:image:height\" content=\"342\" \/>\n\t<meta property=\"og:image:type\" content=\"image\/jpeg\" \/>\n<meta name=\"author\" content=\"Reda\u00e7\u00e3o Beduka (a)\" \/>\n<meta name=\"twitter:card\" content=\"summary_large_image\" \/>\n<meta name=\"twitter:label1\" content=\"Escrito por\" \/>\n\t<meta name=\"twitter:data1\" content=\"Reda\u00e7\u00e3o Beduka (a)\" \/>\n\t<meta name=\"twitter:label2\" content=\"Est. tempo de leitura\" \/>\n\t<meta name=\"twitter:data2\" content=\"10 minutos\" \/>\n<script type=\"application\/ld+json\" class=\"yoast-schema-graph\">{\"@context\":\"https:\/\/schema.org\",\"@graph\":[{\"@type\":\"Article\",\"@id\":\"https:\/\/beduka.com\/blog\/exercicios\/historia-exercicios\/exercicios-sobre-primeiro-reinado\/#article\",\"isPartOf\":{\"@id\":\"https:\/\/beduka.com\/blog\/exercicios\/historia-exercicios\/exercicios-sobre-primeiro-reinado\/\"},\"author\":{\"name\":\"Reda\u00e7\u00e3o Beduka (a)\",\"@id\":\"https:\/\/beduka.com\/blog\/#\/schema\/person\/325d912d2cb8dd9ede8ab291427d2b8a\"},\"headline\":\"Os 6 Melhores Exerc\u00edcios sobre o Primeiro Reinado com Gabarito\",\"datePublished\":\"2019-12-20T18:42:26+00:00\",\"dateModified\":\"2021-11-09T18:09:57+00:00\",\"mainEntityOfPage\":{\"@id\":\"https:\/\/beduka.com\/blog\/exercicios\/historia-exercicios\/exercicios-sobre-primeiro-reinado\/\"},\"wordCount\":2055,\"commentCount\":4,\"publisher\":{\"@id\":\"https:\/\/beduka.com\/blog\/#organization\"},\"keywords\":[\"Exerc\u00edcios sobre Primeiro Reinado\"],\"articleSection\":[\"Hist\u00f3ria\"],\"inLanguage\":\"pt-BR\",\"potentialAction\":[{\"@type\":\"CommentAction\",\"name\":\"Comment\",\"target\":[\"https:\/\/beduka.com\/blog\/exercicios\/historia-exercicios\/exercicios-sobre-primeiro-reinado\/#respond\"]}]},{\"@type\":\"WebPage\",\"@id\":\"https:\/\/beduka.com\/blog\/exercicios\/historia-exercicios\/exercicios-sobre-primeiro-reinado\/\",\"url\":\"https:\/\/beduka.com\/blog\/exercicios\/historia-exercicios\/exercicios-sobre-primeiro-reinado\/\",\"name\":\"Exerc\u00edcios sobre o Primeiro Reinado com Gabarito\",\"isPartOf\":{\"@id\":\"https:\/\/beduka.com\/blog\/#website\"},\"datePublished\":\"2019-12-20T18:42:26+00:00\",\"dateModified\":\"2021-11-09T18:09:57+00:00\",\"description\":\"Leia nosso resumo completo e fa\u00e7a nossa lista com os 6 Melhores Exerc\u00edcios sobre O Primeiro Reinado selecionados para voc\u00ea!\",\"breadcrumb\":{\"@id\":\"https:\/\/beduka.com\/blog\/exercicios\/historia-exercicios\/exercicios-sobre-primeiro-reinado\/#breadcrumb\"},\"inLanguage\":\"pt-BR\",\"potentialAction\":[{\"@type\":\"ReadAction\",\"target\":[\"https:\/\/beduka.com\/blog\/exercicios\/historia-exercicios\/exercicios-sobre-primeiro-reinado\/\"]}]},{\"@type\":\"BreadcrumbList\",\"@id\":\"https:\/\/beduka.com\/blog\/exercicios\/historia-exercicios\/exercicios-sobre-primeiro-reinado\/#breadcrumb\",\"itemListElement\":[{\"@type\":\"ListItem\",\"position\":1,\"name\":\"Home\",\"item\":\"https:\/\/beduka.com\/blog\/\"},{\"@type\":\"ListItem\",\"position\":2,\"name\":\"Os 6 Melhores Exerc\u00edcios sobre o Primeiro Reinado com Gabarito\"}]},{\"@type\":\"WebSite\",\"@id\":\"https:\/\/beduka.com\/blog\/#website\",\"url\":\"https:\/\/beduka.com\/blog\/\",\"name\":\"Blog do Beduka | Mat\u00e9rias resumidas, Dicas e Exerc\u00edcios Enem\",\"description\":\"O Blog do Beduka tem os conte\u00fados que mais caem no Enem, exerc\u00edcios de vestibular com gabarito, resumos, dicas e informa\u00e7\u00f5es Sisu, Prouni e Fies.Encontre dicas para o ENEM, resumos, exerc\u00edcios e informa\u00e7\u00f5es sobre os vestibulares. Acesse agora!\",\"publisher\":{\"@id\":\"https:\/\/beduka.com\/blog\/#organization\"},\"potentialAction\":[{\"@type\":\"SearchAction\",\"target\":{\"@type\":\"EntryPoint\",\"urlTemplate\":\"https:\/\/beduka.com\/blog\/?s={search_term_string}\"},\"query-input\":\"required name=search_term_string\"}],\"inLanguage\":\"pt-BR\"},{\"@type\":\"Organization\",\"@id\":\"https:\/\/beduka.com\/blog\/#organization\",\"name\":\"Beduka\",\"url\":\"https:\/\/beduka.com\/blog\/\",\"logo\":{\"@type\":\"ImageObject\",\"inLanguage\":\"pt-BR\",\"@id\":\"https:\/\/beduka.com\/blog\/#\/schema\/logo\/image\/\",\"url\":\"https:\/\/beduka.com\/blog\/wp-content\/uploads\/2020\/06\/marca-beduka.png\",\"contentUrl\":\"https:\/\/beduka.com\/blog\/wp-content\/uploads\/2020\/06\/marca-beduka.png\",\"width\":1077,\"height\":368,\"caption\":\"Beduka\"},\"image\":{\"@id\":\"https:\/\/beduka.com\/blog\/#\/schema\/logo\/image\/\"},\"sameAs\":[\"https:\/\/www.facebook.com\/beduka.buscadordefaculdades\/\",\"https:\/\/www.instagram.com\/beduka_oficial\/\",\"https:\/\/www.linkedin.com\/company\/beduka\",\"https:\/\/br.pinterest.com\/bedukaoficial\/\",\"https:\/\/www.youtube.com\/beduka\"]},{\"@type\":\"Person\",\"@id\":\"https:\/\/beduka.com\/blog\/#\/schema\/person\/325d912d2cb8dd9ede8ab291427d2b8a\",\"name\":\"Reda\u00e7\u00e3o Beduka (a)\",\"image\":{\"@type\":\"ImageObject\",\"inLanguage\":\"pt-BR\",\"@id\":\"https:\/\/beduka.com\/blog\/#\/schema\/person\/image\/\",\"url\":\"https:\/\/secure.gravatar.com\/avatar\/6f58a181ef24e0dc0bb73f096aa0f8b5?s=96&d=mm&r=g\",\"contentUrl\":\"https:\/\/secure.gravatar.com\/avatar\/6f58a181ef24e0dc0bb73f096aa0f8b5?s=96&d=mm&r=g\",\"caption\":\"Reda\u00e7\u00e3o Beduka (a)\"},\"description\":\"Este conte\u00fado foi criado e validado por uma equipe multidisciplinar, formada por especialistas em cada \u00e1rea do conhecimento. O Beduka est\u00e1 presente no Instagram, YouTube, LinkedIn e em diversos outros ambientes digitais. O site foi criado em 2017 e, desde a sua funda\u00e7\u00e3o, atua para fornecer materiais de qualidade para facilitar a vida de estudantes de todo o Brasil, ajudando-os a se preparar para os principais vestibulares e o Enem.\",\"sameAs\":[\"https:\/\/www.facebook.com\/beduka.buscadordefaculdades\",\"https:\/\/www.instagram.com\/beduka_oficial\/\",\"https:\/\/br.pinterest.com\/bedukaoficial\/\"],\"url\":\"https:\/\/beduka.com\/blog\/author\/admin\/\"}]}<\/script>\n<!-- \/ Yoast SEO plugin. -->","yoast_head_json":{"title":"Exerc\u00edcios sobre o Primeiro Reinado com Gabarito","description":"Leia nosso resumo completo e fa\u00e7a nossa lista com os 6 Melhores Exerc\u00edcios sobre O Primeiro Reinado selecionados para voc\u00ea!","robots":{"index":"index","follow":"follow","max-snippet":"max-snippet:-1","max-image-preview":"max-image-preview:large","max-video-preview":"max-video-preview:-1"},"canonical":"https:\/\/beduka.com\/blog\/exercicios\/historia-exercicios\/exercicios-sobre-primeiro-reinado\/","og_locale":"pt_BR","og_type":"article","og_title":"Exerc\u00edcios sobre o Primeiro Reinado com Gabarito","og_description":"Leia nosso resumo completo e fa\u00e7a nossa lista com os 6 Melhores Exerc\u00edcios sobre O Primeiro Reinado selecionados para voc\u00ea!","og_url":"https:\/\/beduka.com\/blog\/exercicios\/historia-exercicios\/exercicios-sobre-primeiro-reinado\/","og_site_name":"Blog do Beduka | Mat\u00e9rias resumidas, Dicas e Exerc\u00edcios Enem","article_publisher":"https:\/\/www.facebook.com\/beduka.buscadordefaculdades\/","article_author":"https:\/\/www.facebook.com\/beduka.buscadordefaculdades","article_published_time":"2019-12-20T18:42:26+00:00","article_modified_time":"2021-11-09T18:09:57+00:00","og_image":[{"width":609,"height":342,"url":"https:\/\/beduka.com\/blog\/wp-content\/uploads\/2019\/12\/Exercicios-sobre-o-Primeiro-Reinado.jpg","type":"image\/jpeg"}],"author":"Reda\u00e7\u00e3o Beduka (a)","twitter_card":"summary_large_image","twitter_misc":{"Escrito por":"Reda\u00e7\u00e3o Beduka (a)","Est. tempo de leitura":"10 minutos"},"schema":{"@context":"https:\/\/schema.org","@graph":[{"@type":"Article","@id":"https:\/\/beduka.com\/blog\/exercicios\/historia-exercicios\/exercicios-sobre-primeiro-reinado\/#article","isPartOf":{"@id":"https:\/\/beduka.com\/blog\/exercicios\/historia-exercicios\/exercicios-sobre-primeiro-reinado\/"},"author":{"name":"Reda\u00e7\u00e3o Beduka (a)","@id":"https:\/\/beduka.com\/blog\/#\/schema\/person\/325d912d2cb8dd9ede8ab291427d2b8a"},"headline":"Os 6 Melhores Exerc\u00edcios sobre o Primeiro Reinado com Gabarito","datePublished":"2019-12-20T18:42:26+00:00","dateModified":"2021-11-09T18:09:57+00:00","mainEntityOfPage":{"@id":"https:\/\/beduka.com\/blog\/exercicios\/historia-exercicios\/exercicios-sobre-primeiro-reinado\/"},"wordCount":2055,"commentCount":4,"publisher":{"@id":"https:\/\/beduka.com\/blog\/#organization"},"keywords":["Exerc\u00edcios sobre Primeiro Reinado"],"articleSection":["Hist\u00f3ria"],"inLanguage":"pt-BR","potentialAction":[{"@type":"CommentAction","name":"Comment","target":["https:\/\/beduka.com\/blog\/exercicios\/historia-exercicios\/exercicios-sobre-primeiro-reinado\/#respond"]}]},{"@type":"WebPage","@id":"https:\/\/beduka.com\/blog\/exercicios\/historia-exercicios\/exercicios-sobre-primeiro-reinado\/","url":"https:\/\/beduka.com\/blog\/exercicios\/historia-exercicios\/exercicios-sobre-primeiro-reinado\/","name":"Exerc\u00edcios sobre o Primeiro Reinado com Gabarito","isPartOf":{"@id":"https:\/\/beduka.com\/blog\/#website"},"datePublished":"2019-12-20T18:42:26+00:00","dateModified":"2021-11-09T18:09:57+00:00","description":"Leia nosso resumo completo e fa\u00e7a nossa lista com os 6 Melhores Exerc\u00edcios sobre O Primeiro Reinado selecionados para voc\u00ea!","breadcrumb":{"@id":"https:\/\/beduka.com\/blog\/exercicios\/historia-exercicios\/exercicios-sobre-primeiro-reinado\/#breadcrumb"},"inLanguage":"pt-BR","potentialAction":[{"@type":"ReadAction","target":["https:\/\/beduka.com\/blog\/exercicios\/historia-exercicios\/exercicios-sobre-primeiro-reinado\/"]}]},{"@type":"BreadcrumbList","@id":"https:\/\/beduka.com\/blog\/exercicios\/historia-exercicios\/exercicios-sobre-primeiro-reinado\/#breadcrumb","itemListElement":[{"@type":"ListItem","position":1,"name":"Home","item":"https:\/\/beduka.com\/blog\/"},{"@type":"ListItem","position":2,"name":"Os 6 Melhores Exerc\u00edcios sobre o Primeiro Reinado com Gabarito"}]},{"@type":"WebSite","@id":"https:\/\/beduka.com\/blog\/#website","url":"https:\/\/beduka.com\/blog\/","name":"Blog do Beduka | Mat\u00e9rias resumidas, Dicas e Exerc\u00edcios Enem","description":"O Blog do Beduka tem os conte\u00fados que mais caem no Enem, exerc\u00edcios de vestibular com gabarito, resumos, dicas e informa\u00e7\u00f5es Sisu, Prouni e Fies.Encontre dicas para o ENEM, resumos, exerc\u00edcios e informa\u00e7\u00f5es sobre os vestibulares. Acesse agora!","publisher":{"@id":"https:\/\/beduka.com\/blog\/#organization"},"potentialAction":[{"@type":"SearchAction","target":{"@type":"EntryPoint","urlTemplate":"https:\/\/beduka.com\/blog\/?s={search_term_string}"},"query-input":"required name=search_term_string"}],"inLanguage":"pt-BR"},{"@type":"Organization","@id":"https:\/\/beduka.com\/blog\/#organization","name":"Beduka","url":"https:\/\/beduka.com\/blog\/","logo":{"@type":"ImageObject","inLanguage":"pt-BR","@id":"https:\/\/beduka.com\/blog\/#\/schema\/logo\/image\/","url":"https:\/\/beduka.com\/blog\/wp-content\/uploads\/2020\/06\/marca-beduka.png","contentUrl":"https:\/\/beduka.com\/blog\/wp-content\/uploads\/2020\/06\/marca-beduka.png","width":1077,"height":368,"caption":"Beduka"},"image":{"@id":"https:\/\/beduka.com\/blog\/#\/schema\/logo\/image\/"},"sameAs":["https:\/\/www.facebook.com\/beduka.buscadordefaculdades\/","https:\/\/www.instagram.com\/beduka_oficial\/","https:\/\/www.linkedin.com\/company\/beduka","https:\/\/br.pinterest.com\/bedukaoficial\/","https:\/\/www.youtube.com\/beduka"]},{"@type":"Person","@id":"https:\/\/beduka.com\/blog\/#\/schema\/person\/325d912d2cb8dd9ede8ab291427d2b8a","name":"Reda\u00e7\u00e3o Beduka (a)","image":{"@type":"ImageObject","inLanguage":"pt-BR","@id":"https:\/\/beduka.com\/blog\/#\/schema\/person\/image\/","url":"https:\/\/secure.gravatar.com\/avatar\/6f58a181ef24e0dc0bb73f096aa0f8b5?s=96&d=mm&r=g","contentUrl":"https:\/\/secure.gravatar.com\/avatar\/6f58a181ef24e0dc0bb73f096aa0f8b5?s=96&d=mm&r=g","caption":"Reda\u00e7\u00e3o Beduka (a)"},"description":"Este conte\u00fado foi criado e validado por uma equipe multidisciplinar, formada por especialistas em cada \u00e1rea do conhecimento. O Beduka est\u00e1 presente no Instagram, YouTube, LinkedIn e em diversos outros ambientes digitais. O site foi criado em 2017 e, desde a sua funda\u00e7\u00e3o, atua para fornecer materiais de qualidade para facilitar a vida de estudantes de todo o Brasil, ajudando-os a se preparar para os principais vestibulares e o Enem.","sameAs":["https:\/\/www.facebook.com\/beduka.buscadordefaculdades","https:\/\/www.instagram.com\/beduka_oficial\/","https:\/\/br.pinterest.com\/bedukaoficial\/"],"url":"https:\/\/beduka.com\/blog\/author\/admin\/"}]}},"_links":{"self":[{"href":"https:\/\/beduka.com\/blog\/wp-json\/wp\/v2\/posts\/14372"}],"collection":[{"href":"https:\/\/beduka.com\/blog\/wp-json\/wp\/v2\/posts"}],"about":[{"href":"https:\/\/beduka.com\/blog\/wp-json\/wp\/v2\/types\/post"}],"author":[{"embeddable":true,"href":"https:\/\/beduka.com\/blog\/wp-json\/wp\/v2\/users\/1"}],"replies":[{"embeddable":true,"href":"https:\/\/beduka.com\/blog\/wp-json\/wp\/v2\/comments?post=14372"}],"version-history":[{"count":6,"href":"https:\/\/beduka.com\/blog\/wp-json\/wp\/v2\/posts\/14372\/revisions"}],"predecessor-version":[{"id":23789,"href":"https:\/\/beduka.com\/blog\/wp-json\/wp\/v2\/posts\/14372\/revisions\/23789"}],"wp:featuredmedia":[{"embeddable":true,"href":"https:\/\/beduka.com\/blog\/wp-json\/wp\/v2\/media\/23754"}],"wp:attachment":[{"href":"https:\/\/beduka.com\/blog\/wp-json\/wp\/v2\/media?parent=14372"}],"wp:term":[{"taxonomy":"category","embeddable":true,"href":"https:\/\/beduka.com\/blog\/wp-json\/wp\/v2\/categories?post=14372"},{"taxonomy":"post_tag","embeddable":true,"href":"https:\/\/beduka.com\/blog\/wp-json\/wp\/v2\/tags?post=14372"}],"curies":[{"name":"wp","href":"https:\/\/api.w.org\/{rel}","templated":true}]}}