{"id":14931,"date":"2020-02-26T15:36:45","date_gmt":"2020-02-26T18:36:45","guid":{"rendered":"https:\/\/beduka.com\/blog\/?p=14931"},"modified":"2022-05-09T15:35:04","modified_gmt":"2022-05-09T18:35:04","slug":"exercicios-sobre-xenofobia","status":"publish","type":"post","link":"https:\/\/beduka.com\/blog\/exercicios\/geografia-exercicios\/exercicios-sobre-xenofobia\/","title":{"rendered":"Os 5 Melhores Exerc\u00edcios sobre Xenofobia com gabarito"},"content":{"rendered":"\n<blockquote class=\"wp-block-quote\"><p><strong><em>Xenofobia \u00e9 o medo e grande antipatia contra estrangeiros. A xenofobia pode ser gerada pela desconfian\u00e7a em rela\u00e7\u00e3o a pessoas de origem estrangeira, por causa da cultura, cren\u00e7a, h\u00e1bito, ra\u00e7a e outras caracter\u00edsticas. Fa\u00e7a os exerc\u00edcios sobre xenofobia e leia o resumo para entender mais sobre esse termo.<\/em><\/strong><\/p><\/blockquote>\n\n\n\n<p>Se voc\u00ea quiser ir diretamente para alguma parte do texto, clique em um dos t\u00f3picos abaixo:<\/p>\n\n\n\n<ul><li><a href=\"#\u00e9\">O que \u00e9 xenofobia?\u00a0<\/a><\/li><li><a href=\"#caracteriza-\">O que caracteriza algu\u00e9m como xen\u00f3fobo?<\/a><\/li><li><a href=\"#significado-\">Significado de Xenofobia<\/a><\/li><li><a href=\"#xenofobia-no-brasil\">Como \u00e9 a xenofobia no Brasil?<\/a><\/li><li><a href=\"#xenofobia-e-racismo\">Qual \u00e9 a rela\u00e7\u00e3o entre xenofobia e racismo?<\/a><\/li><li><a href=\"#exerc\u00edcios-\">Exerc\u00edcios sobre Xenofobia<\/a><\/li><li><a href=\"#gabarito-\">Gabarito dos Exerc\u00edcios sobre Xenofobia\u00a0<\/a><\/li><\/ul>\n\n\n\n<h2 class=\"wp-block-heading\" id=\"\u00e9\">O que \u00e9 xenofobia?\u00a0<\/h2>\n\n\n\n<div class=\"wp-block-image\"><figure class=\"aligncenter\"><img decoding=\"async\" loading=\"lazy\" width=\"600\" height=\"300\" src=\"https:\/\/beduka.com\/blog\/wp-content\/uploads\/2020\/02\/xenofobia.jpg\" alt=\"qual o significado de xenofobia\" class=\"wp-image-14935\" srcset=\"https:\/\/beduka.com\/blog\/wp-content\/uploads\/2020\/02\/xenofobia.jpg 600w, https:\/\/beduka.com\/blog\/wp-content\/uploads\/2020\/02\/xenofobia-300x150.jpg 300w, https:\/\/beduka.com\/blog\/wp-content\/uploads\/2020\/02\/xenofobia-320x160.jpg 320w\" sizes=\"(max-width: 600px) 100vw, 600px\" \/><\/figure><\/div>\n\n\n\n<p>A <strong>xenofobia<\/strong> \u00e9 o nome dado para a manifesta\u00e7\u00e3o de \u00f3dio contra pessoas apenas por serem estrangeiras ou por serem vistas como tais. Esse \u00f3dio \u00e9 um preconceito social que tem se tornado comum ap\u00f3s o aumento dos fluxos migrat\u00f3rios.<\/p>\n\n\n\n<p><strong>Em pessoas xenof\u00f3bicas o medo \u00e9 infundado e costuma ser problema psicol\u00f3gico ou psiqui\u00e1trico.<\/strong> Simplesmente n\u00e3o gostar da conviv\u00eancia com pessoas de outros lugares n\u00e3o caracteriza xenofobia.\u00a0<\/p>\n\n\n\n<p>Em muitos casos uma cultura diferente pode contrariar todo um modo de vida de pessoas de outro lugar. <strong>\u00c9 claro que isso n\u00e3o \u00e9 motivo de desrespeito, mas xenofobia \u00e9 mais grave que esse desgosto.<\/strong><\/p>\n\n\n\n<h2 class=\"wp-block-heading\" id=\"caracteriza-\">O que caracteriza algu\u00e9m como xen\u00f3fobo?<\/h2>\n\n\n\n<p><strong>Xenofobia n\u00e3o \u00e9 simplesmente n\u00e3o gostar de algu\u00e9m por ser estrangeiro.<\/strong> Nem \u00e9 xenof\u00f3bico algu\u00e9m com postura mais protecionista em rela\u00e7\u00e3o \u00e0 abertura de seu pa\u00eds aos excessos migrat\u00f3rios que colocam a economia local em risco.<\/p>\n\n\n\n<p><strong>Tamb\u00e9m n\u00e3o \u00e9 xenof\u00f3bico quem \u00e9 contra a imigra\u00e7\u00e3o ilegal ou que defenda empregos, primeiramente, para seus compatriotas.<\/strong><\/p>\n\n\n\n<p>A xenofobia vai al\u00e9m de uma antipatia, prefer\u00eancia ou coisa parecida. <strong>Trata-se de um \u00f3dio real, que pode mover algu\u00e9m \u00e0 agress\u00e3o ou levar \u00e0 raiva extrema.<\/strong> Pode inclusive caracterizar uma patologia, que leve algu\u00e9m a temer um estrangeiro, mesmo o medo sendo infundado.<\/p>\n\n\n\n<p>Hoje em dia, facilmente algu\u00e9m \u00e9 acusado de xenof\u00f3bico e n\u00e3o \u00e9 por a\u00ed. Muitos fatores psicol\u00f3gicos e psiqui\u00e1tricos devem ser levados em considera\u00e7\u00e3o.<\/p>\n\n\n\n<h2 class=\"wp-block-heading\" id=\"significado-\">Significado de Xenofobia<\/h2>\n\n\n\n<p>Xenofobia surgiu da jun\u00e7\u00e3o de duas palavras gregas \u201c<strong><em>x\u00e9nos<\/em><\/strong><em>\u201d<\/em> e \u201c<strong><em>ph\u00f3bos<\/em><\/strong>\u201d, que \u00e9 respectivamente estrangeiro e medo. Logo, xenofobia \u00e9 \u201c<strong>medo do diferente<\/strong>\u201d ou \u201c<strong>medo do estrangeiro<\/strong>\u201d.\u00a0<\/p>\n\n\n\n<p>Lembrando que o termo xenofobia \u00e9 muito utilizado para descrever a <strong>avers\u00e3o que algu\u00e9m tem de um grupo estrangeiro<\/strong>, mas ele tamb\u00e9m pode ser utilizado para a <strong>avers\u00e3o contra indiv\u00edduos do mesmo pa\u00eds<\/strong>, por\u00e9m que s\u00e3o vistas como estrangeiras.<\/p>\n\n\n\n<p><strong>A xenofobia normalmente \u00e9 acompanhada pelas seguintes quest\u00f5es:<\/strong><\/p>\n\n\n\n<ul><li>Intoler\u00e2ncia religiosa;<\/li><li>Preconceito contra o estere\u00f3tipo;<\/li><li>Sentimento de supremacia;<\/li><li>Nacionalismo exagerado;<\/li><li>Etnocentrismo;<\/li><li>Medo econ\u00f4mico;<\/li><li>Comportamentos violentos;<\/li><li>Discrimina\u00e7\u00e3o;<\/li><li>Exclus\u00e3o social;<\/li><li>Bagagem hist\u00f3rica.<\/li><\/ul>\n\n\n\n<h2 class=\"wp-block-heading\" id=\"xenofobia-no-brasil\">Como \u00e9 a xenofobia no Brasil?<\/h2>\n\n\n\n<div class=\"wp-block-image\"><figure class=\"aligncenter\"><img decoding=\"async\" loading=\"lazy\" width=\"600\" height=\"300\" src=\"https:\/\/beduka.com\/blog\/wp-content\/uploads\/2020\/02\/xenofobia-no-Brasil.jpg\" alt=\"xenofobia-no-Brasil\" class=\"wp-image-14934\" srcset=\"https:\/\/beduka.com\/blog\/wp-content\/uploads\/2020\/02\/xenofobia-no-Brasil.jpg 600w, https:\/\/beduka.com\/blog\/wp-content\/uploads\/2020\/02\/xenofobia-no-Brasil-300x150.jpg 300w, https:\/\/beduka.com\/blog\/wp-content\/uploads\/2020\/02\/xenofobia-no-Brasil-320x160.jpg 320w\" sizes=\"(max-width: 600px) 100vw, 600px\" \/><\/figure><\/div>\n\n\n\n<p>No Brasil algumas pessoas manifestam xenofobia contra os haitianos, <strong>bolivianos, angolanos, mo\u00e7ambicanos, outras nacionalidades africanas <\/strong>e <strong>venezuelanos<\/strong>, devido a grande quantidade de migrantes dessas nacionalidades no Brasil.<\/p>\n\n\n\n<p>Por\u00e9m, h\u00e1 tamb\u00e9m a xenofobia reproduzida contra os pr\u00f3prios brasileiros que s\u00e3o de outras regi\u00f5es dentro do pr\u00f3prio pa\u00eds, como por exemplo as pessoas das <strong><a href=\"https:\/\/beduka.com\/blog\/exercicios\/exercicios-sobre-a-regiao-norte\/\" data-type=\"URL\" data-id=\"https:\/\/beduka.com\/blog\/exercicios\/exercicios-sobre-a-regiao-norte\/\" target=\"_blank\" rel=\"noreferrer noopener\">Regi\u00f5es Norte<\/a><\/strong> e <strong><a href=\"https:\/\/beduka.com\/blog\/materias\/geografia\/resumo-da-regiao-nordeste\/\" data-type=\"URL\" data-id=\"https:\/\/beduka.com\/blog\/materias\/geografia\/resumo-da-regiao-nordeste\/\" target=\"_blank\" rel=\"noreferrer noopener\">Nordeste<\/a> do Brasil<\/strong>. Neste \u00faltimo caso, o preconceito \u00e9 realizado principalmente por pessoas do Sudeste.<\/p>\n\n\n\n<p>Alguns brasileiros tamb\u00e9m s\u00e3o <strong>v\u00edtimas da xenofobia<\/strong> em alguns lugares da Europa e nos Estados Unidos.<\/p>\n\n\n\n<h2 class=\"wp-block-heading\" id=\"xenofobia-e-racismo\">Qual \u00e9 a rela\u00e7\u00e3o entre xenofobia e racismo?<\/h2>\n\n\n\n<p>A xenofobia possui uma rela\u00e7\u00e3o direta com o<strong> racismo<\/strong>. O preconceito social contra pessoas devido as suas caracter\u00edsticas f\u00edsicas, como a cor de sua pele, \u00e9 percebido por exemplo pela forma de tratamento. Alguns atos de xenofobia, racismo e preconceito s\u00e3o t\u00e3o grandes que podem ter como consequ\u00eancia a morte.<\/p>\n\n\n\n<h2 class=\"wp-block-heading\" id=\"exerc\u00edcios-\">Exerc\u00edcios sobre Xenofobia&nbsp;<\/h2>\n\n\n\n<p><strong>Quest\u00e3o 1 &#8211; (<a rel=\"noreferrer noopener\" href=\"https:\/\/www.ufg.br\/\" data-type=\"URL\" data-id=\"https:\/\/www.ufg.br\/\" target=\"_blank\">UFG-GO\/2010<\/a>) &#8211;<\/strong> Um dos principais tra\u00e7os da din\u00e2mica demogr\u00e1fica mundial \u00e9 a migra\u00e7\u00e3o internacional, que recria conflitos espaciais de diferentes ordens. Esse tipo de migra\u00e7\u00e3o \u00e9 explicado<\/p>\n\n\n\n<p><strong>a) <\/strong>pela incorpora\u00e7\u00e3o de valores ocidentais no Oriente e de valores orientais no Ocidente, diminuindo as fronteiras simb\u00f3licas.<\/p>\n\n\n\n<p><strong>b)<\/strong> pela facilidade do fluxo de trabalhadores condicionados pelos novos meios de comunica\u00e7\u00e3o e transportes.<\/p>\n\n\n\n<p><strong>c)<\/strong> pela aprendizagem de idiomas dos pa\u00edses ricos como forma de incorpora\u00e7\u00e3o \u00e0s novas demandas da ind\u00fastria.<\/p>\n\n\n\n<p><strong>d)<\/strong> pelo livre acesso dos indiv\u00edduos no interior dos pa\u00edses signat\u00e1rios de acordos de livre com\u00e9rcio e coopera\u00e7\u00e3o.<\/p>\n\n\n\n<p><strong>e)<\/strong> pelo aumento global do desemprego, que gera mis\u00e9ria nas na\u00e7\u00f5es de baixo \u00edndice de desenvolvimento humano.<\/p>\n\n\n\n<p><strong>Quest\u00e3o 2 &#8211; (<a href=\"https:\/\/www.uerj.br\/\" data-type=\"URL\" data-id=\"https:\/\/www.uerj.br\/\" target=\"_blank\" rel=\"noreferrer noopener\">UERJ\/2016<\/a>) &#8211; <\/strong>Em novembro de 2014, a Alemanha celebrou 25 anos da queda do Muro de Berlim. Apesar do tempo decorrido e dos investimentos realizados, ainda persistem muitas diferen\u00e7as entre as por\u00e7\u00f5es ocidental e oriental do pa\u00eds. Os mapas abaixo apontam exemplos dessas diferen\u00e7as.<br><\/p>\n\n\n\n<div class=\"wp-block-image\"><figure class=\"aligncenter\"><img decoding=\"async\" loading=\"lazy\" width=\"300\" height=\"223\" src=\"https:\/\/beduka.com\/blog\/wp-content\/uploads\/2020\/02\/nacionalismo-xenofobia-gegrafia-ufrj.jpg\" alt=\"nacionalismo-xenofobia-gegrafia-ufrj\" class=\"wp-image-14932\"\/><\/figure><\/div>\n\n\n\n<p>Uma prioridade da plataforma pol\u00edtica do Partido Nacional Democrata, da extrema-direita alem\u00e3, \u00e9 a ado\u00e7\u00e3o de severas restri\u00e7\u00f5es \u00e0 imigra\u00e7\u00e3o para o pa\u00eds.<\/p>\n\n\n\n<p>Com base nessa informa\u00e7\u00e3o e na an\u00e1lise dos mapas, a por\u00e7\u00e3o oriental do pa\u00eds possui atualmente, como caracter\u00edstica social marcante, n\u00edveis mais elevados de:<\/p>\n\n\n\n<p><strong>a)<\/strong> inclus\u00e3o pol\u00edtica<\/p>\n\n\n\n<p><strong>b)<\/strong> automa\u00e7\u00e3o industrial<\/p>\n\n\n\n<p><strong>c)<\/strong> sentimento xen\u00f3fobo<\/p>\n\n\n\n<p><strong>d)<\/strong> qualifica\u00e7\u00e3o profissional<\/p>\n\n\n\n<p>Baixe o melhor <a rel=\"noreferrer noopener\" aria-label=\" (abre numa nova aba)\" href=\"https:\/\/beduka.com\/blog\/enem\/plano-de-estudos-gratuito\/\" target=\"_blank\">plano de estudos gratuito<\/a> que voc\u00ea encontrar\u00e1 na internet.<\/p>\n\n\n\n<p><strong>Quest\u00e3o 3 &#8211; (<a rel=\"noreferrer noopener\" href=\"https:\/\/www.unesp.br\/\" data-type=\"URL\" data-id=\"https:\/\/www.unesp.br\/\" target=\"_blank\">Unesp\/2014<\/a>) &#8211;\u00a0<\/strong><\/p>\n\n\n\n<p>Catalunha de m\u00e3os dadas<\/p>\n\n\n\n<p>Imagine uma corrente humana formada por pessoas que d\u00e3o as m\u00e3os em uma extens\u00e3o de 400 quil\u00f4metros. Cidad\u00e3os da Catalunha n\u00e3o s\u00f3 imaginaram como a colocaram em pr\u00e1tica nesta quarta-feira [11.09.2013], em que se celebra a Diada, uma esp\u00e9cie de dia do orgulho catal\u00e3o, por ser a data que relembra a batalha, no s\u00e9culo 18, de Barcelona com tropas da monarquia espanhola. O 11 de setembro catal\u00e3o \u00e9 celebrado anualmente com atos oficiais e passeatas, mas tem sido nos \u00faltimos anos o ponto nevr\u00e1lgico do pleito dessa regi\u00e3o.<\/p>\n\n\n\n<p>(http:\/\/luisabelchior.blogfolha.uol.com.br. Adaptado.)<\/p>\n\n\n\n<p>Sobre a Catalunha, \u00e9 correto afirmar que se trata de<\/p>\n\n\n\n<p><strong>a)<\/strong> uma regi\u00e3o aut\u00f4noma e que reivindica sua integra\u00e7\u00e3o ao territ\u00f3rio nacional espanhol, acompanhada de plena participa\u00e7\u00e3o na vida pol\u00edtica e econ\u00f4mica da Espanha.<\/p>\n\n\n\n<p><strong>b)<\/strong> uma regi\u00e3o com identidade cultural pr\u00f3pria e que reivindica total autonomia pol\u00edtica e administrativa em rela\u00e7\u00e3o \u00e0 Espanha.<\/p>\n\n\n\n<p><strong>c)<\/strong> uma regi\u00e3o pobre, com identidade cultural espanhola, mas que exige sua autonomia administrativa como forma de se proteger da atual crise econ\u00f4mica que assola a Espanha.<\/p>\n\n\n\n<p><strong>d)<\/strong> uma ex-col\u00f4nia espanhola, que reivindica sua autonomia administrativa, mas com direitos de in\ufb02uenciar na vida pol\u00edtica e econ\u00f4mica da Espanha.<\/p>\n\n\n\n<p><strong>e)<\/strong> um pa\u00eds aut\u00f4nomo, com territ\u00f3rio e governo nacionais pr\u00f3prios e que almeja integrar-se \u00e0 Espanha para poder participar definitivamente da Uni\u00e3o Europeia.<\/p>\n\n\n\n<ul><li><strong>Muito bem!<\/strong> Faltam apenas duas quest\u00f5es sobre xenofobia. Continue com o bom trabalho!<\/li><\/ul>\n\n\n\n<p><strong>Quest\u00e3o 4 &#8211; (<a href=\"https:\/\/www.udesc.br\/\" data-type=\"URL\" data-id=\"https:\/\/www.udesc.br\/\" target=\"_blank\" rel=\"noreferrer noopener\">Udesc\/2015<\/a>) &#8211; <\/strong>Charlie Hebdo (Hebdo \u00e9 a abrevia\u00e7\u00e3o de hebdomadaire, que significa semanal) \u00e9 o nome de um jornal sat\u00edrico franc\u00eas que veicula cr\u00f4nicas e artigos de economia, de pol\u00edtica e sobre a sociedade francesa. Seu alvo mais comum s\u00e3o as religi\u00f5es (catolicismo, juda\u00edsmo, islamismo), os partidos pol\u00edticos e outros temas controversos. O jornal existe desde os anos 1970, e sua sede j\u00e1 foi alvo de v\u00e1rios atentados. O mais recente foi em janeiro de 2015, quando v\u00e1rios cartunistas e membros do jornal foram assassinados.\u00a0<\/p>\n\n\n\n<p>Analise as proposi\u00e7\u00f5es sobre as religi\u00f5es e disputas \u00e9tnicas na Europa.<\/p>\n\n\n\n<p><strong>I<\/strong>. Existem na Europa muitas religi\u00f5es, as com maior n\u00famero de adeptos s\u00e3o as ligadas ao cristianismo e ao islamismo.<\/p>\n\n\n\n<p><strong>II.<\/strong> Os con\ufb02itos separatistas t\u00eam, na sua origem, quest\u00f5es religiosas e \u00e9tnicas. Exemplos disso podem ser encontrados nos con\ufb02itos da Irlanda do Norte, no Pa\u00eds Basco e nos B\u00e1lc\u00e3s.<\/p>\n\n\n\n<p><strong>III. <\/strong>Na Fran\u00e7a, a maioria da popula\u00e7\u00e3o se diz cat\u00f3lica, mas h\u00e1 um n\u00famero expressivo de pessoas que se declaram ateias\u00a0 ou sem religi\u00e3o.<\/p>\n\n\n\n<p><strong>IV. <\/strong>As quest\u00f5es \u00e9tnicas, na Europa, se misturam \u00e0s econ\u00f4micas; a avers\u00e3o ao imigrante cresce com o aumento do desemprego no continente.<\/p>\n\n\n\n<p><strong>V. <\/strong>O terrorismo \u00e9, tamb\u00e9m, uma express\u00e3o dos con\ufb02itos \u00e9tnico-religiosos em suas manifesta\u00e7\u00f5es mais radicais.<\/p>\n\n\n\n<p>Assinale a alternativa correta.<\/p>\n\n\n\n<p><strong>a)<\/strong> Somente as afirmativas I e V s\u00e3o verdadeiras.<\/p>\n\n\n\n<p><strong>b)<\/strong> Somente as afirmativas III e IV s\u00e3o verdadeiras.<\/p>\n\n\n\n<p><strong>c) <\/strong>Somente as afirmativas I, II e III s\u00e3o verdadeiras.<\/p>\n\n\n\n<p><strong>d)<\/strong> Somente as afirmativas II e IV s\u00e3o verdadeiras.<\/p>\n\n\n\n<p><strong>e) <\/strong>Todas as afirmativas s\u00e3o verdadeiras.<\/p>\n\n\n\n<p><strong>Quest\u00e3o 5 &#8211; (<a href=\"https:\/\/www.mackenzie.br\/\" data-type=\"URL\" data-id=\"https:\/\/www.mackenzie.br\/\" target=\"_blank\" rel=\"noreferrer noopener\">Mackenzie\/2015<\/a>) &#8211;<\/strong> Esc\u00f3cia rejeita em plebiscito separa\u00e7\u00e3o do Reino Unido<\/p>\n\n\n\n<p>\u201cA Esc\u00f3cia votou para continuar como parte do Reino Unido, rejeitando a independ\u00eancia em plebiscito realizado na quinta- -feira. A apura\u00e7\u00e3o das urnas nas 32 regi\u00f5es administrativas escocesas foi conclu\u00edda na manh\u00e3 desta sexta-feira. O \u201cN\u00e3o\u201d (contra a independ\u00eancia) obteve de votos, contra do \u201cSim\u201d. Em percentuais, a vit\u00f3ria foi de contra Comparecimento nas urnas foi recorde e a contagem atravessou a madrugada na Esc\u00f3cia.\u201d<\/p>\n\n\n\n<p>Atualizado em 19 de setembro, 2014 \u2013 03:54 (Bras\u00edlia) 06:54 GMT Fonte: http:\/\/www.bbc.co.uk\/portuguese\/noticias\/2014\/ 09\/140912_escocia_plebiscito_hb.shtml<\/p>\n\n\n\n<p>Levando-se em conta a not\u00edcia dada e seus conhecimentos, analise as afirma\u00e7\u00f5es que seguem.<\/p>\n\n\n\n<p><strong>I.<\/strong> A Esc\u00f3cia est\u00e1 localizada no norte da Gr\u00e3 \u2013 Bretanha onde predominam as Terras Altas (Highlands), importante cadeia montanhosa do Reino Unido.<\/p>\n\n\n\n<p><strong>II.<\/strong> Os movimentos populares pleiteando a independ\u00eancia da Esc\u00f3cia iniciaram no final do s\u00e9culo XX, ap\u00f3s a descoberta de extensas jazidas petrol\u00edferas no Mar da Irlanda em sua costa oeste.<\/p>\n\n\n\n<p><strong>III. <\/strong>O Reino Unido compreende as tr\u00eas na\u00e7\u00f5es que ocupam a ilha da Gr\u00e3-Bretanha \u2013 Inglaterra, Esc\u00f3cia e Pa\u00eds de Gales como tamb\u00e9m sua vizinha Irlanda (Eire e Ulster) que comungam interesses pol\u00edticos e religiosos.<\/p>\n\n\n\n<p><strong>IV.<\/strong> A economia escocesa \u00e9 baseada na alta produ\u00e7\u00e3o t\u00eaxtil e agr\u00edcola, uma vez que Edimburgo e Glasgow s\u00e3o as cidades mais industrializadas da na\u00e7\u00e3o. Destaca-se, ainda, na tradicional produ\u00e7\u00e3o de destilados.<\/p>\n\n\n\n<p>Est\u00e3o corretas apenas as alternativas<\/p>\n\n\n\n<p><strong>a)<\/strong> I e II.<\/p>\n\n\n\n<p><strong>b) <\/strong>II e III.<\/p>\n\n\n\n<p><strong>c)<\/strong> I e III.<\/p>\n\n\n\n<p><strong>d) <\/strong>III e IV.<\/p>\n\n\n\n<p><strong>e) <\/strong>I e IV.<\/p>\n\n\n\n<ul><li>Parab\u00e9ns! Voc\u00ea fez todas as quest\u00f5es dos exerc\u00edcios sobre xenofobia. Agora confira o Gabarito:<\/li><\/ul>\n\n\n\n<h2 class=\"wp-block-heading\" id=\"gabarito-\">Gabarito dos Exerc\u00edcios sobre Xenofobia\u00a0<\/h2>\n\n\n\n<p><strong>Exerc\u00edcio resolvido da quest\u00e3o 1 &#8211;<\/strong><\/p>\n\n\n\n<p><strong>e)<\/strong> pelo aumento global do desemprego, que gera mis\u00e9ria nas na\u00e7\u00f5es de baixo \u00edndice de desenvolvimento humano.<\/p>\n\n\n\n<p><strong>Exerc\u00edcio resolvido da quest\u00e3o 2 &#8211;<\/strong><\/p>\n\n\n\n<p><strong>c)<\/strong> sentimento xen\u00f3fobo<\/p>\n\n\n\n<p><strong>Exerc\u00edcio resolvido da quest\u00e3o 3 &#8211;<\/strong><\/p>\n\n\n\n<p><strong>b)<\/strong> uma regi\u00e3o com identidade cultural pr\u00f3pria e que reivindica total autonomia pol\u00edtica e administrativa em rela\u00e7\u00e3o \u00e0 Espanha.<\/p>\n\n\n\n<p><strong>Exerc\u00edcio resolvido da quest\u00e3o 4 &#8211;<\/strong><\/p>\n\n\n\n<p><strong>e)<\/strong> Todas as afirmativas s\u00e3o verdadeiras.<\/p>\n\n\n\n<p><strong>Exerc\u00edcio resolvido da quest\u00e3o 5 &#8211;<\/strong><\/p>\n\n\n\n<p><strong>e)<\/strong> I e IV.<\/p>\n\n\n\n<p>Estude para o Enem com o<a rel=\"noreferrer noopener\" aria-label=\" (abre numa nova aba)\" href=\"https:\/\/beduka.com\/simulado\" target=\"_blank\"> Simulado Beduka.<\/a> <strong>\u00c9 gratuito!<\/strong><\/p>\n\n\n\n<p>Gostou dos nossos Exerc\u00edcios sobre Xenofobia? Compartilhe com os seus amigos e comente abaixo sobre \u00e1reas que voc\u00ea deseja mais explica\u00e7\u00f5es.<\/p>\n\n\n\n<p>Queremos te ajudar a encontrar a <strong>FACULDADE IDEAL! <\/strong>Logo abaixo, fa\u00e7a uma pesquisa por curso e cidade que te mostraremos todas as faculdades que podem te atender. <strong>Informamos a nota de corte, valor de mensalidade, nota do MEC, avalia\u00e7\u00e3o dos alunos, modalidades de ensino e muito mais.<\/strong><\/p>\n\n\n\n<p>Experimente agora!<\/p>\n","protected":false},"excerpt":{"rendered":"<p>Xenofobia \u00e9 o medo e grande antipatia contra estrangeiros. A xenofobia pode ser gerada pela desconfian\u00e7a em rela\u00e7\u00e3o a pessoas de origem estrangeira, por causa da cultura, cren\u00e7a, h\u00e1bito, ra\u00e7a e outras caracter\u00edsticas. Fa\u00e7a os exerc\u00edcios sobre xenofobia e leia o resumo para entender mais sobre esse termo. Se voc\u00ea quiser ir diretamente para alguma [&hellip;]<\/p>\n","protected":false},"author":1,"featured_media":14933,"comment_status":"open","ping_status":"closed","sticky":false,"template":"","format":"standard","meta":{"_mi_skip_tracking":false,"_monsterinsights_sitenote_active":false,"_monsterinsights_sitenote_note":"","_monsterinsights_sitenote_category":0},"categories":[607],"tags":[1646],"yoast_head":"<!-- This site is optimized with the Yoast SEO plugin v20.10 - https:\/\/yoast.com\/wordpress\/plugins\/seo\/ -->\n<title>Os 5 Melhores Exerc\u00edcios sobre Xenofobia [com Gabarito]<\/title>\n<meta name=\"description\" content=\"Fa\u00e7a os exerc\u00edcios sobre Xenofobia e confira as respostas no gabarito! Saiba qual o significado de xenofobia com o nosso resumo completo da mat\u00e9ria!\" \/>\n<meta name=\"robots\" content=\"index, follow, max-snippet:-1, max-image-preview:large, max-video-preview:-1\" \/>\n<link rel=\"canonical\" href=\"https:\/\/beduka.com\/blog\/exercicios\/geografia-exercicios\/exercicios-sobre-xenofobia\/\" \/>\n<meta property=\"og:locale\" content=\"pt_BR\" \/>\n<meta property=\"og:type\" content=\"article\" \/>\n<meta property=\"og:title\" content=\"Os 5 Melhores Exerc\u00edcios sobre Xenofobia [com Gabarito]\" \/>\n<meta property=\"og:description\" content=\"Fa\u00e7a os exerc\u00edcios sobre Xenofobia e confira as respostas no gabarito! Saiba qual o significado de xenofobia com o nosso resumo completo da mat\u00e9ria!\" \/>\n<meta property=\"og:url\" content=\"https:\/\/beduka.com\/blog\/exercicios\/geografia-exercicios\/exercicios-sobre-xenofobia\/\" \/>\n<meta property=\"og:site_name\" content=\"Blog do Beduka | Mat\u00e9rias resumidas, Dicas e Exerc\u00edcios Enem\" \/>\n<meta property=\"article:publisher\" content=\"https:\/\/www.facebook.com\/beduka.buscadordefaculdades\/\" \/>\n<meta property=\"article:author\" content=\"https:\/\/www.facebook.com\/beduka.buscadordefaculdades\" \/>\n<meta property=\"article:published_time\" content=\"2020-02-26T18:36:45+00:00\" \/>\n<meta property=\"article:modified_time\" content=\"2022-05-09T18:35:04+00:00\" \/>\n<meta property=\"og:image\" content=\"https:\/\/beduka.com\/blog\/wp-content\/uploads\/2020\/02\/Exerc\u00edcios-sobre-Xenofobia.jpg\" \/>\n\t<meta property=\"og:image:width\" content=\"600\" \/>\n\t<meta property=\"og:image:height\" content=\"300\" \/>\n\t<meta property=\"og:image:type\" content=\"image\/jpeg\" \/>\n<meta name=\"author\" content=\"Reda\u00e7\u00e3o Beduka (a)\" \/>\n<meta name=\"twitter:card\" content=\"summary_large_image\" \/>\n<meta name=\"twitter:label1\" content=\"Escrito por\" \/>\n\t<meta name=\"twitter:data1\" content=\"Reda\u00e7\u00e3o Beduka (a)\" \/>\n\t<meta name=\"twitter:label2\" content=\"Est. tempo de leitura\" \/>\n\t<meta name=\"twitter:data2\" content=\"10 minutos\" \/>\n<script type=\"application\/ld+json\" class=\"yoast-schema-graph\">{\"@context\":\"https:\/\/schema.org\",\"@graph\":[{\"@type\":\"Article\",\"@id\":\"https:\/\/beduka.com\/blog\/exercicios\/geografia-exercicios\/exercicios-sobre-xenofobia\/#article\",\"isPartOf\":{\"@id\":\"https:\/\/beduka.com\/blog\/exercicios\/geografia-exercicios\/exercicios-sobre-xenofobia\/\"},\"author\":{\"name\":\"Reda\u00e7\u00e3o Beduka (a)\",\"@id\":\"https:\/\/beduka.com\/blog\/#\/schema\/person\/325d912d2cb8dd9ede8ab291427d2b8a\"},\"headline\":\"Os 5 Melhores Exerc\u00edcios sobre Xenofobia com gabarito\",\"datePublished\":\"2020-02-26T18:36:45+00:00\",\"dateModified\":\"2022-05-09T18:35:04+00:00\",\"mainEntityOfPage\":{\"@id\":\"https:\/\/beduka.com\/blog\/exercicios\/geografia-exercicios\/exercicios-sobre-xenofobia\/\"},\"wordCount\":1960,\"commentCount\":0,\"publisher\":{\"@id\":\"https:\/\/beduka.com\/blog\/#organization\"},\"keywords\":[\"Exerc\u00edcios sobre Xenofobia\"],\"articleSection\":[\"Geografia\"],\"inLanguage\":\"pt-BR\",\"potentialAction\":[{\"@type\":\"CommentAction\",\"name\":\"Comment\",\"target\":[\"https:\/\/beduka.com\/blog\/exercicios\/geografia-exercicios\/exercicios-sobre-xenofobia\/#respond\"]}]},{\"@type\":\"WebPage\",\"@id\":\"https:\/\/beduka.com\/blog\/exercicios\/geografia-exercicios\/exercicios-sobre-xenofobia\/\",\"url\":\"https:\/\/beduka.com\/blog\/exercicios\/geografia-exercicios\/exercicios-sobre-xenofobia\/\",\"name\":\"Os 5 Melhores Exerc\u00edcios sobre Xenofobia [com Gabarito]\",\"isPartOf\":{\"@id\":\"https:\/\/beduka.com\/blog\/#website\"},\"datePublished\":\"2020-02-26T18:36:45+00:00\",\"dateModified\":\"2022-05-09T18:35:04+00:00\",\"description\":\"Fa\u00e7a os exerc\u00edcios sobre Xenofobia e confira as respostas no gabarito! Saiba qual o significado de xenofobia com o nosso resumo completo da mat\u00e9ria!\",\"breadcrumb\":{\"@id\":\"https:\/\/beduka.com\/blog\/exercicios\/geografia-exercicios\/exercicios-sobre-xenofobia\/#breadcrumb\"},\"inLanguage\":\"pt-BR\",\"potentialAction\":[{\"@type\":\"ReadAction\",\"target\":[\"https:\/\/beduka.com\/blog\/exercicios\/geografia-exercicios\/exercicios-sobre-xenofobia\/\"]}]},{\"@type\":\"BreadcrumbList\",\"@id\":\"https:\/\/beduka.com\/blog\/exercicios\/geografia-exercicios\/exercicios-sobre-xenofobia\/#breadcrumb\",\"itemListElement\":[{\"@type\":\"ListItem\",\"position\":1,\"name\":\"Home\",\"item\":\"https:\/\/beduka.com\/blog\/\"},{\"@type\":\"ListItem\",\"position\":2,\"name\":\"Os 5 Melhores Exerc\u00edcios sobre Xenofobia com gabarito\"}]},{\"@type\":\"WebSite\",\"@id\":\"https:\/\/beduka.com\/blog\/#website\",\"url\":\"https:\/\/beduka.com\/blog\/\",\"name\":\"Blog do Beduka | Mat\u00e9rias resumidas, Dicas e Exerc\u00edcios Enem\",\"description\":\"O Blog do Beduka tem os conte\u00fados que mais caem no Enem, exerc\u00edcios de vestibular com gabarito, resumos, dicas e informa\u00e7\u00f5es Sisu, Prouni e Fies.Encontre dicas para o ENEM, resumos, exerc\u00edcios e informa\u00e7\u00f5es sobre os vestibulares. Acesse agora!\",\"publisher\":{\"@id\":\"https:\/\/beduka.com\/blog\/#organization\"},\"potentialAction\":[{\"@type\":\"SearchAction\",\"target\":{\"@type\":\"EntryPoint\",\"urlTemplate\":\"https:\/\/beduka.com\/blog\/?s={search_term_string}\"},\"query-input\":\"required name=search_term_string\"}],\"inLanguage\":\"pt-BR\"},{\"@type\":\"Organization\",\"@id\":\"https:\/\/beduka.com\/blog\/#organization\",\"name\":\"Beduka\",\"url\":\"https:\/\/beduka.com\/blog\/\",\"logo\":{\"@type\":\"ImageObject\",\"inLanguage\":\"pt-BR\",\"@id\":\"https:\/\/beduka.com\/blog\/#\/schema\/logo\/image\/\",\"url\":\"https:\/\/beduka.com\/blog\/wp-content\/uploads\/2020\/06\/marca-beduka.png\",\"contentUrl\":\"https:\/\/beduka.com\/blog\/wp-content\/uploads\/2020\/06\/marca-beduka.png\",\"width\":1077,\"height\":368,\"caption\":\"Beduka\"},\"image\":{\"@id\":\"https:\/\/beduka.com\/blog\/#\/schema\/logo\/image\/\"},\"sameAs\":[\"https:\/\/www.facebook.com\/beduka.buscadordefaculdades\/\",\"https:\/\/www.instagram.com\/beduka_oficial\/\",\"https:\/\/www.linkedin.com\/company\/beduka\",\"https:\/\/br.pinterest.com\/bedukaoficial\/\",\"https:\/\/www.youtube.com\/beduka\"]},{\"@type\":\"Person\",\"@id\":\"https:\/\/beduka.com\/blog\/#\/schema\/person\/325d912d2cb8dd9ede8ab291427d2b8a\",\"name\":\"Reda\u00e7\u00e3o Beduka (a)\",\"image\":{\"@type\":\"ImageObject\",\"inLanguage\":\"pt-BR\",\"@id\":\"https:\/\/beduka.com\/blog\/#\/schema\/person\/image\/\",\"url\":\"https:\/\/secure.gravatar.com\/avatar\/6f58a181ef24e0dc0bb73f096aa0f8b5?s=96&d=mm&r=g\",\"contentUrl\":\"https:\/\/secure.gravatar.com\/avatar\/6f58a181ef24e0dc0bb73f096aa0f8b5?s=96&d=mm&r=g\",\"caption\":\"Reda\u00e7\u00e3o Beduka (a)\"},\"description\":\"Este conte\u00fado foi criado e validado por uma equipe multidisciplinar, formada por especialistas em cada \u00e1rea do conhecimento. O Beduka est\u00e1 presente no Instagram, YouTube, LinkedIn e em diversos outros ambientes digitais. O site foi criado em 2017 e, desde a sua funda\u00e7\u00e3o, atua para fornecer materiais de qualidade para facilitar a vida de estudantes de todo o Brasil, ajudando-os a se preparar para os principais vestibulares e o Enem.\",\"sameAs\":[\"https:\/\/www.facebook.com\/beduka.buscadordefaculdades\",\"https:\/\/www.instagram.com\/beduka_oficial\/\",\"https:\/\/br.pinterest.com\/bedukaoficial\/\"],\"url\":\"https:\/\/beduka.com\/blog\/author\/admin\/\"}]}<\/script>\n<!-- \/ Yoast SEO plugin. -->","yoast_head_json":{"title":"Os 5 Melhores Exerc\u00edcios sobre Xenofobia [com Gabarito]","description":"Fa\u00e7a os exerc\u00edcios sobre Xenofobia e confira as respostas no gabarito! Saiba qual o significado de xenofobia com o nosso resumo completo da mat\u00e9ria!","robots":{"index":"index","follow":"follow","max-snippet":"max-snippet:-1","max-image-preview":"max-image-preview:large","max-video-preview":"max-video-preview:-1"},"canonical":"https:\/\/beduka.com\/blog\/exercicios\/geografia-exercicios\/exercicios-sobre-xenofobia\/","og_locale":"pt_BR","og_type":"article","og_title":"Os 5 Melhores Exerc\u00edcios sobre Xenofobia [com Gabarito]","og_description":"Fa\u00e7a os exerc\u00edcios sobre Xenofobia e confira as respostas no gabarito! Saiba qual o significado de xenofobia com o nosso resumo completo da mat\u00e9ria!","og_url":"https:\/\/beduka.com\/blog\/exercicios\/geografia-exercicios\/exercicios-sobre-xenofobia\/","og_site_name":"Blog do Beduka | Mat\u00e9rias resumidas, Dicas e Exerc\u00edcios Enem","article_publisher":"https:\/\/www.facebook.com\/beduka.buscadordefaculdades\/","article_author":"https:\/\/www.facebook.com\/beduka.buscadordefaculdades","article_published_time":"2020-02-26T18:36:45+00:00","article_modified_time":"2022-05-09T18:35:04+00:00","og_image":[{"width":600,"height":300,"url":"https:\/\/beduka.com\/blog\/wp-content\/uploads\/2020\/02\/Exerc\u00edcios-sobre-Xenofobia.jpg","type":"image\/jpeg"}],"author":"Reda\u00e7\u00e3o Beduka (a)","twitter_card":"summary_large_image","twitter_misc":{"Escrito por":"Reda\u00e7\u00e3o Beduka (a)","Est. tempo de leitura":"10 minutos"},"schema":{"@context":"https:\/\/schema.org","@graph":[{"@type":"Article","@id":"https:\/\/beduka.com\/blog\/exercicios\/geografia-exercicios\/exercicios-sobre-xenofobia\/#article","isPartOf":{"@id":"https:\/\/beduka.com\/blog\/exercicios\/geografia-exercicios\/exercicios-sobre-xenofobia\/"},"author":{"name":"Reda\u00e7\u00e3o Beduka (a)","@id":"https:\/\/beduka.com\/blog\/#\/schema\/person\/325d912d2cb8dd9ede8ab291427d2b8a"},"headline":"Os 5 Melhores Exerc\u00edcios sobre Xenofobia com gabarito","datePublished":"2020-02-26T18:36:45+00:00","dateModified":"2022-05-09T18:35:04+00:00","mainEntityOfPage":{"@id":"https:\/\/beduka.com\/blog\/exercicios\/geografia-exercicios\/exercicios-sobre-xenofobia\/"},"wordCount":1960,"commentCount":0,"publisher":{"@id":"https:\/\/beduka.com\/blog\/#organization"},"keywords":["Exerc\u00edcios sobre Xenofobia"],"articleSection":["Geografia"],"inLanguage":"pt-BR","potentialAction":[{"@type":"CommentAction","name":"Comment","target":["https:\/\/beduka.com\/blog\/exercicios\/geografia-exercicios\/exercicios-sobre-xenofobia\/#respond"]}]},{"@type":"WebPage","@id":"https:\/\/beduka.com\/blog\/exercicios\/geografia-exercicios\/exercicios-sobre-xenofobia\/","url":"https:\/\/beduka.com\/blog\/exercicios\/geografia-exercicios\/exercicios-sobre-xenofobia\/","name":"Os 5 Melhores Exerc\u00edcios sobre Xenofobia [com Gabarito]","isPartOf":{"@id":"https:\/\/beduka.com\/blog\/#website"},"datePublished":"2020-02-26T18:36:45+00:00","dateModified":"2022-05-09T18:35:04+00:00","description":"Fa\u00e7a os exerc\u00edcios sobre Xenofobia e confira as respostas no gabarito! Saiba qual o significado de xenofobia com o nosso resumo completo da mat\u00e9ria!","breadcrumb":{"@id":"https:\/\/beduka.com\/blog\/exercicios\/geografia-exercicios\/exercicios-sobre-xenofobia\/#breadcrumb"},"inLanguage":"pt-BR","potentialAction":[{"@type":"ReadAction","target":["https:\/\/beduka.com\/blog\/exercicios\/geografia-exercicios\/exercicios-sobre-xenofobia\/"]}]},{"@type":"BreadcrumbList","@id":"https:\/\/beduka.com\/blog\/exercicios\/geografia-exercicios\/exercicios-sobre-xenofobia\/#breadcrumb","itemListElement":[{"@type":"ListItem","position":1,"name":"Home","item":"https:\/\/beduka.com\/blog\/"},{"@type":"ListItem","position":2,"name":"Os 5 Melhores Exerc\u00edcios sobre Xenofobia com gabarito"}]},{"@type":"WebSite","@id":"https:\/\/beduka.com\/blog\/#website","url":"https:\/\/beduka.com\/blog\/","name":"Blog do Beduka | Mat\u00e9rias resumidas, Dicas e Exerc\u00edcios Enem","description":"O Blog do Beduka tem os conte\u00fados que mais caem no Enem, exerc\u00edcios de vestibular com gabarito, resumos, dicas e informa\u00e7\u00f5es Sisu, Prouni e Fies.Encontre dicas para o ENEM, resumos, exerc\u00edcios e informa\u00e7\u00f5es sobre os vestibulares. Acesse agora!","publisher":{"@id":"https:\/\/beduka.com\/blog\/#organization"},"potentialAction":[{"@type":"SearchAction","target":{"@type":"EntryPoint","urlTemplate":"https:\/\/beduka.com\/blog\/?s={search_term_string}"},"query-input":"required name=search_term_string"}],"inLanguage":"pt-BR"},{"@type":"Organization","@id":"https:\/\/beduka.com\/blog\/#organization","name":"Beduka","url":"https:\/\/beduka.com\/blog\/","logo":{"@type":"ImageObject","inLanguage":"pt-BR","@id":"https:\/\/beduka.com\/blog\/#\/schema\/logo\/image\/","url":"https:\/\/beduka.com\/blog\/wp-content\/uploads\/2020\/06\/marca-beduka.png","contentUrl":"https:\/\/beduka.com\/blog\/wp-content\/uploads\/2020\/06\/marca-beduka.png","width":1077,"height":368,"caption":"Beduka"},"image":{"@id":"https:\/\/beduka.com\/blog\/#\/schema\/logo\/image\/"},"sameAs":["https:\/\/www.facebook.com\/beduka.buscadordefaculdades\/","https:\/\/www.instagram.com\/beduka_oficial\/","https:\/\/www.linkedin.com\/company\/beduka","https:\/\/br.pinterest.com\/bedukaoficial\/","https:\/\/www.youtube.com\/beduka"]},{"@type":"Person","@id":"https:\/\/beduka.com\/blog\/#\/schema\/person\/325d912d2cb8dd9ede8ab291427d2b8a","name":"Reda\u00e7\u00e3o Beduka (a)","image":{"@type":"ImageObject","inLanguage":"pt-BR","@id":"https:\/\/beduka.com\/blog\/#\/schema\/person\/image\/","url":"https:\/\/secure.gravatar.com\/avatar\/6f58a181ef24e0dc0bb73f096aa0f8b5?s=96&d=mm&r=g","contentUrl":"https:\/\/secure.gravatar.com\/avatar\/6f58a181ef24e0dc0bb73f096aa0f8b5?s=96&d=mm&r=g","caption":"Reda\u00e7\u00e3o Beduka (a)"},"description":"Este conte\u00fado foi criado e validado por uma equipe multidisciplinar, formada por especialistas em cada \u00e1rea do conhecimento. O Beduka est\u00e1 presente no Instagram, YouTube, LinkedIn e em diversos outros ambientes digitais. O site foi criado em 2017 e, desde a sua funda\u00e7\u00e3o, atua para fornecer materiais de qualidade para facilitar a vida de estudantes de todo o Brasil, ajudando-os a se preparar para os principais vestibulares e o Enem.","sameAs":["https:\/\/www.facebook.com\/beduka.buscadordefaculdades","https:\/\/www.instagram.com\/beduka_oficial\/","https:\/\/br.pinterest.com\/bedukaoficial\/"],"url":"https:\/\/beduka.com\/blog\/author\/admin\/"}]}},"_links":{"self":[{"href":"https:\/\/beduka.com\/blog\/wp-json\/wp\/v2\/posts\/14931"}],"collection":[{"href":"https:\/\/beduka.com\/blog\/wp-json\/wp\/v2\/posts"}],"about":[{"href":"https:\/\/beduka.com\/blog\/wp-json\/wp\/v2\/types\/post"}],"author":[{"embeddable":true,"href":"https:\/\/beduka.com\/blog\/wp-json\/wp\/v2\/users\/1"}],"replies":[{"embeddable":true,"href":"https:\/\/beduka.com\/blog\/wp-json\/wp\/v2\/comments?post=14931"}],"version-history":[{"count":2,"href":"https:\/\/beduka.com\/blog\/wp-json\/wp\/v2\/posts\/14931\/revisions"}],"predecessor-version":[{"id":25617,"href":"https:\/\/beduka.com\/blog\/wp-json\/wp\/v2\/posts\/14931\/revisions\/25617"}],"wp:featuredmedia":[{"embeddable":true,"href":"https:\/\/beduka.com\/blog\/wp-json\/wp\/v2\/media\/14933"}],"wp:attachment":[{"href":"https:\/\/beduka.com\/blog\/wp-json\/wp\/v2\/media?parent=14931"}],"wp:term":[{"taxonomy":"category","embeddable":true,"href":"https:\/\/beduka.com\/blog\/wp-json\/wp\/v2\/categories?post=14931"},{"taxonomy":"post_tag","embeddable":true,"href":"https:\/\/beduka.com\/blog\/wp-json\/wp\/v2\/tags?post=14931"}],"curies":[{"name":"wp","href":"https:\/\/api.w.org\/{rel}","templated":true}]}}