{"id":15197,"date":"2020-03-17T12:25:59","date_gmt":"2020-03-17T15:25:59","guid":{"rendered":"https:\/\/beduka.com\/blog\/?p=15197"},"modified":"2023-04-03T15:42:31","modified_gmt":"2023-04-03T18:42:31","slug":"questoes-discursivas-sobre-a-independencia-do-brasil","status":"publish","type":"post","link":"https:\/\/beduka.com\/blog\/exercicios\/historia-exercicios\/questoes-discursivas-sobre-a-independencia-do-brasil\/","title":{"rendered":"Quest\u00f5es discursivas sobre a Independ\u00eancia do Brasil RESPONDIDAS"},"content":{"rendered":"\n<blockquote class=\"wp-block-quote\"><p><strong><em>A independ\u00eancia de uma na\u00e7\u00e3o, por mais que envolta por controv\u00e9rsias, sempre \u00e9 um marco na sua hist\u00f3ria, e por causa disso, \u00e9 um \u00f3timo tema para quest\u00f5es em provas importantes. Sendo assim, leia o nosso resumo da mat\u00e9ria e responda as quest\u00f5es discursivas sobre a<a href=\"https:\/\/beduka.com\/blog\/exercicios\/historia-exercicios\/exercicios-sobre-a-independencia-do-brasil\/\" target=\"_blank\" rel=\"noreferrer noopener\" aria-label=\" (abre numa nova aba)\"> Independ\u00eancia do Brasil<\/a> para estar preparado.&nbsp;<\/em><\/strong><br><\/p><\/blockquote>\n\n\n\n<p>O <a href=\"https:\/\/beduka.com\/blog\/enem\/\" target=\"_blank\" rel=\"noreferrer noopener\" aria-label=\" (abre numa nova aba)\">ENEM<\/a> sempre guarda um espa\u00e7o no seu caderno de <strong>Ci\u00eancias Humanas e suas Tecnologias<\/strong>, um espa\u00e7o para cobrar exerc\u00edcios que abordam esse tema, mas existem outros vestibulares (de faculdades, por exemplo) que abordam quest\u00f5es discursivas sobre a Independ\u00eancia do Brasil em sua avalia\u00e7\u00e3o.<br><\/p>\n\n\n\n<p>Por isso, neste artigo focaremos mais nesse tipo de quest\u00e3o. Se quiser exerc\u00edcios de m\u00faltipla escolha sobre o assunto, ir\u00e1 encontrar <a rel=\"noreferrer noopener\" aria-label=\" (abre numa nova aba)\" href=\"http:\/\/beduka.com\/blog\/exercicios\/historia-exercicios\/exercicios-sobre-a-independencia-do-brasil\/\" target=\"_blank\">aqui<\/a>. Ap\u00f3s ler os dois artigos, v\u00e1 testar seus aprendizados com o <a href=\"https:\/\/beduka.com\/simulado-enem\/#\/\" target=\"_blank\" rel=\"noreferrer noopener\" aria-label=\" (abre numa nova aba)\">Simulado Beduka<\/a>.<\/p>\n\n\n\n<h2 class=\"wp-block-heading\">Como aconteceu a Independ\u00eancia do Brasil?<\/h2>\n\n\n<div class=\"wp-block-image\">\n<figure class=\"aligncenter\"><img decoding=\"async\" loading=\"lazy\" width=\"600\" height=\"300\" src=\"https:\/\/beduka.com\/blog\/wp-content\/uploads\/2020\/03\/Grito_pela_Independencia_do_Brasil.jpg\" alt=\"Grito pela Independ\u00eancia do Brasil\" class=\"wp-image-15199\" srcset=\"https:\/\/beduka.com\/blog\/wp-content\/uploads\/2020\/03\/Grito_pela_Independencia_do_Brasil.jpg 600w, https:\/\/beduka.com\/blog\/wp-content\/uploads\/2020\/03\/Grito_pela_Independencia_do_Brasil-300x150.jpg 300w, https:\/\/beduka.com\/blog\/wp-content\/uploads\/2020\/03\/Grito_pela_Independencia_do_Brasil-320x160.jpg 320w\" sizes=\"(max-width: 600px) 100vw, 600px\" \/><figcaption>Grito pela Independ\u00eancia do Brasil<\/figcaption><\/figure><\/div>\n\n\n<p>\u00c9 imposs\u00edvel fazer quest\u00f5es discursivas sobre a <a href=\"https:\/\/beduka.com\/blog\/materias\/historia\/como-aconteceu-a-independencia-do-brasil\/\" target=\"_blank\" rel=\"noreferrer noopener\" aria-label=\" (abre numa nova aba)\">Independ\u00eancia do Brasil<\/a> sem saber como ela se concebeu, portanto, vamos a um apanhado geral.&nbsp;<br><\/p>\n\n\n\n<p>\u00c9 sabido que a Independ\u00eancia do Brasil se confirmou em 7 de setembro de 1822, mas a verdade \u00e9 que esse dia foi apenas a conclus\u00e3o de um processo que come\u00e7ou em 1808, quando a Fam\u00edlia Real Portuguesa veio para o Brasil, fugida do conquistador franc\u00eas Napole\u00e3o Bonaparte.<br><\/p>\n\n\n\n<p>O per\u00edodo de estadia da Corte Portuguesa (1808 &#8211; 1821) ficou conhecido como <strong>Per\u00edodo Joanino<\/strong>, em homenagem ao <strong>Imperador D. Jo\u00e3o VI<\/strong>. Nesse tempo o Brasil ascendeu, tanto em modernidades, quanto em status, deixando de ser col\u00f4nia de Portugal para se tornar Reino Unido.&nbsp;<br><\/p>\n\n\n\n<p>Entretanto, rapidamente a Coroa teve de voltar a Portugal devido \u00e0 insatisfa\u00e7\u00e3o do povo representada na <strong>Revolu\u00e7\u00e3o Liberal do Porto<\/strong>. Dessa forma, D. Jo\u00e3o VI deixou seu filho, o pr\u00edncipe D. Pedro I como regente do Brasil.&nbsp;<br><\/p>\n\n\n\n<p>Por\u00e9m, isso ainda n\u00e3o agradou \u00e0 Corte. D. Pedro I foi intimado a voltar a Portugal e desfazer as medidas tomadas no Brasil durante o Per\u00edodo Joanino. Contudo, o pr\u00edncipe desobedeceu e declarou o <strong>\u201cDia do Fico\u201d<\/strong>.&nbsp;<br><\/p>\n\n\n\n<p>E finalmente, chega-se ao cl\u00edmax da hist\u00f3ria: o <strong>Grito da Independ\u00eancia (7 de setembro de 1822)<\/strong>. Tr\u00eas meses depois, D. Pedro I seria <strong>coroado (12 de Dezembro de 1822)<\/strong>.&nbsp;<br><\/p>\n\n\n\n<h2 class=\"wp-block-heading\">A Independ\u00eancia do Brasil foi isso mesmo?&nbsp;<\/h2>\n\n\n<div class=\"wp-block-image\">\n<figure class=\"aligncenter\"><img decoding=\"async\" loading=\"lazy\" width=\"600\" height=\"300\" src=\"https:\/\/beduka.com\/blog\/wp-content\/uploads\/2020\/03\/Dom_Pedro_e_a_Independencia_do-_Brasil.jpg\" alt=\"Dom Pedro pela Independ\u00eancia do Brasil\" class=\"wp-image-15200\" srcset=\"https:\/\/beduka.com\/blog\/wp-content\/uploads\/2020\/03\/Dom_Pedro_e_a_Independencia_do-_Brasil.jpg 600w, https:\/\/beduka.com\/blog\/wp-content\/uploads\/2020\/03\/Dom_Pedro_e_a_Independencia_do-_Brasil-300x150.jpg 300w, https:\/\/beduka.com\/blog\/wp-content\/uploads\/2020\/03\/Dom_Pedro_e_a_Independencia_do-_Brasil-320x160.jpg 320w\" sizes=\"(max-width: 600px) 100vw, 600px\" \/><figcaption>Dom Pedro pela Independ\u00eancia do Brasil<\/figcaption><\/figure><\/div>\n\n\n<p>De forma geral, sim. A Independ\u00eancia do Brasil foi bem resumida nos par\u00e1grafos acima, mas ainda h\u00e1 v\u00e1rias quest\u00f5es mais espec\u00edficas que n\u00e3o foram explicadas. Ent\u00e3o vamos esmiu\u00e7\u00e1-las para que voc\u00ea n\u00e3o responda errado as quest\u00f5es discursivas sobre a Independ\u00eancia do Brasil.&nbsp;<\/p>\n\n\n\n<h3 class=\"wp-block-heading\">Como os brasileiros receberam o 7 de setembro?<\/h3>\n\n\n\n<p>O \u201cconhecido\u201d <strong>Grito do Ipiranga <\/strong>n\u00e3o teve uma recep\u00e7\u00e3o t\u00e3o \u00e9pica quanto retratada, ent\u00e3o preste aten\u00e7\u00e3o para n\u00e3o responder errado nas quest\u00f5es discursivas sobre Independ\u00eancia do Brasil.&nbsp;&nbsp;<br><\/p>\n\n\n\n<p>Por mais que seja narrado num contexto que tem o prop\u00f3sito de engrandec\u00ea-lo como grande epis\u00f3dio, a verdade por tr\u00e1s do <strong>Grito do Ipiranga<\/strong> \u00e9 que ele foi praticamente ignorada pela popula\u00e7\u00e3o e pela imprensa da \u00e9poca.&nbsp;<br><\/p>\n\n\n\n<p>O epis\u00f3dio s\u00f3 veio a ganhar notoriedade ao ser noticiado e exaltado pelo jornal \u201c<em>O Espelho<\/em>\u201d, duas semanas depois do ocorrido. A verdade de fato, \u00e9 que se n\u00e3o fosse apoiado pelas elites dos principais estados brasileiros da \u00e9poca, o \u201cgrito acorde de todos os brasileiros\u201d n\u00e3o teria sido gritado por ningu\u00e9m, al\u00e9m de um homem \u00e0s margens de um rio montado em um burro.&nbsp;<\/p>\n\n\n\n<h3 class=\"wp-block-heading\">Qual foi o grande marco da Independ\u00eancia da Brasil?<\/h3>\n\n\n\n<p>At\u00e9 aqui j\u00e1 entendemos que o Grito da Independ\u00eancia nunca chegou a ser o epis\u00f3dio mais importante dessa hist\u00f3ria. Ou seja, voc\u00ea deve continuar lendo para saber responder se isso lhe for perguntado nas quest\u00f5es discursivas sobre a Independ\u00eancia do Brasil.&nbsp;&nbsp;<br><\/p>\n\n\n\n<p>Sem o Grito do Ipiranga para assumir o papel de epis\u00f3dio chave na Independ\u00eancia foi necess\u00e1rio outro marco hist\u00f3rico.&nbsp;<br><\/p>\n\n\n\n<p>Todavia, para a c\u00fapula de D. Pedro I, esse cap\u00edtulo j\u00e1 havia ocorrido muito antes do pr\u00f3prio grito, quando a Assembleia Constituinte foi convocada em 3 de junho de 1822 e as tropas portuguesas no pa\u00eds foram consideradas inimigas pelo \u201c<em>Manifesto ao Povo Brasileiro<\/em>\u201d em 1 de agosto e pelo \u201c<em>Manifesto \u00e0s Na\u00e7\u00f5es Amigas<\/em>\u201d em 6 de agosto do mesmo ano.&nbsp;<br><\/p>\n\n\n\n<p>O primeiro manifesto foi feito por Joaquim Gon\u00e7alves Ledo e dizia o seguinte:&nbsp;<br><\/p>\n\n\n\n<p><em>&nbsp;\u201c<\/em><em>Acordemos, pois generosos habitantes deste vasto e poderoso Imp\u00e9rio, est\u00e1 dado o grande passo da vossa Independ\u00eancia (\u2026). J\u00e1 sois um povo soberano; j\u00e1 entrastes na grande sociedade das Na\u00e7\u00f5es Independentes, a que t\u00ednheis todo o direito.\u201d (Manifesto de 1\u00ba de agosto de 1822, citado por RODRIGUES, 1975).<\/em><br><\/p>\n\n\n\n<p>Jos\u00e9 Bonif\u00e1cio fez o segundo manifesto, tamb\u00e9m defendendo a Independ\u00eancia e afirmando que o Brasil devia ter tanta liberdade quanto Portugal para defender seus pr\u00f3prios interesses. Terminava pedindo \u00e0s na\u00e7\u00f5es amigas para <em>\u201ccontinuarem como Reino do Brasil as mesmas rela\u00e7\u00f5es de m\u00fatuo interesse e amizade\u201d.<\/em><\/p>\n\n\n\n<h3 class=\"wp-block-heading\">O que oficializou a Independ\u00eancia do Brasil?<\/h3>\n\n\n\n<p>At\u00e9 aqui vimos partes marcantes e nem t\u00e3o marcantes da Independ\u00eancia, mas afinal, o que a tornou oficial? Descubra agora para responder corretamente \u00e0s quest\u00f5es discursivas sobre a Independ\u00eancia do Brasil.<br><\/p>\n\n\n\n<p>Os Manifestos de agosto e o Grito do Ipiranga proclamaram a separa\u00e7\u00e3o entre os dois pa\u00edses e realizaram a Independ\u00eancia, faltava apenas oficializ\u00e1-la. Com esse intuito, foi proposto por Ledo que a aclama\u00e7\u00e3o fosse feita em 12 de Dezembro. Seria feita uma grande festa com participa\u00e7\u00e3o popular em que toda a cidade se enfeitou para receber a verdadeira Independ\u00eancia.&nbsp;<br><\/p>\n\n\n\n<p>Durante seis dias a ideia foi posta em pr\u00e1tica e divulgada por todos os jornais da Corte. Era para ser o maior evento da hist\u00f3ria do Brasil desde a chegada dos portugueses, mas depois de tr\u00eas semanas e com os preparativos todos prontos, tudo foi cancelado e substitu\u00eddo por uma simples coroa\u00e7\u00e3o.&nbsp;<\/p>\n\n\n\n<h3 class=\"wp-block-heading\">A primeira \u201cconspira\u00e7\u00e3o\u201d da Hist\u00f3ria do Brasil<\/h3>\n\n\n\n<p>Essa \u00e9 a parte que a hist\u00f3ria costuma confundir um pouco, ent\u00e3o leia com aten\u00e7\u00e3o para fazer as quest\u00f5es discursivas sobre a Independ\u00eancia do Brasil.&nbsp;<br><\/p>\n\n\n\n<p>A atmosfera democr\u00e1tica da aclama\u00e7\u00e3o desagradou tanto a vertente mais conservadora liderada de Bonif\u00e1cio, como ao pr\u00f3prio Dom Pedro. Iniciava-se uma suspeita de golpe ma\u00e7\u00f4nico para tomar o poder.&nbsp;<br><\/p>\n\n\n\n<p>O jornal \u201c<em>Correio do Rio de Janeiro<\/em>\u201d ofendeu o futuro Imperador ao cham\u00e1-lo de \u201cpuro democrata\u201d num artigo publicado em 19 de outubro de 1822. Isso era um ataque contra o imperador j\u00e1 que ele devia prezar pela monarquia e dinastia e um democrata era o exato oposto disso.&nbsp;<br><\/p>\n\n\n\n<p>Bonif\u00e1cio prop\u00f4s repress\u00e3o contra os liberais. Dito e feito. Em 2 de novembro os \u201cculpados (&#8230;) Foram arrastados aos c\u00e1rceres, deportados, fugitivos, grande parte dos homens que tinham promovido e feito triunfar a independ\u00eancia\u201d, disse Tobias Monteiro. Entre os envolvidos estavam: Jos\u00e9 Clemente Pereira, Alves Branco Muniz Barreto, Gon\u00e7alves Ledo, General N\u00f3brega, C\u00f4nego Janu\u00e1rio e Padre Lessa. E assim, a grande festa do povo foi substitu\u00edda pela coroa\u00e7\u00e3o.&nbsp;<br><\/p>\n\n\n\n<h3 class=\"wp-block-heading\">Como foi a coroa\u00e7\u00e3o ?<\/h3>\n\n\n\n<p>A coroa\u00e7\u00e3o foi feita em 1 de dezembro de 1822. V\u00e1rias ideias de Ledo foram reaproveitadas para a decora\u00e7\u00e3o, a diferen\u00e7a mais marcante \u00e9 que a popula\u00e7\u00e3o que antes faria uma grande festa, ficou apenas assistindo a recep\u00e7\u00e3o da coroa.&nbsp;<br><\/p>\n\n\n\n<p>Dom Pedro come\u00e7ou a distribuir t\u00edtulos cargos e privil\u00e9gios, estava criada a nobreza brasileira. O poder do Imp\u00e9rio come\u00e7ava a crescer e uma Rep\u00fablica parecia cada vez mais distante. O dia de comemora\u00e7\u00e3o da Corte foi proclamado como 7 de setembro com o objetivo de exaltar o imperador. As datas de aclama\u00e7\u00e3o e coroa\u00e7\u00e3o foram deixadas de fora.<br><\/p>\n\n\n\n<h2 class=\"wp-block-heading\"><strong>Quest\u00f5es discursivas sobre a Independ\u00eancia do Brasil<\/strong><\/h2>\n\n\n\n<p>OK, esperamos que depois de tantas informa\u00e7\u00f5es voc\u00ea tenha entendido a mat\u00e9ria e consiga responder as quest\u00f5es discursivas sobre Independ\u00eancia do Brasil.&nbsp;<br><\/p>\n\n\n\n<p><strong>1. (UNICAMP 2009)<\/strong> Sobre a transfer\u00eancia da Corte de D. Jo\u00e3o VI para o Brasil, o historiador Kenneth Maxwell afirma: Novas institui\u00e7\u00f5es foram criadas pela coroa portuguesa, e a maioria delas foi estabelecida no Rio de Janeiro, que, assim, assumiu um papel centralizador dentro de uma Am\u00e9rica portuguesa que antes era muito fragmentada no sentido administrativo. Houve resist\u00eancia a isso, principalmente em Pernambuco, em 1817. Mas, no final, o poder central foi mantido.&nbsp;<\/p>\n\n\n\n<p>(Adaptado de Kenneth Maxwell, \u201cPara Maxwell, pa\u00eds n\u00e3o permite leituras convencionais\u201d. Entrevista concedida a Marcos Strecker. Folha de S\u00e3o Paulo, 25\/11\/2007, Mais, p. 5.)&nbsp;<br><\/p>\n\n\n\n<p>a) Segundo o texto, QUAIS as mudan\u00e7as suscitadas pela transfer\u00eancia da Corte portuguesa para o Rio de Janeiro em 1808?&nbsp;<br><\/p>\n\n\n\n<p>b) EXPLIQUE os objetivos do movimento de Pernambuco em 1817.<br><\/p>\n\n\n\n<p><strong>2. (PUC-RJ)<\/strong> &#8220;O Rio de Janeiro \u00e9 a capital do Brasil h\u00e1 bastante tempo, muito antes de a fam\u00edlia real deixar Lisboa. Tra\u00e7arei uma breve descri\u00e7\u00e3o dessa cidade a partir do que pude apurar durante a minha estada. [&#8230;] O com\u00e9rcio [&#8230;] progrediu muito depois que a cidade tornou-se resid\u00eancia real [&#8230;] Os ingleses t\u00eam aberto muitos caf\u00e9s no Rio de Janeiro, uma novidade, que tenho certeza, ser\u00e1 bem acolhida. De fato, desde mar\u00e7o de 1808, toda a cidade vem passando por transforma\u00e7\u00f5es e recebendo melhorias.&nbsp;<\/p>\n\n\n\n<p>Conde Thomas O Neill, 1809. Apud Jean Marcel Carvalho Fran\u00e7a. &#8220;Outras vis\u00f5es do Rio de Janeiro Colonial &#8211; Antologia de Textos&#8221;. Rio de Janeiro, Jos\u00e9 Olympio, 2000. Pp: 310-320. A descri\u00e7\u00e3o do ingl\u00eas Thomas O Neill destaca algumas das transforma\u00e7\u00f5es ocorridas desde a chegada da Corte portuguesa ao Rio de Janeiro no ano de 1808.&nbsp;<br><\/p>\n\n\n\n<p>a) Explique por que, a partir da abertura dos portos (1808), ocorreu a preponder\u00e2ncia dos ingleses nas transa\u00e7\u00f5es comerciais com o Brasil.&nbsp;<\/p>\n\n\n\n<p>b) Cite duas transforma\u00e7\u00f5es culturais ocorridas na cidade do Rio de Janeiro durante o Per\u00edodo Joanino (1808-1821).<br><\/p>\n\n\n\n<p><strong>3. (PIT\u00c1GORAS)<\/strong> Leia os texto abaixo.&nbsp;<\/p>\n\n\n\n<p>Texto 1&nbsp;<\/p>\n\n\n\n<p>\u201cA situa\u00e7\u00e3o da Europa, na passagem do s\u00e9culo XVIII para o XIX, era cr\u00edtica. Napole\u00e3o Bonaparte havia chegado ao poder da Fran\u00e7a e adotava uma pol\u00edtica expansionista no continente europeu. Sua pol\u00edtica entrou em choque com a Inglaterra, que at\u00e9 ent\u00e3o exercia um papel dominante na Europa Ocidental. Fran\u00e7a e Inglaterra disputavam o controle dos pa\u00edses do continente europeu. (&#8230;) Napole\u00e3o visando enfraquecer a Inglaterra, decretou o Bloqueio continental, que proibia aos pa\u00edses do continente europeu comercializarem com a Inglaterra.\u201d&nbsp;<\/p>\n\n\n\n<p>Texto 2&nbsp;<\/p>\n\n\n\n<p>&#8220;N\u00e3o corram tanto! V\u00e3o pensar que estamos fugindo!&#8217;&nbsp;<\/p>\n\n\n\n<p>(Frase atribu\u00edda a D. Maria I, a Louca, quando a fam\u00edlia real portuguesa se retirava de Lisboa para o Brasil, em 1807. &#8220;Nossa Hist\u00f3ria&#8221;. Rio de Janeiro, a. 1, n. 2, dez. 2003)&nbsp;<br><\/p>\n\n\n\n<p>ESTABELE\u00c7A a rela\u00e7\u00e3o entre o texto 1 e o texto 2.<br><\/p>\n\n\n\n<p><strong>4. (Uerj 2010)<\/strong> O enriquecimento da vida cultural do Rio de Janeiro, e at\u00e9 mesmo do pa\u00eds, ap\u00f3s 1808, decorreu, sobretudo, das necessidades da elite dominante. No ambiente acanhado da sociedade americana, a novidade dos procedimentos caracter\u00edsticos do c\u00edrculo real exerceram extraordin\u00e1rio fasc\u00ednio, produzindo um poderoso efeito \u201ccivilizador\u201d em rela\u00e7\u00e3o \u00e0 cidade. Em contrapartida, a Coroa n\u00e3o deixou de adotar tamb\u00e9m medidas de controle mais eficientes. Ap\u00f3s a tormenta da Revolu\u00e7\u00e3o Francesa e ainda vivendo o turbilh\u00e3o do per\u00edodo napole\u00f4nico, era o medo dos princ\u00edpios difundidos pelo s\u00e9culo das Luzes, especialmente as \u201cperniciosas\u201d ideias francesas, que ditava essas cautelas.&nbsp;<\/p>\n\n\n\n<p>L\u00daCIA M. P. DAS NEVES E HUMBERTO F. MACHADO Adaptado de O imp\u00e9rio do Brasil. Rio de Janeiro: Nova Fronteira, 1999.&nbsp;<\/p>\n\n\n\n<p>O texto aborda um duplo movimento provocado pela presen\u00e7a da Corte portuguesa no Brasil: o est\u00edmulo \u00e0s atividades culturais na col\u00f4nia e, ao mesmo tempo, o controle conservador sobre essas atividades.&nbsp;<br><\/p>\n\n\n\n<p>a) Indique duas a\u00e7\u00f5es da Coroa que enriqueceram a vida cultural da cidade do Rio de Janeiro.&nbsp;<br><\/p>\n\n\n\n<p>b) Explique, ainda, como o Estado portugu\u00eas exercia controle sobre as atividades culturais.<\/p>\n\n\n\n<p><\/p>\n\n\n\n<p><strong>5. (Unesp)<\/strong> Em mar\u00e7o de 1808, a corte portuguesa desembarcou na cidade do Rio de Janeiro, que se tornou a capital do imp\u00e9rio portugu\u00eas.&nbsp;<br><\/p>\n\n\n\n<p>a) Por que a fam\u00edlia real teve que abandonar Portugal?&nbsp;<br><\/p>\n\n\n\n<p>b) Cite duas conseq\u00fc\u00eancias, de ordem cultural, decorrentes da presen\u00e7a dos Bragan\u00e7a no Rio de Janeiro.<\/p>\n\n\n\n<h2 class=\"wp-block-heading\">Respostas das quest\u00f5es discursivas sobre a Independ\u00eancia do Brasil<\/h2>\n\n\n\n<p> OK, esperamos que depois de tantas informa\u00e7\u00f5es voc\u00ea tenha entendido a mat\u00e9ria e consiga responder as quest\u00f5es discursivas sobre Independ\u00eancia do Brasil.  <\/p>\n\n\n\n<p><strong>1. (UNICAMP 2009)<\/strong> Sobre a transfer\u00eancia da Corte de D. Jo\u00e3o VI para o Brasil, o historiador Kenneth Maxwell afirma: Novas institui\u00e7\u00f5es foram criadas pela coroa portuguesa, e a maioria delas foi estabelecida no Rio de Janeiro, que, assim, assumiu um papel centralizador dentro de uma Am\u00e9rica portuguesa que antes era muito fragmentada no sentido administrativo. Houve resist\u00eancia a isso, principalmente em Pernambuco, em 1817. Mas, no final, o poder central foi mantido.&nbsp;<\/p>\n\n\n\n<p>(Adaptado de Kenneth Maxwell, \u201cPara Maxwell, pa\u00eds n\u00e3o permite leituras convencionais\u201d. Entrevista concedida a Marcos Strecker. Folha de S\u00e3o Paulo, 25\/11\/2007, Mais, p. 5.)&nbsp;<br><\/p>\n\n\n\n<p>a) Segundo o texto, QUAIS as mudan\u00e7as suscitadas pela transfer\u00eancia da Corte portuguesa para o Rio de Janeiro em 1808?&nbsp;<br><\/p>\n\n\n\n<p>b) EXPLIQUE os objetivos do movimento de Pernambuco em 1817.<br><\/p>\n\n\n\n<p><strong>2. (PUC-RJ)<\/strong> &#8220;O Rio de Janeiro \u00e9 a capital do Brasil h\u00e1 bastante tempo, muito antes de a fam\u00edlia real deixar Lisboa. Tra\u00e7arei uma breve descri\u00e7\u00e3o dessa cidade a partir do que pude apurar durante a minha estada. [&#8230;] O com\u00e9rcio [&#8230;] progrediu muito depois que a cidade tornou-se resid\u00eancia real [&#8230;] Os ingleses t\u00eam aberto muitos caf\u00e9s no Rio de Janeiro, uma novidade, que tenho certeza, ser\u00e1 bem acolhida. De fato, desde mar\u00e7o de 1808, toda a cidade vem passando por transforma\u00e7\u00f5es e recebendo melhorias.&nbsp;<\/p>\n\n\n\n<p>Conde Thomas O Neill, 1809. Apud Jean Marcel Carvalho Fran\u00e7a. &#8220;Outras vis\u00f5es do Rio de Janeiro Colonial &#8211; Antologia de Textos&#8221;. Rio de Janeiro, Jos\u00e9 Olympio, 2000. Pp: 310-320. A descri\u00e7\u00e3o do ingl\u00eas Thomas O Neill destaca algumas das transforma\u00e7\u00f5es ocorridas desde a chegada da Corte portuguesa ao Rio de Janeiro no ano de 1808.&nbsp;<br><\/p>\n\n\n\n<p>a) Explique por que, a partir da abertura dos portos (1808), ocorreu a preponder\u00e2ncia dos ingleses nas transa\u00e7\u00f5es comerciais com o Brasil.&nbsp;<\/p>\n\n\n\n<p>b) Cite duas transforma\u00e7\u00f5es culturais ocorridas na cidade do Rio de Janeiro durante o Per\u00edodo Joanino (1808-1821).<br><\/p>\n\n\n\n<p><strong>3. (PIT\u00c1GORAS)<\/strong> Leia os texto abaixo.&nbsp;<\/p>\n\n\n\n<p>Texto 1&nbsp;<\/p>\n\n\n\n<p>\u201cA situa\u00e7\u00e3o da Europa, na passagem do s\u00e9culo XVIII para o XIX, era cr\u00edtica. Napole\u00e3o Bonaparte havia chegado ao poder da Fran\u00e7a e adotava uma pol\u00edtica expansionista no continente europeu. Sua pol\u00edtica entrou em choque com a Inglaterra, que at\u00e9 ent\u00e3o exercia um papel dominante na Europa Ocidental. Fran\u00e7a e Inglaterra disputavam o controle dos pa\u00edses do continente europeu. (&#8230;) Napole\u00e3o visando enfraquecer a Inglaterra, decretou o Bloqueio continental, que proibia aos pa\u00edses do continente europeu comercializarem com a Inglaterra.\u201d&nbsp;<\/p>\n\n\n\n<p>Texto 2&nbsp;<\/p>\n\n\n\n<p>&#8220;N\u00e3o corram tanto! V\u00e3o pensar que estamos fugindo!&#8217;&nbsp;<\/p>\n\n\n\n<p>(Frase atribu\u00edda a D. Maria I, a Louca, quando a fam\u00edlia real portuguesa se retirava de Lisboa para o Brasil, em 1807. &#8220;Nossa Hist\u00f3ria&#8221;. Rio de Janeiro, a. 1, n. 2, dez. 2003)&nbsp;<br><\/p>\n\n\n\n<p>ESTABELE\u00c7A a rela\u00e7\u00e3o entre o texto 1 e o texto 2.<br><\/p>\n\n\n\n<p><strong>4. (Uerj 2010)<\/strong> O enriquecimento da vida cultural do Rio de Janeiro, e at\u00e9 mesmo do pa\u00eds, ap\u00f3s 1808, decorreu, sobretudo, das necessidades da elite dominante. No ambiente acanhado da sociedade americana, a novidade dos procedimentos caracter\u00edsticos do c\u00edrculo real exerceram extraordin\u00e1rio fasc\u00ednio, produzindo um poderoso efeito \u201ccivilizador\u201d em rela\u00e7\u00e3o \u00e0 cidade. Em contrapartida, a Coroa n\u00e3o deixou de adotar tamb\u00e9m medidas de controle mais eficientes. Ap\u00f3s a tormenta da Revolu\u00e7\u00e3o Francesa e ainda vivendo o turbilh\u00e3o do per\u00edodo napole\u00f4nico, era o medo dos princ\u00edpios difundidos pelo s\u00e9culo das Luzes, especialmente as \u201cperniciosas\u201d ideias francesas, que ditava essas cautelas.&nbsp;<\/p>\n\n\n\n<p>L\u00daCIA M. P. DAS NEVES E HUMBERTO F. MACHADO Adaptado de O imp\u00e9rio do Brasil. Rio de Janeiro: Nova Fronteira, 1999.&nbsp;<\/p>\n\n\n\n<p>O texto aborda um duplo movimento provocado pela presen\u00e7a da Corte portuguesa no Brasil: o est\u00edmulo \u00e0s atividades culturais na col\u00f4nia e, ao mesmo tempo, o controle conservador sobre essas atividades.&nbsp;<br><\/p>\n\n\n\n<p>a) Indique duas a\u00e7\u00f5es da Coroa que enriqueceram a vida cultural da cidade do Rio de Janeiro.&nbsp;<br><\/p>\n\n\n\n<p>b) Explique, ainda, como o Estado portugu\u00eas exercia controle sobre as atividades culturais.<\/p>\n\n\n\n<p><\/p>\n\n\n\n<p><strong>5. (Unesp)<\/strong> Em mar\u00e7o de 1808, a corte portuguesa desembarcou na cidade do Rio de Janeiro, que se tornou a capital do imp\u00e9rio portugu\u00eas.&nbsp;<br><\/p>\n\n\n\n<p>a) Por que a fam\u00edlia real teve que abandonar Portugal?&nbsp;<br><\/p>\n\n\n\n<p>b) Cite duas conseq\u00fc\u00eancias, de ordem cultural, decorrentes da presen\u00e7a dos Bragan\u00e7a no Rio de Janeiro.<\/p>\n\n\n\n<h2 class=\"wp-block-heading\"><strong>Respostas das quest\u00f5es discursivas sobre a Independ\u00eancia do Brasil<\/strong><\/h2>\n\n\n\n<p><strong>Exerc\u00edcio resolvido da quest\u00e3o 1<\/strong><\/p>\n\n\n\n<p>a) O estabelecimento da Corte Lusitana no Brasil, a partir de 1808, exigiu a cria\u00e7\u00e3o de \u00f3rg\u00e3os pol\u00edtico-administrativos, como minist\u00e9rios, a imprensa oficial, o Banco do Brasil, a Casa da Moeda e outros. Esse processo representou a constitui\u00e7\u00e3o de um aparelho de Estado central que assumiu relevante papel na independ\u00eancia concretizada em 1822.&nbsp;&nbsp;<\/p>\n\n\n\n<p>b) A chamada Revolu\u00e7\u00e3o Pernambucana de 1817 levantou os setores liberais mais radicais, entre civis e militares, com o intuito de romper o dom\u00ednio colonial portugu\u00eas e estabelecer uma rep\u00fablica federativa no pa\u00eds segundo o modelo norte-americano de Estado livre vigente desde 1776.<\/p>\n\n\n\n<p><strong>Exerc\u00edcio resolvido da quest\u00e3o 2<\/strong><\/p>\n\n\n\n<p>a) Ao decretar a abertura dos portos brasileiros \u00e0s \u201cna\u00e7\u00f5es amigas\u201d em 1808 D. Jo\u00e3o VI estava beneficiando, sobretudo, a Inglaterra, ent\u00e3o, em plena Revolu\u00e7\u00e3o Industrial, e o principal pa\u00eds que mantinha rela\u00e7\u00f5es amig\u00e1veis com Portugal. A partir dessa data, os produtos manufaturados ingleses come\u00e7aram a entrar no Brasil, sendo que a amplia\u00e7\u00e3o do controle do mercado colonial seria conseguida, anos mais tarde, com a assinatura do Tratado de Com\u00e9rcio e Navega\u00e7\u00e3o em fevereiro de 1810. Esse Tratado garantia \u00e0 Inglaterra a taxa\u00e7\u00e3o privilegiada de 15% de impostos sobre os seus produtos vendidos no Brasil, enquanto que as mercadorias portuguesas pagariam 16% e as dos demais pa\u00edses, 24%.&nbsp;<\/p>\n\n\n\n<p>b) Durante a perman\u00eancia da corte joanina no Brasil (1808-1821) o Rio de Janeiro passou por uma s\u00e9rie de transforma\u00e7\u00f5es culturais dentre as quais podemos citar:&nbsp;<\/p>\n\n\n\n<p>&#8211; A cria\u00e7\u00e3o do Jardim Bot\u00e2nico;&nbsp;<\/p>\n\n\n\n<p>&#8211; A escola de medicina do Rio de Janeiro;&nbsp;<\/p>\n\n\n\n<p>&#8211; O Teatro Real;&nbsp;<\/p>\n\n\n\n<p>&#8211; A Imprensa Real;&nbsp;<\/p>\n\n\n\n<p>&#8211; A Academia Real de Belas Artes,&nbsp;<\/p>\n\n\n\n<p>&#8211; A Biblioteca Real.<\/p>\n\n\n\n<p><strong>Exerc\u00edcio resolvido da quest\u00e3o 3<\/strong><\/p>\n\n\n\n<p>A decreta\u00e7\u00e3o do Bloqueio Continental, a invas\u00e3o francesa em Portugal e a fuga da fam\u00edlia real portuguesa para o Brasil.<\/p>\n\n\n\n<p><strong>Exerc\u00edcio resolvido da quest\u00e3o 4<\/strong><\/p>\n\n\n\n<p>\u00d3rg\u00e3os do Estado portugu\u00eas, agora sediados no Brasil, exerciam a fun\u00e7\u00e3o de fiscalizar e censurar todos os impressos, inclusive os importados, que aqui fossem publicados sob a justificativa de cuidar da moral, da religi\u00e3o e dos bons costumes.&nbsp;<\/p>\n\n\n\n<p>Duas das a\u00e7\u00f5es:&nbsp;<\/p>\n\n\n\n<p>\u2022 cria\u00e7\u00e3o da Imprensa R\u00e9gia&nbsp;<\/p>\n\n\n\n<p>\u2022 contrata\u00e7\u00e3o da Miss\u00e3o Art\u00edstica Francesa&nbsp;<\/p>\n\n\n\n<p>\u2022 funda\u00e7\u00e3o do futuro Jardim Bot\u00e2nico (Real Horto)&nbsp;<\/p>\n\n\n\n<p>\u2022 funda\u00e7\u00e3o da futura Biblioteca Nacional (Real Biblioteca)&nbsp;<\/p>\n\n\n\n<p>\u2022 publica\u00e7\u00e3o de jornais, peri\u00f3dicos e obras de car\u00e1ter cient\u00edfico com o aval da Imprensa R\u00e9gia.<\/p>\n\n\n\n<p><strong>Exerc\u00edcio resolvido da quest\u00e3o 5<\/strong><\/p>\n\n\n\n<p>a) A vinda da fam\u00edlia real ocorreu a partir do contexto internacional com a invas\u00e3o das tropas napole\u00f4nicas a Portugal. Para n\u00e3o se submeter aos invasores franceses, a Corte foi transferida para o Brasil.&nbsp;<\/p>\n\n\n\n<p>b) A Coroa portuguesa efetivou uma s\u00e9rie de transforma\u00e7\u00f5es culturais que foram desde a instala\u00e7\u00e3o da Imprensa R\u00e9gia, a funda\u00e7\u00e3o de cursos superiores de Medicina e de escolas de forma\u00e7\u00e3o de oficiais militares, a cria\u00e7\u00e3o do Jardim Bot\u00e2nico e da Biblioteca Real, e a vinda da miss\u00e3o art\u00edstica francesa, a partir de 1816, dentre outras.<\/p>\n\n\n\n<p>Gostou das nossas <strong>quest\u00f5es discursivas sobre a Independ\u00eancia do Brasil? <\/strong>Compartilhe com os seus amigos e comente abaixo sobre \u00e1reas que voc\u00ea deseja mais explica\u00e7\u00f5es.<\/p>\n\n\n\n<p>Queremos te ajudar a encontrar a <strong>FACULDADE IDEAL! <\/strong>Logo abaixo, fa\u00e7a uma pesquisa por curso e cidade que te mostraremos todas as faculdades que podem te atender. <strong>Informamos a nota de corte, valor de mensalidade, nota do MEC, avalia\u00e7\u00e3o dos alunos, modalidades de ensino e muito mais.<\/strong><\/p>\n\n\n\n<p>Experimente agora!<\/p>\n\n\n\n<p><br><\/p>\n","protected":false},"excerpt":{"rendered":"<p>Esse artigo cont\u00e9m v\u00e1rias quest\u00f5es discursivas sobre a Independ\u00eancia do Brasil. Todas est\u00e3o respondidas e ainda levam um resumo da mat\u00e9ria para ajudar nos estudos. <\/p>\n","protected":false},"author":1,"featured_media":15198,"comment_status":"open","ping_status":"closed","sticky":false,"template":"","format":"standard","meta":{"_mi_skip_tracking":false,"_monsterinsights_sitenote_active":false,"_monsterinsights_sitenote_note":"","_monsterinsights_sitenote_category":0},"categories":[604],"tags":[],"yoast_head":"<!-- This site is optimized with the Yoast SEO plugin v20.10 - https:\/\/yoast.com\/wordpress\/plugins\/seo\/ -->\n<title>Quest\u00f5es Discursivas sobre Independ\u00eancia do Brasil + Gabarito<\/title>\n<meta name=\"description\" content=\"Nesse artigo encontram-se quest\u00f5es discursivas sobre a Independ\u00eancia do Brasil, todas com GABARITO. Tamb\u00e9m tem um resumo completo da mat\u00e9ria.\" \/>\n<meta name=\"robots\" content=\"index, follow, max-snippet:-1, max-image-preview:large, max-video-preview:-1\" \/>\n<link rel=\"canonical\" href=\"https:\/\/beduka.com\/blog\/exercicios\/historia-exercicios\/questoes-discursivas-sobre-a-independencia-do-brasil\/\" \/>\n<meta property=\"og:locale\" content=\"pt_BR\" \/>\n<meta property=\"og:type\" content=\"article\" \/>\n<meta property=\"og:title\" content=\"Quest\u00f5es Discursivas sobre Independ\u00eancia do Brasil + Gabarito\" \/>\n<meta property=\"og:description\" content=\"Nesse artigo encontram-se quest\u00f5es discursivas sobre a Independ\u00eancia do Brasil, todas com GABARITO. Tamb\u00e9m tem um resumo completo da mat\u00e9ria.\" \/>\n<meta property=\"og:url\" content=\"https:\/\/beduka.com\/blog\/exercicios\/historia-exercicios\/questoes-discursivas-sobre-a-independencia-do-brasil\/\" \/>\n<meta property=\"og:site_name\" content=\"Blog do Beduka | Mat\u00e9rias resumidas, Dicas e Exerc\u00edcios Enem\" \/>\n<meta property=\"article:publisher\" content=\"https:\/\/www.facebook.com\/beduka.buscadordefaculdades\/\" \/>\n<meta property=\"article:author\" content=\"https:\/\/www.facebook.com\/beduka.buscadordefaculdades\" \/>\n<meta property=\"article:published_time\" content=\"2020-03-17T15:25:59+00:00\" \/>\n<meta property=\"article:modified_time\" content=\"2023-04-03T18:42:31+00:00\" \/>\n<meta property=\"og:image\" content=\"https:\/\/beduka.com\/blog\/wp-content\/uploads\/2020\/03\/Quest\u00f5es_sobre_independencia_do_brasil.jpg\" \/>\n\t<meta property=\"og:image:width\" content=\"600\" \/>\n\t<meta property=\"og:image:height\" content=\"300\" \/>\n\t<meta property=\"og:image:type\" content=\"image\/jpeg\" \/>\n<meta name=\"author\" content=\"Reda\u00e7\u00e3o Beduka (a)\" \/>\n<meta name=\"twitter:card\" content=\"summary_large_image\" \/>\n<meta name=\"twitter:label1\" content=\"Escrito por\" \/>\n\t<meta name=\"twitter:data1\" content=\"Reda\u00e7\u00e3o Beduka (a)\" \/>\n\t<meta name=\"twitter:label2\" content=\"Est. tempo de leitura\" \/>\n\t<meta name=\"twitter:data2\" content=\"18 minutos\" \/>\n<script type=\"application\/ld+json\" class=\"yoast-schema-graph\">{\"@context\":\"https:\/\/schema.org\",\"@graph\":[{\"@type\":\"Article\",\"@id\":\"https:\/\/beduka.com\/blog\/exercicios\/historia-exercicios\/questoes-discursivas-sobre-a-independencia-do-brasil\/#article\",\"isPartOf\":{\"@id\":\"https:\/\/beduka.com\/blog\/exercicios\/historia-exercicios\/questoes-discursivas-sobre-a-independencia-do-brasil\/\"},\"author\":{\"name\":\"Reda\u00e7\u00e3o Beduka (a)\",\"@id\":\"https:\/\/beduka.com\/blog\/#\/schema\/person\/325d912d2cb8dd9ede8ab291427d2b8a\"},\"headline\":\"Quest\u00f5es discursivas sobre a Independ\u00eancia do Brasil RESPONDIDAS\",\"datePublished\":\"2020-03-17T15:25:59+00:00\",\"dateModified\":\"2023-04-03T18:42:31+00:00\",\"mainEntityOfPage\":{\"@id\":\"https:\/\/beduka.com\/blog\/exercicios\/historia-exercicios\/questoes-discursivas-sobre-a-independencia-do-brasil\/\"},\"wordCount\":3575,\"commentCount\":0,\"publisher\":{\"@id\":\"https:\/\/beduka.com\/blog\/#organization\"},\"articleSection\":[\"Hist\u00f3ria\"],\"inLanguage\":\"pt-BR\",\"potentialAction\":[{\"@type\":\"CommentAction\",\"name\":\"Comment\",\"target\":[\"https:\/\/beduka.com\/blog\/exercicios\/historia-exercicios\/questoes-discursivas-sobre-a-independencia-do-brasil\/#respond\"]}]},{\"@type\":\"WebPage\",\"@id\":\"https:\/\/beduka.com\/blog\/exercicios\/historia-exercicios\/questoes-discursivas-sobre-a-independencia-do-brasil\/\",\"url\":\"https:\/\/beduka.com\/blog\/exercicios\/historia-exercicios\/questoes-discursivas-sobre-a-independencia-do-brasil\/\",\"name\":\"Quest\u00f5es Discursivas sobre Independ\u00eancia do Brasil + Gabarito\",\"isPartOf\":{\"@id\":\"https:\/\/beduka.com\/blog\/#website\"},\"datePublished\":\"2020-03-17T15:25:59+00:00\",\"dateModified\":\"2023-04-03T18:42:31+00:00\",\"description\":\"Nesse artigo encontram-se quest\u00f5es discursivas sobre a Independ\u00eancia do Brasil, todas com GABARITO. Tamb\u00e9m tem um resumo completo da mat\u00e9ria.\",\"breadcrumb\":{\"@id\":\"https:\/\/beduka.com\/blog\/exercicios\/historia-exercicios\/questoes-discursivas-sobre-a-independencia-do-brasil\/#breadcrumb\"},\"inLanguage\":\"pt-BR\",\"potentialAction\":[{\"@type\":\"ReadAction\",\"target\":[\"https:\/\/beduka.com\/blog\/exercicios\/historia-exercicios\/questoes-discursivas-sobre-a-independencia-do-brasil\/\"]}]},{\"@type\":\"BreadcrumbList\",\"@id\":\"https:\/\/beduka.com\/blog\/exercicios\/historia-exercicios\/questoes-discursivas-sobre-a-independencia-do-brasil\/#breadcrumb\",\"itemListElement\":[{\"@type\":\"ListItem\",\"position\":1,\"name\":\"Home\",\"item\":\"https:\/\/beduka.com\/blog\/\"},{\"@type\":\"ListItem\",\"position\":2,\"name\":\"Quest\u00f5es discursivas sobre a Independ\u00eancia do Brasil RESPONDIDAS\"}]},{\"@type\":\"WebSite\",\"@id\":\"https:\/\/beduka.com\/blog\/#website\",\"url\":\"https:\/\/beduka.com\/blog\/\",\"name\":\"Blog do Beduka | Mat\u00e9rias resumidas, Dicas e Exerc\u00edcios Enem\",\"description\":\"O Blog do Beduka tem os conte\u00fados que mais caem no Enem, exerc\u00edcios de vestibular com gabarito, resumos, dicas e informa\u00e7\u00f5es Sisu, Prouni e Fies.Encontre dicas para o ENEM, resumos, exerc\u00edcios e informa\u00e7\u00f5es sobre os vestibulares. Acesse agora!\",\"publisher\":{\"@id\":\"https:\/\/beduka.com\/blog\/#organization\"},\"potentialAction\":[{\"@type\":\"SearchAction\",\"target\":{\"@type\":\"EntryPoint\",\"urlTemplate\":\"https:\/\/beduka.com\/blog\/?s={search_term_string}\"},\"query-input\":\"required name=search_term_string\"}],\"inLanguage\":\"pt-BR\"},{\"@type\":\"Organization\",\"@id\":\"https:\/\/beduka.com\/blog\/#organization\",\"name\":\"Beduka\",\"url\":\"https:\/\/beduka.com\/blog\/\",\"logo\":{\"@type\":\"ImageObject\",\"inLanguage\":\"pt-BR\",\"@id\":\"https:\/\/beduka.com\/blog\/#\/schema\/logo\/image\/\",\"url\":\"https:\/\/beduka.com\/blog\/wp-content\/uploads\/2020\/06\/marca-beduka.png\",\"contentUrl\":\"https:\/\/beduka.com\/blog\/wp-content\/uploads\/2020\/06\/marca-beduka.png\",\"width\":1077,\"height\":368,\"caption\":\"Beduka\"},\"image\":{\"@id\":\"https:\/\/beduka.com\/blog\/#\/schema\/logo\/image\/\"},\"sameAs\":[\"https:\/\/www.facebook.com\/beduka.buscadordefaculdades\/\",\"https:\/\/www.instagram.com\/beduka_oficial\/\",\"https:\/\/www.linkedin.com\/company\/beduka\",\"https:\/\/br.pinterest.com\/bedukaoficial\/\",\"https:\/\/www.youtube.com\/beduka\"]},{\"@type\":\"Person\",\"@id\":\"https:\/\/beduka.com\/blog\/#\/schema\/person\/325d912d2cb8dd9ede8ab291427d2b8a\",\"name\":\"Reda\u00e7\u00e3o Beduka (a)\",\"image\":{\"@type\":\"ImageObject\",\"inLanguage\":\"pt-BR\",\"@id\":\"https:\/\/beduka.com\/blog\/#\/schema\/person\/image\/\",\"url\":\"https:\/\/secure.gravatar.com\/avatar\/6f58a181ef24e0dc0bb73f096aa0f8b5?s=96&d=mm&r=g\",\"contentUrl\":\"https:\/\/secure.gravatar.com\/avatar\/6f58a181ef24e0dc0bb73f096aa0f8b5?s=96&d=mm&r=g\",\"caption\":\"Reda\u00e7\u00e3o Beduka (a)\"},\"description\":\"Este conte\u00fado foi criado e validado por uma equipe multidisciplinar, formada por especialistas em cada \u00e1rea do conhecimento. O Beduka est\u00e1 presente no Instagram, YouTube, LinkedIn e em diversos outros ambientes digitais. O site foi criado em 2017 e, desde a sua funda\u00e7\u00e3o, atua para fornecer materiais de qualidade para facilitar a vida de estudantes de todo o Brasil, ajudando-os a se preparar para os principais vestibulares e o Enem.\",\"sameAs\":[\"https:\/\/www.facebook.com\/beduka.buscadordefaculdades\",\"https:\/\/www.instagram.com\/beduka_oficial\/\",\"https:\/\/br.pinterest.com\/bedukaoficial\/\"],\"url\":\"https:\/\/beduka.com\/blog\/author\/admin\/\"}]}<\/script>\n<!-- \/ Yoast SEO plugin. -->","yoast_head_json":{"title":"Quest\u00f5es Discursivas sobre Independ\u00eancia do Brasil + Gabarito","description":"Nesse artigo encontram-se quest\u00f5es discursivas sobre a Independ\u00eancia do Brasil, todas com GABARITO. Tamb\u00e9m tem um resumo completo da mat\u00e9ria.","robots":{"index":"index","follow":"follow","max-snippet":"max-snippet:-1","max-image-preview":"max-image-preview:large","max-video-preview":"max-video-preview:-1"},"canonical":"https:\/\/beduka.com\/blog\/exercicios\/historia-exercicios\/questoes-discursivas-sobre-a-independencia-do-brasil\/","og_locale":"pt_BR","og_type":"article","og_title":"Quest\u00f5es Discursivas sobre Independ\u00eancia do Brasil + Gabarito","og_description":"Nesse artigo encontram-se quest\u00f5es discursivas sobre a Independ\u00eancia do Brasil, todas com GABARITO. Tamb\u00e9m tem um resumo completo da mat\u00e9ria.","og_url":"https:\/\/beduka.com\/blog\/exercicios\/historia-exercicios\/questoes-discursivas-sobre-a-independencia-do-brasil\/","og_site_name":"Blog do Beduka | Mat\u00e9rias resumidas, Dicas e Exerc\u00edcios Enem","article_publisher":"https:\/\/www.facebook.com\/beduka.buscadordefaculdades\/","article_author":"https:\/\/www.facebook.com\/beduka.buscadordefaculdades","article_published_time":"2020-03-17T15:25:59+00:00","article_modified_time":"2023-04-03T18:42:31+00:00","og_image":[{"width":600,"height":300,"url":"https:\/\/beduka.com\/blog\/wp-content\/uploads\/2020\/03\/Quest\u00f5es_sobre_independencia_do_brasil.jpg","type":"image\/jpeg"}],"author":"Reda\u00e7\u00e3o Beduka (a)","twitter_card":"summary_large_image","twitter_misc":{"Escrito por":"Reda\u00e7\u00e3o Beduka (a)","Est. tempo de leitura":"18 minutos"},"schema":{"@context":"https:\/\/schema.org","@graph":[{"@type":"Article","@id":"https:\/\/beduka.com\/blog\/exercicios\/historia-exercicios\/questoes-discursivas-sobre-a-independencia-do-brasil\/#article","isPartOf":{"@id":"https:\/\/beduka.com\/blog\/exercicios\/historia-exercicios\/questoes-discursivas-sobre-a-independencia-do-brasil\/"},"author":{"name":"Reda\u00e7\u00e3o Beduka (a)","@id":"https:\/\/beduka.com\/blog\/#\/schema\/person\/325d912d2cb8dd9ede8ab291427d2b8a"},"headline":"Quest\u00f5es discursivas sobre a Independ\u00eancia do Brasil RESPONDIDAS","datePublished":"2020-03-17T15:25:59+00:00","dateModified":"2023-04-03T18:42:31+00:00","mainEntityOfPage":{"@id":"https:\/\/beduka.com\/blog\/exercicios\/historia-exercicios\/questoes-discursivas-sobre-a-independencia-do-brasil\/"},"wordCount":3575,"commentCount":0,"publisher":{"@id":"https:\/\/beduka.com\/blog\/#organization"},"articleSection":["Hist\u00f3ria"],"inLanguage":"pt-BR","potentialAction":[{"@type":"CommentAction","name":"Comment","target":["https:\/\/beduka.com\/blog\/exercicios\/historia-exercicios\/questoes-discursivas-sobre-a-independencia-do-brasil\/#respond"]}]},{"@type":"WebPage","@id":"https:\/\/beduka.com\/blog\/exercicios\/historia-exercicios\/questoes-discursivas-sobre-a-independencia-do-brasil\/","url":"https:\/\/beduka.com\/blog\/exercicios\/historia-exercicios\/questoes-discursivas-sobre-a-independencia-do-brasil\/","name":"Quest\u00f5es Discursivas sobre Independ\u00eancia do Brasil + Gabarito","isPartOf":{"@id":"https:\/\/beduka.com\/blog\/#website"},"datePublished":"2020-03-17T15:25:59+00:00","dateModified":"2023-04-03T18:42:31+00:00","description":"Nesse artigo encontram-se quest\u00f5es discursivas sobre a Independ\u00eancia do Brasil, todas com GABARITO. Tamb\u00e9m tem um resumo completo da mat\u00e9ria.","breadcrumb":{"@id":"https:\/\/beduka.com\/blog\/exercicios\/historia-exercicios\/questoes-discursivas-sobre-a-independencia-do-brasil\/#breadcrumb"},"inLanguage":"pt-BR","potentialAction":[{"@type":"ReadAction","target":["https:\/\/beduka.com\/blog\/exercicios\/historia-exercicios\/questoes-discursivas-sobre-a-independencia-do-brasil\/"]}]},{"@type":"BreadcrumbList","@id":"https:\/\/beduka.com\/blog\/exercicios\/historia-exercicios\/questoes-discursivas-sobre-a-independencia-do-brasil\/#breadcrumb","itemListElement":[{"@type":"ListItem","position":1,"name":"Home","item":"https:\/\/beduka.com\/blog\/"},{"@type":"ListItem","position":2,"name":"Quest\u00f5es discursivas sobre a Independ\u00eancia do Brasil RESPONDIDAS"}]},{"@type":"WebSite","@id":"https:\/\/beduka.com\/blog\/#website","url":"https:\/\/beduka.com\/blog\/","name":"Blog do Beduka | Mat\u00e9rias resumidas, Dicas e Exerc\u00edcios Enem","description":"O Blog do Beduka tem os conte\u00fados que mais caem no Enem, exerc\u00edcios de vestibular com gabarito, resumos, dicas e informa\u00e7\u00f5es Sisu, Prouni e Fies.Encontre dicas para o ENEM, resumos, exerc\u00edcios e informa\u00e7\u00f5es sobre os vestibulares. Acesse agora!","publisher":{"@id":"https:\/\/beduka.com\/blog\/#organization"},"potentialAction":[{"@type":"SearchAction","target":{"@type":"EntryPoint","urlTemplate":"https:\/\/beduka.com\/blog\/?s={search_term_string}"},"query-input":"required name=search_term_string"}],"inLanguage":"pt-BR"},{"@type":"Organization","@id":"https:\/\/beduka.com\/blog\/#organization","name":"Beduka","url":"https:\/\/beduka.com\/blog\/","logo":{"@type":"ImageObject","inLanguage":"pt-BR","@id":"https:\/\/beduka.com\/blog\/#\/schema\/logo\/image\/","url":"https:\/\/beduka.com\/blog\/wp-content\/uploads\/2020\/06\/marca-beduka.png","contentUrl":"https:\/\/beduka.com\/blog\/wp-content\/uploads\/2020\/06\/marca-beduka.png","width":1077,"height":368,"caption":"Beduka"},"image":{"@id":"https:\/\/beduka.com\/blog\/#\/schema\/logo\/image\/"},"sameAs":["https:\/\/www.facebook.com\/beduka.buscadordefaculdades\/","https:\/\/www.instagram.com\/beduka_oficial\/","https:\/\/www.linkedin.com\/company\/beduka","https:\/\/br.pinterest.com\/bedukaoficial\/","https:\/\/www.youtube.com\/beduka"]},{"@type":"Person","@id":"https:\/\/beduka.com\/blog\/#\/schema\/person\/325d912d2cb8dd9ede8ab291427d2b8a","name":"Reda\u00e7\u00e3o Beduka (a)","image":{"@type":"ImageObject","inLanguage":"pt-BR","@id":"https:\/\/beduka.com\/blog\/#\/schema\/person\/image\/","url":"https:\/\/secure.gravatar.com\/avatar\/6f58a181ef24e0dc0bb73f096aa0f8b5?s=96&d=mm&r=g","contentUrl":"https:\/\/secure.gravatar.com\/avatar\/6f58a181ef24e0dc0bb73f096aa0f8b5?s=96&d=mm&r=g","caption":"Reda\u00e7\u00e3o Beduka (a)"},"description":"Este conte\u00fado foi criado e validado por uma equipe multidisciplinar, formada por especialistas em cada \u00e1rea do conhecimento. O Beduka est\u00e1 presente no Instagram, YouTube, LinkedIn e em diversos outros ambientes digitais. O site foi criado em 2017 e, desde a sua funda\u00e7\u00e3o, atua para fornecer materiais de qualidade para facilitar a vida de estudantes de todo o Brasil, ajudando-os a se preparar para os principais vestibulares e o Enem.","sameAs":["https:\/\/www.facebook.com\/beduka.buscadordefaculdades","https:\/\/www.instagram.com\/beduka_oficial\/","https:\/\/br.pinterest.com\/bedukaoficial\/"],"url":"https:\/\/beduka.com\/blog\/author\/admin\/"}]}},"_links":{"self":[{"href":"https:\/\/beduka.com\/blog\/wp-json\/wp\/v2\/posts\/15197"}],"collection":[{"href":"https:\/\/beduka.com\/blog\/wp-json\/wp\/v2\/posts"}],"about":[{"href":"https:\/\/beduka.com\/blog\/wp-json\/wp\/v2\/types\/post"}],"author":[{"embeddable":true,"href":"https:\/\/beduka.com\/blog\/wp-json\/wp\/v2\/users\/1"}],"replies":[{"embeddable":true,"href":"https:\/\/beduka.com\/blog\/wp-json\/wp\/v2\/comments?post=15197"}],"version-history":[{"count":3,"href":"https:\/\/beduka.com\/blog\/wp-json\/wp\/v2\/posts\/15197\/revisions"}],"predecessor-version":[{"id":29518,"href":"https:\/\/beduka.com\/blog\/wp-json\/wp\/v2\/posts\/15197\/revisions\/29518"}],"wp:featuredmedia":[{"embeddable":true,"href":"https:\/\/beduka.com\/blog\/wp-json\/wp\/v2\/media\/15198"}],"wp:attachment":[{"href":"https:\/\/beduka.com\/blog\/wp-json\/wp\/v2\/media?parent=15197"}],"wp:term":[{"taxonomy":"category","embeddable":true,"href":"https:\/\/beduka.com\/blog\/wp-json\/wp\/v2\/categories?post=15197"},{"taxonomy":"post_tag","embeddable":true,"href":"https:\/\/beduka.com\/blog\/wp-json\/wp\/v2\/tags?post=15197"}],"curies":[{"name":"wp","href":"https:\/\/api.w.org\/{rel}","templated":true}]}}