{"id":15377,"date":"2020-03-31T10:56:31","date_gmt":"2020-03-31T13:56:31","guid":{"rendered":"https:\/\/beduka.com\/blog\/?p=15377"},"modified":"2023-04-03T15:49:20","modified_gmt":"2023-04-03T18:49:20","slug":"exercicios-sobre-denotacao-e-conotacao","status":"publish","type":"post","link":"https:\/\/beduka.com\/blog\/exercicios\/portugues-exercicios\/exercicios-sobre-denotacao-e-conotacao\/","title":{"rendered":"Exerc\u00edcios sobre Denota\u00e7\u00e3o e Conota\u00e7\u00e3o com GABARITO"},"content":{"rendered":"\n<blockquote class=\"wp-block-quote\"><p><strong><em>Linguagem denotativa \u00e9 a que utilizamos para expressar exatamente o que estamos falando e conotativa \u00e9 a que utilizamos para estilizar nossas frases, dando novos significados \u00e0s palavras. Fa\u00e7a os exerc\u00edcios sobre denota\u00e7\u00e3o e conota\u00e7\u00e3o para dominar as duas linguagens.&nbsp;<br><\/em><\/strong><\/p><\/blockquote>\n\n\n\n<h2 class=\"wp-block-heading\">O que \u00e9 Denota\u00e7\u00e3o?<\/h2>\n\n\n<div class=\"wp-block-image\">\n<figure class=\"aligncenter\"><img decoding=\"async\" loading=\"lazy\" width=\"600\" height=\"300\" src=\"https:\/\/beduka.com\/blog\/wp-content\/uploads\/2020\/03\/Reda\u00e7\u00e3o_utilizando_denota\u00e7\u00e3o.jpg\" alt=\"Reda\u00e7\u00e3o utilizando denota\u00e7\u00e3o \" class=\"wp-image-15379\" srcset=\"https:\/\/beduka.com\/blog\/wp-content\/uploads\/2020\/03\/Reda\u00e7\u00e3o_utilizando_denota\u00e7\u00e3o.jpg 600w, https:\/\/beduka.com\/blog\/wp-content\/uploads\/2020\/03\/Reda\u00e7\u00e3o_utilizando_denota\u00e7\u00e3o-300x150.jpg 300w, https:\/\/beduka.com\/blog\/wp-content\/uploads\/2020\/03\/Reda\u00e7\u00e3o_utilizando_denota\u00e7\u00e3o-320x160.jpg 320w\" sizes=\"(max-width: 600px) 100vw, 600px\" \/><figcaption>Reda\u00e7\u00e3o utilizando denota\u00e7\u00e3o<\/figcaption><\/figure><\/div>\n\n\n<p>Vamos come\u00e7ar pela <strong>denota\u00e7\u00e3o <\/strong>que \u00e9 a que voc\u00ea vai usar para fazer sua <a rel=\"noreferrer noopener\" aria-label=\" (abre numa nova aba)\" href=\"https:\/\/beduka.com\/blog\/materias\/redacao\/redacao-dissertativa-argumentativa\/\" target=\"_blank\">Reda\u00e7\u00e3o<\/a> de <a rel=\"noreferrer noopener\" aria-label=\" (abre numa nova aba)\" href=\"https:\/\/beduka.com\/blog\/enem\/\" target=\"_blank\">ENEM<\/a>. Depois de conhecer as duas fa\u00e7a os exerc\u00edcios sobre denota\u00e7\u00e3o e conota\u00e7\u00e3o e o <a rel=\"noreferrer noopener\" aria-label=\" (abre numa nova aba)\" href=\"https:\/\/beduka.com\/simulado-enem\/#\/\" target=\"_blank\">Simulado Beduka<\/a>.<\/p>\n\n\n\n<p><strong>Denota\u00e7\u00e3o <\/strong>nada mais \u00e9 do que dizer algo com a inten\u00e7\u00e3o de comunicar exatamente o que foi dito. Ou seja, falar no sentido literal. Atribuir \u00e0s suas palavras o sentido previsto no dicion\u00e1rio.&nbsp;<\/p>\n\n\n\n<p>Essa<a rel=\"noreferrer noopener\" aria-label=\" (abre numa nova aba)\" href=\"https:\/\/beduka.com\/blog\/exercicios\/portugues-exercicios\/exercicios-sobre-funcoes-da-linguagem\/\" target=\"_blank\"> linguagem<\/a> \u00e9 mais bem aceita em entrevistas de emprego, reda\u00e7\u00f5es e quaisquer situa\u00e7\u00f5es que exigem maior formalidade, clareza e objetividade sobre o que est\u00e1 sendo expresso.&nbsp;<\/p>\n\n\n\n<p><strong>Exemplo:&nbsp;<\/strong><\/p>\n\n\n\n<p><em>\u201cA previs\u00e3o do tempo confirmou nuvens de chuva pairando sobre a cidade hoje.\u201d<\/em><\/p>\n\n\n\n<p>Na frase acima est\u00e1 sendo comunicado um fato. A personagem est\u00e1 sendo clara, objetiva e falando exatamente o que ela quer dizer.<\/p>\n\n\n\n<h2 class=\"wp-block-heading\">O que \u00e9 Conota\u00e7\u00e3o?<\/h2>\n\n\n<div class=\"wp-block-image\">\n<figure class=\"aligncenter\"><img decoding=\"async\" loading=\"lazy\" width=\"600\" height=\"300\" src=\"https:\/\/beduka.com\/blog\/wp-content\/uploads\/2020\/03\/Linguagem_po\u00e9tica_utilizando_denota\u00e7\u00e3o.jpg\" alt=\"Linguagem po\u00e9tica utilizando denota\u00e7\u00e3o\" class=\"wp-image-15380\" srcset=\"https:\/\/beduka.com\/blog\/wp-content\/uploads\/2020\/03\/Linguagem_po\u00e9tica_utilizando_denota\u00e7\u00e3o.jpg 600w, https:\/\/beduka.com\/blog\/wp-content\/uploads\/2020\/03\/Linguagem_po\u00e9tica_utilizando_denota\u00e7\u00e3o-300x150.jpg 300w, https:\/\/beduka.com\/blog\/wp-content\/uploads\/2020\/03\/Linguagem_po\u00e9tica_utilizando_denota\u00e7\u00e3o-320x160.jpg 320w\" sizes=\"(max-width: 600px) 100vw, 600px\" \/><figcaption>Linguagem po\u00e9tica utilizando conota\u00e7\u00e3o<\/figcaption><\/figure><\/div>\n\n\n<p>Acho que agora que voc\u00ea j\u00e1 entendeu o que \u00e9 a <strong><a rel=\"noreferrer noopener\" aria-label=\" (abre numa nova aba)\" href=\"https:\/\/beduka.com\/blog\/exercicios\/portugues-exercicios\/exercicios-sobre-funcoes-da-linguagem\/\" target=\"_blank\">linguagem<\/a> denotativa <\/strong>deduzir o que \u00e9 essa aqui ficou f\u00e1cil, certo? Caso n\u00e3o, \u00e9 s\u00f3 pegar toda a l\u00f3gica explicada acima e pensar ao contr\u00e1rio. Leia a mat\u00e9ria e fa\u00e7a os exerc\u00edcios sobre denota\u00e7\u00e3o e conota\u00e7\u00e3o.&nbsp;<\/p>\n\n\n\n<p><strong>Conota\u00e7\u00e3o <\/strong>\u00e9 o exato oposto da <strong>denota\u00e7\u00e3o<\/strong>. Ela \u00e9 a linguagem figurada das express\u00f5es populares, livros liter\u00e1rios e figuras de linguagem. Normalmente \u00e9 usada em situa\u00e7\u00f5es informais no dia a dia e tamb\u00e9m s\u00e3o bem vindas em livros po\u00e9ticos em que se quer dar um peso maior ao que est\u00e1 sendo dito.&nbsp;<\/p>\n\n\n\n<p>Pode-se dizer que \u00e9 uma linguagem que enfeita as palavras lhes atribuindo significados n\u00e3o habituais.&nbsp;<\/p>\n\n\n\n<p><strong>Exemplo:&nbsp;<\/strong><\/p>\n\n\n\n<p><em>\u201cUma nuvem de chuva paira sobre a minha alma\u201d<\/em><\/p>\n\n\n\n<p>No exemplo acima n\u00e3o existe, de fato uma nuvem de chuva sobre a alma da personagem. Ela est\u00e1 utilizando a imagem opressora e cinzenta de uma nuvem de chuva para representar metaforicamente a sua tristeza. Atribuindo \u00e0s palavras \u201cnuvem de chuva\u201d um significado n\u00e3o usual e n\u00e3o previsto no dicion\u00e1rio.&nbsp;<\/p>\n\n\n\n<h2 class=\"wp-block-heading\">Exerc\u00edcios sobre Denota\u00e7\u00e3o e Conota\u00e7\u00e3o&nbsp;<\/h2>\n\n\n\n<p>Agora que voc\u00ea entende o que \u00e9 cada uma, est\u00e1 na hora de fazer os exerc\u00edcios sobre Denota\u00e7\u00e3o e Conota\u00e7\u00e3o. Confira suas respostas com o gabarito e boa sorte.&nbsp;<\/p>\n\n\n\n<p><strong>1) (ENEM-2002)<\/strong>&nbsp;<\/p>\n\n\n\n<p>Comer com as m\u00e3os era um h\u00e1bito comum na Europa, no s\u00e9culo XVI. A t\u00e9cnica empregada pelo \u00edndio no Brasil e por um portugu\u00eas de Portugal era, ali\u00e1s, a mesma: apanhavam o alimento com tr\u00eas dedos da m\u00e3o direita (polegar, indicador e m\u00e9dio) e atiravam-no para dentro da boca.&nbsp;<\/p>\n\n\n\n<p>Um viajante europeu de nome Freireyss, de passagem pelo Rio de Janeiro, j\u00e1 no s\u00e9culo XIX, conta como \u201cnas casas das ro\u00e7as despejam-se simplesmente alguns pratos de farinha sobre a mesa ou num balainho, donde cada um se serve com os dedos, arremessando, com um movimento r\u00e1pido, a farinha na boca, sem que a m\u00ednima parcela caia para fora\u201d. Outros viajantes oitocentistas, como John Luccock, Carl Seidler, Tollenare e Maria Graham descrevem esse h\u00e1bito em todo o Brasil e entre todas as classes sociais. Mas para Saint-Hilaire, os brasileiros\u201clan\u00e7am a [farinha de mandioca] \u00e0 boca com uma destreza adquirida, na origem, dos ind\u00edgenas, e que ao europeu muito custa imitar\u201d.&nbsp;<\/p>\n\n\n\n<p>Alu\u00edsio de Azevedo, em seu romance Gir\u00e2ndola de amores (1882), descreve com realismo os h\u00e1bitos de uma senhora abastada que s\u00f3 saboreava a moqueca de peixe \u201csem talher, \u00e0 m\u00e3o\u201d.&nbsp;<\/p>\n\n\n\n<p>Dentre as palavras listadas abaixo, assinale a que traduz o elemento comum \u00e0s descri\u00e7\u00f5es das pr\u00e1ticas alimentares dos brasileiros feitas pelos diferentes autores do s\u00e9culo XIX citados no texto.&nbsp;<\/p>\n\n\n\n<p>a) Regionalismo (car\u00e1ter da literatura que se baseia em costumes e tradi\u00e7\u00f5es regionais).&nbsp;<\/p>\n\n\n\n<p>b) Intoler\u00e2ncia (n\u00e3o-admiss\u00e3o de opini\u00f5es diversas das suas em quest\u00f5es sociais, pol\u00edticas ou religiosas).&nbsp;<\/p>\n\n\n\n<p>c) Exotismo (car\u00e1ter ou qualidade daquilo que n\u00e3o \u00e9 ind\u00edgena; estrangeiro; exc\u00eantrico, extravagante).<\/p>\n\n\n\n<p>d) Racismo (doutrina que sustenta a superioridade de certas ra\u00e7as sobre outras).&nbsp;<\/p>\n\n\n\n<p>e) Sincretismo (fus\u00e3o de elementos culturais diversos, ou de culturas distintas ou de diferentes sistemas sociais).<\/p>\n\n\n\n<p><strong>2) (ENEM-2001)&nbsp;<\/strong><\/p>\n\n\n\n<p>Nas conversas di\u00e1rias, utiliza-se frequentemente a palavra \u201cpr\u00f3prio\u201d e ela se ajusta a v\u00e1rias situa\u00e7\u00f5es. Leia os exemplos de di\u00e1logos:&nbsp;<\/p>\n\n\n\n<p>I &#8211; A Vera se veste diferente! &#8211; \u00c9 mesmo, \u00e9 que ela tem um estilo pr\u00f3prio.&nbsp;<\/p>\n\n\n\n<p>II &#8211; A Lena j\u00e1 viu esse filme uma dezena de vezes! Eu n\u00e3o consigo ver o que ele tem de t\u00e3o maravilhoso assim. &#8211; \u00c9 que ele \u00e9 pr\u00f3prio para adolescente.&nbsp;<\/p>\n\n\n\n<p>III &#8211; Dora, o que eu fa\u00e7o? Ando t\u00e3o preocupada com o Fabinho! Meu filho est\u00e1 imposs\u00edvel! &#8211; Relaxa, T\u00e2nia! \u00c9 pr\u00f3prio da idade. Com o tempo, ele se acomoda.&nbsp;<\/p>\n\n\n\n<p>Nas ocorr\u00eancias I, II e III, \u201cpr\u00f3prio\u201d \u00e9 sin\u00f4nimo de, respectivamente,&nbsp;<\/p>\n\n\n\n<p>a) adequado, particular, t\u00edpico.&nbsp;<\/p>\n\n\n\n<p>b) peculiar, adequado, caracter\u00edstico.&nbsp;<\/p>\n\n\n\n<p>c) conveniente, adequado, particular.&nbsp;<\/p>\n\n\n\n<p>d) adequado, exclusivo, conveniente.&nbsp;<\/p>\n\n\n\n<p>e) peculiar, exclusivo, caracter\u00edstico.&nbsp;<\/p>\n\n\n\n<p><strong>3) (Enem Cancelado-2009)&nbsp;<\/strong><\/p>\n\n\n\n<p>Texto l&nbsp;<\/p>\n\n\n\n<p>No meio do caminho tinha uma pedra tinha uma pedra no meio do caminho tinha uma pedra no meio do caminho tinha uma pedra [&#8230;]&nbsp;<\/p>\n\n\n\n<p>ANDRADE, C. D. Reuni\u00e3o Rio de Janeiro: Jos\u00e9 Olympio, 1971 (fragmento).&nbsp;<\/p>\n\n\n\n<p>Texto II&nbsp;<\/p>\n\n\n\n<p>As lavadeiras de Mossor\u00f3, cada uma tem sua pedra no rio: cada pedra \u00e9 heran\u00e7a de fam\u00edlia, passando de m\u00e3e a filha, de filha a neta, como v\u00e3o passando as \u00e1guas no tempo [&#8230;]. Alavadei r\u00e3 e a pedra formam um ente especial, que se divide e se re\u00fane ao sabor do trabalho. Se a mulher entoa uma can\u00e7\u00e3o, percebe-se que nova pedra a acompanha em surdina&#8230; [&#8230;]&nbsp;<\/p>\n\n\n\n<p>ANDRADE, C. D. Contos sem prop\u00f3sito. Rio de Janeiro: Jornal do Brasil, Caderno B, 17\/7\/1979 (fragmento).&nbsp;<\/p>\n\n\n\n<p>Com base na leitura dos textos, \u00e9 poss\u00edvel estabelecer uma rela\u00e7\u00e3o entre forma e conte\u00fado da palavra &#8220;pedra&#8221;, por meio da qual se observa&nbsp;<\/p>\n\n\n\n<p>a) o emprego, em ambos os textos, do sentido conotativo da palavra &#8220;pedra&#8221;.&nbsp;<\/p>\n\n\n\n<p>b) a identidade de significa\u00e7\u00e3o, j\u00e1 que nos dois textos, &#8220;pedra&#8221; significa empecilho. ]<\/p>\n\n\n\n<p>c) a personifica\u00e7\u00e3o de &#8220;pedra&#8221; que, em ambos os textos, adquire caracter\u00edsticas animadas.&nbsp;<\/p>\n\n\n\n<p>d) o predom\u00ednio, no primeiro texto, do sentido denotativo de &#8220;pedra&#8221; como mat\u00e9ria mineral s\u00f3lida e dura.&nbsp;<\/p>\n\n\n\n<p>e) a utiliza\u00e7\u00e3o, no segundo texto, do significado de &#8220;pedra&#8221; como dificuldade materializada por um objeto.<\/p>\n\n\n\n<p><strong>4) (Faap-1997<\/strong>)&nbsp;<\/p>\n\n\n\n<p>Quando Pedro I lan\u00e7a aos ecos o seu grito hist\u00f3rico e o pa\u00eds desperta esturvinhado \u00e0 crise de uma mudan\u00e7a de dono, o caboclo ergue-se, espia e acocora-se, de novo.&nbsp;<\/p>\n\n\n\n<p>Pelo 13 de maio, mal esvoa\u00e7a o florido decreto da Princesa e o negro exausto larga num uf! o cabo da enxada, o caboclo olha, co\u00e7a a cabe\u00e7a, imagina e deixa que do velho mundo venha quem nele pegue de novo.&nbsp;<\/p>\n\n\n\n<p>A 15 de novembro troca-se um trono vital\u00edcio pela cadeira quadrienal. O pa\u00eds bestifica-se ante o inopinado da mudan\u00e7a. O caboclo n\u00e3o d\u00e1 pela coisa.&nbsp;<\/p>\n\n\n\n<p>Vem Floriano: estouram as granadas de Cust\u00f3dio;&nbsp;<\/p>\n\n\n\n<p>Gumercindo bate \u00e0s portas de Roma; Incitatus derranca o pa\u00eds. O caboclo continua de c\u00f3coras, a modorrar&#8230;&nbsp;<\/p>\n\n\n\n<p>Nada o desperta. Nenhuma ferretoada o p\u00f5e de p\u00e9. Social, como individualmente, em todos os atos da vida, Jeca antes de agir, acocora-se.&nbsp;<\/p>\n\n\n\n<p>Monteiro Lobato&nbsp;<\/p>\n\n\n\n<p>\u201c&#8230;e o pa\u00eds desperta ESTURVINHADO&#8230;&#8221; O adjetivo em mai\u00fasculo, embora de uso popular, \u00e9 pouco conhecido dos jovens de vida urbana. Contudo n\u00e3o \u00e9 dif\u00edcil saber, no contexto, seu significado:&nbsp;<\/p>\n\n\n\n<p>a) alegre &#8211; saltitante &#8211; risonho&nbsp;<\/p>\n\n\n\n<p>b) atordoado &#8211; aturdido &#8211; estonteado&nbsp;<\/p>\n\n\n\n<p>c) fiduci\u00e1rio &#8211; solid\u00e1rio &#8211; fiel&nbsp;<\/p>\n\n\n\n<p>d) acre &#8211; azedo &#8211; amargo&nbsp;<\/p>\n\n\n\n<p>e) abjeto &#8211; vil &#8211; desprez\u00edvel.&nbsp;<\/p>\n\n\n\n<p><strong>5) (Enem 2005)<\/strong><\/p>\n\n\n\n<p>O termo (ou express\u00e3o) destacado que est\u00e1 empregado em seu sentido pr\u00f3prio, denotativo, ocorre em<\/p>\n\n\n\n<p>a) \u201c(&#8230;.)<br>\u00c9 de la\u00e7o e de n\u00f3<br>De gibeira o jil\u00f3<br>Dessa vida,<strong>&nbsp;cumprida a sol<\/strong>&nbsp;(&#8230;.)\u201d<br><strong>(Renato Teixeira. Romaria. Kuarup Discos. setembro de 1992.)<\/strong><\/p>\n\n\n\n<p>b) \u201cProtegendo os inocentes<br>\u00e9 que Deus, s\u00e1bio demais,<br>p\u00f5e&nbsp;<strong>cen\u00e1rios<\/strong>&nbsp;diferentes<br>nas impress\u00f5es digitais.\u201d<br><strong>(Maria N. S. Carvalho. Evangelho da Trova. \/s.n.b.)<\/strong><\/p>\n\n\n\n<p>c) \u201cO&nbsp;<strong>dicion\u00e1rio-padr\u00e3o<\/strong>&nbsp;da l\u00edngua e os dicion\u00e1rios unil\u00edngues s\u00e3o os tipos mais comuns de dicion\u00e1rios. Em nossos dias, eles se tornaram um objeto de consumo obrigat\u00f3rio para as na\u00e7\u00f5es civilizadas e desenvolvidas.\u201d<br><strong>(Maria T. Camargo Biderman. O dicion\u00e1rio-padr\u00e3o da l\u00edngua. Alfa (28), 2743, 1974 Supl.)<\/strong><\/p>\n\n\n\n<p>d)<\/p>\n\n\n<div class=\"wp-block-image\">\n<figure class=\"aligncenter\"><img decoding=\"async\" loading=\"lazy\" width=\"400\" height=\"213\" src=\"https:\/\/beduka.com\/blog\/wp-content\/uploads\/2020\/09\/tirinha-sobre-denota\u00e7\u00e3o-e-conota\u00e7\u00e3o.jpg\" alt=\"tirinha sobre denota\u00e7\u00e3o e conota\u00e7\u00e3o\" class=\"wp-image-17987\" srcset=\"https:\/\/beduka.com\/blog\/wp-content\/uploads\/2020\/09\/tirinha-sobre-denota\u00e7\u00e3o-e-conota\u00e7\u00e3o.jpg 400w, https:\/\/beduka.com\/blog\/wp-content\/uploads\/2020\/09\/tirinha-sobre-denota\u00e7\u00e3o-e-conota\u00e7\u00e3o-300x160.jpg 300w, https:\/\/beduka.com\/blog\/wp-content\/uploads\/2020\/09\/tirinha-sobre-denota\u00e7\u00e3o-e-conota\u00e7\u00e3o-320x170.jpg 320w\" sizes=\"(max-width: 400px) 100vw, 400px\" \/><\/figure><\/div>\n\n\n<p> e) \u201cHumorismo \u00e9 a arte de&nbsp;<strong>fazer c\u00f3cegas no racioc\u00ednio<\/strong>&nbsp;dos outros. H\u00e1 duas esp\u00e9cies de humorismo: o tr\u00e1gico e o c\u00f4mico. O tr\u00e1gico \u00e9 o que n\u00e3o consegue fazer rir; o c\u00f4mico \u00e9 o que \u00e9 verdadeiramente tr\u00e1gico para se fazer.\u201d<br><strong>(Leon Eliachar. www.mercadolivre.com.br &lt;http:\/\/www.mercadolivre.com.br&gt;. acessado em julho de 2005.)<\/strong><\/p>\n\n\n\n<p><strong>6) (Enem 2003)<\/strong><\/p>\n\n\n<div class=\"wp-block-image\">\n<figure class=\"aligncenter\"><img decoding=\"async\" loading=\"lazy\" width=\"500\" height=\"124\" src=\"https:\/\/beduka.com\/blog\/wp-content\/uploads\/2020\/09\/tirinha-da-mafalda-sobre-denota\u00e7\u00e3o-e-conota\u00e7\u00e3o.jpg\" alt=\"tirinha da mafalda sobre denota\u00e7\u00e3o e conota\u00e7\u00e3o\" class=\"wp-image-17988\" srcset=\"https:\/\/beduka.com\/blog\/wp-content\/uploads\/2020\/09\/tirinha-da-mafalda-sobre-denota\u00e7\u00e3o-e-conota\u00e7\u00e3o.jpg 500w, https:\/\/beduka.com\/blog\/wp-content\/uploads\/2020\/09\/tirinha-da-mafalda-sobre-denota\u00e7\u00e3o-e-conota\u00e7\u00e3o-300x74.jpg 300w, https:\/\/beduka.com\/blog\/wp-content\/uploads\/2020\/09\/tirinha-da-mafalda-sobre-denota\u00e7\u00e3o-e-conota\u00e7\u00e3o-320x79.jpg 320w\" sizes=\"(max-width: 500px) 100vw, 500px\" \/><\/figure><\/div>\n\n\n<p>O humor presente na tirinha decorre principalmente do fato de a personagem Mafalda<\/p>\n\n\n\n<p>a) atribuir, no primeiro quadrinho, poder ilimitado ao dedo indicador.<\/p>\n\n\n\n<p>b) considerar seu dedo indicador t\u00e3o importante quanto o dos patr\u00f5es.<\/p>\n\n\n\n<p>c) atribuir, no primeiro e no \u00faltimo quadrinhos, um mesmo sentido ao voc\u00e1bulo \u201cindicador\u201d.<\/p>\n\n\n\n<p>d) usar corretamente a express\u00e3o \u201cindicador de desemprego\u201d, mesmo sendo crian\u00e7a.<\/p>\n\n\n\n<p>e) atribuir, no \u00faltimo quadrinho, fama exagerada ao dedo indicador dos patr\u00f5es.<\/p>\n\n\n\n<p><strong>7) (Fuvest) &#8211;<\/strong> O filme Cazuza &#8211; O tempo n\u00e3o para me deixou numa esp\u00e9cie de felicidade pensativa. Tento explicar por qu\u00ea. Cazuza mordeu a vida com todos os dentes. A doen\u00e7a e a morte parecem ter-se vingado de sua paix\u00e3o exagerada de viver. \u00c9 imposs\u00edvel sair da sala de cinema sem se perguntar mais uma vez: o que vale mais, a preserva\u00e7\u00e3o de nossas for\u00e7as, que garantiria uma vida mais longa, ou a livre procura da m\u00e1xima intensidade e variedade de experi\u00eancias? Digo que a pergunta se apresenta \u201cmais uma vez\u201d porque a quest\u00e3o \u00e9 hoje trivial e, ao mesmo tempo, persecut\u00f3ria. (&#8230;) Obedecemos a uma prolifera\u00e7\u00e3o de regras que s\u00e3o ditadas pelos progressos da preven\u00e7\u00e3o. Ningu\u00e9m imagina que comer, fumar, tomar pinga, transar sem camisinha e combinar, sei l\u00e1, nitratos com Viagra seja uma boa ideia. De fato n\u00e3o \u00e9. \u00c0 primeira vista, parece l\u00f3gico que concordemos sem hesita\u00e7\u00e3o sobre o seguinte: n\u00e3o h\u00e1 ou n\u00e3o deveria haver prazeres que valham um risco de vida ou, simplesmente, que valham o risco de encurtar a vida. De que adiantaria um prazer que, por assim dizer, cortasse o galho sobre o qual estou sentado? Os jovens t\u00eam uma raz\u00e3o b\u00e1sica para desconfiar de uma moral prudente e um pouco avara que sugere que escolhamos sempre os tempos suplementares. \u00c9 que a morte lhes parece distante, uma coisa com a qual a gente se preocupar\u00e1 mais tarde, muito mais tarde. Mas sua vontade de caminhar na corda bamba e sem rede n\u00e3o \u00e9 apenas a inconsci\u00eancia de quem pode esquecer que \u201co tempo n\u00e3o para\u201d. \u00c9 tamb\u00e9m (e talvez sobretudo) um questionamento que nos desafia: para disciplinar a experi\u00eancia, ser\u00e1 que temos outras raz\u00f5es que n\u00e3o sejam s\u00f3 a decis\u00e3o de durar um pouco mais? (Contardo Calligaris, Folha de S. Paulo)<\/p>\n\n\n\n<p>Considere as seguintes afirma\u00e7\u00f5es:<\/p>\n\n\n\n<p>I. Os trechos \u201cmordeu a vida com todos os dentes\u201d e \u201ccaminhar na corda bamba e sem rede\u201d podem ser compreendidos tanto no sentido figurado quanto no sentido literal.<\/p>\n\n\n\n<p>II. Na frase \u201cDe que adiantaria um prazer que (&#8230;) cortasse o galho sobre&nbsp;o qual estou sentado\u201d, o sentido da express\u00e3o sublinhada corresponde ao de \u201cse est\u00e1 sentado\u201d.<\/p>\n\n\n\n<p>III. Em \u201cmais uma vez\u201d, no in\u00edcio do terceiro par\u00e1grafo, o autor empregou aspas para indicar a precisa retomada de uma express\u00e3o do texto.<\/p>\n\n\n\n<p>Est\u00e1 correto o que se afirma em:<\/p>\n\n\n\n<p>a) I, somente<\/p>\n\n\n\n<p>b) I e II, somente<\/p>\n\n\n\n<p>c) II, somente<\/p>\n\n\n\n<p>d) II e III, somente<\/p>\n\n\n\n<p>e) I, II e III<\/p>\n\n\n\n<h2 class=\"wp-block-heading\"><strong>Respostas dos Exerc\u00edcios sobre Denota\u00e7\u00e3o e Conota\u00e7\u00e3o&nbsp;<\/strong><\/h2>\n\n\n\n<p><strong>Exerc\u00edcio resolvido da quest\u00e3o 1<\/strong><\/p>\n\n\n\n<p>a) Regionalismo (car\u00e1ter da literatura que se baseia em costumes e tradi\u00e7\u00f5es regionais). .<\/p>\n\n\n\n<p><strong>Exerc\u00edcio resolvido da quest\u00e3o 2<\/strong><\/p>\n\n\n\n<p>b) peculiar, adequado, caracter\u00edstico.<\/p>\n\n\n\n<p><strong>Exerc\u00edcio resolvido da quest\u00e3o 3<\/strong><\/p>\n\n\n\n<p>a) o emprego, em ambos os textos, do sentido conotativo da palavra &#8220;pedra&#8221;.&nbsp;<\/p>\n\n\n\n<p><strong>Exerc\u00edcio resolvido da quest\u00e3o 4<\/strong><\/p>\n\n\n\n<p>b) atordoado &#8211; aturdido &#8211; estonteado&nbsp;<\/p>\n\n\n\n<p><strong>Exerc\u00edcio resolvido da quest\u00e3o 5<\/strong><\/p>\n\n\n\n<p>c)  \u201cO&nbsp;<strong>dicion\u00e1rio-padr\u00e3o<\/strong>&nbsp;da l\u00edngua e os dicion\u00e1rios unil\u00edngues s\u00e3o os tipos mais comuns de dicion\u00e1rios. Em nossos dias, eles se tornaram um objeto de consumo obrigat\u00f3rio para as na\u00e7\u00f5es civilizadas e desenvolvidas.\u201d <\/p>\n\n\n\n<p><strong>Exerc\u00edcio resolvido da quest\u00e3o 6<\/strong><\/p>\n\n\n\n<p>c) atribuir, no primeiro e no \u00faltimo quadrinhos, um mesmo sentido ao voc\u00e1bulo \u201cindicador\u201d. <\/p>\n\n\n\n<p><strong>Exerc\u00edcio resolvido da quest\u00e3o 7<\/strong><\/p>\n\n\n\n<p>d) II e III, somente <\/p>\n\n\n\n<p>Estude para o Enem com o<a href=\"https:\/\/beduka.com\/simulado\" target=\"_blank\" rel=\"noreferrer noopener\" aria-label=\" (abre numa nova aba)\"> Simulado Beduka.<\/a> <strong>\u00c9 gratuito!<\/strong><\/p>\n\n\n\n<p>Gostou dos nossos Exerc\u00edcios sobre Denota\u00e7\u00e3o e Conota\u00e7\u00e3o? Compartilhe com os seus amigos e comente abaixo sobre \u00e1reas que voc\u00ea deseja mais explica\u00e7\u00f5es.<\/p>\n\n\n\n<p>Queremos te ajudar a encontrar a <strong>FACULDADE IDEAL! <\/strong>Logo abaixo, fa\u00e7a uma pesquisa por curso e cidade que te mostraremos todas as faculdades que podem te atender. <strong>Informamos a nota de corte, valor de mensalidade, nota do MEC, avalia\u00e7\u00e3o dos alunos, modalidades de ensino e muito mais.<\/strong><\/p>\n\n\n\n<p>Experimente agora!<br><\/p>\n","protected":false},"excerpt":{"rendered":"<p>Esse artigo cont\u00e9m alguns exerc\u00edcios sobre denota\u00e7\u00e3o e conota\u00e7\u00e3o com gabarito. Tamb\u00e9m tem um resumo da mat\u00e9ria para ajudar nos estudos.<\/p>\n","protected":false},"author":1,"featured_media":15378,"comment_status":"open","ping_status":"closed","sticky":false,"template":"","format":"standard","meta":{"_mi_skip_tracking":false,"_monsterinsights_sitenote_active":false,"_monsterinsights_sitenote_note":"","_monsterinsights_sitenote_category":0},"categories":[605],"tags":[],"yoast_head":"<!-- This site is optimized with the Yoast SEO plugin v20.10 - https:\/\/yoast.com\/wordpress\/plugins\/seo\/ -->\n<title>7 Exerc\u00edcios sobre Denota\u00e7\u00e3o e Conota\u00e7\u00e3o [Gabarito + Resumo]<\/title>\n<meta name=\"description\" content=\"Esse artigo cont\u00e9m alguns exerc\u00edcios sobre denota\u00e7\u00e3o e conota\u00e7\u00e3o com gabarito. Tamb\u00e9m tem um resumo da mat\u00e9ria para ajudar nos estudos.\" \/>\n<meta name=\"robots\" content=\"index, follow, max-snippet:-1, max-image-preview:large, max-video-preview:-1\" \/>\n<link rel=\"canonical\" href=\"https:\/\/beduka.com\/blog\/exercicios\/portugues-exercicios\/exercicios-sobre-denotacao-e-conotacao\/\" \/>\n<meta property=\"og:locale\" content=\"pt_BR\" \/>\n<meta property=\"og:type\" content=\"article\" \/>\n<meta property=\"og:title\" content=\"7 Exerc\u00edcios sobre Denota\u00e7\u00e3o e Conota\u00e7\u00e3o [Gabarito + Resumo]\" \/>\n<meta property=\"og:description\" content=\"Esse artigo cont\u00e9m alguns exerc\u00edcios sobre denota\u00e7\u00e3o e conota\u00e7\u00e3o com gabarito. Tamb\u00e9m tem um resumo da mat\u00e9ria para ajudar nos estudos.\" \/>\n<meta property=\"og:url\" content=\"https:\/\/beduka.com\/blog\/exercicios\/portugues-exercicios\/exercicios-sobre-denotacao-e-conotacao\/\" \/>\n<meta property=\"og:site_name\" content=\"Blog do Beduka | Mat\u00e9rias resumidas, Dicas e Exerc\u00edcios Enem\" \/>\n<meta property=\"article:publisher\" content=\"https:\/\/www.facebook.com\/beduka.buscadordefaculdades\/\" \/>\n<meta property=\"article:author\" content=\"https:\/\/www.facebook.com\/beduka.buscadordefaculdades\" \/>\n<meta property=\"article:published_time\" content=\"2020-03-31T13:56:31+00:00\" \/>\n<meta property=\"article:modified_time\" content=\"2023-04-03T18:49:20+00:00\" \/>\n<meta property=\"og:image\" content=\"https:\/\/beduka.com\/blog\/wp-content\/uploads\/2020\/03\/Exerc\u00edcios_sobre_Denota\u00e7\u00e3o_e_Conota\u00e7\u00e3o.jpg\" \/>\n\t<meta property=\"og:image:width\" content=\"600\" \/>\n\t<meta property=\"og:image:height\" content=\"300\" \/>\n\t<meta property=\"og:image:type\" content=\"image\/jpeg\" \/>\n<meta name=\"author\" content=\"Reda\u00e7\u00e3o Beduka (a)\" \/>\n<meta name=\"twitter:card\" content=\"summary_large_image\" \/>\n<meta name=\"twitter:label1\" content=\"Escrito por\" \/>\n\t<meta name=\"twitter:data1\" content=\"Reda\u00e7\u00e3o Beduka (a)\" \/>\n\t<meta name=\"twitter:label2\" content=\"Est. tempo de leitura\" \/>\n\t<meta name=\"twitter:data2\" content=\"12 minutos\" \/>\n<script type=\"application\/ld+json\" class=\"yoast-schema-graph\">{\"@context\":\"https:\/\/schema.org\",\"@graph\":[{\"@type\":\"Article\",\"@id\":\"https:\/\/beduka.com\/blog\/exercicios\/portugues-exercicios\/exercicios-sobre-denotacao-e-conotacao\/#article\",\"isPartOf\":{\"@id\":\"https:\/\/beduka.com\/blog\/exercicios\/portugues-exercicios\/exercicios-sobre-denotacao-e-conotacao\/\"},\"author\":{\"name\":\"Reda\u00e7\u00e3o Beduka (a)\",\"@id\":\"https:\/\/beduka.com\/blog\/#\/schema\/person\/325d912d2cb8dd9ede8ab291427d2b8a\"},\"headline\":\"Exerc\u00edcios sobre Denota\u00e7\u00e3o e Conota\u00e7\u00e3o com GABARITO\",\"datePublished\":\"2020-03-31T13:56:31+00:00\",\"dateModified\":\"2023-04-03T18:49:20+00:00\",\"mainEntityOfPage\":{\"@id\":\"https:\/\/beduka.com\/blog\/exercicios\/portugues-exercicios\/exercicios-sobre-denotacao-e-conotacao\/\"},\"wordCount\":2375,\"commentCount\":0,\"publisher\":{\"@id\":\"https:\/\/beduka.com\/blog\/#organization\"},\"articleSection\":[\"Portugu\u00eas\"],\"inLanguage\":\"pt-BR\",\"potentialAction\":[{\"@type\":\"CommentAction\",\"name\":\"Comment\",\"target\":[\"https:\/\/beduka.com\/blog\/exercicios\/portugues-exercicios\/exercicios-sobre-denotacao-e-conotacao\/#respond\"]}]},{\"@type\":\"WebPage\",\"@id\":\"https:\/\/beduka.com\/blog\/exercicios\/portugues-exercicios\/exercicios-sobre-denotacao-e-conotacao\/\",\"url\":\"https:\/\/beduka.com\/blog\/exercicios\/portugues-exercicios\/exercicios-sobre-denotacao-e-conotacao\/\",\"name\":\"7 Exerc\u00edcios sobre Denota\u00e7\u00e3o e Conota\u00e7\u00e3o [Gabarito + Resumo]\",\"isPartOf\":{\"@id\":\"https:\/\/beduka.com\/blog\/#website\"},\"datePublished\":\"2020-03-31T13:56:31+00:00\",\"dateModified\":\"2023-04-03T18:49:20+00:00\",\"description\":\"Esse artigo cont\u00e9m alguns exerc\u00edcios sobre denota\u00e7\u00e3o e conota\u00e7\u00e3o com gabarito. Tamb\u00e9m tem um resumo da mat\u00e9ria para ajudar nos estudos.\",\"breadcrumb\":{\"@id\":\"https:\/\/beduka.com\/blog\/exercicios\/portugues-exercicios\/exercicios-sobre-denotacao-e-conotacao\/#breadcrumb\"},\"inLanguage\":\"pt-BR\",\"potentialAction\":[{\"@type\":\"ReadAction\",\"target\":[\"https:\/\/beduka.com\/blog\/exercicios\/portugues-exercicios\/exercicios-sobre-denotacao-e-conotacao\/\"]}]},{\"@type\":\"BreadcrumbList\",\"@id\":\"https:\/\/beduka.com\/blog\/exercicios\/portugues-exercicios\/exercicios-sobre-denotacao-e-conotacao\/#breadcrumb\",\"itemListElement\":[{\"@type\":\"ListItem\",\"position\":1,\"name\":\"Home\",\"item\":\"https:\/\/beduka.com\/blog\/\"},{\"@type\":\"ListItem\",\"position\":2,\"name\":\"Exerc\u00edcios sobre Denota\u00e7\u00e3o e Conota\u00e7\u00e3o com GABARITO\"}]},{\"@type\":\"WebSite\",\"@id\":\"https:\/\/beduka.com\/blog\/#website\",\"url\":\"https:\/\/beduka.com\/blog\/\",\"name\":\"Blog do Beduka | Mat\u00e9rias resumidas, Dicas e Exerc\u00edcios Enem\",\"description\":\"O Blog do Beduka tem os conte\u00fados que mais caem no Enem, exerc\u00edcios de vestibular com gabarito, resumos, dicas e informa\u00e7\u00f5es Sisu, Prouni e Fies.Encontre dicas para o ENEM, resumos, exerc\u00edcios e informa\u00e7\u00f5es sobre os vestibulares. Acesse agora!\",\"publisher\":{\"@id\":\"https:\/\/beduka.com\/blog\/#organization\"},\"potentialAction\":[{\"@type\":\"SearchAction\",\"target\":{\"@type\":\"EntryPoint\",\"urlTemplate\":\"https:\/\/beduka.com\/blog\/?s={search_term_string}\"},\"query-input\":\"required name=search_term_string\"}],\"inLanguage\":\"pt-BR\"},{\"@type\":\"Organization\",\"@id\":\"https:\/\/beduka.com\/blog\/#organization\",\"name\":\"Beduka\",\"url\":\"https:\/\/beduka.com\/blog\/\",\"logo\":{\"@type\":\"ImageObject\",\"inLanguage\":\"pt-BR\",\"@id\":\"https:\/\/beduka.com\/blog\/#\/schema\/logo\/image\/\",\"url\":\"https:\/\/beduka.com\/blog\/wp-content\/uploads\/2020\/06\/marca-beduka.png\",\"contentUrl\":\"https:\/\/beduka.com\/blog\/wp-content\/uploads\/2020\/06\/marca-beduka.png\",\"width\":1077,\"height\":368,\"caption\":\"Beduka\"},\"image\":{\"@id\":\"https:\/\/beduka.com\/blog\/#\/schema\/logo\/image\/\"},\"sameAs\":[\"https:\/\/www.facebook.com\/beduka.buscadordefaculdades\/\",\"https:\/\/www.instagram.com\/beduka_oficial\/\",\"https:\/\/www.linkedin.com\/company\/beduka\",\"https:\/\/br.pinterest.com\/bedukaoficial\/\",\"https:\/\/www.youtube.com\/beduka\"]},{\"@type\":\"Person\",\"@id\":\"https:\/\/beduka.com\/blog\/#\/schema\/person\/325d912d2cb8dd9ede8ab291427d2b8a\",\"name\":\"Reda\u00e7\u00e3o Beduka (a)\",\"image\":{\"@type\":\"ImageObject\",\"inLanguage\":\"pt-BR\",\"@id\":\"https:\/\/beduka.com\/blog\/#\/schema\/person\/image\/\",\"url\":\"https:\/\/secure.gravatar.com\/avatar\/6f58a181ef24e0dc0bb73f096aa0f8b5?s=96&d=mm&r=g\",\"contentUrl\":\"https:\/\/secure.gravatar.com\/avatar\/6f58a181ef24e0dc0bb73f096aa0f8b5?s=96&d=mm&r=g\",\"caption\":\"Reda\u00e7\u00e3o Beduka (a)\"},\"description\":\"Este conte\u00fado foi criado e validado por uma equipe multidisciplinar, formada por especialistas em cada \u00e1rea do conhecimento. O Beduka est\u00e1 presente no Instagram, YouTube, LinkedIn e em diversos outros ambientes digitais. O site foi criado em 2017 e, desde a sua funda\u00e7\u00e3o, atua para fornecer materiais de qualidade para facilitar a vida de estudantes de todo o Brasil, ajudando-os a se preparar para os principais vestibulares e o Enem.\",\"sameAs\":[\"https:\/\/www.facebook.com\/beduka.buscadordefaculdades\",\"https:\/\/www.instagram.com\/beduka_oficial\/\",\"https:\/\/br.pinterest.com\/bedukaoficial\/\"],\"url\":\"https:\/\/beduka.com\/blog\/author\/admin\/\"}]}<\/script>\n<!-- \/ Yoast SEO plugin. -->","yoast_head_json":{"title":"7 Exerc\u00edcios sobre Denota\u00e7\u00e3o e Conota\u00e7\u00e3o [Gabarito + Resumo]","description":"Esse artigo cont\u00e9m alguns exerc\u00edcios sobre denota\u00e7\u00e3o e conota\u00e7\u00e3o com gabarito. Tamb\u00e9m tem um resumo da mat\u00e9ria para ajudar nos estudos.","robots":{"index":"index","follow":"follow","max-snippet":"max-snippet:-1","max-image-preview":"max-image-preview:large","max-video-preview":"max-video-preview:-1"},"canonical":"https:\/\/beduka.com\/blog\/exercicios\/portugues-exercicios\/exercicios-sobre-denotacao-e-conotacao\/","og_locale":"pt_BR","og_type":"article","og_title":"7 Exerc\u00edcios sobre Denota\u00e7\u00e3o e Conota\u00e7\u00e3o [Gabarito + Resumo]","og_description":"Esse artigo cont\u00e9m alguns exerc\u00edcios sobre denota\u00e7\u00e3o e conota\u00e7\u00e3o com gabarito. Tamb\u00e9m tem um resumo da mat\u00e9ria para ajudar nos estudos.","og_url":"https:\/\/beduka.com\/blog\/exercicios\/portugues-exercicios\/exercicios-sobre-denotacao-e-conotacao\/","og_site_name":"Blog do Beduka | Mat\u00e9rias resumidas, Dicas e Exerc\u00edcios Enem","article_publisher":"https:\/\/www.facebook.com\/beduka.buscadordefaculdades\/","article_author":"https:\/\/www.facebook.com\/beduka.buscadordefaculdades","article_published_time":"2020-03-31T13:56:31+00:00","article_modified_time":"2023-04-03T18:49:20+00:00","og_image":[{"width":600,"height":300,"url":"https:\/\/beduka.com\/blog\/wp-content\/uploads\/2020\/03\/Exerc\u00edcios_sobre_Denota\u00e7\u00e3o_e_Conota\u00e7\u00e3o.jpg","type":"image\/jpeg"}],"author":"Reda\u00e7\u00e3o Beduka (a)","twitter_card":"summary_large_image","twitter_misc":{"Escrito por":"Reda\u00e7\u00e3o Beduka (a)","Est. tempo de leitura":"12 minutos"},"schema":{"@context":"https:\/\/schema.org","@graph":[{"@type":"Article","@id":"https:\/\/beduka.com\/blog\/exercicios\/portugues-exercicios\/exercicios-sobre-denotacao-e-conotacao\/#article","isPartOf":{"@id":"https:\/\/beduka.com\/blog\/exercicios\/portugues-exercicios\/exercicios-sobre-denotacao-e-conotacao\/"},"author":{"name":"Reda\u00e7\u00e3o Beduka (a)","@id":"https:\/\/beduka.com\/blog\/#\/schema\/person\/325d912d2cb8dd9ede8ab291427d2b8a"},"headline":"Exerc\u00edcios sobre Denota\u00e7\u00e3o e Conota\u00e7\u00e3o com GABARITO","datePublished":"2020-03-31T13:56:31+00:00","dateModified":"2023-04-03T18:49:20+00:00","mainEntityOfPage":{"@id":"https:\/\/beduka.com\/blog\/exercicios\/portugues-exercicios\/exercicios-sobre-denotacao-e-conotacao\/"},"wordCount":2375,"commentCount":0,"publisher":{"@id":"https:\/\/beduka.com\/blog\/#organization"},"articleSection":["Portugu\u00eas"],"inLanguage":"pt-BR","potentialAction":[{"@type":"CommentAction","name":"Comment","target":["https:\/\/beduka.com\/blog\/exercicios\/portugues-exercicios\/exercicios-sobre-denotacao-e-conotacao\/#respond"]}]},{"@type":"WebPage","@id":"https:\/\/beduka.com\/blog\/exercicios\/portugues-exercicios\/exercicios-sobre-denotacao-e-conotacao\/","url":"https:\/\/beduka.com\/blog\/exercicios\/portugues-exercicios\/exercicios-sobre-denotacao-e-conotacao\/","name":"7 Exerc\u00edcios sobre Denota\u00e7\u00e3o e Conota\u00e7\u00e3o [Gabarito + Resumo]","isPartOf":{"@id":"https:\/\/beduka.com\/blog\/#website"},"datePublished":"2020-03-31T13:56:31+00:00","dateModified":"2023-04-03T18:49:20+00:00","description":"Esse artigo cont\u00e9m alguns exerc\u00edcios sobre denota\u00e7\u00e3o e conota\u00e7\u00e3o com gabarito. Tamb\u00e9m tem um resumo da mat\u00e9ria para ajudar nos estudos.","breadcrumb":{"@id":"https:\/\/beduka.com\/blog\/exercicios\/portugues-exercicios\/exercicios-sobre-denotacao-e-conotacao\/#breadcrumb"},"inLanguage":"pt-BR","potentialAction":[{"@type":"ReadAction","target":["https:\/\/beduka.com\/blog\/exercicios\/portugues-exercicios\/exercicios-sobre-denotacao-e-conotacao\/"]}]},{"@type":"BreadcrumbList","@id":"https:\/\/beduka.com\/blog\/exercicios\/portugues-exercicios\/exercicios-sobre-denotacao-e-conotacao\/#breadcrumb","itemListElement":[{"@type":"ListItem","position":1,"name":"Home","item":"https:\/\/beduka.com\/blog\/"},{"@type":"ListItem","position":2,"name":"Exerc\u00edcios sobre Denota\u00e7\u00e3o e Conota\u00e7\u00e3o com GABARITO"}]},{"@type":"WebSite","@id":"https:\/\/beduka.com\/blog\/#website","url":"https:\/\/beduka.com\/blog\/","name":"Blog do Beduka | Mat\u00e9rias resumidas, Dicas e Exerc\u00edcios Enem","description":"O Blog do Beduka tem os conte\u00fados que mais caem no Enem, exerc\u00edcios de vestibular com gabarito, resumos, dicas e informa\u00e7\u00f5es Sisu, Prouni e Fies.Encontre dicas para o ENEM, resumos, exerc\u00edcios e informa\u00e7\u00f5es sobre os vestibulares. Acesse agora!","publisher":{"@id":"https:\/\/beduka.com\/blog\/#organization"},"potentialAction":[{"@type":"SearchAction","target":{"@type":"EntryPoint","urlTemplate":"https:\/\/beduka.com\/blog\/?s={search_term_string}"},"query-input":"required name=search_term_string"}],"inLanguage":"pt-BR"},{"@type":"Organization","@id":"https:\/\/beduka.com\/blog\/#organization","name":"Beduka","url":"https:\/\/beduka.com\/blog\/","logo":{"@type":"ImageObject","inLanguage":"pt-BR","@id":"https:\/\/beduka.com\/blog\/#\/schema\/logo\/image\/","url":"https:\/\/beduka.com\/blog\/wp-content\/uploads\/2020\/06\/marca-beduka.png","contentUrl":"https:\/\/beduka.com\/blog\/wp-content\/uploads\/2020\/06\/marca-beduka.png","width":1077,"height":368,"caption":"Beduka"},"image":{"@id":"https:\/\/beduka.com\/blog\/#\/schema\/logo\/image\/"},"sameAs":["https:\/\/www.facebook.com\/beduka.buscadordefaculdades\/","https:\/\/www.instagram.com\/beduka_oficial\/","https:\/\/www.linkedin.com\/company\/beduka","https:\/\/br.pinterest.com\/bedukaoficial\/","https:\/\/www.youtube.com\/beduka"]},{"@type":"Person","@id":"https:\/\/beduka.com\/blog\/#\/schema\/person\/325d912d2cb8dd9ede8ab291427d2b8a","name":"Reda\u00e7\u00e3o Beduka (a)","image":{"@type":"ImageObject","inLanguage":"pt-BR","@id":"https:\/\/beduka.com\/blog\/#\/schema\/person\/image\/","url":"https:\/\/secure.gravatar.com\/avatar\/6f58a181ef24e0dc0bb73f096aa0f8b5?s=96&d=mm&r=g","contentUrl":"https:\/\/secure.gravatar.com\/avatar\/6f58a181ef24e0dc0bb73f096aa0f8b5?s=96&d=mm&r=g","caption":"Reda\u00e7\u00e3o Beduka (a)"},"description":"Este conte\u00fado foi criado e validado por uma equipe multidisciplinar, formada por especialistas em cada \u00e1rea do conhecimento. O Beduka est\u00e1 presente no Instagram, YouTube, LinkedIn e em diversos outros ambientes digitais. O site foi criado em 2017 e, desde a sua funda\u00e7\u00e3o, atua para fornecer materiais de qualidade para facilitar a vida de estudantes de todo o Brasil, ajudando-os a se preparar para os principais vestibulares e o Enem.","sameAs":["https:\/\/www.facebook.com\/beduka.buscadordefaculdades","https:\/\/www.instagram.com\/beduka_oficial\/","https:\/\/br.pinterest.com\/bedukaoficial\/"],"url":"https:\/\/beduka.com\/blog\/author\/admin\/"}]}},"_links":{"self":[{"href":"https:\/\/beduka.com\/blog\/wp-json\/wp\/v2\/posts\/15377"}],"collection":[{"href":"https:\/\/beduka.com\/blog\/wp-json\/wp\/v2\/posts"}],"about":[{"href":"https:\/\/beduka.com\/blog\/wp-json\/wp\/v2\/types\/post"}],"author":[{"embeddable":true,"href":"https:\/\/beduka.com\/blog\/wp-json\/wp\/v2\/users\/1"}],"replies":[{"embeddable":true,"href":"https:\/\/beduka.com\/blog\/wp-json\/wp\/v2\/comments?post=15377"}],"version-history":[{"count":5,"href":"https:\/\/beduka.com\/blog\/wp-json\/wp\/v2\/posts\/15377\/revisions"}],"predecessor-version":[{"id":29527,"href":"https:\/\/beduka.com\/blog\/wp-json\/wp\/v2\/posts\/15377\/revisions\/29527"}],"wp:featuredmedia":[{"embeddable":true,"href":"https:\/\/beduka.com\/blog\/wp-json\/wp\/v2\/media\/15378"}],"wp:attachment":[{"href":"https:\/\/beduka.com\/blog\/wp-json\/wp\/v2\/media?parent=15377"}],"wp:term":[{"taxonomy":"category","embeddable":true,"href":"https:\/\/beduka.com\/blog\/wp-json\/wp\/v2\/categories?post=15377"},{"taxonomy":"post_tag","embeddable":true,"href":"https:\/\/beduka.com\/blog\/wp-json\/wp\/v2\/tags?post=15377"}],"curies":[{"name":"wp","href":"https:\/\/api.w.org\/{rel}","templated":true}]}}