{"id":16217,"date":"2020-06-02T11:59:35","date_gmt":"2020-06-02T14:59:35","guid":{"rendered":"https:\/\/beduka.com\/blog\/?p=16217"},"modified":"2023-04-03T16:14:54","modified_gmt":"2023-04-03T19:14:54","slug":"exercicios-sobre-pronomes-obliquos-atono-e-tonico","status":"publish","type":"post","link":"https:\/\/beduka.com\/blog\/exercicios\/portugues-exercicios\/exercicios-sobre-pronomes-obliquos-atono-e-tonico\/","title":{"rendered":"Exerc\u00edcios sobre Pronomes Obl\u00edquos \u00c1tono e T\u00f4nico COM GABARITO"},"content":{"rendered":"\n<blockquote class=\"wp-block-quote is-layout-flow wp-block-quote-is-layout-flow\"><p><a rel=\"noreferrer noopener\" aria-label=\" (abre numa nova aba)\" href=\"https:\/\/beduka.com\/blog\/materias\/portugues\/o-que-e-pronome-obliquo\/\" target=\"_blank\"><strong><em>Pronomes Obl\u00edquos<\/em><\/strong><\/a><strong><em> s\u00e3o <\/em><\/strong><a rel=\"noreferrer noopener\" aria-label=\" (abre numa nova aba)\" href=\"https:\/\/beduka.com\/blog\/materias\/portugues\/quais-sao-os-pronomes-pessoais\/\" target=\"_blank\"><strong><em>pronomes pessoais<\/em><\/strong><\/a><strong><em> que substituem ou qualificam nomes e determinam uma pessoa do discurso. Tamb\u00e9m podem servir como <\/em><\/strong><a rel=\"noreferrer noopener\" aria-label=\" (abre numa nova aba)\" href=\"https:\/\/beduka.com\/blog\/materias\/portugues\/o-que-e-complemento-verbal\/\" target=\"_blank\"><strong><em>complemento verbal<\/em><\/strong><\/a><strong><em>. Eles se dividem em \u00e1tonos e t\u00f4nicos. Leia o texto e fa\u00e7a os exerc\u00edcios sobre pronomes obl\u00edquos \u00e1tono e t\u00f4nico. Fa\u00e7a tamb\u00e9m o <\/em><\/strong><a rel=\"noreferrer noopener\" aria-label=\" (abre numa nova aba)\" href=\"https:\/\/beduka.com\/simulado-enem\/#\/\" target=\"_blank\"><strong><em>Simulado Beduka<\/em><\/strong><\/a><strong><em>.&nbsp;<\/em><\/strong><\/p><\/blockquote>\n\n\n\n<h2 class=\"wp-block-heading\">O que s\u00e3o Pronomes Pessoais Obl\u00edquos?<\/h2>\n\n\n\n<p class=\"wp-block-paragraph\">A primeira coisa a explicar \u00e9 o que \u00e9 um pronome obl\u00edquo. Leia com aten\u00e7\u00e3o para fazer os exerc\u00edcios sobre pronomes obl\u00edquos \u00e1tono e t\u00f4nico.&nbsp;<br><\/p>\n\n\n\n<p class=\"wp-block-paragraph\">Come\u00e7ando com a defini\u00e7\u00e3o de<strong> pronome pessoal. <\/strong>Pronomes s\u00e3o termos capazes de seguir ou substituir nomes. E os pronomes pessoais fazem isso com <a href=\"https:\/\/beduka.com\/blog\/materias\/portugues\/todos-os-tipos-de-substantivos\/\" target=\"_blank\" rel=\"noreferrer noopener\" aria-label=\" (abre numa nova aba)\">substantivos <\/a>de acordo com a pessoa do discurso.&nbsp;<br><\/p>\n\n\n\n<p class=\"wp-block-paragraph\">Um bom exemplo ocorre no dia-a-dia. Quando dizemos frases como:&nbsp;<br><\/p>\n\n\n\n<ul class=\"wp-block-list\"><li>Eu estou indo para a escola&nbsp;<\/li><li>Ele vai fazer a tarefa para mim&nbsp;<\/li><\/ul>\n\n\n\n<p class=\"wp-block-paragraph\">Nessas frases, os pronomes \u201ceu e ele\u201d substituem os nomes das pessoas que est\u00e3o realizando a a\u00e7\u00e3o na frase.&nbsp;<\/p>\n\n\n\n<p class=\"wp-block-paragraph\">Veja mais algumas caracter\u00edsticas deles:&nbsp;<\/p>\n\n\n\n<ul class=\"wp-block-list\"><li><strong>Pronomes obl\u00edquos <\/strong>s\u00e3o um <strong>tipo de pronome pessoal, <\/strong>logo eles obedecem as pessoas do discurso <strong>(1\u00aa, 2\u00aa ou 3\u00aa)<\/strong>.&nbsp;<\/li><li>O pronome obl\u00edquo age como complemento verbal. Seja objeto<a rel=\"noreferrer noopener\" aria-label=\" (abre numa nova aba)\" href=\"https:\/\/beduka.com\/blog\/materias\/portugues\/todos-os-tipos-de-substantivos\/\" target=\"_blank\"> direto <\/a>ou <a href=\"https:\/\/beduka.com\/blog\/materias\/portugues\/o-que-e-objeto-indireto\/\" target=\"_blank\" rel=\"noreferrer noopener\" aria-label=\" (abre numa nova aba)\">indireto<\/a>.<\/li><li>Eles tamb\u00e9m podem ser agente da passiva de <a rel=\"noreferrer noopener\" aria-label=\" (abre numa nova aba)\" href=\"https:\/\/beduka.com\/blog\/materias\/portugues\/o-que-e-adjunto-adverbial\/\" target=\"_blank\">adjunto adverbial<\/a>.<\/li><li><strong>Pronomes obl\u00edquos podem ser \u00e1tonos ou t\u00f4nicos<\/strong><\/li><\/ul>\n\n\n\n<p class=\"wp-block-paragraph\">Ser\u00e1 nesse \u00faltimo que iremos focar nesse texto, mas antes de entender isso, voc\u00ea tem que saber diferenciar um <strong>pronome reto de um pronome obl\u00edquo.&nbsp;<\/strong><\/p>\n\n\n\n<p class=\"wp-block-paragraph\"><strong>Pronomes Retos <\/strong>s\u00e3o basicamente os que t\u00eam fun\u00e7\u00e3o de <strong>sujeito da ora\u00e7\u00e3o. <\/strong>Eles s\u00e3o os que mais usamos naturalmente. Os famosos:&nbsp;<\/p>\n\n\n\n<ul class=\"wp-block-list\"><li><strong>Eu<\/strong><\/li><li><strong>Tu<\/strong><\/li><li><strong>Ele<\/strong><\/li><li><strong>N\u00f3s<\/strong><\/li><li><strong>V\u00f3s<\/strong><\/li><li><strong>Eles<\/strong><\/li><\/ul>\n\n\n\n<p class=\"wp-block-paragraph\">J\u00e1 os <strong>pronomes obl\u00edquos, <\/strong>como j\u00e1 foi dito, s\u00e3o os que fazem papel de objeto na ora\u00e7\u00e3o. Quando est\u00e3o nessa forma, os retos costumam se transformar em:&nbsp;<\/p>\n\n\n\n<ul class=\"wp-block-list\"><li><strong>Mim, me, comigo<\/strong><\/li><li><strong>Te, ti, contigo<\/strong><\/li><li><strong>Se, o, a, lhe, si, consigo<\/strong><\/li><li><strong>Nos, conosco&nbsp;<\/strong><\/li><li><strong>Vos, convosco&nbsp;<\/strong><\/li><li><strong>Si, os, as, lhes, se, consigo&nbsp;<\/strong><\/li><\/ul>\n\n\n<div class=\"wp-block-image\">\n<figure class=\"aligncenter\"><img loading=\"lazy\" decoding=\"async\" width=\"600\" height=\"300\" src=\"https:\/\/beduka.com\/blog\/wp-content\/uploads\/2020\/06\/Tabela-_de_Pronomes_Obl\u00edquos_e_\u00c1tonos.jpg\" alt=\"Tabela de Pronomes Obl\u00edquos \u00c1tono e T\u00f4nico\" class=\"wp-image-16219\" srcset=\"https:\/\/beduka.com\/blog\/wp-content\/uploads\/2020\/06\/Tabela-_de_Pronomes_Obl\u00edquos_e_\u00c1tonos.jpg 600w, https:\/\/beduka.com\/blog\/wp-content\/uploads\/2020\/06\/Tabela-_de_Pronomes_Obl\u00edquos_e_\u00c1tonos-300x150.jpg 300w, https:\/\/beduka.com\/blog\/wp-content\/uploads\/2020\/06\/Tabela-_de_Pronomes_Obl\u00edquos_e_\u00c1tonos-320x160.jpg 320w\" sizes=\"auto, (max-width: 600px) 100vw, 600px\" \/><figcaption>Tabela de Pronomes Obl\u00edquos \u00c1tono e T\u00f4nico<\/figcaption><\/figure>\n<\/div>\n\n\n<h2 class=\"wp-block-heading\">Pronome Obl\u00edquo T\u00f4nico x Pronome Obl\u00edquo \u00c1tono<\/h2>\n\n\n\n<p class=\"wp-block-paragraph\">Desculpe a demora, mas agora vamos embarcar de vez nas diferen\u00e7as entre esses dois. Exerc\u00edcios sobre pronomes obl\u00edquos \u00e1tono e t\u00f4nico te esperam no final.&nbsp;<\/p>\n\n\n\n<h3 class=\"wp-block-heading\">Pronome Obl\u00edquo T\u00f4nico&nbsp;<\/h3>\n\n\n\n<p class=\"wp-block-paragraph\">Esses pronomes exigem a presen\u00e7a de <strong><a href=\"https:\/\/beduka.com\/blog\/materias\/portugues\/o-que-e-uma-preposicao\/\" target=\"_blank\" rel=\"noreferrer noopener\" aria-label=\" (abre numa nova aba)\">preposi\u00e7\u00e3o <\/a><\/strong>para que possam atribuir sentido \u00e0 frase. Como \u00e9 obl\u00edquo, ele apresenta fun\u00e7\u00e3o de objeto na maioria das vezes.&nbsp;<br><\/p>\n\n\n\n<p class=\"wp-block-paragraph\"><strong>Exemplo:&nbsp;<\/strong><br><\/p>\n\n\n\n<p class=\"wp-block-paragraph\">Ele veio junto <strong>comigo.&nbsp;<\/strong><br><\/p>\n\n\n\n<p class=\"wp-block-paragraph\">Nesse exemplo o pr\u00f3prio pronome \u00e9 formado por uma<strong> fus\u00e3o da preposi\u00e7\u00e3o \u201ccom\u201d junto do pronome \u201cmim\u201d<\/strong>. E como o<strong> sujeito \u00e9 representado pelo pronome \u201cele\u201d<\/strong>, assume-se que <strong>\u201ccomigo\u201d \u00e9 o objeto da frase.&nbsp;<\/strong><br><\/p>\n\n\n\n<p class=\"wp-block-paragraph\"><strong>Outros exemplos:<\/strong><br><\/p>\n\n\n\n<ul class=\"wp-block-list\"><li>Voc\u00ea foi <strong>sem ela<\/strong><\/li><li>Fica perto <strong>de mim<\/strong><\/li><li>Venha \u00e0 festa<strong> conosco<\/strong><\/li><\/ul>\n\n\n\n<h3 class=\"wp-block-heading\">Pronomes Obl\u00edquo \u00c1tono&nbsp;<\/h3>\n\n\n\n<p class=\"wp-block-paragraph\">Ao contr\u00e1rio dos <strong>t\u00f4nicos, <\/strong>os pronomes \u00e1tonos <strong>conseguem dar sentido<\/strong> \u00e0 frase <strong>sem precisar de preposi\u00e7\u00e3o<\/strong>. Contudo, eles ainda s\u00e3o tidos como <strong>objetos da ora\u00e7\u00e3o<\/strong>.&nbsp;<br><\/p>\n\n\n\n<p class=\"wp-block-paragraph\"><strong>Exemplo:&nbsp;<\/strong><br><\/p>\n\n\n\n<p class=\"wp-block-paragraph\">Ela <strong>me <\/strong>contou&nbsp;<br><\/p>\n\n\n\n<p class=\"wp-block-paragraph\">Nesse exemplo<strong> \u201cela\u201d <\/strong>\u00e9 o sujeito da frase, pois foi quem fez a a\u00e7\u00e3o. E nesse caso, o pronome em primeira pessoa<strong> \u201cme\u201d <\/strong>n\u00e3o precisar de preposi\u00e7\u00e3o alguma para a frase fazer sentido. Ou seja, trata-se de um <strong>pronome obl\u00edquo \u00e1tono.<\/strong><br><\/p>\n\n\n\n<p class=\"wp-block-paragraph\"><strong>Outros exemplos:<\/strong><br><\/p>\n\n\n\n<ul class=\"wp-block-list\"><li>Est\u00e3o <strong>nos<\/strong> vigiando&nbsp;<\/li><li>Fizeram<strong>-no <\/strong>melhor<\/li><li>Beijar<strong>-lhe <\/strong>ei quando estiver pronto<\/li><\/ul>\n\n\n\n<h2 class=\"wp-block-heading\">Exerc\u00edcios sobre Pronomes Obl\u00edquos \u00c1tono e T\u00f4nico<\/h2>\n\n\n\n<p class=\"wp-block-paragraph\">Est\u00e1 na hora de fazer os exerc\u00edcios sobre pronomes obl\u00edquos \u00e1tono e t\u00f4nico. Fa\u00e7a tamb\u00e9m o <a href=\"https:\/\/beduka.com\/simulado-enem\/#\/\" target=\"_blank\" rel=\"noreferrer noopener\" aria-label=\" (abre numa nova aba)\">Simulado Beduka<\/a> e baixe nosso <a rel=\"noreferrer noopener\" aria-label=\" (abre numa nova aba)\" href=\"https:\/\/beduka.com\/blog\/dicas\/enem-dicas\/plano-de-estudos-gratuito\/\" target=\"_blank\">Plano de Estudos<\/a> para aumentar seus desempenho.&nbsp;<br><\/p>\n\n\n\n<p class=\"wp-block-paragraph\"><strong>1-(MS CONCURSOS)<\/strong> Veja os itens dados a seguir e assinale a alternativa verdadeira:<\/p>\n\n\n\n<p class=\"wp-block-paragraph\">I &#8211; Os pronomes pessoais s\u00e3o sempre pronomes substantivados.<\/p>\n\n\n\n<p class=\"wp-block-paragraph\">II &#8211; Os pronomes retos empregam-se como sujeito e predicativo do sujeito.<\/p>\n\n\n\n<p class=\"wp-block-paragraph\">III &#8211; Os pronomes obl\u00edquos (\u00e1tonos ou t\u00f4nicos) geralmente exercem a fun\u00e7\u00e3o de objeto direto ou indireto. Os \u00e1tonos de 3\u00aa pessoa o, a, os, as, funcionam como objeto direto; lhe, lhes, como objeto indireto; me, te, se, nos, vos, podem ser objeto direto ou indireto, dependendo da predica\u00e7\u00e3o do verbo que completam.<\/p>\n\n\n\n<p class=\"wp-block-paragraph\">IV &#8211; Os pronomes obl\u00edquos \u00e1tonos s\u00e3o sempre precedidos de preposi\u00e7\u00e3o. Por isso, sua fun\u00e7\u00e3o sint\u00e1tica s\u00f3 pode ser determinada pela predica\u00e7\u00e3o do verbo ou nome, ao qual servem de complemento.<\/p>\n\n\n\n<p class=\"wp-block-paragraph\">a)<strong> <\/strong>Apenas I, II e III est\u00e3o corretos.<\/p>\n\n\n\n<p class=\"wp-block-paragraph\">b) Apenas II, III e IV est\u00e3o corretos.<\/p>\n\n\n\n<p class=\"wp-block-paragraph\">c) Apenas I, III e IV est\u00e3o corretos.<\/p>\n\n\n\n<p class=\"wp-block-paragraph\">d) Todos os itens est\u00e3o corretos.<\/p>\n\n\n\n<p class=\"wp-block-paragraph\"><strong>2-(Prefeitura de Itabirito MG) <\/strong>&nbsp;Leia os coment\u00e1rios sobre os fragmentos transcritos do texto e classifique-os como<strong> V (VERDADEIROS) ou F (FALSOS).<\/strong><\/p>\n\n\n\n<p class=\"wp-block-paragraph\">a) (_____) Na frase \u201cDesenhar os caracteres de maneira cont\u00ednua, conectando-os uns aos outros, prepara o c\u00e9rebro para ler\u201d, o termo grifado \u00e9 um pronome obl\u00edquo \u00e1tono, colocado ap\u00f3s o verbo na forma nominal do ger\u00fandio, para caracterizar o uso pronominal da pr\u00f3clise.<\/p>\n\n\n\n<p class=\"wp-block-paragraph\">b) (_____) Em \u201cTudo indica que essa habilidade \u00e9 crucial para aprender a ler e a pensar\u201d, \u00e9 obrigat\u00f3rio o uso do sinal indicativo de crase no \u201ca\u201d, antes dos verbos \u201cler\u201d e \u201cpensar\u201d.<\/p>\n\n\n\n<p class=\"wp-block-paragraph\">c) (_____) No trecho \u201cSe n\u00e3o fosse o receio de soar antiquado demais, ou de deixar entrever que h\u00e1 um qu\u00ea de nostalgia nisso\u201d, o termo em destaque \u00e9 um monoss\u00edlabo t\u00f4nico e est\u00e1 acentuado por se tratar de um substantivo.<\/p>\n\n\n\n<p class=\"wp-block-paragraph\">d) (_____) No per\u00edodo \u201cOs gaiatos dir\u00e3o que professores preferem os alunos com letra bonita e os premiam com notas melhores\u201d, o termo grifado retoma o substantivo \u201cprofessores\u201d.<\/p>\n\n\n\n<p class=\"wp-block-paragraph\">A sequ\u00eancia CORRETA de classifica\u00e7\u00e3o, de cima para baixo, \u00e9:<\/p>\n\n\n\n<p class=\"wp-block-paragraph\">a) F-F-V-F.<\/p>\n\n\n\n<p class=\"wp-block-paragraph\">b) F-F-V-V.<\/p>\n\n\n\n<p class=\"wp-block-paragraph\">c) V-F-V-F.<\/p>\n\n\n\n<p class=\"wp-block-paragraph\">d) V-F-F-V.<\/p>\n\n\n\n<p class=\"wp-block-paragraph\"><strong>3-(FUNRIO &#8211; 2010 &#8211; SEBRAE &#8211; PA) <\/strong>Em \u201cquem a obtenha\u201d e \u201ctemos algo a dizer\u201d, a palavra \u201ca\u201d presente nos dois fragmentos classifica-se, respectivamente, como<\/p>\n\n\n\n<p class=\"wp-block-paragraph\">a) pronome pessoal obl\u00edquo \u00e1tono e preposi\u00e7\u00e3o acidental.<\/p>\n\n\n\n<p class=\"wp-block-paragraph\">b) pronome pessoal obl\u00edquo \u00e1tono e preposi\u00e7\u00e3o essencial.<\/p>\n\n\n\n<p class=\"wp-block-paragraph\">c) pronome pessoal obl\u00edquo t\u00f4nico e artigo definido.<\/p>\n\n\n\n<p class=\"wp-block-paragraph\">d) pronome pessoal obl\u00edquo t\u00f4nico e preposi\u00e7\u00e3o essencial.<\/p>\n\n\n\n<p class=\"wp-block-paragraph\">e) pronome pessoal obl\u00edquo \u00e1tono e part\u00edcula de realce.<\/p>\n\n\n\n<p class=\"wp-block-paragraph\"><strong>4-(CPCON) <\/strong>Na senten\u00e7a \u201c-<strong>ME&nbsp;<\/strong>DIGA UMA COISA, MANOEL: QUAL O SEU PROBLEMA?<strong>&nbsp;SE<\/strong>&nbsp;FOR DINHEIRO PODE CONTAR COMIGO. SE FOR EMOCIONAL CONTE SEU DINHEIRO E V\u00c1 A UM PSIQUIATRA.&nbsp;<strong>L\u00c1<\/strong>&nbsp;VOC\u00ca DESCARREGA&nbsp;<strong>SEU<\/strong>&nbsp;DRAMA, OK?&#8221;.<\/p>\n\n\n\n<p class=\"wp-block-paragraph\">Assinale a alternativa correta:<\/p>\n\n\n\n<p class=\"wp-block-paragraph\">a) As palavras destacadas s\u00e3o, na sequ\u00eancia, do ponto de vista morfol\u00f3gico, pronome obl\u00edquo \u00e1tono, conjun\u00e7\u00e3o, adv\u00e9rbio de lugar e pronome possessivo.<\/p>\n\n\n\n<p class=\"wp-block-paragraph\">b) As palavras destacadas s\u00e3o, na sequ\u00eancia, do ponto de vista morfol\u00f3gico, pronome obl\u00edquo t\u00f4nico, conjun\u00e7\u00e3o, adv\u00e9rbio de tempo e pronome demonstrativo.<\/p>\n\n\n\n<p class=\"wp-block-paragraph\">c) As palavras destacadas s\u00e3o, na sequ\u00eancia, do ponto de vista morfol\u00f3gico, conjun\u00e7\u00e3o, conjun\u00e7\u00e3o, adv\u00e9rbio de lugar e pronome possessivo.<\/p>\n\n\n\n<p class=\"wp-block-paragraph\">d) As palavras destacadas s\u00e3o, na sequ\u00eancia, do ponto de vista morfol\u00f3gico, pronome obl\u00edquo \u00e1tono, conjun\u00e7\u00e3o, adv\u00e9rbio de lugar e pronome demonstrativo.<\/p>\n\n\n\n<p class=\"wp-block-paragraph\">e) O uso do \u201cME&#8221; obedece com rigor \u00e0s regras de coloca\u00e7\u00e3o pronominal.<\/p>\n\n\n\n<p class=\"wp-block-paragraph\"><strong>5-(Prefeitura de Passagem Franca do Piau\u00ed &#8211; PI)&nbsp;<\/strong><\/p>\n\n\n\n<p class=\"wp-block-paragraph\"><em>\u2018Acabou\u2019, dizia a mensagem que Mariana recebeu ap\u00f3s 4 anos de namoro \u2013 ela nunca mais o viu. Na era da paquera no Tinder, o fim tamb\u00e9m \u00e9 virtual <\/em>(Dispon\u00edvel em: http:\/\/www1.folha.uol.com.br\/fsp\/equilibrio\/226034aperte-enter-para-terminar.shtml Acesso em 28\/04\/2016.)<\/p>\n\n\n\n<p class=\"wp-block-paragraph\">No trecho \u201cela nunca mais o viu\u201d, as palavras em destaque, respectivamente:<\/p>\n\n\n\n<p class=\"wp-block-paragraph\">a)<strong> <\/strong>\u201cEla\u201d \u00e9 pronome pessoal do caso reto e retoma Mariana. Por sua vez, \u201co\u201d \u00e9 pronome obl\u00edquo \u00e1tono e aponta para o termo \u201cnamorado de Mariana, que n\u00e3o aparece no texto, mas pode ser identificado pela pista textual \u201cnamoro\u201d<\/p>\n\n\n\n<p class=\"wp-block-paragraph\">b) \u201cEla\u201d \u00e9 pronome pessoal do caso reto e retoma Mariana. Por sua vez, \u201co\u201d tamb\u00e9m \u00e9 pronome pessoal do caso reto, mas aponta para o referente \u201cnamoro\u201d<\/p>\n\n\n\n<p class=\"wp-block-paragraph\">c) \u201cEla\u201d \u00e9 pronome pessoal do caso reto e retoma Mariana. Por sua vez, \u201co\u201d \u00e9 pronome obl\u00edquo t\u00f4nico e aponta para o referente \u201cnamorado de Mariana, que n\u00e3o aparece no texto, mas pode ser identificado pela pista textual \u201cnamoro\u201d<\/p>\n\n\n\n<p class=\"wp-block-paragraph\">d) \u201cEla\u201d \u00e9 pronome pessoal de tratamento e retoma Mariana. Por sua vez, \u201co\u201d \u00e9 pronome obl\u00edquo \u00e1tono e aponta para o referente \u201cnamoro\u201d.<\/p>\n\n\n\n<p class=\"wp-block-paragraph\">e) \u201cEla\u201d \u00e9 pronome pessoal do caso reto e retoma Mariana. Por sua vez, \u201co\u201d, nesse caso, funciona como pronome demonstrativo e aponta para o referente \u201cnamorado de Mariana, que n\u00e3o aparece no texto, mas pode ser identificado pela pista textual \u201cnamoro\u201d<\/p>\n\n\n\n<h2 class=\"wp-block-heading\"><strong>Respostas dos Exerc\u00edcios sobre Pronomes Obl\u00edquos \u00c1tono e T\u00f4nico&nbsp;<\/strong><\/h2>\n\n\n\n<p class=\"wp-block-paragraph\"><strong>Exerc\u00edcio resolvido da quest\u00e3o 1 \u2013<\/strong><\/p>\n\n\n\n<p class=\"wp-block-paragraph\"><strong>a) <\/strong>Apenas I, II e III est\u00e3o corretos.&nbsp;<br><\/p>\n\n\n\n<p class=\"wp-block-paragraph\"><strong>Exerc\u00edcio resolvido da quest\u00e3o 2 \u2013<\/strong><\/p>\n\n\n\n<p class=\"wp-block-paragraph\"><strong>a)<\/strong> F-F-V-F.<\/p>\n\n\n\n<p class=\"wp-block-paragraph\"><strong>Exerc\u00edcio resolvido da quest\u00e3o 3 \u2013<\/strong><\/p>\n\n\n\n<p class=\"wp-block-paragraph\"><strong>b)<\/strong> pronome pessoal obl\u00edquo \u00e1tono e preposi\u00e7\u00e3o essencial.<br><\/p>\n\n\n\n<p class=\"wp-block-paragraph\"><strong>Exerc\u00edcio resolvido da quest\u00e3o 4 \u2013<\/strong><\/p>\n\n\n\n<p class=\"wp-block-paragraph\"><strong>a)<\/strong> As palavras destacadas s\u00e3o, na sequ\u00eancia, do ponto de vista morfol\u00f3gico, pronome obl\u00edquo \u00e1tono, conjun\u00e7\u00e3o, adv\u00e9rbio de lugar e pronome possessivo.<\/p>\n\n\n\n<p class=\"wp-block-paragraph\"><strong>Exerc\u00edcio resolvido da quest\u00e3o 5 \u2013<\/strong><\/p>\n\n\n\n<p class=\"wp-block-paragraph\"><strong>a) <\/strong>\u201cEla\u201d \u00e9 pronome pessoal do caso reto e retoma Mariana. Por sua vez, \u201co\u201d \u00e9 pronome obl\u00edquo \u00e1tono e aponta para o termo \u201cnamorado de Mariana, que n\u00e3o aparece no texto, mas pode ser identificado pela pista textual \u201cnamoro\u201d<\/p>\n\n\n\n<p class=\"wp-block-paragraph\">Estude para o Enem com o<a href=\"https:\/\/beduka.com\/simulado\" target=\"_blank\" rel=\"noreferrer noopener\" aria-label=\" (abre numa nova aba)\"> Simulado Beduka.<\/a> <strong>\u00c9 gratuito!<\/strong><\/p>\n\n\n\n<p class=\"wp-block-paragraph\">Gostou dos nossos Exerc\u00edcios sobre Pronomes Obl\u00edquos \u00c1tono e T\u00f4nico? Compartilhe com os seus amigos e comente abaixo sobre \u00e1reas que voc\u00ea deseja mais explica\u00e7\u00f5es.<\/p>\n\n\n\n<p class=\"wp-block-paragraph\">Queremos te ajudar a encontrar a <strong>FACULDADE IDEAL! <\/strong>Logo abaixo, fa\u00e7a uma pesquisa por curso e cidade que te mostraremos todas as faculdades que podem te atender. <strong>Informamos a nota de corte, valor de mensalidade, nota do MEC, avalia\u00e7\u00e3o dos alunos, modalidades de ensino e muito mais.<\/strong><br><\/p>\n","protected":false},"excerpt":{"rendered":"<p>Aprenda agora sobre pronomes fazendo nossos exerc\u00edcios sobre Pronomes Obl\u00edquos \u00c1tono e T\u00f4nico COM GABARITO. Tamb\u00e9m temos um resumo da mat\u00e9ria para te ajudar com qualquer d\u00favida.  <\/p>\n","protected":false},"author":1,"featured_media":16218,"comment_status":"open","ping_status":"closed","sticky":false,"template":"","format":"standard","meta":{"footnotes":""},"categories":[605],"tags":[],"class_list":["post-16217","post","type-post","status-publish","format-standard","has-post-thumbnail","hentry","category-portugues-exercicios"],"yoast_head":"<!-- This site is optimized with the Yoast SEO plugin v28.1 - https:\/\/yoast.com\/product\/yoast-seo-wordpress\/ -->\n<title>Exerc\u00edcios sobre Pronomes Obl\u00edquos \u00c1tono e T\u00f4nico<\/title>\n<meta name=\"description\" content=\"Aprenda sobre pronomes fazendo exerc\u00edcios sobre Pronomes Obl\u00edquos \u00c1tono e T\u00f4nico com GABARITO. O resumo da mat\u00e9ria te ajudar\u00e1 com as d\u00favidas tamb\u00e9m.\" \/>\n<meta name=\"robots\" content=\"index, follow, max-snippet:-1, max-image-preview:large, max-video-preview:-1\" \/>\n<link rel=\"canonical\" href=\"https:\/\/beduka.com\/blog\/exercicios\/portugues-exercicios\/exercicios-sobre-pronomes-obliquos-atono-e-tonico\/\" \/>\n<meta property=\"og:locale\" content=\"pt_BR\" \/>\n<meta property=\"og:type\" content=\"article\" \/>\n<meta property=\"og:title\" content=\"Exerc\u00edcios sobre Pronomes Obl\u00edquos \u00c1tono e T\u00f4nico\" \/>\n<meta property=\"og:description\" content=\"Aprenda sobre pronomes fazendo exerc\u00edcios sobre Pronomes Obl\u00edquos \u00c1tono e T\u00f4nico com GABARITO. O resumo da mat\u00e9ria te ajudar\u00e1 com as d\u00favidas tamb\u00e9m.\" \/>\n<meta property=\"og:url\" content=\"https:\/\/beduka.com\/blog\/exercicios\/portugues-exercicios\/exercicios-sobre-pronomes-obliquos-atono-e-tonico\/\" \/>\n<meta property=\"og:site_name\" content=\"Blog do Beduka | Mat\u00e9rias resumidas, Dicas e Exerc\u00edcios Enem\" \/>\n<meta property=\"article:publisher\" content=\"https:\/\/www.facebook.com\/beduka.buscadordefaculdades\/\" \/>\n<meta property=\"article:author\" content=\"https:\/\/www.facebook.com\/beduka.buscadordefaculdades\" \/>\n<meta property=\"article:published_time\" content=\"2020-06-02T14:59:35+00:00\" \/>\n<meta property=\"article:modified_time\" content=\"2023-04-03T19:14:54+00:00\" \/>\n<meta property=\"og:image\" content=\"https:\/\/beduka.com\/blog\/wp-content\/uploads\/2020\/06\/Exerc\u00edcios_sobre_Pronomes_Obl\u00edquos_\u00c1tonos.jpg\" \/>\n\t<meta property=\"og:image:width\" content=\"600\" \/>\n\t<meta property=\"og:image:height\" content=\"300\" \/>\n\t<meta property=\"og:image:type\" content=\"image\/jpeg\" \/>\n<meta name=\"author\" content=\"Reda\u00e7\u00e3o Beduka (a)\" \/>\n<meta name=\"twitter:card\" content=\"summary_large_image\" \/>\n<meta name=\"twitter:label1\" content=\"Escrito por\" \/>\n\t<meta name=\"twitter:data1\" content=\"Reda\u00e7\u00e3o Beduka (a)\" \/>\n\t<meta name=\"twitter:label2\" content=\"Est. tempo de leitura\" \/>\n\t<meta name=\"twitter:data2\" content=\"8 minutos\" \/>\n<script type=\"application\/ld+json\" class=\"yoast-schema-graph\">{\"@context\":\"https:\\\/\\\/schema.org\",\"@graph\":[{\"@type\":\"Article\",\"@id\":\"https:\\\/\\\/beduka.com\\\/blog\\\/exercicios\\\/portugues-exercicios\\\/exercicios-sobre-pronomes-obliquos-atono-e-tonico\\\/#article\",\"isPartOf\":{\"@id\":\"https:\\\/\\\/beduka.com\\\/blog\\\/exercicios\\\/portugues-exercicios\\\/exercicios-sobre-pronomes-obliquos-atono-e-tonico\\\/\"},\"author\":{\"name\":\"Reda\u00e7\u00e3o Beduka (a)\",\"@id\":\"https:\\\/\\\/beduka.com\\\/blog\\\/#\\\/schema\\\/person\\\/325d912d2cb8dd9ede8ab291427d2b8a\"},\"headline\":\"Exerc\u00edcios sobre Pronomes Obl\u00edquos \u00c1tono e T\u00f4nico COM GABARITO\",\"datePublished\":\"2020-06-02T14:59:35+00:00\",\"dateModified\":\"2023-04-03T19:14:54+00:00\",\"mainEntityOfPage\":{\"@id\":\"https:\\\/\\\/beduka.com\\\/blog\\\/exercicios\\\/portugues-exercicios\\\/exercicios-sobre-pronomes-obliquos-atono-e-tonico\\\/\"},\"wordCount\":1715,\"commentCount\":0,\"publisher\":{\"@id\":\"https:\\\/\\\/beduka.com\\\/blog\\\/#organization\"},\"image\":{\"@id\":\"https:\\\/\\\/beduka.com\\\/blog\\\/exercicios\\\/portugues-exercicios\\\/exercicios-sobre-pronomes-obliquos-atono-e-tonico\\\/#primaryimage\"},\"thumbnailUrl\":\"https:\\\/\\\/beduka.com\\\/blog\\\/wp-content\\\/uploads\\\/2020\\\/06\\\/Exerc\u00edcios_sobre_Pronomes_Obl\u00edquos_\u00c1tonos.jpg\",\"articleSection\":[\"Portugu\u00eas\"],\"inLanguage\":\"pt-BR\"},{\"@type\":\"WebPage\",\"@id\":\"https:\\\/\\\/beduka.com\\\/blog\\\/exercicios\\\/portugues-exercicios\\\/exercicios-sobre-pronomes-obliquos-atono-e-tonico\\\/\",\"url\":\"https:\\\/\\\/beduka.com\\\/blog\\\/exercicios\\\/portugues-exercicios\\\/exercicios-sobre-pronomes-obliquos-atono-e-tonico\\\/\",\"name\":\"Exerc\u00edcios sobre Pronomes Obl\u00edquos \u00c1tono e T\u00f4nico\",\"isPartOf\":{\"@id\":\"https:\\\/\\\/beduka.com\\\/blog\\\/#website\"},\"primaryImageOfPage\":{\"@id\":\"https:\\\/\\\/beduka.com\\\/blog\\\/exercicios\\\/portugues-exercicios\\\/exercicios-sobre-pronomes-obliquos-atono-e-tonico\\\/#primaryimage\"},\"image\":{\"@id\":\"https:\\\/\\\/beduka.com\\\/blog\\\/exercicios\\\/portugues-exercicios\\\/exercicios-sobre-pronomes-obliquos-atono-e-tonico\\\/#primaryimage\"},\"thumbnailUrl\":\"https:\\\/\\\/beduka.com\\\/blog\\\/wp-content\\\/uploads\\\/2020\\\/06\\\/Exerc\u00edcios_sobre_Pronomes_Obl\u00edquos_\u00c1tonos.jpg\",\"datePublished\":\"2020-06-02T14:59:35+00:00\",\"dateModified\":\"2023-04-03T19:14:54+00:00\",\"description\":\"Aprenda sobre pronomes fazendo exerc\u00edcios sobre Pronomes Obl\u00edquos \u00c1tono e T\u00f4nico com GABARITO. O resumo da mat\u00e9ria te ajudar\u00e1 com as d\u00favidas tamb\u00e9m.\",\"breadcrumb\":{\"@id\":\"https:\\\/\\\/beduka.com\\\/blog\\\/exercicios\\\/portugues-exercicios\\\/exercicios-sobre-pronomes-obliquos-atono-e-tonico\\\/#breadcrumb\"},\"inLanguage\":\"pt-BR\",\"potentialAction\":[{\"@type\":\"ReadAction\",\"target\":[\"https:\\\/\\\/beduka.com\\\/blog\\\/exercicios\\\/portugues-exercicios\\\/exercicios-sobre-pronomes-obliquos-atono-e-tonico\\\/\"]}]},{\"@type\":\"ImageObject\",\"inLanguage\":\"pt-BR\",\"@id\":\"https:\\\/\\\/beduka.com\\\/blog\\\/exercicios\\\/portugues-exercicios\\\/exercicios-sobre-pronomes-obliquos-atono-e-tonico\\\/#primaryimage\",\"url\":\"https:\\\/\\\/beduka.com\\\/blog\\\/wp-content\\\/uploads\\\/2020\\\/06\\\/Exerc\u00edcios_sobre_Pronomes_Obl\u00edquos_\u00c1tonos.jpg\",\"contentUrl\":\"https:\\\/\\\/beduka.com\\\/blog\\\/wp-content\\\/uploads\\\/2020\\\/06\\\/Exerc\u00edcios_sobre_Pronomes_Obl\u00edquos_\u00c1tonos.jpg\",\"width\":600,\"height\":300,\"caption\":\"Exerc\u00edcios sobre Pronomes Obl\u00edquos \u00c1tono e T\u00f4nico\"},{\"@type\":\"BreadcrumbList\",\"@id\":\"https:\\\/\\\/beduka.com\\\/blog\\\/exercicios\\\/portugues-exercicios\\\/exercicios-sobre-pronomes-obliquos-atono-e-tonico\\\/#breadcrumb\",\"itemListElement\":[{\"@type\":\"ListItem\",\"position\":1,\"name\":\"Home\",\"item\":\"https:\\\/\\\/beduka.com\\\/blog\\\/\"},{\"@type\":\"ListItem\",\"position\":2,\"name\":\"Exerc\u00edcios sobre Pronomes Obl\u00edquos \u00c1tono e T\u00f4nico COM GABARITO\"}]},{\"@type\":\"WebSite\",\"@id\":\"https:\\\/\\\/beduka.com\\\/blog\\\/#website\",\"url\":\"https:\\\/\\\/beduka.com\\\/blog\\\/\",\"name\":\"Blog do Beduka | Mat\u00e9rias resumidas, Dicas e Exerc\u00edcios Enem\",\"description\":\"O Blog do Beduka tem os conte\u00fados que mais caem no Enem, exerc\u00edcios de vestibular com gabarito, resumos, dicas e informa\u00e7\u00f5es Sisu, Prouni e Fies.Encontre dicas para o ENEM, resumos, exerc\u00edcios e informa\u00e7\u00f5es sobre os vestibulares. Acesse agora!\",\"publisher\":{\"@id\":\"https:\\\/\\\/beduka.com\\\/blog\\\/#organization\"},\"potentialAction\":[{\"@type\":\"SearchAction\",\"target\":{\"@type\":\"EntryPoint\",\"urlTemplate\":\"https:\\\/\\\/beduka.com\\\/blog\\\/?s={search_term_string}\"},\"query-input\":{\"@type\":\"PropertyValueSpecification\",\"valueRequired\":true,\"valueName\":\"search_term_string\"}}],\"inLanguage\":\"pt-BR\"},{\"@type\":\"Organization\",\"@id\":\"https:\\\/\\\/beduka.com\\\/blog\\\/#organization\",\"name\":\"Beduka\",\"url\":\"https:\\\/\\\/beduka.com\\\/blog\\\/\",\"logo\":{\"@type\":\"ImageObject\",\"inLanguage\":\"pt-BR\",\"@id\":\"https:\\\/\\\/beduka.com\\\/blog\\\/#\\\/schema\\\/logo\\\/image\\\/\",\"url\":\"https:\\\/\\\/beduka.com\\\/blog\\\/wp-content\\\/uploads\\\/2020\\\/06\\\/marca-beduka.png\",\"contentUrl\":\"https:\\\/\\\/beduka.com\\\/blog\\\/wp-content\\\/uploads\\\/2020\\\/06\\\/marca-beduka.png\",\"width\":1077,\"height\":368,\"caption\":\"Beduka\"},\"image\":{\"@id\":\"https:\\\/\\\/beduka.com\\\/blog\\\/#\\\/schema\\\/logo\\\/image\\\/\"},\"sameAs\":[\"https:\\\/\\\/www.facebook.com\\\/beduka.buscadordefaculdades\\\/\",\"https:\\\/\\\/www.instagram.com\\\/beduka_oficial\\\/\",\"https:\\\/\\\/www.linkedin.com\\\/company\\\/beduka\",\"https:\\\/\\\/br.pinterest.com\\\/bedukaoficial\\\/\",\"https:\\\/\\\/www.youtube.com\\\/beduka\"]},{\"@type\":\"Person\",\"@id\":\"https:\\\/\\\/beduka.com\\\/blog\\\/#\\\/schema\\\/person\\\/325d912d2cb8dd9ede8ab291427d2b8a\",\"name\":\"Reda\u00e7\u00e3o Beduka (a)\",\"image\":{\"@type\":\"ImageObject\",\"inLanguage\":\"pt-BR\",\"@id\":\"https:\\\/\\\/secure.gravatar.com\\\/avatar\\\/a85c0aa7c22e79b1781a1231135ed5ec0433cd68bfee5d95d429cac9f7816a6d?s=96&d=mm&r=g\",\"url\":\"https:\\\/\\\/secure.gravatar.com\\\/avatar\\\/a85c0aa7c22e79b1781a1231135ed5ec0433cd68bfee5d95d429cac9f7816a6d?s=96&d=mm&r=g\",\"contentUrl\":\"https:\\\/\\\/secure.gravatar.com\\\/avatar\\\/a85c0aa7c22e79b1781a1231135ed5ec0433cd68bfee5d95d429cac9f7816a6d?s=96&d=mm&r=g\",\"caption\":\"Reda\u00e7\u00e3o Beduka (a)\"},\"description\":\"Este conte\u00fado foi criado e validado por uma equipe multidisciplinar, formada por especialistas em cada \u00e1rea do conhecimento. O Beduka est\u00e1 presente no Instagram, YouTube, LinkedIn e em diversos outros ambientes digitais. O site foi criado em 2017 e, desde a sua funda\u00e7\u00e3o, atua para fornecer materiais de qualidade para facilitar a vida de estudantes de todo o Brasil, ajudando-os a se preparar para os principais vestibulares e o Enem.\",\"sameAs\":[\"https:\\\/\\\/www.facebook.com\\\/beduka.buscadordefaculdades\",\"https:\\\/\\\/www.instagram.com\\\/beduka_oficial\\\/\",\"https:\\\/\\\/br.pinterest.com\\\/bedukaoficial\\\/\"],\"url\":\"https:\\\/\\\/beduka.com\\\/blog\\\/author\\\/admin\\\/\"}]}<\/script>\n<!-- \/ Yoast SEO plugin. -->","yoast_head_json":{"title":"Exerc\u00edcios sobre Pronomes Obl\u00edquos \u00c1tono e T\u00f4nico","description":"Aprenda sobre pronomes fazendo exerc\u00edcios sobre Pronomes Obl\u00edquos \u00c1tono e T\u00f4nico com GABARITO. O resumo da mat\u00e9ria te ajudar\u00e1 com as d\u00favidas tamb\u00e9m.","robots":{"index":"index","follow":"follow","max-snippet":"max-snippet:-1","max-image-preview":"max-image-preview:large","max-video-preview":"max-video-preview:-1"},"canonical":"https:\/\/beduka.com\/blog\/exercicios\/portugues-exercicios\/exercicios-sobre-pronomes-obliquos-atono-e-tonico\/","og_locale":"pt_BR","og_type":"article","og_title":"Exerc\u00edcios sobre Pronomes Obl\u00edquos \u00c1tono e T\u00f4nico","og_description":"Aprenda sobre pronomes fazendo exerc\u00edcios sobre Pronomes Obl\u00edquos \u00c1tono e T\u00f4nico com GABARITO. O resumo da mat\u00e9ria te ajudar\u00e1 com as d\u00favidas tamb\u00e9m.","og_url":"https:\/\/beduka.com\/blog\/exercicios\/portugues-exercicios\/exercicios-sobre-pronomes-obliquos-atono-e-tonico\/","og_site_name":"Blog do Beduka | Mat\u00e9rias resumidas, Dicas e Exerc\u00edcios Enem","article_publisher":"https:\/\/www.facebook.com\/beduka.buscadordefaculdades\/","article_author":"https:\/\/www.facebook.com\/beduka.buscadordefaculdades","article_published_time":"2020-06-02T14:59:35+00:00","article_modified_time":"2023-04-03T19:14:54+00:00","og_image":[{"width":600,"height":300,"url":"https:\/\/beduka.com\/blog\/wp-content\/uploads\/2020\/06\/Exerc\u00edcios_sobre_Pronomes_Obl\u00edquos_\u00c1tonos.jpg","type":"image\/jpeg"}],"author":"Reda\u00e7\u00e3o Beduka (a)","twitter_card":"summary_large_image","twitter_misc":{"Escrito por":"Reda\u00e7\u00e3o Beduka (a)","Est. tempo de leitura":"8 minutos"},"schema":{"@context":"https:\/\/schema.org","@graph":[{"@type":"Article","@id":"https:\/\/beduka.com\/blog\/exercicios\/portugues-exercicios\/exercicios-sobre-pronomes-obliquos-atono-e-tonico\/#article","isPartOf":{"@id":"https:\/\/beduka.com\/blog\/exercicios\/portugues-exercicios\/exercicios-sobre-pronomes-obliquos-atono-e-tonico\/"},"author":{"name":"Reda\u00e7\u00e3o Beduka (a)","@id":"https:\/\/beduka.com\/blog\/#\/schema\/person\/325d912d2cb8dd9ede8ab291427d2b8a"},"headline":"Exerc\u00edcios sobre Pronomes Obl\u00edquos \u00c1tono e T\u00f4nico COM GABARITO","datePublished":"2020-06-02T14:59:35+00:00","dateModified":"2023-04-03T19:14:54+00:00","mainEntityOfPage":{"@id":"https:\/\/beduka.com\/blog\/exercicios\/portugues-exercicios\/exercicios-sobre-pronomes-obliquos-atono-e-tonico\/"},"wordCount":1715,"commentCount":0,"publisher":{"@id":"https:\/\/beduka.com\/blog\/#organization"},"image":{"@id":"https:\/\/beduka.com\/blog\/exercicios\/portugues-exercicios\/exercicios-sobre-pronomes-obliquos-atono-e-tonico\/#primaryimage"},"thumbnailUrl":"https:\/\/beduka.com\/blog\/wp-content\/uploads\/2020\/06\/Exerc\u00edcios_sobre_Pronomes_Obl\u00edquos_\u00c1tonos.jpg","articleSection":["Portugu\u00eas"],"inLanguage":"pt-BR"},{"@type":"WebPage","@id":"https:\/\/beduka.com\/blog\/exercicios\/portugues-exercicios\/exercicios-sobre-pronomes-obliquos-atono-e-tonico\/","url":"https:\/\/beduka.com\/blog\/exercicios\/portugues-exercicios\/exercicios-sobre-pronomes-obliquos-atono-e-tonico\/","name":"Exerc\u00edcios sobre Pronomes Obl\u00edquos \u00c1tono e T\u00f4nico","isPartOf":{"@id":"https:\/\/beduka.com\/blog\/#website"},"primaryImageOfPage":{"@id":"https:\/\/beduka.com\/blog\/exercicios\/portugues-exercicios\/exercicios-sobre-pronomes-obliquos-atono-e-tonico\/#primaryimage"},"image":{"@id":"https:\/\/beduka.com\/blog\/exercicios\/portugues-exercicios\/exercicios-sobre-pronomes-obliquos-atono-e-tonico\/#primaryimage"},"thumbnailUrl":"https:\/\/beduka.com\/blog\/wp-content\/uploads\/2020\/06\/Exerc\u00edcios_sobre_Pronomes_Obl\u00edquos_\u00c1tonos.jpg","datePublished":"2020-06-02T14:59:35+00:00","dateModified":"2023-04-03T19:14:54+00:00","description":"Aprenda sobre pronomes fazendo exerc\u00edcios sobre Pronomes Obl\u00edquos \u00c1tono e T\u00f4nico com GABARITO. O resumo da mat\u00e9ria te ajudar\u00e1 com as d\u00favidas tamb\u00e9m.","breadcrumb":{"@id":"https:\/\/beduka.com\/blog\/exercicios\/portugues-exercicios\/exercicios-sobre-pronomes-obliquos-atono-e-tonico\/#breadcrumb"},"inLanguage":"pt-BR","potentialAction":[{"@type":"ReadAction","target":["https:\/\/beduka.com\/blog\/exercicios\/portugues-exercicios\/exercicios-sobre-pronomes-obliquos-atono-e-tonico\/"]}]},{"@type":"ImageObject","inLanguage":"pt-BR","@id":"https:\/\/beduka.com\/blog\/exercicios\/portugues-exercicios\/exercicios-sobre-pronomes-obliquos-atono-e-tonico\/#primaryimage","url":"https:\/\/beduka.com\/blog\/wp-content\/uploads\/2020\/06\/Exerc\u00edcios_sobre_Pronomes_Obl\u00edquos_\u00c1tonos.jpg","contentUrl":"https:\/\/beduka.com\/blog\/wp-content\/uploads\/2020\/06\/Exerc\u00edcios_sobre_Pronomes_Obl\u00edquos_\u00c1tonos.jpg","width":600,"height":300,"caption":"Exerc\u00edcios sobre Pronomes Obl\u00edquos \u00c1tono e T\u00f4nico"},{"@type":"BreadcrumbList","@id":"https:\/\/beduka.com\/blog\/exercicios\/portugues-exercicios\/exercicios-sobre-pronomes-obliquos-atono-e-tonico\/#breadcrumb","itemListElement":[{"@type":"ListItem","position":1,"name":"Home","item":"https:\/\/beduka.com\/blog\/"},{"@type":"ListItem","position":2,"name":"Exerc\u00edcios sobre Pronomes Obl\u00edquos \u00c1tono e T\u00f4nico COM GABARITO"}]},{"@type":"WebSite","@id":"https:\/\/beduka.com\/blog\/#website","url":"https:\/\/beduka.com\/blog\/","name":"Blog do Beduka | Mat\u00e9rias resumidas, Dicas e Exerc\u00edcios Enem","description":"O Blog do Beduka tem os conte\u00fados que mais caem no Enem, exerc\u00edcios de vestibular com gabarito, resumos, dicas e informa\u00e7\u00f5es Sisu, Prouni e Fies.Encontre dicas para o ENEM, resumos, exerc\u00edcios e informa\u00e7\u00f5es sobre os vestibulares. Acesse agora!","publisher":{"@id":"https:\/\/beduka.com\/blog\/#organization"},"potentialAction":[{"@type":"SearchAction","target":{"@type":"EntryPoint","urlTemplate":"https:\/\/beduka.com\/blog\/?s={search_term_string}"},"query-input":{"@type":"PropertyValueSpecification","valueRequired":true,"valueName":"search_term_string"}}],"inLanguage":"pt-BR"},{"@type":"Organization","@id":"https:\/\/beduka.com\/blog\/#organization","name":"Beduka","url":"https:\/\/beduka.com\/blog\/","logo":{"@type":"ImageObject","inLanguage":"pt-BR","@id":"https:\/\/beduka.com\/blog\/#\/schema\/logo\/image\/","url":"https:\/\/beduka.com\/blog\/wp-content\/uploads\/2020\/06\/marca-beduka.png","contentUrl":"https:\/\/beduka.com\/blog\/wp-content\/uploads\/2020\/06\/marca-beduka.png","width":1077,"height":368,"caption":"Beduka"},"image":{"@id":"https:\/\/beduka.com\/blog\/#\/schema\/logo\/image\/"},"sameAs":["https:\/\/www.facebook.com\/beduka.buscadordefaculdades\/","https:\/\/www.instagram.com\/beduka_oficial\/","https:\/\/www.linkedin.com\/company\/beduka","https:\/\/br.pinterest.com\/bedukaoficial\/","https:\/\/www.youtube.com\/beduka"]},{"@type":"Person","@id":"https:\/\/beduka.com\/blog\/#\/schema\/person\/325d912d2cb8dd9ede8ab291427d2b8a","name":"Reda\u00e7\u00e3o Beduka (a)","image":{"@type":"ImageObject","inLanguage":"pt-BR","@id":"https:\/\/secure.gravatar.com\/avatar\/a85c0aa7c22e79b1781a1231135ed5ec0433cd68bfee5d95d429cac9f7816a6d?s=96&d=mm&r=g","url":"https:\/\/secure.gravatar.com\/avatar\/a85c0aa7c22e79b1781a1231135ed5ec0433cd68bfee5d95d429cac9f7816a6d?s=96&d=mm&r=g","contentUrl":"https:\/\/secure.gravatar.com\/avatar\/a85c0aa7c22e79b1781a1231135ed5ec0433cd68bfee5d95d429cac9f7816a6d?s=96&d=mm&r=g","caption":"Reda\u00e7\u00e3o Beduka (a)"},"description":"Este conte\u00fado foi criado e validado por uma equipe multidisciplinar, formada por especialistas em cada \u00e1rea do conhecimento. O Beduka est\u00e1 presente no Instagram, YouTube, LinkedIn e em diversos outros ambientes digitais. O site foi criado em 2017 e, desde a sua funda\u00e7\u00e3o, atua para fornecer materiais de qualidade para facilitar a vida de estudantes de todo o Brasil, ajudando-os a se preparar para os principais vestibulares e o Enem.","sameAs":["https:\/\/www.facebook.com\/beduka.buscadordefaculdades","https:\/\/www.instagram.com\/beduka_oficial\/","https:\/\/br.pinterest.com\/bedukaoficial\/"],"url":"https:\/\/beduka.com\/blog\/author\/admin\/"}]}},"_links":{"self":[{"href":"https:\/\/beduka.com\/blog\/wp-json\/wp\/v2\/posts\/16217","targetHints":{"allow":["GET"]}}],"collection":[{"href":"https:\/\/beduka.com\/blog\/wp-json\/wp\/v2\/posts"}],"about":[{"href":"https:\/\/beduka.com\/blog\/wp-json\/wp\/v2\/types\/post"}],"author":[{"embeddable":true,"href":"https:\/\/beduka.com\/blog\/wp-json\/wp\/v2\/users\/1"}],"replies":[{"embeddable":true,"href":"https:\/\/beduka.com\/blog\/wp-json\/wp\/v2\/comments?post=16217"}],"version-history":[{"count":3,"href":"https:\/\/beduka.com\/blog\/wp-json\/wp\/v2\/posts\/16217\/revisions"}],"predecessor-version":[{"id":29567,"href":"https:\/\/beduka.com\/blog\/wp-json\/wp\/v2\/posts\/16217\/revisions\/29567"}],"wp:featuredmedia":[{"embeddable":true,"href":"https:\/\/beduka.com\/blog\/wp-json\/wp\/v2\/media\/16218"}],"wp:attachment":[{"href":"https:\/\/beduka.com\/blog\/wp-json\/wp\/v2\/media?parent=16217"}],"wp:term":[{"taxonomy":"category","embeddable":true,"href":"https:\/\/beduka.com\/blog\/wp-json\/wp\/v2\/categories?post=16217"},{"taxonomy":"post_tag","embeddable":true,"href":"https:\/\/beduka.com\/blog\/wp-json\/wp\/v2\/tags?post=16217"}],"curies":[{"name":"wp","href":"https:\/\/api.w.org\/{rel}","templated":true}]}}