{"id":17042,"date":"2020-07-22T12:15:27","date_gmt":"2020-07-22T15:15:27","guid":{"rendered":"https:\/\/beduka.com\/blog\/?p=17042"},"modified":"2023-04-03T16:36:19","modified_gmt":"2023-04-03T19:36:19","slug":"exercicios-sobre-comunismo","status":"publish","type":"post","link":"https:\/\/beduka.com\/blog\/exercicios\/geografia-exercicios\/exercicios-sobre-comunismo\/","title":{"rendered":"Exerc\u00edcios sobre Comunismo com GABARITO"},"content":{"rendered":"\n<blockquote class=\"wp-block-quote\"><p><strong><em>Comunismo \u00e9 um sistema socioecon\u00f4mico contr\u00e1rio ao Capitalismo. Isso porque ele descarta todos os pilares em que o capitalismo se baseia como livre mercado e propriedade privada. No lugar, ele institui uma sociedade totalmente igualit\u00e1ria em que tudo \u00e9 de todos. Leia o texto e fa\u00e7a os exerc\u00edcios sobre Comunismo.&nbsp;<br><\/em><\/strong><\/p><\/blockquote>\n\n\n\n<p>Recomendamos fortemente que voc\u00ea fa\u00e7a o <a href=\"https:\/\/beduka.com\/simulado-enem\/#\/\" target=\"_blank\" rel=\"noreferrer noopener\" aria-label=\" (abre numa nova aba)\">Simulado Beduka<\/a> depois que terminar os exerc\u00edcios sobre Comunismo. Nele pode-se focar apenas nas mat\u00e9rias que t\u00eam mais dificuldade e ainda conta com corre\u00e7\u00e3o TRI.<\/p>\n\n\n\n<h2 class=\"wp-block-heading\">O que \u00e9 Comunismo?<\/h2>\n\n\n\n<p>A ideia principal do <strong>comunismo<\/strong> \u00e9 a cria\u00e7\u00e3o de uma <strong>sociedade ap\u00e1trida<\/strong> (sem Estado) em que todos os meios de produ\u00e7\u00e3o s\u00e3o propriedade de<strong> toda a sociedade<\/strong>. N\u00e3o existiriam <strong>classes sociais<\/strong> e consequentemente n\u00e3o haveria desigualdade. Em teoria, todos teriam acesso ao que h\u00e1 de <strong>melhor<\/strong> no mundo. Seriam livres para trabalhar com o que quisessem.<br><\/p>\n\n\n\n<p>O Comunismo pode ser chamado da <strong>anti-capitalismo<\/strong>, porque ele fala que todas as bases do capitalismo s\u00e3o <strong>imorais <\/strong>e apenas existem para <strong>privilegiar a classe patronal<\/strong>.&nbsp;<br><\/p>\n\n\n\n<p>Propriedade privada, ac\u00famulo de capital, livre mercado, meritocracia, todos s\u00e3o vistos com <strong>maus olhos<\/strong> pelos que defendem o comunismo. E a sociedade comunista seria exatamente uma realidade em que nenhum desses elementos<strong> existiria ou seria poss\u00edvel existir<\/strong>.<br><\/p>\n\n\n\n<p>Muitos pensam que o Comunismo se originou com <a href=\"https:\/\/beduka.com\/blog\/materias\/filosofia\/principais-ideias-karl-marx\/\" target=\"_blank\" rel=\"noreferrer noopener\" aria-label=\" (abre numa nova aba)\">Karl Marx<\/a> e<strong> Friedrich Engels<\/strong>, mas ele j\u00e1 existia desde os prim\u00f3rdios da humanidade, apenas n\u00e3o recebido um nome ainda. Vamos ver um pouco da hist\u00f3ria do sistema antes que fa\u00e7a os exerc\u00edcios sobre comunismo.&nbsp;&nbsp;<\/p>\n\n\n\n<h2 class=\"wp-block-heading\">Como surgiu o Comunismo?<\/h2>\n\n\n\n<p>A pr\u00e1tica do comunismo j\u00e1 existe desde os <strong>povos tribais<\/strong>, mas o conceito de comunismo ainda n\u00e3o existia. O primeiro <strong>vislumbre de um conceito<\/strong> para comunismo veio com <a href=\"https:\/\/beduka.com\/blog\/materias\/filosofia\/principais-obras-de-platao\/\" target=\"_blank\" rel=\"noreferrer noopener\" aria-label=\" (abre numa nova aba)\">Plat\u00e3o<\/a> em <em>A Rep\u00fablica, <\/em>em que ele imagina uma sociedade <strong>sem propriedade privada<\/strong> nem estrutura familiar.&nbsp;<br><\/p>\n\n\n\n<p>Assim, o <strong>Estado<\/strong> seria respons\u00e1vel por prover tudo que as pessoas precisassem, inclusive a <strong>cria\u00e7\u00e3o das crian\u00e7as<\/strong>.&nbsp;<br><\/p>\n\n\n\n<p>Tamb\u00e9m teve a ideia comunista que come\u00e7ou a despontar na <a href=\"https:\/\/beduka.com\/blog\/materias\/historia\/o-que-foi-a-idade-media\/\" target=\"_blank\" rel=\"noreferrer noopener\" aria-label=\" (abre numa nova aba)\">Idade M\u00e9dia<\/a>. Ela era disseminada pelos <strong>camponeses<\/strong> revoltados da \u00e9poca. Eles criticavam as <strong>desigualdades<\/strong> e defendiam a <strong>queda da nobreza<\/strong>. As cr\u00edticas continuariam durante a \u00e9poca da ascens\u00e3o da <strong>burguesia mercantil<\/strong>.<br><\/p>\n\n\n\n<p>Ainda antes de Karl Marx, vieram os <a href=\"https:\/\/beduka.com\/blog\/materias\/historia\/o-que-foi-iluminismo\/\" target=\"_blank\" rel=\"noreferrer noopener\" aria-label=\" (abre numa nova aba)\">Iluministas<\/a> com suas cr\u00edticas \u00e0 propriedade privada no s\u00e9culo XVIII para ent\u00e3o Marx e Engels lan\u00e7arem o <em>Manifesto Comunista<\/em> no <strong>s\u00e9culo XIX<\/strong>. E eles fizeram isso em um momento <strong>muito prop\u00edcio<\/strong>, pois o capitalismo estava<strong> ascendendo<\/strong> com a <a rel=\"noreferrer noopener\" aria-label=\" (abre numa nova aba)\" href=\"https:\/\/beduka.com\/blog\/materias\/historia\/resumo-da-revolucao-industrial\/\" target=\"_blank\">Revolu\u00e7\u00e3o Industrial<\/a> e os oper\u00e1rios trabalhavam em <strong>condi\u00e7\u00f5es prec\u00e1rias<\/strong>.<\/p>\n\n\n\n<h3 class=\"wp-block-heading\">Comunismo Brasileiro<\/h3>\n\n\n<div class=\"wp-block-image\">\n<figure class=\"aligncenter\"><img decoding=\"async\" loading=\"lazy\" width=\"600\" height=\"300\" src=\"https:\/\/beduka.com\/blog\/wp-content\/uploads\/2020\/07\/Partido_Comunista_do-Brasil.jpg\" alt=\"Partido Comunista do Brasil\" class=\"wp-image-17043\" srcset=\"https:\/\/beduka.com\/blog\/wp-content\/uploads\/2020\/07\/Partido_Comunista_do-Brasil.jpg 600w, https:\/\/beduka.com\/blog\/wp-content\/uploads\/2020\/07\/Partido_Comunista_do-Brasil-300x150.jpg 300w, https:\/\/beduka.com\/blog\/wp-content\/uploads\/2020\/07\/Partido_Comunista_do-Brasil-320x160.jpg 320w\" sizes=\"(max-width: 600px) 100vw, 600px\" \/><figcaption>Partido Comunista do Brasil<\/figcaption><\/figure><\/div>\n\n\n<p>O Comunismo come\u00e7ou no Brasil em 1922 com a cria\u00e7\u00e3o do <strong>Partido Comunista do Brasil (PCdoB) <\/strong>no Rio de Janeiro. Praticamente durante toda a sua hist\u00f3ria ele foi um partido clandestino, principalmente em governos em que ser comunista era <strong>proibido<\/strong>. Exemplos seriam a <a rel=\"noreferrer noopener\" aria-label=\" (abre numa nova aba)\" href=\"https:\/\/beduka.com\/blog\/materias\/historia\/resumo-da-era-vargas\/\" target=\"_blank\">Era Vargas<\/a> e a <a href=\"https:\/\/beduka.com\/blog\/materias\/historia\/ditadura-militar-no-brasil\/\" target=\"_blank\" rel=\"noreferrer noopener\" aria-label=\" (abre numa nova aba)\">Ditadura Militar<\/a>.&nbsp;<br><\/p>\n\n\n\n<p>Contudo, a preven\u00e7\u00e3o contra o comunismo foi muitas vezes usada para<strong> <\/strong>justificar <strong>interven\u00e7\u00f5es estatais<\/strong> no <em>status quo <\/em>da sociedade. Hoje em dia,<strong> Partido Comunista Brasileiro (PCB)<\/strong> est\u00e1 enfraquecido e o <strong>PCdoB <\/strong>talvez seja o partido <strong>oficialmente comunista<\/strong> mais influente no territ\u00f3rio pol\u00edtico brasileiro.<br><\/p>\n\n\n\n<p>Entretanto, v\u00e1rios outros partidos com tend\u00eancias <strong>parecidas<\/strong> come\u00e7aram a surgir ap\u00f3s a cria\u00e7\u00e3o do PCdoB e alguns conseguiram ser <strong>mais relevantes<\/strong>. Um exemplo recente \u00e9 o pr\u00f3prio <strong>Partido dos Trabalhadores (PT)<\/strong> que governou o pa\u00eds durante quase 20 anos.&nbsp;<br><\/p>\n\n\n\n<p>Vamos ver agora algumas das principais caracter\u00edsticas do sistema para que voc\u00ea acerte os exerc\u00edcios sobre comunismo.&nbsp;&nbsp;&nbsp;<\/p>\n\n\n\n<h2 class=\"wp-block-heading\">Quais os principais aspectos do comunismo?<\/h2>\n\n\n\n<p>\u201cComunismo\u201d vem do latino \u201c<em>communis<\/em>\u201d que quer dizer \u201ccomum\u201d e do grego \u201c<em>ismo<\/em>\u201d que \u00e9 um sufixo que designa qualquer tipo de <strong>sistema de ideias ou cren\u00e7as<\/strong>. Suas principais caracter\u00edsticas s\u00e3o a cria\u00e7\u00e3o de uma sociedade <strong>sem Estado e sem propriedade privada e sem desigualdade social.&nbsp;<\/strong><br><\/p>\n\n\n\n<p>Partindo da origem, o comunismo seria a <strong>fase final<\/strong> de todo um outro processo que seria a <strong>instala\u00e7\u00e3o do socialismo<\/strong>. Nesse processo, o proletariado se <strong>levantaria contra as elites<\/strong> patronais realizando dessa forma a <strong>Luta de Classes<\/strong> que resultaria na <strong>ditadura do proletariado.&nbsp;<\/strong><br><\/p>\n\n\n\n<p>Um <strong>partido socialista<\/strong> tomaria o poder pol\u00edtico, assumindo o controle de <strong>todos<\/strong> os meios de produ\u00e7\u00e3o e distribuindo os lucros <strong>igualmente<\/strong> para toda a popula\u00e7\u00e3o. A fase final do processo seria a cria\u00e7\u00e3o de uma <strong>consci\u00eancia social<\/strong> de <strong>m\u00e1xima irmandade<\/strong> em que todos trabalhariam uns pelos outros naturalmente.<br><\/p>\n\n\n\n<p>Dessa forma, o <strong>Estado n\u00e3o seria mais necess\u00e1rio<\/strong> e poderia ser abolido. A partir da\u00ed o trabalho seria um <strong>prazer<\/strong> para as pessoas em vez de s\u00f3 um meio de <strong>gera\u00e7\u00e3o de riqueza<\/strong> para patr\u00f5es e <strong>produ\u00e7\u00e3o de mercadorias<\/strong>. Al\u00e9m disso, todos iriam <strong>compartilhar<\/strong> naturalmente os frutos de seus servi\u00e7os, ent\u00e3o<strong> propriedade privada<\/strong> n\u00e3o seria necess\u00e1ria.<\/p>\n\n\n\n<h3 class=\"wp-block-heading\">Manifesto Comunista<\/h3>\n\n\n<div class=\"wp-block-image\">\n<figure class=\"aligncenter\"><img decoding=\"async\" loading=\"lazy\" width=\"600\" height=\"300\" src=\"https:\/\/beduka.com\/blog\/wp-content\/uploads\/2020\/07\/Manifesto_Comunista.jpg\" alt=\"Manifesto Comunista\" class=\"wp-image-17044\" srcset=\"https:\/\/beduka.com\/blog\/wp-content\/uploads\/2020\/07\/Manifesto_Comunista.jpg 600w, https:\/\/beduka.com\/blog\/wp-content\/uploads\/2020\/07\/Manifesto_Comunista-300x150.jpg 300w, https:\/\/beduka.com\/blog\/wp-content\/uploads\/2020\/07\/Manifesto_Comunista-320x160.jpg 320w\" sizes=\"(max-width: 600px) 100vw, 600px\" \/><figcaption>Manifesto Comunista<\/figcaption><\/figure><\/div>\n\n\n<p>Escrito por Marx e Engels, pais do <strong>Socialismo Cient\u00edfico<\/strong> e publicado em <strong>21 de fevereiro de 1848<\/strong> e meio a uma s\u00e9rie de revoltas contra a Revolu\u00e7\u00e3o Industrial e muito pr\u00f3ximo de acontecimentos como a <strong>Primavera dos Mortos. <\/strong>O <em>Manifesto Comunista <\/em>\u00e9 super importante e considerado um dos <strong>tratados de maior influ\u00eancia pol\u00edtica do mundo.&nbsp;&nbsp;&nbsp;<\/strong><br><\/p>\n\n\n\n<p>O Manifesto traz uma <strong>reconstitui\u00e7\u00e3o hist\u00f3rica<\/strong> de como a humanidade sempre caminhou atrav\u00e9s da <strong>luta de uma classe oprimida contra uma classe opressora<\/strong>. Eles usam de exemplo a <strong>queda da monarquia e da igreja<\/strong>, valorizando a liberdade econ\u00f4mica. Contudo, falam que isso resultou na <strong>opress\u00e3o da burguesia sobre o trabalhador.<\/strong><br><\/p>\n\n\n\n<p>Ele cont\u00e9m duras cr\u00edticas ao capitalismo e busca construir as bases de uma sociedade igualit\u00e1ria. Dentre seus principais objetivos est\u00e3o:<br><\/p>\n\n\n\n<ul><li>aboli\u00e7\u00e3o da propriedade;<\/li><li>tributa\u00e7\u00e3o cont\u00ednua;<\/li><li>aboli\u00e7\u00e3o de direitos sobre heran\u00e7as;<\/li><li>confisco de todas as propriedades de criminosos;<\/li><li>centraliza\u00e7\u00e3o do cr\u00e9dito pelo Estado;<\/li><li>estatiza\u00e7\u00e3o total de todas as empresas;<\/li><li>estatiza\u00e7\u00e3o total dos meios de produ\u00e7\u00e3o;<\/li><li>apoio \u00e0 igualdade;<\/li><li>corpo de funcionalismo p\u00fablico dedicado \u00e0 agricultura;<\/li><li>integra\u00e7\u00e3o completa entre campo e cidade;<\/li><li>educa\u00e7\u00e3o universal nas escolas p\u00fablicas;<\/li><li>proibi\u00e7\u00e3o do trabalho infantil;<\/li><li>integra\u00e7\u00e3o das f\u00e1bricas e escolas.<\/li><\/ul>\n\n\n\n<h2 class=\"wp-block-heading\">Socialismo X Comunismo<\/h2>\n\n\n\n<p>Se voc\u00ea leu com aten\u00e7\u00e3o at\u00e9 aqui ent\u00e3o essa diferen\u00e7a j\u00e1 teve ter ficado clara, mas caso n\u00e3o tenha explicaremos com mais detalhes para voc\u00ea n\u00e3o se confundir quando fizer os exerc\u00edcios sobre comunismo.&nbsp;<br><\/p>\n\n\n\n<p>O Socialismo e Comunismo <strong>n\u00e3o s\u00e3o sin\u00f4nimos<\/strong>. Essa a primeira coisa que muitas pessoas concluem errado. Para come\u00e7ar, o socialismo \u00e9 um <strong>meio<\/strong> e o comunismo \u00e9 um <strong>fim<\/strong>.<br><\/p>\n\n\n\n<p>O <strong>Socialismo \u00e9 o sistema pol\u00edtico de controle absoluto do Estado<\/strong> que visa chegar ao comunismo no dia que a consci\u00eancia igualit\u00e1ria tenha sido finalmente alcan\u00e7ada. Ou seja, ele \u00e9 apenas um <strong>caminho<\/strong>.&nbsp;<br><\/p>\n\n\n\n<p>O Comunismo \u00e9 o <strong>verdadeiro objetivo final<\/strong>. Uma sociedade <strong>sem Estado<\/strong> em que todos criaram a consci\u00eancia de <strong>igualdade e coopera\u00e7\u00e3o m\u00fatua e un\u00e2nime<\/strong>.&nbsp;<\/p>\n\n\n\n<h2 class=\"wp-block-heading\">S\u00edmbolo Socialista\/Comunista<\/h2>\n\n\n<div class=\"wp-block-image\">\n<figure class=\"aligncenter\"><img decoding=\"async\" loading=\"lazy\" width=\"600\" height=\"300\" src=\"https:\/\/beduka.com\/blog\/wp-content\/uploads\/2020\/07\/Simbolo_Comunista.jpg\" alt=\"Simbolo Comunista\" class=\"wp-image-17045\" srcset=\"https:\/\/beduka.com\/blog\/wp-content\/uploads\/2020\/07\/Simbolo_Comunista.jpg 600w, https:\/\/beduka.com\/blog\/wp-content\/uploads\/2020\/07\/Simbolo_Comunista-300x150.jpg 300w, https:\/\/beduka.com\/blog\/wp-content\/uploads\/2020\/07\/Simbolo_Comunista-320x160.jpg 320w\" sizes=\"(max-width: 600px) 100vw, 600px\" \/><figcaption>Simbolo Comunista<\/figcaption><\/figure><\/div>\n\n\n<p>Antes que voc\u00ea fa\u00e7a os exerc\u00edcios sobre comunismo vamos estudar um pouco de simbologia atrav\u00e9s do s\u00edmbolo socialista. <strong>A bandeira vermelha com um martelo, uma foice e uma estrela todos amarelos.&nbsp;<\/strong><br><\/p>\n\n\n\n<p>Essa bandeira \u00e9 o <strong>s\u00edmbolo universal o comunismo<\/strong> e \u00e9 usado em <strong>qualquer manifesta\u00e7\u00e3o comunista at\u00e9 os dias de hoje<\/strong>. Ele tamb\u00e9m \u00e9 utilizado ou referenciado nas bandeiras de <strong>todos os pa\u00edses e partidos que seguem vertentes comunistas<\/strong>.&nbsp;<br><\/p>\n\n\n\n<p>A l\u00f3gica por tr\u00e1s \u00e9 que o <strong>martelo<\/strong> representa os <strong>trabalhadores industriais<\/strong> e a <strong>foice<\/strong> os <strong>rurais<\/strong>. A <strong>estrela<\/strong> representa os <strong>cinco continentes<\/strong> do mundo e os <strong>cinco componentes populacionais<\/strong> de uma sociedade comunista. E o <strong>vermelho<\/strong> representa o <strong>sangue dos trabalhadores<\/strong> martirizados pelo capitalismo opressor.&nbsp;<\/p>\n\n\n\n<h2 class=\"wp-block-heading\">Comunismo Real<\/h2>\n\n\n\n<p>Caso voc\u00ea tenha gostado das ideias comunistas, temos que dizer que ningu\u00e9m nunca conseguiu implant\u00e1-las, por serem<strong> ut\u00f3picas<\/strong>. Todos os pa\u00edses que tentaram como <strong>China, Coreia do Norte e Uni\u00e3o Sovi\u00e9tica <\/strong>terminaram por parar no <strong>socialismo<\/strong> e se tornaram <strong>ditaduras<\/strong> que matam e exploram sua popula\u00e7\u00e3o. <strong>&nbsp;<\/strong><br><\/p>\n\n\n\n<p>A ideia \u00e9 bonita, mas apenas a ideia. N\u00e3o tem<strong> nenhuma hip\u00f3tese<\/strong> de isso funcionar na pr\u00e1tica em um pa\u00eds inteiro, quanto mais no mundo.&nbsp;<br><\/p>\n\n\n\n<p>Pense bem, voc\u00ea consegue imaginar um partido subindo ao poder, tomando <strong>controle total<\/strong> de absolutamente todo um pa\u00eds e depois gentilmente <strong>dissolver o Estado<\/strong> porque a <strong>consci\u00eancia coletiva<\/strong> foi encontrada?&nbsp;<br><\/p>\n\n\n\n<p>Essa \u00e9 a contradi\u00e7\u00e3o prim\u00e1ria da teoria: <strong>Enfraquecer o Estado fortalecendo o Estado.&nbsp;<\/strong><br><\/p>\n\n\n\n<p>Al\u00e9m disso, mesmo que um Estado socialista acabasse, achando que a consci\u00eancia coletiva foi alcan\u00e7ada, <strong>a longo prazo isso ia falhar<\/strong>. O tempo ia passar e as pessoas iam perceber que mesmo que elas <strong>n\u00e3o produzissem nada<\/strong> ainda <strong>receber\u00edam a sua parte<\/strong>. Por que? Porque n\u00e3o existe propriedade privada ent\u00e3o <strong>tudo \u00e9 de todos merecendo ou n\u00e3o<\/strong>.&nbsp; <strong>&nbsp;<\/strong><br><\/p>\n\n\n\n<p>Quando o<strong> primeiro indiv\u00edduo<\/strong> se desse conta disso, todos iam dar tamb\u00e9m e assim a <strong>consci\u00eancia coletiva<\/strong> <strong>morreria junto com toda a sociedade<\/strong>. Na<strong> pior<\/strong> das hip\u00f3teses podemos imaginar um cen\u00e1rio onde todos come\u00e7am a <strong>matar uns aos outros<\/strong> para obter o resto dos <strong>recursos escassos<\/strong>.&nbsp;<br><\/p>\n\n\n\n<p>Quando voc\u00ea <strong>retira a propriedade privada e a meritocracia<\/strong> voc\u00ea <strong>mata o valor do trabalho do indiv\u00edduo<\/strong>. Quando voc\u00ea acorda numa manh\u00e3 fria de segunda-feira e n\u00e3o quer trabalhar voc\u00ea ainda levanta e vai, seja por medo de ser demitido, ou porque est\u00e1 buscando uma promo\u00e7\u00e3o. No comunismo, esses<strong> incentivos n\u00e3o existem<\/strong>.<br><\/p>\n\n\n\n<p>Como esperar que uma sociedade seja produtiva se <strong>ela mesma<\/strong> <strong>n\u00e3o incentiva sua produ\u00e7\u00e3o?<\/strong>&nbsp;<\/p>\n\n\n\n<h2 class=\"wp-block-heading\">Exerc\u00edcios sobre Comunismo<\/h2>\n\n\n\n<p>Chegou o momento de fazer os exerc\u00edcios sobre Comunismo. Obrigado por ter lido at\u00e9 aqui. Baixe nosso <a href=\"https:\/\/beduka.com\/blog\/dicas\/enem-dicas\/plano-de-estudos-gratuito\/\" target=\"_blank\" rel=\"noreferrer noopener\" aria-label=\" (abre numa nova aba)\">Plano de Estudos<\/a>, ele vai te ajudar. Boa sorte!<br><\/p>\n\n\n\n<p><strong>1-(Medicina Rio Preto &#8211; SP)<\/strong> As ideias b\u00e1sicas do chamado socialismo cient\u00edfico (1848-1867) definem uma reforma da sociedade a fim de:<\/p>\n\n\n\n<p>a) criar uma estrutura eminentemente fabril que proporcione predomin\u00e2ncia do campo sobre a cidade.<\/p>\n\n\n\n<p>b) conseguir a harmonia entre todos os homens organizados em comunidades.<\/p>\n\n\n\n<p>c) estruturar a organiza\u00e7\u00e3o social com base em cooperativas agr\u00edcolas.<\/p>\n\n\n\n<p>d) eliminar a propriedade privada, assim como o sistema capitalista.<\/p>\n\n\n\n<p>e) gerar uma nova ordem que valorize a espiritualidade do homem.<br><\/p>\n\n\n\n<p><strong>2-(Pelotas-RS)<\/strong> Os autores registram de forma pungente os dramas das popula\u00e7\u00f5es prolet\u00e1rias que se aglomeravam nas cidades, na \u00e9poca da Revolu\u00e7\u00e3o Industrial, vivendo em condi\u00e7\u00f5es subumanas, entregues ao v\u00edcio, incapazes de se enquadrarem nos preceitos morais da classe burguesa. A viv\u00eancia desses indiv\u00edduos em uma mesma vida miser\u00e1vel proporciona o nascimento de uma s\u00e9rie de movimentos sociais, muitos dos quais denunciam os males do capitalismo. Nessa \u00e9poca, um patr\u00e3o filantropo e sens\u00edvel ao problema prolet\u00e1rio toma iniciativas que vir\u00e3o dar nascimento ao movimento cooperativista. Foi ele:<\/p>\n\n\n\n<p>a) Robert Owen.<\/p>\n\n\n\n<p>b) Karl Marx.<\/p>\n\n\n\n<p>c) Mikhail Bakunin.<\/p>\n\n\n\n<p>d)Georges Soros.<\/p>\n\n\n\n<p>e) Friedrich Engels.<br><\/p>\n\n\n\n<p><strong>3-(UERJ) <\/strong>\u201cO permanente revolucionar da produ\u00e7\u00e3o, o abalar ininterrupto de todas as condi\u00e7\u00f5es sociais, a incerteza e o movimento eternos distinguem a \u00e9poca de todas as outras. Todas as rela\u00e7\u00f5es fixas e enferrujadas, com seu cortejo de representa\u00e7\u00f5es e concep\u00e7\u00f5es s\u00e3o dissolvidas, todas as rela\u00e7\u00f5es rec\u00e9m-formadas envelhecem antes de poderem ossificar-se. Tudo que era s\u00f3lido se volatiza, e os homens s\u00e3o por fim obrigados a encarar com os olhos bem abertos a sua posi\u00e7\u00e3o na vida.\u201d<\/p>\n\n\n\n<p>Karl Marx e Fredrich Engels. Adaptado do Manifesto do Partido Comunista.<\/p>\n\n\n\n<p>Em 1848, na defesa de uma nova sociedade, o Manifesto Comunista criticou as transforma\u00e7\u00f5es advindas da moderniza\u00e7\u00e3o capitalista nos pa\u00edses da Europa Ocidental.<\/p>\n\n\n\n<p>Dois aspectos dessa moderniza\u00e7\u00e3o, ent\u00e3o criticados, foram:<\/p>\n\n\n\n<p>a) crescimento industrial \u2013 garantia de direitos sociais<\/p>\n\n\n\n<p>b) acelera\u00e7\u00e3o tecnol\u00f3gica \u2013 aumento da divis\u00e3o do trabalho<\/p>\n\n\n\n<p>c) mecaniza\u00e7\u00e3o da produ\u00e7\u00e3o \u2013 eleva\u00e7\u00e3o da renda salarial m\u00e9dia<\/p>\n\n\n\n<p>d) diversifica\u00e7\u00e3o de mercados \u2013 valoriza\u00e7\u00e3o das corpora\u00e7\u00f5es sindicais<\/p>\n\n\n\n<p><strong>4-(PUC-Minas) <\/strong>O chamado socialismo cient\u00edfico, formulado por Marx e Engels no s\u00e9culo XIX, propunha:<\/p>\n\n\n\n<p>a) a supera\u00e7\u00e3o do capitalismo pela a\u00e7\u00e3o revolucion\u00e1ria dos trabalhadores, aglutinados em torno de uma organiza\u00e7\u00e3o de pessoas livremente associadas.<\/p>\n\n\n\n<p>b) a redu\u00e7\u00e3o do papel do Estado na economia para efetivar o controle direto pelo proletariado sobre os meios de produ\u00e7\u00e3o.<\/p>\n\n\n\n<p>c) a supress\u00e3o de toda legisla\u00e7\u00e3o trabalhista e social, tida como mecanismo de aliena\u00e7\u00e3o e coopta\u00e7\u00e3o do proletariado.<\/p>\n\n\n\n<p>d) a realiza\u00e7\u00e3o de sucessivas reformas na estrutura capitalista, possibilitando a gradativa implanta\u00e7\u00e3o do comunismo avan\u00e7ado.<\/p>\n\n\n\n<p><strong>5-(UFGD MS\/2013)<\/strong><\/p>\n\n\n\n<p>Karl Marx e Friedrich Engels s\u00e3o importantes e destacados autores das teses do socialismo cient\u00edfico, cuja proposi\u00e7\u00e3o se baseou<\/p>\n\n\n\n<p>a) no desenvolvimento e execu\u00e7\u00e3o de sucessivas reformas em diferentes modelos econ\u00f4micos, visando ao aperfei\u00e7oamento do Liberalismo.<\/p>\n\n\n\n<p>b) o desenvolvimento e execu\u00e7\u00e3o de sucessivas reformas em diferentes modelos econ\u00f4micos, visando ao aperfei\u00e7oamento do Liberalismo.<\/p>\n\n\n\n<p>c) em redefinir o movimento sindical, por considerar que ele estaria ultrapassado ap\u00f3s a Revolu\u00e7\u00e3o Russa.<\/p>\n\n\n\n<p>d) na perspectiva de que seria urgente a redu\u00e7\u00e3o do papel do Estado na economia.<\/p>\n\n\n\n<p>e) em apontar e discutir as contradi\u00e7\u00f5es do capitalismo, a partir da ideia de que seria necess\u00e1ria a a\u00e7\u00e3o revolucion\u00e1ria dos trabalhadores.<\/p>\n\n\n\n<h2 class=\"wp-block-heading\"><strong>Respostas dos Exerc\u00edcios sobre Comunismo<\/strong><\/h2>\n\n\n\n<p><strong>Exerc\u00edcio resolvido da quest\u00e3o 1 \u2013<\/strong><\/p>\n\n\n\n<p>d) eliminar a propriedade privada, assim como o sistema capitalista.<br><\/p>\n\n\n\n<p><strong>Exerc\u00edcio resolvido da quest\u00e3o 2 \u2013<\/strong><\/p>\n\n\n\n<p>a) Robert Owen.<\/p>\n\n\n\n<p><strong>Exerc\u00edcio resolvido da quest\u00e3o 3 \u2013<\/strong><\/p>\n\n\n\n<p>b) acelera\u00e7\u00e3o tecnol\u00f3gica \u2013 aumento da divis\u00e3o do trabalho<\/p>\n\n\n\n<p><strong>Exerc\u00edcio resolvido da quest\u00e3o 4 \u2013<\/strong><\/p>\n\n\n\n<p>a) a supera\u00e7\u00e3o do capitalismo pela a\u00e7\u00e3o revolucion\u00e1ria dos trabalhadores, aglutinados em torno de uma organiza\u00e7\u00e3o de pessoas livremente associadas.<\/p>\n\n\n\n<p><strong>Exerc\u00edcio resolvido da quest\u00e3o 5 \u2013<\/strong><\/p>\n\n\n\n<p>e) em apontar e discutir as contradi\u00e7\u00f5es do capitalismo, a partir da ideia de que seria necess\u00e1ria a a\u00e7\u00e3o revolucion\u00e1ria dos trabalhadores.<\/p>\n\n\n\n<p>Estude para o Enem com o <a href=\"https:\/\/beduka.com\/simulado\" target=\"_blank\" rel=\"noreferrer noopener\" aria-label=\" (abre numa nova aba)\">Simulado Beduka.<\/a> <strong>\u00c9 gratuito!<\/strong><\/p>\n\n\n\n<p>Gostou dos nossos Exerc\u00edcios sobre Comunismo? Compartilhe com os seus amigos e comente abaixo sobre \u00e1reas que voc\u00ea deseja mais explica\u00e7\u00f5es.<\/p>\n\n\n\n<p>Queremos te ajudar a encontrar a <strong>FACULDADE IDEAL! <\/strong>Logo abaixo, fa\u00e7a uma pesquisa por curso e cidade que te mostraremos todas as faculdades que podem te atender. <strong>Informamos a nota de corte, valor de mensalidade, nota do MEC, avalia\u00e7\u00e3o dos alunos, modalidades de ensino e muito mais.<\/strong><br><\/p>\n","protected":false},"excerpt":{"rendered":"<p>Separamos exerc\u00edcios sobre comunismo com GABARITO para voc\u00ea fazer. Eles ESSENCIAIS para voc\u00ea que prestar\u00e1 vestibular, ent\u00e3o fa\u00e7a agora!<\/p>\n","protected":false},"author":1,"featured_media":17048,"comment_status":"open","ping_status":"closed","sticky":false,"template":"","format":"standard","meta":{"_mi_skip_tracking":false,"_monsterinsights_sitenote_active":false,"_monsterinsights_sitenote_note":"","_monsterinsights_sitenote_category":0},"categories":[607],"tags":[],"yoast_head":"<!-- This site is optimized with the Yoast SEO plugin v20.10 - https:\/\/yoast.com\/wordpress\/plugins\/seo\/ -->\n<title>Exerc\u00edcios sobre Comunismo com GABARITO E RESUMO<\/title>\n<meta name=\"description\" content=\"Separamos exerc\u00edcios sobre comunismo com GABARITO para voc\u00ea fazer. Eles ESSENCIAIS para voc\u00ea que prestar\u00e1 vestibular, ent\u00e3o fa\u00e7a agora!\" \/>\n<meta name=\"robots\" content=\"index, follow, max-snippet:-1, max-image-preview:large, max-video-preview:-1\" \/>\n<link rel=\"canonical\" href=\"https:\/\/beduka.com\/blog\/exercicios\/geografia-exercicios\/exercicios-sobre-comunismo\/\" \/>\n<meta property=\"og:locale\" content=\"pt_BR\" \/>\n<meta property=\"og:type\" content=\"article\" \/>\n<meta property=\"og:title\" content=\"Exerc\u00edcios sobre Comunismo com GABARITO E RESUMO\" \/>\n<meta property=\"og:description\" content=\"Separamos exerc\u00edcios sobre comunismo com GABARITO para voc\u00ea fazer. Eles ESSENCIAIS para voc\u00ea que prestar\u00e1 vestibular, ent\u00e3o fa\u00e7a agora!\" \/>\n<meta property=\"og:url\" content=\"https:\/\/beduka.com\/blog\/exercicios\/geografia-exercicios\/exercicios-sobre-comunismo\/\" \/>\n<meta property=\"og:site_name\" content=\"Blog do Beduka | Mat\u00e9rias resumidas, Dicas e Exerc\u00edcios Enem\" \/>\n<meta property=\"article:publisher\" content=\"https:\/\/www.facebook.com\/beduka.buscadordefaculdades\/\" \/>\n<meta property=\"article:author\" content=\"https:\/\/www.facebook.com\/beduka.buscadordefaculdades\" \/>\n<meta property=\"article:published_time\" content=\"2020-07-22T15:15:27+00:00\" \/>\n<meta property=\"article:modified_time\" content=\"2023-04-03T19:36:19+00:00\" \/>\n<meta property=\"og:image\" content=\"https:\/\/beduka.com\/blog\/wp-content\/uploads\/2020\/07\/Exercicios_sobre_Comunismo.jpg\" \/>\n\t<meta property=\"og:image:width\" content=\"600\" \/>\n\t<meta property=\"og:image:height\" content=\"300\" \/>\n\t<meta property=\"og:image:type\" content=\"image\/jpeg\" \/>\n<meta name=\"author\" content=\"Reda\u00e7\u00e3o Beduka (a)\" \/>\n<meta name=\"twitter:card\" content=\"summary_large_image\" \/>\n<meta name=\"twitter:label1\" content=\"Escrito por\" \/>\n\t<meta name=\"twitter:data1\" content=\"Reda\u00e7\u00e3o Beduka (a)\" \/>\n\t<meta name=\"twitter:label2\" content=\"Est. tempo de leitura\" \/>\n\t<meta name=\"twitter:data2\" content=\"12 minutos\" \/>\n<script type=\"application\/ld+json\" class=\"yoast-schema-graph\">{\"@context\":\"https:\/\/schema.org\",\"@graph\":[{\"@type\":\"Article\",\"@id\":\"https:\/\/beduka.com\/blog\/exercicios\/geografia-exercicios\/exercicios-sobre-comunismo\/#article\",\"isPartOf\":{\"@id\":\"https:\/\/beduka.com\/blog\/exercicios\/geografia-exercicios\/exercicios-sobre-comunismo\/\"},\"author\":{\"name\":\"Reda\u00e7\u00e3o Beduka (a)\",\"@id\":\"https:\/\/beduka.com\/blog\/#\/schema\/person\/325d912d2cb8dd9ede8ab291427d2b8a\"},\"headline\":\"Exerc\u00edcios sobre Comunismo com GABARITO\",\"datePublished\":\"2020-07-22T15:15:27+00:00\",\"dateModified\":\"2023-04-03T19:36:19+00:00\",\"mainEntityOfPage\":{\"@id\":\"https:\/\/beduka.com\/blog\/exercicios\/geografia-exercicios\/exercicios-sobre-comunismo\/\"},\"wordCount\":2496,\"commentCount\":0,\"publisher\":{\"@id\":\"https:\/\/beduka.com\/blog\/#organization\"},\"articleSection\":[\"Geografia\"],\"inLanguage\":\"pt-BR\",\"potentialAction\":[{\"@type\":\"CommentAction\",\"name\":\"Comment\",\"target\":[\"https:\/\/beduka.com\/blog\/exercicios\/geografia-exercicios\/exercicios-sobre-comunismo\/#respond\"]}]},{\"@type\":\"WebPage\",\"@id\":\"https:\/\/beduka.com\/blog\/exercicios\/geografia-exercicios\/exercicios-sobre-comunismo\/\",\"url\":\"https:\/\/beduka.com\/blog\/exercicios\/geografia-exercicios\/exercicios-sobre-comunismo\/\",\"name\":\"Exerc\u00edcios sobre Comunismo com GABARITO E RESUMO\",\"isPartOf\":{\"@id\":\"https:\/\/beduka.com\/blog\/#website\"},\"datePublished\":\"2020-07-22T15:15:27+00:00\",\"dateModified\":\"2023-04-03T19:36:19+00:00\",\"description\":\"Separamos exerc\u00edcios sobre comunismo com GABARITO para voc\u00ea fazer. Eles ESSENCIAIS para voc\u00ea que prestar\u00e1 vestibular, ent\u00e3o fa\u00e7a agora!\",\"breadcrumb\":{\"@id\":\"https:\/\/beduka.com\/blog\/exercicios\/geografia-exercicios\/exercicios-sobre-comunismo\/#breadcrumb\"},\"inLanguage\":\"pt-BR\",\"potentialAction\":[{\"@type\":\"ReadAction\",\"target\":[\"https:\/\/beduka.com\/blog\/exercicios\/geografia-exercicios\/exercicios-sobre-comunismo\/\"]}]},{\"@type\":\"BreadcrumbList\",\"@id\":\"https:\/\/beduka.com\/blog\/exercicios\/geografia-exercicios\/exercicios-sobre-comunismo\/#breadcrumb\",\"itemListElement\":[{\"@type\":\"ListItem\",\"position\":1,\"name\":\"Home\",\"item\":\"https:\/\/beduka.com\/blog\/\"},{\"@type\":\"ListItem\",\"position\":2,\"name\":\"Exerc\u00edcios sobre Comunismo com GABARITO\"}]},{\"@type\":\"WebSite\",\"@id\":\"https:\/\/beduka.com\/blog\/#website\",\"url\":\"https:\/\/beduka.com\/blog\/\",\"name\":\"Blog do Beduka | Mat\u00e9rias resumidas, Dicas e Exerc\u00edcios Enem\",\"description\":\"O Blog do Beduka tem os conte\u00fados que mais caem no Enem, exerc\u00edcios de vestibular com gabarito, resumos, dicas e informa\u00e7\u00f5es Sisu, Prouni e Fies.Encontre dicas para o ENEM, resumos, exerc\u00edcios e informa\u00e7\u00f5es sobre os vestibulares. Acesse agora!\",\"publisher\":{\"@id\":\"https:\/\/beduka.com\/blog\/#organization\"},\"potentialAction\":[{\"@type\":\"SearchAction\",\"target\":{\"@type\":\"EntryPoint\",\"urlTemplate\":\"https:\/\/beduka.com\/blog\/?s={search_term_string}\"},\"query-input\":\"required name=search_term_string\"}],\"inLanguage\":\"pt-BR\"},{\"@type\":\"Organization\",\"@id\":\"https:\/\/beduka.com\/blog\/#organization\",\"name\":\"Beduka\",\"url\":\"https:\/\/beduka.com\/blog\/\",\"logo\":{\"@type\":\"ImageObject\",\"inLanguage\":\"pt-BR\",\"@id\":\"https:\/\/beduka.com\/blog\/#\/schema\/logo\/image\/\",\"url\":\"https:\/\/beduka.com\/blog\/wp-content\/uploads\/2020\/06\/marca-beduka.png\",\"contentUrl\":\"https:\/\/beduka.com\/blog\/wp-content\/uploads\/2020\/06\/marca-beduka.png\",\"width\":1077,\"height\":368,\"caption\":\"Beduka\"},\"image\":{\"@id\":\"https:\/\/beduka.com\/blog\/#\/schema\/logo\/image\/\"},\"sameAs\":[\"https:\/\/www.facebook.com\/beduka.buscadordefaculdades\/\",\"https:\/\/www.instagram.com\/beduka_oficial\/\",\"https:\/\/www.linkedin.com\/company\/beduka\",\"https:\/\/br.pinterest.com\/bedukaoficial\/\",\"https:\/\/www.youtube.com\/beduka\"]},{\"@type\":\"Person\",\"@id\":\"https:\/\/beduka.com\/blog\/#\/schema\/person\/325d912d2cb8dd9ede8ab291427d2b8a\",\"name\":\"Reda\u00e7\u00e3o Beduka (a)\",\"image\":{\"@type\":\"ImageObject\",\"inLanguage\":\"pt-BR\",\"@id\":\"https:\/\/beduka.com\/blog\/#\/schema\/person\/image\/\",\"url\":\"https:\/\/secure.gravatar.com\/avatar\/6f58a181ef24e0dc0bb73f096aa0f8b5?s=96&d=mm&r=g\",\"contentUrl\":\"https:\/\/secure.gravatar.com\/avatar\/6f58a181ef24e0dc0bb73f096aa0f8b5?s=96&d=mm&r=g\",\"caption\":\"Reda\u00e7\u00e3o Beduka (a)\"},\"description\":\"Este conte\u00fado foi criado e validado por uma equipe multidisciplinar, formada por especialistas em cada \u00e1rea do conhecimento. O Beduka est\u00e1 presente no Instagram, YouTube, LinkedIn e em diversos outros ambientes digitais. O site foi criado em 2017 e, desde a sua funda\u00e7\u00e3o, atua para fornecer materiais de qualidade para facilitar a vida de estudantes de todo o Brasil, ajudando-os a se preparar para os principais vestibulares e o Enem.\",\"sameAs\":[\"https:\/\/www.facebook.com\/beduka.buscadordefaculdades\",\"https:\/\/www.instagram.com\/beduka_oficial\/\",\"https:\/\/br.pinterest.com\/bedukaoficial\/\"],\"url\":\"https:\/\/beduka.com\/blog\/author\/admin\/\"}]}<\/script>\n<!-- \/ Yoast SEO plugin. -->","yoast_head_json":{"title":"Exerc\u00edcios sobre Comunismo com GABARITO E RESUMO","description":"Separamos exerc\u00edcios sobre comunismo com GABARITO para voc\u00ea fazer. Eles ESSENCIAIS para voc\u00ea que prestar\u00e1 vestibular, ent\u00e3o fa\u00e7a agora!","robots":{"index":"index","follow":"follow","max-snippet":"max-snippet:-1","max-image-preview":"max-image-preview:large","max-video-preview":"max-video-preview:-1"},"canonical":"https:\/\/beduka.com\/blog\/exercicios\/geografia-exercicios\/exercicios-sobre-comunismo\/","og_locale":"pt_BR","og_type":"article","og_title":"Exerc\u00edcios sobre Comunismo com GABARITO E RESUMO","og_description":"Separamos exerc\u00edcios sobre comunismo com GABARITO para voc\u00ea fazer. Eles ESSENCIAIS para voc\u00ea que prestar\u00e1 vestibular, ent\u00e3o fa\u00e7a agora!","og_url":"https:\/\/beduka.com\/blog\/exercicios\/geografia-exercicios\/exercicios-sobre-comunismo\/","og_site_name":"Blog do Beduka | Mat\u00e9rias resumidas, Dicas e Exerc\u00edcios Enem","article_publisher":"https:\/\/www.facebook.com\/beduka.buscadordefaculdades\/","article_author":"https:\/\/www.facebook.com\/beduka.buscadordefaculdades","article_published_time":"2020-07-22T15:15:27+00:00","article_modified_time":"2023-04-03T19:36:19+00:00","og_image":[{"width":600,"height":300,"url":"https:\/\/beduka.com\/blog\/wp-content\/uploads\/2020\/07\/Exercicios_sobre_Comunismo.jpg","type":"image\/jpeg"}],"author":"Reda\u00e7\u00e3o Beduka (a)","twitter_card":"summary_large_image","twitter_misc":{"Escrito por":"Reda\u00e7\u00e3o Beduka (a)","Est. tempo de leitura":"12 minutos"},"schema":{"@context":"https:\/\/schema.org","@graph":[{"@type":"Article","@id":"https:\/\/beduka.com\/blog\/exercicios\/geografia-exercicios\/exercicios-sobre-comunismo\/#article","isPartOf":{"@id":"https:\/\/beduka.com\/blog\/exercicios\/geografia-exercicios\/exercicios-sobre-comunismo\/"},"author":{"name":"Reda\u00e7\u00e3o Beduka (a)","@id":"https:\/\/beduka.com\/blog\/#\/schema\/person\/325d912d2cb8dd9ede8ab291427d2b8a"},"headline":"Exerc\u00edcios sobre Comunismo com GABARITO","datePublished":"2020-07-22T15:15:27+00:00","dateModified":"2023-04-03T19:36:19+00:00","mainEntityOfPage":{"@id":"https:\/\/beduka.com\/blog\/exercicios\/geografia-exercicios\/exercicios-sobre-comunismo\/"},"wordCount":2496,"commentCount":0,"publisher":{"@id":"https:\/\/beduka.com\/blog\/#organization"},"articleSection":["Geografia"],"inLanguage":"pt-BR","potentialAction":[{"@type":"CommentAction","name":"Comment","target":["https:\/\/beduka.com\/blog\/exercicios\/geografia-exercicios\/exercicios-sobre-comunismo\/#respond"]}]},{"@type":"WebPage","@id":"https:\/\/beduka.com\/blog\/exercicios\/geografia-exercicios\/exercicios-sobre-comunismo\/","url":"https:\/\/beduka.com\/blog\/exercicios\/geografia-exercicios\/exercicios-sobre-comunismo\/","name":"Exerc\u00edcios sobre Comunismo com GABARITO E RESUMO","isPartOf":{"@id":"https:\/\/beduka.com\/blog\/#website"},"datePublished":"2020-07-22T15:15:27+00:00","dateModified":"2023-04-03T19:36:19+00:00","description":"Separamos exerc\u00edcios sobre comunismo com GABARITO para voc\u00ea fazer. Eles ESSENCIAIS para voc\u00ea que prestar\u00e1 vestibular, ent\u00e3o fa\u00e7a agora!","breadcrumb":{"@id":"https:\/\/beduka.com\/blog\/exercicios\/geografia-exercicios\/exercicios-sobre-comunismo\/#breadcrumb"},"inLanguage":"pt-BR","potentialAction":[{"@type":"ReadAction","target":["https:\/\/beduka.com\/blog\/exercicios\/geografia-exercicios\/exercicios-sobre-comunismo\/"]}]},{"@type":"BreadcrumbList","@id":"https:\/\/beduka.com\/blog\/exercicios\/geografia-exercicios\/exercicios-sobre-comunismo\/#breadcrumb","itemListElement":[{"@type":"ListItem","position":1,"name":"Home","item":"https:\/\/beduka.com\/blog\/"},{"@type":"ListItem","position":2,"name":"Exerc\u00edcios sobre Comunismo com GABARITO"}]},{"@type":"WebSite","@id":"https:\/\/beduka.com\/blog\/#website","url":"https:\/\/beduka.com\/blog\/","name":"Blog do Beduka | Mat\u00e9rias resumidas, Dicas e Exerc\u00edcios Enem","description":"O Blog do Beduka tem os conte\u00fados que mais caem no Enem, exerc\u00edcios de vestibular com gabarito, resumos, dicas e informa\u00e7\u00f5es Sisu, Prouni e Fies.Encontre dicas para o ENEM, resumos, exerc\u00edcios e informa\u00e7\u00f5es sobre os vestibulares. Acesse agora!","publisher":{"@id":"https:\/\/beduka.com\/blog\/#organization"},"potentialAction":[{"@type":"SearchAction","target":{"@type":"EntryPoint","urlTemplate":"https:\/\/beduka.com\/blog\/?s={search_term_string}"},"query-input":"required name=search_term_string"}],"inLanguage":"pt-BR"},{"@type":"Organization","@id":"https:\/\/beduka.com\/blog\/#organization","name":"Beduka","url":"https:\/\/beduka.com\/blog\/","logo":{"@type":"ImageObject","inLanguage":"pt-BR","@id":"https:\/\/beduka.com\/blog\/#\/schema\/logo\/image\/","url":"https:\/\/beduka.com\/blog\/wp-content\/uploads\/2020\/06\/marca-beduka.png","contentUrl":"https:\/\/beduka.com\/blog\/wp-content\/uploads\/2020\/06\/marca-beduka.png","width":1077,"height":368,"caption":"Beduka"},"image":{"@id":"https:\/\/beduka.com\/blog\/#\/schema\/logo\/image\/"},"sameAs":["https:\/\/www.facebook.com\/beduka.buscadordefaculdades\/","https:\/\/www.instagram.com\/beduka_oficial\/","https:\/\/www.linkedin.com\/company\/beduka","https:\/\/br.pinterest.com\/bedukaoficial\/","https:\/\/www.youtube.com\/beduka"]},{"@type":"Person","@id":"https:\/\/beduka.com\/blog\/#\/schema\/person\/325d912d2cb8dd9ede8ab291427d2b8a","name":"Reda\u00e7\u00e3o Beduka (a)","image":{"@type":"ImageObject","inLanguage":"pt-BR","@id":"https:\/\/beduka.com\/blog\/#\/schema\/person\/image\/","url":"https:\/\/secure.gravatar.com\/avatar\/6f58a181ef24e0dc0bb73f096aa0f8b5?s=96&d=mm&r=g","contentUrl":"https:\/\/secure.gravatar.com\/avatar\/6f58a181ef24e0dc0bb73f096aa0f8b5?s=96&d=mm&r=g","caption":"Reda\u00e7\u00e3o Beduka (a)"},"description":"Este conte\u00fado foi criado e validado por uma equipe multidisciplinar, formada por especialistas em cada \u00e1rea do conhecimento. O Beduka est\u00e1 presente no Instagram, YouTube, LinkedIn e em diversos outros ambientes digitais. O site foi criado em 2017 e, desde a sua funda\u00e7\u00e3o, atua para fornecer materiais de qualidade para facilitar a vida de estudantes de todo o Brasil, ajudando-os a se preparar para os principais vestibulares e o Enem.","sameAs":["https:\/\/www.facebook.com\/beduka.buscadordefaculdades","https:\/\/www.instagram.com\/beduka_oficial\/","https:\/\/br.pinterest.com\/bedukaoficial\/"],"url":"https:\/\/beduka.com\/blog\/author\/admin\/"}]}},"_links":{"self":[{"href":"https:\/\/beduka.com\/blog\/wp-json\/wp\/v2\/posts\/17042"}],"collection":[{"href":"https:\/\/beduka.com\/blog\/wp-json\/wp\/v2\/posts"}],"about":[{"href":"https:\/\/beduka.com\/blog\/wp-json\/wp\/v2\/types\/post"}],"author":[{"embeddable":true,"href":"https:\/\/beduka.com\/blog\/wp-json\/wp\/v2\/users\/1"}],"replies":[{"embeddable":true,"href":"https:\/\/beduka.com\/blog\/wp-json\/wp\/v2\/comments?post=17042"}],"version-history":[{"count":3,"href":"https:\/\/beduka.com\/blog\/wp-json\/wp\/v2\/posts\/17042\/revisions"}],"predecessor-version":[{"id":29603,"href":"https:\/\/beduka.com\/blog\/wp-json\/wp\/v2\/posts\/17042\/revisions\/29603"}],"wp:featuredmedia":[{"embeddable":true,"href":"https:\/\/beduka.com\/blog\/wp-json\/wp\/v2\/media\/17048"}],"wp:attachment":[{"href":"https:\/\/beduka.com\/blog\/wp-json\/wp\/v2\/media?parent=17042"}],"wp:term":[{"taxonomy":"category","embeddable":true,"href":"https:\/\/beduka.com\/blog\/wp-json\/wp\/v2\/categories?post=17042"},{"taxonomy":"post_tag","embeddable":true,"href":"https:\/\/beduka.com\/blog\/wp-json\/wp\/v2\/tags?post=17042"}],"curies":[{"name":"wp","href":"https:\/\/api.w.org\/{rel}","templated":true}]}}