{"id":17073,"date":"2020-07-24T11:40:52","date_gmt":"2020-07-24T14:40:52","guid":{"rendered":"https:\/\/beduka.com\/blog\/?p=17073"},"modified":"2020-07-24T11:40:53","modified_gmt":"2020-07-24T14:40:53","slug":"segunda-lei-de-mendel","status":"publish","type":"post","link":"https:\/\/beduka.com\/blog\/materias\/biologia\/segunda-lei-de-mendel\/","title":{"rendered":"Entenda de uma vez por todas a Segunda Lei de Mendel! Resumo completo com as informa\u00e7\u00f5es mais importantes!"},"content":{"rendered":"\n<p>A Segunda Lei de Mendel, tamb\u00e9m conhecida como Lei da segrega\u00e7\u00e3o Independente, diz que os genes respons\u00e1veis para duas ou mais caracter\u00edsticas separam-se de forma independente durante a forma\u00e7\u00e3o dos gametas e se combinam ao acaso. Portanto, uma caracter\u00edstica de cor, por exemplo, n\u00e3o determina a caracter\u00edstica textura.<br><\/p>\n\n\n\n<p>Neste artigo sobre a Segunda Lei de Mendel, voc\u00ea encontrar\u00e1:<br><\/p>\n\n\n\n<ol><li>O que \u00e9 Gen\u00e9tica, quem foi Mendel<\/li><li>Relembrando a Primeira Lei de Mendel<\/li><li>Explica\u00e7\u00e3o completa da Segunda Lei de Mendel<\/li><li>Experimento feito por Mendel + exemplos ilustrativos<\/li><\/ol>\n\n\n\n<ul><li><a rel=\"noreferrer noopener\" aria-label=\" (abre numa nova aba)\" href=\"https:\/\/beduka.com\/simulado-enem\" target=\"_blank\">Simulado online e gratuito<\/a> de qualidade \u00e9 s\u00f3 no Beduka! Voc\u00ea pode at\u00e9 personalizar com as mat\u00e9rias que mais caem no <a href=\"https:\/\/beduka.com\/blog\/enem\/como-se-preparar-para-o-enem\/\" target=\"_blank\" rel=\"noreferrer noopener\" aria-label=\" (abre numa nova aba)\">Enem<\/a>!<\/li><\/ul>\n\n\n\n<h2 class=\"wp-block-heading\">Quem foi Mendel e o que \u00e9 Gen\u00e9tica&nbsp;<\/h2>\n\n\n\n<p><strong>Gregor Johann Mendel foi um<\/strong> <strong>monge agostiniano <\/strong>conhecido como <strong>Pai da Gen\u00e9tica<\/strong>. O mosteiro que residia era famoso pelas atividades cient\u00edficas. Na Universidade de Viena estudou as <strong>Ci\u00eancias da Natureza<\/strong>,<strong> Matem\u00e1tica e Hist\u00f3ria Natural<\/strong>, <strong>essenciais para as futuras descobertas<\/strong>.<br><\/p>\n\n\n\n<p>Mendel realizava <strong>cruzamentos de tipos de ervilhas<\/strong> e analisava como as <strong>caracter\u00edsticas eram passadas<\/strong>. Assim, <strong>criou o conceito de \u201cgenes\u201d <\/strong>e suas descobertas foram sendo <strong>aperfei\u00e7oadas ao longo dos anos<\/strong> at\u00e9 chegar na <strong>ci\u00eancia que chamamos de Gen\u00e9tica.<\/strong><\/p>\n\n\n\n<h3 class=\"wp-block-heading\">Primeira Lei de Mendel<\/h3>\n\n\n\n<div class=\"wp-block-image\"><figure class=\"aligncenter\"><img decoding=\"async\" loading=\"lazy\" width=\"600\" height=\"300\" src=\"https:\/\/beduka.com\/blog\/wp-content\/uploads\/2020\/07\/Experimento-da-primeira-lei-de-mendel-ervilhas-amarelas-e-verdes-gera\u00e7\u00f5es-gen\u00f3tipo-e-fen\u00f3tipo.jpg\" alt=\"Experimento-da-primeira-lei-de-mendel-ervilhas-amarelas-e-verdes-gera\u00e7\u00f5es-gen\u00f3tipo-e-fen\u00f3tipo\" class=\"wp-image-17074\" srcset=\"https:\/\/beduka.com\/blog\/wp-content\/uploads\/2020\/07\/Experimento-da-primeira-lei-de-mendel-ervilhas-amarelas-e-verdes-gera\u00e7\u00f5es-gen\u00f3tipo-e-fen\u00f3tipo.jpg 600w, https:\/\/beduka.com\/blog\/wp-content\/uploads\/2020\/07\/Experimento-da-primeira-lei-de-mendel-ervilhas-amarelas-e-verdes-gera\u00e7\u00f5es-gen\u00f3tipo-e-fen\u00f3tipo-300x150.jpg 300w, https:\/\/beduka.com\/blog\/wp-content\/uploads\/2020\/07\/Experimento-da-primeira-lei-de-mendel-ervilhas-amarelas-e-verdes-gera\u00e7\u00f5es-gen\u00f3tipo-e-fen\u00f3tipo-320x160.jpg 320w\" sizes=\"(max-width: 600px) 100vw, 600px\" \/><\/figure><\/div>\n\n\n\n<p>A Primeira Lei de Mendel, tamb\u00e9m conhecida como <strong>lei da segrega\u00e7\u00e3o dos fatores<\/strong>, diz que todas as <strong>caracter\u00edsticas de um indiv\u00edduo s\u00e3o determinadas por um par de genes.<\/strong>&nbsp;<br><\/p>\n\n\n\n<p>Al\u00e9m disso, explicita que durante a forma\u00e7\u00e3o dos gametas de um indiv\u00edduo, esses genes se separam e cada gameta porta apenas um dos genes do progenitor.<br><\/p>\n\n\n\n<p>Assim, <strong>pai e m\u00e3e transmitem apenas um gene para seus descendentes<\/strong> e cada filho \u00e9 formado por um par de genes originados da mistura das metades dos genes de seus pais.<br><\/p>\n\n\n\n<ul><li><strong>\u00c9 recomendado que voc\u00ea leia o artigo<\/strong> <a href=\"https:\/\/beduka.com\/blog\/materias\/biologia\/a-primeira-lei-de-mendel\/\" target=\"_blank\" rel=\"noreferrer noopener\" aria-label=\" (abre numa nova aba)\">Primeira Lei de Mendel<\/a> <strong>antes de continuar<\/strong>, pois conceitos importantes ser\u00e3o utilizados aqui e eles j\u00e1 foram explicados no outro texto (heterozigotos, homozigotos, dominantes, recessivos, gen\u00f3tipo, fen\u00f3tipo, etc).<\/li><\/ul>\n\n\n\n<h2 class=\"wp-block-heading\">Qual \u00e9 a Segunda Lei de Mendel?&nbsp;<\/h2>\n\n\n\n<p>Para formular a Primeira Lei de Mendel, o monge analisou apenas uma caracter\u00edstica das ervilhas por vez. Conclu\u00edda a primeira etapa e tendo feito descobertas incr\u00edveis, Mendel resolveu analisar <strong>mais de uma caracter\u00edstica<\/strong> <strong>ao mesmo tempo<\/strong> e chegou \u00e0 conclus\u00e3o da <strong>Segunda Lei de Mendel<\/strong>, tamb\u00e9m chamada de <strong>Lei da Segrega\u00e7\u00e3o Independente.<\/strong><br><\/p>\n\n\n\n<p><strong>De forma simplificada,<\/strong> Gregor Mendel foi capaz de notar que ao cruzar uma ervilha de cor amarela e textura lisa com uma verde e rugosa, pode nascer uma amarela rugosa. <strong>Ou seja, a caracter\u00edstica cor n\u00e3o depende da caracter\u00edstica textura.<\/strong><\/p>\n\n\n\n<h3 class=\"wp-block-heading\">Experimento da Segunda Lei de Mendel<\/h3>\n\n\n\n<div class=\"wp-block-image\"><figure class=\"aligncenter\"><img decoding=\"async\" loading=\"lazy\" width=\"600\" height=\"300\" src=\"https:\/\/beduka.com\/blog\/wp-content\/uploads\/2020\/07\/Experimento-da-segunda-lei-de-mendel-ervilhas-amarelas-e-verdes-gera\u00e7\u00f5es-gen\u00f3tipo-e-fen\u00f3tipo.jpg\" alt=\"Experimento-da-segunda-lei-de-mendel-ervilhas-amarelas-e-verdes-gera\u00e7\u00f5es-gen\u00f3tipo-e-fen\u00f3tipo\" class=\"wp-image-17075\" srcset=\"https:\/\/beduka.com\/blog\/wp-content\/uploads\/2020\/07\/Experimento-da-segunda-lei-de-mendel-ervilhas-amarelas-e-verdes-gera\u00e7\u00f5es-gen\u00f3tipo-e-fen\u00f3tipo.jpg 600w, https:\/\/beduka.com\/blog\/wp-content\/uploads\/2020\/07\/Experimento-da-segunda-lei-de-mendel-ervilhas-amarelas-e-verdes-gera\u00e7\u00f5es-gen\u00f3tipo-e-fen\u00f3tipo-300x150.jpg 300w, https:\/\/beduka.com\/blog\/wp-content\/uploads\/2020\/07\/Experimento-da-segunda-lei-de-mendel-ervilhas-amarelas-e-verdes-gera\u00e7\u00f5es-gen\u00f3tipo-e-fen\u00f3tipo-320x160.jpg 320w\" sizes=\"(max-width: 600px) 100vw, 600px\" \/><\/figure><\/div>\n\n\n\n<p>De volta \u00e0s sementes de ervilhas, vimos no experimento da 1\u00b0 Lei que a cor amarela \u00e9 representada pelo gene dominante \u201cV\u201d, ou seja, <strong>o fen\u00f3tipo ser\u00e1 amarelo para os gen\u00f3tipos \u201cVv\u201d ou \u201cVV\u201d<\/strong>. J\u00e1 o <strong>fen\u00f3tipo verde <\/strong>s\u00f3 pode ser representado pelo <strong>gen\u00f3tipo de&nbsp; homozigose recessiva \u201cvv\u201d.<\/strong><br><\/p>\n\n\n\n<p>Da mesma forma, a textura lisa ser\u00e1 representada por \u201cR\u201d, ent\u00e3o o <strong>fen\u00f3tipo liso deve ser expressado pelo gen\u00f3tipo \u201cRR\u201d ou \u201cRr\u201d<\/strong>. J\u00e1 a <strong>textura rugosa<\/strong> s\u00f3 pode ser representada pelo <strong>gen\u00f3tipo de homozigose recessiva \u201crr\u201d.<\/strong><br><\/p>\n\n\n\n<p>Com base nessas informa\u00e7\u00f5es, Mendel realizou o <strong>cruzamento de duas variedades puras com caracter\u00edsticas diferentes<\/strong>: um indiv\u00edduo amarelo liso e outro verde rugoso, obtendo uma <strong>gera\u00e7\u00e3o F1 somente com indiv\u00edduos heterozigotos para as duas caracter\u00edsticas<\/strong>, ou seja, amarelos lisos di-h\u00edbridos (VvRr).<br><\/p>\n\n\n\n<p>Realizando um <strong>novo cruzamento entre as plantas da gera\u00e7\u00e3o F1<\/strong>, obteve uma <strong>nova gera\u00e7\u00e3o F2 com caracter\u00edsticas bem diversas: <\/strong>nasciam amarelos lisos (9), amarelos rugosos (3), verdes lisos (3) e verdes rugosos (1), resultando na propor\u00e7\u00e3o fenot\u00edpica (9:3:3:1).<\/p>\n\n\n\n<h3 class=\"wp-block-heading\">Conclus\u00e3o da Segunda Lei de Mendel<\/h3>\n\n\n\n<div class=\"wp-block-image\"><figure class=\"aligncenter\"><img decoding=\"async\" loading=\"lazy\" width=\"600\" height=\"300\" src=\"https:\/\/beduka.com\/blog\/wp-content\/uploads\/2020\/07\/Tabela-do-Experimento-da-segunda-lei-de-mendel-ervilhas-amarelas-e-verdes-gera\u00e7\u00f5es-gen\u00f3tipo-e-fen\u00f3tipo.jpg\" alt=\"Tabela-do-Experimento-da-segunda-lei-de-mendel-ervilhas-amarelas-e-verdes-gera\u00e7\u00f5es-gen\u00f3tipo-e-fen\u00f3tipo\" class=\"wp-image-17076\" srcset=\"https:\/\/beduka.com\/blog\/wp-content\/uploads\/2020\/07\/Tabela-do-Experimento-da-segunda-lei-de-mendel-ervilhas-amarelas-e-verdes-gera\u00e7\u00f5es-gen\u00f3tipo-e-fen\u00f3tipo.jpg 600w, https:\/\/beduka.com\/blog\/wp-content\/uploads\/2020\/07\/Tabela-do-Experimento-da-segunda-lei-de-mendel-ervilhas-amarelas-e-verdes-gera\u00e7\u00f5es-gen\u00f3tipo-e-fen\u00f3tipo-300x150.jpg 300w, https:\/\/beduka.com\/blog\/wp-content\/uploads\/2020\/07\/Tabela-do-Experimento-da-segunda-lei-de-mendel-ervilhas-amarelas-e-verdes-gera\u00e7\u00f5es-gen\u00f3tipo-e-fen\u00f3tipo-320x160.jpg 320w\" sizes=\"(max-width: 600px) 100vw, 600px\" \/><\/figure><\/div>\n\n\n\n<p>Se os genes de diferentes caracter\u00edsticas fossem dependentes, as ervilhas amarelas sempre seriam lisas e as verdes sempre seriam rugosas. Mas <strong>n\u00e3o foi isso o que ocorreu.<\/strong><br><\/p>\n\n\n\n<p><strong>Com esse resultado, Mendel compreendeu que os alelos<\/strong> &#8211; os genes individuais que comp\u00f5em o par &#8211; <strong>segregavam-se de maneira independente<\/strong>, uma vez que surgiram mais varia\u00e7\u00f5es que o esperado.<br><\/p>\n\n\n\n<p>Portanto, temos a postula\u00e7\u00e3o final da Segunda Lei de Mendel:<br><\/p>\n\n\n\n<p>\u201cOs fatores (alelos) para duas ou mais caracter\u00edsticas se distribuem independentemente durante a forma\u00e7\u00e3o dos gametas e se combinam ao acaso\u201d.<br><\/p>\n\n\n\n<p><strong>Aten\u00e7\u00e3o:&nbsp;<\/strong><br><\/p>\n\n\n\n<p>Essa lei \u00e9 aplicada apenas para aqueles genes que est\u00e3o localizados em <a href=\"https:\/\/beduka.com\/blog\/materias\/biologia\/o-que-sao-cromossomos-autossomos\/\" target=\"_blank\" rel=\"noreferrer noopener\" aria-label=\" (abre numa nova aba)\">cromossomos<\/a> n\u00e3o hom\u00f3logos (que n\u00e3o est\u00e3o em pares).<\/p>\n\n\n\n<h2 class=\"wp-block-heading\">Curiosidade &#8211; 3 caracter\u00edsticas<\/h2>\n\n\n\n<p>Em um dos experimentos, Mendel deu um pr\u00f3ximo passo e <strong>estudou 3 caracter\u00edsticas,<\/strong> considerando a cor da semente (amarela ou verde) a textura da casca (lisa ou rugosa) e a cor da casca da semente (branca ou cinza).<br><\/p>\n\n\n\n<p>Ao cruzar uma planta homozigota dominante para as tr\u00eas caracter\u00edsticas (cinza, lisa e amarela) com outra homozigota recessivas (branca, rugosa e verde), obt\u00e9m-se apenas ervilhas de fen\u00f3tipo dominante, ou seja, amarelas, lisas e cinza. Uma gera\u00e7\u00e3o F1 de indiv\u00edduos heterozigotos para os tr\u00eas pares de genes (VvRrBb).<br><\/p>\n\n\n\n<p>Cruzando as plantas da F1 entre si, os indiv\u00edduos da F2 podem nascer com <strong>8 fen\u00f3tipos diferentes,<\/strong> na propor\u00e7\u00e3o de 27:9:9:9:3:3:3:1 !<br><\/p>\n\n\n\n<ul><li>N\u00e3o deixe de conferir nossos <a href=\"https:\/\/beduka.com\/blog\/exercicios\/biologia-exercicios\/questoes-vestibular-sobre-genetica\/\" target=\"_blank\" rel=\"noreferrer noopener\" aria-label=\" (abre numa nova aba)\">exerc\u00edcios sobre Gen\u00e9tica<\/a> ou os exerc\u00edcios sobre a Segunda Lei de Mendel!<\/li><\/ul>\n\n\n\n<p>Gostou do nosso artigo sobre qual \u00e9 a Segunda Lei de Mendel? Confira outros artigos do nosso blog e se prepare para o Enem da melhor maneira! Voc\u00ea tamb\u00e9m pode se organizar com o nosso <a href=\"https:\/\/beduka.com\/blog\/dicas\/enem-dicas\/plano-de-estudos-gratuito\/\" target=\"_blank\" rel=\"noreferrer noopener\" aria-label=\" (abre numa nova aba)\">plano de estudos<\/a>, o mais completo da internet, e o melhor: totalmente gratuito!<br><\/p>\n\n\n\n<p>Queremos te ajudar a encontrar a FACULDADE IDEAL! Logo abaixo, fa\u00e7a uma pesquisa por curso e cidade que te mostraremos todas as faculdades que podem te atender. Informamos a nota de corte, valor de mensalidade, nota do MEC, avalia\u00e7\u00e3o dos alunos, modalidades de ensino e muito mais.<br><\/p>\n\n\n\n<p>Experimente agora!<br><\/p>\n","protected":false},"excerpt":{"rendered":"<p>A Segunda Lei de Mendel, tamb\u00e9m conhecida como Lei da segrega\u00e7\u00e3o Independente, diz que os genes respons\u00e1veis para duas ou mais caracter\u00edsticas separam-se de forma independente durante a forma\u00e7\u00e3o dos gametas e se combinam ao acaso. Portanto, uma caracter\u00edstica de cor, por exemplo, n\u00e3o determina a caracter\u00edstica textura. Neste artigo sobre a Segunda Lei de [&hellip;]<\/p>\n","protected":false},"author":1,"featured_media":17078,"comment_status":"open","ping_status":"closed","sticky":false,"template":"","format":"standard","meta":{"_mi_skip_tracking":false,"_monsterinsights_sitenote_active":false,"_monsterinsights_sitenote_note":"","_monsterinsights_sitenote_category":0},"categories":[495],"tags":[],"yoast_head":"<!-- This site is optimized with the Yoast SEO plugin v20.10 - https:\/\/yoast.com\/wordpress\/plugins\/seo\/ -->\n<title>Resumo da Segunda Lei de Mendel: Experimento, Explica\u00e7\u00e3o e Exemplos!<\/title>\n<meta name=\"description\" content=\"TUDO sobre a Segunda Lei de Mendel: resumo com imagens, exemplos de exerc\u00edcios, defini\u00e7\u00e3o e como foi o experimento que levou \u00e0 descoberta!\" \/>\n<meta name=\"robots\" content=\"index, follow, max-snippet:-1, max-image-preview:large, max-video-preview:-1\" \/>\n<link rel=\"canonical\" href=\"https:\/\/beduka.com\/blog\/materias\/biologia\/segunda-lei-de-mendel\/\" \/>\n<meta property=\"og:locale\" content=\"pt_BR\" \/>\n<meta property=\"og:type\" content=\"article\" \/>\n<meta property=\"og:title\" content=\"Resumo da Segunda Lei de Mendel: Experimento, Explica\u00e7\u00e3o e Exemplos!\" \/>\n<meta property=\"og:description\" content=\"TUDO sobre a Segunda Lei de Mendel: resumo com imagens, exemplos de exerc\u00edcios, defini\u00e7\u00e3o e como foi o experimento que levou \u00e0 descoberta!\" \/>\n<meta property=\"og:url\" content=\"https:\/\/beduka.com\/blog\/materias\/biologia\/segunda-lei-de-mendel\/\" \/>\n<meta property=\"og:site_name\" content=\"Blog do Beduka | Mat\u00e9rias resumidas, Dicas e Exerc\u00edcios Enem\" \/>\n<meta property=\"article:publisher\" content=\"https:\/\/www.facebook.com\/beduka.buscadordefaculdades\/\" \/>\n<meta property=\"article:author\" content=\"https:\/\/www.facebook.com\/beduka.buscadordefaculdades\" \/>\n<meta property=\"article:published_time\" content=\"2020-07-24T14:40:52+00:00\" \/>\n<meta property=\"article:modified_time\" content=\"2020-07-24T14:40:53+00:00\" \/>\n<meta property=\"og:image\" content=\"https:\/\/beduka.com\/blog\/wp-content\/uploads\/2020\/07\/Entenda-de-uma-vez-por-todas-a-Segunda-Lei-de-Mendel-e-o-experimento-com-as-ervilhas.jpg\" \/>\n\t<meta property=\"og:image:width\" content=\"600\" \/>\n\t<meta property=\"og:image:height\" content=\"300\" \/>\n\t<meta property=\"og:image:type\" content=\"image\/jpeg\" \/>\n<meta name=\"author\" content=\"Reda\u00e7\u00e3o Beduka (a)\" \/>\n<meta name=\"twitter:card\" content=\"summary_large_image\" \/>\n<meta name=\"twitter:label1\" content=\"Escrito por\" \/>\n\t<meta name=\"twitter:data1\" content=\"Reda\u00e7\u00e3o Beduka (a)\" \/>\n\t<meta name=\"twitter:label2\" content=\"Est. tempo de leitura\" \/>\n\t<meta name=\"twitter:data2\" content=\"5 minutos\" \/>\n<script type=\"application\/ld+json\" class=\"yoast-schema-graph\">{\"@context\":\"https:\/\/schema.org\",\"@graph\":[{\"@type\":\"Article\",\"@id\":\"https:\/\/beduka.com\/blog\/materias\/biologia\/segunda-lei-de-mendel\/#article\",\"isPartOf\":{\"@id\":\"https:\/\/beduka.com\/blog\/materias\/biologia\/segunda-lei-de-mendel\/\"},\"author\":{\"name\":\"Reda\u00e7\u00e3o Beduka (a)\",\"@id\":\"https:\/\/beduka.com\/blog\/#\/schema\/person\/325d912d2cb8dd9ede8ab291427d2b8a\"},\"headline\":\"Entenda de uma vez por todas a Segunda Lei de Mendel! Resumo completo com as informa\u00e7\u00f5es mais importantes!\",\"datePublished\":\"2020-07-24T14:40:52+00:00\",\"dateModified\":\"2020-07-24T14:40:53+00:00\",\"mainEntityOfPage\":{\"@id\":\"https:\/\/beduka.com\/blog\/materias\/biologia\/segunda-lei-de-mendel\/\"},\"wordCount\":1023,\"commentCount\":0,\"publisher\":{\"@id\":\"https:\/\/beduka.com\/blog\/#organization\"},\"articleSection\":[\"Biologia\"],\"inLanguage\":\"pt-BR\",\"potentialAction\":[{\"@type\":\"CommentAction\",\"name\":\"Comment\",\"target\":[\"https:\/\/beduka.com\/blog\/materias\/biologia\/segunda-lei-de-mendel\/#respond\"]}]},{\"@type\":\"WebPage\",\"@id\":\"https:\/\/beduka.com\/blog\/materias\/biologia\/segunda-lei-de-mendel\/\",\"url\":\"https:\/\/beduka.com\/blog\/materias\/biologia\/segunda-lei-de-mendel\/\",\"name\":\"Resumo da Segunda Lei de Mendel: Experimento, Explica\u00e7\u00e3o e Exemplos!\",\"isPartOf\":{\"@id\":\"https:\/\/beduka.com\/blog\/#website\"},\"datePublished\":\"2020-07-24T14:40:52+00:00\",\"dateModified\":\"2020-07-24T14:40:53+00:00\",\"description\":\"TUDO sobre a Segunda Lei de Mendel: resumo com imagens, exemplos de exerc\u00edcios, defini\u00e7\u00e3o e como foi o experimento que levou \u00e0 descoberta!\",\"breadcrumb\":{\"@id\":\"https:\/\/beduka.com\/blog\/materias\/biologia\/segunda-lei-de-mendel\/#breadcrumb\"},\"inLanguage\":\"pt-BR\",\"potentialAction\":[{\"@type\":\"ReadAction\",\"target\":[\"https:\/\/beduka.com\/blog\/materias\/biologia\/segunda-lei-de-mendel\/\"]}]},{\"@type\":\"BreadcrumbList\",\"@id\":\"https:\/\/beduka.com\/blog\/materias\/biologia\/segunda-lei-de-mendel\/#breadcrumb\",\"itemListElement\":[{\"@type\":\"ListItem\",\"position\":1,\"name\":\"Home\",\"item\":\"https:\/\/beduka.com\/blog\/\"},{\"@type\":\"ListItem\",\"position\":2,\"name\":\"Entenda de uma vez por todas a Segunda Lei de Mendel! Resumo completo com as informa\u00e7\u00f5es mais importantes!\"}]},{\"@type\":\"WebSite\",\"@id\":\"https:\/\/beduka.com\/blog\/#website\",\"url\":\"https:\/\/beduka.com\/blog\/\",\"name\":\"Blog do Beduka | Mat\u00e9rias resumidas, Dicas e Exerc\u00edcios Enem\",\"description\":\"O Blog do Beduka tem os conte\u00fados que mais caem no Enem, exerc\u00edcios de vestibular com gabarito, resumos, dicas e informa\u00e7\u00f5es Sisu, Prouni e Fies.Encontre dicas para o ENEM, resumos, exerc\u00edcios e informa\u00e7\u00f5es sobre os vestibulares. Acesse agora!\",\"publisher\":{\"@id\":\"https:\/\/beduka.com\/blog\/#organization\"},\"potentialAction\":[{\"@type\":\"SearchAction\",\"target\":{\"@type\":\"EntryPoint\",\"urlTemplate\":\"https:\/\/beduka.com\/blog\/?s={search_term_string}\"},\"query-input\":\"required name=search_term_string\"}],\"inLanguage\":\"pt-BR\"},{\"@type\":\"Organization\",\"@id\":\"https:\/\/beduka.com\/blog\/#organization\",\"name\":\"Beduka\",\"url\":\"https:\/\/beduka.com\/blog\/\",\"logo\":{\"@type\":\"ImageObject\",\"inLanguage\":\"pt-BR\",\"@id\":\"https:\/\/beduka.com\/blog\/#\/schema\/logo\/image\/\",\"url\":\"https:\/\/beduka.com\/blog\/wp-content\/uploads\/2020\/06\/marca-beduka.png\",\"contentUrl\":\"https:\/\/beduka.com\/blog\/wp-content\/uploads\/2020\/06\/marca-beduka.png\",\"width\":1077,\"height\":368,\"caption\":\"Beduka\"},\"image\":{\"@id\":\"https:\/\/beduka.com\/blog\/#\/schema\/logo\/image\/\"},\"sameAs\":[\"https:\/\/www.facebook.com\/beduka.buscadordefaculdades\/\",\"https:\/\/www.instagram.com\/beduka_oficial\/\",\"https:\/\/www.linkedin.com\/company\/beduka\",\"https:\/\/br.pinterest.com\/bedukaoficial\/\",\"https:\/\/www.youtube.com\/beduka\"]},{\"@type\":\"Person\",\"@id\":\"https:\/\/beduka.com\/blog\/#\/schema\/person\/325d912d2cb8dd9ede8ab291427d2b8a\",\"name\":\"Reda\u00e7\u00e3o Beduka (a)\",\"image\":{\"@type\":\"ImageObject\",\"inLanguage\":\"pt-BR\",\"@id\":\"https:\/\/beduka.com\/blog\/#\/schema\/person\/image\/\",\"url\":\"https:\/\/secure.gravatar.com\/avatar\/6f58a181ef24e0dc0bb73f096aa0f8b5?s=96&d=mm&r=g\",\"contentUrl\":\"https:\/\/secure.gravatar.com\/avatar\/6f58a181ef24e0dc0bb73f096aa0f8b5?s=96&d=mm&r=g\",\"caption\":\"Reda\u00e7\u00e3o Beduka (a)\"},\"description\":\"Este conte\u00fado foi criado e validado por uma equipe multidisciplinar, formada por especialistas em cada \u00e1rea do conhecimento. O Beduka est\u00e1 presente no Instagram, YouTube, LinkedIn e em diversos outros ambientes digitais. O site foi criado em 2017 e, desde a sua funda\u00e7\u00e3o, atua para fornecer materiais de qualidade para facilitar a vida de estudantes de todo o Brasil, ajudando-os a se preparar para os principais vestibulares e o Enem.\",\"sameAs\":[\"https:\/\/www.facebook.com\/beduka.buscadordefaculdades\",\"https:\/\/www.instagram.com\/beduka_oficial\/\",\"https:\/\/br.pinterest.com\/bedukaoficial\/\"],\"url\":\"https:\/\/beduka.com\/blog\/author\/admin\/\"}]}<\/script>\n<!-- \/ Yoast SEO plugin. -->","yoast_head_json":{"title":"Resumo da Segunda Lei de Mendel: Experimento, Explica\u00e7\u00e3o e Exemplos!","description":"TUDO sobre a Segunda Lei de Mendel: resumo com imagens, exemplos de exerc\u00edcios, defini\u00e7\u00e3o e como foi o experimento que levou \u00e0 descoberta!","robots":{"index":"index","follow":"follow","max-snippet":"max-snippet:-1","max-image-preview":"max-image-preview:large","max-video-preview":"max-video-preview:-1"},"canonical":"https:\/\/beduka.com\/blog\/materias\/biologia\/segunda-lei-de-mendel\/","og_locale":"pt_BR","og_type":"article","og_title":"Resumo da Segunda Lei de Mendel: Experimento, Explica\u00e7\u00e3o e Exemplos!","og_description":"TUDO sobre a Segunda Lei de Mendel: resumo com imagens, exemplos de exerc\u00edcios, defini\u00e7\u00e3o e como foi o experimento que levou \u00e0 descoberta!","og_url":"https:\/\/beduka.com\/blog\/materias\/biologia\/segunda-lei-de-mendel\/","og_site_name":"Blog do Beduka | Mat\u00e9rias resumidas, Dicas e Exerc\u00edcios Enem","article_publisher":"https:\/\/www.facebook.com\/beduka.buscadordefaculdades\/","article_author":"https:\/\/www.facebook.com\/beduka.buscadordefaculdades","article_published_time":"2020-07-24T14:40:52+00:00","article_modified_time":"2020-07-24T14:40:53+00:00","og_image":[{"width":600,"height":300,"url":"https:\/\/beduka.com\/blog\/wp-content\/uploads\/2020\/07\/Entenda-de-uma-vez-por-todas-a-Segunda-Lei-de-Mendel-e-o-experimento-com-as-ervilhas.jpg","type":"image\/jpeg"}],"author":"Reda\u00e7\u00e3o Beduka (a)","twitter_card":"summary_large_image","twitter_misc":{"Escrito por":"Reda\u00e7\u00e3o Beduka (a)","Est. tempo de leitura":"5 minutos"},"schema":{"@context":"https:\/\/schema.org","@graph":[{"@type":"Article","@id":"https:\/\/beduka.com\/blog\/materias\/biologia\/segunda-lei-de-mendel\/#article","isPartOf":{"@id":"https:\/\/beduka.com\/blog\/materias\/biologia\/segunda-lei-de-mendel\/"},"author":{"name":"Reda\u00e7\u00e3o Beduka (a)","@id":"https:\/\/beduka.com\/blog\/#\/schema\/person\/325d912d2cb8dd9ede8ab291427d2b8a"},"headline":"Entenda de uma vez por todas a Segunda Lei de Mendel! Resumo completo com as informa\u00e7\u00f5es mais importantes!","datePublished":"2020-07-24T14:40:52+00:00","dateModified":"2020-07-24T14:40:53+00:00","mainEntityOfPage":{"@id":"https:\/\/beduka.com\/blog\/materias\/biologia\/segunda-lei-de-mendel\/"},"wordCount":1023,"commentCount":0,"publisher":{"@id":"https:\/\/beduka.com\/blog\/#organization"},"articleSection":["Biologia"],"inLanguage":"pt-BR","potentialAction":[{"@type":"CommentAction","name":"Comment","target":["https:\/\/beduka.com\/blog\/materias\/biologia\/segunda-lei-de-mendel\/#respond"]}]},{"@type":"WebPage","@id":"https:\/\/beduka.com\/blog\/materias\/biologia\/segunda-lei-de-mendel\/","url":"https:\/\/beduka.com\/blog\/materias\/biologia\/segunda-lei-de-mendel\/","name":"Resumo da Segunda Lei de Mendel: Experimento, Explica\u00e7\u00e3o e Exemplos!","isPartOf":{"@id":"https:\/\/beduka.com\/blog\/#website"},"datePublished":"2020-07-24T14:40:52+00:00","dateModified":"2020-07-24T14:40:53+00:00","description":"TUDO sobre a Segunda Lei de Mendel: resumo com imagens, exemplos de exerc\u00edcios, defini\u00e7\u00e3o e como foi o experimento que levou \u00e0 descoberta!","breadcrumb":{"@id":"https:\/\/beduka.com\/blog\/materias\/biologia\/segunda-lei-de-mendel\/#breadcrumb"},"inLanguage":"pt-BR","potentialAction":[{"@type":"ReadAction","target":["https:\/\/beduka.com\/blog\/materias\/biologia\/segunda-lei-de-mendel\/"]}]},{"@type":"BreadcrumbList","@id":"https:\/\/beduka.com\/blog\/materias\/biologia\/segunda-lei-de-mendel\/#breadcrumb","itemListElement":[{"@type":"ListItem","position":1,"name":"Home","item":"https:\/\/beduka.com\/blog\/"},{"@type":"ListItem","position":2,"name":"Entenda de uma vez por todas a Segunda Lei de Mendel! Resumo completo com as informa\u00e7\u00f5es mais importantes!"}]},{"@type":"WebSite","@id":"https:\/\/beduka.com\/blog\/#website","url":"https:\/\/beduka.com\/blog\/","name":"Blog do Beduka | Mat\u00e9rias resumidas, Dicas e Exerc\u00edcios Enem","description":"O Blog do Beduka tem os conte\u00fados que mais caem no Enem, exerc\u00edcios de vestibular com gabarito, resumos, dicas e informa\u00e7\u00f5es Sisu, Prouni e Fies.Encontre dicas para o ENEM, resumos, exerc\u00edcios e informa\u00e7\u00f5es sobre os vestibulares. Acesse agora!","publisher":{"@id":"https:\/\/beduka.com\/blog\/#organization"},"potentialAction":[{"@type":"SearchAction","target":{"@type":"EntryPoint","urlTemplate":"https:\/\/beduka.com\/blog\/?s={search_term_string}"},"query-input":"required name=search_term_string"}],"inLanguage":"pt-BR"},{"@type":"Organization","@id":"https:\/\/beduka.com\/blog\/#organization","name":"Beduka","url":"https:\/\/beduka.com\/blog\/","logo":{"@type":"ImageObject","inLanguage":"pt-BR","@id":"https:\/\/beduka.com\/blog\/#\/schema\/logo\/image\/","url":"https:\/\/beduka.com\/blog\/wp-content\/uploads\/2020\/06\/marca-beduka.png","contentUrl":"https:\/\/beduka.com\/blog\/wp-content\/uploads\/2020\/06\/marca-beduka.png","width":1077,"height":368,"caption":"Beduka"},"image":{"@id":"https:\/\/beduka.com\/blog\/#\/schema\/logo\/image\/"},"sameAs":["https:\/\/www.facebook.com\/beduka.buscadordefaculdades\/","https:\/\/www.instagram.com\/beduka_oficial\/","https:\/\/www.linkedin.com\/company\/beduka","https:\/\/br.pinterest.com\/bedukaoficial\/","https:\/\/www.youtube.com\/beduka"]},{"@type":"Person","@id":"https:\/\/beduka.com\/blog\/#\/schema\/person\/325d912d2cb8dd9ede8ab291427d2b8a","name":"Reda\u00e7\u00e3o Beduka (a)","image":{"@type":"ImageObject","inLanguage":"pt-BR","@id":"https:\/\/beduka.com\/blog\/#\/schema\/person\/image\/","url":"https:\/\/secure.gravatar.com\/avatar\/6f58a181ef24e0dc0bb73f096aa0f8b5?s=96&d=mm&r=g","contentUrl":"https:\/\/secure.gravatar.com\/avatar\/6f58a181ef24e0dc0bb73f096aa0f8b5?s=96&d=mm&r=g","caption":"Reda\u00e7\u00e3o Beduka (a)"},"description":"Este conte\u00fado foi criado e validado por uma equipe multidisciplinar, formada por especialistas em cada \u00e1rea do conhecimento. O Beduka est\u00e1 presente no Instagram, YouTube, LinkedIn e em diversos outros ambientes digitais. O site foi criado em 2017 e, desde a sua funda\u00e7\u00e3o, atua para fornecer materiais de qualidade para facilitar a vida de estudantes de todo o Brasil, ajudando-os a se preparar para os principais vestibulares e o Enem.","sameAs":["https:\/\/www.facebook.com\/beduka.buscadordefaculdades","https:\/\/www.instagram.com\/beduka_oficial\/","https:\/\/br.pinterest.com\/bedukaoficial\/"],"url":"https:\/\/beduka.com\/blog\/author\/admin\/"}]}},"_links":{"self":[{"href":"https:\/\/beduka.com\/blog\/wp-json\/wp\/v2\/posts\/17073"}],"collection":[{"href":"https:\/\/beduka.com\/blog\/wp-json\/wp\/v2\/posts"}],"about":[{"href":"https:\/\/beduka.com\/blog\/wp-json\/wp\/v2\/types\/post"}],"author":[{"embeddable":true,"href":"https:\/\/beduka.com\/blog\/wp-json\/wp\/v2\/users\/1"}],"replies":[{"embeddable":true,"href":"https:\/\/beduka.com\/blog\/wp-json\/wp\/v2\/comments?post=17073"}],"version-history":[{"count":1,"href":"https:\/\/beduka.com\/blog\/wp-json\/wp\/v2\/posts\/17073\/revisions"}],"predecessor-version":[{"id":17079,"href":"https:\/\/beduka.com\/blog\/wp-json\/wp\/v2\/posts\/17073\/revisions\/17079"}],"wp:featuredmedia":[{"embeddable":true,"href":"https:\/\/beduka.com\/blog\/wp-json\/wp\/v2\/media\/17078"}],"wp:attachment":[{"href":"https:\/\/beduka.com\/blog\/wp-json\/wp\/v2\/media?parent=17073"}],"wp:term":[{"taxonomy":"category","embeddable":true,"href":"https:\/\/beduka.com\/blog\/wp-json\/wp\/v2\/categories?post=17073"},{"taxonomy":"post_tag","embeddable":true,"href":"https:\/\/beduka.com\/blog\/wp-json\/wp\/v2\/tags?post=17073"}],"curies":[{"name":"wp","href":"https:\/\/api.w.org\/{rel}","templated":true}]}}