{"id":17176,"date":"2020-07-30T11:59:37","date_gmt":"2020-07-30T14:59:37","guid":{"rendered":"https:\/\/beduka.com\/blog\/?p=17176"},"modified":"2023-04-03T16:37:03","modified_gmt":"2023-04-03T19:37:03","slug":"questoes-sobre-adam-smith","status":"publish","type":"post","link":"https:\/\/beduka.com\/blog\/exercicios\/filosofia-exercicios\/questoes-sobre-adam-smith\/","title":{"rendered":"Quest\u00f5es sobre Adam Smith com GABARITO"},"content":{"rendered":"\n<blockquote class=\"wp-block-quote\"><p><strong><em>Adam Smith foi um economista e fil\u00f3sofo social do iluminismo escoc\u00eas. Ele \u00e9 visto como pai do liberalismo econ\u00f4mico por defender o livre mercado e a divis\u00e3o do trabalho, al\u00e9m de outros aspectos e pr\u00e1ticas capitalistas. Separamos algumas quest\u00f5es sobre Adam Smith no final do texto, ent\u00e3o leia com aten\u00e7\u00e3o.&nbsp;&nbsp;<\/em><\/strong><br><\/p><\/blockquote>\n\n\n\n<p>Quando terminar fa\u00e7a nosso <a href=\"https:\/\/beduka.com\/simulado-enem\/#\/\" target=\"_blank\" rel=\"noreferrer noopener\" aria-label=\" (abre numa nova aba)\">Simulado Enem<\/a>. Nele voc\u00ea pode focar nas mat\u00e9rias que tem mais mais dificuldade e elas s\u00e3o corrigidas na hora por sistema TRI.&nbsp;<\/p>\n\n\n\n<h2 class=\"wp-block-heading\">Biografia de Adam Smith<\/h2>\n\n\n\n<p>Adam Smith nasceu em <strong>16 de julho de 1723<\/strong> na cidade escocesa portu\u00e1ria de <strong>Kirkcaldy<\/strong>. Era filho de um <strong>advogado<\/strong> de quem herdava o mesmo nome e sua m\u00e3e se chamava <strong>Margaret Douglas<\/strong>. Smith come\u00e7ou a se familiarizar com as<strong> formas de produ\u00e7\u00e3o<\/strong> observando uma <strong>f\u00e1brica de alfinetes<\/strong>, a <strong>\u00fanica<\/strong> atividade industrial que havia na cidade.&nbsp;<br><\/p>\n\n\n\n<p>Seu pai morreu quando tinha<strong> dois meses<\/strong>. Estudou no Col\u00e9gio <em>\u201cBurgh School of Kirkcaldy\u201d <\/em>e com 14 anos, come\u00e7ou a cursar filosofia na <strong>Universidade de<\/strong> <strong>Glasgow<\/strong>. A essa altura j\u00e1 sabia <strong>matem\u00e1tica, hist\u00f3ria, latim e escrita<\/strong>. Graduou-se em 1740 e ganhou uma bolsa de estudos no <em>\u201cBalliol College\u201d, <\/em>em <strong>Oxford<\/strong>.<br><\/p>\n\n\n\n<p>Virou professor da <strong>C\u00e1tedra de L\u00f3gica<\/strong> da mesma Universidade de Glasgow em que estudou. Dava as mat\u00e9rias de <strong>ret\u00f3rica e filosofia<\/strong>. Mais tarde, foi eleito <strong>reitor<\/strong> e virou amigo do homem que mais inspiraria suas teorias: <strong>David Hume<\/strong>.&nbsp;&nbsp;<br><\/p>\n\n\n\n<p>Tamb\u00e9m foi tutor do duque de <strong>Buccleuch<\/strong>. O acompanhava nas viagens para Toulouse e Paris na Fran\u00e7a e Genebra, na Su\u00ed\u00e7a. Smith ainda foi <strong>inspetor<\/strong> da alf\u00e2ndega em Edimburgo, cidade onde <strong>faleceu<\/strong>.&nbsp;<br><\/p>\n\n\n\n<p>Pouco se sabe de sua <strong>vida \u00edntima<\/strong>, apenas que era bem <strong>pr\u00f3ximo de sua m\u00e3e<\/strong>, que nunca se casou e que foi <strong>raptado<\/strong> por ciganos com 4 anos. Por\u00e9m, rapidamente<strong> resgatado<\/strong>.<br><\/p>\n\n\n\n<p>Alguns detalhes sobre <strong>David Hume<\/strong>, fil\u00f3sofo que inspirou suas principais ideias antes que voc\u00ea fa\u00e7a as quest\u00f5es sobre Adam Smith.&nbsp;<\/p>\n\n\n\n<h2 class=\"wp-block-heading\">Principal influ\u00eancia&nbsp;<\/h2>\n\n\n\n<p>A principal influ\u00eancia de Adam Smith foi fil\u00f3sofo escoc\u00eas <strong>David Hume<\/strong>. Hume defendia a <strong>moral natural<\/strong>. Ela se sustentava sobre as morais de <strong>ego\u00edsmo e altru\u00edsmo<\/strong>.&nbsp;<br><\/p>\n\n\n\n<p>Essa teoria dizia que a <strong>sobreviv\u00eancia<\/strong> era um motivador melhor para o ser humano do que a pr\u00f3pria<strong> bondade<\/strong>. Isso era bom porque ao pensar no melhor para <strong>si<\/strong>,o homem acaba fazendo o melhor para o seu <strong>entorno<\/strong> tamb\u00e9m. Isso seria uma <strong>consequ\u00eancia natural<\/strong>.&nbsp;&nbsp;&nbsp;<br><\/p>\n\n\n\n<p>Baseado nessa teoria, Adam Smith lan\u00e7a sua <strong>primeira grande obra<\/strong>: <em>\u201cTeoria dos sentimentos morais\u201d. <\/em>Nessa obra, ela analisa o <strong>comportamento humano e sua <a href=\"https:\/\/beduka.com\/blog\/materias\/filosofia\/etica-x-moral\/\" target=\"_blank\" rel=\"noreferrer noopener\" aria-label=\" (abre numa nova aba)\">moral<\/a><\/strong> para entender as principais <strong>motiva\u00e7\u00f5es<\/strong> das pessoas.<\/p>\n\n\n\n<h2 class=\"wp-block-heading\">Filosofia de Adam Smith<\/h2>\n\n\n\n<p>Lembrando que Adam Smith era um economista, sua filosofia era muito voltada para o padr\u00e3o econ\u00f4mico. Vamos ver algumas de suas teorias para voc\u00ea acertar as quest\u00f5es sobre Adam Smith.<\/p>\n\n\n\n<h3 class=\"wp-block-heading\">A Riqueza das Na\u00e7\u00f5es de Adam Smith<\/h3>\n\n\n<div class=\"wp-block-image\">\n<figure class=\"aligncenter\"><img decoding=\"async\" loading=\"lazy\" width=\"600\" height=\"300\" src=\"https:\/\/beduka.com\/blog\/wp-content\/uploads\/2020\/07\/A_Riqueza_das_Na\u00e7oes_de_Adam_Smith.jpg\" alt=\"A Riqueza das Na\u00e7oes de Adam Smith\" class=\"wp-image-17178\" srcset=\"https:\/\/beduka.com\/blog\/wp-content\/uploads\/2020\/07\/A_Riqueza_das_Na\u00e7oes_de_Adam_Smith.jpg 600w, https:\/\/beduka.com\/blog\/wp-content\/uploads\/2020\/07\/A_Riqueza_das_Na\u00e7oes_de_Adam_Smith-300x150.jpg 300w, https:\/\/beduka.com\/blog\/wp-content\/uploads\/2020\/07\/A_Riqueza_das_Na\u00e7oes_de_Adam_Smith-320x160.jpg 320w\" sizes=\"(max-width: 600px) 100vw, 600px\" \/><figcaption>A Riqueza das Na\u00e7\u00f5es de Adam Smith<\/figcaption><\/figure><\/div>\n\n\n<p>Adam Smith precisou de <strong>40 anos<\/strong> para <strong>reunir conhecimento<\/strong> suficiente para bolar sua obra <em>\u201cRiqueza das Na\u00e7\u00f5es\u201d <\/em>que tem como nome completo <em>\u201cUma Investiga\u00e7\u00e3o sobre a Natureza e as Causas da Riqueza das Na\u00e7\u00f5es\u201d.&nbsp;<\/em><br><\/p>\n\n\n\n<p>Nela, ele tenta explicar a<strong> natureza do sistema econ\u00f4mico<\/strong> e as mudan\u00e7as que estavam acontecendo devido \u00e0 <a href=\"https:\/\/beduka.com\/blog\/exercicios\/historia-exercicios\/exercicios-sobre-revolucao-industrial\/\" target=\"_blank\" rel=\"noreferrer noopener\" aria-label=\" (abre numa nova aba)\">Revolu\u00e7\u00e3o Industrial<\/a> do <strong>s\u00e9culo XVIII<\/strong>.&nbsp;<\/p>\n\n\n\n<h3 class=\"wp-block-heading\">Natureza Econ\u00f4mica de Adam Smith<\/h3>\n\n\n\n<p>Smith dizia que a economia era <strong>movimentada pelos interesses individuais<\/strong>. Isso era uma coisa<strong> boa<\/strong>, pois quando voc\u00ea faz uma coisa buscando o <strong>melhor para si<\/strong>, consequentemente todos perto de voc\u00ea <strong>acabam beneficiados<\/strong>.&nbsp;<br><\/p>\n\n\n\n<p><strong>Por exemplo<\/strong>, imagine que voc\u00ea quer <strong>abrir uma padaria<\/strong> em seu bairro para <strong>ganhar dinheiro vendendo p\u00e3es e bolos<\/strong>. Voc\u00ea <strong>trabalha, acumula capital e abre a padaria<\/strong> visando uma <strong>satisfa\u00e7\u00e3o e um lucro individual<\/strong>. Em <strong>\u00faltima an\u00e1lise<\/strong> voc\u00ea est\u00e1 pensando <strong>apenas em si mesmo<\/strong>.<br><\/p>\n\n\n\n<p>Contudo, ao abrir a sua padaria voc\u00ea <strong>automaticamente melhora o padr\u00e3o de vida de todas as pessoas<\/strong> na sua regi\u00e3o, porque voc\u00ea estar\u00e1 <strong>disponibilizando um produto importante<\/strong> para <strong>alimenta\u00e7\u00e3o delas<\/strong>. Ou seja, o seu servi\u00e7o com<strong> inten\u00e7\u00f5es puramente individualistas<\/strong>, por consequ\u00eancia <strong>ajuda as outras pessoas<\/strong>.&nbsp;&nbsp;<br><\/p>\n\n\n\n<p>Veja a cita\u00e7\u00e3o de Smith que dizia isso:<br><\/p>\n\n\n\n<blockquote class=\"wp-block-quote\"><p>\u201c<em>Todo indiv\u00edduo necessariamente trabalha no sentido de fazer com que o rendimento anual da sociedade seja o maior poss\u00edvel. Na verdade, ele geralmente n\u00e3o tem inten\u00e7\u00e3o de promover o interesse p\u00fablico, nem sabe o quanto o promove. Ao preferir dar sustento mais \u00e0 atividade dom\u00e9stica que \u00e0 exterior, ele tem em vista apenas sua pr\u00f3pria seguran\u00e7a; e, ao dirigir essa atividade de maneira que sua produ\u00e7\u00e3o seja de maior valor poss\u00edvel, ele tem em vista apenas seu pr\u00f3prio lucro, e neste caso, como em muitos outros, ele \u00e9 guiado por uma m\u00e3o invis\u00edvel a promover um fim que n\u00e3o fazia parte de sua inten\u00e7\u00e3o. E o fato de este fim n\u00e3o fazer parte de sua inten\u00e7\u00e3o nem sempre \u00e9 o pior para a sociedade. Ao buscar seu pr\u00f3prio interesse, frequentemente ele promove o da sociedade de maneira mais eficiente do que quando realmente tem a inten\u00e7\u00e3o de promov\u00ea-lo.<\/em>\u201d<\/p><\/blockquote>\n\n\n\n<h3 class=\"wp-block-heading\">M\u00e3o Invis\u00edvel de Adam Smith<\/h3>\n\n\n\n<p>A <strong>\u201cm\u00e3o invis\u00edvel\u201d<\/strong> se tornaria um<strong> lema<\/strong> do <a href=\"https:\/\/beduka.com\/blog\/materias\/historia\/o-que-e-liberalismo\/\" target=\"_blank\" rel=\"noreferrer noopener\" aria-label=\" (abre numa nova aba)\">liberalismo<\/a> dentro da<strong> economia<\/strong>. Smith a usa para explicar a <strong>prefer\u00eancia<\/strong> das pessoas por<strong> produtos nacionais do que estrangeiros<\/strong>. Ele tamb\u00e9m \u00e9 usado para explicar as <strong>leis de mercado e as leis de oferta e demanda<\/strong>.&nbsp;<br><\/p>\n\n\n\n<p>Veja essa passagem de Adam sobre a m\u00e3o invis\u00edvel:<br><\/p>\n\n\n\n<blockquote class=\"wp-block-quote\"><p><em>&#8220;O indiv\u00edduo, ao preferir dar apoio \u00e0 ind\u00fastria de seu pa\u00eds, mais do que \u00e0 estrangeira, se prop\u00f5e unicamente buscar sua pr\u00f3pria seguran\u00e7a (&#8230;) em este como em muitos outros casos, uma m\u00e3o invis\u00edvel o leva a fomentar uma atividade que n\u00e3o entrava nos seus prop\u00f3sitos&#8221;.<\/em><\/p><\/blockquote>\n\n\n\n<h3 class=\"wp-block-heading\">Divis\u00e3o do trabalho para Adam Smith<\/h3>\n\n\n\n<p>Adam Smith <strong>defendia fortemente a divis\u00e3o do trabalho<\/strong>. Ele acreditava que se cada trabalhador fosse respons\u00e1vel por <strong>uma parte<\/strong> espec\u00edfica da produ\u00e7\u00e3o, isso criaria uma <strong>m\u00e3o-de-obra<\/strong> com uma <strong>qualidade dif\u00edcil de superar<\/strong>.&nbsp;<br><\/p>\n\n\n\n<p>Ele estendia essa teoria dizendo que <strong>cada pa\u00eds devia se especializar<\/strong> em desenvolver <strong>produtos espec\u00edficos e ent\u00e3o vend\u00ea-los no mercado<\/strong>.<\/p>\n\n\n\n<h3 class=\"wp-block-heading\">Mercantilismo para Adam Smith<\/h3>\n\n\n<div class=\"wp-block-image\">\n<figure class=\"aligncenter\"><img decoding=\"async\" loading=\"lazy\" width=\"600\" height=\"300\" src=\"https:\/\/beduka.com\/blog\/wp-content\/uploads\/2020\/07\/Mercantilismo_para_Adam_Smith.jpg\" alt=\"Mercantilismo para Adam Smith\" class=\"wp-image-17179\" srcset=\"https:\/\/beduka.com\/blog\/wp-content\/uploads\/2020\/07\/Mercantilismo_para_Adam_Smith.jpg 600w, https:\/\/beduka.com\/blog\/wp-content\/uploads\/2020\/07\/Mercantilismo_para_Adam_Smith-300x150.jpg 300w, https:\/\/beduka.com\/blog\/wp-content\/uploads\/2020\/07\/Mercantilismo_para_Adam_Smith-320x160.jpg 320w\" sizes=\"(max-width: 600px) 100vw, 600px\" \/><figcaption>Mercantilismo para Adam Smith<\/figcaption><\/figure><\/div>\n\n\n<p><strong>Mercantilismo<\/strong> era um conjunto de pr\u00e1ticas que envolviam <strong>interven\u00e7\u00e3o estatal<\/strong>, pois no <strong>s\u00e9culo XVIII<\/strong> vigorava a ideia de que <strong>riqueza era a quantidade de ouro e prata residentes nos cofres p\u00fablicos. <\/strong>&nbsp;&nbsp;&nbsp;&nbsp;<br><\/p>\n\n\n\n<p>Adam Smith <strong>odiava o mercantilismo<\/strong> por causa disso. Ele <strong>detestava a ideia de um Estado interventor na economia<\/strong>. Defendia a <strong>rela\u00e7\u00e3o contratual<\/strong> apenas entre <strong>patr\u00e3o e empregado<\/strong> e tamb\u00e9m a <strong>propriedade privada<\/strong>.&nbsp;<br><\/p>\n\n\n\n<p>Al\u00e9m disso, ele falava que <strong>dinheiro n\u00e3o \u00e9 riqueza<\/strong>. Riqueza \u00e9 a sua<strong> capacidade de produzir<\/strong>. <strong>Se voc\u00ea consegue produzir bastante, a\u00ed sim voc\u00ea \u00e9 rico<\/strong>.<\/p>\n\n\n\n<h3 class=\"wp-block-heading\">Fisiocracia <\/h3>\n\n\n<div class=\"wp-block-image\">\n<figure class=\"aligncenter\"><img decoding=\"async\" loading=\"lazy\" width=\"600\" height=\"300\" src=\"https:\/\/beduka.com\/blog\/wp-content\/uploads\/2020\/07\/Empres\u00e1rio_observando_o_sucesso.jpg\" alt=\"Empresario observando o sucesso\" class=\"wp-image-17180\" srcset=\"https:\/\/beduka.com\/blog\/wp-content\/uploads\/2020\/07\/Empres\u00e1rio_observando_o_sucesso.jpg 600w, https:\/\/beduka.com\/blog\/wp-content\/uploads\/2020\/07\/Empres\u00e1rio_observando_o_sucesso-300x150.jpg 300w, https:\/\/beduka.com\/blog\/wp-content\/uploads\/2020\/07\/Empres\u00e1rio_observando_o_sucesso-320x160.jpg 320w\" sizes=\"(max-width: 600px) 100vw, 600px\" \/><figcaption>Empres\u00e1rio observando o sucesso<\/figcaption><\/figure><\/div>\n\n\n<p>Entre <strong>1764 e 1766<\/strong>, Adam Smith viajou \u00e0 Fran\u00e7a e l\u00e1 conheceu <strong>Fran\u00e7ois Quesnay e Anne Robert Jacques Turgot<\/strong>, os homens que o fariam se interessar por <strong>economia<\/strong>. Eles se baseavam no <strong>poder da terra e dos propriet\u00e1rios, nos direitos naturais e na liberdade de vender e comprar.&nbsp;&nbsp;<\/strong><br><\/p>\n\n\n\n<p>Eles defendiam que a <strong>melhor forma de governo<\/strong> era deixar as coisas se resolverem por si mesmas. <strong>Sem interven\u00e7\u00e3o<\/strong>. Da\u00ed surgiu a express\u00e3o francesa <em>\u201claissez-faire\u201d <\/em>(deixai fazer).<br><\/p>\n\n\n\n<p>No ano seguinte Adam voltou \u00e0 Esc\u00f3cia para escrever sua <strong>obra mestra<\/strong>, mas por a Esc\u00f3cia estar ligada \u00e0 <strong>Inglaterra<\/strong> (onde come\u00e7ava a Revolu\u00e7\u00e3o Industrial) ela era <strong>mais desenvolvida<\/strong> que a Fran\u00e7a.&nbsp;<br><\/p>\n\n\n\n<p>Nessa \u00e9poca, um amigo de Adam chamado<strong> James Watt<\/strong> desenvolveu uma <strong>m\u00e1quina a vapor<\/strong> que iria <strong>revolucionar toda a economia<\/strong> e <strong>estrutura social<\/strong> da \u00e9poca. Adam Smith, infelizmente <strong>morreu antes de ver as grandes f\u00e1bricas,<\/strong> mas <strong>previu com precis\u00e3o as mudan\u00e7as que elas fariam na sociedade<\/strong>.&nbsp;<br><\/p>\n\n\n\n<p>Veja agora as principais obras desse fil\u00f3sofo economista e algumas de suas frases, antes de fazer as quest\u00f5es sobre Adam Smith.&nbsp;<\/p>\n\n\n\n<h2 class=\"wp-block-heading\">Obras de Adam <\/h2>\n\n\n\n<ul><li><em>Teoria dos Sentimentos Morais<\/em> (1759)<\/li><li><em>Uma investiga\u00e7\u00e3o sobre a natureza e as causas da riqueza das na\u00e7\u00f5es<\/em> (1776)<\/li><li><em>Ensaio sobre Temas Filos\u00f3ficos<\/em> (1795).<\/li><\/ul>\n\n\n\n<h2 class=\"wp-block-heading\">Frases de Adam <\/h2>\n\n\n\n<blockquote class=\"wp-block-quote\"><p><em>O que vai gerar a riqueza das na\u00e7\u00f5es \u00e9 o fato de cada indiv\u00edduo procurar o seu desenvolvimento e crescimento econ\u00f4mico pessoal.<\/em><\/p><p><em>Onde h\u00e1 grande propriedade, h\u00e1 grande desigualdade. Para um muito rico, h\u00e1 no m\u00ednimo quinhentos pobres, e a riqueza de poucos presume da indig\u00eancia de muitos.<\/em><\/p><p><em>A ci\u00eancia \u00e9 o grande ant\u00eddoto contra o veneno do entusiasmo e da supersti\u00e7\u00e3o.<\/em><\/p><p><em>\u00c9 injusto que toda a sociedade contribua para custear uma despesa cujo benef\u00edcio vai a apenas uma parte dessa sociedade.<\/em><\/p><p><em>\u00c9 o medo de perder seu emprego que restringe suas fraudes e corrige sua neglig\u00eancia.<\/em><\/p><p><em>A ambi\u00e7\u00e3o universal dos homens \u00e9 viver colhendo o que nunca plantaram.<\/em><\/p><p><em>A riqueza de uma na\u00e7\u00e3o se mede pela riqueza do povo e n\u00e3o pela riqueza dos pr\u00edncipes.<\/em><\/p><p><em>O verdadeiro valor das coisas \u00e9 o esfor\u00e7o e o problema de as adquirir.<\/em><\/p><p><em>Nenhuma na\u00e7\u00e3o pode florescer e ser feliz enquanto grande parte de seus membros for formada de pobres e miser\u00e1veis.&nbsp;<\/em><\/p><\/blockquote>\n\n\n\n<h2 class=\"wp-block-heading\">Quest\u00f5es sobre Adam Smith<\/h2>\n\n\n\n<p>Agora que voc\u00ea leu todo o texto pode fazer as quest\u00f5es sobre Adam Smith sem medo. Baixe tamb\u00e9m nosso <a href=\"https:\/\/beduka.com\/blog\/dicas\/enem-dicas\/plano-de-estudos-gratuito\/\">Plano de Estudos<\/a>, ele ser\u00e1 muito \u00fatil para voc\u00ea. Boa sorte nas suas provas!<br><\/p>\n\n\n\n<p><strong>1. (UEL PR\/2001)<\/strong> \u201c[O indiv\u00edduo], orientando sua atividade de tal maneira que sua produ\u00e7\u00e3o possa ser de maior valor, visa apenas o seu pr\u00f3prio ganho e, neste, como em muitos outros casos, \u00e9 levado como que por uma m\u00e3o invis\u00edvel a promover um objetivo que n\u00e3o fazia parte de suas inten\u00e7\u00f5es. (&#8230;) Ao perseguir seus pr\u00f3prios interesses, o indiv\u00edduo muitas vezes promove o interesse da sociedade muito mais eficazmente do que quando tenciona realmente promov\u00ea-lo.&#8221;<\/p>\n\n\n\n<p>(SMITH, A. A riqueza das na\u00e7\u00f5es. S\u00e3o Paulo: Abril Cultural, 1983, p. 379-380).<\/p>\n\n\n\n<p>Sobre o liberalismo, considere as seguintes afirmativas:<\/p>\n\n\n\n<p><strong>I &#8211;<\/strong> O liberalismo econ\u00f4mico, cujos princ\u00edpios, como o livre com\u00e9rcio, a propriedade privada e a lei de mercado, favoreceram o desenvolvimento do capitalismo, teve em Adam Smith um de seus principais fundadores.<\/p>\n\n\n\n<p><strong>II &#8211;<\/strong> A sistematiza\u00e7\u00e3o das an\u00e1lises econ\u00f4micas no livro Hist\u00f3ria da riqueza das na\u00e7\u00f5es contribuiu para a defini\u00e7\u00e3o da economia como ci\u00eancia.<\/p>\n\n\n\n<p><strong>III &#8211;<\/strong> No trecho acima, Adam Smith denunciou os males do individualismo e do ego\u00edsmo econ\u00f4mico.<\/p>\n\n\n\n<p><strong>IV &#8211;<\/strong> A \u201cm\u00e3o invis\u00edvel\u201d citada por Adam Smith \u00e9 uma met\u00e1fora que pode ser substitu\u00edda pela defini\u00e7\u00e3o liberal de mercado.<\/p>\n\n\n\n<p>Assinale a alternativa correta.<\/p>\n\n\n\n<p><strong>a)<\/strong> Apenas as afirmativas I, II e III s\u00e3o verdadeiras.<\/p>\n\n\n\n<p><strong>b)<\/strong> Apenas as afirmativas I, II e IV s\u00e3o verdadeiras.<\/p>\n\n\n\n<p><strong>c)<\/strong> Apenas as afirmativas II e III s\u00e3o verdadeiras.<\/p>\n\n\n\n<p><strong>d) <\/strong>Apenas as afirmativas I e IV s\u00e3o verdadeiras.<\/p>\n\n\n\n<p><strong>e)<\/strong> Todas as afirmativas s\u00e3o verdadeiras.<\/p>\n\n\n\n<p><strong>2. (UFTM MG\/2005)<\/strong> No livro A Riqueza das Na\u00e7\u00f5es, Adam Smith (1723-1790) lan\u00e7ou as bases do liberalismo econ\u00f4mico, cujas caracter\u00edsticas s\u00e3o<\/p>\n\n\n\n<p><strong>a)<\/strong> a agricultura como fonte de riqueza do pa\u00eds e a livre empresa.<\/p>\n\n\n\n<p><strong>b)<\/strong> o livre mercado e as restri\u00e7\u00f5es \u00e0 propriedade privada.<\/p>\n\n\n\n<p><strong>c)<\/strong> a interven\u00e7\u00e3o do Estado na economia e o livre com\u00e9rcio.<\/p>\n\n\n\n<p><strong>d)<\/strong> o trabalho como fonte de riqueza e a liberdade de concorr\u00eancia.<\/p>\n\n\n\n<p><strong>e)<\/strong> a liberdade de produ\u00e7\u00e3o e o protecionismo alfandeg\u00e1rio.<\/p>\n\n\n\n<p><strong>3. (UFRRJ\/2005)<\/strong> O texto a seguir se refere ao liberalismo econ\u00f4mico.<\/p>\n\n\n\n<p>\u201cA Escola de Manchester, conhecida tamb\u00e9m como Escola Cl\u00e1ssica, desenvolveu o pensamento econ\u00f4mico dominante na \u00e9poca do capitalismo industrial e liberal. Coube a Adam Smith formular em \u201cA Riqueza das Na\u00e7\u00f5es\u201d, que foi publicado em 1776, as ideias iniciais do Liberalismo Econ\u00f4mico, igualmente defendido por Davi Ricardo\u201d em \u201cPrinc\u00edpios da Economia Pol\u00edtica e do Imposto\u201d, Thomas Robert Malthus em \u201cEnsaio Sobre o Princ\u00edpio da Popula\u00e7\u00e3o\u201d e Jean Baptiste Say em \u201cTratado de Economia Pol\u00edtica\u201d.<\/p>\n\n\n\n<p>AQUINO, S. L. de A.; et alii. Hist\u00f3ria das sociedades modernas \u00e0s atuais. Rio de Janeiro: Ao Livro T\u00e9cnico, 1995, p. 1281.<\/p>\n\n\n\n<p>A obra Riqueza das Na\u00e7\u00f5es (1776), fundamental na evolu\u00e7\u00e3o do pensamento econ\u00f4mico, defendia, entre outras, a ideia de que<\/p>\n\n\n\n<p><strong>a)<\/strong> a grandeza de um Estado exige a planifica\u00e7\u00e3o e o dirigismo econ\u00f4mico.<\/p>\n\n\n\n<p><strong>b)<\/strong> o trabalho \u00e9 a fonte de riqueza, baseando-se no valor da lei da oferta e da procura.<\/p>\n\n\n\n<p><strong>c)<\/strong> a riqueza deve basear-se, fundamentalmente, na explora\u00e7\u00e3o dos recursos da natureza.<\/p>\n\n\n\n<p><strong>d)<\/strong> a \u201cmais-valia\u201d resultado da explora\u00e7\u00e3o do trabalhador deve ser suprimida.<\/p>\n\n\n\n<p><strong>e)<\/strong> a socializa\u00e7\u00e3o dos meios de produ\u00e7\u00e3o e distribui\u00e7\u00e3o aumentam a efici\u00eancia da economia.<\/p>\n\n\n\n<p><strong>4. (UEM PR\/2006)<\/strong> A respeito do Liberalismo Econ\u00f4mico, assinale o que for incorreto:<\/p>\n\n\n\n<p><strong>a)<\/strong> O livro de Adam Smith, A Riqueza das Na\u00e7\u00f5es (1776), \u00e9 a base te\u00f3rica principal do capitalismo liberal.<\/p>\n\n\n\n<p><strong>b)<\/strong> O Liberalismo op\u00f5e-se teoricamente ao Mercantilismo.<\/p>\n\n\n\n<p><strong>c)<\/strong> Mesmo tendo algumas diferen\u00e7as te\u00f3ricas, a vis\u00e3o de Adam Smith se somava \u00e0 Fisiocracia na defesa do livre com\u00e9rcio.<\/p>\n\n\n\n<p><strong>d)<\/strong> A frase Laissez paire, laissez passer, le monde va de lui-m\u00eame (Deixai fazer, deixai passar, que o mundo anda por si mesmo) expressa o pensamento do Liberalismo.<\/p>\n\n\n\n<p><strong>e) <\/strong>As teses liberais de Adam Smith serviram de inspira\u00e7\u00e3o, inclusive, para os regimes fascistas que floresceram na Europa no s\u00e9culo XX.<\/p>\n\n\n\n<p><strong>5. (FATEC SP\/2006)<\/strong> Adam Smith, te\u00f3rico do liberalismo econ\u00f4mico, cuja obra, Riqueza das Na\u00e7\u00f5es, constitui o baluarte, a cartilha do capitalismo liberal, considerava<\/p>\n\n\n\n<p><strong>a)<\/strong> a pol\u00edtica protecionista e manufatureira como elemento b\u00e1sico para desenvolver a riqueza da na\u00e7\u00e3o.<\/p>\n\n\n\n<p><strong>b)<\/strong> necess\u00e1ria a aboli\u00e7\u00e3o das aduanas internas, das regulamenta\u00e7\u00f5es e das corpora\u00e7\u00f5es ent\u00e3o existentes nos pa\u00edses.<\/p>\n\n\n\n<p><strong>c)<\/strong> a propriedade privada como a raiz das infelicidades humanas, da\u00ed toda a economia ter de ser controlada pelo Estado.<\/p>\n\n\n\n<p><strong>d)<\/strong> a terra como fonte de toda a riqueza, enquanto a ind\u00fastria e o com\u00e9rcio apenas transformavam ou faziam circular a riqueza natural.<\/p>\n\n\n\n<p><strong>e)<\/strong> o trabalho como fonte de toda a riqueza, dizendo que, com a concorr\u00eancia, a divis\u00e3o do trabalho e o livre com\u00e9rcio, a harmonia e a justi\u00e7a social seriam alcan\u00e7adas.&nbsp;<\/p>\n\n\n\n<h2 class=\"wp-block-heading\"><strong>Respostas das Quest\u00f5es sobre Adam Smith<\/strong><\/h2>\n\n\n\n<p><strong>Exerc\u00edcio resolvido da quest\u00e3o 1 \u2013<\/strong><\/p>\n\n\n\n<p><strong>b)<\/strong> Apenas as afirmativas I, II e IV s\u00e3o verdadeiras.<br><\/p>\n\n\n\n<p><strong>Exerc\u00edcio resolvido da quest\u00e3o 2 \u2013<\/strong><\/p>\n\n\n\n<p><strong>d)<\/strong> o trabalho como fonte de riqueza e a liberdade de concorr\u00eancia.<\/p>\n\n\n\n<p><strong>Exerc\u00edcio resolvido da quest\u00e3o 3 \u2013<\/strong><\/p>\n\n\n\n<p><strong>b)<\/strong> o trabalho \u00e9 a fonte de riqueza, baseando-se no valor da lei da oferta e da procura.<\/p>\n\n\n\n<p><strong>Exerc\u00edcio resolvido da quest\u00e3o 4 \u2013<\/strong><\/p>\n\n\n\n<p><strong>e) <\/strong>As teses liberais de Adam Smith serviram de inspira\u00e7\u00e3o, inclusive, para os regimes fascistas que floresceram na Europa no s\u00e9culo XX.<\/p>\n\n\n\n<p><strong>Exerc\u00edcio resolvido da quest\u00e3o 5 \u2013<\/strong><\/p>\n\n\n\n<p><strong>e)<\/strong> o trabalho como fonte de toda a riqueza, dizendo que, com a concorr\u00eancia, a divis\u00e3o do trabalho e o livre com\u00e9rcio, a harmonia e a justi\u00e7a social seriam alcan\u00e7adas.<\/p>\n\n\n\n<p>Estude para o Enem com o <a href=\"https:\/\/beduka.com\/simulado\" target=\"_blank\" rel=\"noreferrer noopener\" aria-label=\" (abre numa nova aba)\">Simulado Beduka.<\/a> <strong>\u00c9 gratuito!<\/strong><\/p>\n\n\n\n<p>Gostou das nossas Quest\u00f5es sobre Adam Smith? Compartilhe com os seus amigos e comente abaixo sobre \u00e1reas que voc\u00ea deseja mais explica\u00e7\u00f5es.<\/p>\n\n\n\n<p>Queremos te ajudar a encontrar a <strong>FACULDADE IDEAL! <\/strong>Logo abaixo, fa\u00e7a uma pesquisa por curso e cidade que te mostraremos todas as faculdades que podem te atender. <strong>Informamos a nota de corte, valor de mensalidade, nota do MEC, avalia\u00e7\u00e3o dos alunos, modalidades de ensino e muito mais.<\/strong><br><\/p>\n","protected":false},"excerpt":{"rendered":"<p>\u00c9 imprescind\u00edvel para qualquer estudante fazer quest\u00f5es sobre Adam Smith. No Beduka elas v\u00eam com GABARITO e resumo da mat\u00e9ria para ajudar o aluno.<\/p>\n","protected":false},"author":1,"featured_media":17177,"comment_status":"open","ping_status":"closed","sticky":false,"template":"","format":"standard","meta":{"_mi_skip_tracking":false,"_monsterinsights_sitenote_active":false,"_monsterinsights_sitenote_note":"","_monsterinsights_sitenote_category":0},"categories":[608],"tags":[],"yoast_head":"<!-- This site is optimized with the Yoast SEO plugin v20.10 - https:\/\/yoast.com\/wordpress\/plugins\/seo\/ -->\n<title>Quest\u00f5es sobre Adam Smith com GABARITO E RESUMO<\/title>\n<meta name=\"description\" content=\"\u00c9 imprescind\u00edvel para qualquer estudante fazer quest\u00f5es sobre Adam Smith. No Beduka elas v\u00eam com GABARITO e resumo da mat\u00e9ria para ajudar o aluno.\" \/>\n<meta name=\"robots\" content=\"index, follow, max-snippet:-1, max-image-preview:large, max-video-preview:-1\" \/>\n<link rel=\"canonical\" href=\"https:\/\/beduka.com\/blog\/exercicios\/filosofia-exercicios\/questoes-sobre-adam-smith\/\" \/>\n<meta property=\"og:locale\" content=\"pt_BR\" \/>\n<meta property=\"og:type\" content=\"article\" \/>\n<meta property=\"og:title\" content=\"Quest\u00f5es sobre Adam Smith com GABARITO E RESUMO\" \/>\n<meta property=\"og:description\" content=\"\u00c9 imprescind\u00edvel para qualquer estudante fazer quest\u00f5es sobre Adam Smith. No Beduka elas v\u00eam com GABARITO e resumo da mat\u00e9ria para ajudar o aluno.\" \/>\n<meta property=\"og:url\" content=\"https:\/\/beduka.com\/blog\/exercicios\/filosofia-exercicios\/questoes-sobre-adam-smith\/\" \/>\n<meta property=\"og:site_name\" content=\"Blog do Beduka | Mat\u00e9rias resumidas, Dicas e Exerc\u00edcios Enem\" \/>\n<meta property=\"article:publisher\" content=\"https:\/\/www.facebook.com\/beduka.buscadordefaculdades\/\" \/>\n<meta property=\"article:author\" content=\"https:\/\/www.facebook.com\/beduka.buscadordefaculdades\" \/>\n<meta property=\"article:published_time\" content=\"2020-07-30T14:59:37+00:00\" \/>\n<meta property=\"article:modified_time\" content=\"2023-04-03T19:37:03+00:00\" \/>\n<meta property=\"og:image\" content=\"https:\/\/beduka.com\/blog\/wp-content\/uploads\/2020\/07\/Questoes_sobre_Adam_Smith.jpg\" \/>\n\t<meta property=\"og:image:width\" content=\"600\" \/>\n\t<meta property=\"og:image:height\" content=\"300\" \/>\n\t<meta property=\"og:image:type\" content=\"image\/jpeg\" \/>\n<meta name=\"author\" content=\"Reda\u00e7\u00e3o Beduka (a)\" \/>\n<meta name=\"twitter:card\" content=\"summary_large_image\" \/>\n<meta name=\"twitter:label1\" content=\"Escrito por\" \/>\n\t<meta name=\"twitter:data1\" content=\"Reda\u00e7\u00e3o Beduka (a)\" \/>\n\t<meta name=\"twitter:label2\" content=\"Est. tempo de leitura\" \/>\n\t<meta name=\"twitter:data2\" content=\"13 minutos\" \/>\n<script type=\"application\/ld+json\" class=\"yoast-schema-graph\">{\"@context\":\"https:\/\/schema.org\",\"@graph\":[{\"@type\":\"Article\",\"@id\":\"https:\/\/beduka.com\/blog\/exercicios\/filosofia-exercicios\/questoes-sobre-adam-smith\/#article\",\"isPartOf\":{\"@id\":\"https:\/\/beduka.com\/blog\/exercicios\/filosofia-exercicios\/questoes-sobre-adam-smith\/\"},\"author\":{\"name\":\"Reda\u00e7\u00e3o Beduka (a)\",\"@id\":\"https:\/\/beduka.com\/blog\/#\/schema\/person\/325d912d2cb8dd9ede8ab291427d2b8a\"},\"headline\":\"Quest\u00f5es sobre Adam Smith com GABARITO\",\"datePublished\":\"2020-07-30T14:59:37+00:00\",\"dateModified\":\"2023-04-03T19:37:03+00:00\",\"mainEntityOfPage\":{\"@id\":\"https:\/\/beduka.com\/blog\/exercicios\/filosofia-exercicios\/questoes-sobre-adam-smith\/\"},\"wordCount\":2677,\"commentCount\":0,\"publisher\":{\"@id\":\"https:\/\/beduka.com\/blog\/#organization\"},\"articleSection\":[\"Filosofia\"],\"inLanguage\":\"pt-BR\",\"potentialAction\":[{\"@type\":\"CommentAction\",\"name\":\"Comment\",\"target\":[\"https:\/\/beduka.com\/blog\/exercicios\/filosofia-exercicios\/questoes-sobre-adam-smith\/#respond\"]}]},{\"@type\":\"WebPage\",\"@id\":\"https:\/\/beduka.com\/blog\/exercicios\/filosofia-exercicios\/questoes-sobre-adam-smith\/\",\"url\":\"https:\/\/beduka.com\/blog\/exercicios\/filosofia-exercicios\/questoes-sobre-adam-smith\/\",\"name\":\"Quest\u00f5es sobre Adam Smith com GABARITO E RESUMO\",\"isPartOf\":{\"@id\":\"https:\/\/beduka.com\/blog\/#website\"},\"datePublished\":\"2020-07-30T14:59:37+00:00\",\"dateModified\":\"2023-04-03T19:37:03+00:00\",\"description\":\"\u00c9 imprescind\u00edvel para qualquer estudante fazer quest\u00f5es sobre Adam Smith. No Beduka elas v\u00eam com GABARITO e resumo da mat\u00e9ria para ajudar o aluno.\",\"breadcrumb\":{\"@id\":\"https:\/\/beduka.com\/blog\/exercicios\/filosofia-exercicios\/questoes-sobre-adam-smith\/#breadcrumb\"},\"inLanguage\":\"pt-BR\",\"potentialAction\":[{\"@type\":\"ReadAction\",\"target\":[\"https:\/\/beduka.com\/blog\/exercicios\/filosofia-exercicios\/questoes-sobre-adam-smith\/\"]}]},{\"@type\":\"BreadcrumbList\",\"@id\":\"https:\/\/beduka.com\/blog\/exercicios\/filosofia-exercicios\/questoes-sobre-adam-smith\/#breadcrumb\",\"itemListElement\":[{\"@type\":\"ListItem\",\"position\":1,\"name\":\"Home\",\"item\":\"https:\/\/beduka.com\/blog\/\"},{\"@type\":\"ListItem\",\"position\":2,\"name\":\"Quest\u00f5es sobre Adam Smith com GABARITO\"}]},{\"@type\":\"WebSite\",\"@id\":\"https:\/\/beduka.com\/blog\/#website\",\"url\":\"https:\/\/beduka.com\/blog\/\",\"name\":\"Blog do Beduka | Mat\u00e9rias resumidas, Dicas e Exerc\u00edcios Enem\",\"description\":\"O Blog do Beduka tem os conte\u00fados que mais caem no Enem, exerc\u00edcios de vestibular com gabarito, resumos, dicas e informa\u00e7\u00f5es Sisu, Prouni e Fies.Encontre dicas para o ENEM, resumos, exerc\u00edcios e informa\u00e7\u00f5es sobre os vestibulares. Acesse agora!\",\"publisher\":{\"@id\":\"https:\/\/beduka.com\/blog\/#organization\"},\"potentialAction\":[{\"@type\":\"SearchAction\",\"target\":{\"@type\":\"EntryPoint\",\"urlTemplate\":\"https:\/\/beduka.com\/blog\/?s={search_term_string}\"},\"query-input\":\"required name=search_term_string\"}],\"inLanguage\":\"pt-BR\"},{\"@type\":\"Organization\",\"@id\":\"https:\/\/beduka.com\/blog\/#organization\",\"name\":\"Beduka\",\"url\":\"https:\/\/beduka.com\/blog\/\",\"logo\":{\"@type\":\"ImageObject\",\"inLanguage\":\"pt-BR\",\"@id\":\"https:\/\/beduka.com\/blog\/#\/schema\/logo\/image\/\",\"url\":\"https:\/\/beduka.com\/blog\/wp-content\/uploads\/2020\/06\/marca-beduka.png\",\"contentUrl\":\"https:\/\/beduka.com\/blog\/wp-content\/uploads\/2020\/06\/marca-beduka.png\",\"width\":1077,\"height\":368,\"caption\":\"Beduka\"},\"image\":{\"@id\":\"https:\/\/beduka.com\/blog\/#\/schema\/logo\/image\/\"},\"sameAs\":[\"https:\/\/www.facebook.com\/beduka.buscadordefaculdades\/\",\"https:\/\/www.instagram.com\/beduka_oficial\/\",\"https:\/\/www.linkedin.com\/company\/beduka\",\"https:\/\/br.pinterest.com\/bedukaoficial\/\",\"https:\/\/www.youtube.com\/beduka\"]},{\"@type\":\"Person\",\"@id\":\"https:\/\/beduka.com\/blog\/#\/schema\/person\/325d912d2cb8dd9ede8ab291427d2b8a\",\"name\":\"Reda\u00e7\u00e3o Beduka (a)\",\"image\":{\"@type\":\"ImageObject\",\"inLanguage\":\"pt-BR\",\"@id\":\"https:\/\/beduka.com\/blog\/#\/schema\/person\/image\/\",\"url\":\"https:\/\/secure.gravatar.com\/avatar\/6f58a181ef24e0dc0bb73f096aa0f8b5?s=96&d=mm&r=g\",\"contentUrl\":\"https:\/\/secure.gravatar.com\/avatar\/6f58a181ef24e0dc0bb73f096aa0f8b5?s=96&d=mm&r=g\",\"caption\":\"Reda\u00e7\u00e3o Beduka (a)\"},\"description\":\"Este conte\u00fado foi criado e validado por uma equipe multidisciplinar, formada por especialistas em cada \u00e1rea do conhecimento. O Beduka est\u00e1 presente no Instagram, YouTube, LinkedIn e em diversos outros ambientes digitais. O site foi criado em 2017 e, desde a sua funda\u00e7\u00e3o, atua para fornecer materiais de qualidade para facilitar a vida de estudantes de todo o Brasil, ajudando-os a se preparar para os principais vestibulares e o Enem.\",\"sameAs\":[\"https:\/\/www.facebook.com\/beduka.buscadordefaculdades\",\"https:\/\/www.instagram.com\/beduka_oficial\/\",\"https:\/\/br.pinterest.com\/bedukaoficial\/\"],\"url\":\"https:\/\/beduka.com\/blog\/author\/admin\/\"}]}<\/script>\n<!-- \/ Yoast SEO plugin. -->","yoast_head_json":{"title":"Quest\u00f5es sobre Adam Smith com GABARITO E RESUMO","description":"\u00c9 imprescind\u00edvel para qualquer estudante fazer quest\u00f5es sobre Adam Smith. No Beduka elas v\u00eam com GABARITO e resumo da mat\u00e9ria para ajudar o aluno.","robots":{"index":"index","follow":"follow","max-snippet":"max-snippet:-1","max-image-preview":"max-image-preview:large","max-video-preview":"max-video-preview:-1"},"canonical":"https:\/\/beduka.com\/blog\/exercicios\/filosofia-exercicios\/questoes-sobre-adam-smith\/","og_locale":"pt_BR","og_type":"article","og_title":"Quest\u00f5es sobre Adam Smith com GABARITO E RESUMO","og_description":"\u00c9 imprescind\u00edvel para qualquer estudante fazer quest\u00f5es sobre Adam Smith. No Beduka elas v\u00eam com GABARITO e resumo da mat\u00e9ria para ajudar o aluno.","og_url":"https:\/\/beduka.com\/blog\/exercicios\/filosofia-exercicios\/questoes-sobre-adam-smith\/","og_site_name":"Blog do Beduka | Mat\u00e9rias resumidas, Dicas e Exerc\u00edcios Enem","article_publisher":"https:\/\/www.facebook.com\/beduka.buscadordefaculdades\/","article_author":"https:\/\/www.facebook.com\/beduka.buscadordefaculdades","article_published_time":"2020-07-30T14:59:37+00:00","article_modified_time":"2023-04-03T19:37:03+00:00","og_image":[{"width":600,"height":300,"url":"https:\/\/beduka.com\/blog\/wp-content\/uploads\/2020\/07\/Questoes_sobre_Adam_Smith.jpg","type":"image\/jpeg"}],"author":"Reda\u00e7\u00e3o Beduka (a)","twitter_card":"summary_large_image","twitter_misc":{"Escrito por":"Reda\u00e7\u00e3o Beduka (a)","Est. tempo de leitura":"13 minutos"},"schema":{"@context":"https:\/\/schema.org","@graph":[{"@type":"Article","@id":"https:\/\/beduka.com\/blog\/exercicios\/filosofia-exercicios\/questoes-sobre-adam-smith\/#article","isPartOf":{"@id":"https:\/\/beduka.com\/blog\/exercicios\/filosofia-exercicios\/questoes-sobre-adam-smith\/"},"author":{"name":"Reda\u00e7\u00e3o Beduka (a)","@id":"https:\/\/beduka.com\/blog\/#\/schema\/person\/325d912d2cb8dd9ede8ab291427d2b8a"},"headline":"Quest\u00f5es sobre Adam Smith com GABARITO","datePublished":"2020-07-30T14:59:37+00:00","dateModified":"2023-04-03T19:37:03+00:00","mainEntityOfPage":{"@id":"https:\/\/beduka.com\/blog\/exercicios\/filosofia-exercicios\/questoes-sobre-adam-smith\/"},"wordCount":2677,"commentCount":0,"publisher":{"@id":"https:\/\/beduka.com\/blog\/#organization"},"articleSection":["Filosofia"],"inLanguage":"pt-BR","potentialAction":[{"@type":"CommentAction","name":"Comment","target":["https:\/\/beduka.com\/blog\/exercicios\/filosofia-exercicios\/questoes-sobre-adam-smith\/#respond"]}]},{"@type":"WebPage","@id":"https:\/\/beduka.com\/blog\/exercicios\/filosofia-exercicios\/questoes-sobre-adam-smith\/","url":"https:\/\/beduka.com\/blog\/exercicios\/filosofia-exercicios\/questoes-sobre-adam-smith\/","name":"Quest\u00f5es sobre Adam Smith com GABARITO E RESUMO","isPartOf":{"@id":"https:\/\/beduka.com\/blog\/#website"},"datePublished":"2020-07-30T14:59:37+00:00","dateModified":"2023-04-03T19:37:03+00:00","description":"\u00c9 imprescind\u00edvel para qualquer estudante fazer quest\u00f5es sobre Adam Smith. No Beduka elas v\u00eam com GABARITO e resumo da mat\u00e9ria para ajudar o aluno.","breadcrumb":{"@id":"https:\/\/beduka.com\/blog\/exercicios\/filosofia-exercicios\/questoes-sobre-adam-smith\/#breadcrumb"},"inLanguage":"pt-BR","potentialAction":[{"@type":"ReadAction","target":["https:\/\/beduka.com\/blog\/exercicios\/filosofia-exercicios\/questoes-sobre-adam-smith\/"]}]},{"@type":"BreadcrumbList","@id":"https:\/\/beduka.com\/blog\/exercicios\/filosofia-exercicios\/questoes-sobre-adam-smith\/#breadcrumb","itemListElement":[{"@type":"ListItem","position":1,"name":"Home","item":"https:\/\/beduka.com\/blog\/"},{"@type":"ListItem","position":2,"name":"Quest\u00f5es sobre Adam Smith com GABARITO"}]},{"@type":"WebSite","@id":"https:\/\/beduka.com\/blog\/#website","url":"https:\/\/beduka.com\/blog\/","name":"Blog do Beduka | Mat\u00e9rias resumidas, Dicas e Exerc\u00edcios Enem","description":"O Blog do Beduka tem os conte\u00fados que mais caem no Enem, exerc\u00edcios de vestibular com gabarito, resumos, dicas e informa\u00e7\u00f5es Sisu, Prouni e Fies.Encontre dicas para o ENEM, resumos, exerc\u00edcios e informa\u00e7\u00f5es sobre os vestibulares. Acesse agora!","publisher":{"@id":"https:\/\/beduka.com\/blog\/#organization"},"potentialAction":[{"@type":"SearchAction","target":{"@type":"EntryPoint","urlTemplate":"https:\/\/beduka.com\/blog\/?s={search_term_string}"},"query-input":"required name=search_term_string"}],"inLanguage":"pt-BR"},{"@type":"Organization","@id":"https:\/\/beduka.com\/blog\/#organization","name":"Beduka","url":"https:\/\/beduka.com\/blog\/","logo":{"@type":"ImageObject","inLanguage":"pt-BR","@id":"https:\/\/beduka.com\/blog\/#\/schema\/logo\/image\/","url":"https:\/\/beduka.com\/blog\/wp-content\/uploads\/2020\/06\/marca-beduka.png","contentUrl":"https:\/\/beduka.com\/blog\/wp-content\/uploads\/2020\/06\/marca-beduka.png","width":1077,"height":368,"caption":"Beduka"},"image":{"@id":"https:\/\/beduka.com\/blog\/#\/schema\/logo\/image\/"},"sameAs":["https:\/\/www.facebook.com\/beduka.buscadordefaculdades\/","https:\/\/www.instagram.com\/beduka_oficial\/","https:\/\/www.linkedin.com\/company\/beduka","https:\/\/br.pinterest.com\/bedukaoficial\/","https:\/\/www.youtube.com\/beduka"]},{"@type":"Person","@id":"https:\/\/beduka.com\/blog\/#\/schema\/person\/325d912d2cb8dd9ede8ab291427d2b8a","name":"Reda\u00e7\u00e3o Beduka (a)","image":{"@type":"ImageObject","inLanguage":"pt-BR","@id":"https:\/\/beduka.com\/blog\/#\/schema\/person\/image\/","url":"https:\/\/secure.gravatar.com\/avatar\/6f58a181ef24e0dc0bb73f096aa0f8b5?s=96&d=mm&r=g","contentUrl":"https:\/\/secure.gravatar.com\/avatar\/6f58a181ef24e0dc0bb73f096aa0f8b5?s=96&d=mm&r=g","caption":"Reda\u00e7\u00e3o Beduka (a)"},"description":"Este conte\u00fado foi criado e validado por uma equipe multidisciplinar, formada por especialistas em cada \u00e1rea do conhecimento. O Beduka est\u00e1 presente no Instagram, YouTube, LinkedIn e em diversos outros ambientes digitais. O site foi criado em 2017 e, desde a sua funda\u00e7\u00e3o, atua para fornecer materiais de qualidade para facilitar a vida de estudantes de todo o Brasil, ajudando-os a se preparar para os principais vestibulares e o Enem.","sameAs":["https:\/\/www.facebook.com\/beduka.buscadordefaculdades","https:\/\/www.instagram.com\/beduka_oficial\/","https:\/\/br.pinterest.com\/bedukaoficial\/"],"url":"https:\/\/beduka.com\/blog\/author\/admin\/"}]}},"_links":{"self":[{"href":"https:\/\/beduka.com\/blog\/wp-json\/wp\/v2\/posts\/17176"}],"collection":[{"href":"https:\/\/beduka.com\/blog\/wp-json\/wp\/v2\/posts"}],"about":[{"href":"https:\/\/beduka.com\/blog\/wp-json\/wp\/v2\/types\/post"}],"author":[{"embeddable":true,"href":"https:\/\/beduka.com\/blog\/wp-json\/wp\/v2\/users\/1"}],"replies":[{"embeddable":true,"href":"https:\/\/beduka.com\/blog\/wp-json\/wp\/v2\/comments?post=17176"}],"version-history":[{"count":3,"href":"https:\/\/beduka.com\/blog\/wp-json\/wp\/v2\/posts\/17176\/revisions"}],"predecessor-version":[{"id":29608,"href":"https:\/\/beduka.com\/blog\/wp-json\/wp\/v2\/posts\/17176\/revisions\/29608"}],"wp:featuredmedia":[{"embeddable":true,"href":"https:\/\/beduka.com\/blog\/wp-json\/wp\/v2\/media\/17177"}],"wp:attachment":[{"href":"https:\/\/beduka.com\/blog\/wp-json\/wp\/v2\/media?parent=17176"}],"wp:term":[{"taxonomy":"category","embeddable":true,"href":"https:\/\/beduka.com\/blog\/wp-json\/wp\/v2\/categories?post=17176"},{"taxonomy":"post_tag","embeddable":true,"href":"https:\/\/beduka.com\/blog\/wp-json\/wp\/v2\/tags?post=17176"}],"curies":[{"name":"wp","href":"https:\/\/api.w.org\/{rel}","templated":true}]}}