{"id":17199,"date":"2020-07-31T13:22:50","date_gmt":"2020-07-31T16:22:50","guid":{"rendered":"https:\/\/beduka.com\/blog\/?p=17199"},"modified":"2020-07-31T13:22:52","modified_gmt":"2020-07-31T16:22:52","slug":"o-que-e-periodo-composto","status":"publish","type":"post","link":"https:\/\/beduka.com\/blog\/materias\/portugues\/o-que-e-periodo-composto\/","title":{"rendered":"Entenda o que \u00e9 Per\u00edodo Simples e Composto! Vejas as defini\u00e7\u00f5es e exemplos, al\u00e9m de ter acesso \u00e0 mat\u00e9ria completa!"},"content":{"rendered":"\n<p>Na Sintaxe, o Per\u00edodo \u00e9 uma senten\u00e7a que contenha Frase e Ora\u00e7\u00e3o; quando h\u00e1 apenas uma ora\u00e7\u00e3o chamamos de Per\u00edodo Simples e quando possui 2 ou mais, chamamos de Per\u00edodo Composto. Essas ora\u00e7\u00f5es podem estar relacionadas por Coordena\u00e7\u00e3o ou Subordina\u00e7\u00e3o e assim podemos entender de fato o que \u00e9 Per\u00edodo Composto.<br><\/p>\n\n\n\n<p>Neste artigo sobre o que \u00e9 Per\u00edodo Composto, voc\u00ea encontrar\u00e1 a mat\u00e9ria completa:<br><\/p>\n\n\n\n<ol><li>Diferen\u00e7a entre Frase, Ora\u00e7\u00e3o e Per\u00edodo<\/li><li>O que \u00e9 Per\u00edodo Simples + exemplos<\/li><li>O que \u00e9 Per\u00edodo Composto + exemplos<\/li><li>Tipos de Ora\u00e7\u00f5es Coordenadas<\/li><li>Tipos de Ora\u00e7\u00f5es Subordinadas<\/li><\/ol>\n\n\n\n<ul><li>Estudando para as provas? Conhe\u00e7a nosso <a href=\"https:\/\/beduka.com\/blog\/dicas\/enem-dicas\/simulados-para-enem-online-e-gratuito\/\" target=\"_blank\" rel=\"noreferrer noopener\" aria-label=\" (abre numa nova aba)\">Simulado gratuito<\/a>, que pode ser personalizado com as mat\u00e9rias que voc\u00ea mais precisa!<\/li><\/ul>\n\n\n\n<h2 class=\"wp-block-heading\">Diferen\u00e7a entre Frase, Ora\u00e7\u00e3o e Per\u00edodo<\/h2>\n\n\n\n<p>Antes de falar sobre Per\u00edodo Composto, precisamos ter em mente algumas no\u00e7\u00f5es b\u00e1sicas de <a href=\"https:\/\/beduka.com\/blog\/materias\/portugues\/o-que-e-sintaxe\/\" target=\"_blank\" rel=\"noreferrer noopener\" aria-label=\" (abre numa nova aba)\">Sintaxe<\/a>, como quais s\u00e3o as formas de classificar as mensagens, veja:<\/p>\n\n\n\n<h3 class=\"wp-block-heading\">O que \u00e9 Frase<\/h3>\n\n\n\n<p>A Frase \u00e9 toda <strong>organiza\u00e7\u00e3o de palavras<\/strong> que <strong>fizer sentido ou expressar algo<\/strong> coerente, ou seja, \u00e9 um enunciado completo que <strong>pode, ou n\u00e3o, conter um verbo.<\/strong><br><\/p>\n\n\n\n<p>Exemplos:<br><\/p>\n\n\n\n<ul><li><strong>Ai!&nbsp;<\/strong><\/li><\/ul>\n\n\n\n<p>(\u00e9 uma onomatopeia, sem verbo, expressa dor)<br><\/p>\n\n\n\n<ul><li><strong>Sil\u00eancio!&nbsp;<\/strong><\/li><\/ul>\n\n\n\n<p>(\u00e9 um substantivo, sem verbo, expressa uma ordem)<br><\/p>\n\n\n\n<ul><li><strong>Cheguei cedo em casa.<\/strong>&nbsp;<\/li><\/ul>\n\n\n\n<p>(\u00e9 uma frase com verbo que expressa a sua ideia)<\/p>\n\n\n\n<h3 class=\"wp-block-heading\">O que \u00e9 Ora\u00e7\u00e3o<\/h3>\n\n\n\n<p>A Ora\u00e7\u00e3o \u00e9 um enunciado que <strong>cont\u00e9m, obrigatoriamente, uma forma verbal <\/strong>(verbo ou locu\u00e7\u00e3o verbal).&nbsp;<br><\/p>\n\n\n\n<p><strong>Dica:<\/strong> para <strong>contar quantas ora\u00e7\u00f5es<\/strong> h\u00e1 em uma frase ou per\u00edodo, basta <strong>contar o n\u00famero de verbos e locu\u00e7\u00f5es<\/strong>!<br><\/p>\n\n\n\n<p>Exemplos:<br><\/p>\n\n\n\n<ul><li><strong>Estou<\/strong> muito feliz ultimamente!<\/li><\/ul>\n\n\n\n<p>(\u00c9 uma ora\u00e7\u00e3o com o verbo)<br><\/p>\n\n\n\n<ul><li><strong>Tenho vivido <\/strong>de forma intensa, j\u00e1 <strong>pulei <\/strong>de paraquedas e<strong> voei <\/strong>em um planador!<\/li><\/ul>\n\n\n\n<p>(H\u00e1 3 ora\u00e7\u00f5es, uma com locu\u00e7\u00e3o verbal e outras duas com verbos)<\/p>\n\n\n\n<h3 class=\"wp-block-heading\">O que \u00e9 Per\u00edodo<\/h3>\n\n\n\n<p>O Per\u00edodo \u00e9 um <strong>enunciado completo<\/strong>, composto de <strong>uma ou mais ora\u00e7\u00e3o<\/strong>, que <strong>fa\u00e7a sentido<\/strong> e <strong>tenha determinado o come\u00e7o <\/strong>(letra mai\u00fascula) <strong>e o fim<\/strong> (alguma pontua\u00e7\u00e3o: final, interrogativa ou exclamativa).&nbsp;<br><\/p>\n\n\n\n<p>Veja a seguir quais s\u00e3o os tipos de per\u00edodo e seus exemplos:<\/p>\n\n\n\n<h2 class=\"wp-block-heading\">O que \u00e9 Per\u00edodo Simples + exemplos<\/h2>\n\n\n\n<p>O <strong>Per\u00edodo Simples <\/strong>\u00e9 toda aquela senten\u00e7a que possuir <strong>uma ora\u00e7\u00e3o<\/strong>, ou seja, um<strong> \u00fanico verbo.&nbsp;<\/strong><br><\/p>\n\n\n\n<p>Exemplos:<br><\/p>\n\n\n\n<ul><li>Cristina <strong>comeu<\/strong> todas as fatias do bolo?<\/li><li>Ai\u2026<strong> furou <\/strong>meu p\u00e9!<\/li><li><strong>Acho<\/strong> ele bem profissional.<\/li><\/ul>\n\n\n\n<h2 class=\"wp-block-heading\">O que \u00e9 Per\u00edodo Composto + exemplos<\/h2>\n\n\n\n<p><strong>Um Per\u00edodo \u00e9 Composto quando<\/strong> for uma senten\u00e7a que contenha no m\u00ednimo duas ora\u00e7\u00f5es, ou seja, quando <strong>possuir dois ou mais verbos.<\/strong><br><\/p>\n\n\n\n<p>Exemplos:<br><\/p>\n\n\n\n<ul><li><strong>Espero <\/strong>que ele me <strong>chame<\/strong> para <strong>ir<\/strong> ao teatro.<\/li><li><strong>Nadou<\/strong> tanto para <strong>morrer<\/strong> na praia!<\/li><li><strong>Deseja<\/strong> que a carne <strong>venha<\/strong> em qual ponto?<\/li><\/ul>\n\n\n\n<p>Observe que alguns desses verbos apresentam sentidos que se interligam, ou seja, h\u00e1 uma <strong>rela\u00e7\u00e3o entre eles. <\/strong>Por isso, quando se trata de Per\u00edodo Composto, podemos divid\u00ed-los em dois grupos: os que s\u00e3o <strong>compostos por rela\u00e7\u00e3o de coordena\u00e7\u00e3o ou por subordina\u00e7\u00e3o.&nbsp;<\/strong><\/p>\n\n\n\n<h3 class=\"wp-block-heading\">O que s\u00e3o Ora\u00e7\u00f5es Coordenadas: tipos e exemplos<\/h3>\n\n\n\n<p><strong>No per\u00edodo composto por coordena\u00e7\u00e3o<\/strong>, as ora\u00e7\u00f5es <strong>n\u00e3o exercem fun\u00e7\u00f5es sint\u00e1ticas entre si<\/strong>, ou seja, <strong>sua caracter\u00edstica \u00e9 ser independente ou absoluta. <\/strong>Ao ler uma delas sozinha,<strong> o sentido est\u00e1 completo.<\/strong><br><\/p>\n\n\n\n<p>Exemplos:<br><\/p>\n\n\n\n<ul><li><strong>Dormi<\/strong>, <strong>sonhei<\/strong>, <strong>acordei <\/strong>e <strong>tomei <\/strong>um ch\u00e1.<\/li><\/ul>\n\n\n\n<p>(Per\u00edodo composto por 4 ora\u00e7\u00f5es coordenadas, pois se lermos cada uma delas individualmente ainda faz sentido.)<br><\/p>\n\n\n\n<ul><li>Jo\u00e3o<strong> foi<\/strong> ao cinema, mas ele n\u00e3o <strong>compreendeu<\/strong> o que viu.<\/li><\/ul>\n\n\n\n<p>(Per\u00edodo composto por 2 ora\u00e7\u00f5es coordenadas, pois se lermos cada uma delas separadas, entendemos tudo o que foi expresso: \u201cJo\u00e3o foi ao cinema\u201d e \u201cele n\u00e3o compreendeu o que viu\u201d.)<br><\/p>\n\n\n\n<p>As Ora\u00e7\u00f5es Coordenadas<strong> podem ser classificadas em Sind\u00e9ticas ou Assind\u00e9ticas<\/strong> de acordo com o <strong>uso<\/strong> <strong>ou n\u00e3o de conjun\u00e7\u00e3o.&nbsp;<\/strong><br><\/p>\n\n\n\n<p>As Sind\u00e9ticas ainda <strong>apresentam 5 tipos, de acordo com a conjun\u00e7\u00e3o <\/strong>que usam: Aditivas, Alternativas, Adversativas, Conclusivas e Explicativas. Para saber mais, leia nosso <strong>artigo completo<\/strong> sobre <a href=\"https:\/\/beduka.com\/blog\/materias\/portugues\/o-que-sao-oracoes-coordenadas\/\" target=\"_blank\" rel=\"noreferrer noopener\" aria-label=\" (abre numa nova aba)\">Ora\u00e7\u00f5es Coordenadas<\/a>!<br><\/p>\n\n\n\n<p>Exemplos:&nbsp;<br><\/p>\n\n\n\n<ul><li>Eu<strong> corri<\/strong>, <strong>pulei<\/strong>, <strong>descansei<\/strong> e <strong>cochilei.<\/strong>&nbsp;<\/li><\/ul>\n\n\n\n<p>As tr\u00eas primeiras ora\u00e7\u00f5es s\u00e3o assind\u00e9ticas e a quarta \u00e9 sind\u00e9tica aditiva porque <strong>possui a conjun\u00e7\u00e3o \u201ce<\/strong>\u201d.&nbsp;<br><\/p>\n\n\n\n<ul><li>Carlota<strong> foi<\/strong> ao clube, mas ela n\u00e3o se <strong>divertiu<\/strong>.<\/li><\/ul>\n\n\n\n<p>A primeira ora\u00e7\u00e3o \u00e9 assind\u00e9tica e a segunda \u00e9 sind\u00e9tica adversativa porque <strong>possui a conjun\u00e7\u00e3o \u201cmas\u201d.<\/strong><\/p>\n\n\n\n<h3 class=\"wp-block-heading\">O que s\u00e3o Ora\u00e7\u00f5es Subordinadas: tipos e exemplos<\/h3>\n\n\n\n<p><strong>No per\u00edodo composto por subordina\u00e7\u00e3o<\/strong>, h\u00e1 uma ora\u00e7\u00e3o principal com sentido completo e as demais <strong>t\u00eam fun\u00e7\u00f5es sint\u00e1ticas <\/strong>em rela\u00e7\u00e3o \u00e0 principal, pois seu sentido depende da primeira para ficar completo.<br><\/p>\n\n\n\n<p>Exemplos<br><\/p>\n\n\n\n<ul><li><strong>Vou comprar<\/strong> um protetor solar, depois<strong> irei <\/strong>\u00e0 praia.<\/li><\/ul>\n\n\n\n<p>(A primeira ora\u00e7\u00e3o \u00e9 a principal, pois cont\u00e9m sentido pr\u00f3prio. A segunda fica com seu sentido incompleto se lermos s\u00f3: \u201cdepois irei \u00e0 praia\u201d; depois de qu\u00ea?)<br><\/p>\n\n\n\n<ul><li>Vamos nos <strong>esconder<\/strong> quando ele <strong>chegar<\/strong>!<\/li><\/ul>\n\n\n\n<p>(A primeira ora\u00e7\u00e3o \u00e9 a principal, pois cont\u00e9m sentido pr\u00f3prio. A segunda fica com seu sentido incompleto: \u201cquando ele chegar\u2026\u201d; quando o qu\u00ea?)<\/p>\n\n\n\n<p>Elas s\u00e3o divididas em tr\u00eas grandes grupos e, dentro deles, <strong>recebem nome e sobrenome<\/strong>&nbsp; <strong>para cada fun\u00e7\u00e3o sint\u00e1tica que assumir<\/strong>: sujeito, objeto direto ou indireto, complemento, adjunto verbal ou nominal e aposto. Veja:<br><\/p>\n\n\n\n<ul><li><a href=\"https:\/\/beduka.com\/blog\/materias\/portugues\/exemplos-de-oracoes-subordinadas-substantivas\/\" target=\"_blank\" rel=\"noreferrer noopener\" aria-label=\" (abre numa nova aba)\">Ora\u00e7\u00e3o Subordinada Substantiva<\/a> (6): subjetiva, objetiva direta e indireta, completiva nominal, predicativa e apositiva.<\/li><li><a rel=\"noreferrer noopener\" aria-label=\" (abre numa nova aba)\" href=\"https:\/\/beduka.com\/blog\/materias\/portugues\/oracoes-subordinadas-adjetivas\/\" target=\"_blank\">Ora\u00e7\u00e3o Subordinada Adjetiva <\/a>(2): explicativa e restritiva.<\/li><li><a rel=\"noreferrer noopener\" aria-label=\" (abre numa nova aba)\" href=\"https:\/\/beduka.com\/blog\/materias\/portugues\/exemplos-de-oracoes-subordinadas-adverbiais\/\" target=\"_blank\">Ora\u00e7\u00e3o Subordinada Adverbial<\/a> (9): causais, comparativas, concessivas, condicionais, conformativas, consecutivas, finais, temporais, proporcionais.<\/li><\/ul>\n\n\n\n<p>Leia o <a href=\"https:\/\/beduka.com\/blog\/materias\/portugues\/oracoes-coordenadas-e-subordinadas\/\" target=\"_blank\" rel=\"noreferrer noopener\" aria-label=\" (abre numa nova aba)\">artigo completo<\/a> para <strong>continuar os estudos<\/strong> <strong>e ver os exemplos<\/strong>!<br><\/p>\n\n\n\n<p>Gostou do nosso artigo sobre o que \u00e9 Per\u00edodo Composto? Confira <strong>outros artigos <\/strong>do nosso blog e <strong>se prepare para o Enem<\/strong> da melhor maneira! Voc\u00ea tamb\u00e9m pode se organizar com o nosso<a href=\"https:\/\/beduka.com\/blog\/dicas\/enem-dicas\/plano-de-estudos-gratuito\/\" target=\"_blank\" rel=\"noreferrer noopener\" aria-label=\" (abre numa nova aba)\"> plano de estudos<\/a>, o mais completo da internet, e o melhor: <strong>totalmente gratuito!<\/strong><\/p>\n\n\n\n<p>Queremos te ajudar a encontrar a FACULDADE IDEAL! Logo abaixo, fa\u00e7a uma pesquisa por curso e cidade que te mostraremos todas as faculdades que podem te atender. Informamos a nota de corte, valor de mensalidade, nota do MEC, avalia\u00e7\u00e3o dos alunos, modalidades de ensino e muito mais.<\/p>\n\n\n\n<p>Experimente agora!<br><\/p>\n","protected":false},"excerpt":{"rendered":"<p>Na Sintaxe, o Per\u00edodo \u00e9 uma senten\u00e7a que contenha Frase e Ora\u00e7\u00e3o; quando h\u00e1 apenas uma ora\u00e7\u00e3o chamamos de Per\u00edodo Simples e quando possui 2 ou mais, chamamos de Per\u00edodo Composto. Essas ora\u00e7\u00f5es podem estar relacionadas por Coordena\u00e7\u00e3o ou Subordina\u00e7\u00e3o e assim podemos entender de fato o que \u00e9 Per\u00edodo Composto. Neste artigo sobre o [&hellip;]<\/p>\n","protected":false},"author":1,"featured_media":17200,"comment_status":"open","ping_status":"closed","sticky":false,"template":"","format":"standard","meta":{"_mi_skip_tracking":false,"_monsterinsights_sitenote_active":false,"_monsterinsights_sitenote_note":"","_monsterinsights_sitenote_category":0},"categories":[488],"tags":[],"yoast_head":"<!-- This site is optimized with the Yoast SEO plugin v20.10 - https:\/\/yoast.com\/wordpress\/plugins\/seo\/ -->\n<title>O que \u00e9 Per\u00edodo Composto e Simples + Exemplos f\u00e1ceis de entender!<\/title>\n<meta name=\"description\" content=\"Descubra o que \u00e9 Per\u00edodo Composto e relembre tudo o que \u00e9 importante: per\u00edodo, frase, ora\u00e7\u00e3o, per\u00edodo simples, subordina\u00e7\u00e3o, coordena\u00e7\u00e3o e muito mais!\" \/>\n<meta name=\"robots\" content=\"index, follow, max-snippet:-1, max-image-preview:large, max-video-preview:-1\" \/>\n<link rel=\"canonical\" href=\"https:\/\/beduka.com\/blog\/materias\/portugues\/o-que-e-periodo-composto\/\" \/>\n<meta property=\"og:locale\" content=\"pt_BR\" \/>\n<meta property=\"og:type\" content=\"article\" \/>\n<meta property=\"og:title\" content=\"O que \u00e9 Per\u00edodo Composto e Simples + Exemplos f\u00e1ceis de entender!\" \/>\n<meta property=\"og:description\" content=\"Descubra o que \u00e9 Per\u00edodo Composto e relembre tudo o que \u00e9 importante: per\u00edodo, frase, ora\u00e7\u00e3o, per\u00edodo simples, subordina\u00e7\u00e3o, coordena\u00e7\u00e3o e muito mais!\" \/>\n<meta property=\"og:url\" content=\"https:\/\/beduka.com\/blog\/materias\/portugues\/o-que-e-periodo-composto\/\" \/>\n<meta property=\"og:site_name\" content=\"Blog do Beduka | Mat\u00e9rias resumidas, Dicas e Exerc\u00edcios Enem\" \/>\n<meta property=\"article:publisher\" content=\"https:\/\/www.facebook.com\/beduka.buscadordefaculdades\/\" \/>\n<meta property=\"article:author\" content=\"https:\/\/www.facebook.com\/beduka.buscadordefaculdades\" \/>\n<meta property=\"article:published_time\" content=\"2020-07-31T16:22:50+00:00\" \/>\n<meta property=\"article:modified_time\" content=\"2020-07-31T16:22:52+00:00\" \/>\n<meta property=\"og:image\" content=\"https:\/\/beduka.com\/blog\/wp-content\/uploads\/2020\/07\/Mat\u00e9ria-completa-sobre-o-que-\u00e9-Per\u00eddo-Simples-e-Composto-.jpg\" \/>\n\t<meta property=\"og:image:width\" content=\"600\" \/>\n\t<meta property=\"og:image:height\" content=\"300\" \/>\n\t<meta property=\"og:image:type\" content=\"image\/jpeg\" \/>\n<meta name=\"author\" content=\"Reda\u00e7\u00e3o Beduka (a)\" \/>\n<meta name=\"twitter:card\" content=\"summary_large_image\" \/>\n<meta name=\"twitter:label1\" content=\"Escrito por\" \/>\n\t<meta name=\"twitter:data1\" content=\"Reda\u00e7\u00e3o Beduka (a)\" \/>\n\t<meta name=\"twitter:label2\" content=\"Est. tempo de leitura\" \/>\n\t<meta name=\"twitter:data2\" content=\"5 minutos\" \/>\n<script type=\"application\/ld+json\" class=\"yoast-schema-graph\">{\"@context\":\"https:\/\/schema.org\",\"@graph\":[{\"@type\":\"Article\",\"@id\":\"https:\/\/beduka.com\/blog\/materias\/portugues\/o-que-e-periodo-composto\/#article\",\"isPartOf\":{\"@id\":\"https:\/\/beduka.com\/blog\/materias\/portugues\/o-que-e-periodo-composto\/\"},\"author\":{\"name\":\"Reda\u00e7\u00e3o Beduka (a)\",\"@id\":\"https:\/\/beduka.com\/blog\/#\/schema\/person\/325d912d2cb8dd9ede8ab291427d2b8a\"},\"headline\":\"Entenda o que \u00e9 Per\u00edodo Simples e Composto! Vejas as defini\u00e7\u00f5es e exemplos, al\u00e9m de ter acesso \u00e0 mat\u00e9ria completa!\",\"datePublished\":\"2020-07-31T16:22:50+00:00\",\"dateModified\":\"2020-07-31T16:22:52+00:00\",\"mainEntityOfPage\":{\"@id\":\"https:\/\/beduka.com\/blog\/materias\/portugues\/o-que-e-periodo-composto\/\"},\"wordCount\":1061,\"commentCount\":2,\"publisher\":{\"@id\":\"https:\/\/beduka.com\/blog\/#organization\"},\"articleSection\":[\"Portugu\u00eas\"],\"inLanguage\":\"pt-BR\",\"potentialAction\":[{\"@type\":\"CommentAction\",\"name\":\"Comment\",\"target\":[\"https:\/\/beduka.com\/blog\/materias\/portugues\/o-que-e-periodo-composto\/#respond\"]}]},{\"@type\":\"WebPage\",\"@id\":\"https:\/\/beduka.com\/blog\/materias\/portugues\/o-que-e-periodo-composto\/\",\"url\":\"https:\/\/beduka.com\/blog\/materias\/portugues\/o-que-e-periodo-composto\/\",\"name\":\"O que \u00e9 Per\u00edodo Composto e Simples + Exemplos f\u00e1ceis de entender!\",\"isPartOf\":{\"@id\":\"https:\/\/beduka.com\/blog\/#website\"},\"datePublished\":\"2020-07-31T16:22:50+00:00\",\"dateModified\":\"2020-07-31T16:22:52+00:00\",\"description\":\"Descubra o que \u00e9 Per\u00edodo Composto e relembre tudo o que \u00e9 importante: per\u00edodo, frase, ora\u00e7\u00e3o, per\u00edodo simples, subordina\u00e7\u00e3o, coordena\u00e7\u00e3o e muito mais!\",\"breadcrumb\":{\"@id\":\"https:\/\/beduka.com\/blog\/materias\/portugues\/o-que-e-periodo-composto\/#breadcrumb\"},\"inLanguage\":\"pt-BR\",\"potentialAction\":[{\"@type\":\"ReadAction\",\"target\":[\"https:\/\/beduka.com\/blog\/materias\/portugues\/o-que-e-periodo-composto\/\"]}]},{\"@type\":\"BreadcrumbList\",\"@id\":\"https:\/\/beduka.com\/blog\/materias\/portugues\/o-que-e-periodo-composto\/#breadcrumb\",\"itemListElement\":[{\"@type\":\"ListItem\",\"position\":1,\"name\":\"Home\",\"item\":\"https:\/\/beduka.com\/blog\/\"},{\"@type\":\"ListItem\",\"position\":2,\"name\":\"Entenda o que \u00e9 Per\u00edodo Simples e Composto! Vejas as defini\u00e7\u00f5es e exemplos, al\u00e9m de ter acesso \u00e0 mat\u00e9ria completa!\"}]},{\"@type\":\"WebSite\",\"@id\":\"https:\/\/beduka.com\/blog\/#website\",\"url\":\"https:\/\/beduka.com\/blog\/\",\"name\":\"Blog do Beduka | Mat\u00e9rias resumidas, Dicas e Exerc\u00edcios Enem\",\"description\":\"O Blog do Beduka tem os conte\u00fados que mais caem no Enem, exerc\u00edcios de vestibular com gabarito, resumos, dicas e informa\u00e7\u00f5es Sisu, Prouni e Fies.Encontre dicas para o ENEM, resumos, exerc\u00edcios e informa\u00e7\u00f5es sobre os vestibulares. Acesse agora!\",\"publisher\":{\"@id\":\"https:\/\/beduka.com\/blog\/#organization\"},\"potentialAction\":[{\"@type\":\"SearchAction\",\"target\":{\"@type\":\"EntryPoint\",\"urlTemplate\":\"https:\/\/beduka.com\/blog\/?s={search_term_string}\"},\"query-input\":\"required name=search_term_string\"}],\"inLanguage\":\"pt-BR\"},{\"@type\":\"Organization\",\"@id\":\"https:\/\/beduka.com\/blog\/#organization\",\"name\":\"Beduka\",\"url\":\"https:\/\/beduka.com\/blog\/\",\"logo\":{\"@type\":\"ImageObject\",\"inLanguage\":\"pt-BR\",\"@id\":\"https:\/\/beduka.com\/blog\/#\/schema\/logo\/image\/\",\"url\":\"https:\/\/beduka.com\/blog\/wp-content\/uploads\/2020\/06\/marca-beduka.png\",\"contentUrl\":\"https:\/\/beduka.com\/blog\/wp-content\/uploads\/2020\/06\/marca-beduka.png\",\"width\":1077,\"height\":368,\"caption\":\"Beduka\"},\"image\":{\"@id\":\"https:\/\/beduka.com\/blog\/#\/schema\/logo\/image\/\"},\"sameAs\":[\"https:\/\/www.facebook.com\/beduka.buscadordefaculdades\/\",\"https:\/\/www.instagram.com\/beduka_oficial\/\",\"https:\/\/www.linkedin.com\/company\/beduka\",\"https:\/\/br.pinterest.com\/bedukaoficial\/\",\"https:\/\/www.youtube.com\/beduka\"]},{\"@type\":\"Person\",\"@id\":\"https:\/\/beduka.com\/blog\/#\/schema\/person\/325d912d2cb8dd9ede8ab291427d2b8a\",\"name\":\"Reda\u00e7\u00e3o Beduka (a)\",\"image\":{\"@type\":\"ImageObject\",\"inLanguage\":\"pt-BR\",\"@id\":\"https:\/\/beduka.com\/blog\/#\/schema\/person\/image\/\",\"url\":\"https:\/\/secure.gravatar.com\/avatar\/6f58a181ef24e0dc0bb73f096aa0f8b5?s=96&d=mm&r=g\",\"contentUrl\":\"https:\/\/secure.gravatar.com\/avatar\/6f58a181ef24e0dc0bb73f096aa0f8b5?s=96&d=mm&r=g\",\"caption\":\"Reda\u00e7\u00e3o Beduka (a)\"},\"description\":\"Este conte\u00fado foi criado e validado por uma equipe multidisciplinar, formada por especialistas em cada \u00e1rea do conhecimento. O Beduka est\u00e1 presente no Instagram, YouTube, LinkedIn e em diversos outros ambientes digitais. O site foi criado em 2017 e, desde a sua funda\u00e7\u00e3o, atua para fornecer materiais de qualidade para facilitar a vida de estudantes de todo o Brasil, ajudando-os a se preparar para os principais vestibulares e o Enem.\",\"sameAs\":[\"https:\/\/www.facebook.com\/beduka.buscadordefaculdades\",\"https:\/\/www.instagram.com\/beduka_oficial\/\",\"https:\/\/br.pinterest.com\/bedukaoficial\/\"],\"url\":\"https:\/\/beduka.com\/blog\/author\/admin\/\"}]}<\/script>\n<!-- \/ Yoast SEO plugin. -->","yoast_head_json":{"title":"O que \u00e9 Per\u00edodo Composto e Simples + Exemplos f\u00e1ceis de entender!","description":"Descubra o que \u00e9 Per\u00edodo Composto e relembre tudo o que \u00e9 importante: per\u00edodo, frase, ora\u00e7\u00e3o, per\u00edodo simples, subordina\u00e7\u00e3o, coordena\u00e7\u00e3o e muito mais!","robots":{"index":"index","follow":"follow","max-snippet":"max-snippet:-1","max-image-preview":"max-image-preview:large","max-video-preview":"max-video-preview:-1"},"canonical":"https:\/\/beduka.com\/blog\/materias\/portugues\/o-que-e-periodo-composto\/","og_locale":"pt_BR","og_type":"article","og_title":"O que \u00e9 Per\u00edodo Composto e Simples + Exemplos f\u00e1ceis de entender!","og_description":"Descubra o que \u00e9 Per\u00edodo Composto e relembre tudo o que \u00e9 importante: per\u00edodo, frase, ora\u00e7\u00e3o, per\u00edodo simples, subordina\u00e7\u00e3o, coordena\u00e7\u00e3o e muito mais!","og_url":"https:\/\/beduka.com\/blog\/materias\/portugues\/o-que-e-periodo-composto\/","og_site_name":"Blog do Beduka | Mat\u00e9rias resumidas, Dicas e Exerc\u00edcios Enem","article_publisher":"https:\/\/www.facebook.com\/beduka.buscadordefaculdades\/","article_author":"https:\/\/www.facebook.com\/beduka.buscadordefaculdades","article_published_time":"2020-07-31T16:22:50+00:00","article_modified_time":"2020-07-31T16:22:52+00:00","og_image":[{"width":600,"height":300,"url":"https:\/\/beduka.com\/blog\/wp-content\/uploads\/2020\/07\/Mat\u00e9ria-completa-sobre-o-que-\u00e9-Per\u00eddo-Simples-e-Composto-.jpg","type":"image\/jpeg"}],"author":"Reda\u00e7\u00e3o Beduka (a)","twitter_card":"summary_large_image","twitter_misc":{"Escrito por":"Reda\u00e7\u00e3o Beduka (a)","Est. tempo de leitura":"5 minutos"},"schema":{"@context":"https:\/\/schema.org","@graph":[{"@type":"Article","@id":"https:\/\/beduka.com\/blog\/materias\/portugues\/o-que-e-periodo-composto\/#article","isPartOf":{"@id":"https:\/\/beduka.com\/blog\/materias\/portugues\/o-que-e-periodo-composto\/"},"author":{"name":"Reda\u00e7\u00e3o Beduka (a)","@id":"https:\/\/beduka.com\/blog\/#\/schema\/person\/325d912d2cb8dd9ede8ab291427d2b8a"},"headline":"Entenda o que \u00e9 Per\u00edodo Simples e Composto! Vejas as defini\u00e7\u00f5es e exemplos, al\u00e9m de ter acesso \u00e0 mat\u00e9ria completa!","datePublished":"2020-07-31T16:22:50+00:00","dateModified":"2020-07-31T16:22:52+00:00","mainEntityOfPage":{"@id":"https:\/\/beduka.com\/blog\/materias\/portugues\/o-que-e-periodo-composto\/"},"wordCount":1061,"commentCount":2,"publisher":{"@id":"https:\/\/beduka.com\/blog\/#organization"},"articleSection":["Portugu\u00eas"],"inLanguage":"pt-BR","potentialAction":[{"@type":"CommentAction","name":"Comment","target":["https:\/\/beduka.com\/blog\/materias\/portugues\/o-que-e-periodo-composto\/#respond"]}]},{"@type":"WebPage","@id":"https:\/\/beduka.com\/blog\/materias\/portugues\/o-que-e-periodo-composto\/","url":"https:\/\/beduka.com\/blog\/materias\/portugues\/o-que-e-periodo-composto\/","name":"O que \u00e9 Per\u00edodo Composto e Simples + Exemplos f\u00e1ceis de entender!","isPartOf":{"@id":"https:\/\/beduka.com\/blog\/#website"},"datePublished":"2020-07-31T16:22:50+00:00","dateModified":"2020-07-31T16:22:52+00:00","description":"Descubra o que \u00e9 Per\u00edodo Composto e relembre tudo o que \u00e9 importante: per\u00edodo, frase, ora\u00e7\u00e3o, per\u00edodo simples, subordina\u00e7\u00e3o, coordena\u00e7\u00e3o e muito mais!","breadcrumb":{"@id":"https:\/\/beduka.com\/blog\/materias\/portugues\/o-que-e-periodo-composto\/#breadcrumb"},"inLanguage":"pt-BR","potentialAction":[{"@type":"ReadAction","target":["https:\/\/beduka.com\/blog\/materias\/portugues\/o-que-e-periodo-composto\/"]}]},{"@type":"BreadcrumbList","@id":"https:\/\/beduka.com\/blog\/materias\/portugues\/o-que-e-periodo-composto\/#breadcrumb","itemListElement":[{"@type":"ListItem","position":1,"name":"Home","item":"https:\/\/beduka.com\/blog\/"},{"@type":"ListItem","position":2,"name":"Entenda o que \u00e9 Per\u00edodo Simples e Composto! Vejas as defini\u00e7\u00f5es e exemplos, al\u00e9m de ter acesso \u00e0 mat\u00e9ria completa!"}]},{"@type":"WebSite","@id":"https:\/\/beduka.com\/blog\/#website","url":"https:\/\/beduka.com\/blog\/","name":"Blog do Beduka | Mat\u00e9rias resumidas, Dicas e Exerc\u00edcios Enem","description":"O Blog do Beduka tem os conte\u00fados que mais caem no Enem, exerc\u00edcios de vestibular com gabarito, resumos, dicas e informa\u00e7\u00f5es Sisu, Prouni e Fies.Encontre dicas para o ENEM, resumos, exerc\u00edcios e informa\u00e7\u00f5es sobre os vestibulares. Acesse agora!","publisher":{"@id":"https:\/\/beduka.com\/blog\/#organization"},"potentialAction":[{"@type":"SearchAction","target":{"@type":"EntryPoint","urlTemplate":"https:\/\/beduka.com\/blog\/?s={search_term_string}"},"query-input":"required name=search_term_string"}],"inLanguage":"pt-BR"},{"@type":"Organization","@id":"https:\/\/beduka.com\/blog\/#organization","name":"Beduka","url":"https:\/\/beduka.com\/blog\/","logo":{"@type":"ImageObject","inLanguage":"pt-BR","@id":"https:\/\/beduka.com\/blog\/#\/schema\/logo\/image\/","url":"https:\/\/beduka.com\/blog\/wp-content\/uploads\/2020\/06\/marca-beduka.png","contentUrl":"https:\/\/beduka.com\/blog\/wp-content\/uploads\/2020\/06\/marca-beduka.png","width":1077,"height":368,"caption":"Beduka"},"image":{"@id":"https:\/\/beduka.com\/blog\/#\/schema\/logo\/image\/"},"sameAs":["https:\/\/www.facebook.com\/beduka.buscadordefaculdades\/","https:\/\/www.instagram.com\/beduka_oficial\/","https:\/\/www.linkedin.com\/company\/beduka","https:\/\/br.pinterest.com\/bedukaoficial\/","https:\/\/www.youtube.com\/beduka"]},{"@type":"Person","@id":"https:\/\/beduka.com\/blog\/#\/schema\/person\/325d912d2cb8dd9ede8ab291427d2b8a","name":"Reda\u00e7\u00e3o Beduka (a)","image":{"@type":"ImageObject","inLanguage":"pt-BR","@id":"https:\/\/beduka.com\/blog\/#\/schema\/person\/image\/","url":"https:\/\/secure.gravatar.com\/avatar\/6f58a181ef24e0dc0bb73f096aa0f8b5?s=96&d=mm&r=g","contentUrl":"https:\/\/secure.gravatar.com\/avatar\/6f58a181ef24e0dc0bb73f096aa0f8b5?s=96&d=mm&r=g","caption":"Reda\u00e7\u00e3o Beduka (a)"},"description":"Este conte\u00fado foi criado e validado por uma equipe multidisciplinar, formada por especialistas em cada \u00e1rea do conhecimento. O Beduka est\u00e1 presente no Instagram, YouTube, LinkedIn e em diversos outros ambientes digitais. O site foi criado em 2017 e, desde a sua funda\u00e7\u00e3o, atua para fornecer materiais de qualidade para facilitar a vida de estudantes de todo o Brasil, ajudando-os a se preparar para os principais vestibulares e o Enem.","sameAs":["https:\/\/www.facebook.com\/beduka.buscadordefaculdades","https:\/\/www.instagram.com\/beduka_oficial\/","https:\/\/br.pinterest.com\/bedukaoficial\/"],"url":"https:\/\/beduka.com\/blog\/author\/admin\/"}]}},"_links":{"self":[{"href":"https:\/\/beduka.com\/blog\/wp-json\/wp\/v2\/posts\/17199"}],"collection":[{"href":"https:\/\/beduka.com\/blog\/wp-json\/wp\/v2\/posts"}],"about":[{"href":"https:\/\/beduka.com\/blog\/wp-json\/wp\/v2\/types\/post"}],"author":[{"embeddable":true,"href":"https:\/\/beduka.com\/blog\/wp-json\/wp\/v2\/users\/1"}],"replies":[{"embeddable":true,"href":"https:\/\/beduka.com\/blog\/wp-json\/wp\/v2\/comments?post=17199"}],"version-history":[{"count":1,"href":"https:\/\/beduka.com\/blog\/wp-json\/wp\/v2\/posts\/17199\/revisions"}],"predecessor-version":[{"id":17201,"href":"https:\/\/beduka.com\/blog\/wp-json\/wp\/v2\/posts\/17199\/revisions\/17201"}],"wp:featuredmedia":[{"embeddable":true,"href":"https:\/\/beduka.com\/blog\/wp-json\/wp\/v2\/media\/17200"}],"wp:attachment":[{"href":"https:\/\/beduka.com\/blog\/wp-json\/wp\/v2\/media?parent=17199"}],"wp:term":[{"taxonomy":"category","embeddable":true,"href":"https:\/\/beduka.com\/blog\/wp-json\/wp\/v2\/categories?post=17199"},{"taxonomy":"post_tag","embeddable":true,"href":"https:\/\/beduka.com\/blog\/wp-json\/wp\/v2\/tags?post=17199"}],"curies":[{"name":"wp","href":"https:\/\/api.w.org\/{rel}","templated":true}]}}