{"id":17350,"date":"2020-08-07T12:31:00","date_gmt":"2020-08-07T15:31:00","guid":{"rendered":"https:\/\/beduka.com\/blog\/?p=17350"},"modified":"2023-04-03T16:42:48","modified_gmt":"2023-04-03T19:42:48","slug":"questoes-sobre-macunaima","status":"publish","type":"post","link":"https:\/\/beduka.com\/blog\/exercicios\/literatura-exercicios\/questoes-sobre-macunaima\/","title":{"rendered":"Quest\u00f5es sobre Macuna\u00edma resolvidas"},"content":{"rendered":"\n<blockquote class=\"wp-block-quote\"><p><strong><em>Macuna\u00edma \u00e9 uma das obras primas de M\u00e1rio de Andrade publicada em 1928. Seu principal estilo \u00e9 o modernismo, mas bebe da fonte de v\u00e1rias outras vanguardas. Leia o artigo a seguir e fa\u00e7a as quest\u00f5es sobre Macuna\u00edma.&nbsp;<br><\/em><\/strong><\/p><\/blockquote>\n\n\n\n<p>Quando terminar as quest\u00f5es sobre Macuna\u00edma fa\u00e7a nosso <a href=\"https:\/\/beduka.com\/simulado-enem\/#\/\" target=\"_blank\" rel=\"noreferrer noopener\" aria-label=\" (abre numa nova aba)\">Simulado Enem<\/a>. Com ele voc\u00ea pode focar nas quest\u00f5es das mat\u00e9rias que t\u00eam mais dificuldades.<\/p>\n\n\n\n<h2 class=\"wp-block-heading\">Principais Personagens de Macuna\u00edma<\/h2>\n\n\n\n<ul><li><strong>Macuna\u00edma: <\/strong>Protagonista anti-her\u00f3i. \u00cdndio negro pregui\u00e7oso e ninfoman\u00edaco. Se transforma em um homem branco, loiro e de olhos azuis ao mergulhar em um po\u00e7o.<\/li><li><strong>Maanape: <\/strong>Irm\u00e3o de Macuna\u00edma e simbolismo do negro.&nbsp;<\/li><li><strong>Jigu\u00ea: <\/strong>Outro irm\u00e3o de Macuna\u00edma, e simboliza o \u00edndio.&nbsp;<\/li><li><strong>Ci:<\/strong> M\u00e3e de Mato e amor da vida de Macuna\u00edma. D\u00e1 a muiraquit\u00e3 para o anti-her\u00f3i em seu leito de morte.<\/li><li><strong>Piaim\u00e3:<\/strong> Gigante disfar\u00e7ado de Venceslau Pietro Pietra. Rouba a muiraquit\u00e3 tornando-se o vil\u00e3o da hist\u00f3ria.&nbsp;&nbsp;<\/li><li><strong>Vei: <\/strong>Deusa do sol em busca de vingan\u00e7a por Macuna\u00edma ter dormido com outras mulheres ap\u00f3s prometer que se casaria com sua filha.<\/li><\/ul>\n\n\n\n<h2 class=\"wp-block-heading\">Resumo de Macuna\u00edma<\/h2>\n\n\n\n<p>Antes de entrarmos de fato no resumo do livro para que voc\u00ea fa\u00e7a as quest\u00f5es sobre Macuna\u00edma, voc\u00ea precisa conhecer melhor o protagonista da obra. Come\u00e7ando por palavras do autor.&nbsp;<br><\/p>\n\n\n\n<blockquote class=\"wp-block-quote\"><p><em>\u201cNo fundo do mato-virgem nasceu Macuna\u00edma, her\u00f3i da nossa gente. Era preto retinto e filho do medo da noite. Houve um momento em que o sil\u00eancio foi t\u00e3o grande escutando o murmurejo do Uraricoera, que a \u00edndia tapanhumas pariu uma crian\u00e7a feia. Essa crian\u00e7a \u00e9 que chamaram de Macuna\u00edma.\u201d<\/em><br><\/p><\/blockquote>\n\n\n\n<p><a href=\"https:\/\/beduka.com\/blog\/materias\/literatura\/resumo-do-livro-macunaima\/\" target=\"_blank\" rel=\"noreferrer noopener\" aria-label=\" (abre numa nova aba)\">Macuna\u00edma<\/a> era um <strong>\u00edndio negro e feio<\/strong>, filho de uma <strong>\u00edndia da Amaz\u00f4nia<\/strong>. Ele \u00e9 <strong>sem car\u00e1ter, pregui\u00e7oso e aproveitador.<\/strong> Seu divertimento era <strong>cortar as cabe\u00e7as de formigas<\/strong>. Ele teve rela\u00e7\u00f5es sexuais pela primeira vez com sua <strong>cunhada<\/strong>. Inclusive, sempre que isso acontece <strong>M\u00e1rio de Andrade<\/strong> fala que ele estava <strong>\u201cbrincando\u201d<\/strong>.&nbsp;&nbsp;<\/p>\n\n\n<div class=\"wp-block-image\">\n<figure class=\"aligncenter\"><img decoding=\"async\" loading=\"lazy\" width=\"600\" height=\"300\" src=\"https:\/\/beduka.com\/blog\/wp-content\/uploads\/2020\/08\/Macunaima.jpg\" alt=\"Macunaima\" class=\"wp-image-17353\" srcset=\"https:\/\/beduka.com\/blog\/wp-content\/uploads\/2020\/08\/Macunaima.jpg 600w, https:\/\/beduka.com\/blog\/wp-content\/uploads\/2020\/08\/Macunaima-300x150.jpg 300w, https:\/\/beduka.com\/blog\/wp-content\/uploads\/2020\/08\/Macunaima-320x160.jpg 320w\" sizes=\"(max-width: 600px) 100vw, 600px\" \/><figcaption>Macuna\u00edma<\/figcaption><\/figure><\/div>\n\n\n<h3 class=\"wp-block-heading\">A jornada de Macuna\u00edma come\u00e7a<\/h3>\n\n\n\n<p>Um dia, Macuna\u00edma v\u00ea uma <strong>veada<\/strong> e decide <strong>ca\u00e7\u00e1-la<\/strong>. Ele teve sucesso em <strong>mat\u00e1-la<\/strong>, mas percebeu que ela era <strong>sua pr\u00f3pria m\u00e3e<\/strong>. Ent\u00e3o, sua <strong>barriga cresceu<\/strong>, e ap\u00f3s <strong>jejuarem<\/strong>, <strong>ele e seus irm\u00e3os sa\u00edram pelo mundo.&nbsp;<\/strong><br><\/p>\n\n\n\n<p>Ao explorarem o mato, Macuna\u00edma e seus irm\u00e3os encontram <strong>Ci, a \u00edndia m\u00e3e do mato<\/strong>. Enquanto seus irm\u00e3os \u00e0 seguram, Macuna\u00edma \u201cbrinca\u201d com ela e assim, se torna o <strong>imperador do mato<\/strong>. Os dois se casam e t\u00eam seu <strong>filho ap\u00f3s 6 meses<\/strong>. Contudo, ele <strong>morre envenenado<\/strong>, pois Ci n\u00e3o podia ter sido violada.&nbsp;<br><\/p>\n\n\n\n<p>Ap\u00f3s o funeral, Ci d\u00e1 uma pedra para Macuna\u00edma chamada <strong>muiraquit\u00e3<\/strong> e ent\u00e3o <strong>subiu ao c\u00e9u num cip\u00f3<\/strong>. A muiraquit\u00e3 se tornou muito preciosa para Macuna\u00edma, mas ela foi <strong>roubada<\/strong>. O <strong>p\u00e1ssaro uirapuru<\/strong> disse ao \u00edndio que sua pedra estava com o <strong>comerciante peruano Venceslau Pietro Pietra, em S\u00e3o Paulo<\/strong>.&nbsp;<br><\/p>\n\n\n\n<p>O problema era que na verdade ele era um <strong>gigante devorador de gente <\/strong>chamado <strong>Piaim\u00e3<\/strong>.<br><\/p>\n\n\n\n<p><strong>Calma!<\/strong> Se voc\u00ea leu at\u00e9 aqui e j\u00e1 est\u00e1 com aquela cara de \u201co que est\u00e1 acontecendo? Eu n\u00e3o estou entendendo nada!\u201d \u00e9 porque est\u00e1 <strong>funcionando<\/strong>. Voc\u00ea \u00eda ficar com essa cara lendo o livro tamb\u00e9m. S\u00f3 <strong>aceita e segue em frente<\/strong>. Vai melhorar mais para frente e voc\u00ea vai conseguir fazer as quest\u00f5es sobre Macuna\u00edma, <strong>n\u00e3o desista<\/strong>.<\/p>\n\n\n\n<h3 class=\"wp-block-heading\">Muiraquit\u00e3<\/h3>\n\n\n\n<p>Aqui \u00e9 quando temos introduzido um <strong><em>\u201cMacGuffin\u201d<\/em><\/strong><em>. <\/em>Esse \u00e9 um termo usado no <strong>cinema<\/strong> para referenciar <strong>qualquer objeto ou objetivo<\/strong> que seja <strong>perseguido durante todo desenrolar da hist\u00f3ria<\/strong>, <strong>movendo<\/strong> dessa forma <strong>o roteiro para frente<\/strong> de uma maneira <strong>f\u00e1cil<\/strong>, <strong>sem precisar de grandes justificativas ou explica\u00e7\u00f5es<\/strong>. Nesse caso, \u00e9 a<strong> muiraquit\u00e3<\/strong>.<br><\/p>\n\n\n\n<p>Macuna\u00edma come\u00e7a sua jornada pela foz do <strong>Rio Negro<\/strong>. Ele e seus irm\u00e3os se banharam nas \u00e1guas, mas <strong>sa\u00edram diferentes<\/strong>. Macuna\u00edma se tornou um <strong>branco loiro de olhos azuis<\/strong>. <strong>Em S\u00e3o Paulo<\/strong>, ele e seus irm\u00e3os foram morar em uma <strong>pens\u00e3o<\/strong> e Macuna\u00edma teve que <strong>trabalhar<\/strong>.&nbsp;<br><\/p>\n\n\n\n<p>Macuna\u00edma descobriu onde ficava a <strong>casa do gigante<\/strong> e foi l\u00e1 para recuperar a sua pedra. O resultado foi que o gigante deu uma <strong>flechada em seu cora\u00e7\u00e3o cora\u00e7\u00e3o. Ele tamb\u00e9m foi picado e virou torresminho<\/strong>. Sim, essa \u00e9 uma hist\u00f3ria em que o protagonista morre de um jeito bem cruel.&nbsp;<br><\/p>\n\n\n\n<p>Por\u00e9m, seu irm\u00e3o viu o que aconteceu, catou os peda\u00e7os e os levou de volta \u00e0 pens\u00e3o. Depois, <strong>soprou um fumo<\/strong> sobre os peda\u00e7os do irm\u00e3o e o <strong>ressucitou<\/strong>. Pronto, protagonista vivo de novo, tudo de volta ao normal.&nbsp;<br><\/p>\n\n\n\n<p>Como segunda tentativa, Macuna\u00edma se fantasiou de<strong> francesa<\/strong> para enganar o gigante que gostava de francesas. Ele perguntou sobre a pedra, mas o gigante <strong>n\u00e3o queria partilh\u00e1-la de nenhuma forma<\/strong>. Eventualmente seu disfarce foi descoberto e Macuna\u00edma teve que <strong>fugir por v\u00e1rios estados brasileiros<\/strong>.&nbsp;&nbsp;&nbsp;<br><\/p>\n\n\n\n<p>Como \u00faltima estrat\u00e9gia, Macuna\u00edma decidiu ir ao <strong>Rio de Janeiro<\/strong> para fazer uma<strong> macumba<\/strong> para que o gigante levasse uma surra. Funcionou, por\u00e9m, Macuna\u00edma continuava <strong>sem sua pedra<\/strong>. Ele vai pescar, mas acaba sendo pescado por <strong>caapora, a mulher do gigante<\/strong>. A filha dela o ajudou a fugir.&nbsp;<br><\/p>\n\n\n\n<p>Pouco depois, v\u00ea um macaco <strong>comendo os pr\u00f3prios test\u00edculos<\/strong>. Pediu para provar e <strong>gostou<\/strong>. Quis mais, mas o macaco foi ego\u00edsta.&nbsp;<br><\/p>\n\n\n\n<p>Macuna\u00edma, ent\u00e3o,<strong> estourou os pr\u00f3prios test\u00edculos com um tijolo e morreu pela segunda vez<\/strong>. Assim, teve de ser <strong>ressuscitado por seu irm\u00e3o novamente<\/strong>. Dessa vez com um <strong>implante de cocos bahianos para substituir os test\u00edculos<\/strong>.<\/p>\n\n\n\n<h3 class=\"wp-block-heading\">Desfecho de Macuna\u00edma<\/h3>\n\n\n\n<p>Ao saber que o Gigante Venceslau havia <strong>voltado da Europa<\/strong>, Macuna\u00edma bolou um plano para <strong>recuperar sua muiraquit\u00e3<\/strong>. Para isso, armou uma armadilha e jogou Venceslau em um <strong>tacho de macarronada fervente<\/strong>. Venceslau morre dizendo que<strong> faltava queijo e Macuna\u00edma pegou a pedra de volta<\/strong>.<br><\/p>\n\n\n\n<p>Voltando de <strong>bonde<\/strong> para onde estavam seus irm\u00e3os, todos <strong>foram para casa<\/strong>. Ele voltou \u00e0 foz do Rio Negro para voltar ao normal, mas <strong>n\u00e3o conseguiu<\/strong>. No lugar ficou com a forma de <strong>hispano-americano<\/strong>. Seus irm\u00e3os morreram de<strong> lepra<\/strong> e Macuna\u00edma teve de se contentar com a companhia de um <strong>papagaio falador<\/strong>, mas esse logo o <strong>deixaria tamb\u00e9m<\/strong>.<br><\/p>\n\n\n\n<p><strong>O fim de Macuna\u00edma<\/strong> foi se transformar em uma <strong>nova constela\u00e7\u00e3o<\/strong> e ficar ao lado de sua amada que havia se <strong>transformado em uma estrela<\/strong>.&nbsp;&nbsp;&nbsp;<br><\/p>\n\n\n\n<p>Ok, voc\u00ea leu o resumo de cabo a rabo e viu que esse livro n\u00e3o \u00e9 normal. Vamos entender todas as suas nuances para que voc\u00ea acerte as quest\u00f5es sobre Macuna\u00edma.&nbsp;&nbsp;&nbsp;<\/p>\n\n\n\n<h2 class=\"wp-block-heading\">An\u00e1lise de Macuna\u00edma<\/h2>\n\n\n\n<h3 class=\"wp-block-heading\">Movimento Antropof\u00e1gico<\/h3>\n\n\n\n<p>Esse movimento defendia que o artistas brasileiros tinham que <strong>parar de beber de fontes europ\u00e9ias e come\u00e7ar a produzir obras genuinamente brasileiras<\/strong>, como \u00e9 Macuna\u00edma.&nbsp;<br><\/p>\n\n\n\n<p>Se voc\u00ea leu o resumo com aten\u00e7\u00e3o, percebeu que<strong> todos os elementos<\/strong> retratados s\u00e3o ligados ao<strong> Brasil<\/strong>, mas <strong>nenhum<\/strong> \u00e0 Europa.<\/p>\n\n\n\n<h3 class=\"wp-block-heading\">Linguagem de Macuna\u00edma<\/h3>\n\n\n\n<p>M\u00e1rio de Andrade gostava de <strong>misturar palavras e criar novas<\/strong>. Nesse livro ele misturou at\u00e9 mesmo <strong>dialetos<\/strong>. Escrevia como falava, usava palavras ind\u00edgenas e de um portugu\u00eas antigo, cometia erros <strong>propositalmente<\/strong>. Fazia tudo isso com o intuito de tornar a obra mais <strong>c\u00f4mica<\/strong>, al\u00e9m de demonstrar o <strong>abismo<\/strong> entre o portugu\u00eas falado e escrito.&nbsp;<\/p>\n\n\n\n<h3 class=\"wp-block-heading\">Car\u00e1ter brasileiro em Macuna\u00edma<\/h3>\n\n\n\n<p>Macuna\u00edma, o <strong>anti-her\u00f3i<\/strong> pregui\u00e7oso, mal-car\u00e1ter, aproveitador, misturado na religi\u00e3o, na cor de pele nos valores contradit\u00f3rios e amb\u00edguos e que <strong>morre sem gl\u00f3ria<\/strong>. <strong>\u00c9 a representa\u00e7\u00e3o do Brasil <\/strong>aos olhos do autor.<br><\/p>\n\n\n\n<p>Um jovem pa\u00eds <strong>sem valores morais ou exist\u00eancia real<\/strong>. Imagin\u00e1rio. Tentando descobrir o <strong>que \u00e9 ser brasileiro<\/strong> atrav\u00e9s da <strong>mistura de tantas identidades diferentes<\/strong>. Usa de <strong>todas as suas caracter\u00edsticas para se satisfazer<\/strong>. \u00c9 inteligente, criativo, mentiroso, metido e tudo isso <strong>sem deixar a pregui\u00e7a de lado<\/strong>.&nbsp;&nbsp;<\/p>\n\n\n\n<h3 class=\"wp-block-heading\">Surrealismo em Macuna\u00edma<\/h3>\n\n\n\n<p>Prov\u00e1vel que a caracter\u00edstica mais clara dessa obra seja como ela se entrega completamente ao <strong>absurdo<\/strong>. As mortes e ressuscita\u00e7\u00f5es de Macuna\u00edma. Como ele consegue atravessar diversos estados brasileiros em t\u00e3o pouco tempo. Entre outros <strong>surtos narrativos.&nbsp;<\/strong><br><\/p>\n\n\n\n<p>Tudo isso s\u00e3o caracter\u00edsticas de <strong>outros movimentos<\/strong>. Principalmente o <a href=\"https:\/\/beduka.com\/blog\/materias\/literatura\/o-que-e-surrealismo\/\" target=\"_blank\" rel=\"noreferrer noopener\" aria-label=\" (abre numa nova aba)\">surrealismo<\/a> em que o real se mistura com o fantasioso. Por\u00e9m, tamb\u00e9m pode-se fazer um paralelo com o:&nbsp;<br><\/p>\n\n\n\n<ul><li><a rel=\"noreferrer noopener\" aria-label=\" (abre numa nova aba)\" href=\"https:\/\/beduka.com\/blog\/materias\/literatura\/resumo-do-dadaismo\/\" target=\"_blank\">Dada\u00edsmo<\/a>,&nbsp;<\/li><li><a rel=\"noreferrer noopener\" aria-label=\" (abre numa nova aba)\" href=\"https:\/\/beduka.com\/blog\/materias\/literatura\/resumo-do-futurismo\/\" target=\"_blank\">Futurismo<\/a>,&nbsp;<\/li><li><a href=\"https:\/\/beduka.com\/blog\/materias\/literatura\/o-que-e-expressionismo\/\" target=\"_blank\" rel=\"noreferrer noopener\" aria-label=\" (abre numa nova aba)\">Expressionismo<\/a>.&nbsp;<\/li><\/ul>\n\n\n\n<h3 class=\"wp-block-heading\">Explora\u00e7\u00e3o do folclore em Macuna\u00edma<\/h3>\n\n\n\n<p>M\u00e1rio de Andrade era um <strong>estudioso da mitologia ind\u00edgena<\/strong> e ele decidiu <strong>compilar tudo o que sabia em Macuna\u00edma<\/strong> e ainda criar algumas lendas <strong>por si pr\u00f3prio<\/strong>. Assim, a obra ficou extremamente carregada de <strong>mitos, lendas, contos e diferentes temas<\/strong>.&nbsp;<br><\/p>\n\n\n\n<p>Para finalizar e partir para as quest\u00f5es sobre Macuna\u00edma, fique com essa declara\u00e7\u00e3o de Andrade sobre seu protagonista:<br><\/p>\n\n\n\n<blockquote class=\"wp-block-quote\"><p><em>\u201cO brasileiro n\u00e3o tem car\u00e1ter, porque n\u00e3o possui nem civiliza\u00e7\u00e3o pr\u00f3pria, nem consci\u00eancia tradicional e Macuna\u00edma \u00e9 um her\u00f3i surpreendentemente sem car\u00e1ter.\u201d<\/em>&nbsp;&nbsp;<br><\/p><\/blockquote>\n\n\n\n<p>Macuna\u00edma ganhou um filme. Voc\u00ea pode assistir completo no YouTube e o filme ganhou uma vers\u00e3o resumida. Deixaremos os links para ambos abaixo.&nbsp;<\/p>\n\n\n\n<figure class=\"wp-block-embed aligncenter is-type-video is-provider-youtube wp-block-embed-youtube wp-embed-aspect-4-3 wp-has-aspect-ratio\"><div class=\"wp-block-embed__wrapper\">\n<iframe loading=\"lazy\" title=\"Macuna\u00edma Compacto\" width=\"1170\" height=\"878\" src=\"https:\/\/www.youtube.com\/embed\/7ftTitJwNuk?feature=oembed\" frameborder=\"0\" allow=\"accelerometer; autoplay; encrypted-media; gyroscope; picture-in-picture\" allowfullscreen><\/iframe>\n<\/div><figcaption>Vers\u00e3o resumida do filme<\/figcaption><\/figure>\n\n\n\n<figure class=\"wp-block-embed aligncenter is-type-video is-provider-youtube wp-block-embed-youtube wp-embed-aspect-4-3 wp-has-aspect-ratio\"><div class=\"wp-block-embed__wrapper\">\n<iframe loading=\"lazy\" title=\"Macuna\u00edma (1969)\" width=\"1170\" height=\"878\" src=\"https:\/\/www.youtube.com\/embed\/XoyYFumkOqU?feature=oembed\" frameborder=\"0\" allow=\"accelerometer; autoplay; encrypted-media; gyroscope; picture-in-picture\" allowfullscreen><\/iframe>\n<\/div><figcaption>Filme completo<\/figcaption><\/figure>\n\n\n\n<h2 class=\"wp-block-heading\">Quest\u00f5es sobre Macuna\u00edma<\/h2>\n\n\n\n<p>Pois bem, hora de fazer as quest\u00f5es sobre Macuna\u00edma. Recomendamos que voc\u00ea baixe nosso <a href=\"https:\/\/beduka.com\/blog\/dicas\/enem-dicas\/plano-de-estudos-gratuito\/\" target=\"_blank\" rel=\"noreferrer noopener\" aria-label=\" (abre numa nova aba)\">Plano de Estudos<\/a> quando terminar. Ele ser\u00e1 muito \u00fatil para voc\u00ea estudante. Obrigado e boa sorte!<br><\/p>\n\n\n\n<p><strong>01. (PUCCAMP)<\/strong> Assinale a alternativa em que se encontram preocupa\u00e7\u00f5es est\u00e9ticas da Primeira Gera\u00e7\u00e3o Modernista:<\/p>\n\n\n\n<p>a) \u201cN\u00e3o entrem no verso culto o cal\u00e3o e solecismo, a sintaxe truncada, o metro cambaio, a indig\u00eancia das imagens e do vocabul\u00e1rio do pensar e do dizer.\u201d<\/p>\n\n\n\n<p>b) \u201cVestir a Ideia de uma forma sens\u00edvel que, entretanto, n\u00e3o ter\u00e1 seu fim em si mesma, mas que, servindo para exprimir a Ideia, dela se tornaria submissa.\u201d<\/p>\n\n\n\n<p>c) \u201cMinhas reivindica\u00e7\u00f5es? Liberdade. Uso dela; n\u00e3o abuso.\u201d \u201cE n\u00e3o quero disc\u00edpulos. Em arte: escola = imbecilidade de muitos para vaidade dum s\u00f3.\u201d<\/p>\n\n\n\n<p>d) \u201cNa exaust\u00e3o causada pelo sentimentalismo, a alma ainda tremula e ressoante da febre do sangue, a alma que ama e canta porque sua vida \u00e9 amor e canto, o que pode sen\u00e3o fazer o poema dos amores da vida real?\u201d<\/p>\n\n\n\n<p>e) \u201cO poeta deve ter duas qualidades: engenho e ju\u00edzo; aquele, subordinado \u00e0 imagina\u00e7\u00e3o, este, seu guia, muito mais importante, decorrente da reflex\u00e3o. Da\u00ed n\u00e3o haver beleza sem obedi\u00eancia \u00e0 raz\u00e3o, que aponta o objetivo da arte: a verdade.\u201d<\/p>\n\n\n\n<p><strong>02. (PUCCAMP)<\/strong><\/p>\n\n\n\n<p>O alpinista<\/p>\n\n\n\n<p>de alpenstock<\/p>\n\n\n\n<p>desceu<\/p>\n\n\n\n<p>nos Alpes<\/p>\n\n\n\n<p>O texto acima, cap\u00edtulo do romance Mem\u00f3ria Sentimentais de Jo\u00e3o Miramar, exemplifica uma tend\u00eancia do autor de:<\/p>\n\n\n\n<p>a) Procurar as barreiras entre poesia e prosa, utilizando estilo alusivo e el\u00edptico.<\/p>\n\n\n\n<p>b) Explorar o poema em forma de prosa, satirizando as manifesta\u00e7\u00f5es liter\u00e1rias do Pr\u00e9-modernismo.<\/p>\n\n\n\n<p>c) Buscar uma interpreta\u00e7\u00e3o l\u00edrica de seu pa\u00eds, explorando a forca sugestiva das palavras.<\/p>\n\n\n\n<p>d) Utilizar o poema-piada, para satirizar tudo o que n\u00e3o fosse nacional.<\/p>\n\n\n\n<p>e) Procurar \u201cser regional e puro em sua \u00e9poca\u201d, negando influencias das vanguardas europeias.<\/p>\n\n\n\n<p><strong>03. (MACKENZIE)<\/strong>&nbsp; \u201cChamado de raps\u00f3dia por M\u00e1rio de Andrade, o livro \u00e9 constru\u00eddo a partir de uma s\u00e9rie de lendas a que se misturam supersti\u00e7\u00f5es, prov\u00e9rbios e anedotas. O tempo e o espa\u00e7o n\u00e3o obedecem a regras de verossimilhan\u00e7a, e o fant\u00e1stico se confunde com o real durante toda a narrativa.<\/p>\n\n\n\n<p>A afirma\u00e7\u00e3o faz refer\u00eancia \u00e0 obra:<\/p>\n\n\n\n<p>a) O rei da vela.<\/p>\n\n\n\n<p>b) Calunga.<\/p>\n\n\n\n<p>c) Macuna\u00edma.<\/p>\n\n\n\n<p>d) Mem\u00f3rias sentimentais de Jo\u00e3o Miramar.<\/p>\n\n\n\n<p>e) Martim Cerer\u00ea.<\/p>\n\n\n\n<p><strong>04. (PUC-MG)<\/strong> Leia o texto atentamente.<\/p>\n\n\n\n<p>Na feira-livre do arrebaldezinho<\/p>\n\n\n\n<p>um homem loquaz apregoa bal\u00f5ezinhos de cor:<\/p>\n\n\n\n<p>\u2013\t\u201cO melhor divertimento para as crian\u00e7as!\u201d<\/p>\n\n\n\n<p>Em redor dele h\u00e1 um ajuntamento de menininhos pobres\u2026<\/p>\n\n\n\n<p>N\u00e3o \u00e9 caracter\u00edstica presente na estrofe acima:<\/p>\n\n\n\n<p>a) Valoriza\u00e7\u00e3o de fatos e elementos do cotidiano.<\/p>\n\n\n\n<p>b) Utiliza\u00e7\u00e3o do verso livre.<\/p>\n\n\n\n<p>c) Linguagem despreocupada, sem palavras raras.<\/p>\n\n\n\n<p>d) Preocupa\u00e7\u00e3o social.<\/p>\n\n\n\n<p>e) Metalinguagem.<\/p>\n\n\n\n<p><strong>05. (UFC)<\/strong> Macuna\u00edma \u2013 obra-prima de M\u00e1rio de Andrade \u2013 \u00e9 um dos livros que melhor representam a produ\u00e7\u00e3o liter\u00e1ria brasileira do presente s\u00e9culo. Sua principal caracter\u00edstica \u00e9:<\/p>\n\n\n\n<p>a) tra\u00e7ar, como no Romantismo, o perfil do \u00edndio brasileiro como prot\u00f3tipo das virtudes nacionais.<\/p>\n\n\n\n<p>b) Ser um livro em que se encontram representados os princ\u00edpios que orientam o movimento modernista de 22, dentre os quais o fundamental \u00e9 a aproxima\u00e7\u00e3o da literatura \u00e0 m\u00fasica.<\/p>\n\n\n\n<p>c) Analisar, de modo sistem\u00e1tico, as in\u00fameras varia\u00e7\u00f5es sociais e regionais da l\u00edngua portuguesa no Brasil, destacando em especial o tupi-guarani.<\/p>\n\n\n\n<p>d) Ser um texto em que o autor subverter, na linguagem liter\u00e1ria os padr\u00f5es vigentes, ao fazer conviver, sem respeitar limites geogr\u00e1ficos, formas lingu\u00edsticas oriundas das mais diversas partes do Brasil.<\/p>\n\n\n\n<p>e) Exaltar, de forma especial, a cultura popular regional, particularmente a representativa do Norte e Nordeste brasileiro.<\/p>\n\n\n\n<h2 class=\"wp-block-heading\"><strong>Respostas das Quest\u00f5es sobre Macuna\u00edma<\/strong><\/h2>\n\n\n\n<p><strong>Exerc\u00edcio resolvido da quest\u00e3o 1 \u2013<\/strong><\/p>\n\n\n\n<p>c) \u201cMinhas reivindica\u00e7\u00f5es? Liberdade. Uso dela; n\u00e3o abuso.\u201d \u201cE n\u00e3o quero disc\u00edpulos. Em arte: escola = imbecilidade de muitos para vaidade dum s\u00f3.\u201d<br><\/p>\n\n\n\n<p><strong>Exerc\u00edcio resolvido da quest\u00e3o 2 \u2013<\/strong><\/p>\n\n\n\n<p>a) Procurar as barreiras entre poesia e prosa, utilizando estilo alusivo e el\u00edptico.<\/p>\n\n\n\n<p><strong>Exerc\u00edcio resolvido da quest\u00e3o 3 \u2013<\/strong><\/p>\n\n\n\n<p>c) Macuna\u00edma.<\/p>\n\n\n\n<p><strong>Exerc\u00edcio resolvido da quest\u00e3o 4 \u2013<\/strong><\/p>\n\n\n\n<p>e) Metalinguagem.<\/p>\n\n\n\n<p><strong>Exerc\u00edcio resolvido da quest\u00e3o 5 \u2013<\/strong><\/p>\n\n\n\n<p>d) Ser um texto em que o autor subverter, na linguagem liter\u00e1ria os padr\u00f5es vigentes, ao fazer conviver, sem respeitar limites geogr\u00e1ficos, formas lingu\u00edsticas oriundas das mais diversas partes do Brasil.<\/p>\n\n\n\n<p>Estude para o Enem com o <a href=\"https:\/\/beduka.com\/simulado\" target=\"_blank\" rel=\"noreferrer noopener\" aria-label=\" (abre numa nova aba)\">Simulado Beduka.<\/a> <strong>\u00c9 gratuito!<\/strong><\/p>\n\n\n\n<p>Gostou das nossas Quest\u00f5es sobre Macuna\u00edma? Compartilhe com os seus amigos e comente abaixo sobre \u00e1reas que voc\u00ea deseja mais explica\u00e7\u00f5es.<\/p>\n\n\n\n<p>Queremos te ajudar a encontrar a <strong>FACULDADE IDEAL! <\/strong>Logo abaixo, fa\u00e7a uma pesquisa por curso e cidade que te mostraremos todas as faculdades que podem te atender. <strong>Informamos a nota de corte, valor de mensalidade, nota do MEC, avalia\u00e7\u00e3o dos alunos, modalidades de ensino e muito mais.<\/strong><br><\/p>\n","protected":false},"excerpt":{"rendered":"<p>Quest\u00f5es sobre Macuna\u00edma s\u00e3o indispens\u00e1veis no seu plano de estudos. As nossas v\u00eam com GABARITO E AN\u00c1LISE do livro para te ajudar. <\/p>\n","protected":false},"author":1,"featured_media":17352,"comment_status":"open","ping_status":"closed","sticky":false,"template":"","format":"standard","meta":{"_mi_skip_tracking":false,"_monsterinsights_sitenote_active":false,"_monsterinsights_sitenote_note":"","_monsterinsights_sitenote_category":0},"categories":[609],"tags":[],"yoast_head":"<!-- This site is optimized with the Yoast SEO plugin v20.10 - https:\/\/yoast.com\/wordpress\/plugins\/seo\/ -->\n<title>Quest\u00f5es sobre Macuna\u00edma RESOLVIDAS E COM AN\u00c1LISE<\/title>\n<meta name=\"description\" content=\"Quest\u00f5es sobre Macuna\u00edma s\u00e3o indispens\u00e1veis no seu plano de estudos. As nossas v\u00eam com GABARITO E AN\u00c1LISE do livro para te ajudar.\" \/>\n<meta name=\"robots\" content=\"index, follow, max-snippet:-1, max-image-preview:large, max-video-preview:-1\" \/>\n<link rel=\"canonical\" href=\"https:\/\/beduka.com\/blog\/exercicios\/literatura-exercicios\/questoes-sobre-macunaima\/\" \/>\n<meta property=\"og:locale\" content=\"pt_BR\" \/>\n<meta property=\"og:type\" content=\"article\" \/>\n<meta property=\"og:title\" content=\"Quest\u00f5es sobre Macuna\u00edma RESOLVIDAS E COM AN\u00c1LISE\" \/>\n<meta property=\"og:description\" content=\"Quest\u00f5es sobre Macuna\u00edma s\u00e3o indispens\u00e1veis no seu plano de estudos. As nossas v\u00eam com GABARITO E AN\u00c1LISE do livro para te ajudar.\" \/>\n<meta property=\"og:url\" content=\"https:\/\/beduka.com\/blog\/exercicios\/literatura-exercicios\/questoes-sobre-macunaima\/\" \/>\n<meta property=\"og:site_name\" content=\"Blog do Beduka | Mat\u00e9rias resumidas, Dicas e Exerc\u00edcios Enem\" \/>\n<meta property=\"article:publisher\" content=\"https:\/\/www.facebook.com\/beduka.buscadordefaculdades\/\" \/>\n<meta property=\"article:author\" content=\"https:\/\/www.facebook.com\/beduka.buscadordefaculdades\" \/>\n<meta property=\"article:published_time\" content=\"2020-08-07T15:31:00+00:00\" \/>\n<meta property=\"article:modified_time\" content=\"2023-04-03T19:42:48+00:00\" \/>\n<meta property=\"og:image\" content=\"https:\/\/beduka.com\/blog\/wp-content\/uploads\/2020\/08\/Quest\u00f5es_sobre_Macuna\u00edma.jpg\" \/>\n\t<meta property=\"og:image:width\" content=\"600\" \/>\n\t<meta property=\"og:image:height\" content=\"300\" \/>\n\t<meta property=\"og:image:type\" content=\"image\/jpeg\" \/>\n<meta name=\"author\" content=\"Reda\u00e7\u00e3o Beduka (a)\" \/>\n<meta name=\"twitter:card\" content=\"summary_large_image\" \/>\n<meta name=\"twitter:label1\" content=\"Escrito por\" \/>\n\t<meta name=\"twitter:data1\" content=\"Reda\u00e7\u00e3o Beduka (a)\" \/>\n\t<meta name=\"twitter:label2\" content=\"Est. tempo de leitura\" \/>\n\t<meta name=\"twitter:data2\" content=\"12 minutos\" \/>\n<script type=\"application\/ld+json\" class=\"yoast-schema-graph\">{\"@context\":\"https:\/\/schema.org\",\"@graph\":[{\"@type\":\"Article\",\"@id\":\"https:\/\/beduka.com\/blog\/exercicios\/literatura-exercicios\/questoes-sobre-macunaima\/#article\",\"isPartOf\":{\"@id\":\"https:\/\/beduka.com\/blog\/exercicios\/literatura-exercicios\/questoes-sobre-macunaima\/\"},\"author\":{\"name\":\"Reda\u00e7\u00e3o Beduka (a)\",\"@id\":\"https:\/\/beduka.com\/blog\/#\/schema\/person\/325d912d2cb8dd9ede8ab291427d2b8a\"},\"headline\":\"Quest\u00f5es sobre Macuna\u00edma resolvidas\",\"datePublished\":\"2020-08-07T15:31:00+00:00\",\"dateModified\":\"2023-04-03T19:42:48+00:00\",\"mainEntityOfPage\":{\"@id\":\"https:\/\/beduka.com\/blog\/exercicios\/literatura-exercicios\/questoes-sobre-macunaima\/\"},\"wordCount\":2466,\"commentCount\":0,\"publisher\":{\"@id\":\"https:\/\/beduka.com\/blog\/#organization\"},\"articleSection\":[\"Literatura\"],\"inLanguage\":\"pt-BR\",\"potentialAction\":[{\"@type\":\"CommentAction\",\"name\":\"Comment\",\"target\":[\"https:\/\/beduka.com\/blog\/exercicios\/literatura-exercicios\/questoes-sobre-macunaima\/#respond\"]}]},{\"@type\":\"WebPage\",\"@id\":\"https:\/\/beduka.com\/blog\/exercicios\/literatura-exercicios\/questoes-sobre-macunaima\/\",\"url\":\"https:\/\/beduka.com\/blog\/exercicios\/literatura-exercicios\/questoes-sobre-macunaima\/\",\"name\":\"Quest\u00f5es sobre Macuna\u00edma RESOLVIDAS E COM AN\u00c1LISE\",\"isPartOf\":{\"@id\":\"https:\/\/beduka.com\/blog\/#website\"},\"datePublished\":\"2020-08-07T15:31:00+00:00\",\"dateModified\":\"2023-04-03T19:42:48+00:00\",\"description\":\"Quest\u00f5es sobre Macuna\u00edma s\u00e3o indispens\u00e1veis no seu plano de estudos. As nossas v\u00eam com GABARITO E AN\u00c1LISE do livro para te ajudar.\",\"breadcrumb\":{\"@id\":\"https:\/\/beduka.com\/blog\/exercicios\/literatura-exercicios\/questoes-sobre-macunaima\/#breadcrumb\"},\"inLanguage\":\"pt-BR\",\"potentialAction\":[{\"@type\":\"ReadAction\",\"target\":[\"https:\/\/beduka.com\/blog\/exercicios\/literatura-exercicios\/questoes-sobre-macunaima\/\"]}]},{\"@type\":\"BreadcrumbList\",\"@id\":\"https:\/\/beduka.com\/blog\/exercicios\/literatura-exercicios\/questoes-sobre-macunaima\/#breadcrumb\",\"itemListElement\":[{\"@type\":\"ListItem\",\"position\":1,\"name\":\"Home\",\"item\":\"https:\/\/beduka.com\/blog\/\"},{\"@type\":\"ListItem\",\"position\":2,\"name\":\"Quest\u00f5es sobre Macuna\u00edma resolvidas\"}]},{\"@type\":\"WebSite\",\"@id\":\"https:\/\/beduka.com\/blog\/#website\",\"url\":\"https:\/\/beduka.com\/blog\/\",\"name\":\"Blog do Beduka | Mat\u00e9rias resumidas, Dicas e Exerc\u00edcios Enem\",\"description\":\"O Blog do Beduka tem os conte\u00fados que mais caem no Enem, exerc\u00edcios de vestibular com gabarito, resumos, dicas e informa\u00e7\u00f5es Sisu, Prouni e Fies.Encontre dicas para o ENEM, resumos, exerc\u00edcios e informa\u00e7\u00f5es sobre os vestibulares. Acesse agora!\",\"publisher\":{\"@id\":\"https:\/\/beduka.com\/blog\/#organization\"},\"potentialAction\":[{\"@type\":\"SearchAction\",\"target\":{\"@type\":\"EntryPoint\",\"urlTemplate\":\"https:\/\/beduka.com\/blog\/?s={search_term_string}\"},\"query-input\":\"required name=search_term_string\"}],\"inLanguage\":\"pt-BR\"},{\"@type\":\"Organization\",\"@id\":\"https:\/\/beduka.com\/blog\/#organization\",\"name\":\"Beduka\",\"url\":\"https:\/\/beduka.com\/blog\/\",\"logo\":{\"@type\":\"ImageObject\",\"inLanguage\":\"pt-BR\",\"@id\":\"https:\/\/beduka.com\/blog\/#\/schema\/logo\/image\/\",\"url\":\"https:\/\/beduka.com\/blog\/wp-content\/uploads\/2020\/06\/marca-beduka.png\",\"contentUrl\":\"https:\/\/beduka.com\/blog\/wp-content\/uploads\/2020\/06\/marca-beduka.png\",\"width\":1077,\"height\":368,\"caption\":\"Beduka\"},\"image\":{\"@id\":\"https:\/\/beduka.com\/blog\/#\/schema\/logo\/image\/\"},\"sameAs\":[\"https:\/\/www.facebook.com\/beduka.buscadordefaculdades\/\",\"https:\/\/www.instagram.com\/beduka_oficial\/\",\"https:\/\/www.linkedin.com\/company\/beduka\",\"https:\/\/br.pinterest.com\/bedukaoficial\/\",\"https:\/\/www.youtube.com\/beduka\"]},{\"@type\":\"Person\",\"@id\":\"https:\/\/beduka.com\/blog\/#\/schema\/person\/325d912d2cb8dd9ede8ab291427d2b8a\",\"name\":\"Reda\u00e7\u00e3o Beduka (a)\",\"image\":{\"@type\":\"ImageObject\",\"inLanguage\":\"pt-BR\",\"@id\":\"https:\/\/beduka.com\/blog\/#\/schema\/person\/image\/\",\"url\":\"https:\/\/secure.gravatar.com\/avatar\/6f58a181ef24e0dc0bb73f096aa0f8b5?s=96&d=mm&r=g\",\"contentUrl\":\"https:\/\/secure.gravatar.com\/avatar\/6f58a181ef24e0dc0bb73f096aa0f8b5?s=96&d=mm&r=g\",\"caption\":\"Reda\u00e7\u00e3o Beduka (a)\"},\"description\":\"Este conte\u00fado foi criado e validado por uma equipe multidisciplinar, formada por especialistas em cada \u00e1rea do conhecimento. O Beduka est\u00e1 presente no Instagram, YouTube, LinkedIn e em diversos outros ambientes digitais. O site foi criado em 2017 e, desde a sua funda\u00e7\u00e3o, atua para fornecer materiais de qualidade para facilitar a vida de estudantes de todo o Brasil, ajudando-os a se preparar para os principais vestibulares e o Enem.\",\"sameAs\":[\"https:\/\/www.facebook.com\/beduka.buscadordefaculdades\",\"https:\/\/www.instagram.com\/beduka_oficial\/\",\"https:\/\/br.pinterest.com\/bedukaoficial\/\"],\"url\":\"https:\/\/beduka.com\/blog\/author\/admin\/\"}]}<\/script>\n<!-- \/ Yoast SEO plugin. -->","yoast_head_json":{"title":"Quest\u00f5es sobre Macuna\u00edma RESOLVIDAS E COM AN\u00c1LISE","description":"Quest\u00f5es sobre Macuna\u00edma s\u00e3o indispens\u00e1veis no seu plano de estudos. As nossas v\u00eam com GABARITO E AN\u00c1LISE do livro para te ajudar.","robots":{"index":"index","follow":"follow","max-snippet":"max-snippet:-1","max-image-preview":"max-image-preview:large","max-video-preview":"max-video-preview:-1"},"canonical":"https:\/\/beduka.com\/blog\/exercicios\/literatura-exercicios\/questoes-sobre-macunaima\/","og_locale":"pt_BR","og_type":"article","og_title":"Quest\u00f5es sobre Macuna\u00edma RESOLVIDAS E COM AN\u00c1LISE","og_description":"Quest\u00f5es sobre Macuna\u00edma s\u00e3o indispens\u00e1veis no seu plano de estudos. As nossas v\u00eam com GABARITO E AN\u00c1LISE do livro para te ajudar.","og_url":"https:\/\/beduka.com\/blog\/exercicios\/literatura-exercicios\/questoes-sobre-macunaima\/","og_site_name":"Blog do Beduka | Mat\u00e9rias resumidas, Dicas e Exerc\u00edcios Enem","article_publisher":"https:\/\/www.facebook.com\/beduka.buscadordefaculdades\/","article_author":"https:\/\/www.facebook.com\/beduka.buscadordefaculdades","article_published_time":"2020-08-07T15:31:00+00:00","article_modified_time":"2023-04-03T19:42:48+00:00","og_image":[{"width":600,"height":300,"url":"https:\/\/beduka.com\/blog\/wp-content\/uploads\/2020\/08\/Quest\u00f5es_sobre_Macuna\u00edma.jpg","type":"image\/jpeg"}],"author":"Reda\u00e7\u00e3o Beduka (a)","twitter_card":"summary_large_image","twitter_misc":{"Escrito por":"Reda\u00e7\u00e3o Beduka (a)","Est. tempo de leitura":"12 minutos"},"schema":{"@context":"https:\/\/schema.org","@graph":[{"@type":"Article","@id":"https:\/\/beduka.com\/blog\/exercicios\/literatura-exercicios\/questoes-sobre-macunaima\/#article","isPartOf":{"@id":"https:\/\/beduka.com\/blog\/exercicios\/literatura-exercicios\/questoes-sobre-macunaima\/"},"author":{"name":"Reda\u00e7\u00e3o Beduka (a)","@id":"https:\/\/beduka.com\/blog\/#\/schema\/person\/325d912d2cb8dd9ede8ab291427d2b8a"},"headline":"Quest\u00f5es sobre Macuna\u00edma resolvidas","datePublished":"2020-08-07T15:31:00+00:00","dateModified":"2023-04-03T19:42:48+00:00","mainEntityOfPage":{"@id":"https:\/\/beduka.com\/blog\/exercicios\/literatura-exercicios\/questoes-sobre-macunaima\/"},"wordCount":2466,"commentCount":0,"publisher":{"@id":"https:\/\/beduka.com\/blog\/#organization"},"articleSection":["Literatura"],"inLanguage":"pt-BR","potentialAction":[{"@type":"CommentAction","name":"Comment","target":["https:\/\/beduka.com\/blog\/exercicios\/literatura-exercicios\/questoes-sobre-macunaima\/#respond"]}]},{"@type":"WebPage","@id":"https:\/\/beduka.com\/blog\/exercicios\/literatura-exercicios\/questoes-sobre-macunaima\/","url":"https:\/\/beduka.com\/blog\/exercicios\/literatura-exercicios\/questoes-sobre-macunaima\/","name":"Quest\u00f5es sobre Macuna\u00edma RESOLVIDAS E COM AN\u00c1LISE","isPartOf":{"@id":"https:\/\/beduka.com\/blog\/#website"},"datePublished":"2020-08-07T15:31:00+00:00","dateModified":"2023-04-03T19:42:48+00:00","description":"Quest\u00f5es sobre Macuna\u00edma s\u00e3o indispens\u00e1veis no seu plano de estudos. As nossas v\u00eam com GABARITO E AN\u00c1LISE do livro para te ajudar.","breadcrumb":{"@id":"https:\/\/beduka.com\/blog\/exercicios\/literatura-exercicios\/questoes-sobre-macunaima\/#breadcrumb"},"inLanguage":"pt-BR","potentialAction":[{"@type":"ReadAction","target":["https:\/\/beduka.com\/blog\/exercicios\/literatura-exercicios\/questoes-sobre-macunaima\/"]}]},{"@type":"BreadcrumbList","@id":"https:\/\/beduka.com\/blog\/exercicios\/literatura-exercicios\/questoes-sobre-macunaima\/#breadcrumb","itemListElement":[{"@type":"ListItem","position":1,"name":"Home","item":"https:\/\/beduka.com\/blog\/"},{"@type":"ListItem","position":2,"name":"Quest\u00f5es sobre Macuna\u00edma resolvidas"}]},{"@type":"WebSite","@id":"https:\/\/beduka.com\/blog\/#website","url":"https:\/\/beduka.com\/blog\/","name":"Blog do Beduka | Mat\u00e9rias resumidas, Dicas e Exerc\u00edcios Enem","description":"O Blog do Beduka tem os conte\u00fados que mais caem no Enem, exerc\u00edcios de vestibular com gabarito, resumos, dicas e informa\u00e7\u00f5es Sisu, Prouni e Fies.Encontre dicas para o ENEM, resumos, exerc\u00edcios e informa\u00e7\u00f5es sobre os vestibulares. Acesse agora!","publisher":{"@id":"https:\/\/beduka.com\/blog\/#organization"},"potentialAction":[{"@type":"SearchAction","target":{"@type":"EntryPoint","urlTemplate":"https:\/\/beduka.com\/blog\/?s={search_term_string}"},"query-input":"required name=search_term_string"}],"inLanguage":"pt-BR"},{"@type":"Organization","@id":"https:\/\/beduka.com\/blog\/#organization","name":"Beduka","url":"https:\/\/beduka.com\/blog\/","logo":{"@type":"ImageObject","inLanguage":"pt-BR","@id":"https:\/\/beduka.com\/blog\/#\/schema\/logo\/image\/","url":"https:\/\/beduka.com\/blog\/wp-content\/uploads\/2020\/06\/marca-beduka.png","contentUrl":"https:\/\/beduka.com\/blog\/wp-content\/uploads\/2020\/06\/marca-beduka.png","width":1077,"height":368,"caption":"Beduka"},"image":{"@id":"https:\/\/beduka.com\/blog\/#\/schema\/logo\/image\/"},"sameAs":["https:\/\/www.facebook.com\/beduka.buscadordefaculdades\/","https:\/\/www.instagram.com\/beduka_oficial\/","https:\/\/www.linkedin.com\/company\/beduka","https:\/\/br.pinterest.com\/bedukaoficial\/","https:\/\/www.youtube.com\/beduka"]},{"@type":"Person","@id":"https:\/\/beduka.com\/blog\/#\/schema\/person\/325d912d2cb8dd9ede8ab291427d2b8a","name":"Reda\u00e7\u00e3o Beduka (a)","image":{"@type":"ImageObject","inLanguage":"pt-BR","@id":"https:\/\/beduka.com\/blog\/#\/schema\/person\/image\/","url":"https:\/\/secure.gravatar.com\/avatar\/6f58a181ef24e0dc0bb73f096aa0f8b5?s=96&d=mm&r=g","contentUrl":"https:\/\/secure.gravatar.com\/avatar\/6f58a181ef24e0dc0bb73f096aa0f8b5?s=96&d=mm&r=g","caption":"Reda\u00e7\u00e3o Beduka (a)"},"description":"Este conte\u00fado foi criado e validado por uma equipe multidisciplinar, formada por especialistas em cada \u00e1rea do conhecimento. O Beduka est\u00e1 presente no Instagram, YouTube, LinkedIn e em diversos outros ambientes digitais. O site foi criado em 2017 e, desde a sua funda\u00e7\u00e3o, atua para fornecer materiais de qualidade para facilitar a vida de estudantes de todo o Brasil, ajudando-os a se preparar para os principais vestibulares e o Enem.","sameAs":["https:\/\/www.facebook.com\/beduka.buscadordefaculdades","https:\/\/www.instagram.com\/beduka_oficial\/","https:\/\/br.pinterest.com\/bedukaoficial\/"],"url":"https:\/\/beduka.com\/blog\/author\/admin\/"}]}},"_links":{"self":[{"href":"https:\/\/beduka.com\/blog\/wp-json\/wp\/v2\/posts\/17350"}],"collection":[{"href":"https:\/\/beduka.com\/blog\/wp-json\/wp\/v2\/posts"}],"about":[{"href":"https:\/\/beduka.com\/blog\/wp-json\/wp\/v2\/types\/post"}],"author":[{"embeddable":true,"href":"https:\/\/beduka.com\/blog\/wp-json\/wp\/v2\/users\/1"}],"replies":[{"embeddable":true,"href":"https:\/\/beduka.com\/blog\/wp-json\/wp\/v2\/comments?post=17350"}],"version-history":[{"count":2,"href":"https:\/\/beduka.com\/blog\/wp-json\/wp\/v2\/posts\/17350\/revisions"}],"predecessor-version":[{"id":29612,"href":"https:\/\/beduka.com\/blog\/wp-json\/wp\/v2\/posts\/17350\/revisions\/29612"}],"wp:featuredmedia":[{"embeddable":true,"href":"https:\/\/beduka.com\/blog\/wp-json\/wp\/v2\/media\/17352"}],"wp:attachment":[{"href":"https:\/\/beduka.com\/blog\/wp-json\/wp\/v2\/media?parent=17350"}],"wp:term":[{"taxonomy":"category","embeddable":true,"href":"https:\/\/beduka.com\/blog\/wp-json\/wp\/v2\/categories?post=17350"},{"taxonomy":"post_tag","embeddable":true,"href":"https:\/\/beduka.com\/blog\/wp-json\/wp\/v2\/tags?post=17350"}],"curies":[{"name":"wp","href":"https:\/\/api.w.org\/{rel}","templated":true}]}}