{"id":17569,"date":"2020-08-21T17:27:11","date_gmt":"2020-08-21T20:27:11","guid":{"rendered":"https:\/\/beduka.com\/blog\/?p=17569"},"modified":"2020-08-21T17:27:13","modified_gmt":"2020-08-21T20:27:13","slug":"o-que-e-difteria","status":"publish","type":"post","link":"https:\/\/beduka.com\/blog\/materias\/biologia\/o-que-e-difteria\/","title":{"rendered":"Entenda o que \u00e9 Difteria e conhe\u00e7a todas as informa\u00e7\u00f5es importantes!"},"content":{"rendered":"\n<p>A Difteria, tamb\u00e9m conhecida como crupe, \u00e9 uma doen\u00e7a respirat\u00f3ria infectocontagiosa. Ela \u00e9 transmiss\u00edvel e possui origem bacteriana, afetando as vias respirat\u00f3rias e outras mucosas. Para entender o que \u00e9 Difteria, \u00e9 preciso conhecer seus principais sintomas, como as placas nas am\u00edgdalas, e as formas de preven\u00e7\u00e3o com a vacina\u00e7\u00e3o.<br><\/p>\n\n\n\n<p>Neste artigo sobre o que \u00e9 Difteria, voc\u00ea encontrar\u00e1:<br><\/p>\n\n\n\n<ol><li>O que \u00e9 Difteria e qual o agente causador&nbsp;<\/li><li>Transmiss\u00e3o, Sintomas, Tipos e Complica\u00e7\u00f5es da Difteria<\/li><li>Diagn\u00f3stico e Tratamento da Difteria<\/li><li>Qual a vacina contra Difteria &#8211; Preven\u00e7\u00e3o<\/li><\/ol>\n\n\n\n<ul><li>Estudando para as provas? Conhe\u00e7a nosso <a href=\"https:\/\/beduka.com\/blog\/dicas\/enem-dicas\/simulados-para-enem-online-e-gratuito\/\" target=\"_blank\" rel=\"noreferrer noopener\" aria-label=\" (abre numa nova aba)\">Simulado gratuito<\/a>, que pode ser personalizado com as mat\u00e9rias que voc\u00ea mais precisa!<\/li><\/ul>\n\n\n\n<h2 class=\"wp-block-heading\">O que \u00e9 Difteria<\/h2>\n\n\n\n<p>Difteria, tamb\u00e9m conhecida como <strong>crupe<\/strong>, \u00e9 uma <strong>doen\u00e7a respirat\u00f3ria infectocontagiosa<\/strong>. Ela \u00e9 <strong>transmiss\u00edvel e de origem bacteriana,<\/strong> afeta as vias respirat\u00f3rias e outras mucosas como: <strong>nariz, faringe, laringe, am\u00edgdalas <\/strong>etc.&nbsp;<br><\/p>\n\n\n\n<p>A enfermidade pode ocorrer durante todos os per\u00edodos do ano, mas \u00e9 <strong>mais comum<\/strong> nos meses frios e secos do <strong>outono e inverno<\/strong>. Isso por causa da tend\u00eancia natural de infec\u00e7\u00f5es respirat\u00f3rias e dos h\u00e1bitos que desenvolvemos de fechar os ambientes, reduzir o contato com \u00e1gua, etc.<br><\/p>\n\n\n\n<p>Essa doen\u00e7a <strong>afeta pessoas de qualquer idade, etnia e sexo<\/strong>. Contudo, \u00e9 importante ressaltar que ela ocorre com maior frequ\u00eancia em <strong>\u00e1reas com baixas condi\u00e7\u00f5es socioecon\u00f4micas, <\/strong>devido \u00e0s prec\u00e1rias estruturas de sa\u00fade.<\/p>\n\n\n\n<h3 class=\"wp-block-heading\">Qual o agente causador da Difteria<\/h3>\n\n\n\n<p>A difteria \u00e9 uma das <a rel=\"noreferrer noopener\" aria-label=\" (abre numa nova aba)\" href=\"https:\/\/beduka.com\/blog\/materias\/biologia\/doencas-bacterianas\/\" target=\"_blank\">doen\u00e7as bacterianas<\/a>, ou seja, o seu causador \u00e9 uma <a href=\"https:\/\/beduka.com\/blog\/materias\/biologia\/o-que-sao-bacterias\/\" target=\"_blank\" rel=\"noreferrer noopener\" aria-label=\" (abre numa nova aba)\">bact\u00e9ria <\/a>conhecida como <strong><em>Corynebacterium diphtheriae<\/em><\/strong>. Essa bact\u00e9ria se hospeda no pr\u00f3prio corpo da v\u00edtima e os preferidos de se instalar s\u00e3o: vias respirat\u00f3rias, mucosas e pele.<\/p>\n\n\n\n<h3 class=\"wp-block-heading\">Transmiss\u00e3o de Difteria<\/h3>\n\n\n\n<p>Devido ao local de instala\u00e7\u00e3o das bact\u00e9rias, a transmiss\u00e3o da Difteria ocorre por meio da <strong>tosse, espirro ou les\u00f5es na pele<\/strong>. Significa que o <strong>contato direto<\/strong> entre pessoas, por meio de <strong>got\u00edculas eliminadas no ar, <\/strong>\u00e9 o modo de transmiss\u00e3o.<strong>&nbsp;<\/strong><br><\/p>\n\n\n\n<p>Em casos raros, pode ocorrer pelo contato de <strong>feridas com objetos contaminados<\/strong>.<strong> <\/strong>O per\u00edodo de <strong>transmissibilidade dura at\u00e9 2 semanas ap\u00f3s o in\u00edcio dos sintomas.<\/strong><\/p>\n\n\n\n<h2 class=\"wp-block-heading\">Sintomas, Incuba\u00e7\u00e3o, Tipos e Complica\u00e7\u00f5es da Difteria<\/h2>\n\n\n\n<div class=\"wp-block-image\"><figure class=\"aligncenter\"><img decoding=\"async\" loading=\"lazy\" width=\"600\" height=\"300\" src=\"https:\/\/beduka.com\/blog\/wp-content\/uploads\/2020\/08\/imagem-de-boca-saud\u00e1vel-e-boca-com-sintomas-de-difeteria-placas-branco-acinzentadas-nas-amigdalas.jpg\" alt=\"imagem-de-boca-saud\u00e1vel-e-boca-com-sintomas-de-difeteria-placas-branco-acinzentadas-nas-amigdalas\" class=\"wp-image-17572\" srcset=\"https:\/\/beduka.com\/blog\/wp-content\/uploads\/2020\/08\/imagem-de-boca-saud\u00e1vel-e-boca-com-sintomas-de-difeteria-placas-branco-acinzentadas-nas-amigdalas.jpg 600w, https:\/\/beduka.com\/blog\/wp-content\/uploads\/2020\/08\/imagem-de-boca-saud\u00e1vel-e-boca-com-sintomas-de-difeteria-placas-branco-acinzentadas-nas-amigdalas-300x150.jpg 300w, https:\/\/beduka.com\/blog\/wp-content\/uploads\/2020\/08\/imagem-de-boca-saud\u00e1vel-e-boca-com-sintomas-de-difeteria-placas-branco-acinzentadas-nas-amigdalas-320x160.jpg 320w\" sizes=\"(max-width: 600px) 100vw, 600px\" \/><\/figure><\/div>\n\n\n\n<p>O <strong>per\u00edodo de incuba\u00e7\u00e3o <\/strong>da difteria &#8211; tempo entre a contamina\u00e7\u00e3o e o surgimento de sintomas &#8211; costuma ser de <strong>1 a 6 dias<\/strong>.&nbsp;<br><\/p>\n\n\n\n<p>Embora algumas pessoas possam ser infectadas e apresentar sintomas leves ou serem assintom\u00e1ticas, os <strong>principais<\/strong> <strong>sintomas <\/strong>s\u00e3o:<br><\/p>\n\n\n\n<ul><li>Mucosa da boca\/garganta grossa e irritada<\/li><li>Forma\u00e7\u00e3o de placas branco-acinzentada nas am\u00edgdalas e partes pr\u00f3ximas<\/li><li>Dor de garganta (branda ou n\u00e3o)<\/li><li><a href=\"https:\/\/beduka.com\/blog\/materias\/biologia\/resumo-do-sistema-linfatico\/\" target=\"_blank\" rel=\"noreferrer noopener\" aria-label=\" (abre numa nova aba)\">G\u00e2nglios (linfonodos)<\/a> inchados no pesco\u00e7o.<\/li><li>Dificuldade em respirar\u00a0<\/li><li>Palidez<\/li><li>Febre baixa<\/li><li>Mal-estar geral<\/li><\/ul>\n\n\n\n<p>Se n\u00e3o for tratada rapidamente da forma correta, pode provocar as seguintes <strong>complica\u00e7\u00f5es:<\/strong><br><\/p>\n\n\n\n<ul><li>Insufici\u00eancia respirat\u00f3ria<\/li><li>Problemas card\u00edacos<\/li><li>Problemas neurol\u00f3gicos<\/li><li>Insufici\u00eancia dos rins devido a desregula\u00e7\u00e3o do <a href=\"https:\/\/beduka.com\/blog\/materias\/biologia\/resumo-do-sistema-linfatico\/\" target=\"_blank\" rel=\"noreferrer noopener\" aria-label=\" (abre numa nova aba)\">Sistema Linf\u00e1tico<\/a><\/li><li>Morte<\/li><\/ul>\n\n\n\n<p>Por isso, no surgimento de qualquer sinal, \u00e9 fundamental procurar ajuda m\u00e9dica para iniciar o tratamento o mais breve poss\u00edvel.<\/p>\n\n\n\n<h3 class=\"wp-block-heading\">Tipos de Difteria<\/h3>\n\n\n\n<div class=\"wp-block-image\"><figure class=\"aligncenter\"><img decoding=\"async\" loading=\"lazy\" width=\"600\" height=\"300\" src=\"https:\/\/beduka.com\/blog\/wp-content\/uploads\/2020\/08\/crian\u00e7a-com-pesco\u00e7o-inchado-de-difteria.jpg\" alt=\"crian\u00e7a-com-pesco\u00e7o-inchado-de-difteria\" class=\"wp-image-17573\" srcset=\"https:\/\/beduka.com\/blog\/wp-content\/uploads\/2020\/08\/crian\u00e7a-com-pesco\u00e7o-inchado-de-difteria.jpg 600w, https:\/\/beduka.com\/blog\/wp-content\/uploads\/2020\/08\/crian\u00e7a-com-pesco\u00e7o-inchado-de-difteria-300x150.jpg 300w, https:\/\/beduka.com\/blog\/wp-content\/uploads\/2020\/08\/crian\u00e7a-com-pesco\u00e7o-inchado-de-difteria-320x160.jpg 320w\" sizes=\"(max-width: 600px) 100vw, 600px\" \/><\/figure><\/div>\n\n\n\n<p>Na maioria dos casos os sintomas s\u00e3o os mesmos, mas a doen\u00e7a pode se manifestar com <strong>sintomas focados em regi\u00f5es<\/strong>, de quatro formas:<br><\/p>\n\n\n\n<ul><li>Difteria Cut\u00e2nea: principais sintomas surgem na pele do indiv\u00edduo (manchas, edemas e incha\u00e7o)<\/li><\/ul>\n\n\n\n<ul><li>Difteria Nasal:causa obstru\u00e7\u00e3o das vias respirat\u00f3rias nasais e dificulta a respira\u00e7\u00e3o<\/li><\/ul>\n\n\n\n<ul><li>Difteria amigdaliana (far\u00edngea): efeitos nas am\u00edgdalas, boca e garganta; causando placas, inflama\u00e7\u00f5es e incha\u00e7o.<\/li><\/ul>\n\n\n\n<ul><li>Difteria lar\u00edngea: a cavidade e as paredes mucosas da garganta, mais profundas e internas, sofrem dores e incha\u00e7o.<\/li><\/ul>\n\n\n\n<h2 class=\"wp-block-heading\">Diagn\u00f3stico e Tratamento da Difteria<\/h2>\n\n\n\n<p>Quando se suspeita dos sintomas, \u00e9 urgente buscar ajuda m\u00e9dica dos seguintes especialistas: <strong>Cl\u00ednico geral, Pediatra, Dermatologista, Laringologista ou Infectologista<\/strong>.&nbsp;<br><\/p>\n\n\n\n<p>A primeira forma de Diagnosticar qualquer doen\u00e7a \u00e9 o m\u00e9todo da <strong>Anamnese<\/strong>, aquela <strong>sess\u00e3o de perguntas<\/strong>:<br><\/p>\n\n\n\n<ul><li>Quando os sintomas come\u00e7aram? Algu\u00e9m pr\u00f3ximo tem sintomas semelhantes?<\/li><li>A carteirinha de vacina\u00e7\u00e3o est\u00e1 atualizada?<\/li><li>H\u00e1 dificuldade para respirar, dor de garganta ou dificuldade em engolir?<\/li><li>Houve febre?&nbsp;<\/li><li>Voc\u00ea se exp\u00f4s recentemente a algu\u00e9m com difteria?<\/li><\/ul>\n\n\n\n<p>\u00c9 importante que voc\u00ea <strong>responda cada pergunta de forma sincera<\/strong>, pois s\u00e3o essenciais para os pr\u00f3ximos procedimentos.<br><\/p>\n\n\n\n<p><strong>Diante da suspeita e com base nas respostas<\/strong>, o m\u00e9dico solicitar\u00e1:<br><\/p>\n\n\n\n<ul><li>Coleta de secre\u00e7\u00e3o nasofar\u00edngea para cultura.<\/li><li>Coleta de les\u00f5es da pele<strong>, <\/strong>em<strong> <\/strong>casos de suspeita de difteria cut\u00e2nea.<\/li><\/ul>\n\n\n\n<p>Uma vez que for confirmada, o <strong>tratamento segue de duas formas:<\/strong><br><\/p>\n\n\n\n<ul><li><strong>Antitoxina<\/strong>: \u00e9 um soro antidift\u00e9rico (SAD) que serve para anular a a\u00e7\u00e3o da toxina produzida pela bact\u00e9ria.<\/li><li><strong>Antibi\u00f3tico<\/strong>: s\u00e3o os medicamentos que matam as bact\u00e9rias, como a Penicilina e a Eritromicina, eliminando sua reprodu\u00e7\u00e3o e perpetua\u00e7\u00e3o.<\/li><\/ul>\n\n\n\n<h2 class=\"wp-block-heading\">Qual \u00e9 a vacina contra Difteria &#8211; Preven\u00e7\u00e3o<\/h2>\n\n\n\n<div class=\"wp-block-image\"><figure class=\"aligncenter\"><img decoding=\"async\" loading=\"lazy\" width=\"600\" height=\"300\" src=\"https:\/\/beduka.com\/blog\/wp-content\/uploads\/2020\/07\/Vacina-para-preven\u00e7\u00e3o-de-coqueluche.jpg\" alt=\"Vacina-para-preven\u00e7\u00e3o-de-difteria\" class=\"wp-image-17132\" srcset=\"https:\/\/beduka.com\/blog\/wp-content\/uploads\/2020\/07\/Vacina-para-preven\u00e7\u00e3o-de-coqueluche.jpg 600w, https:\/\/beduka.com\/blog\/wp-content\/uploads\/2020\/07\/Vacina-para-preven\u00e7\u00e3o-de-coqueluche-300x150.jpg 300w, https:\/\/beduka.com\/blog\/wp-content\/uploads\/2020\/07\/Vacina-para-preven\u00e7\u00e3o-de-coqueluche-320x160.jpg 320w\" sizes=\"(max-width: 600px) 100vw, 600px\" \/><\/figure><\/div>\n\n\n\n<p>Felizmente, hoje temos a <strong>principal forma de preven\u00e7\u00e3o \u00e9 por meio da<\/strong> <a rel=\"noreferrer noopener\" aria-label=\" (abre numa nova aba)\" href=\"https:\/\/beduka.com\/blog\/exercicios\/biologia-exercicios\/questoes-sobre-vacinas\/\" target=\"_blank\">vacina\u00e7\u00e3o<\/a>. H\u00e1 duas vacinas para isso: <strong>vacina Tr\u00edplice<\/strong> <strong>Bacteriana<\/strong> (DTP) e <strong>vacina Pentavalente<\/strong>.<br><\/p>\n\n\n\n<p><strong>Ambas est\u00e3o dispon\u00edveis no sistema de sa\u00fade p\u00fablica, <\/strong>segundo o calend\u00e1rio oficial do Minist\u00e9rio da Sa\u00fade. Pessoas que n\u00e3o tomaram essa vacina quando crian\u00e7as, devem buscar a imuniza\u00e7\u00e3o. Principalmente os que est\u00e3o em exposi\u00e7\u00e3o: profissionais da sa\u00fade, da via\u00e7\u00e3o, militares, policiais, coletores de lixo, manicures e pod\u00f3logos, pedagogos, etc.<br><\/p>\n\n\n\n<p>Antes da era das vacinas, a Difteria era uma das principais <a href=\"https:\/\/beduka.com\/blog\/materias\/biologia\/o-que-e-epidemia\/\" target=\"_blank\" rel=\"noreferrer noopener\" aria-label=\" (abre numa nova aba)\">epidemias<\/a> respons\u00e1veis por grandes estragos no mundo! Hoje, est\u00e1 controlada, mas carece de aten\u00e7\u00e3o nos pa\u00edses com baixas condi\u00e7\u00f5es de sa\u00fade!<br><\/p>\n\n\n\n<p>Gostou do nosso artigo sobre o que \u00e9 Difteria? Confira <strong>outros artigos <\/strong>do nosso blog e <strong>se prepare para o Enem<\/strong> da melhor maneira! Voc\u00ea tamb\u00e9m pode se organizar com o nosso<a href=\"https:\/\/beduka.com\/blog\/dicas\/enem-dicas\/plano-de-estudos-gratuito\/\" target=\"_blank\" rel=\"noreferrer noopener\" aria-label=\" (abre numa nova aba)\"> plano de estudos<\/a>, o mais completo da internet, e o melhor: <strong>totalmente gratuito!<\/strong><\/p>\n\n\n\n<p>Queremos te ajudar a encontrar a FACULDADE IDEAL! Logo abaixo, fa\u00e7a uma pesquisa por curso e cidade que te mostraremos todas as faculdades que podem te atender. Informamos a nota de corte, valor de mensalidade, nota do MEC, avalia\u00e7\u00e3o dos alunos, modalidades de ensino e muito mais.<\/p>\n\n\n\n<p>Experimente agora!<br><\/p>\n","protected":false},"excerpt":{"rendered":"<p>A Difteria, tamb\u00e9m conhecida como crupe, \u00e9 uma doen\u00e7a respirat\u00f3ria infectocontagiosa. Ela \u00e9 transmiss\u00edvel e possui origem bacteriana, afetando as vias respirat\u00f3rias e outras mucosas. Para entender o que \u00e9 Difteria, \u00e9 preciso conhecer seus principais sintomas, como as placas nas am\u00edgdalas, e as formas de preven\u00e7\u00e3o com a vacina\u00e7\u00e3o. Neste artigo sobre o que [&hellip;]<\/p>\n","protected":false},"author":1,"featured_media":17570,"comment_status":"open","ping_status":"closed","sticky":false,"template":"","format":"standard","meta":{"_mi_skip_tracking":false,"_monsterinsights_sitenote_active":false,"_monsterinsights_sitenote_note":"","_monsterinsights_sitenote_category":0},"categories":[495],"tags":[],"yoast_head":"<!-- This site is optimized with the Yoast SEO plugin v20.10 - https:\/\/yoast.com\/wordpress\/plugins\/seo\/ -->\n<title>O que \u00e9 Difteria? Resumo completo: das causas \u00e0 preven\u00e7\u00e3o!<\/title>\n<meta name=\"description\" content=\"Tudo sobre o que \u00e9 Difteria: defini\u00e7\u00e3o, causa, sintomas, transmiss\u00e3o, fatores de risco, tipos, complica\u00e7\u00f5es, diagn\u00f3stico, tratamento e preven\u00e7\u00e3o!\" \/>\n<meta name=\"robots\" content=\"index, follow, max-snippet:-1, max-image-preview:large, max-video-preview:-1\" \/>\n<link rel=\"canonical\" href=\"https:\/\/beduka.com\/blog\/materias\/biologia\/o-que-e-difteria\/\" \/>\n<meta property=\"og:locale\" content=\"pt_BR\" \/>\n<meta property=\"og:type\" content=\"article\" \/>\n<meta property=\"og:title\" content=\"O que \u00e9 Difteria? Resumo completo: das causas \u00e0 preven\u00e7\u00e3o!\" \/>\n<meta property=\"og:description\" content=\"Tudo sobre o que \u00e9 Difteria: defini\u00e7\u00e3o, causa, sintomas, transmiss\u00e3o, fatores de risco, tipos, complica\u00e7\u00f5es, diagn\u00f3stico, tratamento e preven\u00e7\u00e3o!\" \/>\n<meta property=\"og:url\" content=\"https:\/\/beduka.com\/blog\/materias\/biologia\/o-que-e-difteria\/\" \/>\n<meta property=\"og:site_name\" content=\"Blog do Beduka | Mat\u00e9rias resumidas, Dicas e Exerc\u00edcios Enem\" \/>\n<meta property=\"article:publisher\" content=\"https:\/\/www.facebook.com\/beduka.buscadordefaculdades\/\" \/>\n<meta property=\"article:author\" content=\"https:\/\/www.facebook.com\/beduka.buscadordefaculdades\" \/>\n<meta property=\"article:published_time\" content=\"2020-08-21T20:27:11+00:00\" \/>\n<meta property=\"article:modified_time\" content=\"2020-08-21T20:27:13+00:00\" \/>\n<meta property=\"og:image\" content=\"https:\/\/beduka.com\/blog\/wp-content\/uploads\/2020\/08\/Tudo-sobre-o-que-\u00e9-Difteria.jpg\" \/>\n\t<meta property=\"og:image:width\" content=\"600\" \/>\n\t<meta property=\"og:image:height\" content=\"300\" \/>\n\t<meta property=\"og:image:type\" content=\"image\/jpeg\" \/>\n<meta name=\"author\" content=\"Reda\u00e7\u00e3o Beduka (a)\" \/>\n<meta name=\"twitter:card\" content=\"summary_large_image\" \/>\n<meta name=\"twitter:label1\" content=\"Escrito por\" \/>\n\t<meta name=\"twitter:data1\" content=\"Reda\u00e7\u00e3o Beduka (a)\" \/>\n\t<meta name=\"twitter:label2\" content=\"Est. tempo de leitura\" \/>\n\t<meta name=\"twitter:data2\" content=\"5 minutos\" \/>\n<script type=\"application\/ld+json\" class=\"yoast-schema-graph\">{\"@context\":\"https:\/\/schema.org\",\"@graph\":[{\"@type\":\"Article\",\"@id\":\"https:\/\/beduka.com\/blog\/materias\/biologia\/o-que-e-difteria\/#article\",\"isPartOf\":{\"@id\":\"https:\/\/beduka.com\/blog\/materias\/biologia\/o-que-e-difteria\/\"},\"author\":{\"name\":\"Reda\u00e7\u00e3o Beduka (a)\",\"@id\":\"https:\/\/beduka.com\/blog\/#\/schema\/person\/325d912d2cb8dd9ede8ab291427d2b8a\"},\"headline\":\"Entenda o que \u00e9 Difteria e conhe\u00e7a todas as informa\u00e7\u00f5es importantes!\",\"datePublished\":\"2020-08-21T20:27:11+00:00\",\"dateModified\":\"2020-08-21T20:27:13+00:00\",\"mainEntityOfPage\":{\"@id\":\"https:\/\/beduka.com\/blog\/materias\/biologia\/o-que-e-difteria\/\"},\"wordCount\":1060,\"commentCount\":0,\"publisher\":{\"@id\":\"https:\/\/beduka.com\/blog\/#organization\"},\"articleSection\":[\"Biologia\"],\"inLanguage\":\"pt-BR\",\"potentialAction\":[{\"@type\":\"CommentAction\",\"name\":\"Comment\",\"target\":[\"https:\/\/beduka.com\/blog\/materias\/biologia\/o-que-e-difteria\/#respond\"]}]},{\"@type\":\"WebPage\",\"@id\":\"https:\/\/beduka.com\/blog\/materias\/biologia\/o-que-e-difteria\/\",\"url\":\"https:\/\/beduka.com\/blog\/materias\/biologia\/o-que-e-difteria\/\",\"name\":\"O que \u00e9 Difteria? Resumo completo: das causas \u00e0 preven\u00e7\u00e3o!\",\"isPartOf\":{\"@id\":\"https:\/\/beduka.com\/blog\/#website\"},\"datePublished\":\"2020-08-21T20:27:11+00:00\",\"dateModified\":\"2020-08-21T20:27:13+00:00\",\"description\":\"Tudo sobre o que \u00e9 Difteria: defini\u00e7\u00e3o, causa, sintomas, transmiss\u00e3o, fatores de risco, tipos, complica\u00e7\u00f5es, diagn\u00f3stico, tratamento e preven\u00e7\u00e3o!\",\"breadcrumb\":{\"@id\":\"https:\/\/beduka.com\/blog\/materias\/biologia\/o-que-e-difteria\/#breadcrumb\"},\"inLanguage\":\"pt-BR\",\"potentialAction\":[{\"@type\":\"ReadAction\",\"target\":[\"https:\/\/beduka.com\/blog\/materias\/biologia\/o-que-e-difteria\/\"]}]},{\"@type\":\"BreadcrumbList\",\"@id\":\"https:\/\/beduka.com\/blog\/materias\/biologia\/o-que-e-difteria\/#breadcrumb\",\"itemListElement\":[{\"@type\":\"ListItem\",\"position\":1,\"name\":\"Home\",\"item\":\"https:\/\/beduka.com\/blog\/\"},{\"@type\":\"ListItem\",\"position\":2,\"name\":\"Entenda o que \u00e9 Difteria e conhe\u00e7a todas as informa\u00e7\u00f5es importantes!\"}]},{\"@type\":\"WebSite\",\"@id\":\"https:\/\/beduka.com\/blog\/#website\",\"url\":\"https:\/\/beduka.com\/blog\/\",\"name\":\"Blog do Beduka | Mat\u00e9rias resumidas, Dicas e Exerc\u00edcios Enem\",\"description\":\"O Blog do Beduka tem os conte\u00fados que mais caem no Enem, exerc\u00edcios de vestibular com gabarito, resumos, dicas e informa\u00e7\u00f5es Sisu, Prouni e Fies.Encontre dicas para o ENEM, resumos, exerc\u00edcios e informa\u00e7\u00f5es sobre os vestibulares. Acesse agora!\",\"publisher\":{\"@id\":\"https:\/\/beduka.com\/blog\/#organization\"},\"potentialAction\":[{\"@type\":\"SearchAction\",\"target\":{\"@type\":\"EntryPoint\",\"urlTemplate\":\"https:\/\/beduka.com\/blog\/?s={search_term_string}\"},\"query-input\":\"required name=search_term_string\"}],\"inLanguage\":\"pt-BR\"},{\"@type\":\"Organization\",\"@id\":\"https:\/\/beduka.com\/blog\/#organization\",\"name\":\"Beduka\",\"url\":\"https:\/\/beduka.com\/blog\/\",\"logo\":{\"@type\":\"ImageObject\",\"inLanguage\":\"pt-BR\",\"@id\":\"https:\/\/beduka.com\/blog\/#\/schema\/logo\/image\/\",\"url\":\"https:\/\/beduka.com\/blog\/wp-content\/uploads\/2020\/06\/marca-beduka.png\",\"contentUrl\":\"https:\/\/beduka.com\/blog\/wp-content\/uploads\/2020\/06\/marca-beduka.png\",\"width\":1077,\"height\":368,\"caption\":\"Beduka\"},\"image\":{\"@id\":\"https:\/\/beduka.com\/blog\/#\/schema\/logo\/image\/\"},\"sameAs\":[\"https:\/\/www.facebook.com\/beduka.buscadordefaculdades\/\",\"https:\/\/www.instagram.com\/beduka_oficial\/\",\"https:\/\/www.linkedin.com\/company\/beduka\",\"https:\/\/br.pinterest.com\/bedukaoficial\/\",\"https:\/\/www.youtube.com\/beduka\"]},{\"@type\":\"Person\",\"@id\":\"https:\/\/beduka.com\/blog\/#\/schema\/person\/325d912d2cb8dd9ede8ab291427d2b8a\",\"name\":\"Reda\u00e7\u00e3o Beduka (a)\",\"image\":{\"@type\":\"ImageObject\",\"inLanguage\":\"pt-BR\",\"@id\":\"https:\/\/beduka.com\/blog\/#\/schema\/person\/image\/\",\"url\":\"https:\/\/secure.gravatar.com\/avatar\/6f58a181ef24e0dc0bb73f096aa0f8b5?s=96&d=mm&r=g\",\"contentUrl\":\"https:\/\/secure.gravatar.com\/avatar\/6f58a181ef24e0dc0bb73f096aa0f8b5?s=96&d=mm&r=g\",\"caption\":\"Reda\u00e7\u00e3o Beduka (a)\"},\"description\":\"Este conte\u00fado foi criado e validado por uma equipe multidisciplinar, formada por especialistas em cada \u00e1rea do conhecimento. O Beduka est\u00e1 presente no Instagram, YouTube, LinkedIn e em diversos outros ambientes digitais. O site foi criado em 2017 e, desde a sua funda\u00e7\u00e3o, atua para fornecer materiais de qualidade para facilitar a vida de estudantes de todo o Brasil, ajudando-os a se preparar para os principais vestibulares e o Enem.\",\"sameAs\":[\"https:\/\/www.facebook.com\/beduka.buscadordefaculdades\",\"https:\/\/www.instagram.com\/beduka_oficial\/\",\"https:\/\/br.pinterest.com\/bedukaoficial\/\"],\"url\":\"https:\/\/beduka.com\/blog\/author\/admin\/\"}]}<\/script>\n<!-- \/ Yoast SEO plugin. -->","yoast_head_json":{"title":"O que \u00e9 Difteria? Resumo completo: das causas \u00e0 preven\u00e7\u00e3o!","description":"Tudo sobre o que \u00e9 Difteria: defini\u00e7\u00e3o, causa, sintomas, transmiss\u00e3o, fatores de risco, tipos, complica\u00e7\u00f5es, diagn\u00f3stico, tratamento e preven\u00e7\u00e3o!","robots":{"index":"index","follow":"follow","max-snippet":"max-snippet:-1","max-image-preview":"max-image-preview:large","max-video-preview":"max-video-preview:-1"},"canonical":"https:\/\/beduka.com\/blog\/materias\/biologia\/o-que-e-difteria\/","og_locale":"pt_BR","og_type":"article","og_title":"O que \u00e9 Difteria? Resumo completo: das causas \u00e0 preven\u00e7\u00e3o!","og_description":"Tudo sobre o que \u00e9 Difteria: defini\u00e7\u00e3o, causa, sintomas, transmiss\u00e3o, fatores de risco, tipos, complica\u00e7\u00f5es, diagn\u00f3stico, tratamento e preven\u00e7\u00e3o!","og_url":"https:\/\/beduka.com\/blog\/materias\/biologia\/o-que-e-difteria\/","og_site_name":"Blog do Beduka | Mat\u00e9rias resumidas, Dicas e Exerc\u00edcios Enem","article_publisher":"https:\/\/www.facebook.com\/beduka.buscadordefaculdades\/","article_author":"https:\/\/www.facebook.com\/beduka.buscadordefaculdades","article_published_time":"2020-08-21T20:27:11+00:00","article_modified_time":"2020-08-21T20:27:13+00:00","og_image":[{"width":600,"height":300,"url":"https:\/\/beduka.com\/blog\/wp-content\/uploads\/2020\/08\/Tudo-sobre-o-que-\u00e9-Difteria.jpg","type":"image\/jpeg"}],"author":"Reda\u00e7\u00e3o Beduka (a)","twitter_card":"summary_large_image","twitter_misc":{"Escrito por":"Reda\u00e7\u00e3o Beduka (a)","Est. tempo de leitura":"5 minutos"},"schema":{"@context":"https:\/\/schema.org","@graph":[{"@type":"Article","@id":"https:\/\/beduka.com\/blog\/materias\/biologia\/o-que-e-difteria\/#article","isPartOf":{"@id":"https:\/\/beduka.com\/blog\/materias\/biologia\/o-que-e-difteria\/"},"author":{"name":"Reda\u00e7\u00e3o Beduka (a)","@id":"https:\/\/beduka.com\/blog\/#\/schema\/person\/325d912d2cb8dd9ede8ab291427d2b8a"},"headline":"Entenda o que \u00e9 Difteria e conhe\u00e7a todas as informa\u00e7\u00f5es importantes!","datePublished":"2020-08-21T20:27:11+00:00","dateModified":"2020-08-21T20:27:13+00:00","mainEntityOfPage":{"@id":"https:\/\/beduka.com\/blog\/materias\/biologia\/o-que-e-difteria\/"},"wordCount":1060,"commentCount":0,"publisher":{"@id":"https:\/\/beduka.com\/blog\/#organization"},"articleSection":["Biologia"],"inLanguage":"pt-BR","potentialAction":[{"@type":"CommentAction","name":"Comment","target":["https:\/\/beduka.com\/blog\/materias\/biologia\/o-que-e-difteria\/#respond"]}]},{"@type":"WebPage","@id":"https:\/\/beduka.com\/blog\/materias\/biologia\/o-que-e-difteria\/","url":"https:\/\/beduka.com\/blog\/materias\/biologia\/o-que-e-difteria\/","name":"O que \u00e9 Difteria? Resumo completo: das causas \u00e0 preven\u00e7\u00e3o!","isPartOf":{"@id":"https:\/\/beduka.com\/blog\/#website"},"datePublished":"2020-08-21T20:27:11+00:00","dateModified":"2020-08-21T20:27:13+00:00","description":"Tudo sobre o que \u00e9 Difteria: defini\u00e7\u00e3o, causa, sintomas, transmiss\u00e3o, fatores de risco, tipos, complica\u00e7\u00f5es, diagn\u00f3stico, tratamento e preven\u00e7\u00e3o!","breadcrumb":{"@id":"https:\/\/beduka.com\/blog\/materias\/biologia\/o-que-e-difteria\/#breadcrumb"},"inLanguage":"pt-BR","potentialAction":[{"@type":"ReadAction","target":["https:\/\/beduka.com\/blog\/materias\/biologia\/o-que-e-difteria\/"]}]},{"@type":"BreadcrumbList","@id":"https:\/\/beduka.com\/blog\/materias\/biologia\/o-que-e-difteria\/#breadcrumb","itemListElement":[{"@type":"ListItem","position":1,"name":"Home","item":"https:\/\/beduka.com\/blog\/"},{"@type":"ListItem","position":2,"name":"Entenda o que \u00e9 Difteria e conhe\u00e7a todas as informa\u00e7\u00f5es importantes!"}]},{"@type":"WebSite","@id":"https:\/\/beduka.com\/blog\/#website","url":"https:\/\/beduka.com\/blog\/","name":"Blog do Beduka | Mat\u00e9rias resumidas, Dicas e Exerc\u00edcios Enem","description":"O Blog do Beduka tem os conte\u00fados que mais caem no Enem, exerc\u00edcios de vestibular com gabarito, resumos, dicas e informa\u00e7\u00f5es Sisu, Prouni e Fies.Encontre dicas para o ENEM, resumos, exerc\u00edcios e informa\u00e7\u00f5es sobre os vestibulares. Acesse agora!","publisher":{"@id":"https:\/\/beduka.com\/blog\/#organization"},"potentialAction":[{"@type":"SearchAction","target":{"@type":"EntryPoint","urlTemplate":"https:\/\/beduka.com\/blog\/?s={search_term_string}"},"query-input":"required name=search_term_string"}],"inLanguage":"pt-BR"},{"@type":"Organization","@id":"https:\/\/beduka.com\/blog\/#organization","name":"Beduka","url":"https:\/\/beduka.com\/blog\/","logo":{"@type":"ImageObject","inLanguage":"pt-BR","@id":"https:\/\/beduka.com\/blog\/#\/schema\/logo\/image\/","url":"https:\/\/beduka.com\/blog\/wp-content\/uploads\/2020\/06\/marca-beduka.png","contentUrl":"https:\/\/beduka.com\/blog\/wp-content\/uploads\/2020\/06\/marca-beduka.png","width":1077,"height":368,"caption":"Beduka"},"image":{"@id":"https:\/\/beduka.com\/blog\/#\/schema\/logo\/image\/"},"sameAs":["https:\/\/www.facebook.com\/beduka.buscadordefaculdades\/","https:\/\/www.instagram.com\/beduka_oficial\/","https:\/\/www.linkedin.com\/company\/beduka","https:\/\/br.pinterest.com\/bedukaoficial\/","https:\/\/www.youtube.com\/beduka"]},{"@type":"Person","@id":"https:\/\/beduka.com\/blog\/#\/schema\/person\/325d912d2cb8dd9ede8ab291427d2b8a","name":"Reda\u00e7\u00e3o Beduka (a)","image":{"@type":"ImageObject","inLanguage":"pt-BR","@id":"https:\/\/beduka.com\/blog\/#\/schema\/person\/image\/","url":"https:\/\/secure.gravatar.com\/avatar\/6f58a181ef24e0dc0bb73f096aa0f8b5?s=96&d=mm&r=g","contentUrl":"https:\/\/secure.gravatar.com\/avatar\/6f58a181ef24e0dc0bb73f096aa0f8b5?s=96&d=mm&r=g","caption":"Reda\u00e7\u00e3o Beduka (a)"},"description":"Este conte\u00fado foi criado e validado por uma equipe multidisciplinar, formada por especialistas em cada \u00e1rea do conhecimento. O Beduka est\u00e1 presente no Instagram, YouTube, LinkedIn e em diversos outros ambientes digitais. O site foi criado em 2017 e, desde a sua funda\u00e7\u00e3o, atua para fornecer materiais de qualidade para facilitar a vida de estudantes de todo o Brasil, ajudando-os a se preparar para os principais vestibulares e o Enem.","sameAs":["https:\/\/www.facebook.com\/beduka.buscadordefaculdades","https:\/\/www.instagram.com\/beduka_oficial\/","https:\/\/br.pinterest.com\/bedukaoficial\/"],"url":"https:\/\/beduka.com\/blog\/author\/admin\/"}]}},"_links":{"self":[{"href":"https:\/\/beduka.com\/blog\/wp-json\/wp\/v2\/posts\/17569"}],"collection":[{"href":"https:\/\/beduka.com\/blog\/wp-json\/wp\/v2\/posts"}],"about":[{"href":"https:\/\/beduka.com\/blog\/wp-json\/wp\/v2\/types\/post"}],"author":[{"embeddable":true,"href":"https:\/\/beduka.com\/blog\/wp-json\/wp\/v2\/users\/1"}],"replies":[{"embeddable":true,"href":"https:\/\/beduka.com\/blog\/wp-json\/wp\/v2\/comments?post=17569"}],"version-history":[{"count":1,"href":"https:\/\/beduka.com\/blog\/wp-json\/wp\/v2\/posts\/17569\/revisions"}],"predecessor-version":[{"id":17574,"href":"https:\/\/beduka.com\/blog\/wp-json\/wp\/v2\/posts\/17569\/revisions\/17574"}],"wp:featuredmedia":[{"embeddable":true,"href":"https:\/\/beduka.com\/blog\/wp-json\/wp\/v2\/media\/17570"}],"wp:attachment":[{"href":"https:\/\/beduka.com\/blog\/wp-json\/wp\/v2\/media?parent=17569"}],"wp:term":[{"taxonomy":"category","embeddable":true,"href":"https:\/\/beduka.com\/blog\/wp-json\/wp\/v2\/categories?post=17569"},{"taxonomy":"post_tag","embeddable":true,"href":"https:\/\/beduka.com\/blog\/wp-json\/wp\/v2\/tags?post=17569"}],"curies":[{"name":"wp","href":"https:\/\/api.w.org\/{rel}","templated":true}]}}