{"id":17868,"date":"2020-09-14T08:31:11","date_gmt":"2020-09-14T11:31:11","guid":{"rendered":"https:\/\/beduka.com\/blog\/?p=17868"},"modified":"2020-09-15T10:23:43","modified_gmt":"2020-09-15T13:23:43","slug":"primeira-revolucao-industrial","status":"publish","type":"post","link":"https:\/\/beduka.com\/blog\/materias\/historia\/primeira-revolucao-industrial\/","title":{"rendered":"Tudo sobre a Primeira Revolu\u00e7\u00e3o Industrial: das causas \u00e0s consequ\u00eancias!"},"content":{"rendered":"\n<p>A Primeira Revolu\u00e7\u00e3o Industrial come\u00e7ou na Inglaterra do s\u00e9culo XVIII e se espalhou pelo mundo. Foi um dos per\u00edodos mais marcantes, pois introduziu novidades nos modelos sociais, pol\u00edticos e econ\u00f4micos. F\u00e1bricas e m\u00e1quinas a vapor foram criadas gra\u00e7as ao uso do carv\u00e3o, novas rela\u00e7\u00f5es de trabalho surgiram com o sal\u00e1rio e as classes patronais e prolet\u00e1rias; e outras consequ\u00eancias ainda atuais!<br><\/p>\n\n\n\n<p><strong>Neste artigo sobre a Primeira Revolu\u00e7\u00e3o Industrial , voc\u00ea encontrar\u00e1:<\/strong><br><\/p>\n\n\n\n<ol><li>O que foi a Primeira Revolu\u00e7\u00e3o Industrial, onde e quando ocorreu<\/li><li>Antecedentes, causas e desenvolvimento do processo<\/li><li>Consequ\u00eancias: sindicalismo, movimentos oper\u00e1rios, altera\u00e7\u00f5es sociais, econ\u00f4micas e pol\u00edticas<\/li><li>Resumo em t\u00f3picos ao final, com as Principais Caracter\u00edsticas<\/li><\/ol>\n\n\n\n<ul><li> Ao final, teste seus conhecimentos com os exerc\u00edcios sobre a <a href=\"https:\/\/beduka.com\/blog\/exercicios\/exercicios-sobre-a-primeira-revolucao-industrial\/\" target=\"_blank\" rel=\"noreferrer noopener\" aria-label=\" (abre numa nova aba)\">Primeira Fase da Revolu\u00e7\u00e3o Industrial!<\/a> <\/li><\/ul>\n\n\n\n<ul><li>Estudando para as provas? Conhe\u00e7a nosso <a href=\"https:\/\/beduka.com\/blog\/dicas\/enem-dicas\/simulados-para-enem-online-e-gratuito\/\" target=\"_blank\" rel=\"noreferrer noopener\" aria-label=\" (abre numa nova aba)\">Simulado gratuito<\/a>, que pode ser personalizado com as mat\u00e9rias que voc\u00ea mais precisa!<\/li><\/ul>\n\n\n\n<h2 class=\"wp-block-heading\">O que foi a Primeira Revolu\u00e7\u00e3o Industrial?<\/h2>\n\n\n\n<p>A Primeira Revolu\u00e7\u00e3o Industrial, tamb\u00e9m chamada de primeira fase da Revolu\u00e7\u00e3o Industrial, \u00e9 um<strong> per\u00edodo marcado pelo grande desenvolvimento econ\u00f4mico e t\u00e9cnico<\/strong>. Esse desenvolvimento foi <strong>o primeiro que levou ao surgimento das f\u00e1bricas<\/strong>, tendo <strong>come\u00e7ado na Europa e atingido o mundo inteiro<\/strong>!<br><\/p>\n\n\n\n<p>Foi nessa \u00e9poca que come\u00e7aram a <strong>cria\u00e7\u00e3o de m\u00e1quinas locomotivas<\/strong> (trem, barcos \u00e0 vapor) e <strong>m\u00e1quinas industriais<\/strong> (ind\u00fastria t\u00eaxtil, m\u00e1quinas hidr\u00e1ulicas, etc). A <strong>fonte de energia<\/strong> para manter essas primeiras m\u00e1quinas era o <strong>carv\u00e3o <\/strong>e a sua queima, que <strong>gerava vapor! <\/strong>Al\u00e9m disso, o <strong>ferro fundido <\/strong>come\u00e7ou a ser <strong>aplicado na constru\u00e7\u00e3o das m\u00e1quinas e infra-estrutura!<\/strong><br><\/p>\n\n\n\n<p>\u00c9 um dos<strong> eventos mais marcantes na humanidade,<\/strong> porque \u00e9 a <strong>base do sistema econ\u00f4mico atual<\/strong> e de maior aplica\u00e7\u00e3o. Al\u00e9m disso, <strong>provocou transforma\u00e7\u00f5es sociais<\/strong> que <strong>rompiam com os v\u00ednculos<\/strong> comuns de antigamente. <strong>O processo completo <\/strong>da Revolu\u00e7\u00e3o Industrial <strong>foi dividido em tr\u00eas fases<\/strong>, baseadas nos avan\u00e7os tecnol\u00f3gicos que tiveram e suas consequ\u00eancias. <strong>Vamos compreender a primeira<\/strong> delas!<\/p>\n\n\n\n<h3 class=\"wp-block-heading\">Onde e quando ocorreu a Primeira Revolu\u00e7\u00e3o Industrial<\/h3>\n\n\n\n<p>A <strong>Inglaterra <\/strong>foi o palco da Primeira Revolu\u00e7\u00e3o Industrial,<strong> o pa\u00eds pioneiro.<\/strong> A data mais comumente utilizada pelos historiadores, \u00e9 que ela tenha <strong>come\u00e7ado no s\u00e9culo XVIII<\/strong>, mais especificamente <strong>no ano 1760, tendo durado at\u00e9 1840.<\/strong><br><\/p>\n\n\n\n<p><strong>Mas qual foi o motivo da Inglaterra ter sido pioneira? <\/strong>A resposta para isso est\u00e1 na <strong>an\u00e1lise dos antecedentes.<\/strong><\/p>\n\n\n\n<h2 class=\"wp-block-heading\">Antecedentes e causas da Primeira Revolu\u00e7\u00e3o Industrial<\/h2>\n\n\n\n<div class=\"wp-block-image\"><figure class=\"aligncenter\"><img decoding=\"async\" loading=\"lazy\" width=\"600\" height=\"300\" src=\"https:\/\/beduka.com\/blog\/wp-content\/uploads\/2020\/09\/mapa-com-navio-ingles-levando-riquezas-a-inglaterra.jpg\" alt=\"mapa-com-navio-ingles-levando-riquezas-a-inglaterra\" class=\"wp-image-17870\" srcset=\"https:\/\/beduka.com\/blog\/wp-content\/uploads\/2020\/09\/mapa-com-navio-ingles-levando-riquezas-a-inglaterra.jpg 600w, https:\/\/beduka.com\/blog\/wp-content\/uploads\/2020\/09\/mapa-com-navio-ingles-levando-riquezas-a-inglaterra-300x150.jpg 300w, https:\/\/beduka.com\/blog\/wp-content\/uploads\/2020\/09\/mapa-com-navio-ingles-levando-riquezas-a-inglaterra-320x160.jpg 320w\" sizes=\"(max-width: 600px) 100vw, 600px\" \/><\/figure><\/div>\n\n\n\n<p>Como \u00e9 uma parte muito decisiva e rica da hist\u00f3ria humana, v\u00e1rios foram os fatores que&nbsp; propiciaram essa mudan\u00e7a, n\u00e3o apenas um. Esse <strong>fen\u00f4menos, que vinham acontecendo momentos antes<\/strong>, eram de <strong>v\u00e1rias ordens: social, econ\u00f4mica, e geogr\u00e1fica.<\/strong><br><\/p>\n\n\n\n<p>A Primeira Revolu\u00e7\u00e3o Industrial <strong>est\u00e1 situada na Idade Moderna,<\/strong> que foi <strong>antecedida pela<\/strong> <a href=\"https:\/\/beduka.com\/blog\/materias\/historia\/o-que-foi-a-idade-media\/\" target=\"_blank\" rel=\"noreferrer noopener\" aria-label=\" (abre numa nova aba)\">Idade M\u00e9dia<\/a> e o <a rel=\"noreferrer noopener\" aria-label=\" (abre numa nova aba)\" href=\"https:\/\/beduka.com\/blog\/materias\/historia\/principais-caracteristicas-feudalismo\/\" target=\"_blank\">Feudalismo<\/a>. Antes, o modelo de produ\u00e7\u00e3o era agr\u00e1rio e rural, al\u00e9m das rela\u00e7\u00f5es de trabalho serem servis.\u00a0<br><\/p>\n\n\n\n<p>Contudo, ao ler o artigo que deixamos no link, voc\u00ea ver\u00e1 que mudan\u00e7as ocorreram e houve o surgimento de uma <strong>nova classe social: a burguesia. <\/strong>Ao mesmo tempo, surgem os<strong> <\/strong><a href=\"https:\/\/beduka.com\/blog\/materias\/historia\/o-que-era-absolutismo\/\" target=\"_blank\" rel=\"noreferrer noopener\" aria-label=\" (abre numa nova aba)\">Monarcas Absolutistas<\/a><strong> no meio pol\u00edtico.<\/strong><br><\/p>\n\n\n\n<p><strong>O que isso tem a ver com a Inglaterra? <\/strong>Veja:<\/p>\n\n\n\n<h3 class=\"wp-block-heading\">Revolu\u00e7\u00e3o Gloriosa<\/h3>\n\n\n\n<p>Tendo em vista o cen\u00e1rio descrito, a<strong> Revolu\u00e7\u00e3o Gloriosa<\/strong>, ou Segunda Revolu\u00e7\u00e3o Inglesa, foi um <strong>protesto n\u00e3o-violento <\/strong>que ocorreu <strong>na Inglaterra<\/strong> entre 1688 e 1689. Nela, <strong>houve a troca da monarquia absolutista pela monarquia parlamentar.&nbsp;<\/strong><br><\/p>\n\n\n\n<p>Dessa forma, o poder do <strong>Rei passou a ser controlado e fiscalizado pelo Parlamento<\/strong>. O <strong>Parlamento<\/strong>, por sua vez, <strong>estava associado \u00e0 burguesia<\/strong>. Por isso, as atua\u00e7\u00f5es dessa nova forma de <strong>governo privilegiavam os interesses econ\u00f4micos<\/strong> da burguesia, e os <strong>te\u00f3ricos do<\/strong> <a href=\"https:\/\/beduka.com\/blog\/materias\/historia\/o-que-e-liberalismo\/\" target=\"_blank\" rel=\"noreferrer noopener\" aria-label=\" (abre numa nova aba)\">liberalismo econ\u00f4mico<\/a> surgiam!<\/p>\n\n\n\n<h3 class=\"wp-block-heading\">Pol\u00edtica brit\u00e2nica e posi\u00e7\u00e3o Geogr\u00e1fica<\/h3>\n\n\n\n<p>Oliver Cromwell, do governo ingl\u00eas, decretou os <strong>Atos de Navega\u00e7\u00e3o:<\/strong> lei que determinava que as mercadorias compradas e vendidas pela Inglaterra s\u00f3 seriam transportadas por embarca\u00e7\u00f5es inglesas.&nbsp;<br><\/p>\n\n\n\n<p>Se a <strong>Inglaterra j\u00e1 era uma pot\u00eancia mar\u00edtima<\/strong> devido a sua <strong>posi\u00e7\u00e3o geogr\u00e1fica privilegiada<\/strong>, essa medida de Cromwell <strong>diminuiu a pirataria e o contrabando<\/strong>.&nbsp;<br><\/p>\n\n\n\n<p>Assim, os ingleses <strong>prosperaram mais do que qualquer outro pa\u00eds<\/strong> e tiveram <strong>ac\u00famulo de capital<\/strong>. Al\u00e9m da posi\u00e7\u00e3o geogr\u00e1fica ter facilitado a escoa\u00e7\u00e3o de produtos no portos, os <strong>solos ingleses eram ricos em carv\u00e3o<\/strong>. Com o<strong> lucro<\/strong>, puderam<strong> investir em novas tecnologias e maquin\u00e1rios<\/strong>, formando as <strong>f\u00e1bricas <\/strong>e a extra\u00e7\u00e3o do <strong>carv\u00e3o <\/strong>e utiliza\u00e7\u00e3o em<strong> m\u00e1quinas t\u00e9rmicas.<\/strong><br><\/p>\n\n\n\n<p>O <strong>Tratado de Methuen<\/strong>, tamb\u00e9m chamado de Tratado de P\u00e3es e Vinhos, foi outro fator que contribuiu para o ac\u00famulo de capital. Inglaterra e Portugal assinaram um acordo que conseguia <strong>taxas menores para os produtos ingleses em territ\u00f3rios portugueses.<\/strong>&nbsp;&nbsp;<br><\/p>\n\n\n\n<p>Ele ocorreu porque Portugal enfrentava uma decad\u00eancia na monarquia e precisava de apoio. Assim, portugueses se comprometeram a comprar os tecidos ingleses e os ingleses a comprar o vinho portugu\u00eas.<\/p>\n\n\n\n<h3 class=\"wp-block-heading\">Manofatura vs maquinofatura &#8211; Inven\u00e7\u00f5es da Primeira Revolu\u00e7\u00e3o Industrial<\/h3>\n\n\n\n<div class=\"wp-block-image\"><figure class=\"aligncenter\"><img decoding=\"async\" loading=\"lazy\" width=\"600\" height=\"300\" src=\"https:\/\/beduka.com\/blog\/wp-content\/uploads\/2020\/09\/diferen\u00e7a-entre-trabalho-artesanal-e-trabalho-fabril.jpg\" alt=\"diferen\u00e7a-entre-trabalho-artesanal-e-trabalho-fabril\" class=\"wp-image-17871\" srcset=\"https:\/\/beduka.com\/blog\/wp-content\/uploads\/2020\/09\/diferen\u00e7a-entre-trabalho-artesanal-e-trabalho-fabril.jpg 600w, https:\/\/beduka.com\/blog\/wp-content\/uploads\/2020\/09\/diferen\u00e7a-entre-trabalho-artesanal-e-trabalho-fabril-300x150.jpg 300w, https:\/\/beduka.com\/blog\/wp-content\/uploads\/2020\/09\/diferen\u00e7a-entre-trabalho-artesanal-e-trabalho-fabril-320x160.jpg 320w\" sizes=\"(max-width: 600px) 100vw, 600px\" \/><\/figure><\/div>\n\n\n\n<p>Antes da Revolu\u00e7\u00e3o a economia estava atrelada aos processos Feudais. Assim sendo, os <strong>produtos eram feitos de forma artesanal<\/strong>, tamb\u00e9m chamado de <strong>manufatura. <\/strong>Neste processo, <strong>um mesmo trabalhador realizava todas as etapas de confec\u00e7\u00e3o<\/strong> e como n\u00e3o havia maquin\u00e1rio, fazia <strong>tudo com as pr\u00f3prias m\u00e3os e ferramentas b\u00e1sicas.<\/strong><br><\/p>\n\n\n\n<p>Na Inglaterra, a principal manufatura era a<strong> tecelagem de l\u00e3 e produ\u00e7\u00e3o de algod\u00e3o. <\/strong>Por isso, <strong>quando os novos investimentos foram realizados<\/strong> no desenvolvimento de tecnologia e maquin\u00e1rio, a antiga manufatura de l\u00e3 <strong>sofreu o processo de mecaniza\u00e7\u00e3o e passou a fazer parte do sistema fabril.<\/strong><br><\/p>\n\n\n\n<p>O modelo era pautado na <strong>divis\u00e3o do trabalho<\/strong> (cada trabalhador se especializava e fazia apenas uma etapa da produ\u00e7\u00e3o), <strong>aumentando a velocidade e a quantidade de produto<\/strong> final.<br><\/p>\n\n\n\n<p><strong>O maquin\u00e1rio<\/strong>, <strong>movido pela queima do carv\u00e3o que gerava vapor<\/strong>, <strong>originou <\/strong>n\u00e3o apenas a <strong>ind\u00fastria t\u00eaxtil,<\/strong> mas tamb\u00e9m a <strong>metalurgia, <\/strong>os <strong>transportes modernos<\/strong> e outros servi\u00e7os. Veja <strong>algumas das inven\u00e7\u00f5es:<\/strong><br><\/p>\n\n\n\n<ul><li>Barco \u00e0 vapor<\/li><li>Locomotivas (trem de ferro ou maria-fuma\u00e7a)<\/li><li>M\u00e1quina de Tear (T\u00eaxtil)<\/li><li>M\u00e1quinas para Metalurgia e Siderurgia<\/li><\/ul>\n\n\n\n<h3 class=\"wp-block-heading\">Cercamento<\/h3>\n\n\n\n<p>A pol\u00edtica de Cercamentos consistia na introdu\u00e7\u00e3o de cercas nas \u00e1reas rurais, um <strong>loteamento separando terras especializadas <\/strong>para plantio, pecu\u00e1ria e produ\u00e7\u00e3o de mat\u00e9ria-prima. Al\u00e9m disso, havia a <strong>fiscaliza\u00e7\u00e3o do governo<\/strong> e a <strong>necessidade de que os pequenos propriet\u00e1rios tivessem t\u00edtulos<\/strong> para estar conforme as novas leis de organiza\u00e7\u00e3o.<br><\/p>\n\n\n\n<p>Assim, muitos agricultores<strong> n\u00e3o possu\u00edam condi\u00e7\u00f5es de arcar com as exig\u00eancias<\/strong> e foram <strong>expulsos de sua terra<\/strong>. N\u00e3o tendo para onde ir, <strong>migraram para as cidades<\/strong>, causando o fen\u00f4meno do <strong>\u00caxodo Rural.<\/strong>&nbsp;<br><\/p>\n\n\n\n<p>Na cidade, <strong>os rurais recorriam \u00e0 primeira possibilidade<\/strong> de sobreviv\u00eancia: os <strong>empregos rec\u00e9m criados nas ind\u00fastrias.<\/strong> Como havia <strong>ampla oferta de m\u00e3o-de-obra<\/strong>, o <strong>valor que se agregava aos empregados era baix\u00edssimo<\/strong>.<\/p>\n\n\n\n<h2 class=\"wp-block-heading\">Como terminou a Primeira Revolu\u00e7\u00e3o Industrial &#8211; Consequ\u00eancias<\/h2>\n\n\n\n<p>Se antes a<strong> riqueza<\/strong> estava nas terras e passou para o com\u00e9rcio, agora <strong>passava do com\u00e9rcio para a ind\u00fastria.<\/strong> <strong>Poderosos se tornaram os que tinham os meios de produ\u00e7\u00e3o <\/strong>industrial, alterando toda a estrutura socioecon\u00f4mica anterior.<br><\/p>\n\n\n\n<p>Assim, a Primeira Revolu\u00e7\u00e3o Industrial provocou<strong> intensas transforma\u00e7\u00f5es em todos os campos da atividade humana (social, pol\u00edtica e econ\u00f4mica)<\/strong>. Contudo cabe <strong>aprofundar no impacto<\/strong> dessas <strong>consequ\u00eancias:<\/strong><\/p>\n\n\n\n<h3 class=\"wp-block-heading\">Rela\u00e7\u00f5es trabalhistas<\/h3>\n\n\n\n<div class=\"wp-block-image\"><figure class=\"aligncenter\"><img decoding=\"async\" loading=\"lazy\" width=\"600\" height=\"300\" src=\"https:\/\/beduka.com\/blog\/wp-content\/uploads\/2020\/09\/imagem-preta-e-branca-de-trabalhadores-pobres-trabalhando-nas-maquinas-das-fabricas-recem-criadas-da-revolu\u00e7ao-industrial.jpg\" alt=\"imagem-preta-e-branca-de-trabalhadores-pobres-trabalhando-nas-maquinas-das-fabricas-recem-criadas-da-revolu\u00e7ao-industrial\" class=\"wp-image-17872\" srcset=\"https:\/\/beduka.com\/blog\/wp-content\/uploads\/2020\/09\/imagem-preta-e-branca-de-trabalhadores-pobres-trabalhando-nas-maquinas-das-fabricas-recem-criadas-da-revolu\u00e7ao-industrial.jpg 600w, https:\/\/beduka.com\/blog\/wp-content\/uploads\/2020\/09\/imagem-preta-e-branca-de-trabalhadores-pobres-trabalhando-nas-maquinas-das-fabricas-recem-criadas-da-revolu\u00e7ao-industrial-300x150.jpg 300w, https:\/\/beduka.com\/blog\/wp-content\/uploads\/2020\/09\/imagem-preta-e-branca-de-trabalhadores-pobres-trabalhando-nas-maquinas-das-fabricas-recem-criadas-da-revolu\u00e7ao-industrial-320x160.jpg 320w\" sizes=\"(max-width: 600px) 100vw, 600px\" \/><\/figure><\/div>\n\n\n\n<p>Como existe um novo ambiente de trabalho (F\u00e1bricas), novas rela\u00e7\u00f5es trabalhistas tamb\u00e9m surgem. Se antes existia os nobres, os agricultores e os burgueses; agora existem <strong>duas novas classes: patr\u00f5es e trabalhadores (prolet\u00e1rios).<\/strong><br><\/p>\n\n\n\n<p>Surge tamb\u00e9m <strong>o trabalho assalariado<\/strong>. Antes, o trabalhador controlava o processo produtivo e tinha como recompensa o seu pr\u00f3prio produto. Agora, ele \u00e9 apenas um funcion\u00e1rio e <strong>a recompensa \u00e9 remunera\u00e7\u00e3o monet\u00e1ria<\/strong>. Portanto, <strong>a m\u00e3o de obra passa a ser vendida<\/strong>, uma nova rela\u00e7\u00e3o de trabalho.<br><\/p>\n\n\n\n<p>Como houve um intenso \u00eaxodo rural, havia <strong>muitas pessoas na cidade querendo emprego<\/strong>, fazendo com que a<strong> fun\u00e7\u00e3o de trabalhador fosse desvalorizada.<\/strong>&nbsp;<br><\/p>\n\n\n\n<p>Como <strong>a sociedade embarcava em um nova rotina<\/strong> de <strong>comportamentos ainda n\u00e3o regulamentados<\/strong>, muitos<strong> abusos ocorriam<\/strong>. As <strong>jornadas de trabalho eram muito exaustivas<\/strong>, durando at\u00e9 16h. A <strong>remunera\u00e7\u00e3o era muito baixa<\/strong> em compara\u00e7\u00e3o ao esfor\u00e7o e aos riscos que se submetia. As <strong>condi\u00e7\u00f5es eram insalubres<\/strong> (n\u00e3o muito higi\u00eanicas) e haviam <strong>mulheres e crian\u00e7as em trabalhos pesados<\/strong> e expostos.<\/p>\n\n\n\n<h3 class=\"wp-block-heading\">Surgimento dos Sindicatos<\/h3>\n\n\n\n<p>Diante dessa <strong>situa\u00e7\u00e3o ca\u00f3tica que havia no in\u00edcio da industrializa\u00e7\u00e3o inglesa<\/strong>, muito <strong>te\u00f3ricos surgiram criticando o modelo<\/strong> vigente. Alguns criticaram visando o aperfei\u00e7oamento desse modelo, como vemos ocorrer hoje em dia. Outros, criticaram a fim de acabar com esse sistema e propor algo diferente, como <a href=\"https:\/\/beduka.com\/blog\/materias\/filosofia\/principais-ideias-karl-marx\/\" target=\"_blank\" rel=\"noreferrer noopener\" aria-label=\" (abre numa nova aba)\">Karl Marx.<\/a> com o Comunismo.<br><\/p>\n\n\n\n<p>Para combater essa explora\u00e7\u00e3o, <strong>a classe oper\u00e1ria se organizou em sindicatos, <\/strong>grupos<strong> <\/strong>de trabalhadores que <strong>discutiam e reivindicavam melhorias para suas situa\u00e7\u00f5es. <\/strong>Era uma forma de <strong>tornar as vozes de todos os trabalhadores em uma<\/strong>, e assim <strong>chegar \u00e0s autoridades de forma mais organizada.<\/strong><br><\/p>\n\n\n\n<p><strong>A princ\u00edpio, eles eram proibidos<\/strong> <strong>e reprimidos<\/strong>, porque alguns deles se associavam com movimentos oper\u00e1rios agressivos. Contudo, <strong>foi-se percebendo que cada sindicato era diferente<\/strong> e nem todos usavam de vias violentas, mas alguns eram diplom\u00e1ticos.<strong> Assim, a exist\u00eancia dessa institui\u00e7\u00e3o come\u00e7ou a ser reconhecida e ouvida.<\/strong><br><\/p>\n\n\n\n<p>Na segunda metade do s\u00e9culo XIX, os sindicatos assumem car\u00e1ter ideol\u00f3gico, sendo majoritariamente associados \u00e0 teorias revolucion\u00e1rias e partid\u00e1rias. Contudo, os <strong>sindicatos de cada categoria de trabalho assume uma identidade pr\u00f3pria<\/strong>, ent\u00e3o h\u00e1 exce\u00e7\u00f5es!&nbsp;<\/p>\n\n\n\n<h3 class=\"wp-block-heading\">Movimentos Oper\u00e1rios<\/h3>\n\n\n\n<div class=\"wp-block-image\"><figure class=\"aligncenter\"><img decoding=\"async\" loading=\"lazy\" width=\"600\" height=\"300\" src=\"https:\/\/beduka.com\/blog\/wp-content\/uploads\/2020\/09\/escultura-de-trabalhadores-quebrando-m\u00e1qina-influencia-de-ned-ludd-e-o-movimento-do-ludismo.jpg\" alt=\"escultura-de-trabalhadores-quebrando-m\u00e1qina-influencia-de-ned-ludd-e-o-movimento-do-ludismo\" class=\"wp-image-17873\" srcset=\"https:\/\/beduka.com\/blog\/wp-content\/uploads\/2020\/09\/escultura-de-trabalhadores-quebrando-m\u00e1qina-influencia-de-ned-ludd-e-o-movimento-do-ludismo.jpg 600w, https:\/\/beduka.com\/blog\/wp-content\/uploads\/2020\/09\/escultura-de-trabalhadores-quebrando-m\u00e1qina-influencia-de-ned-ludd-e-o-movimento-do-ludismo-300x150.jpg 300w, https:\/\/beduka.com\/blog\/wp-content\/uploads\/2020\/09\/escultura-de-trabalhadores-quebrando-m\u00e1qina-influencia-de-ned-ludd-e-o-movimento-do-ludismo-320x160.jpg 320w\" sizes=\"(max-width: 600px) 100vw, 600px\" \/><\/figure><\/div>\n\n\n\n<p>Como foi dito,<strong> cada tipo de sindicato recorria a uma forma de manifesta\u00e7\u00e3o<\/strong>. Existiram diversos movimentos dentro deles, mas <strong>existem dois principais <\/strong>que s\u00e3o de concep\u00e7\u00f5es opostas e inspiraram os seguintes:<br><\/p>\n\n\n\n<ul><li><strong>Ludismo<\/strong><\/li><\/ul>\n\n\n\n<p>O Movimento Ludista foi realizado pelo trabalhadores de tecelagem e foi um protesto <strong>mais radical<\/strong>, que recorria \u00e0s viol\u00eancias. Ned Ludd, um dos l\u00edderes do movimento, junto com outros trabalhadores, entraram nas f\u00e1bricas e <strong>destru\u00edram as m\u00e1quinas.<\/strong>&nbsp;<br><\/p>\n\n\n\n<p><strong>Para eles, as m\u00e1quinas eram mais eficientes<\/strong> que os homens<strong> e tiravam seus trabalhos<\/strong>. A <strong>manifesta\u00e7\u00e3o foi duramente reprimida<\/strong>. Ap\u00f3s alguns anos, <strong>amadureceram o pensamento <\/strong>e <strong>deram origem \u00e0s formas de greve<\/strong> e ao pr\u00f3prio <strong>movimento sindical.<\/strong><br><\/p>\n\n\n\n<ul><li><strong>Cartismo&nbsp;<\/strong><\/li><\/ul>\n\n\n\n<p>O Movimento Cartista exigia melhores condi\u00e7\u00f5es de trabalho, tal como a <strong>diminui\u00e7\u00e3o da carga hor\u00e1ria <\/strong>para oito horas por dia, a <strong>legaliza\u00e7\u00e3o regulamentada do trabalho feminino<\/strong>, o <strong>fim do trabalho infantil<\/strong>, a <strong>folga semanal<\/strong> e o <strong>sal\u00e1rio m\u00ednimo<\/strong>.<br><\/p>\n\n\n\n<p>Eles<strong> tamb\u00e9m reivindicavam novos direitos pol\u00edticos,<\/strong> como o <strong>voto<\/strong>. Antes, ele s\u00f3 era permitido a quem tivesse boas condi\u00e7\u00f5es econ\u00f4micas de renda m\u00ednima (<strong>censit\u00e1rio<\/strong>) e service \u00e0s for\u00e7as armadas (<strong>masculino<\/strong>). Agora, queriam que todos pudessem votar independente de renda ou servi\u00e7o \u00e0 p\u00e1tria (<strong>voto universal<\/strong>).<\/p>\n\n\n\n<h2 class=\"wp-block-heading\">Resumo das Principais Caracter\u00edsticas<\/h2>\n\n\n\n<div class=\"wp-block-image\"><figure class=\"aligncenter\"><img decoding=\"async\" loading=\"lazy\" width=\"600\" height=\"300\" src=\"https:\/\/beduka.com\/blog\/wp-content\/uploads\/2020\/09\/Locomotiva-e-barco-a-vapor-inven\u00e7\u00f5es-da-revolu\u00e7ao-industrial.jpg\" alt=\"Locomotiva-e-barco-a-vapor-inven\u00e7\u00f5es-da-revolu\u00e7ao-industrial\" class=\"wp-image-17874\" srcset=\"https:\/\/beduka.com\/blog\/wp-content\/uploads\/2020\/09\/Locomotiva-e-barco-a-vapor-inven\u00e7\u00f5es-da-revolu\u00e7ao-industrial.jpg 600w, https:\/\/beduka.com\/blog\/wp-content\/uploads\/2020\/09\/Locomotiva-e-barco-a-vapor-inven\u00e7\u00f5es-da-revolu\u00e7ao-industrial-300x150.jpg 300w, https:\/\/beduka.com\/blog\/wp-content\/uploads\/2020\/09\/Locomotiva-e-barco-a-vapor-inven\u00e7\u00f5es-da-revolu\u00e7ao-industrial-320x160.jpg 320w\" sizes=\"(max-width: 600px) 100vw, 600px\" \/><\/figure><\/div>\n\n\n\n<p><strong>Agora que voc\u00ea j\u00e1 entendeu todo o desenrolar <\/strong>da coisa, \u00e9 poss\u00edvel citar\/<strong>pontuar as caracter\u00edsticas que foram advindas<\/strong> da Primeira Revolu\u00e7\u00e3o Industrial, de forma a <strong>resumir tudo o que foi dito<\/strong>.<\/p>\n\n\n\n<p><strong>Principais causas<\/strong> e influ\u00eancias:<br><\/p>\n\n\n\n<ul><li>Surgimento da burguesia;<\/li><li>Pol\u00edtica de Cercamento e \u00caxodo Rural;<\/li><li>Revolu\u00e7\u00e3o Gloriosa;<\/li><li>Pol\u00edtica Brit\u00e2nica que gerou ac\u00famulo de capital;<\/li><li>Privil\u00e9gio de localiza\u00e7\u00e3o e recursos.<\/li><\/ul>\n\n\n\n<p><strong>Principais caracter\u00edsticas <\/strong>da Primeira Fase:<br><\/p>\n\n\n\n<ul><li>Utiliza\u00e7\u00e3o do<strong> carv\u00e3o<\/strong> e do <strong>vapor <\/strong>como<strong> <\/strong><a href=\"https:\/\/beduka.com\/blog\/materias\/geografia\/fontes-de-energia-nao-renovaveis\/\" target=\"_blank\" rel=\"noreferrer noopener\" aria-label=\" (abre numa nova aba)\">fonte de energia<\/a><strong>;<\/strong><\/li><li><strong>Ferro fundido <\/strong>como mat\u00e9ria-prima de m\u00e1quinas e infraestrutura,<\/li><li>Desenvolvimento de <strong>m\u00e1quinas t\u00e9rmicas, hidr\u00e1ulicas, fabris e de locomo\u00e7\u00e3o <\/strong>(m\u00e1quina de <strong>tear<\/strong>, <strong>trem<\/strong>, <strong>barco<\/strong>, etc);&nbsp;<\/li><li>Iniciou-se na <strong>Inglaterra<\/strong> e expandiu-se para a Europa e o mundo (Fran\u00e7a, B\u00e9lgica,&nbsp; It\u00e1lia, Alemanha, R\u00fassia, Jap\u00e3o e Estados Unidos);<\/li><li>Ocorreu no <strong>s\u00e9culo XVIII<\/strong>, tendo dura\u00e7\u00e3o de 1760 a 1840.<\/li><\/ul>\n\n\n\n<p><strong>Principais Consequ\u00eancias<\/strong> da Revolu\u00e7\u00e3o Industrial:<br><\/p>\n\n\n\n<ul><li>Mudan\u00e7a no processo produtivo: a manufatura (artesanato) d\u00e1 lugar \u00e0 <strong>maquinofatura (f\u00e1brica) <\/strong>e h\u00e1 a <strong>divis\u00e3o do trabalho <\/strong>e a <strong>venda da m\u00e3o-de-obra;<\/strong><\/li><li>Mudan\u00e7a no sistema econ\u00f4mico: consolida\u00e7\u00e3o do <a href=\"https:\/\/beduka.com\/blog\/materias\/historia\/fases-do-capitalismo\/\" target=\"_blank\" rel=\"noreferrer noopener\" aria-label=\" (abre numa nova aba)\">capitalismo<\/a> e <strong>surgimento do sal\u00e1rio <\/strong>como remunera\u00e7\u00e3o de trabalho;<\/li><li>Mudan\u00e7a no sistema pol\u00edtico: <strong>lucro e ind\u00fastria \u00e9 poder<\/strong>, elabora\u00e7\u00e3o das teses do <a rel=\"noreferrer noopener\" aria-label=\" (abre numa nova aba)\" href=\"https:\/\/beduka.com\/blog\/materias\/historia\/o-que-e-liberalismo\/\" target=\"_blank\">liberalismo<\/a>;<\/li><li>Mudan\u00e7as sociais: <strong>surgimento <\/strong>da classe trabalhista (<strong>prolet\u00e1rios<\/strong>) e dos <strong>patr\u00f5es;<\/strong><\/li><li>surgimento de <strong>sindicatos, protestos e greves.<\/strong><\/li><\/ul>\n\n\n\n<p>Gostou do nosso artigo sobre a Primeira Revolu\u00e7\u00e3o Industrial? Confira <strong>outros artigos <\/strong>do nosso blog e <strong>se prepare para o Enem<\/strong> da melhor maneira! Voc\u00ea tamb\u00e9m pode se organizar com o nosso<a href=\"https:\/\/beduka.com\/blog\/dicas\/enem-dicas\/plano-de-estudos-gratuito\/\" target=\"_blank\" rel=\"noreferrer noopener\" aria-label=\" (abre numa nova aba)\"> plano de estudos<\/a>, o mais completo da internet, e o melhor: <strong>totalmente gratuito!<\/strong><\/p>\n\n\n\n<p>Queremos te ajudar a encontrar a FACULDADE IDEAL! Logo abaixo, fa\u00e7a uma pesquisa por curso e cidade que te mostraremos todas as faculdades que podem te atender. Informamos a nota de corte, valor de mensalidade, nota do MEC, avalia\u00e7\u00e3o dos alunos, modalidades de ensino e muito mais.<\/p>\n\n\n\n<p>Experimente agora!<br><\/p>\n","protected":false},"excerpt":{"rendered":"<p>A Primeira Revolu\u00e7\u00e3o Industrial come\u00e7ou na Inglaterra do s\u00e9culo XVIII e se espalhou pelo mundo. Foi um dos per\u00edodos mais marcantes, pois introduziu novidades nos modelos sociais, pol\u00edticos e econ\u00f4micos. F\u00e1bricas e m\u00e1quinas a vapor foram criadas gra\u00e7as ao uso do carv\u00e3o, novas rela\u00e7\u00f5es de trabalho surgiram com o sal\u00e1rio e as classes patronais e [&hellip;]<\/p>\n","protected":false},"author":1,"featured_media":17869,"comment_status":"open","ping_status":"closed","sticky":false,"template":"","format":"standard","meta":{"_mi_skip_tracking":false,"_monsterinsights_sitenote_active":false,"_monsterinsights_sitenote_note":"","_monsterinsights_sitenote_category":0},"categories":[493,491],"tags":[],"yoast_head":"<!-- This site is optimized with the Yoast SEO plugin v20.10 - https:\/\/yoast.com\/wordpress\/plugins\/seo\/ -->\n<title>Primeira Revolu\u00e7\u00e3o Industrial - Resumo Completo!<\/title>\n<meta name=\"description\" content=\"Entenda a Primeira Revolu\u00e7\u00e3o Industrial: contexto hist\u00f3rico, local, data, principais caracter\u00edsticas, inova\u00e7\u00f5es, consequ\u00eancias e muito mais!\" \/>\n<meta name=\"robots\" content=\"index, follow, max-snippet:-1, max-image-preview:large, max-video-preview:-1\" \/>\n<link rel=\"canonical\" href=\"https:\/\/beduka.com\/blog\/materias\/historia\/primeira-revolucao-industrial\/\" \/>\n<meta property=\"og:locale\" content=\"pt_BR\" \/>\n<meta property=\"og:type\" content=\"article\" \/>\n<meta property=\"og:title\" content=\"Primeira Revolu\u00e7\u00e3o Industrial - Resumo Completo!\" \/>\n<meta property=\"og:description\" content=\"Entenda a Primeira Revolu\u00e7\u00e3o Industrial: contexto hist\u00f3rico, local, data, principais caracter\u00edsticas, inova\u00e7\u00f5es, consequ\u00eancias e muito mais!\" \/>\n<meta property=\"og:url\" content=\"https:\/\/beduka.com\/blog\/materias\/historia\/primeira-revolucao-industrial\/\" \/>\n<meta property=\"og:site_name\" content=\"Blog do Beduka | Mat\u00e9rias resumidas, Dicas e Exerc\u00edcios Enem\" \/>\n<meta property=\"article:publisher\" content=\"https:\/\/www.facebook.com\/beduka.buscadordefaculdades\/\" \/>\n<meta property=\"article:author\" content=\"https:\/\/www.facebook.com\/beduka.buscadordefaculdades\" \/>\n<meta property=\"article:published_time\" content=\"2020-09-14T11:31:11+00:00\" \/>\n<meta property=\"article:modified_time\" content=\"2020-09-15T13:23:43+00:00\" \/>\n<meta property=\"og:image\" content=\"https:\/\/beduka.com\/blog\/wp-content\/uploads\/2020\/09\/Entenda-o-que-foi-a-Primeira-Revolu\u00e7\u00e3o-Industrial-e-suas-caracter\u00edsticas.jpg\" \/>\n\t<meta property=\"og:image:width\" content=\"600\" \/>\n\t<meta property=\"og:image:height\" content=\"300\" \/>\n\t<meta property=\"og:image:type\" content=\"image\/jpeg\" \/>\n<meta name=\"author\" content=\"Reda\u00e7\u00e3o Beduka (a)\" \/>\n<meta name=\"twitter:card\" content=\"summary_large_image\" \/>\n<meta name=\"twitter:label1\" content=\"Escrito por\" \/>\n\t<meta name=\"twitter:data1\" content=\"Reda\u00e7\u00e3o Beduka (a)\" \/>\n\t<meta name=\"twitter:label2\" content=\"Est. tempo de leitura\" \/>\n\t<meta name=\"twitter:data2\" content=\"11 minutos\" \/>\n<script type=\"application\/ld+json\" class=\"yoast-schema-graph\">{\"@context\":\"https:\/\/schema.org\",\"@graph\":[{\"@type\":\"Article\",\"@id\":\"https:\/\/beduka.com\/blog\/materias\/historia\/primeira-revolucao-industrial\/#article\",\"isPartOf\":{\"@id\":\"https:\/\/beduka.com\/blog\/materias\/historia\/primeira-revolucao-industrial\/\"},\"author\":{\"name\":\"Reda\u00e7\u00e3o Beduka (a)\",\"@id\":\"https:\/\/beduka.com\/blog\/#\/schema\/person\/325d912d2cb8dd9ede8ab291427d2b8a\"},\"headline\":\"Tudo sobre a Primeira Revolu\u00e7\u00e3o Industrial: das causas \u00e0s consequ\u00eancias!\",\"datePublished\":\"2020-09-14T11:31:11+00:00\",\"dateModified\":\"2020-09-15T13:23:43+00:00\",\"mainEntityOfPage\":{\"@id\":\"https:\/\/beduka.com\/blog\/materias\/historia\/primeira-revolucao-industrial\/\"},\"wordCount\":2252,\"commentCount\":0,\"publisher\":{\"@id\":\"https:\/\/beduka.com\/blog\/#organization\"},\"articleSection\":[\"Geografia\",\"Hist\u00f3ria\"],\"inLanguage\":\"pt-BR\",\"potentialAction\":[{\"@type\":\"CommentAction\",\"name\":\"Comment\",\"target\":[\"https:\/\/beduka.com\/blog\/materias\/historia\/primeira-revolucao-industrial\/#respond\"]}]},{\"@type\":\"WebPage\",\"@id\":\"https:\/\/beduka.com\/blog\/materias\/historia\/primeira-revolucao-industrial\/\",\"url\":\"https:\/\/beduka.com\/blog\/materias\/historia\/primeira-revolucao-industrial\/\",\"name\":\"Primeira Revolu\u00e7\u00e3o Industrial - Resumo Completo!\",\"isPartOf\":{\"@id\":\"https:\/\/beduka.com\/blog\/#website\"},\"datePublished\":\"2020-09-14T11:31:11+00:00\",\"dateModified\":\"2020-09-15T13:23:43+00:00\",\"description\":\"Entenda a Primeira Revolu\u00e7\u00e3o Industrial: contexto hist\u00f3rico, local, data, principais caracter\u00edsticas, inova\u00e7\u00f5es, consequ\u00eancias e muito mais!\",\"breadcrumb\":{\"@id\":\"https:\/\/beduka.com\/blog\/materias\/historia\/primeira-revolucao-industrial\/#breadcrumb\"},\"inLanguage\":\"pt-BR\",\"potentialAction\":[{\"@type\":\"ReadAction\",\"target\":[\"https:\/\/beduka.com\/blog\/materias\/historia\/primeira-revolucao-industrial\/\"]}]},{\"@type\":\"BreadcrumbList\",\"@id\":\"https:\/\/beduka.com\/blog\/materias\/historia\/primeira-revolucao-industrial\/#breadcrumb\",\"itemListElement\":[{\"@type\":\"ListItem\",\"position\":1,\"name\":\"Home\",\"item\":\"https:\/\/beduka.com\/blog\/\"},{\"@type\":\"ListItem\",\"position\":2,\"name\":\"Tudo sobre a Primeira Revolu\u00e7\u00e3o Industrial: das causas \u00e0s consequ\u00eancias!\"}]},{\"@type\":\"WebSite\",\"@id\":\"https:\/\/beduka.com\/blog\/#website\",\"url\":\"https:\/\/beduka.com\/blog\/\",\"name\":\"Blog do Beduka | Mat\u00e9rias resumidas, Dicas e Exerc\u00edcios Enem\",\"description\":\"O Blog do Beduka tem os conte\u00fados que mais caem no Enem, exerc\u00edcios de vestibular com gabarito, resumos, dicas e informa\u00e7\u00f5es Sisu, Prouni e Fies.Encontre dicas para o ENEM, resumos, exerc\u00edcios e informa\u00e7\u00f5es sobre os vestibulares. Acesse agora!\",\"publisher\":{\"@id\":\"https:\/\/beduka.com\/blog\/#organization\"},\"potentialAction\":[{\"@type\":\"SearchAction\",\"target\":{\"@type\":\"EntryPoint\",\"urlTemplate\":\"https:\/\/beduka.com\/blog\/?s={search_term_string}\"},\"query-input\":\"required name=search_term_string\"}],\"inLanguage\":\"pt-BR\"},{\"@type\":\"Organization\",\"@id\":\"https:\/\/beduka.com\/blog\/#organization\",\"name\":\"Beduka\",\"url\":\"https:\/\/beduka.com\/blog\/\",\"logo\":{\"@type\":\"ImageObject\",\"inLanguage\":\"pt-BR\",\"@id\":\"https:\/\/beduka.com\/blog\/#\/schema\/logo\/image\/\",\"url\":\"https:\/\/beduka.com\/blog\/wp-content\/uploads\/2020\/06\/marca-beduka.png\",\"contentUrl\":\"https:\/\/beduka.com\/blog\/wp-content\/uploads\/2020\/06\/marca-beduka.png\",\"width\":1077,\"height\":368,\"caption\":\"Beduka\"},\"image\":{\"@id\":\"https:\/\/beduka.com\/blog\/#\/schema\/logo\/image\/\"},\"sameAs\":[\"https:\/\/www.facebook.com\/beduka.buscadordefaculdades\/\",\"https:\/\/www.instagram.com\/beduka_oficial\/\",\"https:\/\/www.linkedin.com\/company\/beduka\",\"https:\/\/br.pinterest.com\/bedukaoficial\/\",\"https:\/\/www.youtube.com\/beduka\"]},{\"@type\":\"Person\",\"@id\":\"https:\/\/beduka.com\/blog\/#\/schema\/person\/325d912d2cb8dd9ede8ab291427d2b8a\",\"name\":\"Reda\u00e7\u00e3o Beduka (a)\",\"image\":{\"@type\":\"ImageObject\",\"inLanguage\":\"pt-BR\",\"@id\":\"https:\/\/beduka.com\/blog\/#\/schema\/person\/image\/\",\"url\":\"https:\/\/secure.gravatar.com\/avatar\/6f58a181ef24e0dc0bb73f096aa0f8b5?s=96&d=mm&r=g\",\"contentUrl\":\"https:\/\/secure.gravatar.com\/avatar\/6f58a181ef24e0dc0bb73f096aa0f8b5?s=96&d=mm&r=g\",\"caption\":\"Reda\u00e7\u00e3o Beduka (a)\"},\"description\":\"Este conte\u00fado foi criado e validado por uma equipe multidisciplinar, formada por especialistas em cada \u00e1rea do conhecimento. O Beduka est\u00e1 presente no Instagram, YouTube, LinkedIn e em diversos outros ambientes digitais. O site foi criado em 2017 e, desde a sua funda\u00e7\u00e3o, atua para fornecer materiais de qualidade para facilitar a vida de estudantes de todo o Brasil, ajudando-os a se preparar para os principais vestibulares e o Enem.\",\"sameAs\":[\"https:\/\/www.facebook.com\/beduka.buscadordefaculdades\",\"https:\/\/www.instagram.com\/beduka_oficial\/\",\"https:\/\/br.pinterest.com\/bedukaoficial\/\"],\"url\":\"https:\/\/beduka.com\/blog\/author\/admin\/\"}]}<\/script>\n<!-- \/ Yoast SEO plugin. -->","yoast_head_json":{"title":"Primeira Revolu\u00e7\u00e3o Industrial - Resumo Completo!","description":"Entenda a Primeira Revolu\u00e7\u00e3o Industrial: contexto hist\u00f3rico, local, data, principais caracter\u00edsticas, inova\u00e7\u00f5es, consequ\u00eancias e muito mais!","robots":{"index":"index","follow":"follow","max-snippet":"max-snippet:-1","max-image-preview":"max-image-preview:large","max-video-preview":"max-video-preview:-1"},"canonical":"https:\/\/beduka.com\/blog\/materias\/historia\/primeira-revolucao-industrial\/","og_locale":"pt_BR","og_type":"article","og_title":"Primeira Revolu\u00e7\u00e3o Industrial - Resumo Completo!","og_description":"Entenda a Primeira Revolu\u00e7\u00e3o Industrial: contexto hist\u00f3rico, local, data, principais caracter\u00edsticas, inova\u00e7\u00f5es, consequ\u00eancias e muito mais!","og_url":"https:\/\/beduka.com\/blog\/materias\/historia\/primeira-revolucao-industrial\/","og_site_name":"Blog do Beduka | Mat\u00e9rias resumidas, Dicas e Exerc\u00edcios Enem","article_publisher":"https:\/\/www.facebook.com\/beduka.buscadordefaculdades\/","article_author":"https:\/\/www.facebook.com\/beduka.buscadordefaculdades","article_published_time":"2020-09-14T11:31:11+00:00","article_modified_time":"2020-09-15T13:23:43+00:00","og_image":[{"width":600,"height":300,"url":"https:\/\/beduka.com\/blog\/wp-content\/uploads\/2020\/09\/Entenda-o-que-foi-a-Primeira-Revolu\u00e7\u00e3o-Industrial-e-suas-caracter\u00edsticas.jpg","type":"image\/jpeg"}],"author":"Reda\u00e7\u00e3o Beduka (a)","twitter_card":"summary_large_image","twitter_misc":{"Escrito por":"Reda\u00e7\u00e3o Beduka (a)","Est. tempo de leitura":"11 minutos"},"schema":{"@context":"https:\/\/schema.org","@graph":[{"@type":"Article","@id":"https:\/\/beduka.com\/blog\/materias\/historia\/primeira-revolucao-industrial\/#article","isPartOf":{"@id":"https:\/\/beduka.com\/blog\/materias\/historia\/primeira-revolucao-industrial\/"},"author":{"name":"Reda\u00e7\u00e3o Beduka (a)","@id":"https:\/\/beduka.com\/blog\/#\/schema\/person\/325d912d2cb8dd9ede8ab291427d2b8a"},"headline":"Tudo sobre a Primeira Revolu\u00e7\u00e3o Industrial: das causas \u00e0s consequ\u00eancias!","datePublished":"2020-09-14T11:31:11+00:00","dateModified":"2020-09-15T13:23:43+00:00","mainEntityOfPage":{"@id":"https:\/\/beduka.com\/blog\/materias\/historia\/primeira-revolucao-industrial\/"},"wordCount":2252,"commentCount":0,"publisher":{"@id":"https:\/\/beduka.com\/blog\/#organization"},"articleSection":["Geografia","Hist\u00f3ria"],"inLanguage":"pt-BR","potentialAction":[{"@type":"CommentAction","name":"Comment","target":["https:\/\/beduka.com\/blog\/materias\/historia\/primeira-revolucao-industrial\/#respond"]}]},{"@type":"WebPage","@id":"https:\/\/beduka.com\/blog\/materias\/historia\/primeira-revolucao-industrial\/","url":"https:\/\/beduka.com\/blog\/materias\/historia\/primeira-revolucao-industrial\/","name":"Primeira Revolu\u00e7\u00e3o Industrial - Resumo Completo!","isPartOf":{"@id":"https:\/\/beduka.com\/blog\/#website"},"datePublished":"2020-09-14T11:31:11+00:00","dateModified":"2020-09-15T13:23:43+00:00","description":"Entenda a Primeira Revolu\u00e7\u00e3o Industrial: contexto hist\u00f3rico, local, data, principais caracter\u00edsticas, inova\u00e7\u00f5es, consequ\u00eancias e muito mais!","breadcrumb":{"@id":"https:\/\/beduka.com\/blog\/materias\/historia\/primeira-revolucao-industrial\/#breadcrumb"},"inLanguage":"pt-BR","potentialAction":[{"@type":"ReadAction","target":["https:\/\/beduka.com\/blog\/materias\/historia\/primeira-revolucao-industrial\/"]}]},{"@type":"BreadcrumbList","@id":"https:\/\/beduka.com\/blog\/materias\/historia\/primeira-revolucao-industrial\/#breadcrumb","itemListElement":[{"@type":"ListItem","position":1,"name":"Home","item":"https:\/\/beduka.com\/blog\/"},{"@type":"ListItem","position":2,"name":"Tudo sobre a Primeira Revolu\u00e7\u00e3o Industrial: das causas \u00e0s consequ\u00eancias!"}]},{"@type":"WebSite","@id":"https:\/\/beduka.com\/blog\/#website","url":"https:\/\/beduka.com\/blog\/","name":"Blog do Beduka | Mat\u00e9rias resumidas, Dicas e Exerc\u00edcios Enem","description":"O Blog do Beduka tem os conte\u00fados que mais caem no Enem, exerc\u00edcios de vestibular com gabarito, resumos, dicas e informa\u00e7\u00f5es Sisu, Prouni e Fies.Encontre dicas para o ENEM, resumos, exerc\u00edcios e informa\u00e7\u00f5es sobre os vestibulares. Acesse agora!","publisher":{"@id":"https:\/\/beduka.com\/blog\/#organization"},"potentialAction":[{"@type":"SearchAction","target":{"@type":"EntryPoint","urlTemplate":"https:\/\/beduka.com\/blog\/?s={search_term_string}"},"query-input":"required name=search_term_string"}],"inLanguage":"pt-BR"},{"@type":"Organization","@id":"https:\/\/beduka.com\/blog\/#organization","name":"Beduka","url":"https:\/\/beduka.com\/blog\/","logo":{"@type":"ImageObject","inLanguage":"pt-BR","@id":"https:\/\/beduka.com\/blog\/#\/schema\/logo\/image\/","url":"https:\/\/beduka.com\/blog\/wp-content\/uploads\/2020\/06\/marca-beduka.png","contentUrl":"https:\/\/beduka.com\/blog\/wp-content\/uploads\/2020\/06\/marca-beduka.png","width":1077,"height":368,"caption":"Beduka"},"image":{"@id":"https:\/\/beduka.com\/blog\/#\/schema\/logo\/image\/"},"sameAs":["https:\/\/www.facebook.com\/beduka.buscadordefaculdades\/","https:\/\/www.instagram.com\/beduka_oficial\/","https:\/\/www.linkedin.com\/company\/beduka","https:\/\/br.pinterest.com\/bedukaoficial\/","https:\/\/www.youtube.com\/beduka"]},{"@type":"Person","@id":"https:\/\/beduka.com\/blog\/#\/schema\/person\/325d912d2cb8dd9ede8ab291427d2b8a","name":"Reda\u00e7\u00e3o Beduka (a)","image":{"@type":"ImageObject","inLanguage":"pt-BR","@id":"https:\/\/beduka.com\/blog\/#\/schema\/person\/image\/","url":"https:\/\/secure.gravatar.com\/avatar\/6f58a181ef24e0dc0bb73f096aa0f8b5?s=96&d=mm&r=g","contentUrl":"https:\/\/secure.gravatar.com\/avatar\/6f58a181ef24e0dc0bb73f096aa0f8b5?s=96&d=mm&r=g","caption":"Reda\u00e7\u00e3o Beduka (a)"},"description":"Este conte\u00fado foi criado e validado por uma equipe multidisciplinar, formada por especialistas em cada \u00e1rea do conhecimento. O Beduka est\u00e1 presente no Instagram, YouTube, LinkedIn e em diversos outros ambientes digitais. O site foi criado em 2017 e, desde a sua funda\u00e7\u00e3o, atua para fornecer materiais de qualidade para facilitar a vida de estudantes de todo o Brasil, ajudando-os a se preparar para os principais vestibulares e o Enem.","sameAs":["https:\/\/www.facebook.com\/beduka.buscadordefaculdades","https:\/\/www.instagram.com\/beduka_oficial\/","https:\/\/br.pinterest.com\/bedukaoficial\/"],"url":"https:\/\/beduka.com\/blog\/author\/admin\/"}]}},"_links":{"self":[{"href":"https:\/\/beduka.com\/blog\/wp-json\/wp\/v2\/posts\/17868"}],"collection":[{"href":"https:\/\/beduka.com\/blog\/wp-json\/wp\/v2\/posts"}],"about":[{"href":"https:\/\/beduka.com\/blog\/wp-json\/wp\/v2\/types\/post"}],"author":[{"embeddable":true,"href":"https:\/\/beduka.com\/blog\/wp-json\/wp\/v2\/users\/1"}],"replies":[{"embeddable":true,"href":"https:\/\/beduka.com\/blog\/wp-json\/wp\/v2\/comments?post=17868"}],"version-history":[{"count":2,"href":"https:\/\/beduka.com\/blog\/wp-json\/wp\/v2\/posts\/17868\/revisions"}],"predecessor-version":[{"id":17887,"href":"https:\/\/beduka.com\/blog\/wp-json\/wp\/v2\/posts\/17868\/revisions\/17887"}],"wp:featuredmedia":[{"embeddable":true,"href":"https:\/\/beduka.com\/blog\/wp-json\/wp\/v2\/media\/17869"}],"wp:attachment":[{"href":"https:\/\/beduka.com\/blog\/wp-json\/wp\/v2\/media?parent=17868"}],"wp:term":[{"taxonomy":"category","embeddable":true,"href":"https:\/\/beduka.com\/blog\/wp-json\/wp\/v2\/categories?post=17868"},{"taxonomy":"post_tag","embeddable":true,"href":"https:\/\/beduka.com\/blog\/wp-json\/wp\/v2\/tags?post=17868"}],"curies":[{"name":"wp","href":"https:\/\/api.w.org\/{rel}","templated":true}]}}