{"id":18532,"date":"2020-10-23T12:03:44","date_gmt":"2020-10-23T15:03:44","guid":{"rendered":"https:\/\/beduka.com\/blog\/?p=18532"},"modified":"2020-11-07T17:50:31","modified_gmt":"2020-11-07T20:50:31","slug":"o-que-e-espaco-geografico","status":"publish","type":"post","link":"https:\/\/beduka.com\/blog\/materias\/geografia\/o-que-e-espaco-geografico\/","title":{"rendered":"O que \u00e9 espa\u00e7o geogr\u00e1fico: Resumo completo com defini\u00e7\u00f5es e exemplos!"},"content":{"rendered":"\n<p>Segundo a defini\u00e7\u00e3o mais aceita do que \u00e9 espa\u00e7o geogr\u00e1fico, ele compreende todo o conjunto de materiais, a\u00e7\u00f5es e produtos do ser humano sobre o ambiente. Antes da interven\u00e7\u00e3o humana trata-se de um espa\u00e7o natural, mas desde a pr\u00e9-hist\u00f3ria, o ambiente que \u00e9 transformado pelo homem, pode ser chamado de espa\u00e7o geogr\u00e1fico.<br><\/p>\n\n\n\n<p><strong>Neste artigo sobre o que \u00e9 espa\u00e7o geogr\u00e1fico, voc\u00ea encontrar\u00e1:<\/strong><br><\/p>\n\n\n\n<ol><li>O que \u00e9 espa\u00e7o geogr\u00e1fico e espa\u00e7o natural? Exemplo<\/li><li>Defini\u00e7\u00f5es, conceitos e teorias<\/li><li>Conceitos relacionados ao espa\u00e7o geogr\u00e1fico<\/li><li>Espa\u00e7o geogr\u00e1fico brasileiro<\/li><\/ol>\n\n\n\n<ul><li>Depois de ler o artigo, treine com os <a href=\"https:\/\/beduka.com\/blog\/exercicios\/exercicios-sobre-espaco-geografico\/\" target=\"_blank\" rel=\"noreferrer noopener\" aria-label=\"exerc\u00edcios de espa\u00e7o geogr\u00e1fico! (abre numa nova aba)\">exerc\u00edcios de espa\u00e7o geogr\u00e1fico!<\/a><\/li><li>Estudando para as provas? Conhe\u00e7a nosso <a rel=\"noreferrer noopener\" aria-label=\" (abre numa nova aba)\" href=\"https:\/\/beduka.com\/blog\/dicas\/enem-dicas\/simulados-para-enem-online-e-gratuito\/\" target=\"_blank\">Simulado gratuito<\/a>, que pode ser personalizado com as mat\u00e9rias que voc\u00ea mais precisa!<\/li><\/ul>\n\n\n\n<h2 class=\"wp-block-heading\">O que \u00e9 espa\u00e7o geogr\u00e1fico e espa\u00e7o natural? Exemplo<\/h2>\n\n\n\n<p>O espa\u00e7o geogr\u00e1fico \u00e9, de modo geral, aquele que <strong>re\u00fane os processos e resultados das atividades humanas<\/strong>. Ele sempre sofre <strong>modifica\u00e7\u00f5es ao longo da constru\u00e7\u00e3o das sociedades<\/strong>, sendo <strong>agente e produto<\/strong>.<br><\/p>\n\n\n\n<p>Enquanto o <strong>espa\u00e7o natural \u00e9 aquele intocado<\/strong> pelo homem, <strong>a natureza<\/strong> em si sem interfer\u00eancia, o <strong>espa\u00e7o geogr\u00e1fico \u00e9 o meio utilizado e transformado pela a\u00e7\u00e3o humana<\/strong>.&nbsp;<br><\/p>\n\n\n\n<p>\u00c9 no espa\u00e7o geogr\u00e1fico que encontramos as <strong>a\u00e7\u00f5es e consequ\u00eancias econ\u00f4micas, sociais, culturais e cotidianas<\/strong>, envolvendo tanto <strong>o meio rural <\/strong>quanto <strong>o meio urbano<\/strong>.<br><\/p>\n\n\n\n<p>Essas <strong>transforma\u00e7\u00f5es acontecem desde o surgimento do ser humano<\/strong>, na <strong>pr\u00e9-hist\u00f3ria<\/strong>. Sociedades primitivas e tribos j\u00e1 utilizavam dos recursos naturais para o desenvolvimento da vida em sociedade, modificando o espa\u00e7o natural para geogr\u00e1fico. At\u00e9 mesmo os povos n\u00f4mades utilizavam e modificam a natureza, encaixando-se nesse conceito!<br><\/p>\n\n\n\n<p>Assim, um <strong>exemplo de espa\u00e7o natural<\/strong> \u00e9 um<strong> <\/strong><a href=\"https:\/\/beduka.com\/blog\/materias\/geografia\/qual-importancia-dos-biomas-brasileiros\/\" target=\"_blank\" rel=\"noreferrer noopener\" aria-label=\" (abre numa nova aba)\">bioma<\/a><strong> nativo, como florestas e campos<\/strong>. J\u00e1 um exemplo de <strong>espa\u00e7o geogr\u00e1fico s\u00e3o as cidades, as vilas, ou as constru\u00e7\u00f5es<\/strong> humanas na natureza, como <strong>hidrel\u00e9tricas ou currais<\/strong>.<br><\/p>\n\n\n\n<p><strong>Este conceito <\/strong>\u00e9<strong> fundamental <\/strong>na <strong>Geografia<\/strong>, pois ele <strong>\u00e9 o principal objeto&nbsp; de estudo<\/strong> dessa \u00e1rea. Entend\u00ea-lo \u00e9 <strong>compreender o papel que essa ci\u00eancia possui e sua aplica\u00e7\u00e3o na realidade<\/strong>, seja no aspecto social, econ\u00f4mico, pol\u00edtico ou natural.&nbsp;<\/p>\n\n\n\n<h3 class=\"wp-block-heading\">Conceitos, defini\u00e7\u00f5es e teorias<\/h3>\n\n\n\n<p>Na realidade, <strong>existem v\u00e1rios conceitos <\/strong>de espa\u00e7o geogr\u00e1fico, que <strong>variam conforme a vis\u00e3o de um autor<\/strong> ou corrente de pensamento.&nbsp;<br><\/p>\n\n\n\n<ul><li>Para a corrente da <strong>Nova Geografia<\/strong>, equivale \u00e0 <strong>organiza\u00e7\u00e3o da sociedade e seus elementos<\/strong> sobre o meio.<\/li><\/ul>\n\n\n\n<ul><li>Para <strong>Richard Hartshorne<\/strong>, \u00e9 apenas uma <strong>constru\u00e7\u00e3o intelectual<\/strong>, n\u00e3o existindo de fato na sociedade. \u00c9 apenas uma concep\u00e7\u00e3o da forma como n\u00f3s enxergamos a realidade, para entender como acontece a divis\u00e3o da sociedade e tudo o foi constru\u00eddo.<\/li><\/ul>\n\n\n\n<ul><li>Para <strong>Milton Santos, <\/strong> \u00e9 um <strong>conjunto de sistemas de objetos e a\u00e7\u00f5es<\/strong>. Assim, refere-se aos itens e elementos artificiais somados \u00e0s a\u00e7\u00f5es humanas que manejam esses instrumentos para<strong> construir e transformar o meio<\/strong>, seja ele natural ou social.<\/li><\/ul>\n\n\n\n<ul><li>Para os <strong>ge\u00f3grafos humanistas<\/strong>, seria uma <strong>quest\u00e3o subjetiva, cultural e individual<\/strong>. \u00c9 o local de morada dos seres humanos e o meio de viv\u00eancia onde as pessoas imprimem suas marcas cotidianas. Novas leituras seriam poss\u00edveis \u00e0 medida que a compreens\u00e3o do mundo se modifica.<\/li><\/ul>\n\n\n\n<p>Podemos perceber que <strong>a compreens\u00e3o do espa\u00e7o \u00e9 uma quest\u00e3o complexa e importante,<\/strong> sendo estabelecidos pela Geografia e o uso de m\u00e9todos cient\u00edficos para an\u00e1lise. As <strong>vis\u00f5es acima s\u00e3o as mais aceitas e utilizadas<\/strong>, embora <strong>continue havendo debates sobre esses conceitos.<\/strong><\/p>\n\n\n\n<h2 class=\"wp-block-heading\">Conceitos relacionados ao espa\u00e7o geogr\u00e1fico<\/h2>\n\n\n\n<div class=\"wp-block-image\"><figure class=\"aligncenter\"><img decoding=\"async\" loading=\"lazy\" width=\"600\" height=\"300\" src=\"https:\/\/beduka.com\/blog\/wp-content\/uploads\/2020\/10\/conceitos-relacionados-ao-espa\u00e7o-geogr\u00e1afico-lugar-paisagem-territ\u00f3rio-e-\u00e1rea.jpg\" alt=\"conceitos-relacionados-ao-espa\u00e7o-geogr\u00e1afico-lugar-paisagem-territ\u00f3rio-e-\u00e1rea\" class=\"wp-image-18533\" srcset=\"https:\/\/beduka.com\/blog\/wp-content\/uploads\/2020\/10\/conceitos-relacionados-ao-espa\u00e7o-geogr\u00e1afico-lugar-paisagem-territ\u00f3rio-e-\u00e1rea.jpg 600w, https:\/\/beduka.com\/blog\/wp-content\/uploads\/2020\/10\/conceitos-relacionados-ao-espa\u00e7o-geogr\u00e1afico-lugar-paisagem-territ\u00f3rio-e-\u00e1rea-300x150.jpg 300w, https:\/\/beduka.com\/blog\/wp-content\/uploads\/2020\/10\/conceitos-relacionados-ao-espa\u00e7o-geogr\u00e1afico-lugar-paisagem-territ\u00f3rio-e-\u00e1rea-320x160.jpg 320w\" sizes=\"(max-width: 600px) 100vw, 600px\" \/><\/figure><\/div>\n\n\n\n<p>Para estudar o conceito em seus diversos contextos e dimens\u00f5es, os ge\u00f3grafos utilizam-se de <strong>quatro categorias<\/strong> principais: <strong>territ\u00f3rio, paisagem, lugar e regi\u00e3o.<\/strong><br><\/p>\n\n\n\n<ul><li><strong>Territ\u00f3rio:<\/strong> de forma simplificada, o territ\u00f3rio \u00e9 o <strong>espa\u00e7o delimitado que est\u00e1 sob o poder de algu\u00e9m ou de alguma institui\u00e7\u00e3o<\/strong>. Uma propriedade privada \u00e9 o territ\u00f3rio de seu dono bem como o territ\u00f3rio nacional pertence a um pa\u00eds. Existem v\u00e1rias formas de territ\u00f3rio: <strong>animal, pol\u00edtico, cultural<\/strong>, dentre outros.<\/li><\/ul>\n\n\n\n<ul><li><strong>Paisagem:<\/strong> \u00e9 o <strong>espa\u00e7o superficial <\/strong>que podemos <strong>captar utilizando os nossos sentidos<\/strong>. \u00c9 tudo aquilo que se manifesta diante de n\u00f3s, que vemos, ouvimos, sentimos, tocamos e cheiramos.<\/li><\/ul>\n\n\n\n<ul><li><strong>Lugar:<\/strong> \u00e9 um local tal qual o homem o percebe, \u00e9 <strong>o espa\u00e7o que podemos notar<\/strong>. Intuitivamente j\u00e1 sabemos o que \u00e9 um lugar e o que \u00e9 um objeto, por exemplo. Essas caracter\u00edsticas que percebemos podem nos dizer que tal ponto \u00e9 um lugar.<\/li><\/ul>\n\n\n\n<ul><li><strong>Regi\u00e3o:<\/strong> \u00e9 um dos conceitos mais complexos da Geografia e possui v\u00e1rias defini\u00e7\u00f5es. De modo geral, a regi\u00e3o<strong> \u00e9 uma \u00e1rea dividida conforme as caracter\u00edsticas que o homem observa e conceitua<\/strong>. Essas caracter\u00edsticas podem ser clima, economia, relevo, pol\u00edtica, entre outros. As regi\u00f5es n\u00e3o existem na natureza, pois se tratam de uma constru\u00e7\u00e3o intelectual humana.&nbsp;<\/li><\/ul>\n\n\n\n<p>Gostou do nosso artigo sobre o que \u00e9 espa\u00e7o geogr\u00e1fico? Confira <strong>outros artigos <\/strong>do nosso blog e <strong>se prepare para o Enem<\/strong> da melhor maneira! Voc\u00ea tamb\u00e9m pode se organizar com o nosso <a href=\"https:\/\/beduka.com\/blog\/dicas\/enem-dicas\/plano-de-estudos-gratuito\/\" target=\"_blank\" rel=\"noreferrer noopener\" aria-label=\" (abre numa nova aba)\">plano de estudos<\/a>, o mais completo da internet, e o melhor: <strong>totalmente gratuito!<\/strong><\/p>\n\n\n\n<p>Queremos te ajudar a encontrar a FACULDADE IDEAL! Logo abaixo, fa\u00e7a uma pesquisa por curso e cidade que te mostraremos todas as faculdades que podem te atender. Informamos a nota de corte, valor de mensalidade, nota do MEC, avalia\u00e7\u00e3o dos alunos, modalidades de ensino e muito mais.<\/p>\n\n\n\n<p>Experimente agora!<br><\/p>\n","protected":false},"excerpt":{"rendered":"<p>Segundo a defini\u00e7\u00e3o mais aceita do que \u00e9 espa\u00e7o geogr\u00e1fico, ele compreende todo o conjunto de materiais, a\u00e7\u00f5es e produtos do ser humano sobre o ambiente. Antes da interven\u00e7\u00e3o humana trata-se de um espa\u00e7o natural, mas desde a pr\u00e9-hist\u00f3ria, o ambiente que \u00e9 transformado pelo homem, pode ser chamado de espa\u00e7o geogr\u00e1fico. Neste artigo sobre [&hellip;]<\/p>\n","protected":false},"author":1,"featured_media":18534,"comment_status":"open","ping_status":"closed","sticky":false,"template":"","format":"standard","meta":{"_mi_skip_tracking":false,"_monsterinsights_sitenote_active":false,"_monsterinsights_sitenote_note":"","_monsterinsights_sitenote_category":0},"categories":[493],"tags":[],"yoast_head":"<!-- This site is optimized with the Yoast SEO plugin v20.10 - https:\/\/yoast.com\/wordpress\/plugins\/seo\/ -->\n<title>O que \u00e9 espa\u00e7o geogr\u00e1fico? Resumo com Defini\u00e7\u00f5es e Imagens!<\/title>\n<meta name=\"description\" content=\"O que \u00e9 espa\u00e7o geogr\u00e1fico: entenda a defini\u00e7\u00e3o, veja exemplos, diferen\u00e7a para o espa\u00e7o natural e outros conceitos relacionados!\" \/>\n<meta name=\"robots\" content=\"index, follow, max-snippet:-1, max-image-preview:large, max-video-preview:-1\" \/>\n<link rel=\"canonical\" href=\"https:\/\/beduka.com\/blog\/materias\/geografia\/o-que-e-espaco-geografico\/\" \/>\n<meta property=\"og:locale\" content=\"pt_BR\" \/>\n<meta property=\"og:type\" content=\"article\" \/>\n<meta property=\"og:title\" content=\"O que \u00e9 espa\u00e7o geogr\u00e1fico? Resumo com Defini\u00e7\u00f5es e Imagens!\" \/>\n<meta property=\"og:description\" content=\"O que \u00e9 espa\u00e7o geogr\u00e1fico: entenda a defini\u00e7\u00e3o, veja exemplos, diferen\u00e7a para o espa\u00e7o natural e outros conceitos relacionados!\" \/>\n<meta property=\"og:url\" content=\"https:\/\/beduka.com\/blog\/materias\/geografia\/o-que-e-espaco-geografico\/\" \/>\n<meta property=\"og:site_name\" content=\"Blog do Beduka | Mat\u00e9rias resumidas, Dicas e Exerc\u00edcios Enem\" \/>\n<meta property=\"article:publisher\" content=\"https:\/\/www.facebook.com\/beduka.buscadordefaculdades\/\" \/>\n<meta property=\"article:author\" content=\"https:\/\/www.facebook.com\/beduka.buscadordefaculdades\" \/>\n<meta property=\"article:published_time\" content=\"2020-10-23T15:03:44+00:00\" \/>\n<meta property=\"article:modified_time\" content=\"2020-11-07T20:50:31+00:00\" \/>\n<meta property=\"og:image\" content=\"https:\/\/beduka.com\/blog\/wp-content\/uploads\/2020\/10\/Entenda-logo-o-que-\u00e9-Espa\u00e7o-Geogr\u00e1fico.jpg\" \/>\n\t<meta property=\"og:image:width\" content=\"600\" \/>\n\t<meta property=\"og:image:height\" content=\"300\" \/>\n\t<meta property=\"og:image:type\" content=\"image\/jpeg\" \/>\n<meta name=\"author\" content=\"Reda\u00e7\u00e3o Beduka (a)\" \/>\n<meta name=\"twitter:card\" content=\"summary_large_image\" \/>\n<meta name=\"twitter:label1\" content=\"Escrito por\" \/>\n\t<meta name=\"twitter:data1\" content=\"Reda\u00e7\u00e3o Beduka (a)\" \/>\n\t<meta name=\"twitter:label2\" content=\"Est. tempo de leitura\" \/>\n\t<meta name=\"twitter:data2\" content=\"5 minutos\" \/>\n<script type=\"application\/ld+json\" class=\"yoast-schema-graph\">{\"@context\":\"https:\/\/schema.org\",\"@graph\":[{\"@type\":\"Article\",\"@id\":\"https:\/\/beduka.com\/blog\/materias\/geografia\/o-que-e-espaco-geografico\/#article\",\"isPartOf\":{\"@id\":\"https:\/\/beduka.com\/blog\/materias\/geografia\/o-que-e-espaco-geografico\/\"},\"author\":{\"name\":\"Reda\u00e7\u00e3o Beduka (a)\",\"@id\":\"https:\/\/beduka.com\/blog\/#\/schema\/person\/325d912d2cb8dd9ede8ab291427d2b8a\"},\"headline\":\"O que \u00e9 espa\u00e7o geogr\u00e1fico: Resumo completo com defini\u00e7\u00f5es e exemplos!\",\"datePublished\":\"2020-10-23T15:03:44+00:00\",\"dateModified\":\"2020-11-07T20:50:31+00:00\",\"mainEntityOfPage\":{\"@id\":\"https:\/\/beduka.com\/blog\/materias\/geografia\/o-que-e-espaco-geografico\/\"},\"wordCount\":934,\"commentCount\":0,\"publisher\":{\"@id\":\"https:\/\/beduka.com\/blog\/#organization\"},\"articleSection\":[\"Geografia\"],\"inLanguage\":\"pt-BR\",\"potentialAction\":[{\"@type\":\"CommentAction\",\"name\":\"Comment\",\"target\":[\"https:\/\/beduka.com\/blog\/materias\/geografia\/o-que-e-espaco-geografico\/#respond\"]}]},{\"@type\":\"WebPage\",\"@id\":\"https:\/\/beduka.com\/blog\/materias\/geografia\/o-que-e-espaco-geografico\/\",\"url\":\"https:\/\/beduka.com\/blog\/materias\/geografia\/o-que-e-espaco-geografico\/\",\"name\":\"O que \u00e9 espa\u00e7o geogr\u00e1fico? Resumo com Defini\u00e7\u00f5es e Imagens!\",\"isPartOf\":{\"@id\":\"https:\/\/beduka.com\/blog\/#website\"},\"datePublished\":\"2020-10-23T15:03:44+00:00\",\"dateModified\":\"2020-11-07T20:50:31+00:00\",\"description\":\"O que \u00e9 espa\u00e7o geogr\u00e1fico: entenda a defini\u00e7\u00e3o, veja exemplos, diferen\u00e7a para o espa\u00e7o natural e outros conceitos relacionados!\",\"breadcrumb\":{\"@id\":\"https:\/\/beduka.com\/blog\/materias\/geografia\/o-que-e-espaco-geografico\/#breadcrumb\"},\"inLanguage\":\"pt-BR\",\"potentialAction\":[{\"@type\":\"ReadAction\",\"target\":[\"https:\/\/beduka.com\/blog\/materias\/geografia\/o-que-e-espaco-geografico\/\"]}]},{\"@type\":\"BreadcrumbList\",\"@id\":\"https:\/\/beduka.com\/blog\/materias\/geografia\/o-que-e-espaco-geografico\/#breadcrumb\",\"itemListElement\":[{\"@type\":\"ListItem\",\"position\":1,\"name\":\"Home\",\"item\":\"https:\/\/beduka.com\/blog\/\"},{\"@type\":\"ListItem\",\"position\":2,\"name\":\"O que \u00e9 espa\u00e7o geogr\u00e1fico: Resumo completo com defini\u00e7\u00f5es e exemplos!\"}]},{\"@type\":\"WebSite\",\"@id\":\"https:\/\/beduka.com\/blog\/#website\",\"url\":\"https:\/\/beduka.com\/blog\/\",\"name\":\"Blog do Beduka | Mat\u00e9rias resumidas, Dicas e Exerc\u00edcios Enem\",\"description\":\"O Blog do Beduka tem os conte\u00fados que mais caem no Enem, exerc\u00edcios de vestibular com gabarito, resumos, dicas e informa\u00e7\u00f5es Sisu, Prouni e Fies.Encontre dicas para o ENEM, resumos, exerc\u00edcios e informa\u00e7\u00f5es sobre os vestibulares. Acesse agora!\",\"publisher\":{\"@id\":\"https:\/\/beduka.com\/blog\/#organization\"},\"potentialAction\":[{\"@type\":\"SearchAction\",\"target\":{\"@type\":\"EntryPoint\",\"urlTemplate\":\"https:\/\/beduka.com\/blog\/?s={search_term_string}\"},\"query-input\":\"required name=search_term_string\"}],\"inLanguage\":\"pt-BR\"},{\"@type\":\"Organization\",\"@id\":\"https:\/\/beduka.com\/blog\/#organization\",\"name\":\"Beduka\",\"url\":\"https:\/\/beduka.com\/blog\/\",\"logo\":{\"@type\":\"ImageObject\",\"inLanguage\":\"pt-BR\",\"@id\":\"https:\/\/beduka.com\/blog\/#\/schema\/logo\/image\/\",\"url\":\"https:\/\/beduka.com\/blog\/wp-content\/uploads\/2020\/06\/marca-beduka.png\",\"contentUrl\":\"https:\/\/beduka.com\/blog\/wp-content\/uploads\/2020\/06\/marca-beduka.png\",\"width\":1077,\"height\":368,\"caption\":\"Beduka\"},\"image\":{\"@id\":\"https:\/\/beduka.com\/blog\/#\/schema\/logo\/image\/\"},\"sameAs\":[\"https:\/\/www.facebook.com\/beduka.buscadordefaculdades\/\",\"https:\/\/www.instagram.com\/beduka_oficial\/\",\"https:\/\/www.linkedin.com\/company\/beduka\",\"https:\/\/br.pinterest.com\/bedukaoficial\/\",\"https:\/\/www.youtube.com\/beduka\"]},{\"@type\":\"Person\",\"@id\":\"https:\/\/beduka.com\/blog\/#\/schema\/person\/325d912d2cb8dd9ede8ab291427d2b8a\",\"name\":\"Reda\u00e7\u00e3o Beduka (a)\",\"image\":{\"@type\":\"ImageObject\",\"inLanguage\":\"pt-BR\",\"@id\":\"https:\/\/beduka.com\/blog\/#\/schema\/person\/image\/\",\"url\":\"https:\/\/secure.gravatar.com\/avatar\/6f58a181ef24e0dc0bb73f096aa0f8b5?s=96&d=mm&r=g\",\"contentUrl\":\"https:\/\/secure.gravatar.com\/avatar\/6f58a181ef24e0dc0bb73f096aa0f8b5?s=96&d=mm&r=g\",\"caption\":\"Reda\u00e7\u00e3o Beduka (a)\"},\"description\":\"Este conte\u00fado foi criado e validado por uma equipe multidisciplinar, formada por especialistas em cada \u00e1rea do conhecimento. O Beduka est\u00e1 presente no Instagram, YouTube, LinkedIn e em diversos outros ambientes digitais. O site foi criado em 2017 e, desde a sua funda\u00e7\u00e3o, atua para fornecer materiais de qualidade para facilitar a vida de estudantes de todo o Brasil, ajudando-os a se preparar para os principais vestibulares e o Enem.\",\"sameAs\":[\"https:\/\/www.facebook.com\/beduka.buscadordefaculdades\",\"https:\/\/www.instagram.com\/beduka_oficial\/\",\"https:\/\/br.pinterest.com\/bedukaoficial\/\"],\"url\":\"https:\/\/beduka.com\/blog\/author\/admin\/\"}]}<\/script>\n<!-- \/ Yoast SEO plugin. -->","yoast_head_json":{"title":"O que \u00e9 espa\u00e7o geogr\u00e1fico? Resumo com Defini\u00e7\u00f5es e Imagens!","description":"O que \u00e9 espa\u00e7o geogr\u00e1fico: entenda a defini\u00e7\u00e3o, veja exemplos, diferen\u00e7a para o espa\u00e7o natural e outros conceitos relacionados!","robots":{"index":"index","follow":"follow","max-snippet":"max-snippet:-1","max-image-preview":"max-image-preview:large","max-video-preview":"max-video-preview:-1"},"canonical":"https:\/\/beduka.com\/blog\/materias\/geografia\/o-que-e-espaco-geografico\/","og_locale":"pt_BR","og_type":"article","og_title":"O que \u00e9 espa\u00e7o geogr\u00e1fico? Resumo com Defini\u00e7\u00f5es e Imagens!","og_description":"O que \u00e9 espa\u00e7o geogr\u00e1fico: entenda a defini\u00e7\u00e3o, veja exemplos, diferen\u00e7a para o espa\u00e7o natural e outros conceitos relacionados!","og_url":"https:\/\/beduka.com\/blog\/materias\/geografia\/o-que-e-espaco-geografico\/","og_site_name":"Blog do Beduka | Mat\u00e9rias resumidas, Dicas e Exerc\u00edcios Enem","article_publisher":"https:\/\/www.facebook.com\/beduka.buscadordefaculdades\/","article_author":"https:\/\/www.facebook.com\/beduka.buscadordefaculdades","article_published_time":"2020-10-23T15:03:44+00:00","article_modified_time":"2020-11-07T20:50:31+00:00","og_image":[{"width":600,"height":300,"url":"https:\/\/beduka.com\/blog\/wp-content\/uploads\/2020\/10\/Entenda-logo-o-que-\u00e9-Espa\u00e7o-Geogr\u00e1fico.jpg","type":"image\/jpeg"}],"author":"Reda\u00e7\u00e3o Beduka (a)","twitter_card":"summary_large_image","twitter_misc":{"Escrito por":"Reda\u00e7\u00e3o Beduka (a)","Est. tempo de leitura":"5 minutos"},"schema":{"@context":"https:\/\/schema.org","@graph":[{"@type":"Article","@id":"https:\/\/beduka.com\/blog\/materias\/geografia\/o-que-e-espaco-geografico\/#article","isPartOf":{"@id":"https:\/\/beduka.com\/blog\/materias\/geografia\/o-que-e-espaco-geografico\/"},"author":{"name":"Reda\u00e7\u00e3o Beduka (a)","@id":"https:\/\/beduka.com\/blog\/#\/schema\/person\/325d912d2cb8dd9ede8ab291427d2b8a"},"headline":"O que \u00e9 espa\u00e7o geogr\u00e1fico: Resumo completo com defini\u00e7\u00f5es e exemplos!","datePublished":"2020-10-23T15:03:44+00:00","dateModified":"2020-11-07T20:50:31+00:00","mainEntityOfPage":{"@id":"https:\/\/beduka.com\/blog\/materias\/geografia\/o-que-e-espaco-geografico\/"},"wordCount":934,"commentCount":0,"publisher":{"@id":"https:\/\/beduka.com\/blog\/#organization"},"articleSection":["Geografia"],"inLanguage":"pt-BR","potentialAction":[{"@type":"CommentAction","name":"Comment","target":["https:\/\/beduka.com\/blog\/materias\/geografia\/o-que-e-espaco-geografico\/#respond"]}]},{"@type":"WebPage","@id":"https:\/\/beduka.com\/blog\/materias\/geografia\/o-que-e-espaco-geografico\/","url":"https:\/\/beduka.com\/blog\/materias\/geografia\/o-que-e-espaco-geografico\/","name":"O que \u00e9 espa\u00e7o geogr\u00e1fico? Resumo com Defini\u00e7\u00f5es e Imagens!","isPartOf":{"@id":"https:\/\/beduka.com\/blog\/#website"},"datePublished":"2020-10-23T15:03:44+00:00","dateModified":"2020-11-07T20:50:31+00:00","description":"O que \u00e9 espa\u00e7o geogr\u00e1fico: entenda a defini\u00e7\u00e3o, veja exemplos, diferen\u00e7a para o espa\u00e7o natural e outros conceitos relacionados!","breadcrumb":{"@id":"https:\/\/beduka.com\/blog\/materias\/geografia\/o-que-e-espaco-geografico\/#breadcrumb"},"inLanguage":"pt-BR","potentialAction":[{"@type":"ReadAction","target":["https:\/\/beduka.com\/blog\/materias\/geografia\/o-que-e-espaco-geografico\/"]}]},{"@type":"BreadcrumbList","@id":"https:\/\/beduka.com\/blog\/materias\/geografia\/o-que-e-espaco-geografico\/#breadcrumb","itemListElement":[{"@type":"ListItem","position":1,"name":"Home","item":"https:\/\/beduka.com\/blog\/"},{"@type":"ListItem","position":2,"name":"O que \u00e9 espa\u00e7o geogr\u00e1fico: Resumo completo com defini\u00e7\u00f5es e exemplos!"}]},{"@type":"WebSite","@id":"https:\/\/beduka.com\/blog\/#website","url":"https:\/\/beduka.com\/blog\/","name":"Blog do Beduka | Mat\u00e9rias resumidas, Dicas e Exerc\u00edcios Enem","description":"O Blog do Beduka tem os conte\u00fados que mais caem no Enem, exerc\u00edcios de vestibular com gabarito, resumos, dicas e informa\u00e7\u00f5es Sisu, Prouni e Fies.Encontre dicas para o ENEM, resumos, exerc\u00edcios e informa\u00e7\u00f5es sobre os vestibulares. Acesse agora!","publisher":{"@id":"https:\/\/beduka.com\/blog\/#organization"},"potentialAction":[{"@type":"SearchAction","target":{"@type":"EntryPoint","urlTemplate":"https:\/\/beduka.com\/blog\/?s={search_term_string}"},"query-input":"required name=search_term_string"}],"inLanguage":"pt-BR"},{"@type":"Organization","@id":"https:\/\/beduka.com\/blog\/#organization","name":"Beduka","url":"https:\/\/beduka.com\/blog\/","logo":{"@type":"ImageObject","inLanguage":"pt-BR","@id":"https:\/\/beduka.com\/blog\/#\/schema\/logo\/image\/","url":"https:\/\/beduka.com\/blog\/wp-content\/uploads\/2020\/06\/marca-beduka.png","contentUrl":"https:\/\/beduka.com\/blog\/wp-content\/uploads\/2020\/06\/marca-beduka.png","width":1077,"height":368,"caption":"Beduka"},"image":{"@id":"https:\/\/beduka.com\/blog\/#\/schema\/logo\/image\/"},"sameAs":["https:\/\/www.facebook.com\/beduka.buscadordefaculdades\/","https:\/\/www.instagram.com\/beduka_oficial\/","https:\/\/www.linkedin.com\/company\/beduka","https:\/\/br.pinterest.com\/bedukaoficial\/","https:\/\/www.youtube.com\/beduka"]},{"@type":"Person","@id":"https:\/\/beduka.com\/blog\/#\/schema\/person\/325d912d2cb8dd9ede8ab291427d2b8a","name":"Reda\u00e7\u00e3o Beduka (a)","image":{"@type":"ImageObject","inLanguage":"pt-BR","@id":"https:\/\/beduka.com\/blog\/#\/schema\/person\/image\/","url":"https:\/\/secure.gravatar.com\/avatar\/6f58a181ef24e0dc0bb73f096aa0f8b5?s=96&d=mm&r=g","contentUrl":"https:\/\/secure.gravatar.com\/avatar\/6f58a181ef24e0dc0bb73f096aa0f8b5?s=96&d=mm&r=g","caption":"Reda\u00e7\u00e3o Beduka (a)"},"description":"Este conte\u00fado foi criado e validado por uma equipe multidisciplinar, formada por especialistas em cada \u00e1rea do conhecimento. O Beduka est\u00e1 presente no Instagram, YouTube, LinkedIn e em diversos outros ambientes digitais. O site foi criado em 2017 e, desde a sua funda\u00e7\u00e3o, atua para fornecer materiais de qualidade para facilitar a vida de estudantes de todo o Brasil, ajudando-os a se preparar para os principais vestibulares e o Enem.","sameAs":["https:\/\/www.facebook.com\/beduka.buscadordefaculdades","https:\/\/www.instagram.com\/beduka_oficial\/","https:\/\/br.pinterest.com\/bedukaoficial\/"],"url":"https:\/\/beduka.com\/blog\/author\/admin\/"}]}},"_links":{"self":[{"href":"https:\/\/beduka.com\/blog\/wp-json\/wp\/v2\/posts\/18532"}],"collection":[{"href":"https:\/\/beduka.com\/blog\/wp-json\/wp\/v2\/posts"}],"about":[{"href":"https:\/\/beduka.com\/blog\/wp-json\/wp\/v2\/types\/post"}],"author":[{"embeddable":true,"href":"https:\/\/beduka.com\/blog\/wp-json\/wp\/v2\/users\/1"}],"replies":[{"embeddable":true,"href":"https:\/\/beduka.com\/blog\/wp-json\/wp\/v2\/comments?post=18532"}],"version-history":[{"count":2,"href":"https:\/\/beduka.com\/blog\/wp-json\/wp\/v2\/posts\/18532\/revisions"}],"predecessor-version":[{"id":18713,"href":"https:\/\/beduka.com\/blog\/wp-json\/wp\/v2\/posts\/18532\/revisions\/18713"}],"wp:featuredmedia":[{"embeddable":true,"href":"https:\/\/beduka.com\/blog\/wp-json\/wp\/v2\/media\/18534"}],"wp:attachment":[{"href":"https:\/\/beduka.com\/blog\/wp-json\/wp\/v2\/media?parent=18532"}],"wp:term":[{"taxonomy":"category","embeddable":true,"href":"https:\/\/beduka.com\/blog\/wp-json\/wp\/v2\/categories?post=18532"},{"taxonomy":"post_tag","embeddable":true,"href":"https:\/\/beduka.com\/blog\/wp-json\/wp\/v2\/tags?post=18532"}],"curies":[{"name":"wp","href":"https:\/\/api.w.org\/{rel}","templated":true}]}}