{"id":18704,"date":"2020-11-06T19:06:21","date_gmt":"2020-11-06T22:06:21","guid":{"rendered":"https:\/\/beduka.com\/blog\/?p=18704"},"modified":"2020-11-07T17:39:58","modified_gmt":"2020-11-07T20:39:58","slug":"ambiguidade","status":"publish","type":"post","link":"https:\/\/beduka.com\/blog\/materias\/portugues\/ambiguidade\/","title":{"rendered":"O que \u00e9 Ambiguidade, seu conceitos, exemplos e diferen\u00e7as importantes!"},"content":{"rendered":"\n<p>A ambiguidade \u00e9 um fen\u00f4meno que gera d\u00favida na interpreta\u00e7\u00e3o de uma frase. Ele n\u00e3o \u00e9 causado de forma proposital, mas \u00e9 um erro acidental se levarmos em conta as regras da l\u00edngua formal. Muitas vezes ele \u00e9 causado pela escolha incorreta da palavra ou por sua posi\u00e7\u00e3o na frase. Tamb\u00e9m \u00e9 um conceito muito confundido com polissemia e duplo sentido! <br><\/p>\n\n\n\n<p><strong>Neste artigo sobre Ambiguidade, voc\u00ea encontrar\u00e1:<\/strong><br><\/p>\n\n\n\n<ol><li>O que \u00e9 Ambiguidade? Lexical e Estrutural com Exemplo!<\/li><li>Como saber se a frase \u00e9 amb\u00edgua<\/li><li>Tipos de ambiguidade e como concertar<\/li><li>Polissemia, Duplo sentido, Figura de linguagem, Anfibologia<\/li><\/ol>\n\n\n\n<ul><li>Estudando para as provas? Conhe\u00e7a nosso <a href=\"https:\/\/beduka.com\/blog\/dicas\/enem-dicas\/simulados-para-enem-online-e-gratuito\/\" target=\"_blank\" rel=\"noreferrer noopener\" aria-label=\" (abre numa nova aba)\">Simulado gratuito<\/a>, que pode ser personalizado com as mat\u00e9rias que voc\u00ea mais precisa!<\/li><\/ul>\n\n\n\n<h2 class=\"wp-block-heading\">O que \u00e9 ambiguidade? Exemplo<\/h2>\n\n\n\n<p>Ambiguidade significa algo que \u00e9 <strong>duvidoso<\/strong>, que tem <strong>mais de um entendimento.<\/strong> Ao escrevermos um texto pode acontecer da nossa frase significar mais de uma coisa ao mesmo tempo, confundindo o leitor.<br><\/p>\n\n\n\n<p>Um trecho amb\u00edguo pode gerar <strong>problemas de interpreta\u00e7\u00e3o<\/strong> e dificultar<strong> a comunica\u00e7\u00e3o<\/strong>. Se n\u00e3o temos certeza sobre o que foi passado, significa que a mensagem n\u00e3o foi passada de forma clara.<\/p>\n\n\n\n<p><br>Na lingu\u00edstica, a \u00e1rea do portugu\u00eas que estuda as quest\u00f5es da l\u00edngua, tamb\u00e9m podemos chamar ambiguidade de <strong>anfibologia. <\/strong>Se ver esse nome, saiba que s\u00e3o as mesmas coisas! <\/p>\n\n\n\n<div class=\"wp-block-image\"><figure class=\"aligncenter\"><img decoding=\"async\" loading=\"lazy\" width=\"600\" height=\"300\" src=\"https:\/\/beduka.com\/blog\/wp-content\/uploads\/2020\/11\/ambiguidade-0-o-menino-sentou-na-cadeira-e-quebrou-o-seu-bra\u00e7o-ou-o-menino-quebrou-o-bra\u00e7o-da-cadeira.jpg\" alt=\"ambiguidade-0-o-menino-sentou-na-cadeira-e-quebrou-o-seu-bra\u00e7o-ou-o-menino-quebrou-o-bra\u00e7o-da-cadeira\" class=\"wp-image-18708\" srcset=\"https:\/\/beduka.com\/blog\/wp-content\/uploads\/2020\/11\/ambiguidade-0-o-menino-sentou-na-cadeira-e-quebrou-o-seu-bra\u00e7o-ou-o-menino-quebrou-o-bra\u00e7o-da-cadeira.jpg 600w, https:\/\/beduka.com\/blog\/wp-content\/uploads\/2020\/11\/ambiguidade-0-o-menino-sentou-na-cadeira-e-quebrou-o-seu-bra\u00e7o-ou-o-menino-quebrou-o-bra\u00e7o-da-cadeira-300x150.jpg 300w, https:\/\/beduka.com\/blog\/wp-content\/uploads\/2020\/11\/ambiguidade-0-o-menino-sentou-na-cadeira-e-quebrou-o-seu-bra\u00e7o-ou-o-menino-quebrou-o-bra\u00e7o-da-cadeira-320x160.jpg 320w\" sizes=\"(max-width: 600px) 100vw, 600px\" \/><\/figure><\/div>\n\n\n\n<p><strong>Exemplo:<\/strong><br><\/p>\n\n\n\n<p>\u201cCaetano sentou na cadeira e quebrou o bra\u00e7o.\u201d<br><\/p>\n\n\n\n<ul><li>Quem ler uma frase assim, pode se perguntar: \u201cQuem teve o bra\u00e7o quebrado, Caetano ou a cadeira?\u201d<\/li><\/ul>\n\n\n\n<h3 class=\"wp-block-heading\">Ambiguidade Lexical e Estrutural<\/h3>\n\n\n\n<ul><li>O que \u00e9 ambiguidade lexical? \u00c9 aquela que acontece dependendo da palavra que escolhemos usar.<\/li><\/ul>\n\n\n\n<ul><li>O que \u00e9 ambiguidade estrutural ou de sintaxe? \u00c9 aquela que acontece dependendo da posi\u00e7\u00e3o que a palavra ocupa na frase.<\/li><\/ul>\n\n\n\n<p>Viu a diferen\u00e7a? Uma envolve a escolha da palavra, a outra envolve a posi\u00e7\u00e3o da palavra.<br><\/p>\n\n\n\n<h3 class=\"wp-block-heading\">Como saber se a frase tem ambiguidade?<\/h3>\n\n\n\n<p>\n\nQuando lemos uma frase amb\u00edgua ficamos com d\u00favida e confusos. Intuitivamente sabemos que algo est\u00e1 errado, <strong>pois come\u00e7am surgir possibilidades e tentativas de entender o que foi dito. <\/strong><\/p>\n\n\n\n<p>\u00c9 importante ressaltar que a <strong>Ambiguidade \u00e9 um <\/strong><a href=\"https:\/\/beduka.com\/blog\/materias\/portugues\/vicios-de-linguagem\/\" target=\"_blank\" rel=\"noreferrer noopener\" aria-label=\" (abre numa nova aba)\">v\u00edcio de linguagem<\/a>, ou seja, algo que n\u00e3o \u00e9 permitido em textos formais. \u00c9 um erro que se comete ao tentar passar a mensagem.&nbsp;<br><\/p>\n\n\n\n<ul><li>Por outro lado, voc\u00ea j\u00e1 deve ter percebido alguns <strong>textos liter\u00e1rios ou po\u00e9ticos que usam recursos parecidos para causar humor.<\/strong> Nesse caso, <strong>n\u00e3o se trata de ambiguidade<\/strong>, mas de <strong>polissemia ou duplo sentido<\/strong>. Veremos essa diferen\u00e7a <strong>no \u00faltimo t\u00f3pico do artigo!<\/strong><\/li><\/ul>\n\n\n\n<h3 class=\"wp-block-heading\">O que \u00e9 uma frase amb\u00edgua?<\/h3>\n\n\n\n<p>De acordo com a gram\u00e1tica da l\u00edngua portuguesa, dizemos que uma frase, comunicado, ou fala \u00e9 amb\u00edgua <strong>quando permite diferentes interpreta\u00e7\u00f5es.<\/strong> Assim, esse trecho d\u00e1 uma <strong>sensa\u00e7\u00e3o de incerteza, d\u00favida<\/strong> e n\u00e3o nos permite saber ao certo o que era pra ser comunicado.<\/p>\n\n\n\n<h2 class=\"wp-block-heading\">Tipos de ambiguidade, exemplos e como consertar!<\/h2>\n\n\n\n<p>Veja a classifica\u00e7\u00e3o e a apresenta\u00e7\u00e3o das formas mais comuns de se causar ambiguidade. Logo ap\u00f3s, colocaremos a <strong>forma de evit\u00e1-las ou consert\u00e1-las.<\/strong><br><\/p>\n\n\n\n<p>Acompanhe:<br><\/p>\n\n\n\n<h3 class=\"wp-block-heading\">Uso incorreto de pronomes possessivos<\/h3>\n\n\n\n<div class=\"wp-block-image\"><figure class=\"aligncenter\"><img decoding=\"async\" loading=\"lazy\" width=\"600\" height=\"300\" src=\"https:\/\/beduka.com\/blog\/wp-content\/uploads\/2020\/11\/Ambiguidade-com-coloca\u00e7\u00e3o-de-pronomes-possessivos-sua-carteira-carteira-dele-ou-dela.jpg\" alt=\"Ambiguidade-com-coloca\u00e7\u00e3o-de-pronomes-possessivos-sua-carteira-carteira-dele-ou-dela\" class=\"wp-image-18707\" srcset=\"https:\/\/beduka.com\/blog\/wp-content\/uploads\/2020\/11\/Ambiguidade-com-coloca\u00e7\u00e3o-de-pronomes-possessivos-sua-carteira-carteira-dele-ou-dela.jpg 600w, https:\/\/beduka.com\/blog\/wp-content\/uploads\/2020\/11\/Ambiguidade-com-coloca\u00e7\u00e3o-de-pronomes-possessivos-sua-carteira-carteira-dele-ou-dela-300x150.jpg 300w, https:\/\/beduka.com\/blog\/wp-content\/uploads\/2020\/11\/Ambiguidade-com-coloca\u00e7\u00e3o-de-pronomes-possessivos-sua-carteira-carteira-dele-ou-dela-320x160.jpg 320w\" sizes=\"(max-width: 600px) 100vw, 600px\" \/><\/figure><\/div>\n\n\n\n<p> N\u00e3o saber empregar o <a href=\"https:\/\/beduka.com\/blog\/materias\/portugues\/o-que-e-pronome-possessivo\/\" target=\"_blank\" rel=\"noreferrer noopener\" aria-label=\" (abre numa nova aba)\">pronome possessivo<\/a> pode gerar ambiguidade. Eles indicam posse e voc\u00ea pode deixar o leitor confuso sobre quem tem o qu\u00ea. Veja: <br><\/p>\n\n\n\n<p><strong>Exemplo<\/strong>: \u201cAna pediu a Caio que pegasse sua carteira.\u201d<br><\/p>\n\n\n\n<p>Fica a d\u00favida: a carteira era de Ana ou Caio?&nbsp;<br><\/p>\n\n\n\n<p><strong>Para evitar <\/strong>isso, devemos escolher um pronome que flexione. Assim:<br><\/p>\n\n\n\n<p>\u201cAna pediu a Caio que pegasse a carteira dele.\u201d<br><\/p>\n\n\n\n<p>Assim, fica claro de quem era a carteira. Se fosse de Ana, seria usado o \u201cdela\u201d.<\/p>\n\n\n\n<h3 class=\"wp-block-heading\">Coloca\u00e7\u00e3o inadequada de palavras<\/h3>\n\n\n\n<p>Ocorre quando a posi\u00e7\u00e3o da palavra na frase n\u00e3o nos d\u00e1 certeza sobre a mensagem. Veja:<br><\/p>\n\n\n\n<p><strong>Exemplo<\/strong>: \u201cO garoto doente n\u00e3o conseguiu andar.\u201d<br><\/p>\n\n\n\n<p>Surge a d\u00favida: o garoto sempre teve uma doen\u00e7a e n\u00e3o conseguiu andar dessa vez, ou estava doente e por isso n\u00e3o conseguiu andar naquele momento?&nbsp;<br><\/p>\n\n\n\n<p><strong>Para evitar a d\u00favida<\/strong>, a posi\u00e7\u00e3o em que se coloca o termo \u201cdoente\u201d e a coloca\u00e7\u00e3o de v\u00edrgulas \u00e9 que auxilia o entendimento.<br><\/p>\n\n\n\n<p>\u201cEstando doente, o garoto n\u00e3o conseguiu andar.\u201d<br><\/p>\n\n\n\n<p>\u201cO garoto, que era doente, n\u00e3o conseguiu andar.\u201d<\/p>\n\n\n\n<h3 class=\"wp-block-heading\">Confus\u00e3o entre o pronome relativo e conjun\u00e7\u00e3o integrante<\/h3>\n\n\n\n<p>Ocorre quando uma pessoa n\u00e3o sabe como usar o <a rel=\"noreferrer noopener\" aria-label=\" (abre numa nova aba)\" href=\"https:\/\/beduka.com\/blog\/materias\/portugues\/quais-sao-os-pronomes\/\" target=\"_blank\">pronome relativo<\/a>, aquele que retoma um antecedente, representando-o no in\u00edcio de uma ora\u00e7\u00e3o. E tamb\u00e9m desconhece a fun\u00e7\u00e3o da <a rel=\"noreferrer noopener\" aria-label=\" (abre numa nova aba)\" href=\"https:\/\/beduka.com\/blog\/materias\/portugues\/o-que-e-conjuncao\/\" target=\"_blank\">conjun\u00e7\u00e3o integrante<\/a>, aquela que introduz <a href=\"https:\/\/beduka.com\/blog\/exercicios\/portugues-exercicios\/exercicios-de-oracoes-subordinadas-substantivas\/\" target=\"_blank\" rel=\"noreferrer noopener\" aria-label=\" (abre numa nova aba)\">ora\u00e7\u00f5es substantivas<\/a>.<br><\/p>\n\n\n\n<p><strong>Exemplo<\/strong>: \u201cA m\u00e3e avisou \u00e0 filha que estava indo ao shopping.\u201d<br><\/p>\n\n\n\n<p>D\u00favida: Quem ia ao shopping, a m\u00e3e ou a filha?&nbsp;<br><\/p>\n\n\n\n<p><strong>Para tirar o problema<\/strong>, a part\u00edcula \u201cque\u201d deve ter suas poss\u00edveis fun\u00e7\u00f5es bem entendidas e sinalizadas. Assim:<br><\/p>\n\n\n\n<p>\u201c\u00c0 filha, a m\u00e3e avisou que estava indo ao shopping.\u201d<br><\/p>\n\n\n\n<p>\u201cA m\u00e3e avisou \u00e0 filha, que estava indo ao shopping.\u201d<\/p>\n\n\n\n<h3 class=\"wp-block-heading\">Posi\u00e7\u00e3o duvidosa das formas nominais<\/h3>\n\n\n\n<p>A ambiguidade ocorre quando o uso de verbos na <a rel=\"noreferrer noopener\" aria-label=\" (abre numa nova aba)\" href=\"https:\/\/beduka.com\/blog\/materias\/portugues\/o-que-e-forma-nominal\/\" target=\"_blank\">forma nominal<\/a>, <a rel=\"noreferrer noopener\" aria-label=\" (abre numa nova aba)\" href=\"https:\/\/beduka.com\/blog\/materias\/portugues\/o-que-e-gerundio\/\" target=\"_blank\">ger\u00fandio<\/a>, <a rel=\"noreferrer noopener\" aria-label=\" (abre numa nova aba)\" href=\"https:\/\/beduka.com\/blog\/materias\/portugues\/o-que-e-participio\/\" target=\"_blank\">partic\u00edpio<\/a> ou <a href=\"https:\/\/beduka.com\/blog\/materias\/portugues\/o-que-e-infinitivo\/\" target=\"_blank\" rel=\"noreferrer noopener\" aria-label=\" (abre numa nova aba)\">infinitivo<\/a>, aparecem em contextos n\u00e3o especificados, ou seja, em posi\u00e7\u00f5es duvidosas.&nbsp;<br><\/p>\n\n\n\n<p><strong>Exemplo<\/strong>: \u201cMaria olhou a gata correndo\u201d<br><\/p>\n\n\n\n<p>Podemos nos perguntar: \u201cQuem estava correndo, Maria ou a gata?\u201d&nbsp;<br><\/p>\n\n\n\n<p><strong>Para evitar<\/strong> esse problema, podemos mudar a posi\u00e7\u00e3o das ora\u00e7\u00f5es, assim:<br><\/p>\n\n\n\n<p>\u201cCorrendo, Maria viu a gata.\u201d<br><\/p>\n\n\n\n<p>\u201cMaria viu a gata, que estava correndo.\u201d<\/p>\n\n\n\n<h2 class=\"wp-block-heading\">Qual \u00e9 a diferen\u00e7a entre duplo sentido e ambiguidade?<\/h2>\n\n\n\n<p>A <strong>ambiguidade<\/strong>, como j\u00e1 foi dito, \u00e9 vista como um <a href=\"https:\/\/beduka.com\/blog\/materias\/portugues\/vicios-de-linguagem\/\" target=\"_blank\" rel=\"noreferrer noopener\" aria-label=\" (abre numa nova aba)\">v\u00edcio de linguagem.<\/a> Ent\u00e3o ela \u00e9 <strong>causada de forma desproposital<\/strong>, um <strong>erro sem perceber.<\/strong>&nbsp;<\/p>\n\n\n\n<p>Por\u00e9m, na <strong>linguagem l\u00edrica e po\u00e9tica<\/strong> h\u00e1 <strong>liberdade criativa<\/strong> o que chamamos de<strong> licen\u00e7a po\u00e9tica. <\/strong>Neste caso, as <a href=\"https:\/\/beduka.com\/blog\/materias\/portugues\/principais-figuras-linguagem\/\" target=\"_blank\" rel=\"noreferrer noopener\" aria-label=\" (abre numa nova aba)\">figuras de linguagem<\/a> podem ser usadas para<strong> causar efeitos de \u00eanfase ou humor.<\/strong><br><\/p>\n\n\n\n<p>Dentro delas, temos os recursos do <strong>duplo sentido e da polissemia.<\/strong>&nbsp;<br><\/p>\n\n\n\n<p>O <strong>duplo sentido \u00e9 o uso proposital<\/strong> de express\u00f5es que possuem diferentes interpreta\u00e7\u00f5es, para um <strong>fim po\u00e9tico-humor\u00edstico<\/strong> e contextualizado.<\/p>\n\n\n\n<h2 class=\"wp-block-heading\">Polissemia e Anfibologia<\/h2>\n\n\n\n<div class=\"wp-block-image\"><figure class=\"aligncenter\"><img decoding=\"async\" loading=\"lazy\" width=\"600\" height=\"300\" src=\"https:\/\/beduka.com\/blog\/wp-content\/uploads\/2020\/11\/Polissemia-da-palavra-manga.jpg\" alt=\"Polissemia-da-palavra-manga\" class=\"wp-image-18706\" srcset=\"https:\/\/beduka.com\/blog\/wp-content\/uploads\/2020\/11\/Polissemia-da-palavra-manga.jpg 600w, https:\/\/beduka.com\/blog\/wp-content\/uploads\/2020\/11\/Polissemia-da-palavra-manga-300x150.jpg 300w, https:\/\/beduka.com\/blog\/wp-content\/uploads\/2020\/11\/Polissemia-da-palavra-manga-320x160.jpg 320w\" sizes=\"(max-width: 600px) 100vw, 600px\" \/><\/figure><\/div>\n\n\n\n<p>A <strong>polissemia <\/strong>\u00e9 um outro recurso que est\u00e1 pr\u00f3ximo dos conceitos de ambiguidade e duplo sentido, mas \u00e9 algo diferente. Ela diz respeito \u00e0s <strong>palavras que naturalmente apresentam mais de um significado no dicion\u00e1rio<\/strong>, independente do contexto e da intencionalidade.<br><\/p>\n\n\n\n<p>A palavra isolada pode gerar d\u00favidas sobre qual significado se referia, por\u00e9m, <strong>quando aplicada no contexto da frase, n\u00e3o deixar\u00e1 d\u00favidas.<\/strong><br><\/p>\n\n\n\n<p>Exemplos:<br><\/p>\n\n\n\n<ul><li>\u201c<strong>Manga<\/strong>\u201d \u00e9 uma palavra que naturalmente tem dois significados, seja a <strong>manga da camisa <\/strong>ou a <strong>manga fruta.<\/strong><\/li><li>\u201c<strong>Ponto<\/strong>\u201d pode tratar-se de um <strong>ponto na geometria<\/strong> (<a href=\"https:\/\/beduka.com\/blog\/materias\/matematica\/plano-cartesiano\/\" target=\"_blank\" rel=\"noreferrer noopener\" aria-label=\" (abre numa nova aba)\">plano cartesiano<\/a>), ou o <strong>sinal de pontua\u00e7\u00e3o<\/strong> em gram\u00e1tica, ou o local como o <strong>ponto de \u00f4nibus<\/strong> ou de t\u00e1xi.&nbsp;<\/li><li>&#8220;<strong>Pregar<\/strong>&#8220;, por exemplo, pode se referir ao ato de falar, <strong>pregar um serm\u00e3o<\/strong>. Mas naturalmente tamb\u00e9m pode se referir a a\u00e7\u00e3o de unir coisas, como <strong>pregar um prego<\/strong>.&nbsp;<\/li><\/ul>\n\n\n\n<p>Gostou do nosso artigo sobre Ambiguidade? Confira <strong>outros artigos <\/strong>do nosso blog e <strong>se prepare para o Enem<\/strong> da melhor maneira! Voc\u00ea tamb\u00e9m pode se organizar com o nosso <a href=\"https:\/\/beduka.com\/blog\/dicas\/enem-dicas\/plano-de-estudos-gratuito\/\" target=\"_blank\" rel=\"noreferrer noopener\" aria-label=\" (abre numa nova aba)\">plano de estudos<\/a>, o mais completo da internet, e o melhor: <strong>totalmente gratuito!<\/strong><\/p>\n\n\n\n<p>Queremos te ajudar a encontrar a FACULDADE IDEAL! Logo abaixo, fa\u00e7a uma pesquisa por curso e cidade que te mostraremos todas as faculdades que podem te atender. Informamos a nota de corte, valor de mensalidade, nota do MEC, avalia\u00e7\u00e3o dos alunos, modalidades de ensino e muito mais.<\/p>\n\n\n\n<p>Experimente agora!<br><\/p>\n","protected":false},"excerpt":{"rendered":"<p>A ambiguidade \u00e9 um fen\u00f4meno que gera d\u00favida na interpreta\u00e7\u00e3o de uma frase. Ele n\u00e3o \u00e9 causado de forma proposital, mas \u00e9 um erro acidental se levarmos em conta as regras da l\u00edngua formal. Muitas vezes ele \u00e9 causado pela escolha incorreta da palavra ou por sua posi\u00e7\u00e3o na frase. Tamb\u00e9m \u00e9 um conceito muito [&hellip;]<\/p>\n","protected":false},"author":1,"featured_media":18705,"comment_status":"open","ping_status":"closed","sticky":false,"template":"","format":"standard","meta":{"_mi_skip_tracking":false,"_monsterinsights_sitenote_active":false,"_monsterinsights_sitenote_note":"","_monsterinsights_sitenote_category":0},"categories":[488],"tags":[],"yoast_head":"<!-- This site is optimized with the Yoast SEO plugin v20.10 - https:\/\/yoast.com\/wordpress\/plugins\/seo\/ -->\n<title>O que \u00e9 Ambiguidade? Confira a Defini\u00e7\u00e3o, Exemplos e Tipos!<\/title>\n<meta name=\"description\" content=\"Resumo de Ambiguidade: entenda o que \u00e9, como identificar, quais s\u00e3o os tipos, como consertar o problema e qual a diferen\u00e7a entre polissemia e duplo sentido!\" \/>\n<meta name=\"robots\" content=\"index, follow, max-snippet:-1, max-image-preview:large, max-video-preview:-1\" \/>\n<link rel=\"canonical\" href=\"https:\/\/beduka.com\/blog\/materias\/portugues\/ambiguidade\/\" \/>\n<meta property=\"og:locale\" content=\"pt_BR\" \/>\n<meta property=\"og:type\" content=\"article\" \/>\n<meta property=\"og:title\" content=\"O que \u00e9 Ambiguidade? Confira a Defini\u00e7\u00e3o, Exemplos e Tipos!\" \/>\n<meta property=\"og:description\" content=\"Resumo de Ambiguidade: entenda o que \u00e9, como identificar, quais s\u00e3o os tipos, como consertar o problema e qual a diferen\u00e7a entre polissemia e duplo sentido!\" \/>\n<meta property=\"og:url\" content=\"https:\/\/beduka.com\/blog\/materias\/portugues\/ambiguidade\/\" \/>\n<meta property=\"og:site_name\" content=\"Blog do Beduka | Mat\u00e9rias resumidas, Dicas e Exerc\u00edcios Enem\" \/>\n<meta property=\"article:publisher\" content=\"https:\/\/www.facebook.com\/beduka.buscadordefaculdades\/\" \/>\n<meta property=\"article:author\" content=\"https:\/\/www.facebook.com\/beduka.buscadordefaculdades\" \/>\n<meta property=\"article:published_time\" content=\"2020-11-06T22:06:21+00:00\" \/>\n<meta property=\"article:modified_time\" content=\"2020-11-07T20:39:58+00:00\" \/>\n<meta property=\"og:image\" content=\"https:\/\/beduka.com\/blog\/wp-content\/uploads\/2020\/11\/Entenda-o-que-\u00e9-Ambiguidade-e-suas-caracter\u00edsticas-pr\u00f3prias.jpg\" \/>\n\t<meta property=\"og:image:width\" content=\"600\" \/>\n\t<meta property=\"og:image:height\" content=\"300\" \/>\n\t<meta property=\"og:image:type\" content=\"image\/jpeg\" \/>\n<meta name=\"author\" content=\"Reda\u00e7\u00e3o Beduka (a)\" \/>\n<meta name=\"twitter:card\" content=\"summary_large_image\" \/>\n<meta name=\"twitter:label1\" content=\"Escrito por\" \/>\n\t<meta name=\"twitter:data1\" content=\"Reda\u00e7\u00e3o Beduka (a)\" \/>\n\t<meta name=\"twitter:label2\" content=\"Est. tempo de leitura\" \/>\n\t<meta name=\"twitter:data2\" content=\"6 minutos\" \/>\n<script type=\"application\/ld+json\" class=\"yoast-schema-graph\">{\"@context\":\"https:\/\/schema.org\",\"@graph\":[{\"@type\":\"Article\",\"@id\":\"https:\/\/beduka.com\/blog\/materias\/portugues\/ambiguidade\/#article\",\"isPartOf\":{\"@id\":\"https:\/\/beduka.com\/blog\/materias\/portugues\/ambiguidade\/\"},\"author\":{\"name\":\"Reda\u00e7\u00e3o Beduka (a)\",\"@id\":\"https:\/\/beduka.com\/blog\/#\/schema\/person\/325d912d2cb8dd9ede8ab291427d2b8a\"},\"headline\":\"O que \u00e9 Ambiguidade, seu conceitos, exemplos e diferen\u00e7as importantes!\",\"datePublished\":\"2020-11-06T22:06:21+00:00\",\"dateModified\":\"2020-11-07T20:39:58+00:00\",\"mainEntityOfPage\":{\"@id\":\"https:\/\/beduka.com\/blog\/materias\/portugues\/ambiguidade\/\"},\"wordCount\":1256,\"commentCount\":0,\"publisher\":{\"@id\":\"https:\/\/beduka.com\/blog\/#organization\"},\"articleSection\":[\"Portugu\u00eas\"],\"inLanguage\":\"pt-BR\",\"potentialAction\":[{\"@type\":\"CommentAction\",\"name\":\"Comment\",\"target\":[\"https:\/\/beduka.com\/blog\/materias\/portugues\/ambiguidade\/#respond\"]}]},{\"@type\":\"WebPage\",\"@id\":\"https:\/\/beduka.com\/blog\/materias\/portugues\/ambiguidade\/\",\"url\":\"https:\/\/beduka.com\/blog\/materias\/portugues\/ambiguidade\/\",\"name\":\"O que \u00e9 Ambiguidade? Confira a Defini\u00e7\u00e3o, Exemplos e Tipos!\",\"isPartOf\":{\"@id\":\"https:\/\/beduka.com\/blog\/#website\"},\"datePublished\":\"2020-11-06T22:06:21+00:00\",\"dateModified\":\"2020-11-07T20:39:58+00:00\",\"description\":\"Resumo de Ambiguidade: entenda o que \u00e9, como identificar, quais s\u00e3o os tipos, como consertar o problema e qual a diferen\u00e7a entre polissemia e duplo sentido!\",\"breadcrumb\":{\"@id\":\"https:\/\/beduka.com\/blog\/materias\/portugues\/ambiguidade\/#breadcrumb\"},\"inLanguage\":\"pt-BR\",\"potentialAction\":[{\"@type\":\"ReadAction\",\"target\":[\"https:\/\/beduka.com\/blog\/materias\/portugues\/ambiguidade\/\"]}]},{\"@type\":\"BreadcrumbList\",\"@id\":\"https:\/\/beduka.com\/blog\/materias\/portugues\/ambiguidade\/#breadcrumb\",\"itemListElement\":[{\"@type\":\"ListItem\",\"position\":1,\"name\":\"Home\",\"item\":\"https:\/\/beduka.com\/blog\/\"},{\"@type\":\"ListItem\",\"position\":2,\"name\":\"O que \u00e9 Ambiguidade, seu conceitos, exemplos e diferen\u00e7as importantes!\"}]},{\"@type\":\"WebSite\",\"@id\":\"https:\/\/beduka.com\/blog\/#website\",\"url\":\"https:\/\/beduka.com\/blog\/\",\"name\":\"Blog do Beduka | Mat\u00e9rias resumidas, Dicas e Exerc\u00edcios Enem\",\"description\":\"O Blog do Beduka tem os conte\u00fados que mais caem no Enem, exerc\u00edcios de vestibular com gabarito, resumos, dicas e informa\u00e7\u00f5es Sisu, Prouni e Fies.Encontre dicas para o ENEM, resumos, exerc\u00edcios e informa\u00e7\u00f5es sobre os vestibulares. Acesse agora!\",\"publisher\":{\"@id\":\"https:\/\/beduka.com\/blog\/#organization\"},\"potentialAction\":[{\"@type\":\"SearchAction\",\"target\":{\"@type\":\"EntryPoint\",\"urlTemplate\":\"https:\/\/beduka.com\/blog\/?s={search_term_string}\"},\"query-input\":\"required name=search_term_string\"}],\"inLanguage\":\"pt-BR\"},{\"@type\":\"Organization\",\"@id\":\"https:\/\/beduka.com\/blog\/#organization\",\"name\":\"Beduka\",\"url\":\"https:\/\/beduka.com\/blog\/\",\"logo\":{\"@type\":\"ImageObject\",\"inLanguage\":\"pt-BR\",\"@id\":\"https:\/\/beduka.com\/blog\/#\/schema\/logo\/image\/\",\"url\":\"https:\/\/beduka.com\/blog\/wp-content\/uploads\/2020\/06\/marca-beduka.png\",\"contentUrl\":\"https:\/\/beduka.com\/blog\/wp-content\/uploads\/2020\/06\/marca-beduka.png\",\"width\":1077,\"height\":368,\"caption\":\"Beduka\"},\"image\":{\"@id\":\"https:\/\/beduka.com\/blog\/#\/schema\/logo\/image\/\"},\"sameAs\":[\"https:\/\/www.facebook.com\/beduka.buscadordefaculdades\/\",\"https:\/\/www.instagram.com\/beduka_oficial\/\",\"https:\/\/www.linkedin.com\/company\/beduka\",\"https:\/\/br.pinterest.com\/bedukaoficial\/\",\"https:\/\/www.youtube.com\/beduka\"]},{\"@type\":\"Person\",\"@id\":\"https:\/\/beduka.com\/blog\/#\/schema\/person\/325d912d2cb8dd9ede8ab291427d2b8a\",\"name\":\"Reda\u00e7\u00e3o Beduka (a)\",\"image\":{\"@type\":\"ImageObject\",\"inLanguage\":\"pt-BR\",\"@id\":\"https:\/\/beduka.com\/blog\/#\/schema\/person\/image\/\",\"url\":\"https:\/\/secure.gravatar.com\/avatar\/6f58a181ef24e0dc0bb73f096aa0f8b5?s=96&d=mm&r=g\",\"contentUrl\":\"https:\/\/secure.gravatar.com\/avatar\/6f58a181ef24e0dc0bb73f096aa0f8b5?s=96&d=mm&r=g\",\"caption\":\"Reda\u00e7\u00e3o Beduka (a)\"},\"description\":\"Este conte\u00fado foi criado e validado por uma equipe multidisciplinar, formada por especialistas em cada \u00e1rea do conhecimento. O Beduka est\u00e1 presente no Instagram, YouTube, LinkedIn e em diversos outros ambientes digitais. O site foi criado em 2017 e, desde a sua funda\u00e7\u00e3o, atua para fornecer materiais de qualidade para facilitar a vida de estudantes de todo o Brasil, ajudando-os a se preparar para os principais vestibulares e o Enem.\",\"sameAs\":[\"https:\/\/www.facebook.com\/beduka.buscadordefaculdades\",\"https:\/\/www.instagram.com\/beduka_oficial\/\",\"https:\/\/br.pinterest.com\/bedukaoficial\/\"],\"url\":\"https:\/\/beduka.com\/blog\/author\/admin\/\"}]}<\/script>\n<!-- \/ Yoast SEO plugin. -->","yoast_head_json":{"title":"O que \u00e9 Ambiguidade? Confira a Defini\u00e7\u00e3o, Exemplos e Tipos!","description":"Resumo de Ambiguidade: entenda o que \u00e9, como identificar, quais s\u00e3o os tipos, como consertar o problema e qual a diferen\u00e7a entre polissemia e duplo sentido!","robots":{"index":"index","follow":"follow","max-snippet":"max-snippet:-1","max-image-preview":"max-image-preview:large","max-video-preview":"max-video-preview:-1"},"canonical":"https:\/\/beduka.com\/blog\/materias\/portugues\/ambiguidade\/","og_locale":"pt_BR","og_type":"article","og_title":"O que \u00e9 Ambiguidade? Confira a Defini\u00e7\u00e3o, Exemplos e Tipos!","og_description":"Resumo de Ambiguidade: entenda o que \u00e9, como identificar, quais s\u00e3o os tipos, como consertar o problema e qual a diferen\u00e7a entre polissemia e duplo sentido!","og_url":"https:\/\/beduka.com\/blog\/materias\/portugues\/ambiguidade\/","og_site_name":"Blog do Beduka | Mat\u00e9rias resumidas, Dicas e Exerc\u00edcios Enem","article_publisher":"https:\/\/www.facebook.com\/beduka.buscadordefaculdades\/","article_author":"https:\/\/www.facebook.com\/beduka.buscadordefaculdades","article_published_time":"2020-11-06T22:06:21+00:00","article_modified_time":"2020-11-07T20:39:58+00:00","og_image":[{"width":600,"height":300,"url":"https:\/\/beduka.com\/blog\/wp-content\/uploads\/2020\/11\/Entenda-o-que-\u00e9-Ambiguidade-e-suas-caracter\u00edsticas-pr\u00f3prias.jpg","type":"image\/jpeg"}],"author":"Reda\u00e7\u00e3o Beduka (a)","twitter_card":"summary_large_image","twitter_misc":{"Escrito por":"Reda\u00e7\u00e3o Beduka (a)","Est. tempo de leitura":"6 minutos"},"schema":{"@context":"https:\/\/schema.org","@graph":[{"@type":"Article","@id":"https:\/\/beduka.com\/blog\/materias\/portugues\/ambiguidade\/#article","isPartOf":{"@id":"https:\/\/beduka.com\/blog\/materias\/portugues\/ambiguidade\/"},"author":{"name":"Reda\u00e7\u00e3o Beduka (a)","@id":"https:\/\/beduka.com\/blog\/#\/schema\/person\/325d912d2cb8dd9ede8ab291427d2b8a"},"headline":"O que \u00e9 Ambiguidade, seu conceitos, exemplos e diferen\u00e7as importantes!","datePublished":"2020-11-06T22:06:21+00:00","dateModified":"2020-11-07T20:39:58+00:00","mainEntityOfPage":{"@id":"https:\/\/beduka.com\/blog\/materias\/portugues\/ambiguidade\/"},"wordCount":1256,"commentCount":0,"publisher":{"@id":"https:\/\/beduka.com\/blog\/#organization"},"articleSection":["Portugu\u00eas"],"inLanguage":"pt-BR","potentialAction":[{"@type":"CommentAction","name":"Comment","target":["https:\/\/beduka.com\/blog\/materias\/portugues\/ambiguidade\/#respond"]}]},{"@type":"WebPage","@id":"https:\/\/beduka.com\/blog\/materias\/portugues\/ambiguidade\/","url":"https:\/\/beduka.com\/blog\/materias\/portugues\/ambiguidade\/","name":"O que \u00e9 Ambiguidade? Confira a Defini\u00e7\u00e3o, Exemplos e Tipos!","isPartOf":{"@id":"https:\/\/beduka.com\/blog\/#website"},"datePublished":"2020-11-06T22:06:21+00:00","dateModified":"2020-11-07T20:39:58+00:00","description":"Resumo de Ambiguidade: entenda o que \u00e9, como identificar, quais s\u00e3o os tipos, como consertar o problema e qual a diferen\u00e7a entre polissemia e duplo sentido!","breadcrumb":{"@id":"https:\/\/beduka.com\/blog\/materias\/portugues\/ambiguidade\/#breadcrumb"},"inLanguage":"pt-BR","potentialAction":[{"@type":"ReadAction","target":["https:\/\/beduka.com\/blog\/materias\/portugues\/ambiguidade\/"]}]},{"@type":"BreadcrumbList","@id":"https:\/\/beduka.com\/blog\/materias\/portugues\/ambiguidade\/#breadcrumb","itemListElement":[{"@type":"ListItem","position":1,"name":"Home","item":"https:\/\/beduka.com\/blog\/"},{"@type":"ListItem","position":2,"name":"O que \u00e9 Ambiguidade, seu conceitos, exemplos e diferen\u00e7as importantes!"}]},{"@type":"WebSite","@id":"https:\/\/beduka.com\/blog\/#website","url":"https:\/\/beduka.com\/blog\/","name":"Blog do Beduka | Mat\u00e9rias resumidas, Dicas e Exerc\u00edcios Enem","description":"O Blog do Beduka tem os conte\u00fados que mais caem no Enem, exerc\u00edcios de vestibular com gabarito, resumos, dicas e informa\u00e7\u00f5es Sisu, Prouni e Fies.Encontre dicas para o ENEM, resumos, exerc\u00edcios e informa\u00e7\u00f5es sobre os vestibulares. Acesse agora!","publisher":{"@id":"https:\/\/beduka.com\/blog\/#organization"},"potentialAction":[{"@type":"SearchAction","target":{"@type":"EntryPoint","urlTemplate":"https:\/\/beduka.com\/blog\/?s={search_term_string}"},"query-input":"required name=search_term_string"}],"inLanguage":"pt-BR"},{"@type":"Organization","@id":"https:\/\/beduka.com\/blog\/#organization","name":"Beduka","url":"https:\/\/beduka.com\/blog\/","logo":{"@type":"ImageObject","inLanguage":"pt-BR","@id":"https:\/\/beduka.com\/blog\/#\/schema\/logo\/image\/","url":"https:\/\/beduka.com\/blog\/wp-content\/uploads\/2020\/06\/marca-beduka.png","contentUrl":"https:\/\/beduka.com\/blog\/wp-content\/uploads\/2020\/06\/marca-beduka.png","width":1077,"height":368,"caption":"Beduka"},"image":{"@id":"https:\/\/beduka.com\/blog\/#\/schema\/logo\/image\/"},"sameAs":["https:\/\/www.facebook.com\/beduka.buscadordefaculdades\/","https:\/\/www.instagram.com\/beduka_oficial\/","https:\/\/www.linkedin.com\/company\/beduka","https:\/\/br.pinterest.com\/bedukaoficial\/","https:\/\/www.youtube.com\/beduka"]},{"@type":"Person","@id":"https:\/\/beduka.com\/blog\/#\/schema\/person\/325d912d2cb8dd9ede8ab291427d2b8a","name":"Reda\u00e7\u00e3o Beduka (a)","image":{"@type":"ImageObject","inLanguage":"pt-BR","@id":"https:\/\/beduka.com\/blog\/#\/schema\/person\/image\/","url":"https:\/\/secure.gravatar.com\/avatar\/6f58a181ef24e0dc0bb73f096aa0f8b5?s=96&d=mm&r=g","contentUrl":"https:\/\/secure.gravatar.com\/avatar\/6f58a181ef24e0dc0bb73f096aa0f8b5?s=96&d=mm&r=g","caption":"Reda\u00e7\u00e3o Beduka (a)"},"description":"Este conte\u00fado foi criado e validado por uma equipe multidisciplinar, formada por especialistas em cada \u00e1rea do conhecimento. O Beduka est\u00e1 presente no Instagram, YouTube, LinkedIn e em diversos outros ambientes digitais. O site foi criado em 2017 e, desde a sua funda\u00e7\u00e3o, atua para fornecer materiais de qualidade para facilitar a vida de estudantes de todo o Brasil, ajudando-os a se preparar para os principais vestibulares e o Enem.","sameAs":["https:\/\/www.facebook.com\/beduka.buscadordefaculdades","https:\/\/www.instagram.com\/beduka_oficial\/","https:\/\/br.pinterest.com\/bedukaoficial\/"],"url":"https:\/\/beduka.com\/blog\/author\/admin\/"}]}},"_links":{"self":[{"href":"https:\/\/beduka.com\/blog\/wp-json\/wp\/v2\/posts\/18704"}],"collection":[{"href":"https:\/\/beduka.com\/blog\/wp-json\/wp\/v2\/posts"}],"about":[{"href":"https:\/\/beduka.com\/blog\/wp-json\/wp\/v2\/types\/post"}],"author":[{"embeddable":true,"href":"https:\/\/beduka.com\/blog\/wp-json\/wp\/v2\/users\/1"}],"replies":[{"embeddable":true,"href":"https:\/\/beduka.com\/blog\/wp-json\/wp\/v2\/comments?post=18704"}],"version-history":[{"count":2,"href":"https:\/\/beduka.com\/blog\/wp-json\/wp\/v2\/posts\/18704\/revisions"}],"predecessor-version":[{"id":18710,"href":"https:\/\/beduka.com\/blog\/wp-json\/wp\/v2\/posts\/18704\/revisions\/18710"}],"wp:featuredmedia":[{"embeddable":true,"href":"https:\/\/beduka.com\/blog\/wp-json\/wp\/v2\/media\/18705"}],"wp:attachment":[{"href":"https:\/\/beduka.com\/blog\/wp-json\/wp\/v2\/media?parent=18704"}],"wp:term":[{"taxonomy":"category","embeddable":true,"href":"https:\/\/beduka.com\/blog\/wp-json\/wp\/v2\/categories?post=18704"},{"taxonomy":"post_tag","embeddable":true,"href":"https:\/\/beduka.com\/blog\/wp-json\/wp\/v2\/tags?post=18704"}],"curies":[{"name":"wp","href":"https:\/\/api.w.org\/{rel}","templated":true}]}}