{"id":18728,"date":"2020-11-10T08:34:32","date_gmt":"2020-11-10T11:34:32","guid":{"rendered":"https:\/\/beduka.com\/blog\/?p=18728"},"modified":"2020-11-10T08:34:34","modified_gmt":"2020-11-10T11:34:34","slug":"periodo-pre-colonial","status":"publish","type":"post","link":"https:\/\/beduka.com\/blog\/materias\/historia\/periodo-pre-colonial\/","title":{"rendered":"Resumo do Per\u00edodo pr\u00e9-colonial: antecedentes, caracter\u00edsticas e final!"},"content":{"rendered":"\n<p>O Per\u00edodo Pr\u00e9-Colonial come\u00e7a com a chegada dos portugueses ao Brasil em 1500. Ele vai at\u00e9 a implanta\u00e7\u00e3o das estruturas coloniais, como as capitanias heredit\u00e1rias em 1530. As duas principais marcas desse momento inicial s\u00e3o o escambo com os ind\u00edgenas e a explora\u00e7\u00e3o do pau-brasil.<br><\/p>\n\n\n\n<p><strong>Neste artigo sobre Per\u00edodo pr\u00e9-colonial, voc\u00ea encontrar\u00e1:<\/strong><br><\/p>\n\n\n\n<ol><li>Per\u00edodo pr\u00e9-colonial: antecedentes, contexto<\/li><li>Chegadas dos portugueses<\/li><li>Principais caracter\u00edsticas econ\u00f4micas e sociais<\/li><li>Fim do per\u00edodo e diferen\u00e7a da Coloniza\u00e7\u00e3o<\/li><\/ol>\n\n\n\n<ul><li>Estudando para as provas? Conhe\u00e7a nosso <a href=\"https:\/\/beduka.com\/blog\/dicas\/enem-dicas\/simulados-para-enem-online-e-gratuito\/\" target=\"_blank\" rel=\"noreferrer noopener\" aria-label=\" (abre numa nova aba)\">Simulado gratuito<\/a>, que pode ser personalizado com as mat\u00e9rias que voc\u00ea mais precisa!<\/li><\/ul>\n\n\n\n<h2 class=\"wp-block-heading\">Per\u00edodo pr\u00e9-colonial<\/h2>\n\n\n\n<p>O Per\u00edodo Pr\u00e9-Colonial \u00e9 aquele que <strong>se inicia com a chegada dos portugueses ao Brasil<\/strong> em 1500. Ele <strong>prevalece at\u00e9 1530, quando a Coloniza\u00e7\u00e3o \u00e9 implantada<\/strong> por meio da institui\u00e7\u00e3o de capitanias heredit\u00e1rias.<br><\/p>\n\n\n\n<p>Esse per\u00edodo foi marcado por ter <strong>atividades econ\u00f4micas bem espec\u00edficas<\/strong> de extra\u00e7\u00e3o do pau-brasil <strong>e novas rela\u00e7\u00f5es sociais <\/strong>com os ind\u00edgenas.&nbsp;<br><\/p>\n\n\n\n<p>Por\u00e9m, para entender como as coisas se desenrolaram e os seus detalhes, precisamos come\u00e7ar pelos antecedentes. Acompanhe:<\/p>\n\n\n\n<h3 class=\"wp-block-heading\">Antecedentes da chegada dos portugueses &#8211; Contexto hist\u00f3rico<\/h3>\n\n\n\n<p>A chegada dos portugueses ao Brasil ocorreu no s\u00e9culo XVI e s\u00f3 foi poss\u00edvel porque o contexto anterior era marcado pelo <strong>pioneirismo de Portugal<\/strong>. Isso significa que ela foi a primeira a se destacar em alguns aspectos da \u00e9poca.<br><\/p>\n\n\n\n<p>Estamos falando do in\u00edcio da Idade Moderna, onde ocorreu a <strong>forma\u00e7\u00e3o dos Estados Nacionais<\/strong> e a concentra\u00e7\u00e3o de<strong> poder nas m\u00e3os dos governantes<\/strong>. Portugal logo consolidou<strong> sua <\/strong><a href=\"https:\/\/beduka.com\/blog\/materias\/historia\/diferenca-entre-monarquia-e-republica\/\" target=\"_blank\" rel=\"noreferrer noopener\" aria-label=\" (abre numa nova aba)\">monarquia<\/a>, garantindo estabilidade para o Rei e a implanta\u00e7\u00e3o de seus projetos.\u00a0<br><\/p>\n\n\n\n<p>O Reino de Portugal conseguiu crescer e <strong>intensificar sua economia com o <\/strong><a href=\"https:\/\/beduka.com\/blog\/materias\/historia\/o-que-e-mercantilismo\/\">Mercantilismo<\/a>. Tamb\u00e9m se destacou no <strong>desenvolvimento das <\/strong><a href=\"https:\/\/beduka.com\/blog\/materias\/historia\/o-que-foram-as-grandes-navegacoes\/\" target=\"_blank\" rel=\"noreferrer noopener\" aria-label=\" (abre numa nova aba)\">grandes navega\u00e7\u00f5es<\/a>, por causa da sua <strong>posi\u00e7\u00e3o geogr\u00e1fica<\/strong> com litorais. Estava no sul da Europa, pr\u00f3ximo ao norte da \u00c1frica e com uma abertura para o Oriente.<br><\/p>\n\n\n\n<p>O <strong>poder econ\u00f4mico<\/strong> somado \u00e0s <strong>culturas que se misturavam<\/strong> no com\u00e9rcio de v\u00e1rios locais, fez com que ferramentas fossem criadas, como <strong>b\u00fassolas<\/strong>, e novas <strong>ilhas fossem descobertas. <\/strong>Al\u00e9m disso, os portugueses atravessaram o Cabo da Boa Esperan\u00e7a, no sul da \u00c1frica, em dire\u00e7\u00e3o \u00e0 \u00cdndia.&nbsp;<br><\/p>\n\n\n\n<p>Os espanh\u00f3is j\u00e1 tinham chegado \u00e0 Am\u00e9rica em 1492, mas n\u00e3o no territ\u00f3rio brasileiro. Diante das possibilidades econ\u00f4micas e do esp\u00edrito aventureiro, os portugueses acabaram por chegar ao Brasil.<\/p>\n\n\n\n<h3 class=\"wp-block-heading\">Chegada dos portugueses ao Brasil<\/h3>\n\n\n\n<div class=\"wp-block-image\"><figure class=\"aligncenter\"><img decoding=\"async\" loading=\"lazy\" width=\"600\" height=\"300\" src=\"https:\/\/beduka.com\/blog\/wp-content\/uploads\/2020\/11\/Chegada-dos-portuguess-ao-brasil.-navegavam-em-suas-caravelas-com-a-cruz-de-malta-nas-grandes-navega\u00e7oes.jpg\" alt=\"Chegada-dos-portuguess-ao-brasil.-navegavam-em-suas-caravelas-com-a-cruz-de-malta-nas-grandes-navega\u00e7oes\" class=\"wp-image-18733\" srcset=\"https:\/\/beduka.com\/blog\/wp-content\/uploads\/2020\/11\/Chegada-dos-portuguess-ao-brasil.-navegavam-em-suas-caravelas-com-a-cruz-de-malta-nas-grandes-navega\u00e7oes.jpg 600w, https:\/\/beduka.com\/blog\/wp-content\/uploads\/2020\/11\/Chegada-dos-portuguess-ao-brasil.-navegavam-em-suas-caravelas-com-a-cruz-de-malta-nas-grandes-navega\u00e7oes-300x150.jpg 300w, https:\/\/beduka.com\/blog\/wp-content\/uploads\/2020\/11\/Chegada-dos-portuguess-ao-brasil.-navegavam-em-suas-caravelas-com-a-cruz-de-malta-nas-grandes-navega\u00e7oes-320x160.jpg 320w\" sizes=\"(max-width: 600px) 100vw, 600px\" \/><\/figure><\/div>\n\n\n\n<p>A chegada dos portugueses ao Brasil foi por causa de uma expedi\u00e7\u00e3o liderada por Pedro \u00c1lvares Cabral. Ele comandou 13 caravelas que sa\u00edram de Lisboa no dia 9 de mar\u00e7o de 1500, e chegaram ao Brasil na regi\u00e3o de Porto Seguro, no dia 22 de abril de 1500.<br><\/p>\n\n\n\n<p>At\u00e9 hoje, os historiadores <strong>debatem sobre quais seriam as reais inten\u00e7\u00f5es<\/strong> de Cabral com essa expedi\u00e7\u00e3o. Alguns afirmam que ele realmente queria desviar-se do trajeto original (as \u00cdndias) e explorar a parte da Am\u00e9rica que os espanh\u00f3is ainda n\u00e3o tinham visto. Outros discordam dessa ideia e afirmam que sua rota foi desviada acidentalmente.<\/p>\n\n\n\n<h3 class=\"wp-block-heading\">Por que o per\u00edodo que vai de 1500 a 1530 \u00e9 conhecido como o per\u00edodo Pr\u00e9-colonial?<\/h3>\n\n\n\n<p><strong>\u201cPr\u00e9\u201d significa algo que vem antes<\/strong>, portanto, o nome nos indica que este per\u00edodo marca o primeiro momento <strong>desde a chegada ao Brasil at\u00e9 o territ\u00f3rio ser considerado uma col\u00f4nia.&nbsp;<\/strong><br><\/p>\n\n\n\n<p>Independente das motiva\u00e7\u00f5es de Cabral, \u00e9 fato que os portugueses chegaram em 1500. Essa chegada foi o marco do in\u00edcio do Per\u00edodo Pr\u00e9-colonial e, <strong>somente depois desse per\u00edodo, \u00e9 que as estruturas coloniais foram implantadas.&nbsp;<\/strong><br><\/p>\n\n\n\n<p>Assim, o per\u00edodo pr\u00e9-colonial chega ao fim para iniciar o per\u00edodo colonial. Vamos descobrir como as coisas funcionaram nesse primeiro momento:<\/p>\n\n\n\n<h2 class=\"wp-block-heading\">Quais as principais caracter\u00edsticas do Brasil Pr\u00e9-colonial?<\/h2>\n\n\n\n<p>O Per\u00edodo Pr\u00e9-colonial brasileiro inicialmente foi marcado por <strong>um certo desinteresse da parte da coroa<\/strong>. Eles estavam focados no com\u00e9rcio da \u00cdndia e na busca por metais preciosos (ouro e prata).&nbsp;<br><\/p>\n\n\n\n<p>N\u00e3o sabiam se as condi\u00e7\u00f5es do novo territ\u00f3rio eram vi\u00e1veis ou n\u00e3o, al\u00e9m de n\u00e3o terem achado nenhuma riqueza conhecida \u00e0 vista.<br><\/p>\n\n\n\n<p>No per\u00edodo de 1503 a 1505, Portugal deu autoridade a Fern\u00e3o de Noronha para explorar o Brasil e ver se algo era aproveit\u00e1vel. O rei Dom Manuel de Portugal batizou as terras descobertas como <strong>Santa Cruz.<\/strong> S\u00f3 em 1503 surge o nome Brasil, e veremos o motivo adiante!<\/p>\n\n\n\n<p>Nesses primeiro anos, os portugueses enviaram dois tipos de expedi\u00e7\u00f5es para as terras brasileiras:<\/p>\n\n\n\n<ul><li>Expedi\u00e7\u00f5es <strong>explorat\u00f3rias<\/strong>: tinha o objetivo de fazer o levantamento de poss\u00edveis riquezas, mapeamento do litoral&nbsp;<\/li><li>Expedi\u00e7\u00f5es de <strong>patrulha<\/strong>: eram respons\u00e1veis por fazer a prote\u00e7\u00e3o do territ\u00f3rio, como guardas-costas<\/li><\/ul>\n\n\n\n<p>Essas expedi\u00e7\u00f5es <strong>levaram ao desenvolvimento das principais caracter\u00edsticas<\/strong> do Brasil Pr\u00e9-colonial:<br><\/p>\n\n\n\n<ul><li>Pouco interesse da Coroa portuguesa<\/li><li>Explora\u00e7\u00e3o do Pau-brasil<\/li><li>Trabalho ind\u00edgena a partir do escambo<\/li><li>Constru\u00e7\u00e3o de Feitorias<\/li><\/ul>\n\n\n\n<h3 class=\"wp-block-heading\">O escambo com os ind\u00edgenas<\/h3>\n\n\n\n<div class=\"wp-block-image\"><figure class=\"aligncenter\"><img decoding=\"async\" loading=\"lazy\" width=\"600\" height=\"300\" src=\"https:\/\/beduka.com\/blog\/wp-content\/uploads\/2020\/11\/imagem-dos-portugueses-fazendo-escambo-ou-trocas-com-os-indigenas-no-litoral-brasileiro.jpg\" alt=\"imagem-dos-portugueses-fazendo-escambo-ou-trocas-com-os-indigenas-no-litoral-brasileiro\" class=\"wp-image-18734\" srcset=\"https:\/\/beduka.com\/blog\/wp-content\/uploads\/2020\/11\/imagem-dos-portugueses-fazendo-escambo-ou-trocas-com-os-indigenas-no-litoral-brasileiro.jpg 600w, https:\/\/beduka.com\/blog\/wp-content\/uploads\/2020\/11\/imagem-dos-portugueses-fazendo-escambo-ou-trocas-com-os-indigenas-no-litoral-brasileiro-300x150.jpg 300w, https:\/\/beduka.com\/blog\/wp-content\/uploads\/2020\/11\/imagem-dos-portugueses-fazendo-escambo-ou-trocas-com-os-indigenas-no-litoral-brasileiro-320x160.jpg 320w\" sizes=\"(max-width: 600px) 100vw, 600px\" \/><\/figure><\/div>\n\n\n\n<p>O primeiro impacto que os portugueses tiveram foi encontrar outros seres humanos. Houveram estranhamentos da parte de ambos os povos, inclusive alguns portugueses foram v\u00edtimas de canibalismo e antropofagia.&nbsp;<br><\/p>\n\n\n\n<p>Contudo, tamb\u00e9m houveram recep\u00e7\u00f5es pac\u00edficas. Alguns ind\u00edgenas viram nos portugueses a figura de poss\u00edveis aliados, uma vez que as tribos viviam em conflito entre si&nbsp;<br><\/p>\n\n\n\n<p>Os <strong>povos nativos<\/strong> andavam nus, n\u00e3o falavam a mesma l\u00edngua, tinham uma cultura completamente diferente e marcada por t\u00e9cnicas primitivas de ca\u00e7a e confec\u00e7\u00e3o de objetos.&nbsp; Mesmo assim, seus saberes eram valiosos porque <strong>s\u00f3 eles conheciam bem aquele territ\u00f3rio<\/strong>.&nbsp;<br><\/p>\n\n\n\n<p>Por isso, os portugueses logo tentaram estabelecer uma comunica\u00e7\u00e3o por meio das trocas de objetos. Os europeus ofertavam objetos que os nativos nunca tinham visto, como espelhos, j\u00f3ias e roupas. Em troca, os ind\u00edgenas ofereciam produtos da regi\u00e3o.<br><\/p>\n\n\n\n<p><strong>Essa troca \u00e9 chamada<\/strong> historicamente <strong>de escambo<\/strong> e foi adotada como <strong>pagamento do trabalho<\/strong> ind\u00edgena.<br><\/p>\n\n\n\n<p>Foi a\u00ed que <strong>descobriram um tipo de madeira<\/strong> tipicamente brasileira que possu\u00eda <strong>muitas aplica\u00e7\u00f5es comerciais <\/strong>para os portugueses.<\/p>\n\n\n\n<h3 class=\"wp-block-heading\">Qual era a atividade econ\u00f4mica de maior destaque praticada no per\u00edodo Pr\u00e9-colonial?<\/h3>\n\n\n\n<div class=\"wp-block-image\"><figure class=\"aligncenter\"><img decoding=\"async\" loading=\"lazy\" width=\"600\" height=\"300\" src=\"https:\/\/beduka.com\/blog\/wp-content\/uploads\/2020\/11\/arvore-movel-e-semente-do-pau-brasil.jpg\" alt=\"arvore-movel-e-semente-do-pau-brasil\" class=\"wp-image-18735\" srcset=\"https:\/\/beduka.com\/blog\/wp-content\/uploads\/2020\/11\/arvore-movel-e-semente-do-pau-brasil.jpg 600w, https:\/\/beduka.com\/blog\/wp-content\/uploads\/2020\/11\/arvore-movel-e-semente-do-pau-brasil-300x150.jpg 300w, https:\/\/beduka.com\/blog\/wp-content\/uploads\/2020\/11\/arvore-movel-e-semente-do-pau-brasil-320x160.jpg 320w\" sizes=\"(max-width: 600px) 100vw, 600px\" \/><\/figure><\/div>\n\n\n\n<p>A <strong>primeira atividade econ\u00f4mica <\/strong>foi a <strong>extra\u00e7\u00e3o do Pau-Brasil. <\/strong>Essa madeira nativa da mata atl\u00e2ntica tinha sementes e troncos de tonalidade avermelhada, semelhante a de uma brasa. Por causa disso, a madeira recebeu o nome de Pau-Brasil.&nbsp;<br><\/p>\n\n\n\n<p>O seu proveito econ\u00f4mico foi pela produ\u00e7\u00e3o de tinta e qualidade para confec\u00e7\u00e3o de mobili\u00e1rio. <strong>O territ\u00f3rio <\/strong>ficou t\u00e3o marcado por essa novidade, aos olhos dos europeus, que <strong>ganhou o nome de Brasil.&nbsp;<\/strong><br><\/p>\n\n\n\n<p>A explora\u00e7\u00e3o do Pau-Brasil j\u00e1 era feita pelos \u00edndios, por\u00e9m, apenas para fins de subsist\u00eancia (sobreviv\u00eancia di\u00e1ria).&nbsp;<br><\/p>\n\n\n\n<p>Os portugueses viram nessa mat\u00e9ria-prima um <strong>potencial comercial <\/strong>e <strong>utilizaram o trabalho ind\u00edgena<\/strong> para fazer sua extra\u00e7\u00e3o, visto que s\u00f3 eles sabiam como faz\u00ea-lo.&nbsp;<br><\/p>\n\n\n\n<p>Os ind\u00edgenas realizavam o corte e o transporte das toras da madeira at\u00e9 as feitorias e eram pagos com quinquilharias como ba\u00fas de metal, foices, etc. Relembrando: o <strong>trabalho era pago por meio do escambo.<\/strong><br><\/p>\n\n\n\n<p>Tamb\u00e9m havia <strong>outras atividades <\/strong>econ\u00f4micas <strong>secund\u00e1rias<\/strong>:<br><\/p>\n\n\n\n<ul><li><strong>Produ\u00e7\u00e3o de alimentos<\/strong> nativos ou importados bem adaptados (mandioca, uva, cana)<\/li><li>Constru\u00e7\u00e3o de <strong>feitorias <\/strong>que eram postos comerciais para armazenar as mercadorias a serem transportadas para a Europa<\/li><li><strong>Prote\u00e7\u00e3o do litoral<\/strong> com constru\u00e7\u00f5es <strong>portu\u00e1rias e navais<\/strong>, contra as invas\u00f5es de outras na\u00e7\u00f5es exploradoras<\/li><\/ul>\n\n\n\n<h2 class=\"wp-block-heading\">Fim do per\u00edodo Pr\u00e9 &#8211; colonial<\/h2>\n\n\n\n<div class=\"wp-block-image\"><figure class=\"aligncenter\"><img decoding=\"async\" loading=\"lazy\" width=\"600\" height=\"300\" src=\"https:\/\/beduka.com\/blog\/wp-content\/uploads\/2020\/11\/mapa-das-capitanias-hereditarias.jpg\" alt=\"mapa-das-capitanias-hereditarias\" class=\"wp-image-18736\" srcset=\"https:\/\/beduka.com\/blog\/wp-content\/uploads\/2020\/11\/mapa-das-capitanias-hereditarias.jpg 600w, https:\/\/beduka.com\/blog\/wp-content\/uploads\/2020\/11\/mapa-das-capitanias-hereditarias-300x150.jpg 300w, https:\/\/beduka.com\/blog\/wp-content\/uploads\/2020\/11\/mapa-das-capitanias-hereditarias-320x160.jpg 320w\" sizes=\"(max-width: 600px) 100vw, 600px\" \/><\/figure><\/div>\n\n\n\n<p>A partir de 1530, houve a <strong>diminui\u00e7\u00e3o do com\u00e9rcio portugu\u00eas com as \u00cdndias<\/strong>. Ao mesmo tempo, surgiam <strong>amea\u00e7as de invas\u00f5es estrangeiras e contrabando<\/strong> no Brasil, principalmente os franceses e holandeses.<\/p>\n\n\n\n<p>Esses fatores fizeram com que o rei de Portugal D. Jo\u00e3o III, <strong>mobilizasse uma efetiva coloniza\u00e7\u00e3o<\/strong> do Brasil. Em 1530, Martim Afonso de Souza parte com mais outras 50 embarca\u00e7\u00f5es repletas de pessoas, ferramentas e sementes para formar o Brasil Col\u00f4nia.<\/p>\n\n\n\n<p><strong>A partir de 1534<\/strong>, o <strong>territ\u00f3rio brasileiro foi dividido em quinze capitanias heredit\u00e1rias<\/strong>. Sua <strong>administra\u00e7\u00e3o foi entregue<\/strong> a pessoas da nobreza portuguesa, que deveriam desenvolver aquela terra para dar lucros.<br><\/p>\n\n\n\n<p>Esse foi o marco do in\u00edcio da <a href=\"https:\/\/beduka.com\/blog\/materias\/historia\/a-colonizacao-portuguesa-no-brasil\/\" target=\"_blank\" rel=\"noreferrer noopener\" aria-label=\" (abre numa nova aba)\">Coloniza\u00e7\u00e3o Brasileira.<\/a><\/p>\n\n\n\n<h2 class=\"wp-block-heading\">Como podemos diferenciar o per\u00edodo Colonial do per\u00edodo Pr\u00e9-colonial? &#8211; In\u00edcio da coloniza\u00e7\u00e3o no Brasil<\/h2>\n\n\n\n<p>O per\u00edodo pr\u00e9-colonial e o colonial <strong>s\u00e3o diferenciados principalmente pelas estruturas administrativas<\/strong>, al\u00e9m de altera\u00e7\u00f5es nas atividades econ\u00f4micas, sociais e data\u00e7\u00e3o hist\u00f3rica.<br><\/p>\n\n\n\n<p>Observe um <strong>resumo <\/strong>com as caracter\u00edsticas de ambos e veja as <strong>diferen\u00e7as entre eles:<\/strong><br><\/p>\n\n\n\n<ul><li>O Per\u00edodo <strong>Pr\u00e9-Colonial<\/strong> come\u00e7a na chegada dos portugueses em 1500. Essa fase foi marcada pelo <strong>escambo com ind\u00edgenas, extra\u00e7\u00e3o de pau-brasil, feitorias e pouca interfer\u00eancia da Coroa.<\/strong> Havia apenas<strong> planejamentos<\/strong> de ocupa\u00e7\u00e3o do territ\u00f3rio, n\u00e3o esfor\u00e7os para sua execu\u00e7\u00e3o.<\/li><\/ul>\n\n\n\n<ul><li>O Per\u00edodo <strong>Colonial <\/strong>iniciou-se com a <strong>implanta\u00e7\u00e3o do sistema de<\/strong> <a href=\"https:\/\/beduka.com\/blog\/materias\/historia\/a-colonizacao-portuguesa-no-brasil\/\" target=\"_blank\" rel=\"noreferrer noopener\" aria-label=\" (abre numa nova aba)\">capitanias heredit\u00e1rias<\/a>. Essa foi a primeira <strong>estrutura implantada da pol\u00edtica de coloniza\u00e7\u00e3o<\/strong> portuguesa, para <strong>executar a ocupa\u00e7\u00e3o <\/strong>do territ\u00f3rio. Portugal consolidou sua tutela e <strong>focou no Brasil.<\/strong><\/li><\/ul>\n\n\n\n<p>\u00c9 importante ressaltar que, al\u00e9m das diferen\u00e7as estruturais e administrativas, <strong>o trato amig\u00e1vel com ind\u00edgenas foi perdido com a coloniza\u00e7\u00e3o<\/strong>. Agora, com o total incentivo da coroa e busca \u00e1vida por riquezas, os colonizadores acabaram provocando:<\/p>\n\n\n\n<ul><li>Perda de territ\u00f3rios ind\u00edgenas<\/li><li>Mortes de nativos por doen\u00e7a e escraviza\u00e7\u00e3o<\/li><li>Repress\u00f5es culturais<\/li><\/ul>\n\n\n\n<p>Gostou do nosso artigo sobre Per\u00edodo pr\u00e9-colonial? Confira <strong>outros artigos <\/strong>do nosso blog e <strong>se prepare para o Enem<\/strong> da melhor maneira! Voc\u00ea tamb\u00e9m pode se organizar com o nosso <a href=\"https:\/\/beduka.com\/blog\/dicas\/enem-dicas\/plano-de-estudos-gratuito\/\" target=\"_blank\" rel=\"noreferrer noopener\" aria-label=\" (abre numa nova aba)\">plano de estudos<\/a>, o mais completo da internet, e o melhor: <strong>totalmente gratuito!<\/strong><\/p>\n\n\n\n<p>Queremos te ajudar a encontrar a FACULDADE IDEAL! Logo abaixo, fa\u00e7a uma pesquisa por curso e cidade que te mostraremos todas as faculdades que podem te atender. Informamos a nota de corte, valor de mensalidade, nota do MEC, avalia\u00e7\u00e3o dos alunos, modalidades de ensino e muito mais.<\/p>\n\n\n\n<p>Experimente agora!<br><\/p>\n","protected":false},"excerpt":{"rendered":"<p>O Per\u00edodo Pr\u00e9-Colonial come\u00e7a com a chegada dos portugueses ao Brasil em 1500. Ele vai at\u00e9 a implanta\u00e7\u00e3o das estruturas coloniais, como as capitanias heredit\u00e1rias em 1530. As duas principais marcas desse momento inicial s\u00e3o o escambo com os ind\u00edgenas e a explora\u00e7\u00e3o do pau-brasil. Neste artigo sobre Per\u00edodo pr\u00e9-colonial, voc\u00ea encontrar\u00e1: Per\u00edodo pr\u00e9-colonial: antecedentes, [&hellip;]<\/p>\n","protected":false},"author":1,"featured_media":18732,"comment_status":"open","ping_status":"closed","sticky":false,"template":"","format":"standard","meta":{"_mi_skip_tracking":false,"_monsterinsights_sitenote_active":false,"_monsterinsights_sitenote_note":"","_monsterinsights_sitenote_category":0},"categories":[491],"tags":[],"yoast_head":"<!-- This site is optimized with the Yoast SEO plugin v20.10 - https:\/\/yoast.com\/wordpress\/plugins\/seo\/ -->\n<title>Per\u00edodo pr\u00e9-colonial: Antecedentes, Caracter\u00edsticas e Como Terminou!<\/title>\n<meta name=\"description\" content=\"Resumo do Per\u00edodo pr\u00e9-colonial: contexto hist\u00f3rico, principais caracter\u00edsticas econ\u00f4micas e sociais, fim do per\u00edodo e in\u00edcio da coloniza\u00e7\u00e3o.\" \/>\n<meta name=\"robots\" content=\"index, follow, max-snippet:-1, max-image-preview:large, max-video-preview:-1\" \/>\n<link rel=\"canonical\" href=\"https:\/\/beduka.com\/blog\/materias\/historia\/periodo-pre-colonial\/\" \/>\n<meta property=\"og:locale\" content=\"pt_BR\" \/>\n<meta property=\"og:type\" content=\"article\" \/>\n<meta property=\"og:title\" content=\"Per\u00edodo pr\u00e9-colonial: Antecedentes, Caracter\u00edsticas e Como Terminou!\" \/>\n<meta property=\"og:description\" content=\"Resumo do Per\u00edodo pr\u00e9-colonial: contexto hist\u00f3rico, principais caracter\u00edsticas econ\u00f4micas e sociais, fim do per\u00edodo e in\u00edcio da coloniza\u00e7\u00e3o.\" \/>\n<meta property=\"og:url\" content=\"https:\/\/beduka.com\/blog\/materias\/historia\/periodo-pre-colonial\/\" \/>\n<meta property=\"og:site_name\" content=\"Blog do Beduka | Mat\u00e9rias resumidas, Dicas e Exerc\u00edcios Enem\" \/>\n<meta property=\"article:publisher\" content=\"https:\/\/www.facebook.com\/beduka.buscadordefaculdades\/\" \/>\n<meta property=\"article:author\" content=\"https:\/\/www.facebook.com\/beduka.buscadordefaculdades\" \/>\n<meta property=\"article:published_time\" content=\"2020-11-10T11:34:32+00:00\" \/>\n<meta property=\"article:modified_time\" content=\"2020-11-10T11:34:34+00:00\" \/>\n<meta property=\"og:image\" content=\"https:\/\/beduka.com\/blog\/wp-content\/uploads\/2020\/11\/Descubra-como-foi-o-Per\u00edodo-Pr\u00e9-Colonial.jpg\" \/>\n\t<meta property=\"og:image:width\" content=\"600\" \/>\n\t<meta property=\"og:image:height\" content=\"300\" \/>\n\t<meta property=\"og:image:type\" content=\"image\/jpeg\" \/>\n<meta name=\"author\" content=\"Reda\u00e7\u00e3o Beduka (a)\" \/>\n<meta name=\"twitter:card\" content=\"summary_large_image\" \/>\n<meta name=\"twitter:label1\" content=\"Escrito por\" \/>\n\t<meta name=\"twitter:data1\" content=\"Reda\u00e7\u00e3o Beduka (a)\" \/>\n\t<meta name=\"twitter:label2\" content=\"Est. tempo de leitura\" \/>\n\t<meta name=\"twitter:data2\" content=\"9 minutos\" \/>\n<script type=\"application\/ld+json\" class=\"yoast-schema-graph\">{\"@context\":\"https:\/\/schema.org\",\"@graph\":[{\"@type\":\"Article\",\"@id\":\"https:\/\/beduka.com\/blog\/materias\/historia\/periodo-pre-colonial\/#article\",\"isPartOf\":{\"@id\":\"https:\/\/beduka.com\/blog\/materias\/historia\/periodo-pre-colonial\/\"},\"author\":{\"name\":\"Reda\u00e7\u00e3o Beduka (a)\",\"@id\":\"https:\/\/beduka.com\/blog\/#\/schema\/person\/325d912d2cb8dd9ede8ab291427d2b8a\"},\"headline\":\"Resumo do Per\u00edodo pr\u00e9-colonial: antecedentes, caracter\u00edsticas e final!\",\"datePublished\":\"2020-11-10T11:34:32+00:00\",\"dateModified\":\"2020-11-10T11:34:34+00:00\",\"mainEntityOfPage\":{\"@id\":\"https:\/\/beduka.com\/blog\/materias\/historia\/periodo-pre-colonial\/\"},\"wordCount\":1737,\"commentCount\":0,\"publisher\":{\"@id\":\"https:\/\/beduka.com\/blog\/#organization\"},\"articleSection\":[\"Hist\u00f3ria\"],\"inLanguage\":\"pt-BR\",\"potentialAction\":[{\"@type\":\"CommentAction\",\"name\":\"Comment\",\"target\":[\"https:\/\/beduka.com\/blog\/materias\/historia\/periodo-pre-colonial\/#respond\"]}]},{\"@type\":\"WebPage\",\"@id\":\"https:\/\/beduka.com\/blog\/materias\/historia\/periodo-pre-colonial\/\",\"url\":\"https:\/\/beduka.com\/blog\/materias\/historia\/periodo-pre-colonial\/\",\"name\":\"Per\u00edodo pr\u00e9-colonial: Antecedentes, Caracter\u00edsticas e Como Terminou!\",\"isPartOf\":{\"@id\":\"https:\/\/beduka.com\/blog\/#website\"},\"datePublished\":\"2020-11-10T11:34:32+00:00\",\"dateModified\":\"2020-11-10T11:34:34+00:00\",\"description\":\"Resumo do Per\u00edodo pr\u00e9-colonial: contexto hist\u00f3rico, principais caracter\u00edsticas econ\u00f4micas e sociais, fim do per\u00edodo e in\u00edcio da coloniza\u00e7\u00e3o.\",\"breadcrumb\":{\"@id\":\"https:\/\/beduka.com\/blog\/materias\/historia\/periodo-pre-colonial\/#breadcrumb\"},\"inLanguage\":\"pt-BR\",\"potentialAction\":[{\"@type\":\"ReadAction\",\"target\":[\"https:\/\/beduka.com\/blog\/materias\/historia\/periodo-pre-colonial\/\"]}]},{\"@type\":\"BreadcrumbList\",\"@id\":\"https:\/\/beduka.com\/blog\/materias\/historia\/periodo-pre-colonial\/#breadcrumb\",\"itemListElement\":[{\"@type\":\"ListItem\",\"position\":1,\"name\":\"Home\",\"item\":\"https:\/\/beduka.com\/blog\/\"},{\"@type\":\"ListItem\",\"position\":2,\"name\":\"Resumo do Per\u00edodo pr\u00e9-colonial: antecedentes, caracter\u00edsticas e final!\"}]},{\"@type\":\"WebSite\",\"@id\":\"https:\/\/beduka.com\/blog\/#website\",\"url\":\"https:\/\/beduka.com\/blog\/\",\"name\":\"Blog do Beduka | Mat\u00e9rias resumidas, Dicas e Exerc\u00edcios Enem\",\"description\":\"O Blog do Beduka tem os conte\u00fados que mais caem no Enem, exerc\u00edcios de vestibular com gabarito, resumos, dicas e informa\u00e7\u00f5es Sisu, Prouni e Fies.Encontre dicas para o ENEM, resumos, exerc\u00edcios e informa\u00e7\u00f5es sobre os vestibulares. Acesse agora!\",\"publisher\":{\"@id\":\"https:\/\/beduka.com\/blog\/#organization\"},\"potentialAction\":[{\"@type\":\"SearchAction\",\"target\":{\"@type\":\"EntryPoint\",\"urlTemplate\":\"https:\/\/beduka.com\/blog\/?s={search_term_string}\"},\"query-input\":\"required name=search_term_string\"}],\"inLanguage\":\"pt-BR\"},{\"@type\":\"Organization\",\"@id\":\"https:\/\/beduka.com\/blog\/#organization\",\"name\":\"Beduka\",\"url\":\"https:\/\/beduka.com\/blog\/\",\"logo\":{\"@type\":\"ImageObject\",\"inLanguage\":\"pt-BR\",\"@id\":\"https:\/\/beduka.com\/blog\/#\/schema\/logo\/image\/\",\"url\":\"https:\/\/beduka.com\/blog\/wp-content\/uploads\/2020\/06\/marca-beduka.png\",\"contentUrl\":\"https:\/\/beduka.com\/blog\/wp-content\/uploads\/2020\/06\/marca-beduka.png\",\"width\":1077,\"height\":368,\"caption\":\"Beduka\"},\"image\":{\"@id\":\"https:\/\/beduka.com\/blog\/#\/schema\/logo\/image\/\"},\"sameAs\":[\"https:\/\/www.facebook.com\/beduka.buscadordefaculdades\/\",\"https:\/\/www.instagram.com\/beduka_oficial\/\",\"https:\/\/www.linkedin.com\/company\/beduka\",\"https:\/\/br.pinterest.com\/bedukaoficial\/\",\"https:\/\/www.youtube.com\/beduka\"]},{\"@type\":\"Person\",\"@id\":\"https:\/\/beduka.com\/blog\/#\/schema\/person\/325d912d2cb8dd9ede8ab291427d2b8a\",\"name\":\"Reda\u00e7\u00e3o Beduka (a)\",\"image\":{\"@type\":\"ImageObject\",\"inLanguage\":\"pt-BR\",\"@id\":\"https:\/\/beduka.com\/blog\/#\/schema\/person\/image\/\",\"url\":\"https:\/\/secure.gravatar.com\/avatar\/6f58a181ef24e0dc0bb73f096aa0f8b5?s=96&d=mm&r=g\",\"contentUrl\":\"https:\/\/secure.gravatar.com\/avatar\/6f58a181ef24e0dc0bb73f096aa0f8b5?s=96&d=mm&r=g\",\"caption\":\"Reda\u00e7\u00e3o Beduka (a)\"},\"description\":\"Este conte\u00fado foi criado e validado por uma equipe multidisciplinar, formada por especialistas em cada \u00e1rea do conhecimento. O Beduka est\u00e1 presente no Instagram, YouTube, LinkedIn e em diversos outros ambientes digitais. O site foi criado em 2017 e, desde a sua funda\u00e7\u00e3o, atua para fornecer materiais de qualidade para facilitar a vida de estudantes de todo o Brasil, ajudando-os a se preparar para os principais vestibulares e o Enem.\",\"sameAs\":[\"https:\/\/www.facebook.com\/beduka.buscadordefaculdades\",\"https:\/\/www.instagram.com\/beduka_oficial\/\",\"https:\/\/br.pinterest.com\/bedukaoficial\/\"],\"url\":\"https:\/\/beduka.com\/blog\/author\/admin\/\"}]}<\/script>\n<!-- \/ Yoast SEO plugin. -->","yoast_head_json":{"title":"Per\u00edodo pr\u00e9-colonial: Antecedentes, Caracter\u00edsticas e Como Terminou!","description":"Resumo do Per\u00edodo pr\u00e9-colonial: contexto hist\u00f3rico, principais caracter\u00edsticas econ\u00f4micas e sociais, fim do per\u00edodo e in\u00edcio da coloniza\u00e7\u00e3o.","robots":{"index":"index","follow":"follow","max-snippet":"max-snippet:-1","max-image-preview":"max-image-preview:large","max-video-preview":"max-video-preview:-1"},"canonical":"https:\/\/beduka.com\/blog\/materias\/historia\/periodo-pre-colonial\/","og_locale":"pt_BR","og_type":"article","og_title":"Per\u00edodo pr\u00e9-colonial: Antecedentes, Caracter\u00edsticas e Como Terminou!","og_description":"Resumo do Per\u00edodo pr\u00e9-colonial: contexto hist\u00f3rico, principais caracter\u00edsticas econ\u00f4micas e sociais, fim do per\u00edodo e in\u00edcio da coloniza\u00e7\u00e3o.","og_url":"https:\/\/beduka.com\/blog\/materias\/historia\/periodo-pre-colonial\/","og_site_name":"Blog do Beduka | Mat\u00e9rias resumidas, Dicas e Exerc\u00edcios Enem","article_publisher":"https:\/\/www.facebook.com\/beduka.buscadordefaculdades\/","article_author":"https:\/\/www.facebook.com\/beduka.buscadordefaculdades","article_published_time":"2020-11-10T11:34:32+00:00","article_modified_time":"2020-11-10T11:34:34+00:00","og_image":[{"width":600,"height":300,"url":"https:\/\/beduka.com\/blog\/wp-content\/uploads\/2020\/11\/Descubra-como-foi-o-Per\u00edodo-Pr\u00e9-Colonial.jpg","type":"image\/jpeg"}],"author":"Reda\u00e7\u00e3o Beduka (a)","twitter_card":"summary_large_image","twitter_misc":{"Escrito por":"Reda\u00e7\u00e3o Beduka (a)","Est. tempo de leitura":"9 minutos"},"schema":{"@context":"https:\/\/schema.org","@graph":[{"@type":"Article","@id":"https:\/\/beduka.com\/blog\/materias\/historia\/periodo-pre-colonial\/#article","isPartOf":{"@id":"https:\/\/beduka.com\/blog\/materias\/historia\/periodo-pre-colonial\/"},"author":{"name":"Reda\u00e7\u00e3o Beduka (a)","@id":"https:\/\/beduka.com\/blog\/#\/schema\/person\/325d912d2cb8dd9ede8ab291427d2b8a"},"headline":"Resumo do Per\u00edodo pr\u00e9-colonial: antecedentes, caracter\u00edsticas e final!","datePublished":"2020-11-10T11:34:32+00:00","dateModified":"2020-11-10T11:34:34+00:00","mainEntityOfPage":{"@id":"https:\/\/beduka.com\/blog\/materias\/historia\/periodo-pre-colonial\/"},"wordCount":1737,"commentCount":0,"publisher":{"@id":"https:\/\/beduka.com\/blog\/#organization"},"articleSection":["Hist\u00f3ria"],"inLanguage":"pt-BR","potentialAction":[{"@type":"CommentAction","name":"Comment","target":["https:\/\/beduka.com\/blog\/materias\/historia\/periodo-pre-colonial\/#respond"]}]},{"@type":"WebPage","@id":"https:\/\/beduka.com\/blog\/materias\/historia\/periodo-pre-colonial\/","url":"https:\/\/beduka.com\/blog\/materias\/historia\/periodo-pre-colonial\/","name":"Per\u00edodo pr\u00e9-colonial: Antecedentes, Caracter\u00edsticas e Como Terminou!","isPartOf":{"@id":"https:\/\/beduka.com\/blog\/#website"},"datePublished":"2020-11-10T11:34:32+00:00","dateModified":"2020-11-10T11:34:34+00:00","description":"Resumo do Per\u00edodo pr\u00e9-colonial: contexto hist\u00f3rico, principais caracter\u00edsticas econ\u00f4micas e sociais, fim do per\u00edodo e in\u00edcio da coloniza\u00e7\u00e3o.","breadcrumb":{"@id":"https:\/\/beduka.com\/blog\/materias\/historia\/periodo-pre-colonial\/#breadcrumb"},"inLanguage":"pt-BR","potentialAction":[{"@type":"ReadAction","target":["https:\/\/beduka.com\/blog\/materias\/historia\/periodo-pre-colonial\/"]}]},{"@type":"BreadcrumbList","@id":"https:\/\/beduka.com\/blog\/materias\/historia\/periodo-pre-colonial\/#breadcrumb","itemListElement":[{"@type":"ListItem","position":1,"name":"Home","item":"https:\/\/beduka.com\/blog\/"},{"@type":"ListItem","position":2,"name":"Resumo do Per\u00edodo pr\u00e9-colonial: antecedentes, caracter\u00edsticas e final!"}]},{"@type":"WebSite","@id":"https:\/\/beduka.com\/blog\/#website","url":"https:\/\/beduka.com\/blog\/","name":"Blog do Beduka | Mat\u00e9rias resumidas, Dicas e Exerc\u00edcios Enem","description":"O Blog do Beduka tem os conte\u00fados que mais caem no Enem, exerc\u00edcios de vestibular com gabarito, resumos, dicas e informa\u00e7\u00f5es Sisu, Prouni e Fies.Encontre dicas para o ENEM, resumos, exerc\u00edcios e informa\u00e7\u00f5es sobre os vestibulares. Acesse agora!","publisher":{"@id":"https:\/\/beduka.com\/blog\/#organization"},"potentialAction":[{"@type":"SearchAction","target":{"@type":"EntryPoint","urlTemplate":"https:\/\/beduka.com\/blog\/?s={search_term_string}"},"query-input":"required name=search_term_string"}],"inLanguage":"pt-BR"},{"@type":"Organization","@id":"https:\/\/beduka.com\/blog\/#organization","name":"Beduka","url":"https:\/\/beduka.com\/blog\/","logo":{"@type":"ImageObject","inLanguage":"pt-BR","@id":"https:\/\/beduka.com\/blog\/#\/schema\/logo\/image\/","url":"https:\/\/beduka.com\/blog\/wp-content\/uploads\/2020\/06\/marca-beduka.png","contentUrl":"https:\/\/beduka.com\/blog\/wp-content\/uploads\/2020\/06\/marca-beduka.png","width":1077,"height":368,"caption":"Beduka"},"image":{"@id":"https:\/\/beduka.com\/blog\/#\/schema\/logo\/image\/"},"sameAs":["https:\/\/www.facebook.com\/beduka.buscadordefaculdades\/","https:\/\/www.instagram.com\/beduka_oficial\/","https:\/\/www.linkedin.com\/company\/beduka","https:\/\/br.pinterest.com\/bedukaoficial\/","https:\/\/www.youtube.com\/beduka"]},{"@type":"Person","@id":"https:\/\/beduka.com\/blog\/#\/schema\/person\/325d912d2cb8dd9ede8ab291427d2b8a","name":"Reda\u00e7\u00e3o Beduka (a)","image":{"@type":"ImageObject","inLanguage":"pt-BR","@id":"https:\/\/beduka.com\/blog\/#\/schema\/person\/image\/","url":"https:\/\/secure.gravatar.com\/avatar\/6f58a181ef24e0dc0bb73f096aa0f8b5?s=96&d=mm&r=g","contentUrl":"https:\/\/secure.gravatar.com\/avatar\/6f58a181ef24e0dc0bb73f096aa0f8b5?s=96&d=mm&r=g","caption":"Reda\u00e7\u00e3o Beduka (a)"},"description":"Este conte\u00fado foi criado e validado por uma equipe multidisciplinar, formada por especialistas em cada \u00e1rea do conhecimento. O Beduka est\u00e1 presente no Instagram, YouTube, LinkedIn e em diversos outros ambientes digitais. O site foi criado em 2017 e, desde a sua funda\u00e7\u00e3o, atua para fornecer materiais de qualidade para facilitar a vida de estudantes de todo o Brasil, ajudando-os a se preparar para os principais vestibulares e o Enem.","sameAs":["https:\/\/www.facebook.com\/beduka.buscadordefaculdades","https:\/\/www.instagram.com\/beduka_oficial\/","https:\/\/br.pinterest.com\/bedukaoficial\/"],"url":"https:\/\/beduka.com\/blog\/author\/admin\/"}]}},"_links":{"self":[{"href":"https:\/\/beduka.com\/blog\/wp-json\/wp\/v2\/posts\/18728"}],"collection":[{"href":"https:\/\/beduka.com\/blog\/wp-json\/wp\/v2\/posts"}],"about":[{"href":"https:\/\/beduka.com\/blog\/wp-json\/wp\/v2\/types\/post"}],"author":[{"embeddable":true,"href":"https:\/\/beduka.com\/blog\/wp-json\/wp\/v2\/users\/1"}],"replies":[{"embeddable":true,"href":"https:\/\/beduka.com\/blog\/wp-json\/wp\/v2\/comments?post=18728"}],"version-history":[{"count":1,"href":"https:\/\/beduka.com\/blog\/wp-json\/wp\/v2\/posts\/18728\/revisions"}],"predecessor-version":[{"id":18737,"href":"https:\/\/beduka.com\/blog\/wp-json\/wp\/v2\/posts\/18728\/revisions\/18737"}],"wp:featuredmedia":[{"embeddable":true,"href":"https:\/\/beduka.com\/blog\/wp-json\/wp\/v2\/media\/18732"}],"wp:attachment":[{"href":"https:\/\/beduka.com\/blog\/wp-json\/wp\/v2\/media?parent=18728"}],"wp:term":[{"taxonomy":"category","embeddable":true,"href":"https:\/\/beduka.com\/blog\/wp-json\/wp\/v2\/categories?post=18728"},{"taxonomy":"post_tag","embeddable":true,"href":"https:\/\/beduka.com\/blog\/wp-json\/wp\/v2\/tags?post=18728"}],"curies":[{"name":"wp","href":"https:\/\/api.w.org\/{rel}","templated":true}]}}