{"id":18791,"date":"2020-11-12T17:35:38","date_gmt":"2020-11-12T20:35:38","guid":{"rendered":"https:\/\/beduka.com\/blog\/?p=18791"},"modified":"2023-04-03T17:12:38","modified_gmt":"2023-04-03T20:12:38","slug":"exercicios-sobre-brasil-colonia","status":"publish","type":"post","link":"https:\/\/beduka.com\/blog\/exercicios\/historia-exercicios\/exercicios-sobre-brasil-colonia\/","title":{"rendered":"Exerc\u00edcios sobre Brasil Col\u00f4nia com Gabarito"},"content":{"rendered":"\n<blockquote class=\"wp-block-quote\"><p><strong><em>O Per\u00edodo Colonial come\u00e7ou em 1534 quando Portugal passou a investir no processo de moderniza\u00e7\u00e3o e controle do territ\u00f3rio brasileiro e encerrou-se em 1808 com a Chegada da Corte Portuguesa. Ele recebe esse nome por ter sido o momento onde o Brasil tinha uma posi\u00e7\u00e3o de col\u00f4nia perante \u00e0 metr\u00f3pole portuguesa. Leia nosso resumo e coloque seu conhecimento em pr\u00e1tica com Os 10 melhores Exerc\u00edcios sobre Brasil Col\u00f4nia.<\/em><\/strong><\/p><\/blockquote>\n\n\n\n<p>Quando voc\u00ea terminar os<strong> Exerc\u00edcios sobre Brasil Col\u00f4nia<\/strong>, coloque em pr\u00e1tica todo seu conhecimento com <a rel=\"noreferrer noopener\" aria-label=\" (abre numa nova aba)\" href=\"https:\/\/beduka.com\/simulado-enem\/#\/\" target=\"_blank\">O Melhor Simulado Enem do Brasil. <\/a><\/p>\n\n\n\n<p>Ap\u00f3s o <a href=\"https:\/\/beduka.com\/blog\/materias\/historia\/periodo-pre-colonial\/\">Per\u00edodo Pr\u00e9-Co<\/a><a href=\"https:\/\/beduka.com\/blog\/materias\/historia\/periodo-pre-colonial\/\" target=\"_blank\" rel=\"noreferrer noopener\" aria-label=\"l (abre numa nova aba)\">l<\/a><a href=\"https:\/\/beduka.com\/blog\/materias\/historia\/periodo-pre-colonial\/\">onial<\/a>, <strong>o Imp\u00e9rio Portugu\u00eas come\u00e7ou a investir mais recursos no Brasil.&nbsp;<\/strong><\/p>\n\n\n\n<p>Esse aumento da presen\u00e7a europeia em terras brasileiras <strong>\u00e9 o que d\u00e1 in\u00edcio ao Per\u00edodo Colonial.<\/strong><\/p>\n\n\n\n<p>Levando em considera\u00e7\u00e3o a divis\u00e3o de nossa hist\u00f3ria, esse \u00e9 o per\u00edodo que durou mais tempo. Por isso, \u00e9 muito importante saber que <strong>os momentos da Col\u00f4nia s\u00e3o muito diferentes entre si.<\/strong><\/p>\n\n\n\n<p>Em determinados per\u00edodos predominou o ouro na economia, em outros, o a\u00e7\u00facar. No in\u00edcio, a principal m\u00e3o de obra era a ind\u00edgena, depois passou a ser a africana.&nbsp;<\/p>\n\n\n\n<p>Parece complexo, mas vamos tentar simplificar. Leia nosso resumo e fa\u00e7a os exerc\u00edcios selecionados para voc\u00ea!<\/p>\n\n\n\n<ul><li><strong>\u201cAh, mas eu quero saber ainda mais!\u201d<\/strong> Bem, nesse caso escrevemos um resumo ainda mais completo: <a href=\"https:\/\/beduka.com\/blog\/materias\/historia\/brasil-colonia\/\" target=\"_blank\" rel=\"noreferrer noopener\" aria-label=\" (abre numa nova aba)\">Brasil Col\u00f4nia (RESUMO)<\/a>.<\/li><\/ul>\n\n\n\n<h2 class=\"wp-block-heading\">O que foi o Per\u00edodo Colonial?<\/h2>\n\n\n\n<p><strong>O Per\u00edodo Colonial come\u00e7ou em 1534 quando Portugal passou a investir no processo de moderniza\u00e7\u00e3o e controle do territ\u00f3rio brasileiro e encerrou-se em 1808 com a Chegada da Corte Portuguesa.<\/strong> Ele recebeu esse nome por ter sido o momento onde o Brasil tinha uma posi\u00e7\u00e3o de col\u00f4nia perante \u00e0 metr\u00f3pole portuguesa.<\/p>\n\n\n\n<p><strong>A partir da chegada dos portugueses no Brasil<\/strong>, houve um momento de pouco interesse da metr\u00f3pole aqui. Esse per\u00edodo \u00e9 conhecido como Per\u00edodo Pr\u00e9-Colonial.<\/p>\n\n\n\n<p>Por\u00e9m, em 1534, com medo das amea\u00e7as de invas\u00f5es externas, <strong>Portugal passou a dividir o territ\u00f3rio brasileiro em Capitanias Heredit\u00e1rias<\/strong> no objetivo de ocup\u00e1-lo.<\/p>\n\n\n\n<p>Eram 15 capitanias que foram doadas para administradores denominados de <strong>capit\u00e3es donat\u00e1rios<\/strong>. Muitos deles sequer chegaram a visitar o Brasil para conhecer o lugar do qual eram donos.<\/p>\n\n\n\n<p>\u00c9 claro que por essa aus\u00eancia de interesse, <strong>as capitanias heredit\u00e1rias come\u00e7aram a ficar abandonadas e terem pouco controle do rei portugu\u00eas<\/strong>, visando solucionar isso, institu\u00edram o Governo Geral.<\/p>\n\n\n\n<p><strong>O Governo Geral foi uma estrat\u00e9gia aplicada para centralizar o comando do Brasil <\/strong>na m\u00e3o de um administrador chamado de Governador Geral, sendo Tom\u00e9 de Souza o primeiro deles.<\/p>\n\n\n\n<ul><li><strong>Quer saber tudo sobre o Per\u00edodo Pr\u00e9-Colonial? <\/strong>Fa\u00e7a <a href=\"https:\/\/beduka.com\/blog\/exercicios\/exercicios-de-periodo-pre-colonial\/\" target=\"_blank\" rel=\"noreferrer noopener\" aria-label=\" (abre numa nova aba)\">Os 12 Melhores Exerc\u00edcios de Per\u00edodo Pr\u00e9-Colonial<\/a>.<\/li><\/ul>\n\n\n\n<h2 class=\"wp-block-heading\">Expans\u00e3o Territorial<\/h2>\n\n\n\n<p>Sabe aquela express\u00e3o de \u201ceu lembro quando tudo aqui era mato\u201d, pois bem, assim era a maior parte do Brasil. Mesmo com v\u00e1rios povos ind\u00edgenas habitando, o territ\u00f3rio brasileiro era dominado por mata fechada e zonas desconhecidas.<\/p>\n\n\n\n<p><strong>Existiram dois grupos que desbravaram esse pa\u00eds: <\/strong>os jesu\u00edtas e os bandeirantes.<\/p>\n\n\n<div class=\"wp-block-image\">\n<figure class=\"aligncenter\"><img decoding=\"async\" loading=\"lazy\" width=\"600\" height=\"300\" src=\"https:\/\/beduka.com\/blog\/wp-content\/uploads\/2020\/11\/jesuitas-Bandeirantes.jpg\" alt=\"Bandeirantes e Jesu\u00edtas\" class=\"wp-image-18793\" srcset=\"https:\/\/beduka.com\/blog\/wp-content\/uploads\/2020\/11\/jesuitas-Bandeirantes.jpg 600w, https:\/\/beduka.com\/blog\/wp-content\/uploads\/2020\/11\/jesuitas-Bandeirantes-300x150.jpg 300w, https:\/\/beduka.com\/blog\/wp-content\/uploads\/2020\/11\/jesuitas-Bandeirantes-320x160.jpg 320w\" sizes=\"(max-width: 600px) 100vw, 600px\" \/><\/figure><\/div>\n\n\n<p>Conhecendo melhor o territ\u00f3rio, foi-se descobrindo riquezas que atra\u00edram europeus dos mais diversos grupos. Riquezas como:<\/p>\n\n\n\n<ul><li>Drogas do Sert\u00e3o (baunilha, guaran\u00e1, castanha do Par\u00e1 e etc.);<\/li><li>Minera\u00e7\u00e3o;<\/li><li>Pecu\u00e1ria.<\/li><li>Agricultura.<\/li><\/ul>\n\n\n\n<p><strong>Dois produtos se destacaram formando o que muitos chamam de \u201cciclos econ\u00f4micos<\/strong>\u201d, ou seja, momentos econ\u00f4micos onde existe um claro protagonismo de determinados produtos.<\/p>\n\n\n\n<h3 class=\"wp-block-heading\">O que foi o Ciclo do A\u00e7\u00facar?<\/h3>\n\n\n\n<p>O mundo j\u00e1 conhecia o sabor doce, mas n\u00e3o da forma que o a\u00e7\u00facar trouxe. A verdade \u00e9 que at\u00e9 o s\u00e9culo XVI, <strong>o a\u00e7\u00facar era considerado um bem de pessoas muito ricas e a popula\u00e7\u00e3o quase n\u00e3o conhecia o seu sabor.<\/strong><\/p>\n\n\n<div class=\"wp-block-image\">\n<figure class=\"aligncenter\"><img decoding=\"async\" loading=\"lazy\" width=\"600\" height=\"300\" src=\"https:\/\/beduka.com\/blog\/wp-content\/uploads\/2020\/11\/cana.jpg\" alt=\"Cana-de-a\u00e7\u00facar\" class=\"wp-image-18794\" srcset=\"https:\/\/beduka.com\/blog\/wp-content\/uploads\/2020\/11\/cana.jpg 600w, https:\/\/beduka.com\/blog\/wp-content\/uploads\/2020\/11\/cana-300x150.jpg 300w, https:\/\/beduka.com\/blog\/wp-content\/uploads\/2020\/11\/cana-320x160.jpg 320w\" sizes=\"(max-width: 600px) 100vw, 600px\" \/><figcaption>Cana-de-a\u00e7\u00facar<\/figcaption><\/figure><\/div>\n\n\n<p>Quem quisesse sentir o doce deveria buscar em outras fontes (mel, flores e etc).<\/p>\n\n\n\n<p><strong>Em 1532, Martim Afonso de Sousa plantou as primeiras mudas no Brasil. <\/strong>Foi impressionante o quanto o solo brasileiro aceitou bem a cana-de-a\u00e7\u00facar.<\/p>\n\n\n\n<p>A partir da\u00ed, come\u00e7aram a se formar os Engenhos de A\u00e7\u00facar, sendo o primeiro deles o Engenho do Governador.<\/p>\n\n\n\n<p><strong>Com a maior oferta de a\u00e7\u00facar, a popula\u00e7\u00e3o europeia come\u00e7ou a consumi-lo.<\/strong> O gosto por ele foi imediato e passou a ser um produto desejado em todo o mundo.<\/p>\n\n\n\n<p>Com a demanda, a produ\u00e7\u00e3o cresceu e veio uma grande quantidade de riqueza com a exporta\u00e7\u00e3o. Carentes de m\u00e3o de obra, e agora com muito dinheiro no bolso, <strong>os senhores de engenho come\u00e7aram a investir em uma m\u00e3o de obra mais cara que a ind\u00edgiena: o escravo africano.<\/strong><\/p>\n\n\n\n<p>Na segunda metade do s\u00e9culo XVII, a quantidade de escravos negros j\u00e1 era superior \u00e0 quantidade de ind\u00edgenas trabalhando. E o Brasil j\u00e1 figurava, ao lado do Caribe, como o centro escravista da Am\u00e9rica.<\/p>\n\n\n\n<h3 class=\"wp-block-heading\">A Escravid\u00e3o no Brasil<\/h3>\n\n\n\n<p><strong>A escravid\u00e3o foi uma complexa institui\u00e7\u00e3o brasileira.<\/strong> Assim como tudo na hist\u00f3ria, ela portou-se de diferentes formas a depender do ano em que analisamos.<\/p>\n\n\n\n<p>Sabe-se que at\u00e9 a aboli\u00e7\u00e3o do tr\u00e1fico em 1850, mais de 12 milh\u00f5es de escravos foram traficados para a Am\u00e9rica e um pouco menos da metade deles para o Brasil.<\/p>\n\n\n\n<p>Ou seja, o nosso pa\u00eds teve a escravid\u00e3o como parte de sua hist\u00f3ria e foi um dos maiores centros escravistas do Ocidente.<\/p>\n\n\n\n<p>Os escravos eram posses de seus senhores, que os compravam de outros engenhos ou de traficantes.<\/p>\n\n\n\n<p><strong>A escravid\u00e3o, no in\u00edcio, concentrava-se mais nos engenhos e nas zonas de produ\u00e7\u00e3o<\/strong>, por\u00e9m, com o tempo ela passou a ser generalizada e era muito comum fam\u00edlias possuirem escravos em suas casas.<\/p>\n\n\n\n<ul><li><strong>O assunto da escravid\u00e3o \u00e9 muito complexo<\/strong>, por isso selecionamos esse <a href=\"https:\/\/beduka.com\/blog\/materias\/historia\/resumo-da-escravidao-no-brasil\/\" target=\"_blank\" rel=\"noreferrer noopener\" aria-label=\" (abre numa nova aba)\">Resumo Completo sobre Escravid\u00e3o no Brasil<\/a> para voc\u00ea!<\/li><\/ul>\n\n\n\n<h3 class=\"wp-block-heading\">O que foi o Ciclo do Ouro?<\/h3>\n\n\n\n<p><strong>O Ciclo do Ouro foi um per\u00edodo durante o Brasil Col\u00f4nia em que o ouro configurou-se como o principal produto da economia brasileira.<\/strong> Esse fen\u00f4meno mudou n\u00e3o apenas as rela\u00e7\u00f5es de trabalho, mas tamb\u00e9m a organiza\u00e7\u00e3o das cidades e das mais diversas rela\u00e7\u00f5es sociais.<\/p>\n\n\n<div class=\"wp-block-image\">\n<figure class=\"aligncenter\"><img decoding=\"async\" loading=\"lazy\" width=\"600\" height=\"300\" src=\"https:\/\/beduka.com\/blog\/wp-content\/uploads\/2020\/11\/garimpo.jpg\" alt=\"Imagem do Garimpo\" class=\"wp-image-18795\" srcset=\"https:\/\/beduka.com\/blog\/wp-content\/uploads\/2020\/11\/garimpo.jpg 600w, https:\/\/beduka.com\/blog\/wp-content\/uploads\/2020\/11\/garimpo-300x150.jpg 300w, https:\/\/beduka.com\/blog\/wp-content\/uploads\/2020\/11\/garimpo-320x160.jpg 320w\" sizes=\"(max-width: 600px) 100vw, 600px\" \/><figcaption>O Garimpo \u00e9 uma das formas de extra\u00e7\u00e3o do ouro.<\/figcaption><\/figure><\/div>\n\n\n<p>Foi durante esse per\u00edodo que ocorreu o <a rel=\"noreferrer noopener\" aria-label=\" (abre numa nova aba)\" href=\"https:\/\/beduka.com\/blog\/materias\/historia\/periodo-pombalino\/\" target=\"_blank\">Per\u00edodo Pombalino<\/a> e a <a href=\"https:\/\/beduka.com\/blog\/materias\/historia\/resumo-da-inconfidencia-mineira\/\" target=\"_blank\" rel=\"noreferrer noopener\" aria-label=\" (abre numa nova aba)\">Inconfid\u00eancia Mineira<\/a>, processo onde o imposto sobre o ouro \u00e9 considerado o estopim da Revolu\u00e7\u00e3o.<\/p>\n\n\n\n<p><strong>O ouro gerou a urbaniza\u00e7\u00e3o<\/strong> e elevou a prov\u00edncia de Minas Gerais \u00e0 posi\u00e7\u00e3o de centro econ\u00f4mico do pa\u00eds.<\/p>\n\n\n\n<p>O min\u00e9rio incentivou o com\u00e9rcio local e aqueceu a agricultura, j\u00e1 que a popula\u00e7\u00e3o aumentou e precisava consumir.<\/p>\n\n\n\n<h3 class=\"wp-block-heading\">A Crise do Sistema Colonial<\/h3>\n\n\n\n<p><strong>O fim do sistema colonial<\/strong> \u00e9 marcado pelo crescimento da autonomia brasileira acelerado pela vinda da Fam\u00edlia Real na ocasi\u00e3o das Guerras Napole\u00f4nicas.&nbsp;<\/p>\n\n\n\n<ul><li>Escrevemos um <a href=\"https:\/\/beduka.com\/blog\/materias\/historia\/chegada-da-familia-real-no-brasil\/\" target=\"_blank\" rel=\"noreferrer noopener\" aria-label=\" (abre numa nova aba)\">Resumo Completo sobre a Chegada da Corte<\/a> para voc\u00ea entender esse processo.<\/li><\/ul>\n\n\n\n<h2 class=\"wp-block-heading\">Exerc\u00edcios sobre Brasil Col\u00f4nia com Gabarito<\/h2>\n\n\n\n<p>Esperamos que, com esse resumo, <strong>tudo tenha ficado mais claro para voc\u00ea.&nbsp;<\/strong><\/p>\n\n\n\n<p><strong>Parab\u00e9ns<\/strong> por ter lido at\u00e9 aqui!<\/p>\n\n\n\n<p>Baixe <strong>gratuitamente<\/strong> o <a href=\"https:\/\/beduka.com\/blog\/dicas\/enem-dicas\/plano-de-estudos-gratuito\/\" target=\"_blank\" rel=\"noreferrer noopener\" aria-label=\" (abre numa nova aba)\">Plano de Estudos<\/a> do <strong>Beduka<\/strong> e tenha uma prepara\u00e7\u00e3o<strong> perfeita <\/strong>para o <strong>ENEM<\/strong>.<\/p>\n\n\n\n<p><strong>Quest\u00e3o 1 &#8211; <\/strong><a href=\"https:\/\/www.fuvest.br\/\" target=\"_blank\" rel=\"noreferrer noopener\" aria-label=\" (abre numa nova aba)\">(Fuvest)<\/a> No Brasil colonial, a escravid\u00e3o caracterizou-se essencialmente:<\/p>\n\n\n\n<p><strong>a)<\/strong> por sua vincula\u00e7\u00e3o exclusiva ao sistema agr\u00e1rio exportador;<\/p>\n\n\n\n<p><strong>b)<\/strong> pelo incentivo da Igreja e da Coroa \u00e0 escravid\u00e3o de \u00edndios e negros;<\/p>\n\n\n\n<p><strong>c) <\/strong>por estar amplamente distribu\u00edda entre a popula\u00e7\u00e3o livre, constituindo a base econ\u00f4mica da sociedade;<\/p>\n\n\n\n<p><strong>d) <\/strong>por destinar os trabalhos mais penosos aos negros e mais leves aos \u00edndios;<\/p>\n\n\n\n<p><strong>e) <\/strong>por impedir a emigra\u00e7\u00e3o em massa de trabalhadores livres para o Brasil.<\/p>\n\n\n\n<p><strong>Quest\u00e3o 2 &#8211; <\/strong><a href=\"https:\/\/www.uel.br\/\" target=\"_blank\" rel=\"noreferrer noopener\" aria-label=\" (abre numa nova aba)\">(UEL)<\/a> No Brasil col\u00f4nia, a pecu\u00e1ria teve um papel decisivo na:<\/p>\n\n\n\n<p><strong>a)<\/strong> ocupa\u00e7\u00e3o das \u00e1reas litor\u00e2neas<\/p>\n\n\n\n<p><strong>b)<\/strong> expuls\u00e3o do assalariado do campo<\/p>\n\n\n\n<p><strong>c) <\/strong>forma\u00e7\u00e3o e explora\u00e7\u00e3o dos minif\u00fandios<\/p>\n\n\n\n<p><strong>d) <\/strong>fixa\u00e7\u00e3o do escravo na agricultura<\/p>\n\n\n\n<p><strong>e) <\/strong>expans\u00e3o para o interior<\/p>\n\n\n\n<p><strong>Quest\u00e3o 3 &#8211; <\/strong><a href=\"https:\/\/www.fuvest.br\/\" target=\"_blank\" rel=\"noreferrer noopener\" aria-label=\" (abre numa nova aba)\">(Fuvest-SP)<\/a> Podemos afirmar sobre o per\u00edodo da minera\u00e7\u00e3o no Brasil que<\/p>\n\n\n\n<p><strong>a)<\/strong> atra\u00eddos pelo ouro, vieram para o Brasil aventureiros de toda esp\u00e9cie, que inviabilizaram a minera\u00e7\u00e3o.<\/p>\n\n\n\n<p><strong>b)<\/strong> a explora\u00e7\u00e3o das minas de ouro s\u00f3 trouxe benef\u00edcios para Portugal.<\/p>\n\n\n\n<p><strong>c)<\/strong> a minera\u00e7\u00e3o deu origem a uma classe m\u00e9dia urbana que teve papel decisivo na independ\u00eancia do Brasil.<\/p>\n\n\n\n<p><strong>d)<\/strong> o ouro beneficiou apenas a Inglaterra, que financiou sua explora\u00e7\u00e3o.<\/p>\n\n\n\n<p><strong>e)<\/strong> a minera\u00e7\u00e3o contribuiu para interligar as v\u00e1rias regi\u00f5es do Brasil e foi fator de diferencia\u00e7\u00e3o da sociedade.<\/p>\n\n\n\n<p><strong>Quest\u00e3o 4 &#8211; <\/strong><a href=\"https:\/\/www.unip.br\/\" target=\"_blank\" rel=\"noreferrer noopener\" aria-label=\" (abre numa nova aba)\">(UNIP)<\/a> Ap\u00f3s a restaura\u00e7\u00e3o Portuguesa, ocorrida em 1640:<\/p>\n\n\n\n<p><strong>a)<\/strong> as rela\u00e7\u00f5es entre Portugal e o Brasil tornaram-se mais liberais;<\/p>\n\n\n\n<p><strong>b)<\/strong> a autonomia administrativa do Brasil foi ampliada;<\/p>\n\n\n\n<p><strong>c) <\/strong>o Pacto Colonial luso enrijeceu-se;<\/p>\n\n\n\n<p><strong>d) <\/strong>os capit\u00e3es-donat\u00e1rios forma substitu\u00eddos pelos vice-reis;<\/p>\n\n\n\n<p><strong>e) <\/strong>a justi\u00e7a colonial passou a ser exercida pelos \u201chomens novos\u201d.<\/p>\n\n\n\n<p><strong>Quest\u00e3o 5 &#8211; <\/strong><a href=\"https:\/\/www.unioeste.br\/\" target=\"_blank\" rel=\"noreferrer noopener\" aria-label=\" (abre numa nova aba)\">(Unioeste)<\/a> Sobre a coloniza\u00e7\u00e3o do Brasil, assinale alternativa <strong>INCORRETA<\/strong>.<\/p>\n\n\n\n<p><strong>a) <\/strong>Entre 1500 e 1535, a principal atividade econ\u00f4mica na col\u00f4nia foi a extra\u00e7\u00e3o do pau-brasil, madeira ent\u00e3o abundante em nosso litoral e obtida mediante troca com os \u00edndios.<\/p>\n\n\n\n<p><strong>b) <\/strong>O Brasil foi dividido em quinze quinh\u00f5es por uma s\u00e9rie de linhas paralelas ao Equador que se estendiam do litoral ao Meridiano de Tordesilhas, sendo essas por\u00e7\u00f5es de terras entregues a um grupo diversificado de representantes da pequena nobreza, burocratas e comerciantes.<\/p>\n\n\n\n<p><strong>c) <\/strong>Com a morte do rei portugu\u00eas D. Sebasti\u00e3o e do seu sucessor D. Henrique, Felipe II, rei da Espanha, assumiu o trono em 1580, originando a Uni\u00e3o Ib\u00e9rica, que durou at\u00e9 1640.<\/p>\n\n\n\n<p><strong>d) <\/strong>Com o fracasso das capitanias, Portugal resolveu substitu\u00ed-las e criou o Governo Geral com o objetivo de centralizar o poder na col\u00f4nia, fixando a sede na Prov\u00edncia de Sant\u2019Ana e a capital na cidade do Rio de Janeiro.<\/p>\n\n\n\n<p><strong>e) <\/strong>A atividade de minera\u00e7\u00e3o demandou vasta for\u00e7a de trabalho escrava desde a descoberta de minas de ouro, em fins do s\u00e9culo XVII, em Minas Gerais, estimulando o aumento de popula\u00e7\u00e3o e o surgimento de incont\u00e1veis arraiais e vilas.<\/p>\n\n\n\n<ul><li><strong>\u00d3timo trabalho<\/strong>! Chegamos \u00e0 metade dos Exerc\u00edcios sobre Brasil Col\u00f4nia.<\/li><\/ul>\n\n\n\n<p><strong>Quest\u00e3o 6 &#8211;<\/strong> <a href=\"https:\/\/enem.inep.gov.br\/participante\/\" target=\"_blank\" rel=\"noreferrer noopener\" aria-label=\" (abre numa nova aba)\">(Enem-2016)<\/a> O que ocorreu na Bahia de 1798, ao contr\u00e1rio das outras situa\u00e7\u00f5es de contesta\u00e7\u00e3o pol\u00edtica na Am\u00e9rica Portuguesa, \u00e9 que o projeto que lhe era subjacente n\u00e3o tocou somente na condi\u00e7\u00e3o, ou no instrumento, da integra\u00e7\u00e3o subordinada das col\u00f4nias no imp\u00e9rio luso. Dessa feita, ao contr\u00e1rio do que se deu nas Minas Gerais (1789), a sedi\u00e7\u00e3o avan\u00e7ou sobre a sua decorr\u00eancia.<\/p>\n\n\n\n<p><strong>JANCS\u00d3, I.; PIMENTA, J. P. Pe\u00e7as de um mosaico. In: MOTA, C. G. (Org.). Viagem Incompleta: a experi\u00eancia brasileira (1500-2000). S\u00e3o Paulo: Senac, 2000.<\/strong><\/p>\n\n\n\n<p>A diferen\u00e7a entre as sedi\u00e7\u00f5es abordadas no texto encontrava-se na pretens\u00e3o de<\/p>\n\n\n\n<p><strong>a)<\/strong> eliminar a hierarquia militar.<\/p>\n\n\n\n<p><strong>b)<\/strong> abolir a escravid\u00e3o africana.<\/p>\n\n\n\n<p><strong>c) <\/strong>anular o dom\u00ednio metropolitano.<\/p>\n\n\n\n<p><strong>d) <\/strong>suprimir a propriedade fundi\u00e1ria.<\/p>\n\n\n\n<p><strong>e) <\/strong>extinguir o absolutismo mon\u00e1rquico.<\/p>\n\n\n\n<p><strong>Quest\u00e3o 7 &#8211;<\/strong> <a href=\"https:\/\/www.unicamp.br\/unicamp\/\" target=\"_blank\" rel=\"noreferrer noopener\" aria-label=\" (abre numa nova aba)\">(Unicamp-2013)<\/a> \u201cQuando os portugueses come\u00e7aram a povoar a terra, havia muitos destes \u00edndios pela costa junto das Capitanias. Porque os \u00edndios se levantaram contra os portugueses, os governadores e capit\u00e3es os destru\u00edram pouco a pouco, e mataram muitos deles. Outros fugiram para o sert\u00e3o, e assim ficou a costa despovoada de gentio ao longo das Capitanias. Junto delas ficaram alguns \u00edndios em aldeias que s\u00e3o de paz e amigos dos portugueses.\u201d<\/p>\n\n\n\n<p><strong>(Pero de Magalh\u00e3es Gandavo, Tratado da Terra do Brasil, em http:\/\/www.cce.ufsc.br\/~nupill\/literatura\/ganda1.html. Acessado em 20\/08\/2012.)<\/strong><\/p>\n\n\n\n<p>Conforme o relato de Pero de Gandavo, escrito por volta de 1570, naquela \u00e9poca,<\/p>\n\n\n\n<p><strong>a) <\/strong>as aldeias de paz eram aquelas em que a catequese jesu\u00edtica permitia o sincretismo religioso como forma de solucionar os conflitos entre ind\u00edgenas e portugueses.<\/p>\n\n\n\n<p><strong>b) <\/strong>a viol\u00eancia contra os ind\u00edgenas foi exercida com o intuito de desocupar o litoral e facilitar a circula\u00e7\u00e3o do ouro entre as minas e os portos.<\/p>\n\n\n\n<p><strong>c)<\/strong> a fuga dos ind\u00edgenas para o interior era uma rea\u00e7\u00e3o \u00e0s persegui\u00e7\u00f5es feitas pelos portugueses e ocasionou o esvaziamento da costa.<\/p>\n\n\n\n<p><strong>d)<\/strong> houve resist\u00eancia dos ind\u00edgenas \u00e0 presen\u00e7a portuguesa de forma semelhante \u00e0s descritas por Pero Vaz de Caminha, em 1500.<\/p>\n\n\n\n<p><strong>Quest\u00e3o 8 &#8211; <\/strong><a href=\"https:\/\/portal.fgv.br\/\" target=\"_blank\" rel=\"noreferrer noopener\" aria-label=\" (abre numa nova aba)\">(FGV-2013)<\/a> Sobre a conquista holandesa do Nordeste brasileiro, no per\u00edodo colonial, \u00e9 correto afirmar:<\/p>\n\n\n\n<p><strong>a) <\/strong>Os conflitos entre portugueses e holandeses devem ser compreendidos no contexto da Uni\u00e3o Ib\u00e9rica (1580-1640) e da separa\u00e7\u00e3o das Prov\u00edncias Unidas do Imp\u00e9rio Habsburgo.<\/p>\n\n\n\n<p><strong>b) <\/strong>A ocupa\u00e7\u00e3o das \u00e1reas de plantio de cana obrigou os holandeses a intensificarem a escraviza\u00e7\u00e3o dos ind\u00edgenas, uma vez que n\u00e3o possu\u00edam bases no continente africano.<\/p>\n\n\n\n<p><strong>c) <\/strong>Estabelecidos em Pernambuco, os holandeses empreenderam uma forte persegui\u00e7\u00e3o aos judeus e cat\u00f3licos ali residentes e fortaleceram a difus\u00e3o do protestantismo no Brasil colonial.&nbsp;<\/p>\n\n\n\n<p><strong>d)<\/strong> A administra\u00e7\u00e3o de Maur\u00edcio de Nassau foi caracterizada pelo pragmatismo e pela desmontagem do grande centro de artistas e letrados organizado pelas autoridades portuguesas em Olinda.<\/p>\n\n\n\n<p><strong>e) <\/strong>Os holandeses implementaram uma nova e eficiente estrutura produtiva baseada em pequenas e m\u00e9dias propriedades familiares, que se diferenciava das antigas plantations escravistas.<\/p>\n\n\n\n<ul><li><strong>Ufa, estamos quase no fim!<\/strong> Fa\u00e7a os 2 \u00faltimos Exerc\u00edcios sobre Brasil Col\u00f4nia.<\/li><\/ul>\n\n\n\n<p><strong>Quest\u00e3o 9 &#8211;<\/strong> <a href=\"http:\/\/sistemasenem2.inep.gov.br\/\" target=\"_blank\" rel=\"noreferrer noopener\" aria-label=\" (abre numa nova aba)\">(Enem-2013)<\/a> Seguiam-se vinte criados custosamente vestidos e montados em soberbos cavalos; depois destes, marchava o Embaixador do Rei do Congo magnificamente ornado de seda azul para anunciar ao Senado que a vinda do Rei estava destinada para o dia dezesseis. Em resposta obteve repetidas vivas do povo que concorreu alegre e admirado de tanta grandeza.<\/p>\n\n\n\n<p><strong>Coroa\u00e7\u00e3o do Rei do Congo em Santo Amaro\u201d, Bahia apud DEL PRIORE, M. Festas e utopias no Brasil colonial. In: CATELLI JR., R. Um olhar sobre as festas populares brasileiras. S\u00e3o Paulo: Brasiliense, 1994 (adaptado).<\/strong><\/p>\n\n\n\n<p>Origin\u00e1ria dos tempos coloniais, a festa da Coroa\u00e7\u00e3o do Rei do Congo evidencia um processo de<\/p>\n\n\n\n<p><strong>a) <\/strong>exclus\u00e3o social.<\/p>\n\n\n\n<p><strong>b) <\/strong>imposi\u00e7\u00e3o religiosa.<\/p>\n\n\n\n<p><strong>c) <\/strong>acomoda\u00e7\u00e3o pol\u00edtica.<\/p>\n\n\n\n<p><strong>d) <\/strong>supress\u00e3o simb\u00f3lica.<\/p>\n\n\n\n<p><strong>e) <\/strong>ressignifica\u00e7\u00e3o cultural.<\/p>\n\n\n\n<p><strong>Quest\u00e3o 10 &#8211; <\/strong><a href=\"https:\/\/www2.unesp.br\/\" target=\"_blank\" rel=\"noreferrer noopener\" aria-label=\" (abre numa nova aba)\">(Unesp-2015)<\/a> A constata\u00e7\u00e3o de que \u201cEssa alian\u00e7a refletiu-se numa pol\u00edtica de terras que incorporou concep\u00e7\u00f5es rurais tanto feudais como mercantis\u201d justifica-se, pois a pol\u00edtica de terras desenvolvida por Portugal durante a coloniza\u00e7\u00e3o brasileira<\/p>\n\n\n\n<p><strong>a)<\/strong> permitiu tanto o surgimento de uma ampla camada de pequenos propriet\u00e1rios, cuja produ\u00e7\u00e3o se voltava para o mercado interno, quanto a implementa\u00e7\u00e3o de s\u00f3lidas parcerias comerciais com o restante da Am\u00e9rica.<\/p>\n\n\n\n<p><strong>b)<\/strong> determinou tanto uma rigorosa hierarquia nobili\u00e1rquica nas terras coloniais, quanto o confisco total e imediato das terras comunais cultivadas por grupos ind\u00edgenas ao longo do litoral brasileiro.<\/p>\n\n\n\n<p><strong>c) <\/strong>envolveu tanto a cess\u00e3o vital\u00edcia do usufruto de terras que continuavam a ser propriedades da Coroa, quanto a orienta\u00e7\u00e3o principal do uso da terra para a monocultura exportadora.<\/p>\n\n\n\n<p><strong>d) <\/strong>garantiu tanto a preval\u00eancia da agricultura de subsist\u00eancia, quanto a difus\u00e3o, na regi\u00e3o amaz\u00f4nica e nas \u00e1reas centrais da col\u00f4nia, das pr\u00e1ticas da pecu\u00e1ria e da agricultura de exporta\u00e7\u00e3o.<\/p>\n\n\n\n<p><strong>e) <\/strong>assegurou tanto o predom\u00ednio do minif\u00fandio no Nordeste brasileiro, quanto uma regular distribui\u00e7\u00e3o de terras entre camponeses no Centro-Sul, com o objetivo de estimular a agricultura de exporta\u00e7\u00e3o.<\/p>\n\n\n\n<ul><li><strong>Parab\u00e9ns<\/strong>, voc\u00ea chegou ao fim dos Exerc\u00edcios sobre Brasil Col\u00f4nia. <strong>Confira agora o Gabarito:<\/strong><\/li><\/ul>\n\n\n\n<h3 class=\"wp-block-heading\">Gabarito dos Exerc\u00edcios de Per\u00edodo Pr\u00e9-Colonial<\/h3>\n\n\n\n<p><strong>Exerc\u00edcio resolvido da quest\u00e3o 1 &#8211;<\/strong><\/p>\n\n\n\n<p>Alternativa correta: <strong>c) <\/strong>por estar amplamente distribu\u00edda entre a popula\u00e7\u00e3o livre, constituindo a base econ\u00f4mica da sociedade;<\/p>\n\n\n\n<p><strong>Exerc\u00edcio resolvido da quest\u00e3o 2 &#8211;<\/strong><\/p>\n\n\n\n<p>Alternativa correta: <strong>e) <\/strong>expans\u00e3o para o interior<\/p>\n\n\n\n<p><strong>Exerc\u00edcio resolvido da quest\u00e3o 3 &#8211;<\/strong><\/p>\n\n\n\n<p>Alternativa correta: <strong>e)<\/strong> a minera\u00e7\u00e3o contribuiu para interligar as v\u00e1rias regi\u00f5es do Brasil e foi fator de diferencia\u00e7\u00e3o da sociedade.<\/p>\n\n\n\n<p><strong>Exerc\u00edcio resolvido da quest\u00e3o 4 &#8211;<\/strong><\/p>\n\n\n\n<p>Alternativa correta: <strong>c) <\/strong>o Pacto Colonial luso enrijeceu-se;<\/p>\n\n\n\n<p><strong>Exerc\u00edcio resolvido da quest\u00e3o 5 &#8211;<\/strong><\/p>\n\n\n\n<p>Alternativa correta:  <strong><strong>e) <\/strong><\/strong>A atividade de minera\u00e7\u00e3o demandou vasta for\u00e7a de trabalho escrava desde a descoberta de minas de ouro, em fins do s\u00e9culo XVII, em Minas Gerais, estimulando o aumento de popula\u00e7\u00e3o e o surgimento de incont\u00e1veis arraiais e vilas. <\/p>\n\n\n\n<p><strong>Exerc\u00edcio resolvido da quest\u00e3o 6 &#8211;<\/strong><\/p>\n\n\n\n<p>Alternativa correta: <strong>b)<\/strong> abolir a escravid\u00e3o africana.<\/p>\n\n\n\n<p><strong>Exerc\u00edcio resolvido da quest\u00e3o 7 &#8211;<\/strong><\/p>\n\n\n\n<p>Alternativa correta: <strong>c)<\/strong> a fuga dos ind\u00edgenas para o interior era uma rea\u00e7\u00e3o \u00e0s persegui\u00e7\u00f5es feitas pelos portugueses e ocasionou o esvaziamento da costa.<\/p>\n\n\n\n<p><strong>Exerc\u00edcio resolvido da quest\u00e3o 8 &#8211;<\/strong><\/p>\n\n\n\n<p>Alternativa correta: <strong>a) <\/strong>Os conflitos entre portugueses e holandeses devem ser compreendidos no contexto da Uni\u00e3o Ib\u00e9rica (1580-1640) e da separa\u00e7\u00e3o das Prov\u00edncias Unidas do Imp\u00e9rio Habsburgo.<\/p>\n\n\n\n<p><strong>Exerc\u00edcio resolvido da quest\u00e3o 9 &#8211;<\/strong><\/p>\n\n\n\n<p>Alternativa correta: <strong>e) <\/strong>ressignifica\u00e7\u00e3o cultural.<\/p>\n\n\n\n<p><strong>Exerc\u00edcio resolvido da quest\u00e3o 10 &#8211;<\/strong><\/p>\n\n\n\n<p>Alternativa correta: <strong>c) <\/strong>envolveu tanto a cess\u00e3o vital\u00edcia do usufruto de terras que continuavam a ser propriedades da Coroa, quanto a orienta\u00e7\u00e3o principal do uso da terra para a monocultura exportadora.<\/p>\n\n\n\n<p>Estude para o Enem com o <a href=\"https:\/\/beduka.com\/simulado\" target=\"_blank\" rel=\"noreferrer noopener\" aria-label=\" (abre numa nova aba)\">Simulado Beduka.<\/a> <strong>\u00c9 gratuito!<\/strong><\/p>\n\n\n\n<p>Gostou dos nossos <strong>Exerc\u00edcios sobre Brasil Col\u00f4nia?<\/strong> Compartilhe com os seus amigos e comente abaixo sobre as \u00e1reas que voc\u00ea deseja mais explica\u00e7\u00f5es.<\/p>\n\n\n\n<p>Queremos te ajudar a encontrar a <strong>FACULDADE IDEAL! <\/strong>Logo abaixo, fa\u00e7a uma pesquisa por curso e cidade que te mostraremos todas as faculdades que podem te atender. <strong>Informamos a nota de corte, valor de mensalidade, nota do MEC, avalia\u00e7\u00e3o dos alunos, modalidades de ensino e muito mais.<\/strong><\/p>\n","protected":false},"excerpt":{"rendered":"<p>O Per\u00edodo Colonial come\u00e7ou em 1534 quando Portugal passou a investir no processo de moderniza\u00e7\u00e3o e controle do territ\u00f3rio brasileiro e encerrou-se em 1808 com a Chegada da Corte Portuguesa. Ele recebe esse nome por ter sido o momento onde o Brasil tinha uma posi\u00e7\u00e3o de col\u00f4nia perante \u00e0 metr\u00f3pole portuguesa. Leia nosso resumo e [&hellip;]<\/p>\n","protected":false},"author":1,"featured_media":18792,"comment_status":"open","ping_status":"closed","sticky":false,"template":"","format":"standard","meta":{"_mi_skip_tracking":false,"_monsterinsights_sitenote_active":false,"_monsterinsights_sitenote_note":"","_monsterinsights_sitenote_category":0},"categories":[604],"tags":[],"yoast_head":"<!-- This site is optimized with the Yoast SEO plugin v20.10 - https:\/\/yoast.com\/wordpress\/plugins\/seo\/ -->\n<title>Exerc\u00edcios sobre Brasil Col\u00f4nia (Os 10 Melhores)<\/title>\n<meta name=\"description\" content=\"Leia nosso resumo e coloque seu conhecimento em pr\u00e1tica com Os 10 Melhores Exerc\u00edcios sobre Brasil Col\u00f4nia selecionados para voc\u00ea.\" \/>\n<meta name=\"robots\" content=\"index, follow, max-snippet:-1, max-image-preview:large, max-video-preview:-1\" \/>\n<link rel=\"canonical\" href=\"https:\/\/beduka.com\/blog\/exercicios\/historia-exercicios\/exercicios-sobre-brasil-colonia\/\" \/>\n<meta property=\"og:locale\" content=\"pt_BR\" \/>\n<meta property=\"og:type\" content=\"article\" \/>\n<meta property=\"og:title\" content=\"Exerc\u00edcios sobre Brasil Col\u00f4nia (Os 10 Melhores)\" \/>\n<meta property=\"og:description\" content=\"Leia nosso resumo e coloque seu conhecimento em pr\u00e1tica com Os 10 Melhores Exerc\u00edcios sobre Brasil Col\u00f4nia selecionados para voc\u00ea.\" \/>\n<meta property=\"og:url\" content=\"https:\/\/beduka.com\/blog\/exercicios\/historia-exercicios\/exercicios-sobre-brasil-colonia\/\" \/>\n<meta property=\"og:site_name\" content=\"Blog do Beduka | Mat\u00e9rias resumidas, Dicas e Exerc\u00edcios Enem\" \/>\n<meta property=\"article:publisher\" content=\"https:\/\/www.facebook.com\/beduka.buscadordefaculdades\/\" \/>\n<meta property=\"article:author\" content=\"https:\/\/www.facebook.com\/beduka.buscadordefaculdades\" \/>\n<meta property=\"article:published_time\" content=\"2020-11-12T20:35:38+00:00\" \/>\n<meta property=\"article:modified_time\" content=\"2023-04-03T20:12:38+00:00\" \/>\n<meta property=\"og:image\" content=\"https:\/\/beduka.com\/blog\/wp-content\/uploads\/2020\/11\/SociadedadeColonialCapa.jpg\" \/>\n\t<meta property=\"og:image:width\" content=\"600\" \/>\n\t<meta property=\"og:image:height\" content=\"300\" \/>\n\t<meta property=\"og:image:type\" content=\"image\/jpeg\" \/>\n<meta name=\"author\" content=\"Reda\u00e7\u00e3o Beduka (a)\" \/>\n<meta name=\"twitter:card\" content=\"summary_large_image\" \/>\n<meta name=\"twitter:label1\" content=\"Escrito por\" \/>\n\t<meta name=\"twitter:data1\" content=\"Reda\u00e7\u00e3o Beduka (a)\" \/>\n\t<meta name=\"twitter:label2\" content=\"Est. tempo de leitura\" \/>\n\t<meta name=\"twitter:data2\" content=\"15 minutos\" \/>\n<script type=\"application\/ld+json\" class=\"yoast-schema-graph\">{\"@context\":\"https:\/\/schema.org\",\"@graph\":[{\"@type\":\"Article\",\"@id\":\"https:\/\/beduka.com\/blog\/exercicios\/historia-exercicios\/exercicios-sobre-brasil-colonia\/#article\",\"isPartOf\":{\"@id\":\"https:\/\/beduka.com\/blog\/exercicios\/historia-exercicios\/exercicios-sobre-brasil-colonia\/\"},\"author\":{\"name\":\"Reda\u00e7\u00e3o Beduka (a)\",\"@id\":\"https:\/\/beduka.com\/blog\/#\/schema\/person\/325d912d2cb8dd9ede8ab291427d2b8a\"},\"headline\":\"Exerc\u00edcios sobre Brasil Col\u00f4nia com Gabarito\",\"datePublished\":\"2020-11-12T20:35:38+00:00\",\"dateModified\":\"2023-04-03T20:12:38+00:00\",\"mainEntityOfPage\":{\"@id\":\"https:\/\/beduka.com\/blog\/exercicios\/historia-exercicios\/exercicios-sobre-brasil-colonia\/\"},\"wordCount\":3038,\"commentCount\":4,\"publisher\":{\"@id\":\"https:\/\/beduka.com\/blog\/#organization\"},\"articleSection\":[\"Hist\u00f3ria\"],\"inLanguage\":\"pt-BR\",\"potentialAction\":[{\"@type\":\"CommentAction\",\"name\":\"Comment\",\"target\":[\"https:\/\/beduka.com\/blog\/exercicios\/historia-exercicios\/exercicios-sobre-brasil-colonia\/#respond\"]}]},{\"@type\":\"WebPage\",\"@id\":\"https:\/\/beduka.com\/blog\/exercicios\/historia-exercicios\/exercicios-sobre-brasil-colonia\/\",\"url\":\"https:\/\/beduka.com\/blog\/exercicios\/historia-exercicios\/exercicios-sobre-brasil-colonia\/\",\"name\":\"Exerc\u00edcios sobre Brasil Col\u00f4nia (Os 10 Melhores)\",\"isPartOf\":{\"@id\":\"https:\/\/beduka.com\/blog\/#website\"},\"datePublished\":\"2020-11-12T20:35:38+00:00\",\"dateModified\":\"2023-04-03T20:12:38+00:00\",\"description\":\"Leia nosso resumo e coloque seu conhecimento em pr\u00e1tica com Os 10 Melhores Exerc\u00edcios sobre Brasil Col\u00f4nia selecionados para voc\u00ea.\",\"breadcrumb\":{\"@id\":\"https:\/\/beduka.com\/blog\/exercicios\/historia-exercicios\/exercicios-sobre-brasil-colonia\/#breadcrumb\"},\"inLanguage\":\"pt-BR\",\"potentialAction\":[{\"@type\":\"ReadAction\",\"target\":[\"https:\/\/beduka.com\/blog\/exercicios\/historia-exercicios\/exercicios-sobre-brasil-colonia\/\"]}]},{\"@type\":\"BreadcrumbList\",\"@id\":\"https:\/\/beduka.com\/blog\/exercicios\/historia-exercicios\/exercicios-sobre-brasil-colonia\/#breadcrumb\",\"itemListElement\":[{\"@type\":\"ListItem\",\"position\":1,\"name\":\"Home\",\"item\":\"https:\/\/beduka.com\/blog\/\"},{\"@type\":\"ListItem\",\"position\":2,\"name\":\"Exerc\u00edcios sobre Brasil Col\u00f4nia com Gabarito\"}]},{\"@type\":\"WebSite\",\"@id\":\"https:\/\/beduka.com\/blog\/#website\",\"url\":\"https:\/\/beduka.com\/blog\/\",\"name\":\"Blog do Beduka | Mat\u00e9rias resumidas, Dicas e Exerc\u00edcios Enem\",\"description\":\"O Blog do Beduka tem os conte\u00fados que mais caem no Enem, exerc\u00edcios de vestibular com gabarito, resumos, dicas e informa\u00e7\u00f5es Sisu, Prouni e Fies.Encontre dicas para o ENEM, resumos, exerc\u00edcios e informa\u00e7\u00f5es sobre os vestibulares. Acesse agora!\",\"publisher\":{\"@id\":\"https:\/\/beduka.com\/blog\/#organization\"},\"potentialAction\":[{\"@type\":\"SearchAction\",\"target\":{\"@type\":\"EntryPoint\",\"urlTemplate\":\"https:\/\/beduka.com\/blog\/?s={search_term_string}\"},\"query-input\":\"required name=search_term_string\"}],\"inLanguage\":\"pt-BR\"},{\"@type\":\"Organization\",\"@id\":\"https:\/\/beduka.com\/blog\/#organization\",\"name\":\"Beduka\",\"url\":\"https:\/\/beduka.com\/blog\/\",\"logo\":{\"@type\":\"ImageObject\",\"inLanguage\":\"pt-BR\",\"@id\":\"https:\/\/beduka.com\/blog\/#\/schema\/logo\/image\/\",\"url\":\"https:\/\/beduka.com\/blog\/wp-content\/uploads\/2020\/06\/marca-beduka.png\",\"contentUrl\":\"https:\/\/beduka.com\/blog\/wp-content\/uploads\/2020\/06\/marca-beduka.png\",\"width\":1077,\"height\":368,\"caption\":\"Beduka\"},\"image\":{\"@id\":\"https:\/\/beduka.com\/blog\/#\/schema\/logo\/image\/\"},\"sameAs\":[\"https:\/\/www.facebook.com\/beduka.buscadordefaculdades\/\",\"https:\/\/www.instagram.com\/beduka_oficial\/\",\"https:\/\/www.linkedin.com\/company\/beduka\",\"https:\/\/br.pinterest.com\/bedukaoficial\/\",\"https:\/\/www.youtube.com\/beduka\"]},{\"@type\":\"Person\",\"@id\":\"https:\/\/beduka.com\/blog\/#\/schema\/person\/325d912d2cb8dd9ede8ab291427d2b8a\",\"name\":\"Reda\u00e7\u00e3o Beduka (a)\",\"image\":{\"@type\":\"ImageObject\",\"inLanguage\":\"pt-BR\",\"@id\":\"https:\/\/beduka.com\/blog\/#\/schema\/person\/image\/\",\"url\":\"https:\/\/secure.gravatar.com\/avatar\/6f58a181ef24e0dc0bb73f096aa0f8b5?s=96&d=mm&r=g\",\"contentUrl\":\"https:\/\/secure.gravatar.com\/avatar\/6f58a181ef24e0dc0bb73f096aa0f8b5?s=96&d=mm&r=g\",\"caption\":\"Reda\u00e7\u00e3o Beduka (a)\"},\"description\":\"Este conte\u00fado foi criado e validado por uma equipe multidisciplinar, formada por especialistas em cada \u00e1rea do conhecimento. O Beduka est\u00e1 presente no Instagram, YouTube, LinkedIn e em diversos outros ambientes digitais. O site foi criado em 2017 e, desde a sua funda\u00e7\u00e3o, atua para fornecer materiais de qualidade para facilitar a vida de estudantes de todo o Brasil, ajudando-os a se preparar para os principais vestibulares e o Enem.\",\"sameAs\":[\"https:\/\/www.facebook.com\/beduka.buscadordefaculdades\",\"https:\/\/www.instagram.com\/beduka_oficial\/\",\"https:\/\/br.pinterest.com\/bedukaoficial\/\"],\"url\":\"https:\/\/beduka.com\/blog\/author\/admin\/\"}]}<\/script>\n<!-- \/ Yoast SEO plugin. -->","yoast_head_json":{"title":"Exerc\u00edcios sobre Brasil Col\u00f4nia (Os 10 Melhores)","description":"Leia nosso resumo e coloque seu conhecimento em pr\u00e1tica com Os 10 Melhores Exerc\u00edcios sobre Brasil Col\u00f4nia selecionados para voc\u00ea.","robots":{"index":"index","follow":"follow","max-snippet":"max-snippet:-1","max-image-preview":"max-image-preview:large","max-video-preview":"max-video-preview:-1"},"canonical":"https:\/\/beduka.com\/blog\/exercicios\/historia-exercicios\/exercicios-sobre-brasil-colonia\/","og_locale":"pt_BR","og_type":"article","og_title":"Exerc\u00edcios sobre Brasil Col\u00f4nia (Os 10 Melhores)","og_description":"Leia nosso resumo e coloque seu conhecimento em pr\u00e1tica com Os 10 Melhores Exerc\u00edcios sobre Brasil Col\u00f4nia selecionados para voc\u00ea.","og_url":"https:\/\/beduka.com\/blog\/exercicios\/historia-exercicios\/exercicios-sobre-brasil-colonia\/","og_site_name":"Blog do Beduka | Mat\u00e9rias resumidas, Dicas e Exerc\u00edcios Enem","article_publisher":"https:\/\/www.facebook.com\/beduka.buscadordefaculdades\/","article_author":"https:\/\/www.facebook.com\/beduka.buscadordefaculdades","article_published_time":"2020-11-12T20:35:38+00:00","article_modified_time":"2023-04-03T20:12:38+00:00","og_image":[{"width":600,"height":300,"url":"https:\/\/beduka.com\/blog\/wp-content\/uploads\/2020\/11\/SociadedadeColonialCapa.jpg","type":"image\/jpeg"}],"author":"Reda\u00e7\u00e3o Beduka (a)","twitter_card":"summary_large_image","twitter_misc":{"Escrito por":"Reda\u00e7\u00e3o Beduka (a)","Est. tempo de leitura":"15 minutos"},"schema":{"@context":"https:\/\/schema.org","@graph":[{"@type":"Article","@id":"https:\/\/beduka.com\/blog\/exercicios\/historia-exercicios\/exercicios-sobre-brasil-colonia\/#article","isPartOf":{"@id":"https:\/\/beduka.com\/blog\/exercicios\/historia-exercicios\/exercicios-sobre-brasil-colonia\/"},"author":{"name":"Reda\u00e7\u00e3o Beduka (a)","@id":"https:\/\/beduka.com\/blog\/#\/schema\/person\/325d912d2cb8dd9ede8ab291427d2b8a"},"headline":"Exerc\u00edcios sobre Brasil Col\u00f4nia com Gabarito","datePublished":"2020-11-12T20:35:38+00:00","dateModified":"2023-04-03T20:12:38+00:00","mainEntityOfPage":{"@id":"https:\/\/beduka.com\/blog\/exercicios\/historia-exercicios\/exercicios-sobre-brasil-colonia\/"},"wordCount":3038,"commentCount":4,"publisher":{"@id":"https:\/\/beduka.com\/blog\/#organization"},"articleSection":["Hist\u00f3ria"],"inLanguage":"pt-BR","potentialAction":[{"@type":"CommentAction","name":"Comment","target":["https:\/\/beduka.com\/blog\/exercicios\/historia-exercicios\/exercicios-sobre-brasil-colonia\/#respond"]}]},{"@type":"WebPage","@id":"https:\/\/beduka.com\/blog\/exercicios\/historia-exercicios\/exercicios-sobre-brasil-colonia\/","url":"https:\/\/beduka.com\/blog\/exercicios\/historia-exercicios\/exercicios-sobre-brasil-colonia\/","name":"Exerc\u00edcios sobre Brasil Col\u00f4nia (Os 10 Melhores)","isPartOf":{"@id":"https:\/\/beduka.com\/blog\/#website"},"datePublished":"2020-11-12T20:35:38+00:00","dateModified":"2023-04-03T20:12:38+00:00","description":"Leia nosso resumo e coloque seu conhecimento em pr\u00e1tica com Os 10 Melhores Exerc\u00edcios sobre Brasil Col\u00f4nia selecionados para voc\u00ea.","breadcrumb":{"@id":"https:\/\/beduka.com\/blog\/exercicios\/historia-exercicios\/exercicios-sobre-brasil-colonia\/#breadcrumb"},"inLanguage":"pt-BR","potentialAction":[{"@type":"ReadAction","target":["https:\/\/beduka.com\/blog\/exercicios\/historia-exercicios\/exercicios-sobre-brasil-colonia\/"]}]},{"@type":"BreadcrumbList","@id":"https:\/\/beduka.com\/blog\/exercicios\/historia-exercicios\/exercicios-sobre-brasil-colonia\/#breadcrumb","itemListElement":[{"@type":"ListItem","position":1,"name":"Home","item":"https:\/\/beduka.com\/blog\/"},{"@type":"ListItem","position":2,"name":"Exerc\u00edcios sobre Brasil Col\u00f4nia com Gabarito"}]},{"@type":"WebSite","@id":"https:\/\/beduka.com\/blog\/#website","url":"https:\/\/beduka.com\/blog\/","name":"Blog do Beduka | Mat\u00e9rias resumidas, Dicas e Exerc\u00edcios Enem","description":"O Blog do Beduka tem os conte\u00fados que mais caem no Enem, exerc\u00edcios de vestibular com gabarito, resumos, dicas e informa\u00e7\u00f5es Sisu, Prouni e Fies.Encontre dicas para o ENEM, resumos, exerc\u00edcios e informa\u00e7\u00f5es sobre os vestibulares. Acesse agora!","publisher":{"@id":"https:\/\/beduka.com\/blog\/#organization"},"potentialAction":[{"@type":"SearchAction","target":{"@type":"EntryPoint","urlTemplate":"https:\/\/beduka.com\/blog\/?s={search_term_string}"},"query-input":"required name=search_term_string"}],"inLanguage":"pt-BR"},{"@type":"Organization","@id":"https:\/\/beduka.com\/blog\/#organization","name":"Beduka","url":"https:\/\/beduka.com\/blog\/","logo":{"@type":"ImageObject","inLanguage":"pt-BR","@id":"https:\/\/beduka.com\/blog\/#\/schema\/logo\/image\/","url":"https:\/\/beduka.com\/blog\/wp-content\/uploads\/2020\/06\/marca-beduka.png","contentUrl":"https:\/\/beduka.com\/blog\/wp-content\/uploads\/2020\/06\/marca-beduka.png","width":1077,"height":368,"caption":"Beduka"},"image":{"@id":"https:\/\/beduka.com\/blog\/#\/schema\/logo\/image\/"},"sameAs":["https:\/\/www.facebook.com\/beduka.buscadordefaculdades\/","https:\/\/www.instagram.com\/beduka_oficial\/","https:\/\/www.linkedin.com\/company\/beduka","https:\/\/br.pinterest.com\/bedukaoficial\/","https:\/\/www.youtube.com\/beduka"]},{"@type":"Person","@id":"https:\/\/beduka.com\/blog\/#\/schema\/person\/325d912d2cb8dd9ede8ab291427d2b8a","name":"Reda\u00e7\u00e3o Beduka (a)","image":{"@type":"ImageObject","inLanguage":"pt-BR","@id":"https:\/\/beduka.com\/blog\/#\/schema\/person\/image\/","url":"https:\/\/secure.gravatar.com\/avatar\/6f58a181ef24e0dc0bb73f096aa0f8b5?s=96&d=mm&r=g","contentUrl":"https:\/\/secure.gravatar.com\/avatar\/6f58a181ef24e0dc0bb73f096aa0f8b5?s=96&d=mm&r=g","caption":"Reda\u00e7\u00e3o Beduka (a)"},"description":"Este conte\u00fado foi criado e validado por uma equipe multidisciplinar, formada por especialistas em cada \u00e1rea do conhecimento. O Beduka est\u00e1 presente no Instagram, YouTube, LinkedIn e em diversos outros ambientes digitais. O site foi criado em 2017 e, desde a sua funda\u00e7\u00e3o, atua para fornecer materiais de qualidade para facilitar a vida de estudantes de todo o Brasil, ajudando-os a se preparar para os principais vestibulares e o Enem.","sameAs":["https:\/\/www.facebook.com\/beduka.buscadordefaculdades","https:\/\/www.instagram.com\/beduka_oficial\/","https:\/\/br.pinterest.com\/bedukaoficial\/"],"url":"https:\/\/beduka.com\/blog\/author\/admin\/"}]}},"_links":{"self":[{"href":"https:\/\/beduka.com\/blog\/wp-json\/wp\/v2\/posts\/18791"}],"collection":[{"href":"https:\/\/beduka.com\/blog\/wp-json\/wp\/v2\/posts"}],"about":[{"href":"https:\/\/beduka.com\/blog\/wp-json\/wp\/v2\/types\/post"}],"author":[{"embeddable":true,"href":"https:\/\/beduka.com\/blog\/wp-json\/wp\/v2\/users\/1"}],"replies":[{"embeddable":true,"href":"https:\/\/beduka.com\/blog\/wp-json\/wp\/v2\/comments?post=18791"}],"version-history":[{"count":4,"href":"https:\/\/beduka.com\/blog\/wp-json\/wp\/v2\/posts\/18791\/revisions"}],"predecessor-version":[{"id":29642,"href":"https:\/\/beduka.com\/blog\/wp-json\/wp\/v2\/posts\/18791\/revisions\/29642"}],"wp:featuredmedia":[{"embeddable":true,"href":"https:\/\/beduka.com\/blog\/wp-json\/wp\/v2\/media\/18792"}],"wp:attachment":[{"href":"https:\/\/beduka.com\/blog\/wp-json\/wp\/v2\/media?parent=18791"}],"wp:term":[{"taxonomy":"category","embeddable":true,"href":"https:\/\/beduka.com\/blog\/wp-json\/wp\/v2\/categories?post=18791"},{"taxonomy":"post_tag","embeddable":true,"href":"https:\/\/beduka.com\/blog\/wp-json\/wp\/v2\/tags?post=18791"}],"curies":[{"name":"wp","href":"https:\/\/api.w.org\/{rel}","templated":true}]}}