{"id":1893,"date":"2018-10-29T23:15:13","date_gmt":"2018-10-30T02:15:13","guid":{"rendered":"https:\/\/beduka.com\/blog\/?p=1893"},"modified":"2021-09-15T15:13:23","modified_gmt":"2021-09-15T18:13:23","slug":"questoes-vestibular-sobre-vidas-secas","status":"publish","type":"post","link":"https:\/\/beduka.com\/blog\/exercicios\/literatura-exercicios\/questoes-vestibular-sobre-vidas-secas\/","title":{"rendered":"As 5 Melhores Quest\u00f5es sobre Vidas Secas com Gabarito"},"content":{"rendered":"\n<blockquote class=\"wp-block-quote\"><p><strong><em>Vidas Secas \u00e9 o livro mais famoso do escritor Graciliano Ramos, da segunda fase modernista. Ele tem aspectos realistas e regionalistas, t\u00edpicos desse movimento. Al\u00e9m disso, \u00e9 uma das obras que mais caem em vestibulares e no ENEM. Leia nosso resumo e coloque seu conhecimento em pr\u00e1tica com as melhores quest\u00f5es sobre Vidas Secas.<\/em><\/strong><\/p><\/blockquote>\n\n\n\n<p>Neste artigo, voc\u00ea encontrar\u00e1 todos os temas abaixo. <strong>Clique em um dos t\u00f3picos abaixo para ir direto ao conte\u00fado da sua escolha:<\/strong><\/p>\n\n\n\n<ol><li><a href=\"#contexto-hist\u00f3rico-e-autor\" data-type=\"internal\" data-id=\"#contexto-hist\u00f3rico-e-autor\">Contexto hist\u00f3rico e vida do autor <\/a><\/li><li><a href=\"#5-quest\u00f5es-de-vestibular-sobre-vidas-secas-com-gabarito\" data-type=\"internal\" data-id=\"#5-quest\u00f5es-de-vestibular-sobre-vidas-secas-com-gabarito\">As melhores quest\u00f5es sobre o livro Vidas Secas<\/a><\/li><li><a href=\"#das-quest\u00f5es-de-vestibular-sobre-\" data-type=\"internal\" data-id=\"#das-quest\u00f5es-de-vestibular-sobre-\">Gabarito <\/a><\/li><\/ol>\n\n\n\n<p>Para voc\u00ea ter uma ideia, a <a href=\"https:\/\/beduka.com\/blog\/dicas\/como-prova-fuvest\/\" target=\"_blank\" rel=\"noreferrer noopener\" aria-label=\" (abre numa nova aba)\">FUVEST (vestibular da USP)<\/a> coloca <em>Vidas Secas<\/em> em seu edital h\u00e1 mais de tr\u00eas anos consecutivos. Mackenzie, Unesp, PUC e a Unifesp tamb\u00e9m s\u00e3o exemplos de renomadas universidades que exigem a leitura do livro.<\/p>\n\n\n\n<p>Por isso, <strong>\u00e9 essencial n\u00e3o apenas ler a obra, mas tamb\u00e9m analisar o seu contexto hist\u00f3rico<\/strong> e todos os aspectos importantes relacionados a ela. <\/p>\n\n\n\n<p>\u00c9 fundamental tamb\u00e9m avaliar os seus conhecimentos respondendo quest\u00f5es de vestibular sobre <em>Vidas Secas<\/em> para ter uma ideia de como este livro \u00e9 cobrado nas provas.<\/p>\n\n\n\n<p>Para te ajudar nessa tarefa, n\u00f3s faremos um <strong>breve resumo sobre a parte hist\u00f3rica do livro e o estilo do autor<\/strong> para depois te desafiar com algumas quest\u00f5es de vestibular sobre <em>Vidas Secas<\/em>. Confira abaixo!<\/p>\n\n\n\n<ul><li><a href=\"https:\/\/beduka.com\/blog\/resumos\/resumo-de-vidas-secas-enem\/\" target=\"_blank\" rel=\"noopener noreferrer\">Aqui voc\u00ea pode conferir um resumo completo de <em>Vidas Secas<\/em><\/a><\/li><\/ul>\n\n\n\n<p>Aproveite tamb\u00e9m para conhecer o <a href=\"https:\/\/beduka.com\/simulado\/#\/\" target=\"_blank\" rel=\"noopener noreferrer\">Simulado gratuito do ENEM do Beduka<\/a>. Voc\u00ea faz um cadastro simples e pode testar os seus conhecimentos com quest\u00f5es que j\u00e1 ca\u00edram nos \u00faltimos anos do exame.<\/p>\n\n\n\n<p>Baixe o nosso <a href=\"https:\/\/beduka.com\/blog\/dicas\/enem-dicas\/plano-de-estudos-gratuito\/\" target=\"_blank\" rel=\"noopener noreferrer\">Plano de Estudos<\/a> para se organizar melhor!<\/p>\n\n\n\n<h2 class=\"wp-block-heading\" id=\"contexto-hist\u00f3rico-e-autor\"><span style=\"color: #1c609a;\"><strong><em>Vidas Secas<\/em>: contexto hist\u00f3rico e autor<\/strong><\/span><\/h2>\n\n\n\n<p>Este resumo pode te ajudar antes de fazer os exerc\u00edcios sobre Vidas Secas.<\/p>\n\n\n\n<p>O livro foi publicado em 1938, logo depois de Graciliano Ramos ter sido liberado da pris\u00e3o. <strong>Ele havia sido encarcerado em 1937 por suspeitas de que estava ligado a ideais comunistas.<\/strong> <\/p>\n\n\n\n<p>Esse tipo de pris\u00e3o era, infelizmente, muito comum nessa \u00e9poca, quando ocorria a batalha de \u201ccapitalismo vs comunismo\u201d.<\/p>\n\n\n\n<p><strong>O livro foi escrito a partir de contos separados<\/strong> para cada um dos personagens principais (os pais, os dois filhos e a cachorrinha Baleia). <\/p>\n\n\n\n<p>Foi o jornal onde Graciliano trabalhava que os havia encomendado.<\/p>\n\n\n\n<p>O livro <em>Vidas Secas<\/em> conta a <strong>hist\u00f3ria de uma fam\u00edlia de retirantes<\/strong> nordestinos que precisa frequentemente enfrentar a seca e outros problemas regionais e pessoais. <\/p>\n\n\n\n<p>\u00c9 uma obra que explora bem a mis\u00e9ria real que aflige tantas fam\u00edlias no Brasil.<\/p>\n\n\n\n<p>Graciliano Ramos faz quest\u00e3o de deixar <strong>cr\u00edticas sociais<\/strong> bem assertivas ao mesmo tempo em que detalha a parte psicol\u00f3gica dos personagens. <\/p>\n\n\n\n<p>O seu <strong>estilo \u00e9 objetivo, curto, conciso e seco.<\/strong><\/p>\n\n\n\n<p>Os cr\u00edticos entendem que essa linguagem seca do autor \u00e9 perfeita para a hist\u00f3ria que est\u00e1 sendo contada e faz com que possamos sentir, ainda mais forte,<strong> toda a dor e secura daquelas vidas.<\/strong><\/p>\n\n\n\n<p>Agora que j\u00e1 explicamos um pouco sobre o contexto hist\u00f3rico da obra, chegou a hora de avaliar os seus conhecimentos com as quest\u00f5es de vestibular sobre <em>Vidas Secas<\/em>. Est\u00e1 preparado?<\/p>\n\n\n\n<h2 class=\"wp-block-heading\" id=\"5-quest\u00f5es-de-vestibular-sobre-vidas-secas-com-gabarito\"><strong><span style=\"color: #1c609a;\">5 quest\u00f5es de vestibular sobre <em>Vidas Secas com Gabarito<\/em><\/span><\/strong><\/h2>\n\n\n\n<p>Esperamos que, com esse resumo, <strong>tudo tenha ficado mais claro para voc\u00ea. <\/strong><\/p>\n\n\n\n<p><strong>Obrigado<\/strong> por ter lido at\u00e9 aqui!<\/p>\n\n\n\n<p>Baixe <strong>gratuitamente<\/strong> o <a href=\"https:\/\/beduka.com\/blog\/dicas\/enem-dicas\/plano-de-estudos-gratuito\/\" target=\"_blank\" rel=\"noreferrer noopener\">Plano de Estu<\/a><a rel=\"noreferrer noopener\" aria-label=\"do (abre numa nova aba)\" href=\"https:\/\/beduka.com\/blog\/dicas\/enem-dicas\/plano-de-estudos-gratuito\/\" target=\"_blank\">do<\/a><a href=\"https:\/\/beduka.com\/blog\/dicas\/enem-dicas\/plano-de-estudos-gratuito\/\">s<\/a> do <strong>Beduka<\/strong> e tenha uma prepara\u00e7\u00e3o<strong> perfeita <\/strong>para o <strong>ENEM<\/strong>. <\/p>\n\n\n\n<p><strong>Quest\u00e3o 1 &#8211;<\/strong><span style=\"color: #1c609a;\"><b> <a rel=\"noopener noreferrer\" href=\"https:\/\/www.fuvest.br\/\" target=\"_blank\">FUVEST<\/a><\/b> <\/span><\/p>\n\n\n\n<p> Um escritor classificou <i>Vidas secas<\/i> como \u201cromance desmont\u00e1vel\u201d, tendo em vista sua composi\u00e7\u00e3o descont\u00ednua, feita de epis\u00f3dios relativamente independentes e sequ\u00eancias parcialmente truncadas.<\/p>\n\n\n\n<p>Essas caracter\u00edsticas da composi\u00e7\u00e3o do livro:<\/p>\n\n\n\n<p><strong>a) <\/strong>constituem um tra\u00e7o de estilo t\u00edpico dos romances de Graciliano Ramos e do regionalismo nordestino<\/p>\n\n\n\n<p><strong>b) <\/strong>indicam que ele pertence \u00e0 fase inicial de Graciliano Ramos, quando este ainda seguia os ditames do primeiro momento do Modernismo<\/p>\n\n\n\n<p><strong>c)<\/strong> diminuem o seu alcance expressivo, na medida em que dificultam uma vis\u00e3o adequada da realidade sertaneja<\/p>\n\n\n\n<p><strong>d)<\/strong> revelam, nele, a influ\u00eancia da prosa seca e lac\u00f4nica de Euclides da Cunha, em <i>Os Sert\u00f5es<\/i><\/p>\n\n\n\n<p><strong>e)<\/strong> relacionam-se \u00e0 vis\u00e3o limitada e fragment\u00e1ria que as pr\u00f3prias personagens t\u00eam do mundo<\/p>\n\n\n\n<p><strong>Quest\u00e3o 2<\/strong><span style=\"color: #1c609a;\"><b> &#8211; Universidade Federal de Lavras (<a rel=\"noopener noreferrer\" href=\"https:\/\/ufla.br\/\" target=\"_blank\">UFLA<\/a>)<\/b><\/span> <\/p>\n\n\n\n<p>Sobre a obra <i>Vidas Secas<\/i>, de Graciliano Ramos, todas as alternativas est\u00e3o corretas, EXCETO:<\/p>\n\n\n\n<p><strong>a)<\/strong> o romance focaliza uma fam\u00edlia de retirantes, que vive numa esp\u00e9cie de mudez introspectiva, em prec\u00e1rias condi\u00e7\u00f5es f\u00edsicas e num degradante estado de condi\u00e7\u00e3o humana<\/p>\n\n\n\n<p><strong>b) <\/strong>o relato dos fatos e a an\u00e1lise psicol\u00f3gica dos personagens articulam-se com grande coes\u00e3o ao longo da obra, colocando o narrador como decifrador dos comportamentos animalescos dos personagens<\/p>\n\n\n\n<p><strong>c)<\/strong> o ambiente seco e retorcido da caatinga \u00e9 como um personagem presente em todos os momentos, agindo de forma cont\u00ednua sobre os seres vivos<\/p>\n\n\n\n<p><strong>d)<\/strong> a narrativa faz-se em cap\u00edtulos curtos, quase totalmente independentes e sem liga\u00e7\u00e3o cronol\u00f3gica e o narrador \u00e9 incisivo, direto, coerente com a realidade que fixou<\/p>\n\n\n\n<p><strong>e)<\/strong> o narrador preocupa-se exclusivamente com a trag\u00e9dia natural (a seca) e a descri\u00e7\u00e3o do espa\u00e7o n\u00e3o \u00e9 minuciosa; pelo contr\u00e1rio, revela o esp\u00edrito de s\u00edntese do autor<\/p>\n\n\n\n<ul><li><strong>Muito bem!<\/strong> Voc\u00ea chegou \u00e0 metade das Quest\u00f5es sobre Vidas Secas. Continue fazendo o restante.<\/li><\/ul>\n\n\n\n<p><span style=\"color: #1c609a;\"><b>Quest\u00e3o 3 &#8211;<a rel=\"noopener noreferrer\" href=\"https:\/\/www.pucsp.br\/\" target=\"_blank\"> PUC-SP<\/a><\/b><\/span><\/p>\n\n\n\n<p><i>O mulungu do bebedouro cobria-se de arriba\u00e7\u00f5es. Mau sinal, provavelmente o sert\u00e3o ia pegar fogo. Vinham em bandos, arranchavam-se nas \u00e1rvores da beira do rio, descansavam, bebiam e, como em redor n\u00e3o havia comida, seguiam viagem para o Sul. O casal agoniado sonhava desgra\u00e7as. O sol chupava os po\u00e7os, e aquelas excomungadas levavam o resto da \u00e1gua, queriam matar o gado. <\/i><\/p>\n\n\n\n<p><i>(\u2026) Alguns dias antes estava sossegado, preparando l\u00e1tegos, consertando cercas. De repente, um risco no c\u00e9u, outros riscos, milhares de riscos juntos, nuvens, o medonho rumor de asas a anunciar destrui\u00e7\u00e3o. Ele j\u00e1 andava meio desconfiado vendo as fontes minguarem. E olhava com desgosto a brancura das manh\u00e3s longas e a vermelhid\u00e3o sinistra das tardes. (\u2026)<\/i><\/p>\n\n\n\n<p>O trecho acima \u00e9 de <i>Vidas Secas<\/i>, obra de Graciliano Ramos. Dele, \u00e9 incorreto afirmar-se que:<\/p>\n\n\n\n<p><strong>a)<\/strong> prenuncia nova seca e relata a luta incessante que os animais e o homem travam na constante defesa da sobreviv\u00eancia<\/p>\n\n\n\n<p><strong>b)<\/strong> marca-se por fatalismo exagerado, em express\u00e3o como \u201co sert\u00e3o ia pegar fogo\u201d, que impede a manifesta\u00e7\u00e3o po\u00e9tica da linguagem<\/p>\n\n\n\n<p><strong>c)<\/strong> atinge um estado de poesia, ao pintar com imagens visuais, em jogo forte de cores, o quadro da pen\u00faria da seca<\/p>\n\n\n\n<p><strong>d)<\/strong> explora a grada\u00e7\u00e3o, como recurso estil\u00edstico, para anunciar a passagem das aves a caminho do Sul<\/p>\n\n\n\n<p><strong>e)<\/strong> confirma, no deslocamento das aves, a desconfian\u00e7a iminente da trag\u00e9dia, indiciada pela \u201cbrancura das manh\u00e3s longas e a vermelhid\u00e3o sinistra das tardes\u201d<\/p>\n\n\n\n<p><span style=\"color: #1c609a;\"><b>Quest\u00e3o 4 &#8211; <a rel=\"noopener noreferrer\" href=\"https:\/\/new.acafe.org.br\/\" target=\"_blank\">ACAFE \/ SC <\/a><\/b><\/span><\/p>\n\n\n\n<p>Sobre a obra <i>Vidas Secas<\/i>, \u00e9 correto afirmar que:<\/p>\n\n\n\n<p><strong>a)<\/strong> a preocupa\u00e7\u00e3o com a fidedignidade hist\u00f3rica e com o tom \u00e9pico atenua o sentimento dram\u00e1tico da vida, habitualmente presente nos poemas do autor<\/p>\n\n\n\n<p><strong>b) <\/strong>apresenta tem\u00e1tica indianista, a exemplo do que fizera Gon\u00e7alves Dias em <i>Os timbiras<\/i> e <i>Can\u00e7\u00e3o do tamoio<\/i><\/p>\n\n\n\n<p><strong>c)<\/strong> as personagens humanas, em raz\u00e3o da seca, da fome, da mis\u00e9ria e das injusti\u00e7as sociais, animalizam-se; em contrapartida, os bichos humanizam-se<\/p>\n\n\n\n<p><strong>d)<\/strong> Chico Bento, antes da seca, n\u00e3o era vagabundo, nem bandido; era um trabalhador rural<\/p>\n\n\n\n<p><strong>e)<\/strong> narra a hist\u00f3ria de um burgu\u00eas, Paulo Hon\u00f3rio, que passara da condi\u00e7\u00e3o de caixeiro-viajante e guia de cego \u00e0 de rico propriet\u00e1rio de uma fazenda. Para atingir seus objetivos, o protagonista elimina todos os empecilhos que se colocam \u00e0 sua frente, inclusive pessoas<\/p>\n\n\n\n<p><span style=\"color: #1c609a;\"><b>Quest\u00e3o 5 &#8211; <a rel=\"noopener noreferrer\" href=\"https:\/\/www.uniaraxa.edu.br\/\" target=\"_blank\">UNIARAX\u00c1<\/a><\/b><\/span> <\/p>\n\n\n\n<p> Leia o fragmento abaixo transcrito da obra <em>Vidas Secas<\/em> e responda a quest\u00e3o a seguir:<\/p>\n\n\n\n<p><i>Vivia longe dos homens, s\u00f3 se dava bem com animais. Os seus p\u00e9s duros quebravam espinhos e n\u00e3o sentiam a quentura da terra. Montado confundia-se com o cavalo, grudava-se a ele. E falava uma linguagem cantada, monossil\u00e1bica e gutural, que o companheiro entendia. A p\u00e9, n\u00e3o se ag\u00fcentava bem. Pendia para um lado, para o outro lado, cambaio, torto e feio. <\/i><\/p>\n\n\n\n<p><i>\u00c0s vezes, utilizava nas rela\u00e7\u00f5es com as pessoas a mesma l\u00edngua com que se dirigia aos brutos \u2013 exclama\u00e7\u00f5es, onomatop\u00e9ias. Na verdade falava pouco. Admira as palavras compridas e dif\u00edceis da gente da cidade, tentava reproduzir algumas em v\u00e3o, mas sabia que elas eram in\u00fateis e talvez perigosas.<\/i> (Graciliano Ramos)<\/p>\n\n\n\n<p>O texto, no seu conjunto, enfatiza:<\/p>\n\n\n\n<p><strong>a)<\/strong> a pobreza f\u00edsica do personagem<\/p>\n\n\n\n<p><strong>b)<\/strong> a falta de escolaridade do personagem<\/p>\n\n\n\n<p><strong>c) <\/strong>a mis\u00e9ria moral do personagem<\/p>\n\n\n\n<p><strong>d)<\/strong> a identifica\u00e7\u00e3o do personagem com o mundo animal<\/p>\n\n\n\n<p><strong>e)<\/strong> nda<\/p>\n\n\n\n<ul><li><strong>Parab\u00e9ns,<\/strong> voc\u00ea fez todos os Exerc\u00edcios de Vidas Secas, Confira agora o Gabarito: <\/li><\/ul>\n\n\n\n<h3 class=\"wp-block-heading\" id=\"das-quest\u00f5es-de-vestibular-sobre-\"><strong><span style=\"color: #1c609a;\">Gabarito das quest\u00f5es de vestibular sobre <em>Vidas Secas<\/em><\/span><\/strong><\/h3>\n\n\n\n<p>E a\u00ed, estas quest\u00f5es que apresentamos foram f\u00e1ceis ou n\u00e3o? Abaixo voc\u00ea encontra o gabarito:<\/p>\n\n\n\n<p><b><span style=\"color: #1c609a;\">Exerc\u00edcio resolvido da 1\u00aa quest\u00e3o sobre <em>Vidas Secas<\/em><\/span> <\/b><\/p>\n\n\n\n<p><b><span style=\"color: #1c609a;\">Alternativa correta: e)<\/span> <\/b>relacionam-se \u00e0 vis\u00e3o limitada e fragment\u00e1ria que as pr\u00f3prias personagens t\u00eam do mundo<\/p>\n\n\n\n<p><span style=\"color: #1c609a;\"><b>Exerc\u00edcio resolvido da 2\u00aa quest\u00e3o sobre <em>Vidas Seca<\/em>s<\/b><\/span><\/p>\n\n\n\n<p><span style=\"color: #1c609a;\"><b><strong>Alternativa correta:<\/strong><\/b><\/span> <span style=\"color: #1c609a;\"><b>e) <\/b><\/span>o narrador preocupa-se exclusivamente com a trag\u00e9dia natural (a seca) e a descri\u00e7\u00e3o do espa\u00e7o n\u00e3o \u00e9 minuciosa; pelo contr\u00e1rio, revela o esp\u00edrito de s\u00edntese do autor<\/p>\n\n\n\n<p><b><span style=\"color: #1c609a;\">Exerc\u00edcio resolvido da 3\u00aa quest\u00e3o sobre <em>Vidas Secas<\/em><\/span><\/b><\/p>\n\n\n\n<p><b><span style=\"color: #1c609a;\"><strong>Alternativa correta:<\/strong><\/span><\/b> <b><span style=\"color: #1c609a;\">b)<\/span> <\/b>marca-se por fatalismo exagerado, em express\u00e3o como \u201co sert\u00e3o ia pegar fogo\u201d, que impede a manifesta\u00e7\u00e3o po\u00e9tica da linguagem<\/p>\n\n\n\n<p><b><span style=\"color: #1c609a;\">Exerc\u00edcio resolvido da 4\u00aa quest\u00e3o sobre <em>Vidas Secas<\/em><\/span><\/b><\/p>\n\n\n\n<p><b><span style=\"color: #1c609a;\"><strong>Alternativa correta:<\/strong><\/span><\/b> <b><span style=\"color: #1c609a;\">c) <\/span><\/b>as personagens humanas, em raz\u00e3o da seca, da fome, da mis\u00e9ria e das injusti\u00e7as sociais, animalizam-se; em contrapartida, os bichos humanizam-se<\/p>\n\n\n\n<p><span style=\"color: #1c609a;\"><b>Exerc\u00edcio resolvido da 5\u00aa quest\u00e3o sobre <em>Vidas Secas<\/em><\/b><\/span><\/p>\n\n\n\n<p><span style=\"color: #1c609a;\"><b><strong>Alternativa correta:<\/strong><\/b><\/span> <span style=\"color: #1c609a;\"><b>d) <\/b><\/span>a identifica\u00e7\u00e3o do personagem com o mundo animal<\/p>\n\n\n\n<p>Gostou dos nossos <strong>Exerc\u00edcios sobre Vidas Secas?<\/strong> Compartilhe com os seus amigos e comente abaixo sobre as \u00e1reas que voc\u00ea deseja mais explica\u00e7\u00f5es. <\/p>\n\n\n\n<p>Queremos te ajudar a encontrar a <strong>FACULDADE IDEAL<\/strong>! Logo abaixo, fa\u00e7a uma pesquisa por curso e cidade que te mostraremos todas as faculdades que podem te atender. <strong>Informamos a nota de corte, valor de mensalidade, nota do MEC, avalia\u00e7\u00e3o dos alunos, modalidades de ensino e muito mais.<\/strong><\/p>\n\n\n\n<p>Experimente agora!<\/p>\n","protected":false},"excerpt":{"rendered":"<p>Vidas Secas \u00e9 o livro mais famoso do escritor Graciliano Ramos, da segunda fase modernista. Ele tem aspectos realistas e regionalistas, t\u00edpicos desse movimento. Al\u00e9m disso, \u00e9 uma das obras que mais caem em vestibulares e no ENEM. Leia nosso resumo e coloque seu conhecimento em pr\u00e1tica com as melhores quest\u00f5es sobre Vidas Secas. Neste [&hellip;]<\/p>\n","protected":false},"author":1,"featured_media":23208,"comment_status":"open","ping_status":"open","sticky":false,"template":"","format":"standard","meta":{"_mi_skip_tracking":false,"_monsterinsights_sitenote_active":false,"_monsterinsights_sitenote_note":"","_monsterinsights_sitenote_category":0},"categories":[609],"tags":[585],"yoast_head":"<!-- This site is optimized with the Yoast SEO plugin v20.10 - https:\/\/yoast.com\/wordpress\/plugins\/seo\/ -->\n<title>As 5 Melhores Quest\u00f5es sobre Vidas Secas [GABARITO]<\/title>\n<meta name=\"description\" content=\"\u25b7 Qual o contexto hist\u00f3rico do livro de Graciliano Ramos? A obra pertence a qual movimento liter\u00e1rio? O que mais \u00e9 cobrado? Veja quest\u00f5es sobre Vidas Secas.\" \/>\n<meta name=\"robots\" content=\"index, follow, max-snippet:-1, max-image-preview:large, max-video-preview:-1\" \/>\n<link rel=\"canonical\" href=\"https:\/\/beduka.com\/blog\/exercicios\/literatura-exercicios\/questoes-vestibular-sobre-vidas-secas\/\" \/>\n<meta property=\"og:locale\" content=\"pt_BR\" \/>\n<meta property=\"og:type\" content=\"article\" \/>\n<meta property=\"og:title\" content=\"As 5 Melhores Quest\u00f5es sobre Vidas Secas [GABARITO]\" \/>\n<meta property=\"og:description\" content=\"\u25b7 Qual o contexto hist\u00f3rico do livro de Graciliano Ramos? A obra pertence a qual movimento liter\u00e1rio? O que mais \u00e9 cobrado? Veja quest\u00f5es sobre Vidas Secas.\" \/>\n<meta property=\"og:url\" content=\"https:\/\/beduka.com\/blog\/exercicios\/literatura-exercicios\/questoes-vestibular-sobre-vidas-secas\/\" \/>\n<meta property=\"og:site_name\" content=\"Blog do Beduka | Mat\u00e9rias resumidas, Dicas e Exerc\u00edcios Enem\" \/>\n<meta property=\"article:publisher\" content=\"https:\/\/www.facebook.com\/beduka.buscadordefaculdades\/\" \/>\n<meta property=\"article:author\" content=\"https:\/\/www.facebook.com\/beduka.buscadordefaculdades\" \/>\n<meta property=\"article:published_time\" content=\"2018-10-30T02:15:13+00:00\" \/>\n<meta property=\"article:modified_time\" content=\"2021-09-15T18:13:23+00:00\" \/>\n<meta property=\"og:image\" content=\"https:\/\/beduka.com\/blog\/wp-content\/uploads\/2018\/10\/AS-5-MELHORES-QUESTOES-SOBRE-O-LIVRO-VIDA-SECAS-DE-GRACILIANO-RAMOS.jpg\" \/>\n\t<meta property=\"og:image:width\" content=\"609\" \/>\n\t<meta property=\"og:image:height\" content=\"342\" \/>\n\t<meta property=\"og:image:type\" content=\"image\/jpeg\" \/>\n<meta name=\"author\" content=\"Reda\u00e7\u00e3o Beduka (a)\" \/>\n<meta name=\"twitter:card\" content=\"summary_large_image\" \/>\n<meta name=\"twitter:label1\" content=\"Escrito por\" \/>\n\t<meta name=\"twitter:data1\" content=\"Reda\u00e7\u00e3o Beduka (a)\" \/>\n\t<meta name=\"twitter:label2\" content=\"Est. tempo de leitura\" \/>\n\t<meta name=\"twitter:data2\" content=\"9 minutos\" \/>\n<script type=\"application\/ld+json\" class=\"yoast-schema-graph\">{\"@context\":\"https:\/\/schema.org\",\"@graph\":[{\"@type\":\"Article\",\"@id\":\"https:\/\/beduka.com\/blog\/exercicios\/literatura-exercicios\/questoes-vestibular-sobre-vidas-secas\/#article\",\"isPartOf\":{\"@id\":\"https:\/\/beduka.com\/blog\/exercicios\/literatura-exercicios\/questoes-vestibular-sobre-vidas-secas\/\"},\"author\":{\"name\":\"Reda\u00e7\u00e3o Beduka (a)\",\"@id\":\"https:\/\/beduka.com\/blog\/#\/schema\/person\/325d912d2cb8dd9ede8ab291427d2b8a\"},\"headline\":\"As 5 Melhores Quest\u00f5es sobre Vidas Secas com Gabarito\",\"datePublished\":\"2018-10-30T02:15:13+00:00\",\"dateModified\":\"2021-09-15T18:13:23+00:00\",\"mainEntityOfPage\":{\"@id\":\"https:\/\/beduka.com\/blog\/exercicios\/literatura-exercicios\/questoes-vestibular-sobre-vidas-secas\/\"},\"wordCount\":1780,\"commentCount\":2,\"publisher\":{\"@id\":\"https:\/\/beduka.com\/blog\/#organization\"},\"keywords\":[\"literatura\"],\"articleSection\":[\"Literatura\"],\"inLanguage\":\"pt-BR\",\"potentialAction\":[{\"@type\":\"CommentAction\",\"name\":\"Comment\",\"target\":[\"https:\/\/beduka.com\/blog\/exercicios\/literatura-exercicios\/questoes-vestibular-sobre-vidas-secas\/#respond\"]}]},{\"@type\":\"WebPage\",\"@id\":\"https:\/\/beduka.com\/blog\/exercicios\/literatura-exercicios\/questoes-vestibular-sobre-vidas-secas\/\",\"url\":\"https:\/\/beduka.com\/blog\/exercicios\/literatura-exercicios\/questoes-vestibular-sobre-vidas-secas\/\",\"name\":\"As 5 Melhores Quest\u00f5es sobre Vidas Secas [GABARITO]\",\"isPartOf\":{\"@id\":\"https:\/\/beduka.com\/blog\/#website\"},\"datePublished\":\"2018-10-30T02:15:13+00:00\",\"dateModified\":\"2021-09-15T18:13:23+00:00\",\"description\":\"\u25b7 Qual o contexto hist\u00f3rico do livro de Graciliano Ramos? A obra pertence a qual movimento liter\u00e1rio? O que mais \u00e9 cobrado? Veja quest\u00f5es sobre Vidas Secas.\",\"breadcrumb\":{\"@id\":\"https:\/\/beduka.com\/blog\/exercicios\/literatura-exercicios\/questoes-vestibular-sobre-vidas-secas\/#breadcrumb\"},\"inLanguage\":\"pt-BR\",\"potentialAction\":[{\"@type\":\"ReadAction\",\"target\":[\"https:\/\/beduka.com\/blog\/exercicios\/literatura-exercicios\/questoes-vestibular-sobre-vidas-secas\/\"]}]},{\"@type\":\"BreadcrumbList\",\"@id\":\"https:\/\/beduka.com\/blog\/exercicios\/literatura-exercicios\/questoes-vestibular-sobre-vidas-secas\/#breadcrumb\",\"itemListElement\":[{\"@type\":\"ListItem\",\"position\":1,\"name\":\"Home\",\"item\":\"https:\/\/beduka.com\/blog\/\"},{\"@type\":\"ListItem\",\"position\":2,\"name\":\"As 5 Melhores Quest\u00f5es sobre Vidas Secas com Gabarito\"}]},{\"@type\":\"WebSite\",\"@id\":\"https:\/\/beduka.com\/blog\/#website\",\"url\":\"https:\/\/beduka.com\/blog\/\",\"name\":\"Blog do Beduka | Mat\u00e9rias resumidas, Dicas e Exerc\u00edcios Enem\",\"description\":\"O Blog do Beduka tem os conte\u00fados que mais caem no Enem, exerc\u00edcios de vestibular com gabarito, resumos, dicas e informa\u00e7\u00f5es Sisu, Prouni e Fies.Encontre dicas para o ENEM, resumos, exerc\u00edcios e informa\u00e7\u00f5es sobre os vestibulares. Acesse agora!\",\"publisher\":{\"@id\":\"https:\/\/beduka.com\/blog\/#organization\"},\"potentialAction\":[{\"@type\":\"SearchAction\",\"target\":{\"@type\":\"EntryPoint\",\"urlTemplate\":\"https:\/\/beduka.com\/blog\/?s={search_term_string}\"},\"query-input\":\"required name=search_term_string\"}],\"inLanguage\":\"pt-BR\"},{\"@type\":\"Organization\",\"@id\":\"https:\/\/beduka.com\/blog\/#organization\",\"name\":\"Beduka\",\"url\":\"https:\/\/beduka.com\/blog\/\",\"logo\":{\"@type\":\"ImageObject\",\"inLanguage\":\"pt-BR\",\"@id\":\"https:\/\/beduka.com\/blog\/#\/schema\/logo\/image\/\",\"url\":\"https:\/\/beduka.com\/blog\/wp-content\/uploads\/2020\/06\/marca-beduka.png\",\"contentUrl\":\"https:\/\/beduka.com\/blog\/wp-content\/uploads\/2020\/06\/marca-beduka.png\",\"width\":1077,\"height\":368,\"caption\":\"Beduka\"},\"image\":{\"@id\":\"https:\/\/beduka.com\/blog\/#\/schema\/logo\/image\/\"},\"sameAs\":[\"https:\/\/www.facebook.com\/beduka.buscadordefaculdades\/\",\"https:\/\/www.instagram.com\/beduka_oficial\/\",\"https:\/\/www.linkedin.com\/company\/beduka\",\"https:\/\/br.pinterest.com\/bedukaoficial\/\",\"https:\/\/www.youtube.com\/beduka\"]},{\"@type\":\"Person\",\"@id\":\"https:\/\/beduka.com\/blog\/#\/schema\/person\/325d912d2cb8dd9ede8ab291427d2b8a\",\"name\":\"Reda\u00e7\u00e3o Beduka (a)\",\"image\":{\"@type\":\"ImageObject\",\"inLanguage\":\"pt-BR\",\"@id\":\"https:\/\/beduka.com\/blog\/#\/schema\/person\/image\/\",\"url\":\"https:\/\/secure.gravatar.com\/avatar\/6f58a181ef24e0dc0bb73f096aa0f8b5?s=96&d=mm&r=g\",\"contentUrl\":\"https:\/\/secure.gravatar.com\/avatar\/6f58a181ef24e0dc0bb73f096aa0f8b5?s=96&d=mm&r=g\",\"caption\":\"Reda\u00e7\u00e3o Beduka (a)\"},\"description\":\"Este conte\u00fado foi criado e validado por uma equipe multidisciplinar, formada por especialistas em cada \u00e1rea do conhecimento. O Beduka est\u00e1 presente no Instagram, YouTube, LinkedIn e em diversos outros ambientes digitais. O site foi criado em 2017 e, desde a sua funda\u00e7\u00e3o, atua para fornecer materiais de qualidade para facilitar a vida de estudantes de todo o Brasil, ajudando-os a se preparar para os principais vestibulares e o Enem.\",\"sameAs\":[\"https:\/\/www.facebook.com\/beduka.buscadordefaculdades\",\"https:\/\/www.instagram.com\/beduka_oficial\/\",\"https:\/\/br.pinterest.com\/bedukaoficial\/\"],\"url\":\"https:\/\/beduka.com\/blog\/author\/admin\/\"}]}<\/script>\n<!-- \/ Yoast SEO plugin. -->","yoast_head_json":{"title":"As 5 Melhores Quest\u00f5es sobre Vidas Secas [GABARITO]","description":"\u25b7 Qual o contexto hist\u00f3rico do livro de Graciliano Ramos? A obra pertence a qual movimento liter\u00e1rio? O que mais \u00e9 cobrado? Veja quest\u00f5es sobre Vidas Secas.","robots":{"index":"index","follow":"follow","max-snippet":"max-snippet:-1","max-image-preview":"max-image-preview:large","max-video-preview":"max-video-preview:-1"},"canonical":"https:\/\/beduka.com\/blog\/exercicios\/literatura-exercicios\/questoes-vestibular-sobre-vidas-secas\/","og_locale":"pt_BR","og_type":"article","og_title":"As 5 Melhores Quest\u00f5es sobre Vidas Secas [GABARITO]","og_description":"\u25b7 Qual o contexto hist\u00f3rico do livro de Graciliano Ramos? A obra pertence a qual movimento liter\u00e1rio? O que mais \u00e9 cobrado? Veja quest\u00f5es sobre Vidas Secas.","og_url":"https:\/\/beduka.com\/blog\/exercicios\/literatura-exercicios\/questoes-vestibular-sobre-vidas-secas\/","og_site_name":"Blog do Beduka | Mat\u00e9rias resumidas, Dicas e Exerc\u00edcios Enem","article_publisher":"https:\/\/www.facebook.com\/beduka.buscadordefaculdades\/","article_author":"https:\/\/www.facebook.com\/beduka.buscadordefaculdades","article_published_time":"2018-10-30T02:15:13+00:00","article_modified_time":"2021-09-15T18:13:23+00:00","og_image":[{"width":609,"height":342,"url":"https:\/\/beduka.com\/blog\/wp-content\/uploads\/2018\/10\/AS-5-MELHORES-QUESTOES-SOBRE-O-LIVRO-VIDA-SECAS-DE-GRACILIANO-RAMOS.jpg","type":"image\/jpeg"}],"author":"Reda\u00e7\u00e3o Beduka (a)","twitter_card":"summary_large_image","twitter_misc":{"Escrito por":"Reda\u00e7\u00e3o Beduka (a)","Est. tempo de leitura":"9 minutos"},"schema":{"@context":"https:\/\/schema.org","@graph":[{"@type":"Article","@id":"https:\/\/beduka.com\/blog\/exercicios\/literatura-exercicios\/questoes-vestibular-sobre-vidas-secas\/#article","isPartOf":{"@id":"https:\/\/beduka.com\/blog\/exercicios\/literatura-exercicios\/questoes-vestibular-sobre-vidas-secas\/"},"author":{"name":"Reda\u00e7\u00e3o Beduka (a)","@id":"https:\/\/beduka.com\/blog\/#\/schema\/person\/325d912d2cb8dd9ede8ab291427d2b8a"},"headline":"As 5 Melhores Quest\u00f5es sobre Vidas Secas com Gabarito","datePublished":"2018-10-30T02:15:13+00:00","dateModified":"2021-09-15T18:13:23+00:00","mainEntityOfPage":{"@id":"https:\/\/beduka.com\/blog\/exercicios\/literatura-exercicios\/questoes-vestibular-sobre-vidas-secas\/"},"wordCount":1780,"commentCount":2,"publisher":{"@id":"https:\/\/beduka.com\/blog\/#organization"},"keywords":["literatura"],"articleSection":["Literatura"],"inLanguage":"pt-BR","potentialAction":[{"@type":"CommentAction","name":"Comment","target":["https:\/\/beduka.com\/blog\/exercicios\/literatura-exercicios\/questoes-vestibular-sobre-vidas-secas\/#respond"]}]},{"@type":"WebPage","@id":"https:\/\/beduka.com\/blog\/exercicios\/literatura-exercicios\/questoes-vestibular-sobre-vidas-secas\/","url":"https:\/\/beduka.com\/blog\/exercicios\/literatura-exercicios\/questoes-vestibular-sobre-vidas-secas\/","name":"As 5 Melhores Quest\u00f5es sobre Vidas Secas [GABARITO]","isPartOf":{"@id":"https:\/\/beduka.com\/blog\/#website"},"datePublished":"2018-10-30T02:15:13+00:00","dateModified":"2021-09-15T18:13:23+00:00","description":"\u25b7 Qual o contexto hist\u00f3rico do livro de Graciliano Ramos? A obra pertence a qual movimento liter\u00e1rio? O que mais \u00e9 cobrado? Veja quest\u00f5es sobre Vidas Secas.","breadcrumb":{"@id":"https:\/\/beduka.com\/blog\/exercicios\/literatura-exercicios\/questoes-vestibular-sobre-vidas-secas\/#breadcrumb"},"inLanguage":"pt-BR","potentialAction":[{"@type":"ReadAction","target":["https:\/\/beduka.com\/blog\/exercicios\/literatura-exercicios\/questoes-vestibular-sobre-vidas-secas\/"]}]},{"@type":"BreadcrumbList","@id":"https:\/\/beduka.com\/blog\/exercicios\/literatura-exercicios\/questoes-vestibular-sobre-vidas-secas\/#breadcrumb","itemListElement":[{"@type":"ListItem","position":1,"name":"Home","item":"https:\/\/beduka.com\/blog\/"},{"@type":"ListItem","position":2,"name":"As 5 Melhores Quest\u00f5es sobre Vidas Secas com Gabarito"}]},{"@type":"WebSite","@id":"https:\/\/beduka.com\/blog\/#website","url":"https:\/\/beduka.com\/blog\/","name":"Blog do Beduka | Mat\u00e9rias resumidas, Dicas e Exerc\u00edcios Enem","description":"O Blog do Beduka tem os conte\u00fados que mais caem no Enem, exerc\u00edcios de vestibular com gabarito, resumos, dicas e informa\u00e7\u00f5es Sisu, Prouni e Fies.Encontre dicas para o ENEM, resumos, exerc\u00edcios e informa\u00e7\u00f5es sobre os vestibulares. Acesse agora!","publisher":{"@id":"https:\/\/beduka.com\/blog\/#organization"},"potentialAction":[{"@type":"SearchAction","target":{"@type":"EntryPoint","urlTemplate":"https:\/\/beduka.com\/blog\/?s={search_term_string}"},"query-input":"required name=search_term_string"}],"inLanguage":"pt-BR"},{"@type":"Organization","@id":"https:\/\/beduka.com\/blog\/#organization","name":"Beduka","url":"https:\/\/beduka.com\/blog\/","logo":{"@type":"ImageObject","inLanguage":"pt-BR","@id":"https:\/\/beduka.com\/blog\/#\/schema\/logo\/image\/","url":"https:\/\/beduka.com\/blog\/wp-content\/uploads\/2020\/06\/marca-beduka.png","contentUrl":"https:\/\/beduka.com\/blog\/wp-content\/uploads\/2020\/06\/marca-beduka.png","width":1077,"height":368,"caption":"Beduka"},"image":{"@id":"https:\/\/beduka.com\/blog\/#\/schema\/logo\/image\/"},"sameAs":["https:\/\/www.facebook.com\/beduka.buscadordefaculdades\/","https:\/\/www.instagram.com\/beduka_oficial\/","https:\/\/www.linkedin.com\/company\/beduka","https:\/\/br.pinterest.com\/bedukaoficial\/","https:\/\/www.youtube.com\/beduka"]},{"@type":"Person","@id":"https:\/\/beduka.com\/blog\/#\/schema\/person\/325d912d2cb8dd9ede8ab291427d2b8a","name":"Reda\u00e7\u00e3o Beduka (a)","image":{"@type":"ImageObject","inLanguage":"pt-BR","@id":"https:\/\/beduka.com\/blog\/#\/schema\/person\/image\/","url":"https:\/\/secure.gravatar.com\/avatar\/6f58a181ef24e0dc0bb73f096aa0f8b5?s=96&d=mm&r=g","contentUrl":"https:\/\/secure.gravatar.com\/avatar\/6f58a181ef24e0dc0bb73f096aa0f8b5?s=96&d=mm&r=g","caption":"Reda\u00e7\u00e3o Beduka (a)"},"description":"Este conte\u00fado foi criado e validado por uma equipe multidisciplinar, formada por especialistas em cada \u00e1rea do conhecimento. O Beduka est\u00e1 presente no Instagram, YouTube, LinkedIn e em diversos outros ambientes digitais. O site foi criado em 2017 e, desde a sua funda\u00e7\u00e3o, atua para fornecer materiais de qualidade para facilitar a vida de estudantes de todo o Brasil, ajudando-os a se preparar para os principais vestibulares e o Enem.","sameAs":["https:\/\/www.facebook.com\/beduka.buscadordefaculdades","https:\/\/www.instagram.com\/beduka_oficial\/","https:\/\/br.pinterest.com\/bedukaoficial\/"],"url":"https:\/\/beduka.com\/blog\/author\/admin\/"}]}},"_links":{"self":[{"href":"https:\/\/beduka.com\/blog\/wp-json\/wp\/v2\/posts\/1893"}],"collection":[{"href":"https:\/\/beduka.com\/blog\/wp-json\/wp\/v2\/posts"}],"about":[{"href":"https:\/\/beduka.com\/blog\/wp-json\/wp\/v2\/types\/post"}],"author":[{"embeddable":true,"href":"https:\/\/beduka.com\/blog\/wp-json\/wp\/v2\/users\/1"}],"replies":[{"embeddable":true,"href":"https:\/\/beduka.com\/blog\/wp-json\/wp\/v2\/comments?post=1893"}],"version-history":[{"count":14,"href":"https:\/\/beduka.com\/blog\/wp-json\/wp\/v2\/posts\/1893\/revisions"}],"predecessor-version":[{"id":23193,"href":"https:\/\/beduka.com\/blog\/wp-json\/wp\/v2\/posts\/1893\/revisions\/23193"}],"wp:featuredmedia":[{"embeddable":true,"href":"https:\/\/beduka.com\/blog\/wp-json\/wp\/v2\/media\/23208"}],"wp:attachment":[{"href":"https:\/\/beduka.com\/blog\/wp-json\/wp\/v2\/media?parent=1893"}],"wp:term":[{"taxonomy":"category","embeddable":true,"href":"https:\/\/beduka.com\/blog\/wp-json\/wp\/v2\/categories?post=1893"},{"taxonomy":"post_tag","embeddable":true,"href":"https:\/\/beduka.com\/blog\/wp-json\/wp\/v2\/tags?post=1893"}],"curies":[{"name":"wp","href":"https:\/\/api.w.org\/{rel}","templated":true}]}}