{"id":18987,"date":"2020-12-03T10:22:07","date_gmt":"2020-12-03T13:22:07","guid":{"rendered":"https:\/\/beduka.com\/blog\/?p=18987"},"modified":"2020-12-03T10:22:08","modified_gmt":"2020-12-03T13:22:08","slug":"termos-da-oracao","status":"publish","type":"post","link":"https:\/\/beduka.com\/blog\/materias\/portugues\/termos-da-oracao\/","title":{"rendered":"Termos da ora\u00e7\u00e3o: entenda quais s\u00e3o eles e como us\u00e1-los!"},"content":{"rendered":"\n<p>Os termos da ora\u00e7\u00e3o s\u00e3o aquelas palavras que t\u00eam uma fun\u00e7\u00e3o sint\u00e1tica bem definida. Eles podem ser divididos em tr\u00eas grupos de acordo com a sua relev\u00e2ncia: termos essenciais (sujeitos e predicados), termos integrantes (complementos nominais, verbais e agente da passiva) e termos acess\u00f3rios (adjuntos adnominais e adverbiais, aposto e vocativo).&nbsp;<br><\/p>\n\n\n\n<p><strong>Neste artigo sobre os termos da ora\u00e7\u00e3o, voc\u00ea encontrar\u00e1:<\/strong><br><\/p>\n\n\n\n<ol><li>O que significa ser um termo da ora\u00e7\u00e3o?<\/li><li>Quantos e quais s\u00e3o os termos da ora\u00e7\u00e3o?<\/li><li>Termos essenciais, integrantes e acess\u00f3rios&nbsp;<\/li><li>Exemplos explicados!<\/li><\/ol>\n\n\n\n<ul><li><strong>Estudando para as provas?<\/strong> Conhe\u00e7a <strong>o melhor<\/strong> <a href=\"https:\/\/beduka.com\/blog\/dicas\/enem-dicas\/simulados-para-enem-online-e-gratuito\/\" target=\"_blank\" rel=\"noreferrer noopener\" aria-label=\" (abre numa nova aba)\">Simulado gratuito<\/a> <strong>do Brasil<\/strong>, que pode ser personalizado com as mat\u00e9rias que voc\u00ea mais precisa!<\/li><\/ul>\n\n\n\n<h2 class=\"wp-block-heading\">O que significa termos da ora\u00e7\u00e3o?<\/h2>\n\n\n\n<p>Na L\u00edngua Portuguesa, um <strong>termo <\/strong>\u00e9 simplesmente uma <strong>palavra que possui fun\u00e7\u00e3o espec\u00edfica<\/strong>. Neste caso estamos no contexto da <a href=\"https:\/\/beduka.com\/blog\/materias\/portugues\/o-que-e-sintaxe\/\" target=\"_blank\" rel=\"noreferrer noopener\" aria-label=\" (abre numa nova aba)\">Sintaxe<\/a>, ent\u00e3o o termo \u00e9 analisado dentro da <strong>fun\u00e7\u00e3o sint\u00e1tica que ele desempenha na ora\u00e7\u00e3o.<\/strong><br><\/p>\n\n\n\n<p>J\u00e1 a <strong>ora\u00e7\u00e3o <\/strong>\u00e9 o <strong>conjunto de<\/strong> <strong>palavras<\/strong> que <strong>transmite uma mensagem<\/strong>. Nela, o <strong>centro da a\u00e7\u00e3o \u00e9 <\/strong>expressado pela presen\u00e7a de um <a href=\"https:\/\/beduka.com\/blog\/materias\/portugues\/o-que-sao-verbos\/\" target=\"_blank\" rel=\"noreferrer noopener\" aria-label=\" (abre numa nova aba)\">verbo<\/a>.\u00a0<br><\/p>\n\n\n\n<p>A ora\u00e7\u00e3o \u00e9 constitu\u00edda por diversos termos, da\u00ed surge a express\u00e3o termos da ora\u00e7\u00e3o. Nesse contexto classificamos e agrupamos os termos dependendo de suas fun\u00e7\u00f5es.<\/p>\n\n\n\n<h3 class=\"wp-block-heading\">Quantos e quais s\u00e3o os termos da ora\u00e7\u00e3o?<\/h3>\n\n\n\n<p>Os termos da ora\u00e7\u00e3o s\u00e3o divididos e classificados em <strong>tr\u00eas grupos hier\u00e1rquicos<\/strong>, isso significa que eles t\u00eam uma ordem de import\u00e2ncia. Do mais relevante para o menos, <strong>os 3&nbsp; grupos s\u00e3o<\/strong>:&nbsp;<\/p>\n\n\n\n<ul><li>Termos <strong>essenciais<\/strong><\/li><li>Termos <strong>integrantes<\/strong><\/li><li>Termos <strong>acess\u00f3rios<\/strong>&nbsp;<\/li><\/ul>\n\n\n\n<h2 class=\"wp-block-heading\">Quais s\u00e3o os termos essenciais, integrantes e acess\u00f3rios da ora\u00e7\u00e3o?<\/h2>\n\n\n\n<p><strong>Os termos essenciais<\/strong> s\u00e3o sujeitos e predicados, <strong>os termos integrantes<\/strong> s\u00e3o os complementos verbais, nominais e o agente da passiva. J\u00e1 <strong>os termos acess\u00f3rios<\/strong> s\u00e3o os adjuntos adnominais, adverbiais e o aposto.<br><\/p>\n\n\n\n<p>Colocamos uma <strong>explica\u00e7\u00e3o mais detalhada<\/strong> a seguir para facilitar sua compreens\u00e3o. <strong>Veja<\/strong>:<\/p>\n\n\n\n<h2 class=\"wp-block-heading\">O que s\u00e3o Termos essenciais?&nbsp;<\/h2>\n\n\n\n<p>S\u00e3o chamados de termos essenciais porque <strong>\u00e9 necess\u00e1rio t\u00ea-los na ora\u00e7\u00e3o para que ela exista.<\/strong> Sem eles, nada faz sentido algum e \u00e9 em torno deles que toda a ora\u00e7\u00e3o se estrutura e est\u00e1 relacionada.<\/p>\n\n\n\n<h3 class=\"wp-block-heading\">Sujeito<\/h3>\n\n\n\n<p>Ele \u00e9 quem faz a a\u00e7\u00e3o, o protagonista, \u00e9 sobre quem se declara algo. O verbo e os adjetivos se flexionam de acordo com ele.\u00a0<\/p>\n\n\n\n<p>Exemplo: <\/p>\n\n\n\n<blockquote class=\"wp-block-quote\"><p>\u201c <span style=\"text-decoration: underline;\">Os cozinheiros<\/span> atrasaram o jantar.\u201d<\/p><\/blockquote>\n\n\n\n<p><strong>Os sujeitos podem ser compostos, simples, ocultos e indeterminados.<\/strong> Ainda podemos dividi-los em partes como o n\u00facleo e <a href=\"https:\/\/beduka.com\/blog\/materias\/portugues\/o-que-sao-artigos\/\" target=\"_blank\" rel=\"noreferrer noopener\" aria-label=\" (abre numa nova aba)\">artigos<\/a>. O n\u00facleo do sujeito pode ser um substantivo (cozinheiros), pronome (eles), numeral ou qualquer palavra substantivada. <a rel=\"noreferrer noopener\" aria-label=\" (abre numa nova aba)\" href=\"https:\/\/beduka.com\/blog\/exercicios\/portugues-exercicios\/exercicios-sobre-sujeito-e-predicado\/\" target=\"_blank\">Saiba mais sobre os sujeitos!<\/a><\/p>\n\n\n\n<h3 class=\"wp-block-heading\">Predicado<\/h3>\n\n\n\n<p><strong>O predicado \u00e9 tudo aquilo que se diz sobre o sujeito.<\/strong> Quando identificamos o sujeito da ora\u00e7\u00e3o e tiramos ele, tudo o que sobra \u00e9 o predicado.<\/p>\n\n\n\n<p>Exemplo: <\/p>\n\n\n\n<blockquote class=\"wp-block-quote\"><p>\u201cAs alunas <span style=\"text-decoration: underline;\">chegaram atrasadas por causa da chuva<\/span>\u201d<\/p><\/blockquote>\n\n\n\n<ul><li>Os predicados podem ser verbais ou nominais, mas voc\u00ea pode saber mais sobre isso no nosso <a href=\"https:\/\/beduka.com\/blog\/exercicios\/portugues-exercicios\/exercicios-sobre-sujeito-e-predicado\/\" target=\"_blank\" rel=\"noreferrer noopener\" aria-label=\" (abre numa nova aba)\">artigo de predicados<\/a>.<\/li><\/ul>\n\n\n\n<h2 class=\"wp-block-heading\">O que s\u00e3o Termos integrantes?<\/h2>\n\n\n\n<p>S\u00e3o chamados de termos integrantes porque <strong>completam o sentido dos verbos e dos nomes<\/strong>. Eles n\u00e3o possuem sentido completo em si (sozinhos) como os essenciais. Assim, eles integram o significado dos essenciais.&nbsp;<\/p>\n\n\n\n<h3 class=\"wp-block-heading\">Complementos nominais<\/h3>\n\n\n\n<p>Ele completa o sentido de um substantivo, adjetivo ou adv\u00e9rbio. Necessariamente, precisa estar com uma <a href=\"https:\/\/beduka.com\/blog\/materias\/portugues\/o-que-e-uma-preposicao\/\" target=\"_blank\" rel=\"noreferrer noopener\" aria-label=\" (abre numa nova aba)\">preposi\u00e7\u00e3o<\/a>.<\/p>\n\n\n\n<p>Exemplo: <\/p>\n\n\n\n<blockquote class=\"wp-block-quote\"><p>\u201cN\u00e3o devemos ter <strong>medo<\/strong> <span style=\"text-decoration: underline;\">de morrer<\/span>\u201d<\/p><\/blockquote>\n\n\n\n<p>O substantivo est\u00e1 em negrito e o <a href=\"https:\/\/beduka.com\/blog\/materias\/portugues\/o-que-e-complemento-nominal\/\" target=\"_blank\" rel=\"noreferrer noopener\" aria-label=\" (abre numa nova aba)\">complemento nominal<\/a> est\u00e1 sublinhado.<\/p>\n\n\n\n<h3 class=\"wp-block-heading\">Complementos verbais (objeto direto e objeto indireto)<\/h3>\n\n\n\n<p>Ele completa o sentido de um verbo dependendo de sua <a rel=\"noreferrer noopener\" aria-label=\" (abre numa nova aba)\" href=\"https:\/\/beduka.com\/blog\/materias\/portugues\/verbos-transitivos-e-intransitivos\/\" target=\"_blank\">transitividade<\/a>. Se for TD ser\u00e1 um <a rel=\"noreferrer noopener\" aria-label=\" (abre numa nova aba)\" href=\"https:\/\/beduka.com\/blog\/materias\/portugues\/o-que-e-objeto-direto\/\" target=\"_blank\">objeto direto<\/a>, se for TI ser\u00e1 um <a href=\"https:\/\/beduka.com\/blog\/materias\/portugues\/o-que-e-objeto-indireto\/\" target=\"_blank\" rel=\"noreferrer noopener\" aria-label=\" (abre numa nova aba)\">objeto indireto<\/a> (com preposi\u00e7\u00e3o).<\/p>\n\n\n\n<p>Exemplos: <\/p>\n\n\n\n<blockquote class=\"wp-block-quote\"><p>\u201cOs funcion\u00e1rios <strong>ganharam<\/strong> <span style=\"text-decoration: underline;\">pr\u00eamios<\/span>\u201c (direto)<\/p><p>\u201cOs professores <strong>precisam<\/strong> <span style=\"text-decoration: underline;\">de reconhecimento<\/span>\u201c (indireto)<\/p><\/blockquote>\n\n\n\n<p>O verbo est\u00e1 em negrito e o <a href=\"https:\/\/beduka.com\/blog\/materias\/portugues\/o-que-e-complemento-verbal\/\" target=\"_blank\" rel=\"noreferrer noopener\" aria-label=\" (abre numa nova aba)\">complemento verbal<\/a> est\u00e1 sublinhado.<\/p>\n\n\n\n<h3 class=\"wp-block-heading\">Agente da passiva<\/h3>\n\n\n\n<p>O agente da passiva s\u00f3 existe em ora\u00e7\u00f5es que est\u00e3o na <a href=\"https:\/\/beduka.com\/blog\/exercicios\/exercicios-sobre-vozes-verbais\/\" target=\"_blank\" rel=\"noreferrer noopener\" aria-label=\" (abre numa nova aba)\">voz passiva<\/a>. Nesse contexto, ele \u00e9 quem pratica a a\u00e7\u00e3o e sempre vem precedido pela preposi\u00e7\u00e3o por ou de.<\/p>\n\n\n\n<p>Exemplo: <\/p>\n\n\n\n<blockquote class=\"wp-block-quote\"><p>\u201c O \u00faltimo anel foi comprado <span style=\"text-decoration: underline;\">pelo noivo<\/span>.\u201d<\/p><\/blockquote>\n\n\n\n<p>Observe que h\u00e1 voz passiva porque o anel foi comprado, ou seja, ele sofreu a a\u00e7\u00e3o que foi provocada pelo noivo, o agente da passiva.<\/p>\n\n\n\n<h2 class=\"wp-block-heading\">O que s\u00e3o Termos Acess\u00f3rios?<\/h2>\n\n\n\n<p>S\u00e3o chamados de termos acess\u00f3rios porque suas informa\u00e7\u00f5es s\u00e3o dispens\u00e1veis para o intuito principal da ora\u00e7\u00e3o. Na realidade, eles desempenham uma <strong>fun\u00e7\u00e3o secund\u00e1ria<\/strong> e servem para <strong>caracterizar um ser, especificar ou exprimir<\/strong> alguma circunst\u00e2ncia.&nbsp;<\/p>\n\n\n\n<h3 class=\"wp-block-heading\">Adjunto adnominal<\/h3>\n\n\n\n<p>Este \u00e9 o termo que caracteriza, modifica, determina ou qualifica um substantivo. N\u00e3o confunda com os complementos: eles servem para completar o sentido que segue adiante. J\u00e1 os adjuntos adnominais <strong>modificam diretamente o substantivo.<\/strong><\/p>\n\n\n\n<p><strong>Exemplo:<\/strong> <\/p>\n\n\n\n<blockquote class=\"wp-block-quote\"><p>\u201cO carro <span style=\"text-decoration: underline;\">azul <\/span>sofreu um acidente.\u201d<\/p><\/blockquote>\n\n\n\n<p>Se tir\u00e1ssemos o <a href=\"https:\/\/beduka.com\/blog\/materias\/portugues\/o-que-e-adjunto-adnominal\/\" target=\"_blank\" rel=\"noreferrer noopener\" aria-label=\" (abre numa nova aba)\">adjunto adnominal<\/a> da frase, a mensagem principal ainda seria transmitida: o carro sofreu um acidente.<\/p>\n\n\n\n<h3 class=\"wp-block-heading\">Adjunto adverbial<\/h3>\n\n\n\n<p>Esse termo altera o sentido do verbo, do adjetivo ou do adv\u00e9rbio. Novamente, n\u00e3o confunda com os complementos! Os <a href=\"https:\/\/beduka.com\/blog\/tag\/tipos-de-adjunto-adverbial\/\" target=\"_blank\" rel=\"noreferrer noopener\" aria-label=\" (abre numa nova aba)\">adjuntos adverbiais<\/a> podem ser classificados dependendo do efeito que provocam: causa, finalidade, lugar, condi\u00e7\u00e3o, d\u00favida&#8230;<\/p>\n\n\n\n<p>Exemplo: <\/p>\n\n\n\n<blockquote class=\"wp-block-quote\"><p>\u201c Xavier faltou \u00e0 aula <span style=\"text-decoration: underline;\">por causa da catapora<\/span>\u201d<\/p><\/blockquote>\n\n\n\n<p>Se tir\u00e1ssemos o adjunto adverbial de causa da frase, a mensagem principal ainda seria transmitida: Xavier faltou \u00e0 aula.<\/p>\n\n\n\n<h3 class=\"wp-block-heading\">Aposto<\/h3>\n\n\n\n<p>O <a href=\"https:\/\/beduka.com\/blog\/exercicios\/exercicios-sobre-aposto-e-vocativo\/\" target=\"_blank\" rel=\"noreferrer noopener\" aria-label=\" (abre numa nova aba)\">Aposto<\/a> \u00e9 aquele que explica, resume, enumera ou especifica outro termo. Muitas vezes vem deslocado da ordem direta e precisa estar entre v\u00edrgulas.<\/p>\n\n\n\n<p>Exemplos: <\/p>\n\n\n\n<blockquote class=\"wp-block-quote\"><p>\u201cF\u00e9lix, <span style=\"text-decoration: underline;\">o gato falante<\/span>, \u00e9 o personagem principal de um jogo\u201d<\/p><p>\u201cGostei de tudo da festa: <span style=\"text-decoration: underline;\">decora\u00e7\u00e3o, comida, local e convidados<\/span>!\u201d<\/p><\/blockquote>\n\n\n\n<h3 class=\"wp-block-heading\">E o Vocativo?<\/h3>\n\n\n\n<p>O vocativo <strong>n\u00e3o \u00e9 um termo da an\u00e1lise sint\u00e1tica<\/strong>, portanto, n\u00e3o pertence \u00e0 estrutura da ora\u00e7\u00e3o. Ou seja, ele <strong>n\u00e3o deve ser associado aos termos da ora\u00e7\u00e3o<\/strong>.<br><\/p>\n\n\n\n<p>Afinal, ele <strong>\u00e9 considerado um elemento do discurso<\/strong> e o utilizamos para criar uma rela\u00e7\u00e3o de chamar a aten\u00e7\u00e3o do interlocutor.<br><\/p>\n\n\n\n<p>Por\u00e9m, quando transcrevemos um discurso, ele pode aparecer perto da ora\u00e7\u00e3o. Como retir\u00e1-lo n\u00e3o causa nenhum efeito no sentido, acaba sendo citado no meio dos termos acess\u00f3rios.<br><\/p>\n\n\n\n<p>Exemplos do que \u00e9 vocativo: <\/p>\n\n\n\n<blockquote class=\"wp-block-quote\"><p>\u201c <span style=\"text-decoration: underline;\">Oh<\/span>, como \u00e9 triste a vida sem voc\u00ea\u201d<\/p><p>\u201c <span style=\"text-decoration: underline;\">Mulher<\/span>, case-se comigo!\u201d<\/p><\/blockquote>\n\n\n\n<p>Gostou do nosso artigo sobre os termos da ora\u00e7\u00e3o? Confira <strong>outros artigos <\/strong>do nosso blog e <strong>se prepare para o Enem<\/strong> da melhor maneira!&nbsp;<\/p>\n\n\n\n<p>Voc\u00ea tamb\u00e9m pode se organizar com o nosso <a href=\"https:\/\/beduka.com\/blog\/dicas\/enem-dicas\/plano-de-estudos-gratuito\/\" target=\"_blank\" rel=\"noreferrer noopener\" aria-label=\" (abre numa nova aba)\">plano de estudos<\/a>, o mais completo da internet, e o melhor: <strong>totalmente gratuito!<\/strong><\/p>\n\n\n\n<p>Queremos te ajudar a encontrar a <strong>FACULDADE IDEAL!<\/strong> Logo abaixo, fa\u00e7a uma pesquisa por curso e cidade que te mostraremos todas as faculdades que podem te atender. Informamos a nota de corte, valor de mensalidade, nota do MEC, avalia\u00e7\u00e3o dos alunos, modalidades de ensino e muito mais.<\/p>\n\n\n\n<p><strong>Experimente agora!<\/strong><br><\/p>\n","protected":false},"excerpt":{"rendered":"<p>Os termos da ora\u00e7\u00e3o s\u00e3o aquelas palavras que t\u00eam uma fun\u00e7\u00e3o sint\u00e1tica bem definida. Eles podem ser divididos em tr\u00eas grupos de acordo com a sua relev\u00e2ncia: termos essenciais (sujeitos e predicados), termos integrantes (complementos nominais, verbais e agente da passiva) e termos acess\u00f3rios (adjuntos adnominais e adverbiais, aposto e vocativo).&nbsp; Neste artigo sobre os [&hellip;]<\/p>\n","protected":false},"author":1,"featured_media":18988,"comment_status":"open","ping_status":"closed","sticky":false,"template":"","format":"standard","meta":{"_mi_skip_tracking":false,"_monsterinsights_sitenote_active":false,"_monsterinsights_sitenote_note":"","_monsterinsights_sitenote_category":0},"categories":[488],"tags":[],"yoast_head":"<!-- This site is optimized with the Yoast SEO plugin v20.10 - https:\/\/yoast.com\/wordpress\/plugins\/seo\/ -->\n<title>Termos da Ora\u00e7\u00e3o: Defini\u00e7\u00e3o, Quais s\u00e3o + Exemplos!<\/title>\n<meta name=\"description\" content=\"Resumo dos Termos da Ora\u00e7\u00e3o: descubra o que s\u00e3o termos, quantos e quais s\u00e3o eles, veja a ordem de import\u00e2ncia com exemplos explicados!\" \/>\n<meta name=\"robots\" content=\"index, follow, max-snippet:-1, max-image-preview:large, max-video-preview:-1\" \/>\n<link rel=\"canonical\" href=\"https:\/\/beduka.com\/blog\/materias\/portugues\/termos-da-oracao\/\" \/>\n<meta property=\"og:locale\" content=\"pt_BR\" \/>\n<meta property=\"og:type\" content=\"article\" \/>\n<meta property=\"og:title\" content=\"Termos da Ora\u00e7\u00e3o: Defini\u00e7\u00e3o, Quais s\u00e3o + Exemplos!\" \/>\n<meta property=\"og:description\" content=\"Resumo dos Termos da Ora\u00e7\u00e3o: descubra o que s\u00e3o termos, quantos e quais s\u00e3o eles, veja a ordem de import\u00e2ncia com exemplos explicados!\" \/>\n<meta property=\"og:url\" content=\"https:\/\/beduka.com\/blog\/materias\/portugues\/termos-da-oracao\/\" \/>\n<meta property=\"og:site_name\" content=\"Blog do Beduka | Mat\u00e9rias resumidas, Dicas e Exerc\u00edcios Enem\" \/>\n<meta property=\"article:publisher\" content=\"https:\/\/www.facebook.com\/beduka.buscadordefaculdades\/\" \/>\n<meta property=\"article:author\" content=\"https:\/\/www.facebook.com\/beduka.buscadordefaculdades\" \/>\n<meta property=\"article:published_time\" content=\"2020-12-03T13:22:07+00:00\" \/>\n<meta property=\"article:modified_time\" content=\"2020-12-03T13:22:08+00:00\" \/>\n<meta property=\"og:image\" content=\"https:\/\/beduka.com\/blog\/wp-content\/uploads\/2020\/12\/Descubra-quais-s\u00e3o-os-Termos-da-Ora\u00e7\u00e3o-e-suas-fun\u00e7\u00f5es.jpg\" \/>\n\t<meta property=\"og:image:width\" content=\"600\" \/>\n\t<meta property=\"og:image:height\" content=\"300\" \/>\n\t<meta property=\"og:image:type\" content=\"image\/jpeg\" \/>\n<meta name=\"author\" content=\"Reda\u00e7\u00e3o Beduka (a)\" \/>\n<meta name=\"twitter:card\" content=\"summary_large_image\" \/>\n<meta name=\"twitter:label1\" content=\"Escrito por\" \/>\n\t<meta name=\"twitter:data1\" content=\"Reda\u00e7\u00e3o Beduka (a)\" \/>\n\t<meta name=\"twitter:label2\" content=\"Est. tempo de leitura\" \/>\n\t<meta name=\"twitter:data2\" content=\"6 minutos\" \/>\n<script type=\"application\/ld+json\" class=\"yoast-schema-graph\">{\"@context\":\"https:\/\/schema.org\",\"@graph\":[{\"@type\":\"Article\",\"@id\":\"https:\/\/beduka.com\/blog\/materias\/portugues\/termos-da-oracao\/#article\",\"isPartOf\":{\"@id\":\"https:\/\/beduka.com\/blog\/materias\/portugues\/termos-da-oracao\/\"},\"author\":{\"name\":\"Reda\u00e7\u00e3o Beduka (a)\",\"@id\":\"https:\/\/beduka.com\/blog\/#\/schema\/person\/325d912d2cb8dd9ede8ab291427d2b8a\"},\"headline\":\"Termos da ora\u00e7\u00e3o: entenda quais s\u00e3o eles e como us\u00e1-los!\",\"datePublished\":\"2020-12-03T13:22:07+00:00\",\"dateModified\":\"2020-12-03T13:22:08+00:00\",\"mainEntityOfPage\":{\"@id\":\"https:\/\/beduka.com\/blog\/materias\/portugues\/termos-da-oracao\/\"},\"wordCount\":1168,\"commentCount\":0,\"publisher\":{\"@id\":\"https:\/\/beduka.com\/blog\/#organization\"},\"articleSection\":[\"Portugu\u00eas\"],\"inLanguage\":\"pt-BR\",\"potentialAction\":[{\"@type\":\"CommentAction\",\"name\":\"Comment\",\"target\":[\"https:\/\/beduka.com\/blog\/materias\/portugues\/termos-da-oracao\/#respond\"]}]},{\"@type\":\"WebPage\",\"@id\":\"https:\/\/beduka.com\/blog\/materias\/portugues\/termos-da-oracao\/\",\"url\":\"https:\/\/beduka.com\/blog\/materias\/portugues\/termos-da-oracao\/\",\"name\":\"Termos da Ora\u00e7\u00e3o: Defini\u00e7\u00e3o, Quais s\u00e3o + Exemplos!\",\"isPartOf\":{\"@id\":\"https:\/\/beduka.com\/blog\/#website\"},\"datePublished\":\"2020-12-03T13:22:07+00:00\",\"dateModified\":\"2020-12-03T13:22:08+00:00\",\"description\":\"Resumo dos Termos da Ora\u00e7\u00e3o: descubra o que s\u00e3o termos, quantos e quais s\u00e3o eles, veja a ordem de import\u00e2ncia com exemplos explicados!\",\"breadcrumb\":{\"@id\":\"https:\/\/beduka.com\/blog\/materias\/portugues\/termos-da-oracao\/#breadcrumb\"},\"inLanguage\":\"pt-BR\",\"potentialAction\":[{\"@type\":\"ReadAction\",\"target\":[\"https:\/\/beduka.com\/blog\/materias\/portugues\/termos-da-oracao\/\"]}]},{\"@type\":\"BreadcrumbList\",\"@id\":\"https:\/\/beduka.com\/blog\/materias\/portugues\/termos-da-oracao\/#breadcrumb\",\"itemListElement\":[{\"@type\":\"ListItem\",\"position\":1,\"name\":\"Home\",\"item\":\"https:\/\/beduka.com\/blog\/\"},{\"@type\":\"ListItem\",\"position\":2,\"name\":\"Termos da ora\u00e7\u00e3o: entenda quais s\u00e3o eles e como us\u00e1-los!\"}]},{\"@type\":\"WebSite\",\"@id\":\"https:\/\/beduka.com\/blog\/#website\",\"url\":\"https:\/\/beduka.com\/blog\/\",\"name\":\"Blog do Beduka | Mat\u00e9rias resumidas, Dicas e Exerc\u00edcios Enem\",\"description\":\"O Blog do Beduka tem os conte\u00fados que mais caem no Enem, exerc\u00edcios de vestibular com gabarito, resumos, dicas e informa\u00e7\u00f5es Sisu, Prouni e Fies.Encontre dicas para o ENEM, resumos, exerc\u00edcios e informa\u00e7\u00f5es sobre os vestibulares. Acesse agora!\",\"publisher\":{\"@id\":\"https:\/\/beduka.com\/blog\/#organization\"},\"potentialAction\":[{\"@type\":\"SearchAction\",\"target\":{\"@type\":\"EntryPoint\",\"urlTemplate\":\"https:\/\/beduka.com\/blog\/?s={search_term_string}\"},\"query-input\":\"required name=search_term_string\"}],\"inLanguage\":\"pt-BR\"},{\"@type\":\"Organization\",\"@id\":\"https:\/\/beduka.com\/blog\/#organization\",\"name\":\"Beduka\",\"url\":\"https:\/\/beduka.com\/blog\/\",\"logo\":{\"@type\":\"ImageObject\",\"inLanguage\":\"pt-BR\",\"@id\":\"https:\/\/beduka.com\/blog\/#\/schema\/logo\/image\/\",\"url\":\"https:\/\/beduka.com\/blog\/wp-content\/uploads\/2020\/06\/marca-beduka.png\",\"contentUrl\":\"https:\/\/beduka.com\/blog\/wp-content\/uploads\/2020\/06\/marca-beduka.png\",\"width\":1077,\"height\":368,\"caption\":\"Beduka\"},\"image\":{\"@id\":\"https:\/\/beduka.com\/blog\/#\/schema\/logo\/image\/\"},\"sameAs\":[\"https:\/\/www.facebook.com\/beduka.buscadordefaculdades\/\",\"https:\/\/www.instagram.com\/beduka_oficial\/\",\"https:\/\/www.linkedin.com\/company\/beduka\",\"https:\/\/br.pinterest.com\/bedukaoficial\/\",\"https:\/\/www.youtube.com\/beduka\"]},{\"@type\":\"Person\",\"@id\":\"https:\/\/beduka.com\/blog\/#\/schema\/person\/325d912d2cb8dd9ede8ab291427d2b8a\",\"name\":\"Reda\u00e7\u00e3o Beduka (a)\",\"image\":{\"@type\":\"ImageObject\",\"inLanguage\":\"pt-BR\",\"@id\":\"https:\/\/beduka.com\/blog\/#\/schema\/person\/image\/\",\"url\":\"https:\/\/secure.gravatar.com\/avatar\/6f58a181ef24e0dc0bb73f096aa0f8b5?s=96&d=mm&r=g\",\"contentUrl\":\"https:\/\/secure.gravatar.com\/avatar\/6f58a181ef24e0dc0bb73f096aa0f8b5?s=96&d=mm&r=g\",\"caption\":\"Reda\u00e7\u00e3o Beduka (a)\"},\"description\":\"Este conte\u00fado foi criado e validado por uma equipe multidisciplinar, formada por especialistas em cada \u00e1rea do conhecimento. O Beduka est\u00e1 presente no Instagram, YouTube, LinkedIn e em diversos outros ambientes digitais. O site foi criado em 2017 e, desde a sua funda\u00e7\u00e3o, atua para fornecer materiais de qualidade para facilitar a vida de estudantes de todo o Brasil, ajudando-os a se preparar para os principais vestibulares e o Enem.\",\"sameAs\":[\"https:\/\/www.facebook.com\/beduka.buscadordefaculdades\",\"https:\/\/www.instagram.com\/beduka_oficial\/\",\"https:\/\/br.pinterest.com\/bedukaoficial\/\"],\"url\":\"https:\/\/beduka.com\/blog\/author\/admin\/\"}]}<\/script>\n<!-- \/ Yoast SEO plugin. -->","yoast_head_json":{"title":"Termos da Ora\u00e7\u00e3o: Defini\u00e7\u00e3o, Quais s\u00e3o + Exemplos!","description":"Resumo dos Termos da Ora\u00e7\u00e3o: descubra o que s\u00e3o termos, quantos e quais s\u00e3o eles, veja a ordem de import\u00e2ncia com exemplos explicados!","robots":{"index":"index","follow":"follow","max-snippet":"max-snippet:-1","max-image-preview":"max-image-preview:large","max-video-preview":"max-video-preview:-1"},"canonical":"https:\/\/beduka.com\/blog\/materias\/portugues\/termos-da-oracao\/","og_locale":"pt_BR","og_type":"article","og_title":"Termos da Ora\u00e7\u00e3o: Defini\u00e7\u00e3o, Quais s\u00e3o + Exemplos!","og_description":"Resumo dos Termos da Ora\u00e7\u00e3o: descubra o que s\u00e3o termos, quantos e quais s\u00e3o eles, veja a ordem de import\u00e2ncia com exemplos explicados!","og_url":"https:\/\/beduka.com\/blog\/materias\/portugues\/termos-da-oracao\/","og_site_name":"Blog do Beduka | Mat\u00e9rias resumidas, Dicas e Exerc\u00edcios Enem","article_publisher":"https:\/\/www.facebook.com\/beduka.buscadordefaculdades\/","article_author":"https:\/\/www.facebook.com\/beduka.buscadordefaculdades","article_published_time":"2020-12-03T13:22:07+00:00","article_modified_time":"2020-12-03T13:22:08+00:00","og_image":[{"width":600,"height":300,"url":"https:\/\/beduka.com\/blog\/wp-content\/uploads\/2020\/12\/Descubra-quais-s\u00e3o-os-Termos-da-Ora\u00e7\u00e3o-e-suas-fun\u00e7\u00f5es.jpg","type":"image\/jpeg"}],"author":"Reda\u00e7\u00e3o Beduka (a)","twitter_card":"summary_large_image","twitter_misc":{"Escrito por":"Reda\u00e7\u00e3o Beduka (a)","Est. tempo de leitura":"6 minutos"},"schema":{"@context":"https:\/\/schema.org","@graph":[{"@type":"Article","@id":"https:\/\/beduka.com\/blog\/materias\/portugues\/termos-da-oracao\/#article","isPartOf":{"@id":"https:\/\/beduka.com\/blog\/materias\/portugues\/termos-da-oracao\/"},"author":{"name":"Reda\u00e7\u00e3o Beduka (a)","@id":"https:\/\/beduka.com\/blog\/#\/schema\/person\/325d912d2cb8dd9ede8ab291427d2b8a"},"headline":"Termos da ora\u00e7\u00e3o: entenda quais s\u00e3o eles e como us\u00e1-los!","datePublished":"2020-12-03T13:22:07+00:00","dateModified":"2020-12-03T13:22:08+00:00","mainEntityOfPage":{"@id":"https:\/\/beduka.com\/blog\/materias\/portugues\/termos-da-oracao\/"},"wordCount":1168,"commentCount":0,"publisher":{"@id":"https:\/\/beduka.com\/blog\/#organization"},"articleSection":["Portugu\u00eas"],"inLanguage":"pt-BR","potentialAction":[{"@type":"CommentAction","name":"Comment","target":["https:\/\/beduka.com\/blog\/materias\/portugues\/termos-da-oracao\/#respond"]}]},{"@type":"WebPage","@id":"https:\/\/beduka.com\/blog\/materias\/portugues\/termos-da-oracao\/","url":"https:\/\/beduka.com\/blog\/materias\/portugues\/termos-da-oracao\/","name":"Termos da Ora\u00e7\u00e3o: Defini\u00e7\u00e3o, Quais s\u00e3o + Exemplos!","isPartOf":{"@id":"https:\/\/beduka.com\/blog\/#website"},"datePublished":"2020-12-03T13:22:07+00:00","dateModified":"2020-12-03T13:22:08+00:00","description":"Resumo dos Termos da Ora\u00e7\u00e3o: descubra o que s\u00e3o termos, quantos e quais s\u00e3o eles, veja a ordem de import\u00e2ncia com exemplos explicados!","breadcrumb":{"@id":"https:\/\/beduka.com\/blog\/materias\/portugues\/termos-da-oracao\/#breadcrumb"},"inLanguage":"pt-BR","potentialAction":[{"@type":"ReadAction","target":["https:\/\/beduka.com\/blog\/materias\/portugues\/termos-da-oracao\/"]}]},{"@type":"BreadcrumbList","@id":"https:\/\/beduka.com\/blog\/materias\/portugues\/termos-da-oracao\/#breadcrumb","itemListElement":[{"@type":"ListItem","position":1,"name":"Home","item":"https:\/\/beduka.com\/blog\/"},{"@type":"ListItem","position":2,"name":"Termos da ora\u00e7\u00e3o: entenda quais s\u00e3o eles e como us\u00e1-los!"}]},{"@type":"WebSite","@id":"https:\/\/beduka.com\/blog\/#website","url":"https:\/\/beduka.com\/blog\/","name":"Blog do Beduka | Mat\u00e9rias resumidas, Dicas e Exerc\u00edcios Enem","description":"O Blog do Beduka tem os conte\u00fados que mais caem no Enem, exerc\u00edcios de vestibular com gabarito, resumos, dicas e informa\u00e7\u00f5es Sisu, Prouni e Fies.Encontre dicas para o ENEM, resumos, exerc\u00edcios e informa\u00e7\u00f5es sobre os vestibulares. Acesse agora!","publisher":{"@id":"https:\/\/beduka.com\/blog\/#organization"},"potentialAction":[{"@type":"SearchAction","target":{"@type":"EntryPoint","urlTemplate":"https:\/\/beduka.com\/blog\/?s={search_term_string}"},"query-input":"required name=search_term_string"}],"inLanguage":"pt-BR"},{"@type":"Organization","@id":"https:\/\/beduka.com\/blog\/#organization","name":"Beduka","url":"https:\/\/beduka.com\/blog\/","logo":{"@type":"ImageObject","inLanguage":"pt-BR","@id":"https:\/\/beduka.com\/blog\/#\/schema\/logo\/image\/","url":"https:\/\/beduka.com\/blog\/wp-content\/uploads\/2020\/06\/marca-beduka.png","contentUrl":"https:\/\/beduka.com\/blog\/wp-content\/uploads\/2020\/06\/marca-beduka.png","width":1077,"height":368,"caption":"Beduka"},"image":{"@id":"https:\/\/beduka.com\/blog\/#\/schema\/logo\/image\/"},"sameAs":["https:\/\/www.facebook.com\/beduka.buscadordefaculdades\/","https:\/\/www.instagram.com\/beduka_oficial\/","https:\/\/www.linkedin.com\/company\/beduka","https:\/\/br.pinterest.com\/bedukaoficial\/","https:\/\/www.youtube.com\/beduka"]},{"@type":"Person","@id":"https:\/\/beduka.com\/blog\/#\/schema\/person\/325d912d2cb8dd9ede8ab291427d2b8a","name":"Reda\u00e7\u00e3o Beduka (a)","image":{"@type":"ImageObject","inLanguage":"pt-BR","@id":"https:\/\/beduka.com\/blog\/#\/schema\/person\/image\/","url":"https:\/\/secure.gravatar.com\/avatar\/6f58a181ef24e0dc0bb73f096aa0f8b5?s=96&d=mm&r=g","contentUrl":"https:\/\/secure.gravatar.com\/avatar\/6f58a181ef24e0dc0bb73f096aa0f8b5?s=96&d=mm&r=g","caption":"Reda\u00e7\u00e3o Beduka (a)"},"description":"Este conte\u00fado foi criado e validado por uma equipe multidisciplinar, formada por especialistas em cada \u00e1rea do conhecimento. O Beduka est\u00e1 presente no Instagram, YouTube, LinkedIn e em diversos outros ambientes digitais. O site foi criado em 2017 e, desde a sua funda\u00e7\u00e3o, atua para fornecer materiais de qualidade para facilitar a vida de estudantes de todo o Brasil, ajudando-os a se preparar para os principais vestibulares e o Enem.","sameAs":["https:\/\/www.facebook.com\/beduka.buscadordefaculdades","https:\/\/www.instagram.com\/beduka_oficial\/","https:\/\/br.pinterest.com\/bedukaoficial\/"],"url":"https:\/\/beduka.com\/blog\/author\/admin\/"}]}},"_links":{"self":[{"href":"https:\/\/beduka.com\/blog\/wp-json\/wp\/v2\/posts\/18987"}],"collection":[{"href":"https:\/\/beduka.com\/blog\/wp-json\/wp\/v2\/posts"}],"about":[{"href":"https:\/\/beduka.com\/blog\/wp-json\/wp\/v2\/types\/post"}],"author":[{"embeddable":true,"href":"https:\/\/beduka.com\/blog\/wp-json\/wp\/v2\/users\/1"}],"replies":[{"embeddable":true,"href":"https:\/\/beduka.com\/blog\/wp-json\/wp\/v2\/comments?post=18987"}],"version-history":[{"count":1,"href":"https:\/\/beduka.com\/blog\/wp-json\/wp\/v2\/posts\/18987\/revisions"}],"predecessor-version":[{"id":18989,"href":"https:\/\/beduka.com\/blog\/wp-json\/wp\/v2\/posts\/18987\/revisions\/18989"}],"wp:featuredmedia":[{"embeddable":true,"href":"https:\/\/beduka.com\/blog\/wp-json\/wp\/v2\/media\/18988"}],"wp:attachment":[{"href":"https:\/\/beduka.com\/blog\/wp-json\/wp\/v2\/media?parent=18987"}],"wp:term":[{"taxonomy":"category","embeddable":true,"href":"https:\/\/beduka.com\/blog\/wp-json\/wp\/v2\/categories?post=18987"},{"taxonomy":"post_tag","embeddable":true,"href":"https:\/\/beduka.com\/blog\/wp-json\/wp\/v2\/tags?post=18987"}],"curies":[{"name":"wp","href":"https:\/\/api.w.org\/{rel}","templated":true}]}}