{"id":18990,"date":"2020-12-03T10:32:02","date_gmt":"2020-12-03T13:32:02","guid":{"rendered":"https:\/\/beduka.com\/blog\/?p=18990"},"modified":"2022-08-22T10:26:18","modified_gmt":"2022-08-22T13:26:18","slug":"redemocratizacao-do-brasil","status":"publish","type":"post","link":"https:\/\/beduka.com\/blog\/materias\/historia\/redemocratizacao-do-brasil\/","title":{"rendered":"Redemocratiza\u00e7\u00e3o do Brasil: entenda o conceito, os contextos hist\u00f3ricos e como ocorreram!"},"content":{"rendered":"\n<blockquote class=\"wp-block-quote\"><p><strong><em>Redemocratiza\u00e7\u00e3o \u00e9 o processo de restaura\u00e7\u00e3o da democracia em pa\u00edses que passaram por um per\u00edodo de ditadura. No caso da Redemocratiza\u00e7\u00e3o do Brasil, falamos que houve duas \u00e9pocas: uma em 1945 ap\u00f3s o Estado Novo de Vargas e outra em 1974 com a transi\u00e7\u00e3o gradual de Geisel e Figueiredo, ap\u00f3s a ditadura militar de 1964.<br><\/em><\/strong><\/p><\/blockquote>\n\n\n\n<p><strong>Neste artigo vamos te falar sobre Redemocratiza\u00e7\u00e3o do Brasil. Se voc\u00ea quiser ir para alguma parte do texto, clique em um dos t\u00f3picos abaixo:<\/strong><\/p>\n\n\n\n<ul><li><a href=\"#redemocratiza\u00e7\u00e3o-\">O que \u00e9 Redemocratiza\u00e7\u00e3o do Brasil?<\/a><\/li><li><a href=\"#1945\">Como foi o processo de redemocratiza\u00e7\u00e3o do Brasil em 1945?<\/a><\/li><li><a href=\"#1985\">Redemocratiza\u00e7\u00e3o do Brasil de 1974 (p\u00f3s-ditadura militar de 1964)<\/a><\/li><li><a href=\"#faculdade\">N\u00f3s conectamos voc\u00ea \u00e0 faculdade!<\/a><\/li><\/ul>\n\n\n\n<p><strong>Estudando para as provas? <\/strong>Conhe\u00e7a <strong>o melhor<\/strong> <a rel=\"noreferrer noopener\" aria-label=\" (abre numa nova aba)\" href=\"https:\/\/beduka.com\/blog\/dicas\/enem-dicas\/simulados-para-enem-online-e-gratuito\/\" target=\"_blank\">Simulado gratuito<\/a> <strong>do Brasil<\/strong>, que pode ser personalizado com as mat\u00e9rias que voc\u00ea mais precisa!<\/p>\n\n\n\n<h2 class=\"wp-block-heading\" id=\"redemocratiza\u00e7\u00e3o-\">O que \u00e9 redemocratiza\u00e7\u00e3o do Brasil?<\/h2>\n\n\n\n<p>O Brasil passou por dois processos de <strong>abertura pol\u00edtica<\/strong> e <strong>reorganiza\u00e7\u00e3o das institui\u00e7\u00f5es democr\u00e1ticas<\/strong>, esse per\u00edodo \u00e9 chamado de redemocratiza\u00e7\u00e3o. O primeiro foi em <strong>1945<\/strong> ap\u00f3s o governo de Get\u00falio Vargas, o segundo foi em <strong>1985<\/strong> ap\u00f3s a Ditadura Militar. Essas \u00e9pocas foram marcadas pela suspens\u00e3o de alguns direitos.<\/p>\n\n\n\n<p>Para entender esses termos, precisamos entender o que \u00e9 a democracia. S\u00f3 assim saberemos o que \u00e9 retornar a ela e como esses processos aconteceram.\u00a0<\/p>\n\n\n\n<p>Veja:<\/p>\n\n\n\n<h3 class=\"wp-block-heading\">O que \u00e9 a democracia?<\/h3>\n\n\n\n<p>Os gregos reconheciam que existiam diversas formas leg\u00edtimas de governar, <a rel=\"noreferrer noopener\" aria-label=\" (abre numa nova aba)\" href=\"https:\/\/beduka.com\/blog\/materias\/filosofia\/principais-ideias-platao\/\" target=\"_blank\">Plat\u00e3o<\/a> listava as principais: <a rel=\"noreferrer noopener\" aria-label=\" (abre numa nova aba)\" href=\"https:\/\/beduka.com\/blog\/materias\/historia\/diferenca-entre-monarquia-e-republica\/\" target=\"_blank\">monarquia<\/a>, <strong>aristocracia <\/strong>e <strong>democracia<\/strong>. Ele analisou que todas tinham qualidades, mas que poderiam ser usadas de m\u00e1 forma e se tornar: <strong>tirania<\/strong>, <a rel=\"noreferrer noopener\" aria-label=\" (abre numa nova aba)\" href=\"https:\/\/beduka.com\/blog\/materias\/historia\/o-que-foi-a-republica-velha\/\" target=\"_blank\">oligarquia<\/a> e <strong>demagogia<\/strong>.<\/p>\n\n\n\n<p>Por\u00e9m, ao longo dos anos, grande parte da humanidade exaltou a democracia de uma forma que julgam ser ela a melhor, at\u00e9 mesmo a \u00fanica boa. Independente dos gostos, ela <strong>\u00e9 a mais comum<\/strong> <strong>e se concretizou no modelo de governo <\/strong><a rel=\"noreferrer noopener\" aria-label=\" (abre numa nova aba)\" href=\"https:\/\/beduka.com\/blog\/materias\/historia\/diferenca-entre-monarquia-e-republica\/\" target=\"_blank\">republicano<\/a>, muito <strong>presente na <\/strong>hist\u00f3ria brasileira.<\/p>\n\n\n\n<p>A palavra \u201cdemocracia\u201d vem do grego: \u201cdemos\u201d (povo) + \u201ckratos\u201d (poder). Assim, significa \u201c<strong>o poder do povo<\/strong>\u201d. Como n\u00e3o \u00e9 poss\u00edvel que toda uma popula\u00e7\u00e3o governe, o poder \u00e9 transferido para representantes pol\u00edticos. Isto \u00e9 chamado de <strong>democracia representativa<\/strong> e acontece por meio do <strong>voto<\/strong>.<\/p>\n\n\n\n<p>Ter <strong>direitos e deveres<\/strong> n\u00e3o \u00e9 algo exclusivo da democracia, mas foi no per\u00edodo desse governo que essas palavras ganharam destaque. Tamb\u00e9m a\u00ed, algumas<strong> demandas do povo foram transformadas em leis<\/strong> e protegidas pelo governo, dizemos que esses s\u00e3o <strong>direitos democr\u00e1ticos.<\/strong><\/p>\n\n\n\n<p>Esses direitos foram criados e oficializados especificamente nesses governos, por isso acabam sendo considerados os valores m\u00e1ximos das sociedades que vivem nele e o defendem.<\/p>\n\n\n\n<h3 class=\"wp-block-heading\">Qual \u00e9 o contr\u00e1rio da democracia?<\/h3>\n\n\n\n<p>Ao longo da hist\u00f3ria, algumas pessoas perceberam que a vontade do povo nem sempre era a mais adequada e propuseram novas formas de governo, al\u00e9m das tr\u00eas cl\u00e1ssicas. A <a rel=\"noreferrer noopener\" aria-label=\" (abre numa nova aba)\" href=\"https:\/\/beduka.com\/blog\/materias\/historia\/o-que-e-autocracia\/\" target=\"_blank\">autocracia<\/a> republicana \u00e9 uma delas.<\/p>\n\n\n\n<p>Por\u00e9m, na maioria das vezes a autocracia se transforma em <strong>ditadura<\/strong>.\u00a0<\/p>\n\n\n\n<p>Como h\u00e1 grande concentra\u00e7\u00e3o de poder e n\u00e3o h\u00e1 di\u00e1logo, elas sempre resultam em coisas ruins para a popula\u00e7\u00e3o, pois os l\u00edderes usam tudo para benef\u00edcio pr\u00f3prio.<\/p>\n\n\n\n<p>O termo ditadura se refere a uma forma de governo, civil ou militar, em que um grupo ou um l\u00edder toma o poder e rege o pa\u00eds de forma inflex\u00edvel.\u00a0<\/p>\n\n\n\n<p>Assim,<strong> \u201credemocratizar\u201d surge em um contexto de tentar retomar a democracia nas\u00a0sociedades que sofreram ditadura<\/strong>.<\/p>\n\n\n\n<h3 class=\"wp-block-heading\">Rela\u00e7\u00e3o entre redemocratiza\u00e7\u00e3o do Brasil e a Constitui\u00e7\u00e3o de 1988<\/h3>\n\n\n\n<p>No ano de 1988, foi estabelecida uma <strong>nova constitui\u00e7\u00e3o federa<\/strong>l que garantiria o funcionamento do <strong>Estado baseado nos direitos democr\u00e1ticos<\/strong>. A constitui\u00e7\u00e3o \u00e9 a <strong>lei m\u00e1xima de um pa\u00eds<\/strong>, sendo todas as outras submissas a ela.\u00a0<\/p>\n\n\n\n<p>Ela foi promulgada (n\u00e3o foi imposta) e foi o grande<strong> marco da redemocratiza\u00e7\u00e3o do Brasil<\/strong>, pois ocorreu ap\u00f3s a ditadura civil-militar (1964 a 1985).<\/p>\n\n\n\n<h2 class=\"wp-block-heading\" id=\"1945\">Como foi o processo de redemocratiza\u00e7\u00e3o do Brasil em 1945?<\/h2>\n\n\n<div class=\"wp-block-image\">\n<figure class=\"aligncenter\"><img decoding=\"async\" loading=\"lazy\" width=\"600\" height=\"328\" src=\"https:\/\/beduka.com\/blog\/wp-content\/uploads\/2020\/12\/imagem-do-documento-do-manifesto-dos-mineiros-no-periodo-da-redemocratiza\u00e7ao-do-brasil-no-ano-de-1945-apos-o-governo-de-getuio-vargas.jpg\" alt=\"imagem-do-documento-do-manifesto-dos-mineiros-no-periodo-da-redemocratiza\u00e7ao-do-brasil-no-ano-de-1945-apos-o-governo-de-getuio-vargas\" class=\"wp-image-18992\" srcset=\"https:\/\/beduka.com\/blog\/wp-content\/uploads\/2020\/12\/imagem-do-documento-do-manifesto-dos-mineiros-no-periodo-da-redemocratiza\u00e7ao-do-brasil-no-ano-de-1945-apos-o-governo-de-getuio-vargas.jpg 600w, https:\/\/beduka.com\/blog\/wp-content\/uploads\/2020\/12\/imagem-do-documento-do-manifesto-dos-mineiros-no-periodo-da-redemocratiza\u00e7ao-do-brasil-no-ano-de-1945-apos-o-governo-de-getuio-vargas-300x164.jpg 300w, https:\/\/beduka.com\/blog\/wp-content\/uploads\/2020\/12\/imagem-do-documento-do-manifesto-dos-mineiros-no-periodo-da-redemocratiza\u00e7ao-do-brasil-no-ano-de-1945-apos-o-governo-de-getuio-vargas-320x175.jpg 320w\" sizes=\"(max-width: 600px) 100vw, 600px\" \/><\/figure><\/div>\n\n\n<h3 class=\"wp-block-heading\">Contexto hist\u00f3rico anterior<\/h3>\n\n\n\n<p><a rel=\"noreferrer noopener\" aria-label=\" (abre numa nova aba)\" href=\"https:\/\/beduka.com\/blog\/materias\/historia\/resumo-da-era-vargas\/\" target=\"_blank\">Get\u00falio Vargas<\/a> foi um governante muito amado e odiado ao mesmo tempo. Ele apresentava <strong>diversas vers\u00f5es<\/strong> de si mesmo. <strong>Cada \u00e9poca de seu governo agradava a um lado pol\u00edtico<\/strong>, muitas vezes opostos aos anteriores.<\/p>\n\n\n\n<p>Diante de grandes feitos e pol\u00eamicas, Get\u00falio <strong>acabou assumindo um<\/strong> <strong>governo ditatorial<\/strong>.<\/p>\n\n\n\n<p>Em 1937, ele <strong>dissolveu o Congresso e outorgou (imp\u00f4s) uma nova constitui\u00e7\u00e3o<\/strong> a todo o Brasil.\u00a0<\/p>\n\n\n\n<p>Embora mantivesse o modelo republicano e alguns outros direitos, ele <strong>proibiu partidos pol\u00edticos, acabou com as elei\u00e7\u00f5es presidenciais e censurou jornais e m\u00eddias. <\/strong>Dessa forma, feriu tr\u00eas dos principais direitos democr\u00e1ticos: <strong>de associa\u00e7\u00e3o, de votar e de express\u00e3o<\/strong>.<\/p>\n\n\n\n<p>Esse per\u00edodo ditatorial dentro da diversa <a rel=\"noreferrer noopener\" aria-label=\" (abre numa nova aba)\" href=\"https:\/\/beduka.com\/blog\/materias\/historia\/resumo-da-era-vargas\/\" target=\"_blank\">Era Vargas<\/a> ficou conhecido como <strong>Estado Novo<\/strong>. Por essas a\u00e7\u00f5es citadas acima, ele <strong>\u00e9 considerado uma interrup\u00e7\u00e3o na democracia<\/strong> brasileira.<\/p>\n\n\n\n<p>Alguns anos depois, na d\u00e9cada de 40, o Estado Novo j\u00e1 n\u00e3o era mais apoiado.<\/p>\n\n\n\n<p>O &#8220;<strong>Manifesto dos Mineiros<\/strong>&#8221; foi escrito clandestinamente em 1943 por intelectuais de Minas Gerais. Eles faziam cr\u00edticas ao governo e demonstravam insatisfa\u00e7\u00e3o com a situa\u00e7\u00e3o. Seus autores foram presos.<\/p>\n\n\n\n<p>Outro motivo que enfraqueceu o Estado Novo e acordou a mobiliza\u00e7\u00e3o social foi a <strong>participa\u00e7\u00e3o do Brasil na Segunda Guerra Mundial<\/strong>. Como poderia um pa\u00eds lutar contra o fascismo na Europa e viver sob um regime que tinha semelhan\u00e7as ditatoriais? Era algo contradit\u00f3rio!<\/p>\n\n\n\n<h3 class=\"wp-block-heading\">Redemocratiza\u00e7\u00e3o de 1945<\/h3>\n\n\n\n<p>Ent\u00e3o, depois de todos os setores come\u00e7arem a questionar o governo, em 1945 a <strong>Uni\u00e3o Democr\u00e1tica Nacional <\/strong>(UDN) d\u00e1 um <strong>golpe para tirar Vargas do poder.<\/strong><\/p>\n\n\n\n<p>Como Get\u00falio Vargas acabou com o cargo de vice-presidente, quem assumiu o governo foi o Presidente do Supremo Tribunal Federal, Jos\u00e9 Linhares. Ele queria a redemocratiza\u00e7\u00e3o, ent\u00e3o garantiu a <strong>realiza\u00e7\u00e3o de elei\u00e7\u00f5es<\/strong> presidenciais e parlamentares <strong>com v\u00e1rios partidos pol\u00edticos.<\/strong><\/p>\n\n\n\n<p>O vencedor da elei\u00e7\u00e3o foi o General Eurico Gaspar Dutra, do Partido Social Democr\u00e1tico (PSD). Em seguida, o segundo passo para redemocratizar foi <strong>modificar a Constitui\u00e7\u00e3o<\/strong>. Assim, os deputados eleitos formaram a Assembleia Nacional Constituinte e promulgaram a Constitui\u00e7\u00e3o em setembro de 1946.<\/p>\n\n\n\n<p>Ainda assim, alguns historiadores consideram essa redemocratiza\u00e7\u00e3o parcial. Isso porque o Partido <a href=\"https:\/\/beduka.com\/blog\/materias\/filosofia\/principais-ideias-karl-marx\/\" target=\"_blank\" rel=\"noreferrer noopener\" aria-label=\" (abre numa nova aba)\">Comunista<\/a> foi declarado ilegal em 1947 e o direito ao voto n\u00e3o abrangia os analfabetos.<\/p>\n\n\n\n<h2 class=\"wp-block-heading\" id=\"1985\">Redemocratiza\u00e7\u00e3o do Brasil de 1974 (p\u00f3s-ditadura militar)<\/h2>\n\n\n<div class=\"wp-block-image\">\n<figure class=\"aligncenter\"><img decoding=\"async\" loading=\"lazy\" width=\"600\" height=\"328\" src=\"https:\/\/beduka.com\/blog\/wp-content\/uploads\/2020\/12\/imagem-fotografia-preta-e-branco-do-movimento-ou-manifesta\u00e7ao-diretas-ja-na-epoca-da-redemocratiza\u00e7ao-do-brasil-pedindo-pelo-direito-ao-voto-no-brasil-pos-ditadura-militar-em-1974.jpg\" alt=\"imagem-fotografia-preta-e-branco-do-movimento-ou-manifesta\u00e7ao-diretas-ja-na-epoca-da-redemocratiza\u00e7ao-do-brasil-pedindo-pelo-direito-ao-voto-no-brasil-pos-ditadura-militar-em-1974\" class=\"wp-image-18993\" srcset=\"https:\/\/beduka.com\/blog\/wp-content\/uploads\/2020\/12\/imagem-fotografia-preta-e-branco-do-movimento-ou-manifesta\u00e7ao-diretas-ja-na-epoca-da-redemocratiza\u00e7ao-do-brasil-pedindo-pelo-direito-ao-voto-no-brasil-pos-ditadura-militar-em-1974.jpg 600w, https:\/\/beduka.com\/blog\/wp-content\/uploads\/2020\/12\/imagem-fotografia-preta-e-branco-do-movimento-ou-manifesta\u00e7ao-diretas-ja-na-epoca-da-redemocratiza\u00e7ao-do-brasil-pedindo-pelo-direito-ao-voto-no-brasil-pos-ditadura-militar-em-1974-300x164.jpg 300w, https:\/\/beduka.com\/blog\/wp-content\/uploads\/2020\/12\/imagem-fotografia-preta-e-branco-do-movimento-ou-manifesta\u00e7ao-diretas-ja-na-epoca-da-redemocratiza\u00e7ao-do-brasil-pedindo-pelo-direito-ao-voto-no-brasil-pos-ditadura-militar-em-1974-320x175.jpg 320w\" sizes=\"(max-width: 600px) 100vw, 600px\" \/><\/figure><\/div>\n\n\n<h3 class=\"wp-block-heading\">Contexto hist\u00f3rico anterior<\/h3>\n\n\n\n<p>Em 1964, ap\u00f3s a <a rel=\"noreferrer noopener\" aria-label=\" (abre numa nova aba)\" href=\"https:\/\/beduka.com\/blog\/materias\/historia\/o-que-foi-a-guerra-fria-resumo\/\" target=\"_blank\">Guerra Fria<\/a>, os brasileiros temiam que o governo fosse tomado pelos <a rel=\"noreferrer noopener\" aria-label=\"comunistas (abre numa nova aba)\" href=\"https:\/\/beduka.com\/blog\/materias\/filosofia\/principais-ideias-karl-marx\/\" target=\"_blank\">comunistas<\/a>. Ent\u00e3o, <strong>a maior parte da sociedade apoiou que os militares assumissem o poder<\/strong>. Por\u00e9m, <strong>n\u00e3o estava na \u00e9poca de elei\u00e7\u00f5es, ent\u00e3o fizeram um golpe<\/strong> para retirar o ent\u00e3o presidente Jo\u00e3o Goulart.<\/p>\n\n\n\n<p>A promessa apoiada pela maioria dos brasileiros era que os militares assumiriam o poder at\u00e9 a pol\u00edtica nacional e internacional se estabilizar, depois fariam elei\u00e7\u00f5es. Por\u00e9m, os militares ficaram 21 anos no poder alternando a presid\u00eancia entre si, <strong>com elei\u00e7\u00f5es indiretas<\/strong>.<\/p>\n\n\n\n<p>Em 1967, eles estabeleceram uma nova Constitui\u00e7\u00e3o na qual <strong>suprimiram o voto direto<\/strong> ao Executivo, <strong>institu\u00edram a censura<\/strong> pr\u00e9via aos meios de comunica\u00e7\u00e3o e restringiram o direito de associa\u00e7\u00e3o.\u00a0<\/p>\n\n\n\n<p>Esse per\u00edodo de censura e governo para si pr\u00f3prios ficou conhecido como <a rel=\"noreferrer noopener\" aria-label=\" (abre numa nova aba)\" href=\"https:\/\/beduka.com\/blog\/materias\/historia\/ditadura-militar-no-brasil\/\" target=\"_blank\">Ditadura Militar.<\/a><\/p>\n\n\n\n<p>Com o<strong> fim do &#8220;milagre econ\u00f4mico&#8221;<\/strong>, uma pol\u00edtica de crescimento econ\u00f4mico promovida pelos militares, a popula\u00e7\u00e3o passou a ficar descontente. Um dos militares que assumiram era extremamente rigoroso e at\u00e9 promoveu a<strong> tortura e o desaparecimento de pessoas<\/strong>.<\/p>\n\n\n\n<h3 class=\"wp-block-heading\">Redemocratiza\u00e7\u00e3o de 1974 (ap\u00f3s 1964, ditadura)<\/h3>\n\n\n\n<p>Uma parte dos militares percebeu que a popula\u00e7\u00e3o n\u00e3o aceitaria mais aquilo. Com medo de repres\u00e1lias e uma revolta total, propuseram uma \u201c<strong>abertura lenta, gradual e segura\u201d<\/strong>. Desta forma, os <strong>direitos democr\u00e1ticos foram devolvidos aos poucos \u00e0 popula\u00e7\u00e3o<\/strong>.<\/p>\n\n\n\n<p>Foi no governo de <strong>Ernesto Geisel <\/strong>(1974-1979), o que prop\u00f4s essa <strong>abertura gradual,<\/strong> que houve as primeiras poucas mudan\u00e7as: o Brasil <strong>restabeleceu rela\u00e7\u00f5es com pa\u00edses de regime comunista <\/strong>e a morte do jornalista Herzog <strong>driblou a censura<\/strong> dos jornais e <strong>gerou protestos.\u00a0<\/strong><\/p>\n\n\n\n<p>No governo<strong> Figueiredo<\/strong> (1979-1985), surgem novas leis que favorecem abertura pol\u00edtica: a <strong>promulga\u00e7\u00e3o da lei de anistia<\/strong> (perd\u00e3o a todos os perseguidos e perseguidores), <strong>volta dos exilados<\/strong> pol\u00edticos, <strong>maior toler\u00e2ncia \u00e0s manifesta\u00e7\u00f5es<\/strong> populares e <strong>revoga\u00e7\u00e3o do AI-5, <\/strong>uma lei da ditadura que permitia uso de viol\u00eancia para investiga\u00e7\u00e3o.<\/p>\n\n\n\n<p>O deputado <strong>Dante de Oliveira prop\u00f4s elei\u00e7\u00f5es diretas<\/strong> atrav\u00e9s de uma Emenda Constitucional. Essa ideia logo caiu na boca da popula\u00e7\u00e3o, que organizou o <strong>movimento das \u201cDiretas-J\u00e1\u201d. <\/strong>Essa foi <strong>uma das maiores manifesta\u00e7\u00f5es que o pa\u00eds j\u00e1 viu<\/strong>, enchendo de todas as ruas.<\/p>\n\n\n\n<p>Contudo, essa proposta n\u00e3o passou, mas deixou o recado e a esperan\u00e7a. Ap\u00f3s a ditadura militar, <strong>Tancredo Neves<\/strong> foi escolhido de forma indireta, mas ele adoeceu e morreu. <strong>Jos\u00e9 Sarney,<\/strong> seu vice, assumiu o cargo da presid\u00eancia.<\/p>\n\n\n\n<p>Somente quando <strong>Fernando Collor<\/strong> de Mello foi eleito, do Partido da Reconstru\u00e7\u00e3o Nacional (PRN), \u00e9 que as <strong>primeiras elei\u00e7\u00f5es presidenciais livres e diretas ocorreram no Brasil p\u00f3s-ditadura<\/strong>, em <strong>1989.<\/strong><\/p>\n\n\n\n<p>Por casos de corrup\u00e7\u00e3o e financiamento ilegal da campanha eleitoral, <strong>Collor estava prestes a sofrer impeachment e renunciou <\/strong>\u00e0 presid\u00eancia, em 1991.<\/p>\n\n\n\n<ul><li>Voc\u00ea pode acompanhar toda a hist\u00f3ria completa da <a href=\"https:\/\/beduka.com\/blog\/materias\/historia\/nova-republica\/\" target=\"_blank\" rel=\"noreferrer noopener\" aria-label=\" (abre numa nova aba)\">Nova Rep\u00fablica<\/a> (per\u00edodo p\u00f3s-militar), seus presidentes, pol\u00edtica, economia e sociedade no nosso artigo!<\/li><\/ul>\n\n\n\n<p>Gostou do nosso artigo sobre a Redemocratiza\u00e7\u00e3o do Brasil? Confira <strong>outros artigos <\/strong>do nosso blog e <strong>se prepare para o Enem<\/strong> da melhor maneira! Voc\u00ea tamb\u00e9m pode se organizar com o nosso <a href=\"https:\/\/beduka.com\/blog\/dicas\/enem-dicas\/plano-de-estudos-gratuito\/\" target=\"_blank\" rel=\"noreferrer noopener\" aria-label=\" (abre numa nova aba)\">plano de estudos<\/a>, o mais completo da internet, e o melhor: <strong>totalmente gratuito!<\/strong><\/p>\n\n\n\n<h2 class=\"wp-block-heading\" id=\"faculdade\">N\u00f3s conectamos voc\u00ea \u00e0 faculdade!<\/h2>\n\n\n\n<p>Voc\u00ea sabia que \u00e9 poss\u00edvel entrar na faculdade sem fazer o Enem? Sim! E o melhor, voc\u00ea pode <strong>realizar seu sonho<\/strong> e ainda <strong>economizar dinheiro.<\/strong><\/p>\n\n\n\n<p>Conhe\u00e7a o <strong>Beduka Bolsas<\/strong>, a plataforma do Beduka dispon\u00edvel 24 horas, onde voc\u00ea pode encontrar <strong>bolsas de estudo com at\u00e9 65% da mensalidade!<\/strong><\/p>\n\n\n\n<p>Fa\u00e7a a<strong> faculdade dos seus sonhos<\/strong>, escolhendo entre mais de 90 op\u00e7\u00f5es de cursos em uma de nossas universidades parceiras.&nbsp;<\/p>\n\n\n\n<ul><li><a href=\"https:\/\/beduka.com\/bolsas\" target=\"_blank\" rel=\"noreferrer noopener\"><strong>Adquira j\u00e1 sua bolsa de estudos no Beduka Bolsas<\/strong><\/a><\/li><\/ul>\n\n\n\n<p>Siga tamb\u00e9m o Beduka nas redes sociais! Em nosso<strong> <\/strong><a href=\"https:\/\/www.instagram.com\/beduka_oficial\/\"><strong>Instagram<\/strong><\/a> voc\u00ea encontra todos os conte\u00fados que podem cair no Enem e no <a href=\"https:\/\/br.pinterest.com\/bedukaoficial\/_created\/\" target=\"_blank\" rel=\"noreferrer noopener\"><strong>Pinterest<\/strong><\/a> os melhores resumos sobre todas as mat\u00e9rias cobradas no vestibular.\u00a0<\/p>\n\n\n\n<p><strong>\u00c9 tudo gratuito e pensado em te ajudar a entrar na faculdade!<\/strong><\/p>\n\n\n\n<p>Obrigada por ler nosso resumo sobre a redemocratiza\u00e7\u00e3o do Brasil.<\/p>\n","protected":false},"excerpt":{"rendered":"<p>Redemocratiza\u00e7\u00e3o \u00e9 o processo de restaura\u00e7\u00e3o da democracia em pa\u00edses que passaram por um per\u00edodo de ditadura. No caso da Redemocratiza\u00e7\u00e3o do Brasil, falamos que houve duas \u00e9pocas: uma em 1945 ap\u00f3s o Estado Novo de Vargas e outra em 1974 com a transi\u00e7\u00e3o gradual de Geisel e Figueiredo, ap\u00f3s a ditadura militar de 1964. [&hellip;]<\/p>\n","protected":false},"author":1,"featured_media":18991,"comment_status":"open","ping_status":"closed","sticky":false,"template":"","format":"standard","meta":{"_mi_skip_tracking":false,"_monsterinsights_sitenote_active":false,"_monsterinsights_sitenote_note":"","_monsterinsights_sitenote_category":0},"categories":[491],"tags":[],"yoast_head":"<!-- This site is optimized with the Yoast SEO plugin v20.10 - https:\/\/yoast.com\/wordpress\/plugins\/seo\/ -->\n<title>Redemocratiza\u00e7\u00e3o do Brasil (Conceito, Antecedentes e Como ocorreu)<\/title>\n<meta name=\"description\" content=\"Resumo da Redemocratiza\u00e7\u00e3o do Brasil: entenda como aconteceu a redemocratiza\u00e7\u00e3o ap\u00f3s o Estado novo em 1945 e ap\u00f3s a Ditadura Militar de 1964!\" \/>\n<meta name=\"robots\" content=\"index, follow, max-snippet:-1, max-image-preview:large, max-video-preview:-1\" \/>\n<link rel=\"canonical\" href=\"https:\/\/beduka.com\/blog\/materias\/historia\/redemocratizacao-do-brasil\/\" \/>\n<meta property=\"og:locale\" content=\"pt_BR\" \/>\n<meta property=\"og:type\" content=\"article\" \/>\n<meta property=\"og:title\" content=\"Redemocratiza\u00e7\u00e3o do Brasil (Conceito, Antecedentes e Como ocorreu)\" \/>\n<meta property=\"og:description\" content=\"Resumo da Redemocratiza\u00e7\u00e3o do Brasil: entenda como aconteceu a redemocratiza\u00e7\u00e3o ap\u00f3s o Estado novo em 1945 e ap\u00f3s a Ditadura Militar de 1964!\" \/>\n<meta property=\"og:url\" content=\"https:\/\/beduka.com\/blog\/materias\/historia\/redemocratizacao-do-brasil\/\" \/>\n<meta property=\"og:site_name\" content=\"Blog do Beduka | Mat\u00e9rias resumidas, Dicas e Exerc\u00edcios Enem\" \/>\n<meta property=\"article:publisher\" content=\"https:\/\/www.facebook.com\/beduka.buscadordefaculdades\/\" \/>\n<meta property=\"article:author\" content=\"https:\/\/www.facebook.com\/beduka.buscadordefaculdades\" \/>\n<meta property=\"article:published_time\" content=\"2020-12-03T13:32:02+00:00\" \/>\n<meta property=\"article:modified_time\" content=\"2022-08-22T13:26:18+00:00\" \/>\n<meta property=\"og:image\" content=\"https:\/\/beduka.com\/blog\/wp-content\/uploads\/2020\/12\/Entenda-o-que-foi-o-processo-de-Redemocratiza\u00e7\u00e3o-do-Brasil-e-suas-duas-fases.jpg\" \/>\n\t<meta property=\"og:image:width\" content=\"600\" \/>\n\t<meta property=\"og:image:height\" content=\"300\" \/>\n\t<meta property=\"og:image:type\" content=\"image\/jpeg\" \/>\n<meta name=\"author\" content=\"Reda\u00e7\u00e3o Beduka (a)\" \/>\n<meta name=\"twitter:card\" content=\"summary_large_image\" \/>\n<meta name=\"twitter:label1\" content=\"Escrito por\" \/>\n\t<meta name=\"twitter:data1\" content=\"Reda\u00e7\u00e3o Beduka (a)\" \/>\n\t<meta name=\"twitter:label2\" content=\"Est. tempo de leitura\" \/>\n\t<meta name=\"twitter:data2\" content=\"9 minutos\" \/>\n<script type=\"application\/ld+json\" class=\"yoast-schema-graph\">{\"@context\":\"https:\/\/schema.org\",\"@graph\":[{\"@type\":\"Article\",\"@id\":\"https:\/\/beduka.com\/blog\/materias\/historia\/redemocratizacao-do-brasil\/#article\",\"isPartOf\":{\"@id\":\"https:\/\/beduka.com\/blog\/materias\/historia\/redemocratizacao-do-brasil\/\"},\"author\":{\"name\":\"Reda\u00e7\u00e3o Beduka (a)\",\"@id\":\"https:\/\/beduka.com\/blog\/#\/schema\/person\/325d912d2cb8dd9ede8ab291427d2b8a\"},\"headline\":\"Redemocratiza\u00e7\u00e3o do Brasil: entenda o conceito, os contextos hist\u00f3ricos e como ocorreram!\",\"datePublished\":\"2020-12-03T13:32:02+00:00\",\"dateModified\":\"2022-08-22T13:26:18+00:00\",\"mainEntityOfPage\":{\"@id\":\"https:\/\/beduka.com\/blog\/materias\/historia\/redemocratizacao-do-brasil\/\"},\"wordCount\":1774,\"commentCount\":0,\"publisher\":{\"@id\":\"https:\/\/beduka.com\/blog\/#organization\"},\"articleSection\":[\"Hist\u00f3ria\"],\"inLanguage\":\"pt-BR\",\"potentialAction\":[{\"@type\":\"CommentAction\",\"name\":\"Comment\",\"target\":[\"https:\/\/beduka.com\/blog\/materias\/historia\/redemocratizacao-do-brasil\/#respond\"]}]},{\"@type\":\"WebPage\",\"@id\":\"https:\/\/beduka.com\/blog\/materias\/historia\/redemocratizacao-do-brasil\/\",\"url\":\"https:\/\/beduka.com\/blog\/materias\/historia\/redemocratizacao-do-brasil\/\",\"name\":\"Redemocratiza\u00e7\u00e3o do Brasil (Conceito, Antecedentes e Como ocorreu)\",\"isPartOf\":{\"@id\":\"https:\/\/beduka.com\/blog\/#website\"},\"datePublished\":\"2020-12-03T13:32:02+00:00\",\"dateModified\":\"2022-08-22T13:26:18+00:00\",\"description\":\"Resumo da Redemocratiza\u00e7\u00e3o do Brasil: entenda como aconteceu a redemocratiza\u00e7\u00e3o ap\u00f3s o Estado novo em 1945 e ap\u00f3s a Ditadura Militar de 1964!\",\"breadcrumb\":{\"@id\":\"https:\/\/beduka.com\/blog\/materias\/historia\/redemocratizacao-do-brasil\/#breadcrumb\"},\"inLanguage\":\"pt-BR\",\"potentialAction\":[{\"@type\":\"ReadAction\",\"target\":[\"https:\/\/beduka.com\/blog\/materias\/historia\/redemocratizacao-do-brasil\/\"]}]},{\"@type\":\"BreadcrumbList\",\"@id\":\"https:\/\/beduka.com\/blog\/materias\/historia\/redemocratizacao-do-brasil\/#breadcrumb\",\"itemListElement\":[{\"@type\":\"ListItem\",\"position\":1,\"name\":\"Home\",\"item\":\"https:\/\/beduka.com\/blog\/\"},{\"@type\":\"ListItem\",\"position\":2,\"name\":\"Redemocratiza\u00e7\u00e3o do Brasil: entenda o conceito, os contextos hist\u00f3ricos e como ocorreram!\"}]},{\"@type\":\"WebSite\",\"@id\":\"https:\/\/beduka.com\/blog\/#website\",\"url\":\"https:\/\/beduka.com\/blog\/\",\"name\":\"Blog do Beduka | Mat\u00e9rias resumidas, Dicas e Exerc\u00edcios Enem\",\"description\":\"O Blog do Beduka tem os conte\u00fados que mais caem no Enem, exerc\u00edcios de vestibular com gabarito, resumos, dicas e informa\u00e7\u00f5es Sisu, Prouni e Fies.Encontre dicas para o ENEM, resumos, exerc\u00edcios e informa\u00e7\u00f5es sobre os vestibulares. Acesse agora!\",\"publisher\":{\"@id\":\"https:\/\/beduka.com\/blog\/#organization\"},\"potentialAction\":[{\"@type\":\"SearchAction\",\"target\":{\"@type\":\"EntryPoint\",\"urlTemplate\":\"https:\/\/beduka.com\/blog\/?s={search_term_string}\"},\"query-input\":\"required name=search_term_string\"}],\"inLanguage\":\"pt-BR\"},{\"@type\":\"Organization\",\"@id\":\"https:\/\/beduka.com\/blog\/#organization\",\"name\":\"Beduka\",\"url\":\"https:\/\/beduka.com\/blog\/\",\"logo\":{\"@type\":\"ImageObject\",\"inLanguage\":\"pt-BR\",\"@id\":\"https:\/\/beduka.com\/blog\/#\/schema\/logo\/image\/\",\"url\":\"https:\/\/beduka.com\/blog\/wp-content\/uploads\/2020\/06\/marca-beduka.png\",\"contentUrl\":\"https:\/\/beduka.com\/blog\/wp-content\/uploads\/2020\/06\/marca-beduka.png\",\"width\":1077,\"height\":368,\"caption\":\"Beduka\"},\"image\":{\"@id\":\"https:\/\/beduka.com\/blog\/#\/schema\/logo\/image\/\"},\"sameAs\":[\"https:\/\/www.facebook.com\/beduka.buscadordefaculdades\/\",\"https:\/\/www.instagram.com\/beduka_oficial\/\",\"https:\/\/www.linkedin.com\/company\/beduka\",\"https:\/\/br.pinterest.com\/bedukaoficial\/\",\"https:\/\/www.youtube.com\/beduka\"]},{\"@type\":\"Person\",\"@id\":\"https:\/\/beduka.com\/blog\/#\/schema\/person\/325d912d2cb8dd9ede8ab291427d2b8a\",\"name\":\"Reda\u00e7\u00e3o Beduka (a)\",\"image\":{\"@type\":\"ImageObject\",\"inLanguage\":\"pt-BR\",\"@id\":\"https:\/\/beduka.com\/blog\/#\/schema\/person\/image\/\",\"url\":\"https:\/\/secure.gravatar.com\/avatar\/6f58a181ef24e0dc0bb73f096aa0f8b5?s=96&d=mm&r=g\",\"contentUrl\":\"https:\/\/secure.gravatar.com\/avatar\/6f58a181ef24e0dc0bb73f096aa0f8b5?s=96&d=mm&r=g\",\"caption\":\"Reda\u00e7\u00e3o Beduka (a)\"},\"description\":\"Este conte\u00fado foi criado e validado por uma equipe multidisciplinar, formada por especialistas em cada \u00e1rea do conhecimento. O Beduka est\u00e1 presente no Instagram, YouTube, LinkedIn e em diversos outros ambientes digitais. O site foi criado em 2017 e, desde a sua funda\u00e7\u00e3o, atua para fornecer materiais de qualidade para facilitar a vida de estudantes de todo o Brasil, ajudando-os a se preparar para os principais vestibulares e o Enem.\",\"sameAs\":[\"https:\/\/www.facebook.com\/beduka.buscadordefaculdades\",\"https:\/\/www.instagram.com\/beduka_oficial\/\",\"https:\/\/br.pinterest.com\/bedukaoficial\/\"],\"url\":\"https:\/\/beduka.com\/blog\/author\/admin\/\"}]}<\/script>\n<!-- \/ Yoast SEO plugin. -->","yoast_head_json":{"title":"Redemocratiza\u00e7\u00e3o do Brasil (Conceito, Antecedentes e Como ocorreu)","description":"Resumo da Redemocratiza\u00e7\u00e3o do Brasil: entenda como aconteceu a redemocratiza\u00e7\u00e3o ap\u00f3s o Estado novo em 1945 e ap\u00f3s a Ditadura Militar de 1964!","robots":{"index":"index","follow":"follow","max-snippet":"max-snippet:-1","max-image-preview":"max-image-preview:large","max-video-preview":"max-video-preview:-1"},"canonical":"https:\/\/beduka.com\/blog\/materias\/historia\/redemocratizacao-do-brasil\/","og_locale":"pt_BR","og_type":"article","og_title":"Redemocratiza\u00e7\u00e3o do Brasil (Conceito, Antecedentes e Como ocorreu)","og_description":"Resumo da Redemocratiza\u00e7\u00e3o do Brasil: entenda como aconteceu a redemocratiza\u00e7\u00e3o ap\u00f3s o Estado novo em 1945 e ap\u00f3s a Ditadura Militar de 1964!","og_url":"https:\/\/beduka.com\/blog\/materias\/historia\/redemocratizacao-do-brasil\/","og_site_name":"Blog do Beduka | Mat\u00e9rias resumidas, Dicas e Exerc\u00edcios Enem","article_publisher":"https:\/\/www.facebook.com\/beduka.buscadordefaculdades\/","article_author":"https:\/\/www.facebook.com\/beduka.buscadordefaculdades","article_published_time":"2020-12-03T13:32:02+00:00","article_modified_time":"2022-08-22T13:26:18+00:00","og_image":[{"width":600,"height":300,"url":"https:\/\/beduka.com\/blog\/wp-content\/uploads\/2020\/12\/Entenda-o-que-foi-o-processo-de-Redemocratiza\u00e7\u00e3o-do-Brasil-e-suas-duas-fases.jpg","type":"image\/jpeg"}],"author":"Reda\u00e7\u00e3o Beduka (a)","twitter_card":"summary_large_image","twitter_misc":{"Escrito por":"Reda\u00e7\u00e3o Beduka (a)","Est. tempo de leitura":"9 minutos"},"schema":{"@context":"https:\/\/schema.org","@graph":[{"@type":"Article","@id":"https:\/\/beduka.com\/blog\/materias\/historia\/redemocratizacao-do-brasil\/#article","isPartOf":{"@id":"https:\/\/beduka.com\/blog\/materias\/historia\/redemocratizacao-do-brasil\/"},"author":{"name":"Reda\u00e7\u00e3o Beduka (a)","@id":"https:\/\/beduka.com\/blog\/#\/schema\/person\/325d912d2cb8dd9ede8ab291427d2b8a"},"headline":"Redemocratiza\u00e7\u00e3o do Brasil: entenda o conceito, os contextos hist\u00f3ricos e como ocorreram!","datePublished":"2020-12-03T13:32:02+00:00","dateModified":"2022-08-22T13:26:18+00:00","mainEntityOfPage":{"@id":"https:\/\/beduka.com\/blog\/materias\/historia\/redemocratizacao-do-brasil\/"},"wordCount":1774,"commentCount":0,"publisher":{"@id":"https:\/\/beduka.com\/blog\/#organization"},"articleSection":["Hist\u00f3ria"],"inLanguage":"pt-BR","potentialAction":[{"@type":"CommentAction","name":"Comment","target":["https:\/\/beduka.com\/blog\/materias\/historia\/redemocratizacao-do-brasil\/#respond"]}]},{"@type":"WebPage","@id":"https:\/\/beduka.com\/blog\/materias\/historia\/redemocratizacao-do-brasil\/","url":"https:\/\/beduka.com\/blog\/materias\/historia\/redemocratizacao-do-brasil\/","name":"Redemocratiza\u00e7\u00e3o do Brasil (Conceito, Antecedentes e Como ocorreu)","isPartOf":{"@id":"https:\/\/beduka.com\/blog\/#website"},"datePublished":"2020-12-03T13:32:02+00:00","dateModified":"2022-08-22T13:26:18+00:00","description":"Resumo da Redemocratiza\u00e7\u00e3o do Brasil: entenda como aconteceu a redemocratiza\u00e7\u00e3o ap\u00f3s o Estado novo em 1945 e ap\u00f3s a Ditadura Militar de 1964!","breadcrumb":{"@id":"https:\/\/beduka.com\/blog\/materias\/historia\/redemocratizacao-do-brasil\/#breadcrumb"},"inLanguage":"pt-BR","potentialAction":[{"@type":"ReadAction","target":["https:\/\/beduka.com\/blog\/materias\/historia\/redemocratizacao-do-brasil\/"]}]},{"@type":"BreadcrumbList","@id":"https:\/\/beduka.com\/blog\/materias\/historia\/redemocratizacao-do-brasil\/#breadcrumb","itemListElement":[{"@type":"ListItem","position":1,"name":"Home","item":"https:\/\/beduka.com\/blog\/"},{"@type":"ListItem","position":2,"name":"Redemocratiza\u00e7\u00e3o do Brasil: entenda o conceito, os contextos hist\u00f3ricos e como ocorreram!"}]},{"@type":"WebSite","@id":"https:\/\/beduka.com\/blog\/#website","url":"https:\/\/beduka.com\/blog\/","name":"Blog do Beduka | Mat\u00e9rias resumidas, Dicas e Exerc\u00edcios Enem","description":"O Blog do Beduka tem os conte\u00fados que mais caem no Enem, exerc\u00edcios de vestibular com gabarito, resumos, dicas e informa\u00e7\u00f5es Sisu, Prouni e Fies.Encontre dicas para o ENEM, resumos, exerc\u00edcios e informa\u00e7\u00f5es sobre os vestibulares. Acesse agora!","publisher":{"@id":"https:\/\/beduka.com\/blog\/#organization"},"potentialAction":[{"@type":"SearchAction","target":{"@type":"EntryPoint","urlTemplate":"https:\/\/beduka.com\/blog\/?s={search_term_string}"},"query-input":"required name=search_term_string"}],"inLanguage":"pt-BR"},{"@type":"Organization","@id":"https:\/\/beduka.com\/blog\/#organization","name":"Beduka","url":"https:\/\/beduka.com\/blog\/","logo":{"@type":"ImageObject","inLanguage":"pt-BR","@id":"https:\/\/beduka.com\/blog\/#\/schema\/logo\/image\/","url":"https:\/\/beduka.com\/blog\/wp-content\/uploads\/2020\/06\/marca-beduka.png","contentUrl":"https:\/\/beduka.com\/blog\/wp-content\/uploads\/2020\/06\/marca-beduka.png","width":1077,"height":368,"caption":"Beduka"},"image":{"@id":"https:\/\/beduka.com\/blog\/#\/schema\/logo\/image\/"},"sameAs":["https:\/\/www.facebook.com\/beduka.buscadordefaculdades\/","https:\/\/www.instagram.com\/beduka_oficial\/","https:\/\/www.linkedin.com\/company\/beduka","https:\/\/br.pinterest.com\/bedukaoficial\/","https:\/\/www.youtube.com\/beduka"]},{"@type":"Person","@id":"https:\/\/beduka.com\/blog\/#\/schema\/person\/325d912d2cb8dd9ede8ab291427d2b8a","name":"Reda\u00e7\u00e3o Beduka (a)","image":{"@type":"ImageObject","inLanguage":"pt-BR","@id":"https:\/\/beduka.com\/blog\/#\/schema\/person\/image\/","url":"https:\/\/secure.gravatar.com\/avatar\/6f58a181ef24e0dc0bb73f096aa0f8b5?s=96&d=mm&r=g","contentUrl":"https:\/\/secure.gravatar.com\/avatar\/6f58a181ef24e0dc0bb73f096aa0f8b5?s=96&d=mm&r=g","caption":"Reda\u00e7\u00e3o Beduka (a)"},"description":"Este conte\u00fado foi criado e validado por uma equipe multidisciplinar, formada por especialistas em cada \u00e1rea do conhecimento. O Beduka est\u00e1 presente no Instagram, YouTube, LinkedIn e em diversos outros ambientes digitais. O site foi criado em 2017 e, desde a sua funda\u00e7\u00e3o, atua para fornecer materiais de qualidade para facilitar a vida de estudantes de todo o Brasil, ajudando-os a se preparar para os principais vestibulares e o Enem.","sameAs":["https:\/\/www.facebook.com\/beduka.buscadordefaculdades","https:\/\/www.instagram.com\/beduka_oficial\/","https:\/\/br.pinterest.com\/bedukaoficial\/"],"url":"https:\/\/beduka.com\/blog\/author\/admin\/"}]}},"_links":{"self":[{"href":"https:\/\/beduka.com\/blog\/wp-json\/wp\/v2\/posts\/18990"}],"collection":[{"href":"https:\/\/beduka.com\/blog\/wp-json\/wp\/v2\/posts"}],"about":[{"href":"https:\/\/beduka.com\/blog\/wp-json\/wp\/v2\/types\/post"}],"author":[{"embeddable":true,"href":"https:\/\/beduka.com\/blog\/wp-json\/wp\/v2\/users\/1"}],"replies":[{"embeddable":true,"href":"https:\/\/beduka.com\/blog\/wp-json\/wp\/v2\/comments?post=18990"}],"version-history":[{"count":2,"href":"https:\/\/beduka.com\/blog\/wp-json\/wp\/v2\/posts\/18990\/revisions"}],"predecessor-version":[{"id":26685,"href":"https:\/\/beduka.com\/blog\/wp-json\/wp\/v2\/posts\/18990\/revisions\/26685"}],"wp:featuredmedia":[{"embeddable":true,"href":"https:\/\/beduka.com\/blog\/wp-json\/wp\/v2\/media\/18991"}],"wp:attachment":[{"href":"https:\/\/beduka.com\/blog\/wp-json\/wp\/v2\/media?parent=18990"}],"wp:term":[{"taxonomy":"category","embeddable":true,"href":"https:\/\/beduka.com\/blog\/wp-json\/wp\/v2\/categories?post=18990"},{"taxonomy":"post_tag","embeddable":true,"href":"https:\/\/beduka.com\/blog\/wp-json\/wp\/v2\/tags?post=18990"}],"curies":[{"name":"wp","href":"https:\/\/api.w.org\/{rel}","templated":true}]}}