{"id":19196,"date":"2020-12-15T09:11:43","date_gmt":"2020-12-15T12:11:43","guid":{"rendered":"https:\/\/beduka.com\/blog\/?p=19196"},"modified":"2023-04-03T17:26:55","modified_gmt":"2023-04-03T20:26:55","slug":"questoes-revoltas-regenciais","status":"publish","type":"post","link":"https:\/\/beduka.com\/blog\/exercicios\/historia-exercicios\/questoes-revoltas-regenciais\/","title":{"rendered":"As 17 Melhores Quest\u00f5es sobre as Revoltas Regenciais com Gabarito"},"content":{"rendered":"\n<blockquote class=\"wp-block-quote\"><p><strong>O Per\u00edodo Regencial (1831 &#8211; 1840) recebe esse nome por ser o momento onde o Imperador Dom Pedro II, impossibilitado de assumir o trono por conta da baixa idade, foi substitu\u00eddo por regentes conforme mandava a Constitui\u00e7\u00e3o de 1824. Esse&nbsp; per\u00edodo foi marcado por uma grande instabilidade pol\u00edtica que gerou as diversas revoltas regenciais, tema deste artigo. Leia nosso resumo e&nbsp; fa\u00e7a as quest\u00f5es sobre as Revoltas Regenciais. <\/strong><\/p><\/blockquote>\n\n\n\n<p>Quando voc\u00ea terminar as<strong> Quest\u00f5es sobre Revoltas Regenciais<\/strong>, coloque em pr\u00e1tica todo seu conhecimento com <a href=\"https:\/\/beduka.com\/simulado-enem\/#\/\" target=\"_blank\" rel=\"noreferrer noopener\" aria-label=\" (abre numa nova aba)\">O Melhor Simulado Enem do Brasil.&nbsp;<\/a><\/p>\n\n\n\n<p><strong>N\u00e3o \u00e9 uma novidade na Hist\u00f3ria as revoltas populares.<\/strong> Entre 73 e 71 a.C, Esp\u00e1rtaco organizou uma grande revolta de escravos na Gr\u00e9cia.<\/p>\n\n\n\n<p>Em 1789 a bastilha foi derrubada dando in\u00edcio \u00e0 <a href=\"https:\/\/beduka.com\/blog\/materias\/historia\/resumo-da-revolucao-francesa\/\" target=\"_blank\" rel=\"noreferrer noopener\" aria-label=\" (abre numa nova aba)\">Revolu\u00e7\u00e3o Francesa<\/a>. A partir de 2010, o Oriente M\u00e9dio foi tomado por revoltas populares conhecidas como \u201cPrimavera \u00c1rabe\u201d.<\/p>\n\n\n\n<p><strong>O fato que importa aqui \u00e9 saber que o ser humano sempre viveu momentos inst\u00e1veis e de grande conflito. <\/strong>Por\u00e9m, alguns momentos s\u00e3o muito mais prop\u00edcios a isso do que outros.&nbsp;<\/p>\n\n\n\n<p>No Brasil, <strong>um desses grandes momentos foi o Per\u00edodo Regencial<\/strong>, palco das revoltas regenciais.<\/p>\n\n\n\n<ul><li><a href=\"https:\/\/beduka.com\/blog\/?s=primavera+%C3%A1rabe\" target=\"_blank\" rel=\"noreferrer noopener\" aria-label=\" (abre numa nova aba)\">Como estudar Hist\u00f3ria para o ENEM? O que mais cai?<\/a><\/li><\/ul>\n\n\n\n<h2 class=\"wp-block-heading\">O que foram as Revoltas Regenciais? (Contexto hist\u00f3rico)<\/h2>\n\n\n\n<p>Ap\u00f3s a Independ\u00eancia do Brasil em 1822, Dom Pedro I assumiu o trono como primeiro imperador do Brasil. Por\u00e9m, <strong>em 1831 a situa\u00e7\u00e3o em Portugal e no Brasil n\u00e3o estavam favor\u00e1veis.&nbsp;<\/strong><\/p>\n\n\n\n<p>Ele precisava ir a Portugal resolver uma quest\u00e3o de sucess\u00e3o do trono com seu irm\u00e3o e, no Brasil, a sua imagem estava sendo fortemente atacada por pol\u00edticos insatisfeitos com suas decis\u00f5es de governo.<\/p>\n\n\n\n<p>Assim sendo, <strong>em 1831 Dom Pedro I abdicou do trono em favor do seu filho que tinha apenas 5 anos e 4 meses<\/strong> e assumiu o trono portugu\u00eas como Dom Pedro IV de Portugal.<\/p>\n\n\n<div class=\"wp-block-image\">\n<figure class=\"aligncenter\"><img decoding=\"async\" loading=\"lazy\" width=\"600\" height=\"300\" src=\"https:\/\/beduka.com\/blog\/wp-content\/uploads\/2020\/12\/Dom-Pedro-II-crian\u00e7a.jpg\" alt=\"Dom Pedro II na inf\u00e2ncia\" class=\"wp-image-19207\" srcset=\"https:\/\/beduka.com\/blog\/wp-content\/uploads\/2020\/12\/Dom-Pedro-II-crian\u00e7a.jpg 600w, https:\/\/beduka.com\/blog\/wp-content\/uploads\/2020\/12\/Dom-Pedro-II-crian\u00e7a-300x150.jpg 300w, https:\/\/beduka.com\/blog\/wp-content\/uploads\/2020\/12\/Dom-Pedro-II-crian\u00e7a-320x160.jpg 320w\" sizes=\"(max-width: 600px) 100vw, 600px\" \/><figcaption>Dom Pedro II na inf\u00e2ncia<\/figcaption><\/figure><\/div>\n\n\n<p>Segundo a Constitui\u00e7\u00e3o de 1824, o menino s\u00f3 poderia assumir o trono com 18 anos. Assim sendo, <strong>o parlamento teve que eleger regentes para governar o Brasil<\/strong>, dando in\u00edcio ao Per\u00edodo Regencial.<\/p>\n\n\n\n<p>Durante esse per\u00edodo, a aus\u00eancia de uma autoridade central que fosse capaz de promover a unidade nacional gerou um ambiente prop\u00edcio para revoltas.<\/p>\n\n\n\n<p>Alguns estados brasileiros tinham uma proximidade pol\u00edtica maior com Lisboa do que com a pr\u00f3pria capital, o Rio de Janeiro.<\/p>\n\n\n\n<p>Assim sendo, as reivindica\u00e7\u00f5es locais, somadas \u00e0 essa aus\u00eancia de unidade nacional,<strong> geraram diversas revoltas diferentes entre si<\/strong>.&nbsp;<\/p>\n\n\n\n<h3 class=\"wp-block-heading\">Quais foram as principais Revoltas Regenciais?<\/h3>\n\n\n\n<p>As principais revoltas do Per\u00edodo Regencial aconteceram no <strong>Norte, Nordeste e no Sul<\/strong>. Elas s\u00e3o 5:<\/p>\n\n\n\n<ul><li><a rel=\"noreferrer noopener\" aria-label=\" (abre numa nova aba)\" href=\"https:\/\/beduka.com\/blog\/materias\/historia\/guerra-dos-farrapos\/\" target=\"_blank\">Guerra dos Farrapos<\/a> <strong>ou Revolu\u00e7\u00e3o Farroupilha<\/strong> \u2013 ocorreu na Prov\u00edncia de S\u00e3o Pedro do Rio Grande do Sul entre 1835 e 1845<\/li><li><a href=\"https:\/\/beduka.com\/blog\/materias\/historia\/revolta-dos-males\/\" target=\"_blank\" rel=\"noreferrer noopener\" aria-label=\" (abre numa nova aba)\">Revolta dos Mal\u00eas<\/a> \u2013 ocorreu na Prov\u00edncia da Bahia em 1835<\/li><li><strong>Sabinada<\/strong> \u2013 ocorreu na Prov\u00edncia da Bahia entre 1837 e 1838<\/li><li><strong>Balaiada<\/strong> \u2013 ocorreu na Prov\u00edncia do Maranh\u00e3o entre 1838 e 1841<\/li><li><strong>Cabanagem<\/strong> \u2013 ocorreu na Prov\u00edncia do Gr\u00e3o-Par\u00e1 entre 1835 e 1840<\/li><\/ul>\n\n\n\n<p><strong>Quer conhecer detalhadamente cada uma delas?<\/strong> Leia nosso <a href=\"https:\/\/beduka.com\/blog\/materias\/historia\/revoltas-regenciais\/\" target=\"_blank\" rel=\"noreferrer noopener\" aria-label=\" (abre numa nova aba)\">Artigo Completo sobre As 5 Revoltas Regenciais<\/a>.<\/p>\n\n\n\n<h2 class=\"wp-block-heading\">Quest\u00f5es sobre as Revoltas Regenciais com Gabarito<\/h2>\n\n\n\n<p>Esperamos que, com esse resumo, <strong>tudo tenha ficado mais claro para voc\u00ea.&nbsp;<\/strong><\/p>\n\n\n\n<p><strong>Parab\u00e9ns<\/strong> por ter lido at\u00e9 aqui!<\/p>\n\n\n\n<p>Baixe <strong>gratuitamente<\/strong> o <a href=\"https:\/\/beduka.com\/blog\/dicas\/enem-dicas\/plano-de-estudos-gratuito\/\" target=\"_blank\" rel=\"noreferrer noopener\" aria-label=\" (abre numa nova aba)\">Plano de Estudos<\/a> do <strong>Beduka<\/strong> e tenha uma prepara\u00e7\u00e3o<strong> perfeita <\/strong>para o <strong>ENEM<\/strong>.<\/p>\n\n\n\n<p><strong>Quest\u00e3o 1 &#8211; <\/strong><a href=\"https:\/\/www.uel.br\/\" target=\"_blank\" rel=\"noreferrer noopener\" aria-label=\" (abre numa nova aba)\">(UEL-PR)<\/a> \u201c[&#8230;] explodiu na prov\u00edncia do Gr\u00e3o-Par\u00e1 o movimento armado mais popular do Brasil [&#8230;]. Foi uma das rebeli\u00f5es brasileiras em que as camadas inferiores ocuparam o poder.\u201d<\/p>\n\n\n\n<p>Ao texto podem-se associar:<\/p>\n\n\n\n<p><strong>a) <\/strong>&nbsp;A Reg\u00eancia e a Cabanagem.<\/p>\n\n\n\n<p><strong>b) <\/strong>&nbsp;O Primeiro Reinado e a Praieira.<\/p>\n\n\n\n<p><strong>c) <\/strong>&nbsp;O Segundo Reinado e a Farroupilha.<\/p>\n\n\n\n<p><strong>d)<\/strong> O Per\u00edodo Joanino e a Sabinada.<\/p>\n\n\n\n<p><strong>e) <\/strong>&nbsp;A abdica\u00e7\u00e3o e a Noite das Garrafadas.<\/p>\n\n\n\n<p><strong>Quest\u00e3o 2 &#8211; <\/strong><a href=\"http:\/\/www.ufrgs.br\/ufrgs\/inicial\" target=\"_blank\" rel=\"noreferrer noopener\" aria-label=\" (abre numa nova aba)\">(UFRGS 2015)<\/a> No bloco superior abaixo, s\u00e3o citadas cinco rebeli\u00f5es ocorridas no Brasil durante o per\u00edodo regencial; no inferior, as raz\u00f5es de ocorr\u00eancias dessas rebeli\u00f5es.<\/p>\n\n\n\n<p>Associe adequadamente o bloco inferior ao superior.<\/p>\n\n\n\n<p><strong>1 &#8211;<\/strong> Abrilada<\/p>\n\n\n\n<p><strong>2 &#8211; <\/strong>Cabanagem<\/p>\n\n\n\n<p><strong>3 &#8211;<\/strong> Levante Mal\u00ea<\/p>\n\n\n\n<p><strong>4 &#8211; <\/strong>Sabinada<\/p>\n\n\n\n<p><strong>5 &#8211; <\/strong>Balaiada<\/p>\n\n\n\n<p><strong>( ) <\/strong>Movimento popular ocorrido na Bahia em 1835, com o objetivo de tomar o poder em Salvador e de estend\u00ea-lo para a regi\u00e3o do Rec\u00f4ncavo.<\/p>\n\n\n\n<p><strong>( )<\/strong> Movimento popular ocorrido no Par\u00e1 que levou ao desligamento do Imp\u00e9rio e \u00e0 proclama\u00e7\u00e3o da Rep\u00fablica.<\/p>\n\n\n\n<p><strong>( ) <\/strong>Movimento surgido da disputa entre conservadores e liberais no Maranh\u00e3o, com a participa\u00e7\u00e3o tamb\u00e9m de \u00edndios, negros e mesti\u00e7os.<\/p>\n\n\n\n<p>A sequ\u00eancia correta de preenchimento dos par\u00eanteses, de cima para baixo, \u00e9:<\/p>\n\n\n\n<p><strong>a)<\/strong>1 \u2013 3 \u2013 5.<\/p>\n\n\n\n<p><strong>b) <\/strong>2 \u2013 4 \u2013 3.<\/p>\n\n\n\n<p><strong>c)<\/strong> 3 \u2013 4 \u2013 1.<\/p>\n\n\n\n<p><strong>d) <\/strong>5 \u2013 3 \u2013 4.<\/p>\n\n\n\n<p><strong>e) <\/strong>3 \u2013 2 \u2013 5.<\/p>\n\n\n\n<p><strong>Quest\u00e3o 3 &#8211;<\/strong> <a href=\"http:\/\/www.unespar.edu.br\/unespar_2016\">(Unespa<\/a><a href=\"http:\/\/www.unespar.edu.br\/unespar_2016\" target=\"_blank\" rel=\"noreferrer noopener\" aria-label=\"r (abre numa nova aba)\">r<\/a><a href=\"http:\/\/www.unespar.edu.br\/unespar_2016\"> 2016)<\/a><\/p>\n\n\n\n<p>Sobre as revoltas provinciais deflagradas no per\u00edodo regencial, considere as seguintes alternativas:<\/p>\n\n\n\n<p>I. A Cabanagem &#8211; PA (1835-1840) foi um movimento popular com a participa\u00e7\u00e3o de \u00edndios, caboclos e negros que se op\u00f4s \u00e0 Reg\u00eancia e ocupou, por alguns meses, o governo da prov\u00edncia.<\/p>\n\n\n\n<p><strong>II.<\/strong> A Revolu\u00e7\u00e3o Farroupilha &#8211; RS\/SC (1835-1845) foi uma revolta motivada, sobretudo, pela pol\u00edtica tribut\u00e1ria do governo regencial, que, por sua vez, conseguiu conter o movimento, punir os l\u00edderes e impor as tarifas que causaram o in\u00edcio do movimento.<\/p>\n\n\n\n<p><strong>III. <\/strong>A Sabinada \u2013 BA (1837-1838) pregava a Rep\u00fablica federativa, estabelecendo em 1837 o novo regime na BA, o qual se manteria at\u00e9 a maioridade do futuro imperador. Ap\u00f3s rea\u00e7\u00e3o dos senhores de engenho do Rec\u00f4ncavo e do governo central (com a Armada) a capital da BA foi retomada.<\/p>\n\n\n\n<p><strong>IV.<\/strong> As revoltas Cabanagem, Revolu\u00e7\u00e3o Farroupilha e Sabinada tinham em comum demandas regionais n\u00e3o atendidas pelo governo central. Em nenhum caso, seus l\u00edderes pretendiam ampliar as conquistas para o \u00e2mbito nacional.<\/p>\n\n\n\n<p><strong>a) <\/strong>I, II e III est\u00e3o corretas;<\/p>\n\n\n\n<p><strong>b) <\/strong>II e IV est\u00e3o corretas;<\/p>\n\n\n\n<p><strong>c) <\/strong>I, III e IV est\u00e3o corretas;<\/p>\n\n\n\n<p><strong>d) <\/strong>Todas est\u00e3o corretas;<\/p>\n\n\n\n<p><strong>e) <\/strong>II, III e IV est\u00e3o corretas.<\/p>\n\n\n\n<p><strong>Quest\u00e3o 4 &#8211; <\/strong><a href=\"https:\/\/portal.fgv.br\/\" target=\"_blank\" rel=\"noreferrer noopener\" aria-label=\" (abre numa nova aba)\">(Fgv)<\/a> Associe os fatos pol\u00edtico-militares do Primeiro Reinado e da Reg\u00eancia brasileira a seguir, com suas localiza\u00e7\u00f5es:<\/p>\n\n\n\n<figure class=\"wp-block-table\"><table><tbody><tr><td><strong>(Coluna A) &#8211; <\/strong>Balaiada <strong>(1)  <\/strong>Cabanagem <strong>(2)<\/strong> Ato Adicional <strong>(3)<\/strong> Sabinada<strong> (4) <\/strong>Confedera\u00e7\u00e3o do Equador<strong> (5)<\/strong><\/td><td>(<strong>Coluna B) &#8211; <\/strong>Par\u00e1 (<strong>I) <\/strong>Bahia (<strong>II)  <\/strong>Maranh\u00e3o<strong> (III)  <\/strong>Pernambuco <strong>(IV)  <\/strong>Rio de Janeiro <strong>(V)<\/strong><\/td><\/tr><\/tbody><\/table><\/figure>\n\n\n\n<p>Escolha a alternativa que tem a associa\u00e7\u00e3o correta:<\/p>\n\n\n\n<p><strong>a)<\/strong> 1 &#8211; III; 2 &#8211; I; 3 &#8211; V; 4 &#8211; II; 5 &#8211; IV.<\/p>\n\n\n\n<p><strong>b)<\/strong> 1 &#8211; II; 2 &#8211; V; 3 &#8211; II; 4 &#8211; I; 5 &#8211; V.<\/p>\n\n\n\n<p><strong>c)<\/strong> 1 &#8211; III; 2 &#8211; II; 3 &#8211; V; 4 &#8211; IV; 5 &#8211; I.<\/p>\n\n\n\n<p><strong>d)<\/strong> 1 &#8211; IV; 2 &#8211; I; 3 &#8211; V; 4 &#8211; III; 5 &#8211; II.<\/p>\n\n\n\n<p><strong>e)<\/strong> 1 &#8211; V; 2 &#8211; III; 3 &#8211; IV; 4 &#8211; II; 5 &#8211; I.<\/p>\n\n\n\n<p><strong>Quest\u00e3o 5 &#8211; <\/strong><a href=\"https:\/\/www.fuvest.br\/\" target=\"_blank\" rel=\"noreferrer noopener\" aria-label=\" (abre numa nova aba)\">(Fuvest)<\/a> &#8220;Sabinada&#8221; na Bahia, &#8220;Balaiada&#8221; no Maranh\u00e3o e &#8220;Farroupilha&#8221; no Rio Grande do Sul foram algumas das lutas que ocorreram no Brasil em um per\u00edodo caracterizado<\/p>\n\n\n\n<p><strong>a)<\/strong> por um regime centralizado na figura do imperador, impedindo a constitui\u00e7\u00e3o de partidos pol\u00edticos e transforma\u00e7\u00f5es sociais na estrutura agr\u00e1ria.<\/p>\n\n\n\n<p><strong>b)<\/strong> pelo estabelecimento de um sistema mon\u00e1rquico descentralizado, o qual delegou \u00e0s Prov\u00edncias o encaminhamento da &#8220;quest\u00e3o servil&#8221;.<\/p>\n\n\n\n<p><strong>c)<\/strong> por mudan\u00e7as na organiza\u00e7\u00e3o partid\u00e1ria, o que facilitava o federalismo, e por transforma\u00e7\u00f5es na estrutura fundi\u00e1ria de base escravista.<\/p>\n\n\n\n<p><strong>d)<\/strong> por uma fase de transi\u00e7\u00e3o pol\u00edtica, decorrente da abdica\u00e7\u00e3o de Dom Pedro I, fortemente marcada por um surto de industrializa\u00e7\u00e3o, estimulado pelo Estado.<\/p>\n\n\n\n<p><strong>e)<\/strong> pela redefini\u00e7\u00e3o do poder mon\u00e1rquico e pela forma\u00e7\u00e3o dos partidos pol\u00edticos, sem que se alterassem as estruturas sociais e econ\u00f4micas estabelecidas.<\/p>\n\n\n\n<p><strong>Quest\u00e3o 6 &#8211;<\/strong> <a href=\"https:\/\/www.unesp.br\/\" target=\"_blank\" rel=\"noreferrer noopener\" aria-label=\" (abre numa nova aba)\">(Unesp)<\/a> &#8220;Mais importante, o pa\u00eds \u00e9 abalado por choques de extrema gravidade; n\u00e3o mais os motins&#8230; mas verdadeiros movimentos revolucion\u00e1rios, com intensa participa\u00e7\u00e3o popular, p\u00f5em em jogo a ordem interna e amea\u00e7am a unidade nacional. Em nenhum outro momento h\u00e1 tantos epis\u00f3dios, em v\u00e1rios pontos do pa\u00eds, contando com a presen\u00e7a da massa no que ela tem de mais humilde, desfavorecido. Da\u00ed as not\u00e1veis conflagra\u00e7\u00f5es verificadas no Par\u00e1, no Maranh\u00e3o, em Pernambuco, na Bahia, no Rio Grande do Sul.&#8221;&nbsp; &nbsp; (Francisco Igl\u00e9sias, &#8220;BRASIL, SOCIEDADE DEMOCR\u00c1TICA&#8221;.)<\/p>\n\n\n\n<p>Este texto refere-se ao per\u00edodo:<\/p>\n\n\n\n<p><strong>a)<\/strong> da Guerra da Independ\u00eancia.<\/p>\n\n\n\n<p><strong>b)<\/strong> da Revolu\u00e7\u00e3o de 1930.<\/p>\n\n\n\n<p><strong>c)<\/strong> agitado da Reg\u00eancia.<\/p>\n\n\n\n<p><strong>d)<\/strong> das Revoltas Tenentistas.<\/p>\n\n\n\n<p><strong>e)<\/strong> da Proclama\u00e7\u00e3o da Rep\u00fablica.<\/p>\n\n\n\n<p><strong>Quest\u00e3o 7 &#8211; <\/strong><a href=\"http:\/\/www.faap.br\/\" target=\"_blank\" rel=\"noreferrer noopener\" aria-label=\" (abre numa nova aba)\">(Faap)<\/a> Iniciado por holandeses e ingleses, o povoamento consolida-se com os portugueses. Em 1835, \u00e9 palco do movimento popular da Cabanagem. A economia fica estagnada at\u00e9 o fim do s\u00e9culo XIX. O crescimento \u00e9 retomado com o ciclo da borracha e continua com a produ\u00e7\u00e3o de madeira e castanha.&nbsp;&nbsp;<\/p>\n\n\n\n<p><strong>a)<\/strong> Para\u00edba<\/p>\n\n\n\n<p><strong>b)<\/strong> Paran\u00e1<\/p>\n\n\n\n<p><strong>c)<\/strong> Mato Grosso do Sul<\/p>\n\n\n\n<p><strong>d)<\/strong> Par\u00e1<\/p>\n\n\n\n<p><strong>e)<\/strong> Minas Gerais<\/p>\n\n\n\n<p><strong>Quest\u00e3o 8 &#8211; <\/strong><a href=\"http:\/\/www.faap.br\/\">(Fa<\/a><a href=\"http:\/\/www.faap.br\/\" target=\"_blank\" rel=\"noreferrer noopener\" aria-label=\"a (abre numa nova aba)\">a<\/a><a href=\"http:\/\/www.faap.br\/\">p)<\/a><strong> <\/strong>\u201cEm 1627, jesu\u00edtas espanh\u00f3is criam miss\u00f5es na margem oriental do rio Uruguai, mas s\u00e3o expulsos pelos portugueses, que, em 1680, criam a col\u00f4nia de Sacramento, \u00e0s margens do rio da Prata. Em 1687, os jesu\u00edtas instalam novos povoados, os Sete Povos das Miss\u00f5es Orientais. A partir de 1824, a chegada de imigrantes alem\u00e3es e italianos d\u00e1 uma fei\u00e7\u00e3o especial ao desenvolvimento da regi\u00e3o. No s\u00e9culo XIX, vive diversas rebeli\u00f5es, como a Guerra dos Farrapos, que dura dez anos.&#8221;<\/p>\n\n\n\n<p><strong>a)<\/strong> Piau\u00ed<\/p>\n\n\n\n<p><strong>b)<\/strong> Pernambuco<\/p>\n\n\n\n<p><strong>c)<\/strong> Rio Grande do Sul<\/p>\n\n\n\n<p><strong>d)<\/strong> Rio de Janeiro<\/p>\n\n\n\n<p><strong>e)<\/strong> Rond\u00f4nia<\/p>\n\n\n\n<p><strong>Quest\u00e3o 9 &#8211; <\/strong><a href=\"http:\/\/www.faap.br\/\" target=\"_blank\" rel=\"noreferrer noopener\" aria-label=\" (abre numa nova aba)\">(Faap)<\/a> &#8220;A ocupa\u00e7\u00e3o come\u00e7a pelo interior, com a instala\u00e7\u00e3o de fazendas de gado vindo da Bahia, em busca de pastagens. Na independ\u00eancia, em 1822, os portugueses revoltam-se e passam a combater os brasileiros. Cerca de 4 mil homens participam da Batalha dos Jenipapos, vencida pelos portugueses. O movimento espalha-se pela regi\u00e3o, mas os brasileiros terminam vitoriosos. Mais tarde, rebeli\u00f5es como a Confedera\u00e7\u00e3o do Equador e a Balaiada abalam a prov\u00edncia.&#8221;<\/p>\n\n\n\n<p><strong>a)<\/strong> Rond\u00f4nia<\/p>\n\n\n\n<p><strong>b)<\/strong> Rio de Janeiro<\/p>\n\n\n\n<p><strong>c)<\/strong> Rio Grande do Sul<\/p>\n\n\n\n<p><strong>d)<\/strong> Pernambuco<\/p>\n\n\n\n<p><strong>e)<\/strong> Piau\u00ed<\/p>\n\n\n\n<ul><li><strong>Voc\u00ea est\u00e1 indo muito bem!<\/strong> Chegamos \u00e0 metade dos Exerc\u00edcios sobre as Revoltas Regenciais.<\/li><\/ul>\n\n\n\n<p><strong>Quest\u00e3o 10 &#8211; <\/strong><a href=\"https:\/\/www.uel.br\/\" target=\"_blank\" rel=\"noreferrer noopener\" aria-label=\" (abre numa nova aba)\">(Uel)<\/a> &#8220;&#8230; explodiu na prov\u00edncia do Gr\u00e3o-Par\u00e1 o movimento armado mais popular do Brasil (&#8230;). Foi uma das rebeli\u00f5es brasileiras em que as camadas inferiores ocuparam o poder&#8230;&#8221;<\/p>\n\n\n\n<p>Ao texto pode-se associar<\/p>\n\n\n\n<p><strong>a)<\/strong> a Reg\u00eancia e a Cabanagem.<\/p>\n\n\n\n<p><strong>b)<\/strong> o I Reinado e a Praieira.<\/p>\n\n\n\n<p><strong>c)<\/strong> o II Reinado e a Farroupilha.<\/p>\n\n\n\n<p><strong>d)<\/strong> o Per\u00edodo Joanino e a Sabinada.<\/p>\n\n\n\n<p><strong>e)<\/strong> a Abdica\u00e7\u00e3o e a Noite das Garrafadas.<\/p>\n\n\n\n<p><strong>Quest\u00e3o 11 &#8211; <\/strong><a href=\"http:\/\/www.uece.br\/\">(U<\/a><a href=\"http:\/\/www.uece.br\/\" target=\"_blank\" rel=\"noreferrer noopener\" aria-label=\"e (abre numa nova aba)\">e<\/a><a href=\"http:\/\/www.uece.br\/\">ce)<\/a><strong> <\/strong>&#8220;O per\u00edodo regencial foi um dos mais agitados da hist\u00f3ria pol\u00edtica do pa\u00eds e tamb\u00e9m um dos mais importantes. Naqueles anos, esteve em jogo a unidade territorial do Brasil, e o centro do debate pol\u00edtico foi dominado pelos temas da centraliza\u00e7\u00e3o ou descentraliza\u00e7\u00e3o do poder, do grau de autonomia das prov\u00edncias e da organiza\u00e7\u00e3o das For\u00e7as Armadas.&#8221;<\/p>\n\n\n\n<p>(FAUSTO, Boris. HIST\u00d3RIA DO BRASIL. 2 ed. S\u00e3o Paulo: EDUSP, 1995. p. 161.)<\/p>\n\n\n\n<p>Sobre as v\u00e1rias revoltas nas prov\u00edncias durante o per\u00edodo da Reg\u00eancia, podemos afirmar corretamente que:<\/p>\n\n\n\n<p><strong>a)<\/strong> eram levantes republicanos em sua maioria, que conseguiam sempre empolgar a popula\u00e7\u00e3o pobre e os escravos.<\/p>\n\n\n\n<p><strong>b)<\/strong> a principal delas foi a Revolu\u00e7\u00e3o Farroupilha, acontecida nas prov\u00edncias do nordeste, que pretendia o retorno do Imperador D. Pedro I.<\/p>\n\n\n\n<p><strong>c)<\/strong> podem ser vistas como respostas \u00e0 pol\u00edtica centralizadora do Imp\u00e9rio, que restringia a autonomia financeira e administrativa das prov\u00edncias.<\/p>\n\n\n\n<p><strong>d)<\/strong> em sua maioria, eram revoltas lideradas pelos grandes propriet\u00e1rios de terras e exigiam uma posi\u00e7\u00e3o mais forte e centralizadora do governo imperial.<\/p>\n\n\n\n<p><strong>Quest\u00e3o 12 &#8211; <\/strong><a href=\"https:\/\/www.fuvest.br\/\" target=\"_blank\" rel=\"noreferrer noopener\" aria-label=\" (abre numa nova aba)\">(Fuvest)<\/a> A Sabinada, que agitou a Bahia entre novembro de 1837 e mar\u00e7o de 1838,<\/p>\n\n\n\n<p><strong>a)<\/strong> tinha objetivos separatistas, no que diferia frontalmente das outras rebeli\u00f5es do per\u00edodo.<\/p>\n\n\n\n<p><strong>b)<\/strong> foi uma rebeli\u00e3o contra o poder institu\u00eddo no Rio de Janeiro que contou com a participa\u00e7\u00e3o popular.<\/p>\n\n\n\n<p><strong>c)<\/strong> assemelhou-se \u00e0 Guerra dos Farrapos, tanto pela postura antiescravista quanto pela viol\u00eancia e dura\u00e7\u00e3o da luta.<\/p>\n\n\n\n<p><strong>d)<\/strong> aproximou-se, em suas proposi\u00e7\u00f5es pol\u00edticas, das demais rebeli\u00f5es do per\u00edodo pela defesa do regime mon\u00e1rquico.<\/p>\n\n\n\n<p><strong>e)<\/strong> pode ser vista como uma continuidade da Rebeli\u00e3o dos Alfaiates, pois os dois movimentos tinham os mesmos objetivos.<\/p>\n\n\n\n<p><strong>Quest\u00e3o 13 &#8211; <\/strong><a href=\"http:\/\/www.faap.br\/\" target=\"_blank\" rel=\"noreferrer noopener\" aria-label=\" (abre numa nova aba)\">(Faap)<\/a> Movimento que pretendia proclamar a Rep\u00fablica Baiense, que deveria existir durante a menoridade de D. Pedro. Com a maioridade, seria abolida a Rep\u00fablica e a Bahia integrar-se-ia ao Imp\u00e9rio &#8211; 1837.<\/p>\n\n\n\n<p><strong>a)<\/strong> Farroupilha<\/p>\n\n\n\n<p><strong>b)<\/strong> Balaiada<\/p>\n\n\n\n<p><strong>c)<\/strong> Sabinada<\/p>\n\n\n\n<p><strong>d)<\/strong> Cabanagem<\/p>\n\n\n\n<p><strong>e)<\/strong> Revolta Praieira<\/p>\n\n\n\n<p><strong>Quest\u00e3o 14 &#8211; <\/strong><a href=\"http:\/\/www.faap.br\/\" target=\"_blank\" rel=\"noreferrer noopener\" aria-label=\" (abre numa nova aba)\">(Faap)<\/a> Revolta de cunho popular: popula\u00e7\u00e3o pobre da regi\u00e3o. Chegam a tomar Bel\u00e9m e assumem o governo 1835 -1836.<\/p>\n\n\n\n<p><strong>1\u00ba governo cabano: <\/strong>F\u00e9lix Clemente Malcher<\/p>\n\n\n\n<p><strong>2\u00ba governo cabano:<\/strong> Francisco Vinagre<\/p>\n\n\n\n<p><strong>3\u00ba governo cabano:<\/strong> Eduardo Angelim<\/p>\n\n\n\n<p>Movimento reprimido pelo general Soares Andr\u00e9ia.<\/p>\n\n\n\n<p><strong>a)<\/strong> Farroupilha<\/p>\n\n\n\n<p><strong>b)<\/strong> Balaiada<\/p>\n\n\n\n<p><strong>c)<\/strong> Sabinada<\/p>\n\n\n\n<p><strong>d)<\/strong> Revolta Praieira<\/p>\n\n\n\n<p><strong>e)<\/strong> Cabanagem<\/p>\n\n\n\n<ul><li><strong>Ufa, estamos quase l\u00e1! <\/strong>Fa\u00e7a as 3 \u00faltimas Quest\u00f5es sobre as Revoltas Regenciais.<\/li><\/ul>\n\n\n\n<p><strong>Quest\u00e3o 15 &#8211;<\/strong> <a href=\"http:\/\/www.unirio.br\/\" target=\"_blank\" rel=\"noreferrer noopener\" aria-label=\" (abre numa nova aba)\">(Unirio)<\/a><strong> <\/strong>A consolida\u00e7\u00e3o do Imp\u00e9rio foi marcada por v\u00e1rias rebeli\u00f5es, que, representando grupos, regi\u00f5es e interesses diversificados, amea\u00e7aram o Estado Imperial. Assinale a op\u00e7\u00e3o que associa uma dessas rebeli\u00f5es ocorridas durante o Imp\u00e9rio com o que foi afirmado acima:<\/p>\n\n\n\n<p><strong>a)<\/strong> A Cabanagem, no Gr\u00e3o-Par\u00e1, expressou a rea\u00e7\u00e3o dos comerciantes locais contra o monop\u00f3lio do com\u00e9rcio.<\/p>\n\n\n\n<p><strong>b)<\/strong> A Praieira, em Pernambuco, foi a mais importante manifesta\u00e7\u00e3o do Partido Restaurador.<\/p>\n\n\n\n<p><strong>c)<\/strong> A Sabinada, na Bahia, teve origem na mais importante rebeli\u00e3o popular e de escravos do per\u00edodo.&nbsp;<\/p>\n\n\n\n<p><strong>d)<\/strong> A Balaiada, no Maranh\u00e3o, apesar da sua fidelidade mon\u00e1rquica, representou o ideal federal da oligarquia.<\/p>\n\n\n\n<p><strong>e)<\/strong> A Farroupilha, no Rio Grande, foi a mais longa rebeli\u00e3o republicana e federalista, expressando ideais dos propriet\u00e1rios ga\u00fachos.<\/p>\n\n\n\n<p><strong>Quest\u00e3o 16 &#8211; <\/strong><a href=\"https:\/\/www.pucrs.br\/\" target=\"_blank\" rel=\"noreferrer noopener\" aria-label=\" (abre numa nova aba)\">(Pucrs)<\/a> A Revolu\u00e7\u00e3o Farroupilha (1835-1845) no Rio Grande do Sul, inscrita no quadro nacional de revoltas provinciais, apresenta um conjunto complexo de condicionamentos espec\u00edficos. Do ponto de vista econ\u00f4mico, \u00e9 correto apontar como um desses condicionamentos&nbsp;<\/p>\n\n\n\n<p><strong>a)<\/strong> o incentivo do governo central \u00e0 economia colonial alem\u00e3 e italiana, em preju\u00edzo da pecu\u00e1ria.<\/p>\n\n\n\n<p><strong>b)<\/strong> as restri\u00e7\u00f5es legais do governo central ao ingresso de escravos nas charqueadas ga\u00fachas.<\/p>\n\n\n\n<p><strong>c) <\/strong>a proibi\u00e7\u00e3o da livre exporta\u00e7\u00e3o de trigo e gado sul-rio-grandenses para o Uruguai e a Argentina.<\/p>\n\n\n\n<p><strong>d)<\/strong> a falta de est\u00edmulo estatal \u00e0 nascente ind\u00fastria ga\u00facha, que competia desigualmente com o Rio de Janeiro e S\u00e3o Paulo.<\/p>\n\n\n\n<p><strong>e)<\/strong> a importa\u00e7\u00e3o do charque platino, sem prote\u00e7\u00e3o para a produ\u00e7\u00e3o similar ga\u00facha no mercado interno brasileiro.<\/p>\n\n\n\n<p><strong>Quest\u00e3o 17 &#8211; <\/strong><a href=\"http:\/\/www.uff.br\/\" target=\"_blank\" rel=\"noreferrer noopener\" aria-label=\" (abre numa nova aba)\">(Uff)<\/a> Por ser o herdeiro de menor idade, a abdica\u00e7\u00e3o de D. Pedro I, em 1831, resultou na forma\u00e7\u00e3o de governos regenciais que, at\u00e9 1840, enfrentaram in\u00fameras dificuldades para manter a integridade territorial do Imp\u00e9rio. Entre as v\u00e1rias rebeli\u00f5es irrompidas nas prov\u00edncias, a ocorrida no Maranh\u00e3o notabilizou-se pela diversidade social dos insurgentes, entre os quais n\u00e3o faltaram escravos a quilombolas. A revolta mencionada denomina-se:<\/p>\n\n\n\n<p><strong>a)<\/strong> Cabanagem<\/p>\n\n\n\n<p><strong>b)<\/strong> Balaiada<\/p>\n\n\n\n<p><strong>c)<\/strong> Farroupilha<\/p>\n\n\n\n<p><strong>d)<\/strong> Revolta dos Mal\u00eas<\/p>\n\n\n\n<p><strong>e)<\/strong> Praieira<\/p>\n\n\n\n<ul><li><strong>Parab\u00e9ns,<\/strong> voc\u00ea fez todas as Quest\u00f5es sobre as Revoltas Regenciais, Confira agora o Gabarito:<\/li><\/ul>\n\n\n\n<h3 class=\"wp-block-heading\">Gabarito das Quest\u00f5es sobre as Revoltas Regenciais<\/h3>\n\n\n\n<p><strong>Exerc\u00edcio resolvido da quest\u00e3o 1 &#8211;<\/strong><\/p>\n\n\n\n<p>Alternativa correta: <strong>a) <\/strong>&nbsp;a Reg\u00eancia e a Cabanagem.<\/p>\n\n\n\n<p><strong>Exerc\u00edcio resolvido da quest\u00e3o 2 &#8211;<\/strong><\/p>\n\n\n\n<p>Alternativa correta: <strong>e)<\/strong> 3 \u2013 2 \u2013 5.<\/p>\n\n\n\n<p><strong>Exerc\u00edcio resolvido da quest\u00e3o 3 &#8211;<\/strong><\/p>\n\n\n\n<p>Alternativa correta: <strong>c) <\/strong>I, III e IV est\u00e3o corretas;<\/p>\n\n\n\n<p><strong>Exerc\u00edcio resolvido da quest\u00e3o 4 &#8211;<\/strong><\/p>\n\n\n\n<p>Alternativa correta: <strong>a)<\/strong> 1 &#8211; III; 2 &#8211; I; 3 &#8211; V; 4 &#8211; II; 5 &#8211; IV.<\/p>\n\n\n\n<p><strong>Exerc\u00edcio resolvido da quest\u00e3o 5 &#8211;<\/strong><\/p>\n\n\n\n<p>Alternativa correta: <strong>e)<\/strong> pela redefini\u00e7\u00e3o do poder mon\u00e1rquico e pela forma\u00e7\u00e3o dos partidos pol\u00edticos, sem que se alterassem as estruturas sociais e econ\u00f4micas estabelecidas.<\/p>\n\n\n\n<p><strong>Exerc\u00edcio resolvido da quest\u00e3o 6 &#8211;<\/strong><\/p>\n\n\n\n<p>Alternativa correta: <strong>c)<\/strong> agitado da Reg\u00eancia.<\/p>\n\n\n\n<p><strong>Exerc\u00edcio resolvido da quest\u00e3o 7 &#8211;<\/strong><\/p>\n\n\n\n<p>Alternativa correta: <strong>d)<\/strong> Par\u00e1<\/p>\n\n\n\n<p><strong>Exerc\u00edcio resolvido da quest\u00e3o 8 &#8211;<\/strong><\/p>\n\n\n\n<p>Alternativa correta: <strong>c)<\/strong> Rio Grande do Sul<\/p>\n\n\n\n<p><strong>Exerc\u00edcio resolvido da quest\u00e3o 9 &#8211;<\/strong><\/p>\n\n\n\n<p>Alternativa correta: <strong>e)<\/strong> Piau\u00ed<\/p>\n\n\n\n<p><strong>Exerc\u00edcio resolvido da quest\u00e3o 10 &#8211;<\/strong><\/p>\n\n\n\n<p>Alternativa correta: <strong>a)<\/strong> a Reg\u00eancia e a Cabanagem.<\/p>\n\n\n\n<p><strong>Exerc\u00edcio resolvido da quest\u00e3o 11 &#8211;<\/strong><\/p>\n\n\n\n<p>Alternativa correta: <strong>c)<\/strong> podem ser vistas como respostas \u00e0 pol\u00edtica centralizadora do Imp\u00e9rio, que restringia a autonomia financeira e administrativa das prov\u00edncias.<\/p>\n\n\n\n<p><strong>Exerc\u00edcio resolvido da quest\u00e3o 12 &#8211;<\/strong><\/p>\n\n\n\n<p>Alternativa correta: <strong>b)<\/strong> foi uma rebeli\u00e3o contra o poder institu\u00eddo no Rio de Janeiro que contou com a participa\u00e7\u00e3o popular.<\/p>\n\n\n\n<p><strong>Exerc\u00edcio resolvido da quest\u00e3o 13 &#8211;<\/strong><\/p>\n\n\n\n<p>Alternativa correta: <strong>c)<\/strong> Sabinada<\/p>\n\n\n\n<p><strong>Exerc\u00edcio resolvido da quest\u00e3o 14 &#8211;<\/strong><\/p>\n\n\n\n<p>Alternativa correta: <strong>e)<\/strong> Cabanagem<\/p>\n\n\n\n<p><strong>Exerc\u00edcio resolvido da quest\u00e3o 15 &#8211;<\/strong><\/p>\n\n\n\n<p>Alternativa correta: <strong>e)<\/strong> A Farroupilha, no Rio Grande, foi a mais longa rebeli\u00e3o republicana e federalista, expressando ideais dos propriet\u00e1rios ga\u00fachos.<\/p>\n\n\n\n<p><strong>Exerc\u00edcio resolvido da quest\u00e3o 16 &#8211;<\/strong><\/p>\n\n\n\n<p>Alternativa correta: <strong>e)<\/strong> a importa\u00e7\u00e3o do charque platino, sem prote\u00e7\u00e3o para a produ\u00e7\u00e3o similar ga\u00facha no mercado interno brasileiro.<\/p>\n\n\n\n<p><strong>Exerc\u00edcio resolvido da quest\u00e3o 17 &#8211;<\/strong><\/p>\n\n\n\n<p>Alternativa correta: <strong>b)<\/strong> Balaiada<\/p>\n\n\n\n<p>Estude para o Enem com o <a href=\"https:\/\/beduka.com\/simulado\" target=\"_blank\" rel=\"noreferrer noopener\" aria-label=\" (abre numa nova aba)\">Simulado Beduka.<\/a> <strong>\u00c9 gratuito!<\/strong><\/p>\n\n\n\n<p>Gostou das nossas <strong>Quest\u00f5es sobre Revoltas Regenciais?<\/strong> Compartilhe com os seus amigos e comente abaixo sobre as \u00e1reas que voc\u00ea deseja mais explica\u00e7\u00f5es.<\/p>\n\n\n\n<p>Queremos te ajudar a encontrar a <strong>FACULDADE IDEAL! <\/strong>Logo abaixo, fa\u00e7a uma pesquisa por curso e cidade que te mostraremos todas as faculdades que podem te atender. <strong>Informamos a nota de corte, valor de mensalidade, nota do MEC, avalia\u00e7\u00e3o dos alunos, modalidades de ensino e muito mais.<\/strong><\/p>\n","protected":false},"excerpt":{"rendered":"<p>O Per\u00edodo Regencial (1831 &#8211; 1840) recebe esse nome por ser o momento onde o Imperador Dom Pedro II, impossibilitado de assumir o trono por conta da baixa idade, foi substitu\u00eddo por regentes conforme mandava a Constitui\u00e7\u00e3o de 1824. Esse&nbsp; per\u00edodo foi marcado por uma grande instabilidade pol\u00edtica que gerou as diversas revoltas regenciais, tema [&hellip;]<\/p>\n","protected":false},"author":1,"featured_media":19205,"comment_status":"open","ping_status":"closed","sticky":false,"template":"","format":"standard","meta":{"_mi_skip_tracking":false,"_monsterinsights_sitenote_active":false,"_monsterinsights_sitenote_note":"","_monsterinsights_sitenote_category":0},"categories":[604],"tags":[],"yoast_head":"<!-- This site is optimized with the Yoast SEO plugin v20.10 - https:\/\/yoast.com\/wordpress\/plugins\/seo\/ -->\n<title>As 17 Melhores Quest\u00f5es sobre Revoltas Regenciais (GABARITO)<\/title>\n<meta name=\"description\" content=\"Leia nosso Resumo e coloque seu conhecimento em pr\u00e1tica com As Melhores Quest\u00f5es sobre Revoltas Regenciais selecionadas para voc\u00ea.\" \/>\n<meta name=\"robots\" content=\"index, follow, max-snippet:-1, max-image-preview:large, max-video-preview:-1\" \/>\n<link rel=\"canonical\" href=\"https:\/\/beduka.com\/blog\/exercicios\/historia-exercicios\/questoes-revoltas-regenciais\/\" \/>\n<meta property=\"og:locale\" content=\"pt_BR\" \/>\n<meta property=\"og:type\" content=\"article\" \/>\n<meta property=\"og:title\" content=\"As 17 Melhores Quest\u00f5es sobre Revoltas Regenciais (GABARITO)\" \/>\n<meta property=\"og:description\" content=\"Leia nosso Resumo e coloque seu conhecimento em pr\u00e1tica com As Melhores Quest\u00f5es sobre Revoltas Regenciais selecionadas para voc\u00ea.\" \/>\n<meta property=\"og:url\" content=\"https:\/\/beduka.com\/blog\/exercicios\/historia-exercicios\/questoes-revoltas-regenciais\/\" \/>\n<meta property=\"og:site_name\" content=\"Blog do Beduka | Mat\u00e9rias resumidas, Dicas e Exerc\u00edcios Enem\" \/>\n<meta property=\"article:publisher\" content=\"https:\/\/www.facebook.com\/beduka.buscadordefaculdades\/\" \/>\n<meta property=\"article:author\" content=\"https:\/\/www.facebook.com\/beduka.buscadordefaculdades\" \/>\n<meta property=\"article:published_time\" content=\"2020-12-15T12:11:43+00:00\" \/>\n<meta property=\"article:modified_time\" content=\"2023-04-03T20:26:55+00:00\" \/>\n<meta property=\"og:image\" content=\"https:\/\/beduka.com\/blog\/wp-content\/uploads\/2020\/12\/Quest\u00f5es-sobre-Revoltas-Regenciais.jpg\" \/>\n\t<meta property=\"og:image:width\" content=\"600\" \/>\n\t<meta property=\"og:image:height\" content=\"300\" \/>\n\t<meta property=\"og:image:type\" content=\"image\/jpeg\" \/>\n<meta name=\"author\" content=\"Reda\u00e7\u00e3o Beduka (a)\" \/>\n<meta name=\"twitter:card\" content=\"summary_large_image\" \/>\n<meta name=\"twitter:label1\" content=\"Escrito por\" \/>\n\t<meta name=\"twitter:data1\" content=\"Reda\u00e7\u00e3o Beduka (a)\" \/>\n\t<meta name=\"twitter:label2\" content=\"Est. tempo de leitura\" \/>\n\t<meta name=\"twitter:data2\" content=\"15 minutos\" \/>\n<script type=\"application\/ld+json\" class=\"yoast-schema-graph\">{\"@context\":\"https:\/\/schema.org\",\"@graph\":[{\"@type\":\"Article\",\"@id\":\"https:\/\/beduka.com\/blog\/exercicios\/historia-exercicios\/questoes-revoltas-regenciais\/#article\",\"isPartOf\":{\"@id\":\"https:\/\/beduka.com\/blog\/exercicios\/historia-exercicios\/questoes-revoltas-regenciais\/\"},\"author\":{\"name\":\"Reda\u00e7\u00e3o Beduka (a)\",\"@id\":\"https:\/\/beduka.com\/blog\/#\/schema\/person\/325d912d2cb8dd9ede8ab291427d2b8a\"},\"headline\":\"As 17 Melhores Quest\u00f5es sobre as Revoltas Regenciais com Gabarito\",\"datePublished\":\"2020-12-15T12:11:43+00:00\",\"dateModified\":\"2023-04-03T20:26:55+00:00\",\"mainEntityOfPage\":{\"@id\":\"https:\/\/beduka.com\/blog\/exercicios\/historia-exercicios\/questoes-revoltas-regenciais\/\"},\"wordCount\":3010,\"commentCount\":2,\"publisher\":{\"@id\":\"https:\/\/beduka.com\/blog\/#organization\"},\"articleSection\":[\"Hist\u00f3ria\"],\"inLanguage\":\"pt-BR\",\"potentialAction\":[{\"@type\":\"CommentAction\",\"name\":\"Comment\",\"target\":[\"https:\/\/beduka.com\/blog\/exercicios\/historia-exercicios\/questoes-revoltas-regenciais\/#respond\"]}]},{\"@type\":\"WebPage\",\"@id\":\"https:\/\/beduka.com\/blog\/exercicios\/historia-exercicios\/questoes-revoltas-regenciais\/\",\"url\":\"https:\/\/beduka.com\/blog\/exercicios\/historia-exercicios\/questoes-revoltas-regenciais\/\",\"name\":\"As 17 Melhores Quest\u00f5es sobre Revoltas Regenciais (GABARITO)\",\"isPartOf\":{\"@id\":\"https:\/\/beduka.com\/blog\/#website\"},\"datePublished\":\"2020-12-15T12:11:43+00:00\",\"dateModified\":\"2023-04-03T20:26:55+00:00\",\"description\":\"Leia nosso Resumo e coloque seu conhecimento em pr\u00e1tica com As Melhores Quest\u00f5es sobre Revoltas Regenciais selecionadas para voc\u00ea.\",\"breadcrumb\":{\"@id\":\"https:\/\/beduka.com\/blog\/exercicios\/historia-exercicios\/questoes-revoltas-regenciais\/#breadcrumb\"},\"inLanguage\":\"pt-BR\",\"potentialAction\":[{\"@type\":\"ReadAction\",\"target\":[\"https:\/\/beduka.com\/blog\/exercicios\/historia-exercicios\/questoes-revoltas-regenciais\/\"]}]},{\"@type\":\"BreadcrumbList\",\"@id\":\"https:\/\/beduka.com\/blog\/exercicios\/historia-exercicios\/questoes-revoltas-regenciais\/#breadcrumb\",\"itemListElement\":[{\"@type\":\"ListItem\",\"position\":1,\"name\":\"Home\",\"item\":\"https:\/\/beduka.com\/blog\/\"},{\"@type\":\"ListItem\",\"position\":2,\"name\":\"As 17 Melhores Quest\u00f5es sobre as Revoltas Regenciais com Gabarito\"}]},{\"@type\":\"WebSite\",\"@id\":\"https:\/\/beduka.com\/blog\/#website\",\"url\":\"https:\/\/beduka.com\/blog\/\",\"name\":\"Blog do Beduka | Mat\u00e9rias resumidas, Dicas e Exerc\u00edcios Enem\",\"description\":\"O Blog do Beduka tem os conte\u00fados que mais caem no Enem, exerc\u00edcios de vestibular com gabarito, resumos, dicas e informa\u00e7\u00f5es Sisu, Prouni e Fies.Encontre dicas para o ENEM, resumos, exerc\u00edcios e informa\u00e7\u00f5es sobre os vestibulares. Acesse agora!\",\"publisher\":{\"@id\":\"https:\/\/beduka.com\/blog\/#organization\"},\"potentialAction\":[{\"@type\":\"SearchAction\",\"target\":{\"@type\":\"EntryPoint\",\"urlTemplate\":\"https:\/\/beduka.com\/blog\/?s={search_term_string}\"},\"query-input\":\"required name=search_term_string\"}],\"inLanguage\":\"pt-BR\"},{\"@type\":\"Organization\",\"@id\":\"https:\/\/beduka.com\/blog\/#organization\",\"name\":\"Beduka\",\"url\":\"https:\/\/beduka.com\/blog\/\",\"logo\":{\"@type\":\"ImageObject\",\"inLanguage\":\"pt-BR\",\"@id\":\"https:\/\/beduka.com\/blog\/#\/schema\/logo\/image\/\",\"url\":\"https:\/\/beduka.com\/blog\/wp-content\/uploads\/2020\/06\/marca-beduka.png\",\"contentUrl\":\"https:\/\/beduka.com\/blog\/wp-content\/uploads\/2020\/06\/marca-beduka.png\",\"width\":1077,\"height\":368,\"caption\":\"Beduka\"},\"image\":{\"@id\":\"https:\/\/beduka.com\/blog\/#\/schema\/logo\/image\/\"},\"sameAs\":[\"https:\/\/www.facebook.com\/beduka.buscadordefaculdades\/\",\"https:\/\/www.instagram.com\/beduka_oficial\/\",\"https:\/\/www.linkedin.com\/company\/beduka\",\"https:\/\/br.pinterest.com\/bedukaoficial\/\",\"https:\/\/www.youtube.com\/beduka\"]},{\"@type\":\"Person\",\"@id\":\"https:\/\/beduka.com\/blog\/#\/schema\/person\/325d912d2cb8dd9ede8ab291427d2b8a\",\"name\":\"Reda\u00e7\u00e3o Beduka (a)\",\"image\":{\"@type\":\"ImageObject\",\"inLanguage\":\"pt-BR\",\"@id\":\"https:\/\/beduka.com\/blog\/#\/schema\/person\/image\/\",\"url\":\"https:\/\/secure.gravatar.com\/avatar\/6f58a181ef24e0dc0bb73f096aa0f8b5?s=96&d=mm&r=g\",\"contentUrl\":\"https:\/\/secure.gravatar.com\/avatar\/6f58a181ef24e0dc0bb73f096aa0f8b5?s=96&d=mm&r=g\",\"caption\":\"Reda\u00e7\u00e3o Beduka (a)\"},\"description\":\"Este conte\u00fado foi criado e validado por uma equipe multidisciplinar, formada por especialistas em cada \u00e1rea do conhecimento. O Beduka est\u00e1 presente no Instagram, YouTube, LinkedIn e em diversos outros ambientes digitais. O site foi criado em 2017 e, desde a sua funda\u00e7\u00e3o, atua para fornecer materiais de qualidade para facilitar a vida de estudantes de todo o Brasil, ajudando-os a se preparar para os principais vestibulares e o Enem.\",\"sameAs\":[\"https:\/\/www.facebook.com\/beduka.buscadordefaculdades\",\"https:\/\/www.instagram.com\/beduka_oficial\/\",\"https:\/\/br.pinterest.com\/bedukaoficial\/\"],\"url\":\"https:\/\/beduka.com\/blog\/author\/admin\/\"}]}<\/script>\n<!-- \/ Yoast SEO plugin. -->","yoast_head_json":{"title":"As 17 Melhores Quest\u00f5es sobre Revoltas Regenciais (GABARITO)","description":"Leia nosso Resumo e coloque seu conhecimento em pr\u00e1tica com As Melhores Quest\u00f5es sobre Revoltas Regenciais selecionadas para voc\u00ea.","robots":{"index":"index","follow":"follow","max-snippet":"max-snippet:-1","max-image-preview":"max-image-preview:large","max-video-preview":"max-video-preview:-1"},"canonical":"https:\/\/beduka.com\/blog\/exercicios\/historia-exercicios\/questoes-revoltas-regenciais\/","og_locale":"pt_BR","og_type":"article","og_title":"As 17 Melhores Quest\u00f5es sobre Revoltas Regenciais (GABARITO)","og_description":"Leia nosso Resumo e coloque seu conhecimento em pr\u00e1tica com As Melhores Quest\u00f5es sobre Revoltas Regenciais selecionadas para voc\u00ea.","og_url":"https:\/\/beduka.com\/blog\/exercicios\/historia-exercicios\/questoes-revoltas-regenciais\/","og_site_name":"Blog do Beduka | Mat\u00e9rias resumidas, Dicas e Exerc\u00edcios Enem","article_publisher":"https:\/\/www.facebook.com\/beduka.buscadordefaculdades\/","article_author":"https:\/\/www.facebook.com\/beduka.buscadordefaculdades","article_published_time":"2020-12-15T12:11:43+00:00","article_modified_time":"2023-04-03T20:26:55+00:00","og_image":[{"width":600,"height":300,"url":"https:\/\/beduka.com\/blog\/wp-content\/uploads\/2020\/12\/Quest\u00f5es-sobre-Revoltas-Regenciais.jpg","type":"image\/jpeg"}],"author":"Reda\u00e7\u00e3o Beduka (a)","twitter_card":"summary_large_image","twitter_misc":{"Escrito por":"Reda\u00e7\u00e3o Beduka (a)","Est. tempo de leitura":"15 minutos"},"schema":{"@context":"https:\/\/schema.org","@graph":[{"@type":"Article","@id":"https:\/\/beduka.com\/blog\/exercicios\/historia-exercicios\/questoes-revoltas-regenciais\/#article","isPartOf":{"@id":"https:\/\/beduka.com\/blog\/exercicios\/historia-exercicios\/questoes-revoltas-regenciais\/"},"author":{"name":"Reda\u00e7\u00e3o Beduka (a)","@id":"https:\/\/beduka.com\/blog\/#\/schema\/person\/325d912d2cb8dd9ede8ab291427d2b8a"},"headline":"As 17 Melhores Quest\u00f5es sobre as Revoltas Regenciais com Gabarito","datePublished":"2020-12-15T12:11:43+00:00","dateModified":"2023-04-03T20:26:55+00:00","mainEntityOfPage":{"@id":"https:\/\/beduka.com\/blog\/exercicios\/historia-exercicios\/questoes-revoltas-regenciais\/"},"wordCount":3010,"commentCount":2,"publisher":{"@id":"https:\/\/beduka.com\/blog\/#organization"},"articleSection":["Hist\u00f3ria"],"inLanguage":"pt-BR","potentialAction":[{"@type":"CommentAction","name":"Comment","target":["https:\/\/beduka.com\/blog\/exercicios\/historia-exercicios\/questoes-revoltas-regenciais\/#respond"]}]},{"@type":"WebPage","@id":"https:\/\/beduka.com\/blog\/exercicios\/historia-exercicios\/questoes-revoltas-regenciais\/","url":"https:\/\/beduka.com\/blog\/exercicios\/historia-exercicios\/questoes-revoltas-regenciais\/","name":"As 17 Melhores Quest\u00f5es sobre Revoltas Regenciais (GABARITO)","isPartOf":{"@id":"https:\/\/beduka.com\/blog\/#website"},"datePublished":"2020-12-15T12:11:43+00:00","dateModified":"2023-04-03T20:26:55+00:00","description":"Leia nosso Resumo e coloque seu conhecimento em pr\u00e1tica com As Melhores Quest\u00f5es sobre Revoltas Regenciais selecionadas para voc\u00ea.","breadcrumb":{"@id":"https:\/\/beduka.com\/blog\/exercicios\/historia-exercicios\/questoes-revoltas-regenciais\/#breadcrumb"},"inLanguage":"pt-BR","potentialAction":[{"@type":"ReadAction","target":["https:\/\/beduka.com\/blog\/exercicios\/historia-exercicios\/questoes-revoltas-regenciais\/"]}]},{"@type":"BreadcrumbList","@id":"https:\/\/beduka.com\/blog\/exercicios\/historia-exercicios\/questoes-revoltas-regenciais\/#breadcrumb","itemListElement":[{"@type":"ListItem","position":1,"name":"Home","item":"https:\/\/beduka.com\/blog\/"},{"@type":"ListItem","position":2,"name":"As 17 Melhores Quest\u00f5es sobre as Revoltas Regenciais com Gabarito"}]},{"@type":"WebSite","@id":"https:\/\/beduka.com\/blog\/#website","url":"https:\/\/beduka.com\/blog\/","name":"Blog do Beduka | Mat\u00e9rias resumidas, Dicas e Exerc\u00edcios Enem","description":"O Blog do Beduka tem os conte\u00fados que mais caem no Enem, exerc\u00edcios de vestibular com gabarito, resumos, dicas e informa\u00e7\u00f5es Sisu, Prouni e Fies.Encontre dicas para o ENEM, resumos, exerc\u00edcios e informa\u00e7\u00f5es sobre os vestibulares. Acesse agora!","publisher":{"@id":"https:\/\/beduka.com\/blog\/#organization"},"potentialAction":[{"@type":"SearchAction","target":{"@type":"EntryPoint","urlTemplate":"https:\/\/beduka.com\/blog\/?s={search_term_string}"},"query-input":"required name=search_term_string"}],"inLanguage":"pt-BR"},{"@type":"Organization","@id":"https:\/\/beduka.com\/blog\/#organization","name":"Beduka","url":"https:\/\/beduka.com\/blog\/","logo":{"@type":"ImageObject","inLanguage":"pt-BR","@id":"https:\/\/beduka.com\/blog\/#\/schema\/logo\/image\/","url":"https:\/\/beduka.com\/blog\/wp-content\/uploads\/2020\/06\/marca-beduka.png","contentUrl":"https:\/\/beduka.com\/blog\/wp-content\/uploads\/2020\/06\/marca-beduka.png","width":1077,"height":368,"caption":"Beduka"},"image":{"@id":"https:\/\/beduka.com\/blog\/#\/schema\/logo\/image\/"},"sameAs":["https:\/\/www.facebook.com\/beduka.buscadordefaculdades\/","https:\/\/www.instagram.com\/beduka_oficial\/","https:\/\/www.linkedin.com\/company\/beduka","https:\/\/br.pinterest.com\/bedukaoficial\/","https:\/\/www.youtube.com\/beduka"]},{"@type":"Person","@id":"https:\/\/beduka.com\/blog\/#\/schema\/person\/325d912d2cb8dd9ede8ab291427d2b8a","name":"Reda\u00e7\u00e3o Beduka (a)","image":{"@type":"ImageObject","inLanguage":"pt-BR","@id":"https:\/\/beduka.com\/blog\/#\/schema\/person\/image\/","url":"https:\/\/secure.gravatar.com\/avatar\/6f58a181ef24e0dc0bb73f096aa0f8b5?s=96&d=mm&r=g","contentUrl":"https:\/\/secure.gravatar.com\/avatar\/6f58a181ef24e0dc0bb73f096aa0f8b5?s=96&d=mm&r=g","caption":"Reda\u00e7\u00e3o Beduka (a)"},"description":"Este conte\u00fado foi criado e validado por uma equipe multidisciplinar, formada por especialistas em cada \u00e1rea do conhecimento. O Beduka est\u00e1 presente no Instagram, YouTube, LinkedIn e em diversos outros ambientes digitais. O site foi criado em 2017 e, desde a sua funda\u00e7\u00e3o, atua para fornecer materiais de qualidade para facilitar a vida de estudantes de todo o Brasil, ajudando-os a se preparar para os principais vestibulares e o Enem.","sameAs":["https:\/\/www.facebook.com\/beduka.buscadordefaculdades","https:\/\/www.instagram.com\/beduka_oficial\/","https:\/\/br.pinterest.com\/bedukaoficial\/"],"url":"https:\/\/beduka.com\/blog\/author\/admin\/"}]}},"_links":{"self":[{"href":"https:\/\/beduka.com\/blog\/wp-json\/wp\/v2\/posts\/19196"}],"collection":[{"href":"https:\/\/beduka.com\/blog\/wp-json\/wp\/v2\/posts"}],"about":[{"href":"https:\/\/beduka.com\/blog\/wp-json\/wp\/v2\/types\/post"}],"author":[{"embeddable":true,"href":"https:\/\/beduka.com\/blog\/wp-json\/wp\/v2\/users\/1"}],"replies":[{"embeddable":true,"href":"https:\/\/beduka.com\/blog\/wp-json\/wp\/v2\/comments?post=19196"}],"version-history":[{"count":2,"href":"https:\/\/beduka.com\/blog\/wp-json\/wp\/v2\/posts\/19196\/revisions"}],"predecessor-version":[{"id":29679,"href":"https:\/\/beduka.com\/blog\/wp-json\/wp\/v2\/posts\/19196\/revisions\/29679"}],"wp:featuredmedia":[{"embeddable":true,"href":"https:\/\/beduka.com\/blog\/wp-json\/wp\/v2\/media\/19205"}],"wp:attachment":[{"href":"https:\/\/beduka.com\/blog\/wp-json\/wp\/v2\/media?parent=19196"}],"wp:term":[{"taxonomy":"category","embeddable":true,"href":"https:\/\/beduka.com\/blog\/wp-json\/wp\/v2\/categories?post=19196"},{"taxonomy":"post_tag","embeddable":true,"href":"https:\/\/beduka.com\/blog\/wp-json\/wp\/v2\/tags?post=19196"}],"curies":[{"name":"wp","href":"https:\/\/api.w.org\/{rel}","templated":true}]}}