{"id":19204,"date":"2020-12-15T09:11:17","date_gmt":"2020-12-15T12:11:17","guid":{"rendered":"https:\/\/beduka.com\/blog\/?p=19204"},"modified":"2020-12-15T09:11:18","modified_gmt":"2020-12-15T12:11:18","slug":"fases-da-gestacao","status":"publish","type":"post","link":"https:\/\/beduka.com\/blog\/materias\/biologia\/fases-da-gestacao\/","title":{"rendered":"Tudo sobre fases da gesta\u00e7\u00e3o: aprenda conceitos e entenda transforma\u00e7\u00f5es!"},"content":{"rendered":"\n<p>A gesta\u00e7\u00e3o \u00e9 o per\u00edodo em que a mulher carrega uma nova vida que se desenvolve no ventre. Esse per\u00edodo costuma durar 9 meses e \u00e9 dividido em tr\u00eas fases da gesta\u00e7\u00e3o. Cada fase \u00e9 um trimestre com caracter\u00edsticas pr\u00f3prias: no primeiro h\u00e1 o desenvolvimento do embri\u00e3o, no segundo o feto tem seus sistemas conclu\u00eddos e no terceiro prepara-se o parto.<br><\/p>\n\n\n\n<p><strong>Neste artigo sobre Fases da gesta\u00e7\u00e3o, voc\u00ea encontrar\u00e1:<\/strong><\/p>\n\n\n\n<ol><li>Quais s\u00e3o as fases da gesta\u00e7\u00e3o?<\/li><li>Porque \u00e9 importante saber isso&nbsp;<\/li><li>Curiosidades<\/li><li>Semanas, altera\u00e7\u00f5es no beb\u00ea e na m\u00e3e em cada trimestre<\/li><\/ol>\n\n\n\n<ul><li><strong>Estudando para as provas?<\/strong> Conhe\u00e7a <a href=\"https:\/\/beduka.com\/blog\/dicas\/enem-dicas\/simulados-para-enem-online-e-gratuito\/\" target=\"_blank\" rel=\"noreferrer noopener\" aria-label=\" (abre numa nova aba)\">o melhor Simulado do Brasil<\/a>! Ele pode ser personalizado com as mat\u00e9rias que voc\u00ea mais precisa!<\/li><\/ul>\n\n\n\n<h2 class=\"wp-block-heading\">Quais s\u00e3o as fases da gesta\u00e7\u00e3o?<\/h2>\n\n\n\n<p>A <strong>gesta\u00e7\u00e3o \u00e9 todo o per\u00edodo em que a mulher est\u00e1 gr\u00e1vida<\/strong>, ou seja, que carrega um beb\u00ea em seu ventre. Cada esp\u00e9cie tem um tempo de dura\u00e7\u00e3o pr\u00f3prio da gesta\u00e7\u00e3o, mas nos seres humanos dizemos que dura, em m\u00e9dia, <strong>9 meses ou 40 semanas.<\/strong><br><\/p>\n\n\n\n<p>A vida humana \u00e9 muito complexa, nem mesmo ap\u00f3s o nascimento paramos de desenvolver ou ter nossas vidas divididas em etapas.&nbsp;<br><\/p>\n\n\n\n<p>Da mesma forma, a vida intrauterina (dentro do \u00fatero) tamb\u00e9m <strong>\u00e9 dividida em fases que abrangem desde a concep\u00e7\u00e3o at\u00e9 o parto!&nbsp;<\/strong><br><\/p>\n\n\n\n<p><strong>Existem 3 fases<\/strong> da gesta\u00e7\u00e3o que s\u00e3o agrupadas <strong>de acordo com as transforma\u00e7\u00f5es <\/strong>que ocorrem <strong>no bebe e na m\u00e3e<\/strong>. S\u00e3o elas:<br><\/p>\n\n\n\n<ul><li><strong>Primeiro trimestre<\/strong> (1\u00b0 a 10\u00b0 semana): ap\u00f3s a fecunda\u00e7\u00e3o, surge um ser \u00fanico que cresce em alt\u00edssima velocidade. Aqui, o bebe \u00e9 chamado de embri\u00e3o!<\/li><li><strong>Segundo trimestre<\/strong> (11\u00b0 a 25\u00b0 semana): nesse per\u00edodo, o sistema do beb\u00ea termina de se concluir, ficando semelhante ao do rec\u00e9m-nascido. Chamamos o beb\u00ea de feto!<\/li><li><strong>Terceiro trimestre<\/strong> (26\u00b0 a 40\u00b0 semana): \u00e9 agora que o beb\u00ea ganha peso e altura, enquanto o corpo da m\u00e3e acaba de se preparar para o parto!<\/li><\/ul>\n\n\n\n<p>N\u00e3o fique preso ao n\u00famero das semanas, elas s\u00e3o apenas refer\u00eancias m\u00e9dias e gen\u00e9ricas! Cada gesta\u00e7\u00e3o \u00e9 \u00fanica e pode variar em uma mesma mulher! O importante \u00e9 compreender que h\u00e1 tr\u00eas grandes fases, cada uma com suas caracter\u00edsticas predominantes.<\/p>\n\n\n\n<h3 class=\"wp-block-heading\">Porque \u00e9 importante saber as fases da gesta\u00e7\u00e3o?<\/h3>\n\n\n\n<div class=\"wp-block-image\"><figure class=\"aligncenter\"><img decoding=\"async\" loading=\"lazy\" width=\"600\" height=\"300\" src=\"https:\/\/beduka.com\/blog\/wp-content\/uploads\/2020\/12\/imagem-com-o-tamanho-do-bebe-nas-fases-da-gesta\u00e7ao-semana-a-semana.jpg\" alt=\"imagem-com-o-tamanho-do-bebe-nas-fases-da-gesta\u00e7ao-semana-a-semana\" class=\"wp-image-19208\" srcset=\"https:\/\/beduka.com\/blog\/wp-content\/uploads\/2020\/12\/imagem-com-o-tamanho-do-bebe-nas-fases-da-gesta\u00e7ao-semana-a-semana.jpg 600w, https:\/\/beduka.com\/blog\/wp-content\/uploads\/2020\/12\/imagem-com-o-tamanho-do-bebe-nas-fases-da-gesta\u00e7ao-semana-a-semana-300x150.jpg 300w, https:\/\/beduka.com\/blog\/wp-content\/uploads\/2020\/12\/imagem-com-o-tamanho-do-bebe-nas-fases-da-gesta\u00e7ao-semana-a-semana-320x160.jpg 320w\" sizes=\"(max-width: 600px) 100vw, 600px\" \/><\/figure><\/div>\n\n\n\n<p><strong>Para os alunos<\/strong>, \u00e9 importante ter no\u00e7\u00e3o das fases gestacionais porque s\u00f3 assim <strong>compreendemos a<\/strong> <a href=\"https:\/\/beduka.com\/blog\/materias\/biologia\/embriologia\/\" target=\"_blank\" rel=\"noreferrer noopener\" aria-label=\" (abre numa nova aba)\">embriologia<\/a> na sua totalidade!<br><\/p>\n\n\n\n<p>Mas, <strong>antes de sermos alunos, n\u00f3s somos pessoas<\/strong>. Isso significa que precisamos <strong>conhecer e ser gratos<\/strong> por aquelas que nos d\u00e3o a vida.&nbsp;<br><\/p>\n\n\n\n<p>Entender as fases da gesta\u00e7\u00e3o e o que acontece com a m\u00e3e e o beb\u00ea, permite-nos <strong>saber honrar esse momento e lidar melhor com as pessoas que passam por ele!<\/strong><br><\/p>\n\n\n\n<p>Al\u00e9m disso, \u00e9 <strong>essencial que toda gr\u00e1vida saiba<\/strong> o que est\u00e1 acontecendo! Cada fase da gravidez apresenta caracter\u00edsticas pr\u00f3prias e conhec\u00ea-las permite <strong>tornar essa experi\u00eancia mais tranquila.&nbsp;<\/strong><br><\/p>\n\n\n\n<p>S\u00f3 assim a fam\u00edlia poder\u00e1 se preparar f\u00edsica e psicologicamente, entender o que \u00e9 esperado, saber lidar sem desespero, criar estrat\u00e9gias para contornar as dificuldades e curtir o momento!&nbsp;<br><\/p>\n\n\n\n<p>No <strong>pr\u00e9-natal<\/strong>, o <strong>m\u00e9dico <\/strong>ir\u00e1 acompanhar essas etapas, verificar a sa\u00fade da m\u00e3e e da crian\u00e7a, dar dicas de certos cuidados, ajudar com as dificuldades, <strong>preparar uma boa alimenta\u00e7\u00e3o e fisioterapia <\/strong>para ajudar durante e ap\u00f3s, dar vacinas e vitaminas para prevenir doen\u00e7as, etc!<\/p>\n\n\n\n<h3 class=\"wp-block-heading\">Curiosidade!<\/h3>\n\n\n\n<p>Voc\u00ea sabia que <strong>a contagem da idade gestacional come\u00e7a antes de ter acontecido a concep\u00e7\u00e3o<\/strong> (fecunda\u00e7\u00e3o)? \u00c9 isso mesmo! A semana 1 come\u00e7a com o 1\u00ba dia da \u00faltima menstrua\u00e7\u00e3o da mulher, quando ainda n\u00e3o h\u00e1 um beb\u00ea.&nbsp;<br><\/p>\n\n\n\n<p>Isso acontece porque <strong>o corpo da mulher tem a fun\u00e7\u00e3o naturalmente voltada para a maternidade.<\/strong> Por isso, <strong>antes mesmo de haver uma crian\u00e7a<\/strong>, <strong>ele \u00e9 programado para se preparar <\/strong>e despertar sinais gestacionais.<br><\/p>\n\n\n\n<p>Ao atingir a maturidade sexual feminina, as paredes do \u00fatero crescem para receber um beb\u00ea e h\u00e1 v\u00e1rias altera\u00e7\u00f5es hormonais que levam \u00e0 ovula\u00e7\u00e3o e incha\u00e7o de mamas.&nbsp;<br><\/p>\n\n\n\n<p>Quando o corpo percebe que essa crian\u00e7a n\u00e3o apareceu (n\u00e3o houve fecunda\u00e7\u00e3o), ele precisa retornar ao normal e descama a parede do \u00fatero. <strong>Por isso \u00e9 que uma mulher menstrua todo m\u00eas quando n\u00e3o est\u00e1 gr\u00e1vida!<\/strong><\/p>\n\n\n\n<p>Quando h\u00e1 rela\u00e7\u00e3o sexual e consequente fecunda\u00e7\u00e3o, consideramos que a <strong>concep\u00e7\u00e3o\u00a0 ocorre ao final da 2\u00aa semana gestacional<\/strong>. A\u00ed surge um beb\u00ea que passar\u00e1 por uma s\u00e9rie de <a href=\"https:\/\/beduka.com\/blog\/materias\/biologia\/embriologia\/\" target=\"_blank\" rel=\"noreferrer noopener\" aria-label=\" (abre numa nova aba)\">transforma\u00e7\u00f5es embriol\u00f3gicas<\/a>!<\/p>\n\n\n\n<h2 class=\"wp-block-heading\">Primeiro trimestre: 1\u00b0 a 13\u00b0 semana<\/h2>\n\n\n\n<p>Um gameta sozinho n\u00e3o gera vida, mas quando ocorre um ato sexual, o espermatoz\u00f3ide se locomove para adentrar no \u00fatero e alcan\u00e7ar o \u00f3vulo. Quando est\u00e3o pr\u00f3ximos, fundem-se. Chamamos esse processo de Fecunda\u00e7\u00e3o.&nbsp;<br><\/p>\n\n\n\n<p>Os gametas eram hapl\u00f3ides, ou seja, os n\u00facleos das c\u00e9lulas possu\u00edam a metade dos <a href=\"https:\/\/beduka.com\/blog\/materias\/biologia\/o-que-sao-cromossomos-autossomos\/\" target=\"_blank\" rel=\"noreferrer noopener\" aria-label=\" (abre numa nova aba)\">cromossomos<\/a> do pai ou da m\u00e3e. Na fecunda\u00e7\u00e3o, os n\u00facleos se unem deixando de ser dois e se tornando um: <strong>surge uma nova c\u00e9lula<\/strong> de <strong>um ser geneticamente completo<\/strong> (diploide) <strong>e \u00fanico<\/strong> (possui um <a rel=\"noreferrer noopener\" aria-label=\" (abre numa nova aba)\" href=\"https:\/\/beduka.com\/blog\/materias\/biologia\/o-que-e-material-genetico\/\" target=\"_blank\">DNA<\/a> pr\u00f3prio, n\u00e3o \u00e9 r\u00e9plica do pai nem da m\u00e3e).\u00a0<br><\/p>\n\n\n\n<p>Esse processo \u00e9 chamado de cariogamia e origina a <strong>primeira c\u00e9lula humana: o Zigoto<\/strong>. Come\u00e7a o processo de multiplica\u00e7\u00e3o celular, <strong>caracterizando o embri\u00e3o<\/strong>. A partir dessas c\u00e9lulas \u00e9 que <strong>ir\u00e3o se desenvolver todos os sistemas essenciais para o beb\u00ea<\/strong>, com o passar das semanas.<br><\/p>\n\n\n\n<p>O <strong>primeiro trimestre<\/strong> envolve a fecunda\u00e7\u00e3o e vai at\u00e9 a d\u00e9cima terceira semana. Ainda que esteja no come\u00e7o da gesta\u00e7\u00e3o, as escolhas alimentares da m\u00e3e j\u00e1 afetam o beb\u00ea. Por isso, \u00e9 importante ter <strong>boa alimenta\u00e7\u00e3o, cortar o uso de drogas, \u00e1lcool ou cigarros.<\/strong><br><\/p>\n\n\n\n<p>Esse \u00e9 o per\u00edodo que o <strong>beb\u00ea se desenvolve mais rapidamente<\/strong> para iniciar a forma\u00e7\u00e3o de \u00f3rg\u00e3os. Com 4 semanas, tem o <strong>tamanho de um gr\u00e3o de arroz<\/strong> e o seu <strong>cora\u00e7\u00e3o j\u00e1 come\u00e7a a bater.<\/strong> Com 8 semanas, j\u00e1 tem bra\u00e7os e pernas aparentes e come\u00e7a a <strong>forma\u00e7\u00e3o dos dedos.&nbsp;<\/strong><br><\/p>\n\n\n\n<p>No final do trimestre, o beb\u00ea j\u00e1 tem seu <strong>rosto praticamente formado<\/strong>, e seus <strong>genitais est\u00e3o definidos<\/strong>, mas ainda n\u00e3o \u00e9 poss\u00edvel descobrir o sexo. Os <a href=\"https:\/\/beduka.com\/blog\/materias\/biologia\/o-que-sao-folhetos-embrionarios\/\" target=\"_blank\" rel=\"noreferrer noopener\" aria-label=\" (abre numa nova aba)\">anexos embrion\u00e1rios<\/a> (placenta, cord\u00e3o umbilical\u2026) est\u00e3o se formando, isso garante que o embri\u00e3o esteja em um bom ambiente para continuar a se desenvolver.<br><\/p>\n\n\n\n<p>\u00c9 o <strong>per\u00edodo mais delicado<\/strong>, quando acontecem a maioria dos abortos espont\u00e2neos. Mesmo estando no in\u00edcio, o corpo da mulher j\u00e1 se preparava para receber a crian\u00e7a. Uma perda nesse momento j\u00e1 pode trazer consequ\u00eancias f\u00edsicas, al\u00e9m de emocionais graves.&nbsp;<br><\/p>\n\n\n\n<p>Por conta disso, muitas m\u00e3es preferem aguardar a entrada do segundo trimestre para contar a novidade para todos os familiares e amigos.<\/p>\n\n\n\n<h3 class=\"wp-block-heading\">Quais s\u00e3o os sintomas com 1 semana de gravidez?<\/h3>\n\n\n\n<p>Normalmente, usamos a palavra sintomas para doen\u00e7as. Como a gesta\u00e7\u00e3o \u00e9 motivo de estarmos vivos, vamos falar em sinais da gravidez!<br><\/p>\n\n\n\n<p>Nas primeiras semanas de gravidez, os sinais s\u00e3o:<br><\/p>\n\n\n\n<ul><li>Primeira semana: altera\u00e7\u00e3o na cor do corrimento vaginal e c\u00f3lica abdominal<\/li><li>Segunda semana: <strong>mamas sens\u00edveis, avers\u00e3o a cheiros fortes, altera\u00e7\u00f5es de humor e cansa\u00e7o e sonol\u00eancia&nbsp;<\/strong><\/li><li>Terceira semana: <strong>pequeno sangramento <\/strong>vaginal e escuro<\/li><li>Quarta semana: <strong>atraso da menstrua\u00e7\u00e3o, enjoos e v\u00f4mitos<\/strong><\/li><li>Quinta semana: constante<strong> vontade de urinar<\/strong> e altera\u00e7\u00e3o na cor da ar\u00e9ola dos seios<\/li><li>Sexta semana: desejos por alimentos ou sabores espec\u00edficos e aparecimento de uma <strong>linha do umbigo at\u00e9 o osso p\u00fabico<\/strong><\/li><\/ul>\n\n\n\n<p>\u00c9 importante lembrar que <strong>nem todas as mulheres ter\u00e3o todos os sinais<\/strong>! Para confirmar uma gravidez, o teste de farm\u00e1cia pode ser feito embora possa falhar. O ideal \u00e9 o exame de sangue que olha a quantidade do horm\u00f4nio liberado pela placenta, o HCG.<br><\/p>\n\n\n\n<p>\u00c9 fundamental confirmar para que se possa iniciar o acompanhamento pr\u00e9-natal o quanto antes!<\/p>\n\n\n\n<h2 class=\"wp-block-heading\">Segundo trimestre: 14\u00b0 a 26\u00b0 semana<\/h2>\n\n\n\n<div class=\"wp-block-image\"><figure class=\"aligncenter\"><img decoding=\"async\" loading=\"lazy\" width=\"600\" height=\"300\" src=\"https:\/\/beduka.com\/blog\/wp-content\/uploads\/2020\/12\/segundo-semestre-da-gesta\u00e7ao-ultrassom-do-bebe-ou-feto.jpg\" alt=\"segundo-semestre-da-gesta\u00e7ao-ultrassom-do-bebe-ou-feto\" class=\"wp-image-19209\" srcset=\"https:\/\/beduka.com\/blog\/wp-content\/uploads\/2020\/12\/segundo-semestre-da-gesta\u00e7ao-ultrassom-do-bebe-ou-feto.jpg 600w, https:\/\/beduka.com\/blog\/wp-content\/uploads\/2020\/12\/segundo-semestre-da-gesta\u00e7ao-ultrassom-do-bebe-ou-feto-300x150.jpg 300w, https:\/\/beduka.com\/blog\/wp-content\/uploads\/2020\/12\/segundo-semestre-da-gesta\u00e7ao-ultrassom-do-bebe-ou-feto-320x160.jpg 320w\" sizes=\"(max-width: 600px) 100vw, 600px\" \/><\/figure><\/div>\n\n\n\n<p>No segundo trimestre da gravidez, o beb\u00ea <strong>conclui o desenvolvimento de todo o <\/strong><a href=\"https:\/\/beduka.com\/blog\/materias\/biologia\/sistemas-do-corpo-humano\/\" target=\"_blank\" rel=\"noreferrer noopener\" aria-label=\" (abre numa nova aba)\">sistema humano<\/a><strong>, <\/strong>deixando de ser chamado de embri\u00e3o e ganhando o <strong>status de feto<\/strong>.\u00a0<br><\/p>\n\n\n\n<p>Assim, j\u00e1 possui tudo o que um rec\u00e9m-nascido tem, pois o ser humano s\u00f3 acaba de se desenvolver plenamente ap\u00f3s a puberdade.<br><\/p>\n\n\n\n<p>Ele est\u00e1 desenvolvendo <strong>fun\u00e7\u00f5es respirat\u00f3rias, auditivas e musculares<\/strong>. Vai ocorrer a defini\u00e7\u00e3o das caracter\u00edsticas f\u00edsicas como final dos olhos e orelhas, al\u00e9m do <strong>crescimento dos pelos <\/strong>em cabelos, c\u00edlios e sobrancelhas.<br><\/p>\n\n\n\n<p>J\u00e1 \u00e9 poss\u00edvel <strong>descobrir o sexo do beb\u00ea<\/strong>. Entre 17 e 18 semanas, o feto j\u00e1 \u00e9 capaz de <strong>sugar, engolir e piscar<\/strong>. No meio da gesta\u00e7\u00e3o (20 semanas), seus movimentos ficam mais intensos e os <strong>chutes<\/strong> v\u00e3o surpreender a mam\u00e3e.&nbsp;<br><\/p>\n\n\n\n<p>O cora\u00e7\u00e3o j\u00e1 bate t\u00e3o forte e alto que at\u00e9 o estetosc\u00f3pio pode ouvi-lo. O beb\u00ea j\u00e1 tem at\u00e9 a <strong>posi\u00e7\u00e3o preferida para dormir<\/strong> e as manias como chupar o dedo! O beb\u00ea tamb\u00e9m j\u00e1 pode <strong>ouvir a voz dos pais<\/strong>, ent\u00e3o \u00e9 importante j\u00e1 exercitar a intera\u00e7\u00e3o!&nbsp;<\/p>\n\n\n\n<h3 class=\"wp-block-heading\">Sinais e mudan\u00e7as na m\u00e3e: do quarto ao sexto m\u00eas<\/h3>\n\n\n\n<p>Esse per\u00edodo <strong>tende a ser a fase mais tranquila<\/strong> da gesta\u00e7\u00e3o, pois os sinais negativos j\u00e1 passaram (enjoos) e a barriga ainda n\u00e3o est\u00e1 grande o suficiente para impedir os afazeres. Tamb\u00e9m ser\u00e1 poss\u00edvel <strong>sentir, pela primeira vez, o beb\u00ea se mexendo<\/strong>.<br><\/p>\n\n\n\n<p>Embora a maioria dos sinais trabalhosos j\u00e1 tenham desaparecido e muitas novidades aque\u00e7am o cora\u00e7\u00e3o, podem surgir desconfortos. Algumas gestantes t\u00eam hemorr\u00f3idas, constipa\u00e7\u00e3o e dores na \u00e1rea da virilha.<br><\/p>\n\n\n\n<p>\u00c9 agora, por volta do quarto m\u00eas, <strong>que a barriga da gestante come\u00e7a a crescer<\/strong>. Os seios come\u00e7am a se preparar para a produ\u00e7\u00e3o de leite, aumentando de tamanho. A pele e o quadril tamb\u00e9m sofrem altera\u00e7\u00f5es.<\/p>\n\n\n\n<h2 class=\"wp-block-heading\">Terceiro trimestre: 27\u00b0 a 40\u00b0 semana<\/h2>\n\n\n\n<div class=\"wp-block-image\"><figure class=\"aligncenter\"><img decoding=\"async\" loading=\"lazy\" width=\"600\" height=\"300\" src=\"https:\/\/beduka.com\/blog\/wp-content\/uploads\/2020\/12\/terceiro-trimestre-da-gesta\u00e7\u00e3o-mulher-gravida-com-um-barrigao-segurando-sapatinhos-e-esperando-o-parto.jpg\" alt=\"terceiro-trimestre-da-gesta\u00e7\u00e3o-mulher-gravida-com-um-barrigao-segurando-sapatinhos-e-esperando-o-parto\" class=\"wp-image-19210\" srcset=\"https:\/\/beduka.com\/blog\/wp-content\/uploads\/2020\/12\/terceiro-trimestre-da-gesta\u00e7\u00e3o-mulher-gravida-com-um-barrigao-segurando-sapatinhos-e-esperando-o-parto.jpg 600w, https:\/\/beduka.com\/blog\/wp-content\/uploads\/2020\/12\/terceiro-trimestre-da-gesta\u00e7\u00e3o-mulher-gravida-com-um-barrigao-segurando-sapatinhos-e-esperando-o-parto-300x150.jpg 300w, https:\/\/beduka.com\/blog\/wp-content\/uploads\/2020\/12\/terceiro-trimestre-da-gesta\u00e7\u00e3o-mulher-gravida-com-um-barrigao-segurando-sapatinhos-e-esperando-o-parto-320x160.jpg 320w\" sizes=\"(max-width: 600px) 100vw, 600px\" \/><\/figure><\/div>\n\n\n\n<p>Nas \u00faltimas semanas da gravidez, come\u00e7am os preparativos para receber o beb\u00ea. <strong>Tudo j\u00e1 est\u00e1 formado<\/strong> exatamente <strong>como o rec\u00e9m nascido<\/strong>, ele <strong>s\u00f3 ganha peso e tamanho!<\/strong> Entre 27 e 32 semanas, ele <strong>dobra de tamanho<\/strong>.&nbsp;<br><\/p>\n\n\n\n<p>Agora, o beb\u00ea j\u00e1 abre os olhos, <strong>percebe a luz<\/strong> fora do \u00fatero e <strong>se lembra de v\u00e1rios sons<\/strong>. Por isso, ao nascer, \u00e9 comum que os beb\u00eas se acalmem quando ouvem a voz da mam\u00e3e.<br><\/p>\n\n\n\n<p>Com 35 semanas, o beb\u00ea se prepara para o parto. Ele <strong>gira at\u00e9 ficar com a cabe\u00e7a para baixo<\/strong> e estar\u00e1 pronto para nascer a qualquer momento. \u00c9 importante lembrar que, apesar de serem consideradas 40 semanas para uma gesta\u00e7\u00e3o, cada gravidez tem sua dura\u00e7\u00e3o. A mulher pode entrar em trabalho de parto entre a 38\u00b0 e 43\u00b0 semana.<br><\/p>\n\n\n\n<p>\u00c9 poss\u00edvel apenas tomar atitudes externas para aliviar alguns sinais e tornar a chegada mais tranquila!<\/p>\n\n\n\n<h3 class=\"wp-block-heading\">Sinais da reta final de uma gravidez<\/h3>\n\n\n\n<p>A barriga da m\u00e3e est\u00e1 t\u00e3o grande que causa dificuldades, por impedir algumas tarefas ou movimentos. Tamb\u00e9m pode haver <strong>azia, dores nas costas, tornozelo inchado e falta de ar<\/strong> pelo tamanho e peso da crian\u00e7a.&nbsp;<br><\/p>\n\n\n\n<p>Nessa fase, pode acontecer do colostro vazar, o leite produzido nos primeiros dias de amamenta\u00e7\u00e3o. Tamb\u00e9m h\u00e1 press\u00e3o na bexiga, fazendo com a m\u00e3e tenha vontade de urinar com bastante frequ\u00eancia.<br><\/p>\n\n\n\n<p>A m\u00e3e deve <strong>relaxar, ficar de repouso<\/strong> e n\u00e3o fazer tarefas que exijam muito f\u00f4lego.&nbsp;<br><\/p>\n\n\n\n<p>\u00c9 hora de preparar a mala de maternidade (enxoval do beb\u00ea) e <strong>estudar<\/strong>, junto com o parceiro, <strong>sobre o trabalho de parto<\/strong> e os <strong>primeiros dias de um rec\u00e9m nascido<\/strong>.&nbsp;<br><\/p>\n\n\n\n<p>A dura\u00e7\u00e3o do parto \u00e9 do in\u00edcio das contra\u00e7\u00f5es at\u00e9 ao nascimento, mas varia de uma mulher para outra. Quando a m\u00e3e \u00e9 de primeira viagem, os tecidos s\u00e3o mais resistentes e \u00e9 preciso mais tempo e for\u00e7a para que o colo do \u00fatero se dilate.<br><\/p>\n\n\n\n<p>Conversar com o m\u00e9dico sobre o parto e as prefer\u00eancias da m\u00e3e \u00e9 essencial, al\u00e9m de poder buscar apoio em doulas, enfermeiras e fisioterapeutas para a hora do nascimento.&nbsp;<br><\/p>\n\n\n\n<p>Deixar a casa preparada com o quarto do beb\u00ea, fazer o ch\u00e1 de fraldas e fazer fotos de gestante \u00e9 outra forma de curtir o momento e guardar as lembran\u00e7as!<br><\/p>\n\n\n\n<p>Gostou do nosso artigo sobre Fases da gesta\u00e7\u00e3o? Confira <strong>outros artigos <\/strong>do nosso blog e <strong>se prepare para o Enem<\/strong> da melhor maneira! Voc\u00ea tamb\u00e9m pode se organizar com o nosso <a href=\"https:\/\/beduka.com\/blog\/dicas\/enem-dicas\/plano-de-estudos-gratuito\/\" target=\"_blank\" rel=\"noreferrer noopener\" aria-label=\" (abre numa nova aba)\">plano de estudos<\/a>, o mais completo da internet, e o melhor: <strong>totalmente gratuito!<\/strong><\/p>\n\n\n\n<p>Queremos te ajudar a encontrar a <strong>FACULDADE IDEAL!<\/strong> Logo abaixo, fa\u00e7a uma pesquisa por curso e cidade que te mostraremos todas as faculdades que podem te atender. Informamos a nota de corte, valor de mensalidade, nota do MEC, avalia\u00e7\u00e3o dos alunos, modalidades de ensino e muito mais.<\/p>\n\n\n\n<p><strong>Experimente agora!<\/strong><br><\/p>\n","protected":false},"excerpt":{"rendered":"<p>A gesta\u00e7\u00e3o \u00e9 o per\u00edodo em que a mulher carrega uma nova vida que se desenvolve no ventre. Esse per\u00edodo costuma durar 9 meses e \u00e9 dividido em tr\u00eas fases da gesta\u00e7\u00e3o. Cada fase \u00e9 um trimestre com caracter\u00edsticas pr\u00f3prias: no primeiro h\u00e1 o desenvolvimento do embri\u00e3o, no segundo o feto tem seus sistemas conclu\u00eddos [&hellip;]<\/p>\n","protected":false},"author":1,"featured_media":19206,"comment_status":"open","ping_status":"closed","sticky":false,"template":"","format":"standard","meta":{"_mi_skip_tracking":false,"_monsterinsights_sitenote_active":false,"_monsterinsights_sitenote_note":"","_monsterinsights_sitenote_category":0},"categories":[495],"tags":[],"yoast_head":"<!-- This site is optimized with the Yoast SEO plugin v20.10 - https:\/\/yoast.com\/wordpress\/plugins\/seo\/ -->\n<title>Fases da Gesta\u00e7\u00e3o: O melhor Resumo (COMPLETO)!<\/title>\n<meta name=\"description\" content=\"Resumo completo das Fases da gesta\u00e7\u00e3o: embriologia, fecunda\u00e7\u00e3o, caracter\u00edsticas do beb\u00ea e da m\u00e3e ao longo das semanas, import\u00e2ncia e contagem!\" \/>\n<meta name=\"robots\" content=\"index, follow, max-snippet:-1, max-image-preview:large, max-video-preview:-1\" \/>\n<link rel=\"canonical\" href=\"https:\/\/beduka.com\/blog\/materias\/biologia\/fases-da-gestacao\/\" \/>\n<meta property=\"og:locale\" content=\"pt_BR\" \/>\n<meta property=\"og:type\" content=\"article\" \/>\n<meta property=\"og:title\" content=\"Fases da Gesta\u00e7\u00e3o: O melhor Resumo (COMPLETO)!\" \/>\n<meta property=\"og:description\" content=\"Resumo completo das Fases da gesta\u00e7\u00e3o: embriologia, fecunda\u00e7\u00e3o, caracter\u00edsticas do beb\u00ea e da m\u00e3e ao longo das semanas, import\u00e2ncia e contagem!\" \/>\n<meta property=\"og:url\" content=\"https:\/\/beduka.com\/blog\/materias\/biologia\/fases-da-gestacao\/\" \/>\n<meta property=\"og:site_name\" content=\"Blog do Beduka | Mat\u00e9rias resumidas, Dicas e Exerc\u00edcios Enem\" \/>\n<meta property=\"article:publisher\" content=\"https:\/\/www.facebook.com\/beduka.buscadordefaculdades\/\" \/>\n<meta property=\"article:author\" content=\"https:\/\/www.facebook.com\/beduka.buscadordefaculdades\" \/>\n<meta property=\"article:published_time\" content=\"2020-12-15T12:11:17+00:00\" \/>\n<meta property=\"article:modified_time\" content=\"2020-12-15T12:11:18+00:00\" \/>\n<meta property=\"og:image\" content=\"https:\/\/beduka.com\/blog\/wp-content\/uploads\/2020\/12\/Descuba-quais-s\u00e3o-as-Fases-da-Gesta\u00e7\u00e3o-e-como-elas-ocorrem.jpg\" \/>\n\t<meta property=\"og:image:width\" content=\"600\" \/>\n\t<meta property=\"og:image:height\" content=\"300\" \/>\n\t<meta property=\"og:image:type\" content=\"image\/jpeg\" \/>\n<meta name=\"author\" content=\"Reda\u00e7\u00e3o Beduka (a)\" \/>\n<meta name=\"twitter:card\" content=\"summary_large_image\" \/>\n<meta name=\"twitter:label1\" content=\"Escrito por\" \/>\n\t<meta name=\"twitter:data1\" content=\"Reda\u00e7\u00e3o Beduka (a)\" \/>\n\t<meta name=\"twitter:label2\" content=\"Est. tempo de leitura\" \/>\n\t<meta name=\"twitter:data2\" content=\"11 minutos\" \/>\n<script type=\"application\/ld+json\" class=\"yoast-schema-graph\">{\"@context\":\"https:\/\/schema.org\",\"@graph\":[{\"@type\":\"Article\",\"@id\":\"https:\/\/beduka.com\/blog\/materias\/biologia\/fases-da-gestacao\/#article\",\"isPartOf\":{\"@id\":\"https:\/\/beduka.com\/blog\/materias\/biologia\/fases-da-gestacao\/\"},\"author\":{\"name\":\"Reda\u00e7\u00e3o Beduka (a)\",\"@id\":\"https:\/\/beduka.com\/blog\/#\/schema\/person\/325d912d2cb8dd9ede8ab291427d2b8a\"},\"headline\":\"Tudo sobre fases da gesta\u00e7\u00e3o: aprenda conceitos e entenda transforma\u00e7\u00f5es!\",\"datePublished\":\"2020-12-15T12:11:17+00:00\",\"dateModified\":\"2020-12-15T12:11:18+00:00\",\"mainEntityOfPage\":{\"@id\":\"https:\/\/beduka.com\/blog\/materias\/biologia\/fases-da-gestacao\/\"},\"wordCount\":2178,\"commentCount\":2,\"publisher\":{\"@id\":\"https:\/\/beduka.com\/blog\/#organization\"},\"articleSection\":[\"Biologia\"],\"inLanguage\":\"pt-BR\",\"potentialAction\":[{\"@type\":\"CommentAction\",\"name\":\"Comment\",\"target\":[\"https:\/\/beduka.com\/blog\/materias\/biologia\/fases-da-gestacao\/#respond\"]}]},{\"@type\":\"WebPage\",\"@id\":\"https:\/\/beduka.com\/blog\/materias\/biologia\/fases-da-gestacao\/\",\"url\":\"https:\/\/beduka.com\/blog\/materias\/biologia\/fases-da-gestacao\/\",\"name\":\"Fases da Gesta\u00e7\u00e3o: O melhor Resumo (COMPLETO)!\",\"isPartOf\":{\"@id\":\"https:\/\/beduka.com\/blog\/#website\"},\"datePublished\":\"2020-12-15T12:11:17+00:00\",\"dateModified\":\"2020-12-15T12:11:18+00:00\",\"description\":\"Resumo completo das Fases da gesta\u00e7\u00e3o: embriologia, fecunda\u00e7\u00e3o, caracter\u00edsticas do beb\u00ea e da m\u00e3e ao longo das semanas, import\u00e2ncia e contagem!\",\"breadcrumb\":{\"@id\":\"https:\/\/beduka.com\/blog\/materias\/biologia\/fases-da-gestacao\/#breadcrumb\"},\"inLanguage\":\"pt-BR\",\"potentialAction\":[{\"@type\":\"ReadAction\",\"target\":[\"https:\/\/beduka.com\/blog\/materias\/biologia\/fases-da-gestacao\/\"]}]},{\"@type\":\"BreadcrumbList\",\"@id\":\"https:\/\/beduka.com\/blog\/materias\/biologia\/fases-da-gestacao\/#breadcrumb\",\"itemListElement\":[{\"@type\":\"ListItem\",\"position\":1,\"name\":\"Home\",\"item\":\"https:\/\/beduka.com\/blog\/\"},{\"@type\":\"ListItem\",\"position\":2,\"name\":\"Tudo sobre fases da gesta\u00e7\u00e3o: aprenda conceitos e entenda transforma\u00e7\u00f5es!\"}]},{\"@type\":\"WebSite\",\"@id\":\"https:\/\/beduka.com\/blog\/#website\",\"url\":\"https:\/\/beduka.com\/blog\/\",\"name\":\"Blog do Beduka | Mat\u00e9rias resumidas, Dicas e Exerc\u00edcios Enem\",\"description\":\"O Blog do Beduka tem os conte\u00fados que mais caem no Enem, exerc\u00edcios de vestibular com gabarito, resumos, dicas e informa\u00e7\u00f5es Sisu, Prouni e Fies.Encontre dicas para o ENEM, resumos, exerc\u00edcios e informa\u00e7\u00f5es sobre os vestibulares. Acesse agora!\",\"publisher\":{\"@id\":\"https:\/\/beduka.com\/blog\/#organization\"},\"potentialAction\":[{\"@type\":\"SearchAction\",\"target\":{\"@type\":\"EntryPoint\",\"urlTemplate\":\"https:\/\/beduka.com\/blog\/?s={search_term_string}\"},\"query-input\":\"required name=search_term_string\"}],\"inLanguage\":\"pt-BR\"},{\"@type\":\"Organization\",\"@id\":\"https:\/\/beduka.com\/blog\/#organization\",\"name\":\"Beduka\",\"url\":\"https:\/\/beduka.com\/blog\/\",\"logo\":{\"@type\":\"ImageObject\",\"inLanguage\":\"pt-BR\",\"@id\":\"https:\/\/beduka.com\/blog\/#\/schema\/logo\/image\/\",\"url\":\"https:\/\/beduka.com\/blog\/wp-content\/uploads\/2020\/06\/marca-beduka.png\",\"contentUrl\":\"https:\/\/beduka.com\/blog\/wp-content\/uploads\/2020\/06\/marca-beduka.png\",\"width\":1077,\"height\":368,\"caption\":\"Beduka\"},\"image\":{\"@id\":\"https:\/\/beduka.com\/blog\/#\/schema\/logo\/image\/\"},\"sameAs\":[\"https:\/\/www.facebook.com\/beduka.buscadordefaculdades\/\",\"https:\/\/www.instagram.com\/beduka_oficial\/\",\"https:\/\/www.linkedin.com\/company\/beduka\",\"https:\/\/br.pinterest.com\/bedukaoficial\/\",\"https:\/\/www.youtube.com\/beduka\"]},{\"@type\":\"Person\",\"@id\":\"https:\/\/beduka.com\/blog\/#\/schema\/person\/325d912d2cb8dd9ede8ab291427d2b8a\",\"name\":\"Reda\u00e7\u00e3o Beduka (a)\",\"image\":{\"@type\":\"ImageObject\",\"inLanguage\":\"pt-BR\",\"@id\":\"https:\/\/beduka.com\/blog\/#\/schema\/person\/image\/\",\"url\":\"https:\/\/secure.gravatar.com\/avatar\/6f58a181ef24e0dc0bb73f096aa0f8b5?s=96&d=mm&r=g\",\"contentUrl\":\"https:\/\/secure.gravatar.com\/avatar\/6f58a181ef24e0dc0bb73f096aa0f8b5?s=96&d=mm&r=g\",\"caption\":\"Reda\u00e7\u00e3o Beduka (a)\"},\"description\":\"Este conte\u00fado foi criado e validado por uma equipe multidisciplinar, formada por especialistas em cada \u00e1rea do conhecimento. O Beduka est\u00e1 presente no Instagram, YouTube, LinkedIn e em diversos outros ambientes digitais. O site foi criado em 2017 e, desde a sua funda\u00e7\u00e3o, atua para fornecer materiais de qualidade para facilitar a vida de estudantes de todo o Brasil, ajudando-os a se preparar para os principais vestibulares e o Enem.\",\"sameAs\":[\"https:\/\/www.facebook.com\/beduka.buscadordefaculdades\",\"https:\/\/www.instagram.com\/beduka_oficial\/\",\"https:\/\/br.pinterest.com\/bedukaoficial\/\"],\"url\":\"https:\/\/beduka.com\/blog\/author\/admin\/\"}]}<\/script>\n<!-- \/ Yoast SEO plugin. -->","yoast_head_json":{"title":"Fases da Gesta\u00e7\u00e3o: O melhor Resumo (COMPLETO)!","description":"Resumo completo das Fases da gesta\u00e7\u00e3o: embriologia, fecunda\u00e7\u00e3o, caracter\u00edsticas do beb\u00ea e da m\u00e3e ao longo das semanas, import\u00e2ncia e contagem!","robots":{"index":"index","follow":"follow","max-snippet":"max-snippet:-1","max-image-preview":"max-image-preview:large","max-video-preview":"max-video-preview:-1"},"canonical":"https:\/\/beduka.com\/blog\/materias\/biologia\/fases-da-gestacao\/","og_locale":"pt_BR","og_type":"article","og_title":"Fases da Gesta\u00e7\u00e3o: O melhor Resumo (COMPLETO)!","og_description":"Resumo completo das Fases da gesta\u00e7\u00e3o: embriologia, fecunda\u00e7\u00e3o, caracter\u00edsticas do beb\u00ea e da m\u00e3e ao longo das semanas, import\u00e2ncia e contagem!","og_url":"https:\/\/beduka.com\/blog\/materias\/biologia\/fases-da-gestacao\/","og_site_name":"Blog do Beduka | Mat\u00e9rias resumidas, Dicas e Exerc\u00edcios Enem","article_publisher":"https:\/\/www.facebook.com\/beduka.buscadordefaculdades\/","article_author":"https:\/\/www.facebook.com\/beduka.buscadordefaculdades","article_published_time":"2020-12-15T12:11:17+00:00","article_modified_time":"2020-12-15T12:11:18+00:00","og_image":[{"width":600,"height":300,"url":"https:\/\/beduka.com\/blog\/wp-content\/uploads\/2020\/12\/Descuba-quais-s\u00e3o-as-Fases-da-Gesta\u00e7\u00e3o-e-como-elas-ocorrem.jpg","type":"image\/jpeg"}],"author":"Reda\u00e7\u00e3o Beduka (a)","twitter_card":"summary_large_image","twitter_misc":{"Escrito por":"Reda\u00e7\u00e3o Beduka (a)","Est. tempo de leitura":"11 minutos"},"schema":{"@context":"https:\/\/schema.org","@graph":[{"@type":"Article","@id":"https:\/\/beduka.com\/blog\/materias\/biologia\/fases-da-gestacao\/#article","isPartOf":{"@id":"https:\/\/beduka.com\/blog\/materias\/biologia\/fases-da-gestacao\/"},"author":{"name":"Reda\u00e7\u00e3o Beduka (a)","@id":"https:\/\/beduka.com\/blog\/#\/schema\/person\/325d912d2cb8dd9ede8ab291427d2b8a"},"headline":"Tudo sobre fases da gesta\u00e7\u00e3o: aprenda conceitos e entenda transforma\u00e7\u00f5es!","datePublished":"2020-12-15T12:11:17+00:00","dateModified":"2020-12-15T12:11:18+00:00","mainEntityOfPage":{"@id":"https:\/\/beduka.com\/blog\/materias\/biologia\/fases-da-gestacao\/"},"wordCount":2178,"commentCount":2,"publisher":{"@id":"https:\/\/beduka.com\/blog\/#organization"},"articleSection":["Biologia"],"inLanguage":"pt-BR","potentialAction":[{"@type":"CommentAction","name":"Comment","target":["https:\/\/beduka.com\/blog\/materias\/biologia\/fases-da-gestacao\/#respond"]}]},{"@type":"WebPage","@id":"https:\/\/beduka.com\/blog\/materias\/biologia\/fases-da-gestacao\/","url":"https:\/\/beduka.com\/blog\/materias\/biologia\/fases-da-gestacao\/","name":"Fases da Gesta\u00e7\u00e3o: O melhor Resumo (COMPLETO)!","isPartOf":{"@id":"https:\/\/beduka.com\/blog\/#website"},"datePublished":"2020-12-15T12:11:17+00:00","dateModified":"2020-12-15T12:11:18+00:00","description":"Resumo completo das Fases da gesta\u00e7\u00e3o: embriologia, fecunda\u00e7\u00e3o, caracter\u00edsticas do beb\u00ea e da m\u00e3e ao longo das semanas, import\u00e2ncia e contagem!","breadcrumb":{"@id":"https:\/\/beduka.com\/blog\/materias\/biologia\/fases-da-gestacao\/#breadcrumb"},"inLanguage":"pt-BR","potentialAction":[{"@type":"ReadAction","target":["https:\/\/beduka.com\/blog\/materias\/biologia\/fases-da-gestacao\/"]}]},{"@type":"BreadcrumbList","@id":"https:\/\/beduka.com\/blog\/materias\/biologia\/fases-da-gestacao\/#breadcrumb","itemListElement":[{"@type":"ListItem","position":1,"name":"Home","item":"https:\/\/beduka.com\/blog\/"},{"@type":"ListItem","position":2,"name":"Tudo sobre fases da gesta\u00e7\u00e3o: aprenda conceitos e entenda transforma\u00e7\u00f5es!"}]},{"@type":"WebSite","@id":"https:\/\/beduka.com\/blog\/#website","url":"https:\/\/beduka.com\/blog\/","name":"Blog do Beduka | Mat\u00e9rias resumidas, Dicas e Exerc\u00edcios Enem","description":"O Blog do Beduka tem os conte\u00fados que mais caem no Enem, exerc\u00edcios de vestibular com gabarito, resumos, dicas e informa\u00e7\u00f5es Sisu, Prouni e Fies.Encontre dicas para o ENEM, resumos, exerc\u00edcios e informa\u00e7\u00f5es sobre os vestibulares. Acesse agora!","publisher":{"@id":"https:\/\/beduka.com\/blog\/#organization"},"potentialAction":[{"@type":"SearchAction","target":{"@type":"EntryPoint","urlTemplate":"https:\/\/beduka.com\/blog\/?s={search_term_string}"},"query-input":"required name=search_term_string"}],"inLanguage":"pt-BR"},{"@type":"Organization","@id":"https:\/\/beduka.com\/blog\/#organization","name":"Beduka","url":"https:\/\/beduka.com\/blog\/","logo":{"@type":"ImageObject","inLanguage":"pt-BR","@id":"https:\/\/beduka.com\/blog\/#\/schema\/logo\/image\/","url":"https:\/\/beduka.com\/blog\/wp-content\/uploads\/2020\/06\/marca-beduka.png","contentUrl":"https:\/\/beduka.com\/blog\/wp-content\/uploads\/2020\/06\/marca-beduka.png","width":1077,"height":368,"caption":"Beduka"},"image":{"@id":"https:\/\/beduka.com\/blog\/#\/schema\/logo\/image\/"},"sameAs":["https:\/\/www.facebook.com\/beduka.buscadordefaculdades\/","https:\/\/www.instagram.com\/beduka_oficial\/","https:\/\/www.linkedin.com\/company\/beduka","https:\/\/br.pinterest.com\/bedukaoficial\/","https:\/\/www.youtube.com\/beduka"]},{"@type":"Person","@id":"https:\/\/beduka.com\/blog\/#\/schema\/person\/325d912d2cb8dd9ede8ab291427d2b8a","name":"Reda\u00e7\u00e3o Beduka (a)","image":{"@type":"ImageObject","inLanguage":"pt-BR","@id":"https:\/\/beduka.com\/blog\/#\/schema\/person\/image\/","url":"https:\/\/secure.gravatar.com\/avatar\/6f58a181ef24e0dc0bb73f096aa0f8b5?s=96&d=mm&r=g","contentUrl":"https:\/\/secure.gravatar.com\/avatar\/6f58a181ef24e0dc0bb73f096aa0f8b5?s=96&d=mm&r=g","caption":"Reda\u00e7\u00e3o Beduka (a)"},"description":"Este conte\u00fado foi criado e validado por uma equipe multidisciplinar, formada por especialistas em cada \u00e1rea do conhecimento. O Beduka est\u00e1 presente no Instagram, YouTube, LinkedIn e em diversos outros ambientes digitais. O site foi criado em 2017 e, desde a sua funda\u00e7\u00e3o, atua para fornecer materiais de qualidade para facilitar a vida de estudantes de todo o Brasil, ajudando-os a se preparar para os principais vestibulares e o Enem.","sameAs":["https:\/\/www.facebook.com\/beduka.buscadordefaculdades","https:\/\/www.instagram.com\/beduka_oficial\/","https:\/\/br.pinterest.com\/bedukaoficial\/"],"url":"https:\/\/beduka.com\/blog\/author\/admin\/"}]}},"_links":{"self":[{"href":"https:\/\/beduka.com\/blog\/wp-json\/wp\/v2\/posts\/19204"}],"collection":[{"href":"https:\/\/beduka.com\/blog\/wp-json\/wp\/v2\/posts"}],"about":[{"href":"https:\/\/beduka.com\/blog\/wp-json\/wp\/v2\/types\/post"}],"author":[{"embeddable":true,"href":"https:\/\/beduka.com\/blog\/wp-json\/wp\/v2\/users\/1"}],"replies":[{"embeddable":true,"href":"https:\/\/beduka.com\/blog\/wp-json\/wp\/v2\/comments?post=19204"}],"version-history":[{"count":1,"href":"https:\/\/beduka.com\/blog\/wp-json\/wp\/v2\/posts\/19204\/revisions"}],"predecessor-version":[{"id":19211,"href":"https:\/\/beduka.com\/blog\/wp-json\/wp\/v2\/posts\/19204\/revisions\/19211"}],"wp:featuredmedia":[{"embeddable":true,"href":"https:\/\/beduka.com\/blog\/wp-json\/wp\/v2\/media\/19206"}],"wp:attachment":[{"href":"https:\/\/beduka.com\/blog\/wp-json\/wp\/v2\/media?parent=19204"}],"wp:term":[{"taxonomy":"category","embeddable":true,"href":"https:\/\/beduka.com\/blog\/wp-json\/wp\/v2\/categories?post=19204"},{"taxonomy":"post_tag","embeddable":true,"href":"https:\/\/beduka.com\/blog\/wp-json\/wp\/v2\/tags?post=19204"}],"curies":[{"name":"wp","href":"https:\/\/api.w.org\/{rel}","templated":true}]}}