{"id":19506,"date":"2021-01-07T17:42:53","date_gmt":"2021-01-07T20:42:53","guid":{"rendered":"https:\/\/beduka.com\/blog\/?p=19506"},"modified":"2023-09-05T17:06:15","modified_gmt":"2023-09-05T20:06:15","slug":"exercicios-sobre-o-oriente-medio","status":"publish","type":"post","link":"https:\/\/beduka.com\/blog\/exercicios\/geografia-exercicios\/exercicios-sobre-o-oriente-medio\/","title":{"rendered":"Os 12 melhores exerc\u00edcios sobre o Oriente M\u00e9dio com gabarito."},"content":{"rendered":"\n<blockquote class=\"wp-block-quote\">\n<p><strong><em>Oriente M\u00e9dio \u00e9 uma regi\u00e3o na divisa da \u00c1sia, Europa e \u00c1frica. Sua import\u00e2ncia hist\u00f3rica \u00e9 grande: \u00e9 o ber\u00e7o da civiliza\u00e7\u00e3o e das religi\u00f5es monote\u00edstas, al\u00e9m do maior p\u00f3lo petrol\u00edfero atual. Tamb\u00e9m \u00e9 um local sens\u00edvel a conflitos de todas as esp\u00e9cies, que permanecem at\u00e9 hoje. Leia nosso resumo e fa\u00e7a os exerc\u00edcios sobre o Oriente M\u00e9dio!<\/em><\/strong><\/p>\n<\/blockquote>\n\n\n\n<p>Antes de resolver as quest\u00f5es, vamos te contar com mais alguns detalhes como \u00e9 a hist\u00f3ria do Oriente M\u00e9dio. Para ir direto a alguma parte do conte\u00fado, clique em um dos t\u00f3picos abaixo:<\/p>\n\n\n\n<ul>\n<li><a href=\"#localiza\">Onde se localiza o Oriente M\u00e9dio?<\/a><\/li>\n\n\n\n<li><a href=\"#popula\u00e7\u00e3o-e-a-religi\u00e3o\">Como s\u00e3o a popula\u00e7\u00e3o e a religi\u00e3o do Oriente M\u00e9dio?<\/a><\/li>\n\n\n\n<li><a href=\"#geografia\">Vegeta\u00e7\u00e3o, clima e hidrografia do Oriente M\u00e9dio<\/a><\/li>\n\n\n\n<li><a href=\"#economia-\">Como \u00e9 a economia do Oriente M\u00e9dio?<\/a><\/li>\n\n\n\n<li><a href=\"#hist\u00f3rico\">Breve hist\u00f3rico e conflitos<\/a><\/li>\n\n\n\n<li><a href=\"#exerc\u00edcios\">Exerc\u00edcios sobre o Oriente M\u00e9dio<\/a><\/li>\n\n\n\n<li><a href=\"#gabarito\">Gabarito dos exerc\u00edcios sobre o Oriente M\u00e9dio<\/a><\/li>\n<\/ul>\n\n\n\n<p><strong>Depois de ler esse brev\u00edssimo resumo<\/strong>, voc\u00ea j\u00e1 estar\u00e1 preparado para<strong> <\/strong>arrasar nos exerc\u00edcios que se encontram logo depois, junto ao gabarito<strong>!<\/strong><\/p>\n\n\n\n<p>Quando voc\u00ea terminar os exerc\u00edcios sobre o Oriente M\u00e9dio, coloque em pr\u00e1tica todo seu conhecimento com <a href=\"https:\/\/beduka.com\/simulado-enem\/#\/\" target=\"_blank\" rel=\"noreferrer noopener\" aria-label=\" (abre numa nova aba)\">O Melhor Simulado Enem do Brasil.<\/a><\/p>\n\n\n\n<h2 class=\"wp-block-heading\" id=\"localiza\">Onde se localiza o Oriente M\u00e9dio?<\/h2>\n\n\n<div class=\"wp-block-image\">\n<figure class=\"aligncenter\"><img decoding=\"async\" loading=\"lazy\" width=\"600\" height=\"300\" src=\"https:\/\/beduka.com\/blog\/wp-content\/uploads\/2021\/01\/Mapa-do-oriente-medio-e-sua-localiza\u00e7ao.jpg\" alt=\"Mapa-do-oriente-medio-e-sua-localiza\u00e7ao\" class=\"wp-image-19508\" srcset=\"https:\/\/beduka.com\/blog\/wp-content\/uploads\/2021\/01\/Mapa-do-oriente-medio-e-sua-localiza\u00e7ao.jpg 600w, https:\/\/beduka.com\/blog\/wp-content\/uploads\/2021\/01\/Mapa-do-oriente-medio-e-sua-localiza\u00e7ao-300x150.jpg 300w, https:\/\/beduka.com\/blog\/wp-content\/uploads\/2021\/01\/Mapa-do-oriente-medio-e-sua-localiza\u00e7ao-320x160.jpg 320w\" sizes=\"(max-width: 600px) 100vw, 600px\" \/><\/figure><\/div>\n\n\n<p>A regi\u00e3o do Oriente M\u00e9dio ou M\u00e9dio Oriente recebe esse nome por causa da sua localiza\u00e7\u00e3o geogr\u00e1fica, e pode ser chamada de \u201c\u00c1sia ocidental\u201d.<\/p>\n\n\n\n<p>Ela est\u00e1 na por\u00e7\u00e3o oeste do <a href=\"https:\/\/beduka.com\/blog\/materias\/geografia\/continentes\/\" target=\"_blank\" rel=\"noreferrer noopener\" aria-label=\" (abre numa nova aba)\">continente<\/a> asi\u00e1tico, mas em uma \u00e1rea que faz <strong>fronteira com a Europa e \u00c1frica<\/strong>, ou seja, <strong>bem na divis\u00e3o entre oriente e ocidente.<\/strong>&nbsp;<\/p>\n\n\n\n<h2 class=\"wp-block-heading\" id=\"popula\u00e7\u00e3o-e-a-religi\u00e3o\">Como s\u00e3o a popula\u00e7\u00e3o e a religi\u00e3o do Oriente M\u00e9dio?<\/h2>\n\n\n<div class=\"wp-block-image\">\n<figure class=\"aligncenter\"><img decoding=\"async\" loading=\"lazy\" width=\"600\" height=\"300\" src=\"https:\/\/beduka.com\/blog\/wp-content\/uploads\/2021\/01\/mul\u00e7umanos-rezando-virados-para-a-capital-meca.jpg\" alt=\"mul\u00e7umanos-rezando-virados-para-a-capital-meca\" class=\"wp-image-19509\" srcset=\"https:\/\/beduka.com\/blog\/wp-content\/uploads\/2021\/01\/mul\u00e7umanos-rezando-virados-para-a-capital-meca.jpg 600w, https:\/\/beduka.com\/blog\/wp-content\/uploads\/2021\/01\/mul\u00e7umanos-rezando-virados-para-a-capital-meca-300x150.jpg 300w, https:\/\/beduka.com\/blog\/wp-content\/uploads\/2021\/01\/mul\u00e7umanos-rezando-virados-para-a-capital-meca-320x160.jpg 320w\" sizes=\"(max-width: 600px) 100vw, 600px\" \/><\/figure><\/div>\n\n\n<p>Juntando a popula\u00e7\u00e3o de todos os pa\u00edses da regi\u00e3o, estima-se que haja 260 milh\u00f5es de habitantes. <strong>Aproximadamente 92% s\u00e3o mu\u00e7ulmanas<\/strong>, sendo <strong>sunita e xiita<\/strong> as correntes com mais adeptos.<\/p>\n\n\n\n<p>Tamb\u00e9m vivem cerca de <strong>3% de<\/strong> <strong>judeus<\/strong>. Apesar de um n\u00famero pequeno, eles <strong>possuem uma influ\u00eancia enorme<\/strong> porque se concentraram na <strong>principal cidade da regi\u00e3o: Jerusal\u00e9m<\/strong>. H\u00e1 muitos <strong>conflitos com mul\u00e7umanos<\/strong> na Palestina, regi\u00e3o onde a cidade est\u00e1.<\/p>\n\n\n\n<p>Essa regi\u00e3o tamb\u00e9m tem cerca de <strong>5% de crist\u00e3os<\/strong> de igrejas \u00e1rabes como a copta ou a maronita, que est\u00e3o entre as mais antigas e perseguidas.&nbsp;<\/p>\n\n\n\n<ul>\n<li><strong>Quer aumentar ainda mais suas chances de mandar bem no ENEM?<\/strong> Ent\u00e3o conhe\u00e7a o <a href=\"https:\/\/www.instagram.com\/beduka_oficial\/\" target=\"_blank\" rel=\"noreferrer noopener\" aria-label=\" (abre numa nova aba)\">Instagram do Beduka<\/a>, l\u00e1 postamos diariamente resumos perfeitos para voc\u00ea!<\/li>\n<\/ul>\n\n\n\n<h2 class=\"wp-block-heading\" id=\"geografia\">Vegeta\u00e7\u00e3o, clima e hidrografia do Oriente M\u00e9dio<\/h2>\n\n\n<div class=\"wp-block-image\">\n<figure class=\"aligncenter\"><img decoding=\"async\" loading=\"lazy\" width=\"600\" height=\"300\" src=\"https:\/\/beduka.com\/blog\/wp-content\/uploads\/2021\/01\/tres-homens-montados-no-camelo-caminhando-no-meio-do-deserto-com-montanhas-ao-fundo.jpg\" alt=\"quatro-homens-montados-no-camelo-caminhando-no-meio-do-deserto-com-montanhas-ao-fundo\" class=\"wp-image-19510\" srcset=\"https:\/\/beduka.com\/blog\/wp-content\/uploads\/2021\/01\/tres-homens-montados-no-camelo-caminhando-no-meio-do-deserto-com-montanhas-ao-fundo.jpg 600w, https:\/\/beduka.com\/blog\/wp-content\/uploads\/2021\/01\/tres-homens-montados-no-camelo-caminhando-no-meio-do-deserto-com-montanhas-ao-fundo-300x150.jpg 300w, https:\/\/beduka.com\/blog\/wp-content\/uploads\/2021\/01\/tres-homens-montados-no-camelo-caminhando-no-meio-do-deserto-com-montanhas-ao-fundo-320x160.jpg 320w\" sizes=\"(max-width: 600px) 100vw, 600px\" \/><\/figure><\/div>\n\n\n<p>O <strong>clima predominante \u00e9 o <\/strong><a href=\"https:\/\/beduka.com\/blog\/exercicios\/geografia-exercicios\/exercicios-sobre-clima-com-gabarito\/\" target=\"_blank\" rel=\"noreferrer noopener\" aria-label=\" (abre numa nova aba)\">\u00e1rido e semi\u00e1rido<\/a>, caracterizado pela <strong>baixa umidade<\/strong> e sensa\u00e7\u00e3o de <strong>secura<\/strong>. Apenas na <strong>por\u00e7\u00e3o litor\u00e2nea maior umidade.<\/strong><\/p>\n\n\n\n<p>Como consequ\u00eancia, a paisagem vegetal \u00e9 marcada pelas <a rel=\"noreferrer noopener\" aria-label=\" (abre numa nova aba)\" href=\"https:\/\/beduka.com\/blog\/materias\/biologia\/reino-plantae\/\" target=\"_blank\">plantas xer\u00f3filas<\/a> (adaptadas \u00e0 aridez), ou pela <strong>vegeta\u00e7\u00e3o de <\/strong><a href=\"https:\/\/beduka.com\/blog\/exercicios\/exercicios-sobre-o-pampa\/\" target=\"_blank\" rel=\"noreferrer noopener\" aria-label=\" (abre numa nova aba)\">estepes e pradarias<\/a> (campos com gram\u00edneas) nas \u00e1reas do semi\u00e1rido. S\u00f3 no litoral h\u00e1 presen\u00e7a de arbustos.<\/p>\n\n\n\n<p>H\u00e1 poucos rios que atravessam a regi\u00e3o, portanto o pa\u00eds obt\u00e9m \u00e1gua atualmente atrav\u00e9s da <a href=\"https:\/\/beduka.com\/blog\/materias\/quimica\/separacao-de-misturas\/\" target=\"_blank\" rel=\"noreferrer noopener\" aria-label=\" (abre numa nova aba)\">dessaliniza\u00e7\u00e3o da \u00e1gua do mar<\/a>.<\/p>\n\n\n\n<p>Apenas na regi\u00e3o chamada <strong>Crescente F\u00e9rtil<\/strong> h\u00e1 os <strong>2 principais rios <\/strong>que abrigaram a civiliza\u00e7\u00e3o <strong>mesopot\u00e2mica: Tigre e Eufrates.<\/strong>&nbsp;<\/p>\n\n\n\n<p>Al\u00e9m deles, os rios <strong>Jord\u00e3o e Nilo<\/strong> s\u00e3o fundamentais. <strong>Em volta deles que as civiliza\u00e7\u00f5es se desenvolveram!<\/strong><\/p>\n\n\n\n<h2 class=\"wp-block-heading\" id=\"economia-\">Como \u00e9 a economia do Oriente M\u00e9dio?<\/h2>\n\n\n\n<p><strong>O principal sustento<\/strong> da economia do Oriente M\u00e9dio <strong>\u00e9 o petr\u00f3leo<\/strong>. Nessa regi\u00e3o, est\u00e1 concentrada a <strong>maior reserva petrol\u00edfera do mundo<\/strong>, aproximadamente 65% do petr\u00f3leo mundial!&nbsp;<\/p>\n\n\n\n<p>Assim nasceu a <strong>Organiza\u00e7\u00e3o dos Pa\u00edses Exportadores de Petr\u00f3leo (OPEP)<\/strong> em 1960, uma&nbsp; jun\u00e7\u00e3o de extratoras locais que se agruparam para se beneficiar em rela\u00e7\u00e3o ao com\u00e9rcio mundial.<\/p>\n\n\n\n<p>Os principais pa\u00edses exportadores de petr\u00f3leo s\u00e3o: Ar\u00e1bia Saudita, Iraque, Ir\u00e3, Kuwait, Emirados \u00c1rabes Unidos.&nbsp;<\/p>\n\n\n\n<p>Mesmo com o clima semi\u00e1rido, <strong>a modalidade de pecu\u00e1ria do pastoreio n\u00f4made<\/strong> (carneiros, cabras e camelos em \u00e1reas des\u00e9rticas) \u00e9 importante para sustento local.&nbsp;<\/p>\n\n\n\n<p>A <strong>agricultura \u00e9 realizada de forma tradicional:<\/strong> uso de pouca tecnologia. Ela tamb\u00e9m \u00e9 para consumo interno, mas cerca de 40% da popula\u00e7\u00e3o economicamente ativa trabalha nela. No \u201c<strong>crescente f\u00e9rtil<\/strong>\u201d, cultivam as famosas especiarias.<\/p>\n\n\n\n<p><strong>O turismo \u00e9 uma atividade que vem crescendo<\/strong> e se tornando muito importante, principalmente em Israel e Turquia (recebem cerca de 2,5 milh\u00f5es de turistas por ano)!<\/p>\n\n\n\n<h2 class=\"wp-block-heading\" id=\"hist\u00f3rico\">Breve hist\u00f3rico e conflitos<\/h2>\n\n\n\n<p>Ap\u00f3s a <a href=\"https:\/\/beduka.com\/blog\/materias\/historia\/resumo-da-primeira-guerra-mundial\/\" target=\"_blank\" rel=\"noreferrer noopener\" aria-label=\" (abre numa nova aba)\">Primeira Guerra Mundial<\/a>, o Imp\u00e9rio Otomano acabou e a <strong>Palestina<\/strong> (regi\u00e3o central e principal) ficou sob <strong>administra\u00e7\u00e3o Inglesa.&nbsp;<\/strong><\/p>\n\n\n\n<p>Houve a <strong>intensifica\u00e7\u00e3o dos conflitos entre \u00e1rabes e judeus<\/strong>, e o surgimento do<strong> sionismo: <\/strong>movimento que apoia o<strong> <\/strong>retorno dos judeus e cria\u00e7\u00e3o de um <a href=\"https:\/\/beduka.com\/blog\/materias\/geografia\/estado-nacao\/\" target=\"_blank\" rel=\"noreferrer noopener\" aria-label=\" (abre numa nova aba)\">Estado<\/a> Judaico na Palestina por seu passado hist\u00f3rico e religioso (Terra prometida).&nbsp;<\/p>\n\n\n\n<p>Ap\u00f3s a <a href=\"https:\/\/beduka.com\/blog\/materias\/historia\/o-que-foi-a-segunda-guerra-mundial\/\" target=\"_blank\" rel=\"noreferrer noopener\" aria-label=\" (abre numa nova aba)\">Segunda Guerra Mundial <\/a>e o fim do Holocausto, <strong>os judeus ficaram sem p\u00e1tria<\/strong> e eram maioria na regi\u00e3o Palestina.&nbsp;<\/p>\n\n\n\n<p>A <strong>Organiza\u00e7\u00e3o das Na\u00e7\u00f5es Unidas <\/strong>(ONU) aprovou a <strong>cria\u00e7\u00e3o de dois Estados<\/strong>: um judeu e outro \u00c1rabe. Os <strong>\u00e1rabes ficaram insatisfeitos<\/strong> pois as \u00e1reas dos judeus eram mais f\u00e9rteis e proveitosas. <strong>Muitos conflitos se derivaram deste!<\/strong><\/p>\n\n\n\n<ul>\n<li>Saiba mais sobre esses conflitos no nosso <a href=\"https:\/\/beduka.com\/blog\/materias\/geografia\/oriente-medio\/\" target=\"_blank\" rel=\"noreferrer noopener\" aria-label=\" (abre numa nova aba)\">artigo completo sobre o Oriente M\u00e9dio<\/a>!<\/li>\n<\/ul>\n\n\n\n<h2 class=\"wp-block-heading\" id=\"exerc\u00edcios\">Exerc\u00edcios sobre o Oriente M\u00e9dio com Gabarito<\/h2>\n\n\n\n<p>Esperamos que, com esse resumo, tudo <strong>tenha ficado mais claro<\/strong> para voc\u00ea.&nbsp;<\/p>\n\n\n\n<p><strong>Parab\u00e9ns<\/strong> por ter lido at\u00e9 aqui!<\/p>\n\n\n\n<p><strong>Baixe <\/strong>o <a aria-label=\" (abre numa nova aba)\" href=\"https:\/\/beduka.com\/blog\/dicas\/enem-dicas\/plano-de-estudos-gratuito\/\" target=\"_blank\" rel=\"noreferrer noopener\">Plano de Estudos<\/a> do Beduka e tenha uma <strong>prepara\u00e7\u00e3o perfeita<\/strong> para o ENEM.<\/p>\n\n\n\n<p><strong>Quest\u00e3o 1 &#8211; <\/strong><a href=\"https:\/\/www.fuvest.br\/\" target=\"_blank\" rel=\"noreferrer noopener\" aria-label=\" (abre numa nova aba)\">(Fuvest-SP)<\/a> A chamada \u00c1sia Ocidental constitui importante \u00e1rea de encontro de tr\u00eas continentes: a \u00c1sia, a \u00c1frica e a Europa. \u00c9 marcada, principalmente, pela instabilidade dos limites pol\u00edticos, diversidade \u00e9tnica da popula\u00e7\u00e3o e multiplica\u00e7\u00e3o das cren\u00e7as religiosas. Tr\u00eas grandes religi\u00f5es t\u00eam sua \u201cCidade Santa\u201d na \u00c1sia Ocidental. S\u00e3o elas:<\/p>\n\n\n\n<p><strong>a)<\/strong> Fetichismo, islamismo e juda\u00edsmo.<\/p>\n\n\n\n<p><strong>b)<\/strong> Budismo, hindu\u00edsmo e maometismo.<\/p>\n\n\n\n<p><strong>c)<\/strong> Juda\u00edsmo, cristianismo e islamismo.<\/p>\n\n\n\n<p><strong>d) <\/strong>Cristianismo, bramanismo e islamismo.<\/p>\n\n\n\n<p><strong>e)<\/strong> Budismo, juda\u00edsmo e islamismo.<\/p>\n\n\n\n<p><strong>Quest\u00e3o 2 &#8211; <\/strong>A Guerra do L\u00edbano, o conflito Ir\u00e3\/Iraque, a quest\u00e3o Palestina, a Guerra do Golfo s\u00e3o alguns dos conflitos que marcam ou marcaram o Oriente M\u00e9dio. Das alternativas abaixo, aquela que corretamente explica toda essa situa\u00e7\u00e3o conflituosa \u00e9:<\/p>\n\n\n\n<p><strong>a) <\/strong>a disputa de terras favor\u00e1veis ao cultivo, como as encontradas na plan\u00edcie da Mesopot\u00e2mia, numa \u00e1rea des\u00e9rtica.<\/p>\n\n\n\n<p><strong>b) <\/strong>os grandes lucros provenientes do petr\u00f3leo que n\u00e3o beneficiam a maioria da popula\u00e7\u00e3o nos pa\u00edses \u00e1rabes.<\/p>\n\n\n\n<p><strong>c) <\/strong>o aumento, de forma r\u00e1pida, do pre\u00e7o do barril de petr\u00f3leo nos pa\u00edses membros da OPEP.<\/p>\n\n\n\n<p><strong>d)<\/strong> a cria\u00e7\u00e3o do Estado de Israel, sob a tutela brit\u00e2nica, numa regi\u00e3o de ricas reservas de petr\u00f3leo.<\/p>\n\n\n\n<p><strong>e)<\/strong> o emaranhado de culturas, religi\u00f5es e interesses estrangeiros numa \u00e1rea localizada a meio caminho entre a \u00c1sia, Europa e \u00c1frica.<\/p>\n\n\n\n<p><strong>Quest\u00e3o 3 &#8211;<\/strong> <a href=\"https:\/\/www.pucminas.br\/destaques\/Paginas\/default.aspx?_ga=2.33914216.817703229.1608579179-2135215734.1602689016\" target=\"_blank\" rel=\"noreferrer noopener\" aria-label=\" (abre numa nova aba)\">(PUC-MG)<\/a> A partilha da Palestina est\u00e1 completando 60 anos. Tendo em vista a partilha e seus impactos, a base para a cria\u00e7\u00e3o do Estado de Israel foi assentada:<\/p>\n\n\n\n<p><strong>a) <\/strong>na exist\u00eancia de um Estado judaico sob aprova\u00e7\u00e3o dos pa\u00edses \u00e1rabes.<\/p>\n\n\n\n<p><strong>b)<\/strong> na legitima\u00e7\u00e3o pela for\u00e7a comprovada pela sequ\u00eancia de conflitos e guerras.<\/p>\n\n\n\n<p><strong>c)<\/strong> na possibilidade da exist\u00eancia de uma maioria judaica num territ\u00f3rio.<\/p>\n\n\n\n<p><strong>d)<\/strong> na ideologia sionista, que defendia a entrada dos judeus na Palestina sob dom\u00ednio ingl\u00eas.<\/p>\n\n\n\n<p><strong>Quest\u00e3o 4 &#8211; <\/strong><a href=\"https:\/\/www.unicamp.br\/unicamp\/\" target=\"_blank\" rel=\"noreferrer noopener\" aria-label=\" (abre numa nova aba)\">(Unicamp 2012)<\/a> Em discurso proferido em 20 de maio de 2011, o presidente dos EUA, Barack Obama, pronunciou-se sobre as negocia\u00e7\u00f5es relativas ao conflito entre palestinos e israelenses, propondo o retorno \u00e0 configura\u00e7\u00e3o territorial anterior \u00e0 Guerra dos Seis Dias, ocorrida em 1967. Sobre o contexto relacionado ao conflito mencionado \u00e9 correto afirmar que:<\/p>\n\n\n\n<p><strong>a) <\/strong>A cria\u00e7\u00e3o do Estado de Israel, em 1948, marcou o in\u00edcio de um per\u00edodo de instabilidade no Oriente M\u00e9dio, pois significou o confisco dos territ\u00f3rios do Estado da Palestina que existia at\u00e9 ent\u00e3o e desagradou o mundo \u00e1rabe.<\/p>\n\n\n\n<p><strong>b)<\/strong> A Guerra dos Seis Dias insere-se no contexto de outras disputas entre \u00e1rabes e israelenses, por causa das reservas de petr\u00f3leo localizadas naquela regi\u00e3o do Oriente M\u00e9dio.<\/p>\n\n\n\n<p><strong>c)<\/strong> A Guerra dos Seis Dias significou a amplia\u00e7\u00e3o territorial de Israel, com a anexa\u00e7\u00e3o de territ\u00f3rios, justificada pelos israelenses como medida preventiva para garantir sua seguran\u00e7a contra a\u00e7\u00f5es \u00e1rabes.<\/p>\n\n\n\n<p><strong>d) <\/strong>O discurso de Obama representa a postura tradicional da diplomacia norte-americana, que defende a exist\u00eancia dos Estados de Israel e da Palestina, e diverge da diplomacia europeia, que condena a exist\u00eancia dos dois Estados.<\/p>\n\n\n\n<p><strong>Quest\u00e3o 5 <\/strong>&#8211; <a href=\"https:\/\/www.vunesp.com.br\/\" target=\"_blank\" rel=\"noreferrer noopener\" aria-label=\" (abre numa nova aba)\">(Vunesp-2002)<\/a> A regi\u00e3o da \u00c1sia conhecida por Mesopot\u00e2mia foi importante \u00e1rea agr\u00edcola. Atualmente reduzida \u00e0s zonas ribeirinhas irrig\u00e1veis, constitui uma plan\u00edcie drenada pelos rios<\/p>\n\n\n\n<p><strong>a)<\/strong> Indo e Ganges, no Paquist\u00e3o e \u00cdndia.<\/p>\n\n\n\n<p><strong>b)<\/strong> Tigre e Jord\u00e3o, em Israel.<\/p>\n\n\n\n<p><strong>c)<\/strong> Ganges e Bramaputra, na \u00cdndia e Bangladesh.<\/p>\n\n\n\n<p><strong>d)<\/strong> Tigre e Eufrates, no Iraque.<\/p>\n\n\n\n<p><strong>e)<\/strong> Hoang-Ho e Yang-Tz\u00e9-Chiang, na China.<\/p>\n\n\n\n<p><strong>Quest\u00e3o 6 &#8211;<\/strong> Com base nos conhecimentos gerais sobre a cultura \u00e1rabe no Oriente M\u00e9dio, podemos afirmar que a diferen\u00e7a entre mundo \u00e1rabe e islamismo \u00e9:<\/p>\n\n\n\n<p><strong>a)<\/strong> \u00c1rabe \u00e9 uma express\u00e3o utilizada para expressar os costumes e a cultura mu\u00e7ulmana.<\/p>\n\n\n\n<p><strong>b)<\/strong> O Islamismo deve ser a religi\u00e3o oficial de qualquer na\u00e7\u00e3o que queira se tornar \u00e1rabe.<\/p>\n\n\n\n<p><strong>c)<\/strong> \u00c1rabe refere-se \u00e0 l\u00edngua e mu\u00e7ulmano refere-se \u00e0 religi\u00e3o.<\/p>\n\n\n\n<p><strong>d)<\/strong> As diferen\u00e7as entre mundo \u00e1rabe e mundo mu\u00e7ulmano s\u00e3o praticamente nulas e tais palavras podem ser utilizadas como sin\u00f4nimas.<\/p>\n\n\n\n<p><strong>e)<\/strong> \u00c1rabe \u00e9 o nome da regi\u00e3o geogr\u00e1fica em que habitam os povos isl\u00e2micos.<\/p>\n\n\n\n<ul>\n<li>Muito bem! <strong>Voc\u00ea chegou \u00e0 metade dos exerc\u00edcios <\/strong>sobre o Oriente M\u00e9dio!<\/li>\n<\/ul>\n\n\n\n<p><strong>Quest\u00e3o 7 <a href=\"https:\/\/www.vunesp.com.br\/\" target=\"_blank\" rel=\"noreferrer noopener\" aria-label=\" (abre numa nova aba)\">&#8211;<\/a><\/strong><a href=\"https:\/\/www.vunesp.com.br\/\" target=\"_blank\" rel=\"noreferrer noopener\" aria-label=\" (abre numa nova aba)\"> (Vunesp-2004) <\/a>Em classifica\u00e7\u00e3o da Unesco (2003) sobre a disponibilidade mundial de \u00e1gua per capita, dentre as \u00e1reas mais pobres figuram o Kuwait com 10m\u00b3\/habitante e Emirados \u00c1rabes Unidos com 58m\u00b3\/habitante. Assinale a alternativa que cont\u00e9m o tipo clim\u00e1tico e as caracter\u00edsticas da precipita\u00e7\u00e3o respons\u00e1veis pela disponibilidade de \u00e1gua nesses pa\u00edses.<\/p>\n\n\n\n<p><strong>a)<\/strong> \u00c1rido frio e seco; precipita\u00e7\u00e3o escassa e concentrada.<\/p>\n\n\n\n<p><strong>b)<\/strong> Tropical quente e seco; precipita\u00e7\u00e3o baixa e bem distribu\u00edda.<\/p>\n\n\n\n<p><strong>c)<\/strong> Equatorial quente e seco; precipita\u00e7\u00e3o elevada e mal distribu\u00edda.<\/p>\n\n\n\n<p><strong>d)<\/strong> Des\u00e9rtico quente e seco; precipita\u00e7\u00e3o escassa e mal distribu\u00edda.<\/p>\n\n\n\n<p><strong>e)<\/strong> Mon\u00e7\u00f4nico frio e seco; precipita\u00e7\u00e3o escassa e concentrada.<\/p>\n\n\n\n<p><strong>Quest\u00e3o 8 &#8211;<\/strong> <a href=\"http:\/\/www.fatecsp.br\/\" target=\"_blank\" rel=\"noreferrer noopener\" aria-label=\" (abre numa nova aba)\">(Fatec-1995)<\/a> Leia com aten\u00e7\u00e3o as afirma\u00e7\u00f5es a seguir.<\/p>\n\n\n\n<p>I. Localiza\u00e7\u00e3o das maiores reservas petrol\u00edferas do planeta.<\/p>\n\n\n\n<p>II. Homogeneidade de l\u00ednguas e religi\u00f5es.<\/p>\n\n\n\n<p>III. Exist\u00eancia de povos sem territ\u00f3rios nacionais.<\/p>\n\n\n\n<p>IV. Predom\u00ednio de estruturas pol\u00edticas arcaicas e tradicionais.<\/p>\n\n\n\n<p>Caracterizam a atual situa\u00e7\u00e3o do Oriente M\u00e9dio a(s) assertiva(s):<\/p>\n\n\n\n<p><strong>a)<\/strong> I, apenas.<\/p>\n\n\n\n<p><strong>b)<\/strong> II e III.<\/p>\n\n\n\n<p><strong>c)<\/strong> I, III e IV<\/p>\n\n\n\n<p><strong>d)<\/strong> I, II e IV.<\/p>\n\n\n\n<p><strong>e)<\/strong> III, apenas.<\/p>\n\n\n\n<p><strong>Quest\u00e3o 9 &#8211;<\/strong> O Oriente m\u00e9dio sofre com o problema da falta de \u00e1gua pot\u00e1vel, uma das solu\u00e7\u00f5es para resolver este problema tem sido:<\/p>\n\n\n\n<p><strong>a)<\/strong> O plantio de \u00e1rvores florestas no L\u00edbano.<\/p>\n\n\n\n<p><strong>b)<\/strong> A perfura\u00e7\u00e3o de po\u00e7os em larga escala.<\/p>\n\n\n\n<p><strong>c)<\/strong> A constru\u00e7\u00e3o de usinas termonucleares.<\/p>\n\n\n\n<p><strong>d)<\/strong> A transforma\u00e7\u00e3o do oxig\u00eanio do ar atmosf\u00e9rico em \u00e1gua.<\/p>\n\n\n\n<p><strong>e)<\/strong> A dessaliniza\u00e7\u00e3o da \u00e1gua salgada.<\/p>\n\n\n\n<p><strong>Quest\u00e3o 10 &#8211; <\/strong><a href=\"https:\/\/enem.inep.gov.br\/\" target=\"_blank\" rel=\"noreferrer noopener\" aria-label=\" (abre numa nova aba)\">(Enem 2007 &#8211; com adapta\u00e7\u00f5es)<\/a> Em 1947, a Organiza\u00e7\u00e3o das Na\u00e7\u00f5es Unidas (ONU) aprovou um plano de partilha da Palestina que previa a cria\u00e7\u00e3o de dois Estados: um judeu e outro palestino. A recusa \u00e1rabe em aceitar a decis\u00e3o conduziu ao primeiro conflito entre Israel e pa\u00edses \u00e1rabes. A segunda guerra (Suez, 1956) decorreu da decis\u00e3o eg\u00edpcia de nacionalizar o canal, ato que atingia interesses anglo-franceses e israelenses. Vitorioso, Israel passou a controlar a Pen\u00ednsula do Sinai. O terceiro conflito \u00e1rabe-israelense (1967) ficou conhecido como Guerra dos Seis Dias, tal a rapidez da vit\u00f3ria de Israel. Em 6 de outubro de 1973, quando os judeus comemoravam o Yom Kippur (Dia do Perd\u00e3o), for\u00e7as eg\u00edpcias e s\u00edrias atacaram de surpresa Israel, que revidou de forma arrasadora. A interven\u00e7\u00e3o americano-sovi\u00e9tica imp\u00f4s o cessar-fogo, conclu\u00eddo em 22 de outubro.<\/p>\n\n\n\n<p>A partir do texto acima, assinale a op\u00e7\u00e3o correta.<\/p>\n\n\n\n<p><strong>a)<\/strong> A primeira guerra \u00e1rabe-israelense foi determinada pela a\u00e7\u00e3o b\u00e9lica de tradicionais pot\u00eancias europeias no Oriente M\u00e9dio.<\/p>\n\n\n\n<p><strong>b) <\/strong>Na segunda metade dos anos 1960, quando explodiu a terceira guerra \u00e1rabe-israelense, Israel obteve r\u00e1pida vit\u00f3ria.<\/p>\n\n\n\n<p><strong>c) <\/strong>A guerra do Yom Kippur ocorreu no momento em que, a partir de decis\u00e3o da ONU, foi oficialmente instalado o Estado de Israel.<\/p>\n\n\n\n<p><strong>d)<\/strong> Apesar das sucessivas vit\u00f3rias militares, Israel mant\u00e9m suas dimens\u00f5es territoriais tal como estabelecido pela resolu\u00e7\u00e3o de 1947 aprovada pela ONU<\/p>\n\n\n\n<ul>\n<li><strong>Ufa, estamos quase l\u00e1! <\/strong>Fa\u00e7a os 2 \u00faltimos exerc\u00edcios sobre o Oriente M\u00e9dio.<\/li>\n<\/ul>\n\n\n\n<p><strong>Quest\u00e3o 11 &#8211;<\/strong> (<a href=\"https:\/\/www.fag.edu.br\/\" target=\"_blank\" rel=\"noreferrer noopener\">FAG 2018<\/a>) Apesar da elevada renda per capita, advinda da exporta\u00e7\u00e3o de petr\u00f3leo, o Oriente M\u00e9dio encontra s\u00e9rios problemas para seu desenvolvimento. Dentre as causas desses problemas, podemos destacar:<\/p>\n\n\n\n<p><strong>a)<\/strong> a elevada porcentagem de analfabetismo e a distribui\u00e7\u00e3o igualit\u00e1ria da renda.<\/p>\n\n\n\n<p><strong>b)<\/strong> a falta de acesso ao mar e a escassa rede hidrogr\u00e1fica.<\/p>\n\n\n\n<p><strong>c)<\/strong> a persist\u00eancia do nomadismo e a elevada porcentagem de universit\u00e1rios na popula\u00e7\u00e3o.<\/p>\n\n\n\n<p><strong>d)<\/strong> o baixo crescimento populacional e o elevado padr\u00e3o e consumo da popula\u00e7\u00e3o.<\/p>\n\n\n\n<p><strong>e)<\/strong> a aridez do clima e o baixo n\u00edvel t\u00e9cnico da popula\u00e7\u00e3o.<\/p>\n\n\n\n<p><strong>Quest\u00e3o 12 &#8211;<\/strong> (<a href=\"https:\/\/www.pucrs.br\/\" target=\"_blank\" rel=\"noreferrer noopener\">PUC-RS<\/a>) Guerras civis e guerras de fundamentalistas religiosos t\u00eam provocado atentados terroristas como, por exemplo, o ocorrido em Paris, em 13 de novembro \u00faltimo. Tamb\u00e9m como consequ\u00eancia tr\u00e1gica desses conflitos, um contingente consider\u00e1vel de pessoas migra entre o Oriente M\u00e9dio e a Europa, caracterizando a forma\u00e7\u00e3o de grupos de refugiados em deslocamento. Esse tipo de mobilidade humana abandona \u00e1reas conflagradas em busca de paz e qualidade de vida. Nesse contexto, podemos considerar como uma \u00e1rea de repuls\u00e3o e como uma \u00e1rea de atra\u00e7\u00e3o de grupos de refugiados, respectivamente,<\/p>\n\n\n\n<p><strong>a)<\/strong> o Iraque e a Pol\u00f4nia.<\/p>\n\n\n\n<p><strong>b)<\/strong> o Ir\u00e3 e Portugal.<\/p>\n\n\n\n<p><strong>c)<\/strong> o L\u00edbano e a Gr\u00e9cia.<\/p>\n\n\n\n<p><strong>d)<\/strong> a S\u00edria e a Alemanha.<\/p>\n\n\n\n<p><strong>e)<\/strong> o I\u00eamem e a It\u00e1lia.<\/p>\n\n\n\n<ul>\n<li><strong>Parab\u00e9ns, voc\u00ea fez todos os exerc\u00edcios<\/strong> sobre o Oriente M\u00e9dio. Confira agora o Gabarito:<\/li>\n<\/ul>\n\n\n\n<h2 class=\"wp-block-heading\" id=\"gabarito\">Gabarito dos exerc\u00edcios sobre o Oriente M\u00e9dio<\/h2>\n\n\n\n<p><strong>Exerc\u00edcio resolvido da quest\u00e3o 1 &#8211;&nbsp;<\/strong><\/p>\n\n\n\n<p>Alternativa correta: <strong>c)<\/strong> Juda\u00edsmo, cristianismo e islamismo.<\/p>\n\n\n\n<p>Oriente M\u00e9dio \u00e9 o ber\u00e7o das 3 principais religi\u00f5es monote\u00edstas: Cristianismo, Juda\u00edsmo e Islamismo. Fetichismo n\u00e3o \u00e9 uma religi\u00e3o, budismo e bramanismo n\u00e3o pertencem \u00e0 regi\u00e3o do oriente m\u00e9dio.<\/p>\n\n\n\n<p><strong>Exerc\u00edcio resolvido da quest\u00e3o 2 &#8211;&nbsp;<\/strong><\/p>\n\n\n\n<p>Alternativa correta: <strong>e)<\/strong> o emaranhado de culturas, religi\u00f5es e interesses estrangeiros numa \u00e1rea localizada a meio caminho entre a \u00c1sia, Europa e \u00c1frica.<\/p>\n\n\n\n<p>A diversidade de religi\u00f5es, culturas, povos e a longa trajet\u00f3ria hist\u00f3rica da regi\u00e3o leva a conflitos internos. Como \u00e9 grande a diversidade, s\u00e3o m\u00faltiplos os conflitos. Alguns foram&nbsp; mesmo causados por quest\u00f5es petrol\u00edferas e territoriais, mas a pergunta se refere aos conflitos de modo geral. A causa que antecede todas as outras \u00e9 a multiplicidade cultural.<\/p>\n\n\n\n<p><strong>Exerc\u00edcio resolvido da quest\u00e3o 3 &#8211;&nbsp;<\/strong><\/p>\n\n\n\n<p>Alternativa correta: <strong>c)<\/strong> na possibilidade da exist\u00eancia de uma maioria judaica num territ\u00f3rio.<\/p>\n\n\n\n<p>Embora exista o movimento sionista, a justificativa oficial da ONU que a levou definir um&nbsp; territ\u00f3rio judeu foram os acontecimentos da guerra mundial. Ela levou \u00e0 captura da maioria dos judeus do mundo, distribuindo-os nos campos de concentra\u00e7\u00e3o. Ao final, n\u00e3o tinham p\u00e1tria e estavam mais acumulados na referida regi\u00e3o.<\/p>\n\n\n\n<p><strong>Exerc\u00edcio resolvido da quest\u00e3o 4 &#8211;&nbsp;<\/strong><\/p>\n\n\n\n<p>Alternativa correta: <strong>c)<\/strong> A Guerra dos Seis Dias significou a amplia\u00e7\u00e3o territorial de Israel, com a anexa\u00e7\u00e3o de territ\u00f3rios, justificada pelos israelenses como medida preventiva para garantir sua seguran\u00e7a contra a\u00e7\u00f5es \u00e1rabes.<\/p>\n\n\n\n<p>A Guerra dos 6 Dias foi um desdobramento da quest\u00e3o Palestina e n\u00e3o teve a ver com petr\u00f3leo. J\u00e1 existiam conflitos na regi\u00e3o antes mesmo do Estado de Israel e a posi\u00e7\u00e3o tradicional dos europeus \u00e9 incentivar a cria\u00e7\u00e3o de dois Estados enquanto a Americana \u00e9 apenas o de Israel.<\/p>\n\n\n\n<p><strong>Exerc\u00edcio resolvido da quest\u00e3o 5 &#8211;&nbsp;<\/strong><\/p>\n\n\n\n<p>Alternativa correta: <strong>d)<\/strong> Tigre e Eufrates, no Iraque.<\/p>\n\n\n\n<p>Rio Tigre e Eufrates s\u00e3o os dois principais da Crescente F\u00e9rtil, \u00e1rea que abrigou a civiliza\u00e7\u00e3o mesopot\u00e2mica.<\/p>\n\n\n\n<p><strong>Exerc\u00edcio resolvido da quest\u00e3o 6 &#8211;&nbsp;<\/strong><\/p>\n\n\n\n<p>Alternativa correta: <strong>c)<\/strong> \u00c1rabe refere-se \u00e0 l\u00edngua e mu\u00e7ulmano refere-se \u00e0 religi\u00e3o.<\/p>\n\n\n\n<p>\u00c1rabe \u00e9 o nome que se d\u00e1 a qualquer pessoa nascida na regi\u00e3o do oriente m\u00e9dio e que fala a l\u00edngua \u00e1rabe. Mul\u00e7umano \u00e9 o nome que se d\u00e1 ao que creem nessa religi\u00e3o. Apesar de haver uma boa parte da popula\u00e7\u00e3o \u00e1rabe que \u00e9 mu\u00e7ulmana, nem todos os mul\u00e7umanos s\u00e3o \u00e1rabes e nem todos os \u00e1rabes s\u00e3o mu\u00e7ulmanos.<\/p>\n\n\n\n<p><strong>Exerc\u00edcio resolvido da quest\u00e3o 7 &#8211;&nbsp;<\/strong><\/p>\n\n\n\n<p>Alternativa correta: <strong>d)<\/strong> Des\u00e9rtico quente e seco; precipita\u00e7\u00e3o escassa e mal distribu\u00edda.<\/p>\n\n\n\n<p>O clima predominante no Oriente M\u00e9dio \u00e9 o semi\u00e1rido e \u00e1rido (des\u00e9rtico), caracterizados pela baixa umidade que causa secura. Como est\u00e3o pr\u00f3ximos \u00e0 linha do equador e regi\u00f5es pr\u00f3ximas ao n\u00edvel do mar, o clima \u00e9 quente.<\/p>\n\n\n\n<p><strong>Exerc\u00edcio resolvido da quest\u00e3o 8 &#8211;&nbsp;<\/strong><\/p>\n\n\n\n<p>Alternativa correta: <strong>c)<\/strong> I, III e IV<\/p>\n\n\n\n<p>I, III e IV est\u00e3o corretos como j\u00e1 foi abordado no resumo acima. A n\u00famero II est\u00e1 incorreta porque uma pluralidade de culturas caracteriza uma sociedade heterog\u00eanea, n\u00e3o homog\u00eanea.<\/p>\n\n\n\n<p><strong>Exerc\u00edcio resolvido da quest\u00e3o 9 &#8211;<\/strong><\/p>\n\n\n\n<p>Alternativa correta: <strong>e)<\/strong> A dessaliniza\u00e7\u00e3o da \u00e1gua salgada.<\/p>\n\n\n\n<p>A dessaliniza\u00e7\u00e3o da \u00e1gua salgada foi abordada no texto acima como a principal forma de obten\u00e7\u00e3o de \u00e1gua em meio a um cen\u00e1rio com poucos rios. Essa \u00e9 uma realidade comum ao Oriente M\u00e9dio.<\/p>\n\n\n\n<p><strong>Exerc\u00edcio resolvido da quest\u00e3o 10 &#8211;&nbsp;<\/strong><\/p>\n\n\n\n<p>Alternativa correta: <strong>b) <\/strong>Na segunda metade dos anos 1960, quando explodiu a terceira guerra \u00e1rabe-israelense, Israel obteve r\u00e1pida vit\u00f3ria.<\/p>\n\n\n\n<p>A primeira guerra \u00e1rabe-israelense foi determinada pelos \u00e1rabes frente \u00e0 cria\u00e7\u00e3o do Estado de Israel. Na Guerra dos Seis Dias, a vit\u00f3ria de Israel foi r\u00e1pida, resultando na anexa\u00e7\u00e3o de v\u00e1rios territ\u00f3rios. A Guerra do Yom Kippur foi uma tentativa dos pa\u00edses \u00e1rabes de reaverem os territ\u00f3rios perdidos. O Estado de Israel tem uma \u00e1rea maior do que a estabelecida pela resolu\u00e7\u00e3o de 1947.<\/p>\n\n\n\n<p><strong>Exerc\u00edcio resolvido da quest\u00e3o 11 &#8211;&nbsp;<\/strong><\/p>\n\n\n\n<p>Alternativa correta: <strong>e)<\/strong> a aridez do clima e o baixo n\u00edvel t\u00e9cnico da popula\u00e7\u00e3o.<\/p>\n\n\n\n<p>Apesar das grandes reservas de petr\u00f3leo, o Oriente M\u00e9dio apresenta dificuldades para o crescimento. Entre elas est\u00e3o a baixa instru\u00e7\u00e3o do povo em geral e as condi\u00e7\u00f5es clim\u00e1ticas.<\/p>\n\n\n\n<p><strong>Exerc\u00edcio resolvido da quest\u00e3o 12 &#8211;&nbsp;<\/strong><\/p>\n\n\n\n<p>Alternativa correta: <strong>d)<\/strong> a S\u00edria e a Alemanha.<\/p>\n\n\n\n<p>Gra\u00e7as aos conflitos que atingem a S\u00edria, ela tem se tornado um pa\u00eds de emigra\u00e7\u00e3o, pois as pessoas fugem das guerras. A Alemanha, ao contr\u00e1rio, pela proje\u00e7\u00e3o econ\u00f4mica e estabilidade pol\u00edtica, constitui um polo de atra\u00e7\u00e3o.<\/p>\n\n\n\n<p>Gostou do nosso artigo dos 10 melhores exerc\u00edcios sobre o Oriente M\u00e9dio? Confira <strong>outros artigos <\/strong>do nosso blog e <strong>se prepare para o Enem<\/strong> da melhor maneira! Voc\u00ea tamb\u00e9m pode se organizar com o nosso <a aria-label=\" (abre numa nova aba)\" href=\"https:\/\/beduka.com\/blog\/dicas\/enem-dicas\/plano-de-estudos-gratuito\/\" target=\"_blank\" rel=\"noreferrer noopener\">plano de estudos<\/a>, o mais completo da internet.<\/p>\n","protected":false},"excerpt":{"rendered":"<p>Oriente M\u00e9dio \u00e9 uma regi\u00e3o na divisa da \u00c1sia, Europa e \u00c1frica. Sua import\u00e2ncia hist\u00f3rica \u00e9 grande: \u00e9 o ber\u00e7o da civiliza\u00e7\u00e3o e das religi\u00f5es monote\u00edstas, al\u00e9m do maior p\u00f3lo petrol\u00edfero atual. Tamb\u00e9m \u00e9 um local sens\u00edvel a conflitos de todas as esp\u00e9cies, que permanecem at\u00e9 hoje. Leia nosso resumo e fa\u00e7a os exerc\u00edcios sobre [&hellip;]<\/p>\n","protected":false},"author":1,"featured_media":19507,"comment_status":"open","ping_status":"closed","sticky":false,"template":"","format":"standard","meta":{"_mi_skip_tracking":false,"_monsterinsights_sitenote_active":false,"_monsterinsights_sitenote_note":"","_monsterinsights_sitenote_category":0},"categories":[607,604],"tags":[],"yoast_head":"<!-- This site is optimized with the Yoast SEO plugin v20.10 - https:\/\/yoast.com\/wordpress\/plugins\/seo\/ -->\n<title>Os 12 Melhores Exerc\u00edcios sobre o Oriente M\u00e9dio (GABARITO)<\/title>\n<meta name=\"description\" content=\"Leia nosso Resumo e coloque seu conhecimento em pr\u00e1tica com os Melhores Exerc\u00edcios sobre o Oriente M\u00e9dio selecionados para voc\u00ea.\" \/>\n<meta name=\"robots\" content=\"index, follow, max-snippet:-1, max-image-preview:large, max-video-preview:-1\" \/>\n<link rel=\"canonical\" href=\"https:\/\/beduka.com\/blog\/exercicios\/geografia-exercicios\/exercicios-sobre-o-oriente-medio\/\" \/>\n<meta property=\"og:locale\" content=\"pt_BR\" \/>\n<meta property=\"og:type\" content=\"article\" \/>\n<meta property=\"og:title\" content=\"Os 12 Melhores Exerc\u00edcios sobre o Oriente M\u00e9dio (GABARITO)\" \/>\n<meta property=\"og:description\" content=\"Leia nosso Resumo e coloque seu conhecimento em pr\u00e1tica com os Melhores Exerc\u00edcios sobre o Oriente M\u00e9dio selecionados para voc\u00ea.\" \/>\n<meta property=\"og:url\" content=\"https:\/\/beduka.com\/blog\/exercicios\/geografia-exercicios\/exercicios-sobre-o-oriente-medio\/\" \/>\n<meta property=\"og:site_name\" content=\"Blog do Beduka | Mat\u00e9rias resumidas, Dicas e Exerc\u00edcios Enem\" \/>\n<meta property=\"article:publisher\" content=\"https:\/\/www.facebook.com\/beduka.buscadordefaculdades\/\" \/>\n<meta property=\"article:author\" content=\"https:\/\/www.facebook.com\/beduka.buscadordefaculdades\" \/>\n<meta property=\"article:published_time\" content=\"2021-01-07T20:42:53+00:00\" \/>\n<meta property=\"article:modified_time\" content=\"2023-09-05T20:06:15+00:00\" \/>\n<meta property=\"og:image\" content=\"https:\/\/beduka.com\/blog\/wp-content\/uploads\/2021\/01\/Os-10-melhores-exerc\u00edcios-sobre-o-Oriente-M\u00e9dio.jpg\" \/>\n\t<meta property=\"og:image:width\" content=\"600\" \/>\n\t<meta property=\"og:image:height\" content=\"300\" \/>\n\t<meta property=\"og:image:type\" content=\"image\/jpeg\" \/>\n<meta name=\"author\" content=\"Reda\u00e7\u00e3o Beduka (a)\" \/>\n<meta name=\"twitter:card\" content=\"summary_large_image\" \/>\n<meta name=\"twitter:label1\" content=\"Escrito por\" \/>\n\t<meta name=\"twitter:data1\" content=\"Reda\u00e7\u00e3o Beduka (a)\" \/>\n\t<meta name=\"twitter:label2\" content=\"Est. tempo de leitura\" \/>\n\t<meta name=\"twitter:data2\" content=\"17 minutos\" \/>\n<script type=\"application\/ld+json\" class=\"yoast-schema-graph\">{\"@context\":\"https:\/\/schema.org\",\"@graph\":[{\"@type\":\"Article\",\"@id\":\"https:\/\/beduka.com\/blog\/exercicios\/geografia-exercicios\/exercicios-sobre-o-oriente-medio\/#article\",\"isPartOf\":{\"@id\":\"https:\/\/beduka.com\/blog\/exercicios\/geografia-exercicios\/exercicios-sobre-o-oriente-medio\/\"},\"author\":{\"name\":\"Reda\u00e7\u00e3o Beduka (a)\",\"@id\":\"https:\/\/beduka.com\/blog\/#\/schema\/person\/325d912d2cb8dd9ede8ab291427d2b8a\"},\"headline\":\"Os 12 melhores exerc\u00edcios sobre o Oriente M\u00e9dio com gabarito.\",\"datePublished\":\"2021-01-07T20:42:53+00:00\",\"dateModified\":\"2023-09-05T20:06:15+00:00\",\"mainEntityOfPage\":{\"@id\":\"https:\/\/beduka.com\/blog\/exercicios\/geografia-exercicios\/exercicios-sobre-o-oriente-medio\/\"},\"wordCount\":3367,\"commentCount\":0,\"publisher\":{\"@id\":\"https:\/\/beduka.com\/blog\/#organization\"},\"articleSection\":[\"Geografia\",\"Hist\u00f3ria\"],\"inLanguage\":\"pt-BR\",\"potentialAction\":[{\"@type\":\"CommentAction\",\"name\":\"Comment\",\"target\":[\"https:\/\/beduka.com\/blog\/exercicios\/geografia-exercicios\/exercicios-sobre-o-oriente-medio\/#respond\"]}]},{\"@type\":\"WebPage\",\"@id\":\"https:\/\/beduka.com\/blog\/exercicios\/geografia-exercicios\/exercicios-sobre-o-oriente-medio\/\",\"url\":\"https:\/\/beduka.com\/blog\/exercicios\/geografia-exercicios\/exercicios-sobre-o-oriente-medio\/\",\"name\":\"Os 12 Melhores Exerc\u00edcios sobre o Oriente M\u00e9dio (GABARITO)\",\"isPartOf\":{\"@id\":\"https:\/\/beduka.com\/blog\/#website\"},\"datePublished\":\"2021-01-07T20:42:53+00:00\",\"dateModified\":\"2023-09-05T20:06:15+00:00\",\"description\":\"Leia nosso Resumo e coloque seu conhecimento em pr\u00e1tica com os Melhores Exerc\u00edcios sobre o Oriente M\u00e9dio selecionados para voc\u00ea.\",\"breadcrumb\":{\"@id\":\"https:\/\/beduka.com\/blog\/exercicios\/geografia-exercicios\/exercicios-sobre-o-oriente-medio\/#breadcrumb\"},\"inLanguage\":\"pt-BR\",\"potentialAction\":[{\"@type\":\"ReadAction\",\"target\":[\"https:\/\/beduka.com\/blog\/exercicios\/geografia-exercicios\/exercicios-sobre-o-oriente-medio\/\"]}]},{\"@type\":\"BreadcrumbList\",\"@id\":\"https:\/\/beduka.com\/blog\/exercicios\/geografia-exercicios\/exercicios-sobre-o-oriente-medio\/#breadcrumb\",\"itemListElement\":[{\"@type\":\"ListItem\",\"position\":1,\"name\":\"Home\",\"item\":\"https:\/\/beduka.com\/blog\/\"},{\"@type\":\"ListItem\",\"position\":2,\"name\":\"Os 12 melhores exerc\u00edcios sobre o Oriente M\u00e9dio com gabarito.\"}]},{\"@type\":\"WebSite\",\"@id\":\"https:\/\/beduka.com\/blog\/#website\",\"url\":\"https:\/\/beduka.com\/blog\/\",\"name\":\"Blog do Beduka | Mat\u00e9rias resumidas, Dicas e Exerc\u00edcios Enem\",\"description\":\"O Blog do Beduka tem os conte\u00fados que mais caem no Enem, exerc\u00edcios de vestibular com gabarito, resumos, dicas e informa\u00e7\u00f5es Sisu, Prouni e Fies.Encontre dicas para o ENEM, resumos, exerc\u00edcios e informa\u00e7\u00f5es sobre os vestibulares. Acesse agora!\",\"publisher\":{\"@id\":\"https:\/\/beduka.com\/blog\/#organization\"},\"potentialAction\":[{\"@type\":\"SearchAction\",\"target\":{\"@type\":\"EntryPoint\",\"urlTemplate\":\"https:\/\/beduka.com\/blog\/?s={search_term_string}\"},\"query-input\":\"required name=search_term_string\"}],\"inLanguage\":\"pt-BR\"},{\"@type\":\"Organization\",\"@id\":\"https:\/\/beduka.com\/blog\/#organization\",\"name\":\"Beduka\",\"url\":\"https:\/\/beduka.com\/blog\/\",\"logo\":{\"@type\":\"ImageObject\",\"inLanguage\":\"pt-BR\",\"@id\":\"https:\/\/beduka.com\/blog\/#\/schema\/logo\/image\/\",\"url\":\"https:\/\/beduka.com\/blog\/wp-content\/uploads\/2020\/06\/marca-beduka.png\",\"contentUrl\":\"https:\/\/beduka.com\/blog\/wp-content\/uploads\/2020\/06\/marca-beduka.png\",\"width\":1077,\"height\":368,\"caption\":\"Beduka\"},\"image\":{\"@id\":\"https:\/\/beduka.com\/blog\/#\/schema\/logo\/image\/\"},\"sameAs\":[\"https:\/\/www.facebook.com\/beduka.buscadordefaculdades\/\",\"https:\/\/www.instagram.com\/beduka_oficial\/\",\"https:\/\/www.linkedin.com\/company\/beduka\",\"https:\/\/br.pinterest.com\/bedukaoficial\/\",\"https:\/\/www.youtube.com\/beduka\"]},{\"@type\":\"Person\",\"@id\":\"https:\/\/beduka.com\/blog\/#\/schema\/person\/325d912d2cb8dd9ede8ab291427d2b8a\",\"name\":\"Reda\u00e7\u00e3o Beduka (a)\",\"image\":{\"@type\":\"ImageObject\",\"inLanguage\":\"pt-BR\",\"@id\":\"https:\/\/beduka.com\/blog\/#\/schema\/person\/image\/\",\"url\":\"https:\/\/secure.gravatar.com\/avatar\/6f58a181ef24e0dc0bb73f096aa0f8b5?s=96&d=mm&r=g\",\"contentUrl\":\"https:\/\/secure.gravatar.com\/avatar\/6f58a181ef24e0dc0bb73f096aa0f8b5?s=96&d=mm&r=g\",\"caption\":\"Reda\u00e7\u00e3o Beduka (a)\"},\"description\":\"Este conte\u00fado foi criado e validado por uma equipe multidisciplinar, formada por especialistas em cada \u00e1rea do conhecimento. O Beduka est\u00e1 presente no Instagram, YouTube, LinkedIn e em diversos outros ambientes digitais. O site foi criado em 2017 e, desde a sua funda\u00e7\u00e3o, atua para fornecer materiais de qualidade para facilitar a vida de estudantes de todo o Brasil, ajudando-os a se preparar para os principais vestibulares e o Enem.\",\"sameAs\":[\"https:\/\/www.facebook.com\/beduka.buscadordefaculdades\",\"https:\/\/www.instagram.com\/beduka_oficial\/\",\"https:\/\/br.pinterest.com\/bedukaoficial\/\"],\"url\":\"https:\/\/beduka.com\/blog\/author\/admin\/\"}]}<\/script>\n<!-- \/ Yoast SEO plugin. -->","yoast_head_json":{"title":"Os 12 Melhores Exerc\u00edcios sobre o Oriente M\u00e9dio (GABARITO)","description":"Leia nosso Resumo e coloque seu conhecimento em pr\u00e1tica com os Melhores Exerc\u00edcios sobre o Oriente M\u00e9dio selecionados para voc\u00ea.","robots":{"index":"index","follow":"follow","max-snippet":"max-snippet:-1","max-image-preview":"max-image-preview:large","max-video-preview":"max-video-preview:-1"},"canonical":"https:\/\/beduka.com\/blog\/exercicios\/geografia-exercicios\/exercicios-sobre-o-oriente-medio\/","og_locale":"pt_BR","og_type":"article","og_title":"Os 12 Melhores Exerc\u00edcios sobre o Oriente M\u00e9dio (GABARITO)","og_description":"Leia nosso Resumo e coloque seu conhecimento em pr\u00e1tica com os Melhores Exerc\u00edcios sobre o Oriente M\u00e9dio selecionados para voc\u00ea.","og_url":"https:\/\/beduka.com\/blog\/exercicios\/geografia-exercicios\/exercicios-sobre-o-oriente-medio\/","og_site_name":"Blog do Beduka | Mat\u00e9rias resumidas, Dicas e Exerc\u00edcios Enem","article_publisher":"https:\/\/www.facebook.com\/beduka.buscadordefaculdades\/","article_author":"https:\/\/www.facebook.com\/beduka.buscadordefaculdades","article_published_time":"2021-01-07T20:42:53+00:00","article_modified_time":"2023-09-05T20:06:15+00:00","og_image":[{"width":600,"height":300,"url":"https:\/\/beduka.com\/blog\/wp-content\/uploads\/2021\/01\/Os-10-melhores-exerc\u00edcios-sobre-o-Oriente-M\u00e9dio.jpg","type":"image\/jpeg"}],"author":"Reda\u00e7\u00e3o Beduka (a)","twitter_card":"summary_large_image","twitter_misc":{"Escrito por":"Reda\u00e7\u00e3o Beduka (a)","Est. tempo de leitura":"17 minutos"},"schema":{"@context":"https:\/\/schema.org","@graph":[{"@type":"Article","@id":"https:\/\/beduka.com\/blog\/exercicios\/geografia-exercicios\/exercicios-sobre-o-oriente-medio\/#article","isPartOf":{"@id":"https:\/\/beduka.com\/blog\/exercicios\/geografia-exercicios\/exercicios-sobre-o-oriente-medio\/"},"author":{"name":"Reda\u00e7\u00e3o Beduka (a)","@id":"https:\/\/beduka.com\/blog\/#\/schema\/person\/325d912d2cb8dd9ede8ab291427d2b8a"},"headline":"Os 12 melhores exerc\u00edcios sobre o Oriente M\u00e9dio com gabarito.","datePublished":"2021-01-07T20:42:53+00:00","dateModified":"2023-09-05T20:06:15+00:00","mainEntityOfPage":{"@id":"https:\/\/beduka.com\/blog\/exercicios\/geografia-exercicios\/exercicios-sobre-o-oriente-medio\/"},"wordCount":3367,"commentCount":0,"publisher":{"@id":"https:\/\/beduka.com\/blog\/#organization"},"articleSection":["Geografia","Hist\u00f3ria"],"inLanguage":"pt-BR","potentialAction":[{"@type":"CommentAction","name":"Comment","target":["https:\/\/beduka.com\/blog\/exercicios\/geografia-exercicios\/exercicios-sobre-o-oriente-medio\/#respond"]}]},{"@type":"WebPage","@id":"https:\/\/beduka.com\/blog\/exercicios\/geografia-exercicios\/exercicios-sobre-o-oriente-medio\/","url":"https:\/\/beduka.com\/blog\/exercicios\/geografia-exercicios\/exercicios-sobre-o-oriente-medio\/","name":"Os 12 Melhores Exerc\u00edcios sobre o Oriente M\u00e9dio (GABARITO)","isPartOf":{"@id":"https:\/\/beduka.com\/blog\/#website"},"datePublished":"2021-01-07T20:42:53+00:00","dateModified":"2023-09-05T20:06:15+00:00","description":"Leia nosso Resumo e coloque seu conhecimento em pr\u00e1tica com os Melhores Exerc\u00edcios sobre o Oriente M\u00e9dio selecionados para voc\u00ea.","breadcrumb":{"@id":"https:\/\/beduka.com\/blog\/exercicios\/geografia-exercicios\/exercicios-sobre-o-oriente-medio\/#breadcrumb"},"inLanguage":"pt-BR","potentialAction":[{"@type":"ReadAction","target":["https:\/\/beduka.com\/blog\/exercicios\/geografia-exercicios\/exercicios-sobre-o-oriente-medio\/"]}]},{"@type":"BreadcrumbList","@id":"https:\/\/beduka.com\/blog\/exercicios\/geografia-exercicios\/exercicios-sobre-o-oriente-medio\/#breadcrumb","itemListElement":[{"@type":"ListItem","position":1,"name":"Home","item":"https:\/\/beduka.com\/blog\/"},{"@type":"ListItem","position":2,"name":"Os 12 melhores exerc\u00edcios sobre o Oriente M\u00e9dio com gabarito."}]},{"@type":"WebSite","@id":"https:\/\/beduka.com\/blog\/#website","url":"https:\/\/beduka.com\/blog\/","name":"Blog do Beduka | Mat\u00e9rias resumidas, Dicas e Exerc\u00edcios Enem","description":"O Blog do Beduka tem os conte\u00fados que mais caem no Enem, exerc\u00edcios de vestibular com gabarito, resumos, dicas e informa\u00e7\u00f5es Sisu, Prouni e Fies.Encontre dicas para o ENEM, resumos, exerc\u00edcios e informa\u00e7\u00f5es sobre os vestibulares. Acesse agora!","publisher":{"@id":"https:\/\/beduka.com\/blog\/#organization"},"potentialAction":[{"@type":"SearchAction","target":{"@type":"EntryPoint","urlTemplate":"https:\/\/beduka.com\/blog\/?s={search_term_string}"},"query-input":"required name=search_term_string"}],"inLanguage":"pt-BR"},{"@type":"Organization","@id":"https:\/\/beduka.com\/blog\/#organization","name":"Beduka","url":"https:\/\/beduka.com\/blog\/","logo":{"@type":"ImageObject","inLanguage":"pt-BR","@id":"https:\/\/beduka.com\/blog\/#\/schema\/logo\/image\/","url":"https:\/\/beduka.com\/blog\/wp-content\/uploads\/2020\/06\/marca-beduka.png","contentUrl":"https:\/\/beduka.com\/blog\/wp-content\/uploads\/2020\/06\/marca-beduka.png","width":1077,"height":368,"caption":"Beduka"},"image":{"@id":"https:\/\/beduka.com\/blog\/#\/schema\/logo\/image\/"},"sameAs":["https:\/\/www.facebook.com\/beduka.buscadordefaculdades\/","https:\/\/www.instagram.com\/beduka_oficial\/","https:\/\/www.linkedin.com\/company\/beduka","https:\/\/br.pinterest.com\/bedukaoficial\/","https:\/\/www.youtube.com\/beduka"]},{"@type":"Person","@id":"https:\/\/beduka.com\/blog\/#\/schema\/person\/325d912d2cb8dd9ede8ab291427d2b8a","name":"Reda\u00e7\u00e3o Beduka (a)","image":{"@type":"ImageObject","inLanguage":"pt-BR","@id":"https:\/\/beduka.com\/blog\/#\/schema\/person\/image\/","url":"https:\/\/secure.gravatar.com\/avatar\/6f58a181ef24e0dc0bb73f096aa0f8b5?s=96&d=mm&r=g","contentUrl":"https:\/\/secure.gravatar.com\/avatar\/6f58a181ef24e0dc0bb73f096aa0f8b5?s=96&d=mm&r=g","caption":"Reda\u00e7\u00e3o Beduka (a)"},"description":"Este conte\u00fado foi criado e validado por uma equipe multidisciplinar, formada por especialistas em cada \u00e1rea do conhecimento. O Beduka est\u00e1 presente no Instagram, YouTube, LinkedIn e em diversos outros ambientes digitais. O site foi criado em 2017 e, desde a sua funda\u00e7\u00e3o, atua para fornecer materiais de qualidade para facilitar a vida de estudantes de todo o Brasil, ajudando-os a se preparar para os principais vestibulares e o Enem.","sameAs":["https:\/\/www.facebook.com\/beduka.buscadordefaculdades","https:\/\/www.instagram.com\/beduka_oficial\/","https:\/\/br.pinterest.com\/bedukaoficial\/"],"url":"https:\/\/beduka.com\/blog\/author\/admin\/"}]}},"_links":{"self":[{"href":"https:\/\/beduka.com\/blog\/wp-json\/wp\/v2\/posts\/19506"}],"collection":[{"href":"https:\/\/beduka.com\/blog\/wp-json\/wp\/v2\/posts"}],"about":[{"href":"https:\/\/beduka.com\/blog\/wp-json\/wp\/v2\/types\/post"}],"author":[{"embeddable":true,"href":"https:\/\/beduka.com\/blog\/wp-json\/wp\/v2\/users\/1"}],"replies":[{"embeddable":true,"href":"https:\/\/beduka.com\/blog\/wp-json\/wp\/v2\/comments?post=19506"}],"version-history":[{"count":5,"href":"https:\/\/beduka.com\/blog\/wp-json\/wp\/v2\/posts\/19506\/revisions"}],"predecessor-version":[{"id":30715,"href":"https:\/\/beduka.com\/blog\/wp-json\/wp\/v2\/posts\/19506\/revisions\/30715"}],"wp:featuredmedia":[{"embeddable":true,"href":"https:\/\/beduka.com\/blog\/wp-json\/wp\/v2\/media\/19507"}],"wp:attachment":[{"href":"https:\/\/beduka.com\/blog\/wp-json\/wp\/v2\/media?parent=19506"}],"wp:term":[{"taxonomy":"category","embeddable":true,"href":"https:\/\/beduka.com\/blog\/wp-json\/wp\/v2\/categories?post=19506"},{"taxonomy":"post_tag","embeddable":true,"href":"https:\/\/beduka.com\/blog\/wp-json\/wp\/v2\/tags?post=19506"}],"curies":[{"name":"wp","href":"https:\/\/api.w.org\/{rel}","templated":true}]}}