{"id":20272,"date":"2021-03-09T08:32:22","date_gmt":"2021-03-09T11:32:22","guid":{"rendered":"https:\/\/beduka.com\/blog\/?p=20272"},"modified":"2021-03-09T08:32:25","modified_gmt":"2021-03-09T11:32:25","slug":"figuras-de-pensamento","status":"publish","type":"post","link":"https:\/\/beduka.com\/blog\/materias\/portugues\/figuras-de-pensamento\/","title":{"rendered":"Quais s\u00e3o as Figuras de pensamento: defini\u00e7\u00e3o e exemplos!"},"content":{"rendered":"\n<p>As figuras de pensamento s\u00e3o um grupo de figuras de linguagem cujo foco \u00e9 criar uma ideia que vai al\u00e9m do sentido original. H\u00e1 9 delas: Ironia, Ant\u00edtese, Paradoxo, Eufemismo, Hip\u00e9rbole, Prosopopeia ou Personifica\u00e7\u00e3o, Ap\u00f3strofe, Litote e Grada\u00e7\u00e3o. Cada uma delas \u00e9 usada para gerar um efeito diferente, dependendo da inten\u00e7\u00e3o do falante.<\/p>\n\n\n\n<p>Neste texto sobre Figuras de pensamento, voc\u00ea encontrar\u00e1 os t\u00f3picos abaixo.<strong>&nbsp;<\/strong><\/p>\n\n\n\n<p><strong>Clique em um deles para ir diretamente ao conte\u00fado!<\/strong><\/p>\n\n\n\n<ol><li><a href=\"#1\">Introdu\u00e7\u00e3o: o que s\u00e3o Figuras de Linguagem<\/a>?<\/li><li><a href=\"#2\">Tipos de Figura de Linguagem<\/a>.<\/li><li><a href=\"#3\">O que s\u00e3o Figuras de Pensamento<\/a>?<\/li><li><a href=\"#4\">Quais s\u00e3o as Figuras de Pensamento<\/a>:\u00a0<\/li><li><a href=\"#5\">Prosopopeia.<\/a><\/li><li><a href=\"#6\">Eufemismo<\/a>.<\/li><li><a href=\"#7\">Hip\u00e9rbole<\/a>.<\/li><li><a href=\"#8\">Litote<\/a>.<\/li><li><a href=\"#9\">Grada\u00e7\u00e3o<\/a>.<\/li><li><a href=\"#10\">Paradoxo<\/a>.<\/li><li><a href=\"#11\">Ant\u00edtese<\/a>.<\/li><li><a href=\"#12\">Ironia<\/a>.<\/li><li><a href=\"#13\">Ap\u00f3strofe<\/a>.<\/li><\/ol>\n\n\n\n<h2 class=\"wp-block-heading\" id=\"1\">Introdu\u00e7\u00e3o: o que s\u00e3o figuras de linguagem?<\/h2>\n\n\n\n<p>As Figuras de Linguagem, tamb\u00e9m conhecidas como Figuras de Estilo, s\u00e3o <strong>recursos que podemos usar durante a comunica\u00e7\u00e3o<\/strong>.&nbsp;<\/p>\n\n\n\n<p>Eles s\u00e3o chamados de \u201cestil\u00edsticas\u201d porque s\u00e3o usados para dar <strong>\u00eanfase a alguns aspectos<\/strong> e tornar a comunica\u00e7\u00e3o mais expressiva. Ent\u00e3o podem ter diversos usos dependendo do estilo e da inten\u00e7\u00e3o do falante.<\/p>\n\n\n\n<ul><li><strong>Estudando para as provas?<\/strong> Conhe\u00e7a <a rel=\"noreferrer noopener\" href=\"https:\/\/beduka.com\/blog\/dicas\/enem-dicas\/simulados-para-enem-online-e-gratuito\/\" target=\"_blank\">O melhor Simulado do Brasil!<\/a> Ele pode ser personalizado com as mat\u00e9rias que voc\u00ea mais precisa!<\/li><\/ul>\n\n\n\n<h3 class=\"wp-block-heading\" id=\"2\">Quais os tipos de figuras de linguagem?<\/h3>\n\n\n\n<p>A linguagem \u00e9 entendida como qualquer sistema de s\u00edmbolos e c\u00f3digos usados para expressar ideias e sentimentos (comunica\u00e7\u00e3o). Por isso, entendemos que ela tem origem no pensamento.<\/p>\n\n\n\n<p>Assim, \u00e9 poss\u00edvel express\u00e1-la com diferentes recursos que d\u00e3o <strong>ideia de ir al\u00e9m do literal. <\/strong>H\u00e1 <strong>4 formas<\/strong> de us\u00e1-los:<\/p>\n\n\n\n<ul><li>Figuras de Palavras (subvertem os significados).<\/li><li>Figuras de Sintaxe ou Constru\u00e7\u00e3o (mudam as rela\u00e7\u00f5es sint\u00e1ticas).<\/li><li>Figuras de Som ou Harmonia (geram efeitos sonoros).<\/li><li>Figuras de Pensamento (mudam o sentido).&nbsp;<\/li><\/ul>\n\n\n\n<p>S\u00e3o mais de 200 resumos gratuitos no <a href=\"https:\/\/www.instagram.com\/beduka_oficial\/?hl=pt\" target=\"_blank\" rel=\"noreferrer noopener\">Instagram do Beduka<\/a>. Aproveite!<\/p>\n\n\n\n<h2 class=\"wp-block-heading\" id=\"3\">O que s\u00e3o Figuras de pensamento?<\/h2>\n\n\n\n<p>As Figuras de Pensamento s\u00e3o uma categoria de Figura de Linguagem. Elas s\u00e3o usadas quando queremos <strong>dar \u00eanfase a uma ideia<\/strong>.&nbsp;<\/p>\n\n\n\n<p>Para isso, usamos uma <strong>forma de se expressar que muda a sem\u00e2ntica (sentido) das palavras<\/strong>, seja para aumentar ou diminuir o impacto que a mensagem produz. Por isso, o sentido \u00e9 entendido no pensamento de quem recebeu a mensagem, n\u00e3o na palavra.&nbsp;<\/p>\n\n\n\n<p>Assim, a principal caracter\u00edstica das Figuras de Pensamento costuma ser o <strong>sentido conotativo<\/strong>. Isso significa que n\u00e3o \u00e9 literal, mas \u00e9 <strong>figurativo e simb\u00f3lico.&nbsp;<\/strong><\/p>\n\n\n\n<p>Estamos falando da sugest\u00e3o de uma ideia, ap\u00f3s ser motivada pela linguagem. Ent\u00e3o a mudan\u00e7a de sentido n\u00e3o est\u00e1 no uso de uma palavra, mas come\u00e7ou a ser gerada no pensamento de quem falou e de quem recebeu.<\/p>\n\n\n\n<p>Nessas figuras, as palavras n\u00e3o ganham novos significados, o que acontece \u00e9 um jogo de estilo. \u00c9 o modo de organizar as coisas em certo contexto que cria uma rela\u00e7\u00e3o que vai al\u00e9m do literal. Assim, n\u00f3s interpretamos a ideia de uma forma ambientada.<\/p>\n\n\n\n<h3 class=\"wp-block-heading\" id=\"4\">Quais s\u00e3o as Figuras de Pensamento?<\/h3>\n\n\n\n<div class=\"wp-block-image\"><figure class=\"aligncenter size-large\"><img decoding=\"async\" loading=\"lazy\" width=\"600\" height=\"700\" src=\"https:\/\/beduka.com\/blog\/wp-content\/uploads\/2021\/03\/resumo-infografico-esquema-figuras-de-linguagem-e-quais-sao-as-figuras-de-pensamento-paradoxo-prosopopeia-ou-personificacao-litote-eufesmismo-hiperbole-antintese-gradacao-ou-climax-ironia-apostrofe.jpg\" alt=\"resumo infografico esquema figuras de linguagem e quais sao as figuras de pensamento paradoxo prosopopeia ou personifica\u00e7ao litote eufesmismo hiperbole antintese grada\u00e7ao ou climax ironia apostrofe\" class=\"wp-image-20274\" srcset=\"https:\/\/beduka.com\/blog\/wp-content\/uploads\/2021\/03\/resumo-infografico-esquema-figuras-de-linguagem-e-quais-sao-as-figuras-de-pensamento-paradoxo-prosopopeia-ou-personificacao-litote-eufesmismo-hiperbole-antintese-gradacao-ou-climax-ironia-apostrofe.jpg 600w, https:\/\/beduka.com\/blog\/wp-content\/uploads\/2021\/03\/resumo-infografico-esquema-figuras-de-linguagem-e-quais-sao-as-figuras-de-pensamento-paradoxo-prosopopeia-ou-personificacao-litote-eufesmismo-hiperbole-antintese-gradacao-ou-climax-ironia-apostrofe-257x300.jpg 257w, https:\/\/beduka.com\/blog\/wp-content\/uploads\/2021\/03\/resumo-infografico-esquema-figuras-de-linguagem-e-quais-sao-as-figuras-de-pensamento-paradoxo-prosopopeia-ou-personificacao-litote-eufesmismo-hiperbole-antintese-gradacao-ou-climax-ironia-apostrofe-320x373.jpg 320w\" sizes=\"(max-width: 600px) 100vw, 600px\" \/><\/figure><\/div>\n\n\n\n<p>H\u00e1 9 figuras de pensamento. S\u00e3o elas:<\/p>\n\n\n\n<ul><li>Personifica\u00e7\u00e3o ou Prosopopeia.<\/li><li>Eufemismo.<\/li><li>Hip\u00e9rbole.<\/li><li>Litote.<\/li><li>Grada\u00e7\u00e3o.<\/li><li>Paradoxo.<\/li><li>Ant\u00edtese.<\/li><li>Ironia.<\/li><li>Ap\u00f3strofe.<\/li><\/ul>\n\n\n\n<p>Vamos <strong>entender o conceito e ver o exemplo<\/strong> de cada uma delas:<\/p>\n\n\n\n<h2 class=\"wp-block-heading\" id=\"5\">Prosopopeia ou Personifica\u00e7\u00e3o<\/h2>\n\n\n\n<p>Essa figura \u00e9 usada quando atribu\u00edmos uma a\u00e7\u00e3o, sentimento ou qualidade humana a seres n\u00e3o-humanos (objetos, animais, etc.).<\/p>\n\n\n\n<p><strong>Exemplo:<\/strong><\/p>\n\n\n\n<blockquote class=\"wp-block-quote\"><p>\u201cO vento <span style=\"text-decoration: underline;\">assobiou<\/span> esta noite e eu senti arrepios.\u201d<\/p><\/blockquote>\n\n\n\n<p>N\u00f3s sabemos que o vento (ser inanimado) n\u00e3o tem boca ou l\u00edngua para assobiar. Por\u00e9m, usamos essa palavra porque a vibra\u00e7\u00e3o que seu movimento causa \u00e9 semelhante ao som de um assobio humano.&nbsp;<\/p>\n\n\n\n<h2 class=\"wp-block-heading\" id=\"6\">Eufemismo<\/h2>\n\n\n\n<p>Acontece quando usamos uma express\u00e3o para atenuar (n\u00e3o modificar, mas amenizar) o sentido original das coisas. \u00c9 uma figura de pensamento usada quando a inten\u00e7\u00e3o \u00e9 ser sutil e delicado ao falar.<\/p>\n\n\n\n<p><strong>Exemplo:<\/strong><\/p>\n\n\n\n<blockquote class=\"wp-block-quote\"><p>\u201cSeu vov\u00f4 <span style=\"text-decoration: underline;\">virou estrelinha.<\/span>\u201d<\/p><\/blockquote>\n\n\n\n<p>Os adultos sabem que as pessoas morrem, mas muitos deles t\u00eam medo de falar dessa forma com os filhos. Por isso, recorrem ao uso do eufemismo para passar a mensagem da morte de forma sutil.<\/p>\n\n\n\n<h2 class=\"wp-block-heading\" id=\"7\">Hip\u00e9rbole ou Auxese<\/h2>\n\n\n\n<p>Acontece quando o falante ou escritor aumenta exageradamente o sentido de algo. Essa figura de pensamento \u00e9 usada para causar impacto em quem escuta ou l\u00ea.&nbsp;<\/p>\n\n\n\n<p><strong>Exemplo:&nbsp;<\/strong><\/p>\n\n\n\n<blockquote class=\"wp-block-quote\"><p>\u201cKarla marcou comigo \u00e0s 14:00, me deixou <span style=\"text-decoration: underline;\">esperando mil anos<\/span> e n\u00e3o apareceu\u201d.<\/p><\/blockquote>\n\n\n\n<p>Sabemos que \u00e9 imposs\u00edvel um ser humano viver e esperar algu\u00e9m por mil anos. Por isso, a palavra foi usada para dar o sentido de que foi muito tempo aguardando a outra.<\/p>\n\n\n\n<h2 class=\"wp-block-heading\" id=\"8\">Litote<\/h2>\n\n\n\n<p>\u00c9 uma figura de linguagem usada para amenizar um sentido, mas isso \u00e9 feito negando o contr\u00e1rio do fato.&nbsp;<\/p>\n\n\n\n<p><strong>Exemplo:<\/strong><\/p>\n\n\n\n<blockquote class=\"wp-block-quote\"><p>\u201cEssa viagem <span style=\"text-decoration: underline;\">n\u00e3o foi legal<\/span>\u201d.<\/p><\/blockquote>\n\n\n\n<p>Observe que o falante quis dizer que a viagem foi chata, mas ele poderia ser considerado grosseiro por falar explicitamente assim. Ent\u00e3o, negou (usou o \u201cn\u00e3o\u201d) o contr\u00e1rio (\u201clegal\u201d \u00e9 o contr\u00e1rio de \u201cchato\u201d).&nbsp;<\/p>\n\n\n\n<h2 class=\"wp-block-heading\" id=\"9\">Grada\u00e7\u00e3o ou Cl\u00edmax<\/h2>\n\n\n\n<p>Na figura da Grada\u00e7\u00e3o, h\u00e1 uma sequ\u00eancia de termos que est\u00e3o <strong>dispostos em uma ordem significativa<\/strong>, hier\u00e1rquica (crescente ou decrescente). Ent\u00e3o, os elementos n\u00e3o foram colocados aleatoriamente, mas \u00e9 essa disposi\u00e7\u00e3o que passa a ideia pretendida.<\/p>\n\n\n\n<p><strong>Exemplo:&nbsp;<\/strong><\/p>\n\n\n\n<blockquote class=\"wp-block-quote\"><p>\u201cO chef chegou, sentou na cadeira, franziu o cenho, cerrou os dentes, bateu a m\u00e3o na mesa e gritou que despediria todos\u201d.<\/p><\/blockquote>\n\n\n\n<p>Repare na imagem que essa frase faz surgir na nossa mente. \u00c9 como se passasse um filme pelo pensamento, em que as cenas v\u00e3o crescendo em tens\u00e3o.&nbsp;<\/p>\n\n\n\n<p>Tudo come\u00e7a normal mas v\u00e3o aparecendo sinais de que a coisa n\u00e3o est\u00e1 bem. Ao final, o <strong>cl\u00edmax <\/strong>\u00e9 atingido: despedir, um ato intenso.<\/p>\n\n\n\n<p>Se a grada\u00e7\u00e3o for decrescente, chamamos de \u201c<strong>anticl\u00edmax<\/strong>\u201d.<\/p>\n\n\n\n<p><strong>Exemplo:<\/strong><\/p>\n\n\n\n<blockquote class=\"wp-block-quote\"><p>\u201cN\u00e3o me beijava mais, fugia dos meus abra\u00e7os, desviava o olhar e agora n\u00e3o fica nem perto\u201d.<\/p><\/blockquote>\n\n\n\n<p>Observe que, ao ler essa descri\u00e7\u00e3o, sentimos que o afeto entre o casal foi diminuindo gradativamente. Portanto, chegamos ao anticl\u00edmax.<\/p>\n\n\n\n<h2 class=\"wp-block-heading\" id=\"10\">Paradoxo ou Oximoro<\/h2>\n\n\n\n<p>O paradoxo \u00e9 o uso de sentidos contr\u00e1rios, aparentemente absurdos, mas que caminham para compor uma mesma ideia.<\/p>\n\n\n\n<p><strong>Exemplo: <\/strong>soneto de Lu\u00eds de Cam\u00f5es.<\/p>\n\n\n\n<blockquote class=\"wp-block-quote\"><p><strong>Amor \u00e9 um fogo que arde sem se ver<\/strong><\/p><p><\/p><p>Amor \u00e9 um fogo que arde sem se ver,<\/p><p>\u00c9 ferida que d\u00f3i, e n\u00e3o se sente;<\/p><p>\u00c9 um contentamento descontente,<\/p><p>\u00c9 dor que desatina sem doer.<\/p><p><\/p><p>\u00c9 um n\u00e3o querer mais que bem querer;<\/p><p>\u00c9 um andar solit\u00e1rio entre a gente;<\/p><p>\u00c9 nunca contentar-se de contente;<\/p><p>\u00c9 um cuidar que ganha em se perder.<\/p><p><\/p><p>\u00c9 querer estar preso por vontade;<\/p><p>\u00c9 servir a quem vence, o vencedor;<\/p><p>\u00c9 ter com quem nos mata, lealdade.<\/p><p><\/p><p>Mas como causar pode seu favor<\/p><p>Nos cora\u00e7\u00f5es humanos amizade,<\/p><p>Se t\u00e3o contr\u00e1rio a si \u00e9 o mesmo Amor?<\/p><\/blockquote>\n\n\n\n<p><strong>Todo esse soneto est\u00e1 recheado de paradoxos<\/strong>. Ele utiliza ideias contradit\u00f3rias e que, ao mesmo tempo, unem-se para dar significado a uma s\u00f3 coisa: o amor.<\/p>\n\n\n\n<p>Como poderia haver uma ferida que n\u00e3o d\u00f3i? Note que a palavra \u201cferida\u201d n\u00e3o \u00e9 o oposto da palavra \u201cdoer\u201d. O que h\u00e1 \u00e9 uma <strong>rela\u00e7\u00e3o da ideia<\/strong> para al\u00e9m das palavras, por que na vida sabemos que toda ferida tem como consequ\u00eancia a dor.\u00a0<\/p>\n\n\n\n<p>Portanto, o paradoxo \u00e9 a nega\u00e7\u00e3o da ideia (uma ferida que n\u00e3o d\u00f3i) e que s\u00f3 pode existir porque se refere a uma situa\u00e7\u00e3o, o amor.<\/p>\n\n\n\n<p>O <a href=\"https:\/\/beduka.com\/blog\/materias\/literatura\/resumo-do-classicismo\/\" target=\"_blank\" rel=\"noreferrer noopener\">Classicismo<\/a> \u00e9 um movimento liter\u00e1rio que usava muitos paradoxos.<\/p>\n\n\n\n<h2 class=\"wp-block-heading\" id=\"11\">Ant\u00edtese<\/h2>\n\n\n\n<p>A ant\u00edtese \u00e9 uma figura de pensamento que associa ideias contr\u00e1rias. Ela disp\u00f5e <strong>palavras<\/strong> ou express\u00f5es <strong>opostas para causar contraste.<\/strong><\/p>\n\n\n\n<p><strong>Exemplo:<\/strong><\/p>\n\n\n\n<blockquote class=\"wp-block-quote\"><p>\u201c<span style=\"text-decoration: underline;\">Morrer<\/span> \u00e9 lucro, <span style=\"text-decoration: underline;\">viver<\/span> \u00e9 Cristo\u201d<\/p><\/blockquote>\n\n\n\n<p>Nesta passagem b\u00edblica, S\u00e3o Paulo ap\u00f3stolo usa uma ant\u00edtese para causar contraste. Seu intuito era indicar que a verdadeira vida plena seria imitar o Cristo, ent\u00e3o usou palavras opostas (morrer e viver).<\/p>\n\n\n\n<p>O <a href=\"https:\/\/beduka.com\/blog\/materias\/literatura\/o-que-foi-o-barroco\/\" target=\"_blank\" rel=\"noreferrer noopener\">Barroco<\/a> \u00e9 uma escola liter\u00e1ria com tra\u00e7os religiosos e que tamb\u00e9m usa muito das ant\u00edteses para expressar suas ideias.\u00a0<\/p>\n\n\n\n<h2 class=\"wp-block-heading\" id=\"12\">Ironia<\/h2>\n\n\n\n<p>A Ironia \u00e9 uma figura de pensamento que usa uma palavra querendo dizer o seu contr\u00e1rio. Isso \u00e9 feito para causar um efeito de sarcasmo, ou seja, de dizer algo de maneira maliciosa,&nbsp; cr\u00edtica, ridicularizante ou humor\u00edstica.<\/p>\n\n\n\n<p><strong>Exemplo:<\/strong><\/p>\n\n\n\n<blockquote class=\"wp-block-quote\"><p>\u201cNossa, fulana \u00e9 um <span style=\"text-decoration: underline;\">doce<\/span> mesmo n\u00e9? T\u00edpico dela fazer isso.\u201d<\/p><\/blockquote>\n\n\n\n<p>Se essa frase foi dita em um contexto no qual a fulana fez algo errado ou se escutamos algu\u00e9m dizer isso com um tom de voz impaciente, certamente est\u00e1 sendo ir\u00f4nico.<\/p>\n\n\n\n<p>Isso porque a palavra \u201cdoce\u201d remete a algo prazeroso, mas foi usado para se referir a algo ruim que aconteceu. Portanto, \u00e9 uma ironia.<\/p>\n\n\n\n<h2 class=\"wp-block-heading\" id=\"13\">Ap\u00f3strofe<\/h2>\n\n\n\n<p>Essa figura de linguagem est\u00e1 presente nas express\u00f5es que t\u00eam a fun\u00e7\u00e3o semelhante ao&nbsp; vocativo, ou seja, s\u00e3o usadas para dar a ideia de apelo, pedido, imploro, preocupa\u00e7\u00e3o, emo\u00e7\u00e3o intensa ou desespero.<\/p>\n\n\n\n<p><strong>Exemplo:<\/strong><\/p>\n\n\n\n<blockquote class=\"wp-block-quote\"><p>\u201c<span style=\"text-decoration: underline;\">\u00d3 C\u00e9us!<\/span> Aonde foi parar meu carro?\u201d<\/p><\/blockquote>\n\n\n\n<p>Observe que dizer \u201c\u00d3 c\u00e9us\u201d \u00e9 como clamar o c\u00e9u, onde h\u00e1 seres que podem nos ajudar. Nesse caso, a pessoa n\u00e3o est\u00e1 literalmente chamando o c\u00e9u, mas passando o sentido de que ela est\u00e1 um pouco perdida porque perdeu algo valioso e precisaria de ajuda.<\/p>\n\n\n\n<p><strong>Gostou do nosso artigo sobre Figuras de pensamento?<\/strong> Confira outros artigos do nosso blog e se prepare para o Enem da melhor maneira! Voc\u00ea tamb\u00e9m pode se organizar com o nosso <a href=\"https:\/\/beduka.com\/blog\/dicas\/enem-dicas\/plano-de-estudos-gratuito\/\" target=\"_blank\" rel=\"noreferrer noopener\">plano de estudos<\/a>, o mais completo da internet, e o melhor: totalmente gratuito!<\/p>\n\n\n\n<p><strong>Queremos te ajudar a encontrar a FACULDADE IDEAL!<\/strong> Logo abaixo, fa\u00e7a uma pesquisa por curso e cidade que te mostraremos todas as faculdades que podem te atender. Informamos a nota de corte, valor de mensalidade, nota do MEC, avalia\u00e7\u00e3o dos alunos, modalidades de ensino e muito mais.<\/p>\n\n\n\n<p><strong>Experimente agora!<\/strong><\/p>\n","protected":false},"excerpt":{"rendered":"<p>As figuras de pensamento s\u00e3o um grupo de figuras de linguagem cujo foco \u00e9 criar uma ideia que vai al\u00e9m do sentido original. H\u00e1 9 delas: Ironia, Ant\u00edtese, Paradoxo, Eufemismo, Hip\u00e9rbole, Prosopopeia ou Personifica\u00e7\u00e3o, Ap\u00f3strofe, Litote e Grada\u00e7\u00e3o. Cada uma delas \u00e9 usada para gerar um efeito diferente, dependendo da inten\u00e7\u00e3o do falante. Neste texto [&hellip;]<\/p>\n","protected":false},"author":1,"featured_media":20273,"comment_status":"open","ping_status":"closed","sticky":false,"template":"","format":"standard","meta":{"_mi_skip_tracking":false,"_monsterinsights_sitenote_active":false,"_monsterinsights_sitenote_note":"","_monsterinsights_sitenote_category":0},"categories":[488],"tags":[],"yoast_head":"<!-- This site is optimized with the Yoast SEO plugin v20.10 - https:\/\/yoast.com\/wordpress\/plugins\/seo\/ -->\n<title>As 9 Figuras de Pensamento: o que s\u00e3o, quais s\u00e3o e exemplos!<\/title>\n<meta name=\"description\" content=\"Figuras de Pensamento s\u00e3o as figuras de linguagem que criam uma ideia ao ir al\u00e9m do sentido de uma palavra. Entenda os 9 tipos com exemplos!\" \/>\n<meta name=\"robots\" content=\"index, follow, max-snippet:-1, max-image-preview:large, max-video-preview:-1\" \/>\n<link rel=\"canonical\" href=\"https:\/\/beduka.com\/blog\/materias\/portugues\/figuras-de-pensamento\/\" \/>\n<meta property=\"og:locale\" content=\"pt_BR\" \/>\n<meta property=\"og:type\" content=\"article\" \/>\n<meta property=\"og:title\" content=\"As 9 Figuras de Pensamento: o que s\u00e3o, quais s\u00e3o e exemplos!\" \/>\n<meta property=\"og:description\" content=\"Figuras de Pensamento s\u00e3o as figuras de linguagem que criam uma ideia ao ir al\u00e9m do sentido de uma palavra. Entenda os 9 tipos com exemplos!\" \/>\n<meta property=\"og:url\" content=\"https:\/\/beduka.com\/blog\/materias\/portugues\/figuras-de-pensamento\/\" \/>\n<meta property=\"og:site_name\" content=\"Blog do Beduka | Mat\u00e9rias resumidas, Dicas e Exerc\u00edcios Enem\" \/>\n<meta property=\"article:publisher\" content=\"https:\/\/www.facebook.com\/beduka.buscadordefaculdades\/\" \/>\n<meta property=\"article:author\" content=\"https:\/\/www.facebook.com\/beduka.buscadordefaculdades\" \/>\n<meta property=\"article:published_time\" content=\"2021-03-09T11:32:22+00:00\" \/>\n<meta property=\"article:modified_time\" content=\"2021-03-09T11:32:25+00:00\" \/>\n<meta property=\"og:image\" content=\"https:\/\/beduka.com\/blog\/wp-content\/uploads\/2021\/03\/Descubra-quais-sao-as-Figuras-de-Pensamento-e-como-usa-las.jpg\" \/>\n\t<meta property=\"og:image:width\" content=\"609\" \/>\n\t<meta property=\"og:image:height\" content=\"342\" \/>\n\t<meta property=\"og:image:type\" content=\"image\/jpeg\" \/>\n<meta name=\"author\" content=\"Reda\u00e7\u00e3o Beduka (a)\" \/>\n<meta name=\"twitter:card\" content=\"summary_large_image\" \/>\n<meta name=\"twitter:label1\" content=\"Escrito por\" \/>\n\t<meta name=\"twitter:data1\" content=\"Reda\u00e7\u00e3o Beduka (a)\" \/>\n\t<meta name=\"twitter:label2\" content=\"Est. tempo de leitura\" \/>\n\t<meta name=\"twitter:data2\" content=\"8 minutos\" \/>\n<script type=\"application\/ld+json\" class=\"yoast-schema-graph\">{\"@context\":\"https:\/\/schema.org\",\"@graph\":[{\"@type\":\"Article\",\"@id\":\"https:\/\/beduka.com\/blog\/materias\/portugues\/figuras-de-pensamento\/#article\",\"isPartOf\":{\"@id\":\"https:\/\/beduka.com\/blog\/materias\/portugues\/figuras-de-pensamento\/\"},\"author\":{\"name\":\"Reda\u00e7\u00e3o Beduka (a)\",\"@id\":\"https:\/\/beduka.com\/blog\/#\/schema\/person\/325d912d2cb8dd9ede8ab291427d2b8a\"},\"headline\":\"Quais s\u00e3o as Figuras de pensamento: defini\u00e7\u00e3o e exemplos!\",\"datePublished\":\"2021-03-09T11:32:22+00:00\",\"dateModified\":\"2021-03-09T11:32:25+00:00\",\"mainEntityOfPage\":{\"@id\":\"https:\/\/beduka.com\/blog\/materias\/portugues\/figuras-de-pensamento\/\"},\"wordCount\":1665,\"commentCount\":0,\"publisher\":{\"@id\":\"https:\/\/beduka.com\/blog\/#organization\"},\"articleSection\":[\"Portugu\u00eas\"],\"inLanguage\":\"pt-BR\",\"potentialAction\":[{\"@type\":\"CommentAction\",\"name\":\"Comment\",\"target\":[\"https:\/\/beduka.com\/blog\/materias\/portugues\/figuras-de-pensamento\/#respond\"]}]},{\"@type\":\"WebPage\",\"@id\":\"https:\/\/beduka.com\/blog\/materias\/portugues\/figuras-de-pensamento\/\",\"url\":\"https:\/\/beduka.com\/blog\/materias\/portugues\/figuras-de-pensamento\/\",\"name\":\"As 9 Figuras de Pensamento: o que s\u00e3o, quais s\u00e3o e exemplos!\",\"isPartOf\":{\"@id\":\"https:\/\/beduka.com\/blog\/#website\"},\"datePublished\":\"2021-03-09T11:32:22+00:00\",\"dateModified\":\"2021-03-09T11:32:25+00:00\",\"description\":\"Figuras de Pensamento s\u00e3o as figuras de linguagem que criam uma ideia ao ir al\u00e9m do sentido de uma palavra. Entenda os 9 tipos com exemplos!\",\"breadcrumb\":{\"@id\":\"https:\/\/beduka.com\/blog\/materias\/portugues\/figuras-de-pensamento\/#breadcrumb\"},\"inLanguage\":\"pt-BR\",\"potentialAction\":[{\"@type\":\"ReadAction\",\"target\":[\"https:\/\/beduka.com\/blog\/materias\/portugues\/figuras-de-pensamento\/\"]}]},{\"@type\":\"BreadcrumbList\",\"@id\":\"https:\/\/beduka.com\/blog\/materias\/portugues\/figuras-de-pensamento\/#breadcrumb\",\"itemListElement\":[{\"@type\":\"ListItem\",\"position\":1,\"name\":\"Home\",\"item\":\"https:\/\/beduka.com\/blog\/\"},{\"@type\":\"ListItem\",\"position\":2,\"name\":\"Quais s\u00e3o as Figuras de pensamento: defini\u00e7\u00e3o e exemplos!\"}]},{\"@type\":\"WebSite\",\"@id\":\"https:\/\/beduka.com\/blog\/#website\",\"url\":\"https:\/\/beduka.com\/blog\/\",\"name\":\"Blog do Beduka | Mat\u00e9rias resumidas, Dicas e Exerc\u00edcios Enem\",\"description\":\"O Blog do Beduka tem os conte\u00fados que mais caem no Enem, exerc\u00edcios de vestibular com gabarito, resumos, dicas e informa\u00e7\u00f5es Sisu, Prouni e Fies.Encontre dicas para o ENEM, resumos, exerc\u00edcios e informa\u00e7\u00f5es sobre os vestibulares. Acesse agora!\",\"publisher\":{\"@id\":\"https:\/\/beduka.com\/blog\/#organization\"},\"potentialAction\":[{\"@type\":\"SearchAction\",\"target\":{\"@type\":\"EntryPoint\",\"urlTemplate\":\"https:\/\/beduka.com\/blog\/?s={search_term_string}\"},\"query-input\":\"required name=search_term_string\"}],\"inLanguage\":\"pt-BR\"},{\"@type\":\"Organization\",\"@id\":\"https:\/\/beduka.com\/blog\/#organization\",\"name\":\"Beduka\",\"url\":\"https:\/\/beduka.com\/blog\/\",\"logo\":{\"@type\":\"ImageObject\",\"inLanguage\":\"pt-BR\",\"@id\":\"https:\/\/beduka.com\/blog\/#\/schema\/logo\/image\/\",\"url\":\"https:\/\/beduka.com\/blog\/wp-content\/uploads\/2020\/06\/marca-beduka.png\",\"contentUrl\":\"https:\/\/beduka.com\/blog\/wp-content\/uploads\/2020\/06\/marca-beduka.png\",\"width\":1077,\"height\":368,\"caption\":\"Beduka\"},\"image\":{\"@id\":\"https:\/\/beduka.com\/blog\/#\/schema\/logo\/image\/\"},\"sameAs\":[\"https:\/\/www.facebook.com\/beduka.buscadordefaculdades\/\",\"https:\/\/www.instagram.com\/beduka_oficial\/\",\"https:\/\/www.linkedin.com\/company\/beduka\",\"https:\/\/br.pinterest.com\/bedukaoficial\/\",\"https:\/\/www.youtube.com\/beduka\"]},{\"@type\":\"Person\",\"@id\":\"https:\/\/beduka.com\/blog\/#\/schema\/person\/325d912d2cb8dd9ede8ab291427d2b8a\",\"name\":\"Reda\u00e7\u00e3o Beduka (a)\",\"image\":{\"@type\":\"ImageObject\",\"inLanguage\":\"pt-BR\",\"@id\":\"https:\/\/beduka.com\/blog\/#\/schema\/person\/image\/\",\"url\":\"https:\/\/secure.gravatar.com\/avatar\/6f58a181ef24e0dc0bb73f096aa0f8b5?s=96&d=mm&r=g\",\"contentUrl\":\"https:\/\/secure.gravatar.com\/avatar\/6f58a181ef24e0dc0bb73f096aa0f8b5?s=96&d=mm&r=g\",\"caption\":\"Reda\u00e7\u00e3o Beduka (a)\"},\"description\":\"Este conte\u00fado foi criado e validado por uma equipe multidisciplinar, formada por especialistas em cada \u00e1rea do conhecimento. O Beduka est\u00e1 presente no Instagram, YouTube, LinkedIn e em diversos outros ambientes digitais. O site foi criado em 2017 e, desde a sua funda\u00e7\u00e3o, atua para fornecer materiais de qualidade para facilitar a vida de estudantes de todo o Brasil, ajudando-os a se preparar para os principais vestibulares e o Enem.\",\"sameAs\":[\"https:\/\/www.facebook.com\/beduka.buscadordefaculdades\",\"https:\/\/www.instagram.com\/beduka_oficial\/\",\"https:\/\/br.pinterest.com\/bedukaoficial\/\"],\"url\":\"https:\/\/beduka.com\/blog\/author\/admin\/\"}]}<\/script>\n<!-- \/ Yoast SEO plugin. -->","yoast_head_json":{"title":"As 9 Figuras de Pensamento: o que s\u00e3o, quais s\u00e3o e exemplos!","description":"Figuras de Pensamento s\u00e3o as figuras de linguagem que criam uma ideia ao ir al\u00e9m do sentido de uma palavra. Entenda os 9 tipos com exemplos!","robots":{"index":"index","follow":"follow","max-snippet":"max-snippet:-1","max-image-preview":"max-image-preview:large","max-video-preview":"max-video-preview:-1"},"canonical":"https:\/\/beduka.com\/blog\/materias\/portugues\/figuras-de-pensamento\/","og_locale":"pt_BR","og_type":"article","og_title":"As 9 Figuras de Pensamento: o que s\u00e3o, quais s\u00e3o e exemplos!","og_description":"Figuras de Pensamento s\u00e3o as figuras de linguagem que criam uma ideia ao ir al\u00e9m do sentido de uma palavra. Entenda os 9 tipos com exemplos!","og_url":"https:\/\/beduka.com\/blog\/materias\/portugues\/figuras-de-pensamento\/","og_site_name":"Blog do Beduka | Mat\u00e9rias resumidas, Dicas e Exerc\u00edcios Enem","article_publisher":"https:\/\/www.facebook.com\/beduka.buscadordefaculdades\/","article_author":"https:\/\/www.facebook.com\/beduka.buscadordefaculdades","article_published_time":"2021-03-09T11:32:22+00:00","article_modified_time":"2021-03-09T11:32:25+00:00","og_image":[{"width":609,"height":342,"url":"https:\/\/beduka.com\/blog\/wp-content\/uploads\/2021\/03\/Descubra-quais-sao-as-Figuras-de-Pensamento-e-como-usa-las.jpg","type":"image\/jpeg"}],"author":"Reda\u00e7\u00e3o Beduka (a)","twitter_card":"summary_large_image","twitter_misc":{"Escrito por":"Reda\u00e7\u00e3o Beduka (a)","Est. tempo de leitura":"8 minutos"},"schema":{"@context":"https:\/\/schema.org","@graph":[{"@type":"Article","@id":"https:\/\/beduka.com\/blog\/materias\/portugues\/figuras-de-pensamento\/#article","isPartOf":{"@id":"https:\/\/beduka.com\/blog\/materias\/portugues\/figuras-de-pensamento\/"},"author":{"name":"Reda\u00e7\u00e3o Beduka (a)","@id":"https:\/\/beduka.com\/blog\/#\/schema\/person\/325d912d2cb8dd9ede8ab291427d2b8a"},"headline":"Quais s\u00e3o as Figuras de pensamento: defini\u00e7\u00e3o e exemplos!","datePublished":"2021-03-09T11:32:22+00:00","dateModified":"2021-03-09T11:32:25+00:00","mainEntityOfPage":{"@id":"https:\/\/beduka.com\/blog\/materias\/portugues\/figuras-de-pensamento\/"},"wordCount":1665,"commentCount":0,"publisher":{"@id":"https:\/\/beduka.com\/blog\/#organization"},"articleSection":["Portugu\u00eas"],"inLanguage":"pt-BR","potentialAction":[{"@type":"CommentAction","name":"Comment","target":["https:\/\/beduka.com\/blog\/materias\/portugues\/figuras-de-pensamento\/#respond"]}]},{"@type":"WebPage","@id":"https:\/\/beduka.com\/blog\/materias\/portugues\/figuras-de-pensamento\/","url":"https:\/\/beduka.com\/blog\/materias\/portugues\/figuras-de-pensamento\/","name":"As 9 Figuras de Pensamento: o que s\u00e3o, quais s\u00e3o e exemplos!","isPartOf":{"@id":"https:\/\/beduka.com\/blog\/#website"},"datePublished":"2021-03-09T11:32:22+00:00","dateModified":"2021-03-09T11:32:25+00:00","description":"Figuras de Pensamento s\u00e3o as figuras de linguagem que criam uma ideia ao ir al\u00e9m do sentido de uma palavra. Entenda os 9 tipos com exemplos!","breadcrumb":{"@id":"https:\/\/beduka.com\/blog\/materias\/portugues\/figuras-de-pensamento\/#breadcrumb"},"inLanguage":"pt-BR","potentialAction":[{"@type":"ReadAction","target":["https:\/\/beduka.com\/blog\/materias\/portugues\/figuras-de-pensamento\/"]}]},{"@type":"BreadcrumbList","@id":"https:\/\/beduka.com\/blog\/materias\/portugues\/figuras-de-pensamento\/#breadcrumb","itemListElement":[{"@type":"ListItem","position":1,"name":"Home","item":"https:\/\/beduka.com\/blog\/"},{"@type":"ListItem","position":2,"name":"Quais s\u00e3o as Figuras de pensamento: defini\u00e7\u00e3o e exemplos!"}]},{"@type":"WebSite","@id":"https:\/\/beduka.com\/blog\/#website","url":"https:\/\/beduka.com\/blog\/","name":"Blog do Beduka | Mat\u00e9rias resumidas, Dicas e Exerc\u00edcios Enem","description":"O Blog do Beduka tem os conte\u00fados que mais caem no Enem, exerc\u00edcios de vestibular com gabarito, resumos, dicas e informa\u00e7\u00f5es Sisu, Prouni e Fies.Encontre dicas para o ENEM, resumos, exerc\u00edcios e informa\u00e7\u00f5es sobre os vestibulares. Acesse agora!","publisher":{"@id":"https:\/\/beduka.com\/blog\/#organization"},"potentialAction":[{"@type":"SearchAction","target":{"@type":"EntryPoint","urlTemplate":"https:\/\/beduka.com\/blog\/?s={search_term_string}"},"query-input":"required name=search_term_string"}],"inLanguage":"pt-BR"},{"@type":"Organization","@id":"https:\/\/beduka.com\/blog\/#organization","name":"Beduka","url":"https:\/\/beduka.com\/blog\/","logo":{"@type":"ImageObject","inLanguage":"pt-BR","@id":"https:\/\/beduka.com\/blog\/#\/schema\/logo\/image\/","url":"https:\/\/beduka.com\/blog\/wp-content\/uploads\/2020\/06\/marca-beduka.png","contentUrl":"https:\/\/beduka.com\/blog\/wp-content\/uploads\/2020\/06\/marca-beduka.png","width":1077,"height":368,"caption":"Beduka"},"image":{"@id":"https:\/\/beduka.com\/blog\/#\/schema\/logo\/image\/"},"sameAs":["https:\/\/www.facebook.com\/beduka.buscadordefaculdades\/","https:\/\/www.instagram.com\/beduka_oficial\/","https:\/\/www.linkedin.com\/company\/beduka","https:\/\/br.pinterest.com\/bedukaoficial\/","https:\/\/www.youtube.com\/beduka"]},{"@type":"Person","@id":"https:\/\/beduka.com\/blog\/#\/schema\/person\/325d912d2cb8dd9ede8ab291427d2b8a","name":"Reda\u00e7\u00e3o Beduka (a)","image":{"@type":"ImageObject","inLanguage":"pt-BR","@id":"https:\/\/beduka.com\/blog\/#\/schema\/person\/image\/","url":"https:\/\/secure.gravatar.com\/avatar\/6f58a181ef24e0dc0bb73f096aa0f8b5?s=96&d=mm&r=g","contentUrl":"https:\/\/secure.gravatar.com\/avatar\/6f58a181ef24e0dc0bb73f096aa0f8b5?s=96&d=mm&r=g","caption":"Reda\u00e7\u00e3o Beduka (a)"},"description":"Este conte\u00fado foi criado e validado por uma equipe multidisciplinar, formada por especialistas em cada \u00e1rea do conhecimento. O Beduka est\u00e1 presente no Instagram, YouTube, LinkedIn e em diversos outros ambientes digitais. O site foi criado em 2017 e, desde a sua funda\u00e7\u00e3o, atua para fornecer materiais de qualidade para facilitar a vida de estudantes de todo o Brasil, ajudando-os a se preparar para os principais vestibulares e o Enem.","sameAs":["https:\/\/www.facebook.com\/beduka.buscadordefaculdades","https:\/\/www.instagram.com\/beduka_oficial\/","https:\/\/br.pinterest.com\/bedukaoficial\/"],"url":"https:\/\/beduka.com\/blog\/author\/admin\/"}]}},"_links":{"self":[{"href":"https:\/\/beduka.com\/blog\/wp-json\/wp\/v2\/posts\/20272"}],"collection":[{"href":"https:\/\/beduka.com\/blog\/wp-json\/wp\/v2\/posts"}],"about":[{"href":"https:\/\/beduka.com\/blog\/wp-json\/wp\/v2\/types\/post"}],"author":[{"embeddable":true,"href":"https:\/\/beduka.com\/blog\/wp-json\/wp\/v2\/users\/1"}],"replies":[{"embeddable":true,"href":"https:\/\/beduka.com\/blog\/wp-json\/wp\/v2\/comments?post=20272"}],"version-history":[{"count":1,"href":"https:\/\/beduka.com\/blog\/wp-json\/wp\/v2\/posts\/20272\/revisions"}],"predecessor-version":[{"id":20275,"href":"https:\/\/beduka.com\/blog\/wp-json\/wp\/v2\/posts\/20272\/revisions\/20275"}],"wp:featuredmedia":[{"embeddable":true,"href":"https:\/\/beduka.com\/blog\/wp-json\/wp\/v2\/media\/20273"}],"wp:attachment":[{"href":"https:\/\/beduka.com\/blog\/wp-json\/wp\/v2\/media?parent=20272"}],"wp:term":[{"taxonomy":"category","embeddable":true,"href":"https:\/\/beduka.com\/blog\/wp-json\/wp\/v2\/categories?post=20272"},{"taxonomy":"post_tag","embeddable":true,"href":"https:\/\/beduka.com\/blog\/wp-json\/wp\/v2\/tags?post=20272"}],"curies":[{"name":"wp","href":"https:\/\/api.w.org\/{rel}","templated":true}]}}