{"id":20866,"date":"2021-04-09T14:03:04","date_gmt":"2021-04-09T17:03:04","guid":{"rendered":"https:\/\/beduka.com\/blog\/?p=20866"},"modified":"2021-04-09T14:03:05","modified_gmt":"2021-04-09T17:03:05","slug":"republica-da-espada","status":"publish","type":"post","link":"https:\/\/beduka.com\/blog\/materias\/historia\/republica-da-espada\/","title":{"rendered":"O que foi a Rep\u00fablica da Espada? Guia completo!"},"content":{"rendered":"\n<blockquote class=\"wp-block-quote\"><p>A Rep\u00fablica da Espada \u00e9 o momento inicial da Primeira Rep\u00fablica Brasileira (Rep\u00fablica Velha). Essa divis\u00e3o marca os dois primeiros governos militares que o Brasil teve: Marechal Deodoro da Fonseca (1889-1891) como provis\u00f3rio e constitucional, seguido pelo Marechal Floriano Peixoto (1891-1894). Foi um momento de crises e disputas intensas!<\/p><\/blockquote>\n\n\n\n<p>Neste texto sobre a Rep\u00fablica da Espada, voc\u00ea encontrar\u00e1 os t\u00f3picos abaixo.<strong> Clique em um deles para ir diretamente ao conte\u00fado:<\/strong><\/p>\n\n\n\n<ol><li><a href=\"#1\">O que foi a Rep\u00fablica da Espada?<\/a><\/li><li><a href=\"#2\">Quais s\u00e3o suas principais caracter\u00edsticas?<\/a><\/li><li><a href=\"#3\">Contexto hist\u00f3rico em que a Rep\u00fablica da Espada surgiu.<\/a><\/li><li><a href=\"#4\">Como foi a proclama\u00e7\u00e3o da Rep\u00fablica?<\/a><\/li><li><a href=\"#5\">Come\u00e7a a Rep\u00fablica da Espada: o governo de Marechal Deodoro.<\/a><\/li><li><a href=\"#6\">O Governo Provis\u00f3rio.<\/a><\/li><li><a href=\"#7\">O Governo Constitucional.<\/a><\/li><li><a href=\"#8\">A Primeira Revolta da Armada.<\/a><\/li><li><a href=\"#9\">A Crise Econ\u00f4mica do Encilhamento.<\/a><\/li><li><a href=\"#10\">O Governo de Floriano Peixoto.<\/a><\/li><li><a href=\"#11\">A Revolu\u00e7\u00e3o Federalista.<\/a><\/li><li><a href=\"#12\">A Segunda Revolta da Armada<\/a><\/li><li><a href=\"#13\">Como terminou a Rep\u00fablica da Espada?<\/a><\/li><\/ol>\n\n\n\n<ul><li><strong>Estudando para as provas?<\/strong> Conhe\u00e7a <a href=\"https:\/\/beduka.com\/blog\/dicas\/enem-dicas\/simulados-para-enem-online-e-gratuito\/\" target=\"_blank\" rel=\"noreferrer noopener\">O melhor Simulado do Brasil!<\/a> Ele pode ser personalizado com as mat\u00e9rias que voc\u00ea mais precisa!<\/li><\/ul>\n\n\n\n<h2 class=\"wp-block-heading\" id=\"1\">O que foi a rep\u00fablica da espada?<\/h2>\n\n\n\n<p>A Rep\u00fablica da Espada <strong>come\u00e7ou em 1889 com a Proclama\u00e7\u00e3o da Rep\u00fablica e<\/strong> <strong>se estendeu at\u00e9 1894<\/strong>, quando Prudente de Morais assumiu o poder. Esse nome serve apenas para marcar os <strong>momentos<\/strong> <strong>iniciais<\/strong> <strong>da Primeira Rep\u00fablica<\/strong> do Brasil.<\/p>\n\n\n\n<p>A primeira rep\u00fablica brasileira tamb\u00e9m \u00e9 chamada de <a href=\"https:\/\/beduka.com\/blog\/materias\/historia\/o-que-foi-a-republica-velha\/\" target=\"_blank\" rel=\"noreferrer noopener\">Rep\u00fablica Velha<\/a>, mas sua dura\u00e7\u00e3o \u00e9 t\u00e3o longa (1889 a 1930) que a dividimos em duas partes. Sendo assim, a da Espada \u00e9 a sua primeira parte e a Olig\u00e1rquica \u00e9 a segunda parte.<\/p>\n\n\n\n<p>Diferenciamos o per\u00edodo da Rep\u00fablica da Espada porque ela foi <strong>marcada por dois governos militares, <\/strong>o de Deodoro da Fonseca e o de Floriano Peixoto. J\u00e1 a Olig\u00e1rquica, conta com latifundi\u00e1rios no poder.<\/p>\n\n\n\n<ul><li>S\u00e3o mais de 200 resumos gratuitos no <a href=\"https:\/\/www.instagram.com\/beduka_oficial\/?hl=pt\" target=\"_blank\" rel=\"noreferrer noopener\">Instagram do Beduka<\/a>. Aproveite!<\/li><\/ul>\n\n\n\n<h3 class=\"wp-block-heading\" id=\"2\">Quais s\u00e3o as caracter\u00edsticas da Rep\u00fablica da Espada?<\/h3>\n\n\n\n<p>A principal caracter\u00edstica da Rep\u00fablica da Espada est\u00e1 em seu pr\u00f3prio nome: <strong>a espada era o s\u00edmbolo dos militares da \u00e9poca<\/strong>. Al\u00e9m de ter os dois governantes militares, essa rep\u00fablica foi um per\u00edodo de muita <strong>tens\u00e3o, mudan\u00e7as, rupturas e crises<\/strong>.<\/p>\n\n\n\n<p>S\u00f3 o fato de termos <strong>sa\u00eddo do regime <\/strong><a href=\"https:\/\/beduka.com\/blog\/materias\/historia\/diferenca-entre-monarquia-e-republica\/\" target=\"_blank\" rel=\"noreferrer noopener\">mon\u00e1rquico para o republicano<\/a> j\u00e1 causa um grande impacto. Al\u00e9m disso, houve a promulga\u00e7\u00e3o de uma <strong>nova Constitui\u00e7\u00e3o, <\/strong>um <strong>novo sistema eleitoral<\/strong>, a influ\u00eancia do <strong>positivismo<\/strong>, o estabelecimento do <strong>Estado Laico<\/strong>, etc.<\/p>\n\n\n\n<p>Mas n\u00e3o ache que \u00e9 s\u00f3 isso! Agora vamos ver os acontecimentos de cada um dos dois governos. Antes, vamos s\u00f3 dar uma recapitulada para nos situarmos na \u00e9poca.<\/p>\n\n\n\n<h2 class=\"wp-block-heading\" id=\"3\">Contexto Hist\u00f3rico: antecedentes da Rep\u00fablica da Espada<\/h2>\n\n\n\n<p>Antes do Marechal Deodoro assumir, quem governava era o imperador D. Pedro II. A <a href=\"https:\/\/beduka.com\/blog\/materias\/historia\/queda-da-monarquia-no-brasil-o-segundo-reinado\/\" target=\"_blank\" rel=\"noreferrer noopener\">queda do imp\u00e9rio<\/a> e o in\u00edcio da rep\u00fablica foi marcado por uma intensa participa\u00e7\u00e3o dos militares.<\/p>\n\n\n\n<p>Desde a vit\u00f3ria brasileira na <a href=\"https:\/\/beduka.com\/blog\/exercicios\/historia-exercicios\/exercicios-resumo-guerra-do-paraguai\/\" target=\"_blank\" rel=\"noreferrer noopener\">Guerra do Paraguai<\/a>, os militares se sentiram merecedores de participar mais na pol\u00edtica. A <strong>Quest\u00e3o Militar<\/strong>, por exemplo, foi um conflito pela oposi\u00e7\u00e3o entre o imp\u00e9rio e os novos desejos militares.<\/p>\n\n\n\n<p>Outra consequ\u00eancia da guerra foi a liberta\u00e7\u00e3o dos escravos que lutaram, mas sem pagar indeniza\u00e7\u00e3o aos donos. Isso fez com que os <strong>fazendeiros apoiassem a rep\u00fablica.<\/strong><\/p>\n\n\n\n<p>Al\u00e9m disso, <strong>a sa\u00fade de D. Pedro II n\u00e3o ia bem<\/strong>. Ele fazia viagens em busca de tratamentos e ficava bem ausente.&nbsp;<\/p>\n\n\n\n<p>Por fim, cresce a <strong>influ\u00eancia do Positivismo<\/strong>, uma corrente filos\u00f3fica europeia do s\u00e9culo XIX, derivada do <a href=\"https:\/\/beduka.com\/blog\/materias\/historia\/principais-caracteristicas-iluminismo\/\" target=\"_blank\" rel=\"noreferrer noopener\">Iluminismo<\/a>. Eles defendiam o progresso da humanidade baseado na ci\u00eancia e na ordem social, al\u00e9m de ter inspirado muitas rep\u00fablicas.<\/p>\n\n\n\n<h3 class=\"wp-block-heading\" id=\"4\">Acontece a Proclama\u00e7\u00e3o da Rep\u00fablica<\/h3>\n\n\n\n<p>O Parlamento n\u00e3o tinha republicanos o suficiente para que pudessem vencer no voto. Al\u00e9m disso, ele seria renovado nos dias seguintes, ent\u00e3o os republicanos precisavam fazer algo antes disso.<\/p>\n\n\n\n<p>O <a href=\"https:\/\/beduka.com\/blog\/materias\/historia\/marechal-deodoro-da-fonseca\/?amp\" target=\"_blank\" rel=\"noreferrer noopener\">Marechal Deodoro<\/a> era amigo do imperador e era conhecido por servir fielmente \u00e0 monarquia. Ele era um s\u00edmbolo de import\u00e2ncia nacional. Por\u00e9m, nos momentos anteriores \u00e0 Proclama\u00e7\u00e3o da Rep\u00fablica, houveram desgastes.<\/p>\n\n\n\n<p>Aproveitando o cen\u00e1rio, alguns <strong>republicanos soltaram o boato<\/strong> de que o primeiro-ministro Visconde de Ouro Preto prenderia Deodoro. Esse foi o argumento perfeito para coloc\u00e1-lo a favor da rep\u00fablica, al\u00e9m de arrastar multid\u00f5es junto.<\/p>\n\n\n\n<p><strong>A Proclama\u00e7\u00e3o da Rep\u00fablica aconteceu no dia 15 de novembro de 1889, por um Golpe de Estado<\/strong> de militares liderados pelo Marechal Deodoro. Os militares depuseram D. Pedro II e encerraram o Segundo Reinado para iniciar a Primeira Rep\u00fablica.<\/p>\n\n\n\n<h2 class=\"wp-block-heading\" id=\"5\">Come\u00e7a a Rep\u00fablica da Espada: como foi o governo do Marechal Deodoro da Fonseca?&nbsp;<\/h2>\n\n\n\n<div class=\"wp-block-image\"><figure class=\"aligncenter size-large\"><img decoding=\"async\" loading=\"lazy\" width=\"600\" height=\"300\" src=\"https:\/\/beduka.com\/blog\/wp-content\/uploads\/2021\/04\/Foto-imagem-pintura-do-marechal-deodoro-da-fonseca-primeiro-presidente-do-brasil.jpg\" alt=\"Foto imagem pintura do marechal deodoro da fonseca primeiro presidente do brasil\" class=\"wp-image-20868\" srcset=\"https:\/\/beduka.com\/blog\/wp-content\/uploads\/2021\/04\/Foto-imagem-pintura-do-marechal-deodoro-da-fonseca-primeiro-presidente-do-brasil.jpg 600w, https:\/\/beduka.com\/blog\/wp-content\/uploads\/2021\/04\/Foto-imagem-pintura-do-marechal-deodoro-da-fonseca-primeiro-presidente-do-brasil-300x150.jpg 300w, https:\/\/beduka.com\/blog\/wp-content\/uploads\/2021\/04\/Foto-imagem-pintura-do-marechal-deodoro-da-fonseca-primeiro-presidente-do-brasil-320x160.jpg 320w\" sizes=\"(max-width: 600px) 100vw, 600px\" \/><\/figure><\/div>\n\n\n\n<p>\u00c9 verdade que os militares se uniram para p\u00f4r fim no imp\u00e9rio, mas logo ap\u00f3s a proclama\u00e7\u00e3o eles j\u00e1 haviam se dividido. Os republicanos separaram-se em tr\u00eas correntes:<\/p>\n\n\n\n<ul><li><strong>Corrente liberal:<\/strong> inspirada no <a href=\"https:\/\/beduka.com\/blog\/materias\/historia\/o-que-e-liberalismo\/\" target=\"_blank\" rel=\"noreferrer noopener\">liberalismo<\/a>, dizia que o governo deveria interferir o menos poss\u00edvel e as prov\u00edncias se tornarem unidades federativas.<\/li><li><strong>Corrente jacobinista:<\/strong> inspirada na <a href=\"https:\/\/beduka.com\/blog\/materias\/historia\/resumo-da-revolucao-francesa\/\" target=\"_blank\" rel=\"noreferrer noopener\">Revolu\u00e7\u00e3o Francesa<\/a>, exaltava a participa\u00e7\u00e3o direta e massiva da popula\u00e7\u00e3o.<\/li><li><strong>Corrente positivista:<\/strong> inspirada no positivismo, queria a solu\u00e7\u00e3o dos problemas aplicando a ordena\u00e7\u00e3o dos civis e o progresso cient\u00edfico.<\/li><\/ul>\n\n\n\n<p>A corrente liberal foi vitoriosa e \u00e9 por isso que hoje n\u00f3s temos a <a href=\"https:\/\/beduka.com\/blog\/materias\/geografia\/divisao-regional-do-brasil\/\" target=\"_blank\" rel=\"noreferrer noopener\">divis\u00e3o do Brasil<\/a> em unidades ou <strong>estados federativos<\/strong>. Por\u00e9m, as demais correntes continuaram influenciando. Um exemplo disso \u00e9 o lema da bandeira nacional <strong>&#8220;Ordem e Progresso\u201d.<\/strong><\/p>\n\n\n\n<p>A mudan\u00e7a de sistema e toda essa instabilidade exigiu formas diferentes de governo. <strong>Deodoro assumiu como chefe do Governo Provis\u00f3rio<\/strong>, mas depois desse per\u00edodo, ele governou constitucionalmente.&nbsp;<\/p>\n\n\n\n<p>Cada um de seus governos teve uma marca pr\u00f3pria, vamos entender:<\/p>\n\n\n\n<h3 class=\"wp-block-heading\" id=\"6\">O Governo Provis\u00f3rio (1889 &#8211; 1891)<\/h3>\n\n\n\n<p>Nessa fase, houve a <strong>tentativa de apagar s\u00edmbolos mon\u00e1rquicos<\/strong> e substitu\u00ed-los por novos s\u00edmbolos republicanos. As institui\u00e7\u00f5es mon\u00e1rquicas foram extintas e os cargos ocupados por republicanos (Quintino Bocai\u00fava, Dem\u00e9trio Ribeiro e Campos Sales).<\/p>\n\n\n\n<p>Para impedir que o territ\u00f3rio se fragmentasse em revoltas, foi aprovada a <strong>Grande Naturaliza\u00e7\u00e3o<\/strong>. Esse decreto dizia que todos os estrangeiros e etnias do pa\u00eds seriam naturalizados como brasileiros.<\/p>\n\n\n\n<p>Mesmo a popula\u00e7\u00e3o sendo de maioria Cat\u00f3lica, decretaram a <strong>separa\u00e7\u00e3o entre Estado e Igreja<\/strong>, tornando o <strong>Estado Laico<\/strong>. Assim o casamento na Igreja n\u00e3o valia mais como lei, ent\u00e3o precisou ser institu\u00eddo o <strong>casamento civil.<\/strong><\/p>\n\n\n\n<p>Al\u00e9m disso, foi proibido o ensino da religi\u00e3o nas escolas p\u00fablicas. Para n\u00e3o desagradar tanto \u00e0 maioria cat\u00f3lica, tamb\u00e9m foi <strong>retirado o Padroado<\/strong> (poder pol\u00edtico que podia interferir na Igreja).<\/p>\n\n\n\n<p>Por fim, houve a <strong>cria\u00e7\u00e3o do feriado de Tiradentes<\/strong> para promover a defesa e exalta\u00e7\u00e3o da Rep\u00fablica, pois ele foi militar morto durante a <a href=\"https:\/\/beduka.com\/blog\/materias\/historia\/resumo-da-inconfidencia-mineira\/\" target=\"_blank\" rel=\"noreferrer noopener\">Inconfid\u00eancia Mineira<\/a>.<\/p>\n\n\n\n<h3 class=\"wp-block-heading\" id=\"7\">O Governo Constitucional (1891)<\/h3>\n\n\n\n<p>Como era algo provis\u00f3rio, tiveram de convocar uma <strong>Assembleia Constituinte<\/strong>, a institui\u00e7\u00e3o que redigiu uma nova constitui\u00e7\u00e3o. Ela se inspirou<strong> na Constitui\u00e7\u00e3o dos Estados Unidos<\/strong> da Am\u00e9rica.<\/p>\n\n\n\n<p>Ent\u00e3o, em 1891 foi decretada e promulgada <strong>a primeira constitui\u00e7\u00e3o federal do Brasil<\/strong>. Dentre as suas medidas, ela estabeleceu oficialmente:<\/p>\n\n\n\n<ul><li>Regime republicano presidencialista.<\/li><li>Chefe de Estado por 4 anos sem direito \u00e0 reelei\u00e7\u00e3o.<\/li><li>Estado laico (sem uma religi\u00e3o oficial).<\/li><li>Sufr\u00e1gio universal masculino (voto para todos os homens maiores de 21 anos, independente de renda, mas n\u00e3o podia ser analfabeto).<\/li><li>Institui\u00e7\u00e3o do federalismo, dando certa autonomia aos estados, contribuindo para o coronelismo.<\/li><li>Estabelecimento de tr\u00eas poderes: Executivo, Legislativo e Judici\u00e1rio.<\/li><\/ul>\n\n\n\n<p><strong>O Marechal Deodoro da Fonseca conseguiu ser eleito<\/strong> como presidente do governo constituinte. <strong>Seu vice era um militar, Marechal Floriano Peixoto<\/strong>, apoiado pelos liberais.<\/p>\n\n\n\n<p>Ele procurou nomear \u201cindenistas\u201d para o governo, os conservadores monarquistas que passaram a apoiar o republicanismo ap\u00f3s a <a href=\"https:\/\/beduka.com\/blog\/materias\/historia\/resumo-da-escravidao-no-brasil\/\" target=\"_blank\" rel=\"noreferrer noopener\">aboli\u00e7\u00e3o da escravatura<\/a>. Isso desagradou aos republicanos hist\u00f3ricos, os que j\u00e1 eram originalmente republicanos.<\/p>\n\n\n\n<p>O Congresso chegou a tentar aprovar a \u201c<strong>Lei de Responsabilidades<\/strong>\u201d, para reduzir os poderes do presidente. Diante disso, o Marechal reagiu com autoritarismo e acabou <strong>implantando uma ditadura<\/strong> ao fechar o Congresso.&nbsp;<\/p>\n\n\n\n<p>As a\u00e7\u00f5es de Deodoro acabaram violando partes da Constitui\u00e7\u00e3o de 1891 e <strong>o seu vice tornou-se seu opositor. <\/strong>Em conflito com os parlamentares, marinha, ferrovi\u00e1rios, administradores, congresso e o vice; Deodoro <strong>quase levou o pa\u00eds \u00e0 guerra civil.<\/strong><\/p>\n\n\n\n<h3 class=\"wp-block-heading\" id=\"8\">A Primeira Revolta da Armada (1891)<\/h3>\n\n\n\n<p>As tropas militares, comandadas por Deodoro, cercaram os pr\u00e9dios legislativos e prenderam os opositores. A imprensa tamb\u00e9m come\u00e7ou a ser fiscalizada. <strong>Em resposta a isso, no dia 23 de novembro, ocorreu a Primeira Revolta da Armada.&nbsp;<\/strong><\/p>\n\n\n\n<p>A Armada (<strong>Marinha<\/strong>) rebelou-se contra o presidente, porque queriam a reabertura do Congresso e igualar os direitos e sal\u00e1rios entre as for\u00e7as armadas.<\/p>\n\n\n\n<p>Acionado por Floriano Peixoto, o almirante Cust\u00f3dio de Melo amea\u00e7ou <strong>bombardear o Rio de Janeiro<\/strong>, voltando os canh\u00f5es dos navios para a cidade, caso Deodoro n\u00e3o renunciasse.&nbsp;<\/p>\n\n\n\n<p>O governo respondeu chamando a marinha norte-americana para for\u00e7ar a marinha brasileira a abrir o cerco. Em fuga, os revoltosos navegaram para o sul do pa\u00eds.<\/p>\n\n\n\n<h3 class=\"wp-block-heading\" id=\"9\">Encilhamento: a crise econ\u00f4mica<\/h3>\n\n\n\n<p>Como se n\u00e3o bastasse todo esse cen\u00e1rio ca\u00f3tico, o Brasil ainda foi marcado por uma forte crise econ\u00f4mica chamada de <strong>Encilhamento.<\/strong><\/p>\n\n\n\n<p>Ele come\u00e7ou durante o governo de Deodoro da Fonseca, em 1891, como resultado da pol\u00edtica econ\u00f4mica do Ministro da Fazenda <strong>Rui Barbosa<\/strong>.&nbsp;<\/p>\n\n\n\n<p>Ele permitiu a <strong>emiss\u00e3o de papel-moeda<\/strong> por bancos privados e facilitou as condi\u00e7\u00f5es de acesso ao cr\u00e9dito. O resultado foi o aumento da especula\u00e7\u00e3o financeira, altas nas infla\u00e7\u00f5es e as empresas foram \u00e0 fal\u00eancia em massa.<\/p>\n\n\n\n<p>Assim o custo de vida aumentou e <strong>a moeda do pa\u00eds se desvalorizou.<\/strong><\/p>\n\n\n\n<p>O Encilhamento afetou a economia do Brasil durante toda a d\u00e9cada de 1890 e s\u00f3 foi amenizada a partir de 1897, durante o governo de Prudente de Morais.&nbsp;<\/p>\n\n\n\n<h2 class=\"wp-block-heading\" id=\"10\">Como foi o governo de Floriano Peixoto? (1891-1894)<\/h2>\n\n\n\n<div class=\"wp-block-image\"><figure class=\"aligncenter size-large\"><img decoding=\"async\" loading=\"lazy\" width=\"600\" height=\"300\" src=\"https:\/\/beduka.com\/blog\/wp-content\/uploads\/2021\/04\/foto-imagem-pintura-do-marechal-floriano-peixoto-presidente-da-republica-da-espada.jpg\" alt=\"foto imagem pintura do marechal floriano peixoto presidente da republica da espada\" class=\"wp-image-20869\" srcset=\"https:\/\/beduka.com\/blog\/wp-content\/uploads\/2021\/04\/foto-imagem-pintura-do-marechal-floriano-peixoto-presidente-da-republica-da-espada.jpg 600w, https:\/\/beduka.com\/blog\/wp-content\/uploads\/2021\/04\/foto-imagem-pintura-do-marechal-floriano-peixoto-presidente-da-republica-da-espada-300x150.jpg 300w, https:\/\/beduka.com\/blog\/wp-content\/uploads\/2021\/04\/foto-imagem-pintura-do-marechal-floriano-peixoto-presidente-da-republica-da-espada-320x160.jpg 320w\" sizes=\"(max-width: 600px) 100vw, 600px\" \/><\/figure><\/div>\n\n\n\n<p>Grande parte da sociedade passou a apoiar que Floriano Peixoto assumisse. Temendo o in\u00edcio de uma nova guerra, <strong>Deodoro da Fonseca renunciou<\/strong> \u00e0 presid\u00eancia no dia 23 de novembro de 1891.&nbsp;<\/p>\n\n\n\n<p><strong>O Marechal Floriano Peixoto assumiu<\/strong> a presid\u00eancia por um<strong> acordo realizado com os oligarcas paulistas.<\/strong><\/p>\n\n\n\n<p>Ele suspendeu a dissolu\u00e7\u00e3o do Congresso, o estado de s\u00edtio e tirou os governadores que apoiavam Deodoro. Tamb\u00e9m baixou os pre\u00e7os do aluguel das casas, do pescado, da carne e dos alimentos em geral.<\/p>\n\n\n\n<p>Por\u00e9m, a Constitui\u00e7\u00e3o dizia que novas elei\u00e7\u00f5es deveriam acontecer porque os dois anos do mandato presidencial n\u00e3o haviam terminado. Mas a oligarquia paulista deu suporte a Floriano e sustentou-o no poder.<\/p>\n\n\n\n<p>Ent\u00e3o Floriano Peixoto foi <strong>considerado ileg\u00edtimo<\/strong> e come\u00e7aram novas <strong>disputas pol\u00edticas intensas. <\/strong>Ele teve que lidar com dois conflitos: a Revolu\u00e7\u00e3o Federalista e a Revolta da Armada (Segunda Revolta da Armada).&nbsp;<\/p>\n\n\n\n<p>A repress\u00e3o que Floriano fez sobre esses movimentos foi bem violenta e resultou em muitas mortes. Por isso, Floriano Peixoto recebeu o apelido de <strong>marechal de ferro.<\/strong><\/p>\n\n\n\n<h3 class=\"wp-block-heading\" id=\"11\">A Revolu\u00e7\u00e3o Federalista (1893-1895)<\/h3>\n\n\n\n<p>A Revolu\u00e7\u00e3o Federalista come\u00e7ou no sul do Brasil, como consequ\u00eancia das <strong>disputas entre o Partido Republicano Rio-Grandense e o Partido Federalista<\/strong>.&nbsp;<\/p>\n\n\n\n<p>J\u00e1 havia conflitos violentos acontecendo desde o in\u00edcio, mas a guerra estourou quando os federalistas invadiram o Rio Grande do Sul e a marinha chegou, acirrando a oposi\u00e7\u00e3o.<\/p>\n\n\n\n<p>O Partido Rio-Grandense era representado por J\u00falio de Castilhos e defendia o presidente. Floriano at\u00e9 enviou tropas para apoi\u00e1-los, mas os federalistas impuseram sua for\u00e7a e avan\u00e7aram at\u00e9 Santa Catarina e Paran\u00e1.<\/p>\n\n\n\n<p>Os federalistas queriam invadir o estado de S\u00e3o Paulo, mas em 1894 come\u00e7aram a perder for\u00e7as por causa das disputas internas. Assim, eles mesmos se enfraqueceram.<\/p>\n\n\n\n<p>As tropas de Floriano ganharam for\u00e7a e os federalistas fugiram para Argentina ou Uruguai. Estima-se que esse conflito causou cerca de <strong>10 mil mortes.<\/strong><\/p>\n\n\n\n<h3 class=\"wp-block-heading\" id=\"12\">A Segunda Revolta da Armada (1893-1894)<\/h3>\n\n\n\n<p>A Segunda Revolta da Armada come\u00e7ou <strong>em resposta \u00e0 violenta repress\u00e3o de Floriano Peixoto durante a Revolu\u00e7\u00e3o Federalista<\/strong>.&nbsp;<\/p>\n\n\n\n<p>Os l\u00edderes de ambas as revoltas buscaram se unir, mas n\u00e3o foi muito eficaz: eles tinham um inimigo em comum, mas seus objetivos eram diferentes. A Marinha se op\u00f4s aos dois governantes da Rep\u00fablica da Espada porque, nessa \u00e9poca, era de maioria monarquista.&nbsp;<\/p>\n\n\n\n<p>Novamente, tentou confiscar os navios da Ba\u00eda de Guanabara e bombardear a capital carioca. A popula\u00e7\u00e3o abandonou o Rio de Janeiro e a capital do pa\u00eds foi transferida para a cidade de Petr\u00f3polis temporariamente!<\/p>\n\n\n\n<h2 class=\"wp-block-heading\" id=\"13\">Como terminou a Rep\u00fablica da Espada?<\/h2>\n\n\n\n<p>O populismo de Floriano incomodou a elite agr\u00e1ria do pa\u00eds, que havia o colocado no poder. As oligarquias cafeeiras, liberais e descentralizadas queriam tomar o poder totalmente para si, n\u00e3o foi atoa que elas apoiaram o presidente no in\u00edcio.<\/p>\n\n\n\n<p>Al\u00e9m disso, os conflitos das Revoltas diminu\u00edram a popularidade do presidente. <strong>Dado o tempo do mandado chegar ao fim, Floriano saiu.<\/strong>&nbsp;<\/p>\n\n\n\n<p>O pol\u00edtico paulista Prudente de Morais foi eleito presidente e deu in\u00edcio \u00e0 segunda fase da primeira rep\u00fablica, ou rep\u00fablica velha, que vai de 1894 a 1930. Estava encerrada a \u201cRep\u00fablica da Espada\u201d e come\u00e7ava a &#8220;Rep\u00fablica das Oligarquias&#8221;.<\/p>\n\n\n\n<p><strong>Gostou do nosso artigo sobre a Rep\u00fablica da Espada?<\/strong> Confira outros artigos do nosso blog e se prepare para o Enem da melhor maneira! Voc\u00ea tamb\u00e9m pode se organizar com o nosso <a href=\"https:\/\/beduka.com\/blog\/dicas\/enem-dicas\/plano-de-estudos-gratuito\/\" target=\"_blank\" rel=\"noreferrer noopener\">plano de estudos<\/a>, o mais completo da internet, e o melhor: totalmente gratuito!<\/p>\n\n\n\n<p><strong>Queremos te ajudar a encontrar a FACULDADE IDEAL!<\/strong> Logo abaixo, fa\u00e7a uma pesquisa por curso e cidade que te mostraremos todas as faculdades que podem te atender. Informamos a nota de corte, valor de mensalidade, nota do MEC, avalia\u00e7\u00e3o dos alunos, modalidades de ensino e muito mais.<\/p>\n\n\n\n<p><strong>Experimente agora!<\/strong><\/p>\n","protected":false},"excerpt":{"rendered":"<p>A Rep\u00fablica da Espada \u00e9 o momento inicial da Primeira Rep\u00fablica Brasileira (Rep\u00fablica Velha). Essa divis\u00e3o marca os dois primeiros governos militares que o Brasil teve: Marechal Deodoro da Fonseca (1889-1891) como provis\u00f3rio e constitucional, seguido pelo Marechal Floriano Peixoto (1891-1894). Foi um momento de crises e disputas intensas! Neste texto sobre a Rep\u00fablica da [&hellip;]<\/p>\n","protected":false},"author":1,"featured_media":20867,"comment_status":"open","ping_status":"closed","sticky":false,"template":"","format":"standard","meta":{"_mi_skip_tracking":false,"_monsterinsights_sitenote_active":false,"_monsterinsights_sitenote_note":"","_monsterinsights_sitenote_category":0},"categories":[491],"tags":[],"yoast_head":"<!-- This site is optimized with the Yoast SEO plugin v20.10 - https:\/\/yoast.com\/wordpress\/plugins\/seo\/ -->\n<title>Rep\u00fablica da Espada: Veja suas fases e acontecimentos!<\/title>\n<meta name=\"description\" content=\"O que foi a Rep\u00fablica da Espada? Foi o momento inicial da Rep\u00fablica Velha com os dois primeiros governos militares: Deodoro da Fonseca e Floriano Peixoto.\" \/>\n<meta name=\"robots\" content=\"index, follow, max-snippet:-1, max-image-preview:large, max-video-preview:-1\" \/>\n<link rel=\"canonical\" href=\"https:\/\/beduka.com\/blog\/materias\/historia\/republica-da-espada\/\" \/>\n<meta property=\"og:locale\" content=\"pt_BR\" \/>\n<meta property=\"og:type\" content=\"article\" \/>\n<meta property=\"og:title\" content=\"Rep\u00fablica da Espada: Veja suas fases e acontecimentos!\" \/>\n<meta property=\"og:description\" content=\"O que foi a Rep\u00fablica da Espada? Foi o momento inicial da Rep\u00fablica Velha com os dois primeiros governos militares: Deodoro da Fonseca e Floriano Peixoto.\" \/>\n<meta property=\"og:url\" content=\"https:\/\/beduka.com\/blog\/materias\/historia\/republica-da-espada\/\" \/>\n<meta property=\"og:site_name\" content=\"Blog do Beduka | Mat\u00e9rias resumidas, Dicas e Exerc\u00edcios Enem\" \/>\n<meta property=\"article:publisher\" content=\"https:\/\/www.facebook.com\/beduka.buscadordefaculdades\/\" \/>\n<meta property=\"article:author\" content=\"https:\/\/www.facebook.com\/beduka.buscadordefaculdades\" \/>\n<meta property=\"article:published_time\" content=\"2021-04-09T17:03:04+00:00\" \/>\n<meta property=\"article:modified_time\" content=\"2021-04-09T17:03:05+00:00\" \/>\n<meta property=\"og:image\" content=\"https:\/\/beduka.com\/blog\/wp-content\/uploads\/2021\/04\/Afinal-o-que-foi-a-Republica-da-Espada-Descubra.jpg\" \/>\n\t<meta property=\"og:image:width\" content=\"609\" \/>\n\t<meta property=\"og:image:height\" content=\"342\" \/>\n\t<meta property=\"og:image:type\" content=\"image\/jpeg\" \/>\n<meta name=\"author\" content=\"Reda\u00e7\u00e3o Beduka (a)\" \/>\n<meta name=\"twitter:card\" content=\"summary_large_image\" \/>\n<meta name=\"twitter:label1\" content=\"Escrito por\" \/>\n\t<meta name=\"twitter:data1\" content=\"Reda\u00e7\u00e3o Beduka (a)\" \/>\n\t<meta name=\"twitter:label2\" content=\"Est. tempo de leitura\" \/>\n\t<meta name=\"twitter:data2\" content=\"12 minutos\" \/>\n<script type=\"application\/ld+json\" class=\"yoast-schema-graph\">{\"@context\":\"https:\/\/schema.org\",\"@graph\":[{\"@type\":\"Article\",\"@id\":\"https:\/\/beduka.com\/blog\/materias\/historia\/republica-da-espada\/#article\",\"isPartOf\":{\"@id\":\"https:\/\/beduka.com\/blog\/materias\/historia\/republica-da-espada\/\"},\"author\":{\"name\":\"Reda\u00e7\u00e3o Beduka (a)\",\"@id\":\"https:\/\/beduka.com\/blog\/#\/schema\/person\/325d912d2cb8dd9ede8ab291427d2b8a\"},\"headline\":\"O que foi a Rep\u00fablica da Espada? Guia completo!\",\"datePublished\":\"2021-04-09T17:03:04+00:00\",\"dateModified\":\"2021-04-09T17:03:05+00:00\",\"mainEntityOfPage\":{\"@id\":\"https:\/\/beduka.com\/blog\/materias\/historia\/republica-da-espada\/\"},\"wordCount\":2371,\"commentCount\":2,\"publisher\":{\"@id\":\"https:\/\/beduka.com\/blog\/#organization\"},\"articleSection\":[\"Hist\u00f3ria\"],\"inLanguage\":\"pt-BR\",\"potentialAction\":[{\"@type\":\"CommentAction\",\"name\":\"Comment\",\"target\":[\"https:\/\/beduka.com\/blog\/materias\/historia\/republica-da-espada\/#respond\"]}]},{\"@type\":\"WebPage\",\"@id\":\"https:\/\/beduka.com\/blog\/materias\/historia\/republica-da-espada\/\",\"url\":\"https:\/\/beduka.com\/blog\/materias\/historia\/republica-da-espada\/\",\"name\":\"Rep\u00fablica da Espada: Veja suas fases e acontecimentos!\",\"isPartOf\":{\"@id\":\"https:\/\/beduka.com\/blog\/#website\"},\"datePublished\":\"2021-04-09T17:03:04+00:00\",\"dateModified\":\"2021-04-09T17:03:05+00:00\",\"description\":\"O que foi a Rep\u00fablica da Espada? Foi o momento inicial da Rep\u00fablica Velha com os dois primeiros governos militares: Deodoro da Fonseca e Floriano Peixoto.\",\"breadcrumb\":{\"@id\":\"https:\/\/beduka.com\/blog\/materias\/historia\/republica-da-espada\/#breadcrumb\"},\"inLanguage\":\"pt-BR\",\"potentialAction\":[{\"@type\":\"ReadAction\",\"target\":[\"https:\/\/beduka.com\/blog\/materias\/historia\/republica-da-espada\/\"]}]},{\"@type\":\"BreadcrumbList\",\"@id\":\"https:\/\/beduka.com\/blog\/materias\/historia\/republica-da-espada\/#breadcrumb\",\"itemListElement\":[{\"@type\":\"ListItem\",\"position\":1,\"name\":\"Home\",\"item\":\"https:\/\/beduka.com\/blog\/\"},{\"@type\":\"ListItem\",\"position\":2,\"name\":\"O que foi a Rep\u00fablica da Espada? Guia completo!\"}]},{\"@type\":\"WebSite\",\"@id\":\"https:\/\/beduka.com\/blog\/#website\",\"url\":\"https:\/\/beduka.com\/blog\/\",\"name\":\"Blog do Beduka | Mat\u00e9rias resumidas, Dicas e Exerc\u00edcios Enem\",\"description\":\"O Blog do Beduka tem os conte\u00fados que mais caem no Enem, exerc\u00edcios de vestibular com gabarito, resumos, dicas e informa\u00e7\u00f5es Sisu, Prouni e Fies.Encontre dicas para o ENEM, resumos, exerc\u00edcios e informa\u00e7\u00f5es sobre os vestibulares. Acesse agora!\",\"publisher\":{\"@id\":\"https:\/\/beduka.com\/blog\/#organization\"},\"potentialAction\":[{\"@type\":\"SearchAction\",\"target\":{\"@type\":\"EntryPoint\",\"urlTemplate\":\"https:\/\/beduka.com\/blog\/?s={search_term_string}\"},\"query-input\":\"required name=search_term_string\"}],\"inLanguage\":\"pt-BR\"},{\"@type\":\"Organization\",\"@id\":\"https:\/\/beduka.com\/blog\/#organization\",\"name\":\"Beduka\",\"url\":\"https:\/\/beduka.com\/blog\/\",\"logo\":{\"@type\":\"ImageObject\",\"inLanguage\":\"pt-BR\",\"@id\":\"https:\/\/beduka.com\/blog\/#\/schema\/logo\/image\/\",\"url\":\"https:\/\/beduka.com\/blog\/wp-content\/uploads\/2020\/06\/marca-beduka.png\",\"contentUrl\":\"https:\/\/beduka.com\/blog\/wp-content\/uploads\/2020\/06\/marca-beduka.png\",\"width\":1077,\"height\":368,\"caption\":\"Beduka\"},\"image\":{\"@id\":\"https:\/\/beduka.com\/blog\/#\/schema\/logo\/image\/\"},\"sameAs\":[\"https:\/\/www.facebook.com\/beduka.buscadordefaculdades\/\",\"https:\/\/www.instagram.com\/beduka_oficial\/\",\"https:\/\/www.linkedin.com\/company\/beduka\",\"https:\/\/br.pinterest.com\/bedukaoficial\/\",\"https:\/\/www.youtube.com\/beduka\"]},{\"@type\":\"Person\",\"@id\":\"https:\/\/beduka.com\/blog\/#\/schema\/person\/325d912d2cb8dd9ede8ab291427d2b8a\",\"name\":\"Reda\u00e7\u00e3o Beduka (a)\",\"image\":{\"@type\":\"ImageObject\",\"inLanguage\":\"pt-BR\",\"@id\":\"https:\/\/beduka.com\/blog\/#\/schema\/person\/image\/\",\"url\":\"https:\/\/secure.gravatar.com\/avatar\/6f58a181ef24e0dc0bb73f096aa0f8b5?s=96&d=mm&r=g\",\"contentUrl\":\"https:\/\/secure.gravatar.com\/avatar\/6f58a181ef24e0dc0bb73f096aa0f8b5?s=96&d=mm&r=g\",\"caption\":\"Reda\u00e7\u00e3o Beduka (a)\"},\"description\":\"Este conte\u00fado foi criado e validado por uma equipe multidisciplinar, formada por especialistas em cada \u00e1rea do conhecimento. O Beduka est\u00e1 presente no Instagram, YouTube, LinkedIn e em diversos outros ambientes digitais. O site foi criado em 2017 e, desde a sua funda\u00e7\u00e3o, atua para fornecer materiais de qualidade para facilitar a vida de estudantes de todo o Brasil, ajudando-os a se preparar para os principais vestibulares e o Enem.\",\"sameAs\":[\"https:\/\/www.facebook.com\/beduka.buscadordefaculdades\",\"https:\/\/www.instagram.com\/beduka_oficial\/\",\"https:\/\/br.pinterest.com\/bedukaoficial\/\"],\"url\":\"https:\/\/beduka.com\/blog\/author\/admin\/\"}]}<\/script>\n<!-- \/ Yoast SEO plugin. -->","yoast_head_json":{"title":"Rep\u00fablica da Espada: Veja suas fases e acontecimentos!","description":"O que foi a Rep\u00fablica da Espada? Foi o momento inicial da Rep\u00fablica Velha com os dois primeiros governos militares: Deodoro da Fonseca e Floriano Peixoto.","robots":{"index":"index","follow":"follow","max-snippet":"max-snippet:-1","max-image-preview":"max-image-preview:large","max-video-preview":"max-video-preview:-1"},"canonical":"https:\/\/beduka.com\/blog\/materias\/historia\/republica-da-espada\/","og_locale":"pt_BR","og_type":"article","og_title":"Rep\u00fablica da Espada: Veja suas fases e acontecimentos!","og_description":"O que foi a Rep\u00fablica da Espada? Foi o momento inicial da Rep\u00fablica Velha com os dois primeiros governos militares: Deodoro da Fonseca e Floriano Peixoto.","og_url":"https:\/\/beduka.com\/blog\/materias\/historia\/republica-da-espada\/","og_site_name":"Blog do Beduka | Mat\u00e9rias resumidas, Dicas e Exerc\u00edcios Enem","article_publisher":"https:\/\/www.facebook.com\/beduka.buscadordefaculdades\/","article_author":"https:\/\/www.facebook.com\/beduka.buscadordefaculdades","article_published_time":"2021-04-09T17:03:04+00:00","article_modified_time":"2021-04-09T17:03:05+00:00","og_image":[{"width":609,"height":342,"url":"https:\/\/beduka.com\/blog\/wp-content\/uploads\/2021\/04\/Afinal-o-que-foi-a-Republica-da-Espada-Descubra.jpg","type":"image\/jpeg"}],"author":"Reda\u00e7\u00e3o Beduka (a)","twitter_card":"summary_large_image","twitter_misc":{"Escrito por":"Reda\u00e7\u00e3o Beduka (a)","Est. tempo de leitura":"12 minutos"},"schema":{"@context":"https:\/\/schema.org","@graph":[{"@type":"Article","@id":"https:\/\/beduka.com\/blog\/materias\/historia\/republica-da-espada\/#article","isPartOf":{"@id":"https:\/\/beduka.com\/blog\/materias\/historia\/republica-da-espada\/"},"author":{"name":"Reda\u00e7\u00e3o Beduka (a)","@id":"https:\/\/beduka.com\/blog\/#\/schema\/person\/325d912d2cb8dd9ede8ab291427d2b8a"},"headline":"O que foi a Rep\u00fablica da Espada? Guia completo!","datePublished":"2021-04-09T17:03:04+00:00","dateModified":"2021-04-09T17:03:05+00:00","mainEntityOfPage":{"@id":"https:\/\/beduka.com\/blog\/materias\/historia\/republica-da-espada\/"},"wordCount":2371,"commentCount":2,"publisher":{"@id":"https:\/\/beduka.com\/blog\/#organization"},"articleSection":["Hist\u00f3ria"],"inLanguage":"pt-BR","potentialAction":[{"@type":"CommentAction","name":"Comment","target":["https:\/\/beduka.com\/blog\/materias\/historia\/republica-da-espada\/#respond"]}]},{"@type":"WebPage","@id":"https:\/\/beduka.com\/blog\/materias\/historia\/republica-da-espada\/","url":"https:\/\/beduka.com\/blog\/materias\/historia\/republica-da-espada\/","name":"Rep\u00fablica da Espada: Veja suas fases e acontecimentos!","isPartOf":{"@id":"https:\/\/beduka.com\/blog\/#website"},"datePublished":"2021-04-09T17:03:04+00:00","dateModified":"2021-04-09T17:03:05+00:00","description":"O que foi a Rep\u00fablica da Espada? Foi o momento inicial da Rep\u00fablica Velha com os dois primeiros governos militares: Deodoro da Fonseca e Floriano Peixoto.","breadcrumb":{"@id":"https:\/\/beduka.com\/blog\/materias\/historia\/republica-da-espada\/#breadcrumb"},"inLanguage":"pt-BR","potentialAction":[{"@type":"ReadAction","target":["https:\/\/beduka.com\/blog\/materias\/historia\/republica-da-espada\/"]}]},{"@type":"BreadcrumbList","@id":"https:\/\/beduka.com\/blog\/materias\/historia\/republica-da-espada\/#breadcrumb","itemListElement":[{"@type":"ListItem","position":1,"name":"Home","item":"https:\/\/beduka.com\/blog\/"},{"@type":"ListItem","position":2,"name":"O que foi a Rep\u00fablica da Espada? Guia completo!"}]},{"@type":"WebSite","@id":"https:\/\/beduka.com\/blog\/#website","url":"https:\/\/beduka.com\/blog\/","name":"Blog do Beduka | Mat\u00e9rias resumidas, Dicas e Exerc\u00edcios Enem","description":"O Blog do Beduka tem os conte\u00fados que mais caem no Enem, exerc\u00edcios de vestibular com gabarito, resumos, dicas e informa\u00e7\u00f5es Sisu, Prouni e Fies.Encontre dicas para o ENEM, resumos, exerc\u00edcios e informa\u00e7\u00f5es sobre os vestibulares. Acesse agora!","publisher":{"@id":"https:\/\/beduka.com\/blog\/#organization"},"potentialAction":[{"@type":"SearchAction","target":{"@type":"EntryPoint","urlTemplate":"https:\/\/beduka.com\/blog\/?s={search_term_string}"},"query-input":"required name=search_term_string"}],"inLanguage":"pt-BR"},{"@type":"Organization","@id":"https:\/\/beduka.com\/blog\/#organization","name":"Beduka","url":"https:\/\/beduka.com\/blog\/","logo":{"@type":"ImageObject","inLanguage":"pt-BR","@id":"https:\/\/beduka.com\/blog\/#\/schema\/logo\/image\/","url":"https:\/\/beduka.com\/blog\/wp-content\/uploads\/2020\/06\/marca-beduka.png","contentUrl":"https:\/\/beduka.com\/blog\/wp-content\/uploads\/2020\/06\/marca-beduka.png","width":1077,"height":368,"caption":"Beduka"},"image":{"@id":"https:\/\/beduka.com\/blog\/#\/schema\/logo\/image\/"},"sameAs":["https:\/\/www.facebook.com\/beduka.buscadordefaculdades\/","https:\/\/www.instagram.com\/beduka_oficial\/","https:\/\/www.linkedin.com\/company\/beduka","https:\/\/br.pinterest.com\/bedukaoficial\/","https:\/\/www.youtube.com\/beduka"]},{"@type":"Person","@id":"https:\/\/beduka.com\/blog\/#\/schema\/person\/325d912d2cb8dd9ede8ab291427d2b8a","name":"Reda\u00e7\u00e3o Beduka (a)","image":{"@type":"ImageObject","inLanguage":"pt-BR","@id":"https:\/\/beduka.com\/blog\/#\/schema\/person\/image\/","url":"https:\/\/secure.gravatar.com\/avatar\/6f58a181ef24e0dc0bb73f096aa0f8b5?s=96&d=mm&r=g","contentUrl":"https:\/\/secure.gravatar.com\/avatar\/6f58a181ef24e0dc0bb73f096aa0f8b5?s=96&d=mm&r=g","caption":"Reda\u00e7\u00e3o Beduka (a)"},"description":"Este conte\u00fado foi criado e validado por uma equipe multidisciplinar, formada por especialistas em cada \u00e1rea do conhecimento. O Beduka est\u00e1 presente no Instagram, YouTube, LinkedIn e em diversos outros ambientes digitais. O site foi criado em 2017 e, desde a sua funda\u00e7\u00e3o, atua para fornecer materiais de qualidade para facilitar a vida de estudantes de todo o Brasil, ajudando-os a se preparar para os principais vestibulares e o Enem.","sameAs":["https:\/\/www.facebook.com\/beduka.buscadordefaculdades","https:\/\/www.instagram.com\/beduka_oficial\/","https:\/\/br.pinterest.com\/bedukaoficial\/"],"url":"https:\/\/beduka.com\/blog\/author\/admin\/"}]}},"_links":{"self":[{"href":"https:\/\/beduka.com\/blog\/wp-json\/wp\/v2\/posts\/20866"}],"collection":[{"href":"https:\/\/beduka.com\/blog\/wp-json\/wp\/v2\/posts"}],"about":[{"href":"https:\/\/beduka.com\/blog\/wp-json\/wp\/v2\/types\/post"}],"author":[{"embeddable":true,"href":"https:\/\/beduka.com\/blog\/wp-json\/wp\/v2\/users\/1"}],"replies":[{"embeddable":true,"href":"https:\/\/beduka.com\/blog\/wp-json\/wp\/v2\/comments?post=20866"}],"version-history":[{"count":1,"href":"https:\/\/beduka.com\/blog\/wp-json\/wp\/v2\/posts\/20866\/revisions"}],"predecessor-version":[{"id":20870,"href":"https:\/\/beduka.com\/blog\/wp-json\/wp\/v2\/posts\/20866\/revisions\/20870"}],"wp:featuredmedia":[{"embeddable":true,"href":"https:\/\/beduka.com\/blog\/wp-json\/wp\/v2\/media\/20867"}],"wp:attachment":[{"href":"https:\/\/beduka.com\/blog\/wp-json\/wp\/v2\/media?parent=20866"}],"wp:term":[{"taxonomy":"category","embeddable":true,"href":"https:\/\/beduka.com\/blog\/wp-json\/wp\/v2\/categories?post=20866"},{"taxonomy":"post_tag","embeddable":true,"href":"https:\/\/beduka.com\/blog\/wp-json\/wp\/v2\/tags?post=20866"}],"curies":[{"name":"wp","href":"https:\/\/api.w.org\/{rel}","templated":true}]}}