{"id":21229,"date":"2021-05-06T17:38:59","date_gmt":"2021-05-06T20:38:59","guid":{"rendered":"https:\/\/beduka.com\/blog\/?p=21229"},"modified":"2021-05-06T17:39:00","modified_gmt":"2021-05-06T20:39:00","slug":"movimento-retilineo-uniforme","status":"publish","type":"post","link":"https:\/\/beduka.com\/blog\/materias\/movimento-retilineo-uniforme\/","title":{"rendered":"O que \u00e9 Movimento Retil\u00edneo Uniforme? Veja f\u00f3rmulas e gr\u00e1ficos que explicam"},"content":{"rendered":"\n<blockquote class=\"wp-block-quote\"><p><strong>Quando estamos percorrendo uma estrada reta e o veloc\u00edmetro do carro sempre aponta a mesma velocidade, esse \u00e9 um movimento retil\u00edneo uniforme. Ou seja, \u00e9 o tipo de movimento em que a velocidade se mant\u00e9m constante em uma trajet\u00f3ria reta. Veja nesse artigo, alguns gr\u00e1ficos e f\u00f3rmulas que explicam sobre esse movimento.\u00a0<\/strong><\/p><\/blockquote>\n\n\n\n<p>Neste texto sobre o Movimento Retil\u00edneo Uniforme, voc\u00ea encontrar\u00e1 os t\u00f3picos abaixo.<strong> Clique em um deles para ir diretamente ao conte\u00fado:<\/strong><\/p>\n\n\n\n<ol><li><a href=\"#movimento-retil\u00edneo-uniforme\" data-type=\"internal\" data-id=\"#movimento-retil\u00edneo-uniforme\">O que \u00e9 o Movimento Retil\u00edneo Uniforme (MRU)?<\/a><\/li><li><a href=\"#principais-conceitos-do-movimento-retil\u00edneo-uniforme\" data-type=\"internal\" data-id=\"#principais-conceitos-do-movimento-retil\u00edneo-uniforme\">Quais s\u00e3o os principais conceitos do Movimento Retil\u00edneo Uniforme?<\/a><\/li><li><a href=\"#velocidade-m\u00e9dia\" data-type=\"internal\" data-id=\"#velocidade-m\u00e9dia\">Como calcular a Velocidade M\u00e9dia?<\/a><\/li><li><a href=\"#fun\u00e7\u00e3o-hor\u00e1ria\">O que \u00e9 Fun\u00e7\u00e3o Hor\u00e1ria?<\/a><\/li><li><a href=\"#gr\u00e1ficos-do-movimento-retil\u00edneo-uniforme\" data-type=\"internal\" data-id=\"#gr\u00e1ficos-do-movimento-retil\u00edneo-uniforme\">Como s\u00e3o os gr\u00e1ficos do Movimento Retil\u00edneo Uniforme?<\/a><\/li><li><a href=\"#movimento-retil\u00edneo-uniformemente-variado\" data-type=\"internal\" data-id=\"#movimento-retil\u00edneo-uniformemente-variado\">O que \u00e9 o Movimento Retil\u00edneo Uniformemente Variado (MRUV)?<\/a><\/li><\/ol>\n\n\n\n<ul><li><strong>Estudando para as provas?<\/strong> Conhe\u00e7a <a href=\"https:\/\/beduka.com\/blog\/dicas\/enem-dicas\/simulados-para-enem-online-e-gratuito\/\" target=\"_blank\" rel=\"noreferrer noopener\">O melhor Simulado do Brasil!<\/a> Ele pode ser personalizado com as mat\u00e9rias que voc\u00ea mais precisa!<\/li><\/ul>\n\n\n\n<h2 class=\"wp-block-heading\" id=\"movimento-retil\u00edneo-uniforme\">O que \u00e9 o Movimento Retil\u00edneo Uniforme(MRU)?<\/h2>\n\n\n\n<p><strong>O Movimento Retil\u00edneo Uniforme (MRU) \u00e9 um tipo de movimento em que um m\u00f3vel percorre espa\u00e7os iguais em intervalos de tempo iguais e sempre em linha reta<\/strong>.&nbsp;<\/p>\n\n\n\n<p>Isso quer dizer que \u00e9 um movimento que acontece apenas quando algo est\u00e1 se movendo em linha reta e com velocidade constante.&nbsp;<\/p>\n\n\n\n<p><strong>Outro aspecto, \u00e9 que nesse movimento, o m\u00f3vel n\u00e3o tem acelera\u00e7\u00e3o<\/strong>. \u00c9 por isso que ele n\u00e3o pode fazer curvas. Porque o ato de mudar de dire\u00e7\u00e3o envolve que uma outra for\u00e7a atue sobre ele, gerando, necessariamente, uma acelera\u00e7\u00e3o.&nbsp;<\/p>\n\n\n\n<h2 class=\"wp-block-heading\" id=\"principais-conceitos-do-movimento-retil\u00edneo-uniforme\">Quais s\u00e3o os principais conceitos do Movimento Retil\u00edneo Uniforme?<\/h2>\n\n\n\n<p>Existem dois conceitos principais para esse tipo de movimento. Veremos cada um deles:<\/p>\n\n\n\n<h3 class=\"wp-block-heading\">Varia\u00e7\u00e3o do Espa\u00e7o (ou Deslocamento)<\/h3>\n\n\n\n<p>A varia\u00e7\u00e3o do espa\u00e7o \u00e9 fundamental para o movimento retil\u00edneo porque <strong>ela mostra qual foi a dist\u00e2ncia percorrida<\/strong>.&nbsp;<\/p>\n\n\n\n<p>Imagine um enunciado de um exerc\u00edcio dizendo-lhe que um carro saiu do quil\u00f4metro 50 de uma avenida e viajou at\u00e9 o quil\u00f4metro 100. A partir da\u00ed voc\u00ea sabe que a viagem durou 50 quil\u00f4metros.&nbsp;<\/p>\n\n\n\n<p>Existe uma<strong> f\u00f3rmula matem\u00e1tica<\/strong> que traduz esse racioc\u00ednio que acabamos de fazer. Ela \u00e9 assim:&nbsp;<\/p>\n\n\n\n<p>\u0394s = s \u2013 s0<\/p>\n\n\n\n<p><strong>\u0394s =<\/strong> Varia\u00e7\u00e3o do Espa\u00e7o<\/p>\n\n\n\n<p><strong>s =<\/strong> Espa\u00e7o ou posi\u00e7\u00e3o final&nbsp;<\/p>\n\n\n\n<p><strong>s0=<\/strong> Espa\u00e7o ou posi\u00e7\u00e3o inicial&nbsp;<\/p>\n\n\n\n<p>No caso do exemplo que demos, a posi\u00e7\u00e3o final era 100 Km e a inicial era 50 Km, logo, a varia\u00e7\u00e3o do espa\u00e7o resultou em 50 Km.&nbsp;<\/p>\n\n\n\n<h3 class=\"wp-block-heading\">Varia\u00e7\u00e3o do Tempo (ou Intervalo de tempo)<\/h3>\n\n\n\n<p>O outro elemento fundamental para o movimento retil\u00edneo uniforme \u00e9 a varia\u00e7\u00e3o do tempo. A maioria dos exerc\u00edcios j\u00e1 fornecem esse dado no enunciado, contudo, se for necess\u00e1rio, <strong>voc\u00ea pode calcul\u00e1-la com a seguinte f\u00f3rmula<\/strong>:<\/p>\n\n\n\n<p>\u0394t = t \u2013 t0<\/p>\n\n\n\n<p><strong>\u0394t =<\/strong> Varia\u00e7\u00e3o do Tempo<\/p>\n\n\n\n<p><strong>t =<\/strong> Tempo final&nbsp;<\/p>\n\n\n\n<p><strong>t0=<\/strong> Tempo inicial&nbsp;<\/p>\n\n\n\n<h2 class=\"wp-block-heading\" id=\"velocidade-m\u00e9dia\">Como se calcula Velocidade M\u00e9dia?<\/h2>\n\n\n\n<p>Tendo calculado as varia\u00e7\u00f5es do espa\u00e7o e tempo, fica f\u00e1cil calcular a velocidade m\u00e9dia, pois <strong>basta dividir uma pela outra<\/strong>. Por conta disso, a f\u00f3rmula da velocidade m\u00e9dia \u00e9:&nbsp;<\/p>\n\n\n\n<p>Vm = \u0394s\/\u0394t<\/p>\n\n\n\n<p><strong>Vm =<\/strong> Velocidade m\u00e9dia<\/p>\n\n\n\n<p><strong>\u0394s =<\/strong> Varia\u00e7\u00e3o do espa\u00e7o&nbsp;<\/p>\n\n\n\n<p><strong>\u0394t =<\/strong> Varia\u00e7\u00e3o do tempo<\/p>\n\n\n\n<h3 class=\"wp-block-heading\">Velocidade instant\u00e2nea<\/h3>\n\n\n\n<p>O conceito de velocidade instant\u00e2nea pode causar confus\u00e3o, ent\u00e3o vamos esclarec\u00ea-lo. <strong>Velocidade instant\u00e2nea<\/strong> (representada pela letra \u201cv\u201d) <strong>\u00e9 o valor da velocidade num intervalo de tempo muito pequeno<\/strong>.&nbsp;<\/p>\n\n\n\n<p>Por\u00e9m, como estamos falando de Movimento Retil\u00edneo Uniforme, <strong>a velocidade instant\u00e2nea e a velocidade m\u00e9dia ter\u00e3o o mesmo valor<\/strong>.&nbsp;<\/p>\n\n\n\n<h3 class=\"wp-block-heading\">Unidades de medida de velocidade<\/h3>\n\n\n\n<p>Segundo o Sistema Internacional de Medidas, a unidade padr\u00e3o da velocidade m\u00e9dia \u00e9 o metro por segundo (m\/s). Entretanto, a alternativa a essa unidade costuma ser o quil\u00f4metro por hora (Km\/h).&nbsp;<\/p>\n\n\n\n<p>Para convertermos m\/s em km\/h basta multiplicar por 3,6 e se quisermos fazer a opera\u00e7\u00e3o inversa basta dividir pelo mesmo valor. Logo, as duas f\u00f3rmulas s\u00e3o:<\/p>\n\n\n\n<p>m\/s x 3,6 = Km\/h&nbsp;<\/p>\n\n\n\n<p>Km\/h : 3,6 = m\/s<\/p>\n\n\n\n<h2 class=\"wp-block-heading\" id=\"fun\u00e7\u00e3o-hor\u00e1ria\">O que \u00e9 a Fun\u00e7\u00e3o Hor\u00e1ria?<\/h2>\n\n\n\n<p><strong>Essa \u00e9 uma fun\u00e7\u00e3o que usamos para descobrir a posi\u00e7\u00e3o de um m\u00f3vel com velocidade constante em determinado momento<\/strong>. Vamos a um exemplo para deixar mais claro.&nbsp;<\/p>\n\n\n\n<p>Imagine uma pessoa que caminha a uma velocidade m\u00e9dia de 20 km\/h. Se a velocidade do atleta se mantiver constante, significa que em uma hora ele estar\u00e1 no quil\u00f4metro 20 da pista em que caminha.&nbsp;<\/p>\n\n\n\n<p>Em duas horas estar\u00e1 no 40, em 3 horas no 60 e assim por diante. Perceba como se torna f\u00e1cil prever onde e quando ele estar\u00e1, se sua velocidade se mantiver. Essa \u00e9 a fun\u00e7\u00e3o hor\u00e1ria. Ela pode ser representada pela seguinte equa\u00e7\u00e3o:<\/p>\n\n\n\n<p>S = S0 + v.t<\/p>\n\n\n\n<p><strong>S = <\/strong>Posi\u00e7\u00e3o final (m)<\/p>\n\n\n\n<p><strong>S0 = <\/strong>Posi\u00e7\u00e3o inicial (m)<\/p>\n\n\n\n<p><strong>v = <\/strong>Velocidade m\u00e9dia (m\/s)&nbsp;<\/p>\n\n\n\n<p><strong>t = <\/strong>Intervalo de tempo<strong> <\/strong>(s)<strong>&nbsp;&nbsp;&nbsp;<\/strong><\/p>\n\n\n\n<h2 class=\"wp-block-heading\" id=\"gr\u00e1ficos-do-movimento-retil\u00edneo-uniforme\">Como s\u00e3o os gr\u00e1ficos do Movimento Retil\u00edneo Uniforme?<\/h2>\n\n\n\n<p><strong>Existem tr\u00eas gr\u00e1ficos que representam o Movimento Retil\u00edneo Uniforme<\/strong>. Dois deles s\u00e3o ligados ao referencial e o outro est\u00e1 ligado \u00e0 velocidade m\u00e9dia.&nbsp;<\/p>\n\n\n\n<p><strong>O que todos t\u00eam em comum \u00e9 que todos s\u00e3o retas<\/strong>, afinal, estamos falando de um movimento uniforme. Por\u00e9m, dependendo da fun\u00e7\u00e3o, <strong>essas retas podem inclinar para dire\u00e7\u00f5es diferentes<\/strong>. Veja os gr\u00e1ficos para entender melhor.&nbsp;<\/p>\n\n\n\n<h3 class=\"wp-block-heading\">Gr\u00e1fico Ascendente<\/h3>\n\n\n\n<p>Esse gr\u00e1fico \u00e9 ligado ao referencial (posi\u00e7\u00e3o do observador) e <strong>ele representa o m\u00f3vel se afastando desse referencial<\/strong>.&nbsp;<\/p>\n\n\n\n<p>Essa a\u00e7\u00e3o de se afastar \u00e9 chamada de <strong>movimento progressivo<\/strong> e, como o movimento \u00e9 retil\u00edneo uniforme, <strong>o gr\u00e1fico ser\u00e1 uma reta que aponta para cima<\/strong>.&nbsp;<\/p>\n\n\n\n<div class=\"wp-block-image\"><figure class=\"aligncenter size-large\"><img decoding=\"async\" loading=\"lazy\" width=\"360\" height=\"360\" src=\"https:\/\/beduka.com\/blog\/wp-content\/uploads\/2021\/05\/grafico-ascendente-do-movimento-retilineo-uniforme.png\" alt=\"gr\u00e1fico ascendente do movimento retil\u00edneo uniforme\" class=\"wp-image-21231\" srcset=\"https:\/\/beduka.com\/blog\/wp-content\/uploads\/2021\/05\/grafico-ascendente-do-movimento-retilineo-uniforme.png 360w, https:\/\/beduka.com\/blog\/wp-content\/uploads\/2021\/05\/grafico-ascendente-do-movimento-retilineo-uniforme-300x300.png 300w, https:\/\/beduka.com\/blog\/wp-content\/uploads\/2021\/05\/grafico-ascendente-do-movimento-retilineo-uniforme-320x320.png 320w, https:\/\/beduka.com\/blog\/wp-content\/uploads\/2021\/05\/grafico-ascendente-do-movimento-retilineo-uniforme-180x180.png 180w, https:\/\/beduka.com\/blog\/wp-content\/uploads\/2021\/05\/grafico-ascendente-do-movimento-retilineo-uniforme-70x70.png 70w\" sizes=\"(max-width: 360px) 100vw, 360px\" \/><figcaption>gr\u00e1fico ascendente do movimento retil\u00edneo uniforme<\/figcaption><\/figure><\/div>\n\n\n\n<h3 class=\"wp-block-heading\">Gr\u00e1fico Descendente<\/h3>\n\n\n\n<p>Esse gr\u00e1fico tamb\u00e9m \u00e9 ligado ao referencial, contudo, ao contr\u00e1rio do anterior, ele representa o m\u00f3vel se <strong>aproximando desse referencial<\/strong>. Logo, <strong>est\u00e1 fazendo um movimento retil\u00edneo uniforme regressivo<\/strong>. Por isso, sua reta aponta para baixo.<br><\/p>\n\n\n\n<div class=\"wp-block-image\"><figure class=\"aligncenter size-large\"><img decoding=\"async\" loading=\"lazy\" width=\"360\" height=\"360\" src=\"https:\/\/beduka.com\/blog\/wp-content\/uploads\/2021\/05\/grafico-descendente-do-movimento-retilineo-uniforme.png\" alt=\"gr\u00e1fico descendente do movimento uniforme\" class=\"wp-image-21232\" srcset=\"https:\/\/beduka.com\/blog\/wp-content\/uploads\/2021\/05\/grafico-descendente-do-movimento-retilineo-uniforme.png 360w, https:\/\/beduka.com\/blog\/wp-content\/uploads\/2021\/05\/grafico-descendente-do-movimento-retilineo-uniforme-300x300.png 300w, https:\/\/beduka.com\/blog\/wp-content\/uploads\/2021\/05\/grafico-descendente-do-movimento-retilineo-uniforme-320x320.png 320w, https:\/\/beduka.com\/blog\/wp-content\/uploads\/2021\/05\/grafico-descendente-do-movimento-retilineo-uniforme-180x180.png 180w, https:\/\/beduka.com\/blog\/wp-content\/uploads\/2021\/05\/grafico-descendente-do-movimento-retilineo-uniforme-70x70.png 70w\" sizes=\"(max-width: 360px) 100vw, 360px\" \/><figcaption>gr\u00e1fico descendente do movimento uniforme<\/figcaption><\/figure><\/div>\n\n\n\n<h3 class=\"wp-block-heading\">Gr\u00e1fico da Velocidade em Fun\u00e7\u00e3o do Tempo<\/h3>\n\n\n\n<p>Esse gr\u00e1fico j\u00e1 \u00e9 ligado \u00e0 velocidade m\u00e9dia e ele \u00e9 <strong>simplesmente uma linha reta paralela ao eixo do tempo<\/strong>. Afinal, se o Movimento \u00e9 Retil\u00edneo Uniforme, a velocidade \u00e9 sempre a mesma em todos os momentos.&nbsp;<\/p>\n\n\n\n<div class=\"wp-block-image\"><figure class=\"aligncenter size-large\"><img decoding=\"async\" loading=\"lazy\" width=\"360\" height=\"360\" src=\"https:\/\/beduka.com\/blog\/wp-content\/uploads\/2021\/05\/grafico-constante-do-movimento-retilineo-uniforme.png\" alt=\"gr\u00e1fico constante do movimento retil\u00edneo uniforme\" class=\"wp-image-21233\" srcset=\"https:\/\/beduka.com\/blog\/wp-content\/uploads\/2021\/05\/grafico-constante-do-movimento-retilineo-uniforme.png 360w, https:\/\/beduka.com\/blog\/wp-content\/uploads\/2021\/05\/grafico-constante-do-movimento-retilineo-uniforme-300x300.png 300w, https:\/\/beduka.com\/blog\/wp-content\/uploads\/2021\/05\/grafico-constante-do-movimento-retilineo-uniforme-320x320.png 320w, https:\/\/beduka.com\/blog\/wp-content\/uploads\/2021\/05\/grafico-constante-do-movimento-retilineo-uniforme-180x180.png 180w, https:\/\/beduka.com\/blog\/wp-content\/uploads\/2021\/05\/grafico-constante-do-movimento-retilineo-uniforme-70x70.png 70w\" sizes=\"(max-width: 360px) 100vw, 360px\" \/><figcaption>gr\u00e1fico constante do movimento retil\u00edneo uniforme<\/figcaption><\/figure><\/div>\n\n\n\n<h2 class=\"wp-block-heading\" id=\"movimento-retil\u00edneo-uniformemente-variado\">O que \u00e9 o Movimento Retil\u00edneo Uniformemente Variado (MRUV)?<\/h2>\n\n\n\n<p>A diferen\u00e7a entre esses dois movimentos \u00e9 que <strong>o Uniforme tem velocidade constante e o Variado tem acelera\u00e7\u00e3o constante<\/strong>.&nbsp;<\/p>\n\n\n\n<p>Ou seja, se medirmos a velocidade de um m\u00f3vel que esteja em Movimento Retil\u00edneo Uniforme em diferentes pontos do mesmo percurso, <strong>sempre encontraremos o mesmo valor<\/strong>.&nbsp;<\/p>\n\n\n\n<p>Todavia, se fizermos a mesma experi\u00eancia com um m\u00f3vel que est\u00e1 em Movimento Uniformemente Variado, vamos observar que <strong>sua velocidade aumenta ou diminui uniformemente conforme o tempo<\/strong>.&nbsp;<\/p>\n\n\n\n<p>Nesse caso, pode-se dizer que <strong>existem dois tipos de Movimentos Retil\u00edneo Uniformemente Variado<\/strong>. O acelerado e o retartado.<\/p>\n\n\n\n<ul><li><strong>Acelerado: <\/strong>&nbsp;Acelera\u00e7\u00e3o e velocidade possuem o mesmo sentido. Dessa forma, a cada intervalo de tempo completado a velocidade aumenta na mesma quantidade.<\/li><\/ul>\n\n\n\n<ul><li><strong>Retardado:<\/strong> Acelera\u00e7\u00e3o e velocidade possuem sentidos opostos. Dessa forma, a cada intervalo de tempo a velocidade reduz na mesma quantidade.&nbsp;<\/li><\/ul>\n\n\n\n<p><strong>Gostou do nosso artigo sobre Movimento Retil\u00edneo Uniforme?<\/strong> Confira outros artigos do nosso blog e se prepare para o Enem da melhor maneira! Voc\u00ea tamb\u00e9m pode se organizar com o nosso <a href=\"https:\/\/beduka.com\/blog\/dicas\/enem-dicas\/plano-de-estudos-gratuito\/\" target=\"_blank\" rel=\"noreferrer noopener\">plano de estudos<\/a>, o mais completo da internet, e o melhor: totalmente gratuito!<\/p>\n\n\n\n<p><strong>Queremos te ajudar a encontrar a FACULDADE IDEAL!<\/strong> Logo abaixo, fa\u00e7a uma pesquisa por curso e cidade que te mostraremos todas as faculdades que podem te atender. Informamos a nota de corte, valor de mensalidade, nota do MEC, avalia\u00e7\u00e3o dos alunos, modalidades de ensino e muito mais.<\/p>\n\n\n\n<p><strong>Experimente agora!<\/strong><\/p>\n","protected":false},"excerpt":{"rendered":"<p>Leia nosso artigo e entenda TUDO sobre Movimento Retil\u00edneo Uniforme com Gr\u00e1ficos, F\u00f3rmulas e Resumo completo da mat\u00e9ria para tirar todas as suas d\u00favidas.<\/p>\n","protected":false},"author":1,"featured_media":21230,"comment_status":"open","ping_status":"closed","sticky":false,"template":"","format":"standard","meta":{"_mi_skip_tracking":false,"_monsterinsights_sitenote_active":false,"_monsterinsights_sitenote_note":"","_monsterinsights_sitenote_category":0},"categories":[494,484],"tags":[],"yoast_head":"<!-- This site is optimized with the Yoast SEO plugin v20.10 - https:\/\/yoast.com\/wordpress\/plugins\/seo\/ -->\n<title>O que \u00e9 Movimento Retil\u00edneo Uniforme? [Veja F\u00f3rmulas e Gr\u00e1ficos]<\/title>\n<meta name=\"description\" content=\"Leia nosso artigo e entenda TUDO sobre Movimento Retil\u00edneo Uniforme com Gr\u00e1ficos, F\u00f3rmulas e Resumo completo da mat\u00e9ria para tirar todas as suas d\u00favidas.\" \/>\n<meta name=\"robots\" content=\"index, follow, max-snippet:-1, max-image-preview:large, max-video-preview:-1\" \/>\n<link rel=\"canonical\" href=\"https:\/\/beduka.com\/blog\/materias\/movimento-retilineo-uniforme\/\" \/>\n<meta property=\"og:locale\" content=\"pt_BR\" \/>\n<meta property=\"og:type\" content=\"article\" \/>\n<meta property=\"og:title\" content=\"O que \u00e9 Movimento Retil\u00edneo Uniforme? [Veja F\u00f3rmulas e Gr\u00e1ficos]\" \/>\n<meta property=\"og:description\" content=\"Leia nosso artigo e entenda TUDO sobre Movimento Retil\u00edneo Uniforme com Gr\u00e1ficos, F\u00f3rmulas e Resumo completo da mat\u00e9ria para tirar todas as suas d\u00favidas.\" \/>\n<meta property=\"og:url\" content=\"https:\/\/beduka.com\/blog\/materias\/movimento-retilineo-uniforme\/\" \/>\n<meta property=\"og:site_name\" content=\"Blog do Beduka | Mat\u00e9rias resumidas, Dicas e Exerc\u00edcios Enem\" \/>\n<meta property=\"article:publisher\" content=\"https:\/\/www.facebook.com\/beduka.buscadordefaculdades\/\" \/>\n<meta property=\"article:author\" content=\"https:\/\/www.facebook.com\/beduka.buscadordefaculdades\" \/>\n<meta property=\"article:published_time\" content=\"2021-05-06T20:38:59+00:00\" \/>\n<meta property=\"article:modified_time\" content=\"2021-05-06T20:39:00+00:00\" \/>\n<meta property=\"og:image\" content=\"https:\/\/beduka.com\/blog\/wp-content\/uploads\/2021\/05\/Movimento-Retilineo-Uniforme.png\" \/>\n\t<meta property=\"og:image:width\" content=\"609\" \/>\n\t<meta property=\"og:image:height\" content=\"342\" \/>\n\t<meta property=\"og:image:type\" content=\"image\/png\" \/>\n<meta name=\"author\" content=\"Reda\u00e7\u00e3o Beduka (a)\" \/>\n<meta name=\"twitter:card\" content=\"summary_large_image\" \/>\n<meta name=\"twitter:label1\" content=\"Escrito por\" \/>\n\t<meta name=\"twitter:data1\" content=\"Reda\u00e7\u00e3o Beduka (a)\" \/>\n\t<meta name=\"twitter:label2\" content=\"Est. tempo de leitura\" \/>\n\t<meta name=\"twitter:data2\" content=\"7 minutos\" \/>\n<script type=\"application\/ld+json\" class=\"yoast-schema-graph\">{\"@context\":\"https:\/\/schema.org\",\"@graph\":[{\"@type\":\"Article\",\"@id\":\"https:\/\/beduka.com\/blog\/materias\/movimento-retilineo-uniforme\/#article\",\"isPartOf\":{\"@id\":\"https:\/\/beduka.com\/blog\/materias\/movimento-retilineo-uniforme\/\"},\"author\":{\"name\":\"Reda\u00e7\u00e3o Beduka (a)\",\"@id\":\"https:\/\/beduka.com\/blog\/#\/schema\/person\/325d912d2cb8dd9ede8ab291427d2b8a\"},\"headline\":\"O que \u00e9 Movimento Retil\u00edneo Uniforme? Veja f\u00f3rmulas e gr\u00e1ficos que explicam\",\"datePublished\":\"2021-05-06T20:38:59+00:00\",\"dateModified\":\"2021-05-06T20:39:00+00:00\",\"mainEntityOfPage\":{\"@id\":\"https:\/\/beduka.com\/blog\/materias\/movimento-retilineo-uniforme\/\"},\"wordCount\":1337,\"commentCount\":0,\"publisher\":{\"@id\":\"https:\/\/beduka.com\/blog\/#organization\"},\"articleSection\":[\"F\u00edsica\",\"Mat\u00e9rias\"],\"inLanguage\":\"pt-BR\",\"potentialAction\":[{\"@type\":\"CommentAction\",\"name\":\"Comment\",\"target\":[\"https:\/\/beduka.com\/blog\/materias\/movimento-retilineo-uniforme\/#respond\"]}]},{\"@type\":\"WebPage\",\"@id\":\"https:\/\/beduka.com\/blog\/materias\/movimento-retilineo-uniforme\/\",\"url\":\"https:\/\/beduka.com\/blog\/materias\/movimento-retilineo-uniforme\/\",\"name\":\"O que \u00e9 Movimento Retil\u00edneo Uniforme? [Veja F\u00f3rmulas e Gr\u00e1ficos]\",\"isPartOf\":{\"@id\":\"https:\/\/beduka.com\/blog\/#website\"},\"datePublished\":\"2021-05-06T20:38:59+00:00\",\"dateModified\":\"2021-05-06T20:39:00+00:00\",\"description\":\"Leia nosso artigo e entenda TUDO sobre Movimento Retil\u00edneo Uniforme com Gr\u00e1ficos, F\u00f3rmulas e Resumo completo da mat\u00e9ria para tirar todas as suas d\u00favidas.\",\"breadcrumb\":{\"@id\":\"https:\/\/beduka.com\/blog\/materias\/movimento-retilineo-uniforme\/#breadcrumb\"},\"inLanguage\":\"pt-BR\",\"potentialAction\":[{\"@type\":\"ReadAction\",\"target\":[\"https:\/\/beduka.com\/blog\/materias\/movimento-retilineo-uniforme\/\"]}]},{\"@type\":\"BreadcrumbList\",\"@id\":\"https:\/\/beduka.com\/blog\/materias\/movimento-retilineo-uniforme\/#breadcrumb\",\"itemListElement\":[{\"@type\":\"ListItem\",\"position\":1,\"name\":\"Home\",\"item\":\"https:\/\/beduka.com\/blog\/\"},{\"@type\":\"ListItem\",\"position\":2,\"name\":\"O que \u00e9 Movimento Retil\u00edneo Uniforme? Veja f\u00f3rmulas e gr\u00e1ficos que explicam\"}]},{\"@type\":\"WebSite\",\"@id\":\"https:\/\/beduka.com\/blog\/#website\",\"url\":\"https:\/\/beduka.com\/blog\/\",\"name\":\"Blog do Beduka | Mat\u00e9rias resumidas, Dicas e Exerc\u00edcios Enem\",\"description\":\"O Blog do Beduka tem os conte\u00fados que mais caem no Enem, exerc\u00edcios de vestibular com gabarito, resumos, dicas e informa\u00e7\u00f5es Sisu, Prouni e Fies.Encontre dicas para o ENEM, resumos, exerc\u00edcios e informa\u00e7\u00f5es sobre os vestibulares. Acesse agora!\",\"publisher\":{\"@id\":\"https:\/\/beduka.com\/blog\/#organization\"},\"potentialAction\":[{\"@type\":\"SearchAction\",\"target\":{\"@type\":\"EntryPoint\",\"urlTemplate\":\"https:\/\/beduka.com\/blog\/?s={search_term_string}\"},\"query-input\":\"required name=search_term_string\"}],\"inLanguage\":\"pt-BR\"},{\"@type\":\"Organization\",\"@id\":\"https:\/\/beduka.com\/blog\/#organization\",\"name\":\"Beduka\",\"url\":\"https:\/\/beduka.com\/blog\/\",\"logo\":{\"@type\":\"ImageObject\",\"inLanguage\":\"pt-BR\",\"@id\":\"https:\/\/beduka.com\/blog\/#\/schema\/logo\/image\/\",\"url\":\"https:\/\/beduka.com\/blog\/wp-content\/uploads\/2020\/06\/marca-beduka.png\",\"contentUrl\":\"https:\/\/beduka.com\/blog\/wp-content\/uploads\/2020\/06\/marca-beduka.png\",\"width\":1077,\"height\":368,\"caption\":\"Beduka\"},\"image\":{\"@id\":\"https:\/\/beduka.com\/blog\/#\/schema\/logo\/image\/\"},\"sameAs\":[\"https:\/\/www.facebook.com\/beduka.buscadordefaculdades\/\",\"https:\/\/www.instagram.com\/beduka_oficial\/\",\"https:\/\/www.linkedin.com\/company\/beduka\",\"https:\/\/br.pinterest.com\/bedukaoficial\/\",\"https:\/\/www.youtube.com\/beduka\"]},{\"@type\":\"Person\",\"@id\":\"https:\/\/beduka.com\/blog\/#\/schema\/person\/325d912d2cb8dd9ede8ab291427d2b8a\",\"name\":\"Reda\u00e7\u00e3o Beduka (a)\",\"image\":{\"@type\":\"ImageObject\",\"inLanguage\":\"pt-BR\",\"@id\":\"https:\/\/beduka.com\/blog\/#\/schema\/person\/image\/\",\"url\":\"https:\/\/secure.gravatar.com\/avatar\/6f58a181ef24e0dc0bb73f096aa0f8b5?s=96&d=mm&r=g\",\"contentUrl\":\"https:\/\/secure.gravatar.com\/avatar\/6f58a181ef24e0dc0bb73f096aa0f8b5?s=96&d=mm&r=g\",\"caption\":\"Reda\u00e7\u00e3o Beduka (a)\"},\"description\":\"Este conte\u00fado foi criado e validado por uma equipe multidisciplinar, formada por especialistas em cada \u00e1rea do conhecimento. O Beduka est\u00e1 presente no Instagram, YouTube, LinkedIn e em diversos outros ambientes digitais. O site foi criado em 2017 e, desde a sua funda\u00e7\u00e3o, atua para fornecer materiais de qualidade para facilitar a vida de estudantes de todo o Brasil, ajudando-os a se preparar para os principais vestibulares e o Enem.\",\"sameAs\":[\"https:\/\/www.facebook.com\/beduka.buscadordefaculdades\",\"https:\/\/www.instagram.com\/beduka_oficial\/\",\"https:\/\/br.pinterest.com\/bedukaoficial\/\"],\"url\":\"https:\/\/beduka.com\/blog\/author\/admin\/\"}]}<\/script>\n<!-- \/ Yoast SEO plugin. -->","yoast_head_json":{"title":"O que \u00e9 Movimento Retil\u00edneo Uniforme? [Veja F\u00f3rmulas e Gr\u00e1ficos]","description":"Leia nosso artigo e entenda TUDO sobre Movimento Retil\u00edneo Uniforme com Gr\u00e1ficos, F\u00f3rmulas e Resumo completo da mat\u00e9ria para tirar todas as suas d\u00favidas.","robots":{"index":"index","follow":"follow","max-snippet":"max-snippet:-1","max-image-preview":"max-image-preview:large","max-video-preview":"max-video-preview:-1"},"canonical":"https:\/\/beduka.com\/blog\/materias\/movimento-retilineo-uniforme\/","og_locale":"pt_BR","og_type":"article","og_title":"O que \u00e9 Movimento Retil\u00edneo Uniforme? [Veja F\u00f3rmulas e Gr\u00e1ficos]","og_description":"Leia nosso artigo e entenda TUDO sobre Movimento Retil\u00edneo Uniforme com Gr\u00e1ficos, F\u00f3rmulas e Resumo completo da mat\u00e9ria para tirar todas as suas d\u00favidas.","og_url":"https:\/\/beduka.com\/blog\/materias\/movimento-retilineo-uniforme\/","og_site_name":"Blog do Beduka | Mat\u00e9rias resumidas, Dicas e Exerc\u00edcios Enem","article_publisher":"https:\/\/www.facebook.com\/beduka.buscadordefaculdades\/","article_author":"https:\/\/www.facebook.com\/beduka.buscadordefaculdades","article_published_time":"2021-05-06T20:38:59+00:00","article_modified_time":"2021-05-06T20:39:00+00:00","og_image":[{"width":609,"height":342,"url":"https:\/\/beduka.com\/blog\/wp-content\/uploads\/2021\/05\/Movimento-Retilineo-Uniforme.png","type":"image\/png"}],"author":"Reda\u00e7\u00e3o Beduka (a)","twitter_card":"summary_large_image","twitter_misc":{"Escrito por":"Reda\u00e7\u00e3o Beduka (a)","Est. tempo de leitura":"7 minutos"},"schema":{"@context":"https:\/\/schema.org","@graph":[{"@type":"Article","@id":"https:\/\/beduka.com\/blog\/materias\/movimento-retilineo-uniforme\/#article","isPartOf":{"@id":"https:\/\/beduka.com\/blog\/materias\/movimento-retilineo-uniforme\/"},"author":{"name":"Reda\u00e7\u00e3o Beduka (a)","@id":"https:\/\/beduka.com\/blog\/#\/schema\/person\/325d912d2cb8dd9ede8ab291427d2b8a"},"headline":"O que \u00e9 Movimento Retil\u00edneo Uniforme? Veja f\u00f3rmulas e gr\u00e1ficos que explicam","datePublished":"2021-05-06T20:38:59+00:00","dateModified":"2021-05-06T20:39:00+00:00","mainEntityOfPage":{"@id":"https:\/\/beduka.com\/blog\/materias\/movimento-retilineo-uniforme\/"},"wordCount":1337,"commentCount":0,"publisher":{"@id":"https:\/\/beduka.com\/blog\/#organization"},"articleSection":["F\u00edsica","Mat\u00e9rias"],"inLanguage":"pt-BR","potentialAction":[{"@type":"CommentAction","name":"Comment","target":["https:\/\/beduka.com\/blog\/materias\/movimento-retilineo-uniforme\/#respond"]}]},{"@type":"WebPage","@id":"https:\/\/beduka.com\/blog\/materias\/movimento-retilineo-uniforme\/","url":"https:\/\/beduka.com\/blog\/materias\/movimento-retilineo-uniforme\/","name":"O que \u00e9 Movimento Retil\u00edneo Uniforme? [Veja F\u00f3rmulas e Gr\u00e1ficos]","isPartOf":{"@id":"https:\/\/beduka.com\/blog\/#website"},"datePublished":"2021-05-06T20:38:59+00:00","dateModified":"2021-05-06T20:39:00+00:00","description":"Leia nosso artigo e entenda TUDO sobre Movimento Retil\u00edneo Uniforme com Gr\u00e1ficos, F\u00f3rmulas e Resumo completo da mat\u00e9ria para tirar todas as suas d\u00favidas.","breadcrumb":{"@id":"https:\/\/beduka.com\/blog\/materias\/movimento-retilineo-uniforme\/#breadcrumb"},"inLanguage":"pt-BR","potentialAction":[{"@type":"ReadAction","target":["https:\/\/beduka.com\/blog\/materias\/movimento-retilineo-uniforme\/"]}]},{"@type":"BreadcrumbList","@id":"https:\/\/beduka.com\/blog\/materias\/movimento-retilineo-uniforme\/#breadcrumb","itemListElement":[{"@type":"ListItem","position":1,"name":"Home","item":"https:\/\/beduka.com\/blog\/"},{"@type":"ListItem","position":2,"name":"O que \u00e9 Movimento Retil\u00edneo Uniforme? Veja f\u00f3rmulas e gr\u00e1ficos que explicam"}]},{"@type":"WebSite","@id":"https:\/\/beduka.com\/blog\/#website","url":"https:\/\/beduka.com\/blog\/","name":"Blog do Beduka | Mat\u00e9rias resumidas, Dicas e Exerc\u00edcios Enem","description":"O Blog do Beduka tem os conte\u00fados que mais caem no Enem, exerc\u00edcios de vestibular com gabarito, resumos, dicas e informa\u00e7\u00f5es Sisu, Prouni e Fies.Encontre dicas para o ENEM, resumos, exerc\u00edcios e informa\u00e7\u00f5es sobre os vestibulares. Acesse agora!","publisher":{"@id":"https:\/\/beduka.com\/blog\/#organization"},"potentialAction":[{"@type":"SearchAction","target":{"@type":"EntryPoint","urlTemplate":"https:\/\/beduka.com\/blog\/?s={search_term_string}"},"query-input":"required name=search_term_string"}],"inLanguage":"pt-BR"},{"@type":"Organization","@id":"https:\/\/beduka.com\/blog\/#organization","name":"Beduka","url":"https:\/\/beduka.com\/blog\/","logo":{"@type":"ImageObject","inLanguage":"pt-BR","@id":"https:\/\/beduka.com\/blog\/#\/schema\/logo\/image\/","url":"https:\/\/beduka.com\/blog\/wp-content\/uploads\/2020\/06\/marca-beduka.png","contentUrl":"https:\/\/beduka.com\/blog\/wp-content\/uploads\/2020\/06\/marca-beduka.png","width":1077,"height":368,"caption":"Beduka"},"image":{"@id":"https:\/\/beduka.com\/blog\/#\/schema\/logo\/image\/"},"sameAs":["https:\/\/www.facebook.com\/beduka.buscadordefaculdades\/","https:\/\/www.instagram.com\/beduka_oficial\/","https:\/\/www.linkedin.com\/company\/beduka","https:\/\/br.pinterest.com\/bedukaoficial\/","https:\/\/www.youtube.com\/beduka"]},{"@type":"Person","@id":"https:\/\/beduka.com\/blog\/#\/schema\/person\/325d912d2cb8dd9ede8ab291427d2b8a","name":"Reda\u00e7\u00e3o Beduka (a)","image":{"@type":"ImageObject","inLanguage":"pt-BR","@id":"https:\/\/beduka.com\/blog\/#\/schema\/person\/image\/","url":"https:\/\/secure.gravatar.com\/avatar\/6f58a181ef24e0dc0bb73f096aa0f8b5?s=96&d=mm&r=g","contentUrl":"https:\/\/secure.gravatar.com\/avatar\/6f58a181ef24e0dc0bb73f096aa0f8b5?s=96&d=mm&r=g","caption":"Reda\u00e7\u00e3o Beduka (a)"},"description":"Este conte\u00fado foi criado e validado por uma equipe multidisciplinar, formada por especialistas em cada \u00e1rea do conhecimento. O Beduka est\u00e1 presente no Instagram, YouTube, LinkedIn e em diversos outros ambientes digitais. O site foi criado em 2017 e, desde a sua funda\u00e7\u00e3o, atua para fornecer materiais de qualidade para facilitar a vida de estudantes de todo o Brasil, ajudando-os a se preparar para os principais vestibulares e o Enem.","sameAs":["https:\/\/www.facebook.com\/beduka.buscadordefaculdades","https:\/\/www.instagram.com\/beduka_oficial\/","https:\/\/br.pinterest.com\/bedukaoficial\/"],"url":"https:\/\/beduka.com\/blog\/author\/admin\/"}]}},"_links":{"self":[{"href":"https:\/\/beduka.com\/blog\/wp-json\/wp\/v2\/posts\/21229"}],"collection":[{"href":"https:\/\/beduka.com\/blog\/wp-json\/wp\/v2\/posts"}],"about":[{"href":"https:\/\/beduka.com\/blog\/wp-json\/wp\/v2\/types\/post"}],"author":[{"embeddable":true,"href":"https:\/\/beduka.com\/blog\/wp-json\/wp\/v2\/users\/1"}],"replies":[{"embeddable":true,"href":"https:\/\/beduka.com\/blog\/wp-json\/wp\/v2\/comments?post=21229"}],"version-history":[{"count":1,"href":"https:\/\/beduka.com\/blog\/wp-json\/wp\/v2\/posts\/21229\/revisions"}],"predecessor-version":[{"id":21234,"href":"https:\/\/beduka.com\/blog\/wp-json\/wp\/v2\/posts\/21229\/revisions\/21234"}],"wp:featuredmedia":[{"embeddable":true,"href":"https:\/\/beduka.com\/blog\/wp-json\/wp\/v2\/media\/21230"}],"wp:attachment":[{"href":"https:\/\/beduka.com\/blog\/wp-json\/wp\/v2\/media?parent=21229"}],"wp:term":[{"taxonomy":"category","embeddable":true,"href":"https:\/\/beduka.com\/blog\/wp-json\/wp\/v2\/categories?post=21229"},{"taxonomy":"post_tag","embeddable":true,"href":"https:\/\/beduka.com\/blog\/wp-json\/wp\/v2\/tags?post=21229"}],"curies":[{"name":"wp","href":"https:\/\/api.w.org\/{rel}","templated":true}]}}