{"id":21365,"date":"2021-05-14T17:34:37","date_gmt":"2021-05-14T20:34:37","guid":{"rendered":"https:\/\/beduka.com\/blog\/?p=21365"},"modified":"2021-05-14T17:34:41","modified_gmt":"2021-05-14T20:34:41","slug":"exercicios-sobre-crise-do-sistema-colonial","status":"publish","type":"post","link":"https:\/\/beduka.com\/blog\/exercicios\/exercicios-sobre-crise-do-sistema-colonial\/","title":{"rendered":"Os 10 Melhores Exerc\u00edcios sobre Crise do Sistema Colonial [com gabarito]"},"content":{"rendered":"\n<blockquote class=\"wp-block-quote\"><p><strong>Nos \u00faltimos anos do s\u00e9culo XVIII, o sistema colonial come\u00e7ou a entrar numa crise, enfraquecendo o pacto entre metr\u00f3poles e col\u00f4nias. Isto se deu por diversos fatores econ\u00f4micos e ideol\u00f3gicos. Leia o resumo abaixo para entender melhor e em seguida responda os exerc\u00edcios sobre a crise do sistema colonial.<\/strong><\/p><\/blockquote>\n\n\n\n<p><strong>Quer seguir diretamente para alguma parte espec\u00edfica?<\/strong> Clique em algum dos t\u00f3picos abaixo<\/p>\n\n\n\n<ul><li><a href=\"#o-que-foi-o-sistema-colonial\" data-type=\"internal\" data-id=\"#o-que-foi-o-sistema-colonial\">O que foi o sistema colonial?<\/a><\/li><li><a href=\"#fatores-que-levaram-\u00e0-crise-do-sistema-colonial\" data-type=\"internal\" data-id=\"#fatores-que-levaram-\u00e0-crise-do-sistema-colonial\">Quais foram os fatores que levaram \u00e0 crise do sistema colonial?<\/a><\/li><li><a href=\"#as-principais-revoltas-na-crise-do-sistema-colonial\" data-type=\"internal\" data-id=\"#as-principais-revoltas-na-crise-do-sistema-colonial\">Quais foram as principais revoltas na crise do sistema colonial?<\/a><\/li><li><a href=\"#exerc\u00edcios-sobre-crise-do-sistema-colonial\" data-type=\"internal\" data-id=\"#exerc\u00edcios-sobre-crise-do-sistema-colonial\">Exerc\u00edcios sobre a crise do sistema colonial.<\/a><\/li><li><a href=\"#gabarito-dos-exerc\u00edcios-sobre-a-crise-do-sistema-colonial\" data-type=\"internal\" data-id=\"#gabarito-dos-exerc\u00edcios-sobre-a-crise-do-sistema-colonial\">Gabarito dos exerc\u00edcios sobre a crise do sistema colonial.<\/a><\/li><\/ul>\n\n\n\n<p>Quando voc\u00ea terminar os exerc\u00edcios sobre a crise do sistema colonial, que tal testar seus conhecimentos no <a rel=\"noreferrer noopener\" href=\"https:\/\/beduka.com\/simulado-enem\/#\/\" target=\"_blank\">Melhor Simulado Enem do Brasil<\/a>?<\/p>\n\n\n\n<h2 class=\"wp-block-heading\" id=\"o-que-foi-o-sistema-colonial\">O que foi o sistema colonial?<\/h2>\n\n\n\n<p><strong>O sistema colonial \u00e9 definido como o conjunto de rela\u00e7\u00f5es entre metr\u00f3pole e col\u00f4nia, que eram mantidas de forma direta e exclusiva, chamado tamb\u00e9m de pacto colonial.<\/strong>&nbsp;<\/p>\n\n\n\n<p><strong>Este sistema foi estabelecido entre estados-na\u00e7\u00f5es europeus e territ\u00f3rios americanos no contexto do mercantilismo<\/strong>. Esta era uma pr\u00e1tica econ\u00f4mica que se baseava no com\u00e9rcio com o exterior e no ac\u00famulo de metais preciosos.<\/p>\n\n\n\n<p>As metr\u00f3poles se constitu\u00edam como o centro de irradia\u00e7\u00e3o do dom\u00ednio sobre os territ\u00f3rios colonizados, sendo assim o lugar das decis\u00f5es pol\u00edticas, econ\u00f4micas e administrativas a serem realizadas na sua periferia: <strong>a col\u00f4nia<\/strong>.<\/p>\n\n\n\n<p>Pelo sistema colonial, <strong>a metr\u00f3pole mantinha o monop\u00f3lio de vendas dos produtos para a col\u00f4nia<\/strong>, bem como o monop\u00f3lio de consumo das mercadorias produzidas nela.&nbsp;<\/p>\n\n\n\n<p>As vendas para o territ\u00f3rio colonial eram feitas com pre\u00e7o elevado. J\u00e1 <strong>os produtos direcionados da col\u00f4nia para a metr\u00f3pole, eram comprados a baixo custo e revendidos<\/strong> no mercado europeu com valores mais altos.<\/p>\n\n\n\n<p>Eram as metr\u00f3poles tamb\u00e9m quem determinavam os tributos sobre a produ\u00e7\u00e3o na col\u00f4nia, que muitas vezes eram tomados como excessivos, gerando revoltas.<\/p>\n\n\n\n<ul><li><strong>S\u00e3o mais de 200 resumos gratuitos <\/strong>no <a href=\"https:\/\/www.instagram.com\/beduka_oficial\/\" target=\"_blank\" rel=\"noreferrer noopener\">Instagram do Beduka<\/a><strong>!<\/strong><\/li><\/ul>\n\n\n\n<h2 class=\"wp-block-heading\" id=\"fatores-que-levaram-\u00e0-crise-do-sistema-colonial\">Quais foram os fatores que levaram \u00e0 crise do sistema colonial?<\/h2>\n\n\n\n<p>Dentre os principais fatores que provocaram a crise do sistema colonial est\u00e3o:<\/p>\n\n\n\n<ul><li>A cr\u00edtica ao pacto que sustentava o sistema;&nbsp;<\/li><li>Revoltas que tinham como fim a sua dissolu\u00e7\u00e3o; desenvolvimento interno das col\u00f4nias americanas;&nbsp;<\/li><li>Dissemina\u00e7\u00e3o dos ideais iluministas vitoriosos durante a Revolu\u00e7\u00e3o Francesa.<\/li><\/ul>\n\n\n\n<p>Para manter o pacto colonial funcionando bem, era preciso que as col\u00f4nias se desenvolvessem.&nbsp;<\/p>\n\n\n\n<p>No entanto, <strong>quanto mais elas se desenvolviam, mais pr\u00f3ximas da independ\u00eancia ficavam<\/strong> e passavam a contestar as medidas restritivas impostas pelas metr\u00f3poles.<\/p>\n\n\n\n<p>No final do s\u00e9culo XVIII, quando ocorreu a crise do sistema colonial, houve tamb\u00e9m a ascens\u00e3o de uma s\u00e9rie de ideias que passaram a circular na Europa: <strong>as ideias liberais iluministas<\/strong>.&nbsp; Esses ideais chegaram \u00e0s \u00e1reas coloniais.<\/p>\n\n\n\n<p>Tais ideias contestavam o Antigo Regime, a concentra\u00e7\u00e3o de poderes, monop\u00f3lios e a ideologia hegem\u00f4nica que via o homem com o destino tra\u00e7ado numa sociedade estratificada.<\/p>\n\n\n\n<p><strong>A uni\u00e3o entre as situa\u00e7\u00f5es econ\u00f4micas e a ideologia nova que surgiu, levou o sistema colonial \u00e0 crise.<\/strong><\/p>\n\n\n\n<p>No caso do Brasil, h\u00e1 um outro elemento importante, que \u00e9 a <a href=\"https:\/\/beduka.com\/blog\/materias\/historia\/chegada-da-familia-real-no-brasil\/\" target=\"_blank\" rel=\"noreferrer noopener\">chegada da fam\u00edlia real<\/a> no contexto das guerras napole\u00f4nicas.<\/p>\n\n\n\n<p>A Inglaterra, cuja marinha fez a escolta de D. Jo\u00e3o VI e da nobreza portuguesa, foi contemplada com um tratado de com\u00e9rcio com a col\u00f4nia, na chamada <strong>abertura dos portos \u00e0s na\u00e7\u00f5es amigas<\/strong>.<\/p>\n\n\n\n<p>O Brasil foi promovido a <strong>Reino Unido a Portugal<\/strong> em 1815, finalizando seu status de col\u00f4nia.&nbsp;<\/p>\n\n\n\n<p>No entanto, durante a reuni\u00e3o das cortes em 1821, que visava criar uma constitui\u00e7\u00e3o para Portugal, <strong>os dirigentes portugueses propuseram a volta do Brasil \u00e0 sua antiga condi\u00e7\u00e3o<\/strong>.<\/p>\n\n\n\n<p>Decorrente das inten\u00e7\u00f5es portuguesas para o Brasil, D. Pedro I, em 1822, fez a <strong>independ\u00eancia brasileira<\/strong>, com apoio das elites e do povo, a fim de garantir as conquistas vindas no per\u00edodo joanino (1808 &#8211; 1821).<\/p>\n\n\n\n<h2 class=\"wp-block-heading\" id=\"as-principais-revoltas-na-crise-do-sistema-colonial\">Quais foram as principais revoltas na crise do sistema colonial?<\/h2>\n\n\n\n<div class=\"wp-block-image\"><figure class=\"aligncenter size-large\"><img decoding=\"async\" loading=\"lazy\" width=\"1024\" height=\"956\" src=\"https:\/\/beduka.com\/blog\/wp-content\/uploads\/2021\/05\/Mapa-do-Brasil-1824-1024x956.jpg\" alt=\"Mapa do Brasil 1824\" class=\"wp-image-21367\" srcset=\"https:\/\/beduka.com\/blog\/wp-content\/uploads\/2021\/05\/Mapa-do-Brasil-1824-1024x956.jpg 1024w, https:\/\/beduka.com\/blog\/wp-content\/uploads\/2021\/05\/Mapa-do-Brasil-1824-300x280.jpg 300w, https:\/\/beduka.com\/blog\/wp-content\/uploads\/2021\/05\/Mapa-do-Brasil-1824-768x717.jpg 768w, https:\/\/beduka.com\/blog\/wp-content\/uploads\/2021\/05\/Mapa-do-Brasil-1824-1536x1434.jpg 1536w, https:\/\/beduka.com\/blog\/wp-content\/uploads\/2021\/05\/Mapa-do-Brasil-1824-2048x1912.jpg 2048w, https:\/\/beduka.com\/blog\/wp-content\/uploads\/2021\/05\/Mapa-do-Brasil-1824-320x299.jpg 320w\" sizes=\"(max-width: 1024px) 100vw, 1024px\" \/><figcaption>Mapa do Brasil 1824<\/figcaption><\/figure><\/div>\n\n\n\n<p>Foram diversas as revoltas contra o sistema colonial. As mais importantes s\u00e3o os&nbsp; emancipacionistas e\/ou de independ\u00eancia que se ocorreram na Am\u00e9rica. Abaixo seguem alguns deles.<\/p>\n\n\n\n<p>No Brasil:<\/p>\n\n\n\n<ul><li>Inconfid\u00eancia Mineira (1789)<\/li><li>Conjura\u00e7\u00e3o Baiana (1798)<\/li><li>Revolu\u00e7\u00e3o Pernambucana (1817)<\/li><li>Independ\u00eancia do Brasil (1822)<\/li><\/ul>\n\n\n\n<p>Em outros lugares:<\/p>\n\n\n\n<ul><li>Revolu\u00e7\u00e3o Americana (1776 &#8211; 1783)<\/li><li>Revolu\u00e7\u00e3o Haitiana (1791-1804)<\/li><\/ul>\n\n\n\n<p><strong>\u00c9 importante notar que as revoltas emancipacionistas brasileiras n\u00e3o tinham car\u00e1ter de liberta\u00e7\u00e3o nacional, mas sim regional.<\/strong> Ainda n\u00e3o se tinha um sentimento de unidade das capitanias entre si. Isso s\u00f3 veio a acontecer com a independ\u00eancia realizada por D. Pedro I.<\/p>\n\n\n\n<h2 class=\"wp-block-heading\" id=\"exerc\u00edcios-sobre-crise-do-sistema-colonial\">Exerc\u00edcios sobre crise do sistema colonial<\/h2>\n\n\n\n<p><strong>Quest\u00e3o 1- (<\/strong><a href=\"https:\/\/www.vestibularfatec.com.br\/home\/\" target=\"_blank\" rel=\"noreferrer noopener\"><strong>FATEC<\/strong><\/a><strong>)<\/strong> A Conjura Baiana de 1798, conhecida tamb\u00e9m por Revolu\u00e7\u00e3o dos Alfaiates, foi a mais popular rebeli\u00e3o do per\u00edodo colonial, entre outros motivos, por propor:<\/p>\n\n\n\n<p><strong>a)<\/strong> a emancipa\u00e7\u00e3o de Portugal, a instaura\u00e7\u00e3o de uma Monarquia Constitucional e a manuten\u00e7\u00e3o do pacto colonial;<\/p>\n\n\n\n<p><strong>b)<\/strong> a emancipa\u00e7\u00e3o de Portugal, a instaura\u00e7\u00e3o de uma Monarquia Constitucional, a continuidade da escravid\u00e3o e a liberdade de com\u00e9rcio;<\/p>\n\n\n\n<p><strong>c)<\/strong> a emancipa\u00e7\u00e3o de Portugal, a instaura\u00e7\u00e3o de uma Rep\u00fablica, a continuidade da escravid\u00e3o e a manuten\u00e7\u00e3o das restri\u00e7\u00f5es ao com\u00e9rcio;<\/p>\n\n\n\n<p><strong>d) <\/strong>a emancipa\u00e7\u00e3o de Portugal, a instaura\u00e7\u00e3o de uma Rep\u00fablica, o fim da escravid\u00e3o e a liberdade de com\u00e9rcio;<\/p>\n\n\n\n<p><strong>e)<\/strong> a emancipa\u00e7\u00e3o de Portugal, a manuten\u00e7\u00e3o do Pacto Colonial, o fim da escravid\u00e3o e a forma\u00e7\u00e3o de um ex\u00e9rcito luso-brasileiro.<\/p>\n\n\n\n<p><strong>Quest\u00e3o 2- <\/strong><a href=\"https:\/\/www.unifenas.br\/\" target=\"_blank\" rel=\"noreferrer noopener\"><strong>(UNIFENAS)<\/strong><\/a> Falso ou Verdadeiro?<\/p>\n\n\n\n<p>I. A Conjura\u00e7\u00e3o Baiana teve como inspira\u00e7\u00e3o as ideias liberais e teve participa\u00e7\u00e3o popular.<\/p>\n\n\n\n<p>II. A Inconfid\u00eancia Mineira foi idealizada por uma elite e obteve o respaldo popular, com exce\u00e7\u00e3o dos trabalhadores escravos.<\/p>\n\n\n\n<p>III. Ideal de liberta\u00e7\u00e3o nacional, influ\u00eancia das ideias iluministas, apoio popular e forte repress\u00e3o militar caracterizaram os movimentos de independ\u00eancia conhecidos como Inconfid\u00eancia Mineira e Conjura\u00e7\u00e3o Baiana.<\/p>\n\n\n\n<p>As afirma\u00e7\u00f5es acima s\u00e3o, respectivamente:<\/p>\n\n\n\n<p><strong>a)<\/strong> F V F<\/p>\n\n\n\n<p><strong>b)<\/strong> V F F<\/p>\n\n\n\n<p><strong>c)<\/strong> V V V<\/p>\n\n\n\n<p><strong>d)<\/strong> F F F<\/p>\n\n\n\n<p><strong>e)<\/strong> V F V<\/p>\n\n\n\n<p><strong>Quest\u00e3o 3-<\/strong> <strong>(<\/strong><a href=\"https:\/\/enem.inep.gov.br\/participante\/\" target=\"_blank\" rel=\"noreferrer noopener\"><strong>Enem 2016<\/strong><\/a><strong>)<\/strong> O que ocorreu na Bahia de 1798, ao contr\u00e1rio das outras situa\u00e7\u00f5es de contesta\u00e7\u00e3o pol\u00edtica na Am\u00e9rica portuguesa, \u00e9 que o projeto que lhe era subjacente n\u00e3o tocou somente na condi\u00e7\u00e3o, ou no instrumento, da integra\u00e7\u00e3o subordinada das col\u00f4nias no imp\u00e9rio luso. Dessa feita, ao contr\u00e1rio do que se deu nas Minas Gerais (1789), a sedi\u00e7\u00e3o avan\u00e7ou sobre a sua decorr\u00eancia.<\/p>\n\n\n\n<p>JANCS\u00d3, I.; PIMENTA, J. P. Pe\u00e7as de um mosaico. In: MOTA, C. G. (Org.) Viagem incompleta: a experi\u00eancia brasileira (1500-2000). S\u00e3o Paulo: Senac, 2000.<\/p>\n\n\n\n<p>A diferen\u00e7a entre as sedi\u00e7\u00f5es abordadas no texto encontrava-se na pretens\u00e3o de<\/p>\n\n\n\n<p><strong>a)<\/strong> eliminar a hierarquia militar.<\/p>\n\n\n\n<p><strong>b)<\/strong> abolir a escravid\u00e3o africana.<\/p>\n\n\n\n<p><strong>c)<\/strong> anular o dom\u00ednio metropolitano.<\/p>\n\n\n\n<p><strong>d)<\/strong> suprimir a propriedade fundi\u00e1ria.<\/p>\n\n\n\n<p><strong>e)<\/strong> extinguir o absolutismo mon\u00e1rquico.<\/p>\n\n\n\n<p><strong>Quest\u00e3o 4- <\/strong><a rel=\"noreferrer noopener\" href=\"https:\/\/www.fuvest.br\/\" target=\"_blank\"><strong>(FUVEST<\/strong><\/a><a href=\"https:\/\/www.fuvest.br\/\" target=\"_blank\" rel=\"noreferrer noopener\"><strong>)<\/strong><\/a> A Inconfid\u00eancia Mineira, no plano das ideias, foi inspirada:<\/p>\n\n\n\n<p><strong>a)<\/strong> nas reivindica\u00e7\u00f5es das camadas menos favorecidas da col\u00f4nia.<\/p>\n\n\n\n<p><strong>b)<\/strong> no pensamento liberal dos fil\u00f3sofos da ilustra\u00e7\u00e3o europeia.<\/p>\n\n\n\n<p><strong>c)<\/strong> nos princ\u00edpios do socialismo ut\u00f3pico de Saint-Simon.<\/p>\n\n\n\n<p><strong>d) <\/strong>nas ideias absolutistas defendidas pelos pensadores iluministas.<\/p>\n\n\n\n<p><strong>e)<\/strong> nas f\u00f3rmulas pol\u00edticas desenvolvidas pelos comerciantes do rio de Janeiro.<\/p>\n\n\n\n<p><strong>Quest\u00e3o 5- <\/strong><a href=\"https:\/\/www.cesgranrio.org.br\/\" target=\"_blank\" rel=\"noreferrer noopener\"><strong>(Cesgranrio)<\/strong><\/a> A crise do Antigo Sistema Colonial (final do s\u00e9culo XVIII) pode ser caracterizada atrav\u00e9s de um conjunto de fatos abaixo relacionados, com EXCE\u00c7\u00c3O de um. Assinale-o.<\/p>\n\n\n\n<p><strong>a) <\/strong>As press\u00f5es da Fran\u00e7a industrializada, a cobi\u00e7a norte-americana sobre os mercados latinosamericanos e o avan\u00e7o do liberalismo nos pa\u00edses ib\u00e9ricos;<\/p>\n\n\n\n<p><strong>b)<\/strong> A Revolu\u00e7\u00e3o Industrial Inglesa, a cr\u00edtica liberal \u00e0s pr\u00e1ticas mercantilistas e a invas\u00e3o napole\u00f4nica na Pen\u00ednsula Ib\u00e9rica;<\/p>\n\n\n\n<p><strong>c)<\/strong> O descontentamento dos colonos com a pol\u00edtica econ\u00f4mica e fiscal metropolitana e a difus\u00e3o da id\u00e9ia de &#8220;revolu\u00e7\u00e3o&#8221; entre as elites coloniais;<\/p>\n\n\n\n<p><strong>d)<\/strong> As tentativas de redefinir o Sistema, de modo a atender \u00e0s cr\u00edticas dos colonos, mas sem abrir m\u00e3o do &#8220;exclusivo&#8221;;<\/p>\n\n\n\n<p><strong>e)<\/strong> As press\u00f5es inglesas sobre as metr\u00f3poles ib\u00e9ricas, o apoio da Inglaterra aos movimentos coloniais de rebeldia e os tratados anglo-portugueses de 1810.<\/p>\n\n\n\n<ul><li><strong>Muito bem! <\/strong>Voc\u00ea chegou \u00e0 metade dos Exerc\u00edcios sobre a crise do sistema colonial. Continue fazendo o restante.<\/li><\/ul>\n\n\n\n<p><strong>Quest\u00e3o 6- <\/strong><a href=\"https:\/\/portal.fgv.br\/en\">(<\/a><strong><a rel=\"noreferrer noopener\" href=\"https:\/\/portal.fgv.br\/en\" target=\"_blank\">FGV<\/a><\/strong><a href=\"https:\/\/portal.fgv.br\/en\">)<\/a> Com rela\u00e7\u00e3o \u00e0 \u00c1frica portuguesa, a emancipa\u00e7\u00e3o pol\u00edtica do Brasil em 1822:<\/p>\n\n\n\n<p><strong>a)<\/strong> Provocou fortes rea\u00e7\u00f5es nas elites angolanas, a ponto de alguns setores manifestarem interesse em fazer parte do imp\u00e9rio brasileiro.<\/p>\n\n\n\n<p><strong>b)<\/strong> Acarretou a suspens\u00e3o definitiva do tr\u00e1fico negreiro como uma forma de retalia\u00e7\u00e3o do governo portugu\u00eas contra a sua ex-col\u00f4nia.<\/p>\n\n\n\n<p><strong>c)<\/strong> Levou ao aparecimento de movimentos pela independ\u00eancia em Angola e Mo\u00e7ambique, que s\u00f3 se tornariam vitoriosos ao final do s\u00e9culo XIX.<\/p>\n\n\n\n<p><strong>d)<\/strong> Levou a Coroa portuguesa a implementar regimes de segrega\u00e7\u00e3o racial em suas possess\u00f5es africanas, inspirados na experi\u00eancia inglesa na \u00c1frica do Sul.<\/p>\n\n\n\n<p><strong>e)<\/strong> Provocou o desinteresse portugu\u00eas na manuten\u00e7\u00e3o dos seus dom\u00ednios no ultramar e o abandono dessas possess\u00f5es a outras pot\u00eancias europ\u00e9ias.<\/p>\n\n\n\n<p><strong>Quest\u00e3o 7- <\/strong><a href=\"https:\/\/portal.fgv.br\/en\" target=\"_blank\" rel=\"noreferrer noopener\"><strong>(FGV)<\/strong><\/a> A respeito da Revolta dos Alfaiates de 1798, podemos afirmar:<\/p>\n\n\n\n<p><strong>a)<\/strong> Trata-se de uma revolu\u00e7\u00e3o burguesa que tinha por objetivo eliminar o sistema colonial e estimular a entrada de imigrantes no Brasil.<\/p>\n\n\n\n<p><strong>b)<\/strong> Os rebeldes foram influenciados pelas id\u00e9ias do comunismo franc\u00eas, que pregava a igualdade social e a distribui\u00e7\u00e3o de terras entre os mais pobres.<\/p>\n\n\n\n<p><strong>c)<\/strong> Influenciados pelas doutrinas sociais da Igreja francesa, os l\u00edderes da revolta pretendiam garantir o ingresso no clero de homens de todas as ra\u00e7as.<\/p>\n\n\n\n<p><strong>d)<\/strong> O discurso rebelde era marcado pelo anticlericalismo e defendia uma reforma na ordem vigente, de modo a eliminar as diferen\u00e7as sociais.<\/p>\n\n\n\n<p><strong>e)<\/strong> O movimento foi liderado pela elite baiana, descontente com a falta de incentivos do governo metropolitano com rela\u00e7\u00e3o \u00e0s necessidades da produ\u00e7\u00e3o a\u00e7ucareira.<\/p>\n\n\n\n<p><strong>Quest\u00e3o 8- <\/strong>\u00a0(<a href=\"https:\/\/www.unesp.br\/\" target=\"_blank\" rel=\"noreferrer noopener\"><strong>Unesp<\/strong><\/a>) Leia os itens a respeito da Revolu\u00e7\u00e3o<\/p>\n\n\n\n<p>Pernambucana de 1817.<\/p>\n\n\n\n<p><strong>I.<\/strong> Possuiu forte sentimento anti-lusitano, resultante do aumento dos impostos e dos grandes privil\u00e9gios concedidos aos comerciantes portugueses.<\/p>\n\n\n\n<p><strong>II.<\/strong> Teve a participa\u00e7\u00e3o apenas de sacerdotes e militares, n\u00e3o contando com o apoio de outros segmentos da popula\u00e7\u00e3o.<\/p>\n\n\n\n<p><strong>III.<\/strong> Foi uma revolta sangrenta que durou mais de dois meses e deixou profundas marcas no Nordeste, com os combates armados passando de Recife para o sert\u00e3o, estendendo-se tamb\u00e9m a Alagoas, Para\u00edba e Rio Grande do Norte.<\/p>\n\n\n\n<p><strong>IV.<\/strong> A revolta foi sufocada apenas dois anos depois por tropas aliadas, reunindo for\u00e7as armadas portuguesas, francesas e inglesas.<\/p>\n\n\n\n<p><strong>V.<\/strong> Propunha a Rep\u00fablica, com a igualdade de direitos e a toler\u00e2ncia religiosa, mas n\u00e3o previa a aboli\u00e7\u00e3o da escravid\u00e3o.<\/p>\n\n\n\n<p>\u00c9 correto apenas o afirmado em<\/p>\n\n\n\n<p><strong>a)<\/strong> I, II e III.<\/p>\n\n\n\n<p><strong>b)<\/strong> I, III e V.<\/p>\n\n\n\n<p><strong>c)<\/strong> I, IV e V.<\/p>\n\n\n\n<p><strong>d)<\/strong> II, III e IV.<\/p>\n\n\n\n<p><strong>e)<\/strong> II, III e V.<\/p>\n\n\n\n<p><strong>Quest\u00e3o 9- <\/strong>\u00a0<a href=\"https:\/\/www.pucminas.br\/\" target=\"_blank\" rel=\"noreferrer noopener\"><strong>(PUC-MG)<\/strong><\/a> A transfer\u00eancia da Corte Portuguesa para o Brasil, em 1808, encontra-se associada, EXCETO:<\/p>\n\n\n\n<p><strong>a)<\/strong> \u00e0 submiss\u00e3o lusitana em rela\u00e7\u00e3o aos interesses ingleses.<\/p>\n\n\n\n<p><strong>b)<\/strong> \u00e0 expans\u00e3o napole\u00f4nica no continente europeu.<\/p>\n\n\n\n<p><strong>c) <\/strong>\u00e0 necessidade de recrudescimento do pacto colonial.<\/p>\n\n\n\n<p><strong>d)<\/strong> \u00e0 busca de seguran\u00e7a para o trono portugu\u00eas.<\/p>\n\n\n\n<p><strong>Quest\u00e3o 10.<\/strong> (<a href=\"https:\/\/www.vestibularfatec.com.br\/home\/\" target=\"_blank\" rel=\"noreferrer noopener\"><strong>Fatec<\/strong><\/a>) Em 1798, surge na Bahia um movimento<\/p>\n\n\n\n<p>rebelde conhecido como Conjura\u00e7\u00e3o Baiana ou Revolta dos Alfaiates, que contou com a participa\u00e7\u00e3o de pessoas das camadas sociais mais humildes.<\/p>\n\n\n\n<p>Esse movimento<\/p>\n\n\n\n<p><strong>a)<\/strong> pretendia fundar uma Universidade, instalar manufaturas de tecidos e aproveitar o ferro e o salitre da regi\u00e3o.<\/p>\n\n\n\n<p><strong>b)<\/strong> protestava contra os impostos, defendia a aboli\u00e7\u00e3o da escravatura e propunha aumento de soldo aos soldados.<\/p>\n\n\n\n<p><strong>c)<\/strong> defendia o fim do Pacto Colonial e o desenvolvimento de manufaturas t\u00eaxteis e sider\u00fargicas, al\u00e9m do est\u00edmulo \u00e0 produ\u00e7\u00e3o agr\u00edcola.<\/p>\n\n\n\n<p><strong>d)<\/strong> foi o primeiro movimento de rebeldia a questionar o Pacto Colonial.<\/p>\n\n\n\n<p><strong>e)<\/strong> no plano pol\u00edtico contava com elementos adeptos da rep\u00fablica, enquanto outros pretendiam uma monarquia constitucional.<\/p>\n\n\n\n<ul><li><strong>Parab\u00e9ns,<\/strong> voc\u00ea fez todos os exerc\u00edcios sobre a crise do sistema colonial. Confira agora o Gabarito:<\/li><\/ul>\n\n\n\n<h2 class=\"wp-block-heading\" id=\"gabarito-dos-exerc\u00edcios-sobre-a-crise-do-sistema-colonial\">Gabarito dos exerc\u00edcios sobre a crise do sistema colonial.<\/h2>\n\n\n\n<p><strong>Exerc\u00edcio resolvido da quest\u00e3o 1 &#8211;<\/strong><\/p>\n\n\n\n<p>Alternativa correta: letra <strong>d) <\/strong>a emancipa\u00e7\u00e3o de Portugal, a instaura\u00e7\u00e3o de uma Rep\u00fablica, o fim da escravid\u00e3o e a liberdade de com\u00e9rcio.<\/p>\n\n\n\n<p><strong>Exerc\u00edcio resolvido da quest\u00e3o 2 &#8211;<\/strong><\/p>\n\n\n\n<p>alternativa correta: letra <strong>b) <\/strong>V F F<\/p>\n\n\n\n<p><strong>Exerc\u00edcio resolvido da quest\u00e3o 3 &#8211;<\/strong><\/p>\n\n\n\n<p>Alternativa correta: letra <strong>b) <\/strong>abolir a escravid\u00e3o africana.<\/p>\n\n\n\n<p><strong>Exerc\u00edcio resolvido da quest\u00e3o 4 &#8211;<\/strong><\/p>\n\n\n\n<p>Alternativa correta: letra <strong>b) <\/strong>no pensamento liberal dos fil\u00f3sofos da ilustra\u00e7\u00e3o europeia.<\/p>\n\n\n\n<p><strong>Exerc\u00edcio resolvido da quest\u00e3o 5 &#8211;<\/strong><\/p>\n\n\n\n<p>Alternativa correta: letra <strong>a) <\/strong>As press\u00f5es da Fran\u00e7a industrializada, a cobi\u00e7a norte-americana sobre os mercados latinosamericanos e o avan\u00e7o do liberalismo nos pa\u00edses ib\u00e9ricos<strong>.<\/strong><\/p>\n\n\n\n<p><strong>Exerc\u00edcio resolvido da quest\u00e3o 6 &#8211;<\/strong><\/p>\n\n\n\n<p>Alternativa correta: letra <strong>a) <\/strong>Provocou fortes rea\u00e7\u00f5es nas elites angolanas, a ponto de alguns setores manifestarem interesse em fazer parte do imp\u00e9rio brasileiro.<\/p>\n\n\n\n<p><strong>Exerc\u00edcio resolvido da quest\u00e3o 7 &#8211;<\/strong><\/p>\n\n\n\n<p>Alternativa correta: letra <strong>d) <\/strong>O discurso rebelde era marcado pelo anticlericalismo e defendia uma reforma na ordem vigente, de modo a eliminar as diferen\u00e7as sociais<\/p>\n\n\n\n<p><strong>Exerc\u00edcio resolvido da quest\u00e3o 8 &#8211;<\/strong><\/p>\n\n\n\n<p>Alternativa correta: letra <strong>b) <\/strong>I, III e V.<\/p>\n\n\n\n<p><strong>Exerc\u00edcio resolvido da quest\u00e3o 9 &#8211;<\/strong><\/p>\n\n\n\n<p>Alternativa correta: letra <strong>c)<\/strong> \u00e0 necessidade de recrudescimento do pacto colonial.<\/p>\n\n\n\n<p><strong>Exerc\u00edcio resolvido da quest\u00e3o 10 &#8211;<\/strong><\/p>\n\n\n\n<p>Alternativa correta: letra <strong>&nbsp;b)<\/strong> protestava contra os impostos, defendia a aboli\u00e7\u00e3o da escravatura e propunha aumento de soldo aos soldados.<\/p>\n\n\n\n<p>Estude para o Enem com o <a href=\"https:\/\/beduka.com\/simulado\" target=\"_blank\" rel=\"noreferrer noopener\">Simulado Beduka.<\/a> <strong>\u00c9 gratuito!<\/strong><\/p>\n\n\n\n<p><strong>Gostou das nossas quest\u00f5es sobre a crise do sistema colonial? <\/strong>Compartilhe com os seus amigos e comente abaixo sobre as \u00e1reas que voc\u00ea deseja mais explica\u00e7\u00f5es.<\/p>\n\n\n\n<p><strong>Queremos te ajudar a encontrar a FACULDADE IDEAL! <\/strong>Logo abaixo, fa\u00e7a uma pesquisa por curso e cidade que te mostraremos todas as faculdades que podem te atender.<strong> <\/strong>Informamos a nota de corte, valor de mensalidade, nota do MEC, avalia\u00e7\u00e3o dos alunos, modalidades de ensino e muito mais.<\/p>\n","protected":false},"excerpt":{"rendered":"<p>Nos \u00faltimos anos do s\u00e9culo XVIII, o sistema colonial come\u00e7ou a entrar numa crise, enfraquecendo o pacto entre metr\u00f3poles e col\u00f4nias. Isto se deu por diversos fatores econ\u00f4micos e ideol\u00f3gicos. Leia o resumo abaixo para entender melhor e em seguida responda os exerc\u00edcios sobre a crise do sistema colonial. Quer seguir diretamente para alguma parte [&hellip;]<\/p>\n","protected":false},"author":18,"featured_media":21366,"comment_status":"open","ping_status":"closed","sticky":false,"template":"","format":"standard","meta":{"_mi_skip_tracking":false,"_monsterinsights_sitenote_active":false,"_monsterinsights_sitenote_note":"","_monsterinsights_sitenote_category":0},"categories":[568,604],"tags":[],"yoast_head":"<!-- This site is optimized with the Yoast SEO plugin v20.10 - https:\/\/yoast.com\/wordpress\/plugins\/seo\/ -->\n<title>Os 10 Melhores Exerc\u00edcios sobre Crise do Sistema Colonial [com gabarito]<\/title>\n<meta name=\"description\" content=\"Revise os principais fatores que levaram \u00e0 crise do sistema colonial e em seguida resolva os MELHORES exerc\u00edcios sobre o assunto.\" \/>\n<meta name=\"robots\" content=\"index, follow, max-snippet:-1, max-image-preview:large, max-video-preview:-1\" \/>\n<link rel=\"canonical\" href=\"https:\/\/beduka.com\/blog\/exercicios\/exercicios-sobre-crise-do-sistema-colonial\/\" \/>\n<meta property=\"og:locale\" content=\"pt_BR\" \/>\n<meta property=\"og:type\" content=\"article\" \/>\n<meta property=\"og:title\" content=\"Os 10 Melhores Exerc\u00edcios sobre Crise do Sistema Colonial [com gabarito]\" \/>\n<meta property=\"og:description\" content=\"Revise os principais fatores que levaram \u00e0 crise do sistema colonial e em seguida resolva os MELHORES exerc\u00edcios sobre o assunto.\" \/>\n<meta property=\"og:url\" content=\"https:\/\/beduka.com\/blog\/exercicios\/exercicios-sobre-crise-do-sistema-colonial\/\" \/>\n<meta property=\"og:site_name\" content=\"Blog do Beduka | Mat\u00e9rias resumidas, Dicas e Exerc\u00edcios Enem\" \/>\n<meta property=\"article:publisher\" content=\"https:\/\/www.facebook.com\/beduka.buscadordefaculdades\/\" \/>\n<meta property=\"article:author\" content=\"https:\/\/www.facebook.com\/beduka.buscadordefaculdades\" \/>\n<meta property=\"article:published_time\" content=\"2021-05-14T20:34:37+00:00\" \/>\n<meta property=\"article:modified_time\" content=\"2021-05-14T20:34:41+00:00\" \/>\n<meta property=\"og:image\" content=\"https:\/\/beduka.com\/blog\/wp-content\/uploads\/2021\/05\/Exercicios-sobre-Crise-do-Sistema-Colonial.jpg\" \/>\n\t<meta property=\"og:image:width\" content=\"609\" \/>\n\t<meta property=\"og:image:height\" content=\"342\" \/>\n\t<meta property=\"og:image:type\" content=\"image\/jpeg\" \/>\n<meta name=\"author\" content=\"Reda\u00e7\u00e3o Beduka\" \/>\n<meta name=\"twitter:card\" content=\"summary_large_image\" \/>\n<meta name=\"twitter:label1\" content=\"Escrito por\" \/>\n\t<meta name=\"twitter:data1\" content=\"Reda\u00e7\u00e3o Beduka\" \/>\n\t<meta name=\"twitter:label2\" content=\"Est. tempo de leitura\" \/>\n\t<meta name=\"twitter:data2\" content=\"12 minutos\" \/>\n<script type=\"application\/ld+json\" class=\"yoast-schema-graph\">{\"@context\":\"https:\/\/schema.org\",\"@graph\":[{\"@type\":\"Article\",\"@id\":\"https:\/\/beduka.com\/blog\/exercicios\/exercicios-sobre-crise-do-sistema-colonial\/#article\",\"isPartOf\":{\"@id\":\"https:\/\/beduka.com\/blog\/exercicios\/exercicios-sobre-crise-do-sistema-colonial\/\"},\"author\":{\"name\":\"Reda\u00e7\u00e3o Beduka\",\"@id\":\"https:\/\/beduka.com\/blog\/#\/schema\/person\/a642c9aad29bdea97a352689b053f80f\"},\"headline\":\"Os 10 Melhores Exerc\u00edcios sobre Crise do Sistema Colonial [com gabarito]\",\"datePublished\":\"2021-05-14T20:34:37+00:00\",\"dateModified\":\"2021-05-14T20:34:41+00:00\",\"mainEntityOfPage\":{\"@id\":\"https:\/\/beduka.com\/blog\/exercicios\/exercicios-sobre-crise-do-sistema-colonial\/\"},\"wordCount\":2470,\"commentCount\":0,\"publisher\":{\"@id\":\"https:\/\/beduka.com\/blog\/#organization\"},\"articleSection\":[\"Exerc\u00edcios\",\"Hist\u00f3ria\"],\"inLanguage\":\"pt-BR\",\"potentialAction\":[{\"@type\":\"CommentAction\",\"name\":\"Comment\",\"target\":[\"https:\/\/beduka.com\/blog\/exercicios\/exercicios-sobre-crise-do-sistema-colonial\/#respond\"]}]},{\"@type\":\"WebPage\",\"@id\":\"https:\/\/beduka.com\/blog\/exercicios\/exercicios-sobre-crise-do-sistema-colonial\/\",\"url\":\"https:\/\/beduka.com\/blog\/exercicios\/exercicios-sobre-crise-do-sistema-colonial\/\",\"name\":\"Os 10 Melhores Exerc\u00edcios sobre Crise do Sistema Colonial [com gabarito]\",\"isPartOf\":{\"@id\":\"https:\/\/beduka.com\/blog\/#website\"},\"datePublished\":\"2021-05-14T20:34:37+00:00\",\"dateModified\":\"2021-05-14T20:34:41+00:00\",\"description\":\"Revise os principais fatores que levaram \u00e0 crise do sistema colonial e em seguida resolva os MELHORES exerc\u00edcios sobre o assunto.\",\"breadcrumb\":{\"@id\":\"https:\/\/beduka.com\/blog\/exercicios\/exercicios-sobre-crise-do-sistema-colonial\/#breadcrumb\"},\"inLanguage\":\"pt-BR\",\"potentialAction\":[{\"@type\":\"ReadAction\",\"target\":[\"https:\/\/beduka.com\/blog\/exercicios\/exercicios-sobre-crise-do-sistema-colonial\/\"]}]},{\"@type\":\"BreadcrumbList\",\"@id\":\"https:\/\/beduka.com\/blog\/exercicios\/exercicios-sobre-crise-do-sistema-colonial\/#breadcrumb\",\"itemListElement\":[{\"@type\":\"ListItem\",\"position\":1,\"name\":\"Home\",\"item\":\"https:\/\/beduka.com\/blog\/\"},{\"@type\":\"ListItem\",\"position\":2,\"name\":\"Os 10 Melhores Exerc\u00edcios sobre Crise do Sistema Colonial [com gabarito]\"}]},{\"@type\":\"WebSite\",\"@id\":\"https:\/\/beduka.com\/blog\/#website\",\"url\":\"https:\/\/beduka.com\/blog\/\",\"name\":\"Blog do Beduka | Mat\u00e9rias resumidas, Dicas e Exerc\u00edcios Enem\",\"description\":\"O Blog do Beduka tem os conte\u00fados que mais caem no Enem, exerc\u00edcios de vestibular com gabarito, resumos, dicas e informa\u00e7\u00f5es Sisu, Prouni e Fies.Encontre dicas para o ENEM, resumos, exerc\u00edcios e informa\u00e7\u00f5es sobre os vestibulares. Acesse agora!\",\"publisher\":{\"@id\":\"https:\/\/beduka.com\/blog\/#organization\"},\"potentialAction\":[{\"@type\":\"SearchAction\",\"target\":{\"@type\":\"EntryPoint\",\"urlTemplate\":\"https:\/\/beduka.com\/blog\/?s={search_term_string}\"},\"query-input\":\"required name=search_term_string\"}],\"inLanguage\":\"pt-BR\"},{\"@type\":\"Organization\",\"@id\":\"https:\/\/beduka.com\/blog\/#organization\",\"name\":\"Beduka\",\"url\":\"https:\/\/beduka.com\/blog\/\",\"logo\":{\"@type\":\"ImageObject\",\"inLanguage\":\"pt-BR\",\"@id\":\"https:\/\/beduka.com\/blog\/#\/schema\/logo\/image\/\",\"url\":\"https:\/\/beduka.com\/blog\/wp-content\/uploads\/2020\/06\/marca-beduka.png\",\"contentUrl\":\"https:\/\/beduka.com\/blog\/wp-content\/uploads\/2020\/06\/marca-beduka.png\",\"width\":1077,\"height\":368,\"caption\":\"Beduka\"},\"image\":{\"@id\":\"https:\/\/beduka.com\/blog\/#\/schema\/logo\/image\/\"},\"sameAs\":[\"https:\/\/www.facebook.com\/beduka.buscadordefaculdades\/\",\"https:\/\/www.instagram.com\/beduka_oficial\/\",\"https:\/\/www.linkedin.com\/company\/beduka\",\"https:\/\/br.pinterest.com\/bedukaoficial\/\",\"https:\/\/www.youtube.com\/beduka\"]},{\"@type\":\"Person\",\"@id\":\"https:\/\/beduka.com\/blog\/#\/schema\/person\/a642c9aad29bdea97a352689b053f80f\",\"name\":\"Reda\u00e7\u00e3o Beduka\",\"image\":{\"@type\":\"ImageObject\",\"inLanguage\":\"pt-BR\",\"@id\":\"https:\/\/beduka.com\/blog\/#\/schema\/person\/image\/\",\"url\":\"https:\/\/secure.gravatar.com\/avatar\/e1048f81c33ef0938237fc66bb9a208d?s=96&d=mm&r=g\",\"contentUrl\":\"https:\/\/secure.gravatar.com\/avatar\/e1048f81c33ef0938237fc66bb9a208d?s=96&d=mm&r=g\",\"caption\":\"Reda\u00e7\u00e3o Beduka\"},\"description\":\"Este conte\u00fado foi criado e validado por uma equipe multidisciplinar, formada por especialistas em cada \u00e1rea do conhecimento. O Beduka est\u00e1 presente no Instagram, YouTube, LinkedIn e em diversos outros ambientes digitais. O site foi criado em 2017 e, desde a sua funda\u00e7\u00e3o, atua para fornecer materiais de qualidade para facilitar a vida de estudantes de todo o Brasil, ajudando-os a se preparar para os principais vestibulares e o Enem.\",\"sameAs\":[\"https:\/\/www.facebook.com\/beduka.buscadordefaculdades\",\"https:\/\/www.instagram.com\/beduka_oficial\/\",\"https:\/\/br.pinterest.com\/bedukaoficial\/\"],\"url\":\"https:\/\/beduka.com\/blog\/author\/dioney\/\"}]}<\/script>\n<!-- \/ Yoast SEO plugin. -->","yoast_head_json":{"title":"Os 10 Melhores Exerc\u00edcios sobre Crise do Sistema Colonial [com gabarito]","description":"Revise os principais fatores que levaram \u00e0 crise do sistema colonial e em seguida resolva os MELHORES exerc\u00edcios sobre o assunto.","robots":{"index":"index","follow":"follow","max-snippet":"max-snippet:-1","max-image-preview":"max-image-preview:large","max-video-preview":"max-video-preview:-1"},"canonical":"https:\/\/beduka.com\/blog\/exercicios\/exercicios-sobre-crise-do-sistema-colonial\/","og_locale":"pt_BR","og_type":"article","og_title":"Os 10 Melhores Exerc\u00edcios sobre Crise do Sistema Colonial [com gabarito]","og_description":"Revise os principais fatores que levaram \u00e0 crise do sistema colonial e em seguida resolva os MELHORES exerc\u00edcios sobre o assunto.","og_url":"https:\/\/beduka.com\/blog\/exercicios\/exercicios-sobre-crise-do-sistema-colonial\/","og_site_name":"Blog do Beduka | Mat\u00e9rias resumidas, Dicas e Exerc\u00edcios Enem","article_publisher":"https:\/\/www.facebook.com\/beduka.buscadordefaculdades\/","article_author":"https:\/\/www.facebook.com\/beduka.buscadordefaculdades","article_published_time":"2021-05-14T20:34:37+00:00","article_modified_time":"2021-05-14T20:34:41+00:00","og_image":[{"width":609,"height":342,"url":"https:\/\/beduka.com\/blog\/wp-content\/uploads\/2021\/05\/Exercicios-sobre-Crise-do-Sistema-Colonial.jpg","type":"image\/jpeg"}],"author":"Reda\u00e7\u00e3o Beduka","twitter_card":"summary_large_image","twitter_misc":{"Escrito por":"Reda\u00e7\u00e3o Beduka","Est. tempo de leitura":"12 minutos"},"schema":{"@context":"https:\/\/schema.org","@graph":[{"@type":"Article","@id":"https:\/\/beduka.com\/blog\/exercicios\/exercicios-sobre-crise-do-sistema-colonial\/#article","isPartOf":{"@id":"https:\/\/beduka.com\/blog\/exercicios\/exercicios-sobre-crise-do-sistema-colonial\/"},"author":{"name":"Reda\u00e7\u00e3o Beduka","@id":"https:\/\/beduka.com\/blog\/#\/schema\/person\/a642c9aad29bdea97a352689b053f80f"},"headline":"Os 10 Melhores Exerc\u00edcios sobre Crise do Sistema Colonial [com gabarito]","datePublished":"2021-05-14T20:34:37+00:00","dateModified":"2021-05-14T20:34:41+00:00","mainEntityOfPage":{"@id":"https:\/\/beduka.com\/blog\/exercicios\/exercicios-sobre-crise-do-sistema-colonial\/"},"wordCount":2470,"commentCount":0,"publisher":{"@id":"https:\/\/beduka.com\/blog\/#organization"},"articleSection":["Exerc\u00edcios","Hist\u00f3ria"],"inLanguage":"pt-BR","potentialAction":[{"@type":"CommentAction","name":"Comment","target":["https:\/\/beduka.com\/blog\/exercicios\/exercicios-sobre-crise-do-sistema-colonial\/#respond"]}]},{"@type":"WebPage","@id":"https:\/\/beduka.com\/blog\/exercicios\/exercicios-sobre-crise-do-sistema-colonial\/","url":"https:\/\/beduka.com\/blog\/exercicios\/exercicios-sobre-crise-do-sistema-colonial\/","name":"Os 10 Melhores Exerc\u00edcios sobre Crise do Sistema Colonial [com gabarito]","isPartOf":{"@id":"https:\/\/beduka.com\/blog\/#website"},"datePublished":"2021-05-14T20:34:37+00:00","dateModified":"2021-05-14T20:34:41+00:00","description":"Revise os principais fatores que levaram \u00e0 crise do sistema colonial e em seguida resolva os MELHORES exerc\u00edcios sobre o assunto.","breadcrumb":{"@id":"https:\/\/beduka.com\/blog\/exercicios\/exercicios-sobre-crise-do-sistema-colonial\/#breadcrumb"},"inLanguage":"pt-BR","potentialAction":[{"@type":"ReadAction","target":["https:\/\/beduka.com\/blog\/exercicios\/exercicios-sobre-crise-do-sistema-colonial\/"]}]},{"@type":"BreadcrumbList","@id":"https:\/\/beduka.com\/blog\/exercicios\/exercicios-sobre-crise-do-sistema-colonial\/#breadcrumb","itemListElement":[{"@type":"ListItem","position":1,"name":"Home","item":"https:\/\/beduka.com\/blog\/"},{"@type":"ListItem","position":2,"name":"Os 10 Melhores Exerc\u00edcios sobre Crise do Sistema Colonial [com gabarito]"}]},{"@type":"WebSite","@id":"https:\/\/beduka.com\/blog\/#website","url":"https:\/\/beduka.com\/blog\/","name":"Blog do Beduka | Mat\u00e9rias resumidas, Dicas e Exerc\u00edcios Enem","description":"O Blog do Beduka tem os conte\u00fados que mais caem no Enem, exerc\u00edcios de vestibular com gabarito, resumos, dicas e informa\u00e7\u00f5es Sisu, Prouni e Fies.Encontre dicas para o ENEM, resumos, exerc\u00edcios e informa\u00e7\u00f5es sobre os vestibulares. Acesse agora!","publisher":{"@id":"https:\/\/beduka.com\/blog\/#organization"},"potentialAction":[{"@type":"SearchAction","target":{"@type":"EntryPoint","urlTemplate":"https:\/\/beduka.com\/blog\/?s={search_term_string}"},"query-input":"required name=search_term_string"}],"inLanguage":"pt-BR"},{"@type":"Organization","@id":"https:\/\/beduka.com\/blog\/#organization","name":"Beduka","url":"https:\/\/beduka.com\/blog\/","logo":{"@type":"ImageObject","inLanguage":"pt-BR","@id":"https:\/\/beduka.com\/blog\/#\/schema\/logo\/image\/","url":"https:\/\/beduka.com\/blog\/wp-content\/uploads\/2020\/06\/marca-beduka.png","contentUrl":"https:\/\/beduka.com\/blog\/wp-content\/uploads\/2020\/06\/marca-beduka.png","width":1077,"height":368,"caption":"Beduka"},"image":{"@id":"https:\/\/beduka.com\/blog\/#\/schema\/logo\/image\/"},"sameAs":["https:\/\/www.facebook.com\/beduka.buscadordefaculdades\/","https:\/\/www.instagram.com\/beduka_oficial\/","https:\/\/www.linkedin.com\/company\/beduka","https:\/\/br.pinterest.com\/bedukaoficial\/","https:\/\/www.youtube.com\/beduka"]},{"@type":"Person","@id":"https:\/\/beduka.com\/blog\/#\/schema\/person\/a642c9aad29bdea97a352689b053f80f","name":"Reda\u00e7\u00e3o Beduka","image":{"@type":"ImageObject","inLanguage":"pt-BR","@id":"https:\/\/beduka.com\/blog\/#\/schema\/person\/image\/","url":"https:\/\/secure.gravatar.com\/avatar\/e1048f81c33ef0938237fc66bb9a208d?s=96&d=mm&r=g","contentUrl":"https:\/\/secure.gravatar.com\/avatar\/e1048f81c33ef0938237fc66bb9a208d?s=96&d=mm&r=g","caption":"Reda\u00e7\u00e3o Beduka"},"description":"Este conte\u00fado foi criado e validado por uma equipe multidisciplinar, formada por especialistas em cada \u00e1rea do conhecimento. O Beduka est\u00e1 presente no Instagram, YouTube, LinkedIn e em diversos outros ambientes digitais. O site foi criado em 2017 e, desde a sua funda\u00e7\u00e3o, atua para fornecer materiais de qualidade para facilitar a vida de estudantes de todo o Brasil, ajudando-os a se preparar para os principais vestibulares e o Enem.","sameAs":["https:\/\/www.facebook.com\/beduka.buscadordefaculdades","https:\/\/www.instagram.com\/beduka_oficial\/","https:\/\/br.pinterest.com\/bedukaoficial\/"],"url":"https:\/\/beduka.com\/blog\/author\/dioney\/"}]}},"_links":{"self":[{"href":"https:\/\/beduka.com\/blog\/wp-json\/wp\/v2\/posts\/21365"}],"collection":[{"href":"https:\/\/beduka.com\/blog\/wp-json\/wp\/v2\/posts"}],"about":[{"href":"https:\/\/beduka.com\/blog\/wp-json\/wp\/v2\/types\/post"}],"author":[{"embeddable":true,"href":"https:\/\/beduka.com\/blog\/wp-json\/wp\/v2\/users\/18"}],"replies":[{"embeddable":true,"href":"https:\/\/beduka.com\/blog\/wp-json\/wp\/v2\/comments?post=21365"}],"version-history":[{"count":1,"href":"https:\/\/beduka.com\/blog\/wp-json\/wp\/v2\/posts\/21365\/revisions"}],"predecessor-version":[{"id":21377,"href":"https:\/\/beduka.com\/blog\/wp-json\/wp\/v2\/posts\/21365\/revisions\/21377"}],"wp:featuredmedia":[{"embeddable":true,"href":"https:\/\/beduka.com\/blog\/wp-json\/wp\/v2\/media\/21366"}],"wp:attachment":[{"href":"https:\/\/beduka.com\/blog\/wp-json\/wp\/v2\/media?parent=21365"}],"wp:term":[{"taxonomy":"category","embeddable":true,"href":"https:\/\/beduka.com\/blog\/wp-json\/wp\/v2\/categories?post=21365"},{"taxonomy":"post_tag","embeddable":true,"href":"https:\/\/beduka.com\/blog\/wp-json\/wp\/v2\/tags?post=21365"}],"curies":[{"name":"wp","href":"https:\/\/api.w.org\/{rel}","templated":true}]}}