{"id":21584,"date":"2021-05-28T13:13:58","date_gmt":"2021-05-28T16:13:58","guid":{"rendered":"https:\/\/beduka.com\/blog\/?p=21584"},"modified":"2023-04-03T08:48:11","modified_gmt":"2023-04-03T11:48:11","slug":"o-que-e-a-teoria-malthusiana","status":"publish","type":"post","link":"https:\/\/beduka.com\/blog\/materias\/geografia\/o-que-e-a-teoria-malthusiana\/","title":{"rendered":"O que \u00e9 a teoria malthusiana? Veja as caracter\u00edsticas e cr\u00edticas!"},"content":{"rendered":"\n<blockquote class=\"wp-block-quote\"><p><strong><em>A teoria populacional malthusiana foi desenvolvida por Thomas Malthus, um pastor iluminista e economista. Ele dizia que o mundo estaria destinado \u00e0 mis\u00e9ria, porque as pessoas se reproduzem mais r\u00e1pido que a produ\u00e7\u00e3o de alimento. Por\u00e9m, essa teoria foi criticada por outras correntes e ainda se demonstrou falha&#8230; Leia o texto e entenda o motivo.<\/em><\/strong><\/p><\/blockquote>\n\n\n\n<p>Neste texto sobre o que \u00e9 a teoria malthusiana, voc\u00ea encontrar\u00e1 os t\u00f3picos abaixo.<strong> Se quiser, clique em um deles para ir diretamente ao conte\u00fado:<\/strong><\/p>\n\n\n\n<ol><li><a href=\"#1\">O que \u00e9 a teoria malthusiana? Quem a criou?<\/a><\/li><li><a href=\"#2\">Em que contexto hist\u00f3rico essa teoria surgiu?<\/a><\/li><li><a href=\"#3\">Afinal, o que diz a teoria de Malthus?<\/a><\/li><li><a href=\"#4\">Quais s\u00e3o as principais caracter\u00edsticas e solu\u00e7\u00f5es?<\/a><\/li><li><a href=\"#5\">Porque ela n\u00e3o deu certo + cr\u00edticas!<\/a><\/li><li><a href=\"#6\">O surgimento do Neomalthusianismo e do Reformismo.<\/a><\/li><\/ol>\n\n\n\n<ul><li>Depois voc\u00ea pode <strong>testar o que aprendeu, \u00e9 s\u00f3 fazer o nosso<\/strong><a href=\"https:\/\/beduka.com\/blog\/dicas\/enem-dicas\/simulados-para-enem-online-e-gratuito\/\" target=\"_blank\" rel=\"noreferrer noopener\"> Simulado ENEM gratuito<\/a>! Ele pode ser <strong>personalizado com as mat\u00e9rias que voc\u00ea quiser.<\/strong><\/li><\/ul>\n\n\n\n<h2 class=\"wp-block-heading\" id=\"1\">O que \u00e9 a teoria malthusiana?<\/h2>\n\n\n\n<p>A teoria malthusiana <strong>\u00e9 uma das principais teorias demogr\u00e1ficas <\/strong>que ficaram conhecidas no mundo. De modo geral, elas <strong>s\u00e3o an\u00e1lises que tentam entender as causas e consequ\u00eancias do crescimento populacional.<\/strong><\/p>\n\n\n\n<p>Existem outras que derivam dessa como cr\u00edtica e contraponto, s\u00e3o elas as teorias neomalthusiana e reformista. Primeiro vamos entender o malthusianismo e depois as outras, assim<strong> saberemos suas caracter\u00edsticas <\/strong>e diferen\u00e7as!<\/p>\n\n\n\n<ul><li><strong>S\u00e3o mais de 200 resumos gratuitos no<\/strong> <a href=\"https:\/\/www.instagram.com\/beduka_oficial\/?hl=pt\" target=\"_blank\" rel=\"noreferrer noopener\">Instagram do Beduka.<\/a> Aproveite!<\/li><\/ul>\n\n\n\n<h2 class=\"wp-block-heading\">Quem criou o malthusianismo?<\/h2>\n\n\n\n<p>A Teoria Malthusiana tem esse nome porque foi <strong>elaborada por Thomas Robert Malthus <\/strong>(1766-1834)<strong>.<\/strong> Ele era um <strong>pastor anglicano<\/strong> que exercia a fun\u00e7\u00e3o de<strong> economista<\/strong> e tamb\u00e9m foi <strong>influenciado por alguns autores<\/strong> <a href=\"https:\/\/beduka.com\/blog\/materias\/historia\/o-que-foi-iluminismo\/\" target=\"_blank\" rel=\"noreferrer noopener\">iluministas<\/a>.<\/p>\n\n\n\n<p>\u00c9 importante saber disso porque voc\u00ea pode identificar alguns tra\u00e7os de sua teoria que tem a ver com o seu contexto e posi\u00e7\u00e3o social. <strong>Vamos l\u00e1:<\/strong><\/p>\n\n\n\n<h2 class=\"wp-block-heading\" id=\"2\">Em que contexto hist\u00f3rico a teoria populacional malthusiana foi desenvolvida?<\/h2>\n\n\n\n<p>O malthusianismo \u00e9 uma ideia sobre demografia que foi criada no <strong>final do s\u00e9culo XVIII<\/strong>. Ou seja, em plena <a href=\"https:\/\/beduka.com\/blog\/materias\/historia\/resumo-da-revolucao-industrial\/\" target=\"_blank\" rel=\"noreferrer noopener\">Revolu\u00e7\u00e3o Industrial.<\/a><\/p>\n\n\n\n<p>Como voc\u00ea deve saber, a primeira revolu\u00e7\u00e3o industrial trouxe mudan\u00e7as dr\u00e1sticas para a sociedade, coisas nunca vividas antes.&nbsp;<\/p>\n\n\n\n<p>A Europa sofreu um intenso <strong>\u00eaxodo rural<\/strong>, com camponeses saindo do interior e buscando uma vida na cidade pelas novas tecnologias e promessas. Mas a verdade \u00e9 que era muita m\u00e3o de obra, ent\u00e3o ficou desvalorizada e os trabalhadores recebiam pouqu\u00edssimo.<\/p>\n\n\n\n<p>Al\u00e9m disso, com menos gente no campo, a produ\u00e7\u00e3o de alimentos caiu. Assim, estamos falando de um cen\u00e1rio em que a <strong>fome e a pobreza cresciam, juntamente com um grande crescimento populacional nos centros urbanos.<\/strong><\/p>\n\n\n\n<p>As novas<strong> tecnologias desenvolvidas na medicina<\/strong> tamb\u00e9m influenciaram, pois possibilitaram que a popula\u00e7\u00e3o tivesse maior acesso \u00e0s vacinas e aos medicamentos. Isso <strong>aumentou a expectativa de vida e diminuiu a taxa de mortalidade infantil.<\/strong><\/p>\n\n\n\n<p><strong>Vamos ver um exemplo:<\/strong> a Gr\u00e3-Bretanha foi quem iniciou a Revolu\u00e7\u00e3o Industrial, quando tinha um contingente populacional de 5 milh\u00f5es de habitantes em 1750. Meio s\u00e9culo depois, a popula\u00e7\u00e3o j\u00e1 passava dos 20 milh\u00f5es.&nbsp;<\/p>\n\n\n\n<p>Esse crescimento acelerado da popula\u00e7\u00e3o foi impulsionado pela Revolu\u00e7\u00e3o Industrial , que tamb\u00e9m se espalhou para outros pa\u00edses. Assim, o fen\u00f4meno de aumento demogr\u00e1fico passou a ser visto em todo o mundo.&nbsp;<\/p>\n\n\n\n<p>Foi nesse <strong>contexto in\u00e9dito<\/strong> que as teorias demogr\u00e1ficas passaram a ser elaboradas!&nbsp;<\/p>\n\n\n\n<p><strong>Agora vamos direto ao ponto e entender o que o malthusianismo dizia:<\/strong><\/p>\n\n\n\n<h2 class=\"wp-block-heading\" id=\"3\">Afinal, o que diz a teoria malthusiana?<\/h2>\n\n\n\n<p>Malthus <strong>escreveu uma obra<\/strong> chamada \u201cEnsaio sobre o Princ\u00edpio da Popula\u00e7\u00e3o&#8221;, onde desenvolvia uma ideia que pode ser resumida assim:<\/p>\n\n\n\n<p><strong>\u201cAs pessoas crescem em progress\u00e3o geom\u00e9trica, enquanto os alimentos crescem em progress\u00e3o aritm\u00e9tica. Isso gera mis\u00e9ria e fome no mundo inteiro.\u201d<\/strong><\/p>\n\n\n\n<p><strong>Calma!<\/strong> \u00c9 um pouquinho de matem\u00e1tica misturada com geografia, mas \u00e9 simples de entender:<\/p>\n\n\n\n<p>A <a href=\"https:\/\/beduka.com\/blog\/exercicios\/matematica-exercicios\/exercicios-sobre-progressao-geometrica\/\" target=\"_blank\" rel=\"noreferrer noopener\">progress\u00e3o geom\u00e9trica<\/a> (PG) \u00e9 aquela que cresce de forma <a href=\"https:\/\/beduka.com\/blog\/materias\/matematica\/potenciacao\/\" target=\"_blank\" rel=\"noreferrer noopener\">exponencial<\/a>, como a sequ\u00eancia (2,4,8,16,32,64,128\u2026).<\/p>\n\n\n\n<p>A <a href=\"https:\/\/beduka.com\/blog\/exercicios\/matematica-exercicios\/exercicios-sobre-progressao-aritmetica\/\" target=\"_blank\" rel=\"noreferrer noopener\">progress\u00e3o aritm\u00e9tica<\/a> (PA) \u00e9 aquela que cresce de forma linear, como a sequ\u00eancia (2,4,6,8,10,12,14,16&#8230;).<\/p>\n\n\n\n<p>Em outras palavras, ele dizia que <strong>as pessoas crescem se multiplicando, enquanto a produ\u00e7\u00e3o de alimento cresce se somando.&nbsp;<\/strong><\/p>\n\n\n\n<p><strong>Passado um tempo, ter\u00edamos mais pessoas para sustentar e menos recursos dispon\u00edveis<\/strong>. Isso porque o ritmo de produ\u00e7\u00e3o \u00e9 menor que o ritmo de crescimento populacional.<\/p>\n\n\n\n<p><strong>Isso implica em uma s\u00e9rie de pensamentos, vamos conhec\u00ea los:<\/strong><\/p>\n\n\n\n<h2 class=\"wp-block-heading\" id=\"4\">Quais s\u00e3o as principais caracter\u00edsticas da teoria malthusiana?<\/h2>\n\n\n\n<p>A principal marca do malthusianismo \u00e9 o<strong> pessimismo<\/strong> evidente sobre o desenvolvimento humano. Malthus acreditava que as coisas sempre aconteceriam assim, ent\u00e3o<strong> deduziu que a pobreza fazia parte do destino da humanidade.<\/strong><\/p>\n\n\n\n<p>Portanto, <strong>o aumento da popula\u00e7\u00e3o seria a causa enquanto a mis\u00e9ria seria uma consequ\u00eancia.<\/strong><\/p>\n\n\n\n<p>Mas ele n\u00e3o parou por a\u00ed&#8230;<\/p>\n\n\n\n<p>Divergindo com alguns iluministas de sua \u00e9poca, Malthus n\u00e3o acreditava que toda a popula\u00e7\u00e3o devesse ser igual. Para ele, <strong>a desigualdade era inevit\u00e1vel, independente de qu\u00e3o grande e intensa ela fosse.<\/strong><\/p>\n\n\n\n<p>Isso porque se todos fossem pr\u00f3speros, provocaria um aumento da produ\u00e7\u00e3o e da popula\u00e7\u00e3o. Assim, haveria um outro tipo de desequil\u00edbrio entre a produ\u00e7\u00e3o de alimentos e a humanidade, no futuro.<\/p>\n\n\n\n<h2 class=\"wp-block-heading\">Solu\u00e7\u00f5es propostas por Thomas Malthus<\/h2>\n\n\n\n<p>Para conter o ritmo acelerado do crescimento populacional, Malthus acreditava que deveria existir um <strong>controle de natalidade<\/strong>.&nbsp;<\/p>\n\n\n\n<p>Naquela \u00e9poca n\u00e3o existiam m\u00e9todos contraceptivos como os de hoje, ent\u00e3o ele chamou a melhor solu\u00e7\u00e3o de <strong>\u201ccontrole moral\u201d. <\/strong>Ela consistia na abstin\u00eancia sexual ou no adiamento de casamentos.&nbsp;<\/p>\n\n\n\n<p>Al\u00e9m disso, ele fez a observa\u00e7\u00e3o de que <strong>as guerras e pestes<\/strong> eram fen\u00f4menos que faziam bem, porque diminu\u00edam o contingente populacional de forma natural.<\/p>\n\n\n\n<p>Vale ressaltar que esse controle foi sugerido <strong>com o foco na popula\u00e7\u00e3o mais pobre.<\/strong> Isso porque, para Malthus, era o grande contingente populacional que gerava a pobreza. Se os mais pobres tinham mais filhos, era a\u00ed que esse ciclo deveria ser interrompido.<\/p>\n\n\n\n<p>Assim, deveriam ser <strong>abolidas as ajudas e caridade aos pobres.<\/strong> Se essas medidas n\u00e3o fossem suficientes, o governo deveria <strong>ampliar as classes m\u00e9dias<\/strong> criando um ambiente em que os mais pobres pudessem progredir por sua conta.<\/p>\n\n\n\n<h2 class=\"wp-block-heading\" id=\"5\">Por que a teoria malthusiana n\u00e3o deu certo?<\/h2>\n\n\n\n<p>As previs\u00f5es levantadas pela teoria de Malthus n\u00e3o se confirmaram <strong>porque ele focou em um contexto pontual de alguns pa\u00edses e se fechou nisso.<\/strong> \u00c9 como se ele considerasse a sociedade parada, est\u00e1tica, e assumiu que ela sempre seria desse jeito.<\/p>\n\n\n\n<p>Ent\u00e3o, <strong>ele n\u00e3o conseguiu prever as possibilidades de mudan\u00e7as externas<\/strong> que aconteceram depois.<\/p>\n\n\n\n<p>Aconteceu algo n\u00e3o imaginado por Malthus: <strong>as novas tecnologias foram implantadas<\/strong> n\u00e3o s\u00f3 nas cidades, mas <strong>tamb\u00e9m nos campos.<\/strong> A partir da\u00ed, <strong>a produ\u00e7\u00e3o de alimentos tamb\u00e9m come\u00e7ou a crescer de forma exponencial.<\/strong><\/p>\n\n\n\n<p>Al\u00e9m disso, <strong>as mulheres entraram no mercado de trabalho e, consequentemente, come\u00e7aram a ter menos filhos.&nbsp;<\/strong><\/p>\n\n\n\n<p>Essas ideias come\u00e7aram a ser refutadas em meio a um fen\u00f4meno de que os pa\u00edses mais desenvolvidos tiveram uma queda na taxa de natalidade.&nbsp;<\/p>\n\n\n\n<p>Assim, a popula\u00e7\u00e3o n\u00e3o dobrou a cada 25 anos. <strong>O que aconteceu foi quase que o contr\u00e1rio.<\/strong> O alimento em PG e as pessoas em PA!<\/p>\n\n\n\n<h3 class=\"wp-block-heading\">Cr\u00edticas ao malthusianismo<\/h3>\n\n\n\n<p>A princ\u00edpio, as teorias de Malthus faziam sentido para a \u00e9poca, pois foi o primeiro estudo feito sobre isso. Com o passar dos anos, a produ\u00e7\u00e3o de alimento cresceu, a fome e mis\u00e9ria n\u00e3o tomaram conta do mundo, mas continuaram existindo.<\/p>\n\n\n\n<p>A partir disso, umas das principais cr\u00edticas a Malthus \u00e9 que <strong>ele n\u00e3o foi vision\u00e1rio e pensou de forma limitada<\/strong>. Pois ele nem cogitou o progresso cient\u00edfico na agro-pecu\u00e1ria ou na cria\u00e7\u00e3o de m\u00e9todos anticoncepcionais.<\/p>\n\n\n\n<p>Ela tamb\u00e9m foi bastante <strong>criticada por ser considerada pessimista e cruel<\/strong>, por considerar a<strong> mis\u00e9ria mundial um fato <\/strong>e colocar a <strong>culpa nos pobres.&nbsp;<\/strong><\/p>\n\n\n\n<h2 class=\"wp-block-heading\" id=\"6\">O que \u00e9 o Neomalthusianismo e o Reformismo<\/h2>\n\n\n\n<p>Embora as previs\u00f5es e conclus\u00f5es de Malthus fossem erradas, seus artigos serviram de base para iniciar os estudos na \u00e1rea demogr\u00e1fica.&nbsp;<\/p>\n\n\n\n<p>No s\u00e9culo XX, <strong>seu pensamento foi reformulado e aplicado na teoria Neomalthusiana.<\/strong><\/p>\n\n\n\n<p>Logo depois, <strong>surge uma teoria oposta chamada Reformista.<\/strong><\/p>\n\n\n\n<p>Existem outras al\u00e9m dessas, umas fazendo cr\u00edticas \u00e0s outras. Mas aqui vamos entender somente essas duas, porque s\u00e3o as mais famosas que caem nas provas:<\/p>\n\n\n\n<h3 class=\"wp-block-heading\">Teoria Neomalthusiana<\/h3>\n\n\n\n<p>A Teoria Neomalthusiana foi desenvolvida no in\u00edcio do <strong>s\u00e9culo 20<\/strong> e demonstrava receio em rela\u00e7\u00e3o ao crescimento acelerado da popula\u00e7\u00e3o nos pa\u00edses desenvolvidos e subdesenvolvidos.&nbsp;<\/p>\n\n\n\n<p>\u00c9 como um resgate daquele \u201cmedo\u201d sobre muitas pessoas prosperarem, aumentarem os gastos com a produ\u00e7\u00e3o e voltarem \u00e0 mis\u00e9ria. Mas aqui<strong> a solu\u00e7\u00e3o seria o investimento em educa\u00e7\u00e3o, sa\u00fade e tamb\u00e9m no controle da natalidade.<\/strong><\/p>\n\n\n\n<p>Como fala-se em uma \u00e9poca mais moderna, j\u00e1 existiam meios artificiais de contracep\u00e7\u00e3o e combate \u00e0 concep\u00e7\u00e3o. Exemplo \u00e9 o <strong>uso de anticoncepcionais, a ind\u00fastria de promo\u00e7\u00e3o ao aborto e a camapanha de implanta\u00e7\u00e3o involunt\u00e1ria e massiva de DIU.<\/strong><\/p>\n\n\n\n<p>Muitos testes foram feitos na popula\u00e7\u00e3o pobre e at\u00e9 hoje se faz propaganda sobre isso, usando os mesmos argumentos: acabar com a pobreza impedindo que pobres e deficientes nas\u00e7am.&nbsp;<\/p>\n\n\n\n<p>Uma figura hist\u00f3rica que apoiava esse pensamento era <strong>Adolf Hitler<\/strong>. O nome dessa mentalidade \u00e9 <strong>Eugenia<\/strong> e foi usado para endossar o holocausto na <a href=\"https:\/\/beduka.com\/blog\/materias\/historia\/o-que-foi-a-segunda-guerra-mundial\/\" target=\"_blank\" rel=\"noreferrer noopener\">2\u00b0 Guerra Mundial.<\/a><\/p>\n\n\n\n<p>Os neomalthusianos apresentavam <strong>ideias alarmistas e associadas a alguns movimentos ambientalistas.<\/strong> Afirmam que, se o crescimento populacional n\u00e3o for contido, os recursos naturais na Terra ser\u00e3o esgotados.<\/p>\n\n\n\n<p>Novamente, as cr\u00edticas feitas \u00e0 essa ideia giram em torno do pessimismo, da falta de vis\u00e3o para enxergar inova\u00e7\u00f5es e da vontade autorit\u00e1ria de controlar as decis\u00f5es reprodutivas das pessoas. \u00c9 uma diminui\u00e7\u00e3o da liberdade do casal em prol do planejamento estatal.<\/p>\n\n\n\n<h3 class=\"wp-block-heading\">Teoria Reformista ou Marxista<\/h3>\n\n\n\n<p>Os reformistas foram <strong>um dos v\u00e1rios movimentos contr\u00e1rios \u00e0 Teoria Neomalthusiana<\/strong>, mas foi o que ganhou mais destaque. As ideias desses pensadores seguiam caminhos opostos.<\/p>\n\n\n\n<p>Para os reformistas, <strong>o aumento das taxas de natalidade era resultado da pobreza, n\u00e3o a causa. <\/strong>De acordo com essa teoria, a pobreza existia porque havia d\u00e9ficit na educa\u00e7\u00e3o, sa\u00fade e saneamento b\u00e1sico.<\/p>\n\n\n\n<p>Assim,<strong> embora o racioc\u00ednio e a an\u00e1lise sejam diferentes e opostas, a solu\u00e7\u00e3o vai ser semelhante<\/strong>.<\/p>\n\n\n\n<p>Segundo eles, <strong>\u00e9 necess\u00e1rio investir em sa\u00fade e educa\u00e7\u00e3o para que as desigualdades sejam totalmente extinguidas e o controle populacional seja melhor aceito<\/strong>.<\/p>\n\n\n\n<p>Isso inclui a <strong>esteriliza\u00e7\u00e3o da popula\u00e7\u00e3o, a cria\u00e7\u00e3o do planejamento familiar e o controle do n\u00famero de filhos permitido por casal. <\/strong>Um exemplo de sua aplica\u00e7\u00e3o \u00e9 na China.<\/p>\n\n\n\n<p>A solu\u00e7\u00e3o seria colocar tudo nas m\u00e3os do governo e fazer valer por meio de <strong>pol\u00edticas p\u00fablicas. <\/strong>Por isso, ela<strong> tamb\u00e9m \u00e9 chamada de Teoria <\/strong><a href=\"https:\/\/beduka.com\/blog\/materias\/filosofia\/principais-ideias-karl-marx\/\" target=\"_blank\" rel=\"noreferrer noopener\">Marxista<\/a>.<strong> <\/strong>N\u00e3o \u00e0 toa, essa teoria foi <strong>elaborada<\/strong> <strong>em meio ao per\u00edodo da <\/strong><a href=\"https:\/\/beduka.com\/blog\/materias\/historia\/o-que-foi-a-guerra-fria-resumo\/\" target=\"_blank\" rel=\"noreferrer noopener\">Guerra Fria<\/a>.<\/p>\n\n\n\n<p><strong>Gostou do nosso artigo sobre o que \u00e9 a teoria malthusiana?<\/strong> Confira outros artigos do nosso blog e se prepare para o Enem da melhor maneira! Voc\u00ea tamb\u00e9m pode se organizar com o nosso <a href=\"https:\/\/beduka.com\/blog\/dicas\/enem-dicas\/plano-de-estudos-gratuito\/\" target=\"_blank\" rel=\"noreferrer noopener\">plano de estudos<\/a>, o mais completo da internet, e o melhor: totalmente gratuito!<\/p>\n\n\n\n<p><strong>Queremos te ajudar a encontrar a FACULDADE IDEAL!<\/strong> Logo abaixo, fa\u00e7a uma pesquisa por curso e cidade que te mostraremos todas as faculdades que podem te atender. Informamos a nota de corte, valor de mensalidade, nota do MEC, avalia\u00e7\u00e3o dos alunos, modalidades de ensino e muito mais.<\/p>\n\n\n\n<p><strong>Experimente agora!<\/strong><\/p>\n","protected":false},"excerpt":{"rendered":"<p>A teoria populacional malthusiana foi desenvolvida por Thomas Malthus, um pastor iluminista e economista. Ele dizia que o mundo estaria destinado \u00e0 mis\u00e9ria, porque as pessoas se reproduzem mais r\u00e1pido que a produ\u00e7\u00e3o de alimento. Por\u00e9m, essa teoria foi criticada por outras correntes e ainda se demonstrou falha&#8230; Leia o texto e entenda o motivo. [&hellip;]<\/p>\n","protected":false},"author":1,"featured_media":21586,"comment_status":"open","ping_status":"closed","sticky":false,"template":"","format":"standard","meta":{"_mi_skip_tracking":false,"_monsterinsights_sitenote_active":false,"_monsterinsights_sitenote_note":"","_monsterinsights_sitenote_category":0},"categories":[493],"tags":[],"yoast_head":"<!-- This site is optimized with the Yoast SEO plugin v20.10 - https:\/\/yoast.com\/wordpress\/plugins\/seo\/ -->\n<title>O que \u00e9 a teoria malthusiana? Contexto, caracter\u00edsticas e cr\u00edticas!<\/title>\n<meta name=\"description\" content=\"A teoria malthusiana dizia que o mundo est\u00e1 fadado \u00e0 mis\u00e9ria, pois as pessoas crescem mais que a oferta de alimento. Entenda seus conceitos e porque falhou!\" \/>\n<meta name=\"robots\" content=\"index, follow, max-snippet:-1, max-image-preview:large, max-video-preview:-1\" \/>\n<link rel=\"canonical\" href=\"https:\/\/beduka.com\/blog\/materias\/geografia\/o-que-e-a-teoria-malthusiana\/\" \/>\n<meta property=\"og:locale\" content=\"pt_BR\" \/>\n<meta property=\"og:type\" content=\"article\" \/>\n<meta property=\"og:title\" content=\"O que \u00e9 a teoria malthusiana? Contexto, caracter\u00edsticas e cr\u00edticas!\" \/>\n<meta property=\"og:description\" content=\"A teoria malthusiana dizia que o mundo est\u00e1 fadado \u00e0 mis\u00e9ria, pois as pessoas crescem mais que a oferta de alimento. Entenda seus conceitos e porque falhou!\" \/>\n<meta property=\"og:url\" content=\"https:\/\/beduka.com\/blog\/materias\/geografia\/o-que-e-a-teoria-malthusiana\/\" \/>\n<meta property=\"og:site_name\" content=\"Blog do Beduka | Mat\u00e9rias resumidas, Dicas e Exerc\u00edcios Enem\" \/>\n<meta property=\"article:publisher\" content=\"https:\/\/www.facebook.com\/beduka.buscadordefaculdades\/\" \/>\n<meta property=\"article:author\" content=\"https:\/\/www.facebook.com\/beduka.buscadordefaculdades\" \/>\n<meta property=\"article:published_time\" content=\"2021-05-28T16:13:58+00:00\" \/>\n<meta property=\"article:modified_time\" content=\"2023-04-03T11:48:11+00:00\" \/>\n<meta property=\"og:image\" content=\"https:\/\/beduka.com\/blog\/wp-content\/uploads\/2021\/05\/O-que-diz-a-Teoria-Populacional-Malthusiana-Descubra-suas-caracteristicas-neste-resumo.jpg\" \/>\n\t<meta property=\"og:image:width\" content=\"609\" \/>\n\t<meta property=\"og:image:height\" content=\"342\" \/>\n\t<meta property=\"og:image:type\" content=\"image\/jpeg\" \/>\n<meta name=\"author\" content=\"Reda\u00e7\u00e3o Beduka (a)\" \/>\n<meta name=\"twitter:card\" content=\"summary_large_image\" \/>\n<meta name=\"twitter:label1\" content=\"Escrito por\" \/>\n\t<meta name=\"twitter:data1\" content=\"Reda\u00e7\u00e3o Beduka (a)\" \/>\n\t<meta name=\"twitter:label2\" content=\"Est. tempo de leitura\" \/>\n\t<meta name=\"twitter:data2\" content=\"10 minutos\" \/>\n<script type=\"application\/ld+json\" class=\"yoast-schema-graph\">{\"@context\":\"https:\/\/schema.org\",\"@graph\":[{\"@type\":\"Article\",\"@id\":\"https:\/\/beduka.com\/blog\/materias\/geografia\/o-que-e-a-teoria-malthusiana\/#article\",\"isPartOf\":{\"@id\":\"https:\/\/beduka.com\/blog\/materias\/geografia\/o-que-e-a-teoria-malthusiana\/\"},\"author\":{\"name\":\"Reda\u00e7\u00e3o Beduka (a)\",\"@id\":\"https:\/\/beduka.com\/blog\/#\/schema\/person\/325d912d2cb8dd9ede8ab291427d2b8a\"},\"headline\":\"O que \u00e9 a teoria malthusiana? Veja as caracter\u00edsticas e cr\u00edticas!\",\"datePublished\":\"2021-05-28T16:13:58+00:00\",\"dateModified\":\"2023-04-03T11:48:11+00:00\",\"mainEntityOfPage\":{\"@id\":\"https:\/\/beduka.com\/blog\/materias\/geografia\/o-que-e-a-teoria-malthusiana\/\"},\"wordCount\":1978,\"commentCount\":2,\"publisher\":{\"@id\":\"https:\/\/beduka.com\/blog\/#organization\"},\"articleSection\":[\"Geografia\"],\"inLanguage\":\"pt-BR\",\"potentialAction\":[{\"@type\":\"CommentAction\",\"name\":\"Comment\",\"target\":[\"https:\/\/beduka.com\/blog\/materias\/geografia\/o-que-e-a-teoria-malthusiana\/#respond\"]}]},{\"@type\":\"WebPage\",\"@id\":\"https:\/\/beduka.com\/blog\/materias\/geografia\/o-que-e-a-teoria-malthusiana\/\",\"url\":\"https:\/\/beduka.com\/blog\/materias\/geografia\/o-que-e-a-teoria-malthusiana\/\",\"name\":\"O que \u00e9 a teoria malthusiana? Contexto, caracter\u00edsticas e cr\u00edticas!\",\"isPartOf\":{\"@id\":\"https:\/\/beduka.com\/blog\/#website\"},\"datePublished\":\"2021-05-28T16:13:58+00:00\",\"dateModified\":\"2023-04-03T11:48:11+00:00\",\"description\":\"A teoria malthusiana dizia que o mundo est\u00e1 fadado \u00e0 mis\u00e9ria, pois as pessoas crescem mais que a oferta de alimento. Entenda seus conceitos e porque falhou!\",\"breadcrumb\":{\"@id\":\"https:\/\/beduka.com\/blog\/materias\/geografia\/o-que-e-a-teoria-malthusiana\/#breadcrumb\"},\"inLanguage\":\"pt-BR\",\"potentialAction\":[{\"@type\":\"ReadAction\",\"target\":[\"https:\/\/beduka.com\/blog\/materias\/geografia\/o-que-e-a-teoria-malthusiana\/\"]}]},{\"@type\":\"BreadcrumbList\",\"@id\":\"https:\/\/beduka.com\/blog\/materias\/geografia\/o-que-e-a-teoria-malthusiana\/#breadcrumb\",\"itemListElement\":[{\"@type\":\"ListItem\",\"position\":1,\"name\":\"Home\",\"item\":\"https:\/\/beduka.com\/blog\/\"},{\"@type\":\"ListItem\",\"position\":2,\"name\":\"O que \u00e9 a teoria malthusiana? Veja as caracter\u00edsticas e cr\u00edticas!\"}]},{\"@type\":\"WebSite\",\"@id\":\"https:\/\/beduka.com\/blog\/#website\",\"url\":\"https:\/\/beduka.com\/blog\/\",\"name\":\"Blog do Beduka | Mat\u00e9rias resumidas, Dicas e Exerc\u00edcios Enem\",\"description\":\"O Blog do Beduka tem os conte\u00fados que mais caem no Enem, exerc\u00edcios de vestibular com gabarito, resumos, dicas e informa\u00e7\u00f5es Sisu, Prouni e Fies.Encontre dicas para o ENEM, resumos, exerc\u00edcios e informa\u00e7\u00f5es sobre os vestibulares. Acesse agora!\",\"publisher\":{\"@id\":\"https:\/\/beduka.com\/blog\/#organization\"},\"potentialAction\":[{\"@type\":\"SearchAction\",\"target\":{\"@type\":\"EntryPoint\",\"urlTemplate\":\"https:\/\/beduka.com\/blog\/?s={search_term_string}\"},\"query-input\":\"required name=search_term_string\"}],\"inLanguage\":\"pt-BR\"},{\"@type\":\"Organization\",\"@id\":\"https:\/\/beduka.com\/blog\/#organization\",\"name\":\"Beduka\",\"url\":\"https:\/\/beduka.com\/blog\/\",\"logo\":{\"@type\":\"ImageObject\",\"inLanguage\":\"pt-BR\",\"@id\":\"https:\/\/beduka.com\/blog\/#\/schema\/logo\/image\/\",\"url\":\"https:\/\/beduka.com\/blog\/wp-content\/uploads\/2020\/06\/marca-beduka.png\",\"contentUrl\":\"https:\/\/beduka.com\/blog\/wp-content\/uploads\/2020\/06\/marca-beduka.png\",\"width\":1077,\"height\":368,\"caption\":\"Beduka\"},\"image\":{\"@id\":\"https:\/\/beduka.com\/blog\/#\/schema\/logo\/image\/\"},\"sameAs\":[\"https:\/\/www.facebook.com\/beduka.buscadordefaculdades\/\",\"https:\/\/www.instagram.com\/beduka_oficial\/\",\"https:\/\/www.linkedin.com\/company\/beduka\",\"https:\/\/br.pinterest.com\/bedukaoficial\/\",\"https:\/\/www.youtube.com\/beduka\"]},{\"@type\":\"Person\",\"@id\":\"https:\/\/beduka.com\/blog\/#\/schema\/person\/325d912d2cb8dd9ede8ab291427d2b8a\",\"name\":\"Reda\u00e7\u00e3o Beduka (a)\",\"image\":{\"@type\":\"ImageObject\",\"inLanguage\":\"pt-BR\",\"@id\":\"https:\/\/beduka.com\/blog\/#\/schema\/person\/image\/\",\"url\":\"https:\/\/secure.gravatar.com\/avatar\/6f58a181ef24e0dc0bb73f096aa0f8b5?s=96&d=mm&r=g\",\"contentUrl\":\"https:\/\/secure.gravatar.com\/avatar\/6f58a181ef24e0dc0bb73f096aa0f8b5?s=96&d=mm&r=g\",\"caption\":\"Reda\u00e7\u00e3o Beduka (a)\"},\"description\":\"Este conte\u00fado foi criado e validado por uma equipe multidisciplinar, formada por especialistas em cada \u00e1rea do conhecimento. O Beduka est\u00e1 presente no Instagram, YouTube, LinkedIn e em diversos outros ambientes digitais. O site foi criado em 2017 e, desde a sua funda\u00e7\u00e3o, atua para fornecer materiais de qualidade para facilitar a vida de estudantes de todo o Brasil, ajudando-os a se preparar para os principais vestibulares e o Enem.\",\"sameAs\":[\"https:\/\/www.facebook.com\/beduka.buscadordefaculdades\",\"https:\/\/www.instagram.com\/beduka_oficial\/\",\"https:\/\/br.pinterest.com\/bedukaoficial\/\"],\"url\":\"https:\/\/beduka.com\/blog\/author\/admin\/\"}]}<\/script>\n<!-- \/ Yoast SEO plugin. -->","yoast_head_json":{"title":"O que \u00e9 a teoria malthusiana? Contexto, caracter\u00edsticas e cr\u00edticas!","description":"A teoria malthusiana dizia que o mundo est\u00e1 fadado \u00e0 mis\u00e9ria, pois as pessoas crescem mais que a oferta de alimento. Entenda seus conceitos e porque falhou!","robots":{"index":"index","follow":"follow","max-snippet":"max-snippet:-1","max-image-preview":"max-image-preview:large","max-video-preview":"max-video-preview:-1"},"canonical":"https:\/\/beduka.com\/blog\/materias\/geografia\/o-que-e-a-teoria-malthusiana\/","og_locale":"pt_BR","og_type":"article","og_title":"O que \u00e9 a teoria malthusiana? Contexto, caracter\u00edsticas e cr\u00edticas!","og_description":"A teoria malthusiana dizia que o mundo est\u00e1 fadado \u00e0 mis\u00e9ria, pois as pessoas crescem mais que a oferta de alimento. Entenda seus conceitos e porque falhou!","og_url":"https:\/\/beduka.com\/blog\/materias\/geografia\/o-que-e-a-teoria-malthusiana\/","og_site_name":"Blog do Beduka | Mat\u00e9rias resumidas, Dicas e Exerc\u00edcios Enem","article_publisher":"https:\/\/www.facebook.com\/beduka.buscadordefaculdades\/","article_author":"https:\/\/www.facebook.com\/beduka.buscadordefaculdades","article_published_time":"2021-05-28T16:13:58+00:00","article_modified_time":"2023-04-03T11:48:11+00:00","og_image":[{"width":609,"height":342,"url":"https:\/\/beduka.com\/blog\/wp-content\/uploads\/2021\/05\/O-que-diz-a-Teoria-Populacional-Malthusiana-Descubra-suas-caracteristicas-neste-resumo.jpg","type":"image\/jpeg"}],"author":"Reda\u00e7\u00e3o Beduka (a)","twitter_card":"summary_large_image","twitter_misc":{"Escrito por":"Reda\u00e7\u00e3o Beduka (a)","Est. tempo de leitura":"10 minutos"},"schema":{"@context":"https:\/\/schema.org","@graph":[{"@type":"Article","@id":"https:\/\/beduka.com\/blog\/materias\/geografia\/o-que-e-a-teoria-malthusiana\/#article","isPartOf":{"@id":"https:\/\/beduka.com\/blog\/materias\/geografia\/o-que-e-a-teoria-malthusiana\/"},"author":{"name":"Reda\u00e7\u00e3o Beduka (a)","@id":"https:\/\/beduka.com\/blog\/#\/schema\/person\/325d912d2cb8dd9ede8ab291427d2b8a"},"headline":"O que \u00e9 a teoria malthusiana? Veja as caracter\u00edsticas e cr\u00edticas!","datePublished":"2021-05-28T16:13:58+00:00","dateModified":"2023-04-03T11:48:11+00:00","mainEntityOfPage":{"@id":"https:\/\/beduka.com\/blog\/materias\/geografia\/o-que-e-a-teoria-malthusiana\/"},"wordCount":1978,"commentCount":2,"publisher":{"@id":"https:\/\/beduka.com\/blog\/#organization"},"articleSection":["Geografia"],"inLanguage":"pt-BR","potentialAction":[{"@type":"CommentAction","name":"Comment","target":["https:\/\/beduka.com\/blog\/materias\/geografia\/o-que-e-a-teoria-malthusiana\/#respond"]}]},{"@type":"WebPage","@id":"https:\/\/beduka.com\/blog\/materias\/geografia\/o-que-e-a-teoria-malthusiana\/","url":"https:\/\/beduka.com\/blog\/materias\/geografia\/o-que-e-a-teoria-malthusiana\/","name":"O que \u00e9 a teoria malthusiana? Contexto, caracter\u00edsticas e cr\u00edticas!","isPartOf":{"@id":"https:\/\/beduka.com\/blog\/#website"},"datePublished":"2021-05-28T16:13:58+00:00","dateModified":"2023-04-03T11:48:11+00:00","description":"A teoria malthusiana dizia que o mundo est\u00e1 fadado \u00e0 mis\u00e9ria, pois as pessoas crescem mais que a oferta de alimento. Entenda seus conceitos e porque falhou!","breadcrumb":{"@id":"https:\/\/beduka.com\/blog\/materias\/geografia\/o-que-e-a-teoria-malthusiana\/#breadcrumb"},"inLanguage":"pt-BR","potentialAction":[{"@type":"ReadAction","target":["https:\/\/beduka.com\/blog\/materias\/geografia\/o-que-e-a-teoria-malthusiana\/"]}]},{"@type":"BreadcrumbList","@id":"https:\/\/beduka.com\/blog\/materias\/geografia\/o-que-e-a-teoria-malthusiana\/#breadcrumb","itemListElement":[{"@type":"ListItem","position":1,"name":"Home","item":"https:\/\/beduka.com\/blog\/"},{"@type":"ListItem","position":2,"name":"O que \u00e9 a teoria malthusiana? Veja as caracter\u00edsticas e cr\u00edticas!"}]},{"@type":"WebSite","@id":"https:\/\/beduka.com\/blog\/#website","url":"https:\/\/beduka.com\/blog\/","name":"Blog do Beduka | Mat\u00e9rias resumidas, Dicas e Exerc\u00edcios Enem","description":"O Blog do Beduka tem os conte\u00fados que mais caem no Enem, exerc\u00edcios de vestibular com gabarito, resumos, dicas e informa\u00e7\u00f5es Sisu, Prouni e Fies.Encontre dicas para o ENEM, resumos, exerc\u00edcios e informa\u00e7\u00f5es sobre os vestibulares. Acesse agora!","publisher":{"@id":"https:\/\/beduka.com\/blog\/#organization"},"potentialAction":[{"@type":"SearchAction","target":{"@type":"EntryPoint","urlTemplate":"https:\/\/beduka.com\/blog\/?s={search_term_string}"},"query-input":"required name=search_term_string"}],"inLanguage":"pt-BR"},{"@type":"Organization","@id":"https:\/\/beduka.com\/blog\/#organization","name":"Beduka","url":"https:\/\/beduka.com\/blog\/","logo":{"@type":"ImageObject","inLanguage":"pt-BR","@id":"https:\/\/beduka.com\/blog\/#\/schema\/logo\/image\/","url":"https:\/\/beduka.com\/blog\/wp-content\/uploads\/2020\/06\/marca-beduka.png","contentUrl":"https:\/\/beduka.com\/blog\/wp-content\/uploads\/2020\/06\/marca-beduka.png","width":1077,"height":368,"caption":"Beduka"},"image":{"@id":"https:\/\/beduka.com\/blog\/#\/schema\/logo\/image\/"},"sameAs":["https:\/\/www.facebook.com\/beduka.buscadordefaculdades\/","https:\/\/www.instagram.com\/beduka_oficial\/","https:\/\/www.linkedin.com\/company\/beduka","https:\/\/br.pinterest.com\/bedukaoficial\/","https:\/\/www.youtube.com\/beduka"]},{"@type":"Person","@id":"https:\/\/beduka.com\/blog\/#\/schema\/person\/325d912d2cb8dd9ede8ab291427d2b8a","name":"Reda\u00e7\u00e3o Beduka (a)","image":{"@type":"ImageObject","inLanguage":"pt-BR","@id":"https:\/\/beduka.com\/blog\/#\/schema\/person\/image\/","url":"https:\/\/secure.gravatar.com\/avatar\/6f58a181ef24e0dc0bb73f096aa0f8b5?s=96&d=mm&r=g","contentUrl":"https:\/\/secure.gravatar.com\/avatar\/6f58a181ef24e0dc0bb73f096aa0f8b5?s=96&d=mm&r=g","caption":"Reda\u00e7\u00e3o Beduka (a)"},"description":"Este conte\u00fado foi criado e validado por uma equipe multidisciplinar, formada por especialistas em cada \u00e1rea do conhecimento. O Beduka est\u00e1 presente no Instagram, YouTube, LinkedIn e em diversos outros ambientes digitais. O site foi criado em 2017 e, desde a sua funda\u00e7\u00e3o, atua para fornecer materiais de qualidade para facilitar a vida de estudantes de todo o Brasil, ajudando-os a se preparar para os principais vestibulares e o Enem.","sameAs":["https:\/\/www.facebook.com\/beduka.buscadordefaculdades","https:\/\/www.instagram.com\/beduka_oficial\/","https:\/\/br.pinterest.com\/bedukaoficial\/"],"url":"https:\/\/beduka.com\/blog\/author\/admin\/"}]}},"_links":{"self":[{"href":"https:\/\/beduka.com\/blog\/wp-json\/wp\/v2\/posts\/21584"}],"collection":[{"href":"https:\/\/beduka.com\/blog\/wp-json\/wp\/v2\/posts"}],"about":[{"href":"https:\/\/beduka.com\/blog\/wp-json\/wp\/v2\/types\/post"}],"author":[{"embeddable":true,"href":"https:\/\/beduka.com\/blog\/wp-json\/wp\/v2\/users\/1"}],"replies":[{"embeddable":true,"href":"https:\/\/beduka.com\/blog\/wp-json\/wp\/v2\/comments?post=21584"}],"version-history":[{"count":1,"href":"https:\/\/beduka.com\/blog\/wp-json\/wp\/v2\/posts\/21584\/revisions"}],"predecessor-version":[{"id":21587,"href":"https:\/\/beduka.com\/blog\/wp-json\/wp\/v2\/posts\/21584\/revisions\/21587"}],"wp:featuredmedia":[{"embeddable":true,"href":"https:\/\/beduka.com\/blog\/wp-json\/wp\/v2\/media\/21586"}],"wp:attachment":[{"href":"https:\/\/beduka.com\/blog\/wp-json\/wp\/v2\/media?parent=21584"}],"wp:term":[{"taxonomy":"category","embeddable":true,"href":"https:\/\/beduka.com\/blog\/wp-json\/wp\/v2\/categories?post=21584"},{"taxonomy":"post_tag","embeddable":true,"href":"https:\/\/beduka.com\/blog\/wp-json\/wp\/v2\/tags?post=21584"}],"curies":[{"name":"wp","href":"https:\/\/api.w.org\/{rel}","templated":true}]}}