{"id":21748,"date":"2021-06-17T10:43:12","date_gmt":"2021-06-17T13:43:12","guid":{"rendered":"https:\/\/beduka.com\/blog\/?p=21748"},"modified":"2021-06-17T10:43:13","modified_gmt":"2021-06-17T13:43:13","slug":"exercicios-sobre-niveis-de-linguagem","status":"publish","type":"post","link":"https:\/\/beduka.com\/blog\/exercicios\/exercicios-sobre-niveis-de-linguagem\/","title":{"rendered":"Os 10 melhores exerc\u00edcios sobre n\u00edveis de linguagem com o Gabarito!"},"content":{"rendered":"\n<blockquote class=\"wp-block-quote\"><p><strong><em>A l\u00edngua \u00e9 a forma com que nos expressamos e, dependendo do contexto, conte\u00fado e pessoa com que falamos, devemos adequ\u00e1-la a um dos 5 n\u00edveis de linguagem! Leia o resumo com as caracter\u00edsticas e exemplos de cada n\u00edvel. Ao final, resolva os exerc\u00edcios sobre n\u00edveis de linguagem!<\/em><\/strong><\/p><\/blockquote>\n\n\n\n<p><strong>Quer seguir diretamente para alguma parte?<\/strong> Clique em um dos t\u00f3picos abaixo:<\/p>\n\n\n\n<ul><li><a href=\"#1\">O que \u00e9 a Linguagem?<\/a><\/li><li><a href=\"#2\">Quais s\u00e3o os n\u00edveis de linguagem?<\/a><\/li><li><a href=\"#3\">Os 10 melhores exerc\u00edcios sobre n\u00edveis de linguagem!<\/a><\/li><li><a href=\"#4\">Gabarito das quest\u00f5es sobre n\u00edveis de linguagem.<\/a><\/li><\/ul>\n\n\n\n<p>Quando voc\u00ea terminar as quest\u00f5es de n\u00edveis de linguagem<strong>,<\/strong> coloque em pr\u00e1tica todo seu conhecimento com <a href=\"https:\/\/beduka.com\/simulado-enem\/#\/\" target=\"_blank\" rel=\"noreferrer noopener\">O Melhor Simulado Enem do Brasil<\/a>!<\/p>\n\n\n\n<h2 class=\"wp-block-heading\" id=\"1\">O que \u00e9 Linguagem?<\/h2>\n\n\n\n<p>A <strong>Linguagem<\/strong> \u00e9 definida como <strong>qualquer<\/strong> <strong>forma com que nos expressamos e nos comunicamos<\/strong>. Por isso, existem tipos de linguagem:&nbsp;<\/p>\n\n\n\n<ul><li><strong>N\u00e3o verbal:<\/strong> imagens, pinturas, m\u00edmicas, express\u00f5es, fotos, roupas, cinema mudo, etc.<\/li><li><strong>Verbal:<\/strong> transmitir mensagens faladas ou escritas, acontece pelo uso da palavra.<\/li><\/ul>\n\n\n\n<p>A <strong>L\u00edngua<\/strong> \u00e9 <strong>o meio pelo qual se comunica verbalmente<\/strong>, ou seja, ela \u00e9 um conjunto de <strong>s\u00edmbolos e c\u00f3digos organizados<\/strong> pelo homem. Por sua vez, a l\u00edngua tamb\u00e9m pode ser divida em dois tipos:<\/p>\n\n\n\n<ul><li><strong>Oral: <\/strong>s\u00e3o as mensagens que passamos atrav\u00e9s da fala ou sons.<\/li><li><strong>Escrita: <\/strong>mensagens expressadas pelas letras e inscri\u00e7\u00f5es.<\/li><\/ul>\n\n\n\n<p>S\u00e3o <strong>mais de 200 resumos<\/strong> no <a href=\"https:\/\/www.instagram.com\/beduka_oficial\/?hl=pt\" target=\"_blank\" rel=\"noreferrer noopener\">instagram do Beduka!<\/a><\/p>\n\n\n\n<h2 class=\"wp-block-heading\" id=\"2\">Quais s\u00e3o os 5 n\u00edveis de linguagem?<\/h2>\n\n\n\n<p>Independente de qual tipo de linguagem estamos lidando, essas formas costumam ser <strong>classificadas em<\/strong> <strong>n\u00edveis de linguagem.&nbsp;<\/strong><\/p>\n\n\n\n<p>Essas categorias levam em conta<strong> o contexto<\/strong> em que algu\u00e9m se expressa, <strong>o conte\u00fado<\/strong>, com quem est\u00e1 falando e <strong>como ir\u00e1 faz\u00ea-lo<\/strong>.<\/p>\n\n\n\n<p>Em outras palavras, serve para <strong>entendermos e adequarmos os tipos de linguagem \u00e0s diversas situa\u00e7\u00f5es <\/strong>da vida.<\/p>\n\n\n\n<p>Em resumo, h\u00e1 5 n\u00edveis de linguagem:<\/p>\n\n\n\n<ul><li><strong>N\u00edvel 1:<\/strong> Norma culta \/ padr\u00e3o;<\/li><li><strong>N\u00edvel 2:<\/strong> Linguagem coloquial \/ informal \/ popular;<\/li><li><strong>N\u00edvel 3:<\/strong> Linguagem regional \/ regionalismo;<\/li><li><strong>N\u00edvel 4:<\/strong> G\u00edrias;<\/li><li><strong>N\u00edvel 5:<\/strong> Linguagem vulgar.<\/li><\/ul>\n\n\n\n<p><strong>Voc\u00ea sabe qual \u00e9 a defini\u00e7\u00e3o, a situa\u00e7\u00e3o e como usar cada um deles? Vamos ver:<\/strong><\/p>\n\n\n\n<h3 class=\"wp-block-heading\">N\u00edvel 1 &#8211; Norma culta \/ norma padr\u00e3o<\/h3>\n\n\n\n<p>Como dissemos, a l\u00edngua \u00e9 um conjunto de s\u00edmbolos e c\u00f3digos para nos expressarmos verbalmente. A norma culta<strong> \u00e9 a base da l\u00edngua<\/strong>, o que h\u00e1 de comum e que une e sustenta os falantes. Ent\u00e3o, possui sua <strong>estrutura e regras pr\u00f3prias para<\/strong> <strong>funcionar.&nbsp;<\/strong><\/p>\n\n\n\n<p><strong>Por que? Para que seja universal.<\/strong><\/p>\n\n\n\n<p>Isso significa que, onde quer que estejamos, sempre <strong>haver\u00e1 um jeito padr\u00e3o de se comportar. <\/strong>Assim, independente da cultura ou localidade, se algu\u00e9m for ensinado a usar a l\u00edngua culta, poder\u00e1 se comunicar com qualquer pessoa de qualquer regi\u00e3o.<\/p>\n\n\n\n<p>Esse \u00e9 o n\u00edvel da L\u00edngua Portuguesa em que aprendemos sobre a <strong>gram\u00e1tica <\/strong>(conjunto de regras). \u00c9 a\u00ed que vemos:<\/p>\n\n\n\n<ul><li><a href=\"https:\/\/beduka.com\/blog\/materias\/portugues\/o-que-e-sintaxe\/\" target=\"_blank\" rel=\"noreferrer noopener\"><strong>Sintaxe:<\/strong><\/a><strong> <\/strong>rela\u00e7\u00e3o que os termos da frase t\u00eam, exercendo influ\u00eancia um sobre o outro.<\/li><li><a href=\"https:\/\/beduka.com\/blog\/materias\/portugues\/o-que-e-morfologia\/\" target=\"_blank\" rel=\"noreferrer noopener\"><strong>Morfologia<\/strong><\/a><strong>: <\/strong>a estrutura, a forma e a categoria de cada palavra.<\/li><li><strong>Fon\u00e9tica: <\/strong>modo como pronunciamos as palavras e os s\u00edmbolos.<\/li><li><strong>L\u00e9xico: <\/strong>o nosso vocabul\u00e1rio e todo o repert\u00f3rio que vamos adquirindo na vida.<\/li><li><strong>Sem\u00e2ntica: <\/strong>estudo do<strong> <\/strong>sentido das palavras e da interpreta\u00e7\u00e3o das senten\u00e7as.<\/li><\/ul>\n\n\n\n<p>Usamos esse n\u00edvel nas <a href=\"https:\/\/beduka.com\/blog\/materias\/portugues\/coloquialismo\/\" target=\"_blank\" rel=\"noreferrer noopener\">situa\u00e7\u00f5es formais<\/a> (como documentos e reuni\u00f5es).<\/p>\n\n\n\n<p>Ela <strong>deveria ser ensinada a todos<\/strong> <strong>nas escolas<\/strong>, para que todos possam ser inclu\u00eddos e saibam se comunicar uns com os outros. Isso porque os outros n\u00edveis de linguagem s\u00e3o aprendidos espontaneamente e s\u00e3o particulares de cada local ou grupo social.<\/p>\n\n\n\n<p><strong>Infelizmente,<\/strong> o ensino da norma culta na educa\u00e7\u00e3o p\u00fablica tem sido prec\u00e1rio. Como consequ\u00eancia, saber falar neste n\u00edvel de linguagem se tornou um sin\u00f4nimo de distin\u00e7\u00e3o entre as pessoas, <strong>mas a inten\u00e7\u00e3o era justamente o contr\u00e1rio\u2026<\/strong><\/p>\n\n\n\n<p>Por fim, \u00e9 bom saber que as <strong>\u201cpalavras dif\u00edceis\u201d e os arca\u00edsmos<\/strong> (formas antigas) s\u00e3o parte da l\u00edngua formal, mas ela n\u00e3o se resume a isso. Podemos escrever coisas na norma culta usando palavras comuns!<\/p>\n\n\n\n<h3 class=\"wp-block-heading\">N\u00edvel 2 &#8211; Linguagem coloquial \/ informal \/ popular<\/h3>\n\n\n\n<p>A linguagem coloquial ou informal \u00e9 aquela que usamos de forma <strong>mais espont\u00e2nea<\/strong> e no dia a dia. Ela <strong>n\u00e3o segue, com muito rigor, todas as regras da gram\u00e1tica,<\/strong> pois est\u00e1 mais preocupada com a <strong>fun\u00e7\u00e3o da linguagem <\/strong>do que com a forma.&nbsp;<\/p>\n\n\n\n<p>O intuito \u00e9 <strong>facilitar a transmiss\u00e3o da mensagem<\/strong>, sem os excessos da formalidade e sem deixar de lado algumas regras b\u00e1sicas que organizam a informa\u00e7\u00e3o.<\/p>\n\n\n\n<ul><li>N\u00f3s temos um <strong>artigo mostrando a <\/strong><a href=\"https:\/\/beduka.com\/blog\/materias\/portugues\/coloquialismo\/\" target=\"_blank\" rel=\"noreferrer noopener\">diferen\u00e7a do coloquialismo para a linguagem coloquial<\/a>, com exemplos e uma lista de situa\u00e7\u00f5es em que podemos us\u00e1-la!<\/li><\/ul>\n\n\n\n<h3 class=\"wp-block-heading\">N\u00edvel 3 &#8211; Linguagem regional \/ regionalismo<\/h3>\n\n\n\n<p>Os regionalismos s\u00e3o o conjunto de palavras <strong>relacionadas \u00e0 cultura e ao local dos falantes. <\/strong>Tamb\u00e9m costumam ser chamados de <strong>dialetos<\/strong> e interferem principalmente no l\u00e9xico.<\/p>\n\n\n\n<p>Existem in\u00fameras varia\u00e7\u00f5es, sendo que elas s\u00e3o mais comuns nas falas ou obras liter\u00e1rias. As <a href=\"https:\/\/brasilescola.uol.com.br\/brasil\/regioes-brasileiras.htm\" target=\"_blank\" rel=\"noreferrer noopener\">regi\u00f5es do Brasil<\/a>, por exemplo, s\u00e3o famosas por apresentarem suas pr\u00f3prias palavras! <strong>Quem nunca ouviu um \u201cbah tch\u00ea\u201d, um \u201cuai s\u00f4\u201d ou um \u201coxente\u201d?!<\/strong><\/p>\n\n\n\n<p>\u00c9 importante destacar que tamb\u00e9m <strong>existe uma linguagem formal e outra informal dentro do vocabul\u00e1rio regional<\/strong>. Ent\u00e3o, n\u00e3o s\u00e3o sempre sin\u00f4nimos de coloquialidade. <strong>Por\u00e9m<\/strong>, n\u00e3o se deve usar o dialeto nas situa\u00e7\u00f5es formais que est\u00e3o fora do seu contexto cultural:<\/p>\n\n\n\n<p><strong>J\u00e1 imaginou se<\/strong> todos os brasileiros usassem seu dialeto, ainda que fossem palavras formais, na <a href=\"https:\/\/beduka.com\/blog\/materias\/redacao\/segredos-redacao-perfeita-enem\/\" target=\"_blank\" rel=\"noreferrer noopener\">reda\u00e7\u00e3o do Enem<\/a>? O corretor de outra cultura poderia n\u00e3o entender\u2026\u00a0<\/p>\n\n\n\n<p>Por isso, a norma padr\u00e3o \u00e9 sempre usada em qualquer situa\u00e7\u00e3o formal que envolva mais de uma regi\u00e3o! Tirando isso, os regionalismos s\u00e3o sempre bem-vindos, principalmente porque <strong>fazem parte da identidade de um povo!<\/strong><\/p>\n\n\n\n<h3 class=\"wp-block-heading\">N\u00edvel 4 &#8211; G\u00edrias<\/h3>\n\n\n\n<p>A g\u00edria \u00e9 como <strong>uma subdivis\u00e3o da linguagem coloquial,<\/strong> caracterizada por <strong>resignificar palavras ou inventar outras no dia a dia.<\/strong><\/p>\n\n\n\n<p>Elas n\u00e3o est\u00e3o associadas \u00e0 cultura de uma regi\u00e3o. <strong>S\u00e3o inventadas aos montes, espontaneamente e podendo ocorrer nacionalmente<\/strong>. Tem mais a ver com <strong>grupos sociais <\/strong>que usam certas palavras com mais intensidade e frequ\u00eancia.<\/p>\n\n\n\n<p>Elas <strong>s\u00e3o t\u00e3o din\u00e2micas que,<\/strong> <strong>de gera\u00e7\u00e3o em gera\u00e7\u00e3o, podem ser trocadas<\/strong> por outras palavras e continuar se referindo a mesma coisa!&nbsp;<\/p>\n\n\n\n<p><strong>Veja s\u00f3:<\/strong><\/p>\n\n\n\n<p>Na d\u00e9cada de 80, quando algu\u00e9m queria se referia a uma pessoa bonita que avistasse, se dizia \u201c<strong>nossa, que p\u00e3o<\/strong>\u201d. Nos anos 90, foi trocado por \u201c<strong>nossa, que fil\u00e9<\/strong>\u201d. Nos anos 2000, j\u00e1 se dizia \u201c<strong>nossa, que avi\u00e3o<\/strong>\u201d e hoje h\u00e1 in\u00fameras outras palavras!<\/p>\n\n\n\n<ul><li>Lembre-se de tomar cuidado com as g\u00edrias como \u201ctipo\u201d e \u201ca\u00ed\u201d, pois costumam virar\u00a0 <a href=\"https:\/\/beduka.com\/blog\/materias\/portugues\/vicios-de-linguagem\/\" target=\"_blank\" rel=\"noreferrer noopener\">v\u00edcios de linguagem<\/a>!<\/li><\/ul>\n\n\n\n<h3 class=\"wp-block-heading\">N\u00edvel 5 &#8211; Linguagem vulgar<\/h3>\n\n\n\n<p>A linguagem vulgar \u00e9 <strong>o exato oposto da norma culta \/ padr\u00e3o<\/strong>. Aqui, h\u00e1 o distanciamento m\u00e1ximo do primeiro n\u00edvel de linguagem, pois n\u00e3o se trata de inventar ou ressignificar palavras, mas de<strong> desobedecer \u00e0s regras gramaticais.<\/strong><\/p>\n\n\n\n<p>O mais interessante \u00e9 que, mesmo de maneira rudimentar, os falantes desse mesmo n\u00edvel e os demais (com um pouco de abstra\u00e7\u00e3o) conseguem compreender a mensagem principal.&nbsp;<\/p>\n\n\n\n<p>Aqui tamb\u00e9m h\u00e1 muitos <strong>v\u00edcios de linguagem<\/strong>, como \u201cN\u00f3is vai\u201d, \u201cPra mim ir\u201d e\u201cVamo ir\u201d.&nbsp;<\/p>\n\n\n\n<p><strong>\u00c9 importante lembrar que<\/strong> n\u00e3o se deve desrespeitar ou <strong>agir de forma preconceituosa<\/strong> com quem fala assim. Nem todas as pessoas tiveram instru\u00e7\u00e3o suficiente para conhecer a norma culta ou, \u00e0s vezes, o pr\u00f3prio contexto dispensa a formalidade.<\/p>\n\n\n\n<h2 class=\"wp-block-heading\" id=\"3\">Os 10 exerc\u00edcios sobre n\u00edveis de linguagem!<\/h2>\n\n\n\n<p>Esperamos que, com esse resumo, <strong>tudo tenha ficado mais claro para voc\u00ea.<\/strong><\/p>\n\n\n\n<p><strong>Obrigado<\/strong> por ter lido at\u00e9 aqui!<\/p>\n\n\n\n<p>Baixe <strong>gratuitamente<\/strong> o <a href=\"https:\/\/beduka.com\/blog\/dicas\/enem-dicas\/plano-de-estudos-gratuito\/\" target=\"_blank\" rel=\"noreferrer noopener\">Plano de Estudos<\/a> do <strong>Beduka<\/strong> e tenha uma prepara\u00e7\u00e3o<strong> perfeita <\/strong>para o <strong>ENEM<\/strong>.<\/p>\n\n\n\n<p><strong>Quest\u00e3o 1- (<\/strong><a href=\"https:\/\/www5.pucsp.br\/paginainicial\/\" target=\"_blank\" rel=\"noreferrer noopener\"><strong>PUC-SP<\/strong><\/a><strong>-2005)\u00a0<\/strong><\/p>\n\n\n\n<p>Nas ora\u00e7\u00f5es a seguir, as express\u00f5es coloquiais sublinhadas podem ser substitu\u00eddas por<\/p>\n\n\n\n<p>sin\u00f4nimas.<\/p>\n\n\n\n<p><strong>I.<\/strong>\u201c\u2026 e beijava tudo que era mulher que passasse dando<\/p>\n\n\n\n<p>sopa.\u201d<\/p>\n\n\n\n<p><strong>II.<\/strong>\u201c\u2026 que o Papa de araque\u2026\u201d<\/p>\n\n\n\n<p><strong>III.<\/strong>\u201c\u2026 numa homenagem tamb\u00e9m aos salgueirenses que, no Carnaval de 1967, entraram pelo cano.\u201d<\/p>\n\n\n\n<p>Indique que op\u00e7\u00e3o equivale, do ponto de vista do sentido, a essas express\u00f5es:<\/p>\n\n\n\n<p><strong>a) <\/strong>descuidando, falso, deram-se mal.<\/p>\n\n\n\n<p><strong>b)<\/strong> reclamando, falso, obstru\u00edram-se.<\/p>\n\n\n\n<p><strong>c)<\/strong> descuidando, esperto, sa\u00edram-se vitoriosos.<\/p>\n\n\n\n<p><strong>d)<\/strong> reclamando, falso, deram-se mal.<\/p>\n\n\n\n<p><strong>e) <\/strong>descuidando, esperto, obstru\u00edram-se.<\/p>\n\n\n\n<p><strong>Quest\u00e3o 2- (<\/strong><a href=\"https:\/\/www.gov.br\/inep\/pt-br\/areas-de-atuacao\/avaliacao-e-exames-educacionais\/enem\" target=\"_blank\" rel=\"noreferrer noopener\"><strong>ENEM<\/strong><\/a><strong>-2001)\u00a0<\/strong><\/p>\n\n\n\n<p>Murilo Mendes, em um de seus poemas, dialoga com a carta de Pero Vaz de Caminha:<\/p>\n\n\n\n<blockquote class=\"wp-block-quote\"><p>\u201cA terra \u00e9 mui graciosa,<\/p><p>T\u00e3o f\u00e9rtil eu nunca vi.<\/p><p>A gente vai passear,<\/p><p>No ch\u00e3o espeta um cani\u00e7o,<\/p><p>No dia seguinte nasce<\/p><p>Bengala de cast\u00e3o de oiro.<\/p><p>Tem goiabas, melancias,<\/p><p>Banana que nem chuchu.<\/p><p>Quanto aos bichos, tem-nos muito<\/p><p>De plumagens mui vistosas.<\/p><p>Tem macaco at\u00e9 demais<\/p><p>Diamantes tem \u00e0 vontade<\/p><p>Esmeralda \u00e9 para os trouxas.<\/p><p>Refor\u00e7ai, Senhor, a arca,<\/p><p>Cruzados n\u00e3o faltar\u00e3o,<\/p><p>Vossa perna encanareis,<\/p><p>Salvo o devido respeito.<\/p><p>Ficarei muito saudoso<\/p><p>Se for embora daqui\u201d.<\/p><p>(MENDES, Murilo. Murilo Mendes &#8211; poesia completa e prosa. Rio de Janeiro: Nova Aguilar, 1994.)<\/p><\/blockquote>\n\n\n\n<p>Arca\u00edsmos e termos coloquiais misturam-se nesse poema, criando um efeito de contraste, como ocorre em:<\/p>\n\n\n\n<p><strong>a)<\/strong> A terra \u00e9 mui graciosa \/ Tem macaco at\u00e9 demais.<\/p>\n\n\n\n<p><strong>b)<\/strong> Salvo o devido respeito \/ Refor\u00e7ai, Senhor, a arca.<\/p>\n\n\n\n<p><strong>c) <\/strong>A gente vai passear \/ Ficarei muito saudoso.<\/p>\n\n\n\n<p><strong>d) <\/strong>De plumagens mui vistosas \/ Bengala de cast\u00e3o de oiro.<\/p>\n\n\n\n<p><strong>e)<\/strong> No ch\u00e3o espeta um cani\u00e7o \/ Diamantes tem \u00e0 vontade.<\/p>\n\n\n\n<ul><li>Voc\u00ea j\u00e1 fez 20% das quest\u00f5es de n\u00edveis de linguagem. Continue assim!<\/li><\/ul>\n\n\n\n<p><strong>Quest\u00e3o 3- (<\/strong><a href=\"https:\/\/www.fuvest.br\/\" target=\"_blank\" rel=\"noreferrer noopener\"><strong>Fuvest<\/strong><\/a><strong>-2002)\u00a0<\/strong><\/p>\n\n\n\n<p>As aspas marcam o uso de uma palavra ou express\u00e3o de variedade ling\u00fc\u00edstica diversa da que foi usada no restante da frase em:<\/p>\n\n\n\n<p><strong>a)<\/strong> Essa vis\u00e3o desemboca na busca ilimitada do lucro, na apologia do empres\u00e1rio privado como o \u201cgrande her\u00f3i\u201d contempor\u00e2neo.<\/p>\n\n\n\n<p><strong>b)<\/strong> Pude ver a obra de Machado de Assis de v\u00e1rios \u00e2ngulos, sem participar de nenhuma vis\u00e3o \u201coficialesca\u201d.<\/p>\n\n\n\n<p><strong>c)<\/strong> Nas recentes discuss\u00f5es sobre os \u201cfundamentos\u201d da economia brasileira, o governo deu \u00eanfase ao equil\u00edbrio fiscal.<\/p>\n\n\n\n<p><strong>d)<\/strong> O pr\u00eamio Darwin, que \u201chomenageia\u201d mortes est\u00fapidas, foi institu\u00eddo em 1993.<\/p>\n\n\n\n<p><strong>e)<\/strong> Em fazendas de Minas e Santa Catarina, quem aprecia o campo pode curtir o frio, ouvindo \u201ccausos\u201d \u00e0 beira da fogueira.<\/p>\n\n\n\n<p><strong>Quest\u00e3o 4- (<\/strong><a href=\"https:\/\/enem.inep.gov.br\/participante\/\" target=\"_blank\" rel=\"noreferrer noopener\"><strong>Enem<\/strong><\/a><strong> Cancelado-2009)<\/strong><\/p>\n\n\n\n<p>A escrita \u00e9 uma das formas de express\u00e3o que as pessoas utilizam para comunicar algo e tem v\u00e1rias finalidades: informar, entreter, convencer, divulgar, descrever. Assim, o conhecimento acerca das variedades lingu\u00edsticas sociais, regionais e de registro torna-se necess\u00e1rio para que se use a l\u00edngua nas mais diversas situa\u00e7\u00f5es comunicativas.<\/p>\n\n\n\n<p>Considerando as informa\u00e7\u00f5es acima, imagine que voc\u00ea est\u00e1 \u00e0 procura de um emprego e encontrou duas empresas que precisam de novos funcion\u00e1rios. Uma delas exige uma carta de solicita\u00e7\u00e3o de emprego. Ao redigi-la, voc\u00ea:<\/p>\n\n\n\n<p><strong>a)<\/strong> far\u00e1 uso da linguagem metaf\u00f3rica.<\/p>\n\n\n\n<p><strong>b) <\/strong>apresentar\u00e1 elementos n\u00e3o verbais.<\/p>\n\n\n\n<p><strong>c)<\/strong> utilizar\u00e1 o registro informal.<\/p>\n\n\n\n<p><strong>d)<\/strong> evidenciar\u00e1 a norma padr\u00e3o.<\/p>\n\n\n\n<p><strong>e)<\/strong> far\u00e1 uso de g\u00edrias.<\/p>\n\n\n\n<p><strong>Quest\u00e3o 5- (<\/strong><a href=\"https:\/\/www.pciconcursos.com.br\/provas\/seplag-policia-militar-mg\/\"><strong>SEPLAG<\/strong><\/a><strong> &#8211; Pol\u00edcia Militar\/MG-2012 &#8211; Assistente administrativo)<\/strong><\/p>\n\n\n\n<blockquote class=\"wp-block-quote\"><p>\u2212 \u00c3-h\u00e3, quer entrar, pode entrar&#8230; Mec\u00ea sabia que eu moro aqui? Como \u00e9 que sabia? Hum, hum&#8230;Cavalo seu \u00e9 esse s\u00f3? Ixe! Cavalo t\u00e1 manco, aguado. Presta mais n\u00e3o.<\/p><p>(ROSA, Jo\u00e3o Guimar\u00e3es. Estas est\u00f3rias: Meu tio o Iauaret\u00ea. Rio de Janeiro: Jos\u00e9 Olympio, 1969, p.126)<\/p><\/blockquote>\n\n\n\n<p>Observando-se a variedade lingu\u00edstica de que se vale o falante do trecho acima, percebe-se uso de:<\/p>\n\n\n\n<p><strong>a)<\/strong> linguagem marcada por constru\u00e7\u00f5es sint\u00e1ticas complexas e inapropriadas para o contexto, respons\u00e1veis por truncar a comunica\u00e7\u00e3o e dificultar o entendimento.<\/p>\n\n\n\n<p><strong>b)<\/strong> linguagem formal, utilizada pelas pessoas que dominam o n\u00edvel culto da linguagem, sendo, portanto, adequada \u00e0 situa\u00e7\u00e3o em que o falante se encontra.<\/p>\n\n\n\n<p><strong>c)<\/strong> g\u00edrias e interjei\u00e7\u00f5es, como ixe e aguado, prioritariamente utilizadas entre os jovens, sendo assim, incompat\u00edveis com a situa\u00e7\u00e3o em que o falante se encontra.<\/p>\n\n\n\n<p><strong>d)<\/strong> coloquialismos e linguagem informal, como mec\u00ea e t\u00e1, apropriados para a situa\u00e7\u00e3o de informalidade em que o falante se encontra.<\/p>\n\n\n\n<ul><li><strong>Nossa!<\/strong> Voc\u00ea j\u00e1 fez metade das quest\u00f5es sobre n\u00edveis de linguagem. Vamos l\u00e1!<\/li><\/ul>\n\n\n\n<p><strong>Quest\u00e3o 6- (<\/strong><a href=\"https:\/\/enem.inep.gov.br\/participante\/\" target=\"_blank\" rel=\"noreferrer noopener\"><strong>ENEM<\/strong><\/a><strong>-2007)\u00a0<\/strong><\/p>\n\n\n\n<blockquote class=\"wp-block-quote\"><p>Antigamente<\/p><p>Acontecia o indiv\u00edduo apanhar constipa\u00e7\u00e3o; ficando perrengue, mandava o pr\u00f3prio chamar o doutor e, depois, ir \u00e0 botica para aviar a receita, de c\u00e1psulas ou p\u00edlulas fedorentas. Doen\u00e7a nefasta era a pht\u00edsica, feia era o g\u00e1lico. Antigamente, os sobrados tinham assombra\u00e7\u00f5es, os meninos, lombrigas (&#8230;).<\/p><p>Carlos Drummond de Andrade. Poesia completa e prosa. Rio de Janeiro: Companhia Jos\u00e9 Aguilar, p. 1.184.<\/p><\/blockquote>\n\n\n\n<p>O texto acima est\u00e1 escrito em linguagem de uma \u00e9poca passada. Observe uma outra vers\u00e3o, em linguagem atual.<\/p>\n\n\n\n<blockquote class=\"wp-block-quote\"><p>Antigamente<\/p><p>Acontecia o indiv\u00edduo apanhar um resfriado; ficando mal, mandava o pr\u00f3prio chamar o doutor e, depois, ir \u00e0 farm\u00e1cia para aviar a receita, de c\u00e1psulas ou p\u00edlulas fedorentas. Doen\u00e7a nefasta era a tuberculose, feia era a s\u00edfilis. Antigamente, os sobrados tinham assombra\u00e7\u00f5es, os meninos, vermes (&#8230;)<\/p><\/blockquote>\n\n\n\n<p>Comparando-se esses dois textos, verifica-se que, na segunda vers\u00e3o, houve mudan\u00e7as relativas a:<\/p>\n\n\n\n<p><strong>a)<\/strong> vocabul\u00e1rio.<\/p>\n\n\n\n<p><strong>b)<\/strong> constru\u00e7\u00f5es sint\u00e1ticas.<\/p>\n\n\n\n<p><strong>c) <\/strong>pontua\u00e7\u00e3o.<\/p>\n\n\n\n<p><strong>d)<\/strong> fon\u00e9tica.<\/p>\n\n\n\n<p><strong>e)<\/strong> reg\u00eancia verbal.<\/p>\n\n\n\n<p><strong>Quest\u00e3o 7- (<\/strong><a href=\"https:\/\/www.qconcursos.com\/questoes-de-concursos\/provas\/funrio-2009-mj-analista-tecnico-administrativo\" target=\"_blank\" rel=\"noreferrer noopener\"><strong>FUNRIO<\/strong><\/a><strong> \u2013 Minist\u00e9rio da Justi\u00e7a &#8211; 2009 &#8211; Analista t\u00e9cnico administrativo)<\/strong><\/p>\n\n\n\n<blockquote class=\"wp-block-quote\"><p>Reuni\u00e3o sobre clima termina com racha<\/p><p>A pen\u00faltima reuni\u00e3o de negocia\u00e7\u00e3o antes da confer\u00eancia do clima de Copenhague terminou ontem em Bancoc, Tail\u00e2ndia, com duas promessas: uma dos pa\u00edses desenvolvidos, de que v\u00e3o acabar com o Protocolo de Kyoto em favor de um acordo do clima \u00fanico para ricos e pobres. A outra, dos pa\u00edses em desenvolvimento, de que n\u00e3o deixar\u00e3o isso acontecer. &#8220;O Grupo da \u00c1frica se op\u00f5e \u00e0 substitui\u00e7\u00e3o do Protocolo de Kyoto por quaisquer outros acordos. Vou repetir: o Grupo da \u00c1frica se op\u00f5e \u00e0 substitui\u00e7\u00e3o do Protocolo de Kyoto por quaisquer outros acordos&#8221;, declarou o representante da Arg\u00e9lia numa das plen\u00e1rias finais do encontro, ontem de manh\u00e3. Foi apoiado por todo o G7, o grupo dos pa\u00edses em desenvolvimento, que o Brasil integra.<\/p><\/blockquote>\n\n\n\n<p>O t\u00edtulo da not\u00edcia jornal\u00edstica \u201cReuni\u00e3o sobre clima termina com racha\u201d apresenta marca de varia\u00e7\u00e3o lingu\u00edstica pr\u00f3pria<\/p>\n\n\n\n<p><strong>a) <\/strong>da express\u00e3o ret\u00f3rica no n\u00edvel lexical.<\/p>\n\n\n\n<p><strong>b)<\/strong> do registro informal no n\u00edvel sem\u00e2ntico.<\/p>\n\n\n\n<p><strong>c) <\/strong>do estilo jornal\u00edstico no n\u00edvel sint\u00e1tico.<\/p>\n\n\n\n<p><strong>d)<\/strong> da fala popular no n\u00edvel m\u00f3rfico.<\/p>\n\n\n\n<p><strong>e) <\/strong>do texto formal, no n\u00edvel fon\u00e9tico.<\/p>\n\n\n\n<p><strong>Quest\u00e3o 8- (<\/strong><a href=\"https:\/\/www.fuvest.br\/\" target=\"_blank\" rel=\"noreferrer noopener\"><strong>Fuvest<\/strong><\/a><strong>-2003)\u00a0<\/strong><\/p>\n\n\n\n<p>Entre as mensagens abaixo, a \u00fanica que est\u00e1 de acordo com a norma escrita culta \u00e9:<\/p>\n\n\n\n<p><strong>a) <\/strong>Confira as receitas incr\u00edveis preparadas para voc\u00ea. Clica aqui!<\/p>\n\n\n\n<p><strong>b) <\/strong>Mostra que voc\u00ea tem bom cora\u00e7\u00e3o. Contribua para a campanha do agasalho!<\/p>\n\n\n\n<p><strong>c)<\/strong> Cura-te a ti mesmo e seja feliz!<\/p>\n\n\n\n<p><strong>d)<\/strong> N\u00e3o subestime o consumidor. Venda produtos de boa proced\u00eancia.<\/p>\n\n\n\n<p><strong>e) <\/strong>Em caso de acidente, n\u00e3o siga viagem. Pede o apoio de um policial.<\/p>\n\n\n\n<ul><li><strong>Ufa!<\/strong> Agora s\u00f3 faltam mais dois exerc\u00edcios sobre n\u00edveis de linguagem!<\/li><\/ul>\n\n\n\n<p><strong>Quest\u00e3o 9- (<\/strong><a href=\"https:\/\/portal.fgv.br\/\" target=\"_blank\" rel=\"noreferrer noopener\"><strong>FGV<\/strong><\/a><strong>-2001)<\/strong><\/p>\n\n\n\n<figure class=\"wp-block-image size-large\"><img decoding=\"async\" loading=\"lazy\" width=\"609\" height=\"342\" src=\"https:\/\/beduka.com\/blog\/wp-content\/uploads\/2021\/06\/fgv-2009-Nos-tres-primeiros-quadrinhos-a-linguagem-utilizada-e-mais-formal-e-no-ultimo-mais-informal.jpg\" alt=\"fgv 2009 Nos tres primeiros quadrinhos, a linguagem utilizada e mais formal e, no ultimo, mais informal\" class=\"wp-image-21749\" srcset=\"https:\/\/beduka.com\/blog\/wp-content\/uploads\/2021\/06\/fgv-2009-Nos-tres-primeiros-quadrinhos-a-linguagem-utilizada-e-mais-formal-e-no-ultimo-mais-informal.jpg 609w, https:\/\/beduka.com\/blog\/wp-content\/uploads\/2021\/06\/fgv-2009-Nos-tres-primeiros-quadrinhos-a-linguagem-utilizada-e-mais-formal-e-no-ultimo-mais-informal-300x168.jpg 300w, https:\/\/beduka.com\/blog\/wp-content\/uploads\/2021\/06\/fgv-2009-Nos-tres-primeiros-quadrinhos-a-linguagem-utilizada-e-mais-formal-e-no-ultimo-mais-informal-320x180.jpg 320w\" sizes=\"(max-width: 609px) 100vw, 609px\" \/><\/figure>\n\n\n\n<p>Nos tr\u00eas primeiros quadrinhos, a linguagem utilizada \u00e9 mais formal e, no \u00faltimo, mais informal.<\/p>\n\n\n\n<p>Assinale a alternativa que traga, primeiro, uma marca da formalidade e, depois, uma marca da informalidade presentes nos quadrinhos.<\/p>\n\n\n\n<p><strong>a) <\/strong>Vilania; vosso.<\/p>\n\n\n\n<p><strong>b) <\/strong>V\u00f3s; voc\u00ea.<\/p>\n\n\n\n<p><strong>c)<\/strong> Estou; voc\u00ea.<\/p>\n\n\n\n<p><strong>d)<\/strong> Tenhais; segui.<\/p>\n\n\n\n<p><strong>e)<\/strong> Not\u00edcias; falem.<\/p>\n\n\n\n<p><strong>Quest\u00e3o 10- (<\/strong><a href=\"https:\/\/enem.inep.gov.br\/participante\/\" target=\"_blank\" rel=\"noreferrer noopener\"><strong>ENEM<\/strong><\/a><strong>-2012)<\/strong><\/p>\n\n\n\n<blockquote class=\"wp-block-quote\"><p>Cabeludinho<\/p><p>Quando a V\u00f3 me recebeu nas f\u00e9rias, ela me apresentou aos amigos: Este \u00e9 meu neto. Ele foi estudar no Rio e voltou de ateu. Ela disse que eu voltei de ateu. Aquela preposi\u00e7\u00e3o deslocada me fantasiava de ateu. Como quem dissesse no Carnaval: aquele menino est\u00e1 fantasiado de palha\u00e7o. Minha av\u00f3 entendia de reg\u00eancias verbais. Ela falava de s\u00e9rio. Mas todo-mundo riu. Porque aquela preposi\u00e7\u00e3o deslocada podia fazer de uma informa\u00e7\u00e3o um chiste. E fez. E mais: eu acho que buscar a beleza nas palavras \u00e9 uma solenidade de amor. E pode ser instrumento de rir. De outra feita, no meio da pelada um menino gritou: Disilimina esse, Cabeludinho. Eu n\u00e3o disiliminei ningu\u00e9m. Mas aquele verbo novo trouxe um perfume de poesia \u00e0 nossa quadra. Aprendi nessas f\u00e9rias a brincar de palavras mais do que trabalhar com elas. Comecei a n\u00e3o gostar de palavra engavetada. Aquela que n\u00e3o pode mudar de lugar. Aprendi a gostar mais das palavras pelo que elas entoam do que pelo que elas informam. Por depois ouvi um vaqueiro a cantar com saudade: Ai morena, n\u00e3o me escreve \/ que eu n\u00e3o sei a ler. Aquele a preposto ao verbo ler, ao meu ouvir, ampliava a solid\u00e3o do vaqueiro.<\/p><p>BARROS, M. Mem\u00f3rias inventadas: a inf\u00e2ncia. S\u00e3o Paulo: Planeta, 2003.<\/p><\/blockquote>\n\n\n\n<p>No texto, o autor desenvolve uma reflex\u00e3o sobre diferentes possibilidades de uso da l\u00edngua e sobre os sentidos que esses usos podem produzir, a exemplo das express\u00f5es \u201cvoltou de ateu\u201d, \u201cdisilimina esse\u201d e \u201ceu n\u00e3o sei a ler\u201d. Com essa reflex\u00e3o, o autor destaca<\/p>\n\n\n\n<p><strong>a)<\/strong> os desvios lingu\u00edsticos cometidos pelos personagens do texto.<\/p>\n\n\n\n<p><strong>b)<\/strong> a import\u00e2ncia de certos fen\u00f4menos gramaticais para o conhecimento da l\u00edngua portuguesa.<\/p>\n\n\n\n<p><strong>c) <\/strong>a distin\u00e7\u00e3o clara entre a norma culta e as outras variedades lingu\u00edsticas.<\/p>\n\n\n\n<p><strong>d) <\/strong>o relato fiel de epis\u00f3dios vividos por Cabeludinho durante as suas f\u00e9rias.<\/p>\n\n\n\n<p><strong>e)<\/strong> a valoriza\u00e7\u00e3o da dimens\u00e3o l\u00fadica e po\u00e9tica presente nos usos coloquiais da linguagem.<\/p>\n\n\n\n<ul><li><strong>Parab\u00e9ns<\/strong>, voc\u00ea fez todos os exerc\u00edcios de n\u00edveis de linguagem. Confira agora o Gabarito:<\/li><\/ul>\n\n\n\n<h2 class=\"wp-block-heading\" id=\"4\">Gabarito das quest\u00f5es sobre n\u00edveis de linguagem<\/h2>\n\n\n\n<p><strong>Exerc\u00edcio resolvido da quest\u00e3o 1 &#8211;<\/strong><\/p>\n\n\n\n<p>Alternativa correta: <strong>a) <\/strong>descuidando, falso, deram-se mal.<\/p>\n\n\n\n<p><strong>Exerc\u00edcio resolvido da quest\u00e3o 2 &#8211;<\/strong><\/p>\n\n\n\n<p>Alternativa correta: <strong>a)<\/strong> A terra \u00e9 mui graciosa \/ Tem macaco at\u00e9 demais.<\/p>\n\n\n\n<p><strong>Exerc\u00edcio resolvido da quest\u00e3o 3 &#8211;<\/strong><\/p>\n\n\n\n<p>Alternativa correta: <strong>a)<\/strong> Essa vis\u00e3o desemboca na busca ilimitada do lucro, na apologia do empres\u00e1rio privado como o \u201cgrande her\u00f3i\u201d contempor\u00e2neo.<\/p>\n\n\n\n<p><strong>Exerc\u00edcio resolvido da quest\u00e3o 4 &#8211;<\/strong><\/p>\n\n\n\n<p>Alternativa correta: <strong>d)<\/strong> evidenciar\u00e1 a norma padr\u00e3o.<\/p>\n\n\n\n<p><strong>Exerc\u00edcio resolvido da quest\u00e3o 5 &#8211;<\/strong><\/p>\n\n\n\n<p>Alternativa correta: <strong>d)<\/strong> coloquialismos e linguagem informal, como mec\u00ea e t\u00e1, apropriados para a situa\u00e7\u00e3o de informalidade em que o falante se encontra.<\/p>\n\n\n\n<p><strong>Exerc\u00edcio resolvido da quest\u00e3o 6 &#8211;<\/strong><\/p>\n\n\n\n<p>Alternativa correta: <strong>a)<\/strong> vocabul\u00e1rio.<\/p>\n\n\n\n<p><strong>Exerc\u00edcio resolvido da quest\u00e3o 7 &#8211;<\/strong><\/p>\n\n\n\n<p>Alternativa correta: <strong>b)<\/strong> do registro informal no n\u00edvel sem\u00e2ntico.<\/p>\n\n\n\n<p><strong>Exerc\u00edcio resolvido da quest\u00e3o 8 &#8211;<\/strong><\/p>\n\n\n\n<p>Alternativa correta: <strong>d)<\/strong> N\u00e3o subestime o consumidor. Venda produtos de boa proced\u00eancia.<\/p>\n\n\n\n<p><strong>Exerc\u00edcio resolvido da quest\u00e3o 9 &#8211;<\/strong><\/p>\n\n\n\n<p>Alternativa correta: <strong>b) <\/strong>V\u00f3s; voc\u00ea.<\/p>\n\n\n\n<p><strong>Exerc\u00edcio resolvido da quest\u00e3o 10 &#8211;<\/strong><\/p>\n\n\n\n<p>Alternativa correta: <strong>e)<\/strong> a valoriza\u00e7\u00e3o da dimens\u00e3o l\u00fadica e po\u00e9tica presente nos usos coloquiais da linguagem.<\/p>\n\n\n\n<ul><li>Estude para o Enem com o <a href=\"https:\/\/beduka.com\/simulado\" target=\"_blank\" rel=\"noreferrer noopener\">Simulado Beduka.<\/a> <strong>\u00c9 gratuito!<\/strong><\/li><\/ul>\n\n\n\n<p><strong>Gostou dos nossos exerc\u00edcios sobre n\u00edveis de linguagem?<\/strong> Compartilhe com os seus amigos e comente abaixo sobre as \u00e1reas que voc\u00ea deseja mais explica\u00e7\u00f5es.<\/p>\n\n\n\n<p><strong>Queremos te ajudar a encontrar a FACULDADE IDEAL!<\/strong> Logo abaixo, fa\u00e7a uma pesquisa por curso e cidade que te mostraremos todas as faculdades que podem te atender. Informamos a nota de corte, valor de mensalidade, nota do MEC, avalia\u00e7\u00e3o dos alunos, modalidades de ensino e muito mais.<\/p>\n","protected":false},"excerpt":{"rendered":"<p>A l\u00edngua \u00e9 a forma com que nos expressamos e, dependendo do contexto, conte\u00fado e pessoa com que falamos, devemos adequ\u00e1-la a um dos 5 n\u00edveis de linguagem! Leia o resumo com as caracter\u00edsticas e exemplos de cada n\u00edvel. Ao final, resolva os exerc\u00edcios sobre n\u00edveis de linguagem! Quer seguir diretamente para alguma parte? Clique [&hellip;]<\/p>\n","protected":false},"author":1,"featured_media":21750,"comment_status":"open","ping_status":"closed","sticky":false,"template":"","format":"standard","meta":{"_mi_skip_tracking":false,"_monsterinsights_sitenote_active":false,"_monsterinsights_sitenote_note":"","_monsterinsights_sitenote_category":0},"categories":[568,605],"tags":[],"yoast_head":"<!-- This site is optimized with the Yoast SEO plugin v20.10 - https:\/\/yoast.com\/wordpress\/plugins\/seo\/ -->\n<title>10 exerc\u00edcios sobre n\u00edveis de linguagem + Gabarito!<\/title>\n<meta name=\"description\" content=\"Leia o resumo e, depois, teste seus conhecimentos com os 5 melhores exerc\u00edcios sobre n\u00edveis de linguagem! O gabarito est\u00e1 no final.\" \/>\n<meta name=\"robots\" content=\"index, follow, max-snippet:-1, max-image-preview:large, max-video-preview:-1\" \/>\n<link rel=\"canonical\" href=\"https:\/\/beduka.com\/blog\/exercicios\/exercicios-sobre-niveis-de-linguagem\/\" \/>\n<meta property=\"og:locale\" content=\"pt_BR\" \/>\n<meta property=\"og:type\" content=\"article\" \/>\n<meta property=\"og:title\" content=\"10 exerc\u00edcios sobre n\u00edveis de linguagem + Gabarito!\" \/>\n<meta property=\"og:description\" content=\"Leia o resumo e, depois, teste seus conhecimentos com os 5 melhores exerc\u00edcios sobre n\u00edveis de linguagem! O gabarito est\u00e1 no final.\" \/>\n<meta property=\"og:url\" content=\"https:\/\/beduka.com\/blog\/exercicios\/exercicios-sobre-niveis-de-linguagem\/\" \/>\n<meta property=\"og:site_name\" content=\"Blog do Beduka | Mat\u00e9rias resumidas, Dicas e Exerc\u00edcios Enem\" \/>\n<meta property=\"article:publisher\" content=\"https:\/\/www.facebook.com\/beduka.buscadordefaculdades\/\" \/>\n<meta property=\"article:author\" content=\"https:\/\/www.facebook.com\/beduka.buscadordefaculdades\" \/>\n<meta property=\"article:published_time\" content=\"2021-06-17T13:43:12+00:00\" \/>\n<meta property=\"article:modified_time\" content=\"2021-06-17T13:43:13+00:00\" \/>\n<meta property=\"og:image\" content=\"https:\/\/beduka.com\/blog\/wp-content\/uploads\/2021\/06\/Os-10-melhores-ecxercicios-sobre-niveis-de-linguagem-gabarito-e-resumo.jpg\" \/>\n\t<meta property=\"og:image:width\" content=\"609\" \/>\n\t<meta property=\"og:image:height\" content=\"342\" \/>\n\t<meta property=\"og:image:type\" content=\"image\/jpeg\" \/>\n<meta name=\"author\" content=\"Reda\u00e7\u00e3o Beduka (a)\" \/>\n<meta name=\"twitter:card\" content=\"summary_large_image\" \/>\n<meta name=\"twitter:label1\" content=\"Escrito por\" \/>\n\t<meta name=\"twitter:data1\" content=\"Reda\u00e7\u00e3o Beduka (a)\" \/>\n\t<meta name=\"twitter:label2\" content=\"Est. tempo de leitura\" \/>\n\t<meta name=\"twitter:data2\" content=\"16 minutos\" \/>\n<script type=\"application\/ld+json\" class=\"yoast-schema-graph\">{\"@context\":\"https:\/\/schema.org\",\"@graph\":[{\"@type\":\"Article\",\"@id\":\"https:\/\/beduka.com\/blog\/exercicios\/exercicios-sobre-niveis-de-linguagem\/#article\",\"isPartOf\":{\"@id\":\"https:\/\/beduka.com\/blog\/exercicios\/exercicios-sobre-niveis-de-linguagem\/\"},\"author\":{\"name\":\"Reda\u00e7\u00e3o Beduka (a)\",\"@id\":\"https:\/\/beduka.com\/blog\/#\/schema\/person\/325d912d2cb8dd9ede8ab291427d2b8a\"},\"headline\":\"Os 10 melhores exerc\u00edcios sobre n\u00edveis de linguagem com o Gabarito!\",\"datePublished\":\"2021-06-17T13:43:12+00:00\",\"dateModified\":\"2021-06-17T13:43:13+00:00\",\"mainEntityOfPage\":{\"@id\":\"https:\/\/beduka.com\/blog\/exercicios\/exercicios-sobre-niveis-de-linguagem\/\"},\"wordCount\":3303,\"commentCount\":2,\"publisher\":{\"@id\":\"https:\/\/beduka.com\/blog\/#organization\"},\"articleSection\":[\"Exerc\u00edcios\",\"Portugu\u00eas\"],\"inLanguage\":\"pt-BR\",\"potentialAction\":[{\"@type\":\"CommentAction\",\"name\":\"Comment\",\"target\":[\"https:\/\/beduka.com\/blog\/exercicios\/exercicios-sobre-niveis-de-linguagem\/#respond\"]}]},{\"@type\":\"WebPage\",\"@id\":\"https:\/\/beduka.com\/blog\/exercicios\/exercicios-sobre-niveis-de-linguagem\/\",\"url\":\"https:\/\/beduka.com\/blog\/exercicios\/exercicios-sobre-niveis-de-linguagem\/\",\"name\":\"10 exerc\u00edcios sobre n\u00edveis de linguagem + Gabarito!\",\"isPartOf\":{\"@id\":\"https:\/\/beduka.com\/blog\/#website\"},\"datePublished\":\"2021-06-17T13:43:12+00:00\",\"dateModified\":\"2021-06-17T13:43:13+00:00\",\"description\":\"Leia o resumo e, depois, teste seus conhecimentos com os 5 melhores exerc\u00edcios sobre n\u00edveis de linguagem! O gabarito est\u00e1 no final.\",\"breadcrumb\":{\"@id\":\"https:\/\/beduka.com\/blog\/exercicios\/exercicios-sobre-niveis-de-linguagem\/#breadcrumb\"},\"inLanguage\":\"pt-BR\",\"potentialAction\":[{\"@type\":\"ReadAction\",\"target\":[\"https:\/\/beduka.com\/blog\/exercicios\/exercicios-sobre-niveis-de-linguagem\/\"]}]},{\"@type\":\"BreadcrumbList\",\"@id\":\"https:\/\/beduka.com\/blog\/exercicios\/exercicios-sobre-niveis-de-linguagem\/#breadcrumb\",\"itemListElement\":[{\"@type\":\"ListItem\",\"position\":1,\"name\":\"Home\",\"item\":\"https:\/\/beduka.com\/blog\/\"},{\"@type\":\"ListItem\",\"position\":2,\"name\":\"Os 10 melhores exerc\u00edcios sobre n\u00edveis de linguagem com o Gabarito!\"}]},{\"@type\":\"WebSite\",\"@id\":\"https:\/\/beduka.com\/blog\/#website\",\"url\":\"https:\/\/beduka.com\/blog\/\",\"name\":\"Blog do Beduka | Mat\u00e9rias resumidas, Dicas e Exerc\u00edcios Enem\",\"description\":\"O Blog do Beduka tem os conte\u00fados que mais caem no Enem, exerc\u00edcios de vestibular com gabarito, resumos, dicas e informa\u00e7\u00f5es Sisu, Prouni e Fies.Encontre dicas para o ENEM, resumos, exerc\u00edcios e informa\u00e7\u00f5es sobre os vestibulares. Acesse agora!\",\"publisher\":{\"@id\":\"https:\/\/beduka.com\/blog\/#organization\"},\"potentialAction\":[{\"@type\":\"SearchAction\",\"target\":{\"@type\":\"EntryPoint\",\"urlTemplate\":\"https:\/\/beduka.com\/blog\/?s={search_term_string}\"},\"query-input\":\"required name=search_term_string\"}],\"inLanguage\":\"pt-BR\"},{\"@type\":\"Organization\",\"@id\":\"https:\/\/beduka.com\/blog\/#organization\",\"name\":\"Beduka\",\"url\":\"https:\/\/beduka.com\/blog\/\",\"logo\":{\"@type\":\"ImageObject\",\"inLanguage\":\"pt-BR\",\"@id\":\"https:\/\/beduka.com\/blog\/#\/schema\/logo\/image\/\",\"url\":\"https:\/\/beduka.com\/blog\/wp-content\/uploads\/2020\/06\/marca-beduka.png\",\"contentUrl\":\"https:\/\/beduka.com\/blog\/wp-content\/uploads\/2020\/06\/marca-beduka.png\",\"width\":1077,\"height\":368,\"caption\":\"Beduka\"},\"image\":{\"@id\":\"https:\/\/beduka.com\/blog\/#\/schema\/logo\/image\/\"},\"sameAs\":[\"https:\/\/www.facebook.com\/beduka.buscadordefaculdades\/\",\"https:\/\/www.instagram.com\/beduka_oficial\/\",\"https:\/\/www.linkedin.com\/company\/beduka\",\"https:\/\/br.pinterest.com\/bedukaoficial\/\",\"https:\/\/www.youtube.com\/beduka\"]},{\"@type\":\"Person\",\"@id\":\"https:\/\/beduka.com\/blog\/#\/schema\/person\/325d912d2cb8dd9ede8ab291427d2b8a\",\"name\":\"Reda\u00e7\u00e3o Beduka (a)\",\"image\":{\"@type\":\"ImageObject\",\"inLanguage\":\"pt-BR\",\"@id\":\"https:\/\/beduka.com\/blog\/#\/schema\/person\/image\/\",\"url\":\"https:\/\/secure.gravatar.com\/avatar\/6f58a181ef24e0dc0bb73f096aa0f8b5?s=96&d=mm&r=g\",\"contentUrl\":\"https:\/\/secure.gravatar.com\/avatar\/6f58a181ef24e0dc0bb73f096aa0f8b5?s=96&d=mm&r=g\",\"caption\":\"Reda\u00e7\u00e3o Beduka (a)\"},\"description\":\"Este conte\u00fado foi criado e validado por uma equipe multidisciplinar, formada por especialistas em cada \u00e1rea do conhecimento. O Beduka est\u00e1 presente no Instagram, YouTube, LinkedIn e em diversos outros ambientes digitais. O site foi criado em 2017 e, desde a sua funda\u00e7\u00e3o, atua para fornecer materiais de qualidade para facilitar a vida de estudantes de todo o Brasil, ajudando-os a se preparar para os principais vestibulares e o Enem.\",\"sameAs\":[\"https:\/\/www.facebook.com\/beduka.buscadordefaculdades\",\"https:\/\/www.instagram.com\/beduka_oficial\/\",\"https:\/\/br.pinterest.com\/bedukaoficial\/\"],\"url\":\"https:\/\/beduka.com\/blog\/author\/admin\/\"}]}<\/script>\n<!-- \/ Yoast SEO plugin. -->","yoast_head_json":{"title":"10 exerc\u00edcios sobre n\u00edveis de linguagem + Gabarito!","description":"Leia o resumo e, depois, teste seus conhecimentos com os 5 melhores exerc\u00edcios sobre n\u00edveis de linguagem! O gabarito est\u00e1 no final.","robots":{"index":"index","follow":"follow","max-snippet":"max-snippet:-1","max-image-preview":"max-image-preview:large","max-video-preview":"max-video-preview:-1"},"canonical":"https:\/\/beduka.com\/blog\/exercicios\/exercicios-sobre-niveis-de-linguagem\/","og_locale":"pt_BR","og_type":"article","og_title":"10 exerc\u00edcios sobre n\u00edveis de linguagem + Gabarito!","og_description":"Leia o resumo e, depois, teste seus conhecimentos com os 5 melhores exerc\u00edcios sobre n\u00edveis de linguagem! O gabarito est\u00e1 no final.","og_url":"https:\/\/beduka.com\/blog\/exercicios\/exercicios-sobre-niveis-de-linguagem\/","og_site_name":"Blog do Beduka | Mat\u00e9rias resumidas, Dicas e Exerc\u00edcios Enem","article_publisher":"https:\/\/www.facebook.com\/beduka.buscadordefaculdades\/","article_author":"https:\/\/www.facebook.com\/beduka.buscadordefaculdades","article_published_time":"2021-06-17T13:43:12+00:00","article_modified_time":"2021-06-17T13:43:13+00:00","og_image":[{"width":609,"height":342,"url":"https:\/\/beduka.com\/blog\/wp-content\/uploads\/2021\/06\/Os-10-melhores-ecxercicios-sobre-niveis-de-linguagem-gabarito-e-resumo.jpg","type":"image\/jpeg"}],"author":"Reda\u00e7\u00e3o Beduka (a)","twitter_card":"summary_large_image","twitter_misc":{"Escrito por":"Reda\u00e7\u00e3o Beduka (a)","Est. tempo de leitura":"16 minutos"},"schema":{"@context":"https:\/\/schema.org","@graph":[{"@type":"Article","@id":"https:\/\/beduka.com\/blog\/exercicios\/exercicios-sobre-niveis-de-linguagem\/#article","isPartOf":{"@id":"https:\/\/beduka.com\/blog\/exercicios\/exercicios-sobre-niveis-de-linguagem\/"},"author":{"name":"Reda\u00e7\u00e3o Beduka (a)","@id":"https:\/\/beduka.com\/blog\/#\/schema\/person\/325d912d2cb8dd9ede8ab291427d2b8a"},"headline":"Os 10 melhores exerc\u00edcios sobre n\u00edveis de linguagem com o Gabarito!","datePublished":"2021-06-17T13:43:12+00:00","dateModified":"2021-06-17T13:43:13+00:00","mainEntityOfPage":{"@id":"https:\/\/beduka.com\/blog\/exercicios\/exercicios-sobre-niveis-de-linguagem\/"},"wordCount":3303,"commentCount":2,"publisher":{"@id":"https:\/\/beduka.com\/blog\/#organization"},"articleSection":["Exerc\u00edcios","Portugu\u00eas"],"inLanguage":"pt-BR","potentialAction":[{"@type":"CommentAction","name":"Comment","target":["https:\/\/beduka.com\/blog\/exercicios\/exercicios-sobre-niveis-de-linguagem\/#respond"]}]},{"@type":"WebPage","@id":"https:\/\/beduka.com\/blog\/exercicios\/exercicios-sobre-niveis-de-linguagem\/","url":"https:\/\/beduka.com\/blog\/exercicios\/exercicios-sobre-niveis-de-linguagem\/","name":"10 exerc\u00edcios sobre n\u00edveis de linguagem + Gabarito!","isPartOf":{"@id":"https:\/\/beduka.com\/blog\/#website"},"datePublished":"2021-06-17T13:43:12+00:00","dateModified":"2021-06-17T13:43:13+00:00","description":"Leia o resumo e, depois, teste seus conhecimentos com os 5 melhores exerc\u00edcios sobre n\u00edveis de linguagem! O gabarito est\u00e1 no final.","breadcrumb":{"@id":"https:\/\/beduka.com\/blog\/exercicios\/exercicios-sobre-niveis-de-linguagem\/#breadcrumb"},"inLanguage":"pt-BR","potentialAction":[{"@type":"ReadAction","target":["https:\/\/beduka.com\/blog\/exercicios\/exercicios-sobre-niveis-de-linguagem\/"]}]},{"@type":"BreadcrumbList","@id":"https:\/\/beduka.com\/blog\/exercicios\/exercicios-sobre-niveis-de-linguagem\/#breadcrumb","itemListElement":[{"@type":"ListItem","position":1,"name":"Home","item":"https:\/\/beduka.com\/blog\/"},{"@type":"ListItem","position":2,"name":"Os 10 melhores exerc\u00edcios sobre n\u00edveis de linguagem com o Gabarito!"}]},{"@type":"WebSite","@id":"https:\/\/beduka.com\/blog\/#website","url":"https:\/\/beduka.com\/blog\/","name":"Blog do Beduka | Mat\u00e9rias resumidas, Dicas e Exerc\u00edcios Enem","description":"O Blog do Beduka tem os conte\u00fados que mais caem no Enem, exerc\u00edcios de vestibular com gabarito, resumos, dicas e informa\u00e7\u00f5es Sisu, Prouni e Fies.Encontre dicas para o ENEM, resumos, exerc\u00edcios e informa\u00e7\u00f5es sobre os vestibulares. Acesse agora!","publisher":{"@id":"https:\/\/beduka.com\/blog\/#organization"},"potentialAction":[{"@type":"SearchAction","target":{"@type":"EntryPoint","urlTemplate":"https:\/\/beduka.com\/blog\/?s={search_term_string}"},"query-input":"required name=search_term_string"}],"inLanguage":"pt-BR"},{"@type":"Organization","@id":"https:\/\/beduka.com\/blog\/#organization","name":"Beduka","url":"https:\/\/beduka.com\/blog\/","logo":{"@type":"ImageObject","inLanguage":"pt-BR","@id":"https:\/\/beduka.com\/blog\/#\/schema\/logo\/image\/","url":"https:\/\/beduka.com\/blog\/wp-content\/uploads\/2020\/06\/marca-beduka.png","contentUrl":"https:\/\/beduka.com\/blog\/wp-content\/uploads\/2020\/06\/marca-beduka.png","width":1077,"height":368,"caption":"Beduka"},"image":{"@id":"https:\/\/beduka.com\/blog\/#\/schema\/logo\/image\/"},"sameAs":["https:\/\/www.facebook.com\/beduka.buscadordefaculdades\/","https:\/\/www.instagram.com\/beduka_oficial\/","https:\/\/www.linkedin.com\/company\/beduka","https:\/\/br.pinterest.com\/bedukaoficial\/","https:\/\/www.youtube.com\/beduka"]},{"@type":"Person","@id":"https:\/\/beduka.com\/blog\/#\/schema\/person\/325d912d2cb8dd9ede8ab291427d2b8a","name":"Reda\u00e7\u00e3o Beduka (a)","image":{"@type":"ImageObject","inLanguage":"pt-BR","@id":"https:\/\/beduka.com\/blog\/#\/schema\/person\/image\/","url":"https:\/\/secure.gravatar.com\/avatar\/6f58a181ef24e0dc0bb73f096aa0f8b5?s=96&d=mm&r=g","contentUrl":"https:\/\/secure.gravatar.com\/avatar\/6f58a181ef24e0dc0bb73f096aa0f8b5?s=96&d=mm&r=g","caption":"Reda\u00e7\u00e3o Beduka (a)"},"description":"Este conte\u00fado foi criado e validado por uma equipe multidisciplinar, formada por especialistas em cada \u00e1rea do conhecimento. O Beduka est\u00e1 presente no Instagram, YouTube, LinkedIn e em diversos outros ambientes digitais. O site foi criado em 2017 e, desde a sua funda\u00e7\u00e3o, atua para fornecer materiais de qualidade para facilitar a vida de estudantes de todo o Brasil, ajudando-os a se preparar para os principais vestibulares e o Enem.","sameAs":["https:\/\/www.facebook.com\/beduka.buscadordefaculdades","https:\/\/www.instagram.com\/beduka_oficial\/","https:\/\/br.pinterest.com\/bedukaoficial\/"],"url":"https:\/\/beduka.com\/blog\/author\/admin\/"}]}},"_links":{"self":[{"href":"https:\/\/beduka.com\/blog\/wp-json\/wp\/v2\/posts\/21748"}],"collection":[{"href":"https:\/\/beduka.com\/blog\/wp-json\/wp\/v2\/posts"}],"about":[{"href":"https:\/\/beduka.com\/blog\/wp-json\/wp\/v2\/types\/post"}],"author":[{"embeddable":true,"href":"https:\/\/beduka.com\/blog\/wp-json\/wp\/v2\/users\/1"}],"replies":[{"embeddable":true,"href":"https:\/\/beduka.com\/blog\/wp-json\/wp\/v2\/comments?post=21748"}],"version-history":[{"count":1,"href":"https:\/\/beduka.com\/blog\/wp-json\/wp\/v2\/posts\/21748\/revisions"}],"predecessor-version":[{"id":21751,"href":"https:\/\/beduka.com\/blog\/wp-json\/wp\/v2\/posts\/21748\/revisions\/21751"}],"wp:featuredmedia":[{"embeddable":true,"href":"https:\/\/beduka.com\/blog\/wp-json\/wp\/v2\/media\/21750"}],"wp:attachment":[{"href":"https:\/\/beduka.com\/blog\/wp-json\/wp\/v2\/media?parent=21748"}],"wp:term":[{"taxonomy":"category","embeddable":true,"href":"https:\/\/beduka.com\/blog\/wp-json\/wp\/v2\/categories?post=21748"},{"taxonomy":"post_tag","embeddable":true,"href":"https:\/\/beduka.com\/blog\/wp-json\/wp\/v2\/tags?post=21748"}],"curies":[{"name":"wp","href":"https:\/\/api.w.org\/{rel}","templated":true}]}}