{"id":21795,"date":"2021-06-21T18:00:32","date_gmt":"2021-06-21T21:00:32","guid":{"rendered":"https:\/\/beduka.com\/blog\/?p=21795"},"modified":"2023-04-03T09:09:11","modified_gmt":"2023-04-03T12:09:11","slug":"o-que-e-estratificacao-social","status":"publish","type":"post","link":"https:\/\/beduka.com\/blog\/sociologia\/o-que-e-estratificacao-social\/","title":{"rendered":"Aprenda o que \u00e9 estratifica\u00e7\u00e3o social e seus efeitos com resumo e exemplos"},"content":{"rendered":"\n<blockquote class=\"wp-block-quote\"><p><strong>Numa mesma cidade, \u00e9 poss\u00edvel ver bairros nobres e comunidades carentes lado a lado. Este fen\u00f4meno \u00e9 um reflexo da estratifica\u00e7\u00e3o social, um dos conceitos mais importantes da Sociologia. Ele \u00e9 muito cobrado em vestibulares como Enem, por exemplo. Leia este artigo e entenda melhor o que \u00e9 estratifica\u00e7\u00e3o social com exemplos.<\/strong><\/p><\/blockquote>\n\n\n\n<p>Se quiser ir diretamente para alguma parte do texto, <strong>clique em algum dos t\u00f3picos abaixo<\/strong>:<\/p>\n\n\n\n<ul><li><a href=\"#o-que-\u00e9-estratifica\u00e7\u00e3o-social?\" data-type=\"internal\" data-id=\"#o-que-\u00e9-estratifica\u00e7\u00e3o-social?\">O que \u00e9 estratifica\u00e7\u00e3o social?<\/a><\/li><li><a href=\"#quais-s\u00e3o-os-tipos-de-estratifica\u00e7\u00e3o-social?\">Quais s\u00e3o os tipos de estratifica\u00e7\u00e3o social?<\/a><\/li><li><a href=\"#o-que-\u00e9-estratifica\u00e7\u00e3o-social-segundo-marx\" data-type=\"internal\" data-id=\"#o-que-\u00e9-estratifica\u00e7\u00e3o-social-segundo-marx\">O que \u00e9 estratifica\u00e7\u00e3o social segundo Marx<\/a><\/li><li><a href=\"#o-que-\u00e9-estratifica\u00e7\u00e3o-social-segundo-weber\" data-type=\"internal\" data-id=\"#o-que-\u00e9-estratifica\u00e7\u00e3o-social-segundo-weber\">O que \u00e9 estratifica\u00e7\u00e3o social segundo Weber<\/a><\/li><\/ul>\n\n\n\n<p>Quando voc\u00ea terminar de ler o artigo sobre o que \u00e9 estratifica\u00e7\u00e3o social, <strong>que tal testar seus conhecimentos no <\/strong><a href=\"https:\/\/beduka.com\/simulado-enem\/#\/\" target=\"_blank\" rel=\"noreferrer noopener\"><strong>Melhor Simulado Enem do Brasil<\/strong><\/a><strong>?<\/strong><\/p>\n\n\n\n<h2 class=\"wp-block-heading\" id=\"o-que-\u00e9-estratifica\u00e7\u00e3o-social?\">O que \u00e9 estratifica\u00e7\u00e3o social?<\/h2>\n\n\n\n<p>A estratifica\u00e7\u00e3o social \u00e9<strong> a classifica\u00e7\u00e3o dos grupos que comp\u00f5em uma sociedade de acordo com seu status social e as suas condi\u00e7\u00f5es econ\u00f4micas<\/strong>. \u00c9 um conceito fundamental para compreender a desigualdade e a hierarquia sociais.<\/p>\n\n\n\n<p>A estratifica\u00e7\u00e3o social existe desde a divis\u00e3o do trabalho na sociedade. Como as sociedades primitivas n\u00e3o eram organizadas deste modo, <strong>a estratifica\u00e7\u00e3o s\u00f3 passou a existir com o in\u00edcio da vida em civiliza\u00e7\u00e3o<\/strong>.<\/p>\n\n\n\n<p>Apesar de estar comumente ligada aos fatores de consumo e renda, a estratifica\u00e7\u00e3o social leva em considera\u00e7\u00e3o, tamb\u00e9m, as pr\u00e1ticas culturais e as cren\u00e7as de cada grupo.<\/p>\n\n\n\n<p>A divis\u00e3o nas sociedades capitalistas geralmente levam em considera\u00e7\u00e3o tr\u00eas grandes grupos ou classes:<strong>&nbsp;<\/strong><\/p>\n\n\n\n<ul><li><strong>classe baixa;<\/strong><\/li><li><strong>classe m\u00e9dia;<\/strong><\/li><li><strong>classe alta<\/strong>.&nbsp;<\/li><\/ul>\n\n\n\n<p>No entanto, esta \u00e9 uma divis\u00e3o que retoma a organiza\u00e7\u00e3o social desde <a href=\"https:\/\/beduka.com\/blog\/materias\/filosofia\/principais-ideias-de-aristoteles\/\" target=\"_blank\" rel=\"noreferrer noopener\"><strong>Arist\u00f3teles<\/strong><\/a>, para quem a classe m\u00e9dia era um fator de estabilidade pol\u00edtica e deveria ser a maioria na cidade.<\/p>\n\n\n\n<p>Os dados da estratifica\u00e7\u00e3o s\u00e3o utilizados pelos soci\u00f3logos para compreender a din\u00e2mica social e o motivo de haver, numa mesma sociedade, pessoas com acesso a muitas riquezas e outras com quase nenhuma, ou seja, a <a href=\"https:\/\/beduka.com\/blog\/exercicios\/sociologia-exercicios\/questoes-sobre-desigualdade-social\/\" target=\"_blank\" rel=\"noreferrer noopener\">desigualdade socia<\/a>l.<\/p>\n\n\n\n<h3 class=\"wp-block-heading\">O que \u00e9 desigualdade social?<\/h3>\n\n\n\n<p>A desigualdade social \u00e9 a <strong>diferen\u00e7a econ\u00f4mica entre os diversos membros de uma sociedade<\/strong>. Geralmente, \u00e9 fruto da m\u00e1 distribui\u00e7\u00e3o de renda e dos poucos investimentos em \u00e1reas sociais, como sa\u00fade e educa\u00e7\u00e3o.<\/p>\n\n\n\n<p>Entende-se que a desigualdade social \u00e9 um dos fatores determinantes para diversos problemas numa sociedade, como a <strong>viol\u00eancia<\/strong>.<\/p>\n\n\n\n<p><strong>A desigualdade social ser\u00e1 mais r\u00edgida nas sociedades mais estratificadas, divididas em castas<\/strong>. J\u00e1 nas sociedades capitalistas, \u00e9 poss\u00edvel haver uma mobilidade social mais f\u00e1cil.<\/p>\n\n\n\n<p><strong>A mobilidade social \u00e9 a mudan\u00e7a que um indiv\u00edduo faz para uma classe com posi\u00e7\u00e3o socioecon\u00f4mica diferente<\/strong>, numa sociedade. Numa sociedade de castas, isso \u00e9 praticamente imposs\u00edvel, pois a perten\u00e7a ao grupo \u00e9 determinada pela fam\u00edlia.<\/p>\n\n\n\n<p>Por exemplo, antes das <a href=\"https:\/\/beduka.com\/blog\/exercicios\/exercicios-de-revolucoes-liberais\/\">revolu\u00e7\u00f5es<\/a><a href=\"https:\/\/beduka.com\/blog\/exercicios\/exercicios-de-revolucoes-liberais\/\" target=\"_blank\" rel=\"noreferrer noopener\"> <\/a><a href=\"https:\/\/beduka.com\/blog\/exercicios\/exercicios-de-revolucoes-liberais\/\">liberais<\/a> o que determinava quem era nobre e quem era burgu\u00eas era o sangue. <strong>N\u00e3o importava o qu\u00e3o rico o burgu\u00eas se tornasse, ele nunca teria os privil\u00e9gios de um nobre<\/strong>.&nbsp;<\/p>\n\n\n\n<ul><li><strong>S\u00e3o mais de 200 resumos gratuitos no<\/strong> <a href=\"https:\/\/www.instagram.com\/beduka_oficial\/?hl=pt\" target=\"_blank\" rel=\"noreferrer noopener\">Instagram do Beduka.<\/a> Aproveite!<\/li><\/ul>\n\n\n\n<h2 class=\"wp-block-heading\" id=\"quais-s\u00e3o-os-tipos-de-estratifica\u00e7\u00e3o-social?\">Quais s\u00e3o os tipos de estratifica\u00e7\u00e3o social?<\/h2>\n\n\n\n<h3 class=\"wp-block-heading\">O que era o Sistema de castas ou estamentos<\/h3>\n\n\n\n<p>O sistema de castas \u00e9 muito utilizado na \u00cdndia, sendo previsto nos livros sagrados do Hindu\u00edsmo, que \u00e9 a religi\u00e3o com mais adeptos neste pa\u00eds.&nbsp;<\/p>\n\n\n\n<p><strong>A base do sistema de castas \u00e9 a fam\u00edlia na qual algu\u00e9m nasceu e ela determina desde as pr\u00e1ticas religiosas at\u00e9 as profiss\u00f5es<\/strong> que a pessoa ter\u00e1 ao longo de sua vida.<\/p>\n\n\n\n<p>A sociedade hindu \u00e9 dividida em quatro castas:&nbsp;<\/p>\n\n\n\n<ul><li><strong>Sudras<\/strong>: s\u00e3o respons\u00e1veis pelos trabalhos servis, sendo a casta mais baixa de todas.<\/li><li><strong>Vaix\u00e1s<\/strong>: respons\u00e1veis pela administra\u00e7\u00e3o de bens em geral e corresponde \u00e0 burguesia, tendo a agricultura, a cria\u00e7\u00e3o de gado, o com\u00e9rcio e a ind\u00fastria como principais atividades.<\/li><li><strong>X\u00e1trias: <\/strong>s\u00e3o respons\u00e1veis pelos postos militares e pelo governo.<\/li><li><strong>Br\u00e2manes:<\/strong> s\u00e3o os sacerdotes e guardi\u00f5es da ci\u00eancia.<\/li><\/ul>\n\n\n\n<p><strong>Um tipo parecido foi a sociedade estamental do <\/strong><a href=\"https:\/\/beduka.com\/blog\/materias\/historia\/principais-caracteristicas-feudalismo\/\" target=\"_blank\" rel=\"noreferrer noopener\"><strong>feudalismo<\/strong><\/a>. Os estamentos constitu\u00edam estratos sociais com fun\u00e7\u00f5es e direitos diferentes. Eram em n\u00famero de tr\u00eas:<\/p>\n\n\n\n<ul><li><strong>Laboratores<\/strong>: os que trabalham, os servos.<\/li><li><strong>Oratores<\/strong>: os que rezam, o clero regular e secular.<\/li><li><strong>Bellatores<\/strong>: os que batalham, a nobreza de cavalaria.<\/li><\/ul>\n\n\n\n<p>No entanto, <strong>os estamentos n\u00e3o eram t\u00e3o r\u00edgidos quanto as castas<\/strong>. Alguns papas, como Greg\u00f3rio VII, tiveram origem humilde e com o passar do tempo, no s\u00e9culo XII, as armas podiam ser usadas por mercen\u00e1rios, em vez da nobreza.<\/p>\n\n\n\n<h3 class=\"wp-block-heading\">Escravid\u00e3o<\/h3>\n\n\n\n<p><strong>A escravid\u00e3o \u00e9 um modelo econ\u00f4mico pelo qual algu\u00e9m \u00e9 submetido a trabalhar de modo for\u00e7ado para outra pessoa<\/strong>. Neste modelo, o escravo tem poucas chances de sair de sua condi\u00e7\u00e3o.<\/p>\n\n\n\n<p>Ao longo da hist\u00f3ria ocidental, a escravid\u00e3o era uma pr\u00e1tica comum at\u00e9 o final do s\u00e9culo XIX. Houve muitos debates sobre esse tema. Alguns autores, como Arist\u00f3teles, chegaram a afirmar que o escravo nascia para essa fun\u00e7\u00e3o.<\/p>\n\n\n\n<p><a href=\"https:\/\/beduka.com\/blog\/materias\/historia\/resumo-da-escravidao-no-brasil\/\" target=\"_blank\" rel=\"noreferrer noopener\"><strong>A escravid\u00e3o no Brasil <\/strong><\/a><strong>foi muito marcante e permeou a sociedade como um todo, regulando as rela\u00e7\u00f5es e fundamentando costumes<\/strong>. Os seus efeitos s\u00e3o sentidos at\u00e9 hoje e atingem principalmente os grupos que foram escravizados. No caso, os negros.<\/p>\n\n\n\n<p><strong>Este grupo geralmente \u00e9 maioria nas classes mais baixas da sociedade<\/strong> e t\u00eam pouco acesso a servi\u00e7os de mais qualidade. Por exemplo, educa\u00e7\u00e3o superior, principalmente nos cursos mais concorridos.<\/p>\n\n\n\n<h3 class=\"wp-block-heading\">Como s\u00e3o sociedades de classes capitalistas<\/h3>\n\n\n\n<p>O capitalismo \u00e9 o modelo econ\u00f4mico mais utilizado atualmente no mundo. Segundo Karl Marx <strong>ele \u00e9 caracterizado pela forma\u00e7\u00e3o de duas classes principais:&nbsp;<\/strong><\/p>\n\n\n\n<ul><li><strong>detentores do meio de produ\u00e7\u00e3o<\/strong><\/li><li><strong>prolet\u00e1rios, que vendem sua for\u00e7a de trabalho<\/strong>.<\/li><\/ul>\n\n\n\n<p><strong>\u00c9 um sistema que permite a mobilidade social de maneira mais f\u00e1cil<\/strong> que os demais, j\u00e1 que n\u00e3o se baseia na origem familiar, mas no ac\u00famulo de riquezas adquiridas pelo trabalho.<\/p>\n\n\n\n<p>As duas classes principais no capitalismo se subdividem segundo a renda e o consumo. Assim temos:<\/p>\n\n\n\n<ul><li><strong>Classe Baixa<\/strong>: composta pelos mais pobres, os desempregados, os indigentes etc.<\/li><li><strong>Classe m\u00e9dia<\/strong>: composta por trabalhadores de renda m\u00e9dia e acesso a servi\u00e7os de mais qualidade que os da classe baixa.<\/li><li><strong>Classe alta<\/strong>: \u00e9 composta pelos mais ricos, que t\u00eam acesso aos servi\u00e7os de maior qualidade e influenciam diretamente nas outras classes.<\/li><\/ul>\n\n\n\n<p>Estas subdivis\u00f5es tamb\u00e9m permitem classifica\u00e7\u00f5es mais espec\u00edficas, como: <strong>classe m\u00e9dia, classe m\u00e9dia baixa e classe m\u00e9dia alta<\/strong>.<\/p>\n\n\n\n<h2 class=\"wp-block-heading\" id=\"o-que-\u00e9-estratifica\u00e7\u00e3o-social-segundo-marx\">O que \u00e9 estratifica\u00e7\u00e3o social segundo Marx<\/h2>\n\n\n\n<p>Para <a href=\"https:\/\/beduka.com\/blog\/materias\/filosofia\/principais-ideias-karl-marx\/\" target=\"_blank\" rel=\"noreferrer noopener\">Karl Marx<\/a>, soci\u00f3logo alem\u00e3o,<strong> a estratifica\u00e7\u00e3o social est\u00e1 ligada diretamente ao modelo de produ\u00e7\u00e3o e \u00e0 divis\u00e3o social do trabalho<\/strong>.<\/p>\n\n\n\n<p>No capitalismo,<strong> isso se daria pela rela\u00e7\u00e3o entre a burguesia, dona dos meios de produ\u00e7\u00e3o, e do proletariado, que tem apenas sua for\u00e7a de trabalho para vender<\/strong>.<\/p>\n\n\n\n<p>Deste modo, a sociedade estaria configurada numa divis\u00e3o entre duas classes: <strong>uma que explora e a outra que \u00e9 explorada<\/strong>.&nbsp;<\/p>\n\n\n\n<p>Marx entendia que elas estavam em uma luta constante, que s\u00f3 teria fim quando o proletariado tomasse o poder para construir uma sociedade sem classes, <strong>chamada <\/strong><a href=\"https:\/\/beduka.com\/blog\/exercicios\/exercicios-sobre-comunismo\/\" target=\"_blank\" rel=\"noreferrer noopener\"><strong>comunismo<\/strong><\/a>.<\/p>\n\n\n\n<p>Isso seria feito pela <strong>ditadura do proletariado<\/strong>, que destruiria todos os elementos de opress\u00e3o do homem pelo homem, a fim de garantir a liberdade de todos.<\/p>\n\n\n\n<h2 class=\"wp-block-heading\" id=\"o-que-\u00e9-estratifica\u00e7\u00e3o-social-segundo-weber\">O que \u00e9 estratifica\u00e7\u00e3o social segundo Weber<\/h2>\n\n\n\n<p>A estratifica\u00e7\u00e3o social para <a href=\"https:\/\/beduka.com\/blog\/exercicios\/questoes-sobre-max-weber\/\" target=\"_blank\" rel=\"noreferrer noopener\">Max Weber<\/a>, soci\u00f3logo tamb\u00e9m alem\u00e3o, se d\u00e1 por diversos fatores que os indiv\u00edduos ou grupos usam para conseguir bens, como:<\/p>\n\n\n\n<ul><li><strong>as rela\u00e7\u00f5es de produ\u00e7\u00e3o;<\/strong><\/li><li><strong>o status social;<\/strong><\/li><li><strong>poder pol\u00edtico;<\/strong><\/li><li><strong>poder econ\u00f4mico.<\/strong><\/li><\/ul>\n\n\n\n<p><strong>Weber diferencia status social de classe social:<\/strong>&nbsp;<\/p>\n\n\n\n<p>O status<strong> social\u00e9 baseado em honra, prest\u00edgio e filia\u00e7\u00e3o religiosa.<\/strong>&nbsp;<\/p>\n\n\n\n<p><strong>A Classe social em riqueza material<\/strong>.&nbsp;<\/p>\n\n\n\n<p>Por isso, a estratifica\u00e7\u00e3o n\u00e3o se d\u00e1 apenas de uma forma, mas de tr\u00eas: <strong>social, pol\u00edtica e econ\u00f4mica<\/strong>.<\/p>\n\n\n\n<p>Isso pode ser visto em sociedades como o Portugal dos tempos da coloniza\u00e7\u00e3o do brasil. Na \u00e9poca, o pertencimento \u00e0 nobreza e a religi\u00e3o cat\u00f3lica era mais importante que as riquezas, evitando que certos cargos fossem ocupados por judeus rec\u00e9m-convertidos, por exemplo.<\/p>\n\n\n\n<p><strong>Gostou do nosso artigo sobre o que \u00e9 estratifica\u00e7\u00e3o social?<\/strong> Confira outros artigos do nosso blog e se prepare para o Enem da melhor maneira! Voc\u00ea tamb\u00e9m pode se organizar com o nosso <a href=\"https:\/\/beduka.com\/blog\/dicas\/enem-dicas\/plano-de-estudos-gratuito\/\" target=\"_blank\" rel=\"noreferrer noopener\">plano de estudos<\/a>, o mais completo da internet, e o melhor: totalmente gratuito!<\/p>\n\n\n\n<p><strong>Queremos te ajudar a encontrar a FACULDADE IDEAL!<\/strong> Logo abaixo, fa\u00e7a uma pesquisa por curso e cidade que te mostraremos todas as faculdades que podem te atender. Informamos a nota de corte, valor de mensalidade, nota do MEC, avalia\u00e7\u00e3o dos alunos, modalidades de ensino e muito mais.<\/p>\n","protected":false},"excerpt":{"rendered":"<p>A estratifica\u00e7\u00e3o social \u00e9 a classifica\u00e7\u00e3o dos grupos de uma sociedade. Neste artigo voc\u00ea entende tudo a que esse conceito se refere<\/p>\n","protected":false},"author":18,"featured_media":21796,"comment_status":"open","ping_status":"closed","sticky":false,"template":"","format":"standard","meta":{"_mi_skip_tracking":false,"_monsterinsights_sitenote_active":false,"_monsterinsights_sitenote_note":"","_monsterinsights_sitenote_category":0},"categories":[695],"tags":[],"yoast_head":"<!-- This site is optimized with the Yoast SEO plugin v20.10 - https:\/\/yoast.com\/wordpress\/plugins\/seo\/ -->\n<title>Aprenda o que \u00e9 estratifica\u00e7\u00e3o social [com resumo e exemplos]<\/title>\n<meta name=\"description\" content=\"A estratifica\u00e7\u00e3o social \u00e9 a classifica\u00e7\u00e3o dos grupos de uma sociedade. Neste artigo voc\u00ea entende tudo a que esse conceito se refere.\" \/>\n<meta name=\"robots\" content=\"index, follow, max-snippet:-1, max-image-preview:large, max-video-preview:-1\" \/>\n<link rel=\"canonical\" href=\"https:\/\/beduka.com\/blog\/sociologia\/o-que-e-estratificacao-social\/\" \/>\n<meta property=\"og:locale\" content=\"pt_BR\" \/>\n<meta property=\"og:type\" content=\"article\" \/>\n<meta property=\"og:title\" content=\"Aprenda o que \u00e9 estratifica\u00e7\u00e3o social [com resumo e exemplos]\" \/>\n<meta property=\"og:description\" content=\"A estratifica\u00e7\u00e3o social \u00e9 a classifica\u00e7\u00e3o dos grupos de uma sociedade. Neste artigo voc\u00ea entende tudo a que esse conceito se refere.\" \/>\n<meta property=\"og:url\" content=\"https:\/\/beduka.com\/blog\/sociologia\/o-que-e-estratificacao-social\/\" \/>\n<meta property=\"og:site_name\" content=\"Blog do Beduka | Mat\u00e9rias resumidas, Dicas e Exerc\u00edcios Enem\" \/>\n<meta property=\"article:publisher\" content=\"https:\/\/www.facebook.com\/beduka.buscadordefaculdades\/\" \/>\n<meta property=\"article:author\" content=\"https:\/\/www.facebook.com\/beduka.buscadordefaculdades\" \/>\n<meta property=\"article:published_time\" content=\"2021-06-21T21:00:32+00:00\" \/>\n<meta property=\"article:modified_time\" content=\"2023-04-03T12:09:11+00:00\" \/>\n<meta property=\"og:image\" content=\"https:\/\/beduka.com\/blog\/wp-content\/uploads\/2021\/06\/O-que-e-estratificacao-social.jpeg\" \/>\n\t<meta property=\"og:image:width\" content=\"609\" \/>\n\t<meta property=\"og:image:height\" content=\"342\" \/>\n\t<meta property=\"og:image:type\" content=\"image\/jpeg\" \/>\n<meta name=\"author\" content=\"Reda\u00e7\u00e3o Beduka\" \/>\n<meta name=\"twitter:card\" content=\"summary_large_image\" \/>\n<meta name=\"twitter:label1\" content=\"Escrito por\" \/>\n\t<meta name=\"twitter:data1\" content=\"Reda\u00e7\u00e3o Beduka\" \/>\n\t<meta name=\"twitter:label2\" content=\"Est. tempo de leitura\" \/>\n\t<meta name=\"twitter:data2\" content=\"7 minutos\" \/>\n<script type=\"application\/ld+json\" class=\"yoast-schema-graph\">{\"@context\":\"https:\/\/schema.org\",\"@graph\":[{\"@type\":\"Article\",\"@id\":\"https:\/\/beduka.com\/blog\/sociologia\/o-que-e-estratificacao-social\/#article\",\"isPartOf\":{\"@id\":\"https:\/\/beduka.com\/blog\/sociologia\/o-que-e-estratificacao-social\/\"},\"author\":{\"name\":\"Reda\u00e7\u00e3o Beduka\",\"@id\":\"https:\/\/beduka.com\/blog\/#\/schema\/person\/a642c9aad29bdea97a352689b053f80f\"},\"headline\":\"Aprenda o que \u00e9 estratifica\u00e7\u00e3o social e seus efeitos com resumo e exemplos\",\"datePublished\":\"2021-06-21T21:00:32+00:00\",\"dateModified\":\"2023-04-03T12:09:11+00:00\",\"mainEntityOfPage\":{\"@id\":\"https:\/\/beduka.com\/blog\/sociologia\/o-que-e-estratificacao-social\/\"},\"wordCount\":1490,\"commentCount\":0,\"publisher\":{\"@id\":\"https:\/\/beduka.com\/blog\/#organization\"},\"articleSection\":[\"Destaques de Sociologia para Enem e Vestibulares\"],\"inLanguage\":\"pt-BR\",\"potentialAction\":[{\"@type\":\"CommentAction\",\"name\":\"Comment\",\"target\":[\"https:\/\/beduka.com\/blog\/sociologia\/o-que-e-estratificacao-social\/#respond\"]}]},{\"@type\":\"WebPage\",\"@id\":\"https:\/\/beduka.com\/blog\/sociologia\/o-que-e-estratificacao-social\/\",\"url\":\"https:\/\/beduka.com\/blog\/sociologia\/o-que-e-estratificacao-social\/\",\"name\":\"Aprenda o que \u00e9 estratifica\u00e7\u00e3o social [com resumo e exemplos]\",\"isPartOf\":{\"@id\":\"https:\/\/beduka.com\/blog\/#website\"},\"datePublished\":\"2021-06-21T21:00:32+00:00\",\"dateModified\":\"2023-04-03T12:09:11+00:00\",\"description\":\"A estratifica\u00e7\u00e3o social \u00e9 a classifica\u00e7\u00e3o dos grupos de uma sociedade. Neste artigo voc\u00ea entende tudo a que esse conceito se refere.\",\"breadcrumb\":{\"@id\":\"https:\/\/beduka.com\/blog\/sociologia\/o-que-e-estratificacao-social\/#breadcrumb\"},\"inLanguage\":\"pt-BR\",\"potentialAction\":[{\"@type\":\"ReadAction\",\"target\":[\"https:\/\/beduka.com\/blog\/sociologia\/o-que-e-estratificacao-social\/\"]}]},{\"@type\":\"BreadcrumbList\",\"@id\":\"https:\/\/beduka.com\/blog\/sociologia\/o-que-e-estratificacao-social\/#breadcrumb\",\"itemListElement\":[{\"@type\":\"ListItem\",\"position\":1,\"name\":\"Home\",\"item\":\"https:\/\/beduka.com\/blog\/\"},{\"@type\":\"ListItem\",\"position\":2,\"name\":\"Aprenda o que \u00e9 estratifica\u00e7\u00e3o social e seus efeitos com resumo e exemplos\"}]},{\"@type\":\"WebSite\",\"@id\":\"https:\/\/beduka.com\/blog\/#website\",\"url\":\"https:\/\/beduka.com\/blog\/\",\"name\":\"Blog do Beduka | Mat\u00e9rias resumidas, Dicas e Exerc\u00edcios Enem\",\"description\":\"O Blog do Beduka tem os conte\u00fados que mais caem no Enem, exerc\u00edcios de vestibular com gabarito, resumos, dicas e informa\u00e7\u00f5es Sisu, Prouni e Fies.Encontre dicas para o ENEM, resumos, exerc\u00edcios e informa\u00e7\u00f5es sobre os vestibulares. Acesse agora!\",\"publisher\":{\"@id\":\"https:\/\/beduka.com\/blog\/#organization\"},\"potentialAction\":[{\"@type\":\"SearchAction\",\"target\":{\"@type\":\"EntryPoint\",\"urlTemplate\":\"https:\/\/beduka.com\/blog\/?s={search_term_string}\"},\"query-input\":\"required name=search_term_string\"}],\"inLanguage\":\"pt-BR\"},{\"@type\":\"Organization\",\"@id\":\"https:\/\/beduka.com\/blog\/#organization\",\"name\":\"Beduka\",\"url\":\"https:\/\/beduka.com\/blog\/\",\"logo\":{\"@type\":\"ImageObject\",\"inLanguage\":\"pt-BR\",\"@id\":\"https:\/\/beduka.com\/blog\/#\/schema\/logo\/image\/\",\"url\":\"https:\/\/beduka.com\/blog\/wp-content\/uploads\/2020\/06\/marca-beduka.png\",\"contentUrl\":\"https:\/\/beduka.com\/blog\/wp-content\/uploads\/2020\/06\/marca-beduka.png\",\"width\":1077,\"height\":368,\"caption\":\"Beduka\"},\"image\":{\"@id\":\"https:\/\/beduka.com\/blog\/#\/schema\/logo\/image\/\"},\"sameAs\":[\"https:\/\/www.facebook.com\/beduka.buscadordefaculdades\/\",\"https:\/\/www.instagram.com\/beduka_oficial\/\",\"https:\/\/www.linkedin.com\/company\/beduka\",\"https:\/\/br.pinterest.com\/bedukaoficial\/\",\"https:\/\/www.youtube.com\/beduka\"]},{\"@type\":\"Person\",\"@id\":\"https:\/\/beduka.com\/blog\/#\/schema\/person\/a642c9aad29bdea97a352689b053f80f\",\"name\":\"Reda\u00e7\u00e3o Beduka\",\"image\":{\"@type\":\"ImageObject\",\"inLanguage\":\"pt-BR\",\"@id\":\"https:\/\/beduka.com\/blog\/#\/schema\/person\/image\/\",\"url\":\"https:\/\/secure.gravatar.com\/avatar\/e1048f81c33ef0938237fc66bb9a208d?s=96&d=mm&r=g\",\"contentUrl\":\"https:\/\/secure.gravatar.com\/avatar\/e1048f81c33ef0938237fc66bb9a208d?s=96&d=mm&r=g\",\"caption\":\"Reda\u00e7\u00e3o Beduka\"},\"description\":\"Este conte\u00fado foi criado e validado por uma equipe multidisciplinar, formada por especialistas em cada \u00e1rea do conhecimento. O Beduka est\u00e1 presente no Instagram, YouTube, LinkedIn e em diversos outros ambientes digitais. O site foi criado em 2017 e, desde a sua funda\u00e7\u00e3o, atua para fornecer materiais de qualidade para facilitar a vida de estudantes de todo o Brasil, ajudando-os a se preparar para os principais vestibulares e o Enem.\",\"sameAs\":[\"https:\/\/www.facebook.com\/beduka.buscadordefaculdades\",\"https:\/\/www.instagram.com\/beduka_oficial\/\",\"https:\/\/br.pinterest.com\/bedukaoficial\/\"],\"url\":\"https:\/\/beduka.com\/blog\/author\/dioney\/\"}]}<\/script>\n<!-- \/ Yoast SEO plugin. -->","yoast_head_json":{"title":"Aprenda o que \u00e9 estratifica\u00e7\u00e3o social [com resumo e exemplos]","description":"A estratifica\u00e7\u00e3o social \u00e9 a classifica\u00e7\u00e3o dos grupos de uma sociedade. Neste artigo voc\u00ea entende tudo a que esse conceito se refere.","robots":{"index":"index","follow":"follow","max-snippet":"max-snippet:-1","max-image-preview":"max-image-preview:large","max-video-preview":"max-video-preview:-1"},"canonical":"https:\/\/beduka.com\/blog\/sociologia\/o-que-e-estratificacao-social\/","og_locale":"pt_BR","og_type":"article","og_title":"Aprenda o que \u00e9 estratifica\u00e7\u00e3o social [com resumo e exemplos]","og_description":"A estratifica\u00e7\u00e3o social \u00e9 a classifica\u00e7\u00e3o dos grupos de uma sociedade. Neste artigo voc\u00ea entende tudo a que esse conceito se refere.","og_url":"https:\/\/beduka.com\/blog\/sociologia\/o-que-e-estratificacao-social\/","og_site_name":"Blog do Beduka | Mat\u00e9rias resumidas, Dicas e Exerc\u00edcios Enem","article_publisher":"https:\/\/www.facebook.com\/beduka.buscadordefaculdades\/","article_author":"https:\/\/www.facebook.com\/beduka.buscadordefaculdades","article_published_time":"2021-06-21T21:00:32+00:00","article_modified_time":"2023-04-03T12:09:11+00:00","og_image":[{"width":609,"height":342,"url":"https:\/\/beduka.com\/blog\/wp-content\/uploads\/2021\/06\/O-que-e-estratificacao-social.jpeg","type":"image\/jpeg"}],"author":"Reda\u00e7\u00e3o Beduka","twitter_card":"summary_large_image","twitter_misc":{"Escrito por":"Reda\u00e7\u00e3o Beduka","Est. tempo de leitura":"7 minutos"},"schema":{"@context":"https:\/\/schema.org","@graph":[{"@type":"Article","@id":"https:\/\/beduka.com\/blog\/sociologia\/o-que-e-estratificacao-social\/#article","isPartOf":{"@id":"https:\/\/beduka.com\/blog\/sociologia\/o-que-e-estratificacao-social\/"},"author":{"name":"Reda\u00e7\u00e3o Beduka","@id":"https:\/\/beduka.com\/blog\/#\/schema\/person\/a642c9aad29bdea97a352689b053f80f"},"headline":"Aprenda o que \u00e9 estratifica\u00e7\u00e3o social e seus efeitos com resumo e exemplos","datePublished":"2021-06-21T21:00:32+00:00","dateModified":"2023-04-03T12:09:11+00:00","mainEntityOfPage":{"@id":"https:\/\/beduka.com\/blog\/sociologia\/o-que-e-estratificacao-social\/"},"wordCount":1490,"commentCount":0,"publisher":{"@id":"https:\/\/beduka.com\/blog\/#organization"},"articleSection":["Destaques de Sociologia para Enem e Vestibulares"],"inLanguage":"pt-BR","potentialAction":[{"@type":"CommentAction","name":"Comment","target":["https:\/\/beduka.com\/blog\/sociologia\/o-que-e-estratificacao-social\/#respond"]}]},{"@type":"WebPage","@id":"https:\/\/beduka.com\/blog\/sociologia\/o-que-e-estratificacao-social\/","url":"https:\/\/beduka.com\/blog\/sociologia\/o-que-e-estratificacao-social\/","name":"Aprenda o que \u00e9 estratifica\u00e7\u00e3o social [com resumo e exemplos]","isPartOf":{"@id":"https:\/\/beduka.com\/blog\/#website"},"datePublished":"2021-06-21T21:00:32+00:00","dateModified":"2023-04-03T12:09:11+00:00","description":"A estratifica\u00e7\u00e3o social \u00e9 a classifica\u00e7\u00e3o dos grupos de uma sociedade. Neste artigo voc\u00ea entende tudo a que esse conceito se refere.","breadcrumb":{"@id":"https:\/\/beduka.com\/blog\/sociologia\/o-que-e-estratificacao-social\/#breadcrumb"},"inLanguage":"pt-BR","potentialAction":[{"@type":"ReadAction","target":["https:\/\/beduka.com\/blog\/sociologia\/o-que-e-estratificacao-social\/"]}]},{"@type":"BreadcrumbList","@id":"https:\/\/beduka.com\/blog\/sociologia\/o-que-e-estratificacao-social\/#breadcrumb","itemListElement":[{"@type":"ListItem","position":1,"name":"Home","item":"https:\/\/beduka.com\/blog\/"},{"@type":"ListItem","position":2,"name":"Aprenda o que \u00e9 estratifica\u00e7\u00e3o social e seus efeitos com resumo e exemplos"}]},{"@type":"WebSite","@id":"https:\/\/beduka.com\/blog\/#website","url":"https:\/\/beduka.com\/blog\/","name":"Blog do Beduka | Mat\u00e9rias resumidas, Dicas e Exerc\u00edcios Enem","description":"O Blog do Beduka tem os conte\u00fados que mais caem no Enem, exerc\u00edcios de vestibular com gabarito, resumos, dicas e informa\u00e7\u00f5es Sisu, Prouni e Fies.Encontre dicas para o ENEM, resumos, exerc\u00edcios e informa\u00e7\u00f5es sobre os vestibulares. Acesse agora!","publisher":{"@id":"https:\/\/beduka.com\/blog\/#organization"},"potentialAction":[{"@type":"SearchAction","target":{"@type":"EntryPoint","urlTemplate":"https:\/\/beduka.com\/blog\/?s={search_term_string}"},"query-input":"required name=search_term_string"}],"inLanguage":"pt-BR"},{"@type":"Organization","@id":"https:\/\/beduka.com\/blog\/#organization","name":"Beduka","url":"https:\/\/beduka.com\/blog\/","logo":{"@type":"ImageObject","inLanguage":"pt-BR","@id":"https:\/\/beduka.com\/blog\/#\/schema\/logo\/image\/","url":"https:\/\/beduka.com\/blog\/wp-content\/uploads\/2020\/06\/marca-beduka.png","contentUrl":"https:\/\/beduka.com\/blog\/wp-content\/uploads\/2020\/06\/marca-beduka.png","width":1077,"height":368,"caption":"Beduka"},"image":{"@id":"https:\/\/beduka.com\/blog\/#\/schema\/logo\/image\/"},"sameAs":["https:\/\/www.facebook.com\/beduka.buscadordefaculdades\/","https:\/\/www.instagram.com\/beduka_oficial\/","https:\/\/www.linkedin.com\/company\/beduka","https:\/\/br.pinterest.com\/bedukaoficial\/","https:\/\/www.youtube.com\/beduka"]},{"@type":"Person","@id":"https:\/\/beduka.com\/blog\/#\/schema\/person\/a642c9aad29bdea97a352689b053f80f","name":"Reda\u00e7\u00e3o Beduka","image":{"@type":"ImageObject","inLanguage":"pt-BR","@id":"https:\/\/beduka.com\/blog\/#\/schema\/person\/image\/","url":"https:\/\/secure.gravatar.com\/avatar\/e1048f81c33ef0938237fc66bb9a208d?s=96&d=mm&r=g","contentUrl":"https:\/\/secure.gravatar.com\/avatar\/e1048f81c33ef0938237fc66bb9a208d?s=96&d=mm&r=g","caption":"Reda\u00e7\u00e3o Beduka"},"description":"Este conte\u00fado foi criado e validado por uma equipe multidisciplinar, formada por especialistas em cada \u00e1rea do conhecimento. O Beduka est\u00e1 presente no Instagram, YouTube, LinkedIn e em diversos outros ambientes digitais. O site foi criado em 2017 e, desde a sua funda\u00e7\u00e3o, atua para fornecer materiais de qualidade para facilitar a vida de estudantes de todo o Brasil, ajudando-os a se preparar para os principais vestibulares e o Enem.","sameAs":["https:\/\/www.facebook.com\/beduka.buscadordefaculdades","https:\/\/www.instagram.com\/beduka_oficial\/","https:\/\/br.pinterest.com\/bedukaoficial\/"],"url":"https:\/\/beduka.com\/blog\/author\/dioney\/"}]}},"_links":{"self":[{"href":"https:\/\/beduka.com\/blog\/wp-json\/wp\/v2\/posts\/21795"}],"collection":[{"href":"https:\/\/beduka.com\/blog\/wp-json\/wp\/v2\/posts"}],"about":[{"href":"https:\/\/beduka.com\/blog\/wp-json\/wp\/v2\/types\/post"}],"author":[{"embeddable":true,"href":"https:\/\/beduka.com\/blog\/wp-json\/wp\/v2\/users\/18"}],"replies":[{"embeddable":true,"href":"https:\/\/beduka.com\/blog\/wp-json\/wp\/v2\/comments?post=21795"}],"version-history":[{"count":2,"href":"https:\/\/beduka.com\/blog\/wp-json\/wp\/v2\/posts\/21795\/revisions"}],"predecessor-version":[{"id":29449,"href":"https:\/\/beduka.com\/blog\/wp-json\/wp\/v2\/posts\/21795\/revisions\/29449"}],"wp:featuredmedia":[{"embeddable":true,"href":"https:\/\/beduka.com\/blog\/wp-json\/wp\/v2\/media\/21796"}],"wp:attachment":[{"href":"https:\/\/beduka.com\/blog\/wp-json\/wp\/v2\/media?parent=21795"}],"wp:term":[{"taxonomy":"category","embeddable":true,"href":"https:\/\/beduka.com\/blog\/wp-json\/wp\/v2\/categories?post=21795"},{"taxonomy":"post_tag","embeddable":true,"href":"https:\/\/beduka.com\/blog\/wp-json\/wp\/v2\/tags?post=21795"}],"curies":[{"name":"wp","href":"https:\/\/api.w.org\/{rel}","templated":true}]}}