{"id":22143,"date":"2021-07-15T09:19:33","date_gmt":"2021-07-15T12:19:33","guid":{"rendered":"https:\/\/beduka.com\/blog\/?p=22143"},"modified":"2023-04-03T09:29:24","modified_gmt":"2023-04-03T12:29:24","slug":"o-que-e-epistemologia","status":"publish","type":"post","link":"https:\/\/beduka.com\/blog\/materias\/filosofia\/o-que-e-epistemologia\/","title":{"rendered":"O que \u00e9 epistemologia? Aprenda de uma vez por todas!"},"content":{"rendered":"\n<blockquote class=\"wp-block-quote\"><p><strong>Voc\u00ea j\u00e1 deve ter se deparado com esse termo, mas nunca soube o que era, certo? A epistemologia \u00e9 a parte das ci\u00eancias que trata da Teoria do Conhecimento. \u00c9 atrav\u00e9s dela que se define como os conhecimentos s\u00e3o conquistados ou a validade dos saberes. Leia este artigo e entenda tudo sobre epistemologia.<\/strong><\/p><\/blockquote>\n\n\n\n<p>Se quiser ir diretamente para alguma parte do texto, <strong>clique em algum dos t\u00f3picos abaixo<\/strong>:<\/p>\n\n\n\n<ul><li><a href=\"#o-que-\u00e9-epistemologia\" data-type=\"internal\" data-id=\"#o-que-\u00e9-epistemologia\">O que \u00e9 epistemologia?<\/a><\/li><li><a href=\"#quais-s\u00e3o-as-diretrizes-da-epistemologia\" data-type=\"internal\" data-id=\"#quais-s\u00e3o-as-diretrizes-da-epistemologia\">Quais s\u00e3o as 3 diretrizes da epistemologia?<\/a><\/li><li><a href=\"#as-6-sub\u00e1reas-do-conhecimento-na-epistemologia\" data-type=\"internal\" data-id=\"#as-6-sub\u00e1reas-do-conhecimento-na-epistemologia\">Quais s\u00e3o as 6 sub-\u00e1reas do conhecimento na epistemologia?<\/a><\/li><li><a href=\"#epistemologia-para-os-racionalistas\" data-type=\"internal\" data-id=\"#epistemologia-para-os-racionalistas\">O que \u00e9 epistemologia para os racionalistas?<\/a><\/li><li><a href=\"#epistemologia-para-os-empiristas\" data-type=\"internal\" data-id=\"#epistemologia-para-os-empiristas\">O que \u00e9 epistemologia para os empiristas?<\/a><\/li><li><a href=\"#epistemologia-gen\u00e9tica\" data-type=\"internal\" data-id=\"#epistemologia-gen\u00e9tica\">O que \u00e9 a epistemologia gen\u00e9tica?<\/a><\/li><\/ul>\n\n\n\n<p>Quando voc\u00ea terminar de ler o artigo sobre o que \u00e9 epistemologia, <strong>que tal organizar seus estudos com o <\/strong><a href=\"https:\/\/beduka.com\/blog\/dicas\/enem-dicas\/plano-de-estudos-gratuito\/\" target=\"_blank\" rel=\"noreferrer noopener\"><strong>nosso plano de estudos Beduka<\/strong><\/a><strong>?<\/strong><\/p>\n\n\n\n<h2 class=\"wp-block-heading\" id=\"o-que-\u00e9-epistemologia\">O que \u00e9 epistemologia?<\/h2>\n\n\n\n<p>\u201cEpistemologia\u201d vem do grego: <em>episteme<\/em>, que quer dizer conhecimento e <em>logia<\/em>, que significa estudo. Ou seja, <strong>epistemologia \u00e9 o ramo das ci\u00eancias que estuda como o ser humano conhece e justifica seus conhecimentos<\/strong>. O que chama-se de <a href=\"https:\/\/beduka.com\/blog\/materias\/filosofia\/o-que-e-teoria-do-conhecimento\/\" data-type=\"URL\" data-id=\"https:\/\/beduka.com\/blog\/materias\/filosofia\/o-que-e-teoria-do-conhecimento\/\" target=\"_blank\" rel=\"noreferrer noopener\">Teoria do Conhecimento<\/a>.<\/p>\n\n\n\n<p>A epistemologia tamb\u00e9m estuda a natureza do conhecimento das ci\u00eancias. Deste modo, <strong>\u00e9 atrav\u00e9s dela que os conhecimentos s\u00e3o diferenciados entre si<\/strong>.&nbsp;<\/p>\n\n\n\n<p><strong>Por exemplo<\/strong>, \u00e9 a epistemologia da Hist\u00f3ria que define o que \u00e9 o conhecimento hist\u00f3rico e como adquiri-lo.<\/p>\n\n\n\n<p>As perguntas que direcionam o estudo epistemol\u00f3gico s\u00e3o principalmente estas:<\/p>\n\n\n\n<ul><li>O que \u00e9 o conhecimento?<\/li><li>Como podemos adquiri-lo?<\/li><li>Como responder aos c\u00e9ticos?<\/li><\/ul>\n\n\n\n<p>A primeira pergunta \u00e9 respondida por uma defini\u00e7\u00e3o. Geralmente, se tem por conhecimento uma <strong>cren\u00e7a verdadeira e justificada<\/strong>. Ou seja, \u00e9 algo em que algu\u00e9m acredita dando raz\u00f5es para a cren\u00e7a.<\/p>\n\n\n\n<p>Cada ci\u00eancia ir\u00e1 indicar o modo de conhecer os objetos que fazem parte de seus estudos. Na <a href=\"https:\/\/beduka.com\/blog\/dicas\/qual-a-melhor-maneira-de-estudar-filosofia\/\" data-type=\"URL\" data-id=\"https:\/\/beduka.com\/blog\/dicas\/qual-a-melhor-maneira-de-estudar-filosofia\/\" target=\"_blank\" rel=\"noreferrer noopener\">Filosofia<\/a>, existem dois grandes ramos que detalham formas de ter conhecimento sobre algo:<strong> o racionalismo e o empirismo<\/strong>.<\/p>\n\n\n\n<ul><li><strong>S\u00e3o mais de 200 resumos gratuitos no<\/strong> <a href=\"https:\/\/www.instagram.com\/beduka_oficial\/?hl=pt\" target=\"_blank\" rel=\"noreferrer noopener\">Instagram do Beduka.<\/a> Aproveite!<\/li><\/ul>\n\n\n\n<h2 class=\"wp-block-heading\" id=\"quais-s\u00e3o-as-diretrizes-da-epistemologia\">Quais s\u00e3o as diretrizes da epistemologia?<\/h2>\n\n\n\n<p>As diretrizes da epistemologia s\u00e3o tr\u00eas: <strong>a cren\u00e7a, a verdade e a justificativa.<\/strong><\/p>\n\n\n\n<h3 class=\"wp-block-heading\">O que \u00e9 a Cren\u00e7a?<\/h3>\n\n\n\n<p>A cren\u00e7a \u00e9 aquilo que o indiv\u00edduo tem por verdadeiro. <strong>Isto \u00e9, \u00e9 a confian\u00e7a de algu\u00e9m numa afirma\u00e7\u00e3o sobre algum fato ou alguma coisa<\/strong>. Por exemplo, a confian\u00e7a de que Deus existe.<\/p>\n\n\n\n<h3 class=\"wp-block-heading\">O que \u00e9 a Verdade?<\/h3>\n\n\n\n<p>A defini\u00e7\u00e3o mais aceita de verdade \u00e9 a de que <strong>ela \u00e9 a adequa\u00e7\u00e3o da intelig\u00eancia humana ao objeto que ela estuda<\/strong>. Outros dizem que ela \u00e9 apenas a atribui\u00e7\u00e3o mais aceita socialmente que as pessoas fazem a um mesmo objeto.<\/p>\n\n\n\n<p>Tome como exemplo a proposi\u00e7\u00e3o: <strong>\u201cUma nota de dois reais tem valor\u201d.<\/strong><\/p>\n\n\n\n<p>Se voc\u00ea sair perguntando se uma nota de dois reais tem valor, todas as pessoas dir\u00e3o que sim. Portanto, <strong>como a enorme maioria das pessoas concordam com isso, essa afirma\u00e7\u00e3o acaba se tornando \u201cverdadeira\u201d<\/strong>.&nbsp;<\/p>\n\n\n\n<p>Se amanh\u00e3 essas mesmas pessoas decidirem que essa afirma\u00e7\u00e3o \u00e9 falsa, ela passar\u00e1 a ser falsa. <strong>Viu como \u00e9 dif\u00edcil definir o que \u00e9 verdade nessas condi\u00e7\u00f5es?<\/strong><\/p>\n\n\n\n<p>Diversos fil\u00f3sofos consideraram este conceito e procuraram dizer o que ele \u00e9. Alguns at\u00e9 mesmo negaram a exist\u00eancia da verdade.<\/p>\n\n\n\n<p>Claro que nenhum conseguiu, se n\u00e3o poder\u00edamos dar uma defini\u00e7\u00e3o objetiva atualmente. Sendo assim, n\u00e3o nos atrevemos a bater o martelo de uma discuss\u00e3o secular em um texto de blog.<\/p>\n\n\n\n<p>Na quest\u00e3o epistemol\u00f3gica, <strong>as conclus\u00f5es propositivas devem ter coer\u00eancia<\/strong>. Isto \u00e9, o que se diz sobre o objeto analisado deve ter sentido na sua rela\u00e7\u00e3o com o mesmo objeto.<\/p>\n\n\n\n<h3 class=\"wp-block-heading\">O que \u00e9 a Justificativa?<\/h3>\n\n\n\n<p><strong>A justificativa \u00e9 a raz\u00e3o ou a prova que se apresenta para apoiar a cren\u00e7a em alguma proposi\u00e7\u00e3o<\/strong>. Ou seja, s\u00e3o os argumentos levantados para dar uma base de sustenta\u00e7\u00e3o \u00e0 cren\u00e7a.<\/p>\n\n\n\n<h2 class=\"wp-block-heading\" id=\"as-6-sub\u00e1reas-do-conhecimento-na-epistemologia\">Quais s\u00e3o as 6 sub\u00e1reas do conhecimento na epistemologia?<\/h2>\n\n\n\n<p>Os conhecimentos que temos s\u00e3o variados. <strong>Isto se d\u00e1 porque as coisas e as formas com que n\u00f3s nos relacionamos com elas s\u00e3o de ordens diversas tamb\u00e9m<\/strong>. Por isso, a palavra conhecer pode significar muitas coisas.<\/p>\n\n\n\n<p>Por exemplo, uma pessoa pode conhecer um lugar porque este lhe \u00e9 familiar. Ainda \u00e9 poss\u00edvel descrever uma habilidade, como quando algu\u00e9m diz que sabe jogar futebol.<\/p>\n\n\n\n<p>Tamb\u00e9m existe o conhecimento do que uma coisa \u00e9. Como quando algu\u00e9m diz que sabe o que \u00e9 um computador, uma casa, uma bola. Estes s\u00e3o os <strong>conhecimentos proposicionais<\/strong>, ou seja, s\u00e3o conhecimentos de proposi\u00e7\u00f5es ou afirma\u00e7\u00f5es sobre algo.<\/p>\n\n\n\n<p>Estes conhecimentos podem ser divididos em sub\u00e1reas. S\u00e3o elas:<\/p>\n\n\n\n<ul><li><strong>Cient\u00edfico<\/strong>: \u00e9 a an\u00e1lise baseada em evid\u00eancias.<\/li><li><strong>Intelectual<\/strong>: \u00e9 fruto do racioc\u00ednio humano.<\/li><li><strong>Filos\u00f3fico<\/strong>: est\u00e1 ligado \u00e0 constru\u00e7\u00e3o de ideias e conceitos.<\/li><li><strong>Popular<\/strong>: o senso comum de uma cultura.<\/li><li><strong>Sensorial<\/strong>: \u00e9 adquirido por meio da experi\u00eancia sensitiva.<\/li><li><strong>Teol\u00f3gico<\/strong>: \u00e9 o conhecimento adquirido pela f\u00e9 religiosa.<\/li><\/ul>\n\n\n\n<p>A forma como a intelig\u00eancia humana adquire os conhecimentos, na Filosofia, foi fonte de muitas controv\u00e9rsias. <strong>A principal delas entre racionalistas e empiristas<\/strong>. Abaixo, detalhamos mais o que cada grupo defendia.<\/p>\n\n\n\n<h2 class=\"wp-block-heading\" id=\"epistemologia-para-os-racionalistas\">O que \u00e9 epistemologia para os racionalistas?<\/h2>\n\n\n\n<p><strong>A posi\u00e7\u00e3o racionalista defende que o conhecimento humano tem sua fonte na raz\u00e3o humana<\/strong>. Deste modo, d\u00e1 privil\u00e9gio a esta faculdade humana, que \u00e9 o racioc\u00ednio, em detrimento da experi\u00eancia.<\/p>\n\n\n\n<p><strong>Para uma proposi\u00e7\u00e3o epistemol\u00f3gica ser racionalista, ela precisar\u00e1 aceitar ao menos uma destas tr\u00eas teses:<\/strong><\/p>\n\n\n\n<ul><li>a raz\u00e3o e a intui\u00e7\u00e3o devem ter privil\u00e9gio sobre a sensa\u00e7\u00e3o e a experi\u00eancia;<\/li><li>as ideias, ou a maior parte delas, t\u00eam origem na mente e est\u00e3o presentes desde o nascimento;<\/li><li>a certeza do conhecimento deve ser privilegiada sobre as probabilidades dele em investiga\u00e7\u00f5es filos\u00f3ficas.<\/li><\/ul>\n\n\n\n<p>O m\u00e9todo de investiga\u00e7\u00e3o da corrente racionalista \u00e9 a<strong> dedu\u00e7\u00e3o<\/strong>. O racionalismo procura sempre uma causa intelig\u00edvel para tudo o que existe.<\/p>\n\n\n\n<p>Ren\u00e9 Descartes, Baruch Spinoza e Gottfried Wilhelm Leibniz s\u00e3o exemplos de fil\u00f3sofos racionalistas da modernidade.<\/p>\n\n\n\n<h2 class=\"wp-block-heading\" id=\"epistemologia-para-os-empiristas\">O que \u00e9 epistemologia para os empiristas?<\/h2>\n\n\n\n<p><strong>A posi\u00e7\u00e3o empirista defende que a fonte do conhecimento \u00e9 a experi\u00eancia<\/strong>. Assim, o conhecimento \u00e9 o que foi aprendido ao longo da vida.<\/p>\n\n\n\n<p>Para os empiristas, a mente humana \u00e9 uma <strong>t\u00e1bula rasa<\/strong>. Assim, as ideias seriam gravadas nela na medida em que o indiv\u00edduo vive no mundo. Deste modo, <strong>o papel da experi\u00eancia e da evid\u00eancia s\u00e3o enfatizados sobre a no\u00e7\u00e3o de que as ideias s\u00e3o inatas<\/strong>.<\/p>\n\n\n\n<p>O m\u00e9todo empirista de investiga\u00e7\u00e3o \u00e9 o <strong>indutivo<\/strong>. Assim, o racioc\u00ednio formula proposi\u00e7\u00f5es gerais depois de considerar diversos casos particulares.<\/p>\n\n\n\n<p><a href=\"https:\/\/beduka.com\/blog\/exercicios\/questoes-sobre-john-locke\/\" target=\"_blank\" rel=\"noreferrer noopener\">John Locke<\/a>, <a href=\"https:\/\/beduka.com\/blog\/materias\/filosofia\/principais-ideias-de-thomas-hobbes\/\" target=\"_blank\" rel=\"noreferrer noopener\">Thomas Hobbes<\/a> e Francis Bacon s\u00e3o exemplos de fil\u00f3sofos empiristas.<\/p>\n\n\n\n<h2 class=\"wp-block-heading\" id=\"epistemologia-gen\u00e9tica\">O que \u00e9 epistemologia gen\u00e9tica?<\/h2>\n\n\n\n<p>A epistemologia gen\u00e9tica <strong>\u00e9 a teoria do aprendizado e do conhecimento formulada por Jean Piaget<\/strong>. Ele foi um bi\u00f3logo sui\u00e7o, que desenvolveu a teoria observando seus filhos.<\/p>\n\n\n\n<p>Esta teoria une as duas teorias anteriores:<strong> o Apriorismo e o Empirismo<\/strong>. No apriorismo, os conhecimentos n\u00e3o dependem da experi\u00eancia pr\u00e1tica. Contudo, para o empirismo, a experi\u00eancia \u00e9 fundamental para adquiri-los.<\/p>\n\n\n\n<p>Segundo Piaget, <strong>o aprendizado se d\u00e1 de forma linear, indo dos conte\u00fados e das opera\u00e7\u00f5es mentais mais simples para as mais complexas<\/strong>.&nbsp;<\/p>\n\n\n\n<p>Isto se realiza em <strong>4 est\u00e1gios<\/strong>. No entanto, \u00e9 preciso entender que cada crian\u00e7a tem um ritmo pr\u00f3prio, podendo n\u00e3o seguir os est\u00e1gios.<\/p>\n\n\n\n<p><strong>Os 4 est\u00e1gios s\u00e3o:<\/strong><\/p>\n\n\n\n<ul><li><strong>Sens\u00f3rio-motor<\/strong>: a crian\u00e7a est\u00e1 na fase das opera\u00e7\u00f5es sensoriais, na idade de 0 a 2 anos. Neste momento, ela adquire conhecimento atrav\u00e9s dos sentidos e suas habilidades s\u00e3o desenvolvidas a partir das experi\u00eancias.<\/li><li><strong>Pr\u00e9-operat\u00f3rio<\/strong>: \u00e9 marcado pelo aparecimento da linguagem, o que acarreta mudan\u00e7as importantes em aspectos cognitivos, j\u00e1 que oferece contato interindividual. Contudo, a pr\u00e1tica ainda \u00e9 muito importante. \u00c9 nesta fase que a o desenvolvimento da coordena\u00e7\u00e3o motora fina. Ocorre entre 2 e 7 anos.<\/li><li><strong>Operat\u00f3rio concreto<\/strong>: a crian\u00e7a desenvolve a capacidade de utilizar a <a href=\"https:\/\/beduka.com\/blog\/materias\/filosofia\/o-que-e-logica\/\" target=\"_blank\" rel=\"noreferrer noopener\">l\u00f3gica<\/a>. Ocorre entre 7 e 12 anos e marca o uso de n\u00fameros e a capacidade de fazer rela\u00e7\u00f5es e solucionar problemas concretos.<\/li><li><strong>Operat\u00f3rio formal ou abstrato<\/strong>: a crian\u00e7a desenvolve a habilidade de elaborar hip\u00f3teses a partir de racioc\u00ednios l\u00f3gicos e sistematizados. Assim, a crian\u00e7a pode fazer racioc\u00ednios abstratos sem o apoio de objetos concretos. Ocorre a partir dos 12 anos.<\/li><\/ul>\n\n\n\n<p><strong>Vale ressaltar que cada indiv\u00edduo tem seu modo e nem sempre se encaixa em teorias mais gerais<\/strong>. Portanto, \u00e9 preciso relativizar um pouco as fases e as idades da epistemologia gen\u00e9tica. Isso se d\u00e1 na medida em que se reconhece o ritmo de cada crian\u00e7a.<\/p>\n\n\n\n<p>Estude para o Enem com o <a href=\"https:\/\/beduka.com\/simulado\" target=\"_blank\" rel=\"noreferrer noopener\">Simulado Beduka.<\/a> <strong>\u00c9 gratuito!<\/strong><\/p>\n\n\n\n<p><strong>Gostou do nosso artigo sobre epistemologia? <\/strong>Compartilhe com os seus amigos e comente abaixo sobre as \u00e1reas que voc\u00ea deseja mais explica\u00e7\u00f5es.<\/p>\n\n\n\n<p><strong>Queremos te ajudar a encontrar a FACULDADE IDEAL! <\/strong>Logo abaixo, fa\u00e7a uma pesquisa por curso e cidade que te mostraremos todas as faculdades que podem te atender.<strong> <\/strong>Informamos a nota de corte, valor de mensalidade, nota do MEC, avalia\u00e7\u00e3o dos alunos, modalidades de ensino e muito mais.<\/p>\n","protected":false},"excerpt":{"rendered":"<p>Existe uma parte das ci\u00eancias que diz como os conhecimentos s\u00e3o conquistados e sua validade. Esta \u00e9 a epistemologia. Entenda o que \u00e9 com este artigo. <\/p>\n","protected":false},"author":18,"featured_media":22144,"comment_status":"open","ping_status":"closed","sticky":false,"template":"","format":"standard","meta":{"_mi_skip_tracking":false,"_monsterinsights_sitenote_active":false,"_monsterinsights_sitenote_note":"","_monsterinsights_sitenote_category":0},"categories":[492],"tags":[],"yoast_head":"<!-- This site is optimized with the Yoast SEO plugin v20.10 - https:\/\/yoast.com\/wordpress\/plugins\/seo\/ -->\n<title>O que \u00e9 epistemologia? Aprenda de uma vez por todas!<\/title>\n<meta name=\"description\" content=\"Existe uma parte das ci\u00eancias que diz como os conhecimentos s\u00e3o conquistados e sua validade. Esta \u00e9 a epistemologia. Entenda o que \u00e9 com este artigo.\" \/>\n<meta name=\"robots\" content=\"index, follow, max-snippet:-1, max-image-preview:large, max-video-preview:-1\" \/>\n<link rel=\"canonical\" href=\"https:\/\/beduka.com\/blog\/materias\/filosofia\/o-que-e-epistemologia\/\" \/>\n<meta property=\"og:locale\" content=\"pt_BR\" \/>\n<meta property=\"og:type\" content=\"article\" \/>\n<meta property=\"og:title\" content=\"O que \u00e9 epistemologia? Aprenda de uma vez por todas!\" \/>\n<meta property=\"og:description\" content=\"Existe uma parte das ci\u00eancias que diz como os conhecimentos s\u00e3o conquistados e sua validade. Esta \u00e9 a epistemologia. Entenda o que \u00e9 com este artigo.\" \/>\n<meta property=\"og:url\" content=\"https:\/\/beduka.com\/blog\/materias\/filosofia\/o-que-e-epistemologia\/\" \/>\n<meta property=\"og:site_name\" content=\"Blog do Beduka | Mat\u00e9rias resumidas, Dicas e Exerc\u00edcios Enem\" \/>\n<meta property=\"article:publisher\" content=\"https:\/\/www.facebook.com\/beduka.buscadordefaculdades\/\" \/>\n<meta property=\"article:author\" content=\"https:\/\/www.facebook.com\/beduka.buscadordefaculdades\" \/>\n<meta property=\"article:published_time\" content=\"2021-07-15T12:19:33+00:00\" \/>\n<meta property=\"article:modified_time\" content=\"2023-04-03T12:29:24+00:00\" \/>\n<meta property=\"og:image\" content=\"https:\/\/beduka.com\/blog\/wp-content\/uploads\/2021\/07\/O-que-e-epistemologia.jpg\" \/>\n\t<meta property=\"og:image:width\" content=\"609\" \/>\n\t<meta property=\"og:image:height\" content=\"342\" \/>\n\t<meta property=\"og:image:type\" content=\"image\/jpeg\" \/>\n<meta name=\"author\" content=\"Reda\u00e7\u00e3o Beduka\" \/>\n<meta name=\"twitter:card\" content=\"summary_large_image\" \/>\n<meta name=\"twitter:label1\" content=\"Escrito por\" \/>\n\t<meta name=\"twitter:data1\" content=\"Reda\u00e7\u00e3o Beduka\" \/>\n\t<meta name=\"twitter:label2\" content=\"Est. tempo de leitura\" \/>\n\t<meta name=\"twitter:data2\" content=\"8 minutos\" \/>\n<script type=\"application\/ld+json\" class=\"yoast-schema-graph\">{\"@context\":\"https:\/\/schema.org\",\"@graph\":[{\"@type\":\"Article\",\"@id\":\"https:\/\/beduka.com\/blog\/materias\/filosofia\/o-que-e-epistemologia\/#article\",\"isPartOf\":{\"@id\":\"https:\/\/beduka.com\/blog\/materias\/filosofia\/o-que-e-epistemologia\/\"},\"author\":{\"name\":\"Reda\u00e7\u00e3o Beduka\",\"@id\":\"https:\/\/beduka.com\/blog\/#\/schema\/person\/a642c9aad29bdea97a352689b053f80f\"},\"headline\":\"O que \u00e9 epistemologia? Aprenda de uma vez por todas!\",\"datePublished\":\"2021-07-15T12:19:33+00:00\",\"dateModified\":\"2023-04-03T12:29:24+00:00\",\"mainEntityOfPage\":{\"@id\":\"https:\/\/beduka.com\/blog\/materias\/filosofia\/o-que-e-epistemologia\/\"},\"wordCount\":1545,\"commentCount\":0,\"publisher\":{\"@id\":\"https:\/\/beduka.com\/blog\/#organization\"},\"articleSection\":[\"Filosofia\"],\"inLanguage\":\"pt-BR\",\"potentialAction\":[{\"@type\":\"CommentAction\",\"name\":\"Comment\",\"target\":[\"https:\/\/beduka.com\/blog\/materias\/filosofia\/o-que-e-epistemologia\/#respond\"]}]},{\"@type\":\"WebPage\",\"@id\":\"https:\/\/beduka.com\/blog\/materias\/filosofia\/o-que-e-epistemologia\/\",\"url\":\"https:\/\/beduka.com\/blog\/materias\/filosofia\/o-que-e-epistemologia\/\",\"name\":\"O que \u00e9 epistemologia? Aprenda de uma vez por todas!\",\"isPartOf\":{\"@id\":\"https:\/\/beduka.com\/blog\/#website\"},\"datePublished\":\"2021-07-15T12:19:33+00:00\",\"dateModified\":\"2023-04-03T12:29:24+00:00\",\"description\":\"Existe uma parte das ci\u00eancias que diz como os conhecimentos s\u00e3o conquistados e sua validade. Esta \u00e9 a epistemologia. Entenda o que \u00e9 com este artigo.\",\"breadcrumb\":{\"@id\":\"https:\/\/beduka.com\/blog\/materias\/filosofia\/o-que-e-epistemologia\/#breadcrumb\"},\"inLanguage\":\"pt-BR\",\"potentialAction\":[{\"@type\":\"ReadAction\",\"target\":[\"https:\/\/beduka.com\/blog\/materias\/filosofia\/o-que-e-epistemologia\/\"]}]},{\"@type\":\"BreadcrumbList\",\"@id\":\"https:\/\/beduka.com\/blog\/materias\/filosofia\/o-que-e-epistemologia\/#breadcrumb\",\"itemListElement\":[{\"@type\":\"ListItem\",\"position\":1,\"name\":\"Home\",\"item\":\"https:\/\/beduka.com\/blog\/\"},{\"@type\":\"ListItem\",\"position\":2,\"name\":\"O que \u00e9 epistemologia? Aprenda de uma vez por todas!\"}]},{\"@type\":\"WebSite\",\"@id\":\"https:\/\/beduka.com\/blog\/#website\",\"url\":\"https:\/\/beduka.com\/blog\/\",\"name\":\"Blog do Beduka | Mat\u00e9rias resumidas, Dicas e Exerc\u00edcios Enem\",\"description\":\"O Blog do Beduka tem os conte\u00fados que mais caem no Enem, exerc\u00edcios de vestibular com gabarito, resumos, dicas e informa\u00e7\u00f5es Sisu, Prouni e Fies.Encontre dicas para o ENEM, resumos, exerc\u00edcios e informa\u00e7\u00f5es sobre os vestibulares. Acesse agora!\",\"publisher\":{\"@id\":\"https:\/\/beduka.com\/blog\/#organization\"},\"potentialAction\":[{\"@type\":\"SearchAction\",\"target\":{\"@type\":\"EntryPoint\",\"urlTemplate\":\"https:\/\/beduka.com\/blog\/?s={search_term_string}\"},\"query-input\":\"required name=search_term_string\"}],\"inLanguage\":\"pt-BR\"},{\"@type\":\"Organization\",\"@id\":\"https:\/\/beduka.com\/blog\/#organization\",\"name\":\"Beduka\",\"url\":\"https:\/\/beduka.com\/blog\/\",\"logo\":{\"@type\":\"ImageObject\",\"inLanguage\":\"pt-BR\",\"@id\":\"https:\/\/beduka.com\/blog\/#\/schema\/logo\/image\/\",\"url\":\"https:\/\/beduka.com\/blog\/wp-content\/uploads\/2020\/06\/marca-beduka.png\",\"contentUrl\":\"https:\/\/beduka.com\/blog\/wp-content\/uploads\/2020\/06\/marca-beduka.png\",\"width\":1077,\"height\":368,\"caption\":\"Beduka\"},\"image\":{\"@id\":\"https:\/\/beduka.com\/blog\/#\/schema\/logo\/image\/\"},\"sameAs\":[\"https:\/\/www.facebook.com\/beduka.buscadordefaculdades\/\",\"https:\/\/www.instagram.com\/beduka_oficial\/\",\"https:\/\/www.linkedin.com\/company\/beduka\",\"https:\/\/br.pinterest.com\/bedukaoficial\/\",\"https:\/\/www.youtube.com\/beduka\"]},{\"@type\":\"Person\",\"@id\":\"https:\/\/beduka.com\/blog\/#\/schema\/person\/a642c9aad29bdea97a352689b053f80f\",\"name\":\"Reda\u00e7\u00e3o Beduka\",\"image\":{\"@type\":\"ImageObject\",\"inLanguage\":\"pt-BR\",\"@id\":\"https:\/\/beduka.com\/blog\/#\/schema\/person\/image\/\",\"url\":\"https:\/\/secure.gravatar.com\/avatar\/e1048f81c33ef0938237fc66bb9a208d?s=96&d=mm&r=g\",\"contentUrl\":\"https:\/\/secure.gravatar.com\/avatar\/e1048f81c33ef0938237fc66bb9a208d?s=96&d=mm&r=g\",\"caption\":\"Reda\u00e7\u00e3o Beduka\"},\"description\":\"Este conte\u00fado foi criado e validado por uma equipe multidisciplinar, formada por especialistas em cada \u00e1rea do conhecimento. O Beduka est\u00e1 presente no Instagram, YouTube, LinkedIn e em diversos outros ambientes digitais. O site foi criado em 2017 e, desde a sua funda\u00e7\u00e3o, atua para fornecer materiais de qualidade para facilitar a vida de estudantes de todo o Brasil, ajudando-os a se preparar para os principais vestibulares e o Enem.\",\"sameAs\":[\"https:\/\/www.facebook.com\/beduka.buscadordefaculdades\",\"https:\/\/www.instagram.com\/beduka_oficial\/\",\"https:\/\/br.pinterest.com\/bedukaoficial\/\"],\"url\":\"https:\/\/beduka.com\/blog\/author\/dioney\/\"}]}<\/script>\n<!-- \/ Yoast SEO plugin. -->","yoast_head_json":{"title":"O que \u00e9 epistemologia? Aprenda de uma vez por todas!","description":"Existe uma parte das ci\u00eancias que diz como os conhecimentos s\u00e3o conquistados e sua validade. Esta \u00e9 a epistemologia. Entenda o que \u00e9 com este artigo.","robots":{"index":"index","follow":"follow","max-snippet":"max-snippet:-1","max-image-preview":"max-image-preview:large","max-video-preview":"max-video-preview:-1"},"canonical":"https:\/\/beduka.com\/blog\/materias\/filosofia\/o-que-e-epistemologia\/","og_locale":"pt_BR","og_type":"article","og_title":"O que \u00e9 epistemologia? Aprenda de uma vez por todas!","og_description":"Existe uma parte das ci\u00eancias que diz como os conhecimentos s\u00e3o conquistados e sua validade. Esta \u00e9 a epistemologia. Entenda o que \u00e9 com este artigo.","og_url":"https:\/\/beduka.com\/blog\/materias\/filosofia\/o-que-e-epistemologia\/","og_site_name":"Blog do Beduka | Mat\u00e9rias resumidas, Dicas e Exerc\u00edcios Enem","article_publisher":"https:\/\/www.facebook.com\/beduka.buscadordefaculdades\/","article_author":"https:\/\/www.facebook.com\/beduka.buscadordefaculdades","article_published_time":"2021-07-15T12:19:33+00:00","article_modified_time":"2023-04-03T12:29:24+00:00","og_image":[{"width":609,"height":342,"url":"https:\/\/beduka.com\/blog\/wp-content\/uploads\/2021\/07\/O-que-e-epistemologia.jpg","type":"image\/jpeg"}],"author":"Reda\u00e7\u00e3o Beduka","twitter_card":"summary_large_image","twitter_misc":{"Escrito por":"Reda\u00e7\u00e3o Beduka","Est. tempo de leitura":"8 minutos"},"schema":{"@context":"https:\/\/schema.org","@graph":[{"@type":"Article","@id":"https:\/\/beduka.com\/blog\/materias\/filosofia\/o-que-e-epistemologia\/#article","isPartOf":{"@id":"https:\/\/beduka.com\/blog\/materias\/filosofia\/o-que-e-epistemologia\/"},"author":{"name":"Reda\u00e7\u00e3o Beduka","@id":"https:\/\/beduka.com\/blog\/#\/schema\/person\/a642c9aad29bdea97a352689b053f80f"},"headline":"O que \u00e9 epistemologia? Aprenda de uma vez por todas!","datePublished":"2021-07-15T12:19:33+00:00","dateModified":"2023-04-03T12:29:24+00:00","mainEntityOfPage":{"@id":"https:\/\/beduka.com\/blog\/materias\/filosofia\/o-que-e-epistemologia\/"},"wordCount":1545,"commentCount":0,"publisher":{"@id":"https:\/\/beduka.com\/blog\/#organization"},"articleSection":["Filosofia"],"inLanguage":"pt-BR","potentialAction":[{"@type":"CommentAction","name":"Comment","target":["https:\/\/beduka.com\/blog\/materias\/filosofia\/o-que-e-epistemologia\/#respond"]}]},{"@type":"WebPage","@id":"https:\/\/beduka.com\/blog\/materias\/filosofia\/o-que-e-epistemologia\/","url":"https:\/\/beduka.com\/blog\/materias\/filosofia\/o-que-e-epistemologia\/","name":"O que \u00e9 epistemologia? Aprenda de uma vez por todas!","isPartOf":{"@id":"https:\/\/beduka.com\/blog\/#website"},"datePublished":"2021-07-15T12:19:33+00:00","dateModified":"2023-04-03T12:29:24+00:00","description":"Existe uma parte das ci\u00eancias que diz como os conhecimentos s\u00e3o conquistados e sua validade. Esta \u00e9 a epistemologia. Entenda o que \u00e9 com este artigo.","breadcrumb":{"@id":"https:\/\/beduka.com\/blog\/materias\/filosofia\/o-que-e-epistemologia\/#breadcrumb"},"inLanguage":"pt-BR","potentialAction":[{"@type":"ReadAction","target":["https:\/\/beduka.com\/blog\/materias\/filosofia\/o-que-e-epistemologia\/"]}]},{"@type":"BreadcrumbList","@id":"https:\/\/beduka.com\/blog\/materias\/filosofia\/o-que-e-epistemologia\/#breadcrumb","itemListElement":[{"@type":"ListItem","position":1,"name":"Home","item":"https:\/\/beduka.com\/blog\/"},{"@type":"ListItem","position":2,"name":"O que \u00e9 epistemologia? Aprenda de uma vez por todas!"}]},{"@type":"WebSite","@id":"https:\/\/beduka.com\/blog\/#website","url":"https:\/\/beduka.com\/blog\/","name":"Blog do Beduka | Mat\u00e9rias resumidas, Dicas e Exerc\u00edcios Enem","description":"O Blog do Beduka tem os conte\u00fados que mais caem no Enem, exerc\u00edcios de vestibular com gabarito, resumos, dicas e informa\u00e7\u00f5es Sisu, Prouni e Fies.Encontre dicas para o ENEM, resumos, exerc\u00edcios e informa\u00e7\u00f5es sobre os vestibulares. Acesse agora!","publisher":{"@id":"https:\/\/beduka.com\/blog\/#organization"},"potentialAction":[{"@type":"SearchAction","target":{"@type":"EntryPoint","urlTemplate":"https:\/\/beduka.com\/blog\/?s={search_term_string}"},"query-input":"required name=search_term_string"}],"inLanguage":"pt-BR"},{"@type":"Organization","@id":"https:\/\/beduka.com\/blog\/#organization","name":"Beduka","url":"https:\/\/beduka.com\/blog\/","logo":{"@type":"ImageObject","inLanguage":"pt-BR","@id":"https:\/\/beduka.com\/blog\/#\/schema\/logo\/image\/","url":"https:\/\/beduka.com\/blog\/wp-content\/uploads\/2020\/06\/marca-beduka.png","contentUrl":"https:\/\/beduka.com\/blog\/wp-content\/uploads\/2020\/06\/marca-beduka.png","width":1077,"height":368,"caption":"Beduka"},"image":{"@id":"https:\/\/beduka.com\/blog\/#\/schema\/logo\/image\/"},"sameAs":["https:\/\/www.facebook.com\/beduka.buscadordefaculdades\/","https:\/\/www.instagram.com\/beduka_oficial\/","https:\/\/www.linkedin.com\/company\/beduka","https:\/\/br.pinterest.com\/bedukaoficial\/","https:\/\/www.youtube.com\/beduka"]},{"@type":"Person","@id":"https:\/\/beduka.com\/blog\/#\/schema\/person\/a642c9aad29bdea97a352689b053f80f","name":"Reda\u00e7\u00e3o Beduka","image":{"@type":"ImageObject","inLanguage":"pt-BR","@id":"https:\/\/beduka.com\/blog\/#\/schema\/person\/image\/","url":"https:\/\/secure.gravatar.com\/avatar\/e1048f81c33ef0938237fc66bb9a208d?s=96&d=mm&r=g","contentUrl":"https:\/\/secure.gravatar.com\/avatar\/e1048f81c33ef0938237fc66bb9a208d?s=96&d=mm&r=g","caption":"Reda\u00e7\u00e3o Beduka"},"description":"Este conte\u00fado foi criado e validado por uma equipe multidisciplinar, formada por especialistas em cada \u00e1rea do conhecimento. O Beduka est\u00e1 presente no Instagram, YouTube, LinkedIn e em diversos outros ambientes digitais. O site foi criado em 2017 e, desde a sua funda\u00e7\u00e3o, atua para fornecer materiais de qualidade para facilitar a vida de estudantes de todo o Brasil, ajudando-os a se preparar para os principais vestibulares e o Enem.","sameAs":["https:\/\/www.facebook.com\/beduka.buscadordefaculdades","https:\/\/www.instagram.com\/beduka_oficial\/","https:\/\/br.pinterest.com\/bedukaoficial\/"],"url":"https:\/\/beduka.com\/blog\/author\/dioney\/"}]}},"_links":{"self":[{"href":"https:\/\/beduka.com\/blog\/wp-json\/wp\/v2\/posts\/22143"}],"collection":[{"href":"https:\/\/beduka.com\/blog\/wp-json\/wp\/v2\/posts"}],"about":[{"href":"https:\/\/beduka.com\/blog\/wp-json\/wp\/v2\/types\/post"}],"author":[{"embeddable":true,"href":"https:\/\/beduka.com\/blog\/wp-json\/wp\/v2\/users\/18"}],"replies":[{"embeddable":true,"href":"https:\/\/beduka.com\/blog\/wp-json\/wp\/v2\/comments?post=22143"}],"version-history":[{"count":2,"href":"https:\/\/beduka.com\/blog\/wp-json\/wp\/v2\/posts\/22143\/revisions"}],"predecessor-version":[{"id":22540,"href":"https:\/\/beduka.com\/blog\/wp-json\/wp\/v2\/posts\/22143\/revisions\/22540"}],"wp:featuredmedia":[{"embeddable":true,"href":"https:\/\/beduka.com\/blog\/wp-json\/wp\/v2\/media\/22144"}],"wp:attachment":[{"href":"https:\/\/beduka.com\/blog\/wp-json\/wp\/v2\/media?parent=22143"}],"wp:term":[{"taxonomy":"category","embeddable":true,"href":"https:\/\/beduka.com\/blog\/wp-json\/wp\/v2\/categories?post=22143"},{"taxonomy":"post_tag","embeddable":true,"href":"https:\/\/beduka.com\/blog\/wp-json\/wp\/v2\/tags?post=22143"}],"curies":[{"name":"wp","href":"https:\/\/api.w.org\/{rel}","templated":true}]}}