{"id":22151,"date":"2021-07-15T15:54:36","date_gmt":"2021-07-15T18:54:36","guid":{"rendered":"https:\/\/beduka.com\/blog\/?p=22151"},"modified":"2023-04-03T09:24:24","modified_gmt":"2023-04-03T12:24:24","slug":"quais-sao-os-niveis-de-linguagem","status":"publish","type":"post","link":"https:\/\/beduka.com\/blog\/materias\/portugues\/quais-sao-os-niveis-de-linguagem\/","title":{"rendered":"Quais s\u00e3o os n\u00edveis de linguagem?"},"content":{"rendered":"\n<blockquote class=\"wp-block-quote\"><p><strong>Existem dois n\u00edveis de linguagem principais: norma culta e linguagem coloquial. Cada uma com caracter\u00edsticas espec\u00edficas e \u00fanicas que ser\u00e3o apresentadas ao longo do texto. Contudo, a l\u00edngua se altera de acordo com o ambiente, resultando em 5 diferentes n\u00edveis. Se deseja saber quais s\u00e3o os n\u00edveis de linguagem e como us\u00e1-los, leia at\u00e9 o final.&nbsp;&nbsp;&nbsp;&nbsp;<\/strong><\/p><\/blockquote>\n\n\n\n<p><strong>Neste texto sobre os N\u00edveis de Linguagem, voc\u00ea encontrar\u00e1 os t\u00f3picos abaixo. Clique em um deles para ir diretamente ao conte\u00fado:<\/strong><\/p>\n\n\n\n<ol><li><a href=\"#que-s\u00e3o-n\u00edveis-de-linguagem\" data-type=\"internal\" data-id=\"#que-s\u00e3o-n\u00edveis-de-linguagem\">O que s\u00e3o n\u00edveis de linguagem?<\/a><\/li><li><a href=\"#linguagem-culta:-o-que-\u00e9-e-como-utilizar\" data-type=\"internal\" data-id=\"#linguagem-culta:-o-que-\u00e9-e-como-utilizar\">O que \u00e9 linguagem culta e como utiliz\u00e1-la?<\/a><\/li><li><a href=\"#linguagem-coloquial:-o-que-\u00e9-e-como-utilizar\" data-type=\"internal\" data-id=\"#linguagem-coloquial:-o-que-\u00e9-e-como-utilizar\">O que \u00e9 linguagem coloquial e como utiliz\u00e1-la?&nbsp;<\/a><\/li><li><a href=\"#regionalismo:-o-que-s\u00e3o\" data-type=\"internal\" data-id=\"#regionalismo:-o-que-s\u00e3o\">O que s\u00e3o regionalismos?<\/a><\/li><li><a href=\"#o-que-representam-para-os-n\u00edveis-de-linguagem-e-comunica\u00e7\u00e3o\" data-type=\"internal\" data-id=\"#o-que-representam-para-os-n\u00edveis-de-linguagem-e-comunica\u00e7\u00e3o\">O que as g\u00edrias representam para os n\u00edveis de linguagem?<\/a><\/li><li><a href=\"#linguagem-vulgar\" data-type=\"internal\" data-id=\"#linguagem-vulgar\">O que \u00e9 linguagem vulgar e o que ela representa?<\/a><\/li><\/ol>\n\n\n\n<ul><li><strong>Estudando para as provas?<\/strong> Conhe\u00e7a o <a href=\"https:\/\/beduka.com\/blog\/dicas\/enem-dicas\/plano-de-estudos-gratuito\/\" target=\"_blank\" rel=\"noreferrer noopener\">Plano de Estudo Beduka<\/a>l! Ele pode ser personalizado com as datas e hor\u00e1rios&nbsp; de estudo que voc\u00ea mais precisa!<\/li><\/ul>\n\n\n\n<h2 class=\"wp-block-heading\" id=\"que-s\u00e3o-n\u00edveis-de-linguagem\">O que s\u00e3o n\u00edveis de linguagem?<\/h2>\n\n\n\n<p><strong>Por acaso voc\u00ea utilizar\u00e1 a mesma linguagem ao falar com um professor e para falar em uma roda de amigos?<\/strong> N\u00e3o n\u00e9? Essa distin\u00e7\u00e3o da l\u00edngua que depende do contexto e do ambiente \u00e9 o que chamamos de <strong>n\u00edveis de linguagem<\/strong>.&nbsp;<\/p>\n\n\n\n<p>Um mesmo indiv\u00edduo, em um mesmo ciclo de vida, percorre diversos nichos sociais, isso tamb\u00e9m ocorre em rela\u00e7\u00e3o ao tempo e as mudan\u00e7as lingu\u00edsticas. <strong>O interlocutor n\u00e3o utilizar\u00e1 o mesmo processo comunicativo ao longo de todo o dia.<\/strong><\/p>\n\n\n\n<p><strong>Os principais n\u00edveis de linguagem s\u00e3o: a linguagem formal e a linguagem coloquial.<\/strong> Aqui \u00e9 importante destacar que alguns autores classificam o regionalismo, as g\u00edrias e a linguagem vulgar no n\u00edvel coloquial, j\u00e1 outros classificam como n\u00edveis independentes.<\/p>\n\n\n\n<p><strong>Neste artigo, para melhor compreens\u00e3o, iremos abordar o regionalismo, as g\u00edrias e a linguagem vulgar como n\u00edveis independentes.<\/strong><\/p>\n\n\n\n<ul><li><strong>S\u00e3o mais de 200 resumos gratuitos no <\/strong><a href=\"https:\/\/www.instagram.com\/beduka_oficial\/\" target=\"_blank\" rel=\"noreferrer noopener\"><strong>Instagram do Beduka<\/strong><\/a><strong>. Aproveite!<\/strong><\/li><\/ul>\n\n\n\n<h2 class=\"wp-block-heading\" id=\"linguagem-culta:-o-que-\u00e9-e-como-utilizar\">N\u00edvel 1 &#8211; Linguagem Culta: O que \u00e9 e como utilizar?<\/h2>\n\n\n\n<p><strong>A linguagem culta, tamb\u00e9m chamada de formal, \u00e9 aquela utilizada de acordo com a gram\u00e1tica normativa, isto \u00e9, respeitando as regras gramatical.<\/strong><\/p>\n\n\n\n<p>Essa norma padr\u00e3o deve ser empregada demonstrando <strong>preocupa\u00e7\u00e3o com o vocabul\u00e1rio no processo comunicativo.<\/strong><\/p>\n\n\n\n<p>A fala pode gerar ru\u00eddos entre o interlocutor (aquele que fala ou transmite a mensagem) e o receptor (aquele que recebe a mensagem e a interpreta). Por isso, <strong>\u00e9 necess\u00e1rio se preocupar com o cen\u00e1rio social que essa linguagem ser\u00e1 aplicada<\/strong>.<\/p>\n\n\n\n<p><strong>A linguagem culta geralmente \u00e9 utilizada no trabalho, na escrita, na faculdade, na igreja, em entrevistas de emprego, etc. <\/strong>Ambientes em que o processo comunicativo ficaria prejudicado caso n\u00e3o houvesse a preocupa\u00e7\u00e3o com a norma e a forma.<\/p>\n\n\n\n<p><strong>Na linguagem culta, n\u00e3o se deve utilizar v\u00edcios de linguagem, g\u00edrias ou ditados populares. <\/strong>Deve-se recorrer tanto \u00e0 coes\u00e3o, quanto \u00e0 coer\u00eancia, mantendo as concord\u00e2ncias verbais e nominais corretas.<\/p>\n\n\n\n<p><strong>A linguagem formal \u00e9 a que menos sofre altera\u00e7\u00e3o com o decorrer do tempo.<\/strong><\/p>\n\n\n\n<p>Veja exemplos de situa\u00e7\u00f5es em que se deve utilizar a linguagem culta:<\/p>\n\n\n\n<ul><li>Trabalho;<\/li><li>Documentos formais;<\/li><li>Em sala de aula, provas e semin\u00e1rios;<\/li><li>Em palestras e discursos pol\u00edticos;<\/li><li>Igreja;<\/li><li>Apresenta\u00e7\u00f5es;<\/li><li>Entrevistas de emprego;<\/li><li>Artigos cient\u00edficos;<\/li><\/ul>\n\n\n\n<p>Veja frases em linguagem culta:<\/p>\n\n\n\n<ul><li>Poderia me enviar esse relat\u00f3rio at\u00e9 semana que vem, por favor?<\/li><li>\u00c9 invi\u00e1vel a utiliza\u00e7\u00e3o de um novo sistema empresarial.<\/li><li>As circunst\u00e2ncias n\u00e3o nos permitem aumentar o quadro de funcion\u00e1rios.<\/li><li>Precisamos informar aos novos funcion\u00e1rios de telecomunica\u00e7\u00e3o, que \u00e9 necess\u00e1rio evitar v\u00edcios de linguagem.<\/li><li>Todos os erros foram aferidos e encaminhados ao departamento correto.&nbsp;<\/li><\/ul>\n\n\n\n<h2 class=\"wp-block-heading\" id=\"linguagem-coloquial:-o-que-\u00e9-e-como-utilizar\">N\u00edvel 2 &#8211; Linguagem coloquial: o que \u00e9 e como utilizar?<\/h2>\n\n\n\n<p><strong>A linguagem coloquial \u00e9 aquela que permite maior varia\u00e7\u00e3o e liberdade no processo de comunica\u00e7\u00e3o<\/strong>. O discurso ser\u00e1 melhor embasado no contexto social do que na preocupa\u00e7\u00e3o com a&nbsp; gram\u00e1tica normativa.<\/p>\n\n\n\n<p><strong>Esse tipo de linguagem n\u00e3o pode ser considerada incorreta, pois faz parte do uso da l\u00edngua a adapta\u00e7\u00e3o ao meio em que o indiv\u00edduo est\u00e1 inserido<\/strong>. Muitas palavras e express\u00f5es passam a fazer parte do dicion\u00e1rio e da gram\u00e1tica no decorrer do tempo.<\/p>\n\n\n\n<p>Portanto, <strong>esse processo tamb\u00e9m pode ser visto como criativo e enriquecedor da l\u00edngua<\/strong>.<\/p>\n\n\n\n<p>Veja exemplos de situa\u00e7\u00f5es em que se deve utilizar a linguagem coloquial:<\/p>\n\n\n\n<ul><li>Em uma roda de conversa com os amigos;<\/li><li>No bar;<\/li><li>Nas redes sociais, dependendo da situa\u00e7\u00e3o;<\/li><li>Em um jogo de futebol;<\/li><li>Na escola; no hor\u00e1rio de intervalo;<\/li><li>Na praia;<\/li><\/ul>\n\n\n\n<p>Veja frases em linguagem culta:<\/p>\n\n\n\n<ul><li><em>C\u00ea <\/em>foi <em>pro<\/em> cinema ontem?<\/li><li><em>Tava lascado<\/em> se n\u00e3o tivesse estudado<em> pra <\/em>prova.<\/li><li><em>Tou brocado<\/em>!<\/li><li><em>Olha<\/em> a nota que tiramos na prova.<\/li><li>Ei, <em>c\u00ea<\/em> vai pro <em>rol\u00ea <\/em>amanh\u00e3?<\/li><li><em>Pega a vis\u00e3o<\/em>, precisamos estudar.&nbsp;<\/li><\/ul>\n\n\n\n<h2 class=\"wp-block-heading\" id=\"regionalismo:-o-que-s\u00e3o\">N\u00edvel 3 &#8211; Regionalismo: O que s\u00e3o?<\/h2>\n\n\n\n<p><strong>Regionalismos s\u00e3o express\u00f5es e vocabul\u00e1rios oriundos de determinada regi\u00e3o do Brasil<\/strong>. Nesses processos de surgimento desses voc\u00e1bulos e express\u00f5es, h\u00e1 um contexto, uma cultura e um povo.&nbsp;<\/p>\n\n\n\n<p>Veja exemplos de express\u00f5es regionais:&nbsp;<\/p>\n\n\n\n<ul><li><strong>At\u00e9 o tucupi<\/strong> &#8211; significa que algo ou algum lugar est\u00e1 cheio de algo (Express\u00e3o da regi\u00e3o norte);<\/li><li><strong>Cacetinho<\/strong> &#8211; P\u00e3o Franc\u00eas ( Vocabul\u00e1rio da regi\u00e3o sul);<\/li><li><strong>Trem<\/strong> &#8211; pode ser qualquer coisa, sin\u00f4nimo de coisa, refere-se a substantivo. (vocabul\u00e1rio da regi\u00e3o sudeste, Minas Gerais);<\/li><li><strong>Ficar de bubuia<\/strong> &#8211; ficar tranquilo, relaxado ( Express\u00e3o da regi\u00e3o norte, Amazonas);<\/li><li><strong>Avexado<\/strong> &#8211; o mesmo que apressado. ( Express\u00e3o da regi\u00e3o nordeste);<\/li><\/ul>\n\n\n\n<h2 class=\"wp-block-heading\" id=\"o-que-representam-para-os-n\u00edveis-de-linguagem-e-comunica\u00e7\u00e3o\">N\u00edvel 4 &#8211; G\u00edrias: O que representam para os n\u00edveis de linguagem e comunica\u00e7\u00e3o?<\/h2>\n\n\n\n<p><strong>G\u00edrias surgem em ambientes informais e s\u00e3o criadas por determinados nichos sociais. <\/strong>Esses fen\u00f4menos lingu\u00edsticos s\u00e3o muito utilizados entre os jovens.<\/p>\n\n\n\n<p>Fazem parte de um processo comunicativo complexo que cria s\u00edmbolos que o caracterizam e o diferenciam como grupos com interesses, ideias e objetivos.&nbsp;<\/p>\n\n\n\n<p>Cada gera\u00e7\u00e3o cria suas pr\u00f3prias g\u00edrias<strong>. Exatamente por isso, elas v\u00e3o se modificando no decorrer do tempo.<\/strong><\/p>\n\n\n\n<p>Algumas dessas g\u00edrias acabam fazendo parte da gram\u00e1tica e do dicion\u00e1rio no futuro. <strong>Por\u00e9m, quando surgem s\u00e3o consideradas neologismos, algo novo, criado, at\u00e9 ent\u00e3o inexistente.<\/strong><\/p>\n\n\n\n<h3 class=\"wp-block-heading\" id=\"g\u00edrias-muito-utilizadas\">Algumas g\u00edrias muito utilizadas, atualmente:<\/h3>\n\n\n\n<ul><li><strong>Crush<\/strong> &#8211; o antigo paquera.<\/li><li><strong>Dar PT<\/strong> &#8211; quando algu\u00e9m exagera na bebida e passa mal \u201cno rol\u00ea\u201d.<\/li><li><strong>Rol\u00ea<\/strong> &#8211; passeio com os amigos.<\/li><li><strong>Trollar<\/strong> &#8211; antiga pegadinha.<\/li><li><strong>Falsine<\/strong> &#8211; referente a uma pessoa falsa.<\/li><li><strong>Cringe<\/strong> &#8211; referente a situa\u00e7\u00f5es constrangedoras, tem sido muito utilizada como s\u00edmbolo de um conflito geracional.<\/li><\/ul>\n\n\n\n<h2 class=\"wp-block-heading\" id=\"linguagem-vulgar\">N\u00edvel 5 &#8211; Linguagem Vulgar: O que \u00e9 e o que representa?<\/h2>\n\n\n\n<p><strong>A linguagem vulgar pode ser considerada o oposto radical da linguagem formal.<\/strong> Nesse tipo de linguagem as regras gramaticais s\u00e3o totalmente ignoradas e n\u00e3o h\u00e1 concord\u00e2ncia nominal ou verbal.<\/p>\n\n\n\n<p><strong>Esse tipo de fala remete a problemas sociais que geram o acesso prec\u00e1rio(muitas vezes inexistente) de determinados grupos da sociedade \u00e0 educa\u00e7\u00e3o.<\/strong> \u00c9 o caso dos analfabetos e semianalfabetos.<\/p>\n\n\n\n<p><strong>A linguagem vulgar deixa evidente a import\u00e2ncia da l\u00edngua nos estudos e an\u00e1lises sociais. <\/strong>H\u00e1 sempre um motivo por tr\u00e1s de toda opera\u00e7\u00e3o comunicativa, inclusive, por meio dos ru\u00eddos no processo de transmiss\u00e3o da mensagem.<\/p>\n\n\n\n<p>Veja exemplos de linguagem vulgar:<\/p>\n\n\n\n<ul><li>A gente vamo.<\/li><li>Vamo ir.<\/li><li>N\u00f3s fala sobre isso mais tarde.<\/li><\/ul>\n\n\n\n<p>Perceba que h\u00e1 uma desordem das estruturas gramaticais.<\/p>\n\n\n\n<p><strong>Seu aprendizado n\u00e3o acaba aqui!<\/strong> Temos um <a href=\"https:\/\/beduka.com\/blog\/exercicios\/exercicios-sobre-niveis-de-linguagem\/\" target=\"_blank\" rel=\"noreferrer noopener\">texto de exerc\u00edcios sobre n\u00edveis de linguagem<\/a> para voc\u00ea testar o que aprendeu!<\/p>\n\n\n\n<ul><li><strong>Conhe\u00e7a o nosso <\/strong><a href=\"https:\/\/beduka.com\/blog\/materias\/redacao\/redacao-dissertativa-argumentativa\/\" target=\"_blank\" rel=\"noreferrer noopener\"><strong>Guia da Reda\u00e7\u00e3o<\/strong><\/a><strong> para se sair bem nas provas!<\/strong><\/li><\/ul>\n\n\n\n<p><strong>Gostou do nosso artigo sobre os n\u00edveis de linguagem?<\/strong> Confira outros artigos do nosso blog e se prepare para o Enem da melhor maneira! Voc\u00ea tamb\u00e9m pode se organizar com o nosso <a href=\"https:\/\/beduka.com\/blog\/dicas\/enem-dicas\/plano-de-estudos-gratuito\/\" target=\"_blank\" rel=\"noreferrer noopener\">plano de estudos<\/a>, o mais completo da internet, e o melhor: totalmente gratuito!<\/p>\n\n\n\n<p><strong>Queremos te ajudar a encontrar a FACULDADE IDEAL!<\/strong> Logo abaixo, fa\u00e7a uma pesquisa por curso e cidade que te mostraremos todas as faculdades que podem te atender. Informamos a nota de corte, valor de mensalidade, nota do MEC, avalia\u00e7\u00e3o dos alunos, modalidades de ensino e muito mais.<\/p>\n\n\n\n<p><strong>Experimente agora!<\/strong><\/p>\n","protected":false},"excerpt":{"rendered":"<p>Existem dois n\u00edveis de linguagem principais: norma culta e linguagem coloquial. Leia nosso artigo e veja os 5 n\u00edveis linguagens e aprenda a utiliz\u00e1-los.<\/p>\n","protected":false},"author":20,"featured_media":22152,"comment_status":"open","ping_status":"closed","sticky":false,"template":"","format":"standard","meta":{"_mi_skip_tracking":false,"_monsterinsights_sitenote_active":false,"_monsterinsights_sitenote_note":"","_monsterinsights_sitenote_category":0},"categories":[488],"tags":[],"yoast_head":"<!-- This site is optimized with the Yoast SEO plugin v20.10 - https:\/\/yoast.com\/wordpress\/plugins\/seo\/ -->\n<title>Quais s\u00e3o os n\u00edveis de linguagem? Aprenda os 5 aqui.<\/title>\n<meta name=\"description\" content=\"Existem dois n\u00edveis de linguagem principais: norma culta e linguagem coloquial. Leia nosso artigo e veja os 5 n\u00edveis linguagens e aprenda a utiliz\u00e1-los.\" \/>\n<meta name=\"robots\" content=\"index, follow, max-snippet:-1, max-image-preview:large, max-video-preview:-1\" \/>\n<link rel=\"canonical\" href=\"https:\/\/beduka.com\/blog\/materias\/portugues\/quais-sao-os-niveis-de-linguagem\/\" \/>\n<meta property=\"og:locale\" content=\"pt_BR\" \/>\n<meta property=\"og:type\" content=\"article\" \/>\n<meta property=\"og:title\" content=\"Quais s\u00e3o os n\u00edveis de linguagem? Aprenda os 5 aqui.\" \/>\n<meta property=\"og:description\" content=\"Existem dois n\u00edveis de linguagem principais: norma culta e linguagem coloquial. Leia nosso artigo e veja os 5 n\u00edveis linguagens e aprenda a utiliz\u00e1-los.\" \/>\n<meta property=\"og:url\" content=\"https:\/\/beduka.com\/blog\/materias\/portugues\/quais-sao-os-niveis-de-linguagem\/\" \/>\n<meta property=\"og:site_name\" content=\"Blog do Beduka | Mat\u00e9rias resumidas, Dicas e Exerc\u00edcios Enem\" \/>\n<meta property=\"article:publisher\" content=\"https:\/\/www.facebook.com\/beduka.buscadordefaculdades\/\" \/>\n<meta property=\"article:author\" content=\"https:\/\/www.facebook.com\/beduka.buscadordefaculdades\" \/>\n<meta property=\"article:published_time\" content=\"2021-07-15T18:54:36+00:00\" \/>\n<meta property=\"article:modified_time\" content=\"2023-04-03T12:24:24+00:00\" \/>\n<meta property=\"og:image\" content=\"https:\/\/beduka.com\/blog\/wp-content\/uploads\/2021\/07\/Quais-sao-os-niveis-de-linguagem.jpg\" \/>\n\t<meta property=\"og:image:width\" content=\"609\" \/>\n\t<meta property=\"og:image:height\" content=\"342\" \/>\n\t<meta property=\"og:image:type\" content=\"image\/jpeg\" \/>\n<meta name=\"author\" content=\"Reda\u00e7\u00e3o Beduka\" \/>\n<meta name=\"twitter:card\" content=\"summary_large_image\" \/>\n<meta name=\"twitter:label1\" content=\"Escrito por\" \/>\n\t<meta name=\"twitter:data1\" content=\"Reda\u00e7\u00e3o Beduka\" \/>\n\t<meta name=\"twitter:label2\" content=\"Est. tempo de leitura\" \/>\n\t<meta name=\"twitter:data2\" content=\"7 minutos\" \/>\n<script type=\"application\/ld+json\" class=\"yoast-schema-graph\">{\"@context\":\"https:\/\/schema.org\",\"@graph\":[{\"@type\":\"Article\",\"@id\":\"https:\/\/beduka.com\/blog\/materias\/portugues\/quais-sao-os-niveis-de-linguagem\/#article\",\"isPartOf\":{\"@id\":\"https:\/\/beduka.com\/blog\/materias\/portugues\/quais-sao-os-niveis-de-linguagem\/\"},\"author\":{\"name\":\"Reda\u00e7\u00e3o Beduka\",\"@id\":\"https:\/\/beduka.com\/blog\/#\/schema\/person\/6663b033dafd59fc30595515af1715a6\"},\"headline\":\"Quais s\u00e3o os n\u00edveis de linguagem?\",\"datePublished\":\"2021-07-15T18:54:36+00:00\",\"dateModified\":\"2023-04-03T12:24:24+00:00\",\"mainEntityOfPage\":{\"@id\":\"https:\/\/beduka.com\/blog\/materias\/portugues\/quais-sao-os-niveis-de-linguagem\/\"},\"wordCount\":1413,\"commentCount\":4,\"publisher\":{\"@id\":\"https:\/\/beduka.com\/blog\/#organization\"},\"articleSection\":[\"Portugu\u00eas\"],\"inLanguage\":\"pt-BR\",\"potentialAction\":[{\"@type\":\"CommentAction\",\"name\":\"Comment\",\"target\":[\"https:\/\/beduka.com\/blog\/materias\/portugues\/quais-sao-os-niveis-de-linguagem\/#respond\"]}]},{\"@type\":\"WebPage\",\"@id\":\"https:\/\/beduka.com\/blog\/materias\/portugues\/quais-sao-os-niveis-de-linguagem\/\",\"url\":\"https:\/\/beduka.com\/blog\/materias\/portugues\/quais-sao-os-niveis-de-linguagem\/\",\"name\":\"Quais s\u00e3o os n\u00edveis de linguagem? Aprenda os 5 aqui.\",\"isPartOf\":{\"@id\":\"https:\/\/beduka.com\/blog\/#website\"},\"datePublished\":\"2021-07-15T18:54:36+00:00\",\"dateModified\":\"2023-04-03T12:24:24+00:00\",\"description\":\"Existem dois n\u00edveis de linguagem principais: norma culta e linguagem coloquial. Leia nosso artigo e veja os 5 n\u00edveis linguagens e aprenda a utiliz\u00e1-los.\",\"breadcrumb\":{\"@id\":\"https:\/\/beduka.com\/blog\/materias\/portugues\/quais-sao-os-niveis-de-linguagem\/#breadcrumb\"},\"inLanguage\":\"pt-BR\",\"potentialAction\":[{\"@type\":\"ReadAction\",\"target\":[\"https:\/\/beduka.com\/blog\/materias\/portugues\/quais-sao-os-niveis-de-linguagem\/\"]}]},{\"@type\":\"BreadcrumbList\",\"@id\":\"https:\/\/beduka.com\/blog\/materias\/portugues\/quais-sao-os-niveis-de-linguagem\/#breadcrumb\",\"itemListElement\":[{\"@type\":\"ListItem\",\"position\":1,\"name\":\"Home\",\"item\":\"https:\/\/beduka.com\/blog\/\"},{\"@type\":\"ListItem\",\"position\":2,\"name\":\"Quais s\u00e3o os n\u00edveis de linguagem?\"}]},{\"@type\":\"WebSite\",\"@id\":\"https:\/\/beduka.com\/blog\/#website\",\"url\":\"https:\/\/beduka.com\/blog\/\",\"name\":\"Blog do Beduka | Mat\u00e9rias resumidas, Dicas e Exerc\u00edcios Enem\",\"description\":\"O Blog do Beduka tem os conte\u00fados que mais caem no Enem, exerc\u00edcios de vestibular com gabarito, resumos, dicas e informa\u00e7\u00f5es Sisu, Prouni e Fies.Encontre dicas para o ENEM, resumos, exerc\u00edcios e informa\u00e7\u00f5es sobre os vestibulares. Acesse agora!\",\"publisher\":{\"@id\":\"https:\/\/beduka.com\/blog\/#organization\"},\"potentialAction\":[{\"@type\":\"SearchAction\",\"target\":{\"@type\":\"EntryPoint\",\"urlTemplate\":\"https:\/\/beduka.com\/blog\/?s={search_term_string}\"},\"query-input\":\"required name=search_term_string\"}],\"inLanguage\":\"pt-BR\"},{\"@type\":\"Organization\",\"@id\":\"https:\/\/beduka.com\/blog\/#organization\",\"name\":\"Beduka\",\"url\":\"https:\/\/beduka.com\/blog\/\",\"logo\":{\"@type\":\"ImageObject\",\"inLanguage\":\"pt-BR\",\"@id\":\"https:\/\/beduka.com\/blog\/#\/schema\/logo\/image\/\",\"url\":\"https:\/\/beduka.com\/blog\/wp-content\/uploads\/2020\/06\/marca-beduka.png\",\"contentUrl\":\"https:\/\/beduka.com\/blog\/wp-content\/uploads\/2020\/06\/marca-beduka.png\",\"width\":1077,\"height\":368,\"caption\":\"Beduka\"},\"image\":{\"@id\":\"https:\/\/beduka.com\/blog\/#\/schema\/logo\/image\/\"},\"sameAs\":[\"https:\/\/www.facebook.com\/beduka.buscadordefaculdades\/\",\"https:\/\/www.instagram.com\/beduka_oficial\/\",\"https:\/\/www.linkedin.com\/company\/beduka\",\"https:\/\/br.pinterest.com\/bedukaoficial\/\",\"https:\/\/www.youtube.com\/beduka\"]},{\"@type\":\"Person\",\"@id\":\"https:\/\/beduka.com\/blog\/#\/schema\/person\/6663b033dafd59fc30595515af1715a6\",\"name\":\"Reda\u00e7\u00e3o Beduka\",\"image\":{\"@type\":\"ImageObject\",\"inLanguage\":\"pt-BR\",\"@id\":\"https:\/\/beduka.com\/blog\/#\/schema\/person\/image\/\",\"url\":\"https:\/\/secure.gravatar.com\/avatar\/6adaee42d8e8225567b5dc097972091b?s=96&d=mm&r=g\",\"contentUrl\":\"https:\/\/secure.gravatar.com\/avatar\/6adaee42d8e8225567b5dc097972091b?s=96&d=mm&r=g\",\"caption\":\"Reda\u00e7\u00e3o Beduka\"},\"description\":\"Este conte\u00fado foi criado e validado por uma equipe multidisciplinar, formada por especialistas em cada \u00e1rea do conhecimento. O Beduka est\u00e1 presente no Instagram, YouTube, LinkedIn e em diversos outros ambientes digitais. O site foi criado em 2017 e, desde a sua funda\u00e7\u00e3o, atua para fornecer materiais de qualidade para facilitar a vida de estudantes de todo o Brasil, ajudando-os a se preparar para os principais vestibulares e o Enem.\",\"sameAs\":[\"https:\/\/www.facebook.com\/beduka.buscadordefaculdades\",\"https:\/\/www.instagram.com\/beduka_oficial\/\",\"https:\/\/br.pinterest.com\/bedukaoficial\/\"],\"url\":\"https:\/\/beduka.com\/blog\/author\/alessandra\/\"}]}<\/script>\n<!-- \/ Yoast SEO plugin. -->","yoast_head_json":{"title":"Quais s\u00e3o os n\u00edveis de linguagem? Aprenda os 5 aqui.","description":"Existem dois n\u00edveis de linguagem principais: norma culta e linguagem coloquial. Leia nosso artigo e veja os 5 n\u00edveis linguagens e aprenda a utiliz\u00e1-los.","robots":{"index":"index","follow":"follow","max-snippet":"max-snippet:-1","max-image-preview":"max-image-preview:large","max-video-preview":"max-video-preview:-1"},"canonical":"https:\/\/beduka.com\/blog\/materias\/portugues\/quais-sao-os-niveis-de-linguagem\/","og_locale":"pt_BR","og_type":"article","og_title":"Quais s\u00e3o os n\u00edveis de linguagem? Aprenda os 5 aqui.","og_description":"Existem dois n\u00edveis de linguagem principais: norma culta e linguagem coloquial. Leia nosso artigo e veja os 5 n\u00edveis linguagens e aprenda a utiliz\u00e1-los.","og_url":"https:\/\/beduka.com\/blog\/materias\/portugues\/quais-sao-os-niveis-de-linguagem\/","og_site_name":"Blog do Beduka | Mat\u00e9rias resumidas, Dicas e Exerc\u00edcios Enem","article_publisher":"https:\/\/www.facebook.com\/beduka.buscadordefaculdades\/","article_author":"https:\/\/www.facebook.com\/beduka.buscadordefaculdades","article_published_time":"2021-07-15T18:54:36+00:00","article_modified_time":"2023-04-03T12:24:24+00:00","og_image":[{"width":609,"height":342,"url":"https:\/\/beduka.com\/blog\/wp-content\/uploads\/2021\/07\/Quais-sao-os-niveis-de-linguagem.jpg","type":"image\/jpeg"}],"author":"Reda\u00e7\u00e3o Beduka","twitter_card":"summary_large_image","twitter_misc":{"Escrito por":"Reda\u00e7\u00e3o Beduka","Est. tempo de leitura":"7 minutos"},"schema":{"@context":"https:\/\/schema.org","@graph":[{"@type":"Article","@id":"https:\/\/beduka.com\/blog\/materias\/portugues\/quais-sao-os-niveis-de-linguagem\/#article","isPartOf":{"@id":"https:\/\/beduka.com\/blog\/materias\/portugues\/quais-sao-os-niveis-de-linguagem\/"},"author":{"name":"Reda\u00e7\u00e3o Beduka","@id":"https:\/\/beduka.com\/blog\/#\/schema\/person\/6663b033dafd59fc30595515af1715a6"},"headline":"Quais s\u00e3o os n\u00edveis de linguagem?","datePublished":"2021-07-15T18:54:36+00:00","dateModified":"2023-04-03T12:24:24+00:00","mainEntityOfPage":{"@id":"https:\/\/beduka.com\/blog\/materias\/portugues\/quais-sao-os-niveis-de-linguagem\/"},"wordCount":1413,"commentCount":4,"publisher":{"@id":"https:\/\/beduka.com\/blog\/#organization"},"articleSection":["Portugu\u00eas"],"inLanguage":"pt-BR","potentialAction":[{"@type":"CommentAction","name":"Comment","target":["https:\/\/beduka.com\/blog\/materias\/portugues\/quais-sao-os-niveis-de-linguagem\/#respond"]}]},{"@type":"WebPage","@id":"https:\/\/beduka.com\/blog\/materias\/portugues\/quais-sao-os-niveis-de-linguagem\/","url":"https:\/\/beduka.com\/blog\/materias\/portugues\/quais-sao-os-niveis-de-linguagem\/","name":"Quais s\u00e3o os n\u00edveis de linguagem? Aprenda os 5 aqui.","isPartOf":{"@id":"https:\/\/beduka.com\/blog\/#website"},"datePublished":"2021-07-15T18:54:36+00:00","dateModified":"2023-04-03T12:24:24+00:00","description":"Existem dois n\u00edveis de linguagem principais: norma culta e linguagem coloquial. Leia nosso artigo e veja os 5 n\u00edveis linguagens e aprenda a utiliz\u00e1-los.","breadcrumb":{"@id":"https:\/\/beduka.com\/blog\/materias\/portugues\/quais-sao-os-niveis-de-linguagem\/#breadcrumb"},"inLanguage":"pt-BR","potentialAction":[{"@type":"ReadAction","target":["https:\/\/beduka.com\/blog\/materias\/portugues\/quais-sao-os-niveis-de-linguagem\/"]}]},{"@type":"BreadcrumbList","@id":"https:\/\/beduka.com\/blog\/materias\/portugues\/quais-sao-os-niveis-de-linguagem\/#breadcrumb","itemListElement":[{"@type":"ListItem","position":1,"name":"Home","item":"https:\/\/beduka.com\/blog\/"},{"@type":"ListItem","position":2,"name":"Quais s\u00e3o os n\u00edveis de linguagem?"}]},{"@type":"WebSite","@id":"https:\/\/beduka.com\/blog\/#website","url":"https:\/\/beduka.com\/blog\/","name":"Blog do Beduka | Mat\u00e9rias resumidas, Dicas e Exerc\u00edcios Enem","description":"O Blog do Beduka tem os conte\u00fados que mais caem no Enem, exerc\u00edcios de vestibular com gabarito, resumos, dicas e informa\u00e7\u00f5es Sisu, Prouni e Fies.Encontre dicas para o ENEM, resumos, exerc\u00edcios e informa\u00e7\u00f5es sobre os vestibulares. Acesse agora!","publisher":{"@id":"https:\/\/beduka.com\/blog\/#organization"},"potentialAction":[{"@type":"SearchAction","target":{"@type":"EntryPoint","urlTemplate":"https:\/\/beduka.com\/blog\/?s={search_term_string}"},"query-input":"required name=search_term_string"}],"inLanguage":"pt-BR"},{"@type":"Organization","@id":"https:\/\/beduka.com\/blog\/#organization","name":"Beduka","url":"https:\/\/beduka.com\/blog\/","logo":{"@type":"ImageObject","inLanguage":"pt-BR","@id":"https:\/\/beduka.com\/blog\/#\/schema\/logo\/image\/","url":"https:\/\/beduka.com\/blog\/wp-content\/uploads\/2020\/06\/marca-beduka.png","contentUrl":"https:\/\/beduka.com\/blog\/wp-content\/uploads\/2020\/06\/marca-beduka.png","width":1077,"height":368,"caption":"Beduka"},"image":{"@id":"https:\/\/beduka.com\/blog\/#\/schema\/logo\/image\/"},"sameAs":["https:\/\/www.facebook.com\/beduka.buscadordefaculdades\/","https:\/\/www.instagram.com\/beduka_oficial\/","https:\/\/www.linkedin.com\/company\/beduka","https:\/\/br.pinterest.com\/bedukaoficial\/","https:\/\/www.youtube.com\/beduka"]},{"@type":"Person","@id":"https:\/\/beduka.com\/blog\/#\/schema\/person\/6663b033dafd59fc30595515af1715a6","name":"Reda\u00e7\u00e3o Beduka","image":{"@type":"ImageObject","inLanguage":"pt-BR","@id":"https:\/\/beduka.com\/blog\/#\/schema\/person\/image\/","url":"https:\/\/secure.gravatar.com\/avatar\/6adaee42d8e8225567b5dc097972091b?s=96&d=mm&r=g","contentUrl":"https:\/\/secure.gravatar.com\/avatar\/6adaee42d8e8225567b5dc097972091b?s=96&d=mm&r=g","caption":"Reda\u00e7\u00e3o Beduka"},"description":"Este conte\u00fado foi criado e validado por uma equipe multidisciplinar, formada por especialistas em cada \u00e1rea do conhecimento. O Beduka est\u00e1 presente no Instagram, YouTube, LinkedIn e em diversos outros ambientes digitais. O site foi criado em 2017 e, desde a sua funda\u00e7\u00e3o, atua para fornecer materiais de qualidade para facilitar a vida de estudantes de todo o Brasil, ajudando-os a se preparar para os principais vestibulares e o Enem.","sameAs":["https:\/\/www.facebook.com\/beduka.buscadordefaculdades","https:\/\/www.instagram.com\/beduka_oficial\/","https:\/\/br.pinterest.com\/bedukaoficial\/"],"url":"https:\/\/beduka.com\/blog\/author\/alessandra\/"}]}},"_links":{"self":[{"href":"https:\/\/beduka.com\/blog\/wp-json\/wp\/v2\/posts\/22151"}],"collection":[{"href":"https:\/\/beduka.com\/blog\/wp-json\/wp\/v2\/posts"}],"about":[{"href":"https:\/\/beduka.com\/blog\/wp-json\/wp\/v2\/types\/post"}],"author":[{"embeddable":true,"href":"https:\/\/beduka.com\/blog\/wp-json\/wp\/v2\/users\/20"}],"replies":[{"embeddable":true,"href":"https:\/\/beduka.com\/blog\/wp-json\/wp\/v2\/comments?post=22151"}],"version-history":[{"count":2,"href":"https:\/\/beduka.com\/blog\/wp-json\/wp\/v2\/posts\/22151\/revisions"}],"predecessor-version":[{"id":29464,"href":"https:\/\/beduka.com\/blog\/wp-json\/wp\/v2\/posts\/22151\/revisions\/29464"}],"wp:featuredmedia":[{"embeddable":true,"href":"https:\/\/beduka.com\/blog\/wp-json\/wp\/v2\/media\/22152"}],"wp:attachment":[{"href":"https:\/\/beduka.com\/blog\/wp-json\/wp\/v2\/media?parent=22151"}],"wp:term":[{"taxonomy":"category","embeddable":true,"href":"https:\/\/beduka.com\/blog\/wp-json\/wp\/v2\/categories?post=22151"},{"taxonomy":"post_tag","embeddable":true,"href":"https:\/\/beduka.com\/blog\/wp-json\/wp\/v2\/tags?post=22151"}],"curies":[{"name":"wp","href":"https:\/\/api.w.org\/{rel}","templated":true}]}}