{"id":22355,"date":"2021-07-27T16:59:55","date_gmt":"2021-07-27T19:59:55","guid":{"rendered":"https:\/\/beduka.com\/blog\/?p=22355"},"modified":"2023-04-03T09:36:19","modified_gmt":"2023-04-03T12:36:19","slug":"o-que-e-poema","status":"publish","type":"post","link":"https:\/\/beduka.com\/blog\/materias\/literatura\/o-que-e-poema\/","title":{"rendered":"O que \u00e9 Poema? Tipos, caracter\u00edsticas e exemplos."},"content":{"rendered":"\n<blockquote class=\"wp-block-quote\"><p><strong>Poema \u00e9 um g\u00eanero textual origin\u00e1rio da Gr\u00e9cia Antiga, composto por versos e estrofes. Seus versos podem abusar de liberdade, ou podem seguir regras r\u00edgidas que voc\u00ea conhecer\u00e1 lendo esse texto. Se interessou? Leia nosso artigo e aprecie as obras dos 5 poetas mais famosos&nbsp; do Brasil.<\/strong><\/p><\/blockquote>\n\n\n\n<p><strong>Neste texto sobre O que \u00e9 Poema, voc\u00ea encontrar\u00e1 os t\u00f3picos abaixo. Clique em um deles para ir diretamente ao conte\u00fado:<\/strong><\/p>\n\n\n\n<ol><li><a href=\"#que-\u00e9-poema\" data-type=\"internal\" data-id=\"#que-\u00e9-poema\">O que \u00e9 Poema?<\/a><\/li><li><a href=\"#surgiram-os-poemas\" data-type=\"internal\" data-id=\"#surgiram-os-poemas\">Como surgiram os Poemas?<\/a><\/li><li><a href=\"#estruturas-do-poema\" data-type=\"internal\" data-id=\"#estruturas-do-poema\">Quais as estruturas do poema?<\/a><\/li><li><a href=\"#7-caracter\u00edsticas\" data-type=\"internal\" data-id=\"#7-caracter\u00edsticas\">As 7 caracter\u00edsticas gerais do Poema.<\/a><\/li><li><a href=\"#tipos-de-poemas\" data-type=\"internal\" data-id=\"#tipos-de-poemas\">Quais s\u00e3o os tipos de Poema?<\/a><\/li><li><a href=\"#5-poemas\" data-type=\"internal\" data-id=\"#5-poemas\">Quais os 5 mais famosos poemas da literatura brasileira?<\/a><\/li><\/ol>\n\n\n\n<p><strong>Estudando para as provas?<\/strong> Conhe\u00e7a <a href=\"https:\/\/beduka.com\/blog\/dicas\/enem-dicas\/simulados-para-enem-online-e-gratuito\/\" target=\"_blank\" rel=\"noreferrer noopener\">O melhor Simulado do Brasil<\/a>! Ele pode ser personalizado com as mat\u00e9rias que voc\u00ea mais precisa!<\/p>\n\n\n\n<h2 class=\"wp-block-heading\" id=\"que-\u00e9-poema\">O que \u00e9 poema?<\/h2>\n\n\n\n<p><strong>Voc\u00ea j\u00e1 parou pra pensar como seria a vida se fosse regida por poemas?<\/strong><\/p>\n\n\n\n<p>E se eu te disser que muitas vezes <strong>h\u00e1 uma orquestra simb\u00f3lica de poemas bombardeando nossos sentidos de forma constante e inesgot\u00e1vel<\/strong>. Nunca viu? \u00c9 porque eles fazem isso de forma t\u00e3o difusa, que \u00e9 quase impercept\u00edvel.<\/p>\n\n\n\n<p><strong>Diferente da poesia, o poema \u00e9 \u00fanica e exclusivamente alicer\u00e7ado por palavras. Essas palavras<\/strong> unem-se e produzem versos, que por sua vez entrela\u00e7am-se numa esp\u00e9cie de ciranda r\u00edtmica que comp\u00f5em as estrofes.<\/p>\n\n\n\n<p><strong>No poema, nem tudo \u00e9 exclusivamente subjetividade. Muitas vezes as palavras s\u00e3o \u00e1cidas e amargas<\/strong>. Uma cr\u00edtica direta a algo, algu\u00e9m, ou algum setor social. Como em uma batalha de Rap.<\/p>\n\n\n\n<p><strong>At\u00e9 sua hist\u00f3ria com o <\/strong><a href=\"https:\/\/enem.inep.gov.br\/\" target=\"_blank\" rel=\"noreferrer noopener\"><strong>Enem<\/strong><\/a>, uma guerra travada contra os dias e o cansa\u00e7o, para ter acesso a universidade, pode ser contada pela trilha versificada de um poema:<\/p>\n\n\n\n<blockquote class=\"wp-block-quote\"><p>A educa\u00e7\u00e3o \u00e9 um alicerce<\/p><p>Ferrenhamente disputado<\/p><p>Por dias de estudo e de cansa\u00e7o<\/p><p>Poderia ser f\u00e1cil?<\/p><\/blockquote>\n\n\n\n<p><strong>N\u00e3o \u00e9 f\u00e1cil! Exatamente porque sabemos disso que estamos aqui para ajud\u00e1-lo. O <\/strong><a href=\"https:\/\/beduka.com\/\" target=\"_blank\" rel=\"noreferrer noopener\"><strong>Beduka <\/strong><\/a><strong>est\u00e1 constantemente criando mecanismos para auxili\u00e1-lo<\/strong> na aquisi\u00e7\u00e3o do conhecimento, de forma mais r\u00e1pida, eficiente e simplificada.<\/p>\n\n\n\n<p>Acesse nosso<a href=\"https:\/\/beduka.com\/blog\/dicas\/enem-dicas\/plano-de-estudos-gratuito\/\" target=\"_blank\" rel=\"noreferrer noopener\"><strong> plano de estudos<\/strong><\/a> e veja como estudar pode ser mais r\u00e1pido, pr\u00e1tico e prazeroso!&nbsp;<\/p>\n\n\n\n<p><strong>Isso \u00e9 poema:<\/strong> ritmo, palavras, verdade e sensibilidade.<\/p>\n\n\n\n<ul><li><strong>S\u00e3o mais de 200 resumos gratuitos no <\/strong><a href=\"https:\/\/www.instagram.com\/beduka_oficial\/\" target=\"_blank\" rel=\"noreferrer noopener\"><strong>Instagram do Beduka<\/strong><\/a><strong>. Aproveite!<\/strong><\/li><\/ul>\n\n\n\n<h2 class=\"wp-block-heading\" id=\"surgiram-os-poemas\">Como surgiram os poemas?<\/h2>\n\n\n\n<p><strong>O poema surgiu da necessidade inata do indiv\u00edduo de se expressar<\/strong>. Contar a outrem seus anseios, desejos e s\u00faplicas. Reverenciar her\u00f3is, narrar hist\u00f3rias atrav\u00e9s dos versos e da musicalidade.<\/p>\n\n\n\n<p><strong>Os precursores dos Poemas no mundo, foram os gregos, que escreviam ritmicamente para que depois esses escritos fossem lidos em pra\u00e7as p\u00fablicas.<\/strong><\/p>\n\n\n\n<p>Entre os s\u00e9culos VIII e IX a.C, a <a href=\"https:\/\/beduka.com\/blog\/exercicios\/historia-exercicios\/exercicios-sobre-grecia-antiga\/\" target=\"_blank\" rel=\"noreferrer noopener\">Antiga Gr\u00e9cia<\/a>, estava submersa no<strong> Per\u00edodo Hom\u00e9rico, referente ao Poeta Homero, escritor de Il\u00edada e Odisseia.<\/strong><\/p>\n\n\n\n<p><strong>Il\u00edada \u00e9 um t\u00edpico poema \u00c9pico que narra a guerra de Tr\u00f3ia.<\/strong> Assim como os poemas \u00e9picos eram fundamentais para que os gregos bradassem seus her\u00f3is, logo surgiria, no mesmo cen\u00e1rio, o poema l\u00edrico e o dram\u00e1tico.<\/p>\n\n\n\n<p>Como quase tudo era falado, o conhecimento era compilado aos demais atrav\u00e9s da fala, e a Lira (um instrumento de cordas) acompanhava esses eventos como trilha sonora.<\/p>\n\n\n\n<p>A origem do termo<strong> \u201cEu l\u00edrico\u201d<\/strong> presente nos poemas remete a esse tempo. \u00c0 subjetividade r\u00edtmica das palavras acompanhada de uma melodia misteriosamente chamativa ao fundo.<\/p>\n\n\n\n<p><strong>Assim, surgiu o poema:<\/strong> palavra + instrumento de corda, que deu origem \u00e0 atual palavra ritmada.<strong> Estrofes e versos, sejam estilisticamente fixos, sejam livres.<\/strong><\/p>\n\n\n\n<h2 class=\"wp-block-heading\" id=\"estruturas-do-poema\">Quais as estruturas do Poema?<\/h2>\n\n\n\n<p><strong>Um poema \u00e9 dividido em versos e estrofes, al\u00e9m de possuir diversos tipos de rima, <\/strong>mas n\u00e3o obrigatoriamente necessita desses elementos para ser considerado poema.<strong>&nbsp;<\/strong><\/p>\n\n\n\n<p>Ap\u00f3s o surgimento das <a rel=\"noreferrer noopener\" href=\"https:\/\/beduka.com\/blog\/materias\/literatura\/resumo-das-vanguardas-europeias\/\" target=\"_blank\"><strong>Vanguardas Europeias<\/strong><\/a><strong>,<\/strong> e da <strong>Semana de Arte Moderna no Brasil<\/strong>, <strong>as estruturas r\u00edgidas e as m\u00e9tricas perfeitas deram espa\u00e7o aos versos livres e a um antiacademicismo.&nbsp;<\/strong><\/p>\n\n\n\n<p>Isso foi basicamente <strong>a morte da palavra \u201climite\u201d<\/strong> da cria\u00e7\u00e3o po\u00e9tica.<\/p>\n\n\n\n<p><strong>Com isso, a liberdade no processo criativo garante uma infinidade de formas, ritmos e estruturas dadas a um poema.<\/strong> A maioria n\u00e3o \u00e9 catalogada. A liberdade inviabiliza que haja todas as defini\u00e7\u00f5es, contudo enriquece nosso acervo liter\u00e1rio.<\/p>\n\n\n\n<p><strong>A seguir veja estruturas universais do Poema:<\/strong><\/p>\n\n\n\n<h3 class=\"wp-block-heading\">Quais as m\u00e9tricas de um poema?<\/h3>\n\n\n\n<p><strong>As m\u00e9tricas de um poema s\u00e3o feitas a partir da contagem das s\u00edlabas po\u00e9ticas, que s\u00e3o as s\u00edlabas que constituem o verso de um poema<\/strong>. \u00c9 importante destacar, que nem sempre as s\u00edlabas po\u00e9ticas ir\u00e3o coincidir com a divis\u00e3o sil\u00e1bica gramatical.<\/p>\n\n\n\n<ul><li>Monoss\u00edlabo &#8211; verso que possui uma s\u00edlaba po\u00e9tica<\/li><li>Diss\u00edlabo &#8211; verso que possui duas s\u00edlabas po\u00e9ticas<\/li><li>Triss\u00edlabo &#8211; verso que possui tr\u00eas s\u00edlabas po\u00e9ticas<\/li><li>Tetrass\u00edlabo &#8211; verso que possui quatro s\u00edlabas po\u00e9ticas<\/li><li>Pentass\u00edlabo &#8211; verso que possui cinco s\u00edlabas po\u00e9ticas<\/li><li>Hexass\u00edlabo &#8211; verso que possui seis s\u00edlabas po\u00e9ticas<\/li><li>Heptass\u00edlabo &#8211; verso que possui sete s\u00edlabas po\u00e9ticas<\/li><li>Octoss\u00edlabo &#8211; verso que possui oito s\u00edlabas po\u00e9ticas<\/li><li>Eneass\u00edlabo &#8211; verso que possui nove s\u00edlabas po\u00e9ticas<\/li><li>Decass\u00edlabo &#8211; verso que possui dez s\u00edlabas po\u00e9ticas<\/li><li>Hendecass\u00edlabo &#8211; verso que possui onze s\u00edlabas po\u00e9ticas<\/li><li>Dodecass\u00edlabo &#8211; verso que possui doze s\u00edlabas po\u00e9ticas<\/li><\/ul>\n\n\n\n<p>Veja o exemplo com as s\u00edlabas po\u00e9ticas de um Cordel <strong>Heptass\u00edlabo<\/strong>:<\/p>\n\n\n\n<blockquote class=\"wp-block-quote\"><p>&#8220;Naquela noite as estrelas<\/p><p>com uma luz <strong>purpurina<\/strong><\/p><p>parecia iluminar<\/p><p>a mais escura <strong>campina<\/strong><\/p><p>transformando aquilo ali<\/p><p>numa miragem<strong> divina<\/strong>.&#8221;<\/p><\/blockquote>\n\n\n\n<p>Agora observe a divis\u00e3o sil\u00e1bica:<\/p>\n\n\n\n<blockquote class=\"wp-block-quote\"><p>Na\/ que\/ la\/ noi\/ teas\/ es\/ trelas =7<\/p><p>com u\/ ma\/ luz\/ pur\/ pu\/ rina = 7<\/p><p>pa\/ re\/ ci\/ ai\/ lu\/ mi\/ nar = 7<\/p><p>a\/ mais\/ es\/ cu\/ ra\/ cam\/ pina = 7<\/p><p>trans\/ for\/ man\/ doa\/ qui\/ loa\/ li = 7<\/p><p>nu\/ ma\/ mi\/ ra\/ gem\/ di\/ vina = 7<\/p><\/blockquote>\n\n\n\n<p>Como a contagem diverge da contagem sil\u00e1bica tradicional, h\u00e1 duas condi\u00e7\u00f5es essenciais que voc\u00ea precisa saber para facilitar e n\u00e3o errar em uma quest\u00e3o do Enem, s\u00e3o as seguintes:<\/p>\n\n\n\n<ul><li>S\u00f3 se conta at\u00e9 a \u00faltima s\u00edlaba t\u00f4nica&nbsp;<\/li><li>Vogal n\u00e3o forma s\u00edlaba po\u00e9tica sozinha.&nbsp;<\/li><\/ul>\n\n\n\n<h3 class=\"wp-block-heading\">O que s\u00e3o os versos de um poema?<\/h3>\n\n\n\n<p>Pode ser considerado o alicerce que comp\u00f5e a estrofe, isto \u00e9, frases encadeadas. Podem ser:<\/p>\n\n\n\n<ul><li><strong>regulares<\/strong>: com m\u00e9trica e rima;<\/li><li><strong>brancos<\/strong>: com m\u00e9trica e sem rima;<\/li><li><strong>livres<\/strong>: sem m\u00e9trica e sem rima.<\/li><\/ul>\n\n\n\n<p><strong>Veja a estrofe abaixo composta por 4 versos, simplificando, 4 frases:<\/strong><\/p>\n\n\n\n<p><strong>&nbsp;&nbsp;&nbsp;&nbsp;&nbsp;&nbsp;&nbsp;&nbsp;&nbsp;&nbsp;&nbsp;&nbsp;&nbsp;&nbsp;&nbsp;&nbsp;&nbsp;&nbsp;&nbsp;&nbsp;&nbsp;&nbsp;&nbsp;&nbsp;&nbsp;&nbsp;&nbsp;&nbsp;&nbsp;&nbsp;&nbsp;&nbsp;&nbsp;&nbsp;&nbsp;&nbsp;&nbsp;&nbsp;&nbsp;&nbsp;&nbsp;&nbsp;&nbsp;&nbsp;&nbsp;Vandalismo (Augusto dos Anjos)<\/strong><\/p>\n\n\n\n<blockquote class=\"wp-block-quote\"><p><em>Meu cora\u00e7\u00e3o tem catedrais imensas,<\/em><\/p><p><em>Templos de priscas e long\u00ednquas datas,<\/em><\/p><p><em>Onde um nume de amor, em serenatas,<\/em><\/p><p><em>Canta a aleluia virginal das cren\u00e7as.<\/em><\/p><\/blockquote>\n\n\n\n<h3 class=\"wp-block-heading\">O que s\u00e3o as estrofes de um poema?<\/h3>\n\n\n\n<p><strong>Estrofe \u00e9 cada parte do poema composta por versos. Podem ser:<\/strong><\/p>\n\n\n\n<ul><li>mon\u00f3stico &#8211; estrofe com um verso<\/li><li>d\u00edstico: dois versos;<\/li><li>terceto: tr\u00eas versos;<\/li><li>quadra ou quarteto: quatro versos;<\/li><li>quinteto ou quintilha: cinco versos;<\/li><li>sexteto ou sextilha: seis versos;<\/li><li>s\u00e9tima ou septilha: sete versos;<\/li><li>oitava: oito versos;<\/li><li>novena ou nona: nove versos;<\/li><li>d\u00e9cima: dez versos.<\/li><\/ul>\n\n\n\n<p><strong>Observe o Poeminho do Contra, de M\u00e1rio Quintana, composto por uma \u00fanica estrofe:<\/strong><\/p>\n\n\n\n<p><strong>Poeminho do Contra<\/strong><\/p>\n\n\n\n<blockquote class=\"wp-block-quote\"><p>Todos esses que a\u00ed est\u00e3o<\/p><p>Atravancando meu caminho,<\/p><p>Eles passar\u00e3o\u2026<\/p><p>Eu passarinho!<\/p><\/blockquote>\n\n\n\n<p><strong>A seguir observe duas estrofes do poema intitulado Os Poemas, tamb\u00e9m de M\u00e1rio Quintana:<\/strong><\/p>\n\n\n\n<blockquote class=\"wp-block-quote\"><p><strong>Os Poemas<\/strong><\/p><p>Os poemas s\u00e3o p\u00e1ssaros que chegam<\/p><p>n\u00e3o se sabe de onde e pousam<\/p><p>no livro que l\u00eas.<\/p><p>*******************************************************<\/p><p>Quando fechas o livro, eles al\u00e7am voo<\/p><p>como de um al\u00e7ap\u00e3o.<\/p><p>Eles n\u00e3o t\u00eam pouso<\/p><p>nem porto<\/p><p>alimentam-se um instante em cada par de m\u00e3os<\/p><p>e partem. E olhas, ent\u00e3o, essas tuas m\u00e3os vazias,<\/p><p>no maravilhado espanto de saberes<\/p><p>que o alimento deles j\u00e1 estava em ti\u2026<\/p><\/blockquote>\n\n\n\n<p><strong>O asterisco separa as duas estrofes<\/strong>, a primeira composta por tr\u00eas versos e a segunda composta por 8 versos.&nbsp;<\/p>\n\n\n\n<h3 class=\"wp-block-heading\">O que s\u00e3o as rimas?<\/h3>\n\n\n\n<ul><li>rica: entre palavras de diferentes classes gramaticais;<\/li><li>pobre: entre palavras com a mesma classe gramatical;<\/li><li>externa: ocorre no final dos versos;<\/li><li>interna: rima entre a palavra final de um verso e outra do interior do verso seguinte;<\/li><li>emparelhada: AABB;<\/li><li>alternada ou cruzada: ABAB;<\/li><li>interpolada ou oposta: ABBA;<\/li><li>mista: variados tipos de combina\u00e7\u00e3o.<\/li><li>aguda: entre palavras ox\u00edtonas, ou monoss\u00edlabas t\u00f4nicas;<\/li><li>grave: entre palavras parox\u00edtonas;<\/li><li>esdr\u00faxula: entre proparox\u00edtonas;<\/li><li>perfeita: igualdade total entre sons voc\u00e1licos e consonantais;<\/li><li>imperfeita: semelhan\u00e7a parcial de sons.<\/li><\/ul>\n\n\n\n<h2 class=\"wp-block-heading\" id=\"7-caracter\u00edsticas\">Quais as 7 caracter\u00edsticas gerais do Poema?<\/h2>\n\n\n\n<ul><li>Musicalidade<\/li><li>Versos<\/li><li>Estrofes<\/li><li>Rima<\/li><li>Ritmo<\/li><li>Linguagem Figurada<\/li><li>Liberdade criacional&nbsp;<\/li><\/ul>\n\n\n\n<h2 class=\"wp-block-heading\" id=\"tipos-de-poemas\">Quais s\u00e3o os tipos de Poemas?&nbsp;<\/h2>\n\n\n\n<h3 class=\"wp-block-heading\">1- Poemas L\u00edricos<\/h3>\n\n\n\n<p><strong>Voc\u00ea sabe o que \u00e9 Lira? <\/strong>Lira \u00e9 um instrumento musical de cordas muito utilizado na antiguidade.&nbsp;<\/p>\n\n\n\n<p><strong>Os escritos eram feitos com o intuito principal de serem declamados.<\/strong> O som dos instrumentos acompanhavam as vozes, trazendo musicalidade \u00e0 palavra escrita.<\/p>\n\n\n\n<p><strong>O poema l\u00edrico pode ser considerado uma express\u00e3o sublime da subjetividade.<\/strong> As emo\u00e7\u00f5es, os anseios, as ideias, <strong>tudo aquilo que \u00e9 intr\u00ednseco. <\/strong>A alma da voz e a palavra no sentido mais figurado em detrimento a <a href=\"https:\/\/beduka.com\/blog\/materias\/filosofia\/o-que-e-logica\/\">l\u00f3gica<\/a>.<\/p>\n\n\n\n<blockquote class=\"wp-block-quote\"><p><strong>Acalanto ( Mill\u00f4r Fernandes)<\/strong><\/p><p>Deita, filho<\/p><p>E constr\u00f3i teu sono<\/p><p>O medo j\u00e1 vem<\/p><p>Fecha os olhos dos ouvidos<\/p><p>Faz escuro aos ru\u00eddos<\/p><p>Amortece o brilho desse som.<\/p><p>A ang\u00fastia gira muda<\/p><p>No longplei sem sulcos<\/p><p>Da noite sem ins\u00f4nia<\/p><p>Dorme filho<\/p><p>Faz sil\u00eancio na Amaz\u00f4nia.<\/p><\/blockquote>\n\n\n\n<h3 class=\"wp-block-heading\">2- Poemas Dram\u00e1ticos<\/h3>\n\n\n\n<p><strong>O Drama faz parte da vida, ou ser\u00e1 que a vida faz parte de um Drama?<\/strong><\/p>\n\n\n\n<p>Como voc\u00ea recitaria o seu dia? \u00c1rduo ou Esplendoroso? Din\u00e2mico ou Tedioso?&nbsp;<\/p>\n\n\n\n<p>Semelhante a um mon\u00f3logo, h\u00e1 uma narrativa, por\u00e9m <strong>o poema dram\u00e1tico subverte o narrador a pr\u00f3prio personagem. <\/strong>Isso o leva a conter caracter\u00edsticas \u00e9picas e l\u00edricas.<\/p>\n\n\n\n<p>Observe o trecho de<strong> Morte e Vida Severina, de Jo\u00e3o Cabral de Melo Neto:<\/strong><\/p>\n\n\n\n<blockquote class=\"wp-block-quote\"><p>\u2014 O meu nome \u00e9 Severino,<\/p><p>n\u00e3o tenho outro de pia.<\/p><p>Como h\u00e1 muitos Severinos,<\/p><p>que \u00e9 santo de romaria,<\/p><p>deram ent\u00e3o de me chamar<\/p><p>Severino de Maria;<\/p><p>como h\u00e1 muitos Severinos<\/p><p>com m\u00e3es chamadas Maria,<\/p><p>fiquei sendo o da Maria<\/p><p>do finado Zacarias.<\/p><p>Mas isso ainda diz pouco:<\/p><p>h\u00e1 muitos na freguesia,<\/p><p>por causa de um coronel<\/p><p>que se chamou Zacarias<\/p><p>e que foi o mais antigo<\/p><p>senhor desta sesmaria.<\/p><p>[&#8230;]<\/p><\/blockquote>\n\n\n\n<h3 class=\"wp-block-heading\">3- Poemas \u00c9picos<\/h3>\n\n\n\n<p>O ser humano \u00e9 especialista em criar her\u00f3is. Verdadeiros ou falsos.&nbsp; Odiados ou aclamados.&nbsp; Podemos menosprez\u00e1-los, ou reverenci\u00e1-los. <strong>Apenas uma coisa n\u00e3o devemos fazer: <\/strong>Neg\u00e1-los.<strong>&nbsp;<\/strong><\/p>\n\n\n\n<p>Portanto, voc\u00ea sabe que nossas ancestralidades s\u00e3o repletas de narrativas her\u00f3icas, mitol\u00f3gicas e lend\u00e1rias. E \u00e9 justamente a isso a que se referem os <strong>Poemas \u00c9picos.<\/strong><\/p>\n\n\n\n<p><strong>Eles nos permitem ler determinado contexto da hist\u00f3ria, seus costumes, indaga\u00e7\u00f5es e poss\u00edveis explica\u00e7\u00f5es.<\/strong><\/p>\n\n\n\n<p>A exalta\u00e7\u00e3o de um her\u00f3i e seus feitos simboliza a necessidade humana de prote\u00e7\u00e3o e resposta<strong>. A primeira epopeia da qual se tem registro \u00e9 Il\u00edada e Odisseia, do poeta grego Homero.<\/strong> Exemplo:<\/p>\n\n\n\n<p><strong>Odisseia<\/strong><\/p>\n\n\n\n<blockquote class=\"wp-block-quote\"><p>&#8220;Canta, \u00f3 Musa, o var\u00e3o que astucioso,<\/p><p>Rasa \u00cdlion santa, errou de clima em clima,<\/p><p>Viu de muitas na\u00e7\u00f5es costumes v\u00e1rios.<\/p><p>Mil transes padeceu no equ\u00f3reo ponto,<\/p><p>Por segurar a vida e aos seus a volta;<\/p><p>Baldo af\u00e3! pereceram, tendo insanos<\/p><p>Ao claro Hiperi\u00f4nio os bois comido,<\/p><p>Que n\u00e3o quis para a p\u00e1tria alumi\u00e1-los.<\/p><p>Tudo, \u00f3 prole Dial, me aponta e lembra.&#8221;<\/p><\/blockquote>\n\n\n\n<h2 class=\"wp-block-heading\" id=\"5-poemas\">Os 5 poemas mais famosos da Literatura Brasileira<\/h2>\n\n\n\n<h3 class=\"wp-block-heading\">1- Vou-me Embora pra Pas\u00e1rgada (Manuel Bandeira, 1930)<\/h3>\n\n\n\n<p>Vou-me embora pra Pas\u00e1rgada<\/p>\n\n\n\n<p>L\u00e1 sou amigo do rei<\/p>\n\n\n\n<p>L\u00e1 tenho a mulher que eu quero<\/p>\n\n\n\n<p>Na cama que escolherei<\/p>\n\n\n\n<p>Vou-me embora pra Pas\u00e1rgada<\/p>\n\n\n\n<p>Vou-me embora pra Pas\u00e1rgada<\/p>\n\n\n\n<p>Aqui eu n\u00e3o sou feliz<\/p>\n\n\n\n<p>L\u00e1 a exist\u00eancia \u00e9 uma aventura<\/p>\n\n\n\n<p>De tal modo inconseq\u00fcente<\/p>\n\n\n\n<p>Que Joana a Louca de Espanha<\/p>\n\n\n\n<p>Rainha e falsa demente<\/p>\n\n\n\n<p>Vem a ser contraparente<\/p>\n\n\n\n<p>Da nora que nunca tive<\/p>\n\n\n\n<p>E como farei gin\u00e1stica<\/p>\n\n\n\n<p>Andarei de bicicleta<\/p>\n\n\n\n<p>Montarei em burro brabo<\/p>\n\n\n\n<p>Subirei no pau-de-sebo<\/p>\n\n\n\n<p>Tomarei banhos de mar!<\/p>\n\n\n\n<p>E quando estiver cansado<\/p>\n\n\n\n<p>Deito na beira do rio<\/p>\n\n\n\n<p>Mando chamar a m\u00e3e-d\u2019\u00e1gua<\/p>\n\n\n\n<p>Pra me contar as hist\u00f3rias<\/p>\n\n\n\n<p>Que no tempo de eu menino<\/p>\n\n\n\n<p>Rosa vinha me contar<\/p>\n\n\n\n<p>Vou-me embora pra Pas\u00e1rgada<\/p>\n\n\n\n<p>Em Pas\u00e1rgada tem tudo<\/p>\n\n\n\n<p>\u00c9 outra civiliza\u00e7\u00e3o<\/p>\n\n\n\n<p>Tem um processo seguro<\/p>\n\n\n\n<p>De impedir a concep\u00e7\u00e3o<\/p>\n\n\n\n<p>Tem telefone autom\u00e1tico<\/p>\n\n\n\n<p>Tem alcaloide \u00e0 vontade<\/p>\n\n\n\n<p>Tem prostitutas bonitas<\/p>\n\n\n\n<p>Para a gente namorar<\/p>\n\n\n\n<p>E quando eu estiver mais triste<\/p>\n\n\n\n<p>Mas triste de n\u00e3o ter jeito<\/p>\n\n\n\n<p>Quando de noite me der<\/p>\n\n\n\n<p>Vontade de me matar<\/p>\n\n\n\n<p>\u2014 L\u00e1 sou amigo do rei \u2014<\/p>\n\n\n\n<p>Terei a mulher que eu quero<\/p>\n\n\n\n<p>Na cama que escolherei<\/p>\n\n\n\n<p>Vou-me embora pra Pas\u00e1rgada.<\/p>\n\n\n\n<h3 class=\"wp-block-heading\">2- Can\u00e7\u00e3o do Ex\u00edlio (Gon\u00e7alves Dias, 1943)<\/h3>\n\n\n\n<p>Minha terra tem palmeiras,<\/p>\n\n\n\n<p>Onde canta o Sabi\u00e1;<\/p>\n\n\n\n<p>As aves, que aqui gorjeiam,<\/p>\n\n\n\n<p>N\u00e3o gorjeiam como l\u00e1.<\/p>\n\n\n\n<p>Nosso c\u00e9u tem mais estrelas,<\/p>\n\n\n\n<p>Nossas v\u00e1rzeas t\u00eam mais flores,<\/p>\n\n\n\n<p>Nossos bosques t\u00eam mais vida,<\/p>\n\n\n\n<p>Nossa vida mais amores.<\/p>\n\n\n\n<p>Em cismar, sozinho, \u00e0 noite,<\/p>\n\n\n\n<p>Mais prazer encontro eu l\u00e1;<\/p>\n\n\n\n<p>Minha terra tem palmeiras,<\/p>\n\n\n\n<p>Onde canta o Sabi\u00e1.<\/p>\n\n\n\n<p>Minha terra tem primores,<\/p>\n\n\n\n<p>Que tais n\u00e3o encontro eu c\u00e1;<\/p>\n\n\n\n<p>Em cismar \u2014 sozinho, \u00e0 noite \u2014<\/p>\n\n\n\n<p>Mais prazer encontro eu l\u00e1;<\/p>\n\n\n\n<p>Minha terra tem palmeiras,<\/p>\n\n\n\n<p>Onde canta o Sabi\u00e1.<\/p>\n\n\n\n<p>N\u00e3o permita Deus que eu morra,<\/p>\n\n\n\n<p>Sem que eu volte para l\u00e1;<\/p>\n\n\n\n<p>Sem que desfrute os primores<\/p>\n\n\n\n<p>Que n\u00e3o encontro por c\u00e1;<\/p>\n\n\n\n<p>Sem qu\u2019inda aviste as palmeiras,<\/p>\n\n\n\n<p>Onde canta o Sabi\u00e1.<\/p>\n\n\n\n<h3 class=\"wp-block-heading\">3- Soneto da Fidelidade (Vin\u00edcius de Moraes, 1939)<\/h3>\n\n\n\n<p>De tudo, ao meu amor serei atento<\/p>\n\n\n\n<p>Antes, e com tal zelo, e sempre, e tanto<\/p>\n\n\n\n<p>Que mesmo em face do maior encanto<\/p>\n\n\n\n<p>Dele se encante mais meu pensamento.<\/p>\n\n\n\n<p>Quero viv\u00ea-lo em cada v\u00e3o momento<\/p>\n\n\n\n<p>E em louvor hei de espalhar meu canto<\/p>\n\n\n\n<p>E rir meu riso e derramar meu pranto<\/p>\n\n\n\n<p>Ao seu pesar ou seu contentamento.<\/p>\n\n\n\n<p>E assim, quando mais tarde me procure<\/p>\n\n\n\n<p>Quem sabe a morte, ang\u00fastia de quem vive<\/p>\n\n\n\n<p>Quem sabe a solid\u00e3o, fim de quem ama<\/p>\n\n\n\n<p>Eu possa me dizer do amor (que tive):<\/p>\n\n\n\n<p>Que n\u00e3o seja imortal, posto que \u00e9 chama<\/p>\n\n\n\n<p>Mas que seja infinito enquanto dure.<\/p>\n\n\n\n<h3 class=\"wp-block-heading\">4- No Meio do Caminho (Carlos Drummond de Andrade, 1928)<\/h3>\n\n\n\n<p>No meio do caminho tinha uma pedra<\/p>\n\n\n\n<p>tinha uma pedra no meio do caminho<\/p>\n\n\n\n<p>tinha uma pedra<\/p>\n\n\n\n<p>no meio do caminho tinha uma pedra.<\/p>\n\n\n\n<p>Nunca me esquecerei desse acontecimento<\/p>\n\n\n\n<p>na vida de minhas retinas t\u00e3o fatigadas.<\/p>\n\n\n\n<p>Nunca me esquecerei que no meio do caminho<\/p>\n\n\n\n<p>tinha uma pedra<\/p>\n\n\n\n<p>tinha uma pedra no meio do caminho<\/p>\n\n\n\n<p>no meio do caminho tinha uma pedra.<\/p>\n\n\n\n<h3 class=\"wp-block-heading\">5- Retrato (Cec\u00edlia Meireles, 1939)<\/h3>\n\n\n\n<p>Eu n\u00e3o tinha este rosto de hoje,<\/p>\n\n\n\n<p>Assim calmo, assim triste, assim magro,<\/p>\n\n\n\n<p>Nem estes olhos t\u00e3o vazios,<\/p>\n\n\n\n<p>Nem o l\u00e1bio amargo.<\/p>\n\n\n\n<p>Eu n\u00e3o tinha estas m\u00e3os sem for\u00e7a,<\/p>\n\n\n\n<p>T\u00e3o paradas e frias e mortas;<\/p>\n\n\n\n<p>Eu n\u00e3o tinha este cora\u00e7\u00e3o<\/p>\n\n\n\n<p>Que nem se mostra.<\/p>\n\n\n\n<p>Eu n\u00e3o dei por esta mudan\u00e7a,<\/p>\n\n\n\n<p>T\u00e3o simples, t\u00e3o certa, t\u00e3o f\u00e1cil:<\/p>\n\n\n\n<p>\u2014 Em que espelho ficou perdida<\/p>\n\n\n\n<p>a minha face?<\/p>\n\n\n\n<ul><li><strong>Conhe\u00e7a o nosso <\/strong><a href=\"https:\/\/beduka.com\/blog\/materias\/redacao\/redacao-dissertativa-argumentativa\/\" target=\"_blank\" rel=\"noreferrer noopener\"><strong>Guia da Reda\u00e7\u00e3o<\/strong><\/a><strong> para se sair bem nas provas!<\/strong><\/li><\/ul>\n\n\n\n<p><strong>Gostou do nosso artigo sobre o que \u00e9 poema?<\/strong> Confira outros artigos do nosso blog e se prepare para o Enem da melhor maneira! Voc\u00ea tamb\u00e9m pode se organizar com o nosso <a href=\"https:\/\/beduka.com\/blog\/dicas\/enem-dicas\/plano-de-estudos-gratuito\/\" target=\"_blank\" rel=\"noreferrer noopener\">plano de estudos<\/a>, o mais completo da internet, e o melhor: totalmente gratuito!<\/p>\n\n\n\n<p><strong>Queremos te ajudar a encontrar a FACULDADE IDEAL!<\/strong> Logo abaixo, fa\u00e7a uma pesquisa por curso e cidade que te mostraremos todas as faculdades que podem te atender. Informamos a nota de corte, valor de mensalidade, nota do MEC, avalia\u00e7\u00e3o dos alunos, modalidades de ensino e muito mais.<\/p>\n\n\n\n<p><strong>Experimente agora!<\/strong><\/p>\n","protected":false},"excerpt":{"rendered":"<p> Poema \u00e9 um g\u00eanero textual origin\u00e1rio da Gr\u00e9cia Antiga, composto por versos e estrofes. Os poemas s\u00e3o de extrema import\u00e2ncia para a literatura e muito cobrados em vestibulares. Quer entender melhor sobre eles?  Leia o artigo..<\/p>\n","protected":false},"author":20,"featured_media":22356,"comment_status":"open","ping_status":"closed","sticky":false,"template":"","format":"standard","meta":{"_mi_skip_tracking":false,"_monsterinsights_sitenote_active":false,"_monsterinsights_sitenote_note":"","_monsterinsights_sitenote_category":0},"categories":[489],"tags":[],"yoast_head":"<!-- This site is optimized with the Yoast SEO plugin v20.10 - https:\/\/yoast.com\/wordpress\/plugins\/seo\/ -->\n<title>O que \u00e9 Poema? Tipos, caracter\u00edsticas e exemplos.<\/title>\n<meta name=\"description\" content=\"Poema \u00e9 um g\u00eanero textual origin\u00e1rio da Gr\u00e9cia Antiga, composto por versos e estrofes. Os poemas s\u00e3o de extrema import\u00e2ncia para a literatura e muito cobrados em vestibulares. Quer entender melhor sobre eles? Leia o artigo..\" \/>\n<meta name=\"robots\" content=\"index, follow, max-snippet:-1, max-image-preview:large, max-video-preview:-1\" \/>\n<link rel=\"canonical\" href=\"https:\/\/beduka.com\/blog\/materias\/literatura\/o-que-e-poema\/\" \/>\n<meta property=\"og:locale\" content=\"pt_BR\" \/>\n<meta property=\"og:type\" content=\"article\" \/>\n<meta property=\"og:title\" content=\"O que \u00e9 Poema? Tipos, caracter\u00edsticas e exemplos.\" \/>\n<meta property=\"og:description\" content=\"Poema \u00e9 um g\u00eanero textual origin\u00e1rio da Gr\u00e9cia Antiga, composto por versos e estrofes. Os poemas s\u00e3o de extrema import\u00e2ncia para a literatura e muito cobrados em vestibulares. Quer entender melhor sobre eles? Leia o artigo..\" \/>\n<meta property=\"og:url\" content=\"https:\/\/beduka.com\/blog\/materias\/literatura\/o-que-e-poema\/\" \/>\n<meta property=\"og:site_name\" content=\"Blog do Beduka | Mat\u00e9rias resumidas, Dicas e Exerc\u00edcios Enem\" \/>\n<meta property=\"article:publisher\" content=\"https:\/\/www.facebook.com\/beduka.buscadordefaculdades\/\" \/>\n<meta property=\"article:author\" content=\"https:\/\/www.facebook.com\/beduka.buscadordefaculdades\" \/>\n<meta property=\"article:published_time\" content=\"2021-07-27T19:59:55+00:00\" \/>\n<meta property=\"article:modified_time\" content=\"2023-04-03T12:36:19+00:00\" \/>\n<meta property=\"og:image\" content=\"https:\/\/beduka.com\/blog\/wp-content\/uploads\/2021\/07\/O-que-e-Poema-Tipos-caracteristicas-e-exemplos.jpg\" \/>\n\t<meta property=\"og:image:width\" content=\"609\" \/>\n\t<meta property=\"og:image:height\" content=\"342\" \/>\n\t<meta property=\"og:image:type\" content=\"image\/jpeg\" \/>\n<meta name=\"author\" content=\"Reda\u00e7\u00e3o Beduka\" \/>\n<meta name=\"twitter:card\" content=\"summary_large_image\" \/>\n<meta name=\"twitter:label1\" content=\"Escrito por\" \/>\n\t<meta name=\"twitter:data1\" content=\"Reda\u00e7\u00e3o Beduka\" \/>\n\t<meta name=\"twitter:label2\" content=\"Est. tempo de leitura\" \/>\n\t<meta name=\"twitter:data2\" content=\"13 minutos\" \/>\n<script type=\"application\/ld+json\" class=\"yoast-schema-graph\">{\"@context\":\"https:\/\/schema.org\",\"@graph\":[{\"@type\":\"Article\",\"@id\":\"https:\/\/beduka.com\/blog\/materias\/literatura\/o-que-e-poema\/#article\",\"isPartOf\":{\"@id\":\"https:\/\/beduka.com\/blog\/materias\/literatura\/o-que-e-poema\/\"},\"author\":{\"name\":\"Reda\u00e7\u00e3o Beduka\",\"@id\":\"https:\/\/beduka.com\/blog\/#\/schema\/person\/6663b033dafd59fc30595515af1715a6\"},\"headline\":\"O que \u00e9 Poema? Tipos, caracter\u00edsticas e exemplos.\",\"datePublished\":\"2021-07-27T19:59:55+00:00\",\"dateModified\":\"2023-04-03T12:36:19+00:00\",\"mainEntityOfPage\":{\"@id\":\"https:\/\/beduka.com\/blog\/materias\/literatura\/o-que-e-poema\/\"},\"wordCount\":2703,\"commentCount\":0,\"publisher\":{\"@id\":\"https:\/\/beduka.com\/blog\/#organization\"},\"articleSection\":[\"Literatura\"],\"inLanguage\":\"pt-BR\",\"potentialAction\":[{\"@type\":\"CommentAction\",\"name\":\"Comment\",\"target\":[\"https:\/\/beduka.com\/blog\/materias\/literatura\/o-que-e-poema\/#respond\"]}]},{\"@type\":\"WebPage\",\"@id\":\"https:\/\/beduka.com\/blog\/materias\/literatura\/o-que-e-poema\/\",\"url\":\"https:\/\/beduka.com\/blog\/materias\/literatura\/o-que-e-poema\/\",\"name\":\"O que \u00e9 Poema? Tipos, caracter\u00edsticas e exemplos.\",\"isPartOf\":{\"@id\":\"https:\/\/beduka.com\/blog\/#website\"},\"datePublished\":\"2021-07-27T19:59:55+00:00\",\"dateModified\":\"2023-04-03T12:36:19+00:00\",\"description\":\"Poema \u00e9 um g\u00eanero textual origin\u00e1rio da Gr\u00e9cia Antiga, composto por versos e estrofes. Os poemas s\u00e3o de extrema import\u00e2ncia para a literatura e muito cobrados em vestibulares. Quer entender melhor sobre eles? Leia o artigo..\",\"breadcrumb\":{\"@id\":\"https:\/\/beduka.com\/blog\/materias\/literatura\/o-que-e-poema\/#breadcrumb\"},\"inLanguage\":\"pt-BR\",\"potentialAction\":[{\"@type\":\"ReadAction\",\"target\":[\"https:\/\/beduka.com\/blog\/materias\/literatura\/o-que-e-poema\/\"]}]},{\"@type\":\"BreadcrumbList\",\"@id\":\"https:\/\/beduka.com\/blog\/materias\/literatura\/o-que-e-poema\/#breadcrumb\",\"itemListElement\":[{\"@type\":\"ListItem\",\"position\":1,\"name\":\"Home\",\"item\":\"https:\/\/beduka.com\/blog\/\"},{\"@type\":\"ListItem\",\"position\":2,\"name\":\"O que \u00e9 Poema? Tipos, caracter\u00edsticas e exemplos.\"}]},{\"@type\":\"WebSite\",\"@id\":\"https:\/\/beduka.com\/blog\/#website\",\"url\":\"https:\/\/beduka.com\/blog\/\",\"name\":\"Blog do Beduka | Mat\u00e9rias resumidas, Dicas e Exerc\u00edcios Enem\",\"description\":\"O Blog do Beduka tem os conte\u00fados que mais caem no Enem, exerc\u00edcios de vestibular com gabarito, resumos, dicas e informa\u00e7\u00f5es Sisu, Prouni e Fies.Encontre dicas para o ENEM, resumos, exerc\u00edcios e informa\u00e7\u00f5es sobre os vestibulares. Acesse agora!\",\"publisher\":{\"@id\":\"https:\/\/beduka.com\/blog\/#organization\"},\"potentialAction\":[{\"@type\":\"SearchAction\",\"target\":{\"@type\":\"EntryPoint\",\"urlTemplate\":\"https:\/\/beduka.com\/blog\/?s={search_term_string}\"},\"query-input\":\"required name=search_term_string\"}],\"inLanguage\":\"pt-BR\"},{\"@type\":\"Organization\",\"@id\":\"https:\/\/beduka.com\/blog\/#organization\",\"name\":\"Beduka\",\"url\":\"https:\/\/beduka.com\/blog\/\",\"logo\":{\"@type\":\"ImageObject\",\"inLanguage\":\"pt-BR\",\"@id\":\"https:\/\/beduka.com\/blog\/#\/schema\/logo\/image\/\",\"url\":\"https:\/\/beduka.com\/blog\/wp-content\/uploads\/2020\/06\/marca-beduka.png\",\"contentUrl\":\"https:\/\/beduka.com\/blog\/wp-content\/uploads\/2020\/06\/marca-beduka.png\",\"width\":1077,\"height\":368,\"caption\":\"Beduka\"},\"image\":{\"@id\":\"https:\/\/beduka.com\/blog\/#\/schema\/logo\/image\/\"},\"sameAs\":[\"https:\/\/www.facebook.com\/beduka.buscadordefaculdades\/\",\"https:\/\/www.instagram.com\/beduka_oficial\/\",\"https:\/\/www.linkedin.com\/company\/beduka\",\"https:\/\/br.pinterest.com\/bedukaoficial\/\",\"https:\/\/www.youtube.com\/beduka\"]},{\"@type\":\"Person\",\"@id\":\"https:\/\/beduka.com\/blog\/#\/schema\/person\/6663b033dafd59fc30595515af1715a6\",\"name\":\"Reda\u00e7\u00e3o Beduka\",\"image\":{\"@type\":\"ImageObject\",\"inLanguage\":\"pt-BR\",\"@id\":\"https:\/\/beduka.com\/blog\/#\/schema\/person\/image\/\",\"url\":\"https:\/\/secure.gravatar.com\/avatar\/6adaee42d8e8225567b5dc097972091b?s=96&d=mm&r=g\",\"contentUrl\":\"https:\/\/secure.gravatar.com\/avatar\/6adaee42d8e8225567b5dc097972091b?s=96&d=mm&r=g\",\"caption\":\"Reda\u00e7\u00e3o Beduka\"},\"description\":\"Este conte\u00fado foi criado e validado por uma equipe multidisciplinar, formada por especialistas em cada \u00e1rea do conhecimento. O Beduka est\u00e1 presente no Instagram, YouTube, LinkedIn e em diversos outros ambientes digitais. O site foi criado em 2017 e, desde a sua funda\u00e7\u00e3o, atua para fornecer materiais de qualidade para facilitar a vida de estudantes de todo o Brasil, ajudando-os a se preparar para os principais vestibulares e o Enem.\",\"sameAs\":[\"https:\/\/www.facebook.com\/beduka.buscadordefaculdades\",\"https:\/\/www.instagram.com\/beduka_oficial\/\",\"https:\/\/br.pinterest.com\/bedukaoficial\/\"],\"url\":\"https:\/\/beduka.com\/blog\/author\/alessandra\/\"}]}<\/script>\n<!-- \/ Yoast SEO plugin. -->","yoast_head_json":{"title":"O que \u00e9 Poema? Tipos, caracter\u00edsticas e exemplos.","description":"Poema \u00e9 um g\u00eanero textual origin\u00e1rio da Gr\u00e9cia Antiga, composto por versos e estrofes. Os poemas s\u00e3o de extrema import\u00e2ncia para a literatura e muito cobrados em vestibulares. Quer entender melhor sobre eles? Leia o artigo..","robots":{"index":"index","follow":"follow","max-snippet":"max-snippet:-1","max-image-preview":"max-image-preview:large","max-video-preview":"max-video-preview:-1"},"canonical":"https:\/\/beduka.com\/blog\/materias\/literatura\/o-que-e-poema\/","og_locale":"pt_BR","og_type":"article","og_title":"O que \u00e9 Poema? Tipos, caracter\u00edsticas e exemplos.","og_description":"Poema \u00e9 um g\u00eanero textual origin\u00e1rio da Gr\u00e9cia Antiga, composto por versos e estrofes. Os poemas s\u00e3o de extrema import\u00e2ncia para a literatura e muito cobrados em vestibulares. Quer entender melhor sobre eles? Leia o artigo..","og_url":"https:\/\/beduka.com\/blog\/materias\/literatura\/o-que-e-poema\/","og_site_name":"Blog do Beduka | Mat\u00e9rias resumidas, Dicas e Exerc\u00edcios Enem","article_publisher":"https:\/\/www.facebook.com\/beduka.buscadordefaculdades\/","article_author":"https:\/\/www.facebook.com\/beduka.buscadordefaculdades","article_published_time":"2021-07-27T19:59:55+00:00","article_modified_time":"2023-04-03T12:36:19+00:00","og_image":[{"width":609,"height":342,"url":"https:\/\/beduka.com\/blog\/wp-content\/uploads\/2021\/07\/O-que-e-Poema-Tipos-caracteristicas-e-exemplos.jpg","type":"image\/jpeg"}],"author":"Reda\u00e7\u00e3o Beduka","twitter_card":"summary_large_image","twitter_misc":{"Escrito por":"Reda\u00e7\u00e3o Beduka","Est. tempo de leitura":"13 minutos"},"schema":{"@context":"https:\/\/schema.org","@graph":[{"@type":"Article","@id":"https:\/\/beduka.com\/blog\/materias\/literatura\/o-que-e-poema\/#article","isPartOf":{"@id":"https:\/\/beduka.com\/blog\/materias\/literatura\/o-que-e-poema\/"},"author":{"name":"Reda\u00e7\u00e3o Beduka","@id":"https:\/\/beduka.com\/blog\/#\/schema\/person\/6663b033dafd59fc30595515af1715a6"},"headline":"O que \u00e9 Poema? Tipos, caracter\u00edsticas e exemplos.","datePublished":"2021-07-27T19:59:55+00:00","dateModified":"2023-04-03T12:36:19+00:00","mainEntityOfPage":{"@id":"https:\/\/beduka.com\/blog\/materias\/literatura\/o-que-e-poema\/"},"wordCount":2703,"commentCount":0,"publisher":{"@id":"https:\/\/beduka.com\/blog\/#organization"},"articleSection":["Literatura"],"inLanguage":"pt-BR","potentialAction":[{"@type":"CommentAction","name":"Comment","target":["https:\/\/beduka.com\/blog\/materias\/literatura\/o-que-e-poema\/#respond"]}]},{"@type":"WebPage","@id":"https:\/\/beduka.com\/blog\/materias\/literatura\/o-que-e-poema\/","url":"https:\/\/beduka.com\/blog\/materias\/literatura\/o-que-e-poema\/","name":"O que \u00e9 Poema? Tipos, caracter\u00edsticas e exemplos.","isPartOf":{"@id":"https:\/\/beduka.com\/blog\/#website"},"datePublished":"2021-07-27T19:59:55+00:00","dateModified":"2023-04-03T12:36:19+00:00","description":"Poema \u00e9 um g\u00eanero textual origin\u00e1rio da Gr\u00e9cia Antiga, composto por versos e estrofes. Os poemas s\u00e3o de extrema import\u00e2ncia para a literatura e muito cobrados em vestibulares. Quer entender melhor sobre eles? Leia o artigo..","breadcrumb":{"@id":"https:\/\/beduka.com\/blog\/materias\/literatura\/o-que-e-poema\/#breadcrumb"},"inLanguage":"pt-BR","potentialAction":[{"@type":"ReadAction","target":["https:\/\/beduka.com\/blog\/materias\/literatura\/o-que-e-poema\/"]}]},{"@type":"BreadcrumbList","@id":"https:\/\/beduka.com\/blog\/materias\/literatura\/o-que-e-poema\/#breadcrumb","itemListElement":[{"@type":"ListItem","position":1,"name":"Home","item":"https:\/\/beduka.com\/blog\/"},{"@type":"ListItem","position":2,"name":"O que \u00e9 Poema? Tipos, caracter\u00edsticas e exemplos."}]},{"@type":"WebSite","@id":"https:\/\/beduka.com\/blog\/#website","url":"https:\/\/beduka.com\/blog\/","name":"Blog do Beduka | Mat\u00e9rias resumidas, Dicas e Exerc\u00edcios Enem","description":"O Blog do Beduka tem os conte\u00fados que mais caem no Enem, exerc\u00edcios de vestibular com gabarito, resumos, dicas e informa\u00e7\u00f5es Sisu, Prouni e Fies.Encontre dicas para o ENEM, resumos, exerc\u00edcios e informa\u00e7\u00f5es sobre os vestibulares. Acesse agora!","publisher":{"@id":"https:\/\/beduka.com\/blog\/#organization"},"potentialAction":[{"@type":"SearchAction","target":{"@type":"EntryPoint","urlTemplate":"https:\/\/beduka.com\/blog\/?s={search_term_string}"},"query-input":"required name=search_term_string"}],"inLanguage":"pt-BR"},{"@type":"Organization","@id":"https:\/\/beduka.com\/blog\/#organization","name":"Beduka","url":"https:\/\/beduka.com\/blog\/","logo":{"@type":"ImageObject","inLanguage":"pt-BR","@id":"https:\/\/beduka.com\/blog\/#\/schema\/logo\/image\/","url":"https:\/\/beduka.com\/blog\/wp-content\/uploads\/2020\/06\/marca-beduka.png","contentUrl":"https:\/\/beduka.com\/blog\/wp-content\/uploads\/2020\/06\/marca-beduka.png","width":1077,"height":368,"caption":"Beduka"},"image":{"@id":"https:\/\/beduka.com\/blog\/#\/schema\/logo\/image\/"},"sameAs":["https:\/\/www.facebook.com\/beduka.buscadordefaculdades\/","https:\/\/www.instagram.com\/beduka_oficial\/","https:\/\/www.linkedin.com\/company\/beduka","https:\/\/br.pinterest.com\/bedukaoficial\/","https:\/\/www.youtube.com\/beduka"]},{"@type":"Person","@id":"https:\/\/beduka.com\/blog\/#\/schema\/person\/6663b033dafd59fc30595515af1715a6","name":"Reda\u00e7\u00e3o Beduka","image":{"@type":"ImageObject","inLanguage":"pt-BR","@id":"https:\/\/beduka.com\/blog\/#\/schema\/person\/image\/","url":"https:\/\/secure.gravatar.com\/avatar\/6adaee42d8e8225567b5dc097972091b?s=96&d=mm&r=g","contentUrl":"https:\/\/secure.gravatar.com\/avatar\/6adaee42d8e8225567b5dc097972091b?s=96&d=mm&r=g","caption":"Reda\u00e7\u00e3o Beduka"},"description":"Este conte\u00fado foi criado e validado por uma equipe multidisciplinar, formada por especialistas em cada \u00e1rea do conhecimento. O Beduka est\u00e1 presente no Instagram, YouTube, LinkedIn e em diversos outros ambientes digitais. O site foi criado em 2017 e, desde a sua funda\u00e7\u00e3o, atua para fornecer materiais de qualidade para facilitar a vida de estudantes de todo o Brasil, ajudando-os a se preparar para os principais vestibulares e o Enem.","sameAs":["https:\/\/www.facebook.com\/beduka.buscadordefaculdades","https:\/\/www.instagram.com\/beduka_oficial\/","https:\/\/br.pinterest.com\/bedukaoficial\/"],"url":"https:\/\/beduka.com\/blog\/author\/alessandra\/"}]}},"_links":{"self":[{"href":"https:\/\/beduka.com\/blog\/wp-json\/wp\/v2\/posts\/22355"}],"collection":[{"href":"https:\/\/beduka.com\/blog\/wp-json\/wp\/v2\/posts"}],"about":[{"href":"https:\/\/beduka.com\/blog\/wp-json\/wp\/v2\/types\/post"}],"author":[{"embeddable":true,"href":"https:\/\/beduka.com\/blog\/wp-json\/wp\/v2\/users\/20"}],"replies":[{"embeddable":true,"href":"https:\/\/beduka.com\/blog\/wp-json\/wp\/v2\/comments?post=22355"}],"version-history":[{"count":2,"href":"https:\/\/beduka.com\/blog\/wp-json\/wp\/v2\/posts\/22355\/revisions"}],"predecessor-version":[{"id":29472,"href":"https:\/\/beduka.com\/blog\/wp-json\/wp\/v2\/posts\/22355\/revisions\/29472"}],"wp:featuredmedia":[{"embeddable":true,"href":"https:\/\/beduka.com\/blog\/wp-json\/wp\/v2\/media\/22356"}],"wp:attachment":[{"href":"https:\/\/beduka.com\/blog\/wp-json\/wp\/v2\/media?parent=22355"}],"wp:term":[{"taxonomy":"category","embeddable":true,"href":"https:\/\/beduka.com\/blog\/wp-json\/wp\/v2\/categories?post=22355"},{"taxonomy":"post_tag","embeddable":true,"href":"https:\/\/beduka.com\/blog\/wp-json\/wp\/v2\/tags?post=22355"}],"curies":[{"name":"wp","href":"https:\/\/api.w.org\/{rel}","templated":true}]}}