{"id":22370,"date":"2021-07-28T13:38:31","date_gmt":"2021-07-28T16:38:31","guid":{"rendered":"https:\/\/beduka.com\/blog\/?p=22370"},"modified":"2021-07-28T13:38:34","modified_gmt":"2021-07-28T16:38:34","slug":"exercicios-sobre-radicais-de-origem-latina","status":"publish","type":"post","link":"https:\/\/beduka.com\/blog\/exercicios\/exercicios-sobre-radicais-de-origem-latina\/","title":{"rendered":"Os 8 melhores exerc\u00edcios sobre Radicais de Origem Latina com Gabarito!"},"content":{"rendered":"\n<blockquote class=\"wp-block-quote\"><p><strong>A maioria das palavras brasileiras s\u00e3o de origem latina, portanto, seus radicais tamb\u00e9m. Radical \u00e9 a parte da palavra que n\u00e3o muda. \u00c9 aquilo que traz a ess\u00eancia da palavra e mant\u00e9m o seu significado. O radical cont\u00e9m a raiz e na maioria das vezes um sufixo. Leia nosso resumo e teste seus conhecimentos com os 8 melhores exerc\u00edcios sobre Radicais de Origem Latina. N\u00e3o esque\u00e7a que o Gabarito est\u00e1 no final do texto!<\/strong><\/p><\/blockquote>\n\n\n\n<p><strong>Quer seguir diretamente para alguma parte?<\/strong> <strong>Clique em um dos t\u00f3picos abaixo:<\/strong><\/p>\n\n\n\n<ul><li><a href=\"#que-s\u00e3o-radicais\" data-type=\"internal\" data-id=\"#que-s\u00e3o-radicais\">O que s\u00e3o Radicais de Origem Latina?<\/a><\/li><li><a href=\"#no-in\u00edcio-das-palavras\" data-type=\"internal\" data-id=\"#no-in\u00edcio-das-palavras\">Lista de Radicais de origem Latina no in\u00edcio das palavras.<\/a><\/li><li><a href=\"#fim-das-palavras\" data-type=\"internal\" data-id=\"#fim-das-palavras\">Lista de Radicais de origem Latina no fim das palavras.<\/a><\/li><li><a href=\"#exerc\u00edcios-sobre--radicais\" data-type=\"internal\" data-id=\"#exerc\u00edcios-sobre--radicais\">Os 10 melhores exerc\u00edcios sobre radicais de origem latina!<\/a><\/li><li><a href=\"#gabarito-das-quest\u00f5es\" data-type=\"internal\" data-id=\"#gabarito-das-quest\u00f5es\">Gabarito das quest\u00f5es sobre radicais de origem latina.<\/a><\/li><\/ul>\n\n\n\n<p>Quando voc\u00ea terminar as quest\u00f5es sobre radicais de origem latina<strong>,<\/strong> <strong>coloque em pr\u00e1tica todo seu conhecimento com<\/strong><a rel=\"noreferrer noopener\" href=\"https:\/\/beduka.com\/simulado-enem\/#\/\" target=\"_blank\"><strong> O Melhor Simulado Enem do Brasil<\/strong><\/a><strong>!<\/strong><\/p>\n\n\n\n<h2 class=\"wp-block-heading\" id=\"que-s\u00e3o-radicais\">O que s\u00e3o Radicais de Origem Latina?<\/h2>\n\n\n\n<p><strong>Voc\u00ea sabia que h\u00e1 uma sincronia e uma diacronia nas partes que formam uma palavra?<\/strong><\/p>\n\n\n\n<p><strong>Pois bem, aposto que est\u00e1 se indagando sobre o significado de sincronia e diacronia<\/strong>. \u00c9 simples, fa\u00e7amos uma analogia com nossas vidas.&nbsp;<\/p>\n\n\n\n<p><strong>O processo Diacr\u00f4nico seria toda a hist\u00f3ria da nossa exist\u00eancia<\/strong>, desde o primeiro choro at\u00e9 esse exato momento, no qual conversamos atrav\u00e9s deste resumo.<\/p>\n\n\n\n<p><strong>J\u00e1 a sincronia \u00e9 tudo que relaciona elementos entre si<\/strong>. Vamos ,aqui, trocar elementos por agentes. Voc\u00ea \u00e9 um agente \u00fanico, e fisicamente imut\u00e1vel, presente em variados ambientes no decorrer da semana como escola, trabalho, igreja, etc.<\/p>\n\n\n\n<p><strong>Assim ocorre com os radicais de origem latina.<\/strong> Eles possuem em sua estrutura uma origem, tamb\u00e9m denominada de raiz, de car\u00e1ter hist\u00f3rico, isto \u00e9, Diacr\u00f4nico.<\/p>\n\n\n\n<p><strong>Mas o radical em si, \u00e9 um morfema (unidades de significa\u00e7\u00e3o que ao se unirem formam uma palavra) invari\u00e1vel, <\/strong>que funciona como base estrutural, e faz surgir v\u00e1rias outras palavras, representando uma sincronia.<\/p>\n\n\n\n<p>Leia nosso Resumo e responda aos melhores exerc\u00edcios sobre radicais de origem latina!<\/p>\n\n\n\n<h2 class=\"wp-block-heading\" id=\"no-in\u00edcio-das-palavras\">Veja uma lista de Radicais de origem Latina que aparecem no in\u00edcio das palavras.<\/h2>\n\n\n\n<figure class=\"wp-block-image size-large\"><img decoding=\"async\" loading=\"lazy\" width=\"600\" height=\"417\" src=\"https:\/\/beduka.com\/blog\/wp-content\/uploads\/2021\/07\/Veja-uma-lista-de-Radicais-de-origem-Latina-que-aparecem-no-inicio-das-palavras.jpg\" alt=\"\" class=\"wp-image-22372\" srcset=\"https:\/\/beduka.com\/blog\/wp-content\/uploads\/2021\/07\/Veja-uma-lista-de-Radicais-de-origem-Latina-que-aparecem-no-inicio-das-palavras.jpg 600w, https:\/\/beduka.com\/blog\/wp-content\/uploads\/2021\/07\/Veja-uma-lista-de-Radicais-de-origem-Latina-que-aparecem-no-inicio-das-palavras-300x209.jpg 300w, https:\/\/beduka.com\/blog\/wp-content\/uploads\/2021\/07\/Veja-uma-lista-de-Radicais-de-origem-Latina-que-aparecem-no-inicio-das-palavras-320x222.jpg 320w\" sizes=\"(max-width: 600px) 100vw, 600px\" \/><\/figure>\n\n\n\n<h2 class=\"wp-block-heading\" id=\"fim-das-palavras\">Veja uma lista de Radicais de origem Latina que aparecem no fim das palavras.<\/h2>\n\n\n\n<figure class=\"wp-block-image size-large\"><img decoding=\"async\" loading=\"lazy\" width=\"600\" height=\"300\" src=\"https:\/\/beduka.com\/blog\/wp-content\/uploads\/2021\/07\/Veja-uma-lista-de-Radicais-de-origem-Latina-que-aparecem-no-fim-das-palavras-1.jpg\" alt=\"\" class=\"wp-image-22373\" srcset=\"https:\/\/beduka.com\/blog\/wp-content\/uploads\/2021\/07\/Veja-uma-lista-de-Radicais-de-origem-Latina-que-aparecem-no-fim-das-palavras-1.jpg 600w, https:\/\/beduka.com\/blog\/wp-content\/uploads\/2021\/07\/Veja-uma-lista-de-Radicais-de-origem-Latina-que-aparecem-no-fim-das-palavras-1-300x150.jpg 300w, https:\/\/beduka.com\/blog\/wp-content\/uploads\/2021\/07\/Veja-uma-lista-de-Radicais-de-origem-Latina-que-aparecem-no-fim-das-palavras-1-320x160.jpg 320w\" sizes=\"(max-width: 600px) 100vw, 600px\" \/><\/figure>\n\n\n\n<p>Agora que voc\u00ea j\u00e1 leu nosso texto, \u00e9 hora de <strong>colocar em pr\u00e1tica os seus conhecimentos!<\/strong><\/p>\n\n\n\n<p><strong>Fa\u00e7a os nossos exerc\u00edcios sobre radicais de origem latina e depois confira o resultado.&nbsp;<\/strong><\/p>\n\n\n\n<h2 class=\"wp-block-heading\" id=\"exerc\u00edcios-sobre--radicais\">Os 8 exerc\u00edcios sobre&nbsp; radicais de origem latina!<\/h2>\n\n\n\n<p>Esperamos que, com esse resumo, <strong>tudo tenha ficado mais claro para voc\u00ea.&nbsp;<\/strong><\/p>\n\n\n\n<p><strong>Obrigado<\/strong> por ter lido at\u00e9 aqui!<\/p>\n\n\n\n<p>Baixe <strong>gratuitamente<\/strong> o<a href=\"https:\/\/beduka.com\/blog\/dicas\/enem-dicas\/plano-de-estudos-gratuito\/\" target=\"_blank\" rel=\"noreferrer noopener\"> Plano de Estudos<\/a> do <strong>Beduka<\/strong> e tenha uma prepara\u00e7\u00e3o<strong> perfeita <\/strong>para o <strong>ENEM<\/strong>.<\/p>\n\n\n\n<p><strong>Quest\u00e3o 1- (<\/strong><a href=\"http:\/\/www.ita.br\/\" target=\"_blank\" rel=\"noreferrer noopener\"><strong>ITA <\/strong><\/a><strong>&#8211; Adaptada.)<\/strong> Leia o poema de Carlos Drummond de Andrade para responder \u00e0 pergunta: Com rela\u00e7\u00e3o ao processo de forma\u00e7\u00e3o das palavras, marque a alternativa incorreta:<\/p>\n\n\n\n<p><strong>Hino Nacional<\/strong><\/p>\n\n\n\n<p>Precisamos descobrir o Brasil!<\/p>\n\n\n\n<p>Escondido atr\u00e1s das florestas,<\/p>\n\n\n\n<p>com a \u00e1gua dos rios no meio,<\/p>\n\n\n\n<p>o Brasil est\u00e1 dormindo, coitado.<\/p>\n\n\n\n<p>precisamos colonizar o Brasil.<\/p>\n\n\n\n<p>Precisamos educar o Brasil.<\/p>\n\n\n\n<p>Compraremos professores e livros,<\/p>\n\n\n\n<p>Assimilaremos finas culturas,<\/p>\n\n\n\n<p>abriremos &#8216;dancings&#8217; e subconvencionaremos as elites.<\/p>\n\n\n\n<p>que faremos importando francesas muito louras, de pele macia<\/p>\n\n\n\n<p>alem\u00e3s gordas, russas nost\u00e1lgicas para<\/p>\n\n\n\n<p>&#8216;gar\u00e7onettes&#8217; dos restaurantes noturnos.<\/p>\n\n\n\n<p>E vir\u00e3o s\u00edrias fidel\u00edssimas.<\/p>\n\n\n\n<p>N\u00e3o conv\u00e9m desprezar as japonesas&#8230;<\/p>\n\n\n\n<p>Cada brasileiro ter\u00e1 sua casa<\/p>\n\n\n\n<p>com fog\u00e3o e aquecedor el\u00e9tricos, piscina,<\/p>\n\n\n\n<p>sal\u00e3o para confer\u00eancias cient\u00edficas.<\/p>\n\n\n\n<p>E cuidaremos do Estado T\u00e9cnico.<\/p>\n\n\n\n<p>Precisamos louvar o Brasil.<\/p>\n\n\n\n<p>N\u00e3o \u00e9 s\u00f3 um pa\u00eds sem igual.<\/p>\n\n\n\n<p>Nossas revolu\u00e7\u00f5es s\u00e3o bem maiores<\/p>\n\n\n\n<p>do que quaisquer outras; nossos erros tamb\u00e9m.<\/p>\n\n\n\n<p>E nossas virtudes? A terra das sublimes paix\u00f5es&#8230;<\/p>\n\n\n\n<p>os Amazonas inenarr\u00e1veis&#8230; os incr\u00edveis Jo\u00e3o-Pessoas&#8230;<\/p>\n\n\n\n<p>Precisamos adorar o Brasil!<\/p>\n\n\n\n<p>Se bem que seja dif\u00edcil caber tanto oceano e tanta solid\u00e3o<\/p>\n\n\n\n<p>no pobre cora\u00e7\u00e3o j\u00e1 cheio de compromissos&#8230;<\/p>\n\n\n\n<p>se bem que seja dif\u00edcil compreender o que querem esses homens,<\/p>\n\n\n\n<p>por que motivo \u00eales se ajuntaram e qual a raz\u00e3o de seus sofrimentos.<\/p>\n\n\n\n<p>Precisamos, precisamos esquecer o Brasil!<\/p>\n\n\n\n<p>T\u00e3o majestoso, t\u00e3o sem limites, t\u00e3o despropositado,<\/p>\n\n\n\n<p>\u00eale quer repousar de nossos terr\u00edveis carinhos.<\/p>\n\n\n\n<p>O Brasil n\u00e3o nos quer! Est\u00e1 farto de n\u00f3s!<\/p>\n\n\n\n<p>Nosso Brasil \u00e9 o outro mundo. \u00caste n\u00e3o \u00e9 o Brasil.<\/p>\n\n\n\n<p>Nenhum Brasil existe. E acaso existir\u00e3o os brasileiros?<\/p>\n\n\n\n<p>(Carlos Drummond de Andrade)<\/p>\n\n\n\n<p><strong>a)<\/strong> &#8216;Escondido'(verso 2) pode ser substitu\u00eddo por &#8216;olvidado&#8217;, embora modifique o sentido.<\/p>\n\n\n\n<p><strong>b)<\/strong> &#8216;fidel\u00edssimo'(verso 14) tem o mesmo radical latino de &#8216;fidelidade&#8217; e de &#8216;fidedigno&#8217;.<\/p>\n\n\n\n<p><strong>c)<\/strong> &#8216;Piscina'(verso 17) tem o mesmo radical latino de &#8216;piscicultura&#8217;.<\/p>\n\n\n\n<p><strong>d)<\/strong> &#8216;Piscina'(verso 17) n\u00e3o tem o mesmo radical de &#8216;psicologia&#8217;.<\/p>\n\n\n\n<p><strong>e)<\/strong> H\u00e1 apenas tr\u00eas palavras no poema que s\u00e3o formadas por radicais e prefixos latinos.<\/p>\n\n\n\n<p><strong>Quest\u00e3o 2 &#8211; (<\/strong><a href=\"https:\/\/www.unifor.br\/\" target=\"_blank\" rel=\"noreferrer noopener\"><strong>UNIFOR<\/strong><\/a><strong>)<\/strong> \u00a0A s\u00e9rie em que todas as palavras t\u00eam o mesmo radical \u00e9:<\/p>\n\n\n\n<p><strong>a)<\/strong> idoso \u2013 id\u00f4neo \u2013 \u00eddolo<\/p>\n\n\n\n<p><strong>b)<\/strong> dom\u00e9stico \u2013 domic\u00edlio \u2013 domesticar<\/p>\n\n\n\n<p><strong>c)<\/strong> popular \u2013 pluvioso \u2013 p\u00fablico<\/p>\n\n\n\n<p><strong>d)<\/strong> senil \u2013 semelhante \u2013 senhor<\/p>\n\n\n\n<p><strong>Quest\u00e3o 3 &#8211; (<\/strong><a href=\"https:\/\/portal.fei.edu.br\/campus-sao-paulo\" target=\"_blank\" rel=\"noreferrer noopener\"><strong>UniFEISP<\/strong><\/a><strong>)<\/strong> Assinale a alternativa em que o significado do radical esteja errado:\u00a0<\/p>\n\n\n\n<p><strong>a) <\/strong>hidro: \u00e1gua (exemplo: hidr\u00e1ulico)&nbsp;<\/p>\n\n\n\n<p><strong>b)<\/strong> pisci: peixe (exemplo: piscicultura)&nbsp;<\/p>\n\n\n\n<p><strong>c)<\/strong> bio: vida (exemplo biologia)&nbsp;<\/p>\n\n\n\n<p><strong>d) <\/strong>agri: campo (exemplo: agricultura)&nbsp;<\/p>\n\n\n\n<p><strong>e) <\/strong>antropo: antigo (exemplo: antropologia)<\/p>\n\n\n\n<p><strong>Quest\u00e3o 4 &#8211; (<\/strong><a href=\"https:\/\/www.ufc.br\/\" target=\"_blank\" rel=\"noreferrer noopener\"><strong>UFC<\/strong><\/a><strong>)\u00a0<\/strong><\/p>\n\n\n\n<p>Assinale a alternativa em que a forma est\u00e1 destacada e classificada corretamente.<\/p>\n\n\n\n<p><strong>a) <\/strong>IN-ven\u00e7\u00e3o: prefixo.<\/p>\n\n\n\n<p><strong>b)<\/strong> ESTUDIOSO-s: radical.<\/p>\n\n\n\n<p><strong>c)<\/strong> cifrad- A: vogal tem\u00e1tica.<\/p>\n\n\n\n<p><strong>d)<\/strong> rapaziad- A: desin\u00eancia de g\u00eanero.<\/p>\n\n\n\n<p><strong>e) <\/strong>pode- MOS: desin\u00eancia n\u00famero-pessoal.<\/p>\n\n\n\n<p><strong>Quest\u00e3o 5- (<\/strong><a href=\"https:\/\/portal.fgv.br\/\" target=\"_blank\" rel=\"noreferrer noopener\"><strong>FGV-SP<\/strong><\/a><strong>) <\/strong>Assinale a alternativa em que sejam usados radicais ou prefixos &#8211; gregos ou latinos &#8211; correspondentes, respectivamente, aos seguintes sentidos: dentro, duplicidade, em torno de, contra, metade, movimento para dentro, livro, vida.\u00a0<\/p>\n\n\n\n<p><strong>a)<\/strong> Endosc\u00f3pio, anf\u00edbio, circunl\u00f3quio, antibi\u00f3tico, hemiciclo, introspec\u00e7\u00e3o, bibliografia, biografia.&nbsp;<\/p>\n\n\n\n<p><strong>b)<\/strong> Intramuscular, anfibologia, circum-navega\u00e7\u00e3o, contraprova, semic\u00edrculo, internato, biblioteca, biosfera.&nbsp;<\/p>\n\n\n\n<p><strong>c) <\/strong>Endosc\u00f3pio, cosmopolita, circundar, anti-higi\u00eanico, semidespido, introspec\u00e7\u00e3o, bibliografia, biografia.&nbsp;<\/p>\n\n\n\n<p><strong>d)<\/strong> Interface, ambidestro, circundar, ant\u00f4nimo, semi\u00f3logo, biblioteca, biografia.&nbsp;<\/p>\n\n\n\n<p><strong>e)<\/strong> Endosc\u00f3pio, ambivalente, circum-navegar, antepasto, seminal, introspec\u00e7\u00e3o, bibliografia, biografia.<\/p>\n\n\n\n<ul><li><strong>Nossa!<\/strong> Voc\u00ea j\u00e1 fez metade das quest\u00f5es sobre os radicais de origem latina. Vamos l\u00e1!<\/li><\/ul>\n\n\n\n<p><strong>Quest\u00e3o 6- (<\/strong><a href=\"https:\/\/www.pucpr.br\/\" target=\"_blank\" rel=\"noreferrer noopener\"><strong>PUC-PR<\/strong><\/a><strong>)\u00a0<\/strong><\/p>\n\n\n\n<p><em>O No final do ano passado, a campanha #MeuAmigoSecreto tomou conta das redes sociais com milhares de hist\u00f3rias relatadas por mulheres sobre casos de machismo e viol\u00eancia de g\u00eanero envolvendo pessoas pr\u00f3ximas, como amigos, companheiros, chefes, parentes etc.<\/em><\/p>\n\n\n\n<p><em>Para dar continuidade aos debates do mundo virtual, o coletivo feminista N\u00e3o Me Kahlo vai lan\u00e7ar em abril o livro #MeuAmigoSecreto: Feminismo al\u00e9m das redes (Edi\u00e7\u00f5es de Janeiro). A obra re\u00fane artigos das cinco integrantes do coletivo sobre assuntos ligados a um objetivo em comum: a desconstru\u00e7\u00e3o do machismo.&nbsp;&nbsp;<\/em><\/p>\n\n\n\n<p><em>&#8220;N\u00e3o \u00e9 um livro com relatos; \u00e9 um livro que fala dos problemas que levam a misoginia a ser naturalizada na sociedade. Debru\u00e7amo-nos em pesquisas para criar um material consistente que sirva de apoio para aqueles que quiserem compreender melhor as ra\u00edzes do machismo e quais s\u00e3o as pautas feministas&#8221;, afirmam as autoras e participantes do N\u00e3o Me Kahlo ao Catraca Livre.&nbsp;<\/em><\/p>\n\n\n\n<p><em>Dispon\u00edvel em: https:\/\/catracalivre.com.br\/geral\/cidadania\/indicacao\/coletivo-feminista-lanca-livro-sobre-temas-discutidos-nacampanha-meuamigosecreto\/. Acesso em: 04\/05\/2016.<\/em><\/p>\n\n\n\n<p>O conhecimento de certas unidades menores das palavras pode nos favorecer quando encontramos um voc\u00e1bulo que n\u00e3o fazia parte do nosso invent\u00e1rio lexical at\u00e9 o momento. Normalmente oriundos de l\u00ednguas como o latim ou o grego, esses elementos s\u00e3o muito comuns na forma\u00e7\u00e3o de palavras que usamos modernamente. No texto, em<\/p>\n\n\n\n<p><strong>a)<\/strong> machismo, o sufixo indica movimento religioso.&nbsp;<\/p>\n\n\n\n<p><strong>b)<\/strong> integrantes, o sufixo indica agente.&nbsp;<\/p>\n\n\n\n<p><strong>c) <\/strong>desconstru\u00e7\u00e3o, o prefixo indica intensidade.&nbsp;<\/p>\n\n\n\n<p><strong>d)<\/strong> misoginia, o elemento miso\u2013 significa mulher.<\/p>\n\n\n\n<p><strong>e) <\/strong>Debru\u00e7amo-nos, o radical origina-se de bra\u00e7o.<\/p>\n\n\n\n<ul><li><strong>Ufa!<\/strong> Agora s\u00f3 faltam mais dois exerc\u00edcios sobre radicais de origem latina!<\/li><\/ul>\n\n\n\n<p><strong>Quest\u00e3o 7- <\/strong><a href=\"https:\/\/www.ibade.org.br\/\" target=\"_blank\" rel=\"noreferrer noopener\"><strong>(IBADE-ES<\/strong><\/a><strong>) <\/strong>Indique a alternativa que apresenta palavras derivadas de um mesmo radical:<\/p>\n\n\n\n<p><strong>a) <\/strong>carteiro, carta, cartomante, cartilaginoso e cartilha.<\/p>\n\n\n\n<p><strong>b)<\/strong> data, data\u00e7\u00e3o, pr\u00e9-datado, datilografia e dativo.<\/p>\n\n\n\n<p><strong>c) <\/strong>cidade, citadino, civilizado, cidad\u00e3o e homicida.<\/p>\n\n\n\n<p><strong>d)<\/strong> organograma, organismo, orgulho, \u00f3rg\u00e3o e organiza\u00e7\u00e3o.<\/p>\n\n\n\n<p><strong>e) <\/strong>cinema, telecinese, cin\u00e9tica, cineasta e cinesalgia.<\/p>\n\n\n\n<p><strong>Quest\u00e3o 8 &#8211; (<\/strong><a href=\"https:\/\/ameosc.selecao.net.br\/\" target=\"_blank\" rel=\"noreferrer noopener\"><strong>Amoesc-Sc<\/strong><\/a><strong>)<\/strong><\/p>\n\n\n\n<p>&#8220;Analise as proposi\u00e7\u00f5es a seguir:<\/p>\n\n\n\n<p>I. O Morfema Lexical \u00e9 tradicionalmente chamado de radical;<\/p>\n\n\n\n<p>II. Os Afixos s\u00e3o elementos que modificam geralmente de maneira precisa o sentido do radical a que eles se agregam;<\/p>\n\n\n\n<p>III. Os Sufixos, como as desin\u00eancias, unem-se \u00e0 parte inicial do radical.<\/p>\n\n\n\n<p>Dos itens acima:<\/p>\n\n\n\n<p><strong>a)<\/strong> Apenas o item I est\u00e1 correto.<\/p>\n\n\n\n<p><strong>b)<\/strong> Apenas o item II est\u00e1 incorreto.<\/p>\n\n\n\n<p><strong>c)<\/strong> Apenas o item III est\u00e1 incorreto.<\/p>\n\n\n\n<p><strong>d)<\/strong> Apenas os itens I e III est\u00e3o corretos.<\/p>\n\n\n\n<ul><li><strong>Parab\u00e9ns<\/strong>, voc\u00ea fez todos os exerc\u00edcios sobre radicais de origem latina. Confira agora o Gabarito:<\/li><\/ul>\n\n\n\n<h2 class=\"wp-block-heading\" id=\"gabarito-das-quest\u00f5es\">Gabarito das quest\u00f5es sobre radicais de origem latina.<\/h2>\n\n\n\n<p><strong>Exerc\u00edcio resolvido da quest\u00e3o 1 &#8211;<\/strong><\/p>\n\n\n\n<p>Alternativa correta: <strong>e)<\/strong>&nbsp; H\u00e1 apenas tr\u00eas palavras no poema que s\u00e3o formadas por radicais e prefixos latinos.<\/p>\n\n\n\n<p><strong>Exerc\u00edcio resolvido da quest\u00e3o 2 &#8211;<\/strong><\/p>\n\n\n\n<p>Alternativa correta: <strong>b) <\/strong>&nbsp;dom\u00e9stico \u2013 domic\u00edlio \u2013 domesticar<\/p>\n\n\n\n<p><strong>Exerc\u00edcio resolvido da quest\u00e3o 3 &#8211;<\/strong><\/p>\n\n\n\n<p>Alternativa correta: <strong>e)&nbsp; <\/strong>antropo: antigo (exemplo: antropologia)<\/p>\n\n\n\n<p><strong>Exerc\u00edcio resolvido da quest\u00e3o 4 &#8211;<\/strong><\/p>\n\n\n\n<p>Alternativa correta: <strong>e)<\/strong> &nbsp;pode- MOS: desin\u00eancia n\u00famero-pessoal.<\/p>\n\n\n\n<p><strong>Exerc\u00edcio resolvido da quest\u00e3o 5 &#8211;<\/strong><\/p>\n\n\n\n<p>Alternativa correta: <strong>a)<\/strong>Endosc\u00f3pio, anf\u00edbio, circunl\u00f3quio, antibi\u00f3tico, hemiciclo, introspec\u00e7\u00e3o, bibliografia, biografia.&nbsp;<\/p>\n\n\n\n<p><strong>Exerc\u00edcio resolvido da quest\u00e3o 6 &#8211;<\/strong><\/p>\n\n\n\n<p>Alternativa correta: <strong>b) <\/strong>&nbsp;integrantes, o sufixo indica agente.&nbsp;<\/p>\n\n\n\n<p><strong>Exerc\u00edcio resolvido da quest\u00e3o 7 &#8211;<\/strong><\/p>\n\n\n\n<p>Alternativa correta: <strong>e) <\/strong>cinema, telecinese, cin\u00e9tica, cineasta e cinesalgia.<\/p>\n\n\n\n<p><strong>&nbsp;Exerc\u00edcio resolvido da quest\u00e3o 8 &#8211;<\/strong>&nbsp;<\/p>\n\n\n\n<p>Alternativa correta:&nbsp; <strong>c)<\/strong> Apenas o item III est\u00e1 incorreto.<\/p>\n\n\n\n<ul><li>Estude para o Enem com o<a href=\"https:\/\/beduka.com\/simulado\" target=\"_blank\" rel=\"noreferrer noopener\"> Simulado Beduka.<\/a> <strong>\u00c9 gratuito!<\/strong><\/li><\/ul>\n\n\n\n<p><strong>Gostou dos nossos exerc\u00edcios sobre radicais de origem latina?<\/strong> Compartilhe com os seus amigos e comente abaixo sobre as \u00e1reas que voc\u00ea deseja mais explica\u00e7\u00f5es.<\/p>\n\n\n\n<p><strong>Queremos te ajudar a encontrar a FACULDADE IDEAL!<\/strong> Logo abaixo, fa\u00e7a uma pesquisa por curso e cidade que te mostraremos todas as faculdades que podem te atender. Informamos a nota de corte, valor de mensalidade, nota do MEC, avalia\u00e7\u00e3o dos alunos, modalidades de ensino e muito mais.<\/p>\n","protected":false},"excerpt":{"rendered":"<p> Radical \u00e9 a parte da palavra que n\u00e3o muda. \u00c9 aquilo que traz a ess\u00eancia da palavra e mant\u00e9m o seu significado. Leia o resumo e teste seus conhecimentos com os 8 melhores exerc\u00edcios sobre radicais de origem latina! O gabarito est\u00e1 no final do texto.<\/p>\n","protected":false},"author":20,"featured_media":22374,"comment_status":"open","ping_status":"closed","sticky":false,"template":"","format":"standard","meta":{"_mi_skip_tracking":false,"_monsterinsights_sitenote_active":false,"_monsterinsights_sitenote_note":"","_monsterinsights_sitenote_category":0},"categories":[568,605],"tags":[],"yoast_head":"<!-- This site is optimized with the Yoast SEO plugin v20.10 - https:\/\/yoast.com\/wordpress\/plugins\/seo\/ -->\n<title>Os 8 melhores exerc\u00edcios sobre Radicais de Origem Latina com Gabarito!<\/title>\n<meta name=\"description\" content=\"Radical \u00e9 a parte da palavra que n\u00e3o muda. \u00c9 aquilo que traz a ess\u00eancia da palavra e mant\u00e9m o seu significado. Leia o resumo e teste seus conhecimentos com os 8 melhores exerc\u00edcios sobre radicais de origem latina! O gabarito est\u00e1 no final do texto.\" \/>\n<meta name=\"robots\" content=\"index, follow, max-snippet:-1, max-image-preview:large, max-video-preview:-1\" \/>\n<link rel=\"canonical\" href=\"https:\/\/beduka.com\/blog\/exercicios\/exercicios-sobre-radicais-de-origem-latina\/\" \/>\n<meta property=\"og:locale\" content=\"pt_BR\" \/>\n<meta property=\"og:type\" content=\"article\" \/>\n<meta property=\"og:title\" content=\"Os 8 melhores exerc\u00edcios sobre Radicais de Origem Latina com Gabarito!\" \/>\n<meta property=\"og:description\" content=\"Radical \u00e9 a parte da palavra que n\u00e3o muda. \u00c9 aquilo que traz a ess\u00eancia da palavra e mant\u00e9m o seu significado. Leia o resumo e teste seus conhecimentos com os 8 melhores exerc\u00edcios sobre radicais de origem latina! O gabarito est\u00e1 no final do texto.\" \/>\n<meta property=\"og:url\" content=\"https:\/\/beduka.com\/blog\/exercicios\/exercicios-sobre-radicais-de-origem-latina\/\" \/>\n<meta property=\"og:site_name\" content=\"Blog do Beduka | Mat\u00e9rias resumidas, Dicas e Exerc\u00edcios Enem\" \/>\n<meta property=\"article:publisher\" content=\"https:\/\/www.facebook.com\/beduka.buscadordefaculdades\/\" \/>\n<meta property=\"article:author\" content=\"https:\/\/www.facebook.com\/beduka.buscadordefaculdades\" \/>\n<meta property=\"article:published_time\" content=\"2021-07-28T16:38:31+00:00\" \/>\n<meta property=\"article:modified_time\" content=\"2021-07-28T16:38:34+00:00\" \/>\n<meta property=\"og:image\" content=\"https:\/\/beduka.com\/blog\/wp-content\/uploads\/2021\/07\/Os-8-melhores-exercicios-sobre-Radicais-de-Origem-Latina.jpg\" \/>\n\t<meta property=\"og:image:width\" content=\"609\" \/>\n\t<meta property=\"og:image:height\" content=\"342\" \/>\n\t<meta property=\"og:image:type\" content=\"image\/jpeg\" \/>\n<meta name=\"author\" content=\"Reda\u00e7\u00e3o Beduka\" \/>\n<meta name=\"twitter:card\" content=\"summary_large_image\" \/>\n<meta name=\"twitter:label1\" content=\"Escrito por\" \/>\n\t<meta name=\"twitter:data1\" content=\"Reda\u00e7\u00e3o Beduka\" \/>\n\t<meta name=\"twitter:label2\" content=\"Est. tempo de leitura\" \/>\n\t<meta name=\"twitter:data2\" content=\"9 minutos\" \/>\n<script type=\"application\/ld+json\" class=\"yoast-schema-graph\">{\"@context\":\"https:\/\/schema.org\",\"@graph\":[{\"@type\":\"Article\",\"@id\":\"https:\/\/beduka.com\/blog\/exercicios\/exercicios-sobre-radicais-de-origem-latina\/#article\",\"isPartOf\":{\"@id\":\"https:\/\/beduka.com\/blog\/exercicios\/exercicios-sobre-radicais-de-origem-latina\/\"},\"author\":{\"name\":\"Reda\u00e7\u00e3o Beduka\",\"@id\":\"https:\/\/beduka.com\/blog\/#\/schema\/person\/6663b033dafd59fc30595515af1715a6\"},\"headline\":\"Os 8 melhores exerc\u00edcios sobre Radicais de Origem Latina com Gabarito!\",\"datePublished\":\"2021-07-28T16:38:31+00:00\",\"dateModified\":\"2021-07-28T16:38:34+00:00\",\"mainEntityOfPage\":{\"@id\":\"https:\/\/beduka.com\/blog\/exercicios\/exercicios-sobre-radicais-de-origem-latina\/\"},\"wordCount\":1759,\"commentCount\":0,\"publisher\":{\"@id\":\"https:\/\/beduka.com\/blog\/#organization\"},\"articleSection\":[\"Exerc\u00edcios\",\"Portugu\u00eas\"],\"inLanguage\":\"pt-BR\",\"potentialAction\":[{\"@type\":\"CommentAction\",\"name\":\"Comment\",\"target\":[\"https:\/\/beduka.com\/blog\/exercicios\/exercicios-sobre-radicais-de-origem-latina\/#respond\"]}]},{\"@type\":\"WebPage\",\"@id\":\"https:\/\/beduka.com\/blog\/exercicios\/exercicios-sobre-radicais-de-origem-latina\/\",\"url\":\"https:\/\/beduka.com\/blog\/exercicios\/exercicios-sobre-radicais-de-origem-latina\/\",\"name\":\"Os 8 melhores exerc\u00edcios sobre Radicais de Origem Latina com Gabarito!\",\"isPartOf\":{\"@id\":\"https:\/\/beduka.com\/blog\/#website\"},\"datePublished\":\"2021-07-28T16:38:31+00:00\",\"dateModified\":\"2021-07-28T16:38:34+00:00\",\"description\":\"Radical \u00e9 a parte da palavra que n\u00e3o muda. \u00c9 aquilo que traz a ess\u00eancia da palavra e mant\u00e9m o seu significado. Leia o resumo e teste seus conhecimentos com os 8 melhores exerc\u00edcios sobre radicais de origem latina! O gabarito est\u00e1 no final do texto.\",\"breadcrumb\":{\"@id\":\"https:\/\/beduka.com\/blog\/exercicios\/exercicios-sobre-radicais-de-origem-latina\/#breadcrumb\"},\"inLanguage\":\"pt-BR\",\"potentialAction\":[{\"@type\":\"ReadAction\",\"target\":[\"https:\/\/beduka.com\/blog\/exercicios\/exercicios-sobre-radicais-de-origem-latina\/\"]}]},{\"@type\":\"BreadcrumbList\",\"@id\":\"https:\/\/beduka.com\/blog\/exercicios\/exercicios-sobre-radicais-de-origem-latina\/#breadcrumb\",\"itemListElement\":[{\"@type\":\"ListItem\",\"position\":1,\"name\":\"Home\",\"item\":\"https:\/\/beduka.com\/blog\/\"},{\"@type\":\"ListItem\",\"position\":2,\"name\":\"Os 8 melhores exerc\u00edcios sobre Radicais de Origem Latina com Gabarito!\"}]},{\"@type\":\"WebSite\",\"@id\":\"https:\/\/beduka.com\/blog\/#website\",\"url\":\"https:\/\/beduka.com\/blog\/\",\"name\":\"Blog do Beduka | Mat\u00e9rias resumidas, Dicas e Exerc\u00edcios Enem\",\"description\":\"O Blog do Beduka tem os conte\u00fados que mais caem no Enem, exerc\u00edcios de vestibular com gabarito, resumos, dicas e informa\u00e7\u00f5es Sisu, Prouni e Fies.Encontre dicas para o ENEM, resumos, exerc\u00edcios e informa\u00e7\u00f5es sobre os vestibulares. Acesse agora!\",\"publisher\":{\"@id\":\"https:\/\/beduka.com\/blog\/#organization\"},\"potentialAction\":[{\"@type\":\"SearchAction\",\"target\":{\"@type\":\"EntryPoint\",\"urlTemplate\":\"https:\/\/beduka.com\/blog\/?s={search_term_string}\"},\"query-input\":\"required name=search_term_string\"}],\"inLanguage\":\"pt-BR\"},{\"@type\":\"Organization\",\"@id\":\"https:\/\/beduka.com\/blog\/#organization\",\"name\":\"Beduka\",\"url\":\"https:\/\/beduka.com\/blog\/\",\"logo\":{\"@type\":\"ImageObject\",\"inLanguage\":\"pt-BR\",\"@id\":\"https:\/\/beduka.com\/blog\/#\/schema\/logo\/image\/\",\"url\":\"https:\/\/beduka.com\/blog\/wp-content\/uploads\/2020\/06\/marca-beduka.png\",\"contentUrl\":\"https:\/\/beduka.com\/blog\/wp-content\/uploads\/2020\/06\/marca-beduka.png\",\"width\":1077,\"height\":368,\"caption\":\"Beduka\"},\"image\":{\"@id\":\"https:\/\/beduka.com\/blog\/#\/schema\/logo\/image\/\"},\"sameAs\":[\"https:\/\/www.facebook.com\/beduka.buscadordefaculdades\/\",\"https:\/\/www.instagram.com\/beduka_oficial\/\",\"https:\/\/www.linkedin.com\/company\/beduka\",\"https:\/\/br.pinterest.com\/bedukaoficial\/\",\"https:\/\/www.youtube.com\/beduka\"]},{\"@type\":\"Person\",\"@id\":\"https:\/\/beduka.com\/blog\/#\/schema\/person\/6663b033dafd59fc30595515af1715a6\",\"name\":\"Reda\u00e7\u00e3o Beduka\",\"image\":{\"@type\":\"ImageObject\",\"inLanguage\":\"pt-BR\",\"@id\":\"https:\/\/beduka.com\/blog\/#\/schema\/person\/image\/\",\"url\":\"https:\/\/secure.gravatar.com\/avatar\/6adaee42d8e8225567b5dc097972091b?s=96&d=mm&r=g\",\"contentUrl\":\"https:\/\/secure.gravatar.com\/avatar\/6adaee42d8e8225567b5dc097972091b?s=96&d=mm&r=g\",\"caption\":\"Reda\u00e7\u00e3o Beduka\"},\"description\":\"Este conte\u00fado foi criado e validado por uma equipe multidisciplinar, formada por especialistas em cada \u00e1rea do conhecimento. O Beduka est\u00e1 presente no Instagram, YouTube, LinkedIn e em diversos outros ambientes digitais. O site foi criado em 2017 e, desde a sua funda\u00e7\u00e3o, atua para fornecer materiais de qualidade para facilitar a vida de estudantes de todo o Brasil, ajudando-os a se preparar para os principais vestibulares e o Enem.\",\"sameAs\":[\"https:\/\/www.facebook.com\/beduka.buscadordefaculdades\",\"https:\/\/www.instagram.com\/beduka_oficial\/\",\"https:\/\/br.pinterest.com\/bedukaoficial\/\"],\"url\":\"https:\/\/beduka.com\/blog\/author\/alessandra\/\"}]}<\/script>\n<!-- \/ Yoast SEO plugin. -->","yoast_head_json":{"title":"Os 8 melhores exerc\u00edcios sobre Radicais de Origem Latina com Gabarito!","description":"Radical \u00e9 a parte da palavra que n\u00e3o muda. \u00c9 aquilo que traz a ess\u00eancia da palavra e mant\u00e9m o seu significado. Leia o resumo e teste seus conhecimentos com os 8 melhores exerc\u00edcios sobre radicais de origem latina! O gabarito est\u00e1 no final do texto.","robots":{"index":"index","follow":"follow","max-snippet":"max-snippet:-1","max-image-preview":"max-image-preview:large","max-video-preview":"max-video-preview:-1"},"canonical":"https:\/\/beduka.com\/blog\/exercicios\/exercicios-sobre-radicais-de-origem-latina\/","og_locale":"pt_BR","og_type":"article","og_title":"Os 8 melhores exerc\u00edcios sobre Radicais de Origem Latina com Gabarito!","og_description":"Radical \u00e9 a parte da palavra que n\u00e3o muda. \u00c9 aquilo que traz a ess\u00eancia da palavra e mant\u00e9m o seu significado. Leia o resumo e teste seus conhecimentos com os 8 melhores exerc\u00edcios sobre radicais de origem latina! O gabarito est\u00e1 no final do texto.","og_url":"https:\/\/beduka.com\/blog\/exercicios\/exercicios-sobre-radicais-de-origem-latina\/","og_site_name":"Blog do Beduka | Mat\u00e9rias resumidas, Dicas e Exerc\u00edcios Enem","article_publisher":"https:\/\/www.facebook.com\/beduka.buscadordefaculdades\/","article_author":"https:\/\/www.facebook.com\/beduka.buscadordefaculdades","article_published_time":"2021-07-28T16:38:31+00:00","article_modified_time":"2021-07-28T16:38:34+00:00","og_image":[{"width":609,"height":342,"url":"https:\/\/beduka.com\/blog\/wp-content\/uploads\/2021\/07\/Os-8-melhores-exercicios-sobre-Radicais-de-Origem-Latina.jpg","type":"image\/jpeg"}],"author":"Reda\u00e7\u00e3o Beduka","twitter_card":"summary_large_image","twitter_misc":{"Escrito por":"Reda\u00e7\u00e3o Beduka","Est. tempo de leitura":"9 minutos"},"schema":{"@context":"https:\/\/schema.org","@graph":[{"@type":"Article","@id":"https:\/\/beduka.com\/blog\/exercicios\/exercicios-sobre-radicais-de-origem-latina\/#article","isPartOf":{"@id":"https:\/\/beduka.com\/blog\/exercicios\/exercicios-sobre-radicais-de-origem-latina\/"},"author":{"name":"Reda\u00e7\u00e3o Beduka","@id":"https:\/\/beduka.com\/blog\/#\/schema\/person\/6663b033dafd59fc30595515af1715a6"},"headline":"Os 8 melhores exerc\u00edcios sobre Radicais de Origem Latina com Gabarito!","datePublished":"2021-07-28T16:38:31+00:00","dateModified":"2021-07-28T16:38:34+00:00","mainEntityOfPage":{"@id":"https:\/\/beduka.com\/blog\/exercicios\/exercicios-sobre-radicais-de-origem-latina\/"},"wordCount":1759,"commentCount":0,"publisher":{"@id":"https:\/\/beduka.com\/blog\/#organization"},"articleSection":["Exerc\u00edcios","Portugu\u00eas"],"inLanguage":"pt-BR","potentialAction":[{"@type":"CommentAction","name":"Comment","target":["https:\/\/beduka.com\/blog\/exercicios\/exercicios-sobre-radicais-de-origem-latina\/#respond"]}]},{"@type":"WebPage","@id":"https:\/\/beduka.com\/blog\/exercicios\/exercicios-sobre-radicais-de-origem-latina\/","url":"https:\/\/beduka.com\/blog\/exercicios\/exercicios-sobre-radicais-de-origem-latina\/","name":"Os 8 melhores exerc\u00edcios sobre Radicais de Origem Latina com Gabarito!","isPartOf":{"@id":"https:\/\/beduka.com\/blog\/#website"},"datePublished":"2021-07-28T16:38:31+00:00","dateModified":"2021-07-28T16:38:34+00:00","description":"Radical \u00e9 a parte da palavra que n\u00e3o muda. \u00c9 aquilo que traz a ess\u00eancia da palavra e mant\u00e9m o seu significado. Leia o resumo e teste seus conhecimentos com os 8 melhores exerc\u00edcios sobre radicais de origem latina! O gabarito est\u00e1 no final do texto.","breadcrumb":{"@id":"https:\/\/beduka.com\/blog\/exercicios\/exercicios-sobre-radicais-de-origem-latina\/#breadcrumb"},"inLanguage":"pt-BR","potentialAction":[{"@type":"ReadAction","target":["https:\/\/beduka.com\/blog\/exercicios\/exercicios-sobre-radicais-de-origem-latina\/"]}]},{"@type":"BreadcrumbList","@id":"https:\/\/beduka.com\/blog\/exercicios\/exercicios-sobre-radicais-de-origem-latina\/#breadcrumb","itemListElement":[{"@type":"ListItem","position":1,"name":"Home","item":"https:\/\/beduka.com\/blog\/"},{"@type":"ListItem","position":2,"name":"Os 8 melhores exerc\u00edcios sobre Radicais de Origem Latina com Gabarito!"}]},{"@type":"WebSite","@id":"https:\/\/beduka.com\/blog\/#website","url":"https:\/\/beduka.com\/blog\/","name":"Blog do Beduka | Mat\u00e9rias resumidas, Dicas e Exerc\u00edcios Enem","description":"O Blog do Beduka tem os conte\u00fados que mais caem no Enem, exerc\u00edcios de vestibular com gabarito, resumos, dicas e informa\u00e7\u00f5es Sisu, Prouni e Fies.Encontre dicas para o ENEM, resumos, exerc\u00edcios e informa\u00e7\u00f5es sobre os vestibulares. Acesse agora!","publisher":{"@id":"https:\/\/beduka.com\/blog\/#organization"},"potentialAction":[{"@type":"SearchAction","target":{"@type":"EntryPoint","urlTemplate":"https:\/\/beduka.com\/blog\/?s={search_term_string}"},"query-input":"required name=search_term_string"}],"inLanguage":"pt-BR"},{"@type":"Organization","@id":"https:\/\/beduka.com\/blog\/#organization","name":"Beduka","url":"https:\/\/beduka.com\/blog\/","logo":{"@type":"ImageObject","inLanguage":"pt-BR","@id":"https:\/\/beduka.com\/blog\/#\/schema\/logo\/image\/","url":"https:\/\/beduka.com\/blog\/wp-content\/uploads\/2020\/06\/marca-beduka.png","contentUrl":"https:\/\/beduka.com\/blog\/wp-content\/uploads\/2020\/06\/marca-beduka.png","width":1077,"height":368,"caption":"Beduka"},"image":{"@id":"https:\/\/beduka.com\/blog\/#\/schema\/logo\/image\/"},"sameAs":["https:\/\/www.facebook.com\/beduka.buscadordefaculdades\/","https:\/\/www.instagram.com\/beduka_oficial\/","https:\/\/www.linkedin.com\/company\/beduka","https:\/\/br.pinterest.com\/bedukaoficial\/","https:\/\/www.youtube.com\/beduka"]},{"@type":"Person","@id":"https:\/\/beduka.com\/blog\/#\/schema\/person\/6663b033dafd59fc30595515af1715a6","name":"Reda\u00e7\u00e3o Beduka","image":{"@type":"ImageObject","inLanguage":"pt-BR","@id":"https:\/\/beduka.com\/blog\/#\/schema\/person\/image\/","url":"https:\/\/secure.gravatar.com\/avatar\/6adaee42d8e8225567b5dc097972091b?s=96&d=mm&r=g","contentUrl":"https:\/\/secure.gravatar.com\/avatar\/6adaee42d8e8225567b5dc097972091b?s=96&d=mm&r=g","caption":"Reda\u00e7\u00e3o Beduka"},"description":"Este conte\u00fado foi criado e validado por uma equipe multidisciplinar, formada por especialistas em cada \u00e1rea do conhecimento. O Beduka est\u00e1 presente no Instagram, YouTube, LinkedIn e em diversos outros ambientes digitais. O site foi criado em 2017 e, desde a sua funda\u00e7\u00e3o, atua para fornecer materiais de qualidade para facilitar a vida de estudantes de todo o Brasil, ajudando-os a se preparar para os principais vestibulares e o Enem.","sameAs":["https:\/\/www.facebook.com\/beduka.buscadordefaculdades","https:\/\/www.instagram.com\/beduka_oficial\/","https:\/\/br.pinterest.com\/bedukaoficial\/"],"url":"https:\/\/beduka.com\/blog\/author\/alessandra\/"}]}},"_links":{"self":[{"href":"https:\/\/beduka.com\/blog\/wp-json\/wp\/v2\/posts\/22370"}],"collection":[{"href":"https:\/\/beduka.com\/blog\/wp-json\/wp\/v2\/posts"}],"about":[{"href":"https:\/\/beduka.com\/blog\/wp-json\/wp\/v2\/types\/post"}],"author":[{"embeddable":true,"href":"https:\/\/beduka.com\/blog\/wp-json\/wp\/v2\/users\/20"}],"replies":[{"embeddable":true,"href":"https:\/\/beduka.com\/blog\/wp-json\/wp\/v2\/comments?post=22370"}],"version-history":[{"count":1,"href":"https:\/\/beduka.com\/blog\/wp-json\/wp\/v2\/posts\/22370\/revisions"}],"predecessor-version":[{"id":22376,"href":"https:\/\/beduka.com\/blog\/wp-json\/wp\/v2\/posts\/22370\/revisions\/22376"}],"wp:featuredmedia":[{"embeddable":true,"href":"https:\/\/beduka.com\/blog\/wp-json\/wp\/v2\/media\/22374"}],"wp:attachment":[{"href":"https:\/\/beduka.com\/blog\/wp-json\/wp\/v2\/media?parent=22370"}],"wp:term":[{"taxonomy":"category","embeddable":true,"href":"https:\/\/beduka.com\/blog\/wp-json\/wp\/v2\/categories?post=22370"},{"taxonomy":"post_tag","embeddable":true,"href":"https:\/\/beduka.com\/blog\/wp-json\/wp\/v2\/tags?post=22370"}],"curies":[{"name":"wp","href":"https:\/\/api.w.org\/{rel}","templated":true}]}}