{"id":22524,"date":"2021-08-03T15:43:49","date_gmt":"2021-08-03T18:43:49","guid":{"rendered":"https:\/\/beduka.com\/blog\/?p=22524"},"modified":"2023-04-03T09:37:03","modified_gmt":"2023-04-03T12:37:03","slug":"semana-da-arte-moderna","status":"publish","type":"post","link":"https:\/\/beduka.com\/blog\/materias\/literatura\/semana-da-arte-moderna\/","title":{"rendered":"Semana de Arte Moderna: Como surgiu? organizadores e caracter\u00edsticas."},"content":{"rendered":"\n<blockquote class=\"wp-block-quote\"><p><strong>A Semana de Arte Moderna foi um per\u00edodo organizado por consagrados nomes art\u00edsticos brasileiros, com o objetivo de romper ideol\u00f3gica e esteticamente com as Escolas Liter\u00e1rias anteriores. Quer saber quem foram?&nbsp; Leia nosso artigo e aprenda de uma forma leve e eficiente que far\u00e1 voc\u00ea nunca mais esquecer o enredo desse grande evento.<\/strong><\/p><\/blockquote>\n\n\n\n<p><strong>Neste texto sobre a Semana de Arte Moderna, voc\u00ea encontrar\u00e1 os t\u00f3picos abaixo. Clique em um deles para ir diretamente ao conte\u00fado:<\/strong><\/p>\n\n\n\n<ol><li><a href=\"#-foi-a-semana\" data-type=\"internal\" data-id=\"#-foi-a-semana\">O que foi a Semana de Arte Moderna?<\/a><\/li><li><a href=\"#surgiu-a-semana\" data-type=\"internal\" data-id=\"#surgiu-a-semana\">Como surgiu a Semana que revolucionou a produ\u00e7\u00e3o liter\u00e1ria brasileira?<\/a><\/li><li><a href=\"#os-6-organizadores\" data-type=\"internal\" data-id=\"#os-6-organizadores\">Os 6 principais artistas participantes e organizadores da Semana de Arte Moderna.<\/a><\/li><li><a href=\"#artistas-participantes\" data-type=\"internal\" data-id=\"#artistas-participantes\">Lista de participantes da Semana de Arte Moderna.&nbsp;<\/a><\/li><li><a href=\"#decorrer-da-semana\" data-type=\"internal\" data-id=\"#decorrer-da-semana\">Como foi o decorrer da Semana de Arte Moderna?<\/a><\/li><li><a href=\"#11-principais\" data-type=\"internal\" data-id=\"#11-principais\">As 11 principais caracter\u00edsticas da Semana de Arte Moderna.<\/a><\/li><\/ol>\n\n\n\n<p><strong>Estudando para as provas?<\/strong> Conhe\u00e7a <a href=\"https:\/\/beduka.com\/blog\/dicas\/enem-dicas\/plano-de-estudos-gratuito\/\" target=\"_blank\" rel=\"noreferrer noopener\"><strong>O Plano de Estudos do Beduka!<\/strong><\/a> Ele te ajudar\u00e1 a organizar e simplificar seus estudos! A melhor forma para arrasar na prova do Enem!<\/p>\n\n\n\n<h2 class=\"wp-block-heading\" id=\"-foi-a-semana\">O que foi a Semana de Arte Moderna?<\/h2>\n\n\n\n<p><strong>Voc\u00ea quer aprender<\/strong> definitivamente sobre o enredo que envolve a Semana de Arte Moderna no Brasil? <strong>Ent\u00e3o leia a hist\u00f3ria que vou te contar\u2026<\/strong><\/p>\n\n\n\n<p>Um grupo de amigos que adorava pintar, desenhar e escrever, havia chegado recentemente da Europa. Sabemos que ao viajar, as ideias mudam e os horizontes se abrem, pois bem, foi isso que aconteceu.<\/p>\n\n\n\n<p><strong>Eles retornaram ao Brasil repletos de novas convic\u00e7\u00f5es.<\/strong> Uma vontade de contar ao Pa\u00eds o que haviam visto e sentido. As antigas palavras rebuscadas pareciam ter perdido o sentido, e ap\u00f3s um voo, a liberdade se tornou prioridade.<\/p>\n\n\n\n<p>Uma terr\u00edvel guerra que assolou o mundo havia acabado de chegar ao t\u00e9rmino. N\u00e3o queriam que suas obras se limitassem \u00e0 aprecia\u00e7\u00e3o de acad\u00eamicos e abastados .&nbsp;<\/p>\n\n\n\n<p><strong>Estavam prontos para romper com as correntes do passado<\/strong> e trilhar um novo caminho&#8230;Livre, simples, esteticamente imperfeito e humano.<\/p>\n\n\n\n<p><strong>Foi a\u00ed que <\/strong><a href=\"https:\/\/beduka.com\/blog\/exercicios\/exercicios-sobre-manuel-bandeira\/\" target=\"_blank\" rel=\"noreferrer noopener\"><strong>Manuel<\/strong><\/a><strong>, Anita, M\u00e1rio, <\/strong><a href=\"https:\/\/beduka.com\/blog\/materias\/artes\/principais-autores-futurismo\/\" target=\"_blank\" rel=\"noreferrer noopener\"><strong>Oswald<\/strong><\/a><strong> e alguns outros artistas tiveram uma brilhante ideia:<\/strong><\/p>\n\n\n\n<p>Levar ao Teatro uma nova arte, libertar a cultura brasileira das amarras de seus antepassados, rumo \u00e0 liberdade cultural. Assim, na efervesc\u00eancia de S\u00e3o Paulo,<strong> mais de cem obras foram expostas durante uma semana, sobre vaias e aplausos.<\/strong><\/p>\n\n\n\n<p><strong>Segundo Di Cavalcanti:<\/strong><\/p>\n\n\n\n<p><a href=\"https:\/\/www.terra.com.br\/noticias\/educacao\/historia\/a-semana-de-arte-moderna-de-1922,200823d6c76da310VgnCLD200000bbcceb0aRCRD.html\" target=\"_blank\" rel=\"noreferrer noopener\">\u201c\u2026 seria uma semana de esc\u00e2ndalos liter\u00e1rios e art\u00edsticos, de meter os estribos na barriga da burguesiazinha paulista\u201d&nbsp;<\/a><\/p>\n\n\n\n<ul><li><strong>S\u00e3o mais de 200 resumos gratuitos no <\/strong><a href=\"https:\/\/www.instagram.com\/beduka_oficial\/\" target=\"_blank\" rel=\"noreferrer noopener\"><strong>Instagram do Beduka<\/strong><\/a><strong>. Aproveite!<\/strong><\/li><\/ul>\n\n\n\n<h2 class=\"wp-block-heading\" id=\"surgiu-a-semana\">Como surgiu a Semana que revolucionou a produ\u00e7\u00e3o liter\u00e1ria brasileira?<\/h2>\n\n\n\n<p>A Semana de Arte Moderna surge como um ato revolucion\u00e1rio em meio a um conturbado per\u00edodo hist\u00f3rico. Na Europa, as <strong>vanguardas<\/strong> dominavam o cen\u00e1rio cultural, espalhando um novo conceito de produ\u00e7\u00e3o art\u00edstica.<\/p>\n\n\n\n<p><strong>No Brasil, era o per\u00edodo da <\/strong><a href=\"https:\/\/beduka.com\/blog\/materias\/historia\/o-que-foi-a-republica-velha\/\" target=\"_blank\" rel=\"noreferrer noopener\"><strong>Rep\u00fablica Velha<\/strong><\/a>, na qual a pol\u00edtica do caf\u00e9 com leite dominava os mais diversos setores sociais. Um importante fator nesse contexto, \u00e9 que a maioria dos artistas do per\u00edodo eram frutos de fam\u00edlias olig\u00e1rquicas.<\/p>\n\n\n\n<p>Esse fato facilitou a realiza\u00e7\u00e3o da Semana de Arte Moderna que ocorreu no Teatro Municipal de S\u00e3o Paulo. O poder aquisitivo tamb\u00e9m tornou o cen\u00e1rio favor\u00e1vel ao contato dos artistas brasileiros com as <a href=\"https:\/\/beduka.com\/blog\/materias\/literatura\/resumo-das-vanguardas-europeias\/\" target=\"_blank\" rel=\"noreferrer noopener\"><strong>vanguardas europeias.<\/strong><\/a><\/p>\n\n\n\n<p><strong>O <\/strong><a href=\"https:\/\/beduka.com\/blog\/materias\/historia\/fases-do-capitalismo\/\" target=\"_blank\" rel=\"noreferrer noopener\"><strong>capitalismo<\/strong><\/a><strong> estava em um momento de crescente expans\u00e3o, a elite paulista e os ideais est\u00e9ticos retr\u00f3grados dominavam o pa\u00eds.<\/strong> O que transformou essa semana em um grande burburinho.<\/p>\n\n\n\n<p><strong>No cen\u00e1rio global, terminava a <\/strong><a href=\"https:\/\/beduka.com\/blog\/materias\/historia\/resumo-da-primeira-guerra-mundial\/\" target=\"_blank\" rel=\"noreferrer noopener\"><strong>Primeira Guerra Mundial<\/strong><\/a><strong> <\/strong>e uma polariza\u00e7\u00e3o entre capitalismo e socialismo come\u00e7ava a ser difundida. Diante disso,&nbsp; os artistas voltaram-se \u00e0 necessidade da aproxima\u00e7\u00e3o com a realidade social.&nbsp;<\/p>\n\n\n\n<p><strong>Todos esses aspectos culminaram na Semana de Arte Moderna ou Semana de 22<\/strong>, <strong>entre os dias<\/strong><strong> 11 e 18 de fevereiro, em 1922, <\/strong>que rompeu com as escolas liter\u00e1rias anteriores, com o academicismo e o rigor est\u00e9tico liter\u00e1rio.<\/p>\n\n\n\n<h2 class=\"wp-block-heading\" id=\"os-6-organizadores\">Conhe\u00e7a os 6 organizadores da Semana de Arte Moderna.<\/h2>\n\n\n\n<h3 class=\"wp-block-heading\">1- Anita Mafaltti<\/h3>\n\n\n\n<p>Anita Mafaltti \u00e9 um importante nome das Artes Pl\u00e1sticas do Brasil. <strong>A artista trouxe \u00e0 Semana de Arte Moderna fant\u00e1sticas pinturas expressionistas.<\/strong><\/p>\n\n\n\n<p>Uma das grandes respons\u00e1veis pelas transforma\u00e7\u00f5es culturais da Semana de 22, <strong>Malfatti recebeu&nbsp; pesad\u00edssimas cr\u00edticas oriundas do autor Monteiro Lobato.&nbsp;<\/strong><\/p>\n\n\n\n<p>Publicada no jornal O Estado de S\u00e3o Paulo, intitulada <strong>&#8220;Paranoia ou mistifica\u00e7\u00e3o?&#8221;<\/strong> Segue um trecho do artigo de Monteiro Lobato:<\/p>\n\n\n\n<blockquote class=\"wp-block-quote\"><p>\u201cEmbora eles se deem como novos, precursores duma arte a vir, nada \u00e9 mais velho do que a arte anormal ou teratol\u00f3gica: nasceu com a paranoia e com a mistifica\u00e7\u00e3o.<\/p><p>De h\u00e1 muito j\u00e1 que a estudam os psiquiatras em seus tratados, documentando-se nos in\u00fameros desenhos que ornam as paredes internas dos manic\u00f4mios. A \u00fanica diferen\u00e7a reside em que nos manic\u00f4mios essa arte \u00e9 sincera, produto l\u00f3gico de c\u00e9rebros transtornados pelas mais estranhas psicoses; e fora deles, nas exposi\u00e7\u00f5es p\u00fablicas, zabumbadas pela imprensa e absorvidas por americanos malucos, n\u00e3o h\u00e1 sinceridade nenhuma, nem nenhuma l\u00f3gica, sendo tudo mistifica\u00e7\u00e3o pura.\u201d<\/p><\/blockquote>\n\n\n\n<h3 class=\"wp-block-heading\">2- Manuel Bandeira<\/h3>\n\n\n\n<p><strong>Manuel Bandeira<\/strong> nasceu no dia 19 de abril de 1886, no Recife, Pernambuco. Aos dez anos de idade, se mudou para o Rio de Janeiro. <strong>\u00c9 considerado um dos mais importantes poetas brasileiros<\/strong><\/p>\n\n\n\n<p><strong>Sua obra intitulada \u201cOs Sapos\u201d<\/strong> \u00e9 uma das mais famosas e mencionadas da Semana de Arte Moderna no Brasil. Sua severa cr\u00edtica ao <a href=\"https:\/\/beduka.com\/blog\/materias\/literatura\/resumo-do-parnasianismo\/\" target=\"_blank\" rel=\"noreferrer noopener\">parnasianismo<\/a> e a um modelo est\u00e9tico elitista e tradicional ocasionou vaias e aplausos. Segue um trecho:<\/p>\n\n\n\n<blockquote class=\"wp-block-quote\"><p><em>Enfunando os papos,<\/em><\/p><p><em>Saem da penumbra,<\/em><\/p><p><em>Aos pulos, os sapos.<\/em><\/p><p><em>A luz os deslumbra.<\/em><\/p><\/blockquote>\n\n\n\n<p>Utilizou a ironia e a par\u00f3dia para simbolizar a ruptura com a estiliza\u00e7\u00e3o da poesia<strong>.&nbsp; Manuel Bandeira era adepto dos versos livres, da linguagem coloquial, da irrever\u00eancia e da liberdade criadora.&nbsp;<\/strong><\/p>\n\n\n\n<h3 class=\"wp-block-heading\">3- M\u00e1rio de Andrade<\/h3>\n\n\n\n<p>Autor de <strong>\u201cPaulic\u00e9ia Desvairada&#8221; e adepto da valoriza\u00e7\u00e3o da linguagem simples e do nacionalismo cr\u00edtico<\/strong>. Sua obra mais aclamada \u00e9 <a href=\"https:\/\/beduka.com\/blog\/materias\/literatura\/resumo-do-livro-macunaima\/\" target=\"_blank\" rel=\"noreferrer noopener\"><strong>\u201cMacuna\u00edma\u201d<\/strong>.<\/a><\/p>\n\n\n\n<p>M\u00e1rio de Andrade tamb\u00e9m foi um dos organizadores da Semana de Arte Moderna, al\u00e9m de ter participado da Revista Klaxon, que servia de divulga\u00e7\u00e3o para o Movimento Modernista.<\/p>\n\n\n\n<p>Observe o trecho da obra Paulic\u00e9ia Desvairada, atrav\u00e9s da qual o autor abusa do experimentalismo lingu\u00edstico:<\/p>\n\n\n\n<blockquote class=\"wp-block-quote\"><p>S\u00e3o Paulo! como\u00e7\u00e3o de minha vida&#8230;<\/p><p>Os meus amores s\u00e3o flores feitas de original&#8230;<\/p><p>Arlequinal!&#8230; Traje de losangos&#8230; Cinza e ouro&#8230;<\/p><p>Luz e bruma&#8230; Forno e inverno morno&#8230;<\/p><p>Eleg\u00e2ncias sutis sem esc\u00e2ndalos, sem ci\u00fames&#8230;<\/p><p>Perfumes de Paris&#8230; Arys!<\/p><p>Bofetadas l\u00edricas no Trianon&#8230; Algodoal!&#8230;<\/p><p>S\u00e3o Paulo! como\u00e7\u00e3o de minha vida&#8230;<\/p><p>Galicismo a barrar nos desertos da Am\u00e9rica!<\/p><\/blockquote>\n\n\n\n<h3 class=\"wp-block-heading\">4- Oswald de Andrade<\/h3>\n\n\n\n<p>Um dos principais organizadores da <a href=\"https:\/\/beduka.com\/blog\/exercicios\/questoes-sobre-semana-arte-moderna\/\" target=\"_blank\" rel=\"noreferrer noopener\">Semana de Arte Moderna <\/a>em 1922. Foi um ferrenho militante pol\u00edtico.<\/p>\n\n\n\n<p><strong>Suas principais caracter\u00edsticas s\u00e3o a ironia e o humor<\/strong>. Foi autor dos principais manifestos modernistas: o <strong>Manifesto Pau-Brasil<\/strong> e o <strong>Manifesto Antrop\u00f3fago<\/strong>.<\/p>\n\n\n\n<p>Veja atrav\u00e9s do poema <strong>\u201cOs Pronominais\u201d<\/strong> como Oswald promoveu uma ruptura com os padr\u00f5es liter\u00e1rios e a linguagem da gram\u00e1tica normativa:<\/p>\n\n\n\n<blockquote class=\"wp-block-quote\"><p>&#8220;D\u00ea-me um cigarro<\/p><p>Diz a gram\u00e1tica<\/p><p>Do professor e do aluno<\/p><p>E do mulato sabido<\/p><p>Mas o bom negro e o bom branco<\/p><p>Da Na\u00e7\u00e3o Brasileira<\/p><p>Dizem todos os dias<\/p><p>deixa disso camarada<\/p><p>Me d\u00e1 um cigarro.\u201d<\/p><\/blockquote>\n\n\n\n<p>Para o escritor, <strong>o registro do \u201cerro\u201d ou a utiliza\u00e7\u00e3o da linguagem coloquial faz parte da aproxima\u00e7\u00e3o da realidade social<\/strong>. Uma esp\u00e9cie de contribui\u00e7\u00e3o para o fortalecimento nacional.<\/p>\n\n\n\n<h3 class=\"wp-block-heading\">5- Gra\u00e7a Aranha<\/h3>\n\n\n\n<p>Ap\u00f3s contato com as vanguardas europeias, tornou- se&nbsp; um dos organizadores da Semana de 22. Inclusive,<strong> foi incumbido de gerenciar o primeiro dia da Semana de Arte Moderna com o discurso <\/strong><strong>&nbsp;<\/strong><strong>\u201cA emo\u00e7\u00e3o est\u00e9tica na arte moderna\u201d.&nbsp;<\/strong><\/p>\n\n\n\n<p>Gra\u00e7a Aranha tamb\u00e9m foi um dos fundadores da Academia Brasileira de Letras, por\u00e9m rompeu com a mesma em 1924, em uma confer\u00eancia denominada&nbsp; <strong>\u201cO Esp\u00edrito Moderno\u201d<\/strong>.<\/p>\n\n\n\n<p>Segue um trecho da confer\u00eancia:&nbsp;<\/p>\n\n\n\n<blockquote class=\"wp-block-quote\"><p>&#8220;Ignoro como justificar a fun\u00e7\u00e3o social da Academia. O que se pode afirmar para conden\u00e1-la \u00e9 que ela suscita o estilo acad\u00eamico, constrange a livre inspira\u00e7\u00e3o, refreia o jovem e \u00e1rdego talento que deixa de ser independente para se vasar no molde da Academia. \u00c9 um grande mal na renova\u00e7\u00e3o est\u00e9tica do Brasil e nenhum benef\u00edcio trar\u00e1 \u00e0 l\u00edngua esse esp\u00edrito acad\u00eamico, que mata ao nascer a originalidade profunda e tumultu\u00e1ria da nossa floresta de voc\u00e1bulos, frases e id\u00e9ias. Ah! se os nossos escritores n\u00e3o pensassem na Academia, se eles por sua vez a matassem em suas almas, que descortino imenso para o magn\u00edfico surto do g\u00eanio, enfim liberto de mais esse terror.&#8221;<\/p><\/blockquote>\n\n\n\n<h3 class=\"wp-block-heading\">6- Tarsila do Amaral<\/h3>\n\n\n\n<p>Importante pintora e desenhista brasileira, foi uma das fundadoras de um dos movimentos mais radicais do per\u00edodo modernista: o<strong> Movimento Antropof\u00e1gico. Sua obra mais conhecida \u00e9 &#8220;Abaporu&#8221;.<\/strong><\/p>\n\n\n\n<p><strong>Tarsila do Amaral casou-se com Oswald de Andrade. <\/strong>Apesar de n\u00e3o ter participado diretamente da Semana de Arte Moderna, esteve envolvida com o ideal, consequentemente foi uma de suas precursoras.<\/p>\n\n\n\n<p><strong>Com tem\u00e1ticas tropicais, repletas de cores e uma valoriza\u00e7\u00e3o do nacionalismo<\/strong>, Tarsila rompeu totalmente com o conservadorismo vigente da \u00e9poca.<\/p>\n\n\n\n<h2 class=\"wp-block-heading\" id=\"artistas-participantes\">Lista dos artistas participantes da Semana de Arte Moderna<\/h2>\n\n\n\n<ul><li>M\u00e1rio de Andrade (1893-1945)<\/li><li>Oswald de Andrade (1890-1954)<\/li><li>Gra\u00e7a Aranha (1868-1931)<\/li><li>Victor Brecheret (1894-1955)<\/li><li>Pl\u00ednio Salgado (1895-1975)<\/li><li>Anita Malfatti (1889-1964)<\/li><li>Menotti Del Picchia (1892-1988)<\/li><li>Ronald de Carvalho (1893-1935)<\/li><li>Guilherme de Almeida (1890-1969)<\/li><li>S\u00e9rgio Milliet (1898-1966)<\/li><li>Heitor Villa-Lobos (1887-1959)<\/li><li>T\u00e1cito de Almeida (1889-1940)<\/li><li>Di Cavalcanti (1897- 1976)<\/li><li>Guiomar Novaes (1894-1979)<\/li><\/ul>\n\n\n\n<h2 class=\"wp-block-heading\" id=\"decorrer-da-semana\">Como foi o decorrer da Semana de Arte Moderna?<\/h2>\n\n\n\n<h3 class=\"wp-block-heading\">Primeiro dia<\/h3>\n\n\n\n<p>O primeiro dia ocorreu em 13 de fevereiro de 1922, no Teatro Municipal de S\u00e3o Paulo. Todas as cadeiras estavam ocupadas, o ambiente lotado, uma aura de grande expectativa permeava a abertura do evento que modificaria os pr\u00f3ximos anos da produ\u00e7\u00e3o cultural brasileira.<\/p>\n\n\n\n<p>A palestra intitulada <strong>\u201cA emo\u00e7\u00e3o est\u00e9tica da Arte Moderna\u201d<\/strong> de Gra\u00e7a Aranha provocou \u00eaxtase e uma certa confus\u00e3o na plateia. Esculturas e pinturas j\u00e1 se encontravam expostas no sagu\u00e3o. Os olhares eram de espanto e um certo rep\u00fadio.<\/p>\n\n\n\n<p>Mas uma desconfiante calmaria perdurou durante todo o primeiro grande dia.&nbsp;<\/p>\n\n\n\n<h3 class=\"wp-block-heading\">Segundo dia<\/h3>\n\n\n\n<p>O escritor Manuel Bandeira foi o grande nome do Segundo dia da Semana de Arte Moderna, apesar de n\u00e3o ter comparecido ao evento. Sua obra \u201cOs Sapos\u201d foi a respons\u00e1vel pelo frenesi da noite.<\/p>\n\n\n\n<p>Com uma evidente cr\u00edtica ao parnasianismo voltada \u00e0 rigidez est\u00e9tica do estilo liter\u00e1rio, a leitura da obra resultou principalmente em vaias. Em termos de aceita\u00e7\u00e3o, <strong>a semana parecia estar sendo um fracasso<\/strong>.<\/p>\n\n\n\n<h3 class=\"wp-block-heading\">Terceiro dia<\/h3>\n\n\n\n<p><strong>O terceiro dia configurou em uma plat\u00e9ia vazia<\/strong>. Villa Lobos tocou a um n\u00famero reduzid\u00edssimo de pessoas e, apesar de uma certa tranquilidade, um acontecimento inusitado acabou sendo considerado afrontoso.<\/p>\n\n\n\n<p>Villa Lobos entrou cal\u00e7ando em um dos p\u00e9s um sapato, enquanto no outro, uma sand\u00e1lia. Aqueles poucos que prestigiaram o evento interpretaram como mais uma atitude de protesto e desdenho.&nbsp;<\/p>\n\n\n\n<p>Villa Lobos estava apenas com um calo no p\u00e9.<\/p>\n\n\n\n<h2 class=\"wp-block-heading\" id=\"11-principais\">As 11 principais caracter\u00edsticas da Semana de Arte Moderna.<\/h2>\n\n\n\n<p>Veja a seguir as 11 principais caracter\u00edsticas da Semana de Arte Moderna:<\/p>\n\n\n\n<ul><li>Rompimento com padr\u00f5es est\u00e9ticos r\u00edgidos;<\/li><li>Linguagem simples e acess\u00edvel;<\/li><li>Liberdade criativa;&nbsp;<\/li><li>Regionalismo;<\/li><li>Valoriza\u00e7\u00e3o da identidade nacional;<\/li><li>Refer\u00eancia as vanguardas europ\u00e9ias: cubismo, futurismo, dada\u00edsmo, surrealismo e expressionismo;<\/li><li>Cr\u00edticas \u00e0s correntes liter\u00e1rias anteriores, principalmente ao parnasianismo.<\/li><li>Utiliza\u00e7\u00e3o do humor e da ironia;<\/li><li>Experimenta\u00e7\u00f5es liter\u00e1rias;<\/li><li>Antiacademicismo;&nbsp;<\/li><li>Versos Livres;<\/li><\/ul>\n\n\n\n<ul><li><strong>Conhe\u00e7a o nosso <\/strong><a href=\"https:\/\/beduka.com\/blog\/materias\/redacao\/redacao-dissertativa-argumentativa\/\" target=\"_blank\" rel=\"noreferrer noopener\"><strong>Guia da Reda\u00e7\u00e3o<\/strong><\/a><strong> para se sair bem nas provas!<\/strong><\/li><\/ul>\n\n\n\n<p><strong>Gostou do nosso artigo sobre a Semana de Arte Moderna?<\/strong> Confira outros artigos do nosso blog e se prepare para o Enem da melhor maneira! Voc\u00ea tamb\u00e9m pode se organizar com o nosso <a href=\"https:\/\/beduka.com\/blog\/dicas\/enem-dicas\/plano-de-estudos-gratuito\/\" target=\"_blank\" rel=\"noreferrer noopener\">plano de estudos<\/a>, o mais completo da internet, e o melhor: totalmente gratuito!<\/p>\n\n\n\n<p><strong>Queremos te ajudar a encontrar a FACULDADE IDEAL!<\/strong> Logo abaixo, fa\u00e7a uma pesquisa por curso e cidade que te mostraremos todas as faculdades que podem te atender. Informamos a nota de corte, valor de mensalidade, nota do MEC, avalia\u00e7\u00e3o dos alunos, modalidades de ensino e muito mais.<\/p>\n\n\n\n<p><strong>Experimente agora!<\/strong><\/p>\n","protected":false},"excerpt":{"rendered":"<p>A Semana de Arte Moderna foi um evento art\u00edstico liter\u00e1rio que ocorreu em um teatro, na efervesc\u00eancia de S\u00e3o Paulo. Leia nosso artigo e aprenda de uma forma leve e eficiente que far\u00e1 voc\u00ea nunca mais esquecer o enredo desse acontecimento cultural.<\/p>\n","protected":false},"author":20,"featured_media":22526,"comment_status":"open","ping_status":"closed","sticky":false,"template":"","format":"standard","meta":{"_mi_skip_tracking":false,"_monsterinsights_sitenote_active":false,"_monsterinsights_sitenote_note":"","_monsterinsights_sitenote_category":0},"categories":[489],"tags":[],"yoast_head":"<!-- This site is optimized with the Yoast SEO plugin v20.10 - https:\/\/yoast.com\/wordpress\/plugins\/seo\/ -->\n<title>Semana de Arte Moderna: Como surgiu? organizadores e caracter\u00edsticas.<\/title>\n<meta name=\"description\" content=\"A Semana de Arte Moderna foi um evento art\u00edstico liter\u00e1rio que ocorreu em um teatro, na efervesc\u00eancia de S\u00e3o Paulo. Leia nosso artigo e aprenda de uma forma leve e eficiente que far\u00e1 voc\u00ea nunca mais esquecer o enredo desse acontecimento cultural.\" \/>\n<meta name=\"robots\" content=\"index, follow, max-snippet:-1, max-image-preview:large, max-video-preview:-1\" \/>\n<link rel=\"canonical\" href=\"https:\/\/beduka.com\/blog\/materias\/literatura\/semana-da-arte-moderna\/\" \/>\n<meta property=\"og:locale\" content=\"pt_BR\" \/>\n<meta property=\"og:type\" content=\"article\" \/>\n<meta property=\"og:title\" content=\"Semana de Arte Moderna: Como surgiu? organizadores e caracter\u00edsticas.\" \/>\n<meta property=\"og:description\" content=\"A Semana de Arte Moderna foi um evento art\u00edstico liter\u00e1rio que ocorreu em um teatro, na efervesc\u00eancia de S\u00e3o Paulo. Leia nosso artigo e aprenda de uma forma leve e eficiente que far\u00e1 voc\u00ea nunca mais esquecer o enredo desse acontecimento cultural.\" \/>\n<meta property=\"og:url\" content=\"https:\/\/beduka.com\/blog\/materias\/literatura\/semana-da-arte-moderna\/\" \/>\n<meta property=\"og:site_name\" content=\"Blog do Beduka | Mat\u00e9rias resumidas, Dicas e Exerc\u00edcios Enem\" \/>\n<meta property=\"article:publisher\" content=\"https:\/\/www.facebook.com\/beduka.buscadordefaculdades\/\" \/>\n<meta property=\"article:author\" content=\"https:\/\/www.facebook.com\/beduka.buscadordefaculdades\" \/>\n<meta property=\"article:published_time\" content=\"2021-08-03T18:43:49+00:00\" \/>\n<meta property=\"article:modified_time\" content=\"2023-04-03T12:37:03+00:00\" \/>\n<meta property=\"og:image\" content=\"https:\/\/beduka.com\/blog\/wp-content\/uploads\/2021\/08\/Semana-de-Arte-Moderna-Como-surgiu-organizadores-e-caracteristicas.jpg\" \/>\n\t<meta property=\"og:image:width\" content=\"609\" \/>\n\t<meta property=\"og:image:height\" content=\"342\" \/>\n\t<meta property=\"og:image:type\" content=\"image\/jpeg\" \/>\n<meta name=\"author\" content=\"Reda\u00e7\u00e3o Beduka\" \/>\n<meta name=\"twitter:card\" content=\"summary_large_image\" \/>\n<meta name=\"twitter:label1\" content=\"Escrito por\" \/>\n\t<meta name=\"twitter:data1\" content=\"Reda\u00e7\u00e3o Beduka\" \/>\n\t<meta name=\"twitter:label2\" content=\"Est. tempo de leitura\" \/>\n\t<meta name=\"twitter:data2\" content=\"10 minutos\" \/>\n<script type=\"application\/ld+json\" class=\"yoast-schema-graph\">{\"@context\":\"https:\/\/schema.org\",\"@graph\":[{\"@type\":\"Article\",\"@id\":\"https:\/\/beduka.com\/blog\/materias\/literatura\/semana-da-arte-moderna\/#article\",\"isPartOf\":{\"@id\":\"https:\/\/beduka.com\/blog\/materias\/literatura\/semana-da-arte-moderna\/\"},\"author\":{\"name\":\"Reda\u00e7\u00e3o Beduka\",\"@id\":\"https:\/\/beduka.com\/blog\/#\/schema\/person\/6663b033dafd59fc30595515af1715a6\"},\"headline\":\"Semana de Arte Moderna: Como surgiu? organizadores e caracter\u00edsticas.\",\"datePublished\":\"2021-08-03T18:43:49+00:00\",\"dateModified\":\"2023-04-03T12:37:03+00:00\",\"mainEntityOfPage\":{\"@id\":\"https:\/\/beduka.com\/blog\/materias\/literatura\/semana-da-arte-moderna\/\"},\"wordCount\":2085,\"commentCount\":0,\"publisher\":{\"@id\":\"https:\/\/beduka.com\/blog\/#organization\"},\"articleSection\":[\"Literatura\"],\"inLanguage\":\"pt-BR\",\"potentialAction\":[{\"@type\":\"CommentAction\",\"name\":\"Comment\",\"target\":[\"https:\/\/beduka.com\/blog\/materias\/literatura\/semana-da-arte-moderna\/#respond\"]}]},{\"@type\":\"WebPage\",\"@id\":\"https:\/\/beduka.com\/blog\/materias\/literatura\/semana-da-arte-moderna\/\",\"url\":\"https:\/\/beduka.com\/blog\/materias\/literatura\/semana-da-arte-moderna\/\",\"name\":\"Semana de Arte Moderna: Como surgiu? organizadores e caracter\u00edsticas.\",\"isPartOf\":{\"@id\":\"https:\/\/beduka.com\/blog\/#website\"},\"datePublished\":\"2021-08-03T18:43:49+00:00\",\"dateModified\":\"2023-04-03T12:37:03+00:00\",\"description\":\"A Semana de Arte Moderna foi um evento art\u00edstico liter\u00e1rio que ocorreu em um teatro, na efervesc\u00eancia de S\u00e3o Paulo. Leia nosso artigo e aprenda de uma forma leve e eficiente que far\u00e1 voc\u00ea nunca mais esquecer o enredo desse acontecimento cultural.\",\"breadcrumb\":{\"@id\":\"https:\/\/beduka.com\/blog\/materias\/literatura\/semana-da-arte-moderna\/#breadcrumb\"},\"inLanguage\":\"pt-BR\",\"potentialAction\":[{\"@type\":\"ReadAction\",\"target\":[\"https:\/\/beduka.com\/blog\/materias\/literatura\/semana-da-arte-moderna\/\"]}]},{\"@type\":\"BreadcrumbList\",\"@id\":\"https:\/\/beduka.com\/blog\/materias\/literatura\/semana-da-arte-moderna\/#breadcrumb\",\"itemListElement\":[{\"@type\":\"ListItem\",\"position\":1,\"name\":\"Home\",\"item\":\"https:\/\/beduka.com\/blog\/\"},{\"@type\":\"ListItem\",\"position\":2,\"name\":\"Semana de Arte Moderna: Como surgiu? organizadores e caracter\u00edsticas.\"}]},{\"@type\":\"WebSite\",\"@id\":\"https:\/\/beduka.com\/blog\/#website\",\"url\":\"https:\/\/beduka.com\/blog\/\",\"name\":\"Blog do Beduka | Mat\u00e9rias resumidas, Dicas e Exerc\u00edcios Enem\",\"description\":\"O Blog do Beduka tem os conte\u00fados que mais caem no Enem, exerc\u00edcios de vestibular com gabarito, resumos, dicas e informa\u00e7\u00f5es Sisu, Prouni e Fies.Encontre dicas para o ENEM, resumos, exerc\u00edcios e informa\u00e7\u00f5es sobre os vestibulares. Acesse agora!\",\"publisher\":{\"@id\":\"https:\/\/beduka.com\/blog\/#organization\"},\"potentialAction\":[{\"@type\":\"SearchAction\",\"target\":{\"@type\":\"EntryPoint\",\"urlTemplate\":\"https:\/\/beduka.com\/blog\/?s={search_term_string}\"},\"query-input\":\"required name=search_term_string\"}],\"inLanguage\":\"pt-BR\"},{\"@type\":\"Organization\",\"@id\":\"https:\/\/beduka.com\/blog\/#organization\",\"name\":\"Beduka\",\"url\":\"https:\/\/beduka.com\/blog\/\",\"logo\":{\"@type\":\"ImageObject\",\"inLanguage\":\"pt-BR\",\"@id\":\"https:\/\/beduka.com\/blog\/#\/schema\/logo\/image\/\",\"url\":\"https:\/\/beduka.com\/blog\/wp-content\/uploads\/2020\/06\/marca-beduka.png\",\"contentUrl\":\"https:\/\/beduka.com\/blog\/wp-content\/uploads\/2020\/06\/marca-beduka.png\",\"width\":1077,\"height\":368,\"caption\":\"Beduka\"},\"image\":{\"@id\":\"https:\/\/beduka.com\/blog\/#\/schema\/logo\/image\/\"},\"sameAs\":[\"https:\/\/www.facebook.com\/beduka.buscadordefaculdades\/\",\"https:\/\/www.instagram.com\/beduka_oficial\/\",\"https:\/\/www.linkedin.com\/company\/beduka\",\"https:\/\/br.pinterest.com\/bedukaoficial\/\",\"https:\/\/www.youtube.com\/beduka\"]},{\"@type\":\"Person\",\"@id\":\"https:\/\/beduka.com\/blog\/#\/schema\/person\/6663b033dafd59fc30595515af1715a6\",\"name\":\"Reda\u00e7\u00e3o Beduka\",\"image\":{\"@type\":\"ImageObject\",\"inLanguage\":\"pt-BR\",\"@id\":\"https:\/\/beduka.com\/blog\/#\/schema\/person\/image\/\",\"url\":\"https:\/\/secure.gravatar.com\/avatar\/6adaee42d8e8225567b5dc097972091b?s=96&d=mm&r=g\",\"contentUrl\":\"https:\/\/secure.gravatar.com\/avatar\/6adaee42d8e8225567b5dc097972091b?s=96&d=mm&r=g\",\"caption\":\"Reda\u00e7\u00e3o Beduka\"},\"description\":\"Este conte\u00fado foi criado e validado por uma equipe multidisciplinar, formada por especialistas em cada \u00e1rea do conhecimento. O Beduka est\u00e1 presente no Instagram, YouTube, LinkedIn e em diversos outros ambientes digitais. O site foi criado em 2017 e, desde a sua funda\u00e7\u00e3o, atua para fornecer materiais de qualidade para facilitar a vida de estudantes de todo o Brasil, ajudando-os a se preparar para os principais vestibulares e o Enem.\",\"sameAs\":[\"https:\/\/www.facebook.com\/beduka.buscadordefaculdades\",\"https:\/\/www.instagram.com\/beduka_oficial\/\",\"https:\/\/br.pinterest.com\/bedukaoficial\/\"],\"url\":\"https:\/\/beduka.com\/blog\/author\/alessandra\/\"}]}<\/script>\n<!-- \/ Yoast SEO plugin. -->","yoast_head_json":{"title":"Semana de Arte Moderna: Como surgiu? organizadores e caracter\u00edsticas.","description":"A Semana de Arte Moderna foi um evento art\u00edstico liter\u00e1rio que ocorreu em um teatro, na efervesc\u00eancia de S\u00e3o Paulo. Leia nosso artigo e aprenda de uma forma leve e eficiente que far\u00e1 voc\u00ea nunca mais esquecer o enredo desse acontecimento cultural.","robots":{"index":"index","follow":"follow","max-snippet":"max-snippet:-1","max-image-preview":"max-image-preview:large","max-video-preview":"max-video-preview:-1"},"canonical":"https:\/\/beduka.com\/blog\/materias\/literatura\/semana-da-arte-moderna\/","og_locale":"pt_BR","og_type":"article","og_title":"Semana de Arte Moderna: Como surgiu? organizadores e caracter\u00edsticas.","og_description":"A Semana de Arte Moderna foi um evento art\u00edstico liter\u00e1rio que ocorreu em um teatro, na efervesc\u00eancia de S\u00e3o Paulo. Leia nosso artigo e aprenda de uma forma leve e eficiente que far\u00e1 voc\u00ea nunca mais esquecer o enredo desse acontecimento cultural.","og_url":"https:\/\/beduka.com\/blog\/materias\/literatura\/semana-da-arte-moderna\/","og_site_name":"Blog do Beduka | Mat\u00e9rias resumidas, Dicas e Exerc\u00edcios Enem","article_publisher":"https:\/\/www.facebook.com\/beduka.buscadordefaculdades\/","article_author":"https:\/\/www.facebook.com\/beduka.buscadordefaculdades","article_published_time":"2021-08-03T18:43:49+00:00","article_modified_time":"2023-04-03T12:37:03+00:00","og_image":[{"width":609,"height":342,"url":"https:\/\/beduka.com\/blog\/wp-content\/uploads\/2021\/08\/Semana-de-Arte-Moderna-Como-surgiu-organizadores-e-caracteristicas.jpg","type":"image\/jpeg"}],"author":"Reda\u00e7\u00e3o Beduka","twitter_card":"summary_large_image","twitter_misc":{"Escrito por":"Reda\u00e7\u00e3o Beduka","Est. tempo de leitura":"10 minutos"},"schema":{"@context":"https:\/\/schema.org","@graph":[{"@type":"Article","@id":"https:\/\/beduka.com\/blog\/materias\/literatura\/semana-da-arte-moderna\/#article","isPartOf":{"@id":"https:\/\/beduka.com\/blog\/materias\/literatura\/semana-da-arte-moderna\/"},"author":{"name":"Reda\u00e7\u00e3o Beduka","@id":"https:\/\/beduka.com\/blog\/#\/schema\/person\/6663b033dafd59fc30595515af1715a6"},"headline":"Semana de Arte Moderna: Como surgiu? organizadores e caracter\u00edsticas.","datePublished":"2021-08-03T18:43:49+00:00","dateModified":"2023-04-03T12:37:03+00:00","mainEntityOfPage":{"@id":"https:\/\/beduka.com\/blog\/materias\/literatura\/semana-da-arte-moderna\/"},"wordCount":2085,"commentCount":0,"publisher":{"@id":"https:\/\/beduka.com\/blog\/#organization"},"articleSection":["Literatura"],"inLanguage":"pt-BR","potentialAction":[{"@type":"CommentAction","name":"Comment","target":["https:\/\/beduka.com\/blog\/materias\/literatura\/semana-da-arte-moderna\/#respond"]}]},{"@type":"WebPage","@id":"https:\/\/beduka.com\/blog\/materias\/literatura\/semana-da-arte-moderna\/","url":"https:\/\/beduka.com\/blog\/materias\/literatura\/semana-da-arte-moderna\/","name":"Semana de Arte Moderna: Como surgiu? organizadores e caracter\u00edsticas.","isPartOf":{"@id":"https:\/\/beduka.com\/blog\/#website"},"datePublished":"2021-08-03T18:43:49+00:00","dateModified":"2023-04-03T12:37:03+00:00","description":"A Semana de Arte Moderna foi um evento art\u00edstico liter\u00e1rio que ocorreu em um teatro, na efervesc\u00eancia de S\u00e3o Paulo. Leia nosso artigo e aprenda de uma forma leve e eficiente que far\u00e1 voc\u00ea nunca mais esquecer o enredo desse acontecimento cultural.","breadcrumb":{"@id":"https:\/\/beduka.com\/blog\/materias\/literatura\/semana-da-arte-moderna\/#breadcrumb"},"inLanguage":"pt-BR","potentialAction":[{"@type":"ReadAction","target":["https:\/\/beduka.com\/blog\/materias\/literatura\/semana-da-arte-moderna\/"]}]},{"@type":"BreadcrumbList","@id":"https:\/\/beduka.com\/blog\/materias\/literatura\/semana-da-arte-moderna\/#breadcrumb","itemListElement":[{"@type":"ListItem","position":1,"name":"Home","item":"https:\/\/beduka.com\/blog\/"},{"@type":"ListItem","position":2,"name":"Semana de Arte Moderna: Como surgiu? organizadores e caracter\u00edsticas."}]},{"@type":"WebSite","@id":"https:\/\/beduka.com\/blog\/#website","url":"https:\/\/beduka.com\/blog\/","name":"Blog do Beduka | Mat\u00e9rias resumidas, Dicas e Exerc\u00edcios Enem","description":"O Blog do Beduka tem os conte\u00fados que mais caem no Enem, exerc\u00edcios de vestibular com gabarito, resumos, dicas e informa\u00e7\u00f5es Sisu, Prouni e Fies.Encontre dicas para o ENEM, resumos, exerc\u00edcios e informa\u00e7\u00f5es sobre os vestibulares. Acesse agora!","publisher":{"@id":"https:\/\/beduka.com\/blog\/#organization"},"potentialAction":[{"@type":"SearchAction","target":{"@type":"EntryPoint","urlTemplate":"https:\/\/beduka.com\/blog\/?s={search_term_string}"},"query-input":"required name=search_term_string"}],"inLanguage":"pt-BR"},{"@type":"Organization","@id":"https:\/\/beduka.com\/blog\/#organization","name":"Beduka","url":"https:\/\/beduka.com\/blog\/","logo":{"@type":"ImageObject","inLanguage":"pt-BR","@id":"https:\/\/beduka.com\/blog\/#\/schema\/logo\/image\/","url":"https:\/\/beduka.com\/blog\/wp-content\/uploads\/2020\/06\/marca-beduka.png","contentUrl":"https:\/\/beduka.com\/blog\/wp-content\/uploads\/2020\/06\/marca-beduka.png","width":1077,"height":368,"caption":"Beduka"},"image":{"@id":"https:\/\/beduka.com\/blog\/#\/schema\/logo\/image\/"},"sameAs":["https:\/\/www.facebook.com\/beduka.buscadordefaculdades\/","https:\/\/www.instagram.com\/beduka_oficial\/","https:\/\/www.linkedin.com\/company\/beduka","https:\/\/br.pinterest.com\/bedukaoficial\/","https:\/\/www.youtube.com\/beduka"]},{"@type":"Person","@id":"https:\/\/beduka.com\/blog\/#\/schema\/person\/6663b033dafd59fc30595515af1715a6","name":"Reda\u00e7\u00e3o Beduka","image":{"@type":"ImageObject","inLanguage":"pt-BR","@id":"https:\/\/beduka.com\/blog\/#\/schema\/person\/image\/","url":"https:\/\/secure.gravatar.com\/avatar\/6adaee42d8e8225567b5dc097972091b?s=96&d=mm&r=g","contentUrl":"https:\/\/secure.gravatar.com\/avatar\/6adaee42d8e8225567b5dc097972091b?s=96&d=mm&r=g","caption":"Reda\u00e7\u00e3o Beduka"},"description":"Este conte\u00fado foi criado e validado por uma equipe multidisciplinar, formada por especialistas em cada \u00e1rea do conhecimento. O Beduka est\u00e1 presente no Instagram, YouTube, LinkedIn e em diversos outros ambientes digitais. O site foi criado em 2017 e, desde a sua funda\u00e7\u00e3o, atua para fornecer materiais de qualidade para facilitar a vida de estudantes de todo o Brasil, ajudando-os a se preparar para os principais vestibulares e o Enem.","sameAs":["https:\/\/www.facebook.com\/beduka.buscadordefaculdades","https:\/\/www.instagram.com\/beduka_oficial\/","https:\/\/br.pinterest.com\/bedukaoficial\/"],"url":"https:\/\/beduka.com\/blog\/author\/alessandra\/"}]}},"_links":{"self":[{"href":"https:\/\/beduka.com\/blog\/wp-json\/wp\/v2\/posts\/22524"}],"collection":[{"href":"https:\/\/beduka.com\/blog\/wp-json\/wp\/v2\/posts"}],"about":[{"href":"https:\/\/beduka.com\/blog\/wp-json\/wp\/v2\/types\/post"}],"author":[{"embeddable":true,"href":"https:\/\/beduka.com\/blog\/wp-json\/wp\/v2\/users\/20"}],"replies":[{"embeddable":true,"href":"https:\/\/beduka.com\/blog\/wp-json\/wp\/v2\/comments?post=22524"}],"version-history":[{"count":2,"href":"https:\/\/beduka.com\/blog\/wp-json\/wp\/v2\/posts\/22524\/revisions"}],"predecessor-version":[{"id":29476,"href":"https:\/\/beduka.com\/blog\/wp-json\/wp\/v2\/posts\/22524\/revisions\/29476"}],"wp:featuredmedia":[{"embeddable":true,"href":"https:\/\/beduka.com\/blog\/wp-json\/wp\/v2\/media\/22526"}],"wp:attachment":[{"href":"https:\/\/beduka.com\/blog\/wp-json\/wp\/v2\/media?parent=22524"}],"wp:term":[{"taxonomy":"category","embeddable":true,"href":"https:\/\/beduka.com\/blog\/wp-json\/wp\/v2\/categories?post=22524"},{"taxonomy":"post_tag","embeddable":true,"href":"https:\/\/beduka.com\/blog\/wp-json\/wp\/v2\/tags?post=22524"}],"curies":[{"name":"wp","href":"https:\/\/api.w.org\/{rel}","templated":true}]}}