{"id":23124,"date":"2021-09-10T16:18:10","date_gmt":"2021-09-10T19:18:10","guid":{"rendered":"https:\/\/beduka.com\/blog\/?p=23124"},"modified":"2023-04-03T09:52:19","modified_gmt":"2023-04-03T12:52:19","slug":"tratado-de-tordesilhas","status":"publish","type":"post","link":"https:\/\/beduka.com\/blog\/materias\/historia\/tratado-de-tordesilhas\/","title":{"rendered":"O que foi Tratado de Tordesilhas? Aprenda o contexto e os termos do acordo"},"content":{"rendered":"\n<blockquote class=\"wp-block-quote\"><p><strong>O Tratado de Tordesilhas foi um acordo assinado por Portugal e Espanha, em 1494. Ele dividia o mundo entre estas duas na\u00e7\u00f5es, que eram as maiores pot\u00eancias da \u00e9poca. Devido a sua liga\u00e7\u00e3o com a hist\u00f3ria do Brasil, \u00e9 um tema que aparece em muitos vestibulares e no Enem. Leia nosso artigo sobre este acordo diplom\u00e1tico e se prepare para as provas.<\/strong><\/p><\/blockquote>\n\n\n\n<p>Se quiser ir diretamente para alguma parte do texto, <strong>clique em algum dos t\u00f3picos abaixo<\/strong>:<\/p>\n\n\n\n<ul><li><a href=\"#-Guerra-Fria\">A Guerra Fria do s\u00e9culo XV<\/a><\/li><li><a href=\"#tratado-de-tordesilhas\">O que foi o Tratado de Tordesilhas?<\/a><\/li><li><a href=\"#contexto-hist\u00f3rico\">Qual foi o contexto hist\u00f3rico do Tratado de Tordesilhas?<\/a><\/li><li><a href=\"#termos-\">Quais foram os termos do tratado?<\/a><\/li><li><a href=\"#encerrou\">Quando o Tratado de Tordesilhas se encerrou?<\/a><\/li><\/ul>\n\n\n\n<p>Quando voc\u00ea terminar de ler este artigo sobre o Tratado de Tordesilhas, <strong>que tal organizar seus estudos com o <\/strong><a href=\"https:\/\/beduka.com\/blog\/dicas\/enem-dicas\/plano-de-estudos-gratuito\/\" target=\"_blank\" rel=\"noreferrer noopener\"><strong>plano de estudos Beduka<\/strong><\/a><strong>?<\/strong><\/p>\n\n\n\n<h2 class=\"wp-block-heading\" id=\"-Guerra-Fria\">A Guerra Fria do s\u00e9culo XV<\/h2>\n\n\n\n<p>Imagine um mundo dividido entre duas na\u00e7\u00f5es. Elas s\u00e3o as maiores pot\u00eancias do seu&nbsp;<\/p>\n\n\n\n<p>tempo e dominam o mundo econ\u00f4mica, pol\u00edtica e belicamente.<\/p>\n\n\n\n<p><strong>Estas duas na\u00e7\u00f5es est\u00e3o disputando territ\u00f3rios<\/strong> para estabelecer a sua vis\u00e3o de mundo sobre eles, al\u00e9m de fazer acordos comerciais e armamentistas.<\/p>\n\n\n\n<p>Elas, contudo, n\u00e3o est\u00e3o em guerra entre si, <strong>mas fazem acordos com as elites de outros territ\u00f3rios<\/strong>, dando poder de fogo para que elas fiquem a seu lado e a domina\u00e7\u00e3o seja mais f\u00e1cil.<\/p>\n\n\n\n<p>Parece a <a href=\"https:\/\/beduka.com\/blog\/materias\/historia\/o-que-foi-a-guerra-fria-resumo\/\" target=\"_blank\" rel=\"noreferrer noopener\">Guerra Fria<\/a> do s\u00e9culo XX, n\u00e3o \u00e9? Mas esta era a situa\u00e7\u00e3o do mundo no final do <strong>s\u00e9culo XV<\/strong>. E, em vez de Estados Unidos e Uni\u00e3o Sovi\u00e9tica, as na\u00e7\u00f5es s\u00e3o <strong>Portugal e Espanha<\/strong>.<\/p>\n\n\n\n<p>Seus conflitos, por\u00e9m, foram resolvidos por meio de um tratado assinado na cidade espanhola de Tordesilhas, que explicamos a seguir.<\/p>\n\n\n\n<ul><li><strong>S\u00e3o mais de 200 resumos gratuitos no<\/strong> <a href=\"https:\/\/www.instagram.com\/beduka_oficial\/?hl=pt\" target=\"_blank\" rel=\"noreferrer noopener\">Instagram do Beduka.<\/a> Aproveite!<\/li><\/ul>\n\n\n\n<h2 class=\"wp-block-heading\" id=\"tratado-de-tordesilhas\">O que foi o Tratado de Tordesilhas?<\/h2>\n\n\n\n<p>Existe uma frase muito conhecida de quem estuda pol\u00edtica: \u201ca pol\u00edtica existe para evitar a guerra\u201d. Quando h\u00e1 choques de interesses, a pol\u00edtica aparece para evitar que disso surja um conflito armado.<\/p>\n\n\n\n<p>Foi assim que surgiu o Tratado de Tordesilhas. Ele <strong>foi um acordo assinado entre Espanha e Portugal, em 1494, em Tordesilhas, uma cidade espanhola<\/strong>.<\/p>\n\n\n\n<p><strong>O tratado delimitava as possess\u00f5es dos dois pa\u00edses nas terras rec\u00e9m-descobertas da Am\u00e9rica, atrav\u00e9s de uma linha imagin\u00e1ria<\/strong>. Esta linha ficava a <strong>370 l\u00e9guas<\/strong> mar\u00edtimas da ilha de Santo Ant\u00e3o, no arquip\u00e9lago de Cabo Verde.<\/p>\n\n\n\n<p>Os territ\u00f3rios que estivessem a oeste da linha imagin\u00e1ria pertenceriam \u00e0 Espanha, enquanto os do leste a Portugal.<\/p>\n\n\n\n<p>O objetivo era acabar com as disputas entre as duas na\u00e7\u00f5es iniciadas desde a descoberta do novo continente em 1492, realizada por Crist\u00f3v\u00e3o Colombo. O \u00e1rbitro diplom\u00e1tico foi o Papa Alexandre VI.<\/p>\n\n\n\n<h2 class=\"wp-block-heading\" id=\"contexto-hist\u00f3rico\">Qual era o contexto hist\u00f3rico do Tratado de Tordesilhas?<\/h2>\n\n\n\n<p>O conflito entre Portugal e Espanha j\u00e1 ocorria h\u00e1 muito tempo. Os portugueses iniciaram sua <a href=\"https:\/\/beduka.com\/blog\/materias\/historia\/o-que-foram-as-grandes-navegacoes\/\" target=\"_blank\" rel=\"noreferrer noopener\">expans\u00e3o mar\u00edtima<\/a> no come\u00e7o do s\u00e9culo XV, quando houve a conquista de Ceuta, cidade no norte da \u00c1frica.<\/p>\n\n\n\n<p>A presen\u00e7a portuguesa no litoral africano e o com\u00e9rcio de marfim e escravos iniciados entre os lusos e os nativos do continente chamaram a aten\u00e7\u00e3o de Castela (o mais forte dos reinos espanh\u00f3is) que estava promovendo a unifica\u00e7\u00e3o da Espanha.<\/p>\n\n\n\n<p>Isso gerou diversos embates mar\u00edtimos entre embarca\u00e7\u00f5es das duas coroas, pois ambas queriam participar do com\u00e9rcio. <strong>Os portugueses negociaram com os castelhanos um acordo, conhecido como Tratado de Alc\u00e1\u00e7ovas, assinado em 1479<\/strong>.<\/p>\n\n\n\n<p>Em 1481 o Papa Sisto IV redigiu a bula <em>Aeterni Regis<\/em>, <strong>que dividia o mundo em dois hemisf\u00e9rios, norte e sul, tendo como marco as ilhas Can\u00e1rias<\/strong>. A norte, o territ\u00f3rio seria de Castela, a sul seria portugu\u00eas.<\/p>\n\n\n\n<p>Os portugueses fizeram ent\u00e3o seu curso pelo P\u00e9riplo Africano, contornando o continente para chegar \u00e0 \u00cdndia. Isso estabeleceu uma nova rota comercial, substitutiva da tradicional rota pelo mar Mediterr\u00e2neo, que estava bloqueada por mu\u00e7ulmanos e italianos.<\/p>\n\n\n\n<p>Em 1492, a Espanha foi enfim unificada, ap\u00f3s a queda do califado de C\u00f3rdoba, \u00faltimo reduto isl\u00e2mico na Pen\u00ednsula Ib\u00e9rica. Assim, os espanh\u00f3is puderam se preocupar somente com as suas rela\u00e7\u00f5es exteriores, j\u00e1 que a paz interna estava estabelecida.<\/p>\n\n\n\n<p>Neste mesmo ano, <strong>Crist\u00f3v\u00e3o Colombo <\/strong><a href=\"https:\/\/beduka.com\/blog\/materias\/historia\/colonizacao-da-america-espanhola\/\" target=\"_blank\" rel=\"noreferrer noopener\"><strong>descobriu a Am\u00e9rica<\/strong><\/a><strong> a servi\u00e7o da coroa espanhola<\/strong>. Isso levou a outras disputas entre os reinos. Isto porque os estudiosos portugueses argumentaram que a terra descoberta estava no territ\u00f3rio portugu\u00eas, estabelecido na divis\u00e3o feita pelo tratado de 1479 e pela bula de Sisto IV.<\/p>\n\n\n\n<p>Os espanh\u00f3is buscaram preservar sua descoberta e pediram uma bula ao papa Alexandre VI. Em 1493, ele lan\u00e7ou a bula <strong><em>Inter Coetera<\/em><\/strong><strong>, que dividia o mundo entre Portugal e Espanha por meio de uma linha imagin\u00e1ria, estabelecida a 100 l\u00e9guas do arquip\u00e9lago de Cabo Verde<\/strong>.<\/p>\n\n\n\n<p>As terras 100 l\u00e9guas a oeste seriam espanholas, enquanto as que estivessem a leste pertenceriam aos lusos. No caso da Am\u00e9rica, isso seria praticamente todo o territ\u00f3rio dado \u00e0 coroa espanhola.<\/p>\n\n\n\n<p>Os termos da bula n\u00e3o agradaram os portugueses, que procuraram os espanh\u00f3is para estabelecer um novo acordo.&nbsp;<\/p>\n\n\n\n<p>Desta reuni\u00e3o, surgiu o Tratado de Tordesilhas, que levava a linha imagin\u00e1ria da bula de Alexandre VI mais para o Oeste.<\/p>\n\n\n\n<h2 class=\"wp-block-heading\" id=\"termos-\">Quais foram os termos do tratado?<\/h2>\n\n\n\n<p><strong>O Tratado de Tordesilhas estabeleceu uma nova linha imagin\u00e1ria a 370 l\u00e9guas mar\u00edtimas da ilha de Santo Ant\u00e3o, no arquip\u00e9lago de Cabo Verde<\/strong>. As terras descobertas a oeste da linha pertenceriam \u00e0 Espanha e as que estivessem a leste, aos portugueses.<\/p>\n\n\n\n<p>A linha estaria, portanto, a <strong>2.035 quil\u00f4metros de Cabo Verde<\/strong>. No caso do Brasil, ela ficava sobre a regi\u00e3o de Bel\u00e9m do Par\u00e1 e ia at\u00e9 Laguna, em Santa Catarina.<\/p>\n\n\n\n<p>Estes termos foram contestados por outras na\u00e7\u00f5es. Entre elas estava a Fran\u00e7a, que organizou expedi\u00e7\u00f5es ao Brasil no s\u00e9culo XVI. Isso acelerou o processo de <a href=\"https:\/\/beduka.com\/blog\/materias\/historia\/a-colonizacao-portuguesa-no-brasil\/\" target=\"_blank\" rel=\"noreferrer noopener\">coloniza\u00e7\u00e3o no Brasil<\/a>, pelo <strong>sistema de <\/strong><a href=\"https:\/\/beduka.com\/blog\/materias\/historia\/capitanias-hereditarias\/\" target=\"_blank\" rel=\"noreferrer noopener\"><strong>capitanias heredit\u00e1rias<\/strong><\/a>.<\/p>\n\n\n\n<h2 class=\"wp-block-heading\" id=\"encerrou\">Quando o Tratado de Tordesilhas se encerrou?<\/h2>\n\n\n\n<p>O Tratado de Tordesilhas teve seu fim em 1580, <strong>quando aconteceu a uni\u00e3o entre as duas coroas da Pen\u00ednsula Ib\u00e9rica (1580 &#8211; 1640)<\/strong>. Neste ano, Portugal estava em guerra com Marrocos. O rei portugu\u00eas, Sebasti\u00e3o, desapareceu durante o conflito, sem deixar herdeiros.<\/p>\n\n\n\n<p>Felipe II, rei dos espanh\u00f3is, foi o candidato que venceu a disputa pelo trono e estabeleceu a Uni\u00e3o Ib\u00e9rica. Com isso, os colonos brasileiros se movimentaram dentro do territ\u00f3rio com mais liberdade, for\u00e7ando as fronteiras entre Brasil e col\u00f4nias hisp\u00e2nicas cada vez mais para o oeste.<\/p>\n\n\n\n<p>Assim, o Tratado entrou em desuso, e foi substitu\u00eddo em 1750, pelo tratado de Madri.<\/p>\n\n\n\n<p>Estude para o Enem com o <a href=\"https:\/\/beduka.com\/simulado\" target=\"_blank\" rel=\"noreferrer noopener\">Simulado Beduka.<\/a> <strong>\u00c9 gratuito!<\/strong><\/p>\n\n\n\n<p><strong>Gostou do nosso artigo sobre o Tratado de Tordesilhas? <\/strong>Compartilhe com os seus amigos e comente abaixo sobre as \u00e1reas que voc\u00ea deseja mais explica\u00e7\u00f5es.<\/p>\n\n\n\n<p><strong>Queremos te ajudar a encontrar a FACULDADE IDEAL! <\/strong>Logo abaixo, fa\u00e7a uma pesquisa por curso e cidade que te mostraremos todas as faculdades que podem te atender.<strong> <\/strong>Informamos a nota de corte, valor de mensalidade, nota do MEC, avalia\u00e7\u00e3o dos alunos, modalidades de ensino e muito mais.<\/p>\n","protected":false},"excerpt":{"rendered":"<p>O Tratado de Tordesilhas dividiu a Am\u00e9rica entre Portugal e Espanha. Saiba como isso se deu com este texto sobre este acordo pol\u00edtico muito presente no Enem<\/p>\n","protected":false},"author":18,"featured_media":23125,"comment_status":"open","ping_status":"closed","sticky":false,"template":"","format":"standard","meta":{"_mi_skip_tracking":false,"_monsterinsights_sitenote_active":false,"_monsterinsights_sitenote_note":"","_monsterinsights_sitenote_category":0},"categories":[491],"tags":[],"yoast_head":"<!-- This site is optimized with the Yoast SEO plugin v20.10 - https:\/\/yoast.com\/wordpress\/plugins\/seo\/ -->\n<title>O que foi Tratado de Tordesilhas? Contexto e objetivos do acordo<\/title>\n<meta name=\"description\" content=\"O Tratado de Tordesilhas dividiu a Am\u00e9rica entre Portugal e Espanha. Saiba como isso se deu com este texto sobre este acordo pol\u00edtico muito presente no Enem\" \/>\n<meta name=\"robots\" content=\"index, follow, max-snippet:-1, max-image-preview:large, max-video-preview:-1\" \/>\n<link rel=\"canonical\" href=\"https:\/\/beduka.com\/blog\/materias\/historia\/tratado-de-tordesilhas\/\" \/>\n<meta property=\"og:locale\" content=\"pt_BR\" \/>\n<meta property=\"og:type\" content=\"article\" \/>\n<meta property=\"og:title\" content=\"O que foi Tratado de Tordesilhas? Contexto e objetivos do acordo\" \/>\n<meta property=\"og:description\" content=\"O Tratado de Tordesilhas dividiu a Am\u00e9rica entre Portugal e Espanha. Saiba como isso se deu com este texto sobre este acordo pol\u00edtico muito presente no Enem\" \/>\n<meta property=\"og:url\" content=\"https:\/\/beduka.com\/blog\/materias\/historia\/tratado-de-tordesilhas\/\" \/>\n<meta property=\"og:site_name\" content=\"Blog do Beduka | Mat\u00e9rias resumidas, Dicas e Exerc\u00edcios Enem\" \/>\n<meta property=\"article:publisher\" content=\"https:\/\/www.facebook.com\/beduka.buscadordefaculdades\/\" \/>\n<meta property=\"article:author\" content=\"https:\/\/www.facebook.com\/beduka.buscadordefaculdades\" \/>\n<meta property=\"article:published_time\" content=\"2021-09-10T19:18:10+00:00\" \/>\n<meta property=\"article:modified_time\" content=\"2023-04-03T12:52:19+00:00\" \/>\n<meta property=\"og:image\" content=\"https:\/\/beduka.com\/blog\/wp-content\/uploads\/2021\/09\/O-que-foi-Tratado-de-Tordesilhas.jpg\" \/>\n\t<meta property=\"og:image:width\" content=\"609\" \/>\n\t<meta property=\"og:image:height\" content=\"342\" \/>\n\t<meta property=\"og:image:type\" content=\"image\/jpeg\" \/>\n<meta name=\"author\" content=\"Reda\u00e7\u00e3o Beduka\" \/>\n<meta name=\"twitter:card\" content=\"summary_large_image\" \/>\n<meta name=\"twitter:label1\" content=\"Escrito por\" \/>\n\t<meta name=\"twitter:data1\" content=\"Reda\u00e7\u00e3o Beduka\" \/>\n\t<meta name=\"twitter:label2\" content=\"Est. tempo de leitura\" \/>\n\t<meta name=\"twitter:data2\" content=\"6 minutos\" \/>\n<script type=\"application\/ld+json\" class=\"yoast-schema-graph\">{\"@context\":\"https:\/\/schema.org\",\"@graph\":[{\"@type\":\"Article\",\"@id\":\"https:\/\/beduka.com\/blog\/materias\/historia\/tratado-de-tordesilhas\/#article\",\"isPartOf\":{\"@id\":\"https:\/\/beduka.com\/blog\/materias\/historia\/tratado-de-tordesilhas\/\"},\"author\":{\"name\":\"Reda\u00e7\u00e3o Beduka\",\"@id\":\"https:\/\/beduka.com\/blog\/#\/schema\/person\/a642c9aad29bdea97a352689b053f80f\"},\"headline\":\"O que foi Tratado de Tordesilhas? Aprenda o contexto e os termos do acordo\",\"datePublished\":\"2021-09-10T19:18:10+00:00\",\"dateModified\":\"2023-04-03T12:52:19+00:00\",\"mainEntityOfPage\":{\"@id\":\"https:\/\/beduka.com\/blog\/materias\/historia\/tratado-de-tordesilhas\/\"},\"wordCount\":1249,\"commentCount\":0,\"publisher\":{\"@id\":\"https:\/\/beduka.com\/blog\/#organization\"},\"articleSection\":[\"Hist\u00f3ria\"],\"inLanguage\":\"pt-BR\",\"potentialAction\":[{\"@type\":\"CommentAction\",\"name\":\"Comment\",\"target\":[\"https:\/\/beduka.com\/blog\/materias\/historia\/tratado-de-tordesilhas\/#respond\"]}]},{\"@type\":\"WebPage\",\"@id\":\"https:\/\/beduka.com\/blog\/materias\/historia\/tratado-de-tordesilhas\/\",\"url\":\"https:\/\/beduka.com\/blog\/materias\/historia\/tratado-de-tordesilhas\/\",\"name\":\"O que foi Tratado de Tordesilhas? Contexto e objetivos do acordo\",\"isPartOf\":{\"@id\":\"https:\/\/beduka.com\/blog\/#website\"},\"datePublished\":\"2021-09-10T19:18:10+00:00\",\"dateModified\":\"2023-04-03T12:52:19+00:00\",\"description\":\"O Tratado de Tordesilhas dividiu a Am\u00e9rica entre Portugal e Espanha. Saiba como isso se deu com este texto sobre este acordo pol\u00edtico muito presente no Enem\",\"breadcrumb\":{\"@id\":\"https:\/\/beduka.com\/blog\/materias\/historia\/tratado-de-tordesilhas\/#breadcrumb\"},\"inLanguage\":\"pt-BR\",\"potentialAction\":[{\"@type\":\"ReadAction\",\"target\":[\"https:\/\/beduka.com\/blog\/materias\/historia\/tratado-de-tordesilhas\/\"]}]},{\"@type\":\"BreadcrumbList\",\"@id\":\"https:\/\/beduka.com\/blog\/materias\/historia\/tratado-de-tordesilhas\/#breadcrumb\",\"itemListElement\":[{\"@type\":\"ListItem\",\"position\":1,\"name\":\"Home\",\"item\":\"https:\/\/beduka.com\/blog\/\"},{\"@type\":\"ListItem\",\"position\":2,\"name\":\"O que foi Tratado de Tordesilhas? Aprenda o contexto e os termos do acordo\"}]},{\"@type\":\"WebSite\",\"@id\":\"https:\/\/beduka.com\/blog\/#website\",\"url\":\"https:\/\/beduka.com\/blog\/\",\"name\":\"Blog do Beduka | Mat\u00e9rias resumidas, Dicas e Exerc\u00edcios Enem\",\"description\":\"O Blog do Beduka tem os conte\u00fados que mais caem no Enem, exerc\u00edcios de vestibular com gabarito, resumos, dicas e informa\u00e7\u00f5es Sisu, Prouni e Fies.Encontre dicas para o ENEM, resumos, exerc\u00edcios e informa\u00e7\u00f5es sobre os vestibulares. Acesse agora!\",\"publisher\":{\"@id\":\"https:\/\/beduka.com\/blog\/#organization\"},\"potentialAction\":[{\"@type\":\"SearchAction\",\"target\":{\"@type\":\"EntryPoint\",\"urlTemplate\":\"https:\/\/beduka.com\/blog\/?s={search_term_string}\"},\"query-input\":\"required name=search_term_string\"}],\"inLanguage\":\"pt-BR\"},{\"@type\":\"Organization\",\"@id\":\"https:\/\/beduka.com\/blog\/#organization\",\"name\":\"Beduka\",\"url\":\"https:\/\/beduka.com\/blog\/\",\"logo\":{\"@type\":\"ImageObject\",\"inLanguage\":\"pt-BR\",\"@id\":\"https:\/\/beduka.com\/blog\/#\/schema\/logo\/image\/\",\"url\":\"https:\/\/beduka.com\/blog\/wp-content\/uploads\/2020\/06\/marca-beduka.png\",\"contentUrl\":\"https:\/\/beduka.com\/blog\/wp-content\/uploads\/2020\/06\/marca-beduka.png\",\"width\":1077,\"height\":368,\"caption\":\"Beduka\"},\"image\":{\"@id\":\"https:\/\/beduka.com\/blog\/#\/schema\/logo\/image\/\"},\"sameAs\":[\"https:\/\/www.facebook.com\/beduka.buscadordefaculdades\/\",\"https:\/\/www.instagram.com\/beduka_oficial\/\",\"https:\/\/www.linkedin.com\/company\/beduka\",\"https:\/\/br.pinterest.com\/bedukaoficial\/\",\"https:\/\/www.youtube.com\/beduka\"]},{\"@type\":\"Person\",\"@id\":\"https:\/\/beduka.com\/blog\/#\/schema\/person\/a642c9aad29bdea97a352689b053f80f\",\"name\":\"Reda\u00e7\u00e3o Beduka\",\"image\":{\"@type\":\"ImageObject\",\"inLanguage\":\"pt-BR\",\"@id\":\"https:\/\/beduka.com\/blog\/#\/schema\/person\/image\/\",\"url\":\"https:\/\/secure.gravatar.com\/avatar\/e1048f81c33ef0938237fc66bb9a208d?s=96&d=mm&r=g\",\"contentUrl\":\"https:\/\/secure.gravatar.com\/avatar\/e1048f81c33ef0938237fc66bb9a208d?s=96&d=mm&r=g\",\"caption\":\"Reda\u00e7\u00e3o Beduka\"},\"description\":\"Este conte\u00fado foi criado e validado por uma equipe multidisciplinar, formada por especialistas em cada \u00e1rea do conhecimento. O Beduka est\u00e1 presente no Instagram, YouTube, LinkedIn e em diversos outros ambientes digitais. O site foi criado em 2017 e, desde a sua funda\u00e7\u00e3o, atua para fornecer materiais de qualidade para facilitar a vida de estudantes de todo o Brasil, ajudando-os a se preparar para os principais vestibulares e o Enem.\",\"sameAs\":[\"https:\/\/www.facebook.com\/beduka.buscadordefaculdades\",\"https:\/\/www.instagram.com\/beduka_oficial\/\",\"https:\/\/br.pinterest.com\/bedukaoficial\/\"],\"url\":\"https:\/\/beduka.com\/blog\/author\/dioney\/\"}]}<\/script>\n<!-- \/ Yoast SEO plugin. -->","yoast_head_json":{"title":"O que foi Tratado de Tordesilhas? Contexto e objetivos do acordo","description":"O Tratado de Tordesilhas dividiu a Am\u00e9rica entre Portugal e Espanha. Saiba como isso se deu com este texto sobre este acordo pol\u00edtico muito presente no Enem","robots":{"index":"index","follow":"follow","max-snippet":"max-snippet:-1","max-image-preview":"max-image-preview:large","max-video-preview":"max-video-preview:-1"},"canonical":"https:\/\/beduka.com\/blog\/materias\/historia\/tratado-de-tordesilhas\/","og_locale":"pt_BR","og_type":"article","og_title":"O que foi Tratado de Tordesilhas? Contexto e objetivos do acordo","og_description":"O Tratado de Tordesilhas dividiu a Am\u00e9rica entre Portugal e Espanha. Saiba como isso se deu com este texto sobre este acordo pol\u00edtico muito presente no Enem","og_url":"https:\/\/beduka.com\/blog\/materias\/historia\/tratado-de-tordesilhas\/","og_site_name":"Blog do Beduka | Mat\u00e9rias resumidas, Dicas e Exerc\u00edcios Enem","article_publisher":"https:\/\/www.facebook.com\/beduka.buscadordefaculdades\/","article_author":"https:\/\/www.facebook.com\/beduka.buscadordefaculdades","article_published_time":"2021-09-10T19:18:10+00:00","article_modified_time":"2023-04-03T12:52:19+00:00","og_image":[{"width":609,"height":342,"url":"https:\/\/beduka.com\/blog\/wp-content\/uploads\/2021\/09\/O-que-foi-Tratado-de-Tordesilhas.jpg","type":"image\/jpeg"}],"author":"Reda\u00e7\u00e3o Beduka","twitter_card":"summary_large_image","twitter_misc":{"Escrito por":"Reda\u00e7\u00e3o Beduka","Est. tempo de leitura":"6 minutos"},"schema":{"@context":"https:\/\/schema.org","@graph":[{"@type":"Article","@id":"https:\/\/beduka.com\/blog\/materias\/historia\/tratado-de-tordesilhas\/#article","isPartOf":{"@id":"https:\/\/beduka.com\/blog\/materias\/historia\/tratado-de-tordesilhas\/"},"author":{"name":"Reda\u00e7\u00e3o Beduka","@id":"https:\/\/beduka.com\/blog\/#\/schema\/person\/a642c9aad29bdea97a352689b053f80f"},"headline":"O que foi Tratado de Tordesilhas? Aprenda o contexto e os termos do acordo","datePublished":"2021-09-10T19:18:10+00:00","dateModified":"2023-04-03T12:52:19+00:00","mainEntityOfPage":{"@id":"https:\/\/beduka.com\/blog\/materias\/historia\/tratado-de-tordesilhas\/"},"wordCount":1249,"commentCount":0,"publisher":{"@id":"https:\/\/beduka.com\/blog\/#organization"},"articleSection":["Hist\u00f3ria"],"inLanguage":"pt-BR","potentialAction":[{"@type":"CommentAction","name":"Comment","target":["https:\/\/beduka.com\/blog\/materias\/historia\/tratado-de-tordesilhas\/#respond"]}]},{"@type":"WebPage","@id":"https:\/\/beduka.com\/blog\/materias\/historia\/tratado-de-tordesilhas\/","url":"https:\/\/beduka.com\/blog\/materias\/historia\/tratado-de-tordesilhas\/","name":"O que foi Tratado de Tordesilhas? Contexto e objetivos do acordo","isPartOf":{"@id":"https:\/\/beduka.com\/blog\/#website"},"datePublished":"2021-09-10T19:18:10+00:00","dateModified":"2023-04-03T12:52:19+00:00","description":"O Tratado de Tordesilhas dividiu a Am\u00e9rica entre Portugal e Espanha. Saiba como isso se deu com este texto sobre este acordo pol\u00edtico muito presente no Enem","breadcrumb":{"@id":"https:\/\/beduka.com\/blog\/materias\/historia\/tratado-de-tordesilhas\/#breadcrumb"},"inLanguage":"pt-BR","potentialAction":[{"@type":"ReadAction","target":["https:\/\/beduka.com\/blog\/materias\/historia\/tratado-de-tordesilhas\/"]}]},{"@type":"BreadcrumbList","@id":"https:\/\/beduka.com\/blog\/materias\/historia\/tratado-de-tordesilhas\/#breadcrumb","itemListElement":[{"@type":"ListItem","position":1,"name":"Home","item":"https:\/\/beduka.com\/blog\/"},{"@type":"ListItem","position":2,"name":"O que foi Tratado de Tordesilhas? Aprenda o contexto e os termos do acordo"}]},{"@type":"WebSite","@id":"https:\/\/beduka.com\/blog\/#website","url":"https:\/\/beduka.com\/blog\/","name":"Blog do Beduka | Mat\u00e9rias resumidas, Dicas e Exerc\u00edcios Enem","description":"O Blog do Beduka tem os conte\u00fados que mais caem no Enem, exerc\u00edcios de vestibular com gabarito, resumos, dicas e informa\u00e7\u00f5es Sisu, Prouni e Fies.Encontre dicas para o ENEM, resumos, exerc\u00edcios e informa\u00e7\u00f5es sobre os vestibulares. Acesse agora!","publisher":{"@id":"https:\/\/beduka.com\/blog\/#organization"},"potentialAction":[{"@type":"SearchAction","target":{"@type":"EntryPoint","urlTemplate":"https:\/\/beduka.com\/blog\/?s={search_term_string}"},"query-input":"required name=search_term_string"}],"inLanguage":"pt-BR"},{"@type":"Organization","@id":"https:\/\/beduka.com\/blog\/#organization","name":"Beduka","url":"https:\/\/beduka.com\/blog\/","logo":{"@type":"ImageObject","inLanguage":"pt-BR","@id":"https:\/\/beduka.com\/blog\/#\/schema\/logo\/image\/","url":"https:\/\/beduka.com\/blog\/wp-content\/uploads\/2020\/06\/marca-beduka.png","contentUrl":"https:\/\/beduka.com\/blog\/wp-content\/uploads\/2020\/06\/marca-beduka.png","width":1077,"height":368,"caption":"Beduka"},"image":{"@id":"https:\/\/beduka.com\/blog\/#\/schema\/logo\/image\/"},"sameAs":["https:\/\/www.facebook.com\/beduka.buscadordefaculdades\/","https:\/\/www.instagram.com\/beduka_oficial\/","https:\/\/www.linkedin.com\/company\/beduka","https:\/\/br.pinterest.com\/bedukaoficial\/","https:\/\/www.youtube.com\/beduka"]},{"@type":"Person","@id":"https:\/\/beduka.com\/blog\/#\/schema\/person\/a642c9aad29bdea97a352689b053f80f","name":"Reda\u00e7\u00e3o Beduka","image":{"@type":"ImageObject","inLanguage":"pt-BR","@id":"https:\/\/beduka.com\/blog\/#\/schema\/person\/image\/","url":"https:\/\/secure.gravatar.com\/avatar\/e1048f81c33ef0938237fc66bb9a208d?s=96&d=mm&r=g","contentUrl":"https:\/\/secure.gravatar.com\/avatar\/e1048f81c33ef0938237fc66bb9a208d?s=96&d=mm&r=g","caption":"Reda\u00e7\u00e3o Beduka"},"description":"Este conte\u00fado foi criado e validado por uma equipe multidisciplinar, formada por especialistas em cada \u00e1rea do conhecimento. O Beduka est\u00e1 presente no Instagram, YouTube, LinkedIn e em diversos outros ambientes digitais. O site foi criado em 2017 e, desde a sua funda\u00e7\u00e3o, atua para fornecer materiais de qualidade para facilitar a vida de estudantes de todo o Brasil, ajudando-os a se preparar para os principais vestibulares e o Enem.","sameAs":["https:\/\/www.facebook.com\/beduka.buscadordefaculdades","https:\/\/www.instagram.com\/beduka_oficial\/","https:\/\/br.pinterest.com\/bedukaoficial\/"],"url":"https:\/\/beduka.com\/blog\/author\/dioney\/"}]}},"_links":{"self":[{"href":"https:\/\/beduka.com\/blog\/wp-json\/wp\/v2\/posts\/23124"}],"collection":[{"href":"https:\/\/beduka.com\/blog\/wp-json\/wp\/v2\/posts"}],"about":[{"href":"https:\/\/beduka.com\/blog\/wp-json\/wp\/v2\/types\/post"}],"author":[{"embeddable":true,"href":"https:\/\/beduka.com\/blog\/wp-json\/wp\/v2\/users\/18"}],"replies":[{"embeddable":true,"href":"https:\/\/beduka.com\/blog\/wp-json\/wp\/v2\/comments?post=23124"}],"version-history":[{"count":1,"href":"https:\/\/beduka.com\/blog\/wp-json\/wp\/v2\/posts\/23124\/revisions"}],"predecessor-version":[{"id":23126,"href":"https:\/\/beduka.com\/blog\/wp-json\/wp\/v2\/posts\/23124\/revisions\/23126"}],"wp:featuredmedia":[{"embeddable":true,"href":"https:\/\/beduka.com\/blog\/wp-json\/wp\/v2\/media\/23125"}],"wp:attachment":[{"href":"https:\/\/beduka.com\/blog\/wp-json\/wp\/v2\/media?parent=23124"}],"wp:term":[{"taxonomy":"category","embeddable":true,"href":"https:\/\/beduka.com\/blog\/wp-json\/wp\/v2\/categories?post=23124"},{"taxonomy":"post_tag","embeddable":true,"href":"https:\/\/beduka.com\/blog\/wp-json\/wp\/v2\/tags?post=23124"}],"curies":[{"name":"wp","href":"https:\/\/api.w.org\/{rel}","templated":true}]}}