{"id":23366,"date":"2021-09-24T17:00:09","date_gmt":"2021-09-24T20:00:09","guid":{"rendered":"https:\/\/beduka.com\/blog\/?p=23366"},"modified":"2023-04-03T10:09:03","modified_gmt":"2023-04-03T13:09:03","slug":"o-que-e-coesao-referencial","status":"publish","type":"post","link":"https:\/\/beduka.com\/blog\/materias\/portugues\/o-que-e-coesao-referencial\/","title":{"rendered":"O que \u00e9 Coes\u00e3o Referencial? Aprenda de uma vez por todas e saiba como usar!"},"content":{"rendered":"\n<blockquote class=\"wp-block-quote\"><p><strong><em>A coes\u00e3o referencial \u00e9 um elemento coesivo muito \u00fatil para textos e tem como objetivo evitar repeti\u00e7\u00f5es desnecess\u00e1rias. Nesse texto voc\u00ea vai entender melhor o que \u00e9 coes\u00e3o referencial, para que serve, os tipos e como usar. Leia at\u00e9 o fim para saber tudo!<\/em><\/strong><\/p><\/blockquote>\n\n\n\n<p>Neste resumo, voc\u00ea encontrar\u00e1 os t\u00f3picos abaixo. <strong>Se quiser, clique em um deles para ir diretamente ao conte\u00fado:<\/strong><\/p>\n\n\n\n<ol><li><a href=\"#o-que-\u00e9-coes\u00e3o\" data-type=\"internal\" data-id=\"#o-que-\u00e9-coes\u00e3o\">O que \u00e9 coes\u00e3o referencial<\/a>?<\/li><li><a href=\"#para-que-serve-a-coes\u00e3o-referencial\" data-type=\"internal\" data-id=\"#para-que-serve-a-coes\u00e3o-referencial\">Para que serve a coes\u00e3o referencial<\/a>?<\/li><li><a href=\"#quais-os-tipos-de-coes\u00e3o-referencial\" data-type=\"internal\" data-id=\"#quais-os-tipos-de-coes\u00e3o-referencial\">Quais os tipos de coes\u00e3o referencial<\/a>?<\/li><li><a href=\"#coes\u00e3o-referencial-de-an\u00e1fora\" data-type=\"internal\" data-id=\"#coes\u00e3o-referencial-de-an\u00e1fora\">Coes\u00e3o referencial de An\u00e1fora<\/a> <\/li><li><a href=\"#coes\u00e3o-referencial-de-cat\u00e1fora\" data-type=\"internal\" data-id=\"#coes\u00e3o-referencial-de-cat\u00e1fora\">Coes\u00e3o referencial de Cat\u00e1fora<\/a> <\/li><li><a href=\"#coes\u00e3o-referencial-de-substitui\u00e7\u00e3o\" data-type=\"internal\" data-id=\"#coes\u00e3o-referencial-de-substitui\u00e7\u00e3o\">Coes\u00e3o referencial Substitui\u00e7\u00e3o<\/a> <\/li><li><a href=\"#coes\u00e3o-referencial-de-repeti\u00e7\u00e3o\" data-type=\"internal\" data-id=\"#coes\u00e3o-referencial-de-repeti\u00e7\u00e3o\">Coes\u00e3o Referencial de Repeti\u00e7\u00e3o ou Reitera\u00e7\u00e3o<\/a> <\/li><li><a href=\"#coes\u00e3o-referencial-de-contiguidade-\" data-type=\"internal\" data-id=\"#coes\u00e3o-referencial-de-contiguidade-\">Coes\u00e3o Referencial de Contiguidade&nbsp;<\/a><\/li><li><a href=\"#coes\u00e3o-referencial-de-elipse\" data-type=\"internal\" data-id=\"#coes\u00e3o-referencial-de-elipse\">Coes\u00e3o referencial de Elipse <\/a><\/li><li><a href=\"#como-usar-a-coes\u00e3o-referencial?-\" data-type=\"internal\" data-id=\"#como-usar-a-coes\u00e3o-referencial?-\">Como usar a Coes\u00e3o Referencial? Aprenda com exerc\u00edcios!<\/a><\/li><li><a href=\"#gabarito-dos-exerc\u00edcios-sobre-\" data-type=\"internal\" data-id=\"#gabarito-dos-exerc\u00edcios-sobre-\">Gabarito dos exerc\u00edcios sobre coes\u00e3o referencial <\/a><\/li><\/ol>\n\n\n\n<p>O Enem \u00e9 uma das formas mais conhecidas de entrar no ensino superior gratuito.<strong> Treine para o Enem com nosso <\/strong><a href=\"https:\/\/beduka.com\/simulado-enem\/#\/\" target=\"_blank\" rel=\"noreferrer noopener\"><strong>Simulado Beduka<\/strong><\/a><strong>: <\/strong>o melhor simulado do Brasil!<\/p>\n\n\n\n<h2 class=\"wp-block-heading\" id=\"o-que-\u00e9-coes\u00e3o\">O que \u00e9 Coes\u00e3o Referencial?<\/h2>\n\n\n\n<p>Voc\u00ea j\u00e1 se perguntou \u201cO que \u00e9 a coes\u00e3o referencial\u201d?<\/p>\n\n\n\n<p>Se voc\u00ea ainda n\u00e3o sabe o que \u00e9, ou como usar, ir\u00e1 aprender nesse texto.&nbsp;<\/p>\n\n\n\n<p><strong>A coes\u00e3o referencial \u00e9 um recurso coesivo lingu\u00edstico usado para criar rela\u00e7\u00f5es entre palavras e express\u00f5es dentro de um texto. <\/strong>Isso permite que o leitor identifique os termos aos quais se referem.&nbsp;<\/p>\n\n\n\n<p>Ok, talvez voc\u00ea n\u00e3o tenha entendido nada. Veja um exemplo, ent\u00e3o:<\/p>\n\n\n\n<p><strong>Ana <\/strong>estava muito triste naquele dia. <strong>Ela <\/strong>n\u00e3o podia sair de casa por conta do resfriado.&nbsp;<\/p>\n\n\n\n<p>Nesse caso, podemos dizer que <strong>Ana \u00e9 o nosso termo referente<\/strong>. Afinal, \u00e9 dela que estamos falando. A palavra \u201cela\u201d \u00e9 usada para evitar repeti\u00e7\u00f5es ao falar \u201cAna\u201d novamente.<\/p>\n\n\n\n<p>Quando o referente \u00e9 retomado no texto (n\u00e3o importa a forma), \u00e9 um sinal de orienta\u00e7\u00e3o para os leitores<strong>. Deve-se procurar algo que foi dito l\u00e1 atr\u00e1s ou algo que ainda ser\u00e1 dito<\/strong>. Isso porque o termo ou express\u00e3o j\u00e1 foi citado e foi retomado por outro termo que o substitui.&nbsp;<\/p>\n\n\n\n<p>Dessa forma, a coes\u00e3o referencial \u00e9 um \u00f3timo mecanismo de coes\u00e3o textual e contribui na textualidade atrav\u00e9s desses elementos coesivos. <strong>Atrav\u00e9s da coes\u00e3o referencial, v\u00e1rias partes dos textos s\u00e3o conectadas, sejam palavras, ora\u00e7\u00f5es e per\u00edodos.<\/strong><\/p>\n\n\n\n<p>A coes\u00e3o referencial \u00e9 muito importante para que o leitor consiga identificar os termos referidos no texto.<\/p>\n\n\n\n<h2 class=\"wp-block-heading\" id=\"para-que-serve-a-coes\u00e3o-referencial\">Para que serve a coes\u00e3o referencial?<\/h2>\n\n\n\n<p>Agora que voc\u00ea j\u00e1 sabe o que \u00e9 coes\u00e3o referencial, vamos te explicar para que serve este recurso.&nbsp;<\/p>\n\n\n\n<p>A coes\u00e3o referencial \u00e9 de extrema import\u00e2ncia em <strong>qualquer texto<\/strong>. Isso mesmo!<\/p>\n\n\n\n<p>Mas para qu\u00ea?<\/p>\n\n\n\n<p><strong>A coes\u00e3o referencial funciona como um substituto de termos nas palavras, frases, per\u00edodos, ora\u00e7\u00f5es ou textos.&nbsp;<\/strong><\/p>\n\n\n\n<p>Nesse sentido,<strong> o objetivo \u00e9 facilitar o entendimento<\/strong>, bem como a capta\u00e7\u00e3o da mensagem,<strong> sem precisar fazer uso de repeti\u00e7\u00f5es desnecess\u00e1rias<\/strong>.<\/p>\n\n\n\n<p>Ou seja, de forma geral, <strong>o intuito principal da coes\u00e3o referencial \u00e9 evitar a repeti\u00e7\u00e3o de termos.<\/strong><\/p>\n\n\n\n<h2 class=\"wp-block-heading\" id=\"quais-os-tipos-de-coes\u00e3o-referencial\">Quais os tipos de coes\u00e3o referencial?<\/h2>\n\n\n\n<p>N\u00e3o basta saber o que \u00e9 coes\u00e3o referencial e para que serve, precisamos saber os tipos. Sabendo quais s\u00e3o os tipos, <strong>voc\u00ea poder\u00e1 us\u00e1-los no seu texto deixando-os ainda melhores e sem repeti\u00e7\u00f5es<\/strong>.&nbsp;<\/p>\n\n\n\n<p>Existem 6 tipos de coes\u00e3o referencial:&nbsp;<\/p>\n\n\n\n<ol><li>An\u00e1fora<\/li><li>Cat\u00e1fora<\/li><li>Substitui\u00e7\u00e3o&nbsp;<\/li><li>Repeti\u00e7\u00e3o ou Reitera\u00e7\u00e3o&nbsp;<\/li><li>Contiguidade&nbsp;<\/li><li>Elipse&nbsp;<\/li><\/ol>\n\n\n\n<p>Veja agora detalhadamente cada um deles:&nbsp;<\/p>\n\n\n\n<h2 class=\"wp-block-heading\" id=\"coes\u00e3o-referencial-de-an\u00e1fora\">Coes\u00e3o referencial de An\u00e1fora<\/h2>\n\n\n\n<p>A an\u00e1fora \u00e9 um dos recursos da coes\u00e3o<strong> referencial e retoma o referente usando um elemento coesivo<\/strong>, que pode ser: <a href=\"https:\/\/beduka.com\/blog\/materias\/portugues\/o-que-sao-artigos\/\" target=\"_blank\" rel=\"noreferrer noopener\">artigos<\/a>, <a href=\"https:\/\/beduka.com\/blog\/materias\/portugues\/o-que-sao-adverbios\/\" target=\"_blank\" rel=\"noreferrer noopener\">adv\u00e9rbios<\/a>, <a href=\"https:\/\/beduka.com\/blog\/materias\/portugues\/tipos-de-pronomes\/\" target=\"_blank\" rel=\"noreferrer noopener\">pronomes<\/a> e numerais.&nbsp;<\/p>\n\n\n\n<p>Nesse caso, as refer\u00eancias textuais <strong>retomam elementos expressos anteriormente no texto<\/strong>.&nbsp;<\/p>\n\n\n\n<p>Exemplo:<\/p>\n\n\n\n<p><strong>Eduarda <\/strong>era muito feliz e alegre. <strong>Ela <\/strong>tinha tudo o que precisava!<\/p>\n\n\n\n<p>O pronome \u201c<strong>Ela<\/strong>\u201d retoma o substantivo pr\u00f3prio \u201c<strong>Eduarda<\/strong>\u201d<\/p>\n\n\n\n<h2 class=\"wp-block-heading\" id=\"coes\u00e3o-referencial-de-cat\u00e1fora\">Coes\u00e3o referencial de Cat\u00e1fora<\/h2>\n\n\n\n<p>A cat\u00e1fora, diferentemente da an\u00e1fora, antecipa o referente. Ou seja, <strong>o referente aparece somente depois do item coesivo<\/strong>.&nbsp;<\/p>\n\n\n\n<p>Geralmente \u00e9 empregada atrav\u00e9s de <a href=\"https:\/\/beduka.com\/blog\/materias\/portugues\/quais-sao-os-pronomes-demonstrativos\/\" target=\"_blank\" rel=\"noreferrer noopener\">pronomes demonstrativos<\/a> e <a href=\"https:\/\/beduka.com\/blog\/materias\/portugues\/tipos-de-pronomes\/\" target=\"_blank\" rel=\"noreferrer noopener\">indefinidos<\/a>.&nbsp;<\/p>\n\n\n\n<p>Exemplo:&nbsp;<\/p>\n\n\n\n<p>Cl\u00e1udia olhou<strong>-a <\/strong>e disse: <strong>Giovanna<\/strong>, pare com isso!<\/p>\n\n\n\n<p>Perceba que o pronome obl\u00edquo \u201c<strong>a<\/strong>\u201d introduz o substantivo pr\u00f3prio \u201c<strong>Giovanna<\/strong>\u201d, que s\u00f3 aparece depois.&nbsp;<\/p>\n\n\n\n<h2 class=\"wp-block-heading\" id=\"coes\u00e3o-referencial-de-substitui\u00e7\u00e3o\">Coes\u00e3o referencial de Substitui\u00e7\u00e3o<\/h2>\n\n\n\n<p>A substitui\u00e7\u00e3o<strong> acontece quando h\u00e1 uso de algum termo com valor coesivo correspondente <\/strong>ao de outro elemento do texto.&nbsp;<\/p>\n\n\n\n<p>Exemplo:&nbsp;<\/p>\n\n\n\n<p>O <strong>cachorro <\/strong>latia muito. O nosso <strong>amigo de quatro patas <\/strong>n\u00e3o gostava muito de tomar banho!<\/p>\n\n\n\n<p>O substantivo \u201c<strong>cachorro<\/strong>\u201d \u00e9 retomado posteriormente pelo termo \u201c<strong>amigo de quatro patas<\/strong>\u201d. Dessa maneira, <strong>evitou-se a repeti\u00e7\u00e3o desnecess\u00e1ria<\/strong>.&nbsp;<\/p>\n\n\n\n<h2 class=\"wp-block-heading\" id=\"coes\u00e3o-referencial-de-repeti\u00e7\u00e3o\">Coes\u00e3o Referencial de Repeti\u00e7\u00e3o ou Reitera\u00e7\u00e3o&nbsp;<\/h2>\n\n\n\n<p>A repeti\u00e7\u00e3o\/reitera\u00e7\u00e3o <strong>\u00e9 uma forma de dar \u00eanfase em algum termo<\/strong> e, dessa forma, mant\u00e9m-se o sistema de refer\u00eancias no interior do texto.&nbsp;<\/p>\n\n\n\n<p>Exemplo:<\/p>\n\n\n\n<p><strong>Michel Temer<\/strong> estava na R\u00fassia no final do ano passado. <strong>Temer <\/strong>espera que a rela\u00e7\u00e3o entre os pa\u00edses melhore.<\/p>\n\n\n\n<p>A repeti\u00e7\u00e3o do nome do ex-presidente brasileiro serve para<strong> refor\u00e7ar sua a\u00e7\u00e3o.<\/strong><\/p>\n\n\n\n<h2 class=\"wp-block-heading\" id=\"coes\u00e3o-referencial-de-contiguidade-\">Coes\u00e3o Referencial de Contiguidade&nbsp;<\/h2>\n\n\n\n<p>A contiguidade acontece quando h\u00e1 o uso de termos que s\u00e3o do mesmo campo sem\u00e2ntico.&nbsp;<\/p>\n\n\n\n<p>Exemplo:<\/p>\n\n\n\n<blockquote class=\"wp-block-quote\"><p><em>\u00c0 medida que o <\/em><strong><em>rio <\/em><\/strong><em>se afunila entre os pared\u00f5es cada vez mais verticais, a <\/em><strong><em>correnteza <\/em><\/strong><em>vai ganhando velocidade e companhia de uma<\/em><strong><em> espuma branca<\/em><\/strong><em>, originada pelo choque violento das <\/em><strong><em>\u00e1guas <\/em><\/strong><em>contras as pedras. O bote responde de imediato ao <\/em><strong><em>turbilh\u00e3o<\/em><\/strong><em>, chacoalhando sem intervalos. O corpo esquenta, o cora\u00e7\u00e3o bate mais forte. Uns 3 metros acima de nossas cabe\u00e7as, onde termina o c\u00e2nion, a selva toma conta. [\u2026]&nbsp;<\/em><\/p><p><em>Thiago Medaglia.<\/em><\/p><\/blockquote>\n\n\n\n<p>Nesse exemplo, <strong>todas as palavras em negritos se referem \u00e0 mesma coisa<\/strong>: o rio.<\/p>\n\n\n\n<h2 class=\"wp-block-heading\" id=\"coes\u00e3o-referencial-de-elipse\">Coes\u00e3o referencial de Elipse<\/h2>\n\n\n\n<p><strong>A elipse omite um ou mais termos da frase, que s\u00e3o facilmente identific\u00e1veis pelo leitor<\/strong>. Isto \u00e9, n\u00e3o h\u00e1 necessidade de repeti\u00e7\u00e3o pois o leitor j\u00e1 entende sobre o que o autor est\u00e1 falando.&nbsp;<\/p>\n\n\n\n<p>Exemplo:<\/p>\n\n\n\n<p>&#8220;Eu canto porque o instante existe<\/p>\n\n\n\n<p>e a minha vida est\u00e1 completa.<\/p>\n\n\n\n<p>N\u00e3o sou alegre nem sou triste:<\/p>\n\n\n\n<p>sou poeta.&#8221;<\/p>\n\n\n\n<p>(Trecho do poema \u2018Motivo\u2019 de Cec\u00edlia Meireles)<\/p>\n\n\n\n<p>Neste exemplo, ocorre a omiss\u00e3o do pronome \u201ceu\u201d na terceira linha do poema. <strong>Ainda assim, essa omiss\u00e3o \u00e9 justificada pelo fato de o leitor conseguir entender a quem o autor se refere.&nbsp;<\/strong><\/p>\n\n\n\n<p>Agora que voc\u00ea j\u00e1 sabe o que \u00e9 coes\u00e3o referencial, para que serve e seus tipos,<strong> voc\u00ea j\u00e1 pode come\u00e7ar a colocar em pr\u00e1tica seus novos conhecimentos adquiridos.<\/strong><\/p>\n\n\n\n<h2 class=\"wp-block-heading\" id=\"como-usar-a-coes\u00e3o-referencial?-\">Como usar a coes\u00e3o referencial? Aprenda com exerc\u00edcios!<\/h2>\n\n\n\n<p><strong>Perceba como voc\u00ea est\u00e1 escrevendo ou falando<\/strong>. Fa\u00e7a com que seja um processo mais <strong>consciente<\/strong>.&nbsp;<\/p>\n\n\n\n<p>Lembre-se de buscar perceber se no seu texto voc\u00ea est\u00e1 cometendo repeti\u00e7\u00f5es que poderiam ser evitadas.&nbsp;<\/p>\n\n\n\n<p><strong>Sempre releia o seu texto procurando por formas de mud\u00e1-lo,<\/strong> deixando-o mais coeso e<strong> menos repetitivo<\/strong>.&nbsp;<\/p>\n\n\n\n<h3 class=\"wp-block-heading\">Exerc\u00edcios&nbsp;<\/h3>\n\n\n\n<p><strong>Quest\u00e3o 1<\/strong>&#8211; (<a href=\"https:\/\/enem.inep.gov.br\/participante\/#!\/\" data-type=\"URL\" data-id=\"https:\/\/enem.inep.gov.br\/participante\/#!\/\" target=\"_blank\" rel=\"noreferrer noopener\">Enem<\/a>-2014)<\/p>\n\n\n\n<p>H\u00e1 qualquer coisa de especial nisso de botar a cara na janela em cr\u00f4nica de jornal \u2012 eu n\u00e3o fazia isso h\u00e1 muitos anos, enquanto me escondia em poesia e fic\u00e7\u00e3o. Cr\u00f4nica algumas vezes tamb\u00e9m \u00e9 feita, intencionalmente, para provocar. Al\u00e9m do mais, em certos dias mesmo o escritor mais escolado n\u00e3o est\u00e1 l\u00e1 grande coisa. Tem os que mostram sua cara escrevendo para reclamar: moderna demais, antiquada demais.<\/p>\n\n\n\n<p>Alguns discorrem sobre o assunto, e \u00e9 gostoso compartilhar ideias. H\u00e1 os textos que parecem passar despercebidos, outros rendem um mont\u00e3o de recados: \u201cVoc\u00ea escreveu exatamente o que eu sinto\u201d, \u201cIsso \u00e9 exatamente o que falo com meus pacientes\u201d, \u201c\u00c9 isso que digo para meus pais\u201d, \u201cComentei com minha namorada\u201d. Os est\u00edmulos s\u00e3o valiosos pra quem nesses tempos andava meio assim: \u00e9 como me botarem no colo \u2012 tamb\u00e9m eu preciso. Na verdade, nunca fui t\u00e3o posta no colo por leitores como na janela do jornal. De modo que est\u00e1 sendo \u00f3tima, essa brincadeira s\u00e9ria, com alguns textos que iam acabar neste livro, outros espalhados por a\u00ed. Porque eu levo a s\u00e9rio ser s\u00e9rio\u2026 mesmo quando parece que estou brincando: essa \u00e9 uma das maravilhas de escrever. Como escrevi h\u00e1 muitos anos e continua sendo a minha verdade: palavras s\u00e3o meu jeito mais secreto de calar.<\/p>\n\n\n\n<p>LUFT, L. <em>Pensar \u00e9 transgredir<\/em>. Rio de janeiro: Record, 2004.<\/p>\n\n\n\n<p>Os textos fazem uso constante de recurso que permitem a articula\u00e7\u00e3o entre suas partes. Quanto \u00e0 constru\u00e7\u00e3o do fragmento, o elemento<\/p>\n\n\n\n<p><strong>a) <\/strong>\u201cnisso\u201d introduz o fragmento \u201cbotar a cara na janela em cr\u00f4nica de jornal\u201d.<\/p>\n\n\n\n<p><strong>b)<\/strong> \u201cassim\u201d \u00e9 uma par\u00e1frase de \u201c\u00e9 como me botarem no colo\u201d.<\/p>\n\n\n\n<p><strong>c) <\/strong>\u201cisso\u201d remete a \u201cescondia em poesia e fic\u00e7\u00e3o\u201d.<\/p>\n\n\n\n<p><strong>d)<\/strong> \u201calguns\u201d antecipa a informa\u00e7\u00e3o \u201c\u00c9 isso que digo para meus pais\u201d.<\/p>\n\n\n\n<p><strong>e)<\/strong> \u201cessa\u201d recupera a informa\u00e7\u00e3o anterior \u201cjanela do jornal\u201d.<\/p>\n\n\n\n<p><strong>Quest\u00e3o<\/strong> 2- (<a href=\"\/\/enem.inep.gov.br\/participante\/#!\/\" data-type=\"internal\" data-id=\"#https:\/\/enem.inep.gov.br\/participante\/#!\/\" target=\"_blank\" rel=\"noreferrer noopener\">Enem<\/a>-2009)<\/p>\n\n\n\n<p>P\u00e1ris, filho do rei de Troia, raptou Helena, mulher de um rei grego. Isso provocou um sangrento conflito de dez anos, entre os s\u00e9culos XIII e XII A.C. Foi o primeiro choque entre o ocidente e o oriente. Mas os gregos conseguiram enganar os troianos. Deixaram \u00e0 porta de seus muros fortificados um imenso cavalo de madeira. Os troianos, felizes com o presente, puseram-no para dentro. \u00c0 noite, os soldados gregos, que estavam escondidos no cavalo, sa\u00edram e abriram as portas da fortaleza para a invas\u00e3o. Da\u00ed surgiu a express\u00e3o &#8220;presente de grego&#8221;.<\/p>\n\n\n\n<p>Em &#8220;puseram-no&#8221;, a forma pronominal &#8220;no&#8221; refere-se:<\/p>\n\n\n\n<p><strong>a)<\/strong> ao termo &#8220;rei grego&#8221;.<\/p>\n\n\n\n<p><strong>b) <\/strong>ao antecedente &#8220;gregos&#8221;.<\/p>\n\n\n\n<p><strong>c)<\/strong> ao antecedente distante &#8220;choque&#8221;.<\/p>\n\n\n\n<p><strong>d)<\/strong> \u00e0 express\u00e3o &#8220;muros fortificados&#8221;.<\/p>\n\n\n\n<p><strong>e)<\/strong> aos termos &#8220;presente&#8221; e &#8220;cavalo de madeira&#8221;.<\/p>\n\n\n\n<p><strong>Quest\u00e3o 3<\/strong>&#8211;&nbsp; (<a href=\"https:\/\/enem.inep.gov.br\/participante\/#!\/\" data-type=\"URL\" data-id=\"https:\/\/enem.inep.gov.br\/participante\/#!\/\" target=\"_blank\" rel=\"noreferrer noopener\">Enem<\/a>-2016)<\/p>\n\n\n\n<p>\u201cEla \u00e9 muito diva!\u201d, gritou a mo\u00e7a aos amigos, com uma c\u00e2mera na m\u00e3o. Era a quinta edi\u00e7\u00e3o da Campus Party, a feira de internet que acontece anualmente em S\u00e3o Paulo, na \u00faltima ter\u00e7a-feira, 7. A diva em quest\u00e3o era a cantora de tecnobrega Gaby Amarantos, a \u201cBeyonc\u00e9 do Par\u00e1\u201d. Simp\u00e1tica, Gaby sorriu e posou pacientemente para todos os cliques. Pouco depois, o rapper Emicida, palestrante ao lado da paraense e do tamb\u00e9m rapper MV Bill, viveria a mesma tietagem. Se cenas como essa hoje em dia fazem parte do cotidiano de Gaby e Emicida, ambos garantem que isso se deve \u00e0 dimens\u00e3o que suas carreiras tomaram atrav\u00e9s da internet \u2014 o sucesso na rede era justamente o assunto da palestra. Ambos vieram da periferia e s\u00e3o marcados pela disponibiliza\u00e7\u00e3o gratuita ou a pre\u00e7os muito baixos de seus discos, fen\u00f4meno que ampliou a audi\u00eancia para al\u00e9m dos sub\u00farbios paraenses e paulistanos. A dupla at\u00e9 j\u00e1 realizou uma apresenta\u00e7\u00e3o em conjunto, no Beco 203, casa de shows localizada no Baixo Augusta, em S\u00e3o Paulo, frequentada por um p\u00fablico de classe m\u00e9dia alta.<\/p>\n\n\n\n<p>As ideias apresentadas no texto estruturam-se em torno de elementos que promovem o encadeamento das ideias e a progress\u00e3o do tema abordado. A esse respeito, identifica-se no texto em quest\u00e3o que<\/p>\n\n\n\n<p><strong>a) <\/strong>a express\u00e3o \u201cpouco depois\u201d, em \u201cPouco depois, o rapper Emicida\u201d, indica perman\u00eancia de estado de coisas no mundo.<\/p>\n\n\n\n<p><strong>b)<\/strong> o voc\u00e1bulo \u201ctamb\u00e9m\u201d, em \u201ce tamb\u00e9m rapper MV Bill\u201d, retoma coesivamente a express\u00e3o \u201co rapper Emicida\u201d.<\/p>\n\n\n\n<p><strong>c)<\/strong> o conectivo \u201cse\u201d, em \u201cSe cenas como essa\u201d, orienta o leitor para conclus\u00f5es contr\u00e1rias a uma ideia anteriormente apresentada.<\/p>\n\n\n\n<p><strong>d)<\/strong> o pronome indefinido \u201cisso\u201d, em \u201cisso se deve\u201d, marca uma remiss\u00e3o a ideias do texto.<\/p>\n\n\n\n<p><strong>e)<\/strong> as express\u00f5es \u201ca cantora de tecnobrega Gaby Amarantos, a \u2018Beyonc\u00e9 do Par\u00e1'&#8221;, \u201cambos\u201d e \u201ca dupla\u201d formam uma cadeia coesiva por retomarem as mesmas personalidades.<\/p>\n\n\n\n<h2 class=\"wp-block-heading\" id=\"gabarito-dos-exerc\u00edcios-sobre-\">Gabarito dos exerc\u00edcios sobre Coes\u00e3o Referencial&nbsp;<\/h2>\n\n\n\n<p><strong>Exerc\u00edcio resolvido da quest\u00e3o 1 &#8211;<\/strong><\/p>\n\n\n\n<p>Alternativa correta:<strong> a) <\/strong>\u201cnisso\u201d introduz o fragmento \u201cbotar a cara na janela em cr\u00f4nica de jornal\u201d.<\/p>\n\n\n\n<p><strong>Exerc\u00edcio resolvido da quest\u00e3o 2 &#8211;<\/strong><\/p>\n\n\n\n<p>Alternativa correta: <strong>e)<\/strong> aos termos &#8220;presente&#8221; e &#8220;cavalo de madeira&#8221;.<\/p>\n\n\n\n<p><strong>Exerc\u00edcio resolvido da quest\u00e3o 3 &#8211;<\/strong><\/p>\n\n\n\n<p>Alternativa correta: <strong>d)<\/strong> o pronome indefinido \u201cisso\u201d, em \u201cisso se deve\u201d, marca uma remiss\u00e3o a ideias do texto.<\/p>\n\n\n\n<p><strong>Gostou de conhecer mais sobre o que \u00e9 Coes\u00e3o Referencial? <\/strong>Confira outros artigos do nosso blog e se prepare para o vestibular da melhor maneira!<\/p>\n\n\n\n<p><strong>Queremos te ajudar a encontrar a FACULDADE IDEAL!<\/strong> Logo abaixo, fa\u00e7a uma pesquisa por curso e cidade que te mostraremos todas as faculdades que podem te atender. Informamos a nota de corte, valor de mensalidade, nota do MEC, avalia\u00e7\u00e3o dos alunos, modalidades de ensino e muito mais.<\/p>\n\n\n\n<p><strong>Experimente agora!<\/strong><\/p>\n","protected":false},"excerpt":{"rendered":"<p>A coes\u00e3o referencial \u00e9 um recurso utilizado para conectar palavras e express\u00f5es. Leia esse texto para entender melhor o que \u00e9 coes\u00e3o referencial, tipos e ainda alguns exerc\u00edcios para voc\u00ea aprender como usar!<\/p>\n","protected":false},"author":1,"featured_media":23367,"comment_status":"open","ping_status":"closed","sticky":false,"template":"","format":"standard","meta":{"_mi_skip_tracking":false,"_monsterinsights_sitenote_active":false,"_monsterinsights_sitenote_note":"","_monsterinsights_sitenote_category":0},"categories":[488],"tags":[],"yoast_head":"<!-- This site is optimized with the Yoast SEO plugin v20.10 - https:\/\/yoast.com\/wordpress\/plugins\/seo\/ -->\n<title>O que \u00e9 coes\u00e3o referencial? Conhe\u00e7a 6 tipos com exemplos e exerc\u00edcios!<\/title>\n<meta name=\"description\" content=\"A coes\u00e3o referencial \u00e9 um recurso utilizado para conectar palavras e express\u00f5es. Leia esse texto para entender melhor o que \u00e9 coes\u00e3o referencial, tipos e ainda alguns exerc\u00edcios para voc\u00ea aprender como usar!\" \/>\n<meta name=\"robots\" content=\"index, follow, max-snippet:-1, max-image-preview:large, max-video-preview:-1\" \/>\n<link rel=\"canonical\" href=\"https:\/\/beduka.com\/blog\/materias\/portugues\/o-que-e-coesao-referencial\/\" \/>\n<meta property=\"og:locale\" content=\"pt_BR\" \/>\n<meta property=\"og:type\" content=\"article\" \/>\n<meta property=\"og:title\" content=\"O que \u00e9 coes\u00e3o referencial? Conhe\u00e7a 6 tipos com exemplos e exerc\u00edcios!\" \/>\n<meta property=\"og:description\" content=\"A coes\u00e3o referencial \u00e9 um recurso utilizado para conectar palavras e express\u00f5es. Leia esse texto para entender melhor o que \u00e9 coes\u00e3o referencial, tipos e ainda alguns exerc\u00edcios para voc\u00ea aprender como usar!\" \/>\n<meta property=\"og:url\" content=\"https:\/\/beduka.com\/blog\/materias\/portugues\/o-que-e-coesao-referencial\/\" \/>\n<meta property=\"og:site_name\" content=\"Blog do Beduka | Mat\u00e9rias resumidas, Dicas e Exerc\u00edcios Enem\" \/>\n<meta property=\"article:publisher\" content=\"https:\/\/www.facebook.com\/beduka.buscadordefaculdades\/\" \/>\n<meta property=\"article:author\" content=\"https:\/\/www.facebook.com\/beduka.buscadordefaculdades\" \/>\n<meta property=\"article:published_time\" content=\"2021-09-24T20:00:09+00:00\" \/>\n<meta property=\"article:modified_time\" content=\"2023-04-03T13:09:03+00:00\" \/>\n<meta property=\"og:image\" content=\"https:\/\/beduka.com\/blog\/wp-content\/uploads\/2021\/09\/O-QUE-E-COESAO-REFERENCIAL.jpg\" \/>\n\t<meta property=\"og:image:width\" content=\"609\" \/>\n\t<meta property=\"og:image:height\" content=\"342\" \/>\n\t<meta property=\"og:image:type\" content=\"image\/jpeg\" \/>\n<meta name=\"author\" content=\"Reda\u00e7\u00e3o Beduka (a)\" \/>\n<meta name=\"twitter:card\" content=\"summary_large_image\" \/>\n<meta name=\"twitter:label1\" content=\"Escrito por\" \/>\n\t<meta name=\"twitter:data1\" content=\"Reda\u00e7\u00e3o Beduka (a)\" \/>\n\t<meta name=\"twitter:label2\" content=\"Est. tempo de leitura\" \/>\n\t<meta name=\"twitter:data2\" content=\"11 minutos\" \/>\n<script type=\"application\/ld+json\" class=\"yoast-schema-graph\">{\"@context\":\"https:\/\/schema.org\",\"@graph\":[{\"@type\":\"Article\",\"@id\":\"https:\/\/beduka.com\/blog\/materias\/portugues\/o-que-e-coesao-referencial\/#article\",\"isPartOf\":{\"@id\":\"https:\/\/beduka.com\/blog\/materias\/portugues\/o-que-e-coesao-referencial\/\"},\"author\":{\"name\":\"Reda\u00e7\u00e3o Beduka (a)\",\"@id\":\"https:\/\/beduka.com\/blog\/#\/schema\/person\/325d912d2cb8dd9ede8ab291427d2b8a\"},\"headline\":\"O que \u00e9 Coes\u00e3o Referencial? Aprenda de uma vez por todas e saiba como usar!\",\"datePublished\":\"2021-09-24T20:00:09+00:00\",\"dateModified\":\"2023-04-03T13:09:03+00:00\",\"mainEntityOfPage\":{\"@id\":\"https:\/\/beduka.com\/blog\/materias\/portugues\/o-que-e-coesao-referencial\/\"},\"wordCount\":2137,\"commentCount\":0,\"publisher\":{\"@id\":\"https:\/\/beduka.com\/blog\/#organization\"},\"articleSection\":[\"Portugu\u00eas\"],\"inLanguage\":\"pt-BR\",\"potentialAction\":[{\"@type\":\"CommentAction\",\"name\":\"Comment\",\"target\":[\"https:\/\/beduka.com\/blog\/materias\/portugues\/o-que-e-coesao-referencial\/#respond\"]}]},{\"@type\":\"WebPage\",\"@id\":\"https:\/\/beduka.com\/blog\/materias\/portugues\/o-que-e-coesao-referencial\/\",\"url\":\"https:\/\/beduka.com\/blog\/materias\/portugues\/o-que-e-coesao-referencial\/\",\"name\":\"O que \u00e9 coes\u00e3o referencial? Conhe\u00e7a 6 tipos com exemplos e exerc\u00edcios!\",\"isPartOf\":{\"@id\":\"https:\/\/beduka.com\/blog\/#website\"},\"datePublished\":\"2021-09-24T20:00:09+00:00\",\"dateModified\":\"2023-04-03T13:09:03+00:00\",\"description\":\"A coes\u00e3o referencial \u00e9 um recurso utilizado para conectar palavras e express\u00f5es. Leia esse texto para entender melhor o que \u00e9 coes\u00e3o referencial, tipos e ainda alguns exerc\u00edcios para voc\u00ea aprender como usar!\",\"breadcrumb\":{\"@id\":\"https:\/\/beduka.com\/blog\/materias\/portugues\/o-que-e-coesao-referencial\/#breadcrumb\"},\"inLanguage\":\"pt-BR\",\"potentialAction\":[{\"@type\":\"ReadAction\",\"target\":[\"https:\/\/beduka.com\/blog\/materias\/portugues\/o-que-e-coesao-referencial\/\"]}]},{\"@type\":\"BreadcrumbList\",\"@id\":\"https:\/\/beduka.com\/blog\/materias\/portugues\/o-que-e-coesao-referencial\/#breadcrumb\",\"itemListElement\":[{\"@type\":\"ListItem\",\"position\":1,\"name\":\"Home\",\"item\":\"https:\/\/beduka.com\/blog\/\"},{\"@type\":\"ListItem\",\"position\":2,\"name\":\"O que \u00e9 Coes\u00e3o Referencial? Aprenda de uma vez por todas e saiba como usar!\"}]},{\"@type\":\"WebSite\",\"@id\":\"https:\/\/beduka.com\/blog\/#website\",\"url\":\"https:\/\/beduka.com\/blog\/\",\"name\":\"Blog do Beduka | Mat\u00e9rias resumidas, Dicas e Exerc\u00edcios Enem\",\"description\":\"O Blog do Beduka tem os conte\u00fados que mais caem no Enem, exerc\u00edcios de vestibular com gabarito, resumos, dicas e informa\u00e7\u00f5es Sisu, Prouni e Fies.Encontre dicas para o ENEM, resumos, exerc\u00edcios e informa\u00e7\u00f5es sobre os vestibulares. Acesse agora!\",\"publisher\":{\"@id\":\"https:\/\/beduka.com\/blog\/#organization\"},\"potentialAction\":[{\"@type\":\"SearchAction\",\"target\":{\"@type\":\"EntryPoint\",\"urlTemplate\":\"https:\/\/beduka.com\/blog\/?s={search_term_string}\"},\"query-input\":\"required name=search_term_string\"}],\"inLanguage\":\"pt-BR\"},{\"@type\":\"Organization\",\"@id\":\"https:\/\/beduka.com\/blog\/#organization\",\"name\":\"Beduka\",\"url\":\"https:\/\/beduka.com\/blog\/\",\"logo\":{\"@type\":\"ImageObject\",\"inLanguage\":\"pt-BR\",\"@id\":\"https:\/\/beduka.com\/blog\/#\/schema\/logo\/image\/\",\"url\":\"https:\/\/beduka.com\/blog\/wp-content\/uploads\/2020\/06\/marca-beduka.png\",\"contentUrl\":\"https:\/\/beduka.com\/blog\/wp-content\/uploads\/2020\/06\/marca-beduka.png\",\"width\":1077,\"height\":368,\"caption\":\"Beduka\"},\"image\":{\"@id\":\"https:\/\/beduka.com\/blog\/#\/schema\/logo\/image\/\"},\"sameAs\":[\"https:\/\/www.facebook.com\/beduka.buscadordefaculdades\/\",\"https:\/\/www.instagram.com\/beduka_oficial\/\",\"https:\/\/www.linkedin.com\/company\/beduka\",\"https:\/\/br.pinterest.com\/bedukaoficial\/\",\"https:\/\/www.youtube.com\/beduka\"]},{\"@type\":\"Person\",\"@id\":\"https:\/\/beduka.com\/blog\/#\/schema\/person\/325d912d2cb8dd9ede8ab291427d2b8a\",\"name\":\"Reda\u00e7\u00e3o Beduka (a)\",\"image\":{\"@type\":\"ImageObject\",\"inLanguage\":\"pt-BR\",\"@id\":\"https:\/\/beduka.com\/blog\/#\/schema\/person\/image\/\",\"url\":\"https:\/\/secure.gravatar.com\/avatar\/6f58a181ef24e0dc0bb73f096aa0f8b5?s=96&d=mm&r=g\",\"contentUrl\":\"https:\/\/secure.gravatar.com\/avatar\/6f58a181ef24e0dc0bb73f096aa0f8b5?s=96&d=mm&r=g\",\"caption\":\"Reda\u00e7\u00e3o Beduka (a)\"},\"description\":\"Este conte\u00fado foi criado e validado por uma equipe multidisciplinar, formada por especialistas em cada \u00e1rea do conhecimento. O Beduka est\u00e1 presente no Instagram, YouTube, LinkedIn e em diversos outros ambientes digitais. O site foi criado em 2017 e, desde a sua funda\u00e7\u00e3o, atua para fornecer materiais de qualidade para facilitar a vida de estudantes de todo o Brasil, ajudando-os a se preparar para os principais vestibulares e o Enem.\",\"sameAs\":[\"https:\/\/www.facebook.com\/beduka.buscadordefaculdades\",\"https:\/\/www.instagram.com\/beduka_oficial\/\",\"https:\/\/br.pinterest.com\/bedukaoficial\/\"],\"url\":\"https:\/\/beduka.com\/blog\/author\/admin\/\"}]}<\/script>\n<!-- \/ Yoast SEO plugin. -->","yoast_head_json":{"title":"O que \u00e9 coes\u00e3o referencial? Conhe\u00e7a 6 tipos com exemplos e exerc\u00edcios!","description":"A coes\u00e3o referencial \u00e9 um recurso utilizado para conectar palavras e express\u00f5es. Leia esse texto para entender melhor o que \u00e9 coes\u00e3o referencial, tipos e ainda alguns exerc\u00edcios para voc\u00ea aprender como usar!","robots":{"index":"index","follow":"follow","max-snippet":"max-snippet:-1","max-image-preview":"max-image-preview:large","max-video-preview":"max-video-preview:-1"},"canonical":"https:\/\/beduka.com\/blog\/materias\/portugues\/o-que-e-coesao-referencial\/","og_locale":"pt_BR","og_type":"article","og_title":"O que \u00e9 coes\u00e3o referencial? Conhe\u00e7a 6 tipos com exemplos e exerc\u00edcios!","og_description":"A coes\u00e3o referencial \u00e9 um recurso utilizado para conectar palavras e express\u00f5es. Leia esse texto para entender melhor o que \u00e9 coes\u00e3o referencial, tipos e ainda alguns exerc\u00edcios para voc\u00ea aprender como usar!","og_url":"https:\/\/beduka.com\/blog\/materias\/portugues\/o-que-e-coesao-referencial\/","og_site_name":"Blog do Beduka | Mat\u00e9rias resumidas, Dicas e Exerc\u00edcios Enem","article_publisher":"https:\/\/www.facebook.com\/beduka.buscadordefaculdades\/","article_author":"https:\/\/www.facebook.com\/beduka.buscadordefaculdades","article_published_time":"2021-09-24T20:00:09+00:00","article_modified_time":"2023-04-03T13:09:03+00:00","og_image":[{"width":609,"height":342,"url":"https:\/\/beduka.com\/blog\/wp-content\/uploads\/2021\/09\/O-QUE-E-COESAO-REFERENCIAL.jpg","type":"image\/jpeg"}],"author":"Reda\u00e7\u00e3o Beduka (a)","twitter_card":"summary_large_image","twitter_misc":{"Escrito por":"Reda\u00e7\u00e3o Beduka (a)","Est. tempo de leitura":"11 minutos"},"schema":{"@context":"https:\/\/schema.org","@graph":[{"@type":"Article","@id":"https:\/\/beduka.com\/blog\/materias\/portugues\/o-que-e-coesao-referencial\/#article","isPartOf":{"@id":"https:\/\/beduka.com\/blog\/materias\/portugues\/o-que-e-coesao-referencial\/"},"author":{"name":"Reda\u00e7\u00e3o Beduka (a)","@id":"https:\/\/beduka.com\/blog\/#\/schema\/person\/325d912d2cb8dd9ede8ab291427d2b8a"},"headline":"O que \u00e9 Coes\u00e3o Referencial? Aprenda de uma vez por todas e saiba como usar!","datePublished":"2021-09-24T20:00:09+00:00","dateModified":"2023-04-03T13:09:03+00:00","mainEntityOfPage":{"@id":"https:\/\/beduka.com\/blog\/materias\/portugues\/o-que-e-coesao-referencial\/"},"wordCount":2137,"commentCount":0,"publisher":{"@id":"https:\/\/beduka.com\/blog\/#organization"},"articleSection":["Portugu\u00eas"],"inLanguage":"pt-BR","potentialAction":[{"@type":"CommentAction","name":"Comment","target":["https:\/\/beduka.com\/blog\/materias\/portugues\/o-que-e-coesao-referencial\/#respond"]}]},{"@type":"WebPage","@id":"https:\/\/beduka.com\/blog\/materias\/portugues\/o-que-e-coesao-referencial\/","url":"https:\/\/beduka.com\/blog\/materias\/portugues\/o-que-e-coesao-referencial\/","name":"O que \u00e9 coes\u00e3o referencial? Conhe\u00e7a 6 tipos com exemplos e exerc\u00edcios!","isPartOf":{"@id":"https:\/\/beduka.com\/blog\/#website"},"datePublished":"2021-09-24T20:00:09+00:00","dateModified":"2023-04-03T13:09:03+00:00","description":"A coes\u00e3o referencial \u00e9 um recurso utilizado para conectar palavras e express\u00f5es. Leia esse texto para entender melhor o que \u00e9 coes\u00e3o referencial, tipos e ainda alguns exerc\u00edcios para voc\u00ea aprender como usar!","breadcrumb":{"@id":"https:\/\/beduka.com\/blog\/materias\/portugues\/o-que-e-coesao-referencial\/#breadcrumb"},"inLanguage":"pt-BR","potentialAction":[{"@type":"ReadAction","target":["https:\/\/beduka.com\/blog\/materias\/portugues\/o-que-e-coesao-referencial\/"]}]},{"@type":"BreadcrumbList","@id":"https:\/\/beduka.com\/blog\/materias\/portugues\/o-que-e-coesao-referencial\/#breadcrumb","itemListElement":[{"@type":"ListItem","position":1,"name":"Home","item":"https:\/\/beduka.com\/blog\/"},{"@type":"ListItem","position":2,"name":"O que \u00e9 Coes\u00e3o Referencial? Aprenda de uma vez por todas e saiba como usar!"}]},{"@type":"WebSite","@id":"https:\/\/beduka.com\/blog\/#website","url":"https:\/\/beduka.com\/blog\/","name":"Blog do Beduka | Mat\u00e9rias resumidas, Dicas e Exerc\u00edcios Enem","description":"O Blog do Beduka tem os conte\u00fados que mais caem no Enem, exerc\u00edcios de vestibular com gabarito, resumos, dicas e informa\u00e7\u00f5es Sisu, Prouni e Fies.Encontre dicas para o ENEM, resumos, exerc\u00edcios e informa\u00e7\u00f5es sobre os vestibulares. Acesse agora!","publisher":{"@id":"https:\/\/beduka.com\/blog\/#organization"},"potentialAction":[{"@type":"SearchAction","target":{"@type":"EntryPoint","urlTemplate":"https:\/\/beduka.com\/blog\/?s={search_term_string}"},"query-input":"required name=search_term_string"}],"inLanguage":"pt-BR"},{"@type":"Organization","@id":"https:\/\/beduka.com\/blog\/#organization","name":"Beduka","url":"https:\/\/beduka.com\/blog\/","logo":{"@type":"ImageObject","inLanguage":"pt-BR","@id":"https:\/\/beduka.com\/blog\/#\/schema\/logo\/image\/","url":"https:\/\/beduka.com\/blog\/wp-content\/uploads\/2020\/06\/marca-beduka.png","contentUrl":"https:\/\/beduka.com\/blog\/wp-content\/uploads\/2020\/06\/marca-beduka.png","width":1077,"height":368,"caption":"Beduka"},"image":{"@id":"https:\/\/beduka.com\/blog\/#\/schema\/logo\/image\/"},"sameAs":["https:\/\/www.facebook.com\/beduka.buscadordefaculdades\/","https:\/\/www.instagram.com\/beduka_oficial\/","https:\/\/www.linkedin.com\/company\/beduka","https:\/\/br.pinterest.com\/bedukaoficial\/","https:\/\/www.youtube.com\/beduka"]},{"@type":"Person","@id":"https:\/\/beduka.com\/blog\/#\/schema\/person\/325d912d2cb8dd9ede8ab291427d2b8a","name":"Reda\u00e7\u00e3o Beduka (a)","image":{"@type":"ImageObject","inLanguage":"pt-BR","@id":"https:\/\/beduka.com\/blog\/#\/schema\/person\/image\/","url":"https:\/\/secure.gravatar.com\/avatar\/6f58a181ef24e0dc0bb73f096aa0f8b5?s=96&d=mm&r=g","contentUrl":"https:\/\/secure.gravatar.com\/avatar\/6f58a181ef24e0dc0bb73f096aa0f8b5?s=96&d=mm&r=g","caption":"Reda\u00e7\u00e3o Beduka (a)"},"description":"Este conte\u00fado foi criado e validado por uma equipe multidisciplinar, formada por especialistas em cada \u00e1rea do conhecimento. O Beduka est\u00e1 presente no Instagram, YouTube, LinkedIn e em diversos outros ambientes digitais. O site foi criado em 2017 e, desde a sua funda\u00e7\u00e3o, atua para fornecer materiais de qualidade para facilitar a vida de estudantes de todo o Brasil, ajudando-os a se preparar para os principais vestibulares e o Enem.","sameAs":["https:\/\/www.facebook.com\/beduka.buscadordefaculdades","https:\/\/www.instagram.com\/beduka_oficial\/","https:\/\/br.pinterest.com\/bedukaoficial\/"],"url":"https:\/\/beduka.com\/blog\/author\/admin\/"}]}},"_links":{"self":[{"href":"https:\/\/beduka.com\/blog\/wp-json\/wp\/v2\/posts\/23366"}],"collection":[{"href":"https:\/\/beduka.com\/blog\/wp-json\/wp\/v2\/posts"}],"about":[{"href":"https:\/\/beduka.com\/blog\/wp-json\/wp\/v2\/types\/post"}],"author":[{"embeddable":true,"href":"https:\/\/beduka.com\/blog\/wp-json\/wp\/v2\/users\/1"}],"replies":[{"embeddable":true,"href":"https:\/\/beduka.com\/blog\/wp-json\/wp\/v2\/comments?post=23366"}],"version-history":[{"count":2,"href":"https:\/\/beduka.com\/blog\/wp-json\/wp\/v2\/posts\/23366\/revisions"}],"predecessor-version":[{"id":23369,"href":"https:\/\/beduka.com\/blog\/wp-json\/wp\/v2\/posts\/23366\/revisions\/23369"}],"wp:featuredmedia":[{"embeddable":true,"href":"https:\/\/beduka.com\/blog\/wp-json\/wp\/v2\/media\/23367"}],"wp:attachment":[{"href":"https:\/\/beduka.com\/blog\/wp-json\/wp\/v2\/media?parent=23366"}],"wp:term":[{"taxonomy":"category","embeddable":true,"href":"https:\/\/beduka.com\/blog\/wp-json\/wp\/v2\/categories?post=23366"},{"taxonomy":"post_tag","embeddable":true,"href":"https:\/\/beduka.com\/blog\/wp-json\/wp\/v2\/tags?post=23366"}],"curies":[{"name":"wp","href":"https:\/\/api.w.org\/{rel}","templated":true}]}}