{"id":23623,"date":"2021-10-21T17:05:54","date_gmt":"2021-10-21T20:05:54","guid":{"rendered":"https:\/\/beduka.com\/blog\/?p=23623"},"modified":"2021-10-21T17:05:55","modified_gmt":"2021-10-21T20:05:55","slug":"principais-ideias-de-kant","status":"publish","type":"post","link":"https:\/\/beduka.com\/blog\/materias\/filosofia\/principais-ideias-de-kant\/","title":{"rendered":"Principais ideias de Kant: quais s\u00e3o e como caem no Enem"},"content":{"rendered":"\n<blockquote class=\"wp-block-quote\"><p><strong><em>Immanuel Kant foi um fil\u00f3sofo muito importante que viveu no s\u00e9culo XVIII. Seus trabalhos tratam de temas como pol\u00edtica, \u00e9tica e teoria do conhecimento. Como ele teve uma influ\u00eancia muito grande na Filosofia e no mundo atual, acaba sendo figurinha carimbada em provas de vestibular e no Enem! Se prepare para as provas conhecendo as principais ideias de Kant com este artigo.<\/em><\/strong><\/p><\/blockquote>\n\n\n\n<p>Se quiser ir diretamente para alguma parte do texto, <strong>clique em algum dos t\u00f3picos abaixo<\/strong>:<\/p>\n\n\n\n<ul><li><a href=\"#foi-\">Quem foi Immanuel Kant?<\/a><\/li><li><a href=\"#principais-ideias\" data-type=\"internal\" data-id=\"#principais-ideias\">Quais s\u00e3o as principais ideias de Kant?<\/a><\/li><li><a href=\"#principais-obras\">Quais s\u00e3o as principais obras de Kant?<\/a><\/li><li><a href=\"#teoria-do-conhecimento\">O que \u00e9 a teoria do conhecimento de Kant?<\/a><\/li><li><a href=\"#enem\">Como as principais ideias de Kant podem cair no Enem?<\/a><\/li><li><a href=\"#frases-\">Frases de Kant para compreender seu pensamento!<\/a><\/li><\/ul>\n\n\n\n<p>Quando voc\u00ea terminar de ler este artigo sobre as principais ideias de Kant, <strong>vai ser muito proveitoso se colocar o conhecimento em pr\u00e1tica. <\/strong>Para isso existe o <a href=\"https:\/\/beduka.com\/blog\/dicas\/enem-dicas\/simulados-para-enem-online-e-gratuito\/\" target=\"_blank\" rel=\"noreferrer noopener\">Simulado do Beduka<\/a>, totalmente gratuito e online. N\u00e3o perca essa chance!<\/p>\n\n\n\n<h2 class=\"wp-block-heading\" id=\"foi-\">Quem foi Immanuel Kant?<\/h2>\n\n\n\n<p><strong>Kant \u00e9 um nome muito presente nas aulas de Filosofia e nos livros did\u00e1ticos. Mas voc\u00ea sabe onde e quando ele nasceu?<\/strong> O lugar e o tempo em que algu\u00e9m nasce influenciam bastante nas formas de pensar e agir, por isso vamos conhecer um pouco da biografia de Kant.<\/p>\n\n\n\n<p><strong>Immanuel Kant foi um fil\u00f3sofo iluminista <\/strong>nascido em 1724, na Pr\u00fassia Oriental, regi\u00e3o da atual R\u00fassia. Ele cresceu na cidade de K\u00f6ningsberg (conhecida hoje como Kaliningrado), onde viveu at\u00e9 sua morte, em 1804.<\/p>\n\n\n\n<p>A fam\u00edlia de Kant era bem humilde, seu pai era um artes\u00e3o que trabalhava com couro. O sustento da fam\u00edlia dependia da fabrica\u00e7\u00e3o de arreios, mas isso n\u00e3o impediu que Kant, aos 12 anos, estudasse no <strong><em>Collegium Fridericianum<\/em><\/strong>, de confiss\u00e3o luterana.<\/p>\n\n\n\n<p>Outro tra\u00e7o familiar importante \u00e9 a <strong>educa\u00e7\u00e3o pietista que ele recebeu<\/strong>. O pietismo \u00e9 um ramo do Luteranismo, que combina os princ\u00edpios da reforma com a abertura \u00e0 express\u00e3o religiosa das emo\u00e7\u00f5es.<\/p>\n\n\n\n<p>Kant estudou na universidade de Konigsberg e obteve o t\u00edtulo de livre docente, sendo designado como professor de L\u00f3gica e Metaf\u00edsica em 1770. Permaneceu na fun\u00e7\u00e3o at\u00e9 1797, quando pediu licen\u00e7a devido a quest\u00f5es de idade e debilidade f\u00edsica.<\/p>\n\n\n\n<p><strong>Quando Kant nasceu os fil\u00f3sofos procuravam resolver um problema em torno do conhecimento iniciado com os trabalhos de Ren\u00e9 Descartes<\/strong>. \u201cComo \u00e9 que as pessoas conhecem as coisas?\u201d \u201c\u00c9 poss\u00edvel conhecer realmente?\u201d<\/p>\n\n\n\n<p>No caso,<strong> a Filosofia abandonou o problema dos <\/strong><a href=\"https:\/\/beduka.com\/blog\/materias\/filosofia-escolastica\/\" target=\"_blank\" rel=\"noreferrer noopener\"><strong>universais medievais<\/strong><\/a><strong> para entender as quest\u00f5es de <\/strong><a href=\"https:\/\/beduka.com\/blog\/materias\/o-que-e-epistemologia\/\" target=\"_blank\" rel=\"noreferrer noopener\"><strong>epistemologia<\/strong><\/a>.<\/p>\n\n\n\n<p>Os fil\u00f3sofos se dividiam em dois grupos: os racionalistas e os empiristas.<\/p>\n\n\n\n<ul><li><strong>Racionalistas<\/strong>: acreditavam que as ideias nasciam com os homens e que a \u00fanica forma de conhecer \u00e9 a raz\u00e3o humana. Para eles, os sentidos n\u00e3o s\u00e3o confi\u00e1veis.<\/li><li><strong>Empiristas<\/strong>: acreditavam que o conhecimento era apreendido pelos sentidos, passando a fazer parte da experi\u00eancia humana e constituindo seu repert\u00f3rio.<\/li><\/ul>\n\n\n\n<p>Kant escreveu duas importantes obras sobre este assunto, nas quais re\u00fane suas principais ideias. Foram elas: <strong>a Cr\u00edtica da Raz\u00e3o Pr\u00e1tica e a Cr\u00edtica da Raz\u00e3o Pura.<\/strong><\/p>\n\n\n\n<ul><li>J\u00e1 pensou em utilizar seu Instagram como meio de estudos? <strong>No perfil do <\/strong><a href=\"https:\/\/www.instagram.com\/beduka_oficial\/\" target=\"_blank\" rel=\"noreferrer noopener\"><strong>Beduka <\/strong><\/a><strong>voc\u00ea encontra diversos resumos sobre todas as mat\u00e9rias.<\/strong><\/li><\/ul>\n\n\n\n<h2 class=\"wp-block-heading\" id=\"principais-ideias\">Quais s\u00e3o as principais ideias de Kant?<\/h2>\n\n\n\n<p>A vida intelectual de Kant deve ser dividida em duas fases: A <strong>pr\u00e9-cr\u00edtica e a cr\u00edtica<\/strong>. A divis\u00e3o se d\u00e1 pela mudan\u00e7a de perspectiva sobre as formas de adquirir conhecimentos de Kant. Isso aconteceu ap\u00f3s a leitura que ele fez da obra de David Hume (1711-1776).<\/p>\n\n\n\n<p>Ele iniciou sua carreira como fil\u00f3sofo racionalista, mas mudou quando teve contato com a filosofia de Hume. Segundo ele, isso o acordou do seu \u201csonho dogmatista\u201d. Esta fase p\u00f3s-Hume tem uma maior quantidade de trabalhos.&nbsp;<\/p>\n\n\n\n<p>Suas obras mais importantes da fase pr\u00e9-cr\u00edtica s\u00e3o: A \u201cHist\u00f3ria Universal da Natureza&#8221; e a \u201cTeoria do C\u00e9u\u201d. <strong>A segunda fase \u00e9 das famosas \u201cCr\u00edtica da raz\u00e3o Pura&#8221; (1781)&nbsp; e &#8221;Cr\u00edtica da Raz\u00e3o Pr\u00e1tica&#8221; (1788).<\/strong><\/p>\n\n\n\n<p><strong>Nestas obras ele desenvolve a sua epistemologia, conhecida como <\/strong><a href=\"https:\/\/beduka.com\/blog\/materias\/filosofia\/criticismo\/\" target=\"_blank\" rel=\"noreferrer noopener\"><strong>Criticismo<\/strong><\/a>. Ele tinha como interesse solucionar o problema levantado pelos empiristas e racionalistas acerca da natureza e da obten\u00e7\u00e3o do conhecimento.\u00a0<\/p>\n\n\n\n<p><strong>Essa \u00e9 a principal ideia de Kant, que ser\u00e1 apresentada mais detalhadamente abaixo!<\/strong><\/p>\n\n\n\n<p><strong>Outra ideia importante \u00e9 a de maioridade.<\/strong> Ela \u00e9 desenvolvida num texto curto em que o fil\u00f3sofo busca responder o que \u00e9 o <a href=\"https:\/\/beduka.com\/blog\/materias\/historia\/o-que-foi-iluminismo\/\" target=\"_blank\" rel=\"noreferrer noopener\">Iluminismo<\/a>. Segundo ele, seria a sa\u00edda da menoridade intelectual em busca da ousadia de saber.<\/p>\n\n\n\n<p>Neste sentido, <strong>ele elogiava aqueles que conduziam as pessoas para a liberdade necess\u00e1ria para chegar \u00e0 maioridade<\/strong>.&nbsp;<\/p>\n\n\n\n<p>Uma delas foi o rei da Pr\u00fassia, Frederico II. Ele era considerado um d\u00e9spota esclarecido, um rei que mantinha o <a href=\"https:\/\/beduka.com\/blog\/materias\/historia\/o-que-era-absolutismo\/#:~:text=O%20absolutismo%20%C3%A9%20um%20regime,de%20governo%20colocado%20em%20pr%C3%A1tica.\" target=\"_blank\" rel=\"noreferrer noopener\">poder absoluto<\/a>, mas assimilou caracter\u00edsticas do iluminismo no seu\u00a0 governo.<\/p>\n\n\n\n<p>Kant tinha como uma de suas principais ideias que <strong>os seres humanos s\u00e3o soci\u00e1veis, mas mant\u00eam tamb\u00e9m uma certa insociabilidade, o que gera conflitos<\/strong>.<\/p>\n\n\n\n<p>Por isso h\u00e1 a necessidade do contrato social e da sociedade civil. A\u00ed sim haveria o est\u00edmulo para as pessoas buscarem o melhor resultado de suas inclina\u00e7\u00f5es naturais.<\/p>\n\n\n\n<p>Isso se aplica n\u00e3o s\u00f3 aos indiv\u00edduos, mas tamb\u00e9m aos pa\u00edses. <strong>Para a garantia da paz seria necess\u00e1rio uma sociedade de na\u00e7\u00f5es<\/strong>, como a que temos hoje: a <a href=\"https:\/\/brasil.un.org\/\" target=\"_blank\" rel=\"noreferrer noopener\">Organiza\u00e7\u00e3o das Na\u00e7\u00f5es Unidas<\/a>.<\/p>\n\n\n\n<p><strong>No campo da \u00e9tica, as principais ideias de Kant giram em torno da vontade<\/strong>. A boa vontade para ele seria maior do que a virtude.<\/p>\n\n\n\n<p>Ele contrap\u00f5e a <a href=\"https:\/\/beduka.com\/blog\/materias\/filosofia\/principais-ideias-de-aristoteles\/\" target=\"_blank\" rel=\"noreferrer noopener\">Filosofia Aristot\u00e9lica<\/a>, segundo a qual as coisas t\u00eam uma finalidade e assim um lugar pr\u00f3prio no mundo. Desta forma, cada um deveria fazer o que o pr\u00f3prio talento natural determinou.<\/p>\n\n\n\n<p>Por exemplo, um escritor j\u00e1 nasceu com o talento da escrita e seu lugar no mundo \u00e9 exercendo-o. <strong>Kant diria que n\u00e3o, que a vontade de aprender a escrever leva ao talento da escrita por meio da t\u00e9cnica<\/strong>.<\/p>\n\n\n\n<h2 class=\"wp-block-heading\" id=\"principais-obras\">Quais s\u00e3o as principais obras de Kant?<\/h2>\n\n\n\n<p>Kant s\u00f3 passou a desenvolver suas principais ideias em livros ap\u00f3s quando tinha aproximadamente 50 anos. No entanto, ap\u00f3s come\u00e7ar a escrever, seu ritmo de produ\u00e7\u00e3o era muito grande.&nbsp;<\/p>\n\n\n\n<p><strong>Veja alguns dos seus principais textos:<\/strong><\/p>\n\n\n\n<ul><li>Cr\u00edtica da Raz\u00e3o Pura (1781);<\/li><li>Ideia de uma Hist\u00f3ria Universal com um prop\u00f3sito Cosmopolita (1784);<\/li><li>Fundamenta\u00e7\u00e3o da Metaf\u00edsica dos Costumes (1785);<\/li><li>Cr\u00edtica da Raz\u00e3o Pr\u00e1tica (1788);<\/li><li>Cr\u00edtica da Faculdade de Julgar (1790);<\/li><li>A Paz Perp\u00e9tua (1795);<\/li><\/ul>\n\n\n\n<h2 class=\"wp-block-heading\" id=\"teoria-do-conhecimento\">O que \u00e9 a teoria do conhecimento de Kant?<\/h2>\n\n\n\n<p><strong>A teoria do conhecimento de Kant \u00e9 o Criticismo.<\/strong> Ele o formulou buscando solucionar os problemas levantados pelos racionalistas e empiristas.<\/p>\n\n\n\n<p><strong>Ele<\/strong> <strong>enxergava verdades em ambas as teorias. Por isso mesmo, entendia que nenhuma delas poderia ser totalmente desprezada ou vista como a \u00fanica verdadeira<\/strong>.<\/p>\n\n\n\n<p>Ele entendia que antes de mais nada, a pergunta a ser feita era: \u201ca intelig\u00eancia humana pode conhecer as coisas?\u201d<\/p>\n\n\n\n<h3 class=\"wp-block-heading\">Criticismo<\/h3>\n\n\n\n<p>Para responder \u00e0 pergunta, Kant retomou termos usados na Filosofia Cl\u00e1ssica: <strong>n\u00fameno e fen\u00f4meno<\/strong>. O primeiro seria a realidade em si mesma, enquanto o segundo seria a forma como ela aparece para n\u00f3s, aquilo que podemos perceber dela.<\/p>\n\n\n\n<p><strong>Para Kant, n\u00f3s s\u00f3 podemos conhecer o fen\u00f4meno, jamais o n\u00fameno<\/strong>. Isso se d\u00e1 por uma limita\u00e7\u00e3o da nossa intelig\u00eancia, que n\u00e3o consegue captar a coisa em si mesma.<\/p>\n\n\n\n<p>No caso, se voc\u00ea estiver vendo um copo, sua compreens\u00e3o sobre ele n\u00e3o \u00e9 da subst\u00e2ncia do copo, daquilo que ele \u00e9 em si mesmo. Voc\u00ea s\u00f3 consegue captar o fen\u00f4meno do copo, a forma como ele aparece para voc\u00ea.<\/p>\n\n\n\n<p>Isso foi tido como uma esp\u00e9cie de Revolu\u00e7\u00e3o Copernicana da Filosofia. <strong>Assim como Cop\u00e9rnico fixou o lugar real da Terra no universo, Kant estabeleceu o lugar correto do intelecto humano com rela\u00e7\u00e3o aos objetos de conhecimento<\/strong>.<\/p>\n\n\n\n<p>Para ele, <strong>o indiv\u00edduo \u00e9 pe\u00e7a central da intera\u00e7\u00e3o entre sujeito e objeto<\/strong> e conhece, antes de tudo, aquilo que tem interesse. Sua cr\u00edtica \u00e0s duas teorias do conhecimento anteriores \u00e9 justamente porque elas n\u00e3o d\u00e3o este papel principal ao sujeito.<\/p>\n\n\n\n<h3 class=\"wp-block-heading\">Ju\u00edzos a priori e a posteriori<\/h3>\n\n\n\n<p><strong>Assim, uma das principais ideias de Kant \u00e9 que temos duas faculdades de conhecimento. A raz\u00e3o e a sensibilidade. <\/strong>A raz\u00e3o d\u00e1 a forma do conhecimento, enquanto a sensibilidade d\u00e1 o conte\u00fado.<\/p>\n\n\n\n<p>Basicamente, <strong>os olhos captam os fen\u00f4menos e a racionalidade os encaixa em categorias<\/strong>. Por exemplo, quando voc\u00ea v\u00ea uma pessoa na rua e j\u00e1 diz que ela \u00e9 alta ou baixa.<\/p>\n\n\n\n<p><strong>Desta quest\u00e3o surge a afirma\u00e7\u00e3o de Kant de que temos dois ju\u00edzos: um a priori e outro a posteriori. <\/strong>Palavras dif\u00edceis, n\u00e9? Fil\u00f3sofo tem mania de gastar latim.<\/p>\n\n\n\n<p>Resumidamente<strong>, a priori (antes) seria o ju\u00edzo que fazemos sem experi\u00eancia imediata, enquanto a posteriori (depois) seria o ju\u00edzo feito ap\u00f3s uma experi\u00eancia<\/strong>.<\/p>\n\n\n\n<p>Ele notou isso quando buscou criar um nexo entre as leis universais e a ideia de que o conhecimento \u00e9 gerado por meio de experi\u00eancias sensoriais.<\/p>\n\n\n\n<p>Desta busca, percebe-se que <strong>se o conhecimento vem dos sentidos, os eventos s\u00e3o \u00fanicos, o que impossibilitaria conhecer princ\u00edpios e categorias gerais<\/strong>.<\/p>\n\n\n\n<p>Assim, Kant <strong>distingue ju\u00edzos anal\u00edticos <\/strong>(que se d\u00e3o a priori, independentes da experi\u00eancia e da natureza), <strong>dos ju\u00edzos sint\u00e9ticos<\/strong> (que s\u00e3o dados a posteriori, pela experi\u00eancia).<\/p>\n\n\n\n<ul><li>J\u00e1 est\u00e1 por dentro das principais ideias de Kant? Teste seus conhecimentos com algumas <a href=\"https:\/\/beduka.com\/blog\/exercicios\/filosofia-exercicios\/questoes-sobre-kant\/\" target=\"_blank\" rel=\"noreferrer noopener\">quest\u00f5es sobre a filosofia dele<\/a>.<\/li><\/ul>\n\n\n\n<h2 class=\"wp-block-heading\" id=\"enem\">Como as principais ideias de Kant podem cair no Enem?<\/h2>\n\n\n\n<p>Kant \u00e9 uma figurinha carimbada no Enem, suas principais ideias est\u00e3o presentes em diversas quest\u00f5es de Filosofia do exame.<\/p>\n\n\n\n<p>Como a obra de Kant \u00e9 muito grande e os temas tratados por ele s\u00e3o diversos, as quest\u00f5es podem variar no uso de seus pensamentos. Contudo, a tend\u00eancia \u00e9 que a \u00c9tica seja a mais presente.<\/p>\n\n\n\n<p>Veja o exemplo abaixo. \u00c9 de uma quest\u00e3o da edi\u00e7\u00e3o de 2019 do <a href=\"https:\/\/enem.inep.gov.br\/participante\/#!\/\" data-type=\"URL\" data-id=\"https:\/\/enem.inep.gov.br\/participante\/#!\/\" target=\"_blank\" rel=\"noreferrer noopener\">Enem<\/a>:<\/p>\n\n\n\n<p>TEXTO I<\/p>\n\n\n\n<p>Duas coisas enchem o \u00e2nimo de admira\u00e7\u00e3o e venera\u00e7\u00e3o sempre crescentes: o c\u00e9u estrelado sobre mim e a lei moral em mim.<\/p>\n\n\n\n<p>KANT, I. Cr\u00edtica da raz\u00e3o pr\u00e1tica. Lisboa: Edi\u00e7\u00f5es 70, s\/d (adaptado).<\/p>\n\n\n\n<p>TEXTO II<\/p>\n\n\n\n<p>Duas coisas admiro: a dura lei cobrindo-me e o estrelado c\u00e9u dentro de mim.<\/p>\n\n\n\n<p>FONTELA, O. Kant (relido). In: Poesia completa. S\u00e3o Paulo: Hedra, 2015.<\/p>\n\n\n\n<p>A releitura realizada pela poeta inverte as seguintes ideias centrais do pensamento kantiano:<\/p>\n\n\n\n<p><strong>a) <\/strong>Possibilidade da liberdade e obriga\u00e7\u00e3o da a\u00e7\u00e3o.<\/p>\n\n\n\n<p><strong>b) <\/strong>Aprioridade do ju\u00edzo e import\u00e2ncia da natureza.<\/p>\n\n\n\n<p><strong>c) <\/strong>Necessidade da boa vontade e cr\u00edtica da metaf\u00edsica.<\/p>\n\n\n\n<p><strong>d) <\/strong>Prescindibilidade do emp\u00edrico e autoridade da raz\u00e3o.<\/p>\n\n\n\n<p><strong>e) <\/strong>Interioridade da norma e fenomenalidade do mundo.<\/p>\n\n\n\n<p>A resposta correta \u00e9 a <strong>letra e)<\/strong>. Como vimos acima, para Kant \u00e9 imposs\u00edvel chegar \u00e0 coisa em si. O que conhecemos \u00e9 apenas o fen\u00f4meno, que \u00e9 o c\u00e9u estrelado. Al\u00e9m disso, na \u00e9tica kantiana, a lei moral faz parte dos homens, logo ela \u00e9 interior.<\/p>\n\n\n\n<p>Assim, v\u00ea-se que tanto a teoria do conhecimento quanto a \u00e9tica s\u00e3o as principais ideias de Kant que caem no Enem.<\/p>\n\n\n\n<ul><li>Est\u00e1 com dificuldades para descobrir qual profiss\u00e3o se encaixa melhor na sua personalidade? Resolva isso com o<strong> <\/strong><a href=\"https:\/\/beduka.com\/blog\/dicas\/profissoes\/raiox-beduka-teste-vocacional-personalidade\/\" target=\"_blank\" rel=\"noreferrer noopener\"><strong>Raio-X Beduka<\/strong><\/a>, o melhor teste vocacional da internet!<\/li><\/ul>\n\n\n\n<h2 class=\"wp-block-heading\" id=\"frases-\">Frases de Kant para compreender seu pensamento!<\/h2>\n\n\n\n<p><em>\u201cPensamentos sem conte\u00fados s\u00e3o vazios; intui\u00e7\u00f5es sem conceitos s\u00e3o cegas.\u201d<\/em><\/p>\n\n\n\n<p><em>\u201cA experi\u00eancia \u00e9 um conhecimento emp\u00edrico, isto \u00e9, um conhecimento que determina um objeto por percep\u00e7\u00f5es.\u201d<\/em><\/p>\n\n\n\n<p><em>\u201cEntendo aqui por antagonismo a sociabilidade insoci\u00e1vel dos homens, isto \u00e9, a sua tend\u00eancia para entrar em sociedade; essa tend\u00eancia, por\u00e9m, est\u00e1 unida a uma resist\u00eancia universal que, incessantemente, amea\u00e7a dissolver a sociedade.\u201d<\/em><\/p>\n\n\n\n<p><em>\u201cS\u00f3 dentro da cerca que \u00e9 a constitui\u00e7\u00e3o civil \u00e9 que essas mesmas inclina\u00e7\u00f5es produzem o melhor resultado &#8211; tal como as \u00e1rvores num bosque, justamente por cada qual procurar tirar \u00e0 outra o ar e o sol, se for\u00e7am a busc\u00e1-los por cima de si mesmas e assim conseguem um belo porte, ao passo que as que se encontram em liberdade e entre si isoladas estendem caprichosamente os seus ramos e crescem deformadas, tortas e retorcidas.\u201d<\/em><\/p>\n\n\n\n<p><strong>Gostou do nosso artigo sobre as principais ideias de Kant? <\/strong>Compartilhe com os seus amigos e comente abaixo sobre as \u00e1reas que voc\u00ea deseja mais explica\u00e7\u00f5es.<\/p>\n\n\n\n<p><strong>Queremos te ajudar a encontrar a FACULDADE IDEAL! <\/strong>Logo abaixo, fa\u00e7a uma pesquisa por curso e cidade que te mostraremos todas as faculdades que podem te atender.<strong> <\/strong>Informamos a nota de corte, valor de mensalidade, nota do MEC, avalia\u00e7\u00e3o dos alunos, modalidades de ensino e muito mais<\/p>\n","protected":false},"excerpt":{"rendered":"<p>Um fil\u00f3sofo importante desses sempre cai no Enem, estamos falando das principais ideias de Kant. Estude sobre elas neste texto e se prepare para as provas! <\/p>\n","protected":false},"author":18,"featured_media":23624,"comment_status":"open","ping_status":"closed","sticky":false,"template":"","format":"standard","meta":{"_mi_skip_tracking":false,"_monsterinsights_sitenote_active":false,"_monsterinsights_sitenote_note":"","_monsterinsights_sitenote_category":0},"categories":[492],"tags":[],"yoast_head":"<!-- This site is optimized with the Yoast SEO plugin v20.10 - https:\/\/yoast.com\/wordpress\/plugins\/seo\/ -->\n<title>Principais ideias de Kant: quais s\u00e3o e como caem no Enem<\/title>\n<meta name=\"description\" content=\"Um fil\u00f3sofo importante desses sempre cai no Enem, estamos falando das principais ideias de Kant. Estude sobre elas neste texto e se prepare para as provas!\" \/>\n<meta name=\"robots\" content=\"index, follow, max-snippet:-1, max-image-preview:large, max-video-preview:-1\" \/>\n<link rel=\"canonical\" href=\"https:\/\/beduka.com\/blog\/materias\/filosofia\/principais-ideias-de-kant\/\" \/>\n<meta property=\"og:locale\" content=\"pt_BR\" \/>\n<meta property=\"og:type\" content=\"article\" \/>\n<meta property=\"og:title\" content=\"Principais ideias de Kant: quais s\u00e3o e como caem no Enem\" \/>\n<meta property=\"og:description\" content=\"Um fil\u00f3sofo importante desses sempre cai no Enem, estamos falando das principais ideias de Kant. Estude sobre elas neste texto e se prepare para as provas!\" \/>\n<meta property=\"og:url\" content=\"https:\/\/beduka.com\/blog\/materias\/filosofia\/principais-ideias-de-kant\/\" \/>\n<meta property=\"og:site_name\" content=\"Blog do Beduka | Mat\u00e9rias resumidas, Dicas e Exerc\u00edcios Enem\" \/>\n<meta property=\"article:publisher\" content=\"https:\/\/www.facebook.com\/beduka.buscadordefaculdades\/\" \/>\n<meta property=\"article:author\" content=\"https:\/\/www.facebook.com\/beduka.buscadordefaculdades\" \/>\n<meta property=\"article:published_time\" content=\"2021-10-21T20:05:54+00:00\" \/>\n<meta property=\"article:modified_time\" content=\"2021-10-21T20:05:55+00:00\" \/>\n<meta property=\"og:image\" content=\"https:\/\/beduka.com\/blog\/wp-content\/uploads\/2021\/10\/Principais-Ideias-de-Kant.jpg\" \/>\n\t<meta property=\"og:image:width\" content=\"609\" \/>\n\t<meta property=\"og:image:height\" content=\"342\" \/>\n\t<meta property=\"og:image:type\" content=\"image\/jpeg\" \/>\n<meta name=\"author\" content=\"Reda\u00e7\u00e3o Beduka\" \/>\n<meta name=\"twitter:card\" content=\"summary_large_image\" \/>\n<meta name=\"twitter:label1\" content=\"Escrito por\" \/>\n\t<meta name=\"twitter:data1\" content=\"Reda\u00e7\u00e3o Beduka\" \/>\n\t<meta name=\"twitter:label2\" content=\"Est. tempo de leitura\" \/>\n\t<meta name=\"twitter:data2\" content=\"11 minutos\" \/>\n<script type=\"application\/ld+json\" class=\"yoast-schema-graph\">{\"@context\":\"https:\/\/schema.org\",\"@graph\":[{\"@type\":\"Article\",\"@id\":\"https:\/\/beduka.com\/blog\/materias\/filosofia\/principais-ideias-de-kant\/#article\",\"isPartOf\":{\"@id\":\"https:\/\/beduka.com\/blog\/materias\/filosofia\/principais-ideias-de-kant\/\"},\"author\":{\"name\":\"Reda\u00e7\u00e3o Beduka\",\"@id\":\"https:\/\/beduka.com\/blog\/#\/schema\/person\/a642c9aad29bdea97a352689b053f80f\"},\"headline\":\"Principais ideias de Kant: quais s\u00e3o e como caem no Enem\",\"datePublished\":\"2021-10-21T20:05:54+00:00\",\"dateModified\":\"2021-10-21T20:05:55+00:00\",\"mainEntityOfPage\":{\"@id\":\"https:\/\/beduka.com\/blog\/materias\/filosofia\/principais-ideias-de-kant\/\"},\"wordCount\":2174,\"commentCount\":0,\"publisher\":{\"@id\":\"https:\/\/beduka.com\/blog\/#organization\"},\"articleSection\":[\"Filosofia\"],\"inLanguage\":\"pt-BR\",\"potentialAction\":[{\"@type\":\"CommentAction\",\"name\":\"Comment\",\"target\":[\"https:\/\/beduka.com\/blog\/materias\/filosofia\/principais-ideias-de-kant\/#respond\"]}]},{\"@type\":\"WebPage\",\"@id\":\"https:\/\/beduka.com\/blog\/materias\/filosofia\/principais-ideias-de-kant\/\",\"url\":\"https:\/\/beduka.com\/blog\/materias\/filosofia\/principais-ideias-de-kant\/\",\"name\":\"Principais ideias de Kant: quais s\u00e3o e como caem no Enem\",\"isPartOf\":{\"@id\":\"https:\/\/beduka.com\/blog\/#website\"},\"datePublished\":\"2021-10-21T20:05:54+00:00\",\"dateModified\":\"2021-10-21T20:05:55+00:00\",\"description\":\"Um fil\u00f3sofo importante desses sempre cai no Enem, estamos falando das principais ideias de Kant. Estude sobre elas neste texto e se prepare para as provas!\",\"breadcrumb\":{\"@id\":\"https:\/\/beduka.com\/blog\/materias\/filosofia\/principais-ideias-de-kant\/#breadcrumb\"},\"inLanguage\":\"pt-BR\",\"potentialAction\":[{\"@type\":\"ReadAction\",\"target\":[\"https:\/\/beduka.com\/blog\/materias\/filosofia\/principais-ideias-de-kant\/\"]}]},{\"@type\":\"BreadcrumbList\",\"@id\":\"https:\/\/beduka.com\/blog\/materias\/filosofia\/principais-ideias-de-kant\/#breadcrumb\",\"itemListElement\":[{\"@type\":\"ListItem\",\"position\":1,\"name\":\"Home\",\"item\":\"https:\/\/beduka.com\/blog\/\"},{\"@type\":\"ListItem\",\"position\":2,\"name\":\"Principais ideias de Kant: quais s\u00e3o e como caem no Enem\"}]},{\"@type\":\"WebSite\",\"@id\":\"https:\/\/beduka.com\/blog\/#website\",\"url\":\"https:\/\/beduka.com\/blog\/\",\"name\":\"Blog do Beduka | Mat\u00e9rias resumidas, Dicas e Exerc\u00edcios Enem\",\"description\":\"O Blog do Beduka tem os conte\u00fados que mais caem no Enem, exerc\u00edcios de vestibular com gabarito, resumos, dicas e informa\u00e7\u00f5es Sisu, Prouni e Fies.Encontre dicas para o ENEM, resumos, exerc\u00edcios e informa\u00e7\u00f5es sobre os vestibulares. Acesse agora!\",\"publisher\":{\"@id\":\"https:\/\/beduka.com\/blog\/#organization\"},\"potentialAction\":[{\"@type\":\"SearchAction\",\"target\":{\"@type\":\"EntryPoint\",\"urlTemplate\":\"https:\/\/beduka.com\/blog\/?s={search_term_string}\"},\"query-input\":\"required name=search_term_string\"}],\"inLanguage\":\"pt-BR\"},{\"@type\":\"Organization\",\"@id\":\"https:\/\/beduka.com\/blog\/#organization\",\"name\":\"Beduka\",\"url\":\"https:\/\/beduka.com\/blog\/\",\"logo\":{\"@type\":\"ImageObject\",\"inLanguage\":\"pt-BR\",\"@id\":\"https:\/\/beduka.com\/blog\/#\/schema\/logo\/image\/\",\"url\":\"https:\/\/beduka.com\/blog\/wp-content\/uploads\/2020\/06\/marca-beduka.png\",\"contentUrl\":\"https:\/\/beduka.com\/blog\/wp-content\/uploads\/2020\/06\/marca-beduka.png\",\"width\":1077,\"height\":368,\"caption\":\"Beduka\"},\"image\":{\"@id\":\"https:\/\/beduka.com\/blog\/#\/schema\/logo\/image\/\"},\"sameAs\":[\"https:\/\/www.facebook.com\/beduka.buscadordefaculdades\/\",\"https:\/\/www.instagram.com\/beduka_oficial\/\",\"https:\/\/www.linkedin.com\/company\/beduka\",\"https:\/\/br.pinterest.com\/bedukaoficial\/\",\"https:\/\/www.youtube.com\/beduka\"]},{\"@type\":\"Person\",\"@id\":\"https:\/\/beduka.com\/blog\/#\/schema\/person\/a642c9aad29bdea97a352689b053f80f\",\"name\":\"Reda\u00e7\u00e3o Beduka\",\"image\":{\"@type\":\"ImageObject\",\"inLanguage\":\"pt-BR\",\"@id\":\"https:\/\/beduka.com\/blog\/#\/schema\/person\/image\/\",\"url\":\"https:\/\/secure.gravatar.com\/avatar\/e1048f81c33ef0938237fc66bb9a208d?s=96&d=mm&r=g\",\"contentUrl\":\"https:\/\/secure.gravatar.com\/avatar\/e1048f81c33ef0938237fc66bb9a208d?s=96&d=mm&r=g\",\"caption\":\"Reda\u00e7\u00e3o Beduka\"},\"description\":\"Este conte\u00fado foi criado e validado por uma equipe multidisciplinar, formada por especialistas em cada \u00e1rea do conhecimento. O Beduka est\u00e1 presente no Instagram, YouTube, LinkedIn e em diversos outros ambientes digitais. O site foi criado em 2017 e, desde a sua funda\u00e7\u00e3o, atua para fornecer materiais de qualidade para facilitar a vida de estudantes de todo o Brasil, ajudando-os a se preparar para os principais vestibulares e o Enem.\",\"sameAs\":[\"https:\/\/www.facebook.com\/beduka.buscadordefaculdades\",\"https:\/\/www.instagram.com\/beduka_oficial\/\",\"https:\/\/br.pinterest.com\/bedukaoficial\/\"],\"url\":\"https:\/\/beduka.com\/blog\/author\/dioney\/\"}]}<\/script>\n<!-- \/ Yoast SEO plugin. -->","yoast_head_json":{"title":"Principais ideias de Kant: quais s\u00e3o e como caem no Enem","description":"Um fil\u00f3sofo importante desses sempre cai no Enem, estamos falando das principais ideias de Kant. Estude sobre elas neste texto e se prepare para as provas!","robots":{"index":"index","follow":"follow","max-snippet":"max-snippet:-1","max-image-preview":"max-image-preview:large","max-video-preview":"max-video-preview:-1"},"canonical":"https:\/\/beduka.com\/blog\/materias\/filosofia\/principais-ideias-de-kant\/","og_locale":"pt_BR","og_type":"article","og_title":"Principais ideias de Kant: quais s\u00e3o e como caem no Enem","og_description":"Um fil\u00f3sofo importante desses sempre cai no Enem, estamos falando das principais ideias de Kant. Estude sobre elas neste texto e se prepare para as provas!","og_url":"https:\/\/beduka.com\/blog\/materias\/filosofia\/principais-ideias-de-kant\/","og_site_name":"Blog do Beduka | Mat\u00e9rias resumidas, Dicas e Exerc\u00edcios Enem","article_publisher":"https:\/\/www.facebook.com\/beduka.buscadordefaculdades\/","article_author":"https:\/\/www.facebook.com\/beduka.buscadordefaculdades","article_published_time":"2021-10-21T20:05:54+00:00","article_modified_time":"2021-10-21T20:05:55+00:00","og_image":[{"width":609,"height":342,"url":"https:\/\/beduka.com\/blog\/wp-content\/uploads\/2021\/10\/Principais-Ideias-de-Kant.jpg","type":"image\/jpeg"}],"author":"Reda\u00e7\u00e3o Beduka","twitter_card":"summary_large_image","twitter_misc":{"Escrito por":"Reda\u00e7\u00e3o Beduka","Est. tempo de leitura":"11 minutos"},"schema":{"@context":"https:\/\/schema.org","@graph":[{"@type":"Article","@id":"https:\/\/beduka.com\/blog\/materias\/filosofia\/principais-ideias-de-kant\/#article","isPartOf":{"@id":"https:\/\/beduka.com\/blog\/materias\/filosofia\/principais-ideias-de-kant\/"},"author":{"name":"Reda\u00e7\u00e3o Beduka","@id":"https:\/\/beduka.com\/blog\/#\/schema\/person\/a642c9aad29bdea97a352689b053f80f"},"headline":"Principais ideias de Kant: quais s\u00e3o e como caem no Enem","datePublished":"2021-10-21T20:05:54+00:00","dateModified":"2021-10-21T20:05:55+00:00","mainEntityOfPage":{"@id":"https:\/\/beduka.com\/blog\/materias\/filosofia\/principais-ideias-de-kant\/"},"wordCount":2174,"commentCount":0,"publisher":{"@id":"https:\/\/beduka.com\/blog\/#organization"},"articleSection":["Filosofia"],"inLanguage":"pt-BR","potentialAction":[{"@type":"CommentAction","name":"Comment","target":["https:\/\/beduka.com\/blog\/materias\/filosofia\/principais-ideias-de-kant\/#respond"]}]},{"@type":"WebPage","@id":"https:\/\/beduka.com\/blog\/materias\/filosofia\/principais-ideias-de-kant\/","url":"https:\/\/beduka.com\/blog\/materias\/filosofia\/principais-ideias-de-kant\/","name":"Principais ideias de Kant: quais s\u00e3o e como caem no Enem","isPartOf":{"@id":"https:\/\/beduka.com\/blog\/#website"},"datePublished":"2021-10-21T20:05:54+00:00","dateModified":"2021-10-21T20:05:55+00:00","description":"Um fil\u00f3sofo importante desses sempre cai no Enem, estamos falando das principais ideias de Kant. Estude sobre elas neste texto e se prepare para as provas!","breadcrumb":{"@id":"https:\/\/beduka.com\/blog\/materias\/filosofia\/principais-ideias-de-kant\/#breadcrumb"},"inLanguage":"pt-BR","potentialAction":[{"@type":"ReadAction","target":["https:\/\/beduka.com\/blog\/materias\/filosofia\/principais-ideias-de-kant\/"]}]},{"@type":"BreadcrumbList","@id":"https:\/\/beduka.com\/blog\/materias\/filosofia\/principais-ideias-de-kant\/#breadcrumb","itemListElement":[{"@type":"ListItem","position":1,"name":"Home","item":"https:\/\/beduka.com\/blog\/"},{"@type":"ListItem","position":2,"name":"Principais ideias de Kant: quais s\u00e3o e como caem no Enem"}]},{"@type":"WebSite","@id":"https:\/\/beduka.com\/blog\/#website","url":"https:\/\/beduka.com\/blog\/","name":"Blog do Beduka | Mat\u00e9rias resumidas, Dicas e Exerc\u00edcios Enem","description":"O Blog do Beduka tem os conte\u00fados que mais caem no Enem, exerc\u00edcios de vestibular com gabarito, resumos, dicas e informa\u00e7\u00f5es Sisu, Prouni e Fies.Encontre dicas para o ENEM, resumos, exerc\u00edcios e informa\u00e7\u00f5es sobre os vestibulares. Acesse agora!","publisher":{"@id":"https:\/\/beduka.com\/blog\/#organization"},"potentialAction":[{"@type":"SearchAction","target":{"@type":"EntryPoint","urlTemplate":"https:\/\/beduka.com\/blog\/?s={search_term_string}"},"query-input":"required name=search_term_string"}],"inLanguage":"pt-BR"},{"@type":"Organization","@id":"https:\/\/beduka.com\/blog\/#organization","name":"Beduka","url":"https:\/\/beduka.com\/blog\/","logo":{"@type":"ImageObject","inLanguage":"pt-BR","@id":"https:\/\/beduka.com\/blog\/#\/schema\/logo\/image\/","url":"https:\/\/beduka.com\/blog\/wp-content\/uploads\/2020\/06\/marca-beduka.png","contentUrl":"https:\/\/beduka.com\/blog\/wp-content\/uploads\/2020\/06\/marca-beduka.png","width":1077,"height":368,"caption":"Beduka"},"image":{"@id":"https:\/\/beduka.com\/blog\/#\/schema\/logo\/image\/"},"sameAs":["https:\/\/www.facebook.com\/beduka.buscadordefaculdades\/","https:\/\/www.instagram.com\/beduka_oficial\/","https:\/\/www.linkedin.com\/company\/beduka","https:\/\/br.pinterest.com\/bedukaoficial\/","https:\/\/www.youtube.com\/beduka"]},{"@type":"Person","@id":"https:\/\/beduka.com\/blog\/#\/schema\/person\/a642c9aad29bdea97a352689b053f80f","name":"Reda\u00e7\u00e3o Beduka","image":{"@type":"ImageObject","inLanguage":"pt-BR","@id":"https:\/\/beduka.com\/blog\/#\/schema\/person\/image\/","url":"https:\/\/secure.gravatar.com\/avatar\/e1048f81c33ef0938237fc66bb9a208d?s=96&d=mm&r=g","contentUrl":"https:\/\/secure.gravatar.com\/avatar\/e1048f81c33ef0938237fc66bb9a208d?s=96&d=mm&r=g","caption":"Reda\u00e7\u00e3o Beduka"},"description":"Este conte\u00fado foi criado e validado por uma equipe multidisciplinar, formada por especialistas em cada \u00e1rea do conhecimento. O Beduka est\u00e1 presente no Instagram, YouTube, LinkedIn e em diversos outros ambientes digitais. O site foi criado em 2017 e, desde a sua funda\u00e7\u00e3o, atua para fornecer materiais de qualidade para facilitar a vida de estudantes de todo o Brasil, ajudando-os a se preparar para os principais vestibulares e o Enem.","sameAs":["https:\/\/www.facebook.com\/beduka.buscadordefaculdades","https:\/\/www.instagram.com\/beduka_oficial\/","https:\/\/br.pinterest.com\/bedukaoficial\/"],"url":"https:\/\/beduka.com\/blog\/author\/dioney\/"}]}},"_links":{"self":[{"href":"https:\/\/beduka.com\/blog\/wp-json\/wp\/v2\/posts\/23623"}],"collection":[{"href":"https:\/\/beduka.com\/blog\/wp-json\/wp\/v2\/posts"}],"about":[{"href":"https:\/\/beduka.com\/blog\/wp-json\/wp\/v2\/types\/post"}],"author":[{"embeddable":true,"href":"https:\/\/beduka.com\/blog\/wp-json\/wp\/v2\/users\/18"}],"replies":[{"embeddable":true,"href":"https:\/\/beduka.com\/blog\/wp-json\/wp\/v2\/comments?post=23623"}],"version-history":[{"count":1,"href":"https:\/\/beduka.com\/blog\/wp-json\/wp\/v2\/posts\/23623\/revisions"}],"predecessor-version":[{"id":23625,"href":"https:\/\/beduka.com\/blog\/wp-json\/wp\/v2\/posts\/23623\/revisions\/23625"}],"wp:featuredmedia":[{"embeddable":true,"href":"https:\/\/beduka.com\/blog\/wp-json\/wp\/v2\/media\/23624"}],"wp:attachment":[{"href":"https:\/\/beduka.com\/blog\/wp-json\/wp\/v2\/media?parent=23623"}],"wp:term":[{"taxonomy":"category","embeddable":true,"href":"https:\/\/beduka.com\/blog\/wp-json\/wp\/v2\/categories?post=23623"},{"taxonomy":"post_tag","embeddable":true,"href":"https:\/\/beduka.com\/blog\/wp-json\/wp\/v2\/tags?post=23623"}],"curies":[{"name":"wp","href":"https:\/\/api.w.org\/{rel}","templated":true}]}}