{"id":23711,"date":"2021-10-29T15:36:11","date_gmt":"2021-10-29T18:36:11","guid":{"rendered":"https:\/\/beduka.com\/blog\/?p=23711"},"modified":"2023-04-03T10:24:50","modified_gmt":"2023-04-03T13:24:50","slug":"resumo-de-descobrimento-do-brasil","status":"publish","type":"post","link":"https:\/\/beduka.com\/blog\/materias\/historia\/resumo-de-descobrimento-do-brasil\/","title":{"rendered":"Resumo do Descobrimento do Brasil: contexto hist\u00f3rico, causas e consequ\u00eancias"},"content":{"rendered":"\n<blockquote class=\"wp-block-quote\"><p><strong><em>Que n\u00f3s, brasileiros, falamos portugu\u00eas voc\u00ea j\u00e1 sabe. Deve saber tamb\u00e9m que isso se deve \u00e0 coloniza\u00e7\u00e3o portuguesa que tivemos. Mas voc\u00ea j\u00e1 conhece a hist\u00f3ria por tr\u00e1s disso? Neste resumo do Descobrimento do Brasil vamos falar sobre as causas, o contexto hist\u00f3rico e as consequ\u00eancias deste importante evento.&#8221;<\/em><\/strong><\/p><\/blockquote>\n\n\n\n<p>Se quiser ir diretamente para alguma parte do texto, <strong>clique em um dos t\u00f3picos abaixo<\/strong>:<\/p>\n\n\n\n<ol><li><a href=\"#resumo-\">Resumo do descobrimento do Brasil: contexto e causas<\/a><\/li><li><a href=\"#foi-o-descobrimento\">Como foi o descobrimento do Brasil?<\/a><\/li><li><a href=\"#primeiro-contato\">Como foi o primeiro contato entre \u00edndios e portugueses?<\/a><\/li><li><a href=\"#dia-do-descobrimento\">Qual \u00e9 o verdadeiro dia do descobrimento do Brasil?<\/a><\/li><li><a href=\"#nome\">Por que o nome do Brasil \u00e9 Brasil?<\/a><\/li><\/ol>\n\n\n\n<p>Quando voc\u00ea terminar de ler o resumo do Descobrimento do Brasil, <strong>que tal colocar seus conhecimentos em pr\u00e1tica no <\/strong><a href=\"https:\/\/beduka.com\/simulado-enem\/#\/\" target=\"_blank\" rel=\"noreferrer noopener\"><strong>Melhor Simulado Enem do Brasil<\/strong><\/a><strong>? \u00c9 gratuito, n\u00e3o perca a chance!<\/strong><\/p>\n\n\n\n<h2 class=\"wp-block-heading\" id=\"resumo-\">Resumo do descobrimento do Brasil: contexto e causas<\/h2>\n\n\n\n<p>O Brasil foi descoberto pelos portugueses em 1500. Mas isso n\u00e3o foi um fato isolado do que estava acontecendo no mundo \u00e0 \u00e9poca. Pelo contr\u00e1rio,<strong> o descobrimento do Brasil foi um dos maiores eventos das <\/strong><a href=\"https:\/\/beduka.com\/blog\/materias\/historia\/o-que-foram-as-grandes-navegacoes\/\" target=\"_blank\" rel=\"noreferrer noopener\"><strong>Grandes Navega\u00e7\u00f5es<\/strong><\/a>.<\/p>\n\n\n\n<p>As Grandes Navega\u00e7\u00f5es foram expedi\u00e7\u00f5es mar\u00edtimas realizadas por diversas na\u00e7\u00f5es europeias.<strong> O objetivo delas era principalmente tra\u00e7ar uma rota comercial com o Oriente<\/strong>, que era a fonte de especiarias da Europa.<\/p>\n\n\n\n<p>No caso, diversos produtos raros no mercado europeu eram levados para l\u00e1. Eles vinham de pa\u00edses asi\u00e1ticos, como a \u00cdndia. <strong>Por\u00e9m, a rota principal para chegar \u00e0 \u00c1sia (o mar mediterr\u00e2neo) estava bloqueada<\/strong> pelo dom\u00ednio mu\u00e7ulmano na regi\u00e3o.&nbsp;<\/p>\n\n\n\n<p><strong>Isso obrigou os europeus a buscar um novo caminho<\/strong>\u2026<\/p>\n\n\n\n<p><strong>A na\u00e7\u00e3o mais bem sucedida foi Portugal. E isso se deve a alguns motivos<\/strong>, como a centraliza\u00e7\u00e3o pol\u00edtica prematura e sua localiza\u00e7\u00e3o geogr\u00e1fica.&nbsp;<\/p>\n\n\n\n<p><strong>Vamos ver com mais detalhes!<\/strong><\/p>\n\n\n\n<h3 class=\"wp-block-heading\">Unifica\u00e7\u00e3o territorial e estabilidade pol\u00edtica<\/h3>\n\n\n\n<p><strong>Portugal foi o primeiro <\/strong><a href=\"https:\/\/beduka.com\/blog\/materias\/geografia\/estado-nacao\/\" target=\"_blank\" rel=\"noreferrer noopener\"><strong>estado-na\u00e7\u00e3o<\/strong><\/a><strong> a se constituir na Europa<\/strong>. At\u00e9 a <a href=\"https:\/\/beduka.com\/blog\/materias\/idade-moderna\/\" target=\"_blank\" rel=\"noreferrer noopener\">Idade Moderna<\/a>, os europeus estavam organizados politicamente em <a href=\"https:\/\/beduka.com\/blog\/materias\/historia\/principais-caracteristicas-feudalismo\/\" target=\"_blank\" rel=\"noreferrer noopener\">feudos<\/a>. Esse tipo de organiza\u00e7\u00e3o \u00e9 descentralizada, em que o senhor feudal \u00e9 mais importante que o rei.<\/p>\n\n\n\n<p>As rela\u00e7\u00f5es eram mais pessoais. <strong>Assim, um servo estava ligado de modo direto ao senhor, por uma alian\u00e7a que eles faziam<\/strong>. Somente a ele o servo devia obedi\u00eancia e a mais ningu\u00e9m, nem mesmo o rei.<\/p>\n\n\n\n<p><strong>Mas em Portugal as coisas deixaram de ser assim ainda na <\/strong><a href=\"https:\/\/beduka.com\/blog\/materias\/historia\/o-que-foi-a-idade-media\/\" target=\"_blank\" rel=\"noreferrer noopener\"><strong>Idade M\u00e9dia<\/strong><\/a><strong>, no s\u00e9culo XII<\/strong>. Nesse per\u00edodo, os portugueses retomaram o territ\u00f3rio dos mouros, tornaram-se independentes do reino de Le\u00e3o e o Estado-na\u00e7\u00e3o mais antigo da Europa.<\/p>\n\n\n\n<p><strong>A figura central da pol\u00edtica era o rei<\/strong>. O que foi agravado ap\u00f3s a Revolu\u00e7\u00e3o de Avis, que consolidou a independ\u00eancia portuguesa em uma disputa com o Reino de Castela. <strong>Isso garantiu estabilidade pol\u00edtica a Portugal<\/strong>.<\/p>\n\n\n\n<p><strong>Sem conturba\u00e7\u00f5es pol\u00edticas, os portugueses se dedicaram ao seu desenvolvimento tecnol\u00f3gico e comercial<\/strong>. Dentre os grandes avan\u00e7os, estaria o n\u00e1utico.<\/p>\n\n\n\n<ul><li>J\u00e1 pensou em utilizar seu Instagram como meio de estudos? <strong>No perfil do <\/strong><a href=\"https:\/\/www.instagram.com\/beduka_oficial\/\" target=\"_blank\" rel=\"noreferrer noopener\"><strong>Beduka <\/strong><\/a><strong>voc\u00ea encontra diversos resumos sobre todas as mat\u00e9rias.<\/strong><\/li><\/ul>\n\n\n\n<h3 class=\"wp-block-heading\">Localiza\u00e7\u00e3o geogr\u00e1fica<\/h3>\n\n\n\n<p>Portugal \u00e9 o pa\u00eds mais a oeste do continente europeu, sendo banhado pelo Oceano Atl\u00e2ntico. <strong>Desta forma, tinha acesso f\u00e1cil a suas correntes mar\u00edtimas.<\/strong> Foi por meio dele que realizou suas proezas.<\/p>\n\n\n\n<p>Em 1415 os portugueses tomaram a cidade de Ceuta, situada mais ao sul. Ela estava sob dom\u00ednio de mu\u00e7ulmanos e era um importante entreposto comercial.<\/p>\n\n\n\n<p>A partir da\u00ed, <strong>os portugueses promoveram o contorno da \u00c1frica, realizado por meio da navega\u00e7\u00e3o de cabotagem<\/strong>. Ou seja, seus navios ficavam sempre pr\u00f3ximos ao litoral do continente, evitando o mar aberto.<\/p>\n\n\n\n<p>Deste modo, estabeleceram rela\u00e7\u00f5es com l\u00edderes pol\u00edticos de reinos africanos. Eles tamb\u00e9m conseguiram fazer a travessia para o oriente pelo cabo da Boa Esperan\u00e7a, no sul do continente.<\/p>\n\n\n\n<p><strong>O primeiro navegador a fazer essa travessia com sucesso foi Bartolomeu Dias,<\/strong> em 1488. Ele esteve tamb\u00e9m <strong>na tripula\u00e7\u00e3o comandada por Pedro \u00c1lvares Cabral, que chegou ao Brasil.<\/strong><\/p>\n\n\n\n<p>Em seguida, <strong>Vasco da Gama fez a mesma viagem de Bartolomeu Dias,<\/strong> em 1498. Ele foi o primeiro comandante europeu a chegar \u00e0 \u00cdndia fazendo o P\u00e9riplo Africano, que \u00e9 o nome que se d\u00e1 a este contorno no continente.<\/p>\n\n\n\n<p><strong>Portugal n\u00e3o estava sozinho no avan\u00e7o mar\u00edtimo<\/strong>. O Reino de Castela, que unificou a Espanha, j\u00e1 tinha enviado miss\u00f5es para chegar ao Oriente por um caminho diferente do mediterr\u00e2neo. <strong>Uma delas foi a de Crist\u00f3v\u00e3o Colombo<\/strong>.<\/p>\n\n\n\n<p>Em 1492, Colombo chegou \u00e0 Am\u00e9rica. O que fazia do rec\u00e9m unificado reino espanhol um concorrente de Portugal, j\u00e1 que Colombo estava a servi\u00e7o dele. <strong>Por isso, um acordo foi selado entre os dois pa\u00edses<\/strong>, por interm\u00e9dio do Papa Alexandre VI.<\/p>\n\n\n\n<p>O acordo ficou conhecido como <a href=\"https:\/\/beduka.com\/blog\/materias\/tratado-de-tordesilhas\/\" target=\"_blank\" rel=\"noreferrer noopener\"><strong>Tratado de Tordesilhas<\/strong><\/a>, e foi assinado em 1494. Por meio dele, definiu-se que uma linha imagin\u00e1ria seria tra\u00e7ada a 370 l\u00e9guas (1770 km) de Cabo Verde.&nbsp;<\/p>\n\n\n\n<p>As terras descobertas a oeste dessa linha pertenceriam \u00e0 Espanha e ao leste, a Portugal.<\/p>\n\n\n\n<h3 class=\"wp-block-heading\">Resumo das causas do Descobrimento do Brasil<\/h3>\n\n\n\n<p>Bom, vamos resumir aqui as causas que fizeram de Portugal pioneiro nas Grandes Navega\u00e7\u00f5es que possibilitaram sua chegada aqui no Brasil.<\/p>\n\n\n\n<ul><li><strong>Unifica\u00e7\u00e3o territorial e pol\u00edtica<\/strong>: ainda na Idade M\u00e9dia os portugueses formaram um estado-na\u00e7\u00e3o, com uma monarquia centralizada, que garantiu paz interna. Isso levou o povo a se preocupar com demandas, como com\u00e9rcio e inova\u00e7\u00f5es tecnol\u00f3gicas.<\/li><li><strong>Localiza\u00e7\u00e3o geogr\u00e1fica<\/strong>: a proximidade com o Oceano Atl\u00e2ntico e com o norte da \u00c1frica tornou poss\u00edvel a cria\u00e7\u00e3o de um caminho diferente do mediterr\u00e2neo para chegar \u00e0 \u00c1sia. Faziam isso contornando a \u00c1frica.<\/li><\/ul>\n\n\n\n<p>E o que o Descobrimento do Brasil tem a ver com isso tudo? Vem ver!<\/p>\n\n\n\n<ul><li>Depois de concluir o resumo do Descobrimento do Brasil, aprofunde-se nos estudos sobre a <a href=\"https:\/\/beduka.com\/blog\/materias\/historia\/a-colonizacao-portuguesa-no-brasil\/\" target=\"_blank\" rel=\"noreferrer noopener\"><strong>coloniza\u00e7\u00e3o do territ\u00f3rio brasileiro feita pelos portugueses<\/strong><\/a>!<\/li><\/ul>\n\n\n\n<h2 class=\"wp-block-heading\" id=\"foi-o-descobrimento\">Como foi o descobrimento do Brasil?<\/h2>\n\n\n\n<p><strong>O Brasil foi descoberto por Pedro \u00c1lvares Cabral, um capit\u00e3o da Ordem de Cristo, em 1500<\/strong>. Esta era uma institui\u00e7\u00e3o militar e religiosa existente em Portugal desde 1319. Foi a herdeira da Ordem do Templo (templ\u00e1rios), que deixou de existir em 1312.&nbsp;<\/p>\n\n\n\n<p>Ele saiu de Lisboa acompanhado de <strong>13 embarca\u00e7\u00f5es e 1400 homens<\/strong>, em dire\u00e7\u00e3o \u00e0 \u00cdndia, no dia 9 de mar\u00e7o de 1500.<\/p>\n\n\n\n<p><strong>A inten\u00e7\u00e3o da expedi\u00e7\u00e3o de Cabral era realizar trocas comerciais com os indianos<\/strong>. A quantidade de homens e de embarca\u00e7\u00f5es indica que o interesse tamb\u00e9m era militar. Os indianos n\u00e3o queriam estabelecer rela\u00e7\u00f5es com os portugueses, que estavam apelando para a for\u00e7a.<\/p>\n\n\n\n<p>Contudo, <strong>a esquadra comandada por Cabral afastou-se da costa africana, que era o caminho comum feito por outros navegadores<\/strong>. Primeiro chegaram \u00e0s ilhas de Cabo Verde, depois ao Brasil.<\/p>\n\n\n\n<p><strong>Ele atravessou o Atl\u00e2ntico e chegou \u00e0 costa brasileira, avistando suas terras em 22 de abril de 1500<\/strong>. No come\u00e7o, pensaram tratar-se de uma ilha, que batizaram de Ilha de Vera Cruz.<\/p>\n\n\n\n<p>Gaspar de Lemos, que comandava a naveta de suprimentos da esquadra, foi respons\u00e1vel por levar a not\u00edcia ao rei D. Manuel I. Era ele quem governava Portugal \u00e0 \u00e9poca.<\/p>\n\n\n\n<h3 class=\"wp-block-heading\">Como foi o come\u00e7o da coloniza\u00e7\u00e3o do Brasil?<\/h3>\n\n\n\n<p>O Brasil demorou muito para ser colonizado. <strong>As not\u00edcias de Cabral n\u00e3o atendiam \u00e0s expectativas do rei Manuel I. Ele desejava explorar metais preciosos, mas as cartas enviadas n\u00e3o falavam de ouro nem de prata<\/strong>.<\/p>\n\n\n\n<p>A coloniza\u00e7\u00e3o seria iniciada de modo sistem\u00e1tico em 1532, com a divis\u00e3o do territ\u00f3rio em <a href=\"https:\/\/beduka.com\/blog\/materias\/historia\/capitanias-hereditarias\/\" target=\"_blank\" rel=\"noreferrer noopener\"><strong>capitanias heredit\u00e1rias<\/strong><\/a>. Ou seja, a concess\u00e3o da terra a particulares, que pagavam tributos \u00e0 coroa para explor\u00e1-la.<\/p>\n\n\n\n<p>Essa iniciativa j\u00e1 tinha acontecido em 1504, na ilha de Fernando de Noronha. No entanto<strong>, havia a amea\u00e7a constante de piratas,<\/strong> principalmente franceses, que contrabandeavam o pau-brasil e podiam tomar o territ\u00f3rio.<\/p>\n\n\n\n<p>Isso fez com que a coroa portuguesa passasse a preocupar-se em manter a posse da terra. A medida realizada foi a dissemina\u00e7\u00e3o de capitanias pela col\u00f4nia, criando defesas contra investidas dos inimigos.<\/p>\n\n\n\n<ul><li>Depois de ler o resumo sobre o descobrimento do Brasil, conhe\u00e7a um pouco do <a href=\"https:\/\/beduka.com\/blog\/materias\/historia\/periodo-pre-colonial\/\" target=\"_blank\" rel=\"noreferrer noopener\">per\u00edodo pr\u00e9-colonial<\/a> do pa\u00eds.<\/li><\/ul>\n\n\n\n<h2 class=\"wp-block-heading\" id=\"primeiro-contato\">Como foi o primeiro contato entre \u00edndios e portugueses?<\/h2>\n\n\n\n<p>Voc\u00ea sabe que o Brasil n\u00e3o era um deserto em 1500, n\u00e3o \u00e9? Como deve ter sido o primeiro contato entre \u00edndios e portugueses?<\/p>\n\n\n\n<p><strong>Vamos descobrir!<\/strong><\/p>\n\n\n\n<p>Cabral enviou para a terra avistada uma expedi\u00e7\u00e3o no dia 23 de abril. O comandante era Nicolau Coelho, que chegou ao territ\u00f3rio por meio de um bote e estabeleceu os primeiros contatos com os \u00edndios.<\/p>\n\n\n\n<p><strong>A intera\u00e7\u00e3o se deu de modo amistoso<\/strong>. Em 24 de abril, um grupo de ind\u00edgenas foi levado \u00e0 embarca\u00e7\u00e3o de Cabral. <strong>Foram-lhes oferecidos comida e vinho, mas eles n\u00e3o gostaram.<\/strong><\/p>\n\n\n\n<p>No dia 26, um domingo, o frade capuchinho Henrique de Coimbra <strong>celebrou a primeira missa do Brasil. <\/strong>Os ind\u00edgenas estavam presentes e, pelas fontes, imitavam os portugueses nos gestos do rito cat\u00f3lico.<\/p>\n\n\n\n<p><strong>A esquadra de Cabral partiu para a \u00cdndia no dia 2 de maio, mas deixou dois degredados no Brasil.<\/strong> Estes eram homens punidos com o ex\u00edlio (degredo na linguagem da \u00e9poca) por algum tipo de crime.&nbsp;<\/p>\n\n\n\n<p>O objetivo de Cabral era de que aprendessem a l\u00edngua nativa e fossem se familiarizando com a terra. <strong>Isso iria facilitar os contatos comerciais poss\u00edveis entre \u00edndios e portugueses, al\u00e9m da coloniza\u00e7\u00e3o que come\u00e7aria tempos depois<\/strong>.<\/p>\n\n\n\n<ul><li>Depois de terminar esse resumo, teste seus conhecimentos com nossos <a href=\"https:\/\/beduka.com\/blog\/exercicios\/questoes-sobre-o-descobrimento\/\" target=\"_blank\" rel=\"noreferrer noopener\">exerc\u00edcios sobre o Descobrimento do Brasil<\/a>.<\/li><\/ul>\n\n\n\n<h2 class=\"wp-block-heading\" id=\"dia-do-descobrimento\">Qual \u00e9 o verdadeiro dia do descobrimento do Brasil?<\/h2>\n\n\n\n<p>O dia do Descobrimento do Brasil atualmente n\u00e3o \u00e9 feriado, mas entre 1891 e 1930 ele foi uma data c\u00edvica nacional. <strong>No entanto, a comemora\u00e7\u00e3o acontecia no dia 3 de maio, em vez do dia 22 de abril que conhecemos<\/strong>.<\/p>\n\n\n\n<p><strong>Curioso, n\u00e3o \u00e9?<\/strong><\/p>\n\n\n\n<p>Isso se deve ao fato de os documentos que relatavam a chegada dos portugueses aqui n\u00e3o serem precisos quanto a data.&nbsp;<\/p>\n\n\n\n<p>Uma interpreta\u00e7\u00e3o dizia que, como Cabral chamou \u00e0 terra descoberta de Ilha de Vera Cruz, a chegada teria sido no dia 3 de maio.<\/p>\n\n\n\n<p>Neste dia, os cat\u00f3licos comemoram o dia da Santa Cruz. O nome seria ent\u00e3o uma homenagem \u00e0 festa. Essa interpreta\u00e7\u00e3o perdurou at\u00e9 1817.<\/p>\n\n\n\n<p>Quando a fam\u00edlia real portuguesa se transferiu para o Brasil em 1808, trouxe consigo a <strong>Carta de Pero Vaz de Caminha<\/strong>. Ela foi escrita para relatar o descobrimento ao rei D. Manuel, em 1500. Caminha era um escriv\u00e3o da esquadra de Cabral.<\/p>\n\n\n\n<p>Em 1817, o padre Aires de Casal publicou o documento pela primeira vez. <strong>Nele, a chegada \u00e9 referida como tendo acontecido em 22 de abril de 1500<\/strong>.<\/p>\n\n\n\n<p><strong>Mas se isso aconteceu num ano t\u00e3o anterior a 1891, por que 3 de maio passou a ser feriado a partir deste ano?<\/strong><\/p>\n\n\n\n<p>Porque em 21 de abril j\u00e1 se tinha o feriado de Tiradentes. Para evitar feriados seguidos, a data antiga foi retomada!<\/p>\n\n\n\n<p>Agora pode ter surgido outra d\u00favida bem interessante na sua cabe\u00e7a. Olha s\u00f3!<\/p>\n\n\n\n<h2 class=\"wp-block-heading\" id=\"nome\">Por que o nome do Brasil \u00e9 Brasil?<\/h2>\n\n\n\n<p>Voc\u00ea viu neste resumo que quando o descobrimento do Brasil aconteceu, o<strong> primeiro nome dado ao territ\u00f3rio foi Ilha de Vera Cruz<\/strong>, n\u00e3o foi?<\/p>\n\n\n\n<p>Quando os portugueses perceberam que n\u00e3o se tratava de uma ilha, mas de uma parte do continente americano, passaram a cham\u00e1-la de Terra de Santa Cruz. O que permaneceria por um bom tempo como nome oficial da col\u00f4nia.<\/p>\n\n\n\n<p>Contudo, <strong>como o principal produto de explora\u00e7\u00e3o era o Pau-Brasil, a \u00e1rvore deu o nome informal \u00e0 na\u00e7\u00e3o<\/strong>.&nbsp;<\/p>\n\n\n\n<p>Pero Gandavo escreveu um livro em 1575 sobre a hist\u00f3ria da col\u00f4nia cujo t\u00edtulo era \u201cHist\u00f3ria da Prov\u00edncia de Santa Cruz\u201d, com subt\u00edtulo \u201ca que vulgarmente chamamos Brasil\u201d.<\/p>\n\n\n\n<p><strong>Com o tempo, o nome informal ganhou cada vez mais espa\u00e7o e se tornou oficial para nomear a col\u00f4nia<\/strong>. Legal n\u00e9? \u00c9 simples assim!<\/p>\n\n\n\n<p><strong>Gostou do nosso resumo do Descobrimento do Brasil? <\/strong>Compartilhe com os seus amigos e comente abaixo sobre as \u00e1reas que voc\u00ea deseja mais explica\u00e7\u00f5es.<\/p>\n\n\n\n<p><strong>Queremos te ajudar a encontrar a FACULDADE IDEAL! <\/strong>Logo abaixo, fa\u00e7a uma pesquisa por curso e cidade que te mostraremos todas as faculdades que podem te atender.<strong> <\/strong>Informamos a nota de corte, valor de mensalidade, nota do MEC, avalia\u00e7\u00e3o dos alunos, modalidades de ensino e muito mais.<\/p>\n","protected":false},"excerpt":{"rendered":"<p>O descobrimento do Brasil foi uma consequ\u00eancia das Grandes Navega\u00e7\u00f5es, que tiveram Portugal como pioneiro. Descubra com esse resumo como tudo aconteceu!<\/p>\n","protected":false},"author":18,"featured_media":23712,"comment_status":"open","ping_status":"closed","sticky":false,"template":"","format":"standard","meta":{"_mi_skip_tracking":false,"_monsterinsights_sitenote_active":false,"_monsterinsights_sitenote_note":"","_monsterinsights_sitenote_category":0},"categories":[491],"tags":[],"yoast_head":"<!-- This site is optimized with the Yoast SEO plugin v20.10 - https:\/\/yoast.com\/wordpress\/plugins\/seo\/ -->\n<title>Resumo do Descobrimento do Brasil: contexto, causas e consequ\u00eancias<\/title>\n<meta name=\"description\" content=\"O descobrimento do Brasil foi uma consequ\u00eancia das Grandes Navega\u00e7\u00f5es, que tiveram Portugal como pioneiro. Descubra com esse resumo como tudo aconteceu!\" \/>\n<meta name=\"robots\" content=\"index, follow, max-snippet:-1, max-image-preview:large, max-video-preview:-1\" \/>\n<link rel=\"canonical\" href=\"https:\/\/beduka.com\/blog\/materias\/historia\/resumo-de-descobrimento-do-brasil\/\" \/>\n<meta property=\"og:locale\" content=\"pt_BR\" \/>\n<meta property=\"og:type\" content=\"article\" \/>\n<meta property=\"og:title\" content=\"Resumo do Descobrimento do Brasil: contexto, causas e consequ\u00eancias\" \/>\n<meta property=\"og:description\" content=\"O descobrimento do Brasil foi uma consequ\u00eancia das Grandes Navega\u00e7\u00f5es, que tiveram Portugal como pioneiro. Descubra com esse resumo como tudo aconteceu!\" \/>\n<meta property=\"og:url\" content=\"https:\/\/beduka.com\/blog\/materias\/historia\/resumo-de-descobrimento-do-brasil\/\" \/>\n<meta property=\"og:site_name\" content=\"Blog do Beduka | Mat\u00e9rias resumidas, Dicas e Exerc\u00edcios Enem\" \/>\n<meta property=\"article:publisher\" content=\"https:\/\/www.facebook.com\/beduka.buscadordefaculdades\/\" \/>\n<meta property=\"article:author\" content=\"https:\/\/www.facebook.com\/beduka.buscadordefaculdades\" \/>\n<meta property=\"article:published_time\" content=\"2021-10-29T18:36:11+00:00\" \/>\n<meta property=\"article:modified_time\" content=\"2023-04-03T13:24:50+00:00\" \/>\n<meta property=\"og:image\" content=\"https:\/\/beduka.com\/blog\/wp-content\/uploads\/2021\/10\/resumo-de-descobrimento-do-brasil.jpg\" \/>\n\t<meta property=\"og:image:width\" content=\"609\" \/>\n\t<meta property=\"og:image:height\" content=\"342\" \/>\n\t<meta property=\"og:image:type\" content=\"image\/jpeg\" \/>\n<meta name=\"author\" content=\"Reda\u00e7\u00e3o Beduka\" \/>\n<meta name=\"twitter:card\" content=\"summary_large_image\" \/>\n<meta name=\"twitter:label1\" content=\"Escrito por\" \/>\n\t<meta name=\"twitter:data1\" content=\"Reda\u00e7\u00e3o Beduka\" \/>\n\t<meta name=\"twitter:label2\" content=\"Est. tempo de leitura\" \/>\n\t<meta name=\"twitter:data2\" content=\"10 minutos\" \/>\n<script type=\"application\/ld+json\" class=\"yoast-schema-graph\">{\"@context\":\"https:\/\/schema.org\",\"@graph\":[{\"@type\":\"Article\",\"@id\":\"https:\/\/beduka.com\/blog\/materias\/historia\/resumo-de-descobrimento-do-brasil\/#article\",\"isPartOf\":{\"@id\":\"https:\/\/beduka.com\/blog\/materias\/historia\/resumo-de-descobrimento-do-brasil\/\"},\"author\":{\"name\":\"Reda\u00e7\u00e3o Beduka\",\"@id\":\"https:\/\/beduka.com\/blog\/#\/schema\/person\/a642c9aad29bdea97a352689b053f80f\"},\"headline\":\"Resumo do Descobrimento do Brasil: contexto hist\u00f3rico, causas e consequ\u00eancias\",\"datePublished\":\"2021-10-29T18:36:11+00:00\",\"dateModified\":\"2023-04-03T13:24:50+00:00\",\"mainEntityOfPage\":{\"@id\":\"https:\/\/beduka.com\/blog\/materias\/historia\/resumo-de-descobrimento-do-brasil\/\"},\"wordCount\":2100,\"commentCount\":2,\"publisher\":{\"@id\":\"https:\/\/beduka.com\/blog\/#organization\"},\"articleSection\":[\"Hist\u00f3ria\"],\"inLanguage\":\"pt-BR\",\"potentialAction\":[{\"@type\":\"CommentAction\",\"name\":\"Comment\",\"target\":[\"https:\/\/beduka.com\/blog\/materias\/historia\/resumo-de-descobrimento-do-brasil\/#respond\"]}]},{\"@type\":\"WebPage\",\"@id\":\"https:\/\/beduka.com\/blog\/materias\/historia\/resumo-de-descobrimento-do-brasil\/\",\"url\":\"https:\/\/beduka.com\/blog\/materias\/historia\/resumo-de-descobrimento-do-brasil\/\",\"name\":\"Resumo do Descobrimento do Brasil: contexto, causas e consequ\u00eancias\",\"isPartOf\":{\"@id\":\"https:\/\/beduka.com\/blog\/#website\"},\"datePublished\":\"2021-10-29T18:36:11+00:00\",\"dateModified\":\"2023-04-03T13:24:50+00:00\",\"description\":\"O descobrimento do Brasil foi uma consequ\u00eancia das Grandes Navega\u00e7\u00f5es, que tiveram Portugal como pioneiro. Descubra com esse resumo como tudo aconteceu!\",\"breadcrumb\":{\"@id\":\"https:\/\/beduka.com\/blog\/materias\/historia\/resumo-de-descobrimento-do-brasil\/#breadcrumb\"},\"inLanguage\":\"pt-BR\",\"potentialAction\":[{\"@type\":\"ReadAction\",\"target\":[\"https:\/\/beduka.com\/blog\/materias\/historia\/resumo-de-descobrimento-do-brasil\/\"]}]},{\"@type\":\"BreadcrumbList\",\"@id\":\"https:\/\/beduka.com\/blog\/materias\/historia\/resumo-de-descobrimento-do-brasil\/#breadcrumb\",\"itemListElement\":[{\"@type\":\"ListItem\",\"position\":1,\"name\":\"Home\",\"item\":\"https:\/\/beduka.com\/blog\/\"},{\"@type\":\"ListItem\",\"position\":2,\"name\":\"Resumo do Descobrimento do Brasil: contexto hist\u00f3rico, causas e consequ\u00eancias\"}]},{\"@type\":\"WebSite\",\"@id\":\"https:\/\/beduka.com\/blog\/#website\",\"url\":\"https:\/\/beduka.com\/blog\/\",\"name\":\"Blog do Beduka | Mat\u00e9rias resumidas, Dicas e Exerc\u00edcios Enem\",\"description\":\"O Blog do Beduka tem os conte\u00fados que mais caem no Enem, exerc\u00edcios de vestibular com gabarito, resumos, dicas e informa\u00e7\u00f5es Sisu, Prouni e Fies.Encontre dicas para o ENEM, resumos, exerc\u00edcios e informa\u00e7\u00f5es sobre os vestibulares. Acesse agora!\",\"publisher\":{\"@id\":\"https:\/\/beduka.com\/blog\/#organization\"},\"potentialAction\":[{\"@type\":\"SearchAction\",\"target\":{\"@type\":\"EntryPoint\",\"urlTemplate\":\"https:\/\/beduka.com\/blog\/?s={search_term_string}\"},\"query-input\":\"required name=search_term_string\"}],\"inLanguage\":\"pt-BR\"},{\"@type\":\"Organization\",\"@id\":\"https:\/\/beduka.com\/blog\/#organization\",\"name\":\"Beduka\",\"url\":\"https:\/\/beduka.com\/blog\/\",\"logo\":{\"@type\":\"ImageObject\",\"inLanguage\":\"pt-BR\",\"@id\":\"https:\/\/beduka.com\/blog\/#\/schema\/logo\/image\/\",\"url\":\"https:\/\/beduka.com\/blog\/wp-content\/uploads\/2020\/06\/marca-beduka.png\",\"contentUrl\":\"https:\/\/beduka.com\/blog\/wp-content\/uploads\/2020\/06\/marca-beduka.png\",\"width\":1077,\"height\":368,\"caption\":\"Beduka\"},\"image\":{\"@id\":\"https:\/\/beduka.com\/blog\/#\/schema\/logo\/image\/\"},\"sameAs\":[\"https:\/\/www.facebook.com\/beduka.buscadordefaculdades\/\",\"https:\/\/www.instagram.com\/beduka_oficial\/\",\"https:\/\/www.linkedin.com\/company\/beduka\",\"https:\/\/br.pinterest.com\/bedukaoficial\/\",\"https:\/\/www.youtube.com\/beduka\"]},{\"@type\":\"Person\",\"@id\":\"https:\/\/beduka.com\/blog\/#\/schema\/person\/a642c9aad29bdea97a352689b053f80f\",\"name\":\"Reda\u00e7\u00e3o Beduka\",\"image\":{\"@type\":\"ImageObject\",\"inLanguage\":\"pt-BR\",\"@id\":\"https:\/\/beduka.com\/blog\/#\/schema\/person\/image\/\",\"url\":\"https:\/\/secure.gravatar.com\/avatar\/e1048f81c33ef0938237fc66bb9a208d?s=96&d=mm&r=g\",\"contentUrl\":\"https:\/\/secure.gravatar.com\/avatar\/e1048f81c33ef0938237fc66bb9a208d?s=96&d=mm&r=g\",\"caption\":\"Reda\u00e7\u00e3o Beduka\"},\"description\":\"Este conte\u00fado foi criado e validado por uma equipe multidisciplinar, formada por especialistas em cada \u00e1rea do conhecimento. O Beduka est\u00e1 presente no Instagram, YouTube, LinkedIn e em diversos outros ambientes digitais. O site foi criado em 2017 e, desde a sua funda\u00e7\u00e3o, atua para fornecer materiais de qualidade para facilitar a vida de estudantes de todo o Brasil, ajudando-os a se preparar para os principais vestibulares e o Enem.\",\"sameAs\":[\"https:\/\/www.facebook.com\/beduka.buscadordefaculdades\",\"https:\/\/www.instagram.com\/beduka_oficial\/\",\"https:\/\/br.pinterest.com\/bedukaoficial\/\"],\"url\":\"https:\/\/beduka.com\/blog\/author\/dioney\/\"}]}<\/script>\n<!-- \/ Yoast SEO plugin. -->","yoast_head_json":{"title":"Resumo do Descobrimento do Brasil: contexto, causas e consequ\u00eancias","description":"O descobrimento do Brasil foi uma consequ\u00eancia das Grandes Navega\u00e7\u00f5es, que tiveram Portugal como pioneiro. Descubra com esse resumo como tudo aconteceu!","robots":{"index":"index","follow":"follow","max-snippet":"max-snippet:-1","max-image-preview":"max-image-preview:large","max-video-preview":"max-video-preview:-1"},"canonical":"https:\/\/beduka.com\/blog\/materias\/historia\/resumo-de-descobrimento-do-brasil\/","og_locale":"pt_BR","og_type":"article","og_title":"Resumo do Descobrimento do Brasil: contexto, causas e consequ\u00eancias","og_description":"O descobrimento do Brasil foi uma consequ\u00eancia das Grandes Navega\u00e7\u00f5es, que tiveram Portugal como pioneiro. Descubra com esse resumo como tudo aconteceu!","og_url":"https:\/\/beduka.com\/blog\/materias\/historia\/resumo-de-descobrimento-do-brasil\/","og_site_name":"Blog do Beduka | Mat\u00e9rias resumidas, Dicas e Exerc\u00edcios Enem","article_publisher":"https:\/\/www.facebook.com\/beduka.buscadordefaculdades\/","article_author":"https:\/\/www.facebook.com\/beduka.buscadordefaculdades","article_published_time":"2021-10-29T18:36:11+00:00","article_modified_time":"2023-04-03T13:24:50+00:00","og_image":[{"width":609,"height":342,"url":"https:\/\/beduka.com\/blog\/wp-content\/uploads\/2021\/10\/resumo-de-descobrimento-do-brasil.jpg","type":"image\/jpeg"}],"author":"Reda\u00e7\u00e3o Beduka","twitter_card":"summary_large_image","twitter_misc":{"Escrito por":"Reda\u00e7\u00e3o Beduka","Est. tempo de leitura":"10 minutos"},"schema":{"@context":"https:\/\/schema.org","@graph":[{"@type":"Article","@id":"https:\/\/beduka.com\/blog\/materias\/historia\/resumo-de-descobrimento-do-brasil\/#article","isPartOf":{"@id":"https:\/\/beduka.com\/blog\/materias\/historia\/resumo-de-descobrimento-do-brasil\/"},"author":{"name":"Reda\u00e7\u00e3o Beduka","@id":"https:\/\/beduka.com\/blog\/#\/schema\/person\/a642c9aad29bdea97a352689b053f80f"},"headline":"Resumo do Descobrimento do Brasil: contexto hist\u00f3rico, causas e consequ\u00eancias","datePublished":"2021-10-29T18:36:11+00:00","dateModified":"2023-04-03T13:24:50+00:00","mainEntityOfPage":{"@id":"https:\/\/beduka.com\/blog\/materias\/historia\/resumo-de-descobrimento-do-brasil\/"},"wordCount":2100,"commentCount":2,"publisher":{"@id":"https:\/\/beduka.com\/blog\/#organization"},"articleSection":["Hist\u00f3ria"],"inLanguage":"pt-BR","potentialAction":[{"@type":"CommentAction","name":"Comment","target":["https:\/\/beduka.com\/blog\/materias\/historia\/resumo-de-descobrimento-do-brasil\/#respond"]}]},{"@type":"WebPage","@id":"https:\/\/beduka.com\/blog\/materias\/historia\/resumo-de-descobrimento-do-brasil\/","url":"https:\/\/beduka.com\/blog\/materias\/historia\/resumo-de-descobrimento-do-brasil\/","name":"Resumo do Descobrimento do Brasil: contexto, causas e consequ\u00eancias","isPartOf":{"@id":"https:\/\/beduka.com\/blog\/#website"},"datePublished":"2021-10-29T18:36:11+00:00","dateModified":"2023-04-03T13:24:50+00:00","description":"O descobrimento do Brasil foi uma consequ\u00eancia das Grandes Navega\u00e7\u00f5es, que tiveram Portugal como pioneiro. Descubra com esse resumo como tudo aconteceu!","breadcrumb":{"@id":"https:\/\/beduka.com\/blog\/materias\/historia\/resumo-de-descobrimento-do-brasil\/#breadcrumb"},"inLanguage":"pt-BR","potentialAction":[{"@type":"ReadAction","target":["https:\/\/beduka.com\/blog\/materias\/historia\/resumo-de-descobrimento-do-brasil\/"]}]},{"@type":"BreadcrumbList","@id":"https:\/\/beduka.com\/blog\/materias\/historia\/resumo-de-descobrimento-do-brasil\/#breadcrumb","itemListElement":[{"@type":"ListItem","position":1,"name":"Home","item":"https:\/\/beduka.com\/blog\/"},{"@type":"ListItem","position":2,"name":"Resumo do Descobrimento do Brasil: contexto hist\u00f3rico, causas e consequ\u00eancias"}]},{"@type":"WebSite","@id":"https:\/\/beduka.com\/blog\/#website","url":"https:\/\/beduka.com\/blog\/","name":"Blog do Beduka | Mat\u00e9rias resumidas, Dicas e Exerc\u00edcios Enem","description":"O Blog do Beduka tem os conte\u00fados que mais caem no Enem, exerc\u00edcios de vestibular com gabarito, resumos, dicas e informa\u00e7\u00f5es Sisu, Prouni e Fies.Encontre dicas para o ENEM, resumos, exerc\u00edcios e informa\u00e7\u00f5es sobre os vestibulares. Acesse agora!","publisher":{"@id":"https:\/\/beduka.com\/blog\/#organization"},"potentialAction":[{"@type":"SearchAction","target":{"@type":"EntryPoint","urlTemplate":"https:\/\/beduka.com\/blog\/?s={search_term_string}"},"query-input":"required name=search_term_string"}],"inLanguage":"pt-BR"},{"@type":"Organization","@id":"https:\/\/beduka.com\/blog\/#organization","name":"Beduka","url":"https:\/\/beduka.com\/blog\/","logo":{"@type":"ImageObject","inLanguage":"pt-BR","@id":"https:\/\/beduka.com\/blog\/#\/schema\/logo\/image\/","url":"https:\/\/beduka.com\/blog\/wp-content\/uploads\/2020\/06\/marca-beduka.png","contentUrl":"https:\/\/beduka.com\/blog\/wp-content\/uploads\/2020\/06\/marca-beduka.png","width":1077,"height":368,"caption":"Beduka"},"image":{"@id":"https:\/\/beduka.com\/blog\/#\/schema\/logo\/image\/"},"sameAs":["https:\/\/www.facebook.com\/beduka.buscadordefaculdades\/","https:\/\/www.instagram.com\/beduka_oficial\/","https:\/\/www.linkedin.com\/company\/beduka","https:\/\/br.pinterest.com\/bedukaoficial\/","https:\/\/www.youtube.com\/beduka"]},{"@type":"Person","@id":"https:\/\/beduka.com\/blog\/#\/schema\/person\/a642c9aad29bdea97a352689b053f80f","name":"Reda\u00e7\u00e3o Beduka","image":{"@type":"ImageObject","inLanguage":"pt-BR","@id":"https:\/\/beduka.com\/blog\/#\/schema\/person\/image\/","url":"https:\/\/secure.gravatar.com\/avatar\/e1048f81c33ef0938237fc66bb9a208d?s=96&d=mm&r=g","contentUrl":"https:\/\/secure.gravatar.com\/avatar\/e1048f81c33ef0938237fc66bb9a208d?s=96&d=mm&r=g","caption":"Reda\u00e7\u00e3o Beduka"},"description":"Este conte\u00fado foi criado e validado por uma equipe multidisciplinar, formada por especialistas em cada \u00e1rea do conhecimento. O Beduka est\u00e1 presente no Instagram, YouTube, LinkedIn e em diversos outros ambientes digitais. O site foi criado em 2017 e, desde a sua funda\u00e7\u00e3o, atua para fornecer materiais de qualidade para facilitar a vida de estudantes de todo o Brasil, ajudando-os a se preparar para os principais vestibulares e o Enem.","sameAs":["https:\/\/www.facebook.com\/beduka.buscadordefaculdades","https:\/\/www.instagram.com\/beduka_oficial\/","https:\/\/br.pinterest.com\/bedukaoficial\/"],"url":"https:\/\/beduka.com\/blog\/author\/dioney\/"}]}},"_links":{"self":[{"href":"https:\/\/beduka.com\/blog\/wp-json\/wp\/v2\/posts\/23711"}],"collection":[{"href":"https:\/\/beduka.com\/blog\/wp-json\/wp\/v2\/posts"}],"about":[{"href":"https:\/\/beduka.com\/blog\/wp-json\/wp\/v2\/types\/post"}],"author":[{"embeddable":true,"href":"https:\/\/beduka.com\/blog\/wp-json\/wp\/v2\/users\/18"}],"replies":[{"embeddable":true,"href":"https:\/\/beduka.com\/blog\/wp-json\/wp\/v2\/comments?post=23711"}],"version-history":[{"count":2,"href":"https:\/\/beduka.com\/blog\/wp-json\/wp\/v2\/posts\/23711\/revisions"}],"predecessor-version":[{"id":29498,"href":"https:\/\/beduka.com\/blog\/wp-json\/wp\/v2\/posts\/23711\/revisions\/29498"}],"wp:featuredmedia":[{"embeddable":true,"href":"https:\/\/beduka.com\/blog\/wp-json\/wp\/v2\/media\/23712"}],"wp:attachment":[{"href":"https:\/\/beduka.com\/blog\/wp-json\/wp\/v2\/media?parent=23711"}],"wp:term":[{"taxonomy":"category","embeddable":true,"href":"https:\/\/beduka.com\/blog\/wp-json\/wp\/v2\/categories?post=23711"},{"taxonomy":"post_tag","embeddable":true,"href":"https:\/\/beduka.com\/blog\/wp-json\/wp\/v2\/tags?post=23711"}],"curies":[{"name":"wp","href":"https:\/\/api.w.org\/{rel}","templated":true}]}}