{"id":24251,"date":"2021-12-30T13:30:35","date_gmt":"2021-12-30T16:30:35","guid":{"rendered":"https:\/\/beduka.com\/blog\/?p=24251"},"modified":"2023-12-06T16:15:30","modified_gmt":"2023-12-06T19:15:30","slug":"bolsista-do-prouni-trancar-faculdade","status":"publish","type":"post","link":"https:\/\/beduka.com\/blog\/prouni\/bolsista-do-prouni-trancar-faculdade\/","title":{"rendered":"Bolsista do Prouni pode trancar a faculdade? Veja todas as regras!"},"content":{"rendered":"\n<p><strong>Voc\u00ea j\u00e1 deve ter passado por momentos em que conciliar estudos e outras demandas ficou muito dif\u00edcil<\/strong> e diversas \u00e1reas da vida ficaram se chocando e atrapalhando. Isso \u00e9 algo comum na vida do estudante. <\/p>\n\n\n\n<p><strong>A solu\u00e7\u00e3o costuma ser trancar a matr\u00edcula<\/strong>, organizar-se e depois voltar. <strong>Mas ser\u00e1 que todo mundo pode fazer isso? <\/strong>Algumas<strong> pessoas que possuem bolsas do Prouni ficam com receio<\/strong> de perder o benef\u00edcio por ter de se ausentar da faculdade. Mas vamos te tranquilizar.<\/p>\n\n\n\n<p><strong>Continue lendo e descubra se o bolsista do Prouni pode trancar a faculdade<\/strong> e quais s\u00e3o as implica\u00e7\u00f5es caso ele fa\u00e7a o trancamento. <\/p>\n\n\n\n<p>Se quiser ir diretamente para alguma parte do texto, <strong>clique em um dos t\u00f3picos abaixo<\/strong>:<\/p>\n\n\n\n<ul>\n<li><a href=\"#pode-trancar\">Bolsista do Prouni pode trancar a faculdade?<\/a><\/li>\n\n\n\n<li><a href=\"#que-faz-perder\">O que faz perder a bolsa do Prouni?<\/a><\/li>\n\n\n\n<li><a href=\"#quanto-tempo\">Por quanto tempo o bolsista do Prouni pode trancar a faculdade?<\/a><\/li>\n\n\n\n<li><a href=\"#regras-\">Quais s\u00e3o as regras para o bolsista do Prouni trancar a faculdade?<\/a><\/li>\n\n\n\n<li><a href=\"#ganhar-uma-bolsa\">Como ganhar uma bolsa sem o Prouni?<\/a><\/li>\n<\/ul>\n\n\n\n<p>Voc\u00ea sabia que \u00e9 poss\u00edvel entrar no <strong>curso dos seus sonhos<\/strong> sem precisar da nota do Enem? Com o <a href=\"https:\/\/beduka.com\/bolsas\" target=\"_blank\" rel=\"noreferrer noopener\"><strong>Beduka Bolsas<\/strong><\/a> voc\u00ea garante bolsas de estudos de at\u00e9 <strong>65% na mensalidade + matr\u00edcula gratuita.<\/strong> Acesse agora mesmo!<\/p>\n\n\n\n<h2 class=\"wp-block-heading\" id=\"pode-trancar\">Bolsista do Prouni pode trancar a faculdade?<\/h2>\n\n\n\n<p><strong>Sim,<\/strong> <strong>um bolsista pelo Prouni pode trancar a faculdade<\/strong>. Mas existem condi\u00e7\u00f5es para isso e um prazo definido anteriormente!<\/p>\n\n\n\n<p>A bolsa do Prouni tem dura\u00e7\u00e3o total de 8 anos. Para trancar sua matr\u00edcula, <strong>o aluno deve se dirigir \u00e0 secretaria da faculdade em que estuda e pedir que o usufruto do benef\u00edcio seja interrompido<\/strong>.<\/p>\n\n\n\n<p>Contudo, o per\u00edodo em que a bolsa estiver suspensa ser\u00e1 computado do prazo total concedido, pois ele \u00e9 considerado como de efetiva utiliza\u00e7\u00e3o. Ou seja, <strong>o per\u00edodo de trancamento \u00e9 visto como um per\u00edodo de uso real da bolsa, e ser\u00e1 descontado dos anos totais que ela valer\u00e1.<\/strong><\/p>\n\n\n\n<p>Por exemplo, se voc\u00ea trancar por um ano, depois de j\u00e1 ter cursado dois, significa que voc\u00ea s\u00f3 ter\u00e1 mais 5 anos de validade da bolsa.<\/p>\n\n\n\n<p>Ser\u00e1 preciso explicar os motivos que est\u00e3o levando o estudante a buscar o trancamento. De modo geral, <strong>as justificativas aceitas s\u00e3o aquelas que n\u00e3o dependem da vontade do aluno<\/strong>, como demiss\u00e3o do emprego, gravidez, tratamento de sa\u00fade.<\/p>\n\n\n\n<h2 class=\"wp-block-heading\" id=\"que-faz-perder\">O que faz perder a bolsa do Prouni?<\/h2>\n\n\n\n<p>Existe a possibilidade de perder a bolsa do Prouni por diversos motivos, mas os principais s\u00e3o <strong>a evas\u00e3o e a n\u00e3o aprova\u00e7\u00e3o num m\u00ednimo de 75% das disciplinas cursada<\/strong>s em cada per\u00edodo. \u00c9 preciso evitar ambas!<\/p>\n\n\n\n<p>Sabemos que \u00e9 bem dif\u00edcil para quem trabalha e estuda conseguir manter a frequ\u00eancia e um rendimento muito alto. O cansa\u00e7o f\u00edsico e mental atrapalha bastante e muitas vezes a desist\u00eancia \u00e9 uma tenta\u00e7\u00e3o muito forte.<\/p>\n\n\n\n<p>Mas o abandono das aulas n\u00e3o \u00e9 a recomenda\u00e7\u00e3o para resolver os problemas. <strong>Agora que voc\u00ea j\u00e1 sabe que o bolsista do Prouni pode trancar a faculdade, tem a op\u00e7\u00e3o de pedir um tempo para organizar a vida e voltar depois aos estudos<\/strong>.<\/p>\n\n\n\n<p>Lembre-se que conquistar uma vaga por este programa n\u00e3o \u00e9 nada f\u00e1cil e que ela \u00e9 parte da realiza\u00e7\u00e3o do seu sonho! Portanto, assim que for poss\u00edvel, volte para a faculdade.<\/p>\n\n\n\n<p>Agora que voc\u00ea j\u00e1 sabe se trancar a faculdade perde a bolsa, descubra por quanto tempo um bolsista do Prouni pode trancar sua <\/p>\n\n\n\n<h2 class=\"wp-block-heading\" id=\"quanto-tempo\">Por quanto tempo o bolsista do Prouni pode trancar a faculdade?<\/h2>\n\n\n\n<p><strong>O limite de tempo que o bolsista do Prouni pode trancar a faculdade \u00e9 de dois anos<\/strong>. Isso equivale a quatro per\u00edodos letivos.<\/p>\n\n\n\n<p>Vale lembrar que <strong>cada institui\u00e7\u00e3o de ensino tem suas pr\u00f3prias normas.<\/strong> Por isso \u00e9 necess\u00e1rio estar atento \u00e0s informa\u00e7\u00f5es que a secretaria vai te dar sobre esse tema.<\/p>\n\n\n\n<p>O curr\u00edculo tamb\u00e9m \u00e9 algo a se dar aten\u00e7\u00e3o. \u00c0s vezes podem ocorrer modifica\u00e7\u00f5es na grade curricular do seu curso de um semestre para outro, o que implica em uma adapta\u00e7\u00e3o no retorno.<\/p>\n\n\n\n<p>Ah, como cada bolsista tem 8 anos de usufruto do programa, <strong>\u00e9 preciso estar atento ao momento do trancamento e a quantidade de disciplinas que ainda faltam cumprir<\/strong>. Isso vai evitar que voc\u00ea tranque o curso com pouco tempo faltando para concluir o per\u00edodo de vigor da bolsa.<\/p>\n\n\n\n<ul>\n<li>Voc\u00ea est\u00e1 insatisfeito com seu curso? Veja se ele realmente combina com voc\u00ea. <a href=\"https:\/\/beduka.com\/blog\/dicas\/profissoes\/raiox-beduka-teste-vocacional-personalidade\/\" target=\"_blank\" rel=\"noreferrer noopener\">Fa\u00e7a o Raio-X, o teste vocacional do Beduka<\/a> e conhe\u00e7a as profiss\u00f5es que s\u00e3o a sua cara!<\/li>\n<\/ul>\n\n\n\n<h2 class=\"wp-block-heading\" id=\"regras-\">Quais s\u00e3o as regras para o bolsista do Prouni trancar a faculdade?<\/h2>\n\n\n\n<p>Existem dois requisitos b\u00e1sicos que possibilitam o trancamento da matr\u00edcula.<\/p>\n\n\n\n<p>O primeiro \u00e9 <strong>ter cursado um semestre letivo <\/strong>com a bolsa em vigor. O segundo \u00e9 ter um <strong>aproveitamento acad\u00eamico m\u00ednimo de 75%<\/strong>.&nbsp;<\/p>\n\n\n\n<p>Isso vale tanto para os que foram contemplados com uma bolsa parcial, quanto para os de bolsa integral.<\/p>\n\n\n\n<p>Ao cumpri-los, o bolsista do Prouni pode trancar a faculdade.<\/p>\n\n\n\n<h2 class=\"wp-block-heading\" id=\"ganhar-uma-bolsa\">Como ganhar uma bolsa sem o Prouni?<\/h2>\n\n\n\n<p>Como se sabe, algumas institui\u00e7\u00f5es financiam os estudos de alunos que se encaixam nos seus programas. O Beduka \u00e9 uma delas!<\/p>\n\n\n\n<p>\u00c9 isso mesmo! Com o <strong>Beduka Bolsas<\/strong> voc\u00ea entra em uma <strong>faculdade de qualidade, no curso dos seus sonhos e ainda economiza seu dinheiro.<\/strong><\/p>\n\n\n\n<p>O <strong>Beduka Bolsas<\/strong> \u00e9 uma plataforma dispon\u00edvel 24 horas, onde voc\u00ea pode adquirir uma <strong>bolsa de estudos de at\u00e9 65% de desconto<\/strong> na mensalidade.&nbsp;<\/p>\n\n\n\n<p>S\u00e3o mais de <strong>90 op\u00e7\u00f5es de cursos para voc\u00ea escolher,<\/strong> em uma de nossas universidades parceiras.<\/p>\n\n\n\n<ul>\n<li><a href=\"https:\/\/beduka.com\/bolsas\" target=\"_blank\" rel=\"noreferrer noopener\"><strong>Acesse o Beduka Bolsas agora mesmo e conquiste seu desconto!<\/strong><\/a><\/li>\n<\/ul>\n\n\n\n<p>Siga o Beduka nas redes sociais! Estamos no <a href=\"https:\/\/br.pinterest.com\/bedukaoficial\/_created\/\" target=\"_blank\" rel=\"noreferrer noopener\"><strong>Pinterest<\/strong><\/a> e no <a href=\"https:\/\/www.instagram.com\/beduka_oficial\/\" target=\"_blank\" rel=\"noreferrer noopener\"><strong>Instagram<\/strong><\/a> sempre com as melhores novidades quando o assunto \u00e9 Enem e Vestibulares. Te esperamos por l\u00e1!<\/p>\n\n\n\n<p>Esperamos ter respondido sua pergunta &#8220;Se trancar a faculdade perde a bolsa?&#8221;. Obrigada por ler at\u00e9 o final!<\/p>\n","protected":false},"excerpt":{"rendered":"<p>Ganhou uma bolsa mas tem dificuldade de conciliar sua vida com os estudos? Veja se o bolsista do Prouni pode trancar a faculdade e como fazer.<\/p>\n","protected":false},"author":18,"featured_media":32358,"comment_status":"open","ping_status":"closed","sticky":false,"template":"","format":"standard","meta":{"_mi_skip_tracking":false,"_monsterinsights_sitenote_active":false,"_monsterinsights_sitenote_note":"","_monsterinsights_sitenote_category":0},"categories":[483],"tags":[1302,1672],"yoast_head":"<!-- This site is optimized with the Yoast SEO plugin v20.10 - https:\/\/yoast.com\/wordpress\/plugins\/seo\/ -->\n<title>Bolsista do Prouni pode trancar a faculdade? Veja todas as regras!<\/title>\n<meta name=\"description\" content=\"Ganhou uma bolsa mas tem dificuldade de conciliar sua vida com os estudos? Veja se o bolsista do Prouni pode trancar a faculdade e como fazer.\" \/>\n<meta name=\"robots\" content=\"index, follow, max-snippet:-1, max-image-preview:large, max-video-preview:-1\" \/>\n<link rel=\"canonical\" href=\"https:\/\/beduka.com\/blog\/prouni\/bolsista-do-prouni-trancar-faculdade\/\" \/>\n<meta property=\"og:locale\" content=\"pt_BR\" \/>\n<meta property=\"og:type\" content=\"article\" \/>\n<meta property=\"og:title\" content=\"Bolsista do Prouni pode trancar a faculdade? Veja todas as regras!\" \/>\n<meta property=\"og:description\" content=\"Ganhou uma bolsa mas tem dificuldade de conciliar sua vida com os estudos? Veja se o bolsista do Prouni pode trancar a faculdade e como fazer.\" \/>\n<meta property=\"og:url\" content=\"https:\/\/beduka.com\/blog\/prouni\/bolsista-do-prouni-trancar-faculdade\/\" \/>\n<meta property=\"og:site_name\" content=\"Blog do Beduka | Mat\u00e9rias resumidas, Dicas e Exerc\u00edcios Enem\" \/>\n<meta property=\"article:publisher\" content=\"https:\/\/www.facebook.com\/beduka.buscadordefaculdades\/\" \/>\n<meta property=\"article:author\" content=\"https:\/\/www.facebook.com\/beduka.buscadordefaculdades\" \/>\n<meta property=\"article:published_time\" content=\"2021-12-30T16:30:35+00:00\" \/>\n<meta property=\"article:modified_time\" content=\"2023-12-06T19:15:30+00:00\" \/>\n<meta property=\"og:image\" content=\"https:\/\/beduka.com\/blog\/wp-content\/uploads\/2023\/12\/bolsista-do-prouni-pode-trancar-faculdade.webp\" \/>\n\t<meta property=\"og:image:width\" content=\"609\" \/>\n\t<meta property=\"og:image:height\" content=\"342\" \/>\n\t<meta property=\"og:image:type\" content=\"image\/webp\" \/>\n<meta name=\"author\" content=\"Reda\u00e7\u00e3o Beduka\" \/>\n<meta name=\"twitter:card\" content=\"summary_large_image\" \/>\n<meta name=\"twitter:label1\" content=\"Escrito por\" \/>\n\t<meta name=\"twitter:data1\" content=\"Reda\u00e7\u00e3o Beduka\" \/>\n\t<meta name=\"twitter:label2\" content=\"Est. tempo de leitura\" \/>\n\t<meta name=\"twitter:data2\" content=\"6 minutos\" \/>\n<script type=\"application\/ld+json\" class=\"yoast-schema-graph\">{\"@context\":\"https:\/\/schema.org\",\"@graph\":[{\"@type\":\"Article\",\"@id\":\"https:\/\/beduka.com\/blog\/prouni\/bolsista-do-prouni-trancar-faculdade\/#article\",\"isPartOf\":{\"@id\":\"https:\/\/beduka.com\/blog\/prouni\/bolsista-do-prouni-trancar-faculdade\/\"},\"author\":{\"name\":\"Reda\u00e7\u00e3o Beduka\",\"@id\":\"https:\/\/beduka.com\/blog\/#\/schema\/person\/a642c9aad29bdea97a352689b053f80f\"},\"headline\":\"Bolsista do Prouni pode trancar a faculdade? Veja todas as regras!\",\"datePublished\":\"2021-12-30T16:30:35+00:00\",\"dateModified\":\"2023-12-06T19:15:30+00:00\",\"mainEntityOfPage\":{\"@id\":\"https:\/\/beduka.com\/blog\/prouni\/bolsista-do-prouni-trancar-faculdade\/\"},\"wordCount\":991,\"commentCount\":0,\"publisher\":{\"@id\":\"https:\/\/beduka.com\/blog\/#organization\"},\"keywords\":[\"prouni\",\"Prouni 2024\"],\"articleSection\":[\"Prouni 2024\"],\"inLanguage\":\"pt-BR\",\"potentialAction\":[{\"@type\":\"CommentAction\",\"name\":\"Comment\",\"target\":[\"https:\/\/beduka.com\/blog\/prouni\/bolsista-do-prouni-trancar-faculdade\/#respond\"]}]},{\"@type\":\"WebPage\",\"@id\":\"https:\/\/beduka.com\/blog\/prouni\/bolsista-do-prouni-trancar-faculdade\/\",\"url\":\"https:\/\/beduka.com\/blog\/prouni\/bolsista-do-prouni-trancar-faculdade\/\",\"name\":\"Bolsista do Prouni pode trancar a faculdade? Veja todas as regras!\",\"isPartOf\":{\"@id\":\"https:\/\/beduka.com\/blog\/#website\"},\"datePublished\":\"2021-12-30T16:30:35+00:00\",\"dateModified\":\"2023-12-06T19:15:30+00:00\",\"description\":\"Ganhou uma bolsa mas tem dificuldade de conciliar sua vida com os estudos? Veja se o bolsista do Prouni pode trancar a faculdade e como fazer.\",\"breadcrumb\":{\"@id\":\"https:\/\/beduka.com\/blog\/prouni\/bolsista-do-prouni-trancar-faculdade\/#breadcrumb\"},\"inLanguage\":\"pt-BR\",\"potentialAction\":[{\"@type\":\"ReadAction\",\"target\":[\"https:\/\/beduka.com\/blog\/prouni\/bolsista-do-prouni-trancar-faculdade\/\"]}]},{\"@type\":\"BreadcrumbList\",\"@id\":\"https:\/\/beduka.com\/blog\/prouni\/bolsista-do-prouni-trancar-faculdade\/#breadcrumb\",\"itemListElement\":[{\"@type\":\"ListItem\",\"position\":1,\"name\":\"Home\",\"item\":\"https:\/\/beduka.com\/blog\/\"},{\"@type\":\"ListItem\",\"position\":2,\"name\":\"Bolsista do Prouni pode trancar a faculdade? Veja todas as regras!\"}]},{\"@type\":\"WebSite\",\"@id\":\"https:\/\/beduka.com\/blog\/#website\",\"url\":\"https:\/\/beduka.com\/blog\/\",\"name\":\"Blog do Beduka | Mat\u00e9rias resumidas, Dicas e Exerc\u00edcios Enem\",\"description\":\"O Blog do Beduka tem os conte\u00fados que mais caem no Enem, exerc\u00edcios de vestibular com gabarito, resumos, dicas e informa\u00e7\u00f5es Sisu, Prouni e Fies.Encontre dicas para o ENEM, resumos, exerc\u00edcios e informa\u00e7\u00f5es sobre os vestibulares. Acesse agora!\",\"publisher\":{\"@id\":\"https:\/\/beduka.com\/blog\/#organization\"},\"potentialAction\":[{\"@type\":\"SearchAction\",\"target\":{\"@type\":\"EntryPoint\",\"urlTemplate\":\"https:\/\/beduka.com\/blog\/?s={search_term_string}\"},\"query-input\":\"required name=search_term_string\"}],\"inLanguage\":\"pt-BR\"},{\"@type\":\"Organization\",\"@id\":\"https:\/\/beduka.com\/blog\/#organization\",\"name\":\"Beduka\",\"url\":\"https:\/\/beduka.com\/blog\/\",\"logo\":{\"@type\":\"ImageObject\",\"inLanguage\":\"pt-BR\",\"@id\":\"https:\/\/beduka.com\/blog\/#\/schema\/logo\/image\/\",\"url\":\"https:\/\/beduka.com\/blog\/wp-content\/uploads\/2020\/06\/marca-beduka.png\",\"contentUrl\":\"https:\/\/beduka.com\/blog\/wp-content\/uploads\/2020\/06\/marca-beduka.png\",\"width\":1077,\"height\":368,\"caption\":\"Beduka\"},\"image\":{\"@id\":\"https:\/\/beduka.com\/blog\/#\/schema\/logo\/image\/\"},\"sameAs\":[\"https:\/\/www.facebook.com\/beduka.buscadordefaculdades\/\",\"https:\/\/www.instagram.com\/beduka_oficial\/\",\"https:\/\/www.linkedin.com\/company\/beduka\",\"https:\/\/br.pinterest.com\/bedukaoficial\/\",\"https:\/\/www.youtube.com\/beduka\"]},{\"@type\":\"Person\",\"@id\":\"https:\/\/beduka.com\/blog\/#\/schema\/person\/a642c9aad29bdea97a352689b053f80f\",\"name\":\"Reda\u00e7\u00e3o Beduka\",\"image\":{\"@type\":\"ImageObject\",\"inLanguage\":\"pt-BR\",\"@id\":\"https:\/\/beduka.com\/blog\/#\/schema\/person\/image\/\",\"url\":\"https:\/\/secure.gravatar.com\/avatar\/e1048f81c33ef0938237fc66bb9a208d?s=96&d=mm&r=g\",\"contentUrl\":\"https:\/\/secure.gravatar.com\/avatar\/e1048f81c33ef0938237fc66bb9a208d?s=96&d=mm&r=g\",\"caption\":\"Reda\u00e7\u00e3o Beduka\"},\"description\":\"Este conte\u00fado foi criado e validado por uma equipe multidisciplinar, formada por especialistas em cada \u00e1rea do conhecimento. O Beduka est\u00e1 presente no Instagram, YouTube, LinkedIn e em diversos outros ambientes digitais. O site foi criado em 2017 e, desde a sua funda\u00e7\u00e3o, atua para fornecer materiais de qualidade para facilitar a vida de estudantes de todo o Brasil, ajudando-os a se preparar para os principais vestibulares e o Enem.\",\"sameAs\":[\"https:\/\/www.facebook.com\/beduka.buscadordefaculdades\",\"https:\/\/www.instagram.com\/beduka_oficial\/\",\"https:\/\/br.pinterest.com\/bedukaoficial\/\"],\"url\":\"https:\/\/beduka.com\/blog\/author\/dioney\/\"}]}<\/script>\n<!-- \/ Yoast SEO plugin. -->","yoast_head_json":{"title":"Bolsista do Prouni pode trancar a faculdade? Veja todas as regras!","description":"Ganhou uma bolsa mas tem dificuldade de conciliar sua vida com os estudos? Veja se o bolsista do Prouni pode trancar a faculdade e como fazer.","robots":{"index":"index","follow":"follow","max-snippet":"max-snippet:-1","max-image-preview":"max-image-preview:large","max-video-preview":"max-video-preview:-1"},"canonical":"https:\/\/beduka.com\/blog\/prouni\/bolsista-do-prouni-trancar-faculdade\/","og_locale":"pt_BR","og_type":"article","og_title":"Bolsista do Prouni pode trancar a faculdade? Veja todas as regras!","og_description":"Ganhou uma bolsa mas tem dificuldade de conciliar sua vida com os estudos? Veja se o bolsista do Prouni pode trancar a faculdade e como fazer.","og_url":"https:\/\/beduka.com\/blog\/prouni\/bolsista-do-prouni-trancar-faculdade\/","og_site_name":"Blog do Beduka | Mat\u00e9rias resumidas, Dicas e Exerc\u00edcios Enem","article_publisher":"https:\/\/www.facebook.com\/beduka.buscadordefaculdades\/","article_author":"https:\/\/www.facebook.com\/beduka.buscadordefaculdades","article_published_time":"2021-12-30T16:30:35+00:00","article_modified_time":"2023-12-06T19:15:30+00:00","og_image":[{"width":609,"height":342,"url":"https:\/\/beduka.com\/blog\/wp-content\/uploads\/2023\/12\/bolsista-do-prouni-pode-trancar-faculdade.webp","type":"image\/webp"}],"author":"Reda\u00e7\u00e3o Beduka","twitter_card":"summary_large_image","twitter_misc":{"Escrito por":"Reda\u00e7\u00e3o Beduka","Est. tempo de leitura":"6 minutos"},"schema":{"@context":"https:\/\/schema.org","@graph":[{"@type":"Article","@id":"https:\/\/beduka.com\/blog\/prouni\/bolsista-do-prouni-trancar-faculdade\/#article","isPartOf":{"@id":"https:\/\/beduka.com\/blog\/prouni\/bolsista-do-prouni-trancar-faculdade\/"},"author":{"name":"Reda\u00e7\u00e3o Beduka","@id":"https:\/\/beduka.com\/blog\/#\/schema\/person\/a642c9aad29bdea97a352689b053f80f"},"headline":"Bolsista do Prouni pode trancar a faculdade? Veja todas as regras!","datePublished":"2021-12-30T16:30:35+00:00","dateModified":"2023-12-06T19:15:30+00:00","mainEntityOfPage":{"@id":"https:\/\/beduka.com\/blog\/prouni\/bolsista-do-prouni-trancar-faculdade\/"},"wordCount":991,"commentCount":0,"publisher":{"@id":"https:\/\/beduka.com\/blog\/#organization"},"keywords":["prouni","Prouni 2024"],"articleSection":["Prouni 2024"],"inLanguage":"pt-BR","potentialAction":[{"@type":"CommentAction","name":"Comment","target":["https:\/\/beduka.com\/blog\/prouni\/bolsista-do-prouni-trancar-faculdade\/#respond"]}]},{"@type":"WebPage","@id":"https:\/\/beduka.com\/blog\/prouni\/bolsista-do-prouni-trancar-faculdade\/","url":"https:\/\/beduka.com\/blog\/prouni\/bolsista-do-prouni-trancar-faculdade\/","name":"Bolsista do Prouni pode trancar a faculdade? Veja todas as regras!","isPartOf":{"@id":"https:\/\/beduka.com\/blog\/#website"},"datePublished":"2021-12-30T16:30:35+00:00","dateModified":"2023-12-06T19:15:30+00:00","description":"Ganhou uma bolsa mas tem dificuldade de conciliar sua vida com os estudos? Veja se o bolsista do Prouni pode trancar a faculdade e como fazer.","breadcrumb":{"@id":"https:\/\/beduka.com\/blog\/prouni\/bolsista-do-prouni-trancar-faculdade\/#breadcrumb"},"inLanguage":"pt-BR","potentialAction":[{"@type":"ReadAction","target":["https:\/\/beduka.com\/blog\/prouni\/bolsista-do-prouni-trancar-faculdade\/"]}]},{"@type":"BreadcrumbList","@id":"https:\/\/beduka.com\/blog\/prouni\/bolsista-do-prouni-trancar-faculdade\/#breadcrumb","itemListElement":[{"@type":"ListItem","position":1,"name":"Home","item":"https:\/\/beduka.com\/blog\/"},{"@type":"ListItem","position":2,"name":"Bolsista do Prouni pode trancar a faculdade? Veja todas as regras!"}]},{"@type":"WebSite","@id":"https:\/\/beduka.com\/blog\/#website","url":"https:\/\/beduka.com\/blog\/","name":"Blog do Beduka | Mat\u00e9rias resumidas, Dicas e Exerc\u00edcios Enem","description":"O Blog do Beduka tem os conte\u00fados que mais caem no Enem, exerc\u00edcios de vestibular com gabarito, resumos, dicas e informa\u00e7\u00f5es Sisu, Prouni e Fies.Encontre dicas para o ENEM, resumos, exerc\u00edcios e informa\u00e7\u00f5es sobre os vestibulares. Acesse agora!","publisher":{"@id":"https:\/\/beduka.com\/blog\/#organization"},"potentialAction":[{"@type":"SearchAction","target":{"@type":"EntryPoint","urlTemplate":"https:\/\/beduka.com\/blog\/?s={search_term_string}"},"query-input":"required name=search_term_string"}],"inLanguage":"pt-BR"},{"@type":"Organization","@id":"https:\/\/beduka.com\/blog\/#organization","name":"Beduka","url":"https:\/\/beduka.com\/blog\/","logo":{"@type":"ImageObject","inLanguage":"pt-BR","@id":"https:\/\/beduka.com\/blog\/#\/schema\/logo\/image\/","url":"https:\/\/beduka.com\/blog\/wp-content\/uploads\/2020\/06\/marca-beduka.png","contentUrl":"https:\/\/beduka.com\/blog\/wp-content\/uploads\/2020\/06\/marca-beduka.png","width":1077,"height":368,"caption":"Beduka"},"image":{"@id":"https:\/\/beduka.com\/blog\/#\/schema\/logo\/image\/"},"sameAs":["https:\/\/www.facebook.com\/beduka.buscadordefaculdades\/","https:\/\/www.instagram.com\/beduka_oficial\/","https:\/\/www.linkedin.com\/company\/beduka","https:\/\/br.pinterest.com\/bedukaoficial\/","https:\/\/www.youtube.com\/beduka"]},{"@type":"Person","@id":"https:\/\/beduka.com\/blog\/#\/schema\/person\/a642c9aad29bdea97a352689b053f80f","name":"Reda\u00e7\u00e3o Beduka","image":{"@type":"ImageObject","inLanguage":"pt-BR","@id":"https:\/\/beduka.com\/blog\/#\/schema\/person\/image\/","url":"https:\/\/secure.gravatar.com\/avatar\/e1048f81c33ef0938237fc66bb9a208d?s=96&d=mm&r=g","contentUrl":"https:\/\/secure.gravatar.com\/avatar\/e1048f81c33ef0938237fc66bb9a208d?s=96&d=mm&r=g","caption":"Reda\u00e7\u00e3o Beduka"},"description":"Este conte\u00fado foi criado e validado por uma equipe multidisciplinar, formada por especialistas em cada \u00e1rea do conhecimento. O Beduka est\u00e1 presente no Instagram, YouTube, LinkedIn e em diversos outros ambientes digitais. O site foi criado em 2017 e, desde a sua funda\u00e7\u00e3o, atua para fornecer materiais de qualidade para facilitar a vida de estudantes de todo o Brasil, ajudando-os a se preparar para os principais vestibulares e o Enem.","sameAs":["https:\/\/www.facebook.com\/beduka.buscadordefaculdades","https:\/\/www.instagram.com\/beduka_oficial\/","https:\/\/br.pinterest.com\/bedukaoficial\/"],"url":"https:\/\/beduka.com\/blog\/author\/dioney\/"}]}},"_links":{"self":[{"href":"https:\/\/beduka.com\/blog\/wp-json\/wp\/v2\/posts\/24251"}],"collection":[{"href":"https:\/\/beduka.com\/blog\/wp-json\/wp\/v2\/posts"}],"about":[{"href":"https:\/\/beduka.com\/blog\/wp-json\/wp\/v2\/types\/post"}],"author":[{"embeddable":true,"href":"https:\/\/beduka.com\/blog\/wp-json\/wp\/v2\/users\/18"}],"replies":[{"embeddable":true,"href":"https:\/\/beduka.com\/blog\/wp-json\/wp\/v2\/comments?post=24251"}],"version-history":[{"count":5,"href":"https:\/\/beduka.com\/blog\/wp-json\/wp\/v2\/posts\/24251\/revisions"}],"predecessor-version":[{"id":32353,"href":"https:\/\/beduka.com\/blog\/wp-json\/wp\/v2\/posts\/24251\/revisions\/32353"}],"wp:featuredmedia":[{"embeddable":true,"href":"https:\/\/beduka.com\/blog\/wp-json\/wp\/v2\/media\/32358"}],"wp:attachment":[{"href":"https:\/\/beduka.com\/blog\/wp-json\/wp\/v2\/media?parent=24251"}],"wp:term":[{"taxonomy":"category","embeddable":true,"href":"https:\/\/beduka.com\/blog\/wp-json\/wp\/v2\/categories?post=24251"},{"taxonomy":"post_tag","embeddable":true,"href":"https:\/\/beduka.com\/blog\/wp-json\/wp\/v2\/tags?post=24251"}],"curies":[{"name":"wp","href":"https:\/\/api.w.org\/{rel}","templated":true}]}}