{"id":24847,"date":"2022-02-28T16:41:30","date_gmt":"2022-02-28T19:41:30","guid":{"rendered":"https:\/\/beduka.com\/blog\/?p=24847"},"modified":"2022-02-28T16:41:31","modified_gmt":"2022-02-28T19:41:31","slug":"questoes-sobre-carlos-drummond-de-andrade","status":"publish","type":"post","link":"https:\/\/beduka.com\/blog\/exercicios\/questoes-sobre-carlos-drummond-de-andrade\/","title":{"rendered":"As 10 melhores quest\u00f5es sobre Carlos Drummond de Andrade com gabarito!"},"content":{"rendered":"\n<blockquote class=\"wp-block-quote\"><p><strong><em>Considerado um dos mais importantes escritores brasileiros do s\u00e9culo XX, a poesia de Carlos Drummond de Andrade costuma aparecer com frequ\u00eancia no Enem e demais Vestibulares. Neste artigo, voc\u00ea conhecer\u00e1 um pouco mais a respeito da figura do poeta e suas obras, al\u00e9m de conferir as melhores quest\u00f5es sobre Carlos Drummond de Andrade!<\/em><\/strong><\/p><\/blockquote>\n\n\n\n<p>Se quiser ir diretamente para alguma parte do texto, <strong>clique em um dos t\u00f3picos abaixo:<\/strong><\/p>\n\n\n\n<ul><li><a href=\"#quem-foi-carlos-drummond-de-andrade\" data-type=\"internal\" data-id=\"#quem-foi-carlos-drummond-de-andrade\">Quem foi Carlos Drummond de Andrade?<\/a><\/li><li><a href=\"#principais-caracter\u00edsticas-e-obras-de-carlos-drummond-de-andrade\" data-type=\"internal\" data-id=\"#principais-caracter\u00edsticas-e-obras-de-carlos-drummond-de-andrade\">Principais caracter\u00edsticas e obras de Carlos Drummond de Andrade<\/a><\/li><li><a href=\"#quest\u00f5es-sobre-carlos-drummond-de-andrade\" data-type=\"internal\" data-id=\"#quest\u00f5es-sobre-carlos-drummond-de-andrade\">Quest\u00f5es sobre Carlos Drummond de Andrade<\/a><\/li><li><a href=\"#gabarito-das-quest\u00f5es-sobre-carlos-drummond-de-andrade\" data-type=\"internal\" data-id=\"#gabarito-das-quest\u00f5es-sobre-carlos-drummond-de-andrade\">Gabarito das quest\u00f5es sobre Carlos Drummond de Andrade<\/a><\/li><li><a href=\"#fa\u00e7a-faculdade-com-bolsa\" data-type=\"internal\" data-id=\"#fa\u00e7a-faculdade-com-bolsa\">Fa\u00e7a faculdade com bolsa!<\/a><\/li><\/ul>\n\n\n\n<p>Resolva outros exerc\u00edcios sobre literatura no <a href=\"https:\/\/beduka.com\/simulado-enem\/#\/\" target=\"_blank\" rel=\"noreferrer noopener\"><strong>Simulado Enem do Beduka<\/strong><\/a>, \u00e9 gratuito!<\/p>\n\n\n\n<h2 class=\"wp-block-heading\" id=\"quem-foi-carlos-drummond-de-andrade\">Quem foi Carlos Drummond de Andrade?<\/h2>\n\n\n\n<p><a href=\"https:\/\/beduka.com\/blog\/materias\/literatura\/quem-foi-carlos-drummond-de-andrade\/\" data-type=\"URL\" data-id=\"https:\/\/beduka.com\/blog\/materias\/literatura\/quem-foi-carlos-drummond-de-andrade\/\" target=\"_blank\" rel=\"noreferrer noopener\">Carlos Drummond de Andrade<\/a> nasceu na cidade de Itabira do Mato Dentro em Minas Gerais, no ano de 1902.<\/p>\n\n\n\n<p>Filho de fazendeiros, durante sua adolesc\u00eancia foi estudar em col\u00e9gios internos em Belo Horizonte e logo ap\u00f3s em Nova Friburgo, no Rio de Janeiro.<\/p>\n\n\n\n<p>Depois de se formar no Rio, <strong>voltou para Belo Horizonte, onde come\u00e7ou sua carreira como escritor <\/strong>no Di\u00e1rio de Minas em 1921.<\/p>\n\n\n\n<p>Em 1928, <strong>a publica\u00e7\u00e3o da poesia \u201cNo Meio do Caminho\u201d <\/strong>na Revista de Antropofagia de S\u00e3o Paulo,<strong> mudou os rumos de sua carreira.&nbsp;<\/strong><\/p>\n\n\n\n<p>A obra foi<strong> criticada pela imprensa<\/strong> por conta de sua<strong> constru\u00e7\u00e3o repetitiva e estrofes diferenciadas<\/strong>, ganhou repercuss\u00e3o e foi apontada como uma<strong> forma de provoca\u00e7\u00e3o na \u00e9poca.<\/strong><\/p>\n\n\n\n<p>No ano de 1942, o autor publicou<strong> seu primeiro livro de prosa \u201cConfiss\u00f5es de Minas\u201d<\/strong>. A partir dos anos 60 come\u00e7ou a escrever para jornais do Rio de Janeiro e passou a dedicar-se \u00e0 produ\u00e7\u00e3o de cr\u00f4nicas e poesias.<\/p>\n\n\n\n<h2 class=\"wp-block-heading\" id=\"principais-caracter\u00edsticas-e-obras-de-carlos-drummond-de-andrade\">Principais caracter\u00edsticas e obras de Carlos Drummond de Andrade<\/h2>\n\n\n\n<p>Carlos Drummond de Andrade \u00e9 considerado um dos <strong>maiores poetas do s\u00e9culo XX.<\/strong> O escritor pertenceu \u00e0 segunda gera\u00e7\u00e3o do <a href=\"https:\/\/beduka.com\/blog\/materias\/literatura\/resumo-do-modernismo\/\" target=\"_blank\" rel=\"noreferrer noopener\"><strong>Modernismo Brasileiro<\/strong><\/a><strong>.<\/strong><\/p>\n\n\n\n<ul><li><a href=\"https:\/\/beduka.com\/blog\/materias\/principais-autores-do-modernismo\/\" target=\"_blank\" rel=\"noreferrer noopener\"><strong>Conhe\u00e7a os principais autores do Modernismo Brasileiro e suas obras!<\/strong><\/a><\/li><\/ul>\n\n\n\n<p>O estilo po\u00e9tico do autor ficou marcado pelas<strong> observa\u00e7\u00f5es do cotidiano misturadas com tra\u00e7os de ironia, pessimismo e humor.<\/strong><\/p>\n\n\n\n<p>Em sua obra liter\u00e1ria est\u00e3o, al\u00e9m dos poemas, cr\u00f4nicas, contos, ensaios e literatura infanto-juvenil.<\/p>\n\n\n\n<p><strong>Entre suas principais obras est\u00e3o:<\/strong><\/p>\n\n\n\n<ul><li><a href=\"https:\/\/beduka.com\/blog\/materias\/literatura\/resumo-de-alguma-poesia-de-carlos-drummond-de-andrade\/\" target=\"_blank\" rel=\"noreferrer noopener\"><strong>Alguma Poesia<\/strong><\/a> (1930)<\/li><li>Sentimento do Mundo (1934)<\/li><li>A Rosa do Povo (1945)<\/li><li><a href=\"https:\/\/beduka.com\/blog\/materias\/literatura\/resumo-de-claro-enigma\/\" target=\"_blank\" rel=\"noreferrer noopener\"><strong>Claro Enigma<\/strong><\/a> (1951)<\/li><li>Antologia Po\u00e9tica (1962)<\/li><li>Poemas (1971)<\/li><\/ul>\n\n\n\n<p>Confira a seguir as<strong> melhores quest\u00f5es sobre Carlos Drummond de Andrade<\/strong>, com gabarito!<\/p>\n\n\n\n<h2 class=\"wp-block-heading\" id=\"quest\u00f5es-sobre-carlos-drummond-de-andrade\">Quest\u00f5es sobre Carlos Drummond de Andrade<\/h2>\n\n\n\n<p><strong>Quest\u00e3o 1 &#8211; (<\/strong><a href=\"https:\/\/enem.inep.gov.br\/participante\/#!\/\" target=\"_blank\" rel=\"noreferrer noopener\"><strong>ENEM<\/strong><\/a><strong>)<\/strong><\/p>\n\n\n\n<p><strong><em>Aquele b\u00eabado<\/em><\/strong><\/p>\n\n\n\n<p><em>\u2014 Juro nunca mais beber \u2014 e fez o sinal da cruz com os indicadores. Acrescentou: \u2014 \u00c1lcool.<\/em><\/p>\n\n\n\n<p><em>O mais ele achou que podia beber. Bebia paisagens, m\u00fasicas de Tom Jobim, versos de M\u00e1rio Quintana. Tomou um pileque de Segall. Nos fins de semana, embebedava-se de \u00cdndia Reclinada, de Celso Ant\u00f4nio.<\/em><\/p>\n\n\n\n<p><em>\u2014 Curou-se 100% do v\u00edcio \u2014 comentavam os amigos.<\/em><\/p>\n\n\n\n<p><em>S\u00f3 ele sabia que andava mais b\u00eabado que um gamb\u00e1. Morreu de etilismo abstrato, no meio de uma carraspana de p\u00f4r do sol no Leblon, e seu f\u00e9retro ostentava in\u00fameras coroas de ex-alco\u00f3latras an\u00f4nimos.<\/em><\/p>\n\n\n\n<p>ANDRADE, C. D. Contos plaus\u00edveis. Rio de Janeiro: Record, 1991.<\/p>\n\n\n\n<p>A <em>causa mortis <\/em>do personagem, expressa no \u00faltimo par\u00e1grafo, adquire um efeito ir\u00f4nico no texto porque, ao longo da narrativa, ocorre uma<\/p>\n\n\n\n<p><strong>a)<\/strong> metaforiza\u00e7\u00e3o do sentido literal do verbo \u201cbeber\u201d.<\/p>\n\n\n\n<p><strong>b)<\/strong> aproxima\u00e7\u00e3o exagerada da est\u00e9tica abstracionista.<\/p>\n\n\n\n<p><strong>c) <\/strong>apresenta\u00e7\u00e3o gradativa da coloquialidade da linguagem.<\/p>\n\n\n\n<p><strong>d)<\/strong> explora\u00e7\u00e3o hiperb\u00f3lica da express\u00e3o \u201cin\u00fameras coroas\u201d.<\/p>\n\n\n\n<p><strong>e)<\/strong> cita\u00e7\u00e3o aleat\u00f3ria de nomes de diferentes artistas.<\/p>\n\n\n\n<p><strong>Quest\u00e3o 2 &#8211; (<\/strong><a href=\"https:\/\/www.ufn.edu.br\/site\/\" target=\"_blank\" rel=\"noreferrer noopener\"><strong>UFN<\/strong><\/a><strong>)<\/strong><\/p>\n\n\n\n<p>Poeta que fala com humor e ironia da mediocridade da \u201cvida besta\u201d que permeia o cotidiano e cujas obras A Rosa do Povo e Claro Enigma s\u00e3o marcadas por vigoroso esp\u00edrito de s\u00edntese e pelo sentido tr\u00e1gico da exist\u00eancia humana. Esse poeta \u00e9<\/p>\n\n\n\n<p><strong>a)<\/strong> Vin\u00edcius de Moraes.<\/p>\n\n\n\n<p><strong>b)<\/strong> Carlos Drummond de Andrade.<\/p>\n\n\n\n<p><strong>c)<\/strong> Olavo Bilac.<\/p>\n\n\n\n<p><strong>d)<\/strong> M\u00e1rio de Andrade.<\/p>\n\n\n\n<p><strong>e)<\/strong> Murilo Mendes.<\/p>\n\n\n\n<p><strong>Quest\u00e3o 3 &#8211; (<\/strong><a href=\"https:\/\/univesp.br\/\" target=\"_blank\" rel=\"noreferrer noopener\"><strong>UNIVESP<\/strong><\/a><strong>)\u00a0<\/strong><\/p>\n\n\n\n<p>Leia o poema para responder \u00e0 quest\u00e3o.<\/p>\n\n\n\n<p><strong>Amar<\/strong><\/p>\n\n\n\n<p>Que pode uma criatura sen\u00e3o,<\/p>\n\n\n\n<p>Entre criaturas, amar?<\/p>\n\n\n\n<p>Amar e esquecer, amar e malamar,<\/p>\n\n\n\n<p>Amar, desamar, amar?<\/p>\n\n\n\n<p>Sempre, e at\u00e9 de olhos vidrados, amar?<\/p>\n\n\n\n<p>Que pode, pergunto, o ser amoroso,<\/p>\n\n\n\n<p>Sozinho, em rota\u00e7\u00e3o universal,<\/p>\n\n\n\n<p>Sen\u00e3o rodar tamb\u00e9m, e amar?<\/p>\n\n\n\n<p>Amar o que o mar traz \u00e0 praia,<\/p>\n\n\n\n<p>O que ele sepulta, e o que, na brisa marinha,<\/p>\n\n\n\n<p>\u00c9 sal, ou precis\u00e3o de amor, ou simples \u00e2nsia?<\/p>\n\n\n\n<p>Amar solenemente as palmas do deserto,<\/p>\n\n\n\n<p>O que \u00e9 entrega ou adora\u00e7\u00e3o expectante,<\/p>\n\n\n\n<p>E amar o in\u00f3spito, o cru,<\/p>\n\n\n\n<p>Um vaso sem flor, um ch\u00e3o de ferro,<\/p>\n\n\n\n<p>E o peito inerte, e a rua vista em sonho, e<\/p>\n\n\n\n<p>Uma ave de rapina.<\/p>\n\n\n\n<p>Este o nosso destino: amor sem conta,<\/p>\n\n\n\n<p>Distribu\u00eddo pelas coisas p\u00e9rfidas ou nulas,<\/p>\n\n\n\n<p>Doa\u00e7\u00e3o ilimitada a uma completa ingratid\u00e3o,<\/p>\n\n\n\n<p>E na concha vazia do amor a procura medrosa,<\/p>\n\n\n\n<p>Paciente, de mais e mais amor.<\/p>\n\n\n\n<p>Amar a nossa falta mesma de amor,<\/p>\n\n\n\n<p>E na secura nossa amar a \u00e1gua impl\u00edcita,<\/p>\n\n\n\n<p>E o beijo t\u00e1cito, e a sede infinita.<\/p>\n\n\n\n<p>\u2013 Carlos Drummond de Andrade, em \u201cClaro enigma\u201d. 1951.<\/p>\n\n\n\n<p>A respeito do termo malamar, presente na primeira estrofe do poema, pode-se afirmar corretamente que trata-se de<\/p>\n\n\n\n<p><strong>a) <\/strong>Um verbo muito usado na linguagem mais formal, caracter\u00edstica do autor.<\/p>\n\n\n\n<p><strong>b)<\/strong> Um adv\u00e9rbio de lugar, referente \u00e0 localiza\u00e7\u00e3o pr\u00f3xima ao mar.<\/p>\n\n\n\n<p><strong>c) <\/strong>Um adjetivo que qualifica a forma de amar t\u00edpica do poeta.<\/p>\n\n\n\n<p><strong>d)<\/strong> Um neologismo, palavra criada por Drummond pela jun\u00e7\u00e3o do verbo amar e do adv\u00e9rbio de modo mal.<\/p>\n\n\n\n<p><strong>e)<\/strong> Um voc\u00e1bulo que Drummond tomou emprestado da l\u00edngua italiana, recurso recorrente na obra do autor.<\/p>\n\n\n\n<p>Opa, j\u00e1 foram tr\u00eas das quest\u00f5es sobre Carlos Drummond de Andrade. Voc\u00ea est\u00e1 indo bem!<\/p>\n\n\n\n<p><strong>Quest\u00e3o 4 &#8211; (<\/strong><a href=\"https:\/\/www1.uea.edu.br\/\" target=\"_blank\" rel=\"noreferrer noopener\"><strong>UEA<\/strong><\/a><strong>)\u00a0<\/strong><\/p>\n\n\n\n<p><strong>Legado<\/strong><\/p>\n\n\n\n<p>Que lembran\u00e7a darei ao pa\u00eds que me deu<\/p>\n\n\n\n<p>Tudo que lembro e sei, tudo quanto senti?<\/p>\n\n\n\n<p>Na noite do sem fim, breve o tempo esqueceu<\/p>\n\n\n\n<p>Minha incerta medalha, e a meu nome se ri.<\/p>\n\n\n\n<p>E mere\u00e7o esperar mais do que os outros, eu?<\/p>\n\n\n\n<p>Tu n\u00e3o me enganas, mundo, e n\u00e3o te engano a ti.<\/p>\n\n\n\n<p>Esses monstros atuais, n\u00e3o os cativa Orfeu,<\/p>\n\n\n\n<p>A vagar, taciturno, entre o talvez e o se.<\/p>\n\n\n\n<p>N\u00e3o deixarei de mim nenhum canto radioso,<\/p>\n\n\n\n<p>Uma voz matinal palpitando na bruma<\/p>\n\n\n\n<p>E que arranque de algu\u00e9m seu mais secreto espinho.<\/p>\n\n\n\n<p>De tudo quanto foi meu passo caprichoso<\/p>\n\n\n\n<p>Na vida, restar\u00e1, pois o resto se esfuma,<\/p>\n\n\n\n<p>Uma pedra que havia em meio do caminho.<\/p>\n\n\n\n<p>(Carlos Drummond de Andrade. Claro enigma, 2012.)<\/p>\n\n\n\n<p>Considerando que pleonasmo constitui \u201credund\u00e2ncia de express\u00e3o, em que um termo repete o que outro j\u00e1 exprimiu\u201d, indique o verso em que tal figura de sintaxe se manifesta.<\/p>\n\n\n\n<p><strong>a)<\/strong> \u201cNa noite do sem fim, breve o tempo esqueceu\u201d<\/p>\n\n\n\n<p><strong>b)<\/strong> \u201cMinha incerta medalha, e a meu nome se ri.\u201d<\/p>\n\n\n\n<p><strong>c) <\/strong>\u201cTudo que lembro e sei, tudo quanto senti?\u201d<\/p>\n\n\n\n<p><strong>d)<\/strong> \u201cTu n\u00e3o me enganas, mundo, e n\u00e3o te engano a ti.\u201d<\/p>\n\n\n\n<p><strong>e)<\/strong> \u201cUma pedra que havia em meio do caminho.\u201d<\/p>\n\n\n\n<p><strong>Quest\u00e3o 5 &#8211;\u00a0 (<\/strong><a href=\"http:\/\/www.ita.br\/\" target=\"_blank\" rel=\"noreferrer noopener\"><strong>ITA<\/strong><\/a><strong>)\u00a0<\/strong><\/p>\n\n\n\n<p>O livro \u201cClaro Enigma\u201d, uma das obras mais importantes de Carlos Drummond de Andrade, foi editado em 1951.<\/p>\n\n\n\n<p><strong>Mem\u00f3ria<\/strong><\/p>\n\n\n\n<p>Amar o perdido<\/p>\n\n\n\n<p>Deixa confundido<\/p>\n\n\n\n<p>Este cora\u00e7\u00e3o.<\/p>\n\n\n\n<p>Nada pode o olvido<\/p>\n\n\n\n<p>Contra o sem sentido<\/p>\n\n\n\n<p>Apelo do N\u00e3o.<\/p>\n\n\n\n<p>As coisas tang\u00edveis<\/p>\n\n\n\n<p>Tornam-se insens\u00edveis<\/p>\n\n\n\n<p>\u00c0 palma da m\u00e3o.<\/p>\n\n\n\n<p>Mas as coisas findas,<\/p>\n\n\n\n<p>Muito mais que lindas,<\/p>\n\n\n\n<p>Essas ficar\u00e3o.<\/p>\n\n\n\n<p>(ANDRADE, Carlos Drummond de. \u201cClaro Enigma\u201d, Rio de Janeiro: Record, 1991.)<\/p>\n\n\n\n<p>Sobre esse texto, \u00e9 correto dizer que<\/p>\n\n\n\n<p><strong>a)<\/strong> A passagem do tempo acaba por apagar da mem\u00f3ria praticamente todas as lembran\u00e7as humanas; quase nada permanece.<\/p>\n\n\n\n<p><strong>b)<\/strong> A mem\u00f3ria de cada pessoa \u00e9 marcada exclusivamente por aqueles fatos de grande impacto emocional; tudo o mais se perde.<\/p>\n\n\n\n<p><strong>c)<\/strong> A passagem do tempo apaga muitas coisas, mas a mem\u00f3ria afetiva registra as coisas que emocionalmente t\u00eam import\u00e2ncia; essas permanecem.<\/p>\n\n\n\n<p><strong>d)<\/strong> A passagem do tempo atinge as lembran\u00e7as humanas da mesma forma que envelhece e destr\u00f3i o mundo material; nada permanece.<\/p>\n\n\n\n<p><strong>e)<\/strong> O homem n\u00e3o tem alternativa contra a passagem do tempo, pois o tempo apaga tudo; a mem\u00f3ria nada pode; tudo se perde.<\/p>\n\n\n\n<p>Metade das quest\u00f5es sobre Carlos Drummond de Andrade respondidas! Vamos l\u00e1! Mais cinco pela frente!<\/p>\n\n\n\n<p><strong>Quest\u00e3o 6 &#8211; (<\/strong><a href=\"https:\/\/portal.fgv.br\/\" target=\"_blank\" rel=\"noreferrer noopener\"><strong>FGV-SP<\/strong><\/a><strong>)<\/strong><\/p>\n\n\n\n<p>Texto para a quest\u00e3o<\/p>\n\n\n\n<p>Um boi v\u00ea os homens<\/p>\n\n\n\n<p>T\u00e3o delicados (mais que um arbusto) e correm<\/p>\n\n\n\n<p>E correm de um para outro lado, sempre esquecidos<\/p>\n\n\n\n<p>De alguma coisa. Certamente, falta-lhes<\/p>\n\n\n\n<p>N\u00e3o sei que atributo essencial, posto se apresentem nobres<\/p>\n\n\n\n<p>E graves, por vezes. Ah, espantosamente graves,<\/p>\n\n\n\n<p>At\u00e9 sinistros. Coitados, dir-se-ia n\u00e3o escutam<\/p>\n\n\n\n<p>Nem o canto do ar nem os segredos do feno,<\/p>\n\n\n\n<p>Como tamb\u00e9m parecem n\u00e3o enxergar o que \u00e9 vis\u00edvel<\/p>\n\n\n\n<p>E comum a cada um de n\u00f3s, no espa\u00e7o. E ficam tristes<\/p>\n\n\n\n<p>E no rasto da tristeza chegam \u00e0 crueldade.<\/p>\n\n\n\n<p>(&#8230;)<\/p>\n\n\n\n<p>Carlos Drummond de Andrade, Claro enigma.<\/p>\n\n\n\n<p>O fato de trazer o boi como sua refer\u00eancia primordial vincula mais diretamente o poema \u00e0 seguinte linha tem\u00e1tica, dentre as que comp\u00f5em o livro <em>Claro enigma<\/em>:<\/p>\n\n\n\n<p><strong>a)<\/strong> Cr\u00edtica do engajamento pol\u00edtico.<\/p>\n\n\n\n<p><strong>b)<\/strong> Mem\u00f3ria do passado mineiro do poeta.<\/p>\n\n\n\n<p><strong>c)<\/strong> Metalinguagem, como cr\u00edtica do fazer po\u00e9tico.<\/p>\n\n\n\n<p><strong>d)<\/strong> Madureza \u2013 ou a experi\u00eancia do envelhecimento.<\/p>\n\n\n\n<p><strong>e)<\/strong> Desilus\u00f5es do amor.<\/p>\n\n\n\n<p><strong>Quest\u00e3o 7 &#8211; (<\/strong><a href=\"https:\/\/portal.fgv.br\/\" target=\"_blank\" rel=\"noreferrer noopener\"><strong>FGV-SP<\/strong><\/a><strong>)\u00a0<\/strong><\/p>\n\n\n\n<p>Considera\u00e7\u00e3o do poema:<\/p>\n\n\n\n<p>N\u00e3o rimarei a palavra sono<\/p>\n\n\n\n<p>Com a incorrespondente palavra outono.<\/p>\n\n\n\n<p>Rimarei com a palavra carne<\/p>\n\n\n\n<p>Ou qualquer outra, que todas me conv\u00eam.<\/p>\n\n\n\n<p>As palavras n\u00e3o nascem amarradas,<\/p>\n\n\n\n<p>Elas saltam, se beijam, se dissolvem,<\/p>\n\n\n\n<p>No c\u00e9u livre por vezes um desenho,<\/p>\n\n\n\n<p>S\u00e3o puras, largas, aut\u00eanticas, indevass\u00e1veis.<\/p>\n\n\n\n<p>Uma pedra no meio do caminho<\/p>\n\n\n\n<p>Ou apenas um rastro, n\u00e3o importa.<\/p>\n\n\n\n<p>Estes poetas s\u00e3o meus. De todo o orgulho,<\/p>\n\n\n\n<p>De toda a precis\u00e3o se incorporam<\/p>\n\n\n\n<p>Ao fatal meu lado esquerdo. Furto a Vinicius<\/p>\n\n\n\n<p>Sua mais l\u00edmpida elegia. Bebo em Murilo.<\/p>\n\n\n\n<p>Que Neruda me d\u00ea sua gravata<\/p>\n\n\n\n<p>Chamejante. Me perco em Apollinaire. Adeus, Maiakovski.<\/p>\n\n\n\n<p>S\u00e3o todos meus irm\u00e3os, n\u00e3o s\u00e3o jornais<\/p>\n\n\n\n<p>Nem deslizar de lancha entre cam\u00e9lias:<\/p>\n\n\n\n<p>\u00c9 toda a minha vida que joguei.<\/p>\n\n\n\n<p>Estes poemas s\u00e3o meus. \u00c9 minha terra<\/p>\n\n\n\n<p>E \u00e9 ainda mais do que ela. \u00c9 qualquer homem<\/p>\n\n\n\n<p>Ao meio-dia em qualquer pra\u00e7a. \u00c9 a lanterna<\/p>\n\n\n\n<p>Em qualquer estalagem, se ainda as h\u00e1.<\/p>\n\n\n\n<p>\u2013 H\u00e1 mortos? h\u00e1 mercados? h\u00e1 doen\u00e7as?<\/p>\n\n\n\n<p>\u00c9 tudo meu. Ser explosivo, sem fronteiras,<\/p>\n\n\n\n<p>Por que falsa mesquinhez me rasgaria?<\/p>\n\n\n\n<p>Que se depositem os beijos na face branca, nas principiantes rugas.<\/p>\n\n\n\n<p>O beijo ainda \u00e9 um sinal, perdido embora,<\/p>\n\n\n\n<p>Da aus\u00eancia de com\u00e9rcio,<\/p>\n\n\n\n<p>Boiando em tempos sujos.<\/p>\n\n\n\n<p>(&#8230;)<\/p>\n\n\n\n<p>Carlos Drummond de Andrade, A rosa do povo.<\/p>\n\n\n\n<p>Em sua considera\u00e7\u00e3o do poema, o poeta reivindica como tra\u00e7o de sua po\u00e9tica, entre outros,<\/p>\n\n\n\n<p><strong>a)<\/strong> O abandono do verso.<\/p>\n\n\n\n<p><strong>b)<\/strong> A intertextualidade.<\/p>\n\n\n\n<p><strong>c)<\/strong> O primado do individualismo.<\/p>\n\n\n\n<p><strong>d)<\/strong> A musicalidade.<\/p>\n\n\n\n<p><strong>e)<\/strong> O didatismo.<\/p>\n\n\n\n<p><strong>Quest\u00e3o 8 &#8211; (<\/strong><a href=\"https:\/\/www.ufrn.br\/\" target=\"_blank\" rel=\"noreferrer noopener\"><strong>UFRN<\/strong><\/a><strong>)\u00a0<\/strong><\/p>\n\n\n\n<p>Leia o poema &#8220;Epis\u00f3dio&#8221;, que integra&nbsp; \u201cA rosa do povo&#8221;, de Carlos Drummond de Andrade, publicado em 1945, num contexto hist\u00f3rico e pol\u00edtico dominado pela ordem social burguesa.<\/p>\n\n\n\n<p>Manh\u00e3 cedo passa<\/p>\n\n\n\n<p>\u00c0 minha porta um boi.<\/p>\n\n\n\n<p>De onde vem ele<\/p>\n\n\n\n<p>Se n\u00e3o h\u00e1 fazendas?<\/p>\n\n\n\n<p>Vem cheirando o tempo<\/p>\n\n\n\n<p>Entre noite e rosa.<\/p>\n\n\n\n<p>Para \u00e0 minha porta<\/p>\n\n\n\n<p>Sua lenta m\u00e1quina.<\/p>\n\n\n\n<p>Alheio \u00e0 pol\u00edcia<\/p>\n\n\n\n<p>Anterior ao tr\u00e1fego<\/p>\n\n\n\n<p>\u00d3 boi, me conquistas<\/p>\n\n\n\n<p>Para outro, teu reino.<\/p>\n\n\n\n<p>Seguro teus chifres:<\/p>\n\n\n\n<p>Eis-me transportado<\/p>\n\n\n\n<p>Sonho e compromisso<\/p>\n\n\n\n<p>Ao Pa\u00eds Profundo.<\/p>\n\n\n\n<p>DRUMMOND, Carlos. Nova reuni\u00e3o: 23 livros de poesia. Rio de Janeiro: Edi\u00e7\u00f5es BestBolso, 2009.&nbsp;<\/p>\n\n\n\n<p>Nesse poema, o eu-l\u00edrico<\/p>\n\n\n\n<p><strong>a)<\/strong> Exalta a experi\u00eancia do universo urbano em detrimento da experi\u00eancia rural.<\/p>\n\n\n\n<p><strong>b)<\/strong> Expressa a contradi\u00e7\u00e3o entre o ritmo da civiliza\u00e7\u00e3o moderna e o ritmo da vida do campo.<\/p>\n\n\n\n<p><strong>c)<\/strong> Exprime inadapta\u00e7\u00e3o ao cotidiano urbano e descontentamento com a experi\u00eancia rural.<\/p>\n\n\n\n<p><strong>d) <\/strong>Fala do cotidiano rural r\u00fastico com o desejo de partir para o espa\u00e7o urbano moderno.<\/p>\n\n\n\n<p><strong>Quest\u00e3o 9 &#8211; (<\/strong><a href=\"https:\/\/www.upf.br\/\" target=\"_blank\" rel=\"noreferrer noopener\"><strong>UPF<\/strong><\/a><strong>)\u00a0<\/strong><\/p>\n\n\n\n<p>Primeiro grande poeta a se afirmar ap\u00f3s as estreias modernistas, Carlos Drummond de Andrade publica, na d\u00e9cada de 1930, os livros Alguma poesia e Brejo das almas, marcados pelo individualismo e pelo humor do poeta gauche. Entretanto, desde Sentimento do mundo, publicado no in\u00edcio da d\u00e9cada de 1940, nota-se a emerg\u00eancia de um(a) ___________ na produ\u00e7\u00e3o do poeta mineiro, e o livro A rosa do povo, de 1945, assinala, justamente, o momento culminante e derradeiro da ___________ de Drummond, composta sob os anos tr\u00e1gicos e sombrios da Segunda Guerra Mundial.<\/p>\n\n\n\n<p>Assinale a alternativa cujas informa\u00e7\u00f5es preenchem corretamente as lacunas do enunciado.<\/p>\n\n\n\n<p><strong>a)<\/strong> Sentimento ufanista \/ poesia nacionalista.<\/p>\n\n\n\n<p><strong>b) <\/strong>Senso participante \/ poesia metaf\u00edsica.<\/p>\n\n\n\n<p><strong>c)<\/strong> Pendor filosofante \/ poesia metaf\u00edsica<\/p>\n\n\n\n<p><strong>d)<\/strong> Sentimento nost\u00e1lgico \/ poesia memorial\u00edstica.<\/p>\n\n\n\n<p><strong>e)<\/strong> Concep\u00e7\u00e3o formalista \/ poesia experimental.<\/p>\n\n\n\n<p>S\u00f3 falta a \u00faltima das quest\u00f5es sobre Carlos Drummond de Andrade. Vamos at\u00e9 o fim!<\/p>\n\n\n\n<p><strong>Quest\u00e3o 10 &#8211; (<\/strong><a href=\"https:\/\/unemat.br\/\" target=\"_blank\" rel=\"noreferrer noopener\"><strong>UNEMAT<\/strong><\/a><strong>)\u00a0<\/strong><\/p>\n\n\n\n<p>No livro Alguma poesia (2010, p. 87), Carlos Drummond de Andrade escreve:<\/p>\n\n\n\n<p><strong>ANEDOTA B\u00daLGARA<\/strong><\/p>\n\n\n\n<p>Era uma vez um czar naturalista<\/p>\n\n\n\n<p>Que ca\u00e7ava homens. Quando lhe disseram que tamb\u00e9m se ca\u00e7am<\/p>\n\n\n\n<p>Borboletas e andorinhas,<\/p>\n\n\n\n<p>Ficou muito espantado<\/p>\n\n\n\n<p>E achou uma barbaridade.<\/p>\n\n\n\n<p>Sobre o poema \u00e9 correto afirmar que:<\/p>\n\n\n\n<p><strong>a)<\/strong> Trata da aliena\u00e7\u00e3o que a literatura provoca nos homens.<\/p>\n\n\n\n<p><strong>b)<\/strong> Discute um assunto muito atual, que \u00e9 a queda das ditaduras no mundo.<\/p>\n\n\n\n<p><strong>c)<\/strong> \u00c9 um protesto contra a destrui\u00e7\u00e3o da natureza.<\/p>\n\n\n\n<p><strong>d)<\/strong> Tem a estrutura dos contos de fadas.<\/p>\n\n\n\n<p><strong>e)<\/strong> Levanta quest\u00f5es de consci\u00eancia e aliena\u00e7\u00e3o.<\/p>\n\n\n\n<p>Parab\u00e9ns! Voc\u00ea fez todas as quest\u00f5es sobre Carlos Drummond de Andrade. Veja o gabarito para confirmar se acertou tudo!<\/p>\n\n\n\n<h2 class=\"wp-block-heading\" id=\"gabarito-das-quest\u00f5es-sobre-carlos-drummond-de-andrade\">Gabarito das quest\u00f5es sobre Carlos Drummond de Andrade<\/h2>\n\n\n\n<p><strong>Exerc\u00edcio resolvido quest\u00e3o 1 &#8211;&nbsp;<\/strong><\/p>\n\n\n\n<p>Alternativa correta: <strong>a)<\/strong> metaforiza\u00e7\u00e3o do sentido literal do verbo \u201cbeber\u201d.<\/p>\n\n\n\n<p><strong>Exerc\u00edcio resolvido quest\u00e3o 2 &#8211;&nbsp;<\/strong><\/p>\n\n\n\n<p>Alternativa correta: <strong>b)<\/strong> Carlos Drummond de Andrade.<\/p>\n\n\n\n<p><strong>Exerc\u00edcio resolvido quest\u00e3o 3 &#8211;&nbsp;<\/strong><\/p>\n\n\n\n<p>Alternativa correta: <strong>d)<\/strong> Um neologismo, palavra criada por Drummond pela jun\u00e7\u00e3o do verbo amar e do adv\u00e9rbio de modo mal.<\/p>\n\n\n\n<p><strong>Exerc\u00edcio resolvido quest\u00e3o 4 &#8211;&nbsp;<\/strong><\/p>\n\n\n\n<p>Alternativa correta: <strong>d)<\/strong> \u201cTu n\u00e3o me enganas, mundo, e n\u00e3o te engano a ti.\u201d<\/p>\n\n\n\n<p><strong>Exerc\u00edcio resolvido quest\u00e3o 5 &#8211;&nbsp;<\/strong><\/p>\n\n\n\n<p>Alternativa correta: <strong>c)<\/strong> A passagem do tempo apaga muitas coisas, mas a mem\u00f3ria afetiva registra as coisas que emocionalmente t\u00eam import\u00e2ncia; essas permanecem.<\/p>\n\n\n\n<p><strong>Exerc\u00edcio resolvido quest\u00e3o 6 &#8211;&nbsp;<\/strong><\/p>\n\n\n\n<p>Alternativa correta: b) Mem\u00f3ria do passado mineiro do poeta.<\/p>\n\n\n\n<p><strong>Exerc\u00edcio resolvido quest\u00e3o 7 &#8211;&nbsp;<\/strong><\/p>\n\n\n\n<p>Alternativa correta: <strong>b)<\/strong> A intertextualidade.<\/p>\n\n\n\n<p><strong>Exerc\u00edcio resolvido quest\u00e3o 8 &#8211;&nbsp;<\/strong><\/p>\n\n\n\n<p>Alternativa correta:<strong>&nbsp; b)<\/strong> Expressa a contradi\u00e7\u00e3o entre o ritmo da civiliza\u00e7\u00e3o moderna e o ritmo da vida do campo.<\/p>\n\n\n\n<p><strong>Exerc\u00edcio resolvido quest\u00e3o 9 &#8211;&nbsp;<\/strong><\/p>\n\n\n\n<p>Alternativa correta: <strong>b) <\/strong>Senso participante \/ poesia metaf\u00edsica.<\/p>\n\n\n\n<p><strong>Exerc\u00edcio resolvido quest\u00e3o 10 &#8211;&nbsp;<\/strong><\/p>\n\n\n\n<p>Alternativa correta: <strong>e)<\/strong> Levanta quest\u00f5es de consci\u00eancia e aliena\u00e7\u00e3o.<\/p>\n\n\n\n<p>Esperamos ter ajudado com a nossa sele\u00e7\u00e3o das <strong>melhores quest\u00f5es sobre Carlos Drummond de Andrade. Bons estudos!<\/strong><\/p>\n\n\n\n<h2 class=\"wp-block-heading\" id=\"fa\u00e7a-faculdade-com-bolsa\">Fa\u00e7a faculdade com bolsa!<\/h2>\n\n\n\n<p><strong>Fa\u00e7a faculdade em uma excelente institui\u00e7\u00e3o de ensino e ainda economize o seu dinheiro!<\/strong><\/p>\n\n\n\n<ul><li><a href=\"https:\/\/beduka.com\/bolsas\" target=\"_blank\" rel=\"noreferrer noopener\"><strong>J\u00e1 conhece o Beduka Bolsas?\u00a0<\/strong><\/a><\/li><\/ul>\n\n\n\n<p>Na plataforma do <strong>Beduka Bolsas<\/strong> voc\u00ea pode comprar uma bolsa de estudos com excelentes descontos na mensalidade.&nbsp;<\/p>\n\n\n\n<p>Al\u00e9m de <strong>escolher entre mais de 90 cursos em uma de nossas 10 universidades parceiras. <\/strong><a href=\"https:\/\/beduka.com\/bolsas\" target=\"_blank\" rel=\"noreferrer noopener\"><strong>Garanta j\u00e1 a sua bolsa!\u00a0<\/strong><\/a><\/p>\n\n\n\n<p><strong>Quer se preparar para o Enem e demais Vestibulares da melhor forma?<\/strong> Receba nossos conte\u00fados di\u00e1rios e gratuitos seguindo o<strong> <\/strong><a href=\"https:\/\/www.instagram.com\/beduka_oficial\/\" target=\"_blank\" rel=\"noreferrer noopener\"><strong>Instagram <\/strong><\/a>e o <a href=\"https:\/\/br.pinterest.com\/bedukaoficial\/\" target=\"_blank\" rel=\"noreferrer noopener\"><strong>Pinterest<\/strong><\/a>! Nessas redes postamos resumos sobre os principais assuntos que podem cair no Enem.<\/p>\n\n\n\n<p>Agradecemos por ter lido at\u00e9 o final!<\/p>\n","protected":false},"excerpt":{"rendered":"<p>Estude com a nossa sele\u00e7\u00e3o das melhores quest\u00f5es sobre Carlos Drummond de Andrade! Conhe\u00e7a mais sobre o autor e suas principais obras neste artigo.<\/p>\n","protected":false},"author":1,"featured_media":24848,"comment_status":"open","ping_status":"closed","sticky":false,"template":"","format":"standard","meta":{"_mi_skip_tracking":false,"_monsterinsights_sitenote_active":false,"_monsterinsights_sitenote_note":"","_monsterinsights_sitenote_category":0},"categories":[568],"tags":[],"yoast_head":"<!-- This site is optimized with the Yoast SEO plugin v20.10 - https:\/\/yoast.com\/wordpress\/plugins\/seo\/ -->\n<title>As 10 melhores quest\u00f5es sobre Carlos Drummond de Andrade<\/title>\n<meta name=\"description\" content=\"Estude com a nossa sele\u00e7\u00e3o das melhores quest\u00f5es sobre Carlos Drummond de Andrade! Conhe\u00e7a mais sobre o autor e suas principais obras neste artigo.\" \/>\n<meta name=\"robots\" content=\"index, follow, max-snippet:-1, max-image-preview:large, max-video-preview:-1\" \/>\n<link rel=\"canonical\" href=\"https:\/\/beduka.com\/blog\/exercicios\/questoes-sobre-carlos-drummond-de-andrade\/\" \/>\n<meta property=\"og:locale\" content=\"pt_BR\" \/>\n<meta property=\"og:type\" content=\"article\" \/>\n<meta property=\"og:title\" content=\"As 10 melhores quest\u00f5es sobre Carlos Drummond de Andrade\" \/>\n<meta property=\"og:description\" content=\"Estude com a nossa sele\u00e7\u00e3o das melhores quest\u00f5es sobre Carlos Drummond de Andrade! Conhe\u00e7a mais sobre o autor e suas principais obras neste artigo.\" \/>\n<meta property=\"og:url\" content=\"https:\/\/beduka.com\/blog\/exercicios\/questoes-sobre-carlos-drummond-de-andrade\/\" \/>\n<meta property=\"og:site_name\" content=\"Blog do Beduka | Mat\u00e9rias resumidas, Dicas e Exerc\u00edcios Enem\" \/>\n<meta property=\"article:publisher\" content=\"https:\/\/www.facebook.com\/beduka.buscadordefaculdades\/\" \/>\n<meta property=\"article:author\" content=\"https:\/\/www.facebook.com\/beduka.buscadordefaculdades\" \/>\n<meta property=\"article:published_time\" content=\"2022-02-28T19:41:30+00:00\" \/>\n<meta property=\"article:modified_time\" content=\"2022-02-28T19:41:31+00:00\" \/>\n<meta property=\"og:image\" content=\"https:\/\/beduka.com\/blog\/wp-content\/uploads\/2022\/02\/As-10-melhores-questoes-sobre-Carlos-Drummond-de-Andrade.jpg\" \/>\n\t<meta property=\"og:image:width\" content=\"609\" \/>\n\t<meta property=\"og:image:height\" content=\"342\" \/>\n\t<meta property=\"og:image:type\" content=\"image\/jpeg\" \/>\n<meta name=\"author\" content=\"Reda\u00e7\u00e3o Beduka (a)\" \/>\n<meta name=\"twitter:card\" content=\"summary_large_image\" \/>\n<meta name=\"twitter:label1\" content=\"Escrito por\" \/>\n\t<meta name=\"twitter:data1\" content=\"Reda\u00e7\u00e3o Beduka (a)\" \/>\n\t<meta name=\"twitter:label2\" content=\"Est. tempo de leitura\" \/>\n\t<meta name=\"twitter:data2\" content=\"13 minutos\" \/>\n<script type=\"application\/ld+json\" class=\"yoast-schema-graph\">{\"@context\":\"https:\/\/schema.org\",\"@graph\":[{\"@type\":\"Article\",\"@id\":\"https:\/\/beduka.com\/blog\/exercicios\/questoes-sobre-carlos-drummond-de-andrade\/#article\",\"isPartOf\":{\"@id\":\"https:\/\/beduka.com\/blog\/exercicios\/questoes-sobre-carlos-drummond-de-andrade\/\"},\"author\":{\"name\":\"Reda\u00e7\u00e3o Beduka (a)\",\"@id\":\"https:\/\/beduka.com\/blog\/#\/schema\/person\/325d912d2cb8dd9ede8ab291427d2b8a\"},\"headline\":\"As 10 melhores quest\u00f5es sobre Carlos Drummond de Andrade com gabarito!\",\"datePublished\":\"2022-02-28T19:41:30+00:00\",\"dateModified\":\"2022-02-28T19:41:31+00:00\",\"mainEntityOfPage\":{\"@id\":\"https:\/\/beduka.com\/blog\/exercicios\/questoes-sobre-carlos-drummond-de-andrade\/\"},\"wordCount\":2657,\"commentCount\":0,\"publisher\":{\"@id\":\"https:\/\/beduka.com\/blog\/#organization\"},\"articleSection\":[\"Exerc\u00edcios\"],\"inLanguage\":\"pt-BR\",\"potentialAction\":[{\"@type\":\"CommentAction\",\"name\":\"Comment\",\"target\":[\"https:\/\/beduka.com\/blog\/exercicios\/questoes-sobre-carlos-drummond-de-andrade\/#respond\"]}]},{\"@type\":\"WebPage\",\"@id\":\"https:\/\/beduka.com\/blog\/exercicios\/questoes-sobre-carlos-drummond-de-andrade\/\",\"url\":\"https:\/\/beduka.com\/blog\/exercicios\/questoes-sobre-carlos-drummond-de-andrade\/\",\"name\":\"As 10 melhores quest\u00f5es sobre Carlos Drummond de Andrade\",\"isPartOf\":{\"@id\":\"https:\/\/beduka.com\/blog\/#website\"},\"datePublished\":\"2022-02-28T19:41:30+00:00\",\"dateModified\":\"2022-02-28T19:41:31+00:00\",\"description\":\"Estude com a nossa sele\u00e7\u00e3o das melhores quest\u00f5es sobre Carlos Drummond de Andrade! Conhe\u00e7a mais sobre o autor e suas principais obras neste artigo.\",\"breadcrumb\":{\"@id\":\"https:\/\/beduka.com\/blog\/exercicios\/questoes-sobre-carlos-drummond-de-andrade\/#breadcrumb\"},\"inLanguage\":\"pt-BR\",\"potentialAction\":[{\"@type\":\"ReadAction\",\"target\":[\"https:\/\/beduka.com\/blog\/exercicios\/questoes-sobre-carlos-drummond-de-andrade\/\"]}]},{\"@type\":\"BreadcrumbList\",\"@id\":\"https:\/\/beduka.com\/blog\/exercicios\/questoes-sobre-carlos-drummond-de-andrade\/#breadcrumb\",\"itemListElement\":[{\"@type\":\"ListItem\",\"position\":1,\"name\":\"Home\",\"item\":\"https:\/\/beduka.com\/blog\/\"},{\"@type\":\"ListItem\",\"position\":2,\"name\":\"As 10 melhores quest\u00f5es sobre Carlos Drummond de Andrade com gabarito!\"}]},{\"@type\":\"WebSite\",\"@id\":\"https:\/\/beduka.com\/blog\/#website\",\"url\":\"https:\/\/beduka.com\/blog\/\",\"name\":\"Blog do Beduka | Mat\u00e9rias resumidas, Dicas e Exerc\u00edcios Enem\",\"description\":\"O Blog do Beduka tem os conte\u00fados que mais caem no Enem, exerc\u00edcios de vestibular com gabarito, resumos, dicas e informa\u00e7\u00f5es Sisu, Prouni e Fies.Encontre dicas para o ENEM, resumos, exerc\u00edcios e informa\u00e7\u00f5es sobre os vestibulares. Acesse agora!\",\"publisher\":{\"@id\":\"https:\/\/beduka.com\/blog\/#organization\"},\"potentialAction\":[{\"@type\":\"SearchAction\",\"target\":{\"@type\":\"EntryPoint\",\"urlTemplate\":\"https:\/\/beduka.com\/blog\/?s={search_term_string}\"},\"query-input\":\"required name=search_term_string\"}],\"inLanguage\":\"pt-BR\"},{\"@type\":\"Organization\",\"@id\":\"https:\/\/beduka.com\/blog\/#organization\",\"name\":\"Beduka\",\"url\":\"https:\/\/beduka.com\/blog\/\",\"logo\":{\"@type\":\"ImageObject\",\"inLanguage\":\"pt-BR\",\"@id\":\"https:\/\/beduka.com\/blog\/#\/schema\/logo\/image\/\",\"url\":\"https:\/\/beduka.com\/blog\/wp-content\/uploads\/2020\/06\/marca-beduka.png\",\"contentUrl\":\"https:\/\/beduka.com\/blog\/wp-content\/uploads\/2020\/06\/marca-beduka.png\",\"width\":1077,\"height\":368,\"caption\":\"Beduka\"},\"image\":{\"@id\":\"https:\/\/beduka.com\/blog\/#\/schema\/logo\/image\/\"},\"sameAs\":[\"https:\/\/www.facebook.com\/beduka.buscadordefaculdades\/\",\"https:\/\/www.instagram.com\/beduka_oficial\/\",\"https:\/\/www.linkedin.com\/company\/beduka\",\"https:\/\/br.pinterest.com\/bedukaoficial\/\",\"https:\/\/www.youtube.com\/beduka\"]},{\"@type\":\"Person\",\"@id\":\"https:\/\/beduka.com\/blog\/#\/schema\/person\/325d912d2cb8dd9ede8ab291427d2b8a\",\"name\":\"Reda\u00e7\u00e3o Beduka (a)\",\"image\":{\"@type\":\"ImageObject\",\"inLanguage\":\"pt-BR\",\"@id\":\"https:\/\/beduka.com\/blog\/#\/schema\/person\/image\/\",\"url\":\"https:\/\/secure.gravatar.com\/avatar\/6f58a181ef24e0dc0bb73f096aa0f8b5?s=96&d=mm&r=g\",\"contentUrl\":\"https:\/\/secure.gravatar.com\/avatar\/6f58a181ef24e0dc0bb73f096aa0f8b5?s=96&d=mm&r=g\",\"caption\":\"Reda\u00e7\u00e3o Beduka (a)\"},\"description\":\"Este conte\u00fado foi criado e validado por uma equipe multidisciplinar, formada por especialistas em cada \u00e1rea do conhecimento. O Beduka est\u00e1 presente no Instagram, YouTube, LinkedIn e em diversos outros ambientes digitais. O site foi criado em 2017 e, desde a sua funda\u00e7\u00e3o, atua para fornecer materiais de qualidade para facilitar a vida de estudantes de todo o Brasil, ajudando-os a se preparar para os principais vestibulares e o Enem.\",\"sameAs\":[\"https:\/\/www.facebook.com\/beduka.buscadordefaculdades\",\"https:\/\/www.instagram.com\/beduka_oficial\/\",\"https:\/\/br.pinterest.com\/bedukaoficial\/\"],\"url\":\"https:\/\/beduka.com\/blog\/author\/admin\/\"}]}<\/script>\n<!-- \/ Yoast SEO plugin. -->","yoast_head_json":{"title":"As 10 melhores quest\u00f5es sobre Carlos Drummond de Andrade","description":"Estude com a nossa sele\u00e7\u00e3o das melhores quest\u00f5es sobre Carlos Drummond de Andrade! Conhe\u00e7a mais sobre o autor e suas principais obras neste artigo.","robots":{"index":"index","follow":"follow","max-snippet":"max-snippet:-1","max-image-preview":"max-image-preview:large","max-video-preview":"max-video-preview:-1"},"canonical":"https:\/\/beduka.com\/blog\/exercicios\/questoes-sobre-carlos-drummond-de-andrade\/","og_locale":"pt_BR","og_type":"article","og_title":"As 10 melhores quest\u00f5es sobre Carlos Drummond de Andrade","og_description":"Estude com a nossa sele\u00e7\u00e3o das melhores quest\u00f5es sobre Carlos Drummond de Andrade! Conhe\u00e7a mais sobre o autor e suas principais obras neste artigo.","og_url":"https:\/\/beduka.com\/blog\/exercicios\/questoes-sobre-carlos-drummond-de-andrade\/","og_site_name":"Blog do Beduka | Mat\u00e9rias resumidas, Dicas e Exerc\u00edcios Enem","article_publisher":"https:\/\/www.facebook.com\/beduka.buscadordefaculdades\/","article_author":"https:\/\/www.facebook.com\/beduka.buscadordefaculdades","article_published_time":"2022-02-28T19:41:30+00:00","article_modified_time":"2022-02-28T19:41:31+00:00","og_image":[{"width":609,"height":342,"url":"https:\/\/beduka.com\/blog\/wp-content\/uploads\/2022\/02\/As-10-melhores-questoes-sobre-Carlos-Drummond-de-Andrade.jpg","type":"image\/jpeg"}],"author":"Reda\u00e7\u00e3o Beduka (a)","twitter_card":"summary_large_image","twitter_misc":{"Escrito por":"Reda\u00e7\u00e3o Beduka (a)","Est. tempo de leitura":"13 minutos"},"schema":{"@context":"https:\/\/schema.org","@graph":[{"@type":"Article","@id":"https:\/\/beduka.com\/blog\/exercicios\/questoes-sobre-carlos-drummond-de-andrade\/#article","isPartOf":{"@id":"https:\/\/beduka.com\/blog\/exercicios\/questoes-sobre-carlos-drummond-de-andrade\/"},"author":{"name":"Reda\u00e7\u00e3o Beduka (a)","@id":"https:\/\/beduka.com\/blog\/#\/schema\/person\/325d912d2cb8dd9ede8ab291427d2b8a"},"headline":"As 10 melhores quest\u00f5es sobre Carlos Drummond de Andrade com gabarito!","datePublished":"2022-02-28T19:41:30+00:00","dateModified":"2022-02-28T19:41:31+00:00","mainEntityOfPage":{"@id":"https:\/\/beduka.com\/blog\/exercicios\/questoes-sobre-carlos-drummond-de-andrade\/"},"wordCount":2657,"commentCount":0,"publisher":{"@id":"https:\/\/beduka.com\/blog\/#organization"},"articleSection":["Exerc\u00edcios"],"inLanguage":"pt-BR","potentialAction":[{"@type":"CommentAction","name":"Comment","target":["https:\/\/beduka.com\/blog\/exercicios\/questoes-sobre-carlos-drummond-de-andrade\/#respond"]}]},{"@type":"WebPage","@id":"https:\/\/beduka.com\/blog\/exercicios\/questoes-sobre-carlos-drummond-de-andrade\/","url":"https:\/\/beduka.com\/blog\/exercicios\/questoes-sobre-carlos-drummond-de-andrade\/","name":"As 10 melhores quest\u00f5es sobre Carlos Drummond de Andrade","isPartOf":{"@id":"https:\/\/beduka.com\/blog\/#website"},"datePublished":"2022-02-28T19:41:30+00:00","dateModified":"2022-02-28T19:41:31+00:00","description":"Estude com a nossa sele\u00e7\u00e3o das melhores quest\u00f5es sobre Carlos Drummond de Andrade! Conhe\u00e7a mais sobre o autor e suas principais obras neste artigo.","breadcrumb":{"@id":"https:\/\/beduka.com\/blog\/exercicios\/questoes-sobre-carlos-drummond-de-andrade\/#breadcrumb"},"inLanguage":"pt-BR","potentialAction":[{"@type":"ReadAction","target":["https:\/\/beduka.com\/blog\/exercicios\/questoes-sobre-carlos-drummond-de-andrade\/"]}]},{"@type":"BreadcrumbList","@id":"https:\/\/beduka.com\/blog\/exercicios\/questoes-sobre-carlos-drummond-de-andrade\/#breadcrumb","itemListElement":[{"@type":"ListItem","position":1,"name":"Home","item":"https:\/\/beduka.com\/blog\/"},{"@type":"ListItem","position":2,"name":"As 10 melhores quest\u00f5es sobre Carlos Drummond de Andrade com gabarito!"}]},{"@type":"WebSite","@id":"https:\/\/beduka.com\/blog\/#website","url":"https:\/\/beduka.com\/blog\/","name":"Blog do Beduka | Mat\u00e9rias resumidas, Dicas e Exerc\u00edcios Enem","description":"O Blog do Beduka tem os conte\u00fados que mais caem no Enem, exerc\u00edcios de vestibular com gabarito, resumos, dicas e informa\u00e7\u00f5es Sisu, Prouni e Fies.Encontre dicas para o ENEM, resumos, exerc\u00edcios e informa\u00e7\u00f5es sobre os vestibulares. Acesse agora!","publisher":{"@id":"https:\/\/beduka.com\/blog\/#organization"},"potentialAction":[{"@type":"SearchAction","target":{"@type":"EntryPoint","urlTemplate":"https:\/\/beduka.com\/blog\/?s={search_term_string}"},"query-input":"required name=search_term_string"}],"inLanguage":"pt-BR"},{"@type":"Organization","@id":"https:\/\/beduka.com\/blog\/#organization","name":"Beduka","url":"https:\/\/beduka.com\/blog\/","logo":{"@type":"ImageObject","inLanguage":"pt-BR","@id":"https:\/\/beduka.com\/blog\/#\/schema\/logo\/image\/","url":"https:\/\/beduka.com\/blog\/wp-content\/uploads\/2020\/06\/marca-beduka.png","contentUrl":"https:\/\/beduka.com\/blog\/wp-content\/uploads\/2020\/06\/marca-beduka.png","width":1077,"height":368,"caption":"Beduka"},"image":{"@id":"https:\/\/beduka.com\/blog\/#\/schema\/logo\/image\/"},"sameAs":["https:\/\/www.facebook.com\/beduka.buscadordefaculdades\/","https:\/\/www.instagram.com\/beduka_oficial\/","https:\/\/www.linkedin.com\/company\/beduka","https:\/\/br.pinterest.com\/bedukaoficial\/","https:\/\/www.youtube.com\/beduka"]},{"@type":"Person","@id":"https:\/\/beduka.com\/blog\/#\/schema\/person\/325d912d2cb8dd9ede8ab291427d2b8a","name":"Reda\u00e7\u00e3o Beduka (a)","image":{"@type":"ImageObject","inLanguage":"pt-BR","@id":"https:\/\/beduka.com\/blog\/#\/schema\/person\/image\/","url":"https:\/\/secure.gravatar.com\/avatar\/6f58a181ef24e0dc0bb73f096aa0f8b5?s=96&d=mm&r=g","contentUrl":"https:\/\/secure.gravatar.com\/avatar\/6f58a181ef24e0dc0bb73f096aa0f8b5?s=96&d=mm&r=g","caption":"Reda\u00e7\u00e3o Beduka (a)"},"description":"Este conte\u00fado foi criado e validado por uma equipe multidisciplinar, formada por especialistas em cada \u00e1rea do conhecimento. O Beduka est\u00e1 presente no Instagram, YouTube, LinkedIn e em diversos outros ambientes digitais. O site foi criado em 2017 e, desde a sua funda\u00e7\u00e3o, atua para fornecer materiais de qualidade para facilitar a vida de estudantes de todo o Brasil, ajudando-os a se preparar para os principais vestibulares e o Enem.","sameAs":["https:\/\/www.facebook.com\/beduka.buscadordefaculdades","https:\/\/www.instagram.com\/beduka_oficial\/","https:\/\/br.pinterest.com\/bedukaoficial\/"],"url":"https:\/\/beduka.com\/blog\/author\/admin\/"}]}},"_links":{"self":[{"href":"https:\/\/beduka.com\/blog\/wp-json\/wp\/v2\/posts\/24847"}],"collection":[{"href":"https:\/\/beduka.com\/blog\/wp-json\/wp\/v2\/posts"}],"about":[{"href":"https:\/\/beduka.com\/blog\/wp-json\/wp\/v2\/types\/post"}],"author":[{"embeddable":true,"href":"https:\/\/beduka.com\/blog\/wp-json\/wp\/v2\/users\/1"}],"replies":[{"embeddable":true,"href":"https:\/\/beduka.com\/blog\/wp-json\/wp\/v2\/comments?post=24847"}],"version-history":[{"count":2,"href":"https:\/\/beduka.com\/blog\/wp-json\/wp\/v2\/posts\/24847\/revisions"}],"predecessor-version":[{"id":24850,"href":"https:\/\/beduka.com\/blog\/wp-json\/wp\/v2\/posts\/24847\/revisions\/24850"}],"wp:featuredmedia":[{"embeddable":true,"href":"https:\/\/beduka.com\/blog\/wp-json\/wp\/v2\/media\/24848"}],"wp:attachment":[{"href":"https:\/\/beduka.com\/blog\/wp-json\/wp\/v2\/media?parent=24847"}],"wp:term":[{"taxonomy":"category","embeddable":true,"href":"https:\/\/beduka.com\/blog\/wp-json\/wp\/v2\/categories?post=24847"},{"taxonomy":"post_tag","embeddable":true,"href":"https:\/\/beduka.com\/blog\/wp-json\/wp\/v2\/tags?post=24847"}],"curies":[{"name":"wp","href":"https:\/\/api.w.org\/{rel}","templated":true}]}}