{"id":2586,"date":"2019-01-07T14:41:17","date_gmt":"2019-01-07T17:41:17","guid":{"rendered":"https:\/\/beduka.com\/blog\/?p=2586"},"modified":"2020-10-13T09:41:31","modified_gmt":"2020-10-13T12:41:31","slug":"resumo-de-a-hora-da-estrela","status":"publish","type":"post","link":"https:\/\/beduka.com\/blog\/materias\/literatura\/resumo-de-a-hora-da-estrela\/","title":{"rendered":"Resumo de A Hora da Estrela de Clarice Lispector (AN\u00c1LISE COMPLETA)"},"content":{"rendered":"\n<blockquote class=\"wp-block-quote\"><p><em><b>A Hora de Estrela \u00e9 um romance liter\u00e1rio da escritora Clarice Lispector&nbsp;publicado em 1977. O romance narra a hist\u00f3ria da datil\u00f3grafa alagoana, Macab\u00e9a. Leia nosso resumo completo de A Hora da Estrela e ao final fa\u00e7a exerc\u00edcios selecionados para voc\u00ea.<\/b><\/em><\/p><\/blockquote>\n\n\n\n<p><strong>Neste artigo<\/strong> com o resumo de A hora da Estrela, <strong>voc\u00ea encontrar\u00e1:<\/strong><\/p>\n\n\n\n<ol><li>Lista de todos os personagens com descri\u00e7\u00e3o<\/li><li>Resumo de A Hora da Estrela: narrativa completa da hist\u00f3ria<\/li><li>An\u00e1lise do livro: contexto hist\u00f3rico e interpreta\u00e7\u00e3o dos s\u00edmbolos.<\/li><li>An\u00e1lise do contexto de publica\u00e7\u00e3o e correntes liter\u00e1rias que influenciaram o livro.<\/li><\/ol>\n\n\n\n<ul><li>Estudando para as provas? Conhe\u00e7a nosso&nbsp;<a href=\"https:\/\/beduka.com\/blog\/dicas\/enem-dicas\/simulados-para-enem-online-e-gratuito\/\" target=\"_blank\" rel=\"noreferrer noopener\" aria-label=\" (abre numa nova aba)\">Simulado gratuito<\/a>, que pode ser personalizado com as mat\u00e9rias que voc\u00ea mais precisa!<\/li><\/ul>\n\n\n\n<h2 class=\"wp-block-heading\"><span style=\"color: #1c609a;\">Resumo completo sobre A Hora da Estrela <\/span><\/h2>\n\n\n\n<p>Vamos come\u00e7ar sobre quem faz a hist\u00f3ria acontecer: <b>os personagens!<\/b><\/p>\n\n\n\n<h3 class=\"wp-block-heading\">Quais s\u00e3o os personagens de a Hora da Estrela?<\/h3>\n\n\n\n<ul><li><strong>Rodrigo S.M.:<\/strong> Este \u00e9 o personagem narrador e \u00e9 entendido como uma representa\u00e7\u00e3o da pr\u00f3pria Clarice Lispector. Ao longo do livro ele reflete sobre o pr\u00f3prio ato de escrever e se preocupa com a profundidade do ser humano.<\/li><li><strong>Macab\u00e9a:<\/strong> Essa \u00e9 a principal personagem. Trata-se de uma alagoana de 19 anos, muito desleixada, que vive sem a fam\u00edlia no Rio de Janeiro. \u00c9 muito ignorante e sequer reconhece a pr\u00f3pria infelicidade.<\/li><li><strong>Ol\u00edmpico de Jesus:<\/strong> Primeiro namorado de Macab\u00e9a. Outro nordestino, mas muito ambicioso.<\/li><li><strong>Gl\u00f3ria:<\/strong> Filha do a\u00e7ougueiro e amiga de Macab\u00e9a. Ela, por ser mais atraente que a amiga, ficou com Ol\u00edmpico de Jesus.<\/li><li><strong>Madame Cartola:<\/strong> Cartomante que diz o futuro de Macab\u00e9a.<\/li><\/ul>\n\n\n\n<h3 class=\"wp-block-heading\">Como come\u00e7a a obra?<\/h3>\n\n\n\n<p>A Hora da Estrela come\u00e7a com a <strong>apresenta\u00e7\u00e3o do narrador e tamb\u00e9m personagem Rodrigo S.M.<\/strong><\/p>\n\n\n\n<p>Ele \u00e9 algu\u00e9m que se atormenta tendo de escrever sobre si e sobre <strong>Macab\u00e9a, uma jovem nordestina<\/strong>, para uma novela.<\/p>\n\n\n\n<p>O tormento adv\u00e9m dos seus questionamentos sobre seus pr\u00f3prios m\u00e9todos, estilo, narra\u00e7\u00e3o, capacidade de compreender Macab\u00e9a, uma jovem socialmente e culturalmente inferior.<\/p>\n\n\n\n<p><strong>Ele exp\u00f5e a intimidade de Macab\u00e9a de forma cru, bem realista.<\/strong><\/p>\n\n\n\n<p>Em seu texto ele tamb\u00e9m tenta compreender a complicada rela\u00e7\u00e3o entre fic\u00e7\u00e3o e realidade em seu trabalho.<\/p>\n\n\n\n<p>Rodrigo S.M quer mesmo \u00e9 desvelar o significado da exist\u00eancia e da literatura.<\/p>\n\n\n\n<p>Macab\u00e9a \u00e9 uma jovem alagoana de 19 anos, muito<strong> magricela, feia, sozinha e morrinhenta, p\u00e9ssima datil\u00f3grafa.<\/strong><\/p>\n\n\n\n<p>Menina pobre que fez uma miser\u00e1vel trajet\u00f3ria para o Rio de Janeiro, onde mora numa pens\u00e3o dividindo quarto com mais 4 balconistas das Lojas Americanas: <strong>Maria da Penha, Maria Aparecida, Maria Jos\u00e9 e Maria.<\/strong><\/p>\n\n\n\n<p>\u00c9 uma menina<strong> sem perspectiva de vida, sonsa, datil\u00f3grafa de meia boca, alienada, sem vida interior ou futuro.<\/strong> Macab\u00e9a vivia uma vida cretina.<\/p>\n\n\n\n<p>Com o passar do tempo ela come\u00e7a um namoro, com um nordestino metal\u00fargico chamado Ol\u00edmpico de Jesus.<\/p>\n\n\n\n<p>Seu namorado \u00e9 um rapaz grosseiro, sem muita instru\u00e7\u00e3o mas que ao menos tem sonhos.<\/p>\n\n\n\n<p>Seu desejo \u00e9 tornar-se deputado na regi\u00e3o sul, mudando de vida.<\/p>\n\n\n\n<p>Como <strong>Macab\u00e9a era incompetente para a vida<\/strong>, segundo o narrador, ele a deixa para namorar Gl\u00f3ria, uma jovem loira oxigenada, inclusive amiga de Macab\u00e9a.<\/p>\n\n\n\n<p>Ela inclusive aconselha a amiga a procurar uma cartomante chamada madame Carlota, uma ex-prostituta e cafetina. Macab\u00e9a o faz.<\/p>\n\n\n\n<p>Madame Cartola se sensibiliza com Macab\u00e9a e tenta apresentar a ela um futuro melhor, <strong>profetizando para ela um encontro com um gringo loiro de olhos azuis<\/strong>, verdes, castanhos ou pretos e, principalmente,<strong> rico<\/strong>, com quem ela se casaria.<\/p>\n\n\n\n<p>Macab\u00e9a que <strong>\u201cnunca tinha tido coragem de ter esperan\u00e7a\u201d<\/strong> ficou bem feliz com o que ouvira, j\u00e1 que \u201ca cartomante lhe decretara senten\u00e7a de vida\u201d.<\/p>\n\n\n\n<p>Por\u00e9m, a sonsa, ao atravessar distraidamente a rua <strong>foi atropelada<\/strong> por uma Mercedes amarela.<\/p>\n\n\n\n<p>Caiu no ch\u00e3o e agonizando disse sua \u00faltima frase: \u201cQuanto ao futuro\u201d. Enigm\u00e1tico, n\u00e3o?<\/p>\n\n\n\n<p>Muitas pessoas observavam a moribunda no momento. Algu\u00e9m inclusive deixou junto ao corpo dela uma vela acesa.<\/p>\n\n\n\n<p>Assim, <strong>com essa morte, foi que Macab\u00e9a alcan\u00e7ou a hora da estrela.<\/strong><\/p>\n\n\n\n<p>Fizemos este resumo de A Hora da Estrela curto, bem sint\u00e9tico para voc\u00ea que est\u00e1 com menos tempo.<\/p>\n\n\n\n<p>Por\u00e9m, se precisar fazer uma prova e n\u00e3o puder ler o livro completo, leia abaixo mais detalhes sobre os acontecimentos na vida de Macab\u00e9a.<\/p>\n\n\n\n<ul><li><a href=\"https:\/\/beduka.com\/blog\/dicas\/o-que-e-mito-caverna\/\" target=\"_blank\" rel=\"noopener noreferrer\">O que \u00e9 o Mito da Caverna?<\/a><\/li><li><a href=\"https:\/\/beduka.com\/blog\/dicas\/principais-caracteristicas-iluminismo\/\" target=\"_blank\" rel=\"noopener noreferrer\">Principais caracter\u00edsticas do iluminismo<\/a><\/li><\/ul>\n\n\n\n<h2 class=\"wp-block-heading\"><span style=\"color: #1c609a;\">Resumo de A Hora da Estrela &#8211; Sobre Macab\u00e9a<\/span><\/h2>\n\n\n\n<div class=\"wp-block-image\"><figure class=\"aligncenter\"><img decoding=\"async\" loading=\"lazy\" width=\"600\" height=\"300\" src=\"https:\/\/beduka.com\/blog\/wp-content\/uploads\/2019\/01\/personagem-macabea-de-clarice-lispector.jpg\" alt=\"personagem-macabea-de-clarice-lispector\" class=\"wp-image-4125\" srcset=\"https:\/\/beduka.com\/blog\/wp-content\/uploads\/2019\/01\/personagem-macabea-de-clarice-lispector.jpg 600w, https:\/\/beduka.com\/blog\/wp-content\/uploads\/2019\/01\/personagem-macabea-de-clarice-lispector-300x150.jpg 300w\" sizes=\"(max-width: 600px) 100vw, 600px\" \/><\/figure><\/div>\n\n\n\n<p>Macab\u00e9a n\u00e3o conheceu os pais, \u00e9 uma \u00f3rf\u00e3 que foi criada por uma parente, uma tia muito ruim.<\/p>\n\n\n\n<p>Ela costumava castigar Macab\u00e9a com cascudos na cabe\u00e7a e a privava da sobremesa que ela mais gostava: goiabada com queijo. <strong>Sua inf\u00e2ncia foi miser\u00e1vel, sem conforto, sem amigos e sem animais de estima\u00e7\u00e3o.<\/strong><\/p>\n\n\n\n<p>Ela \u00e9 uma mo\u00e7a feia, que gosta de coca cola e cachorro quente, \u00e0s vezes at\u00e9 passa fome e tem o trabalho de datil\u00f3grafa no Rio de Janeiro.<\/p>\n\n\n\n<p><strong>Nunca teve rela\u00e7\u00e3o com homem algum.<\/strong> Tem enorme despreparo para a vida inteligente, \u00e9 sonsa e tola. Sorri para as pessoas e \u00e9 ignorada.<\/p>\n\n\n\n<p>Tossia muito anoite, tinha azia e raramente tomava banho. <strong>Um de seus divertimentos era ouvir a R\u00e1dio Rel\u00f3gio.<\/strong><\/p>\n\n\n\n<p>A emissora sequer transmitia m\u00fasica, apenas not\u00edcias f\u00fateis, propagandas e a hora certa.<\/p>\n\n\n\n<p>Certa vez quis ter um creme para a pele, mas preferia com\u00ea-lo que usar como cosm\u00e9tico.<\/p>\n\n\n\n<p><strong>Sua apar\u00eancia \u00e9 de tamanha pobreza mental que parece pedir um tapa para acordar.<\/strong><\/p>\n\n\n\n<p>A express\u00e3o usada no livro para ela que destacamos neste resumo de A Hora da Estrela \u00e9 \u201calma rala\u201d, ou seja, sem profundidade.<\/p>\n\n\n\n<p>A mo\u00e7a realmente n\u00e3o sabia nada, era uma completa alienada.<\/p>\n\n\n\n<ul><li><a href=\"https:\/\/beduka.com\/blog\/portugues\/como-comecar-uma-redacao\/\" target=\"_blank\" rel=\"noopener noreferrer\">Como come\u00e7ar uma reda\u00e7\u00e3o? Aprenda com bons exemplos do ENEM<\/a><\/li><li><a href=\"https:\/\/beduka.com\/blog\/enem\/tema-da-redacao-do-enem-2018\/\" target=\"_blank\" rel=\"noopener noreferrer\">Tema da reda\u00e7\u00e3o do ENEM 2018 &#8211; Manipula\u00e7\u00e3o do comportamento<\/a><\/li><\/ul>\n\n\n\n<h3 class=\"wp-block-heading\"><span style=\"color: #1c609a;\">A vida med\u00edocre de Macab\u00e9a<\/span><\/h3>\n\n\n\n<p>\u201cEla somente vive, inspirando e expirando, inspirando e expirando.\u201c Percebem que \u00e9 uma vida animal?<strong> \u00c9 como se ela nem pensasse.<\/strong><\/p>\n\n\n\n<p>Nunca nada importante aconteceu em sua vida e se morresse n\u00e3o haveria algu\u00e9m para sentir falta ou legado que deixasse.<\/p>\n\n\n\n<p>Tudo no seu cotidiano era uma mesmice, uma repeti\u00e7\u00e3o chata.<\/p>\n\n\n\n<p>Ainda assim, anoite ela nem costumava se recordar do que acontecera de manh\u00e3. E <strong>aos domingos ela acordava mais cedo para fazer nada por mais tempo.<\/strong><\/p>\n\n\n\n<p>Sua ignor\u00e2ncia era sobre o mundo e sobre si mesma, nem mesmo sabendo quem era quando acordava.<\/p>\n\n\n\n<p>Algumas vezes era como se sumisse diante do espelho, nem mesmo se enxergando.<\/p>\n\n\n\n<p>Segundo o narrador <strong>ela vivia a dimens\u00e3o do N\u00e3o-ser, como se diz na filosofia.<br><\/strong> (Veja aqui<a href=\"https:\/\/beduka.com\/blog\/enem\/filosofos-mais-caem-enem\/\" target=\"_blank\" rel=\"noopener noreferrer\"> os fil\u00f3sofos que mais caem nos vestibulares<\/a>, principalmente Enem)<\/p>\n\n\n\n<blockquote class=\"wp-block-quote\"><p>\u201cEssa mo\u00e7a n\u00e3o sabia que ela era o que era, assim como um cachorro n\u00e3o sabe que \u00e9 cachorro. Da\u00ed n\u00e3o se sentir infeliz. A \u00fanica coisa que queria era viver. N\u00e3o, sabia para qu\u00ea, n\u00e3o se indagava.\u201d<\/p><\/blockquote>\n\n\n\n<p>Achou a compara\u00e7\u00e3o com um cachorro muito forte? Pois o narrador, Rodrigo S.M fez outra pior ainda:<\/p>\n\n\n\n<blockquote class=\"wp-block-quote\"><p>\u201cEla era subterr\u00e2nea e nunca tinha tido flora\u00e7\u00e3o. Minto: ela era capim. [&#8230;]<\/p><p>Tornara-se apenas vivente em sua forma prim\u00e1ria. [&#8230;] Era apenas fina mat\u00e9ria org\u00e2nica. Existia. S\u00f3 isto.\u201d<\/p><\/blockquote>\n\n\n\n<p>Macab\u00e9a n\u00e3o entende porque existe, nem para qu\u00ea existe, nem a exist\u00eancia do mundo. Quase sempre \u00e9 uma<strong> mentecapta (sem intelig\u00eancia, tola, idiota).<\/strong><\/p>\n\n\n\n<p>Certa vez o patr\u00e3o Raimundo quis demiti-la e ela pediu desculpas por ter aborrecido-o. Ele teve d\u00f3 e n\u00e3o a despediu.<\/p>\n\n\n\n<ul><li><a href=\"https:\/\/beduka.com\/blog\/dicas\/redacao-nota-1000-corrigida-e-comentada\/\" target=\"_blank\" rel=\"noopener noreferrer\">Reda\u00e7\u00e3o nota 1000 do ENEM corrigida e comentada<\/a><\/li><li><a href=\"https:\/\/beduka.com\/blog\/portugues\/qual-diferenca-entre-coesao-coerencia\/\" target=\"_blank\" rel=\"noopener noreferrer\">Qual a diferen\u00e7a entre coes\u00e3o e coer\u00eancia?<\/a><\/li><\/ul>\n\n\n\n<h3 class=\"wp-block-heading\"><span style=\"color: #1c609a;\">A tuberculose de Macab\u00e9a<\/span><\/h3>\n\n\n\n<p>Continuando nosso resumo de A Hora da Estrela de Clarice Lispector, nesta parte mais detalhada, ressaltamos a consulta que Macab\u00e9a fez.<\/p>\n\n\n\n<p>Ela procurou um m\u00e9dico por indica\u00e7\u00e3o da amiga Gl\u00f3ria e ele a diagnosticou com tuberculose ao que ela agradeceu.<\/p>\n\n\n\n<p><strong>O m\u00e9dico chegou a ficar irritado<\/strong> com a burrice dela. Ele at\u00e9 receitou espaguete e ela nem entendeu o que significava.<\/p>\n\n\n\n<p>Quanto a essa amiga Gl\u00f3ria, <strong>certa vez at\u00e9 a perguntou se do\u00eda ser feia.<\/strong> Quando Macab\u00e9a comprou um batom vermelho e quis ser a Marilyn Monroe Gl\u00f3ria tamb\u00e9m zombou dela. <strong>E n\u00e3o s\u00f3!<\/strong><\/p>\n\n\n\n<p>Gl\u00f3ria ficou com o namorado de Macab\u00e9a, que riu quando ele lhe deu o fora.<\/p>\n\n\n\n<p><strong>Ela n\u00e3o fica desesperada<\/strong> mesmo sabendo que n\u00e3o era interessante para ningu\u00e9m.<\/p>\n\n\n\n<p>O futuro n\u00e3o lhe trazia preocupa\u00e7\u00f5es, nem o presente e nem mesmo o passado. Macab\u00e9a era realmente um vegetal.<\/p>\n\n\n\n<p>S\u00e3o muito poucas as vezes em que ela realmente sentia algo. Certa vez chorou ouvindo Caruso e noutra teve coragem de dan\u00e7ar sozinha no quarto.<\/p>\n\n\n\n<p>Sua descoberta do ser se deu mesmo foi na hora da morte, ap\u00f3s o atropelamento, ou seja, na hora da estrela.<\/p>\n\n\n\n<ul><li><a href=\"https:\/\/beduka.com\/blog\/exercicios\/questoes-vestibular-medicina\/\" target=\"_blank\" rel=\"noopener noreferrer\">Quest\u00f5es de vestibular sobre medicina &#8211; Teste seus conhecimentos<\/a><\/li><li><a href=\"https:\/\/beduka.com\/blog\/cursos\/melhores-cursos-superiores-area-saude\/\" target=\"_blank\" rel=\"noopener noreferrer\">Melhores cursos superiores na \u00e1rea de sa\u00fade<\/a><\/li><\/ul>\n\n\n\n<h3 class=\"wp-block-heading\"><span style=\"color: #1c609a;\">Namoro de Macab\u00e9a com Ol\u00edmpico<\/span><\/h3>\n\n\n\n<div class=\"wp-block-image\"><figure class=\"aligncenter\"><img decoding=\"async\" loading=\"lazy\" width=\"430\" height=\"300\" src=\"https:\/\/beduka.com\/blog\/wp-content\/uploads\/2019\/01\/namoro-de-macabea-com-Olimpico-de-Jesus-em-a-hora-da-estrela.jpg\" alt=\"namoro-de-macabea-com-Olimpico-de-Jesus-em-a-hora-da-estrela\" class=\"wp-image-4126\" srcset=\"https:\/\/beduka.com\/blog\/wp-content\/uploads\/2019\/01\/namoro-de-macabea-com-Olimpico-de-Jesus-em-a-hora-da-estrela.jpg 430w, https:\/\/beduka.com\/blog\/wp-content\/uploads\/2019\/01\/namoro-de-macabea-com-Olimpico-de-Jesus-em-a-hora-da-estrela-300x209.jpg 300w\" sizes=\"(max-width: 430px) 100vw, 430px\" \/><\/figure><\/div>\n\n\n\n<p>Vamos falar mais sobre seu namoro com Ol\u00edmpico neste resumo de A Hora da Estrela.<\/p>\n\n\n\n<p>O namoro dos dois come\u00e7ou primeiramente porque se viram como dois seres do mesmo lugar.<\/p>\n\n\n\n<p><strong>Eles se reconheceram como nordestinos e se aproximaram.<\/strong> Mas o namoro n\u00e3o ia bem, inclusive sempre chovia quando se encontravam.<\/p>\n\n\n\n<p>Ol\u00edmpico, ao contr\u00e1rio da namorada, queria ser rico. Era disposto a qualquer coisa, <strong>homem duro, mau-car\u00e1ter, que at\u00e9 mesmo roubava<\/strong> os colegas no emprego que tinha na metalurgia.<\/p>\n\n\n\n<p>Segundo Rodrigo, o narrador, era homem de honra j\u00e1 lavada, porque chegou a matar um desafeto no sert\u00e3o.<\/p>\n\n\n\n<p>\u00c9 impaciente com a namorada, nem mesmo \u00e9 delicado. Destacamos um epis\u00f3dio espec\u00edfico neste resumo de A Hora da Estrela.<\/p>\n\n\n\n<p>Ol\u00edmpico era t\u00e3o grosso que ao irem tomar caf\u00e9 ela perguntou se poderia escolher um pingado (caf\u00e9 com leite).<\/p>\n\n\n\n<p>Sabem o que ele respondeu?<\/p>\n\n\n\n<p><strong>Que sim<\/strong>, poderia, mas que teria de pagar a diferen\u00e7a se fosse mais caro. Ainda assim ela fica impressionada com a bondade do namorado. Acaba pondo muito a\u00e7\u00facar e fica enjoada.<\/p>\n\n\n\n<p>Quando ele viu Gl\u00f3ria, amiga de Macab\u00e9a, cresceu em inten\u00e7\u00f5es por ela.<\/p>\n\n\n\n<p>Tratava-se de uma t\u00edpica carioca, mais bonita e com a for\u00e7a de uma mulata. Al\u00e9m disso ela vivia com pai, m\u00e3e e comida na hora certa. <strong>Tudo isso aumentou o interesse de Ol\u00edmpico.<\/strong><\/p>\n\n\n\n<p>Ele abandonou Macab\u00e9a sem nem pensar e com muita rudeza.<\/p>\n\n\n\n<ul><li><a href=\"https:\/\/beduka.com\/blog\/resumos\/resumo-de-vidas-secas-enem\/\" target=\"_blank\" rel=\"noopener noreferrer\">An\u00e1lise e resumo de Vidas Secas<\/a><\/li><li><a href=\"https:\/\/beduka.com\/blog\/resumos\/resumo-de-dom-casmurro\/\" target=\"_blank\" rel=\"noopener noreferrer\">An\u00e1lise e resumo de Dom Casmurro<\/a><\/li><\/ul>\n\n\n\n<h3 class=\"wp-block-heading\"><span style=\"color: #1c609a;\">Resumo de A Hora da Estrela &#8211; A cartomante e a morte<\/span><\/h3>\n\n\n\n<div class=\"wp-block-image\"><figure class=\"aligncenter\"><img decoding=\"async\" loading=\"lazy\" width=\"422\" height=\"300\" src=\"https:\/\/beduka.com\/blog\/wp-content\/uploads\/2019\/01\/madame-cartola-a-cartomante-de-macabea.jpg\" alt=\"madame-cartola-a-cartomante-de-macabea\" class=\"wp-image-4127\" srcset=\"https:\/\/beduka.com\/blog\/wp-content\/uploads\/2019\/01\/madame-cartola-a-cartomante-de-macabea.jpg 422w, https:\/\/beduka.com\/blog\/wp-content\/uploads\/2019\/01\/madame-cartola-a-cartomante-de-macabea-300x213.jpg 300w\" sizes=\"(max-width: 422px) 100vw, 422px\" \/><\/figure><\/div>\n\n\n\n<p>Foi procurando a cartomante Madame Cartola, por indica\u00e7\u00e3o de Gl\u00f3ria, que Macab\u00e9a se apercebeu de que sua vida havia sido horr\u00edvel at\u00e9 o momento.<\/p>\n\n\n\n<p><strong>Conversando com a cartomante ela ficou t\u00e3o cheia de esperan\u00e7as que se viu transformada<\/strong>, estava \u201cgr\u00e1vida de futuro\u201d.<\/p>\n\n\n\n<p>Saindo da sua consulta ela morreu atropelada por uma Mercedes amarela. Seria esse o encontro com o estrangeiro rico?<\/p>\n\n\n\n<p><strong>Foi sendo atropelada que pensou estar vivendo o primeiro dia de sua vida.<\/strong> Ela pr\u00f3pria considerou que estava nascendo.<\/p>\n\n\n\n<p>O paradoxo que se revela aqui \u00e9 que a vida de Macab\u00e9a come\u00e7ou com sua morte.<\/p>\n\n\n\n<p>Antes de morrer ela repetia: \u201cEu sou, eu sou, seu sou, eu sou.\u201d<\/p>\n\n\n\n<h3 class=\"wp-block-heading\"><span style=\"color: #1c609a;\">Como termina o livro? (ENTENDA TUDO)<\/span><\/h3>\n\n\n\n<p>Ricardo S. M termina a narrativa como algu\u00e9m que se vai terminando tamb\u00e9m.<strong> Ele termina de existir quando termina de narrar.<\/strong><\/p>\n\n\n\n<p>O narrador vislumbra a pr\u00f3pria morte escrevendo sobre a morte de Macab\u00e9a.<\/p>\n\n\n\n<div class=\"wp-block-image\"><figure class=\"aligncenter\"><img decoding=\"async\" loading=\"lazy\" width=\"600\" height=\"300\" src=\"https:\/\/beduka.com\/blog\/wp-content\/uploads\/2019\/01\/macabea-morre-e-encontra-sua-hora-da-estrela.jpg\" alt=\"macabea-morre-e-encontra-sua-hora-da-estrela\" class=\"wp-image-4128\" srcset=\"https:\/\/beduka.com\/blog\/wp-content\/uploads\/2019\/01\/macabea-morre-e-encontra-sua-hora-da-estrela.jpg 600w, https:\/\/beduka.com\/blog\/wp-content\/uploads\/2019\/01\/macabea-morre-e-encontra-sua-hora-da-estrela-300x150.jpg 300w\" sizes=\"(max-width: 600px) 100vw, 600px\" \/><\/figure><\/div>\n\n\n\n<p>A hora da estrela \u00e9 a hora da morte. A conclus\u00e3o impl\u00edcita \u00e9 a de que ele, Macab\u00e9a e a pr\u00f3pria Clarice Lispector embora t\u00e3o diferentes entre si, partilham deste destino comum.<\/p>\n\n\n\n<p>Agora que terminamos o resumo de A Hora da Estrela, h\u00e1 muitos detalhes para analisar. Vamos l\u00e1?<\/p>\n\n\n\n<h2 class=\"wp-block-heading\"><span style=\"color: #1c609a;\">An\u00e1lise de A Hora da Estrela de Clarice Lispector<\/span><\/h2>\n\n\n\n<div class=\"wp-block-image\"><figure class=\"aligncenter\"><img decoding=\"async\" loading=\"lazy\" width=\"430\" height=\"300\" src=\"https:\/\/beduka.com\/blog\/wp-content\/uploads\/2019\/01\/a-hora-da-estrela-ultimo-romance-de-clarice-lispector.jpg\" alt=\"a-hora-da-estrela-ultimo-romance-de-clarice-lispector\" class=\"wp-image-4129\" srcset=\"https:\/\/beduka.com\/blog\/wp-content\/uploads\/2019\/01\/a-hora-da-estrela-ultimo-romance-de-clarice-lispector.jpg 430w, https:\/\/beduka.com\/blog\/wp-content\/uploads\/2019\/01\/a-hora-da-estrela-ultimo-romance-de-clarice-lispector-300x209.jpg 300w\" sizes=\"(max-width: 430px) 100vw, 430px\" \/><\/figure><\/div>\n\n\n\n<p>A obra foi publicada em 1977 duas semanas antes de Clarice Lispector morrer.<\/p>\n\n\n\n<p>Trata-se de um curt\u00edssima <strong>novela que se enquadra na terceira fase do modernismo<\/strong>, conhecida como gera\u00e7\u00e3o 45.<\/p>\n\n\n\n<p>N\u00e3o h\u00e1 divis\u00e3o por cap\u00edtulos.<\/p>\n\n\n\n<p>Quando perguntada sobre a obra que escrevia, disse Clarice que escrevia sobre uma <strong>\u201cinoc\u00eancia pisada e sobre uma mis\u00e9ria an\u00f4nima.\u201d<\/strong><\/p>\n\n\n\n<p>No interior do livro h\u00e1 ainda 11 t\u00edtulos alternativos:<\/p>\n\n\n\n<ul><li>A culpa \u00e9 minha<\/li><li>Ela que se arranje<\/li><li>O direito ao grito<\/li><li>Quanto ao futuro<\/li><li>Lamento de um blue<\/li><li>Ela n\u00e3o sabe gritar<\/li><li>Assovio ao vento escuro<\/li><li>Eu n\u00e3o posso fazer nada<\/li><li>Registro dos fatos antecedentes<\/li><li>Hist\u00f3ria lacrimog\u00eanica de cordel<\/li><li>Sa\u00edda discreta pela porta dos fundos<\/li><\/ul>\n\n\n\n<p>A Hora da Estrela \u00e9 a \u00fanica enfatizando a realidade objetiva com inten\u00e7\u00e3o expl\u00edcita na tem\u00e1tica social.<\/p>\n\n\n\n<p><strong>Foi o \u00faltimo romance da autora<\/strong>, considerado romance<strong> intimista e psicol\u00f3gico<\/strong>. O romance \u00e9 tamb\u00e9m uma trag\u00e9dia sendo um conto de fadas \u00e0s avessas.<\/p>\n\n\n\n<p>A Hora da Estrela recebeu adapta\u00e7\u00e3o para o cinema em 1985. O filme inclusive foi premiado. <a href=\"https:\/\/www.youtube.com\/watch?v=MBxAMJvSip0\" target=\"_blank\" rel=\"noopener noreferrer\">Ele est\u00e1 COMPLETO no YouTube e pode ser acessado clicando aqui.<\/a><\/p>\n\n\n\n<p>Veja o trailer:<\/p>\n\n\n\n<figure class=\"wp-block-embed-youtube wp-block-embed is-type-video is-provider-youtube wp-embed-aspect-4-3 wp-has-aspect-ratio\"><div class=\"wp-block-embed__wrapper\">\n<iframe loading=\"lazy\" title=\"A Hora da Estrela - trailer\" width=\"1170\" height=\"878\" src=\"https:\/\/www.youtube.com\/embed\/ACyrHmbINfg?feature=oembed\" frameborder=\"0\" allow=\"accelerometer; autoplay; clipboard-write; encrypted-media; gyroscope; picture-in-picture\" allowfullscreen><\/iframe>\n<\/div><\/figure>\n\n\n\n<h2 class=\"wp-block-heading\"><span style=\"color: #1c609a;\">Sobre a Obra &#8211; Narrador\/ Den\u00fancia social\/ Modernismo<\/span><\/h2>\n\n\n\n<p>A Hora da Estrela foi escrita quando Clarice lispector padecia de um c\u00e2ncer. Segundo dizia: \u201cN\u00e3o aguento ser apenas para mim, preciso dos outros para me manter em p\u00e9\u201d.<\/p>\n\n\n\n<p>Seu texto era uma abertura para mundo externo. <strong>Na obra ela projetou suas ang\u00fastias e medos antes de morrer.<\/strong><\/p>\n\n\n\n<p>O per\u00edodo hist\u00f3rico deve ser considerado nas interpreta\u00e7\u00f5es e ressaltamos isso neste artigo com o resumo de A Hora da Estrela, nesta an\u00e1lise.<\/p>\n\n\n\n<p>Foi no tempo de Geisel que ela escreveu. <strong>Acontecia a distens\u00e3o da ditadura, lenta e gradualmente.<\/strong><\/p>\n\n\n\n<p>A repress\u00e3o diminu\u00eda e tamb\u00e9m a sociedade civil com suas inquieta\u00e7\u00f5es. De forma menos contida j\u00e1 retornavam as contesta\u00e7\u00f5es pol\u00edticas.<\/p>\n\n\n\n<p>Isso pode ter levado Clarice \u00e0 decis\u00e3o de produzir uma<strong> obra social<\/strong>, principalmente tamb\u00e9m por solidariedade com os nordestinos que buscavam uma vida melhor na regi\u00e3o sudeste do Brasil.<\/p>\n\n\n\n<p><a href=\"https:\/\/vivelatinoamerica.files.wordpress.com\/2013\/12\/a-hora-da-estrela.pdf\" target=\"_blank\" rel=\"noopener noreferrer\">Acesse aqui o PDF do livro A Hora da Estrela de Clarice Lispector<\/a><\/p>\n\n\n\n<h3 class=\"wp-block-heading\"><span style=\"color: #1c609a;\">Narrador<\/span><\/h3>\n\n\n\n<p>Falar sobre o narrador \u00e9 essencial.<\/p>\n\n\n\n<p><strong>Pela primeira vez, uma voz masculina ganhou espa\u00e7o narrando uma obra de Clarice Lispector.<\/strong><\/p>\n\n\n\n<p>Sendo homem, Rodrigo S.M era menos intimista e menos sentimental relatando e narrando a vida de Macab\u00e9a.<\/p>\n\n\n\n<p>Segundo Clarice \u201cescritora mulher pode lacrimejar piegas\u201d.<\/p>\n\n\n\n<p>O livro \u00e9 iniciado com uma dedicat\u00f3ria do autor, e isso \u00e9 seguido de uma advert\u00eancia: \u201cna verdade Clarice Lispector\u201d.<\/p>\n\n\n\n<p>Note que assim se cria uma <strong>rela\u00e7\u00e3o entre o narrador e a pr\u00f3pria Clarice<\/strong>, podendo at\u00e9 se entender que eles se confundem. <strong>Ora s\u00e3o um, ora s\u00e3o diferentes.<\/strong><\/p>\n\n\n\n<p>O que fica claro \u00e9 que Rodrigo S.M \u00e9 uma outra forma de se expressar e escrever da pr\u00f3pria Clarice. \u00c9 como se ele fosse um heter\u00f4nimo dela.<\/p>\n\n\n\n<p>O encargo de expressar a realidade de forma mais objetiva ficou para ele. A Hora da Estrela \u00e9 tamb\u00e9m um <strong>drama de linguagem<\/strong> segundo Benedito Nunes.<\/p>\n\n\n\n<p>Al\u00e9m disso \u00e9 uma busca por respostas para os impasses existenciais e liter\u00e1rios da autora.<\/p>\n\n\n\n<p>Como se ver\u00e1 ao final, \u00e9 tamb\u00e9m uma reflex\u00e3o sobre o significado de existir, sobre a finalidade \u00faltima da vida.<\/p>\n\n\n\n<ul><li><a href=\"https:\/\/beduka.com\/blog\/exercicios\/questoes-vestibular-sobre-pronomes\/\" target=\"_blank\" rel=\"noopener noreferrer\">Quest\u00f5es de vestibulares sobre pronome com gabarito<\/a><\/li><li><a href=\"https:\/\/beduka.com\/blog\/portugues\/como-fazer-texto-dissertativo\/\" target=\"_blank\" rel=\"noopener noreferrer\">Como fazer um texto dissertativo?<\/a><\/li><\/ul>\n\n\n\n<h3 class=\"wp-block-heading\"><span style=\"color: #1c609a;\">Qual \u00e9 o estilo liter\u00e1rio de A Hora da Estrela?<\/span><\/h3>\n\n\n\n<p>Conhecemos Rodrigo nas primeiras 20 p\u00e1ginas. Nelas ele nos relata seus impasses para come\u00e7ar a escrever o drama de Macab\u00e9a.<\/p>\n\n\n\n<p>Ele nem mesmo havia decidido ainda qual seria o estilo para a narra\u00e7\u00e3o. Por fim, <strong>sua escolha foi a simplicidade.<\/strong><\/p>\n\n\n\n<blockquote class=\"wp-block-quote\"><p>\u201c\u00c9 claro que, como todo o escritor, tenho a tenta\u00e7\u00e3o de usar termos suculentos: conhe\u00e7o adjetivos esplendorosos, carnudos substantivos e verbos t\u00e3o esguios que atravessam agudos o ar [&#8230;] Mas n\u00e3o vou enfeitar a palavra [&#8230;] Tenho que falar simples. [&#8230;] Que ningu\u00e9m se engane, s\u00f3 consigo a simplicidade atrav\u00e9s de muito trabalho.\u201d<\/p><\/blockquote>\n\n\n\n<p>Rodrigo preocupou-se tamb\u00e9m com o tipo de estrutura com a qual organizaria sua narrativa.<\/p>\n\n\n\n<p>Clarice costumava optar por uma estrutura que revelava o psicol\u00f3gico das personagens, o subjetivo delas. Ele n\u00e3o. Quis faz\u00ea-lo da <strong>forma tradicional.<\/strong><\/p>\n\n\n\n<p>Segundo o modelo tradicional \u00e9 preciso um bom personagem que tenha a\u00e7\u00e3o sobre o mundo num sentido forte, que mude as coisas, que haja um grande final.<\/p>\n\n\n\n<p>Mas Macab\u00e9a \u00e9 med\u00edocre e o pr\u00f3prio Rodrigo v\u00e1rias vezes problematiza a mis\u00e9ria que \u00e9 a vida de Macab\u00e9a que ele vai narrar.<\/p>\n\n\n\n<p>A vida de Macab\u00e9a \u00e9 rala, n\u00e3o tem emo\u00e7\u00e3o, n\u00e3o \u00e9 coisa alguma e toda a cidade parece ser feita contra ela, a desprezada de todos, que viveu uma vida que n\u00e3o acrescenta algo a de outrem.<\/p>\n\n\n\n<p>Rodrigo sente outra coisa em rela\u00e7\u00e3o a Macab\u00e9a: culpa. <strong>Ele se sente respons\u00e1vel por sua pobreza interior e econ\u00f4mica.<\/strong><\/p>\n\n\n\n<p>Isso o atormenta. Deve ter sido poss\u00edvel perceber isso no resumo de A Hora da Estrela.<\/p>\n\n\n\n<blockquote class=\"wp-block-quote\"><p>\u201cSou um homem que tem mais dinheiro do que os que passam fome, o que faz de mim de algum modo um desonesto. A classe alta me tem como um monstro esquisito, a m\u00e9dia com desconfian\u00e7a de que eu possa desequilibr\u00e1-la, a classe baixa nunca vem a mim. [&#8230;]<\/p><p>Sou obrigado a procurar uma verdade que me ultrapassa. [&#8230;] A mo\u00e7a \u00e9 uma verdade da qual eu n\u00e3o queria saber. [&#8230;] N\u00e3o sei a quem acusar, mas deve haver um r\u00e9u. [&#8230;]\u201d<\/p><\/blockquote>\n\n\n\n<p>Este narrador escrevendo faz mais do que isso, ele se questiona.<\/p>\n\n\n\n<p>N\u00e3o s\u00f3 conta um drama social, a hist\u00f3ria da vida de uma jovem mo\u00e7a nordestina pobre e sem perspectiva.<\/p>\n\n\n\n<p>Para ele <strong>o livro \u00e9 uma pergunta e uma busca por autoconhecimento<\/strong> e \u00e9 por isso que ele tanto fala de si tamb\u00e9m.<\/p>\n\n\n\n<p>Trata-se de uma busca por conhecimento nas coisas externas, saindo um pouco da pr\u00f3pria interioridade.<\/p>\n\n\n\n<p>Para Rodrigo escrever \u00e9 tamb\u00e9m suspender um pouco a pr\u00f3pria morte.<\/p>\n\n\n\n<blockquote class=\"wp-block-quote\"><p><i>\u201cEscrevo porque sou um desesperado e estou cansado, n\u00e3o suporto mais a rotina de me ser e se n\u00e3o fosse a sempre novidade que \u00e9 escrever, eu me morreria simbolicamente todos os dias.\u201d<\/i><\/p><\/blockquote>\n\n\n\n<p>Ele tenta, mas acaba por sentir que fracassou na linguagem. Concluiu tamb\u00e9m que <strong>a literatura n\u00e3o resolve os problemas humanos.<\/strong><\/p>\n\n\n\n<p>Afinal, escrever esse livro n\u00e3o ajudou Clarice a se curar do C\u00e2ncer certo? Mais esta obra n\u00e3o lhe deu dias a mais de vida.<\/p>\n\n\n\n<p>Outra coisa complexa \u00e9 a rela\u00e7\u00e3o do narrador Rodrigo com sua Macab\u00e9a.<\/p>\n\n\n\n<p>Ele estabelece com ela um v\u00ednculo afetivo e a trata como algu\u00e9m que merece amor, miseric\u00f3rdia.<\/p>\n\n\n\n<p>Pode at\u00e9 se enraivecer com ela, afinal leva uma vida muito pat\u00e9tica, alienada.<\/p>\n\n\n\n<p>Tamb\u00e9m <strong>partilha com ela o drama da condi\u00e7\u00e3o humana, finita.<\/strong><\/p>\n\n\n\n<p>Nesta an\u00e1lise de A Hora da Estrela, ressaltamos que ele chega a se perguntar ao final da obra se ele vai morrer tamb\u00e9m.<\/p>\n\n\n\n<p>Rodrigo e Macab\u00e9a tamb\u00e9m se confundem.<\/p>\n\n\n\n<blockquote class=\"wp-block-quote\"><p>\u201cVejo a nordestina se olhando ao espelho e \u2013 um rufar de tambor \u2013 no espelho aparece o meu rosto cansado e barbudo. Tanto n\u00f3s nos intertrocamos. [&#8230;]\u201d<\/p><\/blockquote>\n\n\n\n<ul><li><a href=\"https:\/\/beduka.com\/blog\/dicas\/principais-autores-primeira-fase-modernismo\/\" target=\"_blank\" rel=\"noopener noreferrer\">Principais autores da primeira fase do modernismo<\/a><\/li><li><a href=\"https:\/\/beduka.com\/blog\/dicas\/principais-autores-segunda-fase-modernismo\/\" target=\"_blank\" rel=\"noopener noreferrer\">Principais autores da segunda fase do modernismo<\/a><\/li><\/ul>\n\n\n\n<h2 class=\"wp-block-heading\"><span style=\"color: #1c609a;\">Den\u00fancia social<\/span><\/h2>\n\n\n\n<p>A obra realiza uma den\u00fancia social, pois Clarice retrata uma situa\u00e7\u00e3o de uma migrante nordestina.<\/p>\n\n\n\n<p>Tenta uma vida melhor mas acaba se tornando uma miser\u00e1vel.<\/p>\n\n\n\n<p>At\u00e9 hoje <strong>\u00e9 comum que nordestinos venham tentar melhorar a vida na regi\u00e3o sul e sudeste<\/strong> do Brasil.<\/p>\n\n\n\n<p>H\u00e1 tamb\u00e9m uma cr\u00edtica \u00e0s pessoas que se apropriam do discurso de outras, mesmo n\u00e3o tendo passado pelo que elas passaram.<\/p>\n\n\n\n<p>O narrador Rodrigo S.M \u00e9, al\u00e9m de homem, um intelectual que est\u00e1 bem de vida sem problemas financeiros e se p\u00f5e a falar de uma mulher, pobre e burra.<\/p>\n\n\n\n<h2 class=\"wp-block-heading\"><span style=\"color: #1c609a;\">An\u00e1lise e resumo de A Hora da Estrela &#8211; Caracter\u00edsticas modernistas<\/span><\/h2>\n\n\n\n<ul><li><strong>Metafic\u00e7\u00e3o:<\/strong> N\u00e3o s\u00e3o fatos reais, mas toda a narrativa \u00e9 veross\u00edmil. Mesmo n\u00e3o sendo Macab\u00e9a uma pessoa real, sua vida se encaixa na de muitos brasileiros. At\u00e9 o narrador se sabe uma inven\u00e7\u00e3o.<\/li><li><strong>H\u00e1 tamb\u00e9m um fluxo de consci\u00eancia.<\/strong> Lendo voc\u00ea perceber\u00e1 que a representa\u00e7\u00e3o do pensamento n\u00e3o \u00e9 linear.<\/li><li>Embora a obra n\u00e3o revele subjetivismos <strong>h\u00e1 trechos com an\u00e1lise psicol\u00f3gica<\/strong> das personagens e certo intimismo.<\/li><li><strong>Metalinguismo:<\/strong> O narrador \u00e9 um personagem que cria e narra a vida de Macab\u00e9a, at\u00e9 se identifica com ela. O autor \u00e9 um narrador que fala em sua obra e nela mesma busca o autoconhecimento.<\/li><\/ul>\n\n\n\n<p><strong>Ufa!<\/strong> Gostou de aprender com este resumo de<strong> A Hora da Estrela de Clarice Lispector?<\/strong><\/p>\n\n\n\n<p>Ent\u00e3o treine com <strong>os melhores exerc\u00edcios sobre A Hora da Estrela selecionados para voc\u00ea!!!<\/strong><\/p>\n\n\n\n<h2 class=\"wp-block-heading\"><span style=\"color: #1c609a;\">Quest\u00f5es de vestibular sobre A Hora da Estrela<\/span><\/h2>\n\n\n\n<p><b>Quest\u00e3o 1<\/b>. <a href=\"https:\/\/www.fuvest.br\/\">(Fuvest)<\/a> \u201cA a\u00e7\u00e3o desta hist\u00f3ria ter\u00e1 como resultado minha transfigura\u00e7\u00e3o em outrem (\u2026)\u201d.<\/p>\n\n\n\n<p>Neste excerto de <i>A hora da estrela<\/i>, o narrador expressa uma de suas tend\u00eancias mais marcantes, que ele ir\u00e1 reiterar ao longo de todo o livro. Entre os trechos abaixo, o \u00fanico que N\u00c3O expressa tend\u00eancia correspondente \u00e9:<\/p>\n\n\n\n<p><strong>a)<\/strong> \u201cVejo a nordestina se olhando ao espelho e (\u2026) no espelho aparece o meu rosto cansado e barbudo. Tanto n\u00f3s nos intertrocamos\u201d.<\/p>\n\n\n\n<p><strong>b)<\/strong> \u201c\u00e9 paix\u00e3o minha ser o outro. No caso a outra\u201d.<\/p>\n\n\n\n<p><strong>c)<\/strong> \u201cEnquanto isso, Macab\u00e9a no ch\u00e3o parecia se tornar cada vez mais uma Macab\u00e9a, como se chegasse a si mesma\u201d.<\/p>\n\n\n\n<p><strong>d)<\/strong> \u201cQueiram os deuses que eu nunca descreva o l\u00e1zaro porque sen\u00e3o eu me cobriria de lepra\u201d.<\/p>\n\n\n\n<p><strong>e)<\/strong> \u201cEu te conhe\u00e7o at\u00e9 o osso por interm\u00e9dio de uma encanta\u00e7\u00e3o que vem de mim para ti\u201d.<\/p>\n\n\n\n<ul><li><a href=\"https:\/\/beduka.com\/blog\/exercicios\/questoes-vestibular-sobre-substantivo\/\" target=\"_blank\" rel=\"noopener noreferrer\">Quest\u00f5es de vestibular sobre substantivo <\/a><\/li><\/ul>\n\n\n\n<p><b>Quest\u00e3o 2 &#8211;<\/b>&nbsp;<a href=\"https:\/\/www.fuvest.br\/\">(Fuvest)<\/a> Sobre o narrador de <i>A hora da estrela<\/i>, de Clarice Lispector, pode-se afirmar que:<\/p>\n\n\n\n<p><strong>a)<\/strong> \u00e9 do tipo observador, pois revela n\u00e3o ter conhecimento sobre o que se passa no universo sentimental e ps\u00edquico da personagem (Macab\u00e9a).<\/p>\n\n\n\n<p><strong>b)<\/strong> \u00e9 onisciente, pois assume o papel de criador de uma vida, sobre a qual det\u00e9m todas as informa\u00e7\u00f5es; o poder da onisci\u00eancia \u00e9, para ele, fonte de satisfa\u00e7\u00e3o, pois Rodrigo S. percebe que os fatos dependem de seu arb\u00edtrio.<\/p>\n\n\n\n<p><strong>c)<\/strong> \u00e9 do tipo observador, pois limita-se a descrever superficialmente as emo\u00e7\u00f5es de Macab\u00e9a, o que fica evidente nas ocorr\u00eancias enigm\u00e1ticas do termo \u201cexplos\u00e3o\u201c, apresentado sempre entre par\u00eanteses.<\/p>\n\n\n\n<p><strong>d)<\/strong> constitui-se como um personagem, pois narra em primeira pessoa; n\u00e3o h\u00e1, entretanto, refer\u00eancias \u00e0 sua hist\u00f3ria pessoal, visto que seu objetivo \u00e9 falar sobre um personagem de fic\u00e7\u00e3o (Macab\u00e9a).<\/p>\n\n\n\n<p><strong>e)<\/strong> \u00e9 um dos personagens do livro; entretanto, ao apresentar-se n\u00e3o s\u00f3 como narrador, mas tamb\u00e9m como criador da hist\u00f3ria, problematiza a ess\u00eancia da literatura de fic\u00e7\u00e3o, que reside na recria\u00e7\u00e3o arbitr\u00e1ria do real.<\/p>\n\n\n\n<ul><li><a href=\"https:\/\/beduka.com\/blog\/exercicios\/exercicios-resolvidos-sobre-temperatura\/\" target=\"_blank\" rel=\"noopener noreferrer\">Exerc\u00edcios resolvidos sobre temperatura<\/a><\/li><\/ul>\n\n\n\n<p><b>Quest\u00e3o 3 &#8211;<\/b>&nbsp;<a href=\"https:\/\/www.pucrs.br\/\">(PUC-RS)<\/a> ___________, a personagem de Clarice Lispector em <i>A hora da estrela<\/i>, \u00e9 uma nordestina, pobre, feia, sem vida interior, incapaz de manter a rela\u00e7\u00e3o com o namorado.<\/p>\n\n\n\n<p>Sua \u201chora da estrela\u201d s\u00f3 acontece quando sai feliz e distra\u00edda da cartomante e ___________.<\/p>\n\n\n\n<p>No romance, os problemas existenciais est\u00e3o relacionados \u00e0s ___________ da mo\u00e7a.<\/p>\n\n\n\n<p>As lacunas podem ser correta e respectivamente preenchidas por:<\/p>\n\n\n\n<p><strong>a)<\/strong> Gabriela \u2013 \u00e9 assassinada e desaparece \u2013 cren\u00e7as religiosas.<\/p>\n\n\n\n<p><strong>b)<\/strong> Macab\u00e9a \u2013 \u00e9 atropelada e morre \u2013 condi\u00e7\u00f5es s\u00f3cioculturais.<\/p>\n\n\n\n<p><strong>c)<\/strong> Aurora \u2013 encontra Fernando e casa \u2013 debilidades f\u00edsicas.<\/p>\n\n\n\n<p><strong>d)<\/strong> Capitu \u2013 \u00e9 atropelada mas salva-se \u2013 dificuldades financeiras.<\/p>\n\n\n\n<p><strong>e)<\/strong> Diadorim \u2013 volta ao sert\u00e3o e vive s\u00f3 \u2013 necessidades econ\u00f4micas.<\/p>\n\n\n\n<ul><li><a href=\"https:\/\/beduka.com\/blog\/exercicios\/questoes-vestibular-sobre-roma-antiga\/\" target=\"_blank\" rel=\"noopener noreferrer\">Quest\u00f5es de vestibular sobre Roma antiga<\/a><\/li><\/ul>\n\n\n\n<p>Conseguiu acertar os exerc\u00edcios com ajuda do resumo de A Hora da Estrela? Confira o gabarito:<\/p>\n\n\n\n<p><strong>Exerc\u00edcio resolvido da quest\u00e3o 1 \u2013<\/strong><\/p>\n\n\n\n<p>Alternativa correta: <strong>c)<\/strong> \u201cEnquanto isso, Macab\u00e9a no ch\u00e3o parecia se tornar cada vez mais uma Macab\u00e9a, como se chegasse a si mesma\u201d.<\/p>\n\n\n\n<p><strong>Exerc\u00edcio resolvido da quest\u00e3o 2 \u2013<\/strong><\/p>\n\n\n\n<p>Alternativa correta: <strong>b)<\/strong> \u00e9 onisciente, pois assume o papel de criador de uma vida, sobre a qual det\u00e9m todas as informa\u00e7\u00f5es; o poder da onisci\u00eancia \u00e9, para ele, fonte de satisfa\u00e7\u00e3o, pois Rodrigo S. percebe que os fatos dependem de seu arb\u00edtrio.<\/p>\n\n\n\n<p><strong>Exerc\u00edcio resolvido da quest\u00e3o 3 \u2013<\/strong><\/p>\n\n\n\n<p>Alternativa correta: <strong>b)<\/strong> Macab\u00e9a \u2013 \u00e9 atropelada e morre \u2013 condi\u00e7\u00f5es s\u00f3cioculturais.<\/p>\n\n\n\n<p><strong>Confira ainda:<\/strong><\/p>\n\n\n\n<ul><li><a href=\"https:\/\/beduka.com\/blog\/vestibular\/quando-sai-resultado-fuvest-2019\/\" target=\"_blank\" rel=\"noopener noreferrer\">Quais palavras enriquecem uma reda\u00e7\u00e3o dissertativa argumentativa?<\/a><\/li><li><a href=\"https:\/\/beduka.com\/blog\/cursos\/melhores-universidades-sao-paulo\/\" target=\"_blank\" rel=\"noopener noreferrer\">Quais as melhores universidades de S\u00e3o Paulo?<\/a><\/li><\/ul>\n\n\n\n<p>Queremos te ajudar a encontrar a <strong>FACULDADE IDEAL<\/strong>! Logo abaixo, fa\u00e7a uma pesquisa por curso e cidade que te mostraremos todas as faculdades que podem te atender. <strong>Informamos a nota de corte, valor de mensalidade, nota do MEC, avalia\u00e7\u00e3o dos alunos, modalidades de ensino e muito mais.<\/strong><\/p>\n\n\n\n<p>Experimente agora!<\/p>\n","protected":false},"excerpt":{"rendered":"<p>A Hora de Estrela \u00e9 um romance liter\u00e1rio da escritora Clarice Lispector&nbsp;publicado em 1977. O romance narra a hist\u00f3ria da datil\u00f3grafa alagoana, Macab\u00e9a. Leia nosso resumo completo de A Hora da Estrela e ao final fa\u00e7a exerc\u00edcios selecionados para voc\u00ea. Neste artigo com o resumo de A hora da Estrela, voc\u00ea encontrar\u00e1: Lista de todos [&hellip;]<\/p>\n","protected":false},"author":1,"featured_media":2587,"comment_status":"open","ping_status":"open","sticky":false,"template":"","format":"standard","meta":{"_mi_skip_tracking":false,"_monsterinsights_sitenote_active":false,"_monsterinsights_sitenote_note":"","_monsterinsights_sitenote_category":0},"categories":[489],"tags":[572],"yoast_head":"<!-- This site is optimized with the Yoast SEO plugin v20.10 - https:\/\/yoast.com\/wordpress\/plugins\/seo\/ -->\n<title>Resumo de A Hora da Estrela de Clarice Lispector (AN\u00c1LISE COMPLETA)<\/title>\n<meta name=\"description\" content=\"Leia o mais completo resumo sobre a Hora da Estrela de Clarice Lispector. Conhe\u00e7a tudo sobre o livro e finalize com os melhores exerc\u00edcios sobre a obra.\" \/>\n<meta name=\"robots\" content=\"index, follow, max-snippet:-1, max-image-preview:large, max-video-preview:-1\" \/>\n<link rel=\"canonical\" href=\"https:\/\/beduka.com\/blog\/materias\/literatura\/resumo-de-a-hora-da-estrela\/\" \/>\n<meta property=\"og:locale\" content=\"pt_BR\" \/>\n<meta property=\"og:type\" content=\"article\" \/>\n<meta property=\"og:title\" content=\"Resumo de A Hora da Estrela de Clarice Lispector (AN\u00c1LISE COMPLETA)\" \/>\n<meta property=\"og:description\" content=\"Leia o mais completo resumo sobre a Hora da Estrela de Clarice Lispector. Conhe\u00e7a tudo sobre o livro e finalize com os melhores exerc\u00edcios sobre a obra.\" \/>\n<meta property=\"og:url\" content=\"https:\/\/beduka.com\/blog\/materias\/literatura\/resumo-de-a-hora-da-estrela\/\" \/>\n<meta property=\"og:site_name\" content=\"Blog do Beduka | Mat\u00e9rias resumidas, Dicas e Exerc\u00edcios Enem\" \/>\n<meta property=\"article:publisher\" content=\"https:\/\/www.facebook.com\/beduka.buscadordefaculdades\/\" \/>\n<meta property=\"article:author\" content=\"https:\/\/www.facebook.com\/beduka.buscadordefaculdades\" \/>\n<meta property=\"article:published_time\" content=\"2019-01-07T17:41:17+00:00\" \/>\n<meta property=\"article:modified_time\" content=\"2020-10-13T12:41:31+00:00\" \/>\n<meta property=\"og:image\" content=\"https:\/\/beduka.com\/blog\/wp-content\/uploads\/2019\/01\/resumo-de-a-hora-da-estrela.jpg\" \/>\n\t<meta property=\"og:image:width\" content=\"600\" \/>\n\t<meta property=\"og:image:height\" content=\"300\" \/>\n\t<meta property=\"og:image:type\" content=\"image\/jpeg\" \/>\n<meta name=\"author\" content=\"Reda\u00e7\u00e3o Beduka (a)\" \/>\n<meta name=\"twitter:card\" content=\"summary_large_image\" \/>\n<meta name=\"twitter:label1\" content=\"Escrito por\" \/>\n\t<meta name=\"twitter:data1\" content=\"Reda\u00e7\u00e3o Beduka (a)\" \/>\n\t<meta name=\"twitter:label2\" content=\"Est. tempo de leitura\" \/>\n\t<meta name=\"twitter:data2\" content=\"21 minutos\" \/>\n<script type=\"application\/ld+json\" class=\"yoast-schema-graph\">{\"@context\":\"https:\/\/schema.org\",\"@graph\":[{\"@type\":\"Article\",\"@id\":\"https:\/\/beduka.com\/blog\/materias\/literatura\/resumo-de-a-hora-da-estrela\/#article\",\"isPartOf\":{\"@id\":\"https:\/\/beduka.com\/blog\/materias\/literatura\/resumo-de-a-hora-da-estrela\/\"},\"author\":{\"name\":\"Reda\u00e7\u00e3o Beduka (a)\",\"@id\":\"https:\/\/beduka.com\/blog\/#\/schema\/person\/325d912d2cb8dd9ede8ab291427d2b8a\"},\"headline\":\"Resumo de A Hora da Estrela de Clarice Lispector (AN\u00c1LISE COMPLETA)\",\"datePublished\":\"2019-01-07T17:41:17+00:00\",\"dateModified\":\"2020-10-13T12:41:31+00:00\",\"mainEntityOfPage\":{\"@id\":\"https:\/\/beduka.com\/blog\/materias\/literatura\/resumo-de-a-hora-da-estrela\/\"},\"wordCount\":4225,\"commentCount\":0,\"publisher\":{\"@id\":\"https:\/\/beduka.com\/blog\/#organization\"},\"keywords\":[\"resumos\"],\"articleSection\":[\"Literatura\"],\"inLanguage\":\"pt-BR\",\"potentialAction\":[{\"@type\":\"CommentAction\",\"name\":\"Comment\",\"target\":[\"https:\/\/beduka.com\/blog\/materias\/literatura\/resumo-de-a-hora-da-estrela\/#respond\"]}]},{\"@type\":\"WebPage\",\"@id\":\"https:\/\/beduka.com\/blog\/materias\/literatura\/resumo-de-a-hora-da-estrela\/\",\"url\":\"https:\/\/beduka.com\/blog\/materias\/literatura\/resumo-de-a-hora-da-estrela\/\",\"name\":\"Resumo de A Hora da Estrela de Clarice Lispector (AN\u00c1LISE COMPLETA)\",\"isPartOf\":{\"@id\":\"https:\/\/beduka.com\/blog\/#website\"},\"datePublished\":\"2019-01-07T17:41:17+00:00\",\"dateModified\":\"2020-10-13T12:41:31+00:00\",\"description\":\"Leia o mais completo resumo sobre a Hora da Estrela de Clarice Lispector. Conhe\u00e7a tudo sobre o livro e finalize com os melhores exerc\u00edcios sobre a obra.\",\"breadcrumb\":{\"@id\":\"https:\/\/beduka.com\/blog\/materias\/literatura\/resumo-de-a-hora-da-estrela\/#breadcrumb\"},\"inLanguage\":\"pt-BR\",\"potentialAction\":[{\"@type\":\"ReadAction\",\"target\":[\"https:\/\/beduka.com\/blog\/materias\/literatura\/resumo-de-a-hora-da-estrela\/\"]}]},{\"@type\":\"BreadcrumbList\",\"@id\":\"https:\/\/beduka.com\/blog\/materias\/literatura\/resumo-de-a-hora-da-estrela\/#breadcrumb\",\"itemListElement\":[{\"@type\":\"ListItem\",\"position\":1,\"name\":\"Home\",\"item\":\"https:\/\/beduka.com\/blog\/\"},{\"@type\":\"ListItem\",\"position\":2,\"name\":\"Resumo de A Hora da Estrela de Clarice Lispector (AN\u00c1LISE COMPLETA)\"}]},{\"@type\":\"WebSite\",\"@id\":\"https:\/\/beduka.com\/blog\/#website\",\"url\":\"https:\/\/beduka.com\/blog\/\",\"name\":\"Blog do Beduka | Mat\u00e9rias resumidas, Dicas e Exerc\u00edcios Enem\",\"description\":\"O Blog do Beduka tem os conte\u00fados que mais caem no Enem, exerc\u00edcios de vestibular com gabarito, resumos, dicas e informa\u00e7\u00f5es Sisu, Prouni e Fies.Encontre dicas para o ENEM, resumos, exerc\u00edcios e informa\u00e7\u00f5es sobre os vestibulares. Acesse agora!\",\"publisher\":{\"@id\":\"https:\/\/beduka.com\/blog\/#organization\"},\"potentialAction\":[{\"@type\":\"SearchAction\",\"target\":{\"@type\":\"EntryPoint\",\"urlTemplate\":\"https:\/\/beduka.com\/blog\/?s={search_term_string}\"},\"query-input\":\"required name=search_term_string\"}],\"inLanguage\":\"pt-BR\"},{\"@type\":\"Organization\",\"@id\":\"https:\/\/beduka.com\/blog\/#organization\",\"name\":\"Beduka\",\"url\":\"https:\/\/beduka.com\/blog\/\",\"logo\":{\"@type\":\"ImageObject\",\"inLanguage\":\"pt-BR\",\"@id\":\"https:\/\/beduka.com\/blog\/#\/schema\/logo\/image\/\",\"url\":\"https:\/\/beduka.com\/blog\/wp-content\/uploads\/2020\/06\/marca-beduka.png\",\"contentUrl\":\"https:\/\/beduka.com\/blog\/wp-content\/uploads\/2020\/06\/marca-beduka.png\",\"width\":1077,\"height\":368,\"caption\":\"Beduka\"},\"image\":{\"@id\":\"https:\/\/beduka.com\/blog\/#\/schema\/logo\/image\/\"},\"sameAs\":[\"https:\/\/www.facebook.com\/beduka.buscadordefaculdades\/\",\"https:\/\/www.instagram.com\/beduka_oficial\/\",\"https:\/\/www.linkedin.com\/company\/beduka\",\"https:\/\/br.pinterest.com\/bedukaoficial\/\",\"https:\/\/www.youtube.com\/beduka\"]},{\"@type\":\"Person\",\"@id\":\"https:\/\/beduka.com\/blog\/#\/schema\/person\/325d912d2cb8dd9ede8ab291427d2b8a\",\"name\":\"Reda\u00e7\u00e3o Beduka (a)\",\"image\":{\"@type\":\"ImageObject\",\"inLanguage\":\"pt-BR\",\"@id\":\"https:\/\/beduka.com\/blog\/#\/schema\/person\/image\/\",\"url\":\"https:\/\/secure.gravatar.com\/avatar\/6f58a181ef24e0dc0bb73f096aa0f8b5?s=96&d=mm&r=g\",\"contentUrl\":\"https:\/\/secure.gravatar.com\/avatar\/6f58a181ef24e0dc0bb73f096aa0f8b5?s=96&d=mm&r=g\",\"caption\":\"Reda\u00e7\u00e3o Beduka (a)\"},\"description\":\"Este conte\u00fado foi criado e validado por uma equipe multidisciplinar, formada por especialistas em cada \u00e1rea do conhecimento. O Beduka est\u00e1 presente no Instagram, YouTube, LinkedIn e em diversos outros ambientes digitais. O site foi criado em 2017 e, desde a sua funda\u00e7\u00e3o, atua para fornecer materiais de qualidade para facilitar a vida de estudantes de todo o Brasil, ajudando-os a se preparar para os principais vestibulares e o Enem.\",\"sameAs\":[\"https:\/\/www.facebook.com\/beduka.buscadordefaculdades\",\"https:\/\/www.instagram.com\/beduka_oficial\/\",\"https:\/\/br.pinterest.com\/bedukaoficial\/\"],\"url\":\"https:\/\/beduka.com\/blog\/author\/admin\/\"}]}<\/script>\n<!-- \/ Yoast SEO plugin. -->","yoast_head_json":{"title":"Resumo de A Hora da Estrela de Clarice Lispector (AN\u00c1LISE COMPLETA)","description":"Leia o mais completo resumo sobre a Hora da Estrela de Clarice Lispector. Conhe\u00e7a tudo sobre o livro e finalize com os melhores exerc\u00edcios sobre a obra.","robots":{"index":"index","follow":"follow","max-snippet":"max-snippet:-1","max-image-preview":"max-image-preview:large","max-video-preview":"max-video-preview:-1"},"canonical":"https:\/\/beduka.com\/blog\/materias\/literatura\/resumo-de-a-hora-da-estrela\/","og_locale":"pt_BR","og_type":"article","og_title":"Resumo de A Hora da Estrela de Clarice Lispector (AN\u00c1LISE COMPLETA)","og_description":"Leia o mais completo resumo sobre a Hora da Estrela de Clarice Lispector. Conhe\u00e7a tudo sobre o livro e finalize com os melhores exerc\u00edcios sobre a obra.","og_url":"https:\/\/beduka.com\/blog\/materias\/literatura\/resumo-de-a-hora-da-estrela\/","og_site_name":"Blog do Beduka | Mat\u00e9rias resumidas, Dicas e Exerc\u00edcios Enem","article_publisher":"https:\/\/www.facebook.com\/beduka.buscadordefaculdades\/","article_author":"https:\/\/www.facebook.com\/beduka.buscadordefaculdades","article_published_time":"2019-01-07T17:41:17+00:00","article_modified_time":"2020-10-13T12:41:31+00:00","og_image":[{"width":600,"height":300,"url":"https:\/\/beduka.com\/blog\/wp-content\/uploads\/2019\/01\/resumo-de-a-hora-da-estrela.jpg","type":"image\/jpeg"}],"author":"Reda\u00e7\u00e3o Beduka (a)","twitter_card":"summary_large_image","twitter_misc":{"Escrito por":"Reda\u00e7\u00e3o Beduka (a)","Est. tempo de leitura":"21 minutos"},"schema":{"@context":"https:\/\/schema.org","@graph":[{"@type":"Article","@id":"https:\/\/beduka.com\/blog\/materias\/literatura\/resumo-de-a-hora-da-estrela\/#article","isPartOf":{"@id":"https:\/\/beduka.com\/blog\/materias\/literatura\/resumo-de-a-hora-da-estrela\/"},"author":{"name":"Reda\u00e7\u00e3o Beduka (a)","@id":"https:\/\/beduka.com\/blog\/#\/schema\/person\/325d912d2cb8dd9ede8ab291427d2b8a"},"headline":"Resumo de A Hora da Estrela de Clarice Lispector (AN\u00c1LISE COMPLETA)","datePublished":"2019-01-07T17:41:17+00:00","dateModified":"2020-10-13T12:41:31+00:00","mainEntityOfPage":{"@id":"https:\/\/beduka.com\/blog\/materias\/literatura\/resumo-de-a-hora-da-estrela\/"},"wordCount":4225,"commentCount":0,"publisher":{"@id":"https:\/\/beduka.com\/blog\/#organization"},"keywords":["resumos"],"articleSection":["Literatura"],"inLanguage":"pt-BR","potentialAction":[{"@type":"CommentAction","name":"Comment","target":["https:\/\/beduka.com\/blog\/materias\/literatura\/resumo-de-a-hora-da-estrela\/#respond"]}]},{"@type":"WebPage","@id":"https:\/\/beduka.com\/blog\/materias\/literatura\/resumo-de-a-hora-da-estrela\/","url":"https:\/\/beduka.com\/blog\/materias\/literatura\/resumo-de-a-hora-da-estrela\/","name":"Resumo de A Hora da Estrela de Clarice Lispector (AN\u00c1LISE COMPLETA)","isPartOf":{"@id":"https:\/\/beduka.com\/blog\/#website"},"datePublished":"2019-01-07T17:41:17+00:00","dateModified":"2020-10-13T12:41:31+00:00","description":"Leia o mais completo resumo sobre a Hora da Estrela de Clarice Lispector. Conhe\u00e7a tudo sobre o livro e finalize com os melhores exerc\u00edcios sobre a obra.","breadcrumb":{"@id":"https:\/\/beduka.com\/blog\/materias\/literatura\/resumo-de-a-hora-da-estrela\/#breadcrumb"},"inLanguage":"pt-BR","potentialAction":[{"@type":"ReadAction","target":["https:\/\/beduka.com\/blog\/materias\/literatura\/resumo-de-a-hora-da-estrela\/"]}]},{"@type":"BreadcrumbList","@id":"https:\/\/beduka.com\/blog\/materias\/literatura\/resumo-de-a-hora-da-estrela\/#breadcrumb","itemListElement":[{"@type":"ListItem","position":1,"name":"Home","item":"https:\/\/beduka.com\/blog\/"},{"@type":"ListItem","position":2,"name":"Resumo de A Hora da Estrela de Clarice Lispector (AN\u00c1LISE COMPLETA)"}]},{"@type":"WebSite","@id":"https:\/\/beduka.com\/blog\/#website","url":"https:\/\/beduka.com\/blog\/","name":"Blog do Beduka | Mat\u00e9rias resumidas, Dicas e Exerc\u00edcios Enem","description":"O Blog do Beduka tem os conte\u00fados que mais caem no Enem, exerc\u00edcios de vestibular com gabarito, resumos, dicas e informa\u00e7\u00f5es Sisu, Prouni e Fies.Encontre dicas para o ENEM, resumos, exerc\u00edcios e informa\u00e7\u00f5es sobre os vestibulares. Acesse agora!","publisher":{"@id":"https:\/\/beduka.com\/blog\/#organization"},"potentialAction":[{"@type":"SearchAction","target":{"@type":"EntryPoint","urlTemplate":"https:\/\/beduka.com\/blog\/?s={search_term_string}"},"query-input":"required name=search_term_string"}],"inLanguage":"pt-BR"},{"@type":"Organization","@id":"https:\/\/beduka.com\/blog\/#organization","name":"Beduka","url":"https:\/\/beduka.com\/blog\/","logo":{"@type":"ImageObject","inLanguage":"pt-BR","@id":"https:\/\/beduka.com\/blog\/#\/schema\/logo\/image\/","url":"https:\/\/beduka.com\/blog\/wp-content\/uploads\/2020\/06\/marca-beduka.png","contentUrl":"https:\/\/beduka.com\/blog\/wp-content\/uploads\/2020\/06\/marca-beduka.png","width":1077,"height":368,"caption":"Beduka"},"image":{"@id":"https:\/\/beduka.com\/blog\/#\/schema\/logo\/image\/"},"sameAs":["https:\/\/www.facebook.com\/beduka.buscadordefaculdades\/","https:\/\/www.instagram.com\/beduka_oficial\/","https:\/\/www.linkedin.com\/company\/beduka","https:\/\/br.pinterest.com\/bedukaoficial\/","https:\/\/www.youtube.com\/beduka"]},{"@type":"Person","@id":"https:\/\/beduka.com\/blog\/#\/schema\/person\/325d912d2cb8dd9ede8ab291427d2b8a","name":"Reda\u00e7\u00e3o Beduka (a)","image":{"@type":"ImageObject","inLanguage":"pt-BR","@id":"https:\/\/beduka.com\/blog\/#\/schema\/person\/image\/","url":"https:\/\/secure.gravatar.com\/avatar\/6f58a181ef24e0dc0bb73f096aa0f8b5?s=96&d=mm&r=g","contentUrl":"https:\/\/secure.gravatar.com\/avatar\/6f58a181ef24e0dc0bb73f096aa0f8b5?s=96&d=mm&r=g","caption":"Reda\u00e7\u00e3o Beduka (a)"},"description":"Este conte\u00fado foi criado e validado por uma equipe multidisciplinar, formada por especialistas em cada \u00e1rea do conhecimento. O Beduka est\u00e1 presente no Instagram, YouTube, LinkedIn e em diversos outros ambientes digitais. O site foi criado em 2017 e, desde a sua funda\u00e7\u00e3o, atua para fornecer materiais de qualidade para facilitar a vida de estudantes de todo o Brasil, ajudando-os a se preparar para os principais vestibulares e o Enem.","sameAs":["https:\/\/www.facebook.com\/beduka.buscadordefaculdades","https:\/\/www.instagram.com\/beduka_oficial\/","https:\/\/br.pinterest.com\/bedukaoficial\/"],"url":"https:\/\/beduka.com\/blog\/author\/admin\/"}]}},"_links":{"self":[{"href":"https:\/\/beduka.com\/blog\/wp-json\/wp\/v2\/posts\/2586"}],"collection":[{"href":"https:\/\/beduka.com\/blog\/wp-json\/wp\/v2\/posts"}],"about":[{"href":"https:\/\/beduka.com\/blog\/wp-json\/wp\/v2\/types\/post"}],"author":[{"embeddable":true,"href":"https:\/\/beduka.com\/blog\/wp-json\/wp\/v2\/users\/1"}],"replies":[{"embeddable":true,"href":"https:\/\/beduka.com\/blog\/wp-json\/wp\/v2\/comments?post=2586"}],"version-history":[{"count":13,"href":"https:\/\/beduka.com\/blog\/wp-json\/wp\/v2\/posts\/2586\/revisions"}],"predecessor-version":[{"id":18331,"href":"https:\/\/beduka.com\/blog\/wp-json\/wp\/v2\/posts\/2586\/revisions\/18331"}],"wp:featuredmedia":[{"embeddable":true,"href":"https:\/\/beduka.com\/blog\/wp-json\/wp\/v2\/media\/2587"}],"wp:attachment":[{"href":"https:\/\/beduka.com\/blog\/wp-json\/wp\/v2\/media?parent=2586"}],"wp:term":[{"taxonomy":"category","embeddable":true,"href":"https:\/\/beduka.com\/blog\/wp-json\/wp\/v2\/categories?post=2586"},{"taxonomy":"post_tag","embeddable":true,"href":"https:\/\/beduka.com\/blog\/wp-json\/wp\/v2\/tags?post=2586"}],"curies":[{"name":"wp","href":"https:\/\/api.w.org\/{rel}","templated":true}]}}