{"id":27135,"date":"2022-10-05T06:10:25","date_gmt":"2022-10-05T09:10:25","guid":{"rendered":"https:\/\/beduka.com\/blog\/?p=27135"},"modified":"2022-10-05T06:10:27","modified_gmt":"2022-10-05T09:10:27","slug":"como-usar-a-virgula-e-o-ponto-final-corretamente","status":"publish","type":"post","link":"https:\/\/beduka.com\/blog\/materias\/portugues\/como-usar-a-virgula-e-o-ponto-final-corretamente\/","title":{"rendered":"Como usar a v\u00edrgula e o ponto final corretamente? Aprenda de um modo real e eficaz"},"content":{"rendered":"\n<blockquote class=\"wp-block-quote\"><p><strong><em>Uma das quest\u00f5es mais complicadas de um estudante ou vestibulando \u00e9 usar a pontua\u00e7\u00e3o corretamente. Os sinais gr\u00e1ficos mais importantes s\u00e3o a v\u00edrgula e o ponto final. N\u00e3o tem como escrever uma reda\u00e7\u00e3o sem eles. Para que voc\u00ea n\u00e3o erre e perca pontos no Enem, vamos te ensinar a como usar v\u00edrgula e o ponto final corretamente.<\/em><\/strong><\/p><\/blockquote>\n\n\n\n<p>Preparamos este artigo incr\u00edvel para voc\u00ea que deseja descobrir como usar a v\u00edrgula&nbsp; e o ponto final corretamente. Tem bastante conte\u00fado pela frente, ent\u00e3o,<strong> clique em um dos t\u00f3picos para ir diretamente ao que deseja:<\/strong><\/p>\n\n\n\n<ol><li><a href=\"#import\u00e2ncia\" data-type=\"internal\" data-id=\"#import\u00e2ncia\">Qual a import\u00e2ncia de usar a v\u00edrgula e o ponto final corretamente?<\/a><\/li><li><a href=\"#usar-a-v\u00edrgula?-\" data-type=\"internal\" data-id=\"#usar-a-v\u00edrgula?-\">Quando usar a v\u00edrgula? Os 7 principais casos<\/a><\/li><li><a href=\"#\u00e3o-usar-\" data-type=\"internal\" data-id=\"#\u00e3o-usar-\">Quando n\u00e3o usar a v\u00edrgula?<\/a><\/li><li><a href=\"#serve\" data-type=\"internal\" data-id=\"#serve\">Para que serve e quando eu devo utilizar o ponto final?<\/a><\/li><li><a href=\"#pode\" data-type=\"internal\" data-id=\"#pode\">O Beduka pode te conectar \u00e0 faculdade! (Descontos de at\u00e9 65%)<\/a><\/li><\/ol>\n\n\n\n<p>Uma das formas de &nbsp;entender como usar a v\u00edrgula e o ponto final corretamente \u00e9 fazendo reda\u00e7\u00f5es.<strong> Para isso, utilize o nosso<\/strong><a href=\"https:\/\/beduka.com\/blog\/dicas\/redacao-enem\/\" target=\"_blank\" rel=\"noreferrer noopener\"><strong> Guia de Reda\u00e7\u00e3o<\/strong><\/a><strong>!<\/strong> Ele vai fazer toda a diferen\u00e7a nos seus estudos.<\/p>\n\n\n\n<h2 class=\"wp-block-heading\" id=\"import\u00e2ncia\">Qual a import\u00e2ncia de usar a v\u00edrgula e o ponto final?<\/h2>\n\n\n\n<p>Usar a v\u00edrgula e o ponto final corretamente<strong> \u00e9 fundamental para escrever textos que possam ser compreendidos.<\/strong> Pois, o emprego errado de um dos dois pode alterar totalmente o sentido da frase.<\/p>\n\n\n\n<p>Quem vai fazer o<a href=\"https:\/\/www.gov.br\/inep\/pt-br\/areas-de-atuacao\/avaliacao-e-exames-educacionais\/enem\" target=\"_blank\" rel=\"noreferrer noopener\"> Enem<\/a> ou outro vestibular ent\u00e3o nem se fala! N\u00e3o dominar o assunto \u00e9 a mesma coisa que perder pontos na reda\u00e7\u00e3o.<\/p>\n\n\n\n<p>Mas a verdade \u00e9 que saber aplicar a <a href=\"https:\/\/beduka.com\/blog\/exercicios\/exercicios-de-pontuacao\/\" target=\"_blank\" rel=\"noreferrer noopener\">pontua\u00e7\u00e3o<\/a> \u00e9 importante para todos. N\u00e3o d\u00e1 para escrever sem utilizar esses sinais gr\u00e1ficos. E n\u00e3o vivemos sem escrever.&nbsp;<\/p>\n\n\n\n<p>Afinal, <strong>at\u00e9 em mensagens de whatsapp \u00e9 preciso us\u00e1-las. <\/strong>Por isso, neste artigo vamos te ensinar como usar a v\u00edrgula e o ponto final corretamente de uma forma que voc\u00ea nunca mais tenha d\u00favidas.<\/p>\n\n\n\n<h3 class=\"wp-block-heading\">O que \u00e9 v\u00edrgula?<\/h3>\n\n\n\n<p><strong>V\u00edrgula \u00e9 um dos sinais gr\u00e1ficos que mais causam confus\u00e3o.<\/strong> Podemos dizer que ela \u00e9 a campe\u00e3 de erros.&nbsp;<\/p>\n\n\n\n<p>E, ao contr\u00e1rio do que muita gente pensa, ela n\u00e3o \u00e9 usada para te ajudar a respirar durante a leitura.<\/p>\n\n\n\n<p><strong>H\u00e1 casos espec\u00edficos nos quais voc\u00ea deve empreg\u00e1-la.<\/strong> Vamos te explicar todos eles nos pr\u00f3ximos t\u00f3picos deste artigo sobre <strong>&nbsp;<\/strong>como usar a v\u00edrgula e o ponto final corretamente.<\/p>\n\n\n\n<h3 class=\"wp-block-heading\">O que \u00e9 ponto final?&nbsp;<\/h3>\n\n\n\n<p>O <a href=\"https:\/\/beduka.com\/blog\/materias\/portugues\/todos-os-sinais-de-pontuacao\/\" target=\"_blank\" rel=\"noreferrer noopener\">ponto final <\/a>propriamente dito tem uma utiliza\u00e7\u00e3o imposs\u00edvel de errar: ele marca o t\u00e9rmino de um texto.<strong> <\/strong>S\u00f3 que h\u00e1 um por\u00e9m, <strong>o mesmo sinal gr\u00e1fico simboliza diferentes tipos de pausas.<\/strong><\/p>\n\n\n\n<p>Logo, acabamos tendo algumas diferencia\u00e7\u00f5es em termo de nomenclatura. Por isso, o mesmo pode ser: <strong>ponto par\u00e1grafo, ponto continuativo ou ponto final.&nbsp;<\/strong><\/p>\n\n\n\n<p>E para que a gente n\u00e3o fique restrito ao estudo de algo t\u00e3o simples, vamos abranger o ensino de como utiliz\u00e1-lo: <strong>voc\u00ea vai entender como empreg\u00e1-lo nos tr\u00eas casos<\/strong>.<\/p>\n\n\n\n<p>Sendo assim, vamos considerar a seguinte defini\u00e7\u00e3o:<strong> ele marca o final de per\u00edodos, par\u00e1grafos ou textos.&nbsp;&nbsp;<\/strong><\/p>\n\n\n\n<h2 class=\"wp-block-heading\" id=\"usar-a-v\u00edrgula?-\">Quando usar a v\u00edrgula? Os 7 principais casos<\/h2>\n\n\n\n<h3 class=\"wp-block-heading\">1 &#8211; Para separar vocativo<\/h3>\n\n\n\n<p>Como o pr\u00f3prio nome j\u00e1 diz, vocativo \u00e9 um termo referente ao chamado que se faz a algu\u00e9m em uma frase. E, <strong>quando isso acontece, voc\u00ea deve isolar o nome utilizando uma <\/strong><a href=\"https:\/\/beduka.com\/blog\/materias\/portugues\/uso-da-virgula\/\" target=\"_blank\" rel=\"noreferrer noopener\"><strong>v\u00edrgula<\/strong><\/a><strong>.<\/strong> Exemplos:<\/p>\n\n\n\n<ul><li>Jo\u00e3o, fale mais baixo.<\/li><li>Jos\u00e9, fa\u00e7a o exerc\u00edcio.<\/li><li>Povo brasileiro, vote direito!<\/li><\/ul>\n\n\n\n<p>Essa \u00e9 uma das regrinhas mais f\u00e1ceis de como usar a v\u00edrgula e o ponto final corretamente. H\u00e1 um chamado? Ent\u00e3o, h\u00e1 v\u00edrgula.<\/p>\n\n\n\n<h3 class=\"wp-block-heading\">2 &#8211; Para separar aposto<\/h3>\n\n\n\n<p>Outra regrinha super simples sobre<strong> <\/strong>como usar a v\u00edrgula e o ponto final corretamente \u00e9 o <strong>isolamento de<\/strong><a href=\"https:\/\/beduka.com\/blog\/exercicios\/exercicios-sobre-aposto-e-vocativo\/\" target=\"_blank\" rel=\"noreferrer noopener\"><strong> aposto<\/strong>.&nbsp;<\/a><\/p>\n\n\n\n<p>O aposto ocorre quando h\u00e1 uma especifica\u00e7\u00e3o relacionada ao sujeito. Geralmente \u00e9 o encontro de dois sintagmas nominais, ou seja, o encontro de termos nominais (sem verbos). Exemplos:<\/p>\n\n\n\n<ul><li>Jo\u00e3o, o rei das meninas, come\u00e7ou a namorar.<\/li><li>Ana, minha melhor aluna, tirou nota baixa.<\/li><\/ul>\n\n\n\n<p>Perceba que a v\u00edrgula ajuda a organizar a ideia, <strong>ela isola e at\u00e9 mesmo d\u00e1 \u00eanfase a uma informa\u00e7\u00e3o adicional sobre o sujeito.&nbsp;<\/strong><\/p>\n\n\n\n<h3 class=\"wp-block-heading\">3 &#8211; Para separar ora\u00e7\u00f5es intercaladas<\/h3>\n\n\n\n<p>Ora\u00e7\u00f5es intercaladas s\u00e3o aquelas que aparecem no meio de ora\u00e7\u00f5es principais e representam uma informa\u00e7\u00e3o a mais. Geralmente, um coment\u00e1rio.&nbsp;<\/p>\n\n\n\n<p>Quando elas aparecem em uma constru\u00e7\u00e3o textual, \u00e9 preciso separ\u00e1-las atrav\u00e9s da utiliza\u00e7\u00e3o de uma v\u00edrgula no in\u00edcio e outra no final. Exemplo:<\/p>\n\n\n\n<ul><li>Voc\u00ea precisa, vou dizer pela mil\u00e9sima vez, melhorar a sua alimenta\u00e7\u00e3o.<\/li><\/ul>\n\n\n\n<h3 class=\"wp-block-heading\">4 &#8211; Para separar ora\u00e7\u00f5es adjetivas explicativas<\/h3>\n\n\n\n<p>Esse \u00e9 um dos casos um pouco mais complicadinhos de como usar a v\u00edrgula e o ponto final corretamente, mas vamos te ensinar de uma forma que voc\u00ea vai entender rapidinho.<\/p>\n\n\n\n<p><a href=\"https:\/\/beduka.com\/blog\/materias\/portugues\/oracoes-coordenadas-e-subordinadas\/#:~:text=Ora%C3%A7%C3%A3o%20subordinada%20adjetiva%20explicativa,haja%20modifica%C3%A7%C3%A3o%20em%20seu%20sentido.\" target=\"_blank\" rel=\"noreferrer noopener\">Ora\u00e7\u00f5es explicativas<\/a>, como o nome mesmo j\u00e1 diz,<strong> explicam algo sobre o <\/strong><a href=\"https:\/\/beduka.com\/blog\/tag\/exercicios-sobre-sujeito-e-predicado\/\" target=\"_blank\" rel=\"noreferrer noopener\"><strong>sujeito<\/strong><\/a><strong>.<\/strong> E explicar \u00e9 um pouco diferente de definir (o que ocorre no caso dos apostos).&nbsp;<\/p>\n\n\n\n<p>Explicar demanda uma constru\u00e7\u00e3o sint\u00e1tica um pouco maior, <strong>logo, h\u00e1 mais termos.<\/strong> E um dos termos \u00e9 o pronome relativo \u201cque\u201d. Essas ora\u00e7\u00f5es sempre ser\u00e3o iniciadas por ele.&nbsp;<\/p>\n\n\n\n<p>Elas tamb\u00e9m t\u00eam a presen\u00e7a de um verbo. Veja como funciona atrav\u00e9s dos exemplos:<\/p>\n\n\n\n<ul><li>Joaquina, que \u00e9 uma das alunas mais brilhantes daqui, acabou cometendo um erro.&nbsp;<\/li><\/ul>\n\n\n\n<p>Viu? \u00c9 super f\u00e1cil de identificar. Ela apenas explica algo sobre um sujeito com o aux\u00edlio do pronome relativo e do verbo ser. <strong>Quando ela surgir, a separe com o uso das v\u00edrgulas.&nbsp;<\/strong><\/p>\n\n\n\n<h3 class=\"wp-block-heading\">5 &#8211; Para separar ora\u00e7\u00f5es subordinadas adverbiais<\/h3>\n\n\n\n<p>Mais uma regrinha super f\u00e1cil sobre como usar a v\u00edrgula e o ponto final corretamente. Aposto que voc\u00ea est\u00e1 pensando que isso \u00e9 super complexo, mas n\u00e3o \u00e9. Siga a leitura.<\/p>\n\n\n\n<p><strong>Basta voc\u00ea aprender a identificar esse tipo de ora\u00e7\u00e3o. <\/strong>Elas s\u00e3o ora\u00e7\u00f5es porque possuem verbo, mas, no final, a fun\u00e7\u00e3o delas \u00e9 de adv\u00e9rbio mesmo. Ou seja, trazem circunst\u00e2ncias que afetam os acontecimentos da ora\u00e7\u00e3o principal.&nbsp;<\/p>\n\n\n\n<p>Exemplo:<\/p>\n\n\n\n<ul><li>Quando eu passar no vestibular, irei viajar.<\/li><\/ul>\n\n\n\n<p>Caso essas ora\u00e7\u00f5es apare\u00e7am no final da frase,<strong> a v\u00edrgula \u00e9 totalmente dispens\u00e1vel.&nbsp;&nbsp;<\/strong><\/p>\n\n\n\n<h3 class=\"wp-block-heading\">6 &#8211; Para separar ora\u00e7\u00f5es coordenadas assind\u00e9ticas<\/h3>\n\n\n\n<p>Essa \u00e9 a top 1 das regras mais f\u00e1ceis de como usar a v\u00edrgula e o ponto final corretamente. <a href=\"https:\/\/beduka.com\/blog\/materias\/portugues\/o-que-sao-oracoes-coordenadas\/#:~:text=Ora%C3%A7%C3%B5es%20coordenadas%20s%C3%A3o%20ora%C3%A7%C3%B5es%20que,e%20n%C3%A3o%20dependendo%20da%20outra.\" target=\"_blank\" rel=\"noreferrer noopener\"><strong>Ora\u00e7\u00f5es coordenadas<\/strong><\/a><strong> s\u00e3o aquelas que possuem um sentido completo<\/strong>, isto \u00e9, s\u00e3o totalmente independentes.&nbsp;<\/p>\n\n\n\n<p><strong>Elas tamb\u00e9m n\u00e3o possuem <\/strong><a href=\"https:\/\/beduka.com\/blog\/materias\/portugues\/o-que-e-conjuncao\/\" target=\"_blank\" rel=\"noreferrer noopener\"><strong>conjun\u00e7\u00f5es<\/strong><\/a>. Logo, a separa\u00e7\u00e3o \u00e9 feita \u00fanica e exclusivamente por v\u00edrgulas. Exemplo:<\/p>\n\n\n\n<ul><li>Fui ao mercado, almocei, comprei algumas coisas, cansei.<\/li><\/ul>\n\n\n\n<p><strong>N\u00e3o tem erro!&nbsp;<\/strong><\/p>\n\n\n\n<h3 class=\"wp-block-heading\">7 &#8211; Para separar datas<\/h3>\n\n\n\n<p>Toda vez que voc\u00ea encontrar ou produzir ora\u00e7\u00f5es que possuam datas antecedidas de substantivos que indiquem local,&nbsp; lembre-se de colocar uma v\u00edrgula antes da data. Exemplo:<\/p>\n\n\n\n<ul><li>Paris, 06 de fevereiro de 2018.<\/li><\/ul>\n\n\n\n<p>N\u00e3o podemos encerrar esse assunto sobre como usar a v\u00edrgula e o ponto final corretamente sem antes te dizer quando n\u00e3o us\u00e1-la. <strong>Veja no pr\u00f3ximo t\u00f3pico!<\/strong><\/p>\n\n\n\n<h2 class=\"wp-block-heading\" id=\"\u00e3o-usar-\">Quando n\u00e3o usar a v\u00edrgula?<\/h2>\n\n\n\n<p>Como usar a v\u00edrgula e o ponto final corretamente passa pelo caminho de <strong>saber quando n\u00e3o us\u00e1-la tamb\u00e9m<\/strong>.&nbsp;<\/p>\n\n\n\n<p>Afinal, \u00e0s vezes \u00e9 pior us\u00e1-la indevidamente do que esquecer de us\u00e1-la em uma situa\u00e7\u00e3o que a exige. <strong>Ent\u00e3o, vamos l\u00e1.<\/strong><\/p>\n\n\n\n<h3 class=\"wp-block-heading\">1 &#8211; Nunca utilize a v\u00edrgula para separar sujeito de predicado<\/h3>\n\n\n\n<p>Mas veja bem, isso s\u00f3 vale se a ora\u00e7\u00e3o estiver na ordem direta e convencional (sujeito + verbo intransitivo ou <a href=\"https:\/\/beduka.com\/blog\/materias\/portugues\/termos-da-oracao\/\" target=\"_blank\" rel=\"noreferrer noopener\">sujeito<\/a> + verbo + objeto). Veja o exemplo:<\/p>\n\n\n\n<ul><li>Jo\u00e3o, disse que estava com calor. (INCORRETO).<\/li><\/ul>\n\n\n\n<p>Perceba que temos uma ora\u00e7\u00e3o do tipo S+V+O (sujeito + verbo + objeto), <strong>logo a v\u00edrgula \u00e9 inaceit\u00e1vel.&nbsp;<\/strong><\/p>\n\n\n\n<h3 class=\"wp-block-heading\">2 &#8211; Nunca separe o verbo do complemento<\/h3>\n\n\n\n<p>Os verbos que exigem complemento s\u00e3o aqueles que, para serem entendidos, precisam de uma informa\u00e7\u00e3o imediata. <strong>J\u00e1 pensou eu falar \u201cVoc\u00ea deve\u201d e, s\u00f3 depois de falar sobre outros assuntos, completar com \u201cestudar esse conte\u00fado\u201d.&nbsp;<\/strong><\/p>\n\n\n\n<p>Eu estaria quebrando um discurso, e voc\u00ea n\u00e3o me entenderia. \u00c9 <strong>isso que acontece quando colocamos uma v\u00edrgula depois de um verbo transitivo<\/strong>, seja ele direto ou indireto. Veja exemplos como usar a v\u00edrgula e o ponto final corretamente:&nbsp;<\/p>\n\n\n\n<ul><li>Ele comprou, um carro. (INCORRETO)<\/li><li>Ele comprou verduras. (CORRETO)<\/li><li>A professora pediu, a Jo\u00e3o, um peda\u00e7o de papel. (INCORRETO)<\/li><li>A professora pediu a Maria uma caneta vermelha. (CORRETO)<\/li><\/ul>\n\n\n\n<p>No caso do verbo pedir, temos uma estrutura um pouquinho mais complicada. Quem pede, pede algo a algu\u00e9m. Logo, temos dois complementos. Para saber mais sobre predicados, acesse os artigos:<\/p>\n\n\n\n<ul><li><a href=\"https:\/\/beduka.com\/blog\/materias\/portugues\/verbos-transitivos-e-intransitivos\/\" target=\"_blank\" rel=\"noreferrer noopener\">O que s\u00e3o verbos transitivos e intransitivos<\/a>;<\/li><li><a href=\"https:\/\/beduka.com\/blog\/materias\/portugues\/o-que-e-verbo-transitivo-direto\/\" target=\"_blank\" rel=\"noreferrer noopener\">O que \u00e9 verbo transitivo direto<\/a>;<\/li><li><a href=\"https:\/\/beduka.com\/blog\/materias\/portugues\/o-que-e-verbo-transitivo-indireto\/\" target=\"_blank\" rel=\"noreferrer noopener\">O que \u00e9 verbo transitivo indireto<\/a>.<\/li><\/ul>\n\n\n\n<h2 class=\"wp-block-heading\" id=\"serve-\">Para que serve e quando eu devo utilizar o ponto final?<\/h2>\n\n\n\n<p>A gente j\u00e1 conversou um pouco sobre isso l\u00e1 no in\u00edcio deste artigo, o <strong>sinal gr\u00e1fico (.) \u00e9 utilizado para marcar o fim de uma ideia.<\/strong> Ainda que essa possa ser completada por outras ideias e, assim, consecutivamente.<\/p>\n\n\n\n<p>S\u00f3 haver\u00e1 um (.) se for poss\u00edvel extrair a constru\u00e7\u00e3o sint\u00e1tica que ele finaliza e entender o que ela est\u00e1 dizendo. Ele marca o fim de uma ideia e a continua\u00e7\u00e3o de outra, ainda que ambas se completem.&nbsp;<\/p>\n\n\n\n<p>E \u00e9 nisso que voc\u00ea deve pensar toda vez que for usar esse tipo de sinal gr\u00e1fico, porque ele \u00e9 mais interpretativo do que estabelecido por regras<strong>.<\/strong> E vai determinar os seguintes tipos de pausas:<strong> de uma <\/strong><a href=\"https:\/\/beduka.com\/blog\/materias\/portugues\/o-que-e-periodo-composto\/#:~:text=A%20Ora%C3%A7%C3%A3o%20%C3%A9%20um%20enunciado,Estou%20muito%20feliz%20ultimamente!\" target=\"_blank\" rel=\"noreferrer noopener\"><strong>ora\u00e7\u00e3o<\/strong><\/a><strong>, de um<\/strong><a href=\"https:\/\/beduka.com\/blog\/materias\/portugues\/o-que-e-periodo-composto\/#:~:text=O%20Per%C3%ADodo%20%C3%A9%20um%20enunciado,final%2C%20interrogativa%20ou%20exclamativa).\" target=\"_blank\" rel=\"noreferrer noopener\"><strong> per\u00edodo<\/strong><\/a><strong>, de um<\/strong><a href=\"https:\/\/beduka.com\/blog\/materias\/como-construir-um-paragrafo\/\" target=\"_blank\" rel=\"noreferrer noopener\"><strong> par\u00e1grafo<\/strong><\/a><strong> ou de um texto. <\/strong>Veja o exemplo:<\/p>\n\n\n\n<blockquote class=\"wp-block-quote\"><p><strong><em>&#8220;Com efeito, um dia de manh\u00e3, estando a passear na ch\u00e1cara, pendurou-se-me uma ideia no trap\u00e9zio que eu tinha no c\u00e9rebro. Uma vez pendurada, entrou a bracejar, a pernear, a fazer as mais arrojadas cabriolas de volatim, que \u00e9 poss\u00edvel crer. Eu deixei-me estar a contempl\u00e1-la. S\u00fabito, deu um grande salto, estendeu os bra\u00e7os e as pernas, at\u00e9 tomar a forma de um X: decifra-me ou devoro-te.&#8221;<\/em><\/strong><\/p><\/blockquote>\n\n\n\n<p>Perceba que nesse trecho do livro <a href=\"https:\/\/beduka.com\/blog\/materias\/literatura\/resumo-de-memorias-postumas-de-bras-cubas\/\" target=\"_blank\" rel=\"noreferrer noopener\">Mem\u00f3rias P\u00f3stumas de Br\u00e1s Cubas<\/a>, de Machado de Assis, temos tr\u00eas (.) que finalizam per\u00edodos e um que finaliza o par\u00e1grafo.&nbsp;<\/p>\n\n\n\n<p>As ideias entre essas pontua\u00e7\u00f5es se completam, mas tamb\u00e9m fazem sentido caso fossem lidas separadamente. <strong>Ainda que nos deixassem curiosos.<\/strong><\/p>\n\n\n\n<h2 class=\"wp-block-heading\">O Beduka pode te conectar a faculdade<\/h2>\n\n\n\n<p>Voc\u00ea j\u00e1 sabe tudo sobre v\u00edrgula e ponto final, mas para fazer um vestibular \u00e9 preciso estudar dezenas de assuntos.<strong> Pesado!<\/strong>&nbsp;<\/p>\n\n\n\n<p>Mas isso s\u00f3 se voc\u00ea quiser. <strong>Porque o Beduka tem um jeito muito melhor:<\/strong><\/p>\n\n\n\n<ul><li>Sem provas<\/li><li>Sem exig\u00eancias<\/li><li>Sem ansiedade<\/li><li>Com in\u00edcio imediato<\/li><\/ul>\n\n\n\n<p>Estou falando do <a href=\"https:\/\/beduka.com\/blog\/dicas\/faculdades\/beduka-bolsas\/\" target=\"_blank\" rel=\"noreferrer noopener\"><strong>Beduka Bolsas<\/strong><\/a><strong>! Nesse site, voc\u00ea tem chance de ganhar bolsas de at\u00e9 65% para v\u00e1rios cursos, cidades e modalidades.<\/strong><\/p>\n\n\n\n<p>Basta escolher a bolsa para o curso dos seus sonhos e gerar a sua Carta do Beduka. Pronto! J\u00e1 pode estudar.&nbsp;<\/p>\n\n\n\n<p>Voc\u00ea pode fazer isso em qualquer \u00e9poca do ano. <strong>Estudar nunca foi t\u00e3o f\u00e1cil!&nbsp;<\/strong><\/p>\n\n\n\n<p>Que bom que chegamos at\u00e9 aqui, espero que nosso artigo sobre <strong>&nbsp;<\/strong>como usar a v\u00edrgula e o ponto final corretamente tenha te ajudado.<\/p>\n\n\n\n<p><strong>No mais, ainda temos outra forma de te ajudar a encontrar a FACULDADE IDEAL!<\/strong> Logo abaixo, fa\u00e7a uma pesquisa por curso e cidade que te mostraremos todas as faculdades que podem te atender. Informamos a nota de corte, valor de mensalidade, nota do MEC, avalia\u00e7\u00e3o dos alunos, modalidades de ensino e muito mais.<\/p>\n","protected":false},"excerpt":{"rendered":"<p>Pontua\u00e7\u00f5es geram muitas d\u00favidas para os vestibulandos. Mas, aqui, voc\u00ea finalmente vai aprender como usar a v\u00edrgula e o ponto final corretamente.<\/p>\n","protected":false},"author":20,"featured_media":27136,"comment_status":"open","ping_status":"closed","sticky":false,"template":"","format":"standard","meta":{"_mi_skip_tracking":false,"_monsterinsights_sitenote_active":false,"_monsterinsights_sitenote_note":"","_monsterinsights_sitenote_category":0},"categories":[488],"tags":[],"yoast_head":"<!-- This site is optimized with the Yoast SEO plugin v20.10 - https:\/\/yoast.com\/wordpress\/plugins\/seo\/ -->\n<title>Aprenda como usar a v\u00edrgula e o ponto final e melhore a sua escrita<\/title>\n<meta name=\"description\" content=\"Pontua\u00e7\u00f5es geram muitas d\u00favidas para os vestibulandos. Mas, aqui, voc\u00ea finalmente vai aprender como usar a v\u00edrgula e o ponto final corretamente.\" \/>\n<meta name=\"robots\" content=\"index, follow, max-snippet:-1, max-image-preview:large, max-video-preview:-1\" \/>\n<link rel=\"canonical\" href=\"https:\/\/beduka.com\/blog\/materias\/portugues\/como-usar-a-virgula-e-o-ponto-final-corretamente\/\" \/>\n<meta property=\"og:locale\" content=\"pt_BR\" \/>\n<meta property=\"og:type\" content=\"article\" \/>\n<meta property=\"og:title\" content=\"Aprenda como usar a v\u00edrgula e o ponto final e melhore a sua escrita\" \/>\n<meta property=\"og:description\" content=\"Pontua\u00e7\u00f5es geram muitas d\u00favidas para os vestibulandos. Mas, aqui, voc\u00ea finalmente vai aprender como usar a v\u00edrgula e o ponto final corretamente.\" \/>\n<meta property=\"og:url\" content=\"https:\/\/beduka.com\/blog\/materias\/portugues\/como-usar-a-virgula-e-o-ponto-final-corretamente\/\" \/>\n<meta property=\"og:site_name\" content=\"Blog do Beduka | Mat\u00e9rias resumidas, Dicas e Exerc\u00edcios Enem\" \/>\n<meta property=\"article:publisher\" content=\"https:\/\/www.facebook.com\/beduka.buscadordefaculdades\/\" \/>\n<meta property=\"article:author\" content=\"https:\/\/www.facebook.com\/beduka.buscadordefaculdades\" \/>\n<meta property=\"article:published_time\" content=\"2022-10-05T09:10:25+00:00\" \/>\n<meta property=\"article:modified_time\" content=\"2022-10-05T09:10:27+00:00\" \/>\n<meta property=\"og:image\" content=\"https:\/\/beduka.com\/blog\/wp-content\/uploads\/2022\/10\/Como-usar-a-virgula-e-ponot-final-corretamente-1.jpg\" \/>\n\t<meta property=\"og:image:width\" content=\"609\" \/>\n\t<meta property=\"og:image:height\" content=\"342\" \/>\n\t<meta property=\"og:image:type\" content=\"image\/jpeg\" \/>\n<meta name=\"author\" content=\"Reda\u00e7\u00e3o Beduka\" \/>\n<meta name=\"twitter:card\" content=\"summary_large_image\" \/>\n<meta name=\"twitter:label1\" content=\"Escrito por\" \/>\n\t<meta name=\"twitter:data1\" content=\"Reda\u00e7\u00e3o Beduka\" \/>\n\t<meta name=\"twitter:label2\" content=\"Est. tempo de leitura\" \/>\n\t<meta name=\"twitter:data2\" content=\"10 minutos\" \/>\n<script type=\"application\/ld+json\" class=\"yoast-schema-graph\">{\"@context\":\"https:\/\/schema.org\",\"@graph\":[{\"@type\":\"Article\",\"@id\":\"https:\/\/beduka.com\/blog\/materias\/portugues\/como-usar-a-virgula-e-o-ponto-final-corretamente\/#article\",\"isPartOf\":{\"@id\":\"https:\/\/beduka.com\/blog\/materias\/portugues\/como-usar-a-virgula-e-o-ponto-final-corretamente\/\"},\"author\":{\"name\":\"Reda\u00e7\u00e3o Beduka\",\"@id\":\"https:\/\/beduka.com\/blog\/#\/schema\/person\/6663b033dafd59fc30595515af1715a6\"},\"headline\":\"Como usar a v\u00edrgula e o ponto final corretamente? Aprenda de um modo real e eficaz\",\"datePublished\":\"2022-10-05T09:10:25+00:00\",\"dateModified\":\"2022-10-05T09:10:27+00:00\",\"mainEntityOfPage\":{\"@id\":\"https:\/\/beduka.com\/blog\/materias\/portugues\/como-usar-a-virgula-e-o-ponto-final-corretamente\/\"},\"wordCount\":1981,\"commentCount\":0,\"publisher\":{\"@id\":\"https:\/\/beduka.com\/blog\/#organization\"},\"articleSection\":[\"Portugu\u00eas\"],\"inLanguage\":\"pt-BR\",\"potentialAction\":[{\"@type\":\"CommentAction\",\"name\":\"Comment\",\"target\":[\"https:\/\/beduka.com\/blog\/materias\/portugues\/como-usar-a-virgula-e-o-ponto-final-corretamente\/#respond\"]}]},{\"@type\":\"WebPage\",\"@id\":\"https:\/\/beduka.com\/blog\/materias\/portugues\/como-usar-a-virgula-e-o-ponto-final-corretamente\/\",\"url\":\"https:\/\/beduka.com\/blog\/materias\/portugues\/como-usar-a-virgula-e-o-ponto-final-corretamente\/\",\"name\":\"Aprenda como usar a v\u00edrgula e o ponto final e melhore a sua escrita\",\"isPartOf\":{\"@id\":\"https:\/\/beduka.com\/blog\/#website\"},\"datePublished\":\"2022-10-05T09:10:25+00:00\",\"dateModified\":\"2022-10-05T09:10:27+00:00\",\"description\":\"Pontua\u00e7\u00f5es geram muitas d\u00favidas para os vestibulandos. Mas, aqui, voc\u00ea finalmente vai aprender como usar a v\u00edrgula e o ponto final corretamente.\",\"breadcrumb\":{\"@id\":\"https:\/\/beduka.com\/blog\/materias\/portugues\/como-usar-a-virgula-e-o-ponto-final-corretamente\/#breadcrumb\"},\"inLanguage\":\"pt-BR\",\"potentialAction\":[{\"@type\":\"ReadAction\",\"target\":[\"https:\/\/beduka.com\/blog\/materias\/portugues\/como-usar-a-virgula-e-o-ponto-final-corretamente\/\"]}]},{\"@type\":\"BreadcrumbList\",\"@id\":\"https:\/\/beduka.com\/blog\/materias\/portugues\/como-usar-a-virgula-e-o-ponto-final-corretamente\/#breadcrumb\",\"itemListElement\":[{\"@type\":\"ListItem\",\"position\":1,\"name\":\"Home\",\"item\":\"https:\/\/beduka.com\/blog\/\"},{\"@type\":\"ListItem\",\"position\":2,\"name\":\"Como usar a v\u00edrgula e o ponto final corretamente? Aprenda de um modo real e eficaz\"}]},{\"@type\":\"WebSite\",\"@id\":\"https:\/\/beduka.com\/blog\/#website\",\"url\":\"https:\/\/beduka.com\/blog\/\",\"name\":\"Blog do Beduka | Mat\u00e9rias resumidas, Dicas e Exerc\u00edcios Enem\",\"description\":\"O Blog do Beduka tem os conte\u00fados que mais caem no Enem, exerc\u00edcios de vestibular com gabarito, resumos, dicas e informa\u00e7\u00f5es Sisu, Prouni e Fies.Encontre dicas para o ENEM, resumos, exerc\u00edcios e informa\u00e7\u00f5es sobre os vestibulares. Acesse agora!\",\"publisher\":{\"@id\":\"https:\/\/beduka.com\/blog\/#organization\"},\"potentialAction\":[{\"@type\":\"SearchAction\",\"target\":{\"@type\":\"EntryPoint\",\"urlTemplate\":\"https:\/\/beduka.com\/blog\/?s={search_term_string}\"},\"query-input\":\"required name=search_term_string\"}],\"inLanguage\":\"pt-BR\"},{\"@type\":\"Organization\",\"@id\":\"https:\/\/beduka.com\/blog\/#organization\",\"name\":\"Beduka\",\"url\":\"https:\/\/beduka.com\/blog\/\",\"logo\":{\"@type\":\"ImageObject\",\"inLanguage\":\"pt-BR\",\"@id\":\"https:\/\/beduka.com\/blog\/#\/schema\/logo\/image\/\",\"url\":\"https:\/\/beduka.com\/blog\/wp-content\/uploads\/2020\/06\/marca-beduka.png\",\"contentUrl\":\"https:\/\/beduka.com\/blog\/wp-content\/uploads\/2020\/06\/marca-beduka.png\",\"width\":1077,\"height\":368,\"caption\":\"Beduka\"},\"image\":{\"@id\":\"https:\/\/beduka.com\/blog\/#\/schema\/logo\/image\/\"},\"sameAs\":[\"https:\/\/www.facebook.com\/beduka.buscadordefaculdades\/\",\"https:\/\/www.instagram.com\/beduka_oficial\/\",\"https:\/\/www.linkedin.com\/company\/beduka\",\"https:\/\/br.pinterest.com\/bedukaoficial\/\",\"https:\/\/www.youtube.com\/beduka\"]},{\"@type\":\"Person\",\"@id\":\"https:\/\/beduka.com\/blog\/#\/schema\/person\/6663b033dafd59fc30595515af1715a6\",\"name\":\"Reda\u00e7\u00e3o Beduka\",\"image\":{\"@type\":\"ImageObject\",\"inLanguage\":\"pt-BR\",\"@id\":\"https:\/\/beduka.com\/blog\/#\/schema\/person\/image\/\",\"url\":\"https:\/\/secure.gravatar.com\/avatar\/6adaee42d8e8225567b5dc097972091b?s=96&d=mm&r=g\",\"contentUrl\":\"https:\/\/secure.gravatar.com\/avatar\/6adaee42d8e8225567b5dc097972091b?s=96&d=mm&r=g\",\"caption\":\"Reda\u00e7\u00e3o Beduka\"},\"description\":\"Este conte\u00fado foi criado e validado por uma equipe multidisciplinar, formada por especialistas em cada \u00e1rea do conhecimento. O Beduka est\u00e1 presente no Instagram, YouTube, LinkedIn e em diversos outros ambientes digitais. O site foi criado em 2017 e, desde a sua funda\u00e7\u00e3o, atua para fornecer materiais de qualidade para facilitar a vida de estudantes de todo o Brasil, ajudando-os a se preparar para os principais vestibulares e o Enem.\",\"sameAs\":[\"https:\/\/www.facebook.com\/beduka.buscadordefaculdades\",\"https:\/\/www.instagram.com\/beduka_oficial\/\",\"https:\/\/br.pinterest.com\/bedukaoficial\/\"],\"url\":\"https:\/\/beduka.com\/blog\/author\/alessandra\/\"}]}<\/script>\n<!-- \/ Yoast SEO plugin. -->","yoast_head_json":{"title":"Aprenda como usar a v\u00edrgula e o ponto final e melhore a sua escrita","description":"Pontua\u00e7\u00f5es geram muitas d\u00favidas para os vestibulandos. Mas, aqui, voc\u00ea finalmente vai aprender como usar a v\u00edrgula e o ponto final corretamente.","robots":{"index":"index","follow":"follow","max-snippet":"max-snippet:-1","max-image-preview":"max-image-preview:large","max-video-preview":"max-video-preview:-1"},"canonical":"https:\/\/beduka.com\/blog\/materias\/portugues\/como-usar-a-virgula-e-o-ponto-final-corretamente\/","og_locale":"pt_BR","og_type":"article","og_title":"Aprenda como usar a v\u00edrgula e o ponto final e melhore a sua escrita","og_description":"Pontua\u00e7\u00f5es geram muitas d\u00favidas para os vestibulandos. Mas, aqui, voc\u00ea finalmente vai aprender como usar a v\u00edrgula e o ponto final corretamente.","og_url":"https:\/\/beduka.com\/blog\/materias\/portugues\/como-usar-a-virgula-e-o-ponto-final-corretamente\/","og_site_name":"Blog do Beduka | Mat\u00e9rias resumidas, Dicas e Exerc\u00edcios Enem","article_publisher":"https:\/\/www.facebook.com\/beduka.buscadordefaculdades\/","article_author":"https:\/\/www.facebook.com\/beduka.buscadordefaculdades","article_published_time":"2022-10-05T09:10:25+00:00","article_modified_time":"2022-10-05T09:10:27+00:00","og_image":[{"width":609,"height":342,"url":"https:\/\/beduka.com\/blog\/wp-content\/uploads\/2022\/10\/Como-usar-a-virgula-e-ponot-final-corretamente-1.jpg","type":"image\/jpeg"}],"author":"Reda\u00e7\u00e3o Beduka","twitter_card":"summary_large_image","twitter_misc":{"Escrito por":"Reda\u00e7\u00e3o Beduka","Est. tempo de leitura":"10 minutos"},"schema":{"@context":"https:\/\/schema.org","@graph":[{"@type":"Article","@id":"https:\/\/beduka.com\/blog\/materias\/portugues\/como-usar-a-virgula-e-o-ponto-final-corretamente\/#article","isPartOf":{"@id":"https:\/\/beduka.com\/blog\/materias\/portugues\/como-usar-a-virgula-e-o-ponto-final-corretamente\/"},"author":{"name":"Reda\u00e7\u00e3o Beduka","@id":"https:\/\/beduka.com\/blog\/#\/schema\/person\/6663b033dafd59fc30595515af1715a6"},"headline":"Como usar a v\u00edrgula e o ponto final corretamente? Aprenda de um modo real e eficaz","datePublished":"2022-10-05T09:10:25+00:00","dateModified":"2022-10-05T09:10:27+00:00","mainEntityOfPage":{"@id":"https:\/\/beduka.com\/blog\/materias\/portugues\/como-usar-a-virgula-e-o-ponto-final-corretamente\/"},"wordCount":1981,"commentCount":0,"publisher":{"@id":"https:\/\/beduka.com\/blog\/#organization"},"articleSection":["Portugu\u00eas"],"inLanguage":"pt-BR","potentialAction":[{"@type":"CommentAction","name":"Comment","target":["https:\/\/beduka.com\/blog\/materias\/portugues\/como-usar-a-virgula-e-o-ponto-final-corretamente\/#respond"]}]},{"@type":"WebPage","@id":"https:\/\/beduka.com\/blog\/materias\/portugues\/como-usar-a-virgula-e-o-ponto-final-corretamente\/","url":"https:\/\/beduka.com\/blog\/materias\/portugues\/como-usar-a-virgula-e-o-ponto-final-corretamente\/","name":"Aprenda como usar a v\u00edrgula e o ponto final e melhore a sua escrita","isPartOf":{"@id":"https:\/\/beduka.com\/blog\/#website"},"datePublished":"2022-10-05T09:10:25+00:00","dateModified":"2022-10-05T09:10:27+00:00","description":"Pontua\u00e7\u00f5es geram muitas d\u00favidas para os vestibulandos. Mas, aqui, voc\u00ea finalmente vai aprender como usar a v\u00edrgula e o ponto final corretamente.","breadcrumb":{"@id":"https:\/\/beduka.com\/blog\/materias\/portugues\/como-usar-a-virgula-e-o-ponto-final-corretamente\/#breadcrumb"},"inLanguage":"pt-BR","potentialAction":[{"@type":"ReadAction","target":["https:\/\/beduka.com\/blog\/materias\/portugues\/como-usar-a-virgula-e-o-ponto-final-corretamente\/"]}]},{"@type":"BreadcrumbList","@id":"https:\/\/beduka.com\/blog\/materias\/portugues\/como-usar-a-virgula-e-o-ponto-final-corretamente\/#breadcrumb","itemListElement":[{"@type":"ListItem","position":1,"name":"Home","item":"https:\/\/beduka.com\/blog\/"},{"@type":"ListItem","position":2,"name":"Como usar a v\u00edrgula e o ponto final corretamente? Aprenda de um modo real e eficaz"}]},{"@type":"WebSite","@id":"https:\/\/beduka.com\/blog\/#website","url":"https:\/\/beduka.com\/blog\/","name":"Blog do Beduka | Mat\u00e9rias resumidas, Dicas e Exerc\u00edcios Enem","description":"O Blog do Beduka tem os conte\u00fados que mais caem no Enem, exerc\u00edcios de vestibular com gabarito, resumos, dicas e informa\u00e7\u00f5es Sisu, Prouni e Fies.Encontre dicas para o ENEM, resumos, exerc\u00edcios e informa\u00e7\u00f5es sobre os vestibulares. Acesse agora!","publisher":{"@id":"https:\/\/beduka.com\/blog\/#organization"},"potentialAction":[{"@type":"SearchAction","target":{"@type":"EntryPoint","urlTemplate":"https:\/\/beduka.com\/blog\/?s={search_term_string}"},"query-input":"required name=search_term_string"}],"inLanguage":"pt-BR"},{"@type":"Organization","@id":"https:\/\/beduka.com\/blog\/#organization","name":"Beduka","url":"https:\/\/beduka.com\/blog\/","logo":{"@type":"ImageObject","inLanguage":"pt-BR","@id":"https:\/\/beduka.com\/blog\/#\/schema\/logo\/image\/","url":"https:\/\/beduka.com\/blog\/wp-content\/uploads\/2020\/06\/marca-beduka.png","contentUrl":"https:\/\/beduka.com\/blog\/wp-content\/uploads\/2020\/06\/marca-beduka.png","width":1077,"height":368,"caption":"Beduka"},"image":{"@id":"https:\/\/beduka.com\/blog\/#\/schema\/logo\/image\/"},"sameAs":["https:\/\/www.facebook.com\/beduka.buscadordefaculdades\/","https:\/\/www.instagram.com\/beduka_oficial\/","https:\/\/www.linkedin.com\/company\/beduka","https:\/\/br.pinterest.com\/bedukaoficial\/","https:\/\/www.youtube.com\/beduka"]},{"@type":"Person","@id":"https:\/\/beduka.com\/blog\/#\/schema\/person\/6663b033dafd59fc30595515af1715a6","name":"Reda\u00e7\u00e3o Beduka","image":{"@type":"ImageObject","inLanguage":"pt-BR","@id":"https:\/\/beduka.com\/blog\/#\/schema\/person\/image\/","url":"https:\/\/secure.gravatar.com\/avatar\/6adaee42d8e8225567b5dc097972091b?s=96&d=mm&r=g","contentUrl":"https:\/\/secure.gravatar.com\/avatar\/6adaee42d8e8225567b5dc097972091b?s=96&d=mm&r=g","caption":"Reda\u00e7\u00e3o Beduka"},"description":"Este conte\u00fado foi criado e validado por uma equipe multidisciplinar, formada por especialistas em cada \u00e1rea do conhecimento. O Beduka est\u00e1 presente no Instagram, YouTube, LinkedIn e em diversos outros ambientes digitais. O site foi criado em 2017 e, desde a sua funda\u00e7\u00e3o, atua para fornecer materiais de qualidade para facilitar a vida de estudantes de todo o Brasil, ajudando-os a se preparar para os principais vestibulares e o Enem.","sameAs":["https:\/\/www.facebook.com\/beduka.buscadordefaculdades","https:\/\/www.instagram.com\/beduka_oficial\/","https:\/\/br.pinterest.com\/bedukaoficial\/"],"url":"https:\/\/beduka.com\/blog\/author\/alessandra\/"}]}},"_links":{"self":[{"href":"https:\/\/beduka.com\/blog\/wp-json\/wp\/v2\/posts\/27135"}],"collection":[{"href":"https:\/\/beduka.com\/blog\/wp-json\/wp\/v2\/posts"}],"about":[{"href":"https:\/\/beduka.com\/blog\/wp-json\/wp\/v2\/types\/post"}],"author":[{"embeddable":true,"href":"https:\/\/beduka.com\/blog\/wp-json\/wp\/v2\/users\/20"}],"replies":[{"embeddable":true,"href":"https:\/\/beduka.com\/blog\/wp-json\/wp\/v2\/comments?post=27135"}],"version-history":[{"count":2,"href":"https:\/\/beduka.com\/blog\/wp-json\/wp\/v2\/posts\/27135\/revisions"}],"predecessor-version":[{"id":27145,"href":"https:\/\/beduka.com\/blog\/wp-json\/wp\/v2\/posts\/27135\/revisions\/27145"}],"wp:featuredmedia":[{"embeddable":true,"href":"https:\/\/beduka.com\/blog\/wp-json\/wp\/v2\/media\/27136"}],"wp:attachment":[{"href":"https:\/\/beduka.com\/blog\/wp-json\/wp\/v2\/media?parent=27135"}],"wp:term":[{"taxonomy":"category","embeddable":true,"href":"https:\/\/beduka.com\/blog\/wp-json\/wp\/v2\/categories?post=27135"},{"taxonomy":"post_tag","embeddable":true,"href":"https:\/\/beduka.com\/blog\/wp-json\/wp\/v2\/tags?post=27135"}],"curies":[{"name":"wp","href":"https:\/\/api.w.org\/{rel}","templated":true}]}}