{"id":27382,"date":"2022-11-01T15:29:13","date_gmt":"2022-11-01T18:29:13","guid":{"rendered":"https:\/\/beduka.com\/blog\/?p=27382"},"modified":"2023-03-10T14:09:04","modified_gmt":"2023-03-10T17:09:04","slug":"o-que-e-linguagem-culta-e-coloquial","status":"publish","type":"post","link":"https:\/\/beduka.com\/blog\/materias\/portugues\/o-que-e-linguagem-culta-e-coloquial\/","title":{"rendered":"O que \u00e9 linguagem culta e coloquial? Aprenda a diferen\u00e7a com exemplos pr\u00e1ticos"},"content":{"rendered":"\n<blockquote class=\"wp-block-quote\"><p><strong><em>A linguagem culta \u00e9 aquela que segue a gram\u00e1tica normativa ( o c\u00f3digo que rege determinada l\u00edngua). J\u00e1 a coloquial, se deixa influenciar pelo meio e n\u00e3o precisa ser t\u00e3o certinha assim.&nbsp;<\/em><\/strong><\/p><p><strong><em>Elas s\u00e3o usadas em situa\u00e7\u00f5es completamente diferentes. Por exemplo, voc\u00ea n\u00e3o fala com o seu professor da mesma forma que fala com os seus amigos, correto?&nbsp;<\/em><\/strong><\/p><p><strong><em>Aqui, al\u00e9m de te mostrar o que \u00e9 linguagem culta e coloquial, vamos te dar v\u00e1rios exemplos e mostrar onde e quando ambas devem ser utilizadas.<\/em><\/strong><\/p><\/blockquote>\n\n\n\n<p>Preparamos este artigo incr\u00edvel para voc\u00ea que deseja aprender o que \u00e9 linguagem culta e coloquial. Tem bastante conte\u00fado pela frente, ent\u00e3o,<strong> clique em um dos t\u00f3picos para ir diretamente ao que deseja:<\/strong><\/p>\n\n\n\n<ol><li><a href=\"#culta-e-coloquial?\" data-type=\"internal\" data-id=\"#culta-e-coloquial?\">O que \u00e9 linguagem culta e coloquial?<\/a><\/li><li><a href=\"#diferen\u00e7a\" data-type=\"internal\" data-id=\"#diferen\u00e7a\">Qual a diferen\u00e7a entre linguagem culta e coloquial?<\/a><\/li><li><a href=\"#situa\u00e7\u00f5es\" data-type=\"internal\" data-id=\"#situa\u00e7\u00f5es\">Em que situa\u00e7\u00f5es devemos usar a linguagem culta?<\/a><\/li><li><a href=\"#caracter\u00edsticas-da-linguagem-culta?\" data-type=\"internal\" data-id=\"#caracter\u00edsticas-da-linguagem-culta?\">Quais s\u00e3o as caracter\u00edsticas da linguagem culta?<\/a><\/li><li><a href=\"#usar-a-linguagem-coloquial?\" data-type=\"internal\" data-id=\"#usar-a-linguagem-coloquial?\">Em que situa\u00e7\u00f5es devemos usar a linguagem coloquial?<\/a><\/li><li><a href=\"#aracter\u00edsticas-da-linguagem-coloquial?\" data-type=\"internal\" data-id=\"#aracter\u00edsticas-da-linguagem-coloquial?\">Quais s\u00e3o as caracter\u00edsticas da linguagem coloquial?<\/a><\/li><li><a href=\"#literatura-s\" data-type=\"internal\" data-id=\"#literatura-s\">Na literatura se usa linguagem culta ou coloquial?<\/a><\/li><li><a href=\"#xemplos-de\" data-type=\"internal\" data-id=\"#xemplos-de\">Exemplos de linguagem culta e linguagem coloquial<\/a><\/li><li><a href=\"#cobra-a-lingu\" data-type=\"internal\" data-id=\"#cobra-a-lingu\">O Enem cobra linguagem culta ou coloquial?<\/a><\/li><\/ol>\n\n\n\n<p>Aprendemos a diferenciar o que \u00e9 linguagem culta e coloquial na pr\u00e1tica. <strong>Para isso, que tal praticar com o <\/strong><a href=\"https:\/\/beduka.com\/simulado-enem\/#\/\" target=\"_blank\" rel=\"noreferrer noopener\"><strong>Simulado Beduka<\/strong><\/a><strong>? <\/strong>Ele \u00e9 <strong>100% gratuito <\/strong>e<strong> <\/strong>vai te ajudar a fixar esse e outros conte\u00fados.<\/p>\n\n\n\n<h2 class=\"wp-block-heading\" id=\"culta-e-coloquial?\">O que \u00e9 linguagem culta e coloquial?<\/h2>\n\n\n\n<p>A linguagem culta \u00e9 aquela que segue os padr\u00f5es estabelecidos por uma l\u00edngua, ou seja, <strong>segue<\/strong> <strong>as <\/strong><a href=\"https:\/\/beduka.com\/blog\/materias\/portugues\/tudo-sobre-gramatica\/\" target=\"_blank\" rel=\"noreferrer noopener\"><strong>regras gramaticais<\/strong><\/a><strong> e o <\/strong><a href=\"https:\/\/beduka.com\/blog\/exercicios\/portugues-exercicios\/exercicios-de-ortografia\/\"><strong>acordo ortogr\u00e1fico<\/strong><\/a><strong>.<\/strong><\/p>\n\n\n\n<p>Ela tamb\u00e9m estabelece o bom senso de evitar algumas express\u00f5es, que apesar de j\u00e1 constarem no dicion\u00e1rio, ainda se assemelham muito com uma conversa da roda de amigos. Por exemplo, <a href=\"https:\/\/beduka.com\/blog\/materias\/portugues\/vicios-de-linguagem\/\" target=\"_blank\" rel=\"noreferrer noopener\"><strong>estrangeirismos<\/strong><\/a><strong> que j\u00e1 constam no dicion\u00e1rio e chav\u00f5es.&nbsp;<\/strong><\/p>\n\n\n\n<p><strong>A linguagem coloquial tem muito a ver com a fala e por isso representa uma liberdade de uso.<\/strong> Afinal, quando conversamos, tudo \u00e9 mais veloz; n\u00e3o h\u00e1 tempo para corre\u00e7\u00f5es e os pensamentos apenas fluem.<\/p>\n\n\n\n<p>\u00c9 aquela que usamos na roda de amigos, no bar, na escola com os colegas. <strong>Ela permite o uso de g\u00edrias e o surgimento de <\/strong><a href=\"https:\/\/beduka.com\/blog\/materias\/portugues\/o-que-sao-variacoes-linguisticas\/\" target=\"_blank\" rel=\"noreferrer noopener\"><strong>varia\u00e7\u00f5es lingu\u00edsticas.<\/strong><\/a>&nbsp;<\/p>\n\n\n\n<h2 class=\"wp-block-heading\" id=\"diferen\u00e7a\">Qual a diferen\u00e7a entre linguagem coloquial e linguagem culta?<\/h2>\n\n\n\n<p>Ao ler sobre o que \u00e9 linguagem culta e coloquial, voc\u00ea j\u00e1 consegue ter uma no\u00e7\u00e3o bem clara da diferen\u00e7a entre as duas. Basicamente,<strong> \u00e9 a interfer\u00eancia do meio que as define<\/strong>.<strong> <\/strong>Como assim?<\/p>\n\n\n\n<p><strong>A linguagem culta<\/strong> abrange muitos contextos, at\u00e9 mesmo pa\u00edses (aqueles que t\u00eam a L\u00edngua Portuguesa como materna). Por esse motivo, ela <strong>precisa se guiar por normas que padronizam o idioma<\/strong>.&nbsp;<\/p>\n\n\n\n<p><strong>Caso contr\u00e1rio<\/strong>, haveria tantas diferen\u00e7as, que daqui a pouco <strong>ningu\u00e9m se entenderia mais<\/strong>. Para produzi-la e entend\u00ea-la, voc\u00ea deve ter conhecimentos gramaticais de <a href=\"https:\/\/beduka.com\/blog\/materias\/portugues\/o-que-e-sintaxe\/\" target=\"_blank\" rel=\"noreferrer noopener\">sintaxe<\/a>, ortografia, <a href=\"https:\/\/beduka.com\/blog\/materias\/portugues\/o-que-e-semantica\/\" target=\"_blank\" rel=\"noreferrer noopener\">sem\u00e2ntica<\/a>, etc.<\/p>\n\n\n\n<p><strong>A linguagem coloquial dispensa preocupa\u00e7\u00f5es e produz intera\u00e7\u00f5es em meios menores. <\/strong>Ou seja, ela acontece em tempo real e tem o poder de se modificar instantaneamente.<\/p>\n\n\n\n<p>Ao mesmo tempo que, em algum lugar do sudeste, amigos criam um Rap e desenvolvem uma nova g\u00edria, em algum lugar do norte, o cachorro quente passa a receber outro nome e o mesmo \u201cviraliza\u201d em um contexto local.<\/p>\n\n\n\n<h2 class=\"wp-block-heading\" id=\"situa\u00e7\u00f5es\">Em que situa\u00e7\u00f5es devemos usar a linguagem culta?<\/h2>\n\n\n\n<p><strong>A linguagem culta deve ser usada em contextos formais e na hora de escrever.&nbsp;<\/strong><\/p>\n\n\n\n<p>Situa\u00e7\u00f5es nas quais a impress\u00e3o que voc\u00ea vai passar por meio das suas palavras ter\u00e1 um impacto a longo prazo.<\/p>\n\n\n\n<p>Aparece em textos acad\u00eamicos, disserta\u00e7\u00f5es (tipologia textual cobrada no Enem), entrevistas de emprego, livros, textos jur\u00eddicos e outras situa\u00e7\u00f5es que exijam formalidade.&nbsp;<\/p>\n\n\n\n<h2 class=\"wp-block-heading\" id=\"caracter\u00edsticas-da-linguagem-culta?\">E quais s\u00e3o as caracter\u00edsticas da linguagem culta?<\/h2>\n\n\n\n<p>Como j\u00e1 falamos neste artigo sobre o que \u00e9 linguagem culta e coloquial, ao pensar na utiliza\u00e7\u00e3o de uma ou outra linguagem, <strong>devemos refletir primeiro sobre o meio no qual ela ser\u00e1 usada<\/strong>.&nbsp;<\/p>\n\n\n\n<p>Logo, as caracter\u00edsticas da linguagem culta tamb\u00e9m s\u00e3o um reflexo disso. Veja as principais:<\/p>\n\n\n\n<ul><li>Pron\u00fancia correta das palavras;<\/li><li>Preocupa\u00e7\u00e3o com a concord\u00e2ncia verbal e nominal at\u00e9 mesmo na hora da fala;<\/li><li>Preocupa\u00e7\u00e3o com as <a href=\"https:\/\/beduka.com\/blog\/materias\/portugues\/todos-os-tipos-de-substantivos\/\" target=\"_blank\" rel=\"noreferrer noopener\">flex\u00f5es do substantivo<\/a>;<\/li><li>Seguir as regras da gram\u00e1tica normativa;<\/li><li>Aus\u00eancia de g\u00edrias;<\/li><li>Aus\u00eancia de chav\u00f5es.<\/li><\/ul>\n\n\n\n<h2 class=\"wp-block-heading\" id=\"usar-a-linguagem-coloquial?\">Em que situa\u00e7\u00f5es devemos usar a linguagem coloquial?<\/h2>\n\n\n\n<p>A linguagem coloquial costuma ser usada em todas as situa\u00e7\u00f5es informais. <strong>Na roda de amigos, na escola com os colegas, na faculdade entre os pr\u00f3prios alunos, no bar, com os familiares e com as demais pessoas que representam maior grau intimidade.<\/strong><\/p>\n\n\n\n<p>Ela \u00e9 <strong>regida pela oralidade<\/strong>, ou seja, em todas as situa\u00e7\u00f5es nas quais o di\u00e1logo apenas flui, sem preocupa\u00e7\u00f5es, temos a presen\u00e7a da linguagem coloquial.<\/p>\n\n\n\n<h2 class=\"wp-block-heading\" id=\"aracter\u00edsticas-da-linguagem-coloquial?\">Quais as caracter\u00edsticas da linguagem coloquial?<\/h2>\n\n\n\n<p>A linguagem coloquial possui caracter\u00edsticas que a tornam bem diferente da linguagem culta. Veja as principais:<\/p>\n\n\n\n<ul><li>Presen\u00e7a de g\u00edrias;<\/li><li>Presen\u00e7a de Varia\u00e7\u00f5es Lingu\u00edsticas;<\/li><li>Uso de express\u00f5es que assumem o papel de conectivos da oralidade \u201ctipo assim\u201d, \u201cent\u00e3o\u201d \u201c\u00e9ee\u201d;<\/li><li>Uso de chav\u00f5es;<\/li><li>Mudan\u00e7a nas flex\u00f5es nominais \u201cOs menino est\u00e3o demais\u201d;<\/li><li>Contra\u00e7\u00e3o de palavras, como \u201cc\u00ea\u201d, &#8220;proc\u00ea&#8221; e &#8220;b\u00e3o&#8221;.<\/li><\/ul>\n\n\n\n<h2 class=\"wp-block-heading\" id=\"literatura-s\">Na literatura se usa linguagem culta ou coloquial?<\/h2>\n\n\n\n<p>A literatura \u00e9 um caso \u00e0 parte, pois ao mesmo tempo que ela segue o padr\u00e3o estabelecido pela l\u00edngua, ela pode modific\u00e1-lo a favor do enredo ou da ideia. <strong>\u00c9 o que chamamos de liberdade liter\u00e1ria ou po\u00e9tica.<\/strong><\/p>\n\n\n\n<p><strong>Isso acontece por v\u00e1rios motivos:<\/strong> por uma cr\u00edtica do autor ao formalismo, por uma necessidade relacionada ao contexto dos personagens ou at\u00e9 mesmo pelo simples prazer est\u00e9tico.&nbsp;<\/p>\n\n\n\n<p>Veja como isso funciona em um dos mais famosos poemas da literatura brasileira:<\/p>\n\n\n\n<p>Pronominais<\/p>\n\n\n\n<blockquote class=\"wp-block-quote\"><p>D\u00ea-me um cigarro<\/p><p>Diz a gram\u00e1tica<\/p><p>Do professor e do aluno<\/p><p>E do mulato sabido<\/p><p>Mas o bom negro e o bom branco<\/p><p>Da Na\u00e7\u00e3o Brasileira<\/p><p>Dizem todos os dias<\/p><p>Deixa disso camarada<\/p><p>Me d\u00e1 um cigarro.<\/p><\/blockquote>\n\n\n\n<p>Poema de Oswald de Andrade<\/p>\n\n\n\n<p>No \u00faltimo verso (Me d\u00e1 um cigarro), o autor insere no texto a linguagem coloquial de personagens reais presentes no pa\u00eds ao trocar a posi\u00e7\u00e3o do pronome \u201cme\u201d.<strong> Mas lembre-se!<\/strong> Para quebrar as regras \u00e9 preciso domin\u00e1-las.<\/p>\n\n\n\n<h2 class=\"wp-block-heading\" id=\"xemplos-de\">Exemplos de linguagem culta e linguagem coloquial<\/h2>\n\n\n\n<p>Agora que voc\u00ea j\u00e1 sabe tudo sobre o que \u00e9 linguagem culta e coloquial, veja alguns exemplos e fique ainda mais preparado para enfrentar a prova de linguagens do Enem.<\/p>\n\n\n\n<p><strong>Exemplos de linguagem culta:<\/strong><\/p>\n\n\n\n<p>Diga-me, por favor!&nbsp; (observe o uso da \u00eanclise, ou seja, da coloca\u00e7\u00e3o pronominal correta).<\/p>\n\n\n\n<p>Eu quero ir somente amanh\u00e3. Tu vais? (emprego correto do verbo em rela\u00e7\u00e3o ao pronome)<\/p>\n\n\n\n<p><strong>Linguagem culta em uma reda\u00e7\u00e3o nota 1000 do Enem&nbsp;<\/strong><\/p>\n\n\n\n<blockquote class=\"wp-block-quote\"><p><em>No c\u00e9lebre texto \u201cAs Cidadanias Mutiladas\u201d, o ge\u00f3grafo brasileiro Milton Santos afirma que a democracia s\u00f3 \u00e9 efetiva \u00e0 medida que atinge a totalidade do corpo social, isto \u00e9, quando os direitos s\u00e3o desfrutados por todos os cidad\u00e3os. Todavia, no contexto hodierno, a invisibilidade intr\u00ednseca \u00e0 falta de documenta\u00e7\u00e3o pessoal distancia os brasileiros dos direitos constitucionalmente garantidos. Nesse cen\u00e1rio, a garantia de acesso \u00e0 cidadania no Brasil tem como estorvos a burocratiza\u00e7\u00e3o do processo de retirada do registro civil, bem como a indiferen\u00e7a da sociedade diante dessa problem\u00e1tica.<\/em><\/p><\/blockquote>\n\n\n\n<p>Enem 2021 \u2013 Mait\u00ea Maria (PB)<\/p>\n\n\n\n<p><strong>Exemplos de linguagem coloquial:<\/strong><\/p>\n\n\n\n<p>Este feij\u00e3o est\u00e1 muito b\u00e3o. (\u201cb\u00e3o\u201d representando uma contra\u00e7\u00e3o informal de voc\u00e1bulo)<\/p>\n\n\n\n<p>T\u00e1 de brincadeira, n\u00e9? (contra\u00e7\u00e3o de verbo bem t\u00edpica da linguagem coloquial)<\/p>\n\n\n\n<p>Abaixo, veja uma charge de Maur\u00edcio de Souza. Nela, o autor utiliza a linguagem coloquial para levar a realidade aos quadrinhos.<\/p>\n\n\n\n<figure class=\"wp-block-image size-full\"><img decoding=\"async\" loading=\"lazy\" width=\"609\" height=\"342\" src=\"https:\/\/beduka.com\/blog\/wp-content\/uploads\/2022\/11\/Imagens.png\" alt=\"\" class=\"wp-image-27384\"\/><\/figure>\n\n\n\n<p>O que \u00e9 linguagem culta e coloquial&nbsp; \u00e9 uma quest\u00e3o t\u00e3o presente no nosso dia a dia que chega at\u00e9 a ser divertido, n\u00e9? Mas voc\u00ea precisa treinar para responder \u00e0s quest\u00f5es sobre isso no Enem.<\/p>\n\n\n\n<blockquote class=\"wp-block-quote\"><p>Voc\u00ea pode fazer isso com o <a rel=\"noreferrer noopener\" href=\"https:\/\/beduka.com\/simulado-enem\/#\/\" target=\"_blank\">Simulado Beduka<\/a>, ele \u00e9 gratuito e possui quest\u00f5es do pr\u00f3prio Exame.&nbsp;<\/p><\/blockquote>\n\n\n\n<h2 class=\"wp-block-heading\" id=\"cobra-a-lingu\">O Enem cobra a linguagem culta ou coloquial?<\/h2>\n\n\n\n<p>Lembra do que conversamos at\u00e9 aqui sobre o que \u00e9 linguagem culta e coloquial? Ent\u00e3o\u2026 Basta pensarmos em que contexto o Exame \u00e9 aplicado!<\/p>\n\n\n\n<p>\u00c9 uma situa\u00e7\u00e3o extremamente s\u00e9ria e formal. <strong>Vale uma vaga na universidade! <\/strong>E universidades ajudam a registrar o idioma, por meio de estudos, de forma padronizada.<\/p>\n\n\n\n<p>Logo, <strong>a linguagem cobrada \u00e9 a culta<\/strong>. Mas , assim, v\u00e3o surgir quest\u00f5es sobre linguagem coloquial, pedindo para que voc\u00ea a identifique e a diferencie.&nbsp;<\/p>\n\n\n\n<p>Mas, na hora de fazer a reda\u00e7\u00e3o, n\u00e3o tente fugir da norma culta, somente essa linguagem deve ser usada. E, <strong>para aprender todos os passos de como escrever uma reda\u00e7\u00e3o nota 1000<\/strong>, acesse o <a href=\"https:\/\/beduka.com\/blog\/dicas\/redacao-enem\/\" target=\"_blank\" rel=\"noreferrer noopener\">Guia Completo de Reda\u00e7\u00e3o do Beduka!<\/a><\/p>\n\n\n\n<p>Ele vai te ajudar a aplicar a linguagem culta e a aprender todos os passos de uma reda\u00e7\u00e3o perfeita. <strong>\u00c9 s\u00f3 praticar<\/strong>!&nbsp;&nbsp;&nbsp;<\/p>\n\n\n\n<p>Qualquer d\u00favida ou pedido sobre algum tema que a gente ainda n\u00e3o tenha escrito, \u00e9 s\u00f3 mandar um direct no <a href=\"https:\/\/www.instagram.com\/beduka_oficial\/\" target=\"_blank\" rel=\"noreferrer noopener\">Instagram<\/a>. <strong>Estamos prontos para te ajudar!<\/strong>&nbsp;<\/p>\n","protected":false},"excerpt":{"rendered":"<p>O que \u00e9 linguagem culta e coloquial? Uma tem a ver com formalidade e a outra com o cotidiano. Aqui, voc\u00ea descobre todos os detalhes sobre elas.<\/p>\n","protected":false},"author":20,"featured_media":28895,"comment_status":"open","ping_status":"closed","sticky":false,"template":"","format":"standard","meta":{"_mi_skip_tracking":false,"_monsterinsights_sitenote_active":false,"_monsterinsights_sitenote_note":"","_monsterinsights_sitenote_category":0},"categories":[488],"tags":[],"yoast_head":"<!-- This site is optimized with the Yoast SEO plugin v20.10 - https:\/\/yoast.com\/wordpress\/plugins\/seo\/ -->\n<title>Linguagem culta e coloquial: como a fala e a escrita se adequam ao meio<\/title>\n<meta name=\"description\" content=\"O que \u00e9 linguagem culta e coloquial? Uma tem a ver com formalidade e a outra com o cotidiano. Aqui, voc\u00ea descobre todos os detalhes sobre elas.\" \/>\n<meta name=\"robots\" content=\"index, follow, max-snippet:-1, max-image-preview:large, max-video-preview:-1\" \/>\n<link rel=\"canonical\" href=\"https:\/\/beduka.com\/blog\/materias\/portugues\/o-que-e-linguagem-culta-e-coloquial\/\" \/>\n<meta property=\"og:locale\" content=\"pt_BR\" \/>\n<meta property=\"og:type\" content=\"article\" \/>\n<meta property=\"og:title\" content=\"Linguagem culta e coloquial: como a fala e a escrita se adequam ao meio\" \/>\n<meta property=\"og:description\" content=\"O que \u00e9 linguagem culta e coloquial? Uma tem a ver com formalidade e a outra com o cotidiano. Aqui, voc\u00ea descobre todos os detalhes sobre elas.\" \/>\n<meta property=\"og:url\" content=\"https:\/\/beduka.com\/blog\/materias\/portugues\/o-que-e-linguagem-culta-e-coloquial\/\" \/>\n<meta property=\"og:site_name\" content=\"Blog do Beduka | Mat\u00e9rias resumidas, Dicas e Exerc\u00edcios Enem\" \/>\n<meta property=\"article:publisher\" content=\"https:\/\/www.facebook.com\/beduka.buscadordefaculdades\/\" \/>\n<meta property=\"article:author\" content=\"https:\/\/www.facebook.com\/beduka.buscadordefaculdades\" \/>\n<meta property=\"article:published_time\" content=\"2022-11-01T18:29:13+00:00\" \/>\n<meta property=\"article:modified_time\" content=\"2023-03-10T17:09:04+00:00\" \/>\n<meta property=\"og:image\" content=\"https:\/\/beduka.com\/blog\/wp-content\/uploads\/2022\/11\/o-que-e-linguagem-culta-e-coloquial.jpg\" \/>\n\t<meta property=\"og:image:width\" content=\"609\" \/>\n\t<meta property=\"og:image:height\" content=\"342\" \/>\n\t<meta property=\"og:image:type\" content=\"image\/jpeg\" \/>\n<meta name=\"author\" content=\"Reda\u00e7\u00e3o Beduka\" \/>\n<meta name=\"twitter:card\" content=\"summary_large_image\" \/>\n<meta name=\"twitter:label1\" content=\"Escrito por\" \/>\n\t<meta name=\"twitter:data1\" content=\"Reda\u00e7\u00e3o Beduka\" \/>\n\t<meta name=\"twitter:label2\" content=\"Est. tempo de leitura\" \/>\n\t<meta name=\"twitter:data2\" content=\"8 minutos\" \/>\n<script type=\"application\/ld+json\" class=\"yoast-schema-graph\">{\"@context\":\"https:\/\/schema.org\",\"@graph\":[{\"@type\":\"Article\",\"@id\":\"https:\/\/beduka.com\/blog\/materias\/portugues\/o-que-e-linguagem-culta-e-coloquial\/#article\",\"isPartOf\":{\"@id\":\"https:\/\/beduka.com\/blog\/materias\/portugues\/o-que-e-linguagem-culta-e-coloquial\/\"},\"author\":{\"name\":\"Reda\u00e7\u00e3o Beduka\",\"@id\":\"https:\/\/beduka.com\/blog\/#\/schema\/person\/6663b033dafd59fc30595515af1715a6\"},\"headline\":\"O que \u00e9 linguagem culta e coloquial? Aprenda a diferen\u00e7a com exemplos pr\u00e1ticos\",\"datePublished\":\"2022-11-01T18:29:13+00:00\",\"dateModified\":\"2023-03-10T17:09:04+00:00\",\"mainEntityOfPage\":{\"@id\":\"https:\/\/beduka.com\/blog\/materias\/portugues\/o-que-e-linguagem-culta-e-coloquial\/\"},\"wordCount\":1557,\"commentCount\":0,\"publisher\":{\"@id\":\"https:\/\/beduka.com\/blog\/#organization\"},\"articleSection\":[\"Portugu\u00eas\"],\"inLanguage\":\"pt-BR\",\"potentialAction\":[{\"@type\":\"CommentAction\",\"name\":\"Comment\",\"target\":[\"https:\/\/beduka.com\/blog\/materias\/portugues\/o-que-e-linguagem-culta-e-coloquial\/#respond\"]}]},{\"@type\":\"WebPage\",\"@id\":\"https:\/\/beduka.com\/blog\/materias\/portugues\/o-que-e-linguagem-culta-e-coloquial\/\",\"url\":\"https:\/\/beduka.com\/blog\/materias\/portugues\/o-que-e-linguagem-culta-e-coloquial\/\",\"name\":\"Linguagem culta e coloquial: como a fala e a escrita se adequam ao meio\",\"isPartOf\":{\"@id\":\"https:\/\/beduka.com\/blog\/#website\"},\"datePublished\":\"2022-11-01T18:29:13+00:00\",\"dateModified\":\"2023-03-10T17:09:04+00:00\",\"description\":\"O que \u00e9 linguagem culta e coloquial? Uma tem a ver com formalidade e a outra com o cotidiano. Aqui, voc\u00ea descobre todos os detalhes sobre elas.\",\"breadcrumb\":{\"@id\":\"https:\/\/beduka.com\/blog\/materias\/portugues\/o-que-e-linguagem-culta-e-coloquial\/#breadcrumb\"},\"inLanguage\":\"pt-BR\",\"potentialAction\":[{\"@type\":\"ReadAction\",\"target\":[\"https:\/\/beduka.com\/blog\/materias\/portugues\/o-que-e-linguagem-culta-e-coloquial\/\"]}]},{\"@type\":\"BreadcrumbList\",\"@id\":\"https:\/\/beduka.com\/blog\/materias\/portugues\/o-que-e-linguagem-culta-e-coloquial\/#breadcrumb\",\"itemListElement\":[{\"@type\":\"ListItem\",\"position\":1,\"name\":\"Home\",\"item\":\"https:\/\/beduka.com\/blog\/\"},{\"@type\":\"ListItem\",\"position\":2,\"name\":\"O que \u00e9 linguagem culta e coloquial? Aprenda a diferen\u00e7a com exemplos pr\u00e1ticos\"}]},{\"@type\":\"WebSite\",\"@id\":\"https:\/\/beduka.com\/blog\/#website\",\"url\":\"https:\/\/beduka.com\/blog\/\",\"name\":\"Blog do Beduka | Mat\u00e9rias resumidas, Dicas e Exerc\u00edcios Enem\",\"description\":\"O Blog do Beduka tem os conte\u00fados que mais caem no Enem, exerc\u00edcios de vestibular com gabarito, resumos, dicas e informa\u00e7\u00f5es Sisu, Prouni e Fies.Encontre dicas para o ENEM, resumos, exerc\u00edcios e informa\u00e7\u00f5es sobre os vestibulares. Acesse agora!\",\"publisher\":{\"@id\":\"https:\/\/beduka.com\/blog\/#organization\"},\"potentialAction\":[{\"@type\":\"SearchAction\",\"target\":{\"@type\":\"EntryPoint\",\"urlTemplate\":\"https:\/\/beduka.com\/blog\/?s={search_term_string}\"},\"query-input\":\"required name=search_term_string\"}],\"inLanguage\":\"pt-BR\"},{\"@type\":\"Organization\",\"@id\":\"https:\/\/beduka.com\/blog\/#organization\",\"name\":\"Beduka\",\"url\":\"https:\/\/beduka.com\/blog\/\",\"logo\":{\"@type\":\"ImageObject\",\"inLanguage\":\"pt-BR\",\"@id\":\"https:\/\/beduka.com\/blog\/#\/schema\/logo\/image\/\",\"url\":\"https:\/\/beduka.com\/blog\/wp-content\/uploads\/2020\/06\/marca-beduka.png\",\"contentUrl\":\"https:\/\/beduka.com\/blog\/wp-content\/uploads\/2020\/06\/marca-beduka.png\",\"width\":1077,\"height\":368,\"caption\":\"Beduka\"},\"image\":{\"@id\":\"https:\/\/beduka.com\/blog\/#\/schema\/logo\/image\/\"},\"sameAs\":[\"https:\/\/www.facebook.com\/beduka.buscadordefaculdades\/\",\"https:\/\/www.instagram.com\/beduka_oficial\/\",\"https:\/\/www.linkedin.com\/company\/beduka\",\"https:\/\/br.pinterest.com\/bedukaoficial\/\",\"https:\/\/www.youtube.com\/beduka\"]},{\"@type\":\"Person\",\"@id\":\"https:\/\/beduka.com\/blog\/#\/schema\/person\/6663b033dafd59fc30595515af1715a6\",\"name\":\"Reda\u00e7\u00e3o Beduka\",\"image\":{\"@type\":\"ImageObject\",\"inLanguage\":\"pt-BR\",\"@id\":\"https:\/\/beduka.com\/blog\/#\/schema\/person\/image\/\",\"url\":\"https:\/\/secure.gravatar.com\/avatar\/6adaee42d8e8225567b5dc097972091b?s=96&d=mm&r=g\",\"contentUrl\":\"https:\/\/secure.gravatar.com\/avatar\/6adaee42d8e8225567b5dc097972091b?s=96&d=mm&r=g\",\"caption\":\"Reda\u00e7\u00e3o Beduka\"},\"description\":\"Este conte\u00fado foi criado e validado por uma equipe multidisciplinar, formada por especialistas em cada \u00e1rea do conhecimento. O Beduka est\u00e1 presente no Instagram, YouTube, LinkedIn e em diversos outros ambientes digitais. O site foi criado em 2017 e, desde a sua funda\u00e7\u00e3o, atua para fornecer materiais de qualidade para facilitar a vida de estudantes de todo o Brasil, ajudando-os a se preparar para os principais vestibulares e o Enem.\",\"sameAs\":[\"https:\/\/www.facebook.com\/beduka.buscadordefaculdades\",\"https:\/\/www.instagram.com\/beduka_oficial\/\",\"https:\/\/br.pinterest.com\/bedukaoficial\/\"],\"url\":\"https:\/\/beduka.com\/blog\/author\/alessandra\/\"}]}<\/script>\n<!-- \/ Yoast SEO plugin. -->","yoast_head_json":{"title":"Linguagem culta e coloquial: como a fala e a escrita se adequam ao meio","description":"O que \u00e9 linguagem culta e coloquial? Uma tem a ver com formalidade e a outra com o cotidiano. Aqui, voc\u00ea descobre todos os detalhes sobre elas.","robots":{"index":"index","follow":"follow","max-snippet":"max-snippet:-1","max-image-preview":"max-image-preview:large","max-video-preview":"max-video-preview:-1"},"canonical":"https:\/\/beduka.com\/blog\/materias\/portugues\/o-que-e-linguagem-culta-e-coloquial\/","og_locale":"pt_BR","og_type":"article","og_title":"Linguagem culta e coloquial: como a fala e a escrita se adequam ao meio","og_description":"O que \u00e9 linguagem culta e coloquial? Uma tem a ver com formalidade e a outra com o cotidiano. Aqui, voc\u00ea descobre todos os detalhes sobre elas.","og_url":"https:\/\/beduka.com\/blog\/materias\/portugues\/o-que-e-linguagem-culta-e-coloquial\/","og_site_name":"Blog do Beduka | Mat\u00e9rias resumidas, Dicas e Exerc\u00edcios Enem","article_publisher":"https:\/\/www.facebook.com\/beduka.buscadordefaculdades\/","article_author":"https:\/\/www.facebook.com\/beduka.buscadordefaculdades","article_published_time":"2022-11-01T18:29:13+00:00","article_modified_time":"2023-03-10T17:09:04+00:00","og_image":[{"width":609,"height":342,"url":"https:\/\/beduka.com\/blog\/wp-content\/uploads\/2022\/11\/o-que-e-linguagem-culta-e-coloquial.jpg","type":"image\/jpeg"}],"author":"Reda\u00e7\u00e3o Beduka","twitter_card":"summary_large_image","twitter_misc":{"Escrito por":"Reda\u00e7\u00e3o Beduka","Est. tempo de leitura":"8 minutos"},"schema":{"@context":"https:\/\/schema.org","@graph":[{"@type":"Article","@id":"https:\/\/beduka.com\/blog\/materias\/portugues\/o-que-e-linguagem-culta-e-coloquial\/#article","isPartOf":{"@id":"https:\/\/beduka.com\/blog\/materias\/portugues\/o-que-e-linguagem-culta-e-coloquial\/"},"author":{"name":"Reda\u00e7\u00e3o Beduka","@id":"https:\/\/beduka.com\/blog\/#\/schema\/person\/6663b033dafd59fc30595515af1715a6"},"headline":"O que \u00e9 linguagem culta e coloquial? Aprenda a diferen\u00e7a com exemplos pr\u00e1ticos","datePublished":"2022-11-01T18:29:13+00:00","dateModified":"2023-03-10T17:09:04+00:00","mainEntityOfPage":{"@id":"https:\/\/beduka.com\/blog\/materias\/portugues\/o-que-e-linguagem-culta-e-coloquial\/"},"wordCount":1557,"commentCount":0,"publisher":{"@id":"https:\/\/beduka.com\/blog\/#organization"},"articleSection":["Portugu\u00eas"],"inLanguage":"pt-BR","potentialAction":[{"@type":"CommentAction","name":"Comment","target":["https:\/\/beduka.com\/blog\/materias\/portugues\/o-que-e-linguagem-culta-e-coloquial\/#respond"]}]},{"@type":"WebPage","@id":"https:\/\/beduka.com\/blog\/materias\/portugues\/o-que-e-linguagem-culta-e-coloquial\/","url":"https:\/\/beduka.com\/blog\/materias\/portugues\/o-que-e-linguagem-culta-e-coloquial\/","name":"Linguagem culta e coloquial: como a fala e a escrita se adequam ao meio","isPartOf":{"@id":"https:\/\/beduka.com\/blog\/#website"},"datePublished":"2022-11-01T18:29:13+00:00","dateModified":"2023-03-10T17:09:04+00:00","description":"O que \u00e9 linguagem culta e coloquial? Uma tem a ver com formalidade e a outra com o cotidiano. Aqui, voc\u00ea descobre todos os detalhes sobre elas.","breadcrumb":{"@id":"https:\/\/beduka.com\/blog\/materias\/portugues\/o-que-e-linguagem-culta-e-coloquial\/#breadcrumb"},"inLanguage":"pt-BR","potentialAction":[{"@type":"ReadAction","target":["https:\/\/beduka.com\/blog\/materias\/portugues\/o-que-e-linguagem-culta-e-coloquial\/"]}]},{"@type":"BreadcrumbList","@id":"https:\/\/beduka.com\/blog\/materias\/portugues\/o-que-e-linguagem-culta-e-coloquial\/#breadcrumb","itemListElement":[{"@type":"ListItem","position":1,"name":"Home","item":"https:\/\/beduka.com\/blog\/"},{"@type":"ListItem","position":2,"name":"O que \u00e9 linguagem culta e coloquial? Aprenda a diferen\u00e7a com exemplos pr\u00e1ticos"}]},{"@type":"WebSite","@id":"https:\/\/beduka.com\/blog\/#website","url":"https:\/\/beduka.com\/blog\/","name":"Blog do Beduka | Mat\u00e9rias resumidas, Dicas e Exerc\u00edcios Enem","description":"O Blog do Beduka tem os conte\u00fados que mais caem no Enem, exerc\u00edcios de vestibular com gabarito, resumos, dicas e informa\u00e7\u00f5es Sisu, Prouni e Fies.Encontre dicas para o ENEM, resumos, exerc\u00edcios e informa\u00e7\u00f5es sobre os vestibulares. Acesse agora!","publisher":{"@id":"https:\/\/beduka.com\/blog\/#organization"},"potentialAction":[{"@type":"SearchAction","target":{"@type":"EntryPoint","urlTemplate":"https:\/\/beduka.com\/blog\/?s={search_term_string}"},"query-input":"required name=search_term_string"}],"inLanguage":"pt-BR"},{"@type":"Organization","@id":"https:\/\/beduka.com\/blog\/#organization","name":"Beduka","url":"https:\/\/beduka.com\/blog\/","logo":{"@type":"ImageObject","inLanguage":"pt-BR","@id":"https:\/\/beduka.com\/blog\/#\/schema\/logo\/image\/","url":"https:\/\/beduka.com\/blog\/wp-content\/uploads\/2020\/06\/marca-beduka.png","contentUrl":"https:\/\/beduka.com\/blog\/wp-content\/uploads\/2020\/06\/marca-beduka.png","width":1077,"height":368,"caption":"Beduka"},"image":{"@id":"https:\/\/beduka.com\/blog\/#\/schema\/logo\/image\/"},"sameAs":["https:\/\/www.facebook.com\/beduka.buscadordefaculdades\/","https:\/\/www.instagram.com\/beduka_oficial\/","https:\/\/www.linkedin.com\/company\/beduka","https:\/\/br.pinterest.com\/bedukaoficial\/","https:\/\/www.youtube.com\/beduka"]},{"@type":"Person","@id":"https:\/\/beduka.com\/blog\/#\/schema\/person\/6663b033dafd59fc30595515af1715a6","name":"Reda\u00e7\u00e3o Beduka","image":{"@type":"ImageObject","inLanguage":"pt-BR","@id":"https:\/\/beduka.com\/blog\/#\/schema\/person\/image\/","url":"https:\/\/secure.gravatar.com\/avatar\/6adaee42d8e8225567b5dc097972091b?s=96&d=mm&r=g","contentUrl":"https:\/\/secure.gravatar.com\/avatar\/6adaee42d8e8225567b5dc097972091b?s=96&d=mm&r=g","caption":"Reda\u00e7\u00e3o Beduka"},"description":"Este conte\u00fado foi criado e validado por uma equipe multidisciplinar, formada por especialistas em cada \u00e1rea do conhecimento. O Beduka est\u00e1 presente no Instagram, YouTube, LinkedIn e em diversos outros ambientes digitais. O site foi criado em 2017 e, desde a sua funda\u00e7\u00e3o, atua para fornecer materiais de qualidade para facilitar a vida de estudantes de todo o Brasil, ajudando-os a se preparar para os principais vestibulares e o Enem.","sameAs":["https:\/\/www.facebook.com\/beduka.buscadordefaculdades","https:\/\/www.instagram.com\/beduka_oficial\/","https:\/\/br.pinterest.com\/bedukaoficial\/"],"url":"https:\/\/beduka.com\/blog\/author\/alessandra\/"}]}},"_links":{"self":[{"href":"https:\/\/beduka.com\/blog\/wp-json\/wp\/v2\/posts\/27382"}],"collection":[{"href":"https:\/\/beduka.com\/blog\/wp-json\/wp\/v2\/posts"}],"about":[{"href":"https:\/\/beduka.com\/blog\/wp-json\/wp\/v2\/types\/post"}],"author":[{"embeddable":true,"href":"https:\/\/beduka.com\/blog\/wp-json\/wp\/v2\/users\/20"}],"replies":[{"embeddable":true,"href":"https:\/\/beduka.com\/blog\/wp-json\/wp\/v2\/comments?post=27382"}],"version-history":[{"count":2,"href":"https:\/\/beduka.com\/blog\/wp-json\/wp\/v2\/posts\/27382\/revisions"}],"predecessor-version":[{"id":28919,"href":"https:\/\/beduka.com\/blog\/wp-json\/wp\/v2\/posts\/27382\/revisions\/28919"}],"wp:featuredmedia":[{"embeddable":true,"href":"https:\/\/beduka.com\/blog\/wp-json\/wp\/v2\/media\/28895"}],"wp:attachment":[{"href":"https:\/\/beduka.com\/blog\/wp-json\/wp\/v2\/media?parent=27382"}],"wp:term":[{"taxonomy":"category","embeddable":true,"href":"https:\/\/beduka.com\/blog\/wp-json\/wp\/v2\/categories?post=27382"},{"taxonomy":"post_tag","embeddable":true,"href":"https:\/\/beduka.com\/blog\/wp-json\/wp\/v2\/tags?post=27382"}],"curies":[{"name":"wp","href":"https:\/\/api.w.org\/{rel}","templated":true}]}}