{"id":28484,"date":"2023-02-01T11:57:23","date_gmt":"2023-02-01T14:57:23","guid":{"rendered":"https:\/\/beduka.com\/blog\/?p=28484"},"modified":"2023-03-10T11:48:54","modified_gmt":"2023-03-10T14:48:54","slug":"quais-os-orgaos-do-sistema-respiratorio","status":"publish","type":"post","link":"https:\/\/beduka.com\/blog\/materias\/biologia\/quais-os-orgaos-do-sistema-respiratorio\/","title":{"rendered":"Quais os \u00f3rg\u00e3os do Sistema Respirat\u00f3rio? Entenda cada etapa da respira\u00e7\u00e3o e se prepare para o vestibular"},"content":{"rendered":"\n<blockquote class=\"wp-block-quote\"><p><strong><em>Voc\u00ea sabia que um adulto em repouso respira de 12 a 18 vezes por minuto? Pois \u00e9! Realizamos esse movimento de forma t\u00e3o mec\u00e2nica que sequer damos conta do que estamos fazendo.&nbsp;<\/em><\/strong><\/p><p><strong><em>A respira\u00e7\u00e3o consiste em captar o oxig\u00eanio do ar para os pulm\u00f5es, que em seguida entrar\u00e1 na corrente sangu\u00ednea para ajudar no bom funcionamento de nossos tecidos e \u00f3rg\u00e3os.<\/em><\/strong><\/p><p><strong><em>Neste resumo, voc\u00ea aprender\u00e1 quais os \u00f3rg\u00e3os do sistema respirat\u00f3rio, suas fun\u00e7\u00f5es, as principais doen\u00e7as respirat\u00f3rias e como o assunto \u00e9 cobrado nos principais vestibulares do Brasil. Bons estudos!<\/em><\/strong><\/p><\/blockquote>\n\n\n\n<p>Se voc\u00ea quiser ir diretamente para alguma parte do texto, <strong>clique em um dos t\u00f3picos abaixo:<\/strong><\/p>\n\n\n\n<ul><li><a href=\"#\u00f3rg\u00e3os-do-sistema-respirat\u00f3rio\" data-type=\"internal\" data-id=\"#\u00f3rg\u00e3os-do-sistema-respirat\u00f3rio\">Quais os \u00f3rg\u00e3os do sistema respirat\u00f3rio?<\/a><\/li><li><a href=\"#narinas-e-fossas-nasais\" data-type=\"internal\" data-id=\"#narinas-e-fossas-nasais\">Nariz e Fossas Nasais<\/a><\/li><li><a href=\"#faringe\" data-type=\"internal\" data-id=\"#faringe\">Faringe<\/a><\/li><li><a href=\"#laringe\" data-type=\"internal\" data-id=\"#laringe\">Laringe<\/a><\/li><li><a href=\"#traqueia\" data-type=\"internal\" data-id=\"#traqueia\">Traqueia&nbsp;<\/a><\/li><li><a href=\"#br\u00f4nquios-e-bronqu\u00edolos\" data-type=\"internal\" data-id=\"#br\u00f4nquios-e-bronqu\u00edolos\">Br\u00f4nquios e Bronqu\u00edolos<\/a><\/li><li><a href=\"#alv\u00e9olos\" data-type=\"internal\" data-id=\"#alv\u00e9olos\">Alv\u00e9olos <\/a><\/li><li><a href=\"#diafragma-e-m\u00fasculos-intercostais\" data-type=\"internal\" data-id=\"#diafragma-e-m\u00fasculos-intercostais\">Diafragma e M\u00fasculos Intercostais<\/a><\/li><li><a href=\"#pulm\u00f5es\" data-type=\"internal\" data-id=\"#pulm\u00f5es\">Pulm\u00f5es<\/a><\/li><li><a href=\"#principais-doen\u00e7as-respirat\u00f3rias\" data-type=\"internal\" data-id=\"#principais-doen\u00e7as-respirat\u00f3rias\">Quais s\u00e3o as principais doen\u00e7as respirat\u00f3rias?<\/a><\/li><li><a href=\"#vestibular\" data-type=\"internal\" data-id=\"#vestibular\">Como os \u00f3rg\u00e3os do sistema respirat\u00f3rio s\u00e3o cobrados no vestibular?<\/a><\/li><li><a href=\"#gabarito-comentado\" data-type=\"internal\" data-id=\"#gabarito-comentado\">Confira o gabarito comentado!<\/a><\/li><li><a href=\"#faculdade\" data-type=\"internal\" data-id=\"#faculdade\">N\u00f3s conectamos voc\u00ea \u00e0 faculdade!<\/a><\/li><\/ul>\n\n\n\n<p>Estudando Biologia para o Enem? Depois de aprender quais os \u00f3rg\u00e3os do sistema respirat\u00f3rio, treine com o <a href=\"https:\/\/beduka.com\/simulado-enem\/\" target=\"_blank\" rel=\"noreferrer noopener\"><strong>Simulado Beduka do Enem<\/strong><\/a>. Ele \u00e9 <strong>100% gratuito<\/strong> e personaliz\u00e1vel, <strong>acesse agora!<\/strong><\/p>\n\n\n\n<h2 class=\"wp-block-heading\" id=\"\u00f3rg\u00e3os-do-sistema-respirat\u00f3rio\">Quais os \u00f3rg\u00e3os do sistema respirat\u00f3rio?<\/h2>\n\n\n\n<p>O <strong>sistema respirat\u00f3rio<\/strong> \u00e9 formado pelo <strong>conjunto de \u00f3rg\u00e3os respons\u00e1veis pela respira\u00e7\u00e3o<\/strong>.<\/p>\n\n\n\n<p>A respira\u00e7\u00e3o nada mais \u00e9 do que o processo de <strong>trocas gasosas com o meio externo atrav\u00e9s de superf\u00edcies respirat\u00f3rias. <\/strong>Os gases mais importantes para a respira\u00e7\u00e3o s\u00e3o o<strong> g\u00e1s carb\u00f4nico (CO2)<\/strong> e o <strong>oxig\u00eanio (O2)<\/strong>.&nbsp;<\/p>\n\n\n\n<p>As trocas gasosas s\u00e3o realizadas por <strong>difus\u00e3o<\/strong>, isto \u00e9, pelo movimento passivo de mol\u00e9culas de onde est\u00e3o mais concentradas para a regi\u00e3o onde est\u00e3o menos concentradas.<\/p>\n\n\n\n<p>Vale ressaltar que o sistema respirat\u00f3rio \u00e9 intimamente ligado ao <a href=\"https:\/\/beduka.com\/blog\/materias\/biologia\/sistema-circulatorio-humano\/\" target=\"_blank\" rel=\"noreferrer noopener\"><strong>sistema circulat\u00f3rio<\/strong><\/a>, pois \u00e9 <strong>atrav\u00e9s dele que o organismo \u00e9 abastecido de oxig\u00eanio<\/strong> e dispensa o g\u00e1s carb\u00f4nico restante do metabolismo das c\u00e9lulas. E o sistema circulat\u00f3rio \u00e9 respons\u00e1vel por levar o oxig\u00eanio para elas.<\/p>\n\n\n\n<p>Nos seres humanos, o sistema respirat\u00f3rio inclui os seguintes \u00f3rg\u00e3os:<\/p>\n\n\n\n<ul><li>Narinas e Fossas Nasais;<\/li><li>Faringe;<\/li><li>Laringe;<\/li><li>Traqueia;<\/li><li>Br\u00f4nquios e Bronqu\u00edolos;<\/li><li>Alv\u00e9olos Pulmonares;<\/li><li>Diafragma e M\u00fasculos Intercostais;<\/li><li>Pulm\u00f5es.<\/li><\/ul>\n\n\n\n<blockquote class=\"wp-block-quote\"><p><a href=\"https:\/\/beduka.com\/blog\/materias\/biologia\/fisiologia-do-sistema-respiratorio\/\" target=\"_blank\" rel=\"noreferrer noopener\"><strong><em>Confira nosso resumo completo sobre a Fisiologia do Sistema Respirat\u00f3rio aqui!<\/em><\/strong><\/a><\/p><\/blockquote>\n\n\n\n<p>Agora acompanhe a jornada do ar em nosso corpo desde sua entrada at\u00e9 chegar aos pulm\u00f5es e aprenda quais os \u00f3rg\u00e3os do sistema respirat\u00f3rio de forma simplificada!<\/p>\n\n\n\n<h3 class=\"wp-block-heading\" id=\"narinas-e-fossas-nasais\">Narinas e Fossas Nasais<\/h3>\n\n\n\n<p>As <strong>narinas <\/strong>s\u00e3o o principal meio de entrada do ar no organismo humano. Nas<strong> fossas nasais <\/strong>(tamb\u00e9m chamadas de cavidades nasais)<strong> o ar \u00e9 aquecido, umedecido e filtrado.&nbsp;<\/strong><\/p>\n\n\n\n<p>As cavidades do nariz s\u00e3o <strong>revestidas de c\u00edlios<\/strong> e <strong>cobertas por muco<\/strong>. De forma resumida, elas podem ser divididas em tr\u00eas regi\u00f5es: o vest\u00edbulo, a \u00e1rea respirat\u00f3ria e a \u00e1rea olfat\u00f3ria. Entenda melhor:<\/p>\n\n\n\n<ol><li><strong>Vest\u00edbulo:<\/strong> \u00e9 a parte anterior e dilatada das fossas nasais. Essa parte se comunica com o meio exterior.&nbsp;<\/li><\/ol>\n\n\n\n<ol start=\"2\"><li><strong>Regi\u00e3o respirat\u00f3ria: <\/strong>compreende a maior parte das fossas nasais. \u00c9 revestida por um epit\u00e9lio ciliado pseudo-estratificado, intercalado com c\u00e9lulas secretoras de muco.<\/li><\/ol>\n\n\n\n<ol start=\"3\"><li><strong>Regi\u00e3o olfat\u00f3ria:<\/strong> corresponde \u00e0 parte superior das fossas nasais. Essa \u00e1rea \u00e9 rica em c\u00e9lulas olfat\u00f3rias e quimiorreceptores de olfa\u00e7\u00e3o.<\/li><\/ol>\n\n\n\n<h3 class=\"wp-block-heading\" id=\"faringe\">Faringe<\/h3>\n\n\n\n<p>Em seguida, <strong>o ar inspirado pelas narinas ou pela boca, passa pela faringe antes de chegar \u00e0 laringe.&nbsp;<\/strong><\/p>\n\n\n\n<p>A faringe \u00e9 um tubo de aproximadamente 15 cm de comprimento que come\u00e7a logo depois das fossas nasais e termina na laringe e no es\u00f4fago.&nbsp;<\/p>\n\n\n\n<p>Este \u00f3rg\u00e3o<strong> serve de passagem tanto para o alimento quanto para o ar<\/strong> e termina em um tubo curto, a laringe. Dessa forma, podemos dizer que<strong> \u00e9 uma cavidade comum tanto ao <\/strong><a href=\"https:\/\/beduka.com\/blog\/materias\/biologia\/fisiologia-do-sistema-digestivo\/\" target=\"_blank\" rel=\"noreferrer noopener\"><strong>sistema digest\u00f3rio<\/strong><\/a><strong> quanto respirat\u00f3rio.<\/strong><\/p>\n\n\n\n<p>Est\u00e1 curtindo saber quais os \u00f3rg\u00e3os do sistema respirat\u00f3rio e suas fun\u00e7\u00f5es? Ainda temos muitos \u00f3rg\u00e3os pela frente!<\/p>\n\n\n\n<h3 class=\"wp-block-heading\" id=\"laringe\">Laringe<\/h3>\n\n\n\n<p>Depois de passar pela faringe, <strong>o ar inspirado vai para a laringe onde ser\u00e1 conduzido at\u00e9 a traqu\u00e9ia.&nbsp;<\/strong><\/p>\n\n\n\n<p>A laringe \u00e9 um segmento flex\u00edvel que desempenha um papel importante no trato respirat\u00f3rio, pois<strong> permite que o ar passe atrav\u00e9s dela, impedindo que alimentos e bebidas bloqueiem as vias a\u00e9reas.<\/strong><\/p>\n\n\n\n<p>Al\u00e9m disso, tamb\u00e9m \u00e9 o local onde as<strong> cordas vocais<\/strong> se localizam. As cordas vocais s\u00e3o capazes de emitir sons durante a passagem de ar, sendo <strong>essenciais para a fala<\/strong>.<\/p>\n\n\n\n<h3 class=\"wp-block-heading\" id=\"traqueia\">Traqueia&nbsp;<\/h3>\n\n\n\n<p>Enfim, o ar inspirado chega \u00e0 traqueia. Este \u00f3rg\u00e3o \u00e9 um <strong>tubo que conduz o ar que vem da laringe e se bifurca em sua regi\u00e3o inferior, dando origem aos br\u00f4nquios.<\/strong><\/p>\n\n\n\n<p>A traqu\u00e9ia \u00e9 formada por <strong>an\u00e9is cartilaginosos<\/strong> e apresenta <strong>epit\u00e9lio ciliado com gl\u00e2ndulas que produzem muco. <\/strong>As impurezas se aderem ao muco e os c\u00edlios removem o muco com impurezas em dire\u00e7\u00e3o \u00e0 faringe.&nbsp;<\/p>\n\n\n\n<blockquote class=\"wp-block-quote\"><p><strong><em>Depois de descobrir quais os \u00f3rg\u00e3os do sistema respirat\u00f3rio, <\/em><\/strong><a href=\"https:\/\/beduka.com\/blog\/materias\/biologia\/o-que-e-a-traqueia\/\" target=\"_blank\" rel=\"noreferrer noopener\"><strong><em>leia tamb\u00e9m nosso resumo completo sobre o que \u00e9 a traqueia!<\/em><\/strong><\/a><\/p><\/blockquote>\n\n\n\n<h3 class=\"wp-block-heading\" id=\"br\u00f4nquios-e-bronqu\u00edolos\">Br\u00f4nquios e Bronqu\u00edolos&nbsp;<\/h3>\n\n\n\n<p><strong>Ap\u00f3s passar pelas ramifica\u00e7\u00f5es da traqueia, o ar chega aos br\u00f4nquios.&nbsp;<\/strong><\/p>\n\n\n\n<p>Os <strong>br\u00f4nquios <\/strong>s\u00e3o duas <strong>ramifica\u00e7\u00f5es da por\u00e7\u00e3o final da traqueia<\/strong> que adentram nos pulm\u00f5es. Os <strong>bronqu\u00edolos<\/strong>, por sua vez, s\u00e3o <strong>ramifica\u00e7\u00f5es cada vez mais finas dos br\u00f4nquios<\/strong> que terminam nos alv\u00e9olos pulmonares.&nbsp;<\/p>\n\n\n\n<h3 class=\"wp-block-heading\" id=\"alv\u00e9olos\">Alv\u00e9olos&nbsp;<\/h3>\n\n\n\n<p><strong>Finalmente o ar inspirado chega aos alv\u00e9olos pulmonares.&nbsp;<\/strong><\/p>\n\n\n\n<p>Essas estruturas s\u00e3o <strong>pequenos sacos constitu\u00eddos por c\u00e9lulas epiteliais achatadas e cobertos por capilares sangu\u00edneos<\/strong>. \u00c9 neste local onde ocorre o processo mais importante da respira\u00e7\u00e3o: a <strong>hematose pulmonar.<\/strong><\/p>\n\n\n\n<p>A hematose consiste na <strong>troca de g\u00e1s carb\u00f4nico do sangue pelo oxig\u00eanio captado do ambiente.<\/strong> Entenda como ela acontece:<\/p>\n\n\n\n<ol><li>O oxig\u00eanio que entra no sangue combina-se com a hemoglobina, uma prote\u00edna presente nas hem\u00e1cias.<\/li><\/ol>\n\n\n\n<ol start=\"2\"><li>Em seguida, nos tecidos, a oxiemoglobina perde oxig\u00eanio, que sai do sangue e entra nas c\u00e9lulas.&nbsp;<\/li><\/ol>\n\n\n\n<ol start=\"3\"><li>Por fim, o g\u00e1s carb\u00f4nico sai da c\u00e9lula e passa para o sangue.<\/li><\/ol>\n\n\n\n<blockquote class=\"wp-block-quote\"><p><strong><em>Ap\u00f3s ler esse resumo sobre quais os \u00f3rg\u00e3os do sistema respirat\u00f3rio, que tal entender <\/em><\/strong><a href=\"https:\/\/beduka.com\/blog\/materias\/biologia\/o-que-sao-eritrocitos\/\" target=\"_blank\" rel=\"noreferrer noopener\"><strong><em>como o oxig\u00eanio e o g\u00e1s carb\u00f4nico circulam pelo nosso corpo? Aprenda aqui!<\/em><\/strong><\/a><\/p><\/blockquote>\n\n\n\n<h3 class=\"wp-block-heading\" id=\"diafragma-e-m\u00fasculos-intercostais\">Diafragma e M\u00fasculos Intercostais&nbsp;<\/h3>\n\n\n\n<p>Outras estruturas fundamentais no sistema respirat\u00f3rio s\u00e3o o <strong>diafragma <\/strong>e os <strong>m\u00fasculos intercostais.<\/strong><\/p>\n\n\n\n<p>Isso porque a<strong> entrada e sa\u00edda de ar nos pulm\u00f5es depende da diferen\u00e7a entre a press\u00e3o<\/strong> <strong>atmosf\u00e9rica e a press\u00e3o intrapulmonar<\/strong> (dentro dos pulm\u00f5es) que \u00e9 criada pela a\u00e7\u00e3o dos <strong>m\u00fasculos respirat\u00f3rios <\/strong>(intercostais e diafragma).<\/p>\n\n\n\n<p>Aprenda como os movimentos de inspira\u00e7\u00e3o e expira\u00e7\u00e3o acontecem:<\/p>\n\n\n\n<h4 class=\"wp-block-heading\">Inspira\u00e7\u00e3o (entrada do ar)<\/h4>\n\n\n\n<ol><li>O diafragma se contrai e abaixa. Ao mesmo tempo, as costelas se elevam e a caixa tor\u00e1cica se expande.&nbsp;<\/li><\/ol>\n\n\n\n<ol start=\"2\"><li>&nbsp;Com mais espa\u00e7o ao redor, os pulm\u00f5es se distendem.<\/li><\/ol>\n\n\n\n<ol start=\"3\"><li>Com o aumento do volume dos pulm\u00f5es a press\u00e3o interna cai e o ar \u00e9 inalado com facilidade.<\/li><\/ol>\n\n\n\n<h4 class=\"wp-block-heading\">Expira\u00e7\u00e3o (sa\u00edda do ar)<\/h4>\n\n\n\n<ol><li>O diafragma relaxa e sobe. As costelas abaixam e a caixa tor\u00e1cica diminui de tamanho.<\/li><li>Espremidos, os pulm\u00f5es se contraem.<\/li><\/ol>\n\n\n\n<ol start=\"3\"><li>Com a redu\u00e7\u00e3o do volume, a press\u00e3o dentro dos pulm\u00f5es aumenta e o ar \u00e9 empurrado de volta pelas vias respirat\u00f3rias e \u00e9 exalado.<\/li><\/ol>\n\n\n\n<h3 class=\"wp-block-heading\" id=\"pulm\u00f5es\">Pulm\u00f5es<\/h3>\n\n\n\n<p>Por fim, chegamos ao \u00f3rg\u00e3o mais importante e tamb\u00e9m mais lembrado quando pensamos \u201cquais os \u00f3rg\u00e3os do sistema respirat\u00f3rio&#8221;.<\/p>\n\n\n\n<p>Os pulm\u00f5es s\u00e3o dois \u00f3rg\u00e3os de formato piramidal, consist\u00eancia esponjosa e que medem mais ou menos 25 cent\u00edmetros de comprimento.&nbsp;<\/p>\n\n\n\n<p>Eles ficam localizados dentro da <strong>caixa tor\u00e1cica <\/strong>(estrutura \u00f3ssea que protege os pulm\u00f5es e o cora\u00e7\u00e3o) e s\u00e3o <strong>revestidos externamente <\/strong>por uma membrana chamada <strong>pleura<\/strong>. <strong>A pleura \u00e9 uma membrana transparente e fina.<\/strong>&nbsp;<\/p>\n\n\n\n<p>A parte <strong>interna <\/strong>\u00e9 chamada de <strong>pleura visceral <\/strong>e est\u00e1 ligada \u00e0 <strong>superf\u00edcie pulmonar<\/strong>, j\u00e1 a parte <strong>externa <\/strong>\u00e9 chamada de <strong>pleura parietal <\/strong>e est\u00e1 ligada \u00e0 parede da <strong>caixa tor\u00e1cica.<\/strong><\/p>\n\n\n\n<p>Os pulm\u00f5es humanos s\u00e3o divididos em segmentos chamados de lobos. O pulm\u00e3o esquerdo possui dois lobos e o direito possui tr\u00eas.<\/p>\n\n\n\n<p>Al\u00e9m disso, <strong>o pulm\u00e3o direito \u00e9 o mais espesso e mais largo que o esquerdo<\/strong>, \u00e9 tamb\u00e9m um pouco mais curto, j\u00e1 que <strong>o diafragma \u00e9 mais alto no lado direito para acomodar o f\u00edgado.&nbsp;<\/strong><\/p>\n\n\n\n<p>O <strong>pulm\u00e3o esquerdo<\/strong>, por sua vez, <strong>apresenta uma concavidade, que \u00e9 a incisura card\u00edaca.<\/strong><\/p>\n\n\n\n<p>A base de cada pulm\u00e3o fica apoiada no diafragma, estrutura que separa o t\u00f3rax do abdome, que, juntamente com os m\u00fasculos intercostais, realiza os movimentos respirat\u00f3rios.&nbsp;<\/p>\n\n\n\n<p>No espa\u00e7o intermedi\u00e1rio das pleuras h\u00e1 um reduzido espa\u00e7o, ocupado por um l\u00edquido lubrificante secretado pela pleura, este l\u00edquido \u00e9 o que mant\u00e9m juntas as duas pleuras, fazendo com que elas deslizem (reduzindo o atrito) durante os movimentos respirat\u00f3rios<\/p>\n\n\n\n<h2 class=\"wp-block-heading\" id=\"principais-doen\u00e7as-respirat\u00f3rias\">Quais s\u00e3o as principais doen\u00e7as respirat\u00f3rias?<\/h2>\n\n\n\n<p>Depois de entender quais os \u00f3rg\u00e3os do sistema respirat\u00f3rio e suas fun\u00e7\u00f5es, \u00e9 importante que voc\u00ea conhe\u00e7a as principais doen\u00e7as que acometem as vias respirat\u00f3rias:<\/p>\n\n\n\n<ul><li><strong>Enfisema pulmonar: <\/strong>perda da elasticidade do tecido pulmonar em fun\u00e7\u00e3o da excessiva dilata\u00e7\u00e3o e destrui\u00e7\u00e3o dos alv\u00e9olos (causada pelo tabagismo).<\/li><\/ul>\n\n\n\n<ul><li><strong>Asma:<\/strong> doen\u00e7a inflamat\u00f3ria cr\u00f4nica das vias a\u00e9reas, que resulta na redu\u00e7\u00e3o ou obstru\u00e7\u00e3o do fluxo de ar.<\/li><\/ul>\n\n\n\n<ul><li><strong>Edema pulmonar:<\/strong> ac\u00famulo de l\u00edquido nos pulm\u00f5es levando \u00e0 insufici\u00eancia respirat\u00f3ria.<\/li><\/ul>\n\n\n\n<ul><li><strong>Bronquite:<\/strong> inflama\u00e7\u00e3o das vias respirat\u00f3rias associadas a infec\u00e7\u00f5es virais ou bacterianas (aguda).<\/li><\/ul>\n\n\n\n<blockquote class=\"wp-block-quote\"><p><a href=\"https:\/\/beduka.com\/blog\/exercicios\/biologia-exercicios\/exercicios-sobre-sistema-respiratorio\/\" target=\"_blank\" rel=\"noreferrer noopener\"><strong><em>Agora teste o que aprendeu com nossa lista de exerc\u00edcios sobre Sistema Respirat\u00f3rio!&nbsp;<\/em><\/strong><\/a><\/p><\/blockquote>\n\n\n\n<p>Esperamos ter contribu\u00eddo com seus estudos com este resumo sobre quais \u00f3rg\u00e3os do sistema respirat\u00f3rio e suas fun\u00e7\u00f5es.<\/p>\n\n\n\n<h2 class=\"wp-block-heading\" id=\"vestibular\">Como os \u00f3rg\u00e3os do sistema respirat\u00f3rio s\u00e3o cobrados no vestibular?<\/h2>\n\n\n\n<p>Para entender tudo sobre quais os \u00f3rg\u00e3os do sistema respirat\u00f3rio, \u00e9 essencial saber como o assunto \u00e9 cobrado nos vestibulares. Por isso, trouxemos para voc\u00ea 2 quest\u00f5es sobre o tema.&nbsp;<\/p>\n\n\n\n<p><strong>Resolva os exerc\u00edcios e depois veja o gabarito comentado no final!<\/strong><\/p>\n\n\n\n<p><strong>Quest\u00e3o 1 &#8211; (<\/strong><a href=\"https:\/\/www.ifsc.edu.br\/\" target=\"_blank\" rel=\"noreferrer noopener\"><strong>IFSC<\/strong><\/a><strong>)&nbsp;<\/strong><\/p>\n\n\n\n<p>Sobre o sistema respirat\u00f3rio, assinale a alternativa correta.<\/p>\n\n\n\n<p><strong>a) <\/strong>As trocas gasosas se d\u00e3o entre o ar alveolar e o sangue contido nos capilares. O sangue proveniente dos tecidos \u00e9 rico em oxig\u00eanio e pobre em g\u00e1s carb\u00f4nico. O ar alveolar \u00e9 rico em g\u00e1s carb\u00f4nico e pobre em oxig\u00eanio.<\/p>\n\n\n\n<p><strong>b)<\/strong> Cada br\u00f4nquio ramifica-se in\u00fameras vezes e origina traqueias progressivamente menos calibrosas, at\u00e9 se formarem os bronqu\u00edolos terminais. Estes, por sua vez, terminam em bolsinhas, de parede extremamente delgada, os alv\u00e9olos pulmonares.<\/p>\n\n\n\n<p><strong>c)<\/strong> As fossas nasais (ou cavidades nasais) e a boca s\u00e3o os locais de entrada do ar que se dirige ao nosso sistema respirat\u00f3rio. O ar que entra pelas fossas nasais \u00e9 filtrado, umedecido e aquecido, antes de ir para a traqueia. Os c\u00edlios que revestem o epit\u00e9lio das fossas nasais ret\u00eam part\u00edculas de sujeira e microrganismos que existem no ar.<\/p>\n\n\n\n<p><strong>d)<\/strong> A entrada de ar nos pulm\u00f5es, a expira\u00e7\u00e3o, se d\u00e1 pela contra\u00e7\u00e3o da musculatura do diafragma e dos m\u00fasculos intercostais. O diafragma abaixa e as costelas se elevam, o que aumenta o volume da caixa tor\u00e1cica, for\u00e7ando o ar a entrar nos pulm\u00f5es.<\/p>\n\n\n\n<p><strong>e)<\/strong> A faringe tem importante fun\u00e7\u00e3o ao impedir a entrada de alimento nas vias a\u00e9reas inferiores e garantir a fona\u00e7\u00e3o. No homem, \u00e9 formada por nove pe\u00e7as de cartilagem.<\/p>\n\n\n\n<p><strong>Quest\u00e3o 2 &#8211; (<\/strong><a href=\"https:\/\/www.pucminas.br\/\" target=\"_blank\" rel=\"noreferrer noopener\"><strong>PUC-Minas<\/strong><\/a><strong>)&nbsp;<\/strong><\/p>\n\n\n\n<p>As trocas gasosas no pulm\u00e3o humano, em condi\u00e7\u00f5es normais, ocorrem:<\/p>\n\n\n\n<p><strong>a) <\/strong>nos alv\u00e9olos.<\/p>\n\n\n\n<p><strong>b)<\/strong> nos bronqu\u00edolos.<\/p>\n\n\n\n<p><strong>c) <\/strong>nos br\u00f4nquios.<\/p>\n\n\n\n<p><strong>d) <\/strong>na traqueia.<\/p>\n\n\n\n<p><strong>e)<\/strong> na laringe.<\/p>\n\n\n\n<h3 class=\"wp-block-heading\" id=\"gabarito-comentado\">Gabarito comentado<\/h3>\n\n\n\n<p><strong>Exerc\u00edcio resolvido da quest\u00e3o 1 &#8211;<\/strong><\/p>\n\n\n\n<p>Alternativa correta: <strong>c)<\/strong> As fossas nasais (ou cavidades nasais) e a boca s\u00e3o os locais de entrada do ar que se dirige ao nosso sistema respirat\u00f3rio. O ar que entra pelas fossas nasais \u00e9 filtrado, umedecido e aquecido, antes de ir para a traqueia. Os c\u00edlios que revestem o epit\u00e9lio das fossas nasais ret\u00eam part\u00edculas de sujeira e microrganismos que existem no ar.<\/p>\n\n\n\n<p>Essa alternativa apresenta todas as afirma\u00e7\u00f5es corretas a respeito do sistema respirat\u00f3rio.<\/p>\n\n\n\n<p><strong>Exerc\u00edcio resolvido da quest\u00e3o 2 &#8211;<\/strong><\/p>\n\n\n\n<p>Alternativa correta: <strong>a) <\/strong>nos alv\u00e9olos.<\/p>\n\n\n\n<p>Como vimos neste resumo sobre quais os \u00f3rg\u00e3os do sistema respirat\u00f3rio, as trocas gasosas (hematose) acontecem nos alv\u00e9olos.<\/p>\n\n\n\n<p>Quer praticar com mais quest\u00f5es do Enem? <strong>Treine com o Simulado Beduka do Enem!<\/strong><\/p>\n\n\n\n<p>Com ele <strong>voc\u00ea aprende praticando<\/strong> com quest\u00f5es de anos anteriores, pode personaliz\u00e1-lo como quiser e ainda tem acesso ao gabarito com m\u00e9todo TRI de corre\u00e7\u00e3o. <strong>Tudo isso de forma gratuita!<\/strong><\/p>\n\n\n\n<ul><li><a href=\"https:\/\/beduka.com\/simulado-enem\/#\/\" target=\"_blank\" rel=\"noreferrer noopener\"><strong>Treinar com o Simulado Enem Beduka agora mesmo<\/strong><\/a><\/li><\/ul>\n\n\n\n<p>A seguir temos uma <strong>oportunidade incr\u00edvel que pode mudar sua vida<\/strong>, n\u00e3o deixe de conferir!<\/p>\n\n\n\n<h2 class=\"wp-block-heading\">N\u00f3s conectamos voc\u00ea \u00e0 faculdade!<\/h2>\n\n\n\n<p>Voc\u00ea sabia que \u00e9 poss\u00edvel entrar em uma excelente universidade, no curso dos seus sonhos, <strong>sem fazer o Enem ou vestibular?&nbsp;<\/strong><\/p>\n\n\n\n<p>\u00c9 isso mesmo! Estamos falando do <a href=\"https:\/\/beduka.com\/bolsas\" target=\"_blank\" rel=\"noreferrer noopener\"><strong>Beduka Bolsas.<\/strong><\/a><\/p>\n\n\n\n<p>O <strong>Beduka Bolsas<\/strong> \u00e9 uma plataforma online que te conecta com bolsas de estudos nas melhores universidades!&nbsp;<\/p>\n\n\n\n<p>S\u00e3o mais de 90 op\u00e7\u00f5es de cursos para voc\u00ea escolher, com bolsas que podem chegar at\u00e9 <strong>65% de desconto no valor da mensalidade,<\/strong> e de quebra, voc\u00ea ainda <strong>ganha a matr\u00edcula gratuita!<\/strong><\/p>\n\n\n\n<p>Voc\u00ea n\u00e3o pode perder essa oportunidade.&nbsp;<\/p>\n\n\n\n<ul><li><a href=\"https:\/\/beduka.com\/bolsas\" target=\"_blank\" rel=\"noreferrer noopener\"><strong>Acesse o Beduka Bolsas agora e saiba mais!<\/strong><\/a><\/li><\/ul>\n\n\n\n<p>Siga o Beduka nas redes sociais:&nbsp;<\/p>\n\n\n\n<p>No <a href=\"https:\/\/www.instagram.com\/beduka_oficial\/\" target=\"_blank\" rel=\"noreferrer noopener\"><strong>Instagram<\/strong><\/a> postamos <strong>tudo que pode cair no Enem<\/strong>, no <a href=\"https:\/\/www.tiktok.com\/@beduka.oficial\" target=\"_blank\" rel=\"noreferrer noopener\"><strong>TikTok<\/strong><\/a><strong> <\/strong>voc\u00ea se <strong>diverte aprendendo<\/strong> e no <a href=\"https:\/\/br.pinterest.com\/bedukaoficial\/\" target=\"_blank\" rel=\"noreferrer noopener\"><strong>Pinterest<\/strong><\/a> voc\u00ea encontra os <strong>melhores resumos<\/strong> sobre todas as mat\u00e9rias. Estamos te esperando!<\/p>\n\n\n\n<p>Obrigada por ler nosso resumo sobre quais os \u00f3rg\u00e3os do sistema respirat\u00f3rio.<\/p>\n","protected":false},"excerpt":{"rendered":"<p>Voc\u00ea sabe quais os \u00f3rg\u00e3os do sistema respirat\u00f3rio? Neste resumo completo sobre o assunto voc\u00ea vai entender todos os detalhes do processo de respira\u00e7\u00e3o!<\/p>\n","protected":false},"author":1,"featured_media":28747,"comment_status":"open","ping_status":"closed","sticky":false,"template":"","format":"standard","meta":{"_mi_skip_tracking":false,"_monsterinsights_sitenote_active":false,"_monsterinsights_sitenote_note":"","_monsterinsights_sitenote_category":0},"categories":[495],"tags":[],"yoast_head":"<!-- This site is optimized with the Yoast SEO plugin v20.10 - https:\/\/yoast.com\/wordpress\/plugins\/seo\/ -->\n<title>Sistema Respirat\u00f3rio: Aprenda sobre todos os \u00f3rg\u00e3os cobrados no Enem<\/title>\n<meta name=\"description\" content=\"Voc\u00ea sabe quais os \u00f3rg\u00e3os do sistema respirat\u00f3rio? Neste resumo completo sobre o assunto voc\u00ea vai entender todos os detalhes do processo de respira\u00e7\u00e3o!\" \/>\n<meta name=\"robots\" content=\"index, follow, max-snippet:-1, max-image-preview:large, max-video-preview:-1\" \/>\n<link rel=\"canonical\" href=\"https:\/\/beduka.com\/blog\/materias\/biologia\/quais-os-orgaos-do-sistema-respiratorio\/\" \/>\n<meta property=\"og:locale\" content=\"pt_BR\" \/>\n<meta property=\"og:type\" content=\"article\" \/>\n<meta property=\"og:title\" content=\"Sistema Respirat\u00f3rio: Aprenda sobre todos os \u00f3rg\u00e3os cobrados no Enem\" \/>\n<meta property=\"og:description\" content=\"Voc\u00ea sabe quais os \u00f3rg\u00e3os do sistema respirat\u00f3rio? Neste resumo completo sobre o assunto voc\u00ea vai entender todos os detalhes do processo de respira\u00e7\u00e3o!\" \/>\n<meta property=\"og:url\" content=\"https:\/\/beduka.com\/blog\/materias\/biologia\/quais-os-orgaos-do-sistema-respiratorio\/\" \/>\n<meta property=\"og:site_name\" content=\"Blog do Beduka | Mat\u00e9rias resumidas, Dicas e Exerc\u00edcios Enem\" \/>\n<meta property=\"article:publisher\" content=\"https:\/\/www.facebook.com\/beduka.buscadordefaculdades\/\" \/>\n<meta property=\"article:author\" content=\"https:\/\/www.facebook.com\/beduka.buscadordefaculdades\" \/>\n<meta property=\"article:published_time\" content=\"2023-02-01T14:57:23+00:00\" \/>\n<meta property=\"article:modified_time\" content=\"2023-03-10T14:48:54+00:00\" \/>\n<meta property=\"og:image\" content=\"https:\/\/beduka.com\/blog\/wp-content\/uploads\/2023\/02\/quais-os-orgaos-do-sistema-respiratorio.jpg\" \/>\n\t<meta property=\"og:image:width\" content=\"609\" \/>\n\t<meta property=\"og:image:height\" content=\"342\" \/>\n\t<meta property=\"og:image:type\" content=\"image\/jpeg\" \/>\n<meta name=\"author\" content=\"Reda\u00e7\u00e3o Beduka (a)\" \/>\n<meta name=\"twitter:card\" content=\"summary_large_image\" \/>\n<meta name=\"twitter:label1\" content=\"Escrito por\" \/>\n\t<meta name=\"twitter:data1\" content=\"Reda\u00e7\u00e3o Beduka (a)\" \/>\n\t<meta name=\"twitter:label2\" content=\"Est. tempo de leitura\" \/>\n\t<meta name=\"twitter:data2\" content=\"12 minutos\" \/>\n<script type=\"application\/ld+json\" class=\"yoast-schema-graph\">{\"@context\":\"https:\/\/schema.org\",\"@graph\":[{\"@type\":\"Article\",\"@id\":\"https:\/\/beduka.com\/blog\/materias\/biologia\/quais-os-orgaos-do-sistema-respiratorio\/#article\",\"isPartOf\":{\"@id\":\"https:\/\/beduka.com\/blog\/materias\/biologia\/quais-os-orgaos-do-sistema-respiratorio\/\"},\"author\":{\"name\":\"Reda\u00e7\u00e3o Beduka (a)\",\"@id\":\"https:\/\/beduka.com\/blog\/#\/schema\/person\/325d912d2cb8dd9ede8ab291427d2b8a\"},\"headline\":\"Quais os \u00f3rg\u00e3os do Sistema Respirat\u00f3rio? Entenda cada etapa da respira\u00e7\u00e3o e se prepare para o vestibular\",\"datePublished\":\"2023-02-01T14:57:23+00:00\",\"dateModified\":\"2023-03-10T14:48:54+00:00\",\"mainEntityOfPage\":{\"@id\":\"https:\/\/beduka.com\/blog\/materias\/biologia\/quais-os-orgaos-do-sistema-respiratorio\/\"},\"wordCount\":2398,\"commentCount\":0,\"publisher\":{\"@id\":\"https:\/\/beduka.com\/blog\/#organization\"},\"articleSection\":[\"Biologia\"],\"inLanguage\":\"pt-BR\",\"potentialAction\":[{\"@type\":\"CommentAction\",\"name\":\"Comment\",\"target\":[\"https:\/\/beduka.com\/blog\/materias\/biologia\/quais-os-orgaos-do-sistema-respiratorio\/#respond\"]}]},{\"@type\":\"WebPage\",\"@id\":\"https:\/\/beduka.com\/blog\/materias\/biologia\/quais-os-orgaos-do-sistema-respiratorio\/\",\"url\":\"https:\/\/beduka.com\/blog\/materias\/biologia\/quais-os-orgaos-do-sistema-respiratorio\/\",\"name\":\"Sistema Respirat\u00f3rio: Aprenda sobre todos os \u00f3rg\u00e3os cobrados no Enem\",\"isPartOf\":{\"@id\":\"https:\/\/beduka.com\/blog\/#website\"},\"datePublished\":\"2023-02-01T14:57:23+00:00\",\"dateModified\":\"2023-03-10T14:48:54+00:00\",\"description\":\"Voc\u00ea sabe quais os \u00f3rg\u00e3os do sistema respirat\u00f3rio? Neste resumo completo sobre o assunto voc\u00ea vai entender todos os detalhes do processo de respira\u00e7\u00e3o!\",\"breadcrumb\":{\"@id\":\"https:\/\/beduka.com\/blog\/materias\/biologia\/quais-os-orgaos-do-sistema-respiratorio\/#breadcrumb\"},\"inLanguage\":\"pt-BR\",\"potentialAction\":[{\"@type\":\"ReadAction\",\"target\":[\"https:\/\/beduka.com\/blog\/materias\/biologia\/quais-os-orgaos-do-sistema-respiratorio\/\"]}]},{\"@type\":\"BreadcrumbList\",\"@id\":\"https:\/\/beduka.com\/blog\/materias\/biologia\/quais-os-orgaos-do-sistema-respiratorio\/#breadcrumb\",\"itemListElement\":[{\"@type\":\"ListItem\",\"position\":1,\"name\":\"Home\",\"item\":\"https:\/\/beduka.com\/blog\/\"},{\"@type\":\"ListItem\",\"position\":2,\"name\":\"Quais os \u00f3rg\u00e3os do Sistema Respirat\u00f3rio? Entenda cada etapa da respira\u00e7\u00e3o e se prepare para o vestibular\"}]},{\"@type\":\"WebSite\",\"@id\":\"https:\/\/beduka.com\/blog\/#website\",\"url\":\"https:\/\/beduka.com\/blog\/\",\"name\":\"Blog do Beduka | Mat\u00e9rias resumidas, Dicas e Exerc\u00edcios Enem\",\"description\":\"O Blog do Beduka tem os conte\u00fados que mais caem no Enem, exerc\u00edcios de vestibular com gabarito, resumos, dicas e informa\u00e7\u00f5es Sisu, Prouni e Fies.Encontre dicas para o ENEM, resumos, exerc\u00edcios e informa\u00e7\u00f5es sobre os vestibulares. Acesse agora!\",\"publisher\":{\"@id\":\"https:\/\/beduka.com\/blog\/#organization\"},\"potentialAction\":[{\"@type\":\"SearchAction\",\"target\":{\"@type\":\"EntryPoint\",\"urlTemplate\":\"https:\/\/beduka.com\/blog\/?s={search_term_string}\"},\"query-input\":\"required name=search_term_string\"}],\"inLanguage\":\"pt-BR\"},{\"@type\":\"Organization\",\"@id\":\"https:\/\/beduka.com\/blog\/#organization\",\"name\":\"Beduka\",\"url\":\"https:\/\/beduka.com\/blog\/\",\"logo\":{\"@type\":\"ImageObject\",\"inLanguage\":\"pt-BR\",\"@id\":\"https:\/\/beduka.com\/blog\/#\/schema\/logo\/image\/\",\"url\":\"https:\/\/beduka.com\/blog\/wp-content\/uploads\/2020\/06\/marca-beduka.png\",\"contentUrl\":\"https:\/\/beduka.com\/blog\/wp-content\/uploads\/2020\/06\/marca-beduka.png\",\"width\":1077,\"height\":368,\"caption\":\"Beduka\"},\"image\":{\"@id\":\"https:\/\/beduka.com\/blog\/#\/schema\/logo\/image\/\"},\"sameAs\":[\"https:\/\/www.facebook.com\/beduka.buscadordefaculdades\/\",\"https:\/\/www.instagram.com\/beduka_oficial\/\",\"https:\/\/www.linkedin.com\/company\/beduka\",\"https:\/\/br.pinterest.com\/bedukaoficial\/\",\"https:\/\/www.youtube.com\/beduka\"]},{\"@type\":\"Person\",\"@id\":\"https:\/\/beduka.com\/blog\/#\/schema\/person\/325d912d2cb8dd9ede8ab291427d2b8a\",\"name\":\"Reda\u00e7\u00e3o Beduka (a)\",\"image\":{\"@type\":\"ImageObject\",\"inLanguage\":\"pt-BR\",\"@id\":\"https:\/\/beduka.com\/blog\/#\/schema\/person\/image\/\",\"url\":\"https:\/\/secure.gravatar.com\/avatar\/6f58a181ef24e0dc0bb73f096aa0f8b5?s=96&d=mm&r=g\",\"contentUrl\":\"https:\/\/secure.gravatar.com\/avatar\/6f58a181ef24e0dc0bb73f096aa0f8b5?s=96&d=mm&r=g\",\"caption\":\"Reda\u00e7\u00e3o Beduka (a)\"},\"description\":\"Este conte\u00fado foi criado e validado por uma equipe multidisciplinar, formada por especialistas em cada \u00e1rea do conhecimento. O Beduka est\u00e1 presente no Instagram, YouTube, LinkedIn e em diversos outros ambientes digitais. O site foi criado em 2017 e, desde a sua funda\u00e7\u00e3o, atua para fornecer materiais de qualidade para facilitar a vida de estudantes de todo o Brasil, ajudando-os a se preparar para os principais vestibulares e o Enem.\",\"sameAs\":[\"https:\/\/www.facebook.com\/beduka.buscadordefaculdades\",\"https:\/\/www.instagram.com\/beduka_oficial\/\",\"https:\/\/br.pinterest.com\/bedukaoficial\/\"],\"url\":\"https:\/\/beduka.com\/blog\/author\/admin\/\"}]}<\/script>\n<!-- \/ Yoast SEO plugin. -->","yoast_head_json":{"title":"Sistema Respirat\u00f3rio: Aprenda sobre todos os \u00f3rg\u00e3os cobrados no Enem","description":"Voc\u00ea sabe quais os \u00f3rg\u00e3os do sistema respirat\u00f3rio? Neste resumo completo sobre o assunto voc\u00ea vai entender todos os detalhes do processo de respira\u00e7\u00e3o!","robots":{"index":"index","follow":"follow","max-snippet":"max-snippet:-1","max-image-preview":"max-image-preview:large","max-video-preview":"max-video-preview:-1"},"canonical":"https:\/\/beduka.com\/blog\/materias\/biologia\/quais-os-orgaos-do-sistema-respiratorio\/","og_locale":"pt_BR","og_type":"article","og_title":"Sistema Respirat\u00f3rio: Aprenda sobre todos os \u00f3rg\u00e3os cobrados no Enem","og_description":"Voc\u00ea sabe quais os \u00f3rg\u00e3os do sistema respirat\u00f3rio? Neste resumo completo sobre o assunto voc\u00ea vai entender todos os detalhes do processo de respira\u00e7\u00e3o!","og_url":"https:\/\/beduka.com\/blog\/materias\/biologia\/quais-os-orgaos-do-sistema-respiratorio\/","og_site_name":"Blog do Beduka | Mat\u00e9rias resumidas, Dicas e Exerc\u00edcios Enem","article_publisher":"https:\/\/www.facebook.com\/beduka.buscadordefaculdades\/","article_author":"https:\/\/www.facebook.com\/beduka.buscadordefaculdades","article_published_time":"2023-02-01T14:57:23+00:00","article_modified_time":"2023-03-10T14:48:54+00:00","og_image":[{"width":609,"height":342,"url":"https:\/\/beduka.com\/blog\/wp-content\/uploads\/2023\/02\/quais-os-orgaos-do-sistema-respiratorio.jpg","type":"image\/jpeg"}],"author":"Reda\u00e7\u00e3o Beduka (a)","twitter_card":"summary_large_image","twitter_misc":{"Escrito por":"Reda\u00e7\u00e3o Beduka (a)","Est. tempo de leitura":"12 minutos"},"schema":{"@context":"https:\/\/schema.org","@graph":[{"@type":"Article","@id":"https:\/\/beduka.com\/blog\/materias\/biologia\/quais-os-orgaos-do-sistema-respiratorio\/#article","isPartOf":{"@id":"https:\/\/beduka.com\/blog\/materias\/biologia\/quais-os-orgaos-do-sistema-respiratorio\/"},"author":{"name":"Reda\u00e7\u00e3o Beduka (a)","@id":"https:\/\/beduka.com\/blog\/#\/schema\/person\/325d912d2cb8dd9ede8ab291427d2b8a"},"headline":"Quais os \u00f3rg\u00e3os do Sistema Respirat\u00f3rio? Entenda cada etapa da respira\u00e7\u00e3o e se prepare para o vestibular","datePublished":"2023-02-01T14:57:23+00:00","dateModified":"2023-03-10T14:48:54+00:00","mainEntityOfPage":{"@id":"https:\/\/beduka.com\/blog\/materias\/biologia\/quais-os-orgaos-do-sistema-respiratorio\/"},"wordCount":2398,"commentCount":0,"publisher":{"@id":"https:\/\/beduka.com\/blog\/#organization"},"articleSection":["Biologia"],"inLanguage":"pt-BR","potentialAction":[{"@type":"CommentAction","name":"Comment","target":["https:\/\/beduka.com\/blog\/materias\/biologia\/quais-os-orgaos-do-sistema-respiratorio\/#respond"]}]},{"@type":"WebPage","@id":"https:\/\/beduka.com\/blog\/materias\/biologia\/quais-os-orgaos-do-sistema-respiratorio\/","url":"https:\/\/beduka.com\/blog\/materias\/biologia\/quais-os-orgaos-do-sistema-respiratorio\/","name":"Sistema Respirat\u00f3rio: Aprenda sobre todos os \u00f3rg\u00e3os cobrados no Enem","isPartOf":{"@id":"https:\/\/beduka.com\/blog\/#website"},"datePublished":"2023-02-01T14:57:23+00:00","dateModified":"2023-03-10T14:48:54+00:00","description":"Voc\u00ea sabe quais os \u00f3rg\u00e3os do sistema respirat\u00f3rio? Neste resumo completo sobre o assunto voc\u00ea vai entender todos os detalhes do processo de respira\u00e7\u00e3o!","breadcrumb":{"@id":"https:\/\/beduka.com\/blog\/materias\/biologia\/quais-os-orgaos-do-sistema-respiratorio\/#breadcrumb"},"inLanguage":"pt-BR","potentialAction":[{"@type":"ReadAction","target":["https:\/\/beduka.com\/blog\/materias\/biologia\/quais-os-orgaos-do-sistema-respiratorio\/"]}]},{"@type":"BreadcrumbList","@id":"https:\/\/beduka.com\/blog\/materias\/biologia\/quais-os-orgaos-do-sistema-respiratorio\/#breadcrumb","itemListElement":[{"@type":"ListItem","position":1,"name":"Home","item":"https:\/\/beduka.com\/blog\/"},{"@type":"ListItem","position":2,"name":"Quais os \u00f3rg\u00e3os do Sistema Respirat\u00f3rio? Entenda cada etapa da respira\u00e7\u00e3o e se prepare para o vestibular"}]},{"@type":"WebSite","@id":"https:\/\/beduka.com\/blog\/#website","url":"https:\/\/beduka.com\/blog\/","name":"Blog do Beduka | Mat\u00e9rias resumidas, Dicas e Exerc\u00edcios Enem","description":"O Blog do Beduka tem os conte\u00fados que mais caem no Enem, exerc\u00edcios de vestibular com gabarito, resumos, dicas e informa\u00e7\u00f5es Sisu, Prouni e Fies.Encontre dicas para o ENEM, resumos, exerc\u00edcios e informa\u00e7\u00f5es sobre os vestibulares. Acesse agora!","publisher":{"@id":"https:\/\/beduka.com\/blog\/#organization"},"potentialAction":[{"@type":"SearchAction","target":{"@type":"EntryPoint","urlTemplate":"https:\/\/beduka.com\/blog\/?s={search_term_string}"},"query-input":"required name=search_term_string"}],"inLanguage":"pt-BR"},{"@type":"Organization","@id":"https:\/\/beduka.com\/blog\/#organization","name":"Beduka","url":"https:\/\/beduka.com\/blog\/","logo":{"@type":"ImageObject","inLanguage":"pt-BR","@id":"https:\/\/beduka.com\/blog\/#\/schema\/logo\/image\/","url":"https:\/\/beduka.com\/blog\/wp-content\/uploads\/2020\/06\/marca-beduka.png","contentUrl":"https:\/\/beduka.com\/blog\/wp-content\/uploads\/2020\/06\/marca-beduka.png","width":1077,"height":368,"caption":"Beduka"},"image":{"@id":"https:\/\/beduka.com\/blog\/#\/schema\/logo\/image\/"},"sameAs":["https:\/\/www.facebook.com\/beduka.buscadordefaculdades\/","https:\/\/www.instagram.com\/beduka_oficial\/","https:\/\/www.linkedin.com\/company\/beduka","https:\/\/br.pinterest.com\/bedukaoficial\/","https:\/\/www.youtube.com\/beduka"]},{"@type":"Person","@id":"https:\/\/beduka.com\/blog\/#\/schema\/person\/325d912d2cb8dd9ede8ab291427d2b8a","name":"Reda\u00e7\u00e3o Beduka (a)","image":{"@type":"ImageObject","inLanguage":"pt-BR","@id":"https:\/\/beduka.com\/blog\/#\/schema\/person\/image\/","url":"https:\/\/secure.gravatar.com\/avatar\/6f58a181ef24e0dc0bb73f096aa0f8b5?s=96&d=mm&r=g","contentUrl":"https:\/\/secure.gravatar.com\/avatar\/6f58a181ef24e0dc0bb73f096aa0f8b5?s=96&d=mm&r=g","caption":"Reda\u00e7\u00e3o Beduka (a)"},"description":"Este conte\u00fado foi criado e validado por uma equipe multidisciplinar, formada por especialistas em cada \u00e1rea do conhecimento. O Beduka est\u00e1 presente no Instagram, YouTube, LinkedIn e em diversos outros ambientes digitais. O site foi criado em 2017 e, desde a sua funda\u00e7\u00e3o, atua para fornecer materiais de qualidade para facilitar a vida de estudantes de todo o Brasil, ajudando-os a se preparar para os principais vestibulares e o Enem.","sameAs":["https:\/\/www.facebook.com\/beduka.buscadordefaculdades","https:\/\/www.instagram.com\/beduka_oficial\/","https:\/\/br.pinterest.com\/bedukaoficial\/"],"url":"https:\/\/beduka.com\/blog\/author\/admin\/"}]}},"_links":{"self":[{"href":"https:\/\/beduka.com\/blog\/wp-json\/wp\/v2\/posts\/28484"}],"collection":[{"href":"https:\/\/beduka.com\/blog\/wp-json\/wp\/v2\/posts"}],"about":[{"href":"https:\/\/beduka.com\/blog\/wp-json\/wp\/v2\/types\/post"}],"author":[{"embeddable":true,"href":"https:\/\/beduka.com\/blog\/wp-json\/wp\/v2\/users\/1"}],"replies":[{"embeddable":true,"href":"https:\/\/beduka.com\/blog\/wp-json\/wp\/v2\/comments?post=28484"}],"version-history":[{"count":3,"href":"https:\/\/beduka.com\/blog\/wp-json\/wp\/v2\/posts\/28484\/revisions"}],"predecessor-version":[{"id":28748,"href":"https:\/\/beduka.com\/blog\/wp-json\/wp\/v2\/posts\/28484\/revisions\/28748"}],"wp:featuredmedia":[{"embeddable":true,"href":"https:\/\/beduka.com\/blog\/wp-json\/wp\/v2\/media\/28747"}],"wp:attachment":[{"href":"https:\/\/beduka.com\/blog\/wp-json\/wp\/v2\/media?parent=28484"}],"wp:term":[{"taxonomy":"category","embeddable":true,"href":"https:\/\/beduka.com\/blog\/wp-json\/wp\/v2\/categories?post=28484"},{"taxonomy":"post_tag","embeddable":true,"href":"https:\/\/beduka.com\/blog\/wp-json\/wp\/v2\/tags?post=28484"}],"curies":[{"name":"wp","href":"https:\/\/api.w.org\/{rel}","templated":true}]}}