{"id":28537,"date":"2023-02-07T11:46:43","date_gmt":"2023-02-07T14:46:43","guid":{"rendered":"https:\/\/beduka.com\/blog\/?p=28537"},"modified":"2023-03-10T12:06:27","modified_gmt":"2023-03-10T15:06:27","slug":"quais-aspectos-do-absolutismo-os-pensadores-iluministas-mais-criticavam","status":"publish","type":"post","link":"https:\/\/beduka.com\/blog\/materias\/historia\/quais-aspectos-do-absolutismo-os-pensadores-iluministas-mais-criticavam\/","title":{"rendered":"Quais aspectos do absolutismo os pensadores iluministas mais criticavam? Conhe\u00e7a os 4 que mais geraram revolta"},"content":{"rendered":"\n<blockquote class=\"wp-block-quote\"><p><strong><em>O Absolutismo foi a forma de governo que caracterizou o per\u00edodo da Idade Moderna na Europa e deixou de existir ap\u00f3s a Revolu\u00e7\u00e3o Francesa e as outras que foram feitas por influ\u00eancia dela.<\/em><\/strong><\/p><p><strong><em>Suas principais caracter\u00edsticas t\u00eam a ver com a liga\u00e7\u00e3o entre Igreja e Estado, os usos do poder e a interfer\u00eancia do governo na economia. Esses aspectos foram muito criticados pelos iluministas.<\/em><\/strong><\/p><p><strong><em>Neste artigo, vamos te apresentar quais aspectos do Absolutismo os pensadores iluministas mais criticavam e os motivos que eles tinham para detestar esse regime.<\/em><\/strong><\/p><\/blockquote>\n\n\n\n<p>Se voc\u00ea quiser ir diretamente para alguma parte do texto, clique em um dos t\u00f3picos abaixo:<\/p>\n\n\n\n<ul><li><a href=\"#absolutismo\">O que foi o absolutismo?<\/a><\/li><li><a href=\"#criticavam\">Quais aspectos do Absolutismo os pensadores iluministas mais criticavam?<\/a><\/li><li><a href=\"#pensadores\">Quais foram os principais pensadores do Iluminismo?<\/a><\/li><li><a href=\"#Exerc\u00edcios\">Exerc\u00edcios sobre Iluminismo<\/a><\/li><li><a href=\"#beduka-bolsas\" data-type=\"internal\" data-id=\"#beduka-bolsas\">Voc\u00ea pode mudar de vida em 2023<\/a><\/li><\/ul>\n\n\n\n<p><strong>Ganhe um desconto de at\u00e9 65% na mensalidade<\/strong> do curso dos seus sonhos! Acesse o <a href=\"https:\/\/beduka.com\/blog\/dicas\/faculdades\/beduka-bolsas\/\" target=\"_blank\" rel=\"noreferrer noopener\"><strong>Beduka Bolsas<\/strong><\/a> e comece a estudar agora mesmo!<\/p>\n\n\n\n<h2 class=\"wp-block-heading\" id=\"absolutismo\">O que foi o absolutismo?<\/h2>\n\n\n\n<p>O Absolutismo foi uma forma de organiza\u00e7\u00e3o do poder que esteve em vigor em diversos pa\u00edses da Europa. O per\u00edodo de apogeu desse modelo de regime foram os anos que v\u00e3o do final do s\u00e9culo XVII at\u00e9 a Revolu\u00e7\u00e3o Francesa, em 1789.<\/p>\n\n\n\n<p>Ele \u00e9 tamb\u00e9m conhecido como Antigo Regime, para diferenci\u00e1-lo das formas modernas de governo.<\/p>\n\n\n\n<p>Suas principais caracter\u00edsticas s\u00e3o:<\/p>\n\n\n\n<ul><li><strong>Confessionalismo de Estado<\/strong>: o Estado possui uma religi\u00e3o oficial que influencia em diversas \u00e1reas da vida social.<\/li><li><strong>Concentra\u00e7\u00e3o de poder<\/strong>: o rei det\u00e9m muito poder em si, quebrando a for\u00e7a dos outros poderes tradicionais, como da nobreza.<\/li><li><strong>Todos s\u00e3o s\u00faditos<\/strong>: antes do absolutismo, a rela\u00e7\u00e3o entre governante e governados era de vassalagem feudal. O rei absoluto destruiu esta institui\u00e7\u00e3o e tornou todas as pessoas do reino seus s\u00faditos.<\/li><li><strong>Mercantilismo<\/strong>: pr\u00e1tica econ\u00f4mica que tinha o objetivo de fazer os s\u00faditos serem ricos, para que o Estado tamb\u00e9m fosse. As pr\u00e1ticas mercantilistas principais eram o uso militar para conquista e prote\u00e7\u00e3o de mercados, ac\u00famulo de metais preciosos e barreiras alfandeg\u00e1rias.<\/li><\/ul>\n\n\n\n<p>No decorrer do tempo, o regime come\u00e7ou a sofrer diversas cr\u00edticas. Como todo Estado tende a se defender para se preservar, <strong>obras foram censuradas e pessoas foram presas por crime de opini\u00e3o<\/strong>.<\/p>\n\n\n\n<p>O que n\u00e3o impediu que as pessoas continuassem a escrever e inflamar as demais, at\u00e9 que houvesse revolu\u00e7\u00f5es por toda a Europa. Isso derrubou o Antigo Regime.<\/p>\n\n\n\n<p>Entre os principais cr\u00edticos, estavam os pensadores do Iluminismo. Vamos ver quais aspectos do Absolutismo os pensadores iluministas mais criticavam.<\/p>\n\n\n\n<blockquote class=\"wp-block-quote\"><p><em>Mas antes disso, voc\u00ea pode ler o nosso <\/em><strong><em>texto em que falamos sobre as <\/em><\/strong><a rel=\"noreferrer noopener\" href=\"https:\/\/beduka.com\/blog\/materias\/historia\/revolucoes-burguesas\/\" target=\"_blank\"><strong><em>Revolu\u00e7\u00f5es Liberais<\/em><\/strong><\/a><em>.<\/em><\/p><\/blockquote>\n\n\n\n<h2 class=\"wp-block-heading\" id=\"criticavam\">Quais aspectos do Absolutismo os pensadores iluministas mais criticavam?<\/h2>\n\n\n\n<p>O Iluminismo foi uma corrente filos\u00f3fica que floresceu na Fran\u00e7a no final do s\u00e9culo XVIII cujos pensadores tinham um comportamento muito cr\u00edtico com rela\u00e7\u00e3o ao Absolutismo.<\/p>\n\n\n\n<p>Os principais aspectos criticados na verdade eram as <strong>caracter\u00edsticas principais do Antigo Regime<\/strong>.<\/p>\n\n\n\n<h3 class=\"wp-block-heading\">1- Religi\u00e3o de Estado<\/h3>\n\n\n\n<p>Esse talvez tenha sido o aspecto do absolutismo o qual os pensadores iluministas mais criticavam. Uma quest\u00e3o de unanimidade, talvez.<\/p>\n\n\n\n<p>Na Fran\u00e7a, a Igreja Cat\u00f3lica sempre esteve ligada ao Estado, desde que o rei Cl\u00f3vis se converteu no s\u00e9culo VI e influenciou bastante na pr\u00e1tica pol\u00edtica. Muitos cl\u00e9rigos tinham cargos em conselhos de Estado ou em institui\u00e7\u00f5es educacionais.<\/p>\n\n\n\n<p>Os iluministas viam isso como uma limita\u00e7\u00e3o para a liberdade religiosa e de pensamento, uma vez que o Catolicismo era entendido como a vis\u00e3o de mundo oficial. Por\u00e9m, para os iluministas n\u00e3o passava de supersti\u00e7\u00e3o irracional.<\/p>\n\n\n\n<h3 class=\"wp-block-heading\">2- Concentra\u00e7\u00e3o de poder<\/h3>\n\n\n\n<p>A cr\u00edtica a este aspecto do Antigo Regime variava um pouco. Alguns pensadores, como Voltaire, entendiam que o rei deveria ser guiado por um fil\u00f3sofo, mas manter seu poder. Isso seria o despotismo esclarecido.<\/p>\n\n\n\n<p>Outros autores viam a concentra\u00e7\u00e3o de poder como algo ruim, <strong>por isso deveria haver uma divis\u00e3o entre legislativo, executivo e judici\u00e1rio<\/strong>. Al\u00e9m disso, precisava-se criar poderes intermedi\u00e1rios entre o Estado e o povo, para evitar que este fosse escravizado pelo rei.<\/p>\n\n\n\n<h3 class=\"wp-block-heading\">3- S\u00faditos n\u00e3o s\u00e3o cidad\u00e3os<\/h3>\n\n\n\n<p>Os iluministas defendiam que cada indiv\u00edduo fosse visto como um cidad\u00e3o do Estado, n\u00e3o como um servo do rei.&nbsp;<\/p>\n\n\n\n<h3 class=\"wp-block-heading\">4- Mercantilismo<\/h3>\n\n\n\n<p><strong>Os iluministas eram ferrenhos defensores da propriedade privada e pediam que o governo interferisse cada vez menos nos neg\u00f3cios<\/strong>. Eram adeptos do laissez-faire, laissez-passer, que \u00e9 uma express\u00e3o francesa para \u201cdeixa fazer, deixa passar\u201d.<\/p>\n\n\n\n<p>Portanto, defendiam maior liberdade econ\u00f4mica, de produ\u00e7\u00e3o etc. numa Fran\u00e7a entravada. Inclusive, <strong>alguns dizem que o maior impedimento para uma Revolu\u00e7\u00e3o Industrial na Fran\u00e7a foi a legisla\u00e7\u00e3o<\/strong>, que travava a iniciativa individual.<\/p>\n\n\n\n<h2 class=\"wp-block-heading\" id=\"pensadores\">Quais foram os principais pensadores do Iluminismo?<\/h2>\n\n\n\n<p>Agora que j\u00e1 vimos quais aspectos do Absolutismo os pensadores iluministas mais criticavam, vamos saber quem eram eles.<\/p>\n\n\n\n<ul><li><a href=\"https:\/\/beduka.com\/blog\/exercicios\/questoes-sobre-voltaire\/\" target=\"_blank\" rel=\"noreferrer noopener\">Voltaire<\/a>;<\/li><li>Denis Diderot;<\/li><li>David Hume;<\/li><li><a href=\"https:\/\/beduka.com\/blog\/materias\/filosofia\/principais-ideias-de-kant\/\" target=\"_blank\" rel=\"noreferrer noopener\">Immanuel Kant<\/a>;<\/li><li><a href=\"https:\/\/beduka.com\/blog\/exercicios\/questoes-sobre-adam-smith\/\" target=\"_blank\" rel=\"noreferrer noopener\">Adam Smith<\/a>;<\/li><li><a href=\"https:\/\/beduka.com\/blog\/exercicios\/questoes-sobre-rousseau\/\" target=\"_blank\" rel=\"noreferrer noopener\">Jean-Jacques Rousseau<\/a>;<\/li><li><a href=\"https:\/\/beduka.com\/blog\/exercicios\/questoes-sobre-montesquieu\/\" target=\"_blank\" rel=\"noreferrer noopener\">Montesquieu<\/a>.<\/li><\/ul>\n\n\n\n<blockquote class=\"wp-block-quote\"><p>Voc\u00ea pode saber mais sobre eles no nosso texto sobre os <a rel=\"noreferrer noopener\" href=\"https:\/\/beduka.com\/blog\/materias\/filosofia\/principais-pensadores-iluministas\/\" target=\"_blank\"><strong>principais pensadores do Iluminismo<\/strong><\/a>.<\/p><\/blockquote>\n\n\n\n<h2 class=\"wp-block-heading\" id=\"Exerc\u00edcios\">Exerc\u00edcios sobre Iluminismo<\/h2>\n\n\n\n<p>Agora que voc\u00ea j\u00e1 quais aspectos do Absolutismo os pensadores iluministas mais criticavam, resolva alguns exerc\u00edcios para fixa\u00e7\u00e3o do conte\u00fado.<\/p>\n\n\n\n<p><strong>Quest\u00e3o 1 (<\/strong><a href=\"https:\/\/ameosc.selecao.net.br\/\" target=\"_blank\" rel=\"noreferrer noopener\"><strong>Ameosc<\/strong><\/a><strong> \u2013 adaptado)<\/strong> N\u00e3o est\u00e1 entre as caracter\u00edsticas do iluminismo:<\/p>\n\n\n\n<p><strong>a)<\/strong> racionalismo<\/p>\n\n\n\n<p><strong>b)<\/strong> absolutismo<\/p>\n\n\n\n<p><strong>c) <\/strong>oposi\u00e7\u00e3o ao mercantilismo<\/p>\n\n\n\n<p><strong>d)<\/strong> anticlericalismo<\/p>\n\n\n\n<p><strong>e) <\/strong>cren\u00e7a no progresso<\/p>\n\n\n\n<p><strong>Quest\u00e3o 2 (<\/strong><a rel=\"noreferrer noopener\" href=\"https:\/\/www.puc-campinas.edu.br\/\" target=\"_blank\"><strong>Puccamp 2017<\/strong><\/a><strong>)<\/strong> Faz parte das caracter\u00edsticas do pensamento liberal europeu, no s\u00e9culo XIX, a defesa<\/p>\n\n\n\n<p><strong>a)<\/strong> da liberdade de imprensa e de a\u00e7\u00f5es afirmativas visando \u00e0 repara\u00e7\u00e3o estatal a grupos discriminados.&nbsp;<\/p>\n\n\n\n<p><strong>b)<\/strong> da distribui\u00e7\u00e3o equitativa de riquezas e do estado de bem-estar social.<\/p>\n\n\n\n<p><strong>c) <\/strong>do livre cambismo e do direito \u00e0 propriedade privada.<\/p>\n\n\n\n<p><strong>d)<\/strong> da liberdade de culto e do mutualismo.<\/p>\n\n\n\n<p><strong>e)<\/strong> da nacionaliza\u00e7\u00e3o dos meios de produ\u00e7\u00e3o e da doutrina do destino manifesto.&nbsp;<\/p>\n\n\n\n<h3 class=\"wp-block-heading\">Gabarito dos exerc\u00edcios sobre iluminismo<\/h3>\n\n\n\n<p>Exerc\u00edcio resolvido da quest\u00e3o 1<\/p>\n\n\n\n<p><strong>b)<\/strong> absolutismo<\/p>\n\n\n\n<p>Como vimos, o Iluminismo era cr\u00edtico dos aspectos do Absolutismo. As outras alternativas trazem as caracter\u00edsticas que os pensadores iluministas mais criticavam no Antigo Regime.<\/p>\n\n\n\n<p>Exerc\u00edcio resolvido da quest\u00e3o 2<\/p>\n\n\n\n<p><strong>c) <\/strong>do livre cambismo e do direito \u00e0 propriedade privada.<\/p>\n\n\n\n<p>Os iluministas defendiam a liberdade de trocas comerciais e a manuten\u00e7\u00e3o da propriedade privada. As demais alternativas se referem ao pensamento de esquerda que surgiu no s\u00e9culo XIX.<\/p>\n\n\n\n<h2 class=\"wp-block-heading\" id=\"beduka-bolsas\">Voc\u00ea pode mudar de vida em 2023<\/h2>\n\n\n\n<p>Voc\u00ea sabia que \u00e9 poss\u00edvel<strong> entrar em uma faculdade <\/strong>de excel\u00eancia sem fazer o Enem ou prestar vestibular?&nbsp;<\/p>\n\n\n\n<p>\u00c9 isso mesmo! Com o <a href=\"https:\/\/beduka.com\/bolsas\" target=\"_blank\" rel=\"noreferrer noopener\"><strong>Beduka Bolsas<\/strong><\/a> voc\u00ea entra em uma <strong>faculdade de qualidade, <\/strong>no curso dos seus sonhos e ainda economiza seu dinheiro.<\/p>\n\n\n\n<p>O <strong>Beduka Bolsas<\/strong> \u00e9 uma plataforma dispon\u00edvel 24 horas, onde voc\u00ea pode adquirir uma <strong>bolsa de estudos de at\u00e9 65% de desconto<\/strong> na mensalidade.&nbsp;<\/p>\n\n\n\n<p>S\u00e3o mais de <strong>90 op\u00e7\u00f5es de cursos <\/strong>para voc\u00ea escolher, em uma de nossas universidades parceiras.<\/p>\n\n\n\n<blockquote class=\"wp-block-quote\"><p><a rel=\"noreferrer noopener\" href=\"https:\/\/beduka.com\/bolsas\" target=\"_blank\"><strong>Acesse o Beduka Bolsas agora mesmo!<\/strong><\/a><\/p><\/blockquote>\n\n\n\n<p><strong>Obrigada por ler nosso artigo sobre quais aspectos do Absolutismo os pensadores iluministas mais criticavam at\u00e9 o final!&nbsp;<\/strong><\/p>\n\n\n\n<p><strong>Desejamos bons estudos!<\/strong><\/p>\n","protected":false},"excerpt":{"rendered":"<p>Os iluministas foram muito cr\u00edticos \u00e0 pol\u00edtica absolutista. Conhe\u00e7a neste artigo quais aspectos do Absolutismo os pensadores iluministas mais criticavam.<\/p>\n","protected":false},"author":18,"featured_media":28778,"comment_status":"open","ping_status":"closed","sticky":false,"template":"","format":"standard","meta":{"_mi_skip_tracking":false,"_monsterinsights_sitenote_active":false,"_monsterinsights_sitenote_note":"","_monsterinsights_sitenote_category":0},"categories":[491],"tags":[],"yoast_head":"<!-- This site is optimized with the Yoast SEO plugin v20.10 - https:\/\/yoast.com\/wordpress\/plugins\/seo\/ -->\n<title>Por que os Iluministas criticavam o Absolutismo? Descubra os aspectos mais pol\u00eamicos<\/title>\n<meta name=\"description\" content=\"Os iluministas foram muito cr\u00edticos \u00e0 pol\u00edtica absolutista. Conhe\u00e7a neste artigo quais aspectos do Absolutismo os pensadores iluministas mais criticavam.\" \/>\n<meta name=\"robots\" content=\"index, follow, max-snippet:-1, max-image-preview:large, max-video-preview:-1\" \/>\n<link rel=\"canonical\" href=\"https:\/\/beduka.com\/blog\/materias\/historia\/quais-aspectos-do-absolutismo-os-pensadores-iluministas-mais-criticavam\/\" \/>\n<meta property=\"og:locale\" content=\"pt_BR\" \/>\n<meta property=\"og:type\" content=\"article\" \/>\n<meta property=\"og:title\" content=\"Por que os Iluministas criticavam o Absolutismo? Descubra os aspectos mais pol\u00eamicos\" \/>\n<meta property=\"og:description\" content=\"Os iluministas foram muito cr\u00edticos \u00e0 pol\u00edtica absolutista. Conhe\u00e7a neste artigo quais aspectos do Absolutismo os pensadores iluministas mais criticavam.\" \/>\n<meta property=\"og:url\" content=\"https:\/\/beduka.com\/blog\/materias\/historia\/quais-aspectos-do-absolutismo-os-pensadores-iluministas-mais-criticavam\/\" \/>\n<meta property=\"og:site_name\" content=\"Blog do Beduka | Mat\u00e9rias resumidas, Dicas e Exerc\u00edcios Enem\" \/>\n<meta property=\"article:publisher\" content=\"https:\/\/www.facebook.com\/beduka.buscadordefaculdades\/\" \/>\n<meta property=\"article:author\" content=\"https:\/\/www.facebook.com\/beduka.buscadordefaculdades\" \/>\n<meta property=\"article:published_time\" content=\"2023-02-07T14:46:43+00:00\" \/>\n<meta property=\"article:modified_time\" content=\"2023-03-10T15:06:27+00:00\" \/>\n<meta property=\"og:image\" content=\"https:\/\/beduka.com\/blog\/wp-content\/uploads\/2023\/02\/Quais-aspectos-do-Absolutismo-os-pensadores-iluministas-mais-criticavam.jpg\" \/>\n\t<meta property=\"og:image:width\" content=\"609\" \/>\n\t<meta property=\"og:image:height\" content=\"342\" \/>\n\t<meta property=\"og:image:type\" content=\"image\/jpeg\" \/>\n<meta name=\"author\" content=\"Reda\u00e7\u00e3o Beduka\" \/>\n<meta name=\"twitter:card\" content=\"summary_large_image\" \/>\n<meta name=\"twitter:label1\" content=\"Escrito por\" \/>\n\t<meta name=\"twitter:data1\" content=\"Reda\u00e7\u00e3o Beduka\" \/>\n\t<meta name=\"twitter:label2\" content=\"Est. tempo de leitura\" \/>\n\t<meta name=\"twitter:data2\" content=\"6 minutos\" \/>\n<script type=\"application\/ld+json\" class=\"yoast-schema-graph\">{\"@context\":\"https:\/\/schema.org\",\"@graph\":[{\"@type\":\"Article\",\"@id\":\"https:\/\/beduka.com\/blog\/materias\/historia\/quais-aspectos-do-absolutismo-os-pensadores-iluministas-mais-criticavam\/#article\",\"isPartOf\":{\"@id\":\"https:\/\/beduka.com\/blog\/materias\/historia\/quais-aspectos-do-absolutismo-os-pensadores-iluministas-mais-criticavam\/\"},\"author\":{\"name\":\"Reda\u00e7\u00e3o Beduka\",\"@id\":\"https:\/\/beduka.com\/blog\/#\/schema\/person\/a642c9aad29bdea97a352689b053f80f\"},\"headline\":\"Quais aspectos do absolutismo os pensadores iluministas mais criticavam? Conhe\u00e7a os 4 que mais geraram revolta\",\"datePublished\":\"2023-02-07T14:46:43+00:00\",\"dateModified\":\"2023-03-10T15:06:27+00:00\",\"mainEntityOfPage\":{\"@id\":\"https:\/\/beduka.com\/blog\/materias\/historia\/quais-aspectos-do-absolutismo-os-pensadores-iluministas-mais-criticavam\/\"},\"wordCount\":1236,\"commentCount\":0,\"publisher\":{\"@id\":\"https:\/\/beduka.com\/blog\/#organization\"},\"articleSection\":[\"Hist\u00f3ria\"],\"inLanguage\":\"pt-BR\",\"potentialAction\":[{\"@type\":\"CommentAction\",\"name\":\"Comment\",\"target\":[\"https:\/\/beduka.com\/blog\/materias\/historia\/quais-aspectos-do-absolutismo-os-pensadores-iluministas-mais-criticavam\/#respond\"]}]},{\"@type\":\"WebPage\",\"@id\":\"https:\/\/beduka.com\/blog\/materias\/historia\/quais-aspectos-do-absolutismo-os-pensadores-iluministas-mais-criticavam\/\",\"url\":\"https:\/\/beduka.com\/blog\/materias\/historia\/quais-aspectos-do-absolutismo-os-pensadores-iluministas-mais-criticavam\/\",\"name\":\"Por que os Iluministas criticavam o Absolutismo? Descubra os aspectos mais pol\u00eamicos\",\"isPartOf\":{\"@id\":\"https:\/\/beduka.com\/blog\/#website\"},\"datePublished\":\"2023-02-07T14:46:43+00:00\",\"dateModified\":\"2023-03-10T15:06:27+00:00\",\"description\":\"Os iluministas foram muito cr\u00edticos \u00e0 pol\u00edtica absolutista. Conhe\u00e7a neste artigo quais aspectos do Absolutismo os pensadores iluministas mais criticavam.\",\"breadcrumb\":{\"@id\":\"https:\/\/beduka.com\/blog\/materias\/historia\/quais-aspectos-do-absolutismo-os-pensadores-iluministas-mais-criticavam\/#breadcrumb\"},\"inLanguage\":\"pt-BR\",\"potentialAction\":[{\"@type\":\"ReadAction\",\"target\":[\"https:\/\/beduka.com\/blog\/materias\/historia\/quais-aspectos-do-absolutismo-os-pensadores-iluministas-mais-criticavam\/\"]}]},{\"@type\":\"BreadcrumbList\",\"@id\":\"https:\/\/beduka.com\/blog\/materias\/historia\/quais-aspectos-do-absolutismo-os-pensadores-iluministas-mais-criticavam\/#breadcrumb\",\"itemListElement\":[{\"@type\":\"ListItem\",\"position\":1,\"name\":\"Home\",\"item\":\"https:\/\/beduka.com\/blog\/\"},{\"@type\":\"ListItem\",\"position\":2,\"name\":\"Quais aspectos do absolutismo os pensadores iluministas mais criticavam? Conhe\u00e7a os 4 que mais geraram revolta\"}]},{\"@type\":\"WebSite\",\"@id\":\"https:\/\/beduka.com\/blog\/#website\",\"url\":\"https:\/\/beduka.com\/blog\/\",\"name\":\"Blog do Beduka | Mat\u00e9rias resumidas, Dicas e Exerc\u00edcios Enem\",\"description\":\"O Blog do Beduka tem os conte\u00fados que mais caem no Enem, exerc\u00edcios de vestibular com gabarito, resumos, dicas e informa\u00e7\u00f5es Sisu, Prouni e Fies.Encontre dicas para o ENEM, resumos, exerc\u00edcios e informa\u00e7\u00f5es sobre os vestibulares. Acesse agora!\",\"publisher\":{\"@id\":\"https:\/\/beduka.com\/blog\/#organization\"},\"potentialAction\":[{\"@type\":\"SearchAction\",\"target\":{\"@type\":\"EntryPoint\",\"urlTemplate\":\"https:\/\/beduka.com\/blog\/?s={search_term_string}\"},\"query-input\":\"required name=search_term_string\"}],\"inLanguage\":\"pt-BR\"},{\"@type\":\"Organization\",\"@id\":\"https:\/\/beduka.com\/blog\/#organization\",\"name\":\"Beduka\",\"url\":\"https:\/\/beduka.com\/blog\/\",\"logo\":{\"@type\":\"ImageObject\",\"inLanguage\":\"pt-BR\",\"@id\":\"https:\/\/beduka.com\/blog\/#\/schema\/logo\/image\/\",\"url\":\"https:\/\/beduka.com\/blog\/wp-content\/uploads\/2020\/06\/marca-beduka.png\",\"contentUrl\":\"https:\/\/beduka.com\/blog\/wp-content\/uploads\/2020\/06\/marca-beduka.png\",\"width\":1077,\"height\":368,\"caption\":\"Beduka\"},\"image\":{\"@id\":\"https:\/\/beduka.com\/blog\/#\/schema\/logo\/image\/\"},\"sameAs\":[\"https:\/\/www.facebook.com\/beduka.buscadordefaculdades\/\",\"https:\/\/www.instagram.com\/beduka_oficial\/\",\"https:\/\/www.linkedin.com\/company\/beduka\",\"https:\/\/br.pinterest.com\/bedukaoficial\/\",\"https:\/\/www.youtube.com\/beduka\"]},{\"@type\":\"Person\",\"@id\":\"https:\/\/beduka.com\/blog\/#\/schema\/person\/a642c9aad29bdea97a352689b053f80f\",\"name\":\"Reda\u00e7\u00e3o Beduka\",\"image\":{\"@type\":\"ImageObject\",\"inLanguage\":\"pt-BR\",\"@id\":\"https:\/\/beduka.com\/blog\/#\/schema\/person\/image\/\",\"url\":\"https:\/\/secure.gravatar.com\/avatar\/e1048f81c33ef0938237fc66bb9a208d?s=96&d=mm&r=g\",\"contentUrl\":\"https:\/\/secure.gravatar.com\/avatar\/e1048f81c33ef0938237fc66bb9a208d?s=96&d=mm&r=g\",\"caption\":\"Reda\u00e7\u00e3o Beduka\"},\"description\":\"Este conte\u00fado foi criado e validado por uma equipe multidisciplinar, formada por especialistas em cada \u00e1rea do conhecimento. O Beduka est\u00e1 presente no Instagram, YouTube, LinkedIn e em diversos outros ambientes digitais. O site foi criado em 2017 e, desde a sua funda\u00e7\u00e3o, atua para fornecer materiais de qualidade para facilitar a vida de estudantes de todo o Brasil, ajudando-os a se preparar para os principais vestibulares e o Enem.\",\"sameAs\":[\"https:\/\/www.facebook.com\/beduka.buscadordefaculdades\",\"https:\/\/www.instagram.com\/beduka_oficial\/\",\"https:\/\/br.pinterest.com\/bedukaoficial\/\"],\"url\":\"https:\/\/beduka.com\/blog\/author\/dioney\/\"}]}<\/script>\n<!-- \/ Yoast SEO plugin. -->","yoast_head_json":{"title":"Por que os Iluministas criticavam o Absolutismo? Descubra os aspectos mais pol\u00eamicos","description":"Os iluministas foram muito cr\u00edticos \u00e0 pol\u00edtica absolutista. Conhe\u00e7a neste artigo quais aspectos do Absolutismo os pensadores iluministas mais criticavam.","robots":{"index":"index","follow":"follow","max-snippet":"max-snippet:-1","max-image-preview":"max-image-preview:large","max-video-preview":"max-video-preview:-1"},"canonical":"https:\/\/beduka.com\/blog\/materias\/historia\/quais-aspectos-do-absolutismo-os-pensadores-iluministas-mais-criticavam\/","og_locale":"pt_BR","og_type":"article","og_title":"Por que os Iluministas criticavam o Absolutismo? Descubra os aspectos mais pol\u00eamicos","og_description":"Os iluministas foram muito cr\u00edticos \u00e0 pol\u00edtica absolutista. Conhe\u00e7a neste artigo quais aspectos do Absolutismo os pensadores iluministas mais criticavam.","og_url":"https:\/\/beduka.com\/blog\/materias\/historia\/quais-aspectos-do-absolutismo-os-pensadores-iluministas-mais-criticavam\/","og_site_name":"Blog do Beduka | Mat\u00e9rias resumidas, Dicas e Exerc\u00edcios Enem","article_publisher":"https:\/\/www.facebook.com\/beduka.buscadordefaculdades\/","article_author":"https:\/\/www.facebook.com\/beduka.buscadordefaculdades","article_published_time":"2023-02-07T14:46:43+00:00","article_modified_time":"2023-03-10T15:06:27+00:00","og_image":[{"width":609,"height":342,"url":"https:\/\/beduka.com\/blog\/wp-content\/uploads\/2023\/02\/Quais-aspectos-do-Absolutismo-os-pensadores-iluministas-mais-criticavam.jpg","type":"image\/jpeg"}],"author":"Reda\u00e7\u00e3o Beduka","twitter_card":"summary_large_image","twitter_misc":{"Escrito por":"Reda\u00e7\u00e3o Beduka","Est. tempo de leitura":"6 minutos"},"schema":{"@context":"https:\/\/schema.org","@graph":[{"@type":"Article","@id":"https:\/\/beduka.com\/blog\/materias\/historia\/quais-aspectos-do-absolutismo-os-pensadores-iluministas-mais-criticavam\/#article","isPartOf":{"@id":"https:\/\/beduka.com\/blog\/materias\/historia\/quais-aspectos-do-absolutismo-os-pensadores-iluministas-mais-criticavam\/"},"author":{"name":"Reda\u00e7\u00e3o Beduka","@id":"https:\/\/beduka.com\/blog\/#\/schema\/person\/a642c9aad29bdea97a352689b053f80f"},"headline":"Quais aspectos do absolutismo os pensadores iluministas mais criticavam? Conhe\u00e7a os 4 que mais geraram revolta","datePublished":"2023-02-07T14:46:43+00:00","dateModified":"2023-03-10T15:06:27+00:00","mainEntityOfPage":{"@id":"https:\/\/beduka.com\/blog\/materias\/historia\/quais-aspectos-do-absolutismo-os-pensadores-iluministas-mais-criticavam\/"},"wordCount":1236,"commentCount":0,"publisher":{"@id":"https:\/\/beduka.com\/blog\/#organization"},"articleSection":["Hist\u00f3ria"],"inLanguage":"pt-BR","potentialAction":[{"@type":"CommentAction","name":"Comment","target":["https:\/\/beduka.com\/blog\/materias\/historia\/quais-aspectos-do-absolutismo-os-pensadores-iluministas-mais-criticavam\/#respond"]}]},{"@type":"WebPage","@id":"https:\/\/beduka.com\/blog\/materias\/historia\/quais-aspectos-do-absolutismo-os-pensadores-iluministas-mais-criticavam\/","url":"https:\/\/beduka.com\/blog\/materias\/historia\/quais-aspectos-do-absolutismo-os-pensadores-iluministas-mais-criticavam\/","name":"Por que os Iluministas criticavam o Absolutismo? Descubra os aspectos mais pol\u00eamicos","isPartOf":{"@id":"https:\/\/beduka.com\/blog\/#website"},"datePublished":"2023-02-07T14:46:43+00:00","dateModified":"2023-03-10T15:06:27+00:00","description":"Os iluministas foram muito cr\u00edticos \u00e0 pol\u00edtica absolutista. Conhe\u00e7a neste artigo quais aspectos do Absolutismo os pensadores iluministas mais criticavam.","breadcrumb":{"@id":"https:\/\/beduka.com\/blog\/materias\/historia\/quais-aspectos-do-absolutismo-os-pensadores-iluministas-mais-criticavam\/#breadcrumb"},"inLanguage":"pt-BR","potentialAction":[{"@type":"ReadAction","target":["https:\/\/beduka.com\/blog\/materias\/historia\/quais-aspectos-do-absolutismo-os-pensadores-iluministas-mais-criticavam\/"]}]},{"@type":"BreadcrumbList","@id":"https:\/\/beduka.com\/blog\/materias\/historia\/quais-aspectos-do-absolutismo-os-pensadores-iluministas-mais-criticavam\/#breadcrumb","itemListElement":[{"@type":"ListItem","position":1,"name":"Home","item":"https:\/\/beduka.com\/blog\/"},{"@type":"ListItem","position":2,"name":"Quais aspectos do absolutismo os pensadores iluministas mais criticavam? Conhe\u00e7a os 4 que mais geraram revolta"}]},{"@type":"WebSite","@id":"https:\/\/beduka.com\/blog\/#website","url":"https:\/\/beduka.com\/blog\/","name":"Blog do Beduka | Mat\u00e9rias resumidas, Dicas e Exerc\u00edcios Enem","description":"O Blog do Beduka tem os conte\u00fados que mais caem no Enem, exerc\u00edcios de vestibular com gabarito, resumos, dicas e informa\u00e7\u00f5es Sisu, Prouni e Fies.Encontre dicas para o ENEM, resumos, exerc\u00edcios e informa\u00e7\u00f5es sobre os vestibulares. Acesse agora!","publisher":{"@id":"https:\/\/beduka.com\/blog\/#organization"},"potentialAction":[{"@type":"SearchAction","target":{"@type":"EntryPoint","urlTemplate":"https:\/\/beduka.com\/blog\/?s={search_term_string}"},"query-input":"required name=search_term_string"}],"inLanguage":"pt-BR"},{"@type":"Organization","@id":"https:\/\/beduka.com\/blog\/#organization","name":"Beduka","url":"https:\/\/beduka.com\/blog\/","logo":{"@type":"ImageObject","inLanguage":"pt-BR","@id":"https:\/\/beduka.com\/blog\/#\/schema\/logo\/image\/","url":"https:\/\/beduka.com\/blog\/wp-content\/uploads\/2020\/06\/marca-beduka.png","contentUrl":"https:\/\/beduka.com\/blog\/wp-content\/uploads\/2020\/06\/marca-beduka.png","width":1077,"height":368,"caption":"Beduka"},"image":{"@id":"https:\/\/beduka.com\/blog\/#\/schema\/logo\/image\/"},"sameAs":["https:\/\/www.facebook.com\/beduka.buscadordefaculdades\/","https:\/\/www.instagram.com\/beduka_oficial\/","https:\/\/www.linkedin.com\/company\/beduka","https:\/\/br.pinterest.com\/bedukaoficial\/","https:\/\/www.youtube.com\/beduka"]},{"@type":"Person","@id":"https:\/\/beduka.com\/blog\/#\/schema\/person\/a642c9aad29bdea97a352689b053f80f","name":"Reda\u00e7\u00e3o Beduka","image":{"@type":"ImageObject","inLanguage":"pt-BR","@id":"https:\/\/beduka.com\/blog\/#\/schema\/person\/image\/","url":"https:\/\/secure.gravatar.com\/avatar\/e1048f81c33ef0938237fc66bb9a208d?s=96&d=mm&r=g","contentUrl":"https:\/\/secure.gravatar.com\/avatar\/e1048f81c33ef0938237fc66bb9a208d?s=96&d=mm&r=g","caption":"Reda\u00e7\u00e3o Beduka"},"description":"Este conte\u00fado foi criado e validado por uma equipe multidisciplinar, formada por especialistas em cada \u00e1rea do conhecimento. O Beduka est\u00e1 presente no Instagram, YouTube, LinkedIn e em diversos outros ambientes digitais. O site foi criado em 2017 e, desde a sua funda\u00e7\u00e3o, atua para fornecer materiais de qualidade para facilitar a vida de estudantes de todo o Brasil, ajudando-os a se preparar para os principais vestibulares e o Enem.","sameAs":["https:\/\/www.facebook.com\/beduka.buscadordefaculdades","https:\/\/www.instagram.com\/beduka_oficial\/","https:\/\/br.pinterest.com\/bedukaoficial\/"],"url":"https:\/\/beduka.com\/blog\/author\/dioney\/"}]}},"_links":{"self":[{"href":"https:\/\/beduka.com\/blog\/wp-json\/wp\/v2\/posts\/28537"}],"collection":[{"href":"https:\/\/beduka.com\/blog\/wp-json\/wp\/v2\/posts"}],"about":[{"href":"https:\/\/beduka.com\/blog\/wp-json\/wp\/v2\/types\/post"}],"author":[{"embeddable":true,"href":"https:\/\/beduka.com\/blog\/wp-json\/wp\/v2\/users\/18"}],"replies":[{"embeddable":true,"href":"https:\/\/beduka.com\/blog\/wp-json\/wp\/v2\/comments?post=28537"}],"version-history":[{"count":1,"href":"https:\/\/beduka.com\/blog\/wp-json\/wp\/v2\/posts\/28537\/revisions"}],"predecessor-version":[{"id":28539,"href":"https:\/\/beduka.com\/blog\/wp-json\/wp\/v2\/posts\/28537\/revisions\/28539"}],"wp:featuredmedia":[{"embeddable":true,"href":"https:\/\/beduka.com\/blog\/wp-json\/wp\/v2\/media\/28778"}],"wp:attachment":[{"href":"https:\/\/beduka.com\/blog\/wp-json\/wp\/v2\/media?parent=28537"}],"wp:term":[{"taxonomy":"category","embeddable":true,"href":"https:\/\/beduka.com\/blog\/wp-json\/wp\/v2\/categories?post=28537"},{"taxonomy":"post_tag","embeddable":true,"href":"https:\/\/beduka.com\/blog\/wp-json\/wp\/v2\/tags?post=28537"}],"curies":[{"name":"wp","href":"https:\/\/api.w.org\/{rel}","templated":true}]}}