{"id":29917,"date":"2023-05-22T17:34:03","date_gmt":"2023-05-22T20:34:03","guid":{"rendered":"https:\/\/beduka.com\/blog\/?p=29917"},"modified":"2023-05-22T17:34:05","modified_gmt":"2023-05-22T20:34:05","slug":"qual-foi-o-primeiro-ciclo-economico-do-brasil","status":"publish","type":"post","link":"https:\/\/beduka.com\/blog\/materias\/historia\/qual-foi-o-primeiro-ciclo-economico-do-brasil\/","title":{"rendered":"Qual foi o primeiro ciclo econ\u00f4mico do Brasil? Aprenda a origem da economia brasileira"},"content":{"rendered":"\n<blockquote class=\"wp-block-quote\"><p><strong><em>A hist\u00f3ria da economia brasileira \u00e9 um tema de grande interesse para os pesquisadores e est\u00e1 sempre presente no Enem. Para ajudar na compreens\u00e3o dela, os historiadores a dividem em ciclos econ\u00f4micos.<\/em><\/strong><\/p><p><strong><em>Eles s\u00e3o definidos didaticamente a partir de uma atividade econ\u00f4mica principal, como a planta\u00e7\u00e3o de caf\u00e9 ou a produ\u00e7\u00e3o de a\u00e7\u00facar.<\/em><\/strong><\/p><p><strong><em>Continue lendo e descubra qual foi o primeiro ciclo econ\u00f4mico do Brasil e como ele era realizado. Em seguida, teste o que aprendeu com alguns exerc\u00edcios e confira o gabarito comentado.<\/em><\/strong><\/p><\/blockquote>\n\n\n\n<p>Vamos te explicar qual foi o primeiro ciclo econ\u00f4mico do Brasil. Tem bastante conte\u00fado pela frente, ent\u00e3o clique em um dos t\u00f3picos para ir diretamente para a parte que deseja:<\/p>\n\n\n\n<ul><li><a href=\"#ciclos\">O que s\u00e3o ciclos econ\u00f4micos?<\/a><\/li><li><a href=\"#primeiro\">Qual foi o primeiro ciclo econ\u00f4mico do Brasil?<\/a><\/li><li><a href=\"#outros\">Quais foram os outros ciclos econ\u00f4micos do Brasil?<\/a><\/li><li><a href=\"#exercicios\">Exerc\u00edcios sobre o primeiro ciclo econ\u00f4mico do Brasil<\/a><\/li><\/ul>\n\n\n\n<h2 class=\"wp-block-heading\" id=\"ciclos\">O que s\u00e3o ciclos econ\u00f4micos?<\/h2>\n\n\n\n<p>Ciclos econ\u00f4micos referem-se a <strong>padr\u00f5es que ocorrem na atividade econ\u00f4mica<\/strong> de um pa\u00eds ou regi\u00e3o ao longo do tempo.<\/p>\n\n\n\n<p><strong>A economia do Brasil, historicamente, \u00e9 relacionada com produtos de exporta\u00e7\u00e3o<\/strong>. Em alguns momentos, <strong>certos produtos tiveram mais import\u00e2ncia<\/strong> na venda para o exterior. Isso foi t\u00e3o forte que muitos historiadores os utilizam para dividir a hist\u00f3ria do pa\u00eds.<\/p>\n\n\n\n<p>\u00c9 assim que surge a <strong>teoria dos ciclos econ\u00f4micos<\/strong>. Ou seja, a explica\u00e7\u00e3o da hist\u00f3ria do Brasil recortando <strong>os per\u00edodos hist\u00f3ricos com base em um determinado produto que foi determinante<\/strong> para a economia.<\/p>\n\n\n\n<p>Existem seis deles. A seguir vamos te falar qual foi o primeiro ciclo econ\u00f4mico do Brasil.<\/p>\n\n\n\n<h2 class=\"wp-block-heading\" id=\"primeiro\">Qual foi o primeiro ciclo econ\u00f4mico do Brasil?<\/h2>\n\n\n\n<p><strong>O primeiro ciclo econ\u00f4mico brasileiro foi o ciclo do Pau-Brasil<\/strong>. Ele teve dura\u00e7\u00e3o de 1500 a 1530. Iniciou-se com a chegada dos portugueses ao territ\u00f3rio e se encerrou com a <a href=\"https:\/\/beduka.com\/blog\/materias\/historia\/a-colonizacao-portuguesa-no-brasil\/\" target=\"_blank\" rel=\"noreferrer noopener\">iniciativa colonizadora<\/a>, que contou com o desenvolvimento agr\u00edcola, principalmente da cana-de-a\u00e7\u00facar.<\/p>\n\n\n\n<blockquote class=\"wp-block-quote\"><p><a rel=\"noreferrer noopener\" href=\"https:\/\/beduka.com\/blog\/materias\/historia\/capitanias-hereditarias\/\" target=\"_blank\"><strong>Saiba mais sobre isso com nosso texto sobre as capitanias heredit\u00e1rias.<\/strong><\/a><\/p><\/blockquote>\n\n\n\n<p>Durante o ciclo do Pau-Brasil houve a <strong>explora\u00e7\u00e3o dessa \u00e1rvore para a produ\u00e7\u00e3o de tintas<\/strong>, que seriam usadas para tingir tecidos na Europa. O pau-brasil <strong>produz uma resina vermelha<\/strong>, a qual os portugueses identificaram com o potencial para produzir esse tipo de mercadoria.<\/p>\n\n\n\n<p>O empreendimento foi viabilizado com <strong>negocia\u00e7\u00f5es realizadas entre portugueses e ind\u00edgenas<\/strong>. Eles <strong>trocavam objetos e armas pela madeira<\/strong>, que era cortada pelos nativos. Para isso, <strong>fundaram feitorias ao longo do litoral<\/strong>, onde realizavam o escambo.<\/p>\n\n\n\n<p>Por\u00e9m, <strong>depois de um tempo tentaram escravizar os \u00edndios<\/strong>. Inclusive, essa \u00e9 <strong>uma das causas que levaram ao decl\u00ednio<\/strong> do ciclo do Pau-Brasil, pois a popula\u00e7\u00e3o ind\u00edgena come\u00e7ou a resistir \u00e0 presen\u00e7a portuguesa. Os outros fatores s\u00e3o a <strong>escassez de madeira e a agricultura<\/strong> iniciada com a coloniza\u00e7\u00e3o.<\/p>\n\n\n\n<p>Isso n\u00e3o significa que o pau-brasil deixou de ser explorado, mas sim que ele deixou de ser a principal fonte econ\u00f4mica brasileira.<\/p>\n\n\n\n<p>Saiba mais sobre qual foi o primeiro ciclo econ\u00f4mico do Brasil com nossos artigos:<\/p>\n\n\n\n<ul><li><a href=\"https:\/\/beduka.com\/blog\/materias\/historia\/brasil-colonia\/\" target=\"_blank\" rel=\"noreferrer noopener\">Resumo sobre o Brasil Colonial<\/a><\/li><li><a href=\"https:\/\/beduka.com\/blog\/materias\/historia\/resumo-de-descobrimento-do-brasil\/\" target=\"_blank\" rel=\"noreferrer noopener\">Resumo do Descobrimento do Brasil<\/a><\/li><\/ul>\n\n\n\n<h2 class=\"wp-block-heading\" id=\"outros\">Quais foram os outros ciclos econ\u00f4micos do Brasil?<\/h2>\n\n\n\n<p>Al\u00e9m do ciclo do Pau-Brasil, os historiadores identificam outros cinco ciclos econ\u00f4micos na hist\u00f3ria brasileira. S\u00e3o eles:<\/p>\n\n\n\n<ul><li><strong>Ciclo do a\u00e7\u00facar:<\/strong> ocorreu entre os s\u00e9culos XVI e XVIII. Nesse per\u00edodo, o Brasil se tornou um dos maiores produtores de a\u00e7\u00facar do mundo. A produ\u00e7\u00e3o a\u00e7ucareira estava concentrada principalmente na regi\u00e3o Nordeste, onde vastas planta\u00e7\u00f5es foram estabelecidas, impulsionadas pelo trabalho escravo. Entrou em decl\u00ednio devido \u00e0 concorr\u00eancia estrangeira e a diversifica\u00e7\u00e3o econ\u00f4mica.<\/li><\/ul>\n\n\n\n<ul><li><a href=\"https:\/\/beduka.com\/blog\/materias\/historia\/mineracao-no-brasil-colonial\/\" target=\"_blank\" rel=\"noreferrer noopener\"><strong>Ciclo do ouro<\/strong><\/a>: os metais preciosos sempre foram buscados pelos europeus, mas somente no final do s\u00e9culo XVII eles foram descobertos e explorados, especialmente na regi\u00e3o de Minas Gerais. O ouro extra\u00eddo impulsionou a economia brasileira, gerando riqueza e crescimento urbano. No entanto, com o esgotamento das reservas aur\u00edferas e a diminui\u00e7\u00e3o da produ\u00e7\u00e3o, o ciclo entrou em decl\u00ednio.<\/li><\/ul>\n\n\n\n<ul><li><strong>Ciclo do algod\u00e3o<\/strong>: O ciclo do algod\u00e3o teve sua import\u00e2ncia principalmente no final do s\u00e9culo XVIII e meados do s\u00e9culo XIX. A produ\u00e7\u00e3o e o com\u00e9rcio de algod\u00e3o impulsionaram a economia brasileira, especialmente nas regi\u00f5es Nordeste, com foco em Pernambuco e Bahia.<\/li><\/ul>\n\n\n\n<ul><li><strong>Ciclo do caf\u00e9<\/strong>: O ciclo do caf\u00e9 ocorreu no s\u00e9culo XIX e in\u00edcio do s\u00e9culo XX. O Brasil tornou- se o maior produtor e exportador mundial de caf\u00e9, principalmente nas regi\u00f5es Sudeste e Sul. Perdeu for\u00e7a durante as duas guerras mundiais, pois os pa\u00edses envolvidos eram os principais consumidores.<\/li><\/ul>\n\n\n\n<ul><li><strong>Ciclo da borracha<\/strong>: O ciclo da borracha ocorreu no final do s\u00e9culo XIX e in\u00edcio do s\u00e9culo XX, principalmente na regi\u00e3o amaz\u00f4nica. A borracha natural extra\u00edda das seringueiras era usada pela ind\u00fastria automobil\u00edstica. A decad\u00eancia aconteceu devido \u00e0 competi\u00e7\u00e3o estrangeira e a pragas nas planta\u00e7\u00f5es.<\/li><\/ul>\n\n\n\n<ul><li><strong>Ciclo da industrializa\u00e7\u00e3o<\/strong>: ocorreu ap\u00f3s a Primeira Guerra Mundial, durante as crises do caf\u00e9. Durante este ciclo, o governo brasileiro incentivou a forma\u00e7\u00e3o de ind\u00fastrias para diminuir a depend\u00eancia de bens estrangeiros.<\/li><\/ul>\n\n\n\n<h2 class=\"wp-block-heading\" id=\"exercicios\">Exerc\u00edcios sobre qual foi o primeiro ciclo econ\u00f4mico do Brasil<\/h2>\n\n\n\n<p>Agora que voc\u00ea j\u00e1 sabe qual foi o primeiro ciclo econ\u00f4mico do Brasil, teste o que aprendeu com alguns exerc\u00edcios.<\/p>\n\n\n\n<p><strong>Quest\u00e3o 1 &#8211; (<\/strong><a href=\"https:\/\/enem.inep.gov.br\/\" target=\"_blank\" rel=\"noreferrer noopener\"><strong>ENEM<\/strong><\/a><strong>) <\/strong>T\u00e3o bem h\u00e1 muito pau-brasil nestas Capitanias de que os mesmos moradores alcan\u00e7am grande proveito: o qual pau se mostra claro ser produzido da quentura do Sol, e criado com a influ\u00eancia de seus raios, porque n\u00e3o se acha sen\u00e3o debaixo da t\u00f3rrida Zona, e assim quando mais perto est\u00e1 da linha Equinocial, tanto \u00e9 mais fino e de melhor tinta; e esta \u00e9 a causa porque o n\u00e3o h\u00e1 na Capitania de S\u00e3o Vicente nem da\u00ed para o Sul.<\/p>\n\n\n\n<p>G\u00c2NDAVO, P. M. Tratado da Terra do Brasil: Hist\u00f3ria da Prov\u00edncia Santa Cruz. Belo Horizonte: Itatiaia, 1980 (adaptado).<\/p>\n\n\n\n<p>O registro efetuado pelo cronista nesse texto harmoniza -se com a seguinte iniciativa do per\u00edodo inicial da coloniza\u00e7\u00e3o portuguesa:<\/p>\n\n\n\n<p><strong>a) <\/strong>Introdu\u00e7\u00e3o da lavoura monocultora para efetivar a ocupa\u00e7\u00e3o do territ\u00f3rio americano.<\/p>\n\n\n\n<p><strong>b) <\/strong>Implanta\u00e7\u00e3o de feitorias litor\u00e2neas para garantir a extra\u00e7\u00e3o de recursos naturais.<\/p>\n\n\n\n<p><strong>c) <\/strong>Regulamenta\u00e7\u00e3o do direito de posse para enfrentar os interesses espanh\u00f3is.<\/p>\n\n\n\n<p><strong>d) <\/strong>Substitui\u00e7\u00e3o da escravid\u00e3o ind\u00edgena para apoiar a rede do com\u00e9rcio europeu.<\/p>\n\n\n\n<p><strong>e) <\/strong>Restri\u00e7\u00e3o da atividade mission\u00e1ria para sufocar a penetra\u00e7\u00e3o protestante.<\/p>\n\n\n\n<p><strong>Quest\u00e3o 2 &#8211; (<\/strong><a href=\"https:\/\/esa.eb.mil.br\/index.php\/pt\/\" target=\"_blank\" rel=\"noreferrer noopener\"><strong>ESA<\/strong><\/a><strong>)<\/strong> No tocante as primeiras atividades econ\u00f4micas desenvolvidas pelos portugueses na col\u00f4nia do Brasil, entre os anos 1501 a 1530, \u00e9 correto afirmar que se destacaram como atividade (s) principal (is)<\/p>\n\n\n\n<p><strong>a) <\/strong>A explora\u00e7\u00e3o de ouro e pedras preciosas.<\/p>\n\n\n\n<p><strong>b) <\/strong>A escraviza\u00e7\u00e3o do ind\u00edgena.<\/p>\n\n\n\n<p><strong>c) <\/strong>A extra\u00e7\u00e3o das chamadas drogas do sert\u00e3o e cria\u00e7\u00e3o de gado.<\/p>\n\n\n\n<p><strong>d) <\/strong>A extra\u00e7\u00e3o e comercializa\u00e7\u00e3o do pau-brasil.<\/p>\n\n\n\n<p><strong>e) <\/strong>O cultivo de fumo e do caf\u00e9.<\/p>\n\n\n\n<p><strong>Gabarito dos exerc\u00edcios sobre o primeiro ciclo econ\u00f4mico do Brasil<\/strong><\/p>\n\n\n\n<p><strong>Exerc\u00edcio resolvido da quest\u00e3o 1:<\/strong><\/p>\n\n\n\n<p><strong>b) <\/strong>Implanta\u00e7\u00e3o de feitorias litor\u00e2neas para garantir a extra\u00e7\u00e3o de recursos naturais.<\/p>\n\n\n\n<p>No texto, o autor trata do pau-brasil, que era explorado atrav\u00e9s de feitorias estabelecidas por portugueses ao longo do litoral.<\/p>\n\n\n\n<p><strong>Exerc\u00edcio resolvido da quest\u00e3o 2:<\/strong><\/p>\n\n\n\n<p><strong>d) <\/strong>A extra\u00e7\u00e3o e comercializa\u00e7\u00e3o do pau-brasil.<\/p>\n\n\n\n<p>Como vimos, o ciclo do pau-brasil foi o primeiro ciclo econ\u00f4mico brasileiro. Com isso, queremos dizer que apesar de haver outras atividades econ\u00f4micas, o destaque vai todo para ele.<\/p>\n\n\n\n<p>Voc\u00ea pode continuar testando seus conhecimentos em hist\u00f3ria com o Simulado Enem do Beduka. As quest\u00f5es s\u00e3o de edi\u00e7\u00f5es passadas do Enem e ele utiliza o m\u00e9todo TRI para a corre\u00e7\u00e3o, o mesmo do Enem. Ou seja, <strong>a nota que voc\u00ea tirar no simulado seria a que voc\u00ea tiraria na prova, caso ela fosse hoje.&nbsp; <\/strong>Ele \u00e9 personaliz\u00e1vel e gratuito.<\/p>\n\n\n\n<p>Acesse agora:<\/p>\n\n\n\n<blockquote class=\"wp-block-quote\"><p><a rel=\"noreferrer noopener\" href=\"https:\/\/beduka.com\/blog\/enem\/questoes\/simulados-para-enem-online-e-gratuito\/\" target=\"_blank\"><strong>Simulado Enem do Beduka.<\/strong><\/a><\/p><\/blockquote>\n\n\n\n<p>Al\u00e9m disso, n\u00e3o h\u00e1 um modo de se preparar para as provas do que tra\u00e7ar um plano para chegar at\u00e9 elas. N\u00f3s podemos te ajudar nisso.<\/p>\n\n\n\n<blockquote class=\"wp-block-quote\"><p><strong>Adquira nosso <\/strong><a rel=\"noreferrer noopener\" href=\"https:\/\/beduka.com\/blog\/dicas\/enem-dicas\/plano-de-estudos\/\" target=\"_blank\"><strong>Plano de Estudos para o Enem<\/strong><\/a><strong>!\u00a0<\/strong><\/p><\/blockquote>\n\n\n\n<p><strong>Ele tamb\u00e9m \u00e9 atualizado mensalmente! <\/strong>Ent\u00e3o, tem um cronograma especial para voc\u00ea que quer come\u00e7ar a estudar esse m\u00eas.&nbsp;<\/p>\n\n\n\n<p>Obrigado por ler at\u00e9 o fim nosso artigo sobre qual foi o primeiro ciclo econ\u00f4mico do Brasil.<strong> Bons estudos!<\/strong><\/p>\n","protected":false},"excerpt":{"rendered":"<p>A hist\u00f3ria da economia brasileira \u00e9 um tema de grande interesse para os pesquisadores e est\u00e1 sempre presente no Enem. Para ajudar na compreens\u00e3o dela, os historiadores a dividem em ciclos econ\u00f4micos. Eles s\u00e3o definidos didaticamente a partir de uma atividade econ\u00f4mica principal, como a planta\u00e7\u00e3o de caf\u00e9 ou a produ\u00e7\u00e3o de a\u00e7\u00facar. Continue lendo [&hellip;]<\/p>\n","protected":false},"author":18,"featured_media":29918,"comment_status":"open","ping_status":"closed","sticky":false,"template":"","format":"standard","meta":{"_mi_skip_tracking":false,"_monsterinsights_sitenote_active":false,"_monsterinsights_sitenote_note":"","_monsterinsights_sitenote_category":0},"categories":[491],"tags":[],"yoast_head":"<!-- This site is optimized with the Yoast SEO plugin v20.10 - https:\/\/yoast.com\/wordpress\/plugins\/seo\/ -->\n<title>Qual foi o primeiro ciclo econ\u00f4mico do Brasil? Saiba o que cai no Enem<\/title>\n<meta name=\"description\" content=\"Quando os portugueses chegaram aqui, fizeram trocas com os ind\u00edgenas. O produto principal era uma \u00e1rvore, que deu nome ao primeiro ciclo econ\u00f4mico do Brasil\" \/>\n<meta name=\"robots\" content=\"index, follow, max-snippet:-1, max-image-preview:large, max-video-preview:-1\" \/>\n<link rel=\"canonical\" href=\"https:\/\/beduka.com\/blog\/materias\/historia\/qual-foi-o-primeiro-ciclo-economico-do-brasil\/\" \/>\n<meta property=\"og:locale\" content=\"pt_BR\" \/>\n<meta property=\"og:type\" content=\"article\" \/>\n<meta property=\"og:title\" content=\"Qual foi o primeiro ciclo econ\u00f4mico do Brasil? Saiba o que cai no Enem\" \/>\n<meta property=\"og:description\" content=\"Quando os portugueses chegaram aqui, fizeram trocas com os ind\u00edgenas. O produto principal era uma \u00e1rvore, que deu nome ao primeiro ciclo econ\u00f4mico do Brasil\" \/>\n<meta property=\"og:url\" content=\"https:\/\/beduka.com\/blog\/materias\/historia\/qual-foi-o-primeiro-ciclo-economico-do-brasil\/\" \/>\n<meta property=\"og:site_name\" content=\"Blog do Beduka | Mat\u00e9rias resumidas, Dicas e Exerc\u00edcios Enem\" \/>\n<meta property=\"article:publisher\" content=\"https:\/\/www.facebook.com\/beduka.buscadordefaculdades\/\" \/>\n<meta property=\"article:author\" content=\"https:\/\/www.facebook.com\/beduka.buscadordefaculdades\" \/>\n<meta property=\"article:published_time\" content=\"2023-05-22T20:34:03+00:00\" \/>\n<meta property=\"article:modified_time\" content=\"2023-05-22T20:34:05+00:00\" \/>\n<meta property=\"og:image\" content=\"https:\/\/beduka.com\/blog\/wp-content\/uploads\/2023\/05\/Qual-foi-o-primeiro-ciclo-economico-do-Brasil.jpg\" \/>\n\t<meta property=\"og:image:width\" content=\"609\" \/>\n\t<meta property=\"og:image:height\" content=\"342\" \/>\n\t<meta property=\"og:image:type\" content=\"image\/jpeg\" \/>\n<meta name=\"author\" content=\"Reda\u00e7\u00e3o Beduka\" \/>\n<meta name=\"twitter:card\" content=\"summary_large_image\" \/>\n<meta name=\"twitter:label1\" content=\"Escrito por\" \/>\n\t<meta name=\"twitter:data1\" content=\"Reda\u00e7\u00e3o Beduka\" \/>\n\t<meta name=\"twitter:label2\" content=\"Est. tempo de leitura\" \/>\n\t<meta name=\"twitter:data2\" content=\"7 minutos\" \/>\n<script type=\"application\/ld+json\" class=\"yoast-schema-graph\">{\"@context\":\"https:\/\/schema.org\",\"@graph\":[{\"@type\":\"Article\",\"@id\":\"https:\/\/beduka.com\/blog\/materias\/historia\/qual-foi-o-primeiro-ciclo-economico-do-brasil\/#article\",\"isPartOf\":{\"@id\":\"https:\/\/beduka.com\/blog\/materias\/historia\/qual-foi-o-primeiro-ciclo-economico-do-brasil\/\"},\"author\":{\"name\":\"Reda\u00e7\u00e3o Beduka\",\"@id\":\"https:\/\/beduka.com\/blog\/#\/schema\/person\/a642c9aad29bdea97a352689b053f80f\"},\"headline\":\"Qual foi o primeiro ciclo econ\u00f4mico do Brasil? Aprenda a origem da economia brasileira\",\"datePublished\":\"2023-05-22T20:34:03+00:00\",\"dateModified\":\"2023-05-22T20:34:05+00:00\",\"mainEntityOfPage\":{\"@id\":\"https:\/\/beduka.com\/blog\/materias\/historia\/qual-foi-o-primeiro-ciclo-economico-do-brasil\/\"},\"wordCount\":1485,\"commentCount\":0,\"publisher\":{\"@id\":\"https:\/\/beduka.com\/blog\/#organization\"},\"articleSection\":[\"Hist\u00f3ria\"],\"inLanguage\":\"pt-BR\",\"potentialAction\":[{\"@type\":\"CommentAction\",\"name\":\"Comment\",\"target\":[\"https:\/\/beduka.com\/blog\/materias\/historia\/qual-foi-o-primeiro-ciclo-economico-do-brasil\/#respond\"]}]},{\"@type\":\"WebPage\",\"@id\":\"https:\/\/beduka.com\/blog\/materias\/historia\/qual-foi-o-primeiro-ciclo-economico-do-brasil\/\",\"url\":\"https:\/\/beduka.com\/blog\/materias\/historia\/qual-foi-o-primeiro-ciclo-economico-do-brasil\/\",\"name\":\"Qual foi o primeiro ciclo econ\u00f4mico do Brasil? Saiba o que cai no Enem\",\"isPartOf\":{\"@id\":\"https:\/\/beduka.com\/blog\/#website\"},\"datePublished\":\"2023-05-22T20:34:03+00:00\",\"dateModified\":\"2023-05-22T20:34:05+00:00\",\"description\":\"Quando os portugueses chegaram aqui, fizeram trocas com os ind\u00edgenas. O produto principal era uma \u00e1rvore, que deu nome ao primeiro ciclo econ\u00f4mico do Brasil\",\"breadcrumb\":{\"@id\":\"https:\/\/beduka.com\/blog\/materias\/historia\/qual-foi-o-primeiro-ciclo-economico-do-brasil\/#breadcrumb\"},\"inLanguage\":\"pt-BR\",\"potentialAction\":[{\"@type\":\"ReadAction\",\"target\":[\"https:\/\/beduka.com\/blog\/materias\/historia\/qual-foi-o-primeiro-ciclo-economico-do-brasil\/\"]}]},{\"@type\":\"BreadcrumbList\",\"@id\":\"https:\/\/beduka.com\/blog\/materias\/historia\/qual-foi-o-primeiro-ciclo-economico-do-brasil\/#breadcrumb\",\"itemListElement\":[{\"@type\":\"ListItem\",\"position\":1,\"name\":\"Home\",\"item\":\"https:\/\/beduka.com\/blog\/\"},{\"@type\":\"ListItem\",\"position\":2,\"name\":\"Qual foi o primeiro ciclo econ\u00f4mico do Brasil? Aprenda a origem da economia brasileira\"}]},{\"@type\":\"WebSite\",\"@id\":\"https:\/\/beduka.com\/blog\/#website\",\"url\":\"https:\/\/beduka.com\/blog\/\",\"name\":\"Blog do Beduka | Mat\u00e9rias resumidas, Dicas e Exerc\u00edcios Enem\",\"description\":\"O Blog do Beduka tem os conte\u00fados que mais caem no Enem, exerc\u00edcios de vestibular com gabarito, resumos, dicas e informa\u00e7\u00f5es Sisu, Prouni e Fies.Encontre dicas para o ENEM, resumos, exerc\u00edcios e informa\u00e7\u00f5es sobre os vestibulares. Acesse agora!\",\"publisher\":{\"@id\":\"https:\/\/beduka.com\/blog\/#organization\"},\"potentialAction\":[{\"@type\":\"SearchAction\",\"target\":{\"@type\":\"EntryPoint\",\"urlTemplate\":\"https:\/\/beduka.com\/blog\/?s={search_term_string}\"},\"query-input\":\"required name=search_term_string\"}],\"inLanguage\":\"pt-BR\"},{\"@type\":\"Organization\",\"@id\":\"https:\/\/beduka.com\/blog\/#organization\",\"name\":\"Beduka\",\"url\":\"https:\/\/beduka.com\/blog\/\",\"logo\":{\"@type\":\"ImageObject\",\"inLanguage\":\"pt-BR\",\"@id\":\"https:\/\/beduka.com\/blog\/#\/schema\/logo\/image\/\",\"url\":\"https:\/\/beduka.com\/blog\/wp-content\/uploads\/2020\/06\/marca-beduka.png\",\"contentUrl\":\"https:\/\/beduka.com\/blog\/wp-content\/uploads\/2020\/06\/marca-beduka.png\",\"width\":1077,\"height\":368,\"caption\":\"Beduka\"},\"image\":{\"@id\":\"https:\/\/beduka.com\/blog\/#\/schema\/logo\/image\/\"},\"sameAs\":[\"https:\/\/www.facebook.com\/beduka.buscadordefaculdades\/\",\"https:\/\/www.instagram.com\/beduka_oficial\/\",\"https:\/\/www.linkedin.com\/company\/beduka\",\"https:\/\/br.pinterest.com\/bedukaoficial\/\",\"https:\/\/www.youtube.com\/beduka\"]},{\"@type\":\"Person\",\"@id\":\"https:\/\/beduka.com\/blog\/#\/schema\/person\/a642c9aad29bdea97a352689b053f80f\",\"name\":\"Reda\u00e7\u00e3o Beduka\",\"image\":{\"@type\":\"ImageObject\",\"inLanguage\":\"pt-BR\",\"@id\":\"https:\/\/beduka.com\/blog\/#\/schema\/person\/image\/\",\"url\":\"https:\/\/secure.gravatar.com\/avatar\/e1048f81c33ef0938237fc66bb9a208d?s=96&d=mm&r=g\",\"contentUrl\":\"https:\/\/secure.gravatar.com\/avatar\/e1048f81c33ef0938237fc66bb9a208d?s=96&d=mm&r=g\",\"caption\":\"Reda\u00e7\u00e3o Beduka\"},\"description\":\"Este conte\u00fado foi criado e validado por uma equipe multidisciplinar, formada por especialistas em cada \u00e1rea do conhecimento. O Beduka est\u00e1 presente no Instagram, YouTube, LinkedIn e em diversos outros ambientes digitais. O site foi criado em 2017 e, desde a sua funda\u00e7\u00e3o, atua para fornecer materiais de qualidade para facilitar a vida de estudantes de todo o Brasil, ajudando-os a se preparar para os principais vestibulares e o Enem.\",\"sameAs\":[\"https:\/\/www.facebook.com\/beduka.buscadordefaculdades\",\"https:\/\/www.instagram.com\/beduka_oficial\/\",\"https:\/\/br.pinterest.com\/bedukaoficial\/\"],\"url\":\"https:\/\/beduka.com\/blog\/author\/dioney\/\"}]}<\/script>\n<!-- \/ Yoast SEO plugin. -->","yoast_head_json":{"title":"Qual foi o primeiro ciclo econ\u00f4mico do Brasil? Saiba o que cai no Enem","description":"Quando os portugueses chegaram aqui, fizeram trocas com os ind\u00edgenas. O produto principal era uma \u00e1rvore, que deu nome ao primeiro ciclo econ\u00f4mico do Brasil","robots":{"index":"index","follow":"follow","max-snippet":"max-snippet:-1","max-image-preview":"max-image-preview:large","max-video-preview":"max-video-preview:-1"},"canonical":"https:\/\/beduka.com\/blog\/materias\/historia\/qual-foi-o-primeiro-ciclo-economico-do-brasil\/","og_locale":"pt_BR","og_type":"article","og_title":"Qual foi o primeiro ciclo econ\u00f4mico do Brasil? Saiba o que cai no Enem","og_description":"Quando os portugueses chegaram aqui, fizeram trocas com os ind\u00edgenas. O produto principal era uma \u00e1rvore, que deu nome ao primeiro ciclo econ\u00f4mico do Brasil","og_url":"https:\/\/beduka.com\/blog\/materias\/historia\/qual-foi-o-primeiro-ciclo-economico-do-brasil\/","og_site_name":"Blog do Beduka | Mat\u00e9rias resumidas, Dicas e Exerc\u00edcios Enem","article_publisher":"https:\/\/www.facebook.com\/beduka.buscadordefaculdades\/","article_author":"https:\/\/www.facebook.com\/beduka.buscadordefaculdades","article_published_time":"2023-05-22T20:34:03+00:00","article_modified_time":"2023-05-22T20:34:05+00:00","og_image":[{"width":609,"height":342,"url":"https:\/\/beduka.com\/blog\/wp-content\/uploads\/2023\/05\/Qual-foi-o-primeiro-ciclo-economico-do-Brasil.jpg","type":"image\/jpeg"}],"author":"Reda\u00e7\u00e3o Beduka","twitter_card":"summary_large_image","twitter_misc":{"Escrito por":"Reda\u00e7\u00e3o Beduka","Est. tempo de leitura":"7 minutos"},"schema":{"@context":"https:\/\/schema.org","@graph":[{"@type":"Article","@id":"https:\/\/beduka.com\/blog\/materias\/historia\/qual-foi-o-primeiro-ciclo-economico-do-brasil\/#article","isPartOf":{"@id":"https:\/\/beduka.com\/blog\/materias\/historia\/qual-foi-o-primeiro-ciclo-economico-do-brasil\/"},"author":{"name":"Reda\u00e7\u00e3o Beduka","@id":"https:\/\/beduka.com\/blog\/#\/schema\/person\/a642c9aad29bdea97a352689b053f80f"},"headline":"Qual foi o primeiro ciclo econ\u00f4mico do Brasil? Aprenda a origem da economia brasileira","datePublished":"2023-05-22T20:34:03+00:00","dateModified":"2023-05-22T20:34:05+00:00","mainEntityOfPage":{"@id":"https:\/\/beduka.com\/blog\/materias\/historia\/qual-foi-o-primeiro-ciclo-economico-do-brasil\/"},"wordCount":1485,"commentCount":0,"publisher":{"@id":"https:\/\/beduka.com\/blog\/#organization"},"articleSection":["Hist\u00f3ria"],"inLanguage":"pt-BR","potentialAction":[{"@type":"CommentAction","name":"Comment","target":["https:\/\/beduka.com\/blog\/materias\/historia\/qual-foi-o-primeiro-ciclo-economico-do-brasil\/#respond"]}]},{"@type":"WebPage","@id":"https:\/\/beduka.com\/blog\/materias\/historia\/qual-foi-o-primeiro-ciclo-economico-do-brasil\/","url":"https:\/\/beduka.com\/blog\/materias\/historia\/qual-foi-o-primeiro-ciclo-economico-do-brasil\/","name":"Qual foi o primeiro ciclo econ\u00f4mico do Brasil? Saiba o que cai no Enem","isPartOf":{"@id":"https:\/\/beduka.com\/blog\/#website"},"datePublished":"2023-05-22T20:34:03+00:00","dateModified":"2023-05-22T20:34:05+00:00","description":"Quando os portugueses chegaram aqui, fizeram trocas com os ind\u00edgenas. O produto principal era uma \u00e1rvore, que deu nome ao primeiro ciclo econ\u00f4mico do Brasil","breadcrumb":{"@id":"https:\/\/beduka.com\/blog\/materias\/historia\/qual-foi-o-primeiro-ciclo-economico-do-brasil\/#breadcrumb"},"inLanguage":"pt-BR","potentialAction":[{"@type":"ReadAction","target":["https:\/\/beduka.com\/blog\/materias\/historia\/qual-foi-o-primeiro-ciclo-economico-do-brasil\/"]}]},{"@type":"BreadcrumbList","@id":"https:\/\/beduka.com\/blog\/materias\/historia\/qual-foi-o-primeiro-ciclo-economico-do-brasil\/#breadcrumb","itemListElement":[{"@type":"ListItem","position":1,"name":"Home","item":"https:\/\/beduka.com\/blog\/"},{"@type":"ListItem","position":2,"name":"Qual foi o primeiro ciclo econ\u00f4mico do Brasil? Aprenda a origem da economia brasileira"}]},{"@type":"WebSite","@id":"https:\/\/beduka.com\/blog\/#website","url":"https:\/\/beduka.com\/blog\/","name":"Blog do Beduka | Mat\u00e9rias resumidas, Dicas e Exerc\u00edcios Enem","description":"O Blog do Beduka tem os conte\u00fados que mais caem no Enem, exerc\u00edcios de vestibular com gabarito, resumos, dicas e informa\u00e7\u00f5es Sisu, Prouni e Fies.Encontre dicas para o ENEM, resumos, exerc\u00edcios e informa\u00e7\u00f5es sobre os vestibulares. Acesse agora!","publisher":{"@id":"https:\/\/beduka.com\/blog\/#organization"},"potentialAction":[{"@type":"SearchAction","target":{"@type":"EntryPoint","urlTemplate":"https:\/\/beduka.com\/blog\/?s={search_term_string}"},"query-input":"required name=search_term_string"}],"inLanguage":"pt-BR"},{"@type":"Organization","@id":"https:\/\/beduka.com\/blog\/#organization","name":"Beduka","url":"https:\/\/beduka.com\/blog\/","logo":{"@type":"ImageObject","inLanguage":"pt-BR","@id":"https:\/\/beduka.com\/blog\/#\/schema\/logo\/image\/","url":"https:\/\/beduka.com\/blog\/wp-content\/uploads\/2020\/06\/marca-beduka.png","contentUrl":"https:\/\/beduka.com\/blog\/wp-content\/uploads\/2020\/06\/marca-beduka.png","width":1077,"height":368,"caption":"Beduka"},"image":{"@id":"https:\/\/beduka.com\/blog\/#\/schema\/logo\/image\/"},"sameAs":["https:\/\/www.facebook.com\/beduka.buscadordefaculdades\/","https:\/\/www.instagram.com\/beduka_oficial\/","https:\/\/www.linkedin.com\/company\/beduka","https:\/\/br.pinterest.com\/bedukaoficial\/","https:\/\/www.youtube.com\/beduka"]},{"@type":"Person","@id":"https:\/\/beduka.com\/blog\/#\/schema\/person\/a642c9aad29bdea97a352689b053f80f","name":"Reda\u00e7\u00e3o Beduka","image":{"@type":"ImageObject","inLanguage":"pt-BR","@id":"https:\/\/beduka.com\/blog\/#\/schema\/person\/image\/","url":"https:\/\/secure.gravatar.com\/avatar\/e1048f81c33ef0938237fc66bb9a208d?s=96&d=mm&r=g","contentUrl":"https:\/\/secure.gravatar.com\/avatar\/e1048f81c33ef0938237fc66bb9a208d?s=96&d=mm&r=g","caption":"Reda\u00e7\u00e3o Beduka"},"description":"Este conte\u00fado foi criado e validado por uma equipe multidisciplinar, formada por especialistas em cada \u00e1rea do conhecimento. O Beduka est\u00e1 presente no Instagram, YouTube, LinkedIn e em diversos outros ambientes digitais. O site foi criado em 2017 e, desde a sua funda\u00e7\u00e3o, atua para fornecer materiais de qualidade para facilitar a vida de estudantes de todo o Brasil, ajudando-os a se preparar para os principais vestibulares e o Enem.","sameAs":["https:\/\/www.facebook.com\/beduka.buscadordefaculdades","https:\/\/www.instagram.com\/beduka_oficial\/","https:\/\/br.pinterest.com\/bedukaoficial\/"],"url":"https:\/\/beduka.com\/blog\/author\/dioney\/"}]}},"_links":{"self":[{"href":"https:\/\/beduka.com\/blog\/wp-json\/wp\/v2\/posts\/29917"}],"collection":[{"href":"https:\/\/beduka.com\/blog\/wp-json\/wp\/v2\/posts"}],"about":[{"href":"https:\/\/beduka.com\/blog\/wp-json\/wp\/v2\/types\/post"}],"author":[{"embeddable":true,"href":"https:\/\/beduka.com\/blog\/wp-json\/wp\/v2\/users\/18"}],"replies":[{"embeddable":true,"href":"https:\/\/beduka.com\/blog\/wp-json\/wp\/v2\/comments?post=29917"}],"version-history":[{"count":1,"href":"https:\/\/beduka.com\/blog\/wp-json\/wp\/v2\/posts\/29917\/revisions"}],"predecessor-version":[{"id":29919,"href":"https:\/\/beduka.com\/blog\/wp-json\/wp\/v2\/posts\/29917\/revisions\/29919"}],"wp:featuredmedia":[{"embeddable":true,"href":"https:\/\/beduka.com\/blog\/wp-json\/wp\/v2\/media\/29918"}],"wp:attachment":[{"href":"https:\/\/beduka.com\/blog\/wp-json\/wp\/v2\/media?parent=29917"}],"wp:term":[{"taxonomy":"category","embeddable":true,"href":"https:\/\/beduka.com\/blog\/wp-json\/wp\/v2\/categories?post=29917"},{"taxonomy":"post_tag","embeddable":true,"href":"https:\/\/beduka.com\/blog\/wp-json\/wp\/v2\/tags?post=29917"}],"curies":[{"name":"wp","href":"https:\/\/api.w.org\/{rel}","templated":true}]}}